{"id":9188,"date":"2016-06-05T00:00:26","date_gmt":"2016-06-04T22:00:26","guid":{"rendered":"https:\/\/wobronietradycjiiwiary.com\/?p=9188"},"modified":"2025-10-27T13:26:01","modified_gmt":"2025-10-27T12:26:01","slug":"amoris-laetitia-zacheta-do-relatywizmu-12-rozdzial-ii-35-targowisko-ofert-konkordaty-i-laska","status":"publish","type":"post","link":"https:\/\/wobronietradycjiiwiary.com\/en\/amoris-laetitia-zacheta-do-relatywizmu-12-rozdzial-ii-35-targowisko-ofert-konkordaty-i-laska\/","title":{"rendered":"Amoris laetitia \u2013 zach\u0119ta do relatywizmu. 12.  Rozdzia\u0142 II (35). Targowisko ofert, konkordaty i \u0142aska."},"content":{"rendered":"<div id=\"bsf_rt_marker\"><\/div>\n<p class=\"wp-block-paragraph\"><\/p>\n\n\n\n<h3 class=\"wp-block-heading\">Posoborowa deklaracja bankructwa<\/h3>\n\n\n\n<p class=\"wp-block-paragraph\">Dowiedziawszy si\u0119 w punkcie 34 <em>Amoris laetitia<\/em>, i\u017c<\/p>\n\n\n\n<ul class=\"wp-block-list\">\n<li>Ma\u0142\u017ce\u0144stwo jest idea\u0142em,<\/li>\n\n\n\n<li>W dzisiejszych czasach na skutek \u201eczynnik\u00f3w kulturowych\u201d praktycznie nieosi\u0105galnym<\/li>\n\n\n\n<li>Kt\u00f3re odwodz\u0105 ludzi od mo\u017cliwo\u015bci wyra\u017cenia zgody (<em>consensus<\/em>) ma\u0142\u017ce\u0144skiej<\/li>\n<\/ul>\n\n\n\n<p class=\"wp-block-paragraph\"><\/p>\n\n\n\n<p class=\"wp-block-paragraph\">nast\u0119puje punkt 35, kt\u00f3ry brzmi:<\/p>\n\n\n\n<ol start=\"35\" class=\"wp-block-list\">\n<li><br><blockquote><p>Jako chrze\u015bcijanie <strong>nie mo\u017cemy zrezygnowa\u0107 z proponowania ma\u0142\u017ce\u0144stwa<\/strong>, tylko dlatego, by nie przeciwstawia\u0107 si\u0119 aktualnej wra\u017cliwo\u015bci, by nad\u0105\u017ca\u0107 za mod\u0105 lub z powodu poczucia ni\u017cszo\u015bci wobec upadku moralnego i ludzkiego. Pozbawialiby\u015bmy \u015bwiat warto\u015bci, kt\u00f3re mo\u017cemy i musimy wnosi\u0107. To prawda, \u017ce nie ma sensu, aby zatrzymywa\u0107 si\u0119 na retorycznym oskar\u017caniu aktualnego z\u0142a, jakby to mog\u0142o co\u015b zmieni\u0107. Niczemu nie s\u0142u\u017cy tak\u017ce pr\u00f3ba narzucania norm si\u0142\u0105 w\u0142adzy. Oczekuje si\u0119 od nas wysi\u0142ku bardziej odpowiedzialnego i hojnego, polegaj\u0105cego na przedstawieniu przyczyn i motywacji, aby nasze opowiedzenie si\u0119 za ma\u0142\u017ce\u0144stwem i rodzin\u0105 by\u0142o takie, by ludzie byli bardziej gotowi do odpowiedzi na \u0142ask\u0119, jak\u0105 daje im B\u00f3g.<\/p><\/blockquote><\/li>\n<\/ol>\n\n\n\n<p class=\"has-text-align-justify wp-block-paragraph\">Wynika z tego, \u017ce Ko\u015bci\u00f3\u0142 przesta\u0142 naucza\u0107, wymaga\u0107 oraz ukazywa\u0107 \u015bwiatu drog\u0119 do zbawienia, a mo\u017ce jedynie nie\u015bmiale proponowa\u0107 swoje \u201eidea\u0142y\u201d, takie jak monogamiczne ma\u0142\u017ce\u0144stwo m\u0119\u017cczyzny i kobiety a\u017c do \u015bmierci. To rzeczywi\u015bcie posoborowa deklaracja bankructwa oraz magisterialne zalegalizowane prawie ca\u0142kowitego braku dzia\u0142alno\u015bci misyjnej, w rozumieniu misji wewn\u0119trznej, tej skierowanej do katolik\u00f3w oraz misji zewn\u0119trznej, tej skierowanej do pogan.<\/p>\n\n\n<div class=\"wp-block-image\">\n<figure class=\"aligncenter is-resized\"><a href=\"https:\/\/wobronietradycjiiwiary.com\/2016\/05\/09\/amoris-laetitia-zacheta-do-relatywizmu-12-rozdzial-ii-35-targowisko-ofert-konkordaty-i-laska\/michel-houellebecq\/\" rel=\"attachment wp-att-9189\"><img fetchpriority=\"high\" decoding=\"async\" width=\"620\" height=\"372\" data-attachment-id=\"9189\" data-permalink=\"https:\/\/wobronietradycjiiwiary.com\/en\/amoris-laetitia-zacheta-do-relatywizmu-12-rozdzial-ii-35-targowisko-ofert-konkordaty-i-laska\/michel-houellebecq\/\" data-orig-file=\"https:\/\/wobronietradycjiiwiary.com\/wp-content\/uploads\/2016\/05\/michel-houellebecq-013.jpg\" data-orig-size=\"620,372\" data-comments-opened=\"1\" data-image-meta=\"{&quot;aperture&quot;:&quot;0&quot;,&quot;credit&quot;:&quot;Photograph: Gabriel Bouys\/AFP\/Ge&quot;,&quot;camera&quot;:&quot;&quot;,&quot;caption&quot;:&quot;&quot;,&quot;created_timestamp&quot;:&quot;0&quot;,&quot;copyright&quot;:&quot;AFP&quot;,&quot;focal_length&quot;:&quot;0&quot;,&quot;iso&quot;:&quot;0&quot;,&quot;shutter_speed&quot;:&quot;0&quot;,&quot;title&quot;:&quot;Michel Houellebecq&quot;,&quot;orientation&quot;:&quot;0&quot;}\" data-image-title=\"Michel Houellebecq\" data-image-description=\"\" data-image-caption=\"\" data-large-file=\"https:\/\/wobronietradycjiiwiary.com\/wp-content\/uploads\/2016\/05\/michel-houellebecq-013.jpg\" src=\"https:\/\/wobronietradycjiiwiary.com\/wp-content\/uploads\/2016\/05\/michel-houellebecq-013.jpg?w=300\" alt=\"Michel Houellebecq\" class=\"wp-image-9189\" style=\"aspect-ratio:1.6704495853339154;width:435px;height:auto\" srcset=\"https:\/\/wobronietradycjiiwiary.com\/wp-content\/uploads\/2016\/05\/michel-houellebecq-013.jpg 620w, https:\/\/wobronietradycjiiwiary.com\/wp-content\/uploads\/2016\/05\/michel-houellebecq-013-450x270.jpg 450w, https:\/\/wobronietradycjiiwiary.com\/wp-content\/uploads\/2016\/05\/michel-houellebecq-013-600x360.jpg 600w\" sizes=\"(max-width: 620px) 100vw, 620px\" \/><\/a><figcaption class=\"wp-element-caption\">Houellebecq<\/figcaption><\/figure>\n<\/div>\n\n\n<p class=\"wp-block-paragraph\"><\/p>\n\n\n\n<p class=\"wp-block-paragraph\"><\/p>\n\n\n\n<p class=\"wp-block-paragraph\"><\/p>\n\n\n<div class=\"wp-block-image\">\n<figure class=\"aligncenter is-resized\"><a href=\"https:\/\/wobronietradycjiiwiary.com\/2016\/05\/09\/amoris-laetitia-zacheta-do-relatywizmu-12-rozdzial-ii-35-targowisko-ofert-konkordaty-i-laska\/hp-lovecraft\/\" rel=\"attachment wp-att-9190\"><img decoding=\"async\" width=\"180\" height=\"252\" data-attachment-id=\"9190\" data-permalink=\"https:\/\/wobronietradycjiiwiary.com\/en\/amoris-laetitia-zacheta-do-relatywizmu-12-rozdzial-ii-35-targowisko-ofert-konkordaty-i-laska\/hp-lovecraft\/\" data-orig-file=\"https:\/\/wobronietradycjiiwiary.com\/wp-content\/uploads\/2016\/05\/hp-lovecraft.jpg\" data-orig-size=\"180,252\" data-comments-opened=\"1\" data-image-meta=\"{&quot;aperture&quot;:&quot;0&quot;,&quot;credit&quot;:&quot;&quot;,&quot;camera&quot;:&quot;&quot;,&quot;caption&quot;:&quot;&quot;,&quot;created_timestamp&quot;:&quot;0&quot;,&quot;copyright&quot;:&quot;&quot;,&quot;focal_length&quot;:&quot;0&quot;,&quot;iso&quot;:&quot;0&quot;,&quot;shutter_speed&quot;:&quot;0&quot;,&quot;title&quot;:&quot;&quot;,&quot;orientation&quot;:&quot;0&quot;}\" data-image-title=\"Hp-lovecraft\" data-image-description=\"\" data-image-caption=\"\" data-large-file=\"https:\/\/wobronietradycjiiwiary.com\/wp-content\/uploads\/2016\/05\/hp-lovecraft.jpg\" src=\"https:\/\/wobronietradycjiiwiary.com\/wp-content\/uploads\/2016\/05\/hp-lovecraft.jpg\" alt=\"Hp-lovecraft\" class=\"wp-image-9190\" style=\"aspect-ratio:0.7143300055807031;width:338px;height:auto\"\/><\/a><figcaption class=\"wp-element-caption\">H.P. Lovecraft<\/figcaption><\/figure>\n<\/div>\n\n\n<p class=\"wp-block-paragraph\"><\/p>\n\n\n\n<p class=\"wp-block-paragraph\"><\/p>\n\n\n\n<p class=\"has-text-align-justify wp-block-paragraph\">\u015awiat jawi si\u0119 w AL jako supermarket, gdzie ka\u017cda firma oferuje swoje produkty do wyboru konsument\u00f3w. Jest to, co ciekawe, wizja Michela Houellebecqa,<a name=\"_ftnref1\" href=\"#_ftn1\">[1]<\/a> pisarza francuskiego (lewe zdj\u0119cie) mocno inspirowanego powie\u015bciami markiza de Sade\u2019a i satanizmem. <\/p>\n\n\n\n<p class=\"has-text-align-justify wp-block-paragraph\">Wizj\u0119 supermarketu warto\u015bci Houellebecq przedstawi\u0142 w swej ksi\u0105\u017cce<em> Interventions, recueil d\u2019essais<\/em> z roku 1998 zawieraj\u0105cej zbi\u00f3r esej\u00f3w na temat wsp\u00f3\u0142czesnej kultury. Tw\u00f3rczo\u015b\u0107 Houellebecqa jest zdecydowanie lektur\u0105 dla doros\u0142ych nie tylko ze wzgl\u0119du na fragmenty mocno nieobyczajne, ale tak\u017ce ze wzgl\u0119du na og\u00f3lny nihilistyczny i satanistyczny osad, kt\u00f3ry po niej pozostaje. Satanizm jest rzeczywi\u015bcie jedn\u0105 z inspiracji tego obecnie poczytnego autora, dokonuj\u0105cego w swoim dziele dosy\u0107 trafnej, aczkolwiek bardzo pesymistycznej lub nihilistycznej, analizy rzeczywisto\u015bci.<\/p>\n\n\n\n<p class=\"has-text-align-justify wp-block-paragraph\">Kto\u015b z obozu Tradycji recenzuj\u0105c jego tw\u00f3rczo\u015b\u0107 bardzo s\u0142usznie stwierdzi\u0142, \u017ce Houellebecq sta\u0142 si\u0119 nihilist\u0105 ze wzgl\u0119du na brak \u015bwi\u0119tej sprawy, kt\u00f3rej m\u00f3g\u0142by si\u0119 po\u015bwi\u0119ci\u0107, bo gdyby Ko\u015bci\u00f3\u0142 by\u0142 w lepszej kondycji pisarz znalaz\u0142by w nim \u015bwiat\u0142o i oparcie.\u00a0 By\u0107 mo\u017ce nie ka\u017cdy wie, \u017ce\u00a0 Houellebecq zacz\u0105\u0142 sw\u0105 literack\u0105 karier\u0119 od analizy dzie\u0142 H.P. Lovecrafta (1890-1937) (<em>H. P. Lovecraft\u00a0: Contre le monde, contre la vie, <\/em>1991)<a name=\"_ftnref2\" href=\"#_ftn2\">[2]<\/a> literata (prawe zdj\u0119cie), r\u00f3wnie\u017c satanizmem inspirowanego. Z kulturoznawczego i literaturoznawczego punktu widzenia zdecydowanie rzec mo\u017cna, i\u017c Houellebecq prezentuje satanistyczn\u0105 wizj\u0119 \u015bwiata, czyli wizj\u0119 z\u0142ego ducha (wygl\u0105d francuskiego pisarza m\u00f3wi chyba sam za siebie). By\u0107 mo\u017ce jest te\u017c tak, \u017ce r\u00f3wnie\u017c \u015blady z\u0142ego ducha w kulturze dobrze rozpoznaje. <\/p>\n\n\n\n<p class=\"has-text-align-justify wp-block-paragraph\"><\/p>\n\n\n<div class=\"wp-block-image\">\n<figure class=\"aligncenter\"><a href=\"https:\/\/wobronietradycjiiwiary.com\/2016\/05\/09\/amoris-laetitia-zacheta-do-relatywizmu-12-rozdzial-ii-35-targowisko-ofert-konkordaty-i-laska\/pope-francis-devil\/\" rel=\"attachment wp-att-9195\"><img decoding=\"async\" width=\"298\" height=\"220\" data-attachment-id=\"9195\" data-permalink=\"https:\/\/wobronietradycjiiwiary.com\/en\/amoris-laetitia-zacheta-do-relatywizmu-12-rozdzial-ii-35-targowisko-ofert-konkordaty-i-laska\/pope-francis-devil\/\" data-orig-file=\"https:\/\/wobronietradycjiiwiary.com\/wp-content\/uploads\/2016\/05\/pope-francis-devil.jpg\" data-orig-size=\"298,220\" data-comments-opened=\"1\" data-image-meta=\"{&quot;aperture&quot;:&quot;0&quot;,&quot;credit&quot;:&quot;&quot;,&quot;camera&quot;:&quot;&quot;,&quot;caption&quot;:&quot;&quot;,&quot;created_timestamp&quot;:&quot;0&quot;,&quot;copyright&quot;:&quot;&quot;,&quot;focal_length&quot;:&quot;0&quot;,&quot;iso&quot;:&quot;0&quot;,&quot;shutter_speed&quot;:&quot;0&quot;,&quot;title&quot;:&quot;&quot;,&quot;orientation&quot;:&quot;0&quot;}\" data-image-title=\"pope francis devil\" data-image-description=\"\" data-image-caption=\"\" data-large-file=\"https:\/\/wobronietradycjiiwiary.com\/wp-content\/uploads\/2016\/05\/pope-francis-devil.jpg\" src=\"https:\/\/wobronietradycjiiwiary.com\/wp-content\/uploads\/2016\/05\/pope-francis-devil.jpg\" alt=\"pope francis devil\" class=\"wp-image-9195\"\/><\/a><figcaption class=\"wp-element-caption\">Diabe\u0142 w Watykanie?<\/figcaption><\/figure>\n<\/div>\n\n\n<p class=\"has-text-align-justify wp-block-paragraph\"><\/p>\n\n\n\n<p class=\"has-text-align-justify wp-block-paragraph\">Zbie\u017cno\u015b\u0107 wizji\u00a0Houellebecqa i Franciszka w ich wizji relatywizmu i\u00a0 \u015bwiata jako supermarketu, kt\u00f3ry ukazuje nam punkt 35 <em>Amoris laetitia,\u00a0<\/em>pochodzi z pewno\u015bci\u0105 z demonicznej inspiracji obydwu &#8220;tw\u00f3rc\u00f3w&#8221;. Dlaczego relatywizm jest pochodzenia demonicznego? Dlatego, \u017ce skoro wszystko jest tyle samo warte, to nie ma prawdy, a skoro nie ma prawdy, to na nic by\u0142o Wcielenie Chrystusa &#8211; Prawdy, a konsekwentnie nie ma Boga jako gwaranta prawdy. I dlatego konsekwencj\u0105 relatywizmu jest nihilizm, kt\u00f3ry niekiedy bardzo zabawnie obrazuje Woody Allen w swoich filmach, kt\u00f3ry m\u00f3wi, \u017ce &#8220;wierzy we Freuda, w seks oraz w \u015bmier\u0107&#8221;, a tej ostatniej si\u0119 bardzo boi. Seks odwraca u bohater\u00f3w Allena i chyba tak\u017ce jego samego na chwil\u0119 my\u015bli od nieuchronnej zag\u0142ady, ale nawet gdy staje si\u0119 obsesyjny, podobnie jak u bohater\u00f3w Houellebecqa, nie przynosi ani ulgi ani rozwi\u0105zania.\u00a0 <\/p>\n\n\n\n<p class=\"has-text-align-justify wp-block-paragraph\">O ile jednak Houellebecq i Lovecraft s\u0105 wzgl\u0119dnie byli literatami, kt\u00f3rych dzie\u0142a do zbawienia zdecydowanie nie s\u0105 potrzebne, a od kt\u00f3rych lektury raczej odradzamy, o tyle adhortacja apostolska aktualnego papie\u017ca jest jednak dzie\u0142em dla katolik\u00f3w normatywnym, wzgl\u0119dnie by\u0142aby taka, gdyby nie zawiera\u0142a herezji. Powy\u017csze &#8216;rogate zdj\u0119cie&#8217; papie\u017ca Franciszka znalezione w internecie mo\u017ce by\u0107 oczywi\u015bcie manipulowane, bo co to za diabe\u0142, kt\u00f3ry daje si\u0119 sfotografowa\u0107 i dlatego nie\u00a0 s\u0142u\u017cy ono za potwierdzenie naszej tezy o demonicznej inspiracji papie\u017ca. Tezy tej powodzi niestety ca\u0142a adhoracja <em>Amoris Laetitia<\/em> oraz reszta czyn\u00f3w i wypowiedzi Franciszka od pocz\u0105tku jego pontyfikatu i s\u0142awnego &#8220;Dobry wiecz\u00f3r&#8221;.<\/p>\n\n\n\n<p class=\"wp-block-paragraph\">I tak czytamy we wspomnianym 35 AL punkcie,:<\/p>\n\n\n\n<blockquote class=\"wp-block-quote is-layout-flow wp-block-quote-is-layout-flow\">\n<p class=\"wp-block-paragraph\">\u201e 35. Jako chrze\u015bcijanie nie mo\u017cemy zrezygnowa\u0107 z proponowania ma\u0142\u017ce\u0144stwa, tylko dlatego, by nie przeciwstawia\u0107 si\u0119 aktualnej wra\u017cliwo\u015bci, by nad\u0105\u017ca\u0107 za mod\u0105 lub <strong>z powodu poczucia ni\u017cszo\u015bci wobec upadku moralnego i ludzkiego<\/strong>.\u201d<\/p>\n<\/blockquote>\n\n\n\n<p class=\"wp-block-paragraph\">Zatem Ko\u015bci\u00f3\u0142 ma \u201epoczucie ni\u017cszo\u015bci wobec upadku moralnego i ludzkiego\u201d. Ciekawe. Dalej papie\u017c Franciszek podaje,<\/p>\n\n\n\n<blockquote class=\"wp-block-quote is-layout-flow wp-block-quote-is-layout-flow\">\n<ol start=\"35\" class=\"wp-block-list\">\n<li>\u201e[&#8230;] \u017ce nie ma sensu, aby zatrzymywa\u0107 si\u0119 na retorycznym oskar\u017caniu aktualnego z\u0142a, jakby to mog\u0142o co\u015b zmieni\u0107.\u201d<\/li>\n<\/ol>\n<\/blockquote>\n\n\n\n<p class=\"wp-block-paragraph\">Nie ma zatem sensu nazywa\u0107 rzeczy po imieniu i oskar\u017ca\u0107 \u015bwiat o ewidentne z\u0142o. Kolejno<\/p>\n\n\n\n<ol start=\"35\" class=\"wp-block-list\">\n<li><br><blockquote><p>\u201eNiczemu nie s\u0142u\u017cy tak\u017ce pr\u00f3ba narzucania norm si\u0142\u0105 w\u0142adzy.\u201d<\/p><\/blockquote><\/li>\n<\/ol>\n\n\n\n<p class=\"wp-block-paragraph\">Nie nale\u017cy zatem d\u0105\u017cy\u0107 do jakichkolwiek ustale\u0144 prawnych lub systemowych, gdy\u017c jest to najwyra\u017aniej \u201enarzucanie norm si\u0142\u0105 w\u0142adzy\u201d.<\/p>\n\n\n\n<h3 class=\"wp-block-heading\">Posoborowe konkordaty czyli wycofywanie si\u0119 Ko\u015bcio\u0142a z \u017cycia publicznego<\/h3>\n\n\n\n<p class=\"has-text-align-justify wp-block-paragraph\">Stwierdzenie o braku pr\u00f3by \u201enarzucania norm si\u0142\u0105 w\u0142adzy\u201d zawiera kwintesencj\u0119 doktrynaln\u0105 praktycznego posoborowego wycofywania si\u0119 Ko\u015bcio\u0142a z \u017cycia publicznego. Proces unaocznia fakt, i\u017c po Soborze Watyka\u0144skim II zmieniono wszystkie dotychczasowe konkordaty, przy czym z wol\u0105 ich renegocjacji wyst\u0105pi\u0142 Watykan.<a name=\"_ftnref3\" href=\"#_ftn3\">[3]<\/a> <\/p>\n\n\n\n<p class=\"has-text-align-justify wp-block-paragraph\">Poniewa\u017c g\u0142\u00f3wnym celem watyka\u0144skiej posoborowej polityki by\u0142o implementowanie wolno\u015bci religii<a name=\"_ftnref4\" href=\"#_ftn4\">[4]<\/a> wedle postanowie\u0144 <em>Dignitatis humanae,<\/em><a name=\"_ftnref5\" href=\"#_ftn5\">[5]<\/a> dlatego te\u017c Ko\u015bci\u00f3\u0142 zrezygnowa\u0142 z ustawowego zapisu katolicyzmu jako religii pa\u0144stwowej nawet tam, gdzie mia\u0142o to zawsze miejsce, jak np. w katolickiej Kolumbii<a name=\"_ftnref6\" href=\"#_ftn6\">[6],<\/a> czy w katolickim ksi\u0119stwie Liechtenstein. Romano Amerio ukazuje proces rezygnacji Ko\u015bcio\u0142a z wp\u0142ywu na \u017cycie publiczne na przyk\u0142adzie konkordatu w\u0142oskiego pisz\u0105c:<\/p>\n\n\n\n<blockquote class=\"wp-block-quote is-layout-flow wp-block-quote-is-layout-flow\">\n<p class=\"has-normal-font-size wp-block-paragraph\">\u201eIndolencja w\u0142adzy ko\u015bcielnej [&#8230;] przejawia si\u0119 tak\u017ce w relacjach Ko\u015bcio\u0142a z pa\u0144stwami. [&#8230;] W zmienionej wersji Konkordatu [w\u0142oskiego z 1984 roku, RI, WOTIW] dawne 40 artyku\u0142ow zast\u0105pi\u0142o 14 nowych. Ju\u017c samo to wskazuje, \u017ce wiele dziedzin stanowi\u0105cych wsp\u00f3lny obszar dzia\u0142a\u0144 zar\u00f3wno Ko\u015bcio\u0142a, jak i Pa\u0144stwa zosta\u0142o oddanych przez Ko\u015bci\u00f3\u0142 w\u0142adzy cywilnej. Nale\u017cy wymieni\u0107 trzy zasadnicze zmiany:<\/p>\n\n\n\n<p class=\"has-normal-font-size wp-block-paragraph\">Pierwsza wynika z art. 1 Protok\u00f3\u0142u Dodatkowego, kt\u00f3ry otrzyma\u0142 nast\u0119puj\u0105ce brzemienie: \u00bbUznaje si\u0119 <strong>za nieobowi\u0105zuj\u0105c\u0105 zasad\u0119<\/strong> potwierdzon\u0105 poprzednio Paktami Latera\u0144skimi, wedle kt\u00f3rej <strong>religia katolicka jest jedyn\u0105 religi\u0105 Pa\u0144stwa w\u0142oskiego<\/strong> (RI 1984, str. 257)\u00ab. Ten zapis ozancza rezygnacj\u0119 z katolickiej zasady, zgodnie z kt\u00f3r\u0105 religijne powinno\u015bci wykraczaj\u0105 poza wymiar indywidualny i ci\u0105\u017c\u0105 na spo\u0142ecze\u0144stwie\u201d.<a href=\"#_ftn7\" name=\"_ftnref7\">[7]<\/a><\/p>\n<\/blockquote>\n\n\n\n<p class=\"has-text-align-justify wp-block-paragraph\">No pi\u0119knie, rzec mo\u017cna, czyli Ko\u015bci\u00f3\u0142 sam sobie zgotowa\u0142 ten los i to za pontyfikatu Jana Paw\u0142a II, kt\u00f3ry przecie\u017c te zmiany, dotycz\u0105ce tak\u017ce wszystkich innych konkordat\u00f3w, zaaprobowa\u0142 i podpisa\u0142. I dobrze by\u0142o, bo Papie\u017c Polak to zrobi\u0142? Nie, nie by\u0142o dobrze, drodzy patrioci, gdy\u017c przez renegocjacj\u0119 konkordat\u00f3w oraz przez zawieranie nowych, oczywi\u015bcie w duchu Soboru Watyka\u0144skiego II, Ko\u015bci\u00f3\u0142 pozbawi\u0142 si\u0119 wp\u0142ywu na \u017cycie publiczne, gdzie teraz hula gender, homopropaganda i eutanazja. Co ciekawe najd\u0142u\u017cej, bo do dzi\u015b, przed nowym konkordatem broni si\u0119 ksi\u0119stwo Liechtenstein, konkordatem, kt\u00f3ry mia\u0142 zosta\u0107 podpisany w roku 2014, ale nic z tego nie dotychczas wysz\u0142o.<a name=\"_ftnref8\" href=\"#_ftn8\">[8]<\/a> <\/p>\n\n\n\n<p class=\"has-text-align-justify wp-block-paragraph\">Widocznie kto\u015b w Watykanie o tym ma\u0142ym pa\u0144stewku licz\u0105cym ca. 37 000 mieszka\u0144c\u00f3w zapomnia\u0142, ale b\u0142\u0105d zosta\u0142 odkryty i za papie\u017ca Franciszka Watykan \u017cadnemu konkordatowi nie przepu\u015bci. W Liechtensteinie nasz niemieckoj\u0119zyczny blog jest dosy\u0107 ch\u0119tnie czytany, gdy\u017c bior\u0105c pod uwag\u0119 ilo\u015b\u0107 czytelnik\u00f3w i liczb\u0119 populacji, to najwi\u0119cej czytelnik\u00f3w mamy w\u0142a\u015bnie w tym kraju, wi\u0119c Liechtenstein pozdrawiamy i \u017cyczymy, by si\u0119 nie dali.<\/p>\n\n\n\n<p class=\"has-text-align-justify wp-block-paragraph\">Wracaj\u0105c do meritum kwestii wp\u0142ywu Ko\u015bcio\u0142a na pa\u0144stwo to twierdzenia g\u0142osz\u0105ce, i\u017c ka\u017cdy mo\u017ce wybiera\u0107 sobie tak\u0105 religi\u0119 jak\u0105 zechce, zosta\u0142y pot\u0119pione jako heretyckie w <em>Syllabus errorum<\/em> Piusa IX (8. Grudnia 1864).<a href=\"#_ftn9\" name=\"_ftnref9\">[9]<\/a> W dokumencie tym w pot\u0119pieniu indyferentyzmu religijnego czytamy, poniewa\u017c pot\u0119pione pogl\u0105dy s\u0105 prezentowane nam od lat jako prawowierne, dlatego, podobnie jak w naszym cyklu o kwietyzmie, poprzedzimy je dodatkow\u0105, czerwon\u0105 negacj\u0105:<\/p>\n\n\n\n<ol start=\"15\" class=\"wp-block-list\">\n<li><br><blockquote>[<span style=\"color: #ff0000;\">Nie jest tak, \u017ce<\/span>] Ka\u017cdy cz\u0142owiek ma swobod\u0119 wyboru i wyznawania religii, kt\u00f3r\u0105 przy pomocy \u015bwiat\u0142a rozumu uzna za prawdziw\u0105. (DH 2915)<\/p><\/blockquote><br><\/li>\n\n\n\n<li><br><blockquote>[<span style=\"color: #ff0000;\">Nie jest tak, \u017ce]<\/span> Ludzie mog\u0105 znale\u017a\u0107 drog\u0119 do wiecznego zbawienia i osi\u0105gn\u0105\u0107 to wieczne zbawienie przez praktykowanie jakiejkolwiek religii. (DH 2916)<\/p><\/blockquote><br><\/li>\n\n\n\n<li><br><blockquote>[<span style=\"color: #ff0000;\">Nie jest tak, \u017ce]<\/span> Nale\u017cy mie\u0107 przynajmniej zasadn\u0105 nadziej\u0119 co do zbawienia wiecznego tych wszystkich, kt\u00f3rzy w \u017caden spos\u00f3b nie przynale\u017c\u0105 do prawdziwego Ko\u015bcio\u0142a Chrystusowego. (DH 2917)<\/p><\/blockquote><br><\/li>\n<\/ol>\n\n\n\n<p class=\"wp-block-paragraph\">Natomiast zdania pot\u0119pione odnosz\u0105ce si\u0119 do stosunku Ko\u015bcio\u0142a i pa\u0144stwa brzmi\u0105 jak nast\u0119puje:<\/p>\n\n\n\n<ol start=\"20\" class=\"wp-block-list\">\n<li><br><blockquote><p><span style=\"color: #ff0000;\">[Nie jest tak, \u017ce]<\/span> W\u0142adzy ko\u015bcielnej nie wolno wykonywa\u0107 bez pozwolenia i zgody rz\u0105du \u015bwieckiego. (DH 2920)<\/p><\/blockquote><br><\/li>\n\n\n\n<li><br><blockquote><p><span style=\"color: #ff0000;\">[Nie jest tak, \u017ce]<\/span> Ko\u015bci\u00f3\u0142 nie ma prawa do u\u017cywania si\u0142y, ani \u017cadnej w\u0142adzy doczesnej bezpo\u015bredniej lub po\u015bredniej. (DH 2924)<\/p><\/blockquote><br><\/li>\n\n\n\n<li><br><blockquote><p><span style=\"color: #ff0000;\">[Nie jest tak, \u017ce]<\/span> Nauka Ko\u015bcio\u0142a katolickiego przeciwna jest dobru i interesom spo\u0142eczno\u015bci ludzkiej. (DH 2940)<\/p><\/blockquote><br><\/li>\n<\/ol>\n\n\n\n<p class=\"wp-block-paragraph\">Je\u017celi pot\u0119pione twierdzenie heretyckie (<em>sententia haeretica<\/em>) brzmi:<\/p>\n\n\n\n<blockquote class=\"wp-block-quote is-layout-flow wp-block-quote-is-layout-flow\">\n<p class=\"wp-block-paragraph\">\u201eKo\u015bci\u00f3\u0142 nie ma prawa do u\u017cywania si\u0142y, ani \u017cadnej w\u0142adzy doczesnej bezpo\u015bredniej lub po\u015bredniej.\u201d (DH 2924)<\/p>\n<\/blockquote>\n\n\n\n<p class=\"wp-block-paragraph\">Natomiast <em>Amoris laetitia<\/em> 35 podaje, i\u017c:<\/p>\n\n\n\n<blockquote class=\"wp-block-quote is-layout-flow wp-block-quote-is-layout-flow\">\n<p class=\"wp-block-paragraph\">\u201eNiczemu nie s\u0142u\u017cy tak\u017ce pr\u00f3ba narzucania norm si\u0142\u0105 w\u0142adzy.\u201d<\/p>\n<\/blockquote>\n\n\n\n<p class=\"has-text-align-justify wp-block-paragraph\">to naszym zdaniem<strong> jest to herezja w rozumieniu \u015bcis\u0142ym, w rozumieniu <em>sententia haeretica<\/em>,<\/strong> b\u0119d\u0105c twierdzeniem, kt\u00f3re wprost (<em>directe<\/em>) i bezpo\u015brednio (<em>immediate<\/em>) sprzeciwia si\u0119 prawdzie wiary katolickiej jako sprzeczne (<em>contrarie<\/em>) lub przeciwstawne (<em>contradictorie<\/em>),<a href=\"#_ftn10\" name=\"_ftnref10\">[10]<\/a> skoro bli\u017cszy kontekst ukazuje, \u017ce chodzi tutaj o prawa Ko\u015bcio\u0142a. Wi\u0119c <strong>pierwsz\u0105 czyst\u0105 herezj\u0119 formaln\u0105 na <em>forum externum<\/em> ju\u017c mamy.<\/strong><\/p>\n\n\n\n<p class=\"wp-block-paragraph\">Zwa\u017cywszy na tok argumentacji w AL 35, wedle kt\u00f3rej ma\u0142\u017ce\u0144stwo jest idea\u0142em, kt\u00f3ry nale\u017cy na og\u00f3lnym targowisku warto\u015bci i pr\u00f3\u017cno\u015bci proponowa\u0107, ko\u0144cowe zdanie tego\u017c punktu zakrawa na kpin\u0119, a brzmi ono:<\/p>\n\n\n\n<blockquote class=\"wp-block-quote is-layout-flow wp-block-quote-is-layout-flow\">\n<ol start=\"35\" class=\"wp-block-list\">\n<li>\u201e[&#8230;] Oczekuje si\u0119 od nas wysi\u0142ku bardziej odpowiedzialnego i hojnego, polegaj\u0105cego na przedstawieniu przyczyn i motywacji, aby nasze opowiedzenie si\u0119 za ma\u0142\u017ce\u0144stwem i rodzin\u0105 by\u0142o takie, by ludzie byli bardziej gotowi do odpowiedzi na \u0142ask\u0119, jak\u0105 daje im B\u00f3g.\u201d<\/li>\n<\/ol>\n<\/blockquote>\n\n\n\n<p class=\"has-text-align-justify wp-block-paragraph\">Ale je\u017celi cel b\u0119d\u0105cy idea\u0142em jest nieosi\u0105galny, a Ko\u015bci\u00f3\u0142 niczego drog\u0105 prawn\u0105 narzuca\u0107 rzekomo nie mo\u017ce, to jak przedstawi\u0107 \u201eprzyczyny i motywacje\u201d w spos\u00f3b \u201ebardziej odpowiedzialny i hojny\u201d? To przecie\u017c wewn\u0119trznie sprzeczne. Je\u017celi co\u015b jest nieosi\u0105galne, je\u017celi nie ma obiektywnej prawdy, na skutek \u201eczynnik\u00f3w kulturowych\u201d, kt\u00f3re uniemo\u017cliwiaj\u0105&nbsp; ludziom podejmowanie wi\u0105\u017c\u0105cych decyzji, to jakie motywacje mo\u017cna przedstawia\u0107? \u017badne! I to jest dok\u0142adnie ta posoborowa sprzeczno\u015b\u0107:<\/p>\n\n\n\n<ol class=\"wp-block-list\">\n<li>Upodobnijcie si\u0119 do \u015bwiata, by prowadzi\u0107 z nim \u201edialog\u201d,<\/li>\n\n\n\n<li>Ale w pozycji r\u00f3wnoprawnego partnera, a nie si\u0142y,<\/li>\n\n\n\n<li>A potem dziwcie si\u0119, \u017ce wszystko si\u0119 wali i wam nie wychodzi.<\/li>\n\n\n\n<li>A kuku!<\/li>\n<\/ol>\n\n\n\n<h3 class=\"wp-block-heading\">Kiedy \u201ezadzia\u0142a\u201d \u0142aska?\u00a0<\/h3>\n\n\n\n<p class=\"has-text-align-justify wp-block-paragraph\">Jak ludzie maj\u0105 by\u0107, wedle AL 35, \u201ebardziej gotowi do odpowiedzi na \u0142ask\u0119, jak\u0105 daje im B\u00f3g\u201d? A czy przedtem nie byli? Zatem wyb\u00f3r ma\u0142\u017ce\u0144stwa i wytrwanie w nim zak\u0142ada jak\u0105\u015b specjaln\u0105 \u0142ask\u0119, kt\u00f3re poprzedzona jest \u201eotwarto\u015bci\u0105\u201d? Ot\u00f3\u017c wedle teologii katolickiej \u0142aska dzia\u0142a na naturze wspieraj\u0105c j\u0105 (<em>gratia supponit naturam<\/em>), zatem przy b\u0142\u0119dnym ustawieniu natury ludzkiej \u017cadna \u0142aska nie zadzia\u0142a, a na pewno nie u ludzi \u017cyj\u0105cych w grzechu ci\u0119\u017ckim. Wedle nauki Ko\u015bcio\u0142a \u0142aska jest konieczna do spe\u0142niania dobrych uczynk\u00f3w, wytrwania w cnocie, wystrzegania si\u0119 grzech\u00f3w ci\u0119\u017ckim i powszednich, wytrwania na drodze wiary, do wytrwania w \u0142asce stanu etc.<a name=\"_ftnref11\" href=\"#_ftn11\">[11]<\/a> <\/p>\n\n\n\n<p class=\"has-text-align-justify wp-block-paragraph\">Ale \u0142aska dzia\u0142a wy\u0142\u0105cznie na osoby ochrzczone i \u017cyj\u0105ce w\u0142a\u015bnie w stanie \u0142aski, a nie w grzechu \u015bmiertelnym. \u0141aska dzia\u0142a na ochrzczonych i wolnych od grzechu ci\u0119\u017ckiego, kt\u00f3rych teologia nazywa sprawiedliwymi (<em>iusti<\/em>). Przeciwie\u0144stwem teologicznym sprawiedliwego (<em>iustus<\/em>) jest grzesznik (<em>peccator<\/em>), czyli cz\u0142owiek \u017cyj\u0105cy w grzechu \u015bmiertelnym. Precyzowaniem tych poj\u0119\u0107 zaj\u0105\u0142 si\u0119 g\u0142\u00f3wnie Sob\u00f3r Trydencki w swoich Dekretach o Grzechu Pierworodnym (5 Sesja, 17. Czerwca 1546, DH 1510-1516) oraz w Dekrecie o Usprawiedliwieniu (6 Sesja, 13. Stycznia 1547, DH1520-1583). \u00a0<\/p>\n\n\n\n<p class=\"has-text-align-justify wp-block-paragraph\">O ile ka\u017cdy rzec mo\u017ce, \u017ce ma grzeszn\u0105 natur\u0119 i grzeszy lekko, bo raczej ka\u017cdy to czyni, o tyle, nie ka\u017cdy mo\u017ce powiedzie\u0107 o sobie, \u017ce jest grzesznikiem <em>sensu stricto<\/em>, bo nie ka\u017cdy grzechy \u015bmiertelne pope\u0142nia, ani te\u017c w grzechu \u015bmiertelnym \u017cyje. Wedle niekt\u00f3rych nurt\u00f3w, g\u0142\u00f3wnie protestanckich, grzechem jest wszystko i zarazem nic, ale w uj\u0119ciu katolickim, aby zadzia\u0142a\u0142a \u0142aska trzeba najpierw by\u0107 w stanie \u0142aski, w przeciwnym razie chrzest wprowadzaj\u0105cy nas w \u015bwiat \u017cycia nadprzyrodzonego by\u0142by bezu\u017cytecznym.<\/p>\n\n\n\n<p class=\"has-text-align-justify wp-block-paragraph\">I dlatego udzielanie sakrament\u00f3w osobom \u017cyj\u0105cym w grzechu \u015bmiertelnym, o czym wspomnimy ju\u017c w tym miejscu nie przedstawiaj\u0105c ca\u0142ego traktatu o \u0142asce (czego si\u0119 w innym miejscu podejmiemy, bo &#8220;tatu\u015b musi&#8221;), niczego w ich nieistniej\u0105cym \u017cyciu \u0142aski nie zmieni, a b\u0119dzie tylko \u015bwi\u0119tokradztwem i profanowaniem sakrament\u00f3w. Dlaczego? Po pierwsze spowied\u017a nie b\u0119dzie mia\u0142a z braku \u017calu (\u201e\u017byj\u0119 w konkubinacie, ale wed\u0142ug Franciszka i mnie jest ok\u201d) i postanowienia poprawy (\u201eZamierzam \u017cy\u0107 dalej\u201d) w og\u00f3le miejsca. Brak bowiem dope\u0142nienia warunk\u00f3w spowiedzi ze strony penitenta (\u017cal za grzechy, postanowienie poprawy, wyznanie grzech\u00f3w, zado\u015b\u0107uczynienie) jest brakiem tzw. materii bli\u017cszej sakramentu (<em>materia proxima<\/em>) (materia bli\u017csza). <\/p>\n\n\n\n<p class=\"has-text-align-justify wp-block-paragraph\">\u015aw. Tomasz i za nim ca\u0142a p\u00f3\u017aniejsza teologia rozr\u00f3\u017cnia pomi\u0119dzy materi\u0105 bli\u017csz\u0105 (<em>materia proxima<\/em>) tego sakramentu, kt\u00f3rym s\u0105, jak wspomniano powy\u017cej, warunki spowiedzi oraz materi\u0105 dalsz\u0105 (<em>materia remota<\/em>), kt\u00f3r\u0105 s\u0105 same grzechy (<em>Summ. Theol<\/em>. II q 84 a 2). Poniewa\u017c do zaistnienia sakramentu konieczna jest materia i forma, a t\u0105 ostatni\u0105 jest w przypadku sakramentu pokuty rozgrzeszenie kap\u0142ana, dlatego w wypadku niedope\u0142nienia warunk\u00f3w spowiedzi z powodu braku materii bli\u017cszej (<em>materia proxima)<\/em> sakramentu po prostu nie b\u0119dzie (DH 1310-1312). Spowied\u017a polega na tym, \u017ce penitent przychodzi z materi\u0105 dalsz\u0105 (<em>remota &#8211; <\/em>grzechy) i bli\u017csz\u0105 (<em>proxima<\/em> \u2013 warunki spowiedzi), przedstawia grzechu ksi\u0119dzu, kt\u00f3ry w obiektywnym \u015bwietle prawa Bo\u017cego je os\u0105dza, dzia\u0142aj\u0105c na spos\u00f3b s\u0119dziego kieruj\u0105cego si\u0119 przepisami jakiego\u015b kodeksu. I dlatego o konfesjonale m\u00f3wi si\u0119: \u201etrybuna\u0142 pokuty\u201d.<a name=\"_ftnref12\" href=\"#_ftn12\">[12]<\/a> <\/p>\n\n\n\n<p class=\"has-text-align-justify wp-block-paragraph\">Ksi\u0105dz nie czyni prawa moralnego, a jedynie je odpoznaje. I dlatego, je\u017celi penitent z ksi\u0119dzem \u201eum\u00f3wi\u0105 si\u0119\u201d, powo\u0142uj\u0105c si\u0119 np. na <em>Amoris laetitia<\/em>, \u017ce pewne grzechy grzechami nie s\u0105, np. wsp\u00f3\u0142\u017cycie w drugim niesakramentalnym ma\u0142\u017ce\u0144stwie, to \u017cadne rozgrzeszenie nie b\u0119dzie mia\u0142o miejsca, poniewa\u017c obiektywny grzech pozostaje obiektywnym grzechem. O tym, co jest grzechem, a co nim nie jest, nie decyduje ludzkie widzimisi\u0119, ale B\u00f3g i jego obiektywne normy. Rozgrzeszenie jest, m\u00f3wi\u0105c j\u0119zykiem prawniczym, aplikowaniem og\u00f3lnej normy do poszczeg\u00f3lnego przypadku, a nie zmian\u0105 normy og\u00f3lnej. Ko\u015bci\u00f3\u0142 nie mo\u017ce zmieni\u0107 prawa Bo\u017cego! I niestety ta nieszcz\u0119sna adhortacja doprowadzi do morza grzech\u00f3w, gdy\u017c ludziom b\u0119dzie si\u0119 wydawa\u0142o, \u017ce \u017cyj\u0105 w stanie \u0142aski, chocia\u017c tak obiektywnie nie b\u0119dzie. <\/p>\n\n\n\n<p class=\"has-text-align-justify wp-block-paragraph\">Dzieje si\u0119 tak co prawda od lat w r\u00f3\u017cnych krajach, g\u0142\u00f3wnie w niemieckoj\u0119zycznych, \u017ce ludzie \u017cyj\u0105 jak chc\u0105, wsp\u00f3\u0142\u017cyj\u0105 jak chc\u0105 i z kim chc\u0105, ksi\u0119\u017ca ich o konieczno\u015bci spowiedzi i stanu \u0142aski nie pouczaj\u0105, komunii udzielaj\u0105, wi\u0119c dodawany jest grzech do grzechu, co jako\u015b t\u0142umaczy bardzo ci\u0119\u017ck\u0105 duchowo atmosfer\u0119 w tamtejszych ko\u015bcio\u0142ach. Ale AL legalizuje ten \u015bwi\u0119tokradczy stan faktyczny w r\u00f3\u017cnych krajach. Po AL komunia przyj\u0119ta w istniej\u0105cym nadal grzechu ci\u0119\u017ckim b\u0119dzie \u015bwi\u0119tokradcza oraz b\u0119dzie poni\u017ceniem Chrystusa, realnie obecnego w Eucharystii. Niestety <em>Amoris laetitia<\/em> ma na celu obra\u017canie Boga, zwi\u0119kszenie miary grzechu i profanacj\u0119 Naj\u015bwi\u0119tszego Sakramentu, w kt\u00f3rym przecie\u017c sam Chrystus jest obecny i to w najbardziej realny, bo substancjalny spos\u00f3b.<\/p>\n\n\n\n<p class=\"has-text-align-justify wp-block-paragraph\">AL spowoduje efekt r\u00f3wni pochy\u0142ej, gdy\u017c skoro cudzo\u0142o\u017cnicy i inni seksualni grzesznicy, bo tylko ich zdaje si\u0119 obejmowa\u0107 franciszkowe &#8220;mi\u0142osierdzie&#8221;, kapitalist\u00f3w i mafios\u00f3w najwyra\u017aniej ju\u017c nie, zaczn\u0105 publicznie przyjmowa\u0107 komuni\u0119, bez spowiedzi lub po &#8220;\u0142atwionej&#8221; franciszkowej &#8220;spowiedzi&#8221;, to inni katolicy zupe\u0142nie spowiada\u0107 si\u0119 przestan\u0105. Bo je\u017celi im wolno, to po co si\u0119 w og\u00f3le stara\u0107? No niestety, ale 90% ludzi patrzy najpierw na to, co robi\u0105 inni i jak na ich tle wypadn\u0105, zanim zrobi cokolwiek. Nast\u0105pi wi\u0119c og\u00f3lna demoralizacja reszty katolik\u00f3w. Polacy \u017cyj\u0105cy na emigracji bardzo cz\u0119sto rezygnuj\u0105 z takich praktyk religijnych jak np. spowied\u017a m\u00f3wi\u0105c, &#8220;bo tutaj nikt si\u0119 nie spowiada, wi\u0119c i ja nie musz\u0119&#8221;. <\/p>\n\n\n\n<p class=\"has-text-align-justify wp-block-paragraph\">Na jakiej\u015b p\u0142aszczy\u017anie maj\u0105 racj\u0119, bo je\u017celi norma nie jest wsz\u0119dzie przestrzegana, to najwyra\u017aniej norm\u0105 nie jest. I do tego doprowadzi\u0142a posoborowa &#8220;inkulturacja&#8221;, przekazanie kompetencji Konferencjom Episkopat\u00f3w, co legalizuje teraz ostatecznie expressis verbis <em>Amoris laetitia. <\/em>Przecie\u017c fakt, \u017ce np. Hiszpanie, Francuzi czy Niemcy uwa\u017caj\u0105cy si\u0119 za katolik\u00f3w s\u0105, pomijaj\u0105c znikom\u0105 g\u0142\u00f3wnie tradycjonalistyczn\u0105 mniejszo\u015b\u0107, sprotestantyzowanymi heretykami, je\u017celi we\u017amie si\u0119 pod uwag\u0119 obiektywne normy i prawdy wiary religii katolickiej, to stan ten nie jest ich osobist\u0105 win\u0105. Mo\u017cna co\u015b \u015bwiadomie odrzuci\u0107, co si\u0119 pozna\u0142o. A poniewa\u017c w tych krajach od 1962 zaniechano przekazu wiary na naprawd\u0119 ka\u017cdym szczeblu, co w Polsce na mniejsz\u0105 skal\u0119 nast\u0105pi\u0142o dopiero po roku 1990, to katolicy ci s\u0105 w takiej sytuacji na skutek winy swoich kardyna\u0142\u00f3w, biskup\u00f3w, ksi\u0119\u017cy, a g\u0142\u00f3wnie niestety Soboru. I w Polsce jest to samo, ryba psuje si\u0119 od g\u0142owy, tylko ma\u0142o kto to zauwa\u017ca. <\/p>\n\n\n\n<p class=\"has-text-align-justify wp-block-paragraph\">Jak bardzo dobitnie, pi\u0119knie i smutno ukazuj\u0105 Steve Skojec i Hillary White w cytowanym przez nas artykule <a href=\"https:\/\/wobronietradycjiiwiary.com\/2016\/05\/23\/steve-skojec-out-of-the-rabbit-hole\/\" target=\"_blank\" rel=\"noopener noreferrer\">Wyj\u015b\u0107 z kr\u00f3liczej nory<\/a> katolik, kt\u00f3ry wyszed\u0142 z posoborowego Matrixu zdany wy\u0142\u0105cznie na samego siebie lub na ludzi my\u015bl\u0105cych podobnie jak on. Jego przeciwnikiem stanie si\u0119 jego proboszcz i biskup, teoretycznie zobowi\u0105zani do przekazywania i strze\u017cenia wiary. A on sam na wz\u00f3r archeologa b\u0119dzie musia\u0142 zbiera\u0107, skleja\u0107 lub w inny spos\u00f3b kompletowa\u0107 fragmenty rozbitej i rozproszonej doktryny. Przypomina si\u0119 w tym miejscu scena z <em>Roku 1984<\/em> Georga Orwella, w kt\u00f3rej bohater odnajduje w antykwariacie jaki\u015b dawny, pi\u0119kny przyrz\u0105d, ale nie wie, co czego on s\u0142u\u017cy, przeczuwa jednak, \u017ce istnia\u0142a niegdy\u0107 cywilizacja i ludzie, kt\u00f3rzy takie przedmioty produkowali i nimi si\u0119 pos\u0142ugiwali. <\/p>\n\n\n\n<p class=\"has-text-align-justify wp-block-paragraph\">Podobne do\u015bwiadczenia s\u0105 tak\u017ce naszym udzia\u0142em. Wychodzimy poma\u0142u z Matrixu, kompletujemy rozbite wazy, potrafimy rozr\u00f3\u017cni\u0107 r\u00f3\u017cne przedsoborowe pi\u0119kne &#8220;przedmioty&#8221; i jest nam smutno, bo zdajemy sobie spraw\u0119 z rozmiaru obecnej destrukcji Ko\u015bcio\u0142a. I dlatego racj\u0119 ma Hilary White pisz\u0105c, \u017ce papie\u017c Franciszek jest b\u0142ogos\u0142awie\u0144stwem, poniewa\u017c doprowadzaj\u0105c Ko\u015bci\u00f3\u0142 do ruiny otwiera nam wszystkim oczy na to, co pod mniej lub bardziej &#8220;konserwatywnym&#8221; papie\u017cu z posoborowego punktu widzenia oczywi\u015bcie, pozostawa\u0142oby dla wi\u0119kszo\u015bci zakryte. I dlatego B\u00f3g to dopuszcza.<\/p>\n\n\n\n<p class=\"wp-block-paragraph\" style=\"font-size:14px;line-height:1.2\"><a href=\"#_ftnref1\" name=\"_ftn1\">[1]<\/a> <a href=\"https:\/\/pl.wikipedia.org\/wiki\/Michel_Houellebecq\">https:\/\/pl.wikipedia.org\/wiki\/Michel_Houellebecq<\/a> <a href=\"https:\/\/en.wikipedia.org\/wiki\/Michel_Houellebecq\">https:\/\/en.wikipedia.org\/wiki\/Michel_Houellebecq<\/a> <a href=\"https:\/\/fr.wikipedia.org\/wiki\/Michel_Houellebecq\">https:\/\/fr.wikipedia.org\/wiki\/Michel_Houellebecq<\/a> <a href=\"https:\/\/de.wikipedia.org\/wiki\/Michel_Houellebecq\" rel=\"nofollow\">https:\/\/de.wikipedia.org\/wiki\/Michel_Houellebecq<\/a><\/p>\n\n\n\n<p class=\"wp-block-paragraph\" style=\"font-size:14px;line-height:1.2\"><a href=\"#_ftnref2\" name=\"_ftn2\">[2]<\/a> <a href=\"https:\/\/en.wikipedia.org\/wiki\/H._P._Lovecraft:_Against_the_World,_Against_Life\" rel=\"nofollow\">https:\/\/en.wikipedia.org\/wiki\/H._P._Lovecraft:_Against_the_World,_Against_Life<\/a><\/p>\n\n\n\n<p class=\"wp-block-paragraph\" style=\"font-size:14px;line-height:1.2\"><a href=\"#_ftnref3\" name=\"_ftn3\">[3]<\/a> Ukazuje to <em>ex contrario<\/em> antyklerykalna strona <a href=\"http:\/\/www.concordatwatch.eu\/showsite.php?org_id=843\">http:\/\/www.concordatwatch.eu\/showsite.php?org_id=843<\/a><\/p>\n\n\n\n<p class=\"wp-block-paragraph\" style=\"font-size:14px;line-height:1.2\"><a href=\"#_ftnref4\" name=\"_ftn4\">[4]<\/a> Dok\u0142adnie t\u0119 tez\u0119 reprezentuje publikacja Papieskiej Akademii Nauk Spo\u0142ecznych: <a href=\"http:\/\/www.pass.va\/content\/dam\/scienzesociali\/pdf\/acta17\/acta17-fumagalli.pdf\" rel=\"nofollow\">http:\/\/www.pass.va\/content\/dam\/scienzesociali\/pdf\/acta17\/acta17-fumagalli.pdf<\/a><\/p>\n\n\n\n<p class=\"wp-block-paragraph\" style=\"font-size:14px;line-height:1.2\"><a href=\"#_ftnref5\" name=\"_ftn5\">[5]<\/a> Tekst polski: <a href=\"http:\/\/ptm.rel.pl\/index.php?option=com_content&#038;view=article&#038;id=168:deklaracja-o-wolnosci-religijnej-dignitatis-humanae&#038;catid=39&#038;Itemid=198\" rel=\"nofollow\">http:\/\/ptm.rel.pl\/index.php?option=com_content&#038;view=article&#038;id=168:deklaracja-o-wolnosci-religijnej-dignitatis-humanae&#038;catid=39&#038;Itemid=198<\/a> Por. <a href=\"http:\/\/www.piusx.org.pl\/kryzys\/oni-Jego-zdetronizowali\/28\">http:\/\/www.piusx.org.pl\/kryzys\/oni-Jego-zdetronizowali\/28<\/a> <a href=\"http:\/\/www.pch24.pl\/-kontrowersje-wokol&#8211;dignitatis-humanae-,3211,i.html\" rel=\"nofollow\">http:\/\/www.pch24.pl\/-kontrowersje-wokol&#8211;dignitatis-humanae-,3211,i.html<\/a><\/p>\n\n\n\n<p class=\"wp-block-paragraph\" style=\"font-size:14px;line-height:1.2\"><a href=\"#_ftnref6\" name=\"_ftn6\">[6]<\/a> <a href=\"http:\/\/www.concordatwatch.eu\/showtopic.php?org_id=851&#038;kb_header_id=38321\" rel=\"nofollow\">http:\/\/www.concordatwatch.eu\/showtopic.php?org_id=851&#038;kb_header_id=38321<\/a><\/p>\n\n\n\n<p class=\"wp-block-paragraph\" style=\"font-size:14px;line-height:1.2\"><a href=\"#_ftnref7\" name=\"_ftn7\">[7]<\/a> Amerio, Roman, <em>Iota unum. Analiza zmian w Ko\u015bciele Katolickim<\/em>, Komor\u00f3w 2011, 210-211.<\/p>\n\n\n\n<p class=\"wp-block-paragraph\" style=\"font-size:14px;line-height:1.2\"><a href=\"#_ftnref8\" name=\"_ftn8\">[8]<\/a> <a href=\"http:\/\/www.nzz.ch\/schweiz\/noch-kein-konkordat-liechtensteins-mit-dem-vatikan-1.18451279\" rel=\"nofollow\">http:\/\/www.nzz.ch\/schweiz\/noch-kein-konkordat-liechtensteins-mit-dem-vatikan-1.18451279<\/a><\/p>\n\n\n\n<p class=\"wp-block-paragraph\" style=\"font-size:14px;line-height:1.2\"><a href=\"#_ftnref9\" name=\"_ftn9\">[9]<\/a> Wersja polska: <a href=\"http:\/\/www.opoka.org.pl\/biblioteka\/W\/WP\/pius_ix\/inne\/syllabus_08121864.html\" rel=\"nofollow\">http:\/\/www.opoka.org.pl\/biblioteka\/W\/WP\/pius_ix\/inne\/syllabus_08121864.html<\/a><\/p>\n\n\n\n<p class=\"wp-block-paragraph\" style=\"font-size:14px;line-height:1.2\"><a href=\"#_ftnref10\" name=\"_ftn10\">[10]<\/a> Por. <a href=\"https:\/\/wobronietradycjiiwiary.com\/category\/kosciol-posoborowy\/papiez-franciszek\/amoris-laetitia\/cenzury-koscielne\/\">https:\/\/wobronietradycjiiwiary.com\/category\/kosciol-posoborowy\/papiez-franciszek\/amoris-laetitia\/cenzury-koscielne\/<\/a><\/p>\n\n\n\n<p class=\"wp-block-paragraph\" style=\"font-size:14px;line-height:1.2\"><a href=\"#_ftnref11\" name=\"_ftn11\">[11]<\/a> Diekamp-J\u00fcssen, <em>Katholische Dogmatik<\/em>, Alverna: Will 2012, 682-689.<\/p>\n\n\n\n<p class=\"wp-block-paragraph\" style=\"font-size:14px;line-height:1.2\"><a href=\"#_ftnref12\" name=\"_ftn12\">[12]<\/a> Diekamp-J\u00fcssen, <em>Katholische Dogmatik<\/em>, 1059-1066.<\/p>\n\n\n\n<div class=\"wp-block-kadence-infobox kt-info-box74405_787106-ce\"><a class=\"kt-blocks-info-box-link-wrap info-box-link kt-blocks-info-box-media-align-top kt-info-halign-center\" target=\"_blank\" rel=\"noopener noreferrer\" href=\"https:\/\/wobronietradycjiiwiary.com\/pl\/subskrypcje-2\/\"><div class=\"kt-blocks-info-box-media-container\"><div class=\"kt-blocks-info-box-media kt-info-media-animate-none\"><div class=\"kadence-info-box-image-inner-intrisic-container\"><div class=\"kadence-info-box-image-intrisic kt-info-animate-none\"><div class=\"kadence-info-box-image-inner-intrisic\"><img loading=\"lazy\" decoding=\"async\" data-attachment-id=\"99768\" data-permalink=\"https:\/\/wobronietradycjiiwiary.com\/en\/cropped-cropped-st-peters-dome-vatican-1-jpg\/\" data-orig-file=\"https:\/\/wobronietradycjiiwiary.com\/wp-content\/uploads\/2015\/10\/cropped-cropped-st-peters-dome-vatican-1.jpg\" data-orig-size=\"512,512\" data-comments-opened=\"1\" data-image-meta=\"{&quot;aperture&quot;:&quot;0&quot;,&quot;credit&quot;:&quot;&quot;,&quot;camera&quot;:&quot;&quot;,&quot;caption&quot;:&quot;&quot;,&quot;created_timestamp&quot;:&quot;0&quot;,&quot;copyright&quot;:&quot;&quot;,&quot;focal_length&quot;:&quot;0&quot;,&quot;iso&quot;:&quot;0&quot;,&quot;shutter_speed&quot;:&quot;0&quot;,&quot;title&quot;:&quot;&quot;,&quot;orientation&quot;:&quot;0&quot;}\" data-image-title=\"cropped-cropped-st-peters-dome-vatican-1.jpg\" data-image-description=\"&lt;p&gt;https:\/\/wobronietradycjiiwiary.com\/wp-content\/uploads\/2015\/10\/cropped-cropped-st-peters-dome-vatican-1.jpg&lt;\/p&gt;\n\" data-image-caption=\"\" data-large-file=\"https:\/\/wobronietradycjiiwiary.com\/wp-content\/uploads\/2015\/10\/cropped-cropped-st-peters-dome-vatican-1.jpg\" src=\"https:\/\/wobronietradycjiiwiary.com\/wp-content\/uploads\/2015\/10\/cropped-cropped-st-peters-dome-vatican-1-150x150.jpg\" alt=\"\" width=\"150\" height=\"150\" class=\"kt-info-box-image wp-image-99768\" srcset=\"https:\/\/wobronietradycjiiwiary.com\/wp-content\/uploads\/2015\/10\/cropped-cropped-st-peters-dome-vatican-1-150x150.jpg 150w, https:\/\/wobronietradycjiiwiary.com\/wp-content\/uploads\/2015\/10\/cropped-cropped-st-peters-dome-vatican-1-300x300.jpg 300w, https:\/\/wobronietradycjiiwiary.com\/wp-content\/uploads\/2015\/10\/cropped-cropped-st-peters-dome-vatican-1-12x12.jpg 12w, https:\/\/wobronietradycjiiwiary.com\/wp-content\/uploads\/2015\/10\/cropped-cropped-st-peters-dome-vatican-1-400x400.jpg?crop=1 400w, https:\/\/wobronietradycjiiwiary.com\/wp-content\/uploads\/2015\/10\/cropped-cropped-st-peters-dome-vatican-1-200x200.jpg?crop=1 200w, https:\/\/wobronietradycjiiwiary.com\/wp-content\/uploads\/2015\/10\/cropped-cropped-st-peters-dome-vatican-1-100x100.jpg?crop=1 100w, https:\/\/wobronietradycjiiwiary.com\/wp-content\/uploads\/2015\/10\/cropped-cropped-st-peters-dome-vatican-1-270x270.jpg 270w, https:\/\/wobronietradycjiiwiary.com\/wp-content\/uploads\/2015\/10\/cropped-cropped-st-peters-dome-vatican-1-192x192.jpg 192w, https:\/\/wobronietradycjiiwiary.com\/wp-content\/uploads\/2015\/10\/cropped-cropped-st-peters-dome-vatican-1-180x180.jpg 180w, https:\/\/wobronietradycjiiwiary.com\/wp-content\/uploads\/2015\/10\/cropped-cropped-st-peters-dome-vatican-1-32x32.jpg 32w, https:\/\/wobronietradycjiiwiary.com\/wp-content\/uploads\/2015\/10\/cropped-cropped-st-peters-dome-vatican-1.jpg 512w\" sizes=\"(max-width: 150px) 100vw, 150px\" \/><\/div><\/div><\/div><\/div><\/div><div class=\"kt-infobox-textcontent\"><h2 class=\"kt-blocks-info-box-title\">Chcesz czyta\u0107 wszystko?<\/h2><p class=\"kt-blocks-info-box-text\"><strong>Wykup abonament.<\/strong><\/p><\/div><\/a><\/div>\n\n\n\n<div class=\"wp-block-cover aligncenter\" style=\"min-height:361px;aspect-ratio:unset;\"><img loading=\"lazy\" decoding=\"async\" width=\"524\" height=\"539\" data-attachment-id=\"115630\" data-permalink=\"https:\/\/wobronietradycjiiwiary.com\/en\/church-militant-o-naduzyciach-seksualnych-w-bractwie-sw-piusa-x-nowy-cykl\/ec48bf44892c29b895741920e0bdef09-2\/\" data-orig-file=\"https:\/\/wobronietradycjiiwiary.com\/wp-content\/uploads\/2024\/04\/ec48bf44892c29b895741920e0bdef09.jpg\" data-orig-size=\"524,539\" data-comments-opened=\"1\" data-image-meta=\"{&quot;aperture&quot;:&quot;0&quot;,&quot;credit&quot;:&quot;&quot;,&quot;camera&quot;:&quot;&quot;,&quot;caption&quot;:&quot;&quot;,&quot;created_timestamp&quot;:&quot;0&quot;,&quot;copyright&quot;:&quot;&quot;,&quot;focal_length&quot;:&quot;0&quot;,&quot;iso&quot;:&quot;0&quot;,&quot;shutter_speed&quot;:&quot;0&quot;,&quot;title&quot;:&quot;&quot;,&quot;orientation&quot;:&quot;0&quot;}\" data-image-title=\"ec48bf44892c29b895741920e0bdef09\" data-image-description=\"\" data-image-caption=\"\" data-large-file=\"https:\/\/wobronietradycjiiwiary.com\/wp-content\/uploads\/2024\/04\/ec48bf44892c29b895741920e0bdef09.jpg\" class=\"wp-block-cover__image-background wp-image-115630\" alt=\"\" src=\"https:\/\/wobronietradycjiiwiary.com\/wp-content\/uploads\/2024\/04\/ec48bf44892c29b895741920e0bdef09.jpg\" style=\"object-position:57% 0%\" data-object-fit=\"cover\" data-object-position=\"57% 0%\" srcset=\"https:\/\/wobronietradycjiiwiary.com\/wp-content\/uploads\/2024\/04\/ec48bf44892c29b895741920e0bdef09.jpg 524w, https:\/\/wobronietradycjiiwiary.com\/wp-content\/uploads\/2024\/04\/ec48bf44892c29b895741920e0bdef09-450x463.jpg 450w, https:\/\/wobronietradycjiiwiary.com\/wp-content\/uploads\/2024\/04\/ec48bf44892c29b895741920e0bdef09-292x300.jpg 292w, https:\/\/wobronietradycjiiwiary.com\/wp-content\/uploads\/2024\/04\/ec48bf44892c29b895741920e0bdef09-146x150.jpg 146w, https:\/\/wobronietradycjiiwiary.com\/wp-content\/uploads\/2024\/04\/ec48bf44892c29b895741920e0bdef09-12x12.jpg 12w, https:\/\/wobronietradycjiiwiary.com\/wp-content\/uploads\/2024\/04\/ec48bf44892c29b895741920e0bdef09-58x60.jpg 58w, https:\/\/wobronietradycjiiwiary.com\/wp-content\/uploads\/2024\/04\/ec48bf44892c29b895741920e0bdef09-87x90.jpg 87w\" sizes=\"(max-width: 524px) 100vw, 524px\" \/><span aria-hidden=\"true\" class=\"wp-block-cover__background has-background-dim\"><\/span><div class=\"wp-block-cover__inner-container is-layout-flow wp-block-cover-is-layout-flow\">\n<p class=\"has-text-align-center has-large-font-size wp-block-paragraph\"><mark style=\"background-color:rgba(0, 0, 0, 0)\" class=\"has-inline-color has-luminous-vivid-amber-color\"><strong>Spodoba\u0142o si\u0119? Wspieraj nas!<\/strong><\/mark><\/p>\n\n\n\n<p class=\"has-text-align-center wp-block-paragraph\"><strong>Kart\u0105, paypalem lub bezpo\u015brednim przelewem<\/strong>.<\/p>\n\n\n\n<p class=\"has-text-align-center wp-block-paragraph\" style=\"font-size:39px\"><a aria-label=\" (opens in a new tab)\" class=\"ek-link\" href=\"https:\/\/donate.stripe.com\/6oE7uNfHU4nXe2I7su\" target=\"_blank\" rel=\"noreferrer noopener\"><mark style=\"background-color:rgba(0, 0, 0, 0)\" class=\"has-inline-color has-white-color\"><strong>Datki<\/strong> <\/mark><\/a><\/p>\n<\/div><\/div>\n\n\n\n<p class=\"wp-block-paragraph\"><\/p>\n","protected":false},"excerpt":{"rendered":"<p>Posoborowa deklaracja bankructwa Dowiedziawszy si\u0119 w punkcie 34 Amoris laetitia, i\u017c nast\u0119puje punkt 35, kt\u00f3ry brzmi: Wynika z tego, \u017ce Ko\u015bci\u00f3\u0142 przesta\u0142 naucza\u0107, wymaga\u0107 oraz ukazywa\u0107 \u015bwiatu drog\u0119 do zbawienia, a mo\u017ce jedynie nie\u015bmiale proponowa\u0107 swoje \u201eidea\u0142y\u201d, takie jak monogamiczne ma\u0142\u017ce\u0144stwo m\u0119\u017cczyzny i kobiety a\u017c do \u015bmierci. To rzeczywi\u015bcie posoborowa deklaracja bankructwa oraz magisterialne zalegalizowane [&hellip;]<\/p>\n","protected":false},"author":60508433,"featured_media":8879,"comment_status":"closed","ping_status":"closed","sticky":false,"template":"","format":"standard","meta":{"_bbp_topic_count":0,"_bbp_reply_count":0,"_bbp_total_topic_count":0,"_bbp_total_reply_count":0,"_bbp_voice_count":0,"_bbp_anonymous_reply_count":0,"_bbp_topic_count_hidden":0,"_bbp_reply_count_hidden":0,"_bbp_forum_subforum_count":0,"_editorskit_title_hidden":false,"_editorskit_reading_time":0,"_editorskit_is_block_options_detached":false,"_editorskit_block_options_position":"{}","_coblocks_attr":"","_coblocks_dimensions":"","_coblocks_responsive_height":"","_coblocks_accordion_ie_support":"","_exactmetrics_skip_tracking":false,"_jetpack_newsletter_access":"","_jetpack_dont_email_post_to_subs":false,"_jetpack_newsletter_tier_id":0,"_jetpack_memberships_contains_paywalled_content":false,"_wpcom_ai_launchpad_first_post":false,"_jetpack_feature_clip_id":0,"_jetpack_memberships_contains_paid_content":false,"footnotes":"","jetpack_publicize_message":"{title}\n\n{excerpt}\n\n{url}","jetpack_publicize_feature_enabled":true,"jetpack_social_post_already_shared":true,"jetpack_social_options":{"image_generator_settings":{"template":"highway","default_image_id":0,"font":"","enabled":false},"version":2},"_wpas_customize_per_network":false,"jetpack_post_was_ever_published":false},"categories":[610132217,489897125],"tags":[610130700,169529,483218861,492779038,610130686,610130690,334160515,941260],"class_list":["post-9188","post","type-post","status-publish","format-standard","has-post-thumbnail","hentry","category-amoris-laetitia","category-al-rozdzial-ii","tag-amoris-laetitia","tag-demon","tag-herezja-formalna","tag-konkordaty","tag-kosciol-posoborowy","tag-papiez-franciszek","tag-papiez-heretyk","tag-laska"],"yoast_head":"<!-- This site is optimized with the Yoast SEO plugin v28.3 - https:\/\/yoast.com\/product\/yoast-seo-wordpress\/ -->\n<title>Amoris laetitia \u2013 zach\u0119ta do relatywizmu. 12. Rozdzia\u0142 II (35). Targowisko ofert, konkordaty i \u0142aska. - Tradycja i Wiara<\/title>\n<meta name=\"robots\" content=\"index, follow, max-snippet:-1, max-image-preview:large, max-video-preview:-1\" \/>\n<link rel=\"canonical\" href=\"https:\/\/wobronietradycjiiwiary.com\/en\/amoris-laetitia-zacheta-do-relatywizmu-12-rozdzial-ii-35-targowisko-ofert-konkordaty-i-laska\/\" \/>\n<meta property=\"og:locale\" content=\"en_US\" \/>\n<meta property=\"og:type\" content=\"article\" \/>\n<meta property=\"og:title\" content=\"Amoris laetitia \u2013 zach\u0119ta do relatywizmu. 12. Rozdzia\u0142 II (35). Targowisko ofert, konkordaty i \u0142aska. - Tradycja i Wiara\" \/>\n<meta property=\"og:description\" content=\"Posoborowa deklaracja bankructwa Dowiedziawszy si\u0119 w punkcie 34 Amoris laetitia, i\u017c nast\u0119puje punkt 35, kt\u00f3ry brzmi: Wynika z tego, \u017ce Ko\u015bci\u00f3\u0142 przesta\u0142 naucza\u0107, wymaga\u0107 oraz ukazywa\u0107 \u015bwiatu drog\u0119 do zbawienia, a mo\u017ce jedynie nie\u015bmiale proponowa\u0107 swoje \u201eidea\u0142y\u201d, takie jak monogamiczne ma\u0142\u017ce\u0144stwo m\u0119\u017cczyzny i kobiety a\u017c do \u015bmierci. To rzeczywi\u015bcie posoborowa deklaracja bankructwa oraz magisterialne zalegalizowane [&hellip;]\" \/>\n<meta property=\"og:url\" content=\"https:\/\/wobronietradycjiiwiary.com\/en\/amoris-laetitia-zacheta-do-relatywizmu-12-rozdzial-ii-35-targowisko-ofert-konkordaty-i-laska\/\" \/>\n<meta property=\"og:site_name\" content=\"Tradycja i Wiara\" \/>\n<meta property=\"article:publisher\" content=\"https:\/\/www.facebook.com\/Tradycja-i-Wiara-108813920592249\" \/>\n<meta property=\"article:published_time\" content=\"2016-06-04T22:00:26+00:00\" \/>\n<meta property=\"article:modified_time\" content=\"2025-10-27T12:26:01+00:00\" \/>\n<meta property=\"og:image\" content=\"https:\/\/wobronietradycjiiwiary.com\/wp-content\/uploads\/2016\/04\/el_greco_042.jpg\" \/>\n<meta name=\"author\" content=\"Traditio et Fides\" \/>\n<meta name=\"twitter:card\" content=\"summary_large_image\" \/>\n<meta name=\"twitter:label1\" content=\"Written by\" \/>\n\t<meta name=\"twitter:data1\" content=\"Traditio et Fides\" \/>\n\t<meta name=\"twitter:label2\" content=\"Est. reading time\" \/>\n\t<meta name=\"twitter:data2\" content=\"17 minutes\" \/>\n<script type=\"application\/ld+json\" class=\"yoast-schema-graph\">{\"@context\":\"https:\\\/\\\/schema.org\",\"@graph\":[{\"@type\":\"Article\",\"@id\":\"https:\\\/\\\/wobronietradycjiiwiary.com\\\/amoris-laetitia-zacheta-do-relatywizmu-12-rozdzial-ii-35-targowisko-ofert-konkordaty-i-laska\\\/#article\",\"isPartOf\":{\"@id\":\"https:\\\/\\\/wobronietradycjiiwiary.com\\\/amoris-laetitia-zacheta-do-relatywizmu-12-rozdzial-ii-35-targowisko-ofert-konkordaty-i-laska\\\/\"},\"author\":{\"name\":\"Traditio et Fides\",\"@id\":\"https:\\\/\\\/wobronietradycjiiwiary.com\\\/pl\\\/#\\\/schema\\\/person\\\/2d6180ce6abcb681fef0daab7816e8f3\"},\"headline\":\"Amoris laetitia \u2013 zach\u0119ta do relatywizmu. 12. Rozdzia\u0142 II (35). Targowisko ofert, konkordaty i \u0142aska.\",\"datePublished\":\"2016-06-04T22:00:26+00:00\",\"dateModified\":\"2025-10-27T12:26:01+00:00\",\"mainEntityOfPage\":{\"@id\":\"https:\\\/\\\/wobronietradycjiiwiary.com\\\/amoris-laetitia-zacheta-do-relatywizmu-12-rozdzial-ii-35-targowisko-ofert-konkordaty-i-laska\\\/\"},\"wordCount\":3500,\"publisher\":{\"@id\":\"https:\\\/\\\/wobronietradycjiiwiary.com\\\/pl\\\/#organization\"},\"image\":{\"@id\":\"https:\\\/\\\/wobronietradycjiiwiary.com\\\/amoris-laetitia-zacheta-do-relatywizmu-12-rozdzial-ii-35-targowisko-ofert-konkordaty-i-laska\\\/#primaryimage\"},\"thumbnailUrl\":\"https:\\\/\\\/wobronietradycjiiwiary.com\\\/wp-content\\\/uploads\\\/2016\\\/04\\\/el_greco_042-scaled.jpg\",\"keywords\":[\"Amoris laetitia\",\"demon\",\"Herezja formalna\",\"konkordaty\",\"Ko\u015bci\u00f3\u0142 posoborowy\",\"Papie\u017c Franciszek\",\"papie\u017c heretyk\",\"\u0142aska\"],\"articleSection\":[\"Amoris Laetitia\",\"Amoris Laetitia - 3. Rozdzia\u0142 II\"],\"inLanguage\":\"en-US\"},{\"@type\":\"WebPage\",\"@id\":\"https:\\\/\\\/wobronietradycjiiwiary.com\\\/amoris-laetitia-zacheta-do-relatywizmu-12-rozdzial-ii-35-targowisko-ofert-konkordaty-i-laska\\\/\",\"url\":\"https:\\\/\\\/wobronietradycjiiwiary.com\\\/amoris-laetitia-zacheta-do-relatywizmu-12-rozdzial-ii-35-targowisko-ofert-konkordaty-i-laska\\\/\",\"name\":\"Amoris laetitia \u2013 zach\u0119ta do relatywizmu. 12. Rozdzia\u0142 II (35). Targowisko ofert, konkordaty i \u0142aska. - Tradycja i Wiara\",\"isPartOf\":{\"@id\":\"https:\\\/\\\/wobronietradycjiiwiary.com\\\/pl\\\/#website\"},\"primaryImageOfPage\":{\"@id\":\"https:\\\/\\\/wobronietradycjiiwiary.com\\\/amoris-laetitia-zacheta-do-relatywizmu-12-rozdzial-ii-35-targowisko-ofert-konkordaty-i-laska\\\/#primaryimage\"},\"image\":{\"@id\":\"https:\\\/\\\/wobronietradycjiiwiary.com\\\/amoris-laetitia-zacheta-do-relatywizmu-12-rozdzial-ii-35-targowisko-ofert-konkordaty-i-laska\\\/#primaryimage\"},\"thumbnailUrl\":\"https:\\\/\\\/wobronietradycjiiwiary.com\\\/wp-content\\\/uploads\\\/2016\\\/04\\\/el_greco_042-scaled.jpg\",\"datePublished\":\"2016-06-04T22:00:26+00:00\",\"dateModified\":\"2025-10-27T12:26:01+00:00\",\"breadcrumb\":{\"@id\":\"https:\\\/\\\/wobronietradycjiiwiary.com\\\/amoris-laetitia-zacheta-do-relatywizmu-12-rozdzial-ii-35-targowisko-ofert-konkordaty-i-laska\\\/#breadcrumb\"},\"inLanguage\":\"en-US\",\"potentialAction\":[{\"@type\":\"ReadAction\",\"target\":[\"https:\\\/\\\/wobronietradycjiiwiary.com\\\/amoris-laetitia-zacheta-do-relatywizmu-12-rozdzial-ii-35-targowisko-ofert-konkordaty-i-laska\\\/\"]}]},{\"@type\":\"ImageObject\",\"inLanguage\":\"en-US\",\"@id\":\"https:\\\/\\\/wobronietradycjiiwiary.com\\\/amoris-laetitia-zacheta-do-relatywizmu-12-rozdzial-ii-35-targowisko-ofert-konkordaty-i-laska\\\/#primaryimage\",\"url\":\"https:\\\/\\\/wobronietradycjiiwiary.com\\\/wp-content\\\/uploads\\\/2016\\\/04\\\/el_greco_042-scaled.jpg\",\"contentUrl\":\"https:\\\/\\\/wobronietradycjiiwiary.com\\\/wp-content\\\/uploads\\\/2016\\\/04\\\/el_greco_042-scaled.jpg\",\"width\":1920,\"height\":1528,\"caption\":\"Amoris laetitia \u2013 zach\u0119ta do relatywizmu. 4: Rozdzia\u0142 I. Pierwsze wra\u017cenia: Gnostycka wiara w moc l\u0119d\u017awi.\"},{\"@type\":\"BreadcrumbList\",\"@id\":\"https:\\\/\\\/wobronietradycjiiwiary.com\\\/amoris-laetitia-zacheta-do-relatywizmu-12-rozdzial-ii-35-targowisko-ofert-konkordaty-i-laska\\\/#breadcrumb\",\"itemListElement\":[{\"@type\":\"ListItem\",\"position\":1,\"name\":\"Strona g\u0142\u00f3wna\",\"item\":\"https:\\\/\\\/wobronietradycjiiwiary.com\\\/\"},{\"@type\":\"ListItem\",\"position\":2,\"name\":\"Amoris laetitia \u2013 zach\u0119ta do relatywizmu. 12. Rozdzia\u0142 II (35). Targowisko ofert, konkordaty i \u0142aska.\"}]},{\"@type\":\"WebSite\",\"@id\":\"https:\\\/\\\/wobronietradycjiiwiary.com\\\/pl\\\/#website\",\"url\":\"https:\\\/\\\/wobronietradycjiiwiary.com\\\/pl\\\/\",\"name\":\"Tradycja i Wiara\",\"description\":\"Portal dla katolik\u00f3w.\",\"publisher\":{\"@id\":\"https:\\\/\\\/wobronietradycjiiwiary.com\\\/pl\\\/#organization\"},\"potentialAction\":[{\"@type\":\"SearchAction\",\"target\":{\"@type\":\"EntryPoint\",\"urlTemplate\":\"https:\\\/\\\/wobronietradycjiiwiary.com\\\/pl\\\/?s={search_term_string}\"},\"query-input\":{\"@type\":\"PropertyValueSpecification\",\"valueRequired\":true,\"valueName\":\"search_term_string\"}}],\"inLanguage\":\"en-US\"},{\"@type\":\"Organization\",\"@id\":\"https:\\\/\\\/wobronietradycjiiwiary.com\\\/pl\\\/#organization\",\"name\":\"Tradycja i Wiara\",\"url\":\"https:\\\/\\\/wobronietradycjiiwiary.com\\\/pl\\\/\",\"logo\":{\"@type\":\"ImageObject\",\"inLanguage\":\"en-US\",\"@id\":\"https:\\\/\\\/wobronietradycjiiwiary.com\\\/pl\\\/#\\\/schema\\\/logo\\\/image\\\/\",\"url\":\"https:\\\/\\\/i0.wp.com\\\/wobronietradycjiiwiary.com\\\/wp-content\\\/uploads\\\/2015\\\/10\\\/cropped-st-peters-dome-vatican.jpg?fit=940%2C198&ssl=1\",\"contentUrl\":\"https:\\\/\\\/i0.wp.com\\\/wobronietradycjiiwiary.com\\\/wp-content\\\/uploads\\\/2015\\\/10\\\/cropped-st-peters-dome-vatican.jpg?fit=940%2C198&ssl=1\",\"width\":940,\"height\":198,\"caption\":\"Tradycja i Wiara\"},\"image\":{\"@id\":\"https:\\\/\\\/wobronietradycjiiwiary.com\\\/pl\\\/#\\\/schema\\\/logo\\\/image\\\/\"},\"sameAs\":[\"https:\\\/\\\/www.facebook.com\\\/Tradycja-i-Wiara-108813920592249\"]},{\"@type\":\"Person\",\"@id\":\"https:\\\/\\\/wobronietradycjiiwiary.com\\\/pl\\\/#\\\/schema\\\/person\\\/2d6180ce6abcb681fef0daab7816e8f3\",\"name\":\"Traditio et Fides\",\"sameAs\":[\"https:\\\/\\\/traditionundglauben.com\"],\"url\":\"https:\\\/\\\/wobronietradycjiiwiary.com\\\/en\\\/author\\\/wobronietradycjiiwiary\\\/\"}]}<\/script>\n<!-- \/ Yoast SEO plugin. -->","yoast_head_json":{"title":"Amoris laetitia \u2013 zach\u0119ta do relatywizmu. 12. Rozdzia\u0142 II (35). Targowisko ofert, konkordaty i \u0142aska. - Tradycja i Wiara","robots":{"index":"index","follow":"follow","max-snippet":"max-snippet:-1","max-image-preview":"max-image-preview:large","max-video-preview":"max-video-preview:-1"},"canonical":"https:\/\/wobronietradycjiiwiary.com\/en\/amoris-laetitia-zacheta-do-relatywizmu-12-rozdzial-ii-35-targowisko-ofert-konkordaty-i-laska\/","og_locale":"en_US","og_type":"article","og_title":"Amoris laetitia \u2013 zach\u0119ta do relatywizmu. 12. Rozdzia\u0142 II (35). Targowisko ofert, konkordaty i \u0142aska. - Tradycja i Wiara","og_description":"Posoborowa deklaracja bankructwa Dowiedziawszy si\u0119 w punkcie 34 Amoris laetitia, i\u017c nast\u0119puje punkt 35, kt\u00f3ry brzmi: Wynika z tego, \u017ce Ko\u015bci\u00f3\u0142 przesta\u0142 naucza\u0107, wymaga\u0107 oraz ukazywa\u0107 \u015bwiatu drog\u0119 do zbawienia, a mo\u017ce jedynie nie\u015bmiale proponowa\u0107 swoje \u201eidea\u0142y\u201d, takie jak monogamiczne ma\u0142\u017ce\u0144stwo m\u0119\u017cczyzny i kobiety a\u017c do \u015bmierci. To rzeczywi\u015bcie posoborowa deklaracja bankructwa oraz magisterialne zalegalizowane [&hellip;]","og_url":"https:\/\/wobronietradycjiiwiary.com\/en\/amoris-laetitia-zacheta-do-relatywizmu-12-rozdzial-ii-35-targowisko-ofert-konkordaty-i-laska\/","og_site_name":"Tradycja i Wiara","article_publisher":"https:\/\/www.facebook.com\/Tradycja-i-Wiara-108813920592249","article_published_time":"2016-06-04T22:00:26+00:00","article_modified_time":"2025-10-27T12:26:01+00:00","og_image":[{"url":"https:\/\/wobronietradycjiiwiary.com\/wp-content\/uploads\/2016\/04\/el_greco_042.jpg","type":"","width":"","height":""}],"author":"Traditio et Fides","twitter_card":"summary_large_image","twitter_misc":{"Written by":"Traditio et Fides","Est. reading time":"17 minutes"},"schema":{"@context":"https:\/\/schema.org","@graph":[{"@type":"Article","@id":"https:\/\/wobronietradycjiiwiary.com\/amoris-laetitia-zacheta-do-relatywizmu-12-rozdzial-ii-35-targowisko-ofert-konkordaty-i-laska\/#article","isPartOf":{"@id":"https:\/\/wobronietradycjiiwiary.com\/amoris-laetitia-zacheta-do-relatywizmu-12-rozdzial-ii-35-targowisko-ofert-konkordaty-i-laska\/"},"author":{"name":"Traditio et Fides","@id":"https:\/\/wobronietradycjiiwiary.com\/pl\/#\/schema\/person\/2d6180ce6abcb681fef0daab7816e8f3"},"headline":"Amoris laetitia \u2013 zach\u0119ta do relatywizmu. 12. Rozdzia\u0142 II (35). Targowisko ofert, konkordaty i \u0142aska.","datePublished":"2016-06-04T22:00:26+00:00","dateModified":"2025-10-27T12:26:01+00:00","mainEntityOfPage":{"@id":"https:\/\/wobronietradycjiiwiary.com\/amoris-laetitia-zacheta-do-relatywizmu-12-rozdzial-ii-35-targowisko-ofert-konkordaty-i-laska\/"},"wordCount":3500,"publisher":{"@id":"https:\/\/wobronietradycjiiwiary.com\/pl\/#organization"},"image":{"@id":"https:\/\/wobronietradycjiiwiary.com\/amoris-laetitia-zacheta-do-relatywizmu-12-rozdzial-ii-35-targowisko-ofert-konkordaty-i-laska\/#primaryimage"},"thumbnailUrl":"https:\/\/wobronietradycjiiwiary.com\/wp-content\/uploads\/2016\/04\/el_greco_042-scaled.jpg","keywords":["Amoris laetitia","demon","Herezja formalna","konkordaty","Ko\u015bci\u00f3\u0142 posoborowy","Papie\u017c Franciszek","papie\u017c heretyk","\u0142aska"],"articleSection":["Amoris Laetitia","Amoris Laetitia - 3. Rozdzia\u0142 II"],"inLanguage":"en-US"},{"@type":"WebPage","@id":"https:\/\/wobronietradycjiiwiary.com\/amoris-laetitia-zacheta-do-relatywizmu-12-rozdzial-ii-35-targowisko-ofert-konkordaty-i-laska\/","url":"https:\/\/wobronietradycjiiwiary.com\/amoris-laetitia-zacheta-do-relatywizmu-12-rozdzial-ii-35-targowisko-ofert-konkordaty-i-laska\/","name":"Amoris laetitia \u2013 zach\u0119ta do relatywizmu. 12. Rozdzia\u0142 II (35). Targowisko ofert, konkordaty i \u0142aska. - Tradycja i Wiara","isPartOf":{"@id":"https:\/\/wobronietradycjiiwiary.com\/pl\/#website"},"primaryImageOfPage":{"@id":"https:\/\/wobronietradycjiiwiary.com\/amoris-laetitia-zacheta-do-relatywizmu-12-rozdzial-ii-35-targowisko-ofert-konkordaty-i-laska\/#primaryimage"},"image":{"@id":"https:\/\/wobronietradycjiiwiary.com\/amoris-laetitia-zacheta-do-relatywizmu-12-rozdzial-ii-35-targowisko-ofert-konkordaty-i-laska\/#primaryimage"},"thumbnailUrl":"https:\/\/wobronietradycjiiwiary.com\/wp-content\/uploads\/2016\/04\/el_greco_042-scaled.jpg","datePublished":"2016-06-04T22:00:26+00:00","dateModified":"2025-10-27T12:26:01+00:00","breadcrumb":{"@id":"https:\/\/wobronietradycjiiwiary.com\/amoris-laetitia-zacheta-do-relatywizmu-12-rozdzial-ii-35-targowisko-ofert-konkordaty-i-laska\/#breadcrumb"},"inLanguage":"en-US","potentialAction":[{"@type":"ReadAction","target":["https:\/\/wobronietradycjiiwiary.com\/amoris-laetitia-zacheta-do-relatywizmu-12-rozdzial-ii-35-targowisko-ofert-konkordaty-i-laska\/"]}]},{"@type":"ImageObject","inLanguage":"en-US","@id":"https:\/\/wobronietradycjiiwiary.com\/amoris-laetitia-zacheta-do-relatywizmu-12-rozdzial-ii-35-targowisko-ofert-konkordaty-i-laska\/#primaryimage","url":"https:\/\/wobronietradycjiiwiary.com\/wp-content\/uploads\/2016\/04\/el_greco_042-scaled.jpg","contentUrl":"https:\/\/wobronietradycjiiwiary.com\/wp-content\/uploads\/2016\/04\/el_greco_042-scaled.jpg","width":1920,"height":1528,"caption":"Amoris laetitia \u2013 zach\u0119ta do relatywizmu. 4: Rozdzia\u0142 I. Pierwsze wra\u017cenia: Gnostycka wiara w moc l\u0119d\u017awi."},{"@type":"BreadcrumbList","@id":"https:\/\/wobronietradycjiiwiary.com\/amoris-laetitia-zacheta-do-relatywizmu-12-rozdzial-ii-35-targowisko-ofert-konkordaty-i-laska\/#breadcrumb","itemListElement":[{"@type":"ListItem","position":1,"name":"Strona g\u0142\u00f3wna","item":"https:\/\/wobronietradycjiiwiary.com\/"},{"@type":"ListItem","position":2,"name":"Amoris laetitia \u2013 zach\u0119ta do relatywizmu. 12. Rozdzia\u0142 II (35). Targowisko ofert, konkordaty i \u0142aska."}]},{"@type":"WebSite","@id":"https:\/\/wobronietradycjiiwiary.com\/pl\/#website","url":"https:\/\/wobronietradycjiiwiary.com\/pl\/","name":"Tradycja i Wiara","description":"Portal dla katolik\u00f3w.","publisher":{"@id":"https:\/\/wobronietradycjiiwiary.com\/pl\/#organization"},"potentialAction":[{"@type":"SearchAction","target":{"@type":"EntryPoint","urlTemplate":"https:\/\/wobronietradycjiiwiary.com\/pl\/?s={search_term_string}"},"query-input":{"@type":"PropertyValueSpecification","valueRequired":true,"valueName":"search_term_string"}}],"inLanguage":"en-US"},{"@type":"Organization","@id":"https:\/\/wobronietradycjiiwiary.com\/pl\/#organization","name":"Tradycja i Wiara","url":"https:\/\/wobronietradycjiiwiary.com\/pl\/","logo":{"@type":"ImageObject","inLanguage":"en-US","@id":"https:\/\/wobronietradycjiiwiary.com\/pl\/#\/schema\/logo\/image\/","url":"https:\/\/i0.wp.com\/wobronietradycjiiwiary.com\/wp-content\/uploads\/2015\/10\/cropped-st-peters-dome-vatican.jpg?fit=940%2C198&ssl=1","contentUrl":"https:\/\/i0.wp.com\/wobronietradycjiiwiary.com\/wp-content\/uploads\/2015\/10\/cropped-st-peters-dome-vatican.jpg?fit=940%2C198&ssl=1","width":940,"height":198,"caption":"Tradycja i Wiara"},"image":{"@id":"https:\/\/wobronietradycjiiwiary.com\/pl\/#\/schema\/logo\/image\/"},"sameAs":["https:\/\/www.facebook.com\/Tradycja-i-Wiara-108813920592249"]},{"@type":"Person","@id":"https:\/\/wobronietradycjiiwiary.com\/pl\/#\/schema\/person\/2d6180ce6abcb681fef0daab7816e8f3","name":"Traditio et Fides","sameAs":["https:\/\/traditionundglauben.com"],"url":"https:\/\/wobronietradycjiiwiary.com\/en\/author\/wobronietradycjiiwiary\/"}]}},"jetpack_publicize_connections":[],"jetpack_sharing_enabled":true,"jetpack_likes_enabled":true,"jetpack_shortlink":"https:\/\/wp.me\/pc04Sd-2oc","jetpack-related-posts":[{"id":9785,"url":"https:\/\/wobronietradycjiiwiary.com\/en\/prosba-liderow-katolickich-do-papieza-w-sprawie-amoris-laetitia\/","url_meta":{"origin":9188,"position":0},"title":"Pro\u015bba lider\u00f3w katolickich do papie\u017ca w sprawie Amoris Laetitia","author":"Traditio et Fides","date":"14 July 2016","format":false,"excerpt":"Z rado\u015bci\u0105 publikujemy za onepeterfive inicjatyw\u0119 g\u0142\u00f3wnie ameryka\u0144skich katolik\u00f3w prosz\u0105cych papie\u017ca Franciszka o poprawienie b\u0142\u0119d\u00f3w Amoris Laetitia. Powy\u017cej wersja skr\u00f3cona z podtytu\u0142ami polskimi autorstwa naszego czytelnika, poni\u017cej wersja pe\u0142na. Znajomo\u015b\u0107 angielskiego jest dla wersji d\u0142u\u017cszej niestety konieczna, ale klikni\u0119cie na podtytu\u0142y w youtube umo\u017cliwia czytanie tekstu i z pewno\u015bci\u0105 b\u0119dzie\u2026","rel":"","context":"In &quot;Amoris Laetitia&quot;","block_context":{"text":"Amoris Laetitia","link":"https:\/\/wobronietradycjiiwiary.com\/en\/category\/polemika\/kosciol-posoborowy\/papieze\/papiez-franciszek\/amoris-laetitia\/"},"img":{"alt_text":"","src":"","width":0,"height":0},"classes":[]},{"id":9126,"url":"https:\/\/wobronietradycjiiwiary.com\/en\/amoris-laetitia-zacheta-do-relatywizmu-10-rozdzial-ii-34-malzenstwo-nieosiagalnym-idealem\/","url_meta":{"origin":9188,"position":1},"title":"Amoris laetitia \u2013 zach\u0119ta do relatywizmu. 10.  Rozdzia\u0142 II (34). Ma\u0142\u017ce\u0144stwo nieosi\u0105galnym idea\u0142em.","author":"Traditio et Fides","date":"19 May 2016","format":false,"excerpt":"Ma\u0142\u017ce\u0144stwo idea\u0142em kulturowo nieosi\u0105galnym Po ustaleniu paradygmatu \u201ezmiany antropologiczno-kulturowej\u201d (AL 32) oraz przy \u015bwiadomo\u015bci \u201ezasadniczej orientacji zmian antropologiczno-kulturowy\u201d (tam\u017ce), kt\u00f3re najwyra\u017aniej \u201enie pozwalaj\u0105 na nieroztropne trwanie form i wzor\u00f3w z przesz\u0142o\u015bci,\u201d[1] przypuszczalnie takich jak m\u0119\u017cczyzna, kobieta, dziecko, rodzina, nast\u0119puje w punkcie 33 Amoris Laetitia lawina heterodoksji lub jak okre\u015bla to\u2026","rel":"","context":"In &quot;Amoris Laetitia&quot;","block_context":{"text":"Amoris Laetitia","link":"https:\/\/wobronietradycjiiwiary.com\/en\/category\/polemika\/kosciol-posoborowy\/papieze\/papiez-franciszek\/amoris-laetitia\/"},"img":{"alt_text":"El_Greco_042","src":"https:\/\/i0.wp.com\/wobronietradycjiiwiary.com\/wp-content\/uploads\/2016\/04\/el_greco_042.jpg?resize=350%2C200&ssl=1","width":350,"height":200,"srcset":"https:\/\/i0.wp.com\/wobronietradycjiiwiary.com\/wp-content\/uploads\/2016\/04\/el_greco_042.jpg?resize=350%2C200&ssl=1 1x, https:\/\/i0.wp.com\/wobronietradycjiiwiary.com\/wp-content\/uploads\/2016\/04\/el_greco_042.jpg?resize=525%2C300&ssl=1 1.5x, https:\/\/i0.wp.com\/wobronietradycjiiwiary.com\/wp-content\/uploads\/2016\/04\/el_greco_042.jpg?resize=700%2C400&ssl=1 2x"},"classes":[]},{"id":9982,"url":"https:\/\/wobronietradycjiiwiary.com\/en\/list-45-lub-adhortacja-apostolska-amoris-laetitia-krytyka-teologiczna-1-wstep\/","url_meta":{"origin":9188,"position":2},"title":"List 45 lub Adhortacja apostolska Amoris laetitia: krytyka teologiczna. 1. Wst\u0119p","author":"Traditio et Fides","date":"5 August 2016","format":false,"excerpt":"Dzi\u0119ki uprzejmo\u015bci naszego czytelnika Mir, kt\u00f3ry nas o tym poinformowa\u0142 oraz wysi\u0142kowi anonimowego t\u0142umacza, mo\u017cemy zaprezentowa\u0107 niniejszym polsk\u0105 wersj\u0119 listu i cenzur 45 opublikowan\u0105 na glorii.tv. Co prawda list ten mo\u017cna przeczyta\u0107 tak\u017ce gdzie indziej w ca\u0142o\u015bci, ale my b\u0119dziemy publikowa\u0107 go tak\u017ce na naszych \u0142amach w odcinkach, gdy\u017c kochanej\u2026","rel":"","context":"In &quot;Amoris Laetitia&quot;","block_context":{"text":"Amoris Laetitia","link":"https:\/\/wobronietradycjiiwiary.com\/en\/category\/polemika\/kosciol-posoborowy\/papieze\/papiez-franciszek\/amoris-laetitia\/"},"img":{"alt_text":"scholasticum","src":"https:\/\/i0.wp.com\/wobronietradycjiiwiary.com\/wp-content\/uploads\/2016\/08\/scholasticum.png?resize=350%2C200&ssl=1","width":350,"height":200,"srcset":"https:\/\/i0.wp.com\/wobronietradycjiiwiary.com\/wp-content\/uploads\/2016\/08\/scholasticum.png?resize=350%2C200&ssl=1 1x, https:\/\/i0.wp.com\/wobronietradycjiiwiary.com\/wp-content\/uploads\/2016\/08\/scholasticum.png?resize=525%2C300&ssl=1 1.5x"},"classes":[]},{"id":14994,"url":"https:\/\/wobronietradycjiiwiary.com\/en\/reinterpretacja-w-swietle-amoris-laetitia-lub-ciurlac-im-sie-chce-ciurlac\/","url_meta":{"origin":9188,"position":3},"title":"Reinterpretacja w \u015bwietle Amoris Laetitia lub &#8220;ciurla\u0107 im si\u0119 chce, ciurla\u0107&#8221;.","author":"Traditio et Fides","date":"12 January 2018","format":false,"excerpt":"W niedawnym wywiadzie, kt\u00f3ry umieszczamy poni\u017cej, kardyna\u0142 Parolin przyzna\u0142 co\u015b, o czym m\u00f3wiono po cichu, a co teraz sta\u0142o si\u0119 oficjaln\u0105 nauk\u0105 begolia\u0144skiego Anty-Ko\u015bcio\u0142a, bo przecie\u017c nie odwieczn\u0105 nauk\u0105 Ko\u015bcio\u0142a Katolickiego. Ot\u00f3\u017c Amoris Laetitia jest nowym paradygmatem, wedle kt\u00f3rego interpretowa\u0107 nale\u017cy wszystko, co by\u0142o dotychczas. Osobom, kt\u00f3re nie wiedz\u0105, co\u2026","rel":"","context":"In &quot;Krytyka w\u0142asna&quot;","block_context":{"text":"Krytyka w\u0142asna","link":"https:\/\/wobronietradycjiiwiary.com\/en\/category\/polemika\/kosciol-posoborowy\/papieze\/papiez-franciszek\/amoris-laetitia\/krytyka-wlasna\/"},"img":{"alt_text":"B0idaAyIIAASpVt","src":"https:\/\/wobronietradycjiiwiaryblog.files.wordpress.com\/2018\/01\/b0idaayiiaaspvt.jpg?w=350&h=200&crop=1","width":350,"height":200,"srcset":"https:\/\/wobronietradycjiiwiaryblog.files.wordpress.com\/2018\/01\/b0idaayiiaaspvt.jpg?w=350&h=200&crop=1 1x, https:\/\/wobronietradycjiiwiaryblog.files.wordpress.com\/2018\/01\/b0idaayiiaaspvt.jpg?w=525&h=300&crop=1 1.5x"},"classes":[]},{"id":16294,"url":"https:\/\/wobronietradycjiiwiary.com\/en\/correctio-filialis-po-polsku-3-z-5\/","url_meta":{"origin":9188,"position":4},"title":"Correctio filialis po polsku (3 z 4)","author":"Traditio et Fides","date":"5 January 2018","format":false,"excerpt":"W niniejszej cz\u0119\u015bci nast\u0119puje dowiedzenie tezy, i\u017c Franciszek heretyck\u0105 interpretacj\u0119 Amoris Laetitia, gdy\u017c wbrew temu, co twierdzi kardyna\u0142 M\u00fcller nie ma \u017cadnej innej, rzeczywi\u015bcie propagowa\u0142 sam lub przez swoich przedstawicieli. Wypowiedzi, akty i zaniedbania Waszej \u015awi\u0105tobliwo\u015bci, do kt\u00f3rych pragniemy si\u0119 odnie\u015b\u0107, a kt\u00f3re w po\u0142\u0105czeniu z powy\u017cszymi ust\u0119pami Amoris l\u00e6titia\u2026","rel":"","context":"In &quot;Correctio filialis&quot;","block_context":{"text":"Correctio filialis","link":"https:\/\/wobronietradycjiiwiary.com\/en\/category\/polemika\/kosciol-posoborowy\/papieze\/papiez-franciszek\/correctio-filialis\/"},"img":{"alt_text":"Peter and Paul popup 1","src":"https:\/\/i0.wp.com\/wobronietradycjiiwiary.com\/wp-content\/uploads\/2017\/11\/peter-and-paul-popup-1.jpg?resize=350%2C200&ssl=1","width":350,"height":200,"srcset":"https:\/\/i0.wp.com\/wobronietradycjiiwiary.com\/wp-content\/uploads\/2017\/11\/peter-and-paul-popup-1.jpg?resize=350%2C200&ssl=1 1x, https:\/\/i0.wp.com\/wobronietradycjiiwiary.com\/wp-content\/uploads\/2017\/11\/peter-and-paul-popup-1.jpg?resize=525%2C300&ssl=1 1.5x"},"classes":[]},{"id":9913,"url":"https:\/\/wobronietradycjiiwiary.com\/en\/inni-tez-cenzuruja-franciszka-lub-list-45-opublikowany\/","url_meta":{"origin":9188,"position":5},"title":"Inni te\u017c  cenzuruj\u0105 Franciszka lub list 45 opublikowany","author":"Traditio et Fides","date":"29 July 2016","format":false,"excerpt":"Jak dowiedzieli\u015bmy si\u0119 dzisiaj z portalu onepeterfive.com ujawnione ju\u017c zosta\u0142y nie tylko nazwiska sygnatariuszy listu 45 teolog\u00f3w, filozof\u00f3w i pra\u0142at\u00f3w krytykuj\u0105cych Amoris Laetitia, lecz tak\u017ce ujawnione zosta\u0142y cenzury teologiczne przez nich wypowiedziane. Poniewa\u017c nasza redakcja bardzo si\u0119 cieszy, kiedy nie musi robi\u0107 wszystkiego sama, dlatego przedsi\u0119wzi\u0119cie 45 os\u00f3b jest jak\u2026","rel":"","context":"In &quot;Amoris Laetitia&quot;","block_context":{"text":"Amoris Laetitia","link":"https:\/\/wobronietradycjiiwiary.com\/en\/category\/polemika\/kosciol-posoborowy\/papieze\/papiez-franciszek\/amoris-laetitia\/"},"img":{"alt_text":"","src":"https:\/\/i0.wp.com\/wobronietradycjiiwiary.com\/wp-content\/uploads\/2016\/07\/romanelli_-_the_meeting_of_the_countess_matilda_and_anselm_of_canterbury_in_the_presence_of_pope_urban_ii.jpg?resize=350%2C200&ssl=1","width":350,"height":200,"srcset":"https:\/\/i0.wp.com\/wobronietradycjiiwiary.com\/wp-content\/uploads\/2016\/07\/romanelli_-_the_meeting_of_the_countess_matilda_and_anselm_of_canterbury_in_the_presence_of_pope_urban_ii.jpg?resize=350%2C200&ssl=1 1x, https:\/\/i0.wp.com\/wobronietradycjiiwiary.com\/wp-content\/uploads\/2016\/07\/romanelli_-_the_meeting_of_the_countess_matilda_and_anselm_of_canterbury_in_the_presence_of_pope_urban_ii.jpg?resize=525%2C300&ssl=1 1.5x"},"classes":[]}],"amp_enabled":true,"jetpack_featured_media_url":"https:\/\/wobronietradycjiiwiary.com\/wp-content\/uploads\/2016\/04\/el_greco_042-scaled.jpg","_links":{"self":[{"href":"https:\/\/wobronietradycjiiwiary.com\/en\/wp-json\/wp\/v2\/posts\/9188","targetHints":{"allow":["GET"]}}],"collection":[{"href":"https:\/\/wobronietradycjiiwiary.com\/en\/wp-json\/wp\/v2\/posts"}],"about":[{"href":"https:\/\/wobronietradycjiiwiary.com\/en\/wp-json\/wp\/v2\/types\/post"}],"author":[{"embeddable":true,"href":"https:\/\/wobronietradycjiiwiary.com\/en\/wp-json\/wp\/v2\/users\/60508433"}],"replies":[{"embeddable":true,"href":"https:\/\/wobronietradycjiiwiary.com\/en\/wp-json\/wp\/v2\/comments?post=9188"}],"version-history":[{"count":11,"href":"https:\/\/wobronietradycjiiwiary.com\/en\/wp-json\/wp\/v2\/posts\/9188\/revisions"}],"predecessor-version":[{"id":155337,"href":"https:\/\/wobronietradycjiiwiary.com\/en\/wp-json\/wp\/v2\/posts\/9188\/revisions\/155337"}],"wp:featuredmedia":[{"embeddable":true,"href":"https:\/\/wobronietradycjiiwiary.com\/en\/wp-json\/wp\/v2\/media\/8879"}],"wp:attachment":[{"href":"https:\/\/wobronietradycjiiwiary.com\/en\/wp-json\/wp\/v2\/media?parent=9188"}],"wp:term":[{"taxonomy":"category","embeddable":true,"href":"https:\/\/wobronietradycjiiwiary.com\/en\/wp-json\/wp\/v2\/categories?post=9188"},{"taxonomy":"post_tag","embeddable":true,"href":"https:\/\/wobronietradycjiiwiary.com\/en\/wp-json\/wp\/v2\/tags?post=9188"}],"curies":[{"name":"wp","href":"https:\/\/api.w.org\/{rel}","templated":true}]}}