{"id":8986,"date":"2016-04-26T08:00:25","date_gmt":"2016-04-26T06:00:25","guid":{"rendered":"https:\/\/wobronietradycjiiwiary.com\/?p=8986"},"modified":"2026-02-03T15:41:35","modified_gmt":"2026-02-03T14:41:35","slug":"wykaz-cenzur-koscielnych-3-o-cenzurach-w-szczegolnosci","status":"publish","type":"post","link":"https:\/\/wobronietradycjiiwiary.com\/en\/wykaz-cenzur-koscielnych-3-o-cenzurach-w-szczegolnosci\/","title":{"rendered":"Wykaz cenzur ko\u015bcielnych (3 z 3):  3. O cenzurach w szczeg\u00f3lno\u015bci."},"content":{"rendered":"<div id=\"bsf_rt_marker\"><\/div><p>Po dw\u00f3ch wst\u0119pnych odcinkach przyst\u0119pujemy do w\u0142a\u015bciwego wyliczenia cenzur ko\u015bcielnych.[1] Pe\u0142en wykaz poni\u017cszych cenzur wraz z ich konkretnym zastosowaniem zawiera&hellip;<\/p>\n<div style=\"text-align: center\">\n<p>&nbsp;<\/p>\n<\/div>\n<h2 style=\"border: 5px solid #0000A0;padding: 1em;text-align: center\"><span style=\"color: #000000\">Pe\u0142en dost\u0119p dla <span style=\"color: #00ccff\"><a style=\"color: #00ccff\" href=\"https:\/\/wobronietradycjiiwiary.com\/subskrypcje-2\/\" target=\"_blank\" rel=\"noopener\">subskrybent\u00f3w<\/a><\/span>.<\/span><br \/>\n<span style=\"color: #3366ff\"><a style=\"color: #3366ff\" href=\"https:\/\/wobronietradycjiiwiary.com\/account\/login\/\" target=\"_blank\" rel=\"noopener\"><span style=\"color: #00ccff\">Zaloguj<\/span><\/a> <\/span>si\u0119 lub przejd\u017a do <a href=\"https:\/\/wobronietradycjiiwiary.com\/register\/\"><span style=\"color: #3366ff\">Rejestracji<\/span><\/a>.<\/h2>\n<div>\n<p style=\"text-align: center\"><a href=\"https:\/\/wobronietradycjiiwiary.com\/pl\/subskrypcje-2\/cennik\/\" target=\"_blank\" rel=\"noopener\"><span style=\"color: #000080;font-size: 24pt\"><strong>Nowe ni\u017csze ceny<\/strong><\/span><\/a><\/p>\n<p style=\"text-align: center\"><strong><span style=\"font-size: 18pt;color: #000080\">P\u0142atno\u015b\u0107 kart\u0105<\/span><\/strong><\/p>\n<\/div>\n<h3 style=\"text-align: center\"><a href=\"https:\/\/wobronietradycjiiwiary.com\/pl\/subskrypcje-2\/automatyczne\/indywidualne\/\" target=\"_blank\" rel=\"noopener\"><img fetchpriority=\"high\" decoding=\"async\" class=\"alignnone size-medium wp-image-80433\" src=\"https:\/\/wobronietradycjiiwiary.com\/wp-content\/uploads\/2022\/11\/Unbenannt-1-Online-1-300x202.jpg\" alt=\"\" width=\"300\" height=\"202\" srcset=\"https:\/\/wobronietradycjiiwiary.com\/wp-content\/uploads\/2022\/11\/Unbenannt-1-Online-1-300x202.jpg 300w, https:\/\/wobronietradycjiiwiary.com\/wp-content\/uploads\/2022\/11\/Unbenannt-1-Online-1-150x101.jpg 150w, https:\/\/wobronietradycjiiwiary.com\/wp-content\/uploads\/2022\/11\/Unbenannt-1-Online-1-18x12.jpg 18w, https:\/\/wobronietradycjiiwiary.com\/wp-content\/uploads\/2022\/11\/Unbenannt-1-Online-1.jpg 446w\" sizes=\"(max-width: 300px) 100vw, 300px\" \/><\/a><\/h3>\n<p style=\"text-align: center\"><strong><span style=\"font-size: 18pt;color: #000080\">P\u0142atno\u015b\u0107 przelewem<\/span><\/strong><\/p>\n<p><a href=\"https:\/\/wobronietradycjiiwiary.com\/pl\/subskrypcje-2\/automatyczne\/indywidualne\/\" target=\"_blank\" rel=\"noopener\"><img decoding=\"async\" class=\"size-medium wp-image-80434 aligncenter\" src=\"https:\/\/wobronietradycjiiwiary.com\/wp-content\/uploads\/2022\/11\/Unbenannt-1-Przelewem-300x137.jpg\" alt=\"\" width=\"300\" height=\"137\" srcset=\"https:\/\/wobronietradycjiiwiary.com\/wp-content\/uploads\/2022\/11\/Unbenannt-1-Przelewem-300x137.jpg 300w, https:\/\/wobronietradycjiiwiary.com\/wp-content\/uploads\/2022\/11\/Unbenannt-1-Przelewem-450x206.jpg 450w, https:\/\/wobronietradycjiiwiary.com\/wp-content\/uploads\/2022\/11\/Unbenannt-1-Przelewem-600x274.jpg 600w, https:\/\/wobronietradycjiiwiary.com\/wp-content\/uploads\/2022\/11\/Unbenannt-1-Przelewem-150x69.jpg 150w, https:\/\/wobronietradycjiiwiary.com\/wp-content\/uploads\/2022\/11\/Unbenannt-1-Przelewem-18x8.jpg 18w, https:\/\/wobronietradycjiiwiary.com\/wp-content\/uploads\/2022\/11\/Unbenannt-1-Przelewem.jpg 676w\" sizes=\"(max-width: 300px) 100vw, 300px\" \/><\/a><\/p>\n<p style=\"text-align: center\"><strong><span style=\"font-size: 18pt;color: #000080\">P\u0142atno\u015b\u0107 kart\u0105 do 6 os\u00f3b<\/span><\/strong><\/p>\n<p><a href=\"https:\/\/wobronietradycjiiwiary.com\/pl\/rodzinne\/\" target=\"_blank\" rel=\"noopener\"><img decoding=\"async\" class=\"size-medium wp-image-80435 aligncenter\" src=\"https:\/\/wobronietradycjiiwiary.com\/wp-content\/uploads\/2022\/11\/Unbenannt-1-Rodzinna-300x208.jpg\" alt=\"\" width=\"300\" height=\"208\" srcset=\"https:\/\/wobronietradycjiiwiary.com\/wp-content\/uploads\/2022\/11\/Unbenannt-1-Rodzinna-300x208.jpg 300w, https:\/\/wobronietradycjiiwiary.com\/wp-content\/uploads\/2022\/11\/Unbenannt-1-Rodzinna-150x104.jpg 150w, https:\/\/wobronietradycjiiwiary.com\/wp-content\/uploads\/2022\/11\/Unbenannt-1-Rodzinna-18x12.jpg 18w, https:\/\/wobronietradycjiiwiary.com\/wp-content\/uploads\/2022\/11\/Unbenannt-1-Rodzinna.jpg 448w\" sizes=\"(max-width: 300px) 100vw, 300px\" \/><\/a><\/p>\n<h3 style=\"text-align: center\"><\/h3>\n<h1 style=\"text-align: center\"><\/h1>\n","protected":false},"excerpt":{"rendered":"<p>Po dw\u00f3ch wst\u0119pnych odcinkach przyst\u0119pujemy do w\u0142a\u015bciwego wyliczenia cenzur ko\u015bcielnych.[1] Pe\u0142en wykaz poni\u017cszych cenzur wraz z ich konkretnym zastosowaniem zawiera&hellip; &nbsp; Pe\u0142en dost\u0119p dla subskrybent\u00f3w. Zaloguj si\u0119 lub przejd\u017a do Rejestracji. Nowe ni\u017csze ceny P\u0142atno\u015b\u0107 kart\u0105 P\u0142atno\u015b\u0107 przelewem P\u0142atno\u015b\u0107 kart\u0105 do 6 os\u00f3b<\/p>\n","protected":false},"author":60508433,"featured_media":8969,"comment_status":"closed","ping_status":"closed","sticky":false,"template":"","format":"standard","meta":{"_bbp_topic_count":0,"_bbp_reply_count":0,"_bbp_total_topic_count":0,"_bbp_total_reply_count":0,"_bbp_voice_count":0,"_bbp_anonymous_reply_count":0,"_bbp_topic_count_hidden":0,"_bbp_reply_count_hidden":0,"_bbp_forum_subforum_count":0,"_editorskit_title_hidden":false,"_editorskit_reading_time":8,"_editorskit_is_block_options_detached":false,"_editorskit_block_options_position":"{}","_coblocks_attr":"","_coblocks_dimensions":"","_coblocks_responsive_height":"","_coblocks_accordion_ie_support":"","_exactmetrics_skip_tracking":false,"_jetpack_newsletter_access":"","_jetpack_dont_email_post_to_subs":false,"_jetpack_newsletter_tier_id":0,"_jetpack_memberships_contains_paywalled_content":false,"_wpcom_ai_launchpad_first_post":false,"_jetpack_feature_clip_id":0,"_jetpack_memberships_contains_paid_content":false,"footnotes":"","jetpack_publicize_message":"{title}\n\n{excerpt}\n\n{url}","jetpack_publicize_feature_enabled":true,"jetpack_social_post_already_shared":true,"jetpack_social_options":{"image_generator_settings":{"template":"highway","default_image_id":0,"font":"","enabled":false},"version":2},"_wpas_customize_per_network":false,"jetpack_post_was_ever_published":false},"categories":[207790346,610131185,326334622],"tags":[610130700,610130701,483218861,249892678,1958002,610130690,334160515,610132562,610132133],"class_list":["post-8986","post","type-post","status-publish","format-standard","has-post-thumbnail","hentry","category-censurae","category-doktryna","category-teologia-jako-nauka","tag-amoris-laetitia","tag-cenzury-koscielne","tag-herezja-formalna","tag-herezje-papiezy","tag-jan-pawel-ii","tag-papiez-franciszek","tag-papiez-heretyk","tag-premium","tag-restricted"],"yoast_head":"<!-- This site is optimized with the Yoast SEO plugin v28.4 - https:\/\/yoast.com\/product\/yoast-seo-wordpress\/ -->\n<title>Wykaz cenzur ko\u015bcielnych (3 z 3): 3. O cenzurach w szczeg\u00f3lno\u015bci. - Tradycja i Wiara<\/title>\n<meta name=\"robots\" content=\"index, follow, max-snippet:-1, max-image-preview:large, max-video-preview:-1\" \/>\n<link rel=\"canonical\" href=\"https:\/\/wobronietradycjiiwiary.com\/en\/wykaz-cenzur-koscielnych-3-o-cenzurach-w-szczegolnosci\/\" \/>\n<meta property=\"og:locale\" content=\"en_US\" \/>\n<meta property=\"og:type\" content=\"article\" \/>\n<meta property=\"og:title\" content=\"Wykaz cenzur ko\u015bcielnych (3 z 3): 3. O cenzurach w szczeg\u00f3lno\u015bci. - Tradycja i Wiara\" \/>\n<meta property=\"og:description\" content=\"Po dw\u00f3ch wst\u0119pnych odcinkach przyst\u0119pujemy do w\u0142a\u015bciwego wyliczenia cenzur ko\u015bcielnych.[1] Pe\u0142en wykaz poni\u017cszych cenzur wraz z ich konkretnym zastosowaniem zawiera&hellip; &nbsp; Pe\u0142en dost\u0119p dla subskrybent\u00f3w. Zaloguj si\u0119 lub przejd\u017a do Rejestracji. Nowe ni\u017csze ceny P\u0142atno\u015b\u0107 kart\u0105 P\u0142atno\u015b\u0107 przelewem P\u0142atno\u015b\u0107 kart\u0105 do 6 os\u00f3b\" \/>\n<meta property=\"og:url\" content=\"https:\/\/wobronietradycjiiwiary.com\/en\/wykaz-cenzur-koscielnych-3-o-cenzurach-w-szczegolnosci\/\" \/>\n<meta property=\"og:site_name\" content=\"Tradycja i Wiara\" \/>\n<meta property=\"article:publisher\" content=\"https:\/\/www.facebook.com\/Tradycja-i-Wiara-108813920592249\" \/>\n<meta property=\"article:published_time\" content=\"2016-04-26T06:00:25+00:00\" \/>\n<meta property=\"article:modified_time\" content=\"2026-02-03T14:41:35+00:00\" \/>\n<meta property=\"og:image\" content=\"https:\/\/wobronietradycjiiwiary.com\/wp-content\/uploads\/2016\/04\/st-antonius-and-at-thomas.jpg\" \/>\n\t<meta property=\"og:image:width\" content=\"985\" \/>\n\t<meta property=\"og:image:height\" content=\"1024\" \/>\n\t<meta property=\"og:image:type\" content=\"image\/jpeg\" \/>\n<meta name=\"author\" content=\"Traditio et Fides\" \/>\n<meta name=\"twitter:card\" content=\"summary_large_image\" \/>\n<meta name=\"twitter:label1\" content=\"Written by\" \/>\n\t<meta name=\"twitter:data1\" content=\"Traditio et Fides\" \/>\n\t<meta name=\"twitter:label2\" content=\"Est. reading time\" \/>\n\t<meta name=\"twitter:data2\" content=\"14 minutes\" \/>\n<script type=\"application\/ld+json\" class=\"yoast-schema-graph\">{\"@context\":\"https:\\\/\\\/schema.org\",\"@graph\":[{\"@type\":\"Article\",\"@id\":\"https:\\\/\\\/wobronietradycjiiwiary.com\\\/wykaz-cenzur-koscielnych-3-o-cenzurach-w-szczegolnosci\\\/#article\",\"isPartOf\":{\"@id\":\"https:\\\/\\\/wobronietradycjiiwiary.com\\\/wykaz-cenzur-koscielnych-3-o-cenzurach-w-szczegolnosci\\\/\"},\"author\":{\"name\":\"Traditio et Fides\",\"@id\":\"https:\\\/\\\/wobronietradycjiiwiary.com\\\/pl\\\/#\\\/schema\\\/person\\\/2d6180ce6abcb681fef0daab7816e8f3\"},\"headline\":\"Wykaz cenzur ko\u015bcielnych (3 z 3): 3. O cenzurach w szczeg\u00f3lno\u015bci.\",\"datePublished\":\"2016-04-26T06:00:25+00:00\",\"dateModified\":\"2026-02-03T14:41:35+00:00\",\"mainEntityOfPage\":{\"@id\":\"https:\\\/\\\/wobronietradycjiiwiary.com\\\/wykaz-cenzur-koscielnych-3-o-cenzurach-w-szczegolnosci\\\/\"},\"wordCount\":2741,\"publisher\":{\"@id\":\"https:\\\/\\\/wobronietradycjiiwiary.com\\\/pl\\\/#organization\"},\"image\":{\"@id\":\"https:\\\/\\\/wobronietradycjiiwiary.com\\\/wykaz-cenzur-koscielnych-3-o-cenzurach-w-szczegolnosci\\\/#primaryimage\"},\"thumbnailUrl\":\"https:\\\/\\\/wobronietradycjiiwiary.com\\\/wp-content\\\/uploads\\\/2016\\\/04\\\/st-antonius-and-at-thomas.jpg\",\"keywords\":[\"Amoris laetitia\",\"Cenzury ko\u015bcielne\",\"Herezja formalna\",\"herezje papie\u017cy\",\"Jan Pawe\u0142 II\",\"Papie\u017c Franciszek\",\"papie\u017c heretyk\",\"Premium\",\"Restricted\"],\"articleSection\":[\"Censurae\",\"Doktryna\",\"Teologia jako nauka\"],\"inLanguage\":\"en-US\"},{\"@type\":\"WebPage\",\"@id\":\"https:\\\/\\\/wobronietradycjiiwiary.com\\\/wykaz-cenzur-koscielnych-3-o-cenzurach-w-szczegolnosci\\\/\",\"url\":\"https:\\\/\\\/wobronietradycjiiwiary.com\\\/wykaz-cenzur-koscielnych-3-o-cenzurach-w-szczegolnosci\\\/\",\"name\":\"Wykaz cenzur ko\u015bcielnych (3 z 3): 3. O cenzurach w szczeg\u00f3lno\u015bci. - Tradycja i Wiara\",\"isPartOf\":{\"@id\":\"https:\\\/\\\/wobronietradycjiiwiary.com\\\/pl\\\/#website\"},\"primaryImageOfPage\":{\"@id\":\"https:\\\/\\\/wobronietradycjiiwiary.com\\\/wykaz-cenzur-koscielnych-3-o-cenzurach-w-szczegolnosci\\\/#primaryimage\"},\"image\":{\"@id\":\"https:\\\/\\\/wobronietradycjiiwiary.com\\\/wykaz-cenzur-koscielnych-3-o-cenzurach-w-szczegolnosci\\\/#primaryimage\"},\"thumbnailUrl\":\"https:\\\/\\\/wobronietradycjiiwiary.com\\\/wp-content\\\/uploads\\\/2016\\\/04\\\/st-antonius-and-at-thomas.jpg\",\"datePublished\":\"2016-04-26T06:00:25+00:00\",\"dateModified\":\"2026-02-03T14:41:35+00:00\",\"breadcrumb\":{\"@id\":\"https:\\\/\\\/wobronietradycjiiwiary.com\\\/wykaz-cenzur-koscielnych-3-o-cenzurach-w-szczegolnosci\\\/#breadcrumb\"},\"inLanguage\":\"en-US\",\"potentialAction\":[{\"@type\":\"ReadAction\",\"target\":[\"https:\\\/\\\/wobronietradycjiiwiary.com\\\/wykaz-cenzur-koscielnych-3-o-cenzurach-w-szczegolnosci\\\/\"]}]},{\"@type\":\"ImageObject\",\"inLanguage\":\"en-US\",\"@id\":\"https:\\\/\\\/wobronietradycjiiwiary.com\\\/wykaz-cenzur-koscielnych-3-o-cenzurach-w-szczegolnosci\\\/#primaryimage\",\"url\":\"https:\\\/\\\/wobronietradycjiiwiary.com\\\/wp-content\\\/uploads\\\/2016\\\/04\\\/st-antonius-and-at-thomas.jpg\",\"contentUrl\":\"https:\\\/\\\/wobronietradycjiiwiary.com\\\/wp-content\\\/uploads\\\/2016\\\/04\\\/st-antonius-and-at-thomas.jpg\",\"width\":985,\"height\":1024},{\"@type\":\"BreadcrumbList\",\"@id\":\"https:\\\/\\\/wobronietradycjiiwiary.com\\\/wykaz-cenzur-koscielnych-3-o-cenzurach-w-szczegolnosci\\\/#breadcrumb\",\"itemListElement\":[{\"@type\":\"ListItem\",\"position\":1,\"name\":\"Strona g\u0142\u00f3wna\",\"item\":\"https:\\\/\\\/wobronietradycjiiwiary.com\\\/\"},{\"@type\":\"ListItem\",\"position\":2,\"name\":\"Wykaz cenzur ko\u015bcielnych (3 z 3): 3. O cenzurach w szczeg\u00f3lno\u015bci.\"}]},{\"@type\":\"WebSite\",\"@id\":\"https:\\\/\\\/wobronietradycjiiwiary.com\\\/pl\\\/#website\",\"url\":\"https:\\\/\\\/wobronietradycjiiwiary.com\\\/pl\\\/\",\"name\":\"Tradycja i Wiara\",\"description\":\"Portal dla katolik\u00f3w.\",\"publisher\":{\"@id\":\"https:\\\/\\\/wobronietradycjiiwiary.com\\\/pl\\\/#organization\"},\"potentialAction\":[{\"@type\":\"SearchAction\",\"target\":{\"@type\":\"EntryPoint\",\"urlTemplate\":\"https:\\\/\\\/wobronietradycjiiwiary.com\\\/pl\\\/?s={search_term_string}\"},\"query-input\":{\"@type\":\"PropertyValueSpecification\",\"valueRequired\":true,\"valueName\":\"search_term_string\"}}],\"inLanguage\":\"en-US\"},{\"@type\":\"Organization\",\"@id\":\"https:\\\/\\\/wobronietradycjiiwiary.com\\\/pl\\\/#organization\",\"name\":\"Tradycja i Wiara\",\"url\":\"https:\\\/\\\/wobronietradycjiiwiary.com\\\/pl\\\/\",\"logo\":{\"@type\":\"ImageObject\",\"inLanguage\":\"en-US\",\"@id\":\"https:\\\/\\\/wobronietradycjiiwiary.com\\\/pl\\\/#\\\/schema\\\/logo\\\/image\\\/\",\"url\":\"https:\\\/\\\/i0.wp.com\\\/wobronietradycjiiwiary.com\\\/wp-content\\\/uploads\\\/2015\\\/10\\\/cropped-st-peters-dome-vatican.jpg?fit=940%2C198&ssl=1\",\"contentUrl\":\"https:\\\/\\\/i0.wp.com\\\/wobronietradycjiiwiary.com\\\/wp-content\\\/uploads\\\/2015\\\/10\\\/cropped-st-peters-dome-vatican.jpg?fit=940%2C198&ssl=1\",\"width\":940,\"height\":198,\"caption\":\"Tradycja i Wiara\"},\"image\":{\"@id\":\"https:\\\/\\\/wobronietradycjiiwiary.com\\\/pl\\\/#\\\/schema\\\/logo\\\/image\\\/\"},\"sameAs\":[\"https:\\\/\\\/www.facebook.com\\\/Tradycja-i-Wiara-108813920592249\"]},{\"@type\":\"Person\",\"@id\":\"https:\\\/\\\/wobronietradycjiiwiary.com\\\/pl\\\/#\\\/schema\\\/person\\\/2d6180ce6abcb681fef0daab7816e8f3\",\"name\":\"Traditio et Fides\",\"sameAs\":[\"https:\\\/\\\/traditionundglauben.com\"],\"url\":\"https:\\\/\\\/wobronietradycjiiwiary.com\\\/en\\\/author\\\/wobronietradycjiiwiary\\\/\"}]}<\/script>\n<!-- \/ Yoast SEO plugin. -->","yoast_head_json":{"title":"Wykaz cenzur ko\u015bcielnych (3 z 3): 3. O cenzurach w szczeg\u00f3lno\u015bci. - Tradycja i Wiara","robots":{"index":"index","follow":"follow","max-snippet":"max-snippet:-1","max-image-preview":"max-image-preview:large","max-video-preview":"max-video-preview:-1"},"canonical":"https:\/\/wobronietradycjiiwiary.com\/en\/wykaz-cenzur-koscielnych-3-o-cenzurach-w-szczegolnosci\/","og_locale":"en_US","og_type":"article","og_title":"Wykaz cenzur ko\u015bcielnych (3 z 3): 3. O cenzurach w szczeg\u00f3lno\u015bci. - Tradycja i Wiara","og_description":"Po dw\u00f3ch wst\u0119pnych odcinkach przyst\u0119pujemy do w\u0142a\u015bciwego wyliczenia cenzur ko\u015bcielnych.[1] Pe\u0142en wykaz poni\u017cszych cenzur wraz z ich konkretnym zastosowaniem zawiera&hellip; &nbsp; Pe\u0142en dost\u0119p dla subskrybent\u00f3w. Zaloguj si\u0119 lub przejd\u017a do Rejestracji. Nowe ni\u017csze ceny P\u0142atno\u015b\u0107 kart\u0105 P\u0142atno\u015b\u0107 przelewem P\u0142atno\u015b\u0107 kart\u0105 do 6 os\u00f3b","og_url":"https:\/\/wobronietradycjiiwiary.com\/en\/wykaz-cenzur-koscielnych-3-o-cenzurach-w-szczegolnosci\/","og_site_name":"Tradycja i Wiara","article_publisher":"https:\/\/www.facebook.com\/Tradycja-i-Wiara-108813920592249","article_published_time":"2016-04-26T06:00:25+00:00","article_modified_time":"2026-02-03T14:41:35+00:00","og_image":[{"width":985,"height":1024,"url":"https:\/\/wobronietradycjiiwiary.com\/wp-content\/uploads\/2016\/04\/st-antonius-and-at-thomas.jpg","type":"image\/jpeg"}],"author":"Traditio et Fides","twitter_card":"summary_large_image","twitter_misc":{"Written by":"Traditio et Fides","Est. reading time":"14 minutes"},"schema":{"@context":"https:\/\/schema.org","@graph":[{"@type":"Article","@id":"https:\/\/wobronietradycjiiwiary.com\/wykaz-cenzur-koscielnych-3-o-cenzurach-w-szczegolnosci\/#article","isPartOf":{"@id":"https:\/\/wobronietradycjiiwiary.com\/wykaz-cenzur-koscielnych-3-o-cenzurach-w-szczegolnosci\/"},"author":{"name":"Traditio et Fides","@id":"https:\/\/wobronietradycjiiwiary.com\/pl\/#\/schema\/person\/2d6180ce6abcb681fef0daab7816e8f3"},"headline":"Wykaz cenzur ko\u015bcielnych (3 z 3): 3. O cenzurach w szczeg\u00f3lno\u015bci.","datePublished":"2016-04-26T06:00:25+00:00","dateModified":"2026-02-03T14:41:35+00:00","mainEntityOfPage":{"@id":"https:\/\/wobronietradycjiiwiary.com\/wykaz-cenzur-koscielnych-3-o-cenzurach-w-szczegolnosci\/"},"wordCount":2741,"publisher":{"@id":"https:\/\/wobronietradycjiiwiary.com\/pl\/#organization"},"image":{"@id":"https:\/\/wobronietradycjiiwiary.com\/wykaz-cenzur-koscielnych-3-o-cenzurach-w-szczegolnosci\/#primaryimage"},"thumbnailUrl":"https:\/\/wobronietradycjiiwiary.com\/wp-content\/uploads\/2016\/04\/st-antonius-and-at-thomas.jpg","keywords":["Amoris laetitia","Cenzury ko\u015bcielne","Herezja formalna","herezje papie\u017cy","Jan Pawe\u0142 II","Papie\u017c Franciszek","papie\u017c heretyk","Premium","Restricted"],"articleSection":["Censurae","Doktryna","Teologia jako nauka"],"inLanguage":"en-US"},{"@type":"WebPage","@id":"https:\/\/wobronietradycjiiwiary.com\/wykaz-cenzur-koscielnych-3-o-cenzurach-w-szczegolnosci\/","url":"https:\/\/wobronietradycjiiwiary.com\/wykaz-cenzur-koscielnych-3-o-cenzurach-w-szczegolnosci\/","name":"Wykaz cenzur ko\u015bcielnych (3 z 3): 3. O cenzurach w szczeg\u00f3lno\u015bci. - Tradycja i Wiara","isPartOf":{"@id":"https:\/\/wobronietradycjiiwiary.com\/pl\/#website"},"primaryImageOfPage":{"@id":"https:\/\/wobronietradycjiiwiary.com\/wykaz-cenzur-koscielnych-3-o-cenzurach-w-szczegolnosci\/#primaryimage"},"image":{"@id":"https:\/\/wobronietradycjiiwiary.com\/wykaz-cenzur-koscielnych-3-o-cenzurach-w-szczegolnosci\/#primaryimage"},"thumbnailUrl":"https:\/\/wobronietradycjiiwiary.com\/wp-content\/uploads\/2016\/04\/st-antonius-and-at-thomas.jpg","datePublished":"2016-04-26T06:00:25+00:00","dateModified":"2026-02-03T14:41:35+00:00","breadcrumb":{"@id":"https:\/\/wobronietradycjiiwiary.com\/wykaz-cenzur-koscielnych-3-o-cenzurach-w-szczegolnosci\/#breadcrumb"},"inLanguage":"en-US","potentialAction":[{"@type":"ReadAction","target":["https:\/\/wobronietradycjiiwiary.com\/wykaz-cenzur-koscielnych-3-o-cenzurach-w-szczegolnosci\/"]}]},{"@type":"ImageObject","inLanguage":"en-US","@id":"https:\/\/wobronietradycjiiwiary.com\/wykaz-cenzur-koscielnych-3-o-cenzurach-w-szczegolnosci\/#primaryimage","url":"https:\/\/wobronietradycjiiwiary.com\/wp-content\/uploads\/2016\/04\/st-antonius-and-at-thomas.jpg","contentUrl":"https:\/\/wobronietradycjiiwiary.com\/wp-content\/uploads\/2016\/04\/st-antonius-and-at-thomas.jpg","width":985,"height":1024},{"@type":"BreadcrumbList","@id":"https:\/\/wobronietradycjiiwiary.com\/wykaz-cenzur-koscielnych-3-o-cenzurach-w-szczegolnosci\/#breadcrumb","itemListElement":[{"@type":"ListItem","position":1,"name":"Strona g\u0142\u00f3wna","item":"https:\/\/wobronietradycjiiwiary.com\/"},{"@type":"ListItem","position":2,"name":"Wykaz cenzur ko\u015bcielnych (3 z 3): 3. O cenzurach w szczeg\u00f3lno\u015bci."}]},{"@type":"WebSite","@id":"https:\/\/wobronietradycjiiwiary.com\/pl\/#website","url":"https:\/\/wobronietradycjiiwiary.com\/pl\/","name":"Tradycja i Wiara","description":"Portal dla katolik\u00f3w.","publisher":{"@id":"https:\/\/wobronietradycjiiwiary.com\/pl\/#organization"},"potentialAction":[{"@type":"SearchAction","target":{"@type":"EntryPoint","urlTemplate":"https:\/\/wobronietradycjiiwiary.com\/pl\/?s={search_term_string}"},"query-input":{"@type":"PropertyValueSpecification","valueRequired":true,"valueName":"search_term_string"}}],"inLanguage":"en-US"},{"@type":"Organization","@id":"https:\/\/wobronietradycjiiwiary.com\/pl\/#organization","name":"Tradycja i Wiara","url":"https:\/\/wobronietradycjiiwiary.com\/pl\/","logo":{"@type":"ImageObject","inLanguage":"en-US","@id":"https:\/\/wobronietradycjiiwiary.com\/pl\/#\/schema\/logo\/image\/","url":"https:\/\/i0.wp.com\/wobronietradycjiiwiary.com\/wp-content\/uploads\/2015\/10\/cropped-st-peters-dome-vatican.jpg?fit=940%2C198&ssl=1","contentUrl":"https:\/\/i0.wp.com\/wobronietradycjiiwiary.com\/wp-content\/uploads\/2015\/10\/cropped-st-peters-dome-vatican.jpg?fit=940%2C198&ssl=1","width":940,"height":198,"caption":"Tradycja i Wiara"},"image":{"@id":"https:\/\/wobronietradycjiiwiary.com\/pl\/#\/schema\/logo\/image\/"},"sameAs":["https:\/\/www.facebook.com\/Tradycja-i-Wiara-108813920592249"]},{"@type":"Person","@id":"https:\/\/wobronietradycjiiwiary.com\/pl\/#\/schema\/person\/2d6180ce6abcb681fef0daab7816e8f3","name":"Traditio et Fides","sameAs":["https:\/\/traditionundglauben.com"],"url":"https:\/\/wobronietradycjiiwiary.com\/en\/author\/wobronietradycjiiwiary\/"}]}},"jetpack_publicize_connections":[],"jetpack_sharing_enabled":true,"jetpack_likes_enabled":true,"jetpack_shortlink":"https:\/\/wp.me\/pc04Sd-2kW","jetpack-related-posts":[{"id":8976,"url":"https:\/\/wobronietradycjiiwiary.com\/en\/wykaz-cenzur-koscielnych-2-o-twierdzeniach-wierze-przeciwnych-i-o-cenzurach-teologicznych\/","url_meta":{"origin":8986,"position":0},"title":"Wykaz cenzur ko\u015bcielnych (2 z 3): 2. O twierdzeniach wierze przeciwnych i o cenzurach teologicznych.","author":"Traditio et Fides","date":"24 April 2016","format":false,"excerpt":"O twierdzeniach wierze katolickiej przeciwnych i o cenzurach ko\u015bcielnych Kilka uwag terminologicznych. Teologia pos\u0142uguje si\u0119 terminem propositio, kt\u00f3ry t\u0142umaczymy tutaj jako twierdzenie, a nie jako \u201epropozycja\u201d, gdy\u017c jest to jakie\u015b zdaniem typu \u201eA jest B\u201d b\u0119d\u0105ce przedmiotem intelektualnego poznania i mog\u0105ce by\u0107 wedle standard\u00f3w teologicznych albo prawdziwe albo fa\u0142szywe. I\u2026","rel":"","context":"In &quot;Censurae&quot;","block_context":{"text":"Censurae","link":"https:\/\/wobronietradycjiiwiary.com\/en\/category\/doktryna\/teologia-jako-nauka\/censurae\/"},"img":{"alt_text":"","src":"https:\/\/i0.wp.com\/wobronietradycjiiwiary.com\/wp-content\/uploads\/2016\/04\/st-antonius-and-at-thomas.jpg?resize=350%2C200&ssl=1","width":350,"height":200,"srcset":"https:\/\/i0.wp.com\/wobronietradycjiiwiary.com\/wp-content\/uploads\/2016\/04\/st-antonius-and-at-thomas.jpg?resize=350%2C200&ssl=1 1x, https:\/\/i0.wp.com\/wobronietradycjiiwiary.com\/wp-content\/uploads\/2016\/04\/st-antonius-and-at-thomas.jpg?resize=525%2C300&ssl=1 1.5x, https:\/\/i0.wp.com\/wobronietradycjiiwiary.com\/wp-content\/uploads\/2016\/04\/st-antonius-and-at-thomas.jpg?resize=700%2C400&ssl=1 2x"},"classes":[]},{"id":9913,"url":"https:\/\/wobronietradycjiiwiary.com\/en\/inni-tez-cenzuruja-franciszka-lub-list-45-opublikowany\/","url_meta":{"origin":8986,"position":1},"title":"Inni te\u017c  cenzuruj\u0105 Franciszka lub list 45 opublikowany","author":"Traditio et Fides","date":"29 July 2016","format":false,"excerpt":"Jak dowiedzieli\u015bmy si\u0119 dzisiaj z portalu onepeterfive.com ujawnione ju\u017c zosta\u0142y nie tylko nazwiska sygnatariuszy listu 45 teolog\u00f3w, filozof\u00f3w i pra\u0142at\u00f3w krytykuj\u0105cych Amoris Laetitia, lecz tak\u017ce ujawnione zosta\u0142y cenzury teologiczne przez nich wypowiedziane. Poniewa\u017c nasza redakcja bardzo si\u0119 cieszy, kiedy nie musi robi\u0107 wszystkiego sama, dlatego przedsi\u0119wzi\u0119cie 45 os\u00f3b jest jak\u2026","rel":"","context":"In &quot;Amoris Laetitia&quot;","block_context":{"text":"Amoris Laetitia","link":"https:\/\/wobronietradycjiiwiary.com\/en\/category\/polemika\/kosciol-posoborowy\/papieze\/papiez-franciszek\/amoris-laetitia\/"},"img":{"alt_text":"","src":"https:\/\/i0.wp.com\/wobronietradycjiiwiary.com\/wp-content\/uploads\/2016\/07\/romanelli_-_the_meeting_of_the_countess_matilda_and_anselm_of_canterbury_in_the_presence_of_pope_urban_ii.jpg?resize=350%2C200&ssl=1","width":350,"height":200,"srcset":"https:\/\/i0.wp.com\/wobronietradycjiiwiary.com\/wp-content\/uploads\/2016\/07\/romanelli_-_the_meeting_of_the_countess_matilda_and_anselm_of_canterbury_in_the_presence_of_pope_urban_ii.jpg?resize=350%2C200&ssl=1 1x, https:\/\/i0.wp.com\/wobronietradycjiiwiary.com\/wp-content\/uploads\/2016\/07\/romanelli_-_the_meeting_of_the_countess_matilda_and_anselm_of_canterbury_in_the_presence_of_pope_urban_ii.jpg?resize=525%2C300&ssl=1 1.5x"},"classes":[]},{"id":8968,"url":"https:\/\/wobronietradycjiiwiary.com\/en\/wykaz-cenzur-koscielnych-1-przedmiot-materialny-wiary-i-jego-kryteria-czyli-w-co-wierzymy-i-dlaczego\/","url_meta":{"origin":8986,"position":2},"title":"Wykaz cenzur ko\u015bcielnych (1 z 3): 1. Przedmiot materialny wiary i jego kryteria czyli w co wierzymy i dlaczego?","author":"Traditio et Fides","date":"22 April 2016","format":false,"excerpt":"Jest to kolejna lektura wst\u0119pna i uzupe\u0142niaj\u0105ca do naszej krytyki Amoris laetitia, kt\u00f3r\u0105 wstawiamy po to, by czytelnicy wiedzieli, o co nam chodzi. Skala i wachlarz cenzur czyli nie wszystko jest herezj\u0105 Poniewa\u017c do\u017cyli\u015bmy ciekawych czas\u00f3w, w kt\u00f3rych prywatni blogerzy katoliccy,[1] dziennikarze lub autorzy musz\u0105 wyr\u0119cza\u0107 Kongregacj\u0119 ds Wiary, kt\u00f3ra\u2026","rel":"","context":"In &quot;Censurae&quot;","block_context":{"text":"Censurae","link":"https:\/\/wobronietradycjiiwiary.com\/en\/category\/doktryna\/teologia-jako-nauka\/censurae\/"},"img":{"alt_text":"","src":"https:\/\/i0.wp.com\/wobronietradycjiiwiary.com\/wp-content\/uploads\/2016\/04\/st-antonius-and-at-thomas.jpg?resize=350%2C200&ssl=1","width":350,"height":200,"srcset":"https:\/\/i0.wp.com\/wobronietradycjiiwiary.com\/wp-content\/uploads\/2016\/04\/st-antonius-and-at-thomas.jpg?resize=350%2C200&ssl=1 1x, https:\/\/i0.wp.com\/wobronietradycjiiwiary.com\/wp-content\/uploads\/2016\/04\/st-antonius-and-at-thomas.jpg?resize=525%2C300&ssl=1 1.5x, https:\/\/i0.wp.com\/wobronietradycjiiwiary.com\/wp-content\/uploads\/2016\/04\/st-antonius-and-at-thomas.jpg?resize=700%2C400&ssl=1 2x"},"classes":[]},{"id":9982,"url":"https:\/\/wobronietradycjiiwiary.com\/en\/list-45-lub-adhortacja-apostolska-amoris-laetitia-krytyka-teologiczna-1-wstep\/","url_meta":{"origin":8986,"position":3},"title":"List 45 lub Adhortacja apostolska Amoris laetitia: krytyka teologiczna. 1. Wst\u0119p","author":"Traditio et Fides","date":"5 August 2016","format":false,"excerpt":"Dzi\u0119ki uprzejmo\u015bci naszego czytelnika Mir, kt\u00f3ry nas o tym poinformowa\u0142 oraz wysi\u0142kowi anonimowego t\u0142umacza, mo\u017cemy zaprezentowa\u0107 niniejszym polsk\u0105 wersj\u0119 listu i cenzur 45 opublikowan\u0105 na glorii.tv. Co prawda list ten mo\u017cna przeczyta\u0107 tak\u017ce gdzie indziej w ca\u0142o\u015bci, ale my b\u0119dziemy publikowa\u0107 go tak\u017ce na naszych \u0142amach w odcinkach, gdy\u017c kochanej\u2026","rel":"","context":"In &quot;Amoris Laetitia&quot;","block_context":{"text":"Amoris Laetitia","link":"https:\/\/wobronietradycjiiwiary.com\/en\/category\/polemika\/kosciol-posoborowy\/papieze\/papiez-franciszek\/amoris-laetitia\/"},"img":{"alt_text":"scholasticum","src":"https:\/\/i0.wp.com\/wobronietradycjiiwiary.com\/wp-content\/uploads\/2016\/08\/scholasticum.png?resize=350%2C200&ssl=1","width":350,"height":200,"srcset":"https:\/\/i0.wp.com\/wobronietradycjiiwiary.com\/wp-content\/uploads\/2016\/08\/scholasticum.png?resize=350%2C200&ssl=1 1x, https:\/\/i0.wp.com\/wobronietradycjiiwiary.com\/wp-content\/uploads\/2016\/08\/scholasticum.png?resize=525%2C300&ssl=1 1.5x"},"classes":[]},{"id":9126,"url":"https:\/\/wobronietradycjiiwiary.com\/en\/amoris-laetitia-zacheta-do-relatywizmu-10-rozdzial-ii-34-malzenstwo-nieosiagalnym-idealem\/","url_meta":{"origin":8986,"position":4},"title":"Amoris laetitia \u2013 zach\u0119ta do relatywizmu. 10.  Rozdzia\u0142 II (34). Ma\u0142\u017ce\u0144stwo nieosi\u0105galnym idea\u0142em.","author":"Traditio et Fides","date":"19 May 2016","format":false,"excerpt":"Ma\u0142\u017ce\u0144stwo idea\u0142em kulturowo nieosi\u0105galnym Po ustaleniu paradygmatu \u201ezmiany antropologiczno-kulturowej\u201d (AL 32) oraz przy \u015bwiadomo\u015bci \u201ezasadniczej orientacji zmian antropologiczno-kulturowy\u201d (tam\u017ce), kt\u00f3re najwyra\u017aniej \u201enie pozwalaj\u0105 na nieroztropne trwanie form i wzor\u00f3w z przesz\u0142o\u015bci,\u201d[1] przypuszczalnie takich jak m\u0119\u017cczyzna, kobieta, dziecko, rodzina, nast\u0119puje w punkcie 33 Amoris Laetitia lawina heterodoksji lub jak okre\u015bla to\u2026","rel":"","context":"In &quot;Amoris Laetitia&quot;","block_context":{"text":"Amoris Laetitia","link":"https:\/\/wobronietradycjiiwiary.com\/en\/category\/polemika\/kosciol-posoborowy\/papieze\/papiez-franciszek\/amoris-laetitia\/"},"img":{"alt_text":"El_Greco_042","src":"https:\/\/i0.wp.com\/wobronietradycjiiwiary.com\/wp-content\/uploads\/2016\/04\/el_greco_042.jpg?resize=350%2C200&ssl=1","width":350,"height":200,"srcset":"https:\/\/i0.wp.com\/wobronietradycjiiwiary.com\/wp-content\/uploads\/2016\/04\/el_greco_042.jpg?resize=350%2C200&ssl=1 1x, https:\/\/i0.wp.com\/wobronietradycjiiwiary.com\/wp-content\/uploads\/2016\/04\/el_greco_042.jpg?resize=525%2C300&ssl=1 1.5x, https:\/\/i0.wp.com\/wobronietradycjiiwiary.com\/wp-content\/uploads\/2016\/04\/el_greco_042.jpg?resize=700%2C400&ssl=1 2x"},"classes":[]},{"id":158991,"url":"https:\/\/wobronietradycjiiwiary.com\/en\/poglady-eucharystyczne-kardynala-mullera-1-z-2-cenzury-lub-czy-to-juz-herezja\/","url_meta":{"origin":8986,"position":5},"title":"Pogl\u0105dy eucharystyczne kardyna\u0142a M\u00fcllera (1 z 10). Cenzury lub czy to ju\u017c &#8220;herezja&#8221;?","author":"Traditio et Fides","date":"13 January 2026","format":false,"excerpt":"Przedstawienie cenzur ko\u015bcielnych w zastosowaniu do pogl\u0105d\u00f3w kard. M\u00fcllera.","rel":"","context":"In &quot;Kard. M\u00fcller&quot;","block_context":{"text":"Kard. M\u00fcller","link":"https:\/\/wobronietradycjiiwiary.com\/en\/category\/polemika\/kosciol-posoborowy\/watykan\/kard-muller\/"},"img":{"alt_text":"","src":"https:\/\/i0.wp.com\/wobronietradycjiiwiary.com\/wp-content\/uploads\/2026\/01\/Johannes_Antonius_van_der_Baren_-_Eucharist_in_a_wreath_of_flowers_oil_on_canvas_-_MeisterDrucke-996480.jpg?resize=350%2C200&ssl=1","width":350,"height":200,"srcset":"https:\/\/i0.wp.com\/wobronietradycjiiwiary.com\/wp-content\/uploads\/2026\/01\/Johannes_Antonius_van_der_Baren_-_Eucharist_in_a_wreath_of_flowers_oil_on_canvas_-_MeisterDrucke-996480.jpg?resize=350%2C200&ssl=1 1x, https:\/\/i0.wp.com\/wobronietradycjiiwiary.com\/wp-content\/uploads\/2026\/01\/Johannes_Antonius_van_der_Baren_-_Eucharist_in_a_wreath_of_flowers_oil_on_canvas_-_MeisterDrucke-996480.jpg?resize=525%2C300&ssl=1 1.5x, https:\/\/i0.wp.com\/wobronietradycjiiwiary.com\/wp-content\/uploads\/2026\/01\/Johannes_Antonius_van_der_Baren_-_Eucharist_in_a_wreath_of_flowers_oil_on_canvas_-_MeisterDrucke-996480.jpg?resize=700%2C400&ssl=1 2x"},"classes":[]}],"amp_enabled":true,"jetpack_featured_media_url":"https:\/\/wobronietradycjiiwiary.com\/wp-content\/uploads\/2016\/04\/st-antonius-and-at-thomas.jpg","_links":{"self":[{"href":"https:\/\/wobronietradycjiiwiary.com\/en\/wp-json\/wp\/v2\/posts\/8986","targetHints":{"allow":["GET"]}}],"collection":[{"href":"https:\/\/wobronietradycjiiwiary.com\/en\/wp-json\/wp\/v2\/posts"}],"about":[{"href":"https:\/\/wobronietradycjiiwiary.com\/en\/wp-json\/wp\/v2\/types\/post"}],"author":[{"embeddable":true,"href":"https:\/\/wobronietradycjiiwiary.com\/en\/wp-json\/wp\/v2\/users\/60508433"}],"replies":[{"embeddable":true,"href":"https:\/\/wobronietradycjiiwiary.com\/en\/wp-json\/wp\/v2\/comments?post=8986"}],"version-history":[{"count":28,"href":"https:\/\/wobronietradycjiiwiary.com\/en\/wp-json\/wp\/v2\/posts\/8986\/revisions"}],"predecessor-version":[{"id":160387,"href":"https:\/\/wobronietradycjiiwiary.com\/en\/wp-json\/wp\/v2\/posts\/8986\/revisions\/160387"}],"wp:featuredmedia":[{"embeddable":true,"href":"https:\/\/wobronietradycjiiwiary.com\/en\/wp-json\/wp\/v2\/media\/8969"}],"wp:attachment":[{"href":"https:\/\/wobronietradycjiiwiary.com\/en\/wp-json\/wp\/v2\/media?parent=8986"}],"wp:term":[{"taxonomy":"category","embeddable":true,"href":"https:\/\/wobronietradycjiiwiary.com\/en\/wp-json\/wp\/v2\/categories?post=8986"},{"taxonomy":"post_tag","embeddable":true,"href":"https:\/\/wobronietradycjiiwiary.com\/en\/wp-json\/wp\/v2\/tags?post=8986"}],"curies":[{"name":"wp","href":"https:\/\/api.w.org\/{rel}","templated":true}]}}