{"id":8901,"date":"2016-04-12T22:40:27","date_gmt":"2016-04-12T20:40:27","guid":{"rendered":"https:\/\/wobronietradycjiiwiary.com\/?p=8901"},"modified":"2025-02-07T15:52:24","modified_gmt":"2025-02-07T14:52:24","slug":"amoris-laetitia-jest-herezja-formalna-na-forum-externum","status":"publish","type":"post","link":"https:\/\/wobronietradycjiiwiary.com\/en\/amoris-laetitia-jest-herezja-formalna-na-forum-externum\/","title":{"rendered":"Amoris laetitia jest herezj\u0105 formaln\u0105 na forum externum"},"content":{"rendered":"<div id=\"bsf_rt_marker\"><\/div><p>Witamy czytelnik\u00f3w z Watykanu, kt\u00f3rzy nas t\u0142umnie dzisiaj odwiedzaj\u0105 i zapowiadamy, \u017ce cykl ten b\u0119dzie d\u0142u\u017cszy i szczeg\u00f3\u0142owo udowodni poni\u017cej&hellip;<\/p>\n<div style=\"text-align: center\">\n<p>&nbsp;<\/p>\n<\/div>\n<h2 style=\"border: 5px solid #0000A0;padding: 1em;text-align: center\"><span style=\"color: #000000\">Pe\u0142en dost\u0119p dla <span style=\"color: #00ccff\"><a style=\"color: #00ccff\" href=\"https:\/\/wobronietradycjiiwiary.com\/en\/subskrypcje-2\/\" target=\"_blank\" rel=\"noopener\">subskrybent\u00f3w<\/a><\/span>.<\/span><br \/>\n<span style=\"color: #3366ff\"><a style=\"color: #3366ff\" href=\"https:\/\/wobronietradycjiiwiary.com\/en\/account\/login\/\" target=\"_blank\" rel=\"noopener\"><span style=\"color: #00ccff\">Zaloguj<\/span><\/a> <\/span>si\u0119 lub przejd\u017a do <a href=\"https:\/\/wobronietradycjiiwiary.com\/en\/register\/\"><span style=\"color: #3366ff\">Rejestracji<\/span><\/a>.<\/h2>\n<div>\n<p style=\"text-align: center\"><a href=\"https:\/\/wobronietradycjiiwiary.com\/en\/subskrypcje-2\/cennik\/\" target=\"_blank\" rel=\"noopener\"><span style=\"color: #000080;font-size: 24pt\"><strong>Nowe ni\u017csze ceny<\/strong><\/span><\/a><\/p>\n<p style=\"text-align: center\"><strong><span style=\"font-size: 18pt;color: #000080\">P\u0142atno\u015b\u0107 kart\u0105<\/span><\/strong><\/p>\n<\/div>\n<h3 style=\"text-align: center\"><a href=\"https:\/\/wobronietradycjiiwiary.com\/en\/subskrypcje-2\/automatyczne\/indywidualne\/\" target=\"_blank\" rel=\"noopener\"><img fetchpriority=\"high\" decoding=\"async\" class=\"alignnone size-medium wp-image-80433\" src=\"https:\/\/wobronietradycjiiwiary.com\/wp-content\/uploads\/2022\/11\/Unbenannt-1-Online-1-300x202.jpg\" alt=\"\" width=\"300\" height=\"202\" srcset=\"https:\/\/wobronietradycjiiwiary.com\/wp-content\/uploads\/2022\/11\/Unbenannt-1-Online-1-300x202.jpg 300w, https:\/\/wobronietradycjiiwiary.com\/wp-content\/uploads\/2022\/11\/Unbenannt-1-Online-1-150x101.jpg 150w, https:\/\/wobronietradycjiiwiary.com\/wp-content\/uploads\/2022\/11\/Unbenannt-1-Online-1-18x12.jpg 18w, https:\/\/wobronietradycjiiwiary.com\/wp-content\/uploads\/2022\/11\/Unbenannt-1-Online-1.jpg 446w\" sizes=\"(max-width: 300px) 100vw, 300px\" \/><\/a><\/h3>\n<p style=\"text-align: center\"><strong><span style=\"font-size: 18pt;color: #000080\">P\u0142atno\u015b\u0107 przelewem<\/span><\/strong><\/p>\n<p><a href=\"https:\/\/wobronietradycjiiwiary.com\/en\/subskrypcje-2\/automatyczne\/indywidualne\/\" target=\"_blank\" rel=\"noopener\"><img decoding=\"async\" class=\"size-medium wp-image-80434 aligncenter\" src=\"https:\/\/wobronietradycjiiwiary.com\/wp-content\/uploads\/2022\/11\/Unbenannt-1-Przelewem-300x137.jpg\" alt=\"\" width=\"300\" height=\"137\" srcset=\"https:\/\/wobronietradycjiiwiary.com\/wp-content\/uploads\/2022\/11\/Unbenannt-1-Przelewem-300x137.jpg 300w, https:\/\/wobronietradycjiiwiary.com\/wp-content\/uploads\/2022\/11\/Unbenannt-1-Przelewem-450x206.jpg 450w, https:\/\/wobronietradycjiiwiary.com\/wp-content\/uploads\/2022\/11\/Unbenannt-1-Przelewem-600x274.jpg 600w, https:\/\/wobronietradycjiiwiary.com\/wp-content\/uploads\/2022\/11\/Unbenannt-1-Przelewem-150x69.jpg 150w, https:\/\/wobronietradycjiiwiary.com\/wp-content\/uploads\/2022\/11\/Unbenannt-1-Przelewem-18x8.jpg 18w, https:\/\/wobronietradycjiiwiary.com\/wp-content\/uploads\/2022\/11\/Unbenannt-1-Przelewem.jpg 676w\" sizes=\"(max-width: 300px) 100vw, 300px\" \/><\/a><\/p>\n<p style=\"text-align: center\"><strong><span style=\"font-size: 18pt;color: #000080\">P\u0142atno\u015b\u0107 kart\u0105 do 6 os\u00f3b<\/span><\/strong><\/p>\n<p><a href=\"https:\/\/wobronietradycjiiwiary.com\/en\/rodzinne\/\" target=\"_blank\" rel=\"noopener\"><img decoding=\"async\" class=\"size-medium wp-image-80435 aligncenter\" src=\"https:\/\/wobronietradycjiiwiary.com\/wp-content\/uploads\/2022\/11\/Unbenannt-1-Rodzinna-300x208.jpg\" alt=\"\" width=\"300\" height=\"208\" srcset=\"https:\/\/wobronietradycjiiwiary.com\/wp-content\/uploads\/2022\/11\/Unbenannt-1-Rodzinna-300x208.jpg 300w, https:\/\/wobronietradycjiiwiary.com\/wp-content\/uploads\/2022\/11\/Unbenannt-1-Rodzinna-150x104.jpg 150w, https:\/\/wobronietradycjiiwiary.com\/wp-content\/uploads\/2022\/11\/Unbenannt-1-Rodzinna-18x12.jpg 18w, https:\/\/wobronietradycjiiwiary.com\/wp-content\/uploads\/2022\/11\/Unbenannt-1-Rodzinna.jpg 448w\" sizes=\"(max-width: 300px) 100vw, 300px\" \/><\/a><\/p>\n<h3 style=\"text-align: center\"><\/h3>\n<h1 style=\"text-align: center\"><\/h1>","protected":false},"excerpt":{"rendered":"<p>Witamy czytelnik\u00f3w z Watykanu, kt\u00f3rzy nas t\u0142umnie dzisiaj odwiedzaj\u0105 i zapowiadamy, \u017ce cykl ten b\u0119dzie d\u0142u\u017cszy i szczeg\u00f3\u0142owo udowodni poni\u017cej&hellip; &nbsp; Pe\u0142en dost\u0119p dla subskrybent\u00f3w. Zaloguj si\u0119 lub przejd\u017a do Rejestracji. Nowe ni\u017csze ceny P\u0142atno\u015b\u0107 kart\u0105 P\u0142atno\u015b\u0107 przelewem P\u0142atno\u015b\u0107 kart\u0105 do 6 os\u00f3b<\/p>","protected":false},"author":60508433,"featured_media":0,"comment_status":"closed","ping_status":"closed","sticky":false,"template":"","format":"standard","meta":{"_bbp_topic_count":0,"_bbp_reply_count":0,"_bbp_total_topic_count":0,"_bbp_total_reply_count":0,"_bbp_voice_count":0,"_bbp_anonymous_reply_count":0,"_bbp_topic_count_hidden":0,"_bbp_reply_count_hidden":0,"_bbp_forum_subforum_count":0,"_editorskit_title_hidden":false,"_editorskit_reading_time":0,"_editorskit_is_block_options_detached":false,"_editorskit_block_options_position":"{}","_coblocks_attr":"","_coblocks_dimensions":"","_coblocks_responsive_height":"","_coblocks_accordion_ie_support":"","_exactmetrics_skip_tracking":false,"_jetpack_newsletter_access":"","_jetpack_dont_email_post_to_subs":false,"_jetpack_newsletter_tier_id":0,"_jetpack_memberships_contains_paywalled_content":false,"_wpcom_ai_launchpad_first_post":false,"_jetpack_feature_clip_id":0,"_jetpack_memberships_contains_paid_content":false,"footnotes":"","jetpack_publicize_message":"{title}\n\n{excerpt}\n\n{url}","jetpack_publicize_feature_enabled":true,"jetpack_social_post_already_shared":true,"jetpack_social_options":{"image_generator_settings":{"template":"highway","default_image_id":0,"font":"","enabled":false},"version":2},"_wpas_customize_per_network":false,"jetpack_post_was_ever_published":false},"categories":[610132217,527391372],"tags":[610130700,483218861,610130690,610132562,610132133],"class_list":["post-8901","post","type-post","status-publish","format-standard","hentry","category-amoris-laetitia","category-al-a-wstep","tag-amoris-laetitia","tag-herezja-formalna","tag-papiez-franciszek","tag-premium","tag-restricted"],"yoast_head":"<!-- This site is optimized with the Yoast SEO plugin v28.3 - https:\/\/yoast.com\/product\/yoast-seo-wordpress\/ -->\n<title>Amoris laetitia jest herezj\u0105 formaln\u0105 na forum externum - Tradycja i Wiara<\/title>\n<meta name=\"robots\" content=\"index, follow, max-snippet:-1, max-image-preview:large, max-video-preview:-1\" \/>\n<link rel=\"canonical\" href=\"https:\/\/wobronietradycjiiwiary.com\/en\/amoris-laetitia-jest-herezja-formalna-na-forum-externum\/\" \/>\n<meta property=\"og:locale\" content=\"en_US\" \/>\n<meta property=\"og:type\" content=\"article\" \/>\n<meta property=\"og:title\" content=\"Amoris laetitia jest herezj\u0105 formaln\u0105 na forum externum - Tradycja i Wiara\" \/>\n<meta property=\"og:description\" content=\"Witamy czytelnik\u00f3w z Watykanu, kt\u00f3rzy nas t\u0142umnie dzisiaj odwiedzaj\u0105 i zapowiadamy, \u017ce cykl ten b\u0119dzie d\u0142u\u017cszy i szczeg\u00f3\u0142owo udowodni poni\u017cej&hellip; &nbsp; Pe\u0142en dost\u0119p dla subskrybent\u00f3w. Zaloguj si\u0119 lub przejd\u017a do Rejestracji. Nowe ni\u017csze ceny P\u0142atno\u015b\u0107 kart\u0105 P\u0142atno\u015b\u0107 przelewem P\u0142atno\u015b\u0107 kart\u0105 do 6 os\u00f3b\" \/>\n<meta property=\"og:url\" content=\"https:\/\/wobronietradycjiiwiary.com\/en\/amoris-laetitia-jest-herezja-formalna-na-forum-externum\/\" \/>\n<meta property=\"og:site_name\" content=\"Tradycja i Wiara\" \/>\n<meta property=\"article:publisher\" content=\"https:\/\/www.facebook.com\/Tradycja-i-Wiara-108813920592249\" \/>\n<meta property=\"article:published_time\" content=\"2016-04-12T20:40:27+00:00\" \/>\n<meta property=\"article:modified_time\" content=\"2025-02-07T14:52:24+00:00\" \/>\n<meta property=\"og:image\" content=\"https:\/\/wobronietradycjiiwiary.com\/wp-content\/uploads\/2016\/04\/fall-of-rome_2184860b.jpg\" \/>\n<meta name=\"author\" content=\"Traditio et Fides\" \/>\n<meta name=\"twitter:card\" content=\"summary_large_image\" \/>\n<meta name=\"twitter:label1\" content=\"Written by\" \/>\n\t<meta name=\"twitter:data1\" content=\"Traditio et Fides\" \/>\n\t<meta name=\"twitter:label2\" content=\"Est. reading time\" \/>\n\t<meta name=\"twitter:data2\" content=\"12 minutes\" \/>\n<script type=\"application\/ld+json\" class=\"yoast-schema-graph\">{\"@context\":\"https:\\\/\\\/schema.org\",\"@graph\":[{\"@type\":\"Article\",\"@id\":\"https:\\\/\\\/wobronietradycjiiwiary.com\\\/amoris-laetitia-jest-herezja-formalna-na-forum-externum\\\/#article\",\"isPartOf\":{\"@id\":\"https:\\\/\\\/wobronietradycjiiwiary.com\\\/amoris-laetitia-jest-herezja-formalna-na-forum-externum\\\/\"},\"author\":{\"name\":\"Traditio et Fides\",\"@id\":\"https:\\\/\\\/wobronietradycjiiwiary.com\\\/pl\\\/#\\\/schema\\\/person\\\/2d6180ce6abcb681fef0daab7816e8f3\"},\"headline\":\"Amoris laetitia jest herezj\u0105 formaln\u0105 na forum externum\",\"datePublished\":\"2016-04-12T20:40:27+00:00\",\"dateModified\":\"2025-02-07T14:52:24+00:00\",\"mainEntityOfPage\":{\"@id\":\"https:\\\/\\\/wobronietradycjiiwiary.com\\\/amoris-laetitia-jest-herezja-formalna-na-forum-externum\\\/\"},\"wordCount\":2458,\"publisher\":{\"@id\":\"https:\\\/\\\/wobronietradycjiiwiary.com\\\/pl\\\/#organization\"},\"image\":{\"@id\":\"https:\\\/\\\/wobronietradycjiiwiary.com\\\/amoris-laetitia-jest-herezja-formalna-na-forum-externum\\\/#primaryimage\"},\"thumbnailUrl\":\"https:\\\/\\\/wobronietradycjiiwiary.com\\\/wp-content\\\/uploads\\\/2016\\\/04\\\/fall-of-rome_2184860b.jpg\",\"keywords\":[\"Amoris laetitia\",\"Herezja formalna\",\"Papie\u017c Franciszek\",\"Premium\",\"Restricted\"],\"articleSection\":[\"Amoris Laetitia\",\"Amoris Laetitia - 1. Wst\u0119p\"],\"inLanguage\":\"en-US\"},{\"@type\":\"WebPage\",\"@id\":\"https:\\\/\\\/wobronietradycjiiwiary.com\\\/amoris-laetitia-jest-herezja-formalna-na-forum-externum\\\/\",\"url\":\"https:\\\/\\\/wobronietradycjiiwiary.com\\\/amoris-laetitia-jest-herezja-formalna-na-forum-externum\\\/\",\"name\":\"Amoris laetitia jest herezj\u0105 formaln\u0105 na forum externum - Tradycja i Wiara\",\"isPartOf\":{\"@id\":\"https:\\\/\\\/wobronietradycjiiwiary.com\\\/pl\\\/#website\"},\"primaryImageOfPage\":{\"@id\":\"https:\\\/\\\/wobronietradycjiiwiary.com\\\/amoris-laetitia-jest-herezja-formalna-na-forum-externum\\\/#primaryimage\"},\"image\":{\"@id\":\"https:\\\/\\\/wobronietradycjiiwiary.com\\\/amoris-laetitia-jest-herezja-formalna-na-forum-externum\\\/#primaryimage\"},\"thumbnailUrl\":\"https:\\\/\\\/wobronietradycjiiwiary.com\\\/wp-content\\\/uploads\\\/2016\\\/04\\\/fall-of-rome_2184860b.jpg\",\"datePublished\":\"2016-04-12T20:40:27+00:00\",\"dateModified\":\"2025-02-07T14:52:24+00:00\",\"breadcrumb\":{\"@id\":\"https:\\\/\\\/wobronietradycjiiwiary.com\\\/amoris-laetitia-jest-herezja-formalna-na-forum-externum\\\/#breadcrumb\"},\"inLanguage\":\"en-US\",\"potentialAction\":[{\"@type\":\"ReadAction\",\"target\":[\"https:\\\/\\\/wobronietradycjiiwiary.com\\\/amoris-laetitia-jest-herezja-formalna-na-forum-externum\\\/\"]}]},{\"@type\":\"ImageObject\",\"inLanguage\":\"en-US\",\"@id\":\"https:\\\/\\\/wobronietradycjiiwiary.com\\\/amoris-laetitia-jest-herezja-formalna-na-forum-externum\\\/#primaryimage\",\"url\":\"https:\\\/\\\/wobronietradycjiiwiary.com\\\/wp-content\\\/uploads\\\/2016\\\/04\\\/fall-of-rome_2184860b.jpg\",\"contentUrl\":\"https:\\\/\\\/wobronietradycjiiwiary.com\\\/wp-content\\\/uploads\\\/2016\\\/04\\\/fall-of-rome_2184860b.jpg\"},{\"@type\":\"BreadcrumbList\",\"@id\":\"https:\\\/\\\/wobronietradycjiiwiary.com\\\/amoris-laetitia-jest-herezja-formalna-na-forum-externum\\\/#breadcrumb\",\"itemListElement\":[{\"@type\":\"ListItem\",\"position\":1,\"name\":\"Strona g\u0142\u00f3wna\",\"item\":\"https:\\\/\\\/wobronietradycjiiwiary.com\\\/\"},{\"@type\":\"ListItem\",\"position\":2,\"name\":\"Amoris laetitia jest herezj\u0105 formaln\u0105 na forum externum\"}]},{\"@type\":\"WebSite\",\"@id\":\"https:\\\/\\\/wobronietradycjiiwiary.com\\\/pl\\\/#website\",\"url\":\"https:\\\/\\\/wobronietradycjiiwiary.com\\\/pl\\\/\",\"name\":\"Tradycja i Wiara\",\"description\":\"Portal dla katolik\u00f3w.\",\"publisher\":{\"@id\":\"https:\\\/\\\/wobronietradycjiiwiary.com\\\/pl\\\/#organization\"},\"potentialAction\":[{\"@type\":\"SearchAction\",\"target\":{\"@type\":\"EntryPoint\",\"urlTemplate\":\"https:\\\/\\\/wobronietradycjiiwiary.com\\\/pl\\\/?s={search_term_string}\"},\"query-input\":{\"@type\":\"PropertyValueSpecification\",\"valueRequired\":true,\"valueName\":\"search_term_string\"}}],\"inLanguage\":\"en-US\"},{\"@type\":\"Organization\",\"@id\":\"https:\\\/\\\/wobronietradycjiiwiary.com\\\/pl\\\/#organization\",\"name\":\"Tradycja i Wiara\",\"url\":\"https:\\\/\\\/wobronietradycjiiwiary.com\\\/pl\\\/\",\"logo\":{\"@type\":\"ImageObject\",\"inLanguage\":\"en-US\",\"@id\":\"https:\\\/\\\/wobronietradycjiiwiary.com\\\/pl\\\/#\\\/schema\\\/logo\\\/image\\\/\",\"url\":\"https:\\\/\\\/i0.wp.com\\\/wobronietradycjiiwiary.com\\\/wp-content\\\/uploads\\\/2015\\\/10\\\/cropped-st-peters-dome-vatican.jpg?fit=940%2C198&ssl=1\",\"contentUrl\":\"https:\\\/\\\/i0.wp.com\\\/wobronietradycjiiwiary.com\\\/wp-content\\\/uploads\\\/2015\\\/10\\\/cropped-st-peters-dome-vatican.jpg?fit=940%2C198&ssl=1\",\"width\":940,\"height\":198,\"caption\":\"Tradycja i Wiara\"},\"image\":{\"@id\":\"https:\\\/\\\/wobronietradycjiiwiary.com\\\/pl\\\/#\\\/schema\\\/logo\\\/image\\\/\"},\"sameAs\":[\"https:\\\/\\\/www.facebook.com\\\/Tradycja-i-Wiara-108813920592249\"]},{\"@type\":\"Person\",\"@id\":\"https:\\\/\\\/wobronietradycjiiwiary.com\\\/pl\\\/#\\\/schema\\\/person\\\/2d6180ce6abcb681fef0daab7816e8f3\",\"name\":\"Traditio et Fides\",\"sameAs\":[\"https:\\\/\\\/traditionundglauben.com\"],\"url\":\"https:\\\/\\\/wobronietradycjiiwiary.com\\\/en\\\/author\\\/wobronietradycjiiwiary\\\/\"}]}<\/script>\n<!-- \/ Yoast SEO plugin. -->","yoast_head_json":{"title":"Amoris laetitia jest herezj\u0105 formaln\u0105 na forum externum - Tradycja i Wiara","robots":{"index":"index","follow":"follow","max-snippet":"max-snippet:-1","max-image-preview":"max-image-preview:large","max-video-preview":"max-video-preview:-1"},"canonical":"https:\/\/wobronietradycjiiwiary.com\/en\/amoris-laetitia-jest-herezja-formalna-na-forum-externum\/","og_locale":"en_US","og_type":"article","og_title":"Amoris laetitia jest herezj\u0105 formaln\u0105 na forum externum - Tradycja i Wiara","og_description":"Witamy czytelnik\u00f3w z Watykanu, kt\u00f3rzy nas t\u0142umnie dzisiaj odwiedzaj\u0105 i zapowiadamy, \u017ce cykl ten b\u0119dzie d\u0142u\u017cszy i szczeg\u00f3\u0142owo udowodni poni\u017cej&hellip; &nbsp; Pe\u0142en dost\u0119p dla subskrybent\u00f3w. Zaloguj si\u0119 lub przejd\u017a do Rejestracji. Nowe ni\u017csze ceny P\u0142atno\u015b\u0107 kart\u0105 P\u0142atno\u015b\u0107 przelewem P\u0142atno\u015b\u0107 kart\u0105 do 6 os\u00f3b","og_url":"https:\/\/wobronietradycjiiwiary.com\/en\/amoris-laetitia-jest-herezja-formalna-na-forum-externum\/","og_site_name":"Tradycja i Wiara","article_publisher":"https:\/\/www.facebook.com\/Tradycja-i-Wiara-108813920592249","article_published_time":"2016-04-12T20:40:27+00:00","article_modified_time":"2025-02-07T14:52:24+00:00","og_image":[{"url":"https:\/\/wobronietradycjiiwiary.com\/wp-content\/uploads\/2016\/04\/fall-of-rome_2184860b.jpg","type":"","width":"","height":""}],"author":"Traditio et Fides","twitter_card":"summary_large_image","twitter_misc":{"Written by":"Traditio et Fides","Est. reading time":"12 minutes"},"schema":{"@context":"https:\/\/schema.org","@graph":[{"@type":"Article","@id":"https:\/\/wobronietradycjiiwiary.com\/amoris-laetitia-jest-herezja-formalna-na-forum-externum\/#article","isPartOf":{"@id":"https:\/\/wobronietradycjiiwiary.com\/amoris-laetitia-jest-herezja-formalna-na-forum-externum\/"},"author":{"name":"Traditio et Fides","@id":"https:\/\/wobronietradycjiiwiary.com\/pl\/#\/schema\/person\/2d6180ce6abcb681fef0daab7816e8f3"},"headline":"Amoris laetitia jest herezj\u0105 formaln\u0105 na forum externum","datePublished":"2016-04-12T20:40:27+00:00","dateModified":"2025-02-07T14:52:24+00:00","mainEntityOfPage":{"@id":"https:\/\/wobronietradycjiiwiary.com\/amoris-laetitia-jest-herezja-formalna-na-forum-externum\/"},"wordCount":2458,"publisher":{"@id":"https:\/\/wobronietradycjiiwiary.com\/pl\/#organization"},"image":{"@id":"https:\/\/wobronietradycjiiwiary.com\/amoris-laetitia-jest-herezja-formalna-na-forum-externum\/#primaryimage"},"thumbnailUrl":"https:\/\/wobronietradycjiiwiary.com\/wp-content\/uploads\/2016\/04\/fall-of-rome_2184860b.jpg","keywords":["Amoris laetitia","Herezja formalna","Papie\u017c Franciszek","Premium","Restricted"],"articleSection":["Amoris Laetitia","Amoris Laetitia - 1. Wst\u0119p"],"inLanguage":"en-US"},{"@type":"WebPage","@id":"https:\/\/wobronietradycjiiwiary.com\/amoris-laetitia-jest-herezja-formalna-na-forum-externum\/","url":"https:\/\/wobronietradycjiiwiary.com\/amoris-laetitia-jest-herezja-formalna-na-forum-externum\/","name":"Amoris laetitia jest herezj\u0105 formaln\u0105 na forum externum - Tradycja i Wiara","isPartOf":{"@id":"https:\/\/wobronietradycjiiwiary.com\/pl\/#website"},"primaryImageOfPage":{"@id":"https:\/\/wobronietradycjiiwiary.com\/amoris-laetitia-jest-herezja-formalna-na-forum-externum\/#primaryimage"},"image":{"@id":"https:\/\/wobronietradycjiiwiary.com\/amoris-laetitia-jest-herezja-formalna-na-forum-externum\/#primaryimage"},"thumbnailUrl":"https:\/\/wobronietradycjiiwiary.com\/wp-content\/uploads\/2016\/04\/fall-of-rome_2184860b.jpg","datePublished":"2016-04-12T20:40:27+00:00","dateModified":"2025-02-07T14:52:24+00:00","breadcrumb":{"@id":"https:\/\/wobronietradycjiiwiary.com\/amoris-laetitia-jest-herezja-formalna-na-forum-externum\/#breadcrumb"},"inLanguage":"en-US","potentialAction":[{"@type":"ReadAction","target":["https:\/\/wobronietradycjiiwiary.com\/amoris-laetitia-jest-herezja-formalna-na-forum-externum\/"]}]},{"@type":"ImageObject","inLanguage":"en-US","@id":"https:\/\/wobronietradycjiiwiary.com\/amoris-laetitia-jest-herezja-formalna-na-forum-externum\/#primaryimage","url":"https:\/\/wobronietradycjiiwiary.com\/wp-content\/uploads\/2016\/04\/fall-of-rome_2184860b.jpg","contentUrl":"https:\/\/wobronietradycjiiwiary.com\/wp-content\/uploads\/2016\/04\/fall-of-rome_2184860b.jpg"},{"@type":"BreadcrumbList","@id":"https:\/\/wobronietradycjiiwiary.com\/amoris-laetitia-jest-herezja-formalna-na-forum-externum\/#breadcrumb","itemListElement":[{"@type":"ListItem","position":1,"name":"Strona g\u0142\u00f3wna","item":"https:\/\/wobronietradycjiiwiary.com\/"},{"@type":"ListItem","position":2,"name":"Amoris laetitia jest herezj\u0105 formaln\u0105 na forum externum"}]},{"@type":"WebSite","@id":"https:\/\/wobronietradycjiiwiary.com\/pl\/#website","url":"https:\/\/wobronietradycjiiwiary.com\/pl\/","name":"Tradycja i Wiara","description":"Portal dla katolik\u00f3w.","publisher":{"@id":"https:\/\/wobronietradycjiiwiary.com\/pl\/#organization"},"potentialAction":[{"@type":"SearchAction","target":{"@type":"EntryPoint","urlTemplate":"https:\/\/wobronietradycjiiwiary.com\/pl\/?s={search_term_string}"},"query-input":{"@type":"PropertyValueSpecification","valueRequired":true,"valueName":"search_term_string"}}],"inLanguage":"en-US"},{"@type":"Organization","@id":"https:\/\/wobronietradycjiiwiary.com\/pl\/#organization","name":"Tradycja i Wiara","url":"https:\/\/wobronietradycjiiwiary.com\/pl\/","logo":{"@type":"ImageObject","inLanguage":"en-US","@id":"https:\/\/wobronietradycjiiwiary.com\/pl\/#\/schema\/logo\/image\/","url":"https:\/\/i0.wp.com\/wobronietradycjiiwiary.com\/wp-content\/uploads\/2015\/10\/cropped-st-peters-dome-vatican.jpg?fit=940%2C198&ssl=1","contentUrl":"https:\/\/i0.wp.com\/wobronietradycjiiwiary.com\/wp-content\/uploads\/2015\/10\/cropped-st-peters-dome-vatican.jpg?fit=940%2C198&ssl=1","width":940,"height":198,"caption":"Tradycja i Wiara"},"image":{"@id":"https:\/\/wobronietradycjiiwiary.com\/pl\/#\/schema\/logo\/image\/"},"sameAs":["https:\/\/www.facebook.com\/Tradycja-i-Wiara-108813920592249"]},{"@type":"Person","@id":"https:\/\/wobronietradycjiiwiary.com\/pl\/#\/schema\/person\/2d6180ce6abcb681fef0daab7816e8f3","name":"Traditio et Fides","sameAs":["https:\/\/traditionundglauben.com"],"url":"https:\/\/wobronietradycjiiwiary.com\/en\/author\/wobronietradycjiiwiary\/"}]}},"jetpack_publicize_connections":[],"jetpack_sharing_enabled":true,"jetpack_likes_enabled":true,"jetpack_shortlink":"https:\/\/wp.me\/pc04Sd-2jz","jetpack-related-posts":[{"id":9126,"url":"https:\/\/wobronietradycjiiwiary.com\/en\/amoris-laetitia-zacheta-do-relatywizmu-10-rozdzial-ii-34-malzenstwo-nieosiagalnym-idealem\/","url_meta":{"origin":8901,"position":0},"title":"Amoris laetitia \u2013 zach\u0119ta do relatywizmu. 10.  Rozdzia\u0142 II (34). Ma\u0142\u017ce\u0144stwo nieosi\u0105galnym idea\u0142em.","author":"Traditio et Fides","date":"19 May 2016","format":false,"excerpt":"Ma\u0142\u017ce\u0144stwo idea\u0142em kulturowo nieosi\u0105galnym Po ustaleniu paradygmatu \u201ezmiany antropologiczno-kulturowej\u201d (AL 32) oraz przy \u015bwiadomo\u015bci \u201ezasadniczej orientacji zmian antropologiczno-kulturowy\u201d (tam\u017ce), kt\u00f3re najwyra\u017aniej \u201enie pozwalaj\u0105 na nieroztropne trwanie form i wzor\u00f3w z przesz\u0142o\u015bci,\u201d[1] przypuszczalnie takich jak m\u0119\u017cczyzna, kobieta, dziecko, rodzina, nast\u0119puje w punkcie 33 Amoris Laetitia lawina heterodoksji lub jak okre\u015bla to\u2026","rel":"","context":"In &quot;Amoris Laetitia&quot;","block_context":{"text":"Amoris Laetitia","link":"https:\/\/wobronietradycjiiwiary.com\/en\/category\/polemika\/kosciol-posoborowy\/papieze\/papiez-franciszek\/amoris-laetitia\/"},"img":{"alt_text":"El_Greco_042","src":"https:\/\/i0.wp.com\/wobronietradycjiiwiary.com\/wp-content\/uploads\/2016\/04\/el_greco_042.jpg?resize=350%2C200&ssl=1","width":350,"height":200,"srcset":"https:\/\/i0.wp.com\/wobronietradycjiiwiary.com\/wp-content\/uploads\/2016\/04\/el_greco_042.jpg?resize=350%2C200&ssl=1 1x, https:\/\/i0.wp.com\/wobronietradycjiiwiary.com\/wp-content\/uploads\/2016\/04\/el_greco_042.jpg?resize=525%2C300&ssl=1 1.5x, https:\/\/i0.wp.com\/wobronietradycjiiwiary.com\/wp-content\/uploads\/2016\/04\/el_greco_042.jpg?resize=700%2C400&ssl=1 2x"},"classes":[]},{"id":10714,"url":"https:\/\/wobronietradycjiiwiary.com\/en\/cos-drgnelo-czterech-kardynalow-przedstawia-dubia-w-sprawie-al\/","url_meta":{"origin":8901,"position":1},"title":"Co\u015b drgn\u0119\u0142o \u2013 czterech kardyna\u0142\u00f3w przedstawia dubia w sprawie AL","author":"Traditio et Fides","date":"14 November 2016","format":false,"excerpt":"Bardzo cieszy nas fakt, \u017ce wreszcie co\u015b drgn\u0119\u0142o i wszystkiego czterech kardyna\u0142\u00f3w, na 211, odwa\u017cy\u0142o si\u0119 przedstawi\u0107 papie\u017cowi Franciszkowie swoje w\u0105tpliwo\u015bci (dubia) w sprawie \u00f3smego rodzia\u0142u Amoris Laetitia. Kardyna\u0142owie Burke (USA), Caffara (W\u0142ochy) i dw\u00f3ch Niemc\u00f3w Brandm\u00fcller i Meisner (aha! \u017caden Polak) przed\u0142o\u017cyli swoje w\u0105tpliwo\u015bci ju\u017c papie\u017cowi na pi\u015bmie 21.\u2026","rel":"","context":"In &quot;4. Franciszek&quot;","block_context":{"text":"4. Franciszek","link":"https:\/\/wobronietradycjiiwiary.com\/en\/category\/polemika\/kosciol-posoborowy\/papieze\/papiez-franciszek\/"},"img":{"alt_text":"","src":"https:\/\/i0.wp.com\/wobronietradycjiiwiary.com\/wp-content\/uploads\/2016\/11\/sanzio_raffaello_-_disputa_del_sacramento_-_1508-1511_-_hi_res.jpg?resize=350%2C200&ssl=1","width":350,"height":200,"srcset":"https:\/\/i0.wp.com\/wobronietradycjiiwiary.com\/wp-content\/uploads\/2016\/11\/sanzio_raffaello_-_disputa_del_sacramento_-_1508-1511_-_hi_res.jpg?resize=350%2C200&ssl=1 1x, https:\/\/i0.wp.com\/wobronietradycjiiwiary.com\/wp-content\/uploads\/2016\/11\/sanzio_raffaello_-_disputa_del_sacramento_-_1508-1511_-_hi_res.jpg?resize=525%2C300&ssl=1 1.5x, https:\/\/i0.wp.com\/wobronietradycjiiwiary.com\/wp-content\/uploads\/2016\/11\/sanzio_raffaello_-_disputa_del_sacramento_-_1508-1511_-_hi_res.jpg?resize=700%2C400&ssl=1 2x, https:\/\/i0.wp.com\/wobronietradycjiiwiary.com\/wp-content\/uploads\/2016\/11\/sanzio_raffaello_-_disputa_del_sacramento_-_1508-1511_-_hi_res.jpg?resize=1050%2C600&ssl=1 3x, https:\/\/i0.wp.com\/wobronietradycjiiwiary.com\/wp-content\/uploads\/2016\/11\/sanzio_raffaello_-_disputa_del_sacramento_-_1508-1511_-_hi_res.jpg?resize=1400%2C800&ssl=1 4x"},"classes":[]},{"id":9772,"url":"https:\/\/wobronietradycjiiwiary.com\/en\/cos-drgnelo-lub-45-teologow-i-filozofow-pisze-do-kardynalow\/","url_meta":{"origin":8901,"position":2},"title":"Co\u015b drgn\u0119\u0142o lub 45 teolog\u00f3w i filozof\u00f3w pisze do kardyna\u0142\u00f3w","author":"Traditio et Fides","date":"13 July 2016","format":false,"excerpt":"(Na obrazie Ko\u015bci\u00f3\u0142 walcz\u0105cy - Ecclesia militans) Jak donosz\u0105 wiarygodne \u017ar\u00f3d\u0142a takie jak Rorate Caeli, onepeterfive i katholisches.info\u00a0 grupa jak na razie bezimiennych 45 teolog\u00f3w, filozof\u00f3w, pra\u0142at\u00f3w i ksi\u0119\u017cy w r\u00f3\u017cnych kraj\u00f3w przes\u0142a\u0142a dokument \u017c\u0105daj\u0105cy interwencji u papie\u017ca w sprawie wycofania Amoris Laetitia lub korekty niekt\u00f3rych zawartych w nim tez\u2026","rel":"","context":"In &quot;Amoris Laetitia&quot;","block_context":{"text":"Amoris Laetitia","link":"https:\/\/wobronietradycjiiwiary.com\/en\/category\/polemika\/kosciol-posoborowy\/papieze\/papiez-franciszek\/amoris-laetitia\/"},"img":{"alt_text":"","src":"https:\/\/i0.wp.com\/wobronietradycjiiwiary.com\/wp-content\/uploads\/2016\/07\/gardenofeden2.jpg?resize=350%2C200&ssl=1","width":350,"height":200},"classes":[]},{"id":152064,"url":"https:\/\/wobronietradycjiiwiary.com\/en\/carol-byrne-msza-dialogowana-130-z-149-remedium-franciszka-na-sztywnosc-moralnosci-etyka-sytuacyjna\/","url_meta":{"origin":8901,"position":3},"title":"Carol Byrne, &#8220;Msza dialogowana&#8221;. (130 z 149). Remedium Franciszka na \u201esztywno\u015b\u0107\u201d moralno\u015bci: etyka sytuacyjna","author":"Traditio et Fides","date":"2 September 2025","format":false,"excerpt":"Jak widzieli\u015bmy w dw\u00f3ch poprzednich artyku\u0142ach (tutaj\u00a0i\u00a0tutaj), papie\u017c Franciszek prowadzi kampani\u0119 przeciwko \u201esztywno\u015bci\u201d w kwestiach moralnych, szczeg\u00f3lnie w obszarze Sz\u00f3stego Przykazania.Ale to jest po prostu przykrywka dla relatywizmu moralnego, dla rodzaju etyki sytuacyjnej (maskowanej pod jak\u0105kolwiek inn\u0105 nazw\u0105) popieranej przez dysydent\u00f3w z\u00a0Humane vitae,\u00a0takich jak ks. Charles Curran, Hans K\u00fcng i\u2026","rel":"","context":"In &quot;Byrne&quot;","block_context":{"text":"Byrne","link":"https:\/\/wobronietradycjiiwiary.com\/en\/category\/doktryna\/teologia-liturgii\/byrne-doktryna\/"},"img":{"alt_text":"","src":"https:\/\/i0.wp.com\/wobronietradycjiiwiary.com\/wp-content\/uploads\/2022\/06\/carreno-de-miranda.jpg?resize=350%2C200&ssl=1","width":350,"height":200,"srcset":"https:\/\/i0.wp.com\/wobronietradycjiiwiary.com\/wp-content\/uploads\/2022\/06\/carreno-de-miranda.jpg?resize=350%2C200&ssl=1 1x, https:\/\/i0.wp.com\/wobronietradycjiiwiary.com\/wp-content\/uploads\/2022\/06\/carreno-de-miranda.jpg?resize=525%2C300&ssl=1 1.5x, https:\/\/i0.wp.com\/wobronietradycjiiwiary.com\/wp-content\/uploads\/2022\/06\/carreno-de-miranda.jpg?resize=700%2C400&ssl=1 2x"},"classes":[]},{"id":15374,"url":"https:\/\/wobronietradycjiiwiary.com\/en\/correctio-filialis-po-polsku-2\/","url_meta":{"origin":8901,"position":4},"title":"Correctio filialis po\u00a0polsku","author":"Traditio et Fides","date":"2 October 2017","format":false,"excerpt":"Dla niecierpliwych zamieszczamy poni\u017cej plik pdf z polsk\u0105 wersj\u0105\u00a0Correctio filialis\u00a0w t\u0142umaczeniu FSSPX, kt\u00f3re si\u0119 o\u015bmieli\u0142o wyst\u0105pi\u0107 po czterech latach przeciwko Franciszkowi, odk\u0105d ich prze\u0142o\u017cony biskup Fellay\u00a0Upomnienie synowskie\u00a0podpisa\u0142.\u00a0 Oczywi\u015bcie lepiej p\u00f3\u017aniej ni\u017c wcale, bo korekty formalnej ze strony kardyna\u0142\u00f3w i biskup\u00f3w mo\u017cemy si\u0119 \u201ez przyczynym pastoralnej roztropno\u015b\u0107i\u201d, to jest dba\u0142o\u015bci o\u2026","rel":"","context":"In &quot;Amoris Laetitia&quot;","block_context":{"text":"Amoris Laetitia","link":"https:\/\/wobronietradycjiiwiary.com\/en\/category\/polemika\/kosciol-posoborowy\/papieze\/papiez-franciszek\/amoris-laetitia\/"},"img":{"alt_text":"peter-and-paul-10","src":"https:\/\/wobronietradycjiiwiaryblog.files.wordpress.com\/2017\/10\/peter-and-paul-10.jpg?w=350&h=200&crop=1","width":350,"height":200},"classes":[]},{"id":9785,"url":"https:\/\/wobronietradycjiiwiary.com\/en\/prosba-liderow-katolickich-do-papieza-w-sprawie-amoris-laetitia\/","url_meta":{"origin":8901,"position":5},"title":"Pro\u015bba lider\u00f3w katolickich do papie\u017ca w sprawie Amoris Laetitia","author":"Traditio et Fides","date":"14 July 2016","format":false,"excerpt":"Z rado\u015bci\u0105 publikujemy za onepeterfive inicjatyw\u0119 g\u0142\u00f3wnie ameryka\u0144skich katolik\u00f3w prosz\u0105cych papie\u017ca Franciszka o poprawienie b\u0142\u0119d\u00f3w Amoris Laetitia. Powy\u017cej wersja skr\u00f3cona z podtytu\u0142ami polskimi autorstwa naszego czytelnika, poni\u017cej wersja pe\u0142na. Znajomo\u015b\u0107 angielskiego jest dla wersji d\u0142u\u017cszej niestety konieczna, ale klikni\u0119cie na podtytu\u0142y w youtube umo\u017cliwia czytanie tekstu i z pewno\u015bci\u0105 b\u0119dzie\u2026","rel":"","context":"In &quot;Amoris Laetitia&quot;","block_context":{"text":"Amoris Laetitia","link":"https:\/\/wobronietradycjiiwiary.com\/en\/category\/polemika\/kosciol-posoborowy\/papieze\/papiez-franciszek\/amoris-laetitia\/"},"img":{"alt_text":"","src":"","width":0,"height":0},"classes":[]}],"amp_enabled":true,"jetpack_featured_media_url":"","_links":{"self":[{"href":"https:\/\/wobronietradycjiiwiary.com\/en\/wp-json\/wp\/v2\/posts\/8901","targetHints":{"allow":["GET"]}}],"collection":[{"href":"https:\/\/wobronietradycjiiwiary.com\/en\/wp-json\/wp\/v2\/posts"}],"about":[{"href":"https:\/\/wobronietradycjiiwiary.com\/en\/wp-json\/wp\/v2\/types\/post"}],"author":[{"embeddable":true,"href":"https:\/\/wobronietradycjiiwiary.com\/en\/wp-json\/wp\/v2\/users\/60508433"}],"replies":[{"embeddable":true,"href":"https:\/\/wobronietradycjiiwiary.com\/en\/wp-json\/wp\/v2\/comments?post=8901"}],"version-history":[{"count":0,"href":"https:\/\/wobronietradycjiiwiary.com\/en\/wp-json\/wp\/v2\/posts\/8901\/revisions"}],"wp:attachment":[{"href":"https:\/\/wobronietradycjiiwiary.com\/en\/wp-json\/wp\/v2\/media?parent=8901"}],"wp:term":[{"taxonomy":"category","embeddable":true,"href":"https:\/\/wobronietradycjiiwiary.com\/en\/wp-json\/wp\/v2\/categories?post=8901"},{"taxonomy":"post_tag","embeddable":true,"href":"https:\/\/wobronietradycjiiwiary.com\/en\/wp-json\/wp\/v2\/tags?post=8901"}],"curies":[{"name":"wp","href":"https:\/\/api.w.org\/{rel}","templated":true}]}}