{"id":88665,"date":"2023-04-23T08:00:59","date_gmt":"2023-04-23T06:00:59","guid":{"rendered":"https:\/\/wobronietradycjiiwiary.com\/?p=88665"},"modified":"2025-02-10T11:59:56","modified_gmt":"2025-02-10T10:59:56","slug":"23-go-kwietnia-zywot-swietego-wojciecha-biskupa-i-meczennika-2-2","status":"publish","type":"post","link":"https:\/\/wobronietradycjiiwiary.com\/en\/23-go-kwietnia-zywot-swietego-wojciecha-biskupa-i-meczennika-2-2\/","title":{"rendered":"23-go Kwietnia. \u017bywot \u015bwi\u0119tego Wojciecha, Biskupa i M\u0119czennika."},"content":{"rendered":"<div id=\"bsf_rt_marker\"><\/div>\n<p class=\"has-text-align-center wp-block-paragraph\">(\u017by\u0142 oko\u0142o roku Pa\u0144skiego 950).<\/p>\n\n\n\n<p class=\"wp-block-paragraph\">Przed lat tysi\u0105cem, w pierwszej po\u0142owie X wieku, le\u017ca\u0142 na pograniczu Czech i Polski warowny gr\u00f3d Libice, otoczony woko\u0142o rozleg\u0142emi i licznemi w\u0142o\u015bciami.<\/p>\n\n\n\n<p class=\"wp-block-paragraph\">Panem Libic by\u0142 w owe czasy S\u0142awnik, m\u0105\u017c znakomitego rodu i wielkich cn\u00f3t, po kt\u00f3rym zosta\u0142a liczna rodzina S\u0142awnik\u00f3w, sk\u0142adaj\u0105c\u0105 si\u0119 z siedmiu braci; oto ich imiona: Sobieb\u00f3r, Spicymir, Dobros\u0142aw, Poraj, Czes\u0142aw, Wojciech i Radym.<\/p>\n\n\n\n<p class=\"wp-block-paragraph\">Ojcem \u015bw. Wojciecha by\u0142 \u00f3w S\u0142awnik, spokrewniony z cesarzami rzymsko-niemieckimi, a matk\u0105 Strze\u017cys\u0142awa, rodzona siostra kr\u00f3lowej polskiej D\u0105br\u00f3wki. \u015awi\u0119ty Wojciech by\u0142 wi\u0119c ciotecznym bratem kr\u00f3la polskiego Boles\u0142awa Chrobrego. \u2009\u015aw. Wojciech by\u0142 ch\u0142opi\u0119ciem niezwyk\u0142ej urody i nadzwyczaj \u017cywej wyobra\u017ani. Ojciec odda\u0142 go na wychowanie Arcybiskupowi magdeburskiemu Albertowi, kt\u00f3ry wnet pokocha\u0142 m\u0142odzieniaszka dla jego czystych obyczai i wielkiej pilno\u015bci w naukach.<\/p>\n\n\n\n<p class=\"has-text-align-justify wp-block-paragraph\">\u2009Gdy Wojciech dor\u00f3s\u0142 i obok niezwyk\u0142ej pobo\u017cno\u015bci okazywa\u0142 wyra\u017ane powo\u0142anie do stanu duchownego, wy\u015bwi\u0119ci\u0142 go Arcybiskup na kap\u0142ana, poczem wyprawi\u0142 go do ojczyzny.<\/p>\n\n\n\n<p class=\"has-text-align-justify wp-block-paragraph\">W\u0142a\u015bnie w tym czasie umar\u0142 by\u0142 w Pradze Biskup Thietmar, przeto ksi\u0105\u017c\u0119 czeski, Boles\u0142aw Srogi, jednomy\u015blnie z kap\u0142anami i z ludem, zapragn\u0105\u0142, aby Wojciech by\u0142 nast\u0119pc\u0105 Thietmara. M\u0142ody kap\u0142an, pos\u0142uszny prze\u0142o\u017conym, zosta\u0142 Biskupem praskim; jako Biskup za\u015b wy\u015bwi\u0119ci\u0142 na kap\u0142ana najm\u0142odszego swego brata Radyma, kt\u00f3ry by\u0142 odt\u0105d nieodst\u0119pnym towarzyszem Wojciecha a\u017c do jego \u015bmierci m\u0119cze\u0144skiej, a po niej zosta\u0142 pierwszym Arcybiskupem polskiego Ko\u015bcio\u0142a.<\/p>\n\n\n\n<p class=\"has-text-align-justify wp-block-paragraph\">W Czechach panowa\u0142o wtedy straszne zepsucie; cnotliwy Biskup, ca\u0142y oddany Bogu i swoim owieczkom, czyni\u0142 nadludzkie\u00a0wysi\u0142ki, aby zb\u0142\u0105kany nar\u00f3d przywie\u015b\u0107 do upami\u0119tania, do pokuty. Sam \u015bwieci\u0142 ludowi najwspanialszym przyk\u0142adem: po\u015bci\u0142, martwi\u0142 swoje niewinne cia\u0142o, ka\u017cd\u0105 woln\u0105 chwil\u0119 przep\u0119dza\u0142 na gor\u0105cej modlitwie, nawiedza\u0142 wi\u0119\u017ani\u00f3w i chorych, miewa\u0142 \u017carliwe kazania, wszystkie dochody swoje rozdawa\u0142 ubogim, poprzestaj\u0105c na lichej strawie i n\u0119dznej odzie\u017cy; lecz wszystkie te cnotliwe czyny zamiast wzruszy\u0107 grzeszny nar\u00f3d i przywie\u015b\u0107 go do poprawy, budzi\u0142y tylko coraz wi\u0119ksz\u0105 nienawi\u015b\u0107 ku Biskupowi, bo jego \u015bwi\u0119tobliwy \u017cywot by\u0142 najsro\u017cszym wyrzutem dla zbrodniczego spo\u0142ecze\u0144stwa.<br><\/p>\n\n\n\n<p class=\"has-text-align-justify wp-block-paragraph\">Widz\u0105c \u015bw. Wojciech, \u017ce jego usi\u0142owania nie przynosz\u0105 po\u017c\u0105danych owoc\u00f3w, po sze\u015bciu latach ci\u0119\u017ckiej a daremnej pracy opu\u015bci\u0142 Prag\u0119, postanowiwszy odby\u0107 pielgrzymk\u0119 do Ziemi \u015bw., aby u grobu Zbawiciela \u017cebra\u0107 mi\u0142osierdzia dla zatwardzia\u0142ych wsp\u00f3\u0142ziomk\u00f3w. Uda\u0142 si\u0119 wprz\u00f3d jednak do Rzymu do Ojca \u015bwi\u0119tego, aby ten zwolni\u0142 go z pasterskich obowi\u0105zk\u00f3w, a gdy otrzyma\u0142, czego pragn\u0105\u0142, pu\u015bci\u0142 si\u0119 wraz ze swym bratem Radymem w podr\u00f3\u017c. Po drodze wst\u0105pi\u0142 do Kassynu, do klasztoru Benedyktyn\u00f3w; tu pobo\u017cny Opat j\u0105\u0142 odradza\u0107 Biskupowi dalek\u0105, a pe\u0142n\u0105 niebezpiecze\u0144stw pielgrzymk\u0119 do Ziemi \u015bwi\u0119tej, nak\u0142aniaj\u0105c go natomiast do \u017cycia zakonnego. \u015awi\u0119ty Wojciech uznawszy w tej radzie cnotliwego m\u0119\u017ca wol\u0119 Bo\u017c\u0105, wr\u00f3ci\u0142 si\u0119 do Rzymu, a odbywszy nowicyat w klasztorze \u015bw. Bonifacego i Aleksego, regu\u0142y \u015bw. Benedykta, wraz z bratem przywdzia\u0142 habit zakonny w 890 r.<\/p>\n\n\n\n<p class=\"has-text-align-justify wp-block-paragraph\">Jak na Stolicy Biskupiej, tak teraz w celi klasztornej \u015bwieci\u0142 Wojciech rozlicznemi cnotami, mianowicie pobo\u017cno\u015bci\u0105, gorliwem spe\u0142nianiem obowi\u0105zk\u00f3w i pokor\u0105, pe\u0142ni\u0105c najni\u017csze pos\u0142ugi w klasztorze. Ju\u017c cztery lata p\u0119dzi\u0142 pobo\u017cny \u017cywot w ciszy klasztornej, gdy naraz zjawi\u0142o si\u0119 w Rzymie poselstwo z Pragi, z pokorn\u0105 a gor\u0105c\u0105 pro\u015bb\u0105 do Ojca \u015bwi\u0119tego, aby powag\u0105 swoj\u0105 zniewoli\u0142 \u015bwi\u0119tego Wojciecha do powrotu na Stolic\u0119 Biskupi\u0105. Papie\u017c przychyli\u0142 si\u0119 do usilnych pr\u00f3\u015bb skruszonych Czech\u00f3w i poleci\u0142 pokornemu zakonnikowi, aby uda\u0142 si\u0119 napowr\u00f3t do opuszczonych owieczek; doda\u0142 jednak, \u017ce gdyby nie chcia\u0142 i\u015b\u0107 za g\u0142osem swego pasterza, wolno mu b\u0119dzie porzuci\u0107 ju\u017c na zawsze niewdzi\u0119czn\u0105 owczarni\u0119. Na rozkaz Papie\u017ca i prze\u0142o\u017conych, opu\u015bci\u0142 pos\u0142uszny zawsze kap\u0142an mi\u0142e w klasztorze schronienie, i uda\u0142 si\u0119 do Pragi w towarzystwie Radyma i dwunastu zakonnik\u00f3w.<\/p>\n\n\n\n<p class=\"has-text-align-justify wp-block-paragraph\">Pos\u0142owie owi wys\u0142ani do Rzymu, na czele kt\u00f3rych by\u0142 Krystyn, brat panuj\u0105cego ksi\u0119cia czeskiego, przyrzekli w imieniu ca\u0142ej dyecezyi popraw\u0119, a mieszka\u0144cy Pragi ucieszeni powrotem \u015bwi\u0119tego Biskupa, przyj\u0119li go z oznakami wielkiej czci i rado\u015bci, oraz z nie mniejsz\u0105 wystawno\u015bci\u0105 i przepychem. Ale nied\u0142ugo by\u0142o tej poprawy.<\/p>\n\n\n\n<p class=\"has-text-align-justify wp-block-paragraph\">Wkr\u00f3tce po przybyciu Biskupa do Pragi, umar\u0142 Boles\u0142aw Srogi, pozostawiwszy rz\u0105dy synowi swemu Boles\u0142awowi Rudemu. M\u0142ody ksi\u0105\u017c\u0119 wielkim by\u0142 przyjacielem mo\u017cnej rodziny Wrszowc\u00f3w, kt\u00f3rzy z dawna mieli w nienawi\u015bci r\u00f3d S\u0142awnik\u00f3w i przy\u00a0ka\u017cdej sposobno\u015bci na jego zgub\u0119 godzili. Zdarzy\u0142o si\u0119, \u017ce ma\u0142\u017conka pewnego bogatego pana, \u015bcigana przez swego m\u0119\u017ca, kt\u00f3ry j\u0105 za przeniewierstwo chcia\u0142 zabi\u0107, schroni\u0142a si\u0119 do ko\u015bcio\u0142a, pod opiek\u0119 Biskupa. Na mocy przywilej\u00f3w Ko\u015bcio\u0142a, nie pozwoli\u0142 jej wyda\u0107 \u015bwi\u0119ty Wojciech, gdy\u017c w tych czasach najwi\u0119kszego zbrodniarza nie wolno by\u0142o porywa\u0107 od stopni o\u0142tarza i skaza\u0107 na \u015bmier\u0107; w ko\u015bciele ka\u017cdy by\u0142 bezpieczny, nikt go tkn\u0105\u0107 nie \u015bmia\u0142.<\/p>\n\n\n\n<p class=\"has-text-align-justify wp-block-paragraph\">Lecz rozw\u015bcieczona zgraja nieprzyjaci\u00f3\u0142 rodziny Biskupa, depc\u0105c prawo, wy\u0142ama\u0142a drzwi wbrew wszelkim przywilejom, wpad\u0142a do \u015bwi\u0105tyni, zamordowa\u0142a wyst\u0119pn\u0105 niewiast\u0119, a ca\u0142ej rodzinie S\u0142awnik\u00f3w zgub\u0119 poprzysi\u0119g\u0142a, \u017ce ledwo Biskup zdo\u0142a\u0142 uj\u015b\u0107 konno z miasta, kt\u00f3rego mieszka\u0144cy maj\u0105c na czele rodzin\u0119 Wrszowc\u00f3w, dopuszczali si\u0119 teraz jeszcze wi\u0119kszych ni\u017c dawniej wyst\u0119pk\u00f3w i gwa\u0142t\u00f3w. Jeden z braci S\u0142awnik\u00f3w, Sobiebor uda\u0142 si\u0119 o pomoc do cesarza Ottona III, jako najwy\u017cszego zwierzchnika Czech, kt\u00f3ry wtedy wojowa\u0142 wraz z Boles\u0142awem Chrobrym nad Elb\u0105. Kr\u00f3l polski \u017cywi\u0142 od dawna wielk\u0105 cze\u015b\u0107 i mi\u0142o\u015b\u0107 dla s\u0142yn\u0105cego z cn\u00f3t Biskupa Wojciecha, a st\u0105d got\u00f3w by\u0142 wszystko uczyni\u0107 dla jego rodziny.<\/p>\n\n\n\n<p class=\"has-text-align-justify wp-block-paragraph\">Gdy wi\u0119c cesarz nie \u015bpieszy\u0142 zaraz z pomoc\u0105 dla S\u0142awnik\u00f3w, Boles\u0142aw przyj\u0105\u0142 Sobiebora w poczet najznakomitszych swoich rycerzy i obsypa\u0142 go \u0142askami; lecz dobro\u0107 ta monarchy polskiego nie uratowa\u0142a nieszcz\u0119\u015bliwej rodziny \u015bw. Wojciecha, ale jeszcze z\u0142e powi\u0119kszy\u0142a. Wrszowcy bowiem pod pozorem, \u017ce Sobiebor uciek\u0142 si\u0119 do nieprzyjaciela kraju (cho\u0107 niebawem sam ksi\u0105\u017c\u0119 czeski szuka\u0142 przytu\u0142ku u Boles\u0142awa Chrobrego a ca\u0142y nar\u00f3d czeski b\u0142aga\u0142 jego pomocy), podburzywszy przeciw S\u0142awnikom wielu, napadli ich ziemie, a zniszczywszy je ogniem i mieczem, obiegli zamek Libice; bracia S\u0142awnikowie bronili si\u0119 dzielnie, ale wko\u0144cu ulegli przemocy. Wrszowcy zdobywszy gr\u00f3d, wymordowali czterech braci \u015bwi\u0119tego Wojciecha wraz z ich \u017conami, dzie\u0107mi i krewnymi; w ten spos\u00f3b wytracili ca\u0142\u0105 rodzin\u0119. Dowiedziawszy si\u0119 o nieszcz\u0119\u015bciu Sobiebor, bawi\u0105cy przy boku Boles\u0142awa, nie mia\u0142 ju\u017c teraz dla kogo \u017c\u0105da\u0107 pomocy, ani poco wraca\u0107 do kraju, do Czech ojczystych; pozosta\u0142 te\u017c na zawsze w Polsce, gdzie mu kr\u00f3l darowa\u0142 mnogie w\u0142o\u015bci. Od tego to brata \u015bwi\u0119tego Wojciecha wywodzi sw\u00f3j pocz\u0105tek rodzina Porait\u00f3w.<\/p>\n\n\n\n<p class=\"has-text-align-justify wp-block-paragraph\">Tymczasem prze\u015bladowany Biskup uszed\u0142szy z Pragi, pomn\u0105c na pozwolenie Ojca \u015bwi\u0119tego, \u017ce w razie opuszczenia niepos\u0142usznej trz\u00f3dki mo\u017ce i\u015b\u0107 tam, gdzie go serce powiedzie, uda\u0142 si\u0119 z powrotem do klasztoru w Rzymie, gdzie przez cztery lata w spokoju s\u0142u\u017cy\u0142 Bogu. By\u0142by te\u017c tu ju\u017c pewnie pozosta\u0142 na zawsze, gdyby nie przybycie do Rzymu cesarza Ottona III na koronacy\u0119; z Ottonem, kt\u00f3ry poznawszy \u015bwi\u0119tego Wojciecha, pokocha\u0142 go ca\u0142em sercem i wielbi\u0142 z ca\u0142ej duszy, przyby\u0142 Arcybiskup moguncki, metropolita Biskup\u00f3w praskich; ubolewa\u0142 on ci\u0105gle i \u017cali\u0142 si\u0119, \u017ce \u015bwi\u0119ty Wojciech opu\u015bci\u0142 Prag\u0119, przez co w niej z\u0142o\u015b\u0107 i wyst\u0119pki coraz bardziej b\u0119d\u0105 wzrasta\u0142y; a teraz przybywszy do Rzymu, zabiegami swymi to sprawi\u0142, \u017ce wygnany haniebnie Biskup, s\u0142uchaj\u0105cy zawsze rozkaz\u00f3w prze\u0142o\u017conych, raz jeszcze, na \u017c\u0105danie Papie\u017ca, postanowi\u0142 uda\u0107 si\u0119 do niewdzi\u0119cznej swej dyecezyi. To sobie przecie\u017c uprosi\u0142, \u017ce mu wolno by\u0142o wys\u0142a\u0107 przodem pos\u0142a do Pragi z zapytaniem, czy go tam chc\u0105 mie\u0107 swoim Biskupim.<\/p>\n\n\n\n<p class=\"has-text-align-justify wp-block-paragraph\">Po koronacyi tedy Ottona III razem z nim i nieodst\u0119pnym bratem Radymem, opu\u015bci\u0142 \u015bwi\u0119ty Wojciech Rzym i uda\u0142 si\u0119 najpierw do Moguncyi, ulegaj\u0105c gor\u0105cym pro\u015bbom cesarza, kt\u00f3ry z ka\u017cdym dniem coraz wi\u0119cej kocha\u0142 i czci\u0142 \u015bwi\u0119tego m\u0119\u017ca. Przez dwa miesi\u0105ce bawi\u0105c na dworze Ottona, w dzie\u0144 naucza\u0142 jego i dw\u00f3r ca\u0142y, noce za\u015b przep\u0119dza\u0142 na \u017carliwej modlitwie i r\u00f3\u017cnych umartwieniach cia\u0142a. St\u0105d te\u017c odby\u0142 pielgrzymk\u0119 do Francyi do grobu \u015bwi\u0119tego Marcina w Tulonie i do grobu \u015bw. Benedykta w Floryaku. Nareszcie \u017cegnany z serdecznym \u017calem przez cesarza, uda\u0142 si\u0119 Biskup ku czeskiej granicy, wys\u0142awszy naprz\u00f3d z zapytaniem, czy ziomkowie pragn\u0105 jego powrotu. Lecz ci zatwardziali grzesznicy odpowiedzieli z ur\u0105ganiem, \u017ce wcale nie pragn\u0105 go widzie\u0107 u siebie. R\u00f3wnocze\u015bnie otrzyma\u0142 wie\u015b\u0107 o okrutnem wymordowaniu braci swoich z ich rodzicami.<\/p>\n\n\n\n<p class=\"has-text-align-justify wp-block-paragraph\">Z zakrwawionem sercem, wzgardzony przez kraj w\u0142asny, odst\u0105pi\u0142 od granicy Czech,\u00a0a uda\u0142 si\u0119 do s\u0105siednich W\u0119gier, niedawno nawr\u00f3conych, gdzie panowa\u0142 ksi\u0105\u017c\u0119 Giejza z ma\u0142\u017conk\u0105 swoj\u0105 Adelajd\u0105, ciotk\u0105 rodzon\u0105 Boles\u0142awa Chrobrego. Dawno ju\u017c czu\u0142 \u015bw. Wojciech gor\u0105ce pragnienie po\u015bwi\u0119cenia si\u0119 nawracaniu poga\u0144skich lud\u00f3w, ale wola Ojca \u015bwi\u0119tego i prze\u0142o\u017conych stawa\u0142a na przeszkodzie temu pragnieniu. Teraz dopiero maj\u0105c pozwolenie udania si\u0119, gdzieby go serce wiod\u0142o, przybywszy do W\u0119gier, j\u0105\u0142 naucza\u0107 z wielk\u0105 gorliwo\u015bci\u0105, a skutki tej szczerej pracy by\u0142y zadziwiaj\u0105ce. Wielu, bardzo wielu pozyska\u0142 dla Chrystusa, wielu nawr\u00f3ci\u0142 i ochrzci\u0142; w pracy tej Apostolskiej dopomagali mu pilnie Radym i kilku kap\u0142an\u00f3w. Nast\u0119pnie przeni\u00f3s\u0142 si\u0119 z towarzyszami do Krakowa, gdzie r\u00f3wnie\u017c gorliwie i z wielkim skutkiem krzewi\u0142 chrze\u015bcija\u0144stwo.<\/p>\n\n\n\n<p class=\"has-text-align-justify wp-block-paragraph\">W jesieni roku 996 przyby\u0142 wreszcie na dw\u00f3r Boles\u0142awa Chrobrego do Gniezna, a \u017ce monarcha polski dawno ju\u017c pragn\u0105\u0142 przybycia \u015bw. Biskupa, to te\u017c przyj\u0105\u0142 go z niezwyk\u0142\u0105 rado\u015bci\u0105 i czci\u0105, a otoczy\u0142 synowsk\u0105 mi\u0142o\u015bci\u0105 i g\u0142\u0119bokiem uwielbieniem. Tu bawi\u0105c przez ca\u0142\u0105 zim\u0119, naucza\u0142 i chrzci\u0142 \u015bw. Wojciech w okolicy stolicy pa\u0144stwa polskiego, pracuj\u0105c z niezmordowanym zapa\u0142em, to te\u017c niezwyk\u0142ych dokaza\u0142 nawr\u00f3ce\u0144 i niejednego zatwardzia\u0142ego grzesznika przywi\u00f3d\u0142 do upami\u0119tania, a jednocze\u015bnie nauczy\u0142 Polak\u00f3w \u015blicznej pie\u015bni do Matki Boskiej, zaczynaj\u0105cej si\u0119 od s\u0142\u00f3w: \u201eBogarodzica Dziewica\u201c, kt\u00f3r\u0105 to pie\u015b\u0144 staro\u017cytn\u0105 w katedrze gnie\u017anie\u0144skiej, u grobu \u015bwi\u0119tego Aposto\u0142a po dzi\u015b dzie\u0144 co Niedziel\u0119 i \u015bwi\u0119to \u015bpiewaj\u0105 m\u0142odzi klerycy, kszta\u0142c\u0105cy si\u0119 na kap\u0142an\u00f3w.<\/p>\n\n\n\n<p class=\"has-text-align-justify wp-block-paragraph\">Kr\u00f3l Boles\u0142aw porozumiawszy si\u0119 ze swoim upragnionym go\u015bciem, czyni\u0142 przygotowania do Apostolskiej wyprawy nad morze Ba\u0142tyckie, dok\u0105d si\u0119ga\u0142y jego ziemie zostaj\u0105ce jeszcze w poga\u0144stwie, gdzie gorliwy Aposto\u0142 pragn\u0105\u0142 nie\u015b\u0107 \u015bwiat\u0142o prawdziwej wiary.<\/p>\n\n\n\n<p class=\"has-text-align-justify wp-block-paragraph\">Na pocz\u0105tku wiosny \u015bwi\u0119ty Wojciech po\u017cegnawszy kr\u00f3la Boles\u0142awa, kt\u00f3ry rad by\u0142by \u015bwi\u0119tego Biskupa na zawsze u siebie zatrzyma\u0142, pu\u015bci\u0142 si\u0119 w towarzystwie Radyma i drugiego jeszcze kap\u0142ana Benedykta, Wis\u0142\u0105 do Gda\u0144ska, gdzie jak wsz\u0119dzie wielu nawr\u00f3ci\u0142 i ochrzci\u0142. Poczem opu\u015bciwszy Gda\u0144sk, wsiad\u0142 na statek z dwoma towarzyszami oraz z trzydziestu zbrojnymi m\u0119\u017cami, kt\u00f3rych mu kr\u00f3l przyda\u0142 do obrony i pop\u0142yn\u0105\u0142 morzem a\u017c do uj\u015bcia rzeki Pregli, w miejsce, gdzie dzi\u015b Kr\u00f3lewiec le\u017cy. Wysiad\u0142szy na l\u0105d, odes\u0142a\u0142 stra\u017c zbrojn\u0105 kr\u00f3lowi polskiemu, a sam, oddawszy si\u0119 w opiek\u0119 Bogu, z Radymem i Benedyktem uda\u0142 si\u0119 z biegiem rzeki do najbli\u017cszej osady, pragn\u0105c jak najpr\u0119dzej zacz\u0105\u0107 g\u0142osi\u0107 Ewangeli\u0119 \u015bw. Lecz mieszka\u0144cy dowiedziawszy si\u0119, w jakim celu przybyli trzej pielgrzymi, podnie\u015bli wrzaski, a l\u017c\u0105c i z\u0142orzecz\u0105c, precz m\u0119\u017com tym i\u015b\u0107 rozkazali; jeden nawet z zuchwalszych uderzy\u0142 \u015bw. Wojciecha wios\u0142em tak silnie, \u017ce go towarzysze na po\u0142y zemdlonego podnie\u015bli z ziemi.<\/p>\n\n\n\n<p class=\"has-text-align-justify wp-block-paragraph\">Tak niego\u015bcinnie przyj\u0119ci, opu\u015bcili nieszcz\u0119\u015bliwych za\u015blepie\u0144c\u00f3w, a pod\u0105\u017cyli do innej osady, gdzie doznali lepszego przyj\u0119cia; ali\u015bci i tu, skoro \u015bwi\u0119ty Aposto\u0142 j\u0105\u0142 m\u00f3wi\u0107 z zapa\u0142em, i\u017c przyszed\u0142, aby poga\u0144skiej ludno\u015bci da\u0107 pozna\u0107 prawdziwego Boga i wskaza\u0107 drog\u0119 do zbawienia, powsta\u0142o og\u00f3lne oburzenie, zacz\u0119to pielgrzymom grozi\u0107 \u015bmierci\u0105, je\u017celi natychmiast nie opuszcz\u0105 osady, a wreszcie wsadzono wszystkich trzech w \u0142\u00f3d\u017a i wywieziono na s\u0105siednie wybrze\u017ce.<\/p>\n\n\n\n<p class=\"has-text-align-justify wp-block-paragraph\">\u015awi\u0119ty Wojciech postanowi\u0142 naradzi\u0107 si\u0119 z towarzyszami, czyby nie lepiej by\u0142o uda\u0107 si\u0119 do innych plemion s\u0142owia\u0144skich, mniej zatwardzia\u0142ych; powstawszy za\u015b o brzasku dnia 23 kwietnia z miejsca, gdzie ich poganie porzucili, udali si\u0119 brzegiem morza w dalsz\u0105 podr\u00f3\u017c, skracaj\u0105c sobie drog\u0119 \u015bpiewaniem psalm\u00f3w Dawidowych. Oko\u0142o po\u0142udnia przyszli do wspania\u0142ego lasu, w\u015br\u00f3d kt\u00f3rego znajdowa\u0142a si\u0119 pi\u0119kna r\u00f3wnina; tu Radym odprawi\u0142 Msz\u0119, na kt\u00f3rej \u015bwi\u0119ty Wojciech przyj\u0105\u0142 Komuni\u0119 \u015bwi\u0119t\u0105. Poczem znu\u017ceni bardzo drog\u0105, pokrzepiwszy si\u0119 odrobin\u0105 miodu, po\u0142o\u017cyli si\u0119, aby nieco wypocz\u0105\u0107 i mocno zasn\u0119li. Nie wiedzieli oni, \u017ce miejsce to zwane Romowe, po\u015bwi\u0119cone by\u0142o poga\u0144skim bo\u017ckom i pod kar\u0105 \u015bmierci nie wolno by\u0142o na nie wst\u0119powa\u0107 obcemu.<\/p>\n\n\n\n<p class=\"has-text-align-justify wp-block-paragraph\">Nagle zbudzi\u0142y \u015bpi\u0105cych m\u0119\u017c\u00f3w Bo\u017cych g\u0142o\u015bne okrzyki w\u015bciek\u0142o\u015bci i grozy; liczna zgraja krajowc\u00f3w, spostrzeg\u0142szy obcych przybysz\u00f3w \u015bpi\u0105cych na \u015bwi\u0119tem polu, rzuci\u0142a si\u0119 na nich i w\u015br\u00f3d z\u0142orzecze\u0144 i obelg skr\u0119powa\u0142a nielito\u015bciwie powrozami i\u00a0zawiod\u0142a przed swego arcykap\u0142ana Krywe. Ten dowiedziawszy si\u0119 o przewinieniu pielgrzym\u00f3w zawrza\u0142 strasznym gniewem, a mszcz\u0105c si\u0119 za zniewag\u0119, wyrz\u0105dzon\u0105 ba\u0142wanom, uderzy\u0142 w\u0142\u00f3czni\u0105 w piersi \u015bwi\u0119tego Wojciecha. Aposto\u0142 wzni\u00f3s\u0142 r\u0119ce do Nieba i w gor\u0105cej modlitwie poleca\u0142 \u0142asce i mi\u0142osierdziu Bo\u017cemu za\u015blepionych pogan, kt\u00f3rzy id\u0105c za przyk\u0142adem arcykap\u0142ana, siedmiu w\u0142\u00f3czniami przeszyli cia\u0142o tego, co im ni\u00f3s\u0142 zbawienie. \u015awi\u0119ty Biskup upad\u0142 z rozkrzy\u017cowanemi r\u0119koma na ziemi\u0119 i czystego swego ducha wyzion\u0105\u0142; rozw\u015bcieklony za\u015b mot\u0142och j\u0105\u0142 r\u0105ba\u0107 szcz\u0105tki M\u0119czennika a g\u0142ow\u0119 zatkni\u0119t\u0105 na dzid\u0119 zaniesiono w tryumfie do swej osady; tam te\u017c poprowadzono zwi\u0105zanych, Radyma i Benedykta, ale niebawem poganie rozci\u0105wszy im p\u0119ta, pozwolili wolno odej\u015b\u0107 i opu\u015bci\u0107 sw\u0105 ziemi\u0119.<\/p>\n\n\n\n<p class=\"has-text-align-justify wp-block-paragraph\">Obaj \u015bwiadkowie m\u0119cze\u0144stwa \u015bwi\u0119tego Aposto\u0142a udali si\u0119 do kr\u00f3la Boles\u0142awa Chrobrego, kt\u00f3ry z niewymown\u0105 bole\u015bci\u0105 dowiedzia\u0142 si\u0119 o \u015bmierci wielce umi\u0142owanego s\u0142ugi Bo\u017cego. Przej\u0119ty ci\u0119\u017ckim \u017calem i gor\u0105cem pragnieniem uczczenia \u015bw. M\u0119czennika, wys\u0142a\u0142 Chrobry pos\u0142\u00f3w do Prusak\u00f3w, aby za zap\u0142at\u0105 cia\u0142o Biskupa wydali. Poganie zgodzili si\u0119 na \u017c\u0105danie kr\u00f3la polskiego, ale pod warunkiem, \u017ce dostan\u0105 tyle srebra, ile zw\u0142oki b\u0119d\u0105 wa\u017cy\u0142y. Boles\u0142aw pragn\u0105c za jak\u0105b\u0105d\u017c cen\u0119 odzyska\u0107 \u015bwi\u0119te szcz\u0105tki, got\u00f3w by\u0142 odda\u0107 nawet wi\u0119cej, ni\u017c chciwi Prusacy \u017c\u0105dali, ale B\u00f3g cud uczyni\u0142, gdy\u017c cia\u0142o \u015bwi\u0119tego Wojciecha okaza\u0142o si\u0119 lekkie jak pi\u00f3rko, \u017ce poganie niewiele kruszczu dostali i nieomal darmo musieli \u015bwi\u0119te zw\u0142oki odda\u0107.<\/p>\n\n\n\n<p class=\"has-text-align-justify wp-block-paragraph\">Wykupione cia\u0142o sprowadzi\u0142 monarcha polski w granice swego pa\u0144stwa i z najwi\u0119ksz\u0105 czci\u0105 z\u0142o\u017cy\u0142 najpierw w trzemesze\u0144skim ko\u015bciele kanonik\u00f3w regularnych, osadzonych tam jeszcze przez Mieczys\u0142awa I. Nast\u0119pnie dnia 20 pa\u017adziernika 999 roku, pobo\u017cny kr\u00f3l Boles\u0142aw przeni\u00f3s\u0142 zw\u0142oki \u015bwi\u0119tego Wojciecha do swej stolicy Gniezna i pochowa\u0142 je w ko\u015bciele katedralnym, wspania\u0142y grobowiec \u015bwi\u0119temu M\u0119czennikowi wystawiwszy.<\/p>\n\n\n\n<p class=\"has-text-align-justify wp-block-paragraph\">Wkr\u00f3tce imi\u0119 \u015bwi\u0119tego Aposto\u0142a Prusak\u00f3w rozbrzmia\u0142o po ca\u0142ej Polsce, a nawet i w s\u0105siednich krajach chrze\u015bcija\u0144skich, gdy\u017c B\u00f3g ws\u0142awi\u0142 s\u0142ug\u0119 Swego licznymi cudami, kt\u00f3re si\u0119 u jego grobu dzia\u0142y. To te\u017c na pocz\u0105tku roku tysi\u0105cznego cesarz Otton III, dotkni\u0119ty g\u0142\u0119boko \u015bmierci\u0105 swego przyjaciela i nauczyciela, wybra\u0142 si\u0119 z Rzymu, w \u015bwietnym orszaku Biskup\u00f3w, kap\u0142an\u00f3w, dostojnik\u00f3w ko\u015bcielnych i rycerzy, na pielgrzymk\u0119 do Gniezna i gr\u00f3b \u015bwi\u0119tego Biskupa z wielk\u0105 pobo\u017cno\u015bci\u0105 nawiedzi\u0142; ca\u0142\u0105 drog\u0119, odk\u0105d ujrza\u0142 wie\u017ce \u015bwi\u0105tyni gnie\u017anie\u0144skiej, szed\u0142 Otton pieszo i boso. Ale najwi\u0119ksz\u0105 czci\u0105 i mi\u0142o\u015bci\u0105 otoczyli Polacy pami\u0119\u0107 swego \u015bw. Aposto\u0142a: w licznych potrzebach uciekali si\u0119 do or\u0119downictwa \u015bwi\u0119tego Wojciecha, a nigdy nie napr\u00f3\u017cno; id\u0105c do walki z nieprzyjaci\u00f3\u0142mi Wiary \u015bw. \u015bpiewa\u0142o rycerstwo polskie pie\u015b\u0144 \u201eBogarodzica Dziewica.\u201c<\/p>\n\n\n\n<p class=\"has-text-align-justify wp-block-paragraph\">Chocia\u017c tysi\u0105c lat blizko up\u0142yn\u0119\u0142o od \u015bmierci \u015bwi\u0119tego M\u0119czennika, po dzi\u015b dzie\u0144 liczne pielgrzymki, w dniu 23 kwietnia, \u015bpiesz\u0105 do Gniezna, gdzie w katedralnym ko\u015bciele wznosi si\u0119 pi\u0119kny grobowiec wielkiego Patrona kraju naszego.<\/p>\n\n\n\n<p class=\"has-text-align-justify wp-block-paragraph\">Nie straci\u0142 nic na tem \u015bwi\u0119ty Wojciech, \u017ce Pra\u017canie z nauki i pracy jego korzysta\u0107 nie chcieli. B\u00f3g bowiem wynagrodzi\u0142 go tak dobrze, jak gdyby by\u0142 z najlepszym skutkiem pracowa\u0142. Niech B\u00f3g b\u0119dzie jedynym celem prac i zabieg\u00f3w twoich, a nie b\u0119dziesz si\u0119 potrzebowa\u0142 troszczy\u0107 o to, jak ci si\u0119 powiod\u0105. W\u00f3wczas cho\u0107by\u015b ani nagrody, ani wdzi\u0119czno\u015bci od ludzi nie dozna\u0142; cho\u0107by\u015b nawet nie widzia\u0142 upragnionych owoc\u00f3w twej usilnej pracy, nic na tem nie stracisz; bo w ka\u017cdym razie czeka\u0107 ci\u0119 b\u0119dzie bogata i pewna zap\u0142ata u Boga.<\/p>\n\n\n\n<h2 class=\"wp-block-heading\"><strong>Nauka moralna.<\/strong><\/h2>\n\n\n\n<p class=\"has-text-align-justify wp-block-paragraph\">\u2009\u015awi\u0119ty Wojciech zaprzesta\u0142 \u015bmiechu do ko\u0144ca \u017cycia, gdy by\u0142 obecnym przy \u015bmierci Biskupa, swego poprzednika, a kt\u00f3ry umar\u0142, ci\u0119\u017cko sobie wyrzucaj\u0105c zdro\u017cno\u015bci, jakich jako Biskup za \u017cycia si\u0119 dopuszcza\u0142. Jak\u017ce okropnym i straszliwym musi by\u0107 zgon dla samego grzesznika, je\u017celi \u015bwiadka owych bole\u015bci moralnych, nad \u0142o\u017cem stoj\u0105cego na ca\u0142e \u017cycie przestrasza. Dla \u015bwi\u0119tego Wojciecha \u017cywa pami\u0119\u0107 tej okropnej \u015bmierci by\u0142a bezustann\u0105 podniet\u0105 do sposobienia si\u0119 przez ca\u0142e \u017cycie na \u015bmier\u0107 bez wyrzut\u00f3w sumienia. I ty, Czytelniku mi\u0142y, u\u017cyj tego wybornego \u015brodka i miarkuj sobie z rozwag\u0105, jak straszliwy czeka\u0142by ci\u0119 koniec, gdyby\u015b \u017cycia twego\u00a0nie wi\u00f3d\u0142 zgodnie z przepisami, jakie nam Jezus Chrystus zostawi\u0142.<\/p>\n\n\n\n<h2 class=\"wp-block-heading\"><strong>Modlitwa.<\/strong><\/h2>\n\n\n\n<blockquote class=\"wp-block-quote is-layout-flow wp-block-quote-is-layout-flow\"><p>\u2009Twoje mi\u0142osierdzie, prosimy Ci\u0119, Panie Jezu Chryste, \u015bwi\u0119ty Wojciech, Biskup i M\u0119czennik niech nam wyjedna, aby\u015b nam i grzechy nasze lito\u015bciwie odpu\u015bci\u0142, i \u0142aski, o kt\u00f3re prosimy udzieli\u0142. Przez Pana naszego, Jezusa Chrystusa. Amen.<\/p><\/blockquote>\n\n\n\n<figure class=\"wp-block-table\"><table><tbody><tr><td>\u2217&nbsp;&nbsp;&nbsp;&nbsp;&nbsp;&nbsp;&nbsp;&nbsp;&nbsp;&nbsp;&nbsp;&nbsp;&nbsp;&nbsp;&nbsp;&nbsp;&nbsp;&nbsp;&nbsp;&nbsp;\u2217<br>\u2217<\/td><\/tr><\/tbody><\/table><\/figure>\n\n\n\n<p class=\"wp-block-paragraph\">\u2009<em>Opr\u00f3cz tego obchodzi Ko\u015bci\u00f3\u0142 \u015bwi\u0119ty pami\u0105tk\u0119 nast\u0119puj\u0105cych \u015awi\u0119tych Pa\u0144skich, zamieszczonych w rzymskiem martyrologium:<\/em><\/p>\n\n\n\n<p class=\"has-text-align-justify wp-block-paragraph\">\u2009<strong>Dnia 23-go kwietnia<\/strong>&nbsp;dzie\u0144 zgonu \u015bwi\u0119tego Jerzego, kt\u00f3rego Ko\u015bci\u00f3\u0142 Bo\u017cy czci jako chwalebnego \u015bwiadka pomi\u0119dzy M\u0119czennikami. \u2014 W Walencyi we Francyi \u015bmier\u0107 m\u0119cze\u0144ska \u015bw.&nbsp;Feliksa, Kap\u0142ana i \u015bw.&nbsp;Fortunata i Achilleusza, Dyakon\u00f3w. Zostali oni wys\u0142ani tam\u017ce przez \u015bw. Ireneusza, Biskupa Lyonu, aby g\u0142osili Ewangeli\u0119 i pozyskali ju\u017c wi\u0119ksz\u0105 cz\u0119\u015b\u0107 mieszka\u0144c\u00f3w tego\u017c miasta wierze Chrystusowej, gdy kapitan Korneliusz kaza\u0142 ich uwi\u0119zi\u0107 i bardzo d\u0142ugo biczowa\u0107. Nast\u0119pnie po\u0142amano im nogi i powi\u0105zano na ko\u0142a. Potem rozci\u0105gni\u0119to ich na torturach i r\u00f3wnocze\u015bnie dr\u0119czono dymem. Wreszcie zako\u0144czono \u017cywot ich mieczem. \u2014 W Prusach m\u0119cze\u0144stwo \u015bw.&nbsp;Wojciecha, Biskupa Praskiego, kt\u00f3ry g\u0142osi\u0142 Ewangeli\u0119 w Polsce i na W\u0119grzech. \u2014 W Medyolanie pami\u0105tka \u015bw.&nbsp;Marolusa, Biskupa i Wyznawcy. \u2014 W Toul we Francyi uroczysto\u015b\u0107 \u015bw.&nbsp;Gerarda, Biskupa.<\/p>","protected":false},"excerpt":{"rendered":"<p>\u015awi\u0119ty Wojciech jest doskona\u0142ym przyk\u0142adem na to, \u017ce nawet \u015bwi\u0119ty mo\u017ce mie\u0107 do\u015b\u0107 swoich wsp\u00f3\u0142ziomk\u00f3w i swojej rodziny. Wa\u015bnie rodowe zako\u0144czone wymordowaniem jego rodziny, powik\u0142ania polityczne, dynastyczne i osobiste. Zamordowany zosta\u0142 jednak nie z r\u0105k swoich, ale obcych. <\/p>","protected":false},"author":60508433,"featured_media":45876,"comment_status":"open","ping_status":"open","sticky":false,"template":"","format":"standard","meta":{"_bbp_topic_count":0,"_bbp_reply_count":0,"_bbp_total_topic_count":0,"_bbp_total_reply_count":0,"_bbp_voice_count":0,"_bbp_anonymous_reply_count":0,"_bbp_topic_count_hidden":0,"_bbp_reply_count_hidden":0,"_bbp_forum_subforum_count":0,"_editorskit_title_hidden":false,"_editorskit_reading_time":0,"_editorskit_is_block_options_detached":false,"_editorskit_block_options_position":"{}","_coblocks_attr":"","_coblocks_dimensions":"","_coblocks_responsive_height":"","_coblocks_accordion_ie_support":"","_exactmetrics_skip_tracking":false,"_jetpack_newsletter_access":"","_jetpack_dont_email_post_to_subs":false,"_jetpack_newsletter_tier_id":0,"_jetpack_memberships_contains_paywalled_content":false,"_wpcom_ai_launchpad_first_post":false,"_jetpack_feature_clip_id":0,"_jetpack_memberships_contains_paid_content":false,"footnotes":"","jetpack_publicize_message":"{title}\n\n{excerpt}\n\n{url}","jetpack_publicize_feature_enabled":true,"jetpack_social_post_already_shared":true,"jetpack_social_options":{"image_generator_settings":{"template":"highway","default_image_id":0,"font":"","enabled":false},"version":2},"_wpas_customize_per_network":false,"jetpack_post_was_ever_published":false},"categories":[610131819,610131184,336375535,610134932,610131155,610132042],"tags":[610133352],"class_list":["post-88665","post","type-post","status-publish","format-standard","has-post-thumbnail","hentry","category-swieta-w-kwietniu","category-duchowosc","category-liturgia-i-liturgika","category-mescy-swieci","category-rozwazania","category-zywoty-swietych","tag-mescy-swieci"],"yoast_head":"<!-- This site is optimized with the Yoast SEO plugin v28.4 - https:\/\/yoast.com\/product\/yoast-seo-wordpress\/ -->\n<title>23-go Kwietnia. \u017bywot \u015bwi\u0119tego Wojciecha, Biskupa i M\u0119czennika. - Tradycja i Wiara<\/title>\n<meta name=\"robots\" content=\"index, follow, max-snippet:-1, max-image-preview:large, max-video-preview:-1\" \/>\n<link rel=\"canonical\" href=\"https:\/\/wobronietradycjiiwiary.com\/en\/23-go-kwietnia-zywot-swietego-wojciecha-biskupa-i-meczennika-2-2\/\" \/>\n<meta property=\"og:locale\" content=\"en_US\" \/>\n<meta property=\"og:type\" content=\"article\" \/>\n<meta property=\"og:title\" content=\"23-go Kwietnia. \u017bywot \u015bwi\u0119tego Wojciecha, Biskupa i M\u0119czennika. - Tradycja i Wiara\" \/>\n<meta property=\"og:description\" content=\"\u015awi\u0119ty Wojciech jest doskona\u0142ym przyk\u0142adem na to, \u017ce nawet \u015bwi\u0119ty mo\u017ce mie\u0107 do\u015b\u0107 swoich wsp\u00f3\u0142ziomk\u00f3w i swojej rodziny. Wa\u015bnie rodowe zako\u0144czone wymordowaniem jego rodziny, powik\u0142ania polityczne, dynastyczne i osobiste. Zamordowany zosta\u0142 jednak nie z r\u0105k swoich, ale obcych.\" \/>\n<meta property=\"og:url\" content=\"https:\/\/wobronietradycjiiwiary.com\/en\/23-go-kwietnia-zywot-swietego-wojciecha-biskupa-i-meczennika-2-2\/\" \/>\n<meta property=\"og:site_name\" content=\"Tradycja i Wiara\" \/>\n<meta property=\"article:publisher\" content=\"https:\/\/www.facebook.com\/Tradycja-i-Wiara-108813920592249\" \/>\n<meta property=\"article:published_time\" content=\"2023-04-23T06:00:59+00:00\" \/>\n<meta property=\"article:modified_time\" content=\"2025-02-10T10:59:56+00:00\" \/>\n<meta property=\"og:image\" content=\"https:\/\/wobronietradycjiiwiary.com\/wp-content\/uploads\/2021\/04\/Swiety_Wojciech.png\" \/>\n\t<meta property=\"og:image:width\" content=\"482\" \/>\n\t<meta property=\"og:image:height\" content=\"470\" \/>\n\t<meta property=\"og:image:type\" content=\"image\/png\" \/>\n<meta name=\"author\" content=\"Traditio et Fides\" \/>\n<meta name=\"twitter:card\" content=\"summary_large_image\" \/>\n<meta name=\"twitter:label1\" content=\"Written by\" \/>\n\t<meta name=\"twitter:data1\" content=\"Traditio et Fides\" \/>\n\t<meta name=\"twitter:label2\" content=\"Est. reading time\" \/>\n\t<meta name=\"twitter:data2\" content=\"17 minutes\" \/>\n<script type=\"application\/ld+json\" class=\"yoast-schema-graph\">{\"@context\":\"https:\\\/\\\/schema.org\",\"@graph\":[{\"@type\":\"Article\",\"@id\":\"https:\\\/\\\/wobronietradycjiiwiary.com\\\/23-go-kwietnia-zywot-swietego-wojciecha-biskupa-i-meczennika-2-2\\\/#article\",\"isPartOf\":{\"@id\":\"https:\\\/\\\/wobronietradycjiiwiary.com\\\/23-go-kwietnia-zywot-swietego-wojciecha-biskupa-i-meczennika-2-2\\\/\"},\"author\":{\"name\":\"Traditio et Fides\",\"@id\":\"https:\\\/\\\/wobronietradycjiiwiary.com\\\/pl\\\/#\\\/schema\\\/person\\\/2d6180ce6abcb681fef0daab7816e8f3\"},\"headline\":\"23-go Kwietnia. \u017bywot \u015bwi\u0119tego Wojciecha, Biskupa i M\u0119czennika.\",\"datePublished\":\"2023-04-23T06:00:59+00:00\",\"dateModified\":\"2025-02-10T10:59:56+00:00\",\"mainEntityOfPage\":{\"@id\":\"https:\\\/\\\/wobronietradycjiiwiary.com\\\/23-go-kwietnia-zywot-swietego-wojciecha-biskupa-i-meczennika-2-2\\\/\"},\"wordCount\":3378,\"commentCount\":0,\"publisher\":{\"@id\":\"https:\\\/\\\/wobronietradycjiiwiary.com\\\/pl\\\/#organization\"},\"image\":{\"@id\":\"https:\\\/\\\/wobronietradycjiiwiary.com\\\/23-go-kwietnia-zywot-swietego-wojciecha-biskupa-i-meczennika-2-2\\\/#primaryimage\"},\"thumbnailUrl\":\"https:\\\/\\\/wobronietradycjiiwiary.com\\\/wp-content\\\/uploads\\\/2021\\\/04\\\/Swiety_Wojciech.png\",\"keywords\":[\"m\u0119scy \u015bwi\u0119ci\"],\"articleSection\":[\"04. \u015awi\u0119ta w kwietniu\",\"Duchowo\u015b\u0107\",\"Liturgia i liturgika\",\"M\u0119scy \u015bwi\u0119ci\",\"Rozwa\u017cania liturgiczne\",\"\u017bywoty \u015awi\u0119tych\"],\"inLanguage\":\"en-US\",\"potentialAction\":[{\"@type\":\"CommentAction\",\"name\":\"Comment\",\"target\":[\"https:\\\/\\\/wobronietradycjiiwiary.com\\\/23-go-kwietnia-zywot-swietego-wojciecha-biskupa-i-meczennika-2-2\\\/#respond\"]}]},{\"@type\":\"WebPage\",\"@id\":\"https:\\\/\\\/wobronietradycjiiwiary.com\\\/23-go-kwietnia-zywot-swietego-wojciecha-biskupa-i-meczennika-2-2\\\/\",\"url\":\"https:\\\/\\\/wobronietradycjiiwiary.com\\\/23-go-kwietnia-zywot-swietego-wojciecha-biskupa-i-meczennika-2-2\\\/\",\"name\":\"23-go Kwietnia. \u017bywot \u015bwi\u0119tego Wojciecha, Biskupa i M\u0119czennika. - Tradycja i Wiara\",\"isPartOf\":{\"@id\":\"https:\\\/\\\/wobronietradycjiiwiary.com\\\/pl\\\/#website\"},\"primaryImageOfPage\":{\"@id\":\"https:\\\/\\\/wobronietradycjiiwiary.com\\\/23-go-kwietnia-zywot-swietego-wojciecha-biskupa-i-meczennika-2-2\\\/#primaryimage\"},\"image\":{\"@id\":\"https:\\\/\\\/wobronietradycjiiwiary.com\\\/23-go-kwietnia-zywot-swietego-wojciecha-biskupa-i-meczennika-2-2\\\/#primaryimage\"},\"thumbnailUrl\":\"https:\\\/\\\/wobronietradycjiiwiary.com\\\/wp-content\\\/uploads\\\/2021\\\/04\\\/Swiety_Wojciech.png\",\"datePublished\":\"2023-04-23T06:00:59+00:00\",\"dateModified\":\"2025-02-10T10:59:56+00:00\",\"breadcrumb\":{\"@id\":\"https:\\\/\\\/wobronietradycjiiwiary.com\\\/23-go-kwietnia-zywot-swietego-wojciecha-biskupa-i-meczennika-2-2\\\/#breadcrumb\"},\"inLanguage\":\"en-US\",\"potentialAction\":[{\"@type\":\"ReadAction\",\"target\":[\"https:\\\/\\\/wobronietradycjiiwiary.com\\\/23-go-kwietnia-zywot-swietego-wojciecha-biskupa-i-meczennika-2-2\\\/\"]}]},{\"@type\":\"ImageObject\",\"inLanguage\":\"en-US\",\"@id\":\"https:\\\/\\\/wobronietradycjiiwiary.com\\\/23-go-kwietnia-zywot-swietego-wojciecha-biskupa-i-meczennika-2-2\\\/#primaryimage\",\"url\":\"https:\\\/\\\/wobronietradycjiiwiary.com\\\/wp-content\\\/uploads\\\/2021\\\/04\\\/Swiety_Wojciech.png\",\"contentUrl\":\"https:\\\/\\\/wobronietradycjiiwiary.com\\\/wp-content\\\/uploads\\\/2021\\\/04\\\/Swiety_Wojciech.png\",\"width\":482,\"height\":470},{\"@type\":\"BreadcrumbList\",\"@id\":\"https:\\\/\\\/wobronietradycjiiwiary.com\\\/23-go-kwietnia-zywot-swietego-wojciecha-biskupa-i-meczennika-2-2\\\/#breadcrumb\",\"itemListElement\":[{\"@type\":\"ListItem\",\"position\":1,\"name\":\"Strona g\u0142\u00f3wna\",\"item\":\"https:\\\/\\\/wobronietradycjiiwiary.com\\\/\"},{\"@type\":\"ListItem\",\"position\":2,\"name\":\"23-go Kwietnia. \u017bywot \u015bwi\u0119tego Wojciecha, Biskupa i M\u0119czennika.\"}]},{\"@type\":\"WebSite\",\"@id\":\"https:\\\/\\\/wobronietradycjiiwiary.com\\\/pl\\\/#website\",\"url\":\"https:\\\/\\\/wobronietradycjiiwiary.com\\\/pl\\\/\",\"name\":\"Tradycja i Wiara\",\"description\":\"Portal dla katolik\u00f3w.\",\"publisher\":{\"@id\":\"https:\\\/\\\/wobronietradycjiiwiary.com\\\/pl\\\/#organization\"},\"potentialAction\":[{\"@type\":\"SearchAction\",\"target\":{\"@type\":\"EntryPoint\",\"urlTemplate\":\"https:\\\/\\\/wobronietradycjiiwiary.com\\\/pl\\\/?s={search_term_string}\"},\"query-input\":{\"@type\":\"PropertyValueSpecification\",\"valueRequired\":true,\"valueName\":\"search_term_string\"}}],\"inLanguage\":\"en-US\"},{\"@type\":\"Organization\",\"@id\":\"https:\\\/\\\/wobronietradycjiiwiary.com\\\/pl\\\/#organization\",\"name\":\"Tradycja i Wiara\",\"url\":\"https:\\\/\\\/wobronietradycjiiwiary.com\\\/pl\\\/\",\"logo\":{\"@type\":\"ImageObject\",\"inLanguage\":\"en-US\",\"@id\":\"https:\\\/\\\/wobronietradycjiiwiary.com\\\/pl\\\/#\\\/schema\\\/logo\\\/image\\\/\",\"url\":\"https:\\\/\\\/i0.wp.com\\\/wobronietradycjiiwiary.com\\\/wp-content\\\/uploads\\\/2015\\\/10\\\/cropped-st-peters-dome-vatican.jpg?fit=940%2C198&ssl=1\",\"contentUrl\":\"https:\\\/\\\/i0.wp.com\\\/wobronietradycjiiwiary.com\\\/wp-content\\\/uploads\\\/2015\\\/10\\\/cropped-st-peters-dome-vatican.jpg?fit=940%2C198&ssl=1\",\"width\":940,\"height\":198,\"caption\":\"Tradycja i Wiara\"},\"image\":{\"@id\":\"https:\\\/\\\/wobronietradycjiiwiary.com\\\/pl\\\/#\\\/schema\\\/logo\\\/image\\\/\"},\"sameAs\":[\"https:\\\/\\\/www.facebook.com\\\/Tradycja-i-Wiara-108813920592249\"]},{\"@type\":\"Person\",\"@id\":\"https:\\\/\\\/wobronietradycjiiwiary.com\\\/pl\\\/#\\\/schema\\\/person\\\/2d6180ce6abcb681fef0daab7816e8f3\",\"name\":\"Traditio et Fides\",\"sameAs\":[\"https:\\\/\\\/traditionundglauben.com\"],\"url\":\"https:\\\/\\\/wobronietradycjiiwiary.com\\\/en\\\/author\\\/wobronietradycjiiwiary\\\/\"}]}<\/script>\n<!-- \/ Yoast SEO plugin. -->","yoast_head_json":{"title":"23-go Kwietnia. \u017bywot \u015bwi\u0119tego Wojciecha, Biskupa i M\u0119czennika. - Tradycja i Wiara","robots":{"index":"index","follow":"follow","max-snippet":"max-snippet:-1","max-image-preview":"max-image-preview:large","max-video-preview":"max-video-preview:-1"},"canonical":"https:\/\/wobronietradycjiiwiary.com\/en\/23-go-kwietnia-zywot-swietego-wojciecha-biskupa-i-meczennika-2-2\/","og_locale":"en_US","og_type":"article","og_title":"23-go Kwietnia. \u017bywot \u015bwi\u0119tego Wojciecha, Biskupa i M\u0119czennika. - Tradycja i Wiara","og_description":"\u015awi\u0119ty Wojciech jest doskona\u0142ym przyk\u0142adem na to, \u017ce nawet \u015bwi\u0119ty mo\u017ce mie\u0107 do\u015b\u0107 swoich wsp\u00f3\u0142ziomk\u00f3w i swojej rodziny. Wa\u015bnie rodowe zako\u0144czone wymordowaniem jego rodziny, powik\u0142ania polityczne, dynastyczne i osobiste. Zamordowany zosta\u0142 jednak nie z r\u0105k swoich, ale obcych.","og_url":"https:\/\/wobronietradycjiiwiary.com\/en\/23-go-kwietnia-zywot-swietego-wojciecha-biskupa-i-meczennika-2-2\/","og_site_name":"Tradycja i Wiara","article_publisher":"https:\/\/www.facebook.com\/Tradycja-i-Wiara-108813920592249","article_published_time":"2023-04-23T06:00:59+00:00","article_modified_time":"2025-02-10T10:59:56+00:00","og_image":[{"width":482,"height":470,"url":"https:\/\/wobronietradycjiiwiary.com\/wp-content\/uploads\/2021\/04\/Swiety_Wojciech.png","type":"image\/png"}],"author":"Traditio et Fides","twitter_card":"summary_large_image","twitter_misc":{"Written by":"Traditio et Fides","Est. reading time":"17 minutes"},"schema":{"@context":"https:\/\/schema.org","@graph":[{"@type":"Article","@id":"https:\/\/wobronietradycjiiwiary.com\/23-go-kwietnia-zywot-swietego-wojciecha-biskupa-i-meczennika-2-2\/#article","isPartOf":{"@id":"https:\/\/wobronietradycjiiwiary.com\/23-go-kwietnia-zywot-swietego-wojciecha-biskupa-i-meczennika-2-2\/"},"author":{"name":"Traditio et Fides","@id":"https:\/\/wobronietradycjiiwiary.com\/pl\/#\/schema\/person\/2d6180ce6abcb681fef0daab7816e8f3"},"headline":"23-go Kwietnia. \u017bywot \u015bwi\u0119tego Wojciecha, Biskupa i M\u0119czennika.","datePublished":"2023-04-23T06:00:59+00:00","dateModified":"2025-02-10T10:59:56+00:00","mainEntityOfPage":{"@id":"https:\/\/wobronietradycjiiwiary.com\/23-go-kwietnia-zywot-swietego-wojciecha-biskupa-i-meczennika-2-2\/"},"wordCount":3378,"commentCount":0,"publisher":{"@id":"https:\/\/wobronietradycjiiwiary.com\/pl\/#organization"},"image":{"@id":"https:\/\/wobronietradycjiiwiary.com\/23-go-kwietnia-zywot-swietego-wojciecha-biskupa-i-meczennika-2-2\/#primaryimage"},"thumbnailUrl":"https:\/\/wobronietradycjiiwiary.com\/wp-content\/uploads\/2021\/04\/Swiety_Wojciech.png","keywords":["m\u0119scy \u015bwi\u0119ci"],"articleSection":["04. \u015awi\u0119ta w kwietniu","Duchowo\u015b\u0107","Liturgia i liturgika","M\u0119scy \u015bwi\u0119ci","Rozwa\u017cania liturgiczne","\u017bywoty \u015awi\u0119tych"],"inLanguage":"en-US","potentialAction":[{"@type":"CommentAction","name":"Comment","target":["https:\/\/wobronietradycjiiwiary.com\/23-go-kwietnia-zywot-swietego-wojciecha-biskupa-i-meczennika-2-2\/#respond"]}]},{"@type":"WebPage","@id":"https:\/\/wobronietradycjiiwiary.com\/23-go-kwietnia-zywot-swietego-wojciecha-biskupa-i-meczennika-2-2\/","url":"https:\/\/wobronietradycjiiwiary.com\/23-go-kwietnia-zywot-swietego-wojciecha-biskupa-i-meczennika-2-2\/","name":"23-go Kwietnia. \u017bywot \u015bwi\u0119tego Wojciecha, Biskupa i M\u0119czennika. - Tradycja i Wiara","isPartOf":{"@id":"https:\/\/wobronietradycjiiwiary.com\/pl\/#website"},"primaryImageOfPage":{"@id":"https:\/\/wobronietradycjiiwiary.com\/23-go-kwietnia-zywot-swietego-wojciecha-biskupa-i-meczennika-2-2\/#primaryimage"},"image":{"@id":"https:\/\/wobronietradycjiiwiary.com\/23-go-kwietnia-zywot-swietego-wojciecha-biskupa-i-meczennika-2-2\/#primaryimage"},"thumbnailUrl":"https:\/\/wobronietradycjiiwiary.com\/wp-content\/uploads\/2021\/04\/Swiety_Wojciech.png","datePublished":"2023-04-23T06:00:59+00:00","dateModified":"2025-02-10T10:59:56+00:00","breadcrumb":{"@id":"https:\/\/wobronietradycjiiwiary.com\/23-go-kwietnia-zywot-swietego-wojciecha-biskupa-i-meczennika-2-2\/#breadcrumb"},"inLanguage":"en-US","potentialAction":[{"@type":"ReadAction","target":["https:\/\/wobronietradycjiiwiary.com\/23-go-kwietnia-zywot-swietego-wojciecha-biskupa-i-meczennika-2-2\/"]}]},{"@type":"ImageObject","inLanguage":"en-US","@id":"https:\/\/wobronietradycjiiwiary.com\/23-go-kwietnia-zywot-swietego-wojciecha-biskupa-i-meczennika-2-2\/#primaryimage","url":"https:\/\/wobronietradycjiiwiary.com\/wp-content\/uploads\/2021\/04\/Swiety_Wojciech.png","contentUrl":"https:\/\/wobronietradycjiiwiary.com\/wp-content\/uploads\/2021\/04\/Swiety_Wojciech.png","width":482,"height":470},{"@type":"BreadcrumbList","@id":"https:\/\/wobronietradycjiiwiary.com\/23-go-kwietnia-zywot-swietego-wojciecha-biskupa-i-meczennika-2-2\/#breadcrumb","itemListElement":[{"@type":"ListItem","position":1,"name":"Strona g\u0142\u00f3wna","item":"https:\/\/wobronietradycjiiwiary.com\/"},{"@type":"ListItem","position":2,"name":"23-go Kwietnia. \u017bywot \u015bwi\u0119tego Wojciecha, Biskupa i M\u0119czennika."}]},{"@type":"WebSite","@id":"https:\/\/wobronietradycjiiwiary.com\/pl\/#website","url":"https:\/\/wobronietradycjiiwiary.com\/pl\/","name":"Tradycja i Wiara","description":"Portal dla katolik\u00f3w.","publisher":{"@id":"https:\/\/wobronietradycjiiwiary.com\/pl\/#organization"},"potentialAction":[{"@type":"SearchAction","target":{"@type":"EntryPoint","urlTemplate":"https:\/\/wobronietradycjiiwiary.com\/pl\/?s={search_term_string}"},"query-input":{"@type":"PropertyValueSpecification","valueRequired":true,"valueName":"search_term_string"}}],"inLanguage":"en-US"},{"@type":"Organization","@id":"https:\/\/wobronietradycjiiwiary.com\/pl\/#organization","name":"Tradycja i Wiara","url":"https:\/\/wobronietradycjiiwiary.com\/pl\/","logo":{"@type":"ImageObject","inLanguage":"en-US","@id":"https:\/\/wobronietradycjiiwiary.com\/pl\/#\/schema\/logo\/image\/","url":"https:\/\/i0.wp.com\/wobronietradycjiiwiary.com\/wp-content\/uploads\/2015\/10\/cropped-st-peters-dome-vatican.jpg?fit=940%2C198&ssl=1","contentUrl":"https:\/\/i0.wp.com\/wobronietradycjiiwiary.com\/wp-content\/uploads\/2015\/10\/cropped-st-peters-dome-vatican.jpg?fit=940%2C198&ssl=1","width":940,"height":198,"caption":"Tradycja i Wiara"},"image":{"@id":"https:\/\/wobronietradycjiiwiary.com\/pl\/#\/schema\/logo\/image\/"},"sameAs":["https:\/\/www.facebook.com\/Tradycja-i-Wiara-108813920592249"]},{"@type":"Person","@id":"https:\/\/wobronietradycjiiwiary.com\/pl\/#\/schema\/person\/2d6180ce6abcb681fef0daab7816e8f3","name":"Traditio et Fides","sameAs":["https:\/\/traditionundglauben.com"],"url":"https:\/\/wobronietradycjiiwiary.com\/en\/author\/wobronietradycjiiwiary\/"}]}},"jetpack_publicize_connections":[],"jetpack_sharing_enabled":true,"jetpack_likes_enabled":true,"jetpack_shortlink":"https:\/\/wp.me\/pc04Sd-n45","jetpack-related-posts":[{"id":137096,"url":"https:\/\/wobronietradycjiiwiary.com\/en\/23-go-kwietnia-zywot-swietego-wojciecha-biskupa-i-meczennika-2-2-4\/","url_meta":{"origin":88665,"position":0},"title":"23-go Kwietnia. \u017bywot \u015bwi\u0119tego Wojciecha, Biskupa i M\u0119czennika.","author":"Traditio et Fides","date":"23 April 2026","format":false,"excerpt":"\u015awi\u0119ty Wojciech jest doskona\u0142ym przyk\u0142adem na to, \u017ce nawet \u015bwi\u0119ty mo\u017ce mie\u0107 do\u015b\u0107 swoich wsp\u00f3\u0142ziomk\u00f3w i swojej rodziny. Wa\u015bnie rodowe zako\u0144czone wymordowaniem jego rodziny, powik\u0142ania polityczne, dynastyczne i osobiste. Zamordowany zosta\u0142 jednak nie z r\u0105k swoich, ale obcych.","rel":"","context":"In &quot;04. \u015awi\u0119ta w kwietniu&quot;","block_context":{"text":"04. \u015awi\u0119ta w kwietniu","link":"https:\/\/wobronietradycjiiwiary.com\/en\/category\/duchowosc\/liturgia-i-liturgika\/rozwazania\/rok-liturgiczny\/swieta-w-kwietniu\/"},"img":{"alt_text":"","src":"https:\/\/i0.wp.com\/wobronietradycjiiwiary.com\/wp-content\/uploads\/2021\/04\/Swiety_Wojciech.png?resize=350%2C200&ssl=1","width":350,"height":200},"classes":[]},{"id":115307,"url":"https:\/\/wobronietradycjiiwiary.com\/en\/23-go-kwietnia-zywot-swietego-wojciecha-biskupa-i-meczennika-2-2-2\/","url_meta":{"origin":88665,"position":1},"title":"23-go Kwietnia. \u017bywot \u015bwi\u0119tego Wojciecha, Biskupa i M\u0119czennika.","author":"Traditio et Fides","date":"23 April 2024","format":false,"excerpt":"\u015awi\u0119ty Wojciech jest doskona\u0142ym przyk\u0142adem na to, \u017ce nawet \u015bwi\u0119ty mo\u017ce mie\u0107 do\u015b\u0107 swoich wsp\u00f3\u0142ziomk\u00f3w i swojej rodziny. Wa\u015bnie rodowe zako\u0144czone wymordowaniem jego rodziny, powik\u0142ania polityczne, dynastyczne i osobiste. Zamordowany zosta\u0142 jednak nie z r\u0105k swoich, ale obcych.","rel":"","context":"In &quot;04. \u015awi\u0119ta w kwietniu&quot;","block_context":{"text":"04. \u015awi\u0119ta w kwietniu","link":"https:\/\/wobronietradycjiiwiary.com\/en\/category\/duchowosc\/liturgia-i-liturgika\/rozwazania\/rok-liturgiczny\/swieta-w-kwietniu\/"},"img":{"alt_text":"","src":"https:\/\/i0.wp.com\/wobronietradycjiiwiary.com\/wp-content\/uploads\/2021\/04\/Swiety_Wojciech.png?resize=350%2C200&ssl=1","width":350,"height":200},"classes":[]},{"id":137146,"url":"https:\/\/wobronietradycjiiwiary.com\/en\/23-go-kwietnia-zywot-swietego-wojciecha-biskupa-i-meczennika-2-2-3\/","url_meta":{"origin":88665,"position":2},"title":"23-go Kwietnia. \u017bywot \u015bwi\u0119tego Wojciecha, Biskupa i M\u0119czennika.","author":"Traditio et Fides","date":"23 April 2025","format":false,"excerpt":"\u015awi\u0119ty Wojciech jest doskona\u0142ym przyk\u0142adem na to, \u017ce nawet \u015bwi\u0119ty mo\u017ce mie\u0107 do\u015b\u0107 swoich wsp\u00f3\u0142ziomk\u00f3w i swojej rodziny. Wa\u015bnie rodowe zako\u0144czone wymordowaniem jego rodziny, powik\u0142ania polityczne, dynastyczne i osobiste. Zamordowany zosta\u0142 jednak nie z r\u0105k swoich, ale obcych.","rel":"","context":"In &quot;04. \u015awi\u0119ta w kwietniu&quot;","block_context":{"text":"04. \u015awi\u0119ta w kwietniu","link":"https:\/\/wobronietradycjiiwiary.com\/en\/category\/duchowosc\/liturgia-i-liturgika\/rozwazania\/rok-liturgiczny\/swieta-w-kwietniu\/"},"img":{"alt_text":"","src":"https:\/\/i0.wp.com\/wobronietradycjiiwiary.com\/wp-content\/uploads\/2021\/04\/Swiety_Wojciech.png?resize=350%2C200&ssl=1","width":350,"height":200},"classes":[]},{"id":45869,"url":"https:\/\/wobronietradycjiiwiary.com\/en\/23-go-kwietnia-zywot-swietego-wojciecha-biskupa-i-meczennika\/","url_meta":{"origin":88665,"position":3},"title":"23-go Kwietnia. \u017bywot \u015bwi\u0119tego Wojciecha, Biskupa i M\u0119czennika.","author":"Traditio et Fides","date":"23 April 2021","format":false,"excerpt":"\u015awi\u0119ty Wojciech jest doskona\u0142ym przyk\u0142adem na to, \u017ce nawet \u015bwi\u0119ty mo\u017ce mie\u0107 do\u015b\u0107 swoich wsp\u00f3\u0142ziomk\u00f3w i swojej rodziny. Wa\u015bnie rodowe zako\u0144czone wymordowaniem jego rodziny, powik\u0142ania polityczne, dynastyczne i osobiste. Zamordowany zosta\u0142 jednak nie z r\u0105k swoich, ale obcych.","rel":"","context":"In &quot;04. \u015awi\u0119ta w kwietniu&quot;","block_context":{"text":"04. \u015awi\u0119ta w kwietniu","link":"https:\/\/wobronietradycjiiwiary.com\/en\/category\/duchowosc\/liturgia-i-liturgika\/rozwazania\/rok-liturgiczny\/swieta-w-kwietniu\/"},"img":{"alt_text":"","src":"https:\/\/i0.wp.com\/wobronietradycjiiwiary.com\/wp-content\/uploads\/2021\/04\/Swiety_Wojciech.png?resize=350%2C200&ssl=1","width":350,"height":200},"classes":[]},{"id":65796,"url":"https:\/\/wobronietradycjiiwiary.com\/en\/23-go-kwietnia-zywot-swietego-wojciecha-biskupa-i-meczennika-2\/","url_meta":{"origin":88665,"position":4},"title":"23-go Kwietnia. \u017bywot \u015bwi\u0119tego Wojciecha, Biskupa i M\u0119czennika.","author":"Traditio et Fides","date":"23 April 2022","format":false,"excerpt":"\u015awi\u0119ty Wojciech jest doskona\u0142ym przyk\u0142adem na to, \u017ce nawet \u015bwi\u0119ty mo\u017ce mie\u0107 do\u015b\u0107 swoich wsp\u00f3\u0142ziomk\u00f3w i swojej rodziny. Wa\u015bnie rodowe zako\u0144czone wymordowaniem jego rodziny, powik\u0142ania polityczne, dynastyczne i osobiste. Zamordowany zosta\u0142 jednak nie z r\u0105k swoich, ale obcych.","rel":"","context":"In &quot;04. \u015awi\u0119ta w kwietniu&quot;","block_context":{"text":"04. \u015awi\u0119ta w kwietniu","link":"https:\/\/wobronietradycjiiwiary.com\/en\/category\/duchowosc\/liturgia-i-liturgika\/rozwazania\/rok-liturgiczny\/swieta-w-kwietniu\/"},"img":{"alt_text":"","src":"https:\/\/i0.wp.com\/wobronietradycjiiwiary.com\/wp-content\/uploads\/2021\/04\/Swiety_Wojciech.png?resize=350%2C200&ssl=1","width":350,"height":200},"classes":[]},{"id":40993,"url":"https:\/\/wobronietradycjiiwiary.com\/en\/23-go-stycznia-zywot-swietego-rajmunda-z-pennafort-wyznawcy\/","url_meta":{"origin":88665,"position":5},"title":"23-go Stycznia. \u017bywot \u015bwi\u0119tego Rajmunda z Pennafort, Wyznawcy.","author":"Traditio et Fides","date":"23 January 2021","format":false,"excerpt":"\u015bw. Rajmund z Penyafort by\u0142 najpierw prawnikiem-kanonist\u0105, zanim zosta\u0142 kaznodziej\u0105, spowiednikiem, zakonnikiem i wp\u0142ywow\u0105 osobisto\u015bci\u0105. Te prawnicze rygory my\u015blenia wyrobi\u0142y w nim rygory \u017cycia.","rel":"","context":"In &quot;01. \u015awi\u0119ta w styczniu&quot;","block_context":{"text":"01. \u015awi\u0119ta w styczniu","link":"https:\/\/wobronietradycjiiwiary.com\/en\/category\/duchowosc\/liturgia-i-liturgika\/rozwazania\/rok-liturgiczny\/swieta-w-styczniu\/"},"img":{"alt_text":"","src":"https:\/\/i0.wp.com\/wobronietradycjiiwiary.com\/wp-content\/uploads\/2021\/01\/RAIMUND-VON-PENAFORT.jpg?resize=350%2C200&ssl=1","width":350,"height":200},"classes":[]}],"amp_enabled":true,"jetpack_featured_media_url":"https:\/\/wobronietradycjiiwiary.com\/wp-content\/uploads\/2021\/04\/Swiety_Wojciech.png","_links":{"self":[{"href":"https:\/\/wobronietradycjiiwiary.com\/en\/wp-json\/wp\/v2\/posts\/88665","targetHints":{"allow":["GET"]}}],"collection":[{"href":"https:\/\/wobronietradycjiiwiary.com\/en\/wp-json\/wp\/v2\/posts"}],"about":[{"href":"https:\/\/wobronietradycjiiwiary.com\/en\/wp-json\/wp\/v2\/types\/post"}],"author":[{"embeddable":true,"href":"https:\/\/wobronietradycjiiwiary.com\/en\/wp-json\/wp\/v2\/users\/60508433"}],"replies":[{"embeddable":true,"href":"https:\/\/wobronietradycjiiwiary.com\/en\/wp-json\/wp\/v2\/comments?post=88665"}],"version-history":[{"count":1,"href":"https:\/\/wobronietradycjiiwiary.com\/en\/wp-json\/wp\/v2\/posts\/88665\/revisions"}],"predecessor-version":[{"id":88716,"href":"https:\/\/wobronietradycjiiwiary.com\/en\/wp-json\/wp\/v2\/posts\/88665\/revisions\/88716"}],"wp:featuredmedia":[{"embeddable":true,"href":"https:\/\/wobronietradycjiiwiary.com\/en\/wp-json\/wp\/v2\/media\/45876"}],"wp:attachment":[{"href":"https:\/\/wobronietradycjiiwiary.com\/en\/wp-json\/wp\/v2\/media?parent=88665"}],"wp:term":[{"taxonomy":"category","embeddable":true,"href":"https:\/\/wobronietradycjiiwiary.com\/en\/wp-json\/wp\/v2\/categories?post=88665"},{"taxonomy":"post_tag","embeddable":true,"href":"https:\/\/wobronietradycjiiwiary.com\/en\/wp-json\/wp\/v2\/tags?post=88665"}],"curies":[{"name":"wp","href":"https:\/\/api.w.org\/{rel}","templated":true}]}}