{"id":88426,"date":"2023-05-10T08:06:00","date_gmt":"2023-05-10T06:06:00","guid":{"rendered":"https:\/\/wobronietradycjiiwiary.com\/?p=88426"},"modified":"2025-02-07T15:58:19","modified_gmt":"2025-02-07T14:58:19","slug":"o-robert-mcteigue-sj-w-co-wielu-ksiezy-juz-nie-wierzy-6-z-7","status":"publish","type":"post","link":"https:\/\/wobronietradycjiiwiary.com\/en\/o-robert-mcteigue-sj-w-co-wielu-ksiezy-juz-nie-wierzy-6-z-7\/","title":{"rendered":"O. Robert McTeigue SJ, W co wielu ksi\u0119\u017cy ju\u017c nie wierzy (6 z 7). Wszechobecne kom\u00f3rki."},"content":{"rendered":"<div id=\"bsf_rt_marker\"><\/div>\n<p class=\"has-text-align-justify wp-block-paragraph\">Trzeci\u0105 si\u0142\u0105 przeciwko milczeniu s\u0105 telefony kom\u00f3rkowe parafian.\u00a0Podczas gdy muzycy s\u0105 Armi\u0105 Okupacyjn\u0105 Przeciwko Milczeniu, telefony kom\u00f3rkowe to nieregularna milicja, snajperzy partyzanccy narzucaj\u0105cy antycisz\u0119.\u00a0Nieprzewidywalne, nieobliczalne, ale zdolne do zniszczenia nieproporcjonalnego do ich liczby, telefony kom\u00f3rkowe s\u0105 wielkimi niszczycielami morale tych ksi\u0119\u017cy, kt\u00f3rzy pragn\u0105 przyzwoitej ciszy podczas Mszy. I podobnie jak partyzanci w konflikcie zbrojnym, zwolennicy telefon\u00f3w kom\u00f3rkowych s\u0105 prawie niemo\u017cliwe do wyeliminowania.<\/p>\n\n\n\n;<script async=\"\" src=\"https:\/\/pagead2.googlesyndication.com\/pagead\/js\/adsbygoogle.js?client=ca-pub-1329642704887632\" crossorigin=\"anonymous\"><\/script>\r\n<ins class=\"adsbygoogle\" style=\"display:block; text-align:center;\" data-ad-layout=\"in-article\" data-ad-format=\"fluid\" data-ad-client=\"ca-pub-1329642704887632\" data-ad-slot=\"3296138176\"><\/ins>\r\n<script>\r\n     (adsbygoogle = window.adsbygoogle || []).push({});\r\n<\/script>\n\n\n\n<p class=\"wp-block-paragraph\"><\/p>\n\n\n\n<p class=\"has-text-align-justify wp-block-paragraph\">Ostrzegawcze tabliczki przy ka\u017cdym wej\u015bciu do ko\u015bcio\u0142a parafialnego, \u017carliwe b\u0142agania przed Msz\u0105 \u015bw., homiletyczne nawo\u0142ywania, cotygodniowe przypomnienia w biuletynie parafialnym \u2014 wszystko to na nic.\u00a0Nawet kr\u00f3tkie milczenie podczas brzemiennej pauzy podczas homilii nie jest bezpieczne przed partyzanck\u0105 wojn\u0105 telefon\u00f3w kom\u00f3rkowych przeciwko milczeniu.<\/p>\n\n\n\n<p class=\"has-vivid-cyan-blue-color has-text-color wp-block-paragraph\">To chyba problem rzeczywi\u015bcie ameryka\u0144ski, bo autor si\u0119 z nim w Europie dotychczas nie zetkn\u0105\u0142.<\/p>\n\n\n\n<p class=\"has-text-align-justify wp-block-paragraph\">Rozwa\u017c to: diakon raczej odruchowo ni\u017c celowo nadepn\u0105\u0142 na (i przekroczy\u0142) wezwanie Ksi\u0119dza do milczenia, ale uczyni\u0142 tak z poczucia konieczno\u015bci i nieuchronno\u015bci.&nbsp;Muzycy zajmuj\u0105 pryncypialne (cho\u0107 b\u0142\u0119dne) stanowisko przeciwko ciszy.&nbsp;A partyzanci telefonii kom\u00f3rkowej?&nbsp;Czy nie obchodzi ich, \u017ce ca\u0142a homilia mo\u017ce zosta\u0107 wykolejona przez weso\u0142\u0105 melodi\u0119 \u0107wierkaj\u0105c\u0105 z telefonu?&nbsp;Czy s\u0105 niewzruszeni, gdy widz\u0105, \u017ce Ksi\u0119dzu przerywano tak wiele razy w tak kr\u00f3tkim czasie, \u017ce myli si\u0119 w Modlitwie Eucharystycznej i musi zaczyna\u0107 od nowa?&nbsp;Nie powiem, \u017ce ich to nie obchodzi, bo tego nie wiem.&nbsp;Do\u015bwiadczenie pokazuje, \u017ce Ksi\u0105dz mo\u017ce i powinien rozs\u0105dnie wnioskowa\u0107, \u017ce partyzanci telefonii kom\u00f3rkowej nie my\u015bl\u0105 \u2013 co wskazuje na wi\u0119kszy problem.<\/p>\n\n\n\n;<script async=\"\" src=\"https:\/\/pagead2.googlesyndication.com\/pagead\/js\/adsbygoogle.js?client=ca-pub-1329642704887632\" crossorigin=\"anonymous\"><\/script>\r\n<ins class=\"adsbygoogle\" style=\"display:block; text-align:center;\" data-ad-layout=\"in-article\" data-ad-format=\"fluid\" data-ad-client=\"ca-pub-1329642704887632\" data-ad-slot=\"3296138176\"><\/ins>\r\n<script>\r\n     (adsbygoogle = window.adsbygoogle || []).push({});\r\n<\/script>\n\n\n\n<p class=\"wp-block-paragraph\"><\/p>\n\n\n\n<p class=\"has-vivid-cyan-blue-color has-text-color wp-block-paragraph\">I wreszcie dowiadujemy si\u0119, o co w Novus Ordo rzeczywi\u015bcie chodzi. O ksi\u0119dza, kt\u00f3ry m\u00f3wi, m\u00f3wi i jeszcze raz m\u00f3wi. Przerywa\u0107 nie wolno, bo to niegrzeczne.<\/p>\n\n\n\n<p class=\"has-text-align-justify wp-block-paragraph\">Co by by\u0142o, gdyby ludzie pomy\u015bleli z wyprzedzeniem o tym, co si\u0119 dzieje podczas Mszy \u015bw. i dlaczego si\u0119 to robi?&nbsp;Co by by\u0142o, gdyby ludzie przygotowywali si\u0119 do ka\u017cdej Mszy poprzez modlitw\u0119 i nauk\u0119?&nbsp;A co by by\u0142o, gdyby u\u0142o\u017cyli swoje \u017cycie tak, by przychodzi\u0107 na Msz\u0119 wcze\u015bniej i zostawa\u0107 do p\u00f3\u017ana?&nbsp;Czy nie jest bardziej prawdopodobne, \u017ce tacy ludzie wycisz\u0105 telefony przed wej\u015bciem do ko\u015bcio\u0142a?&nbsp;Czy nie jest bardziej prawdopodobne, \u017ce my\u015bl\u0105cy ludzie, a nie bezmy\u015blni, rzeczywi\u015bcie maj\u0105 Wiar\u0119 i dlatego b\u0119d\u0105 post\u0119powa\u0107 zgodnie z ni\u0105?<\/p>\n\n\n\n<p class=\"has-text-align-justify has-vivid-cyan-blue-color has-text-color wp-block-paragraph\">Dzieje si\u0119 tak, drogi Ojcze Jezuito, tyle, \u017ce w Vetus Ordo. Poniewa\u017c wszystko w Mszy Trydenckiej przypomina o transcendencji Boga, a Novus Ordo zosta\u0142 sprowadzony do spotkania ludzi mi\u0119dzy sob\u0105 i ewentualnie \u201ez Jezusem\u201d, tote\u017c nie musz\u0105 narzuca\u0107 sobie \u017cadnych nieziemskich standard\u00f3w. Skoro to, na co si\u0119 wybieraj\u0105, tj. Msza, ma\u0142o r\u00f3\u017cni si\u0119 od ich codzienno\u015bci, to dlaczego maj\u0105 wy\u0142\u0105cza\u0107 kom\u00f3rki.<\/p>\n\n\n\n;<script async=\"\" src=\"https:\/\/pagead2.googlesyndication.com\/pagead\/js\/adsbygoogle.js?client=ca-pub-1329642704887632\" crossorigin=\"anonymous\"><\/script>\r\n<ins class=\"adsbygoogle\" style=\"display:block; text-align:center;\" data-ad-layout=\"in-article\" data-ad-format=\"fluid\" data-ad-client=\"ca-pub-1329642704887632\" data-ad-slot=\"3296138176\"><\/ins>\r\n<script>\r\n     (adsbygoogle = window.adsbygoogle || []).push({});\r\n<\/script>\n\n\n\n<p class=\"wp-block-paragraph\"><\/p>\n\n\n\n<p class=\"has-text-align-justify wp-block-paragraph\">Przejd\u017amy teraz do elementu Mszy \u015bw., kt\u00f3ry powoduje najwi\u0119kszy b\u00f3l serca tak wielu ksi\u0119\u017cy w ka\u017cdy weekend, a mianowicie do sposobu, w jaki ludzie przyjmuj\u0105 Komuni\u0119 \u015awi\u0119t\u0105.\u00a0Ponownie literatura na ten temat jest do\u015b\u0107 obszerna.\u00a0Nawet pobie\u017cna ankieta by\u0142aby niemo\u017cliwa.\u00a0<\/p>\n\n\n\n<p class=\"has-text-align-justify has-vivid-cyan-blue-color has-text-color wp-block-paragraph\">Ale i tutaj rozwi\u0105zanie jest proste. Komunia kl\u0119cz\u0105ca do ust, przy balaskach jedynie dla tych, kt\u00f3rzy s\u0105 w stanie \u0142aski. To sam Ko\u015bci\u00f3\u0142 do tego doprowadzi\u0142, zezwalaj\u0105c na:<\/p>\n\n\n\n<ul class=\"wp-block-list\">\n<li><mark style=\"background-color:rgba(0, 0, 0, 0)\" class=\"has-inline-color has-vivid-cyan-blue-color\">cz\u0119sta komunia,<\/mark><\/li>\n\n\n\n<li><mark style=\"background-color:rgba(0, 0, 0, 0)\" class=\"has-inline-color has-vivid-cyan-blue-color\">komunia na ka\u017cdej Mszy, na znak &#8220;pe\u0142nego uczestnictwa&#8221;<\/mark>,<\/li>\n\n\n\n<li><mark style=\"background-color:rgba(0, 0, 0, 0)\" class=\"has-inline-color has-vivid-cyan-blue-color\">komunia bez spowiedzi,<\/mark><\/li>\n\n\n\n<li><mark style=\"background-color:rgba(0, 0, 0, 0)\" class=\"has-inline-color has-vivid-cyan-blue-color\">przyjmowanie na stoj\u0105co,<\/mark><\/li>\n\n\n\n<li><mark style=\"background-color:rgba(0, 0, 0, 0)\" class=\"has-inline-color has-vivid-cyan-blue-color\">przyjmowanie do r\u0119ki,<\/mark><\/li>\n\n\n\n<li><mark style=\"background-color:rgba(0, 0, 0, 0)\" class=\"has-inline-color has-vivid-cyan-blue-color\">od \u015bwieckich szafarzy lub szafarek<\/mark>.<\/li>\n<\/ul>\n\n\n\n<p class=\"wp-block-paragraph\"><\/p>\n\n\n\n<p class=\"has-text-align-justify wp-block-paragraph\">Zamiast tego poprosz\u0119 was, aby\u015bcie postawili si\u0119 na miejscu Ksi\u0119dza.&nbsp;Wyobra\u017a sobie, \u017ce jest pi\u0105tek.&nbsp;Wreszcie nadszed\u0142 weekend!&nbsp;Czas \u015bwi\u0119towa\u0107!&nbsp;Ale nie dla Ksi\u0119dza.&nbsp;Pi\u0105tek oznacza, \u017ce \u200b\u200bmusi przygotowa\u0107 si\u0119 na kolejn\u0105 rund\u0119 weekendowych Mszy \u015bw. w \u015aw. Wsz\u0119dy [Saint Typical&#8217;s].&nbsp;Przygotowuj\u0105c si\u0119 na weekend, przypomina sobie, co widzia\u0142 w zesz\u0142ym tygodniu:<\/p>\n\n\n\n<ol class=\"wp-block-list\" type=\"1\">\n<li>M\u0142ody cz\u0142owiek, kt\u00f3ry wyci\u0105gn\u0105\u0142 tylko jedn\u0105 r\u0119k\u0119, aby przyj\u0105\u0107 Komuni\u0119 \u015awi\u0119t\u0105 \u2014 poniewa\u017c w drugiej trzyma\u0142 du\u017c\u0105 gum\u0119 do rzucia [7-11 Big Gulp].<\/li>\n\n\n\n<li>D\u017centelmen, kt\u00f3ry upu\u015bci\u0142 Hosti\u0119 na pod\u0142og\u0119 i bez wahania powiedzia\u0142: \u201eUps!&nbsp;Czy mog\u0119 dosta\u0107 jeszcze jedn\u0105?\u201c<\/li>\n\n\n\n<li>U\u015bmiechni\u0119ta kobieta, kt\u00f3rej Ksi\u0105dz nigdy wcze\u015bniej nie spotka\u0142, kt\u00f3ra jedn\u0105 r\u0119k\u0105 wyci\u0105ga r\u0119k\u0119 do Komunii \u015awi\u0119tej, a drug\u0105 wk\u0142ada mu pod nos kielich, m\u00f3wi\u0105c: \u201ePoprosz\u0119 cztery \u2013 to na moj\u0105 pos\u0142ug\u0119!\u201d<\/li>\n\n\n\n<li>A Ksi\u0105dz wie, \u017ce po ka\u017cdej Mszy b\u0119dzie musia\u0142 pa\u015b\u0107 na czworaki i szuka\u0107 konsekrowanych Hostii pod \u0142awkami i wetkni\u0119tych mi\u0119dzy strony \u015bpiewnik\u00f3w.<\/li>\n<\/ol>\n\n\n\n<p class=\"wp-block-paragraph\"><\/p>\n\n\n\n;<script async=\"\" src=\"https:\/\/pagead2.googlesyndication.com\/pagead\/js\/adsbygoogle.js?client=ca-pub-1329642704887632\" crossorigin=\"anonymous\"><\/script>\r\n<ins class=\"adsbygoogle\" style=\"display:block; text-align:center;\" data-ad-layout=\"in-article\" data-ad-format=\"fluid\" data-ad-client=\"ca-pub-1329642704887632\" data-ad-slot=\"3296138176\"><\/ins>\r\n<script>\r\n     (adsbygoogle = window.adsbygoogle || []).push({});\r\n<\/script>\n\n\n\n<p class=\"has-text-align-justify wp-block-paragraph\">Mimo wszelkich stara\u0144 wierni nie daj\u0105 Ojcu powodu, by s\u0105dzi\u0107, \u017ce ten tydzie\u0144 b\u0119dzie lepszy od poprzedniego.<\/p>\n\n\n\n<p class=\"has-text-align-justify has-vivid-cyan-blue-color has-text-color wp-block-paragraph\">O Bo\u017ce, to rzeczywi\u015bcie koszmar i prosta droga do utraty wiary. Wi\u0119c dlaczego rozdawa\u0107 na r\u0119k\u0119? Bo zosta\u0142oby si\u0119 zasuspendowanym za \u201eprzedsoborowo\u015b\u0107\u201d i \u201ekryptolefebryzm\u201d.<\/p>\n\n\n\n<p class=\"has-text-align-justify wp-block-paragraph\">\u0141\u0105cz\u0105c w\u0105tki, kt\u00f3re tu przedstawi\u0142em, widz\u0119, \u017ce wielu ksi\u0119\u017cy ju\u017c nie wierzy w to, \u017ce wi\u0119kszo\u015b\u0107 ich parafian wierzy w cokolwiek.\u00a0Spo\u015br\u00f3d nielicznego i malej\u0105cego odsetka ochrzczonych, kt\u00f3rzy nadal regularnie ucz\u0119szczaj\u0105 na Msz\u0119, tylko najmniejsza cz\u0119\u015b\u0107 przychodzi do spowiedzi chocia\u017c raz w roku.\u00a0Jeszcze mniej korzysta z cz\u0119stych spowiedzi.\u00a0Jak wiara mo\u017ce rosn\u0105\u0107 na takiej glebie?<\/p>\n\n\n\n;<script async=\"\" src=\"https:\/\/pagead2.googlesyndication.com\/pagead\/js\/adsbygoogle.js?client=ca-pub-1329642704887632\" crossorigin=\"anonymous\"><\/script>\r\n<ins class=\"adsbygoogle\" style=\"display:block; text-align:center;\" data-ad-layout=\"in-article\" data-ad-format=\"fluid\" data-ad-client=\"ca-pub-1329642704887632\" data-ad-slot=\"3296138176\"><\/ins>\r\n<script>\r\n     (adsbygoogle = window.adsbygoogle || []).push({});\r\n<\/script>\n\n\n\n<p class=\"has-text-align-justify has-vivid-cyan-blue-color has-text-color wp-block-paragraph\">No nie mo\u017ce, bo wiar\u0119 im wyp\u0119dzono wraz z now\u0105 liturgi\u0105. Jak tu wierzy\u0107 w Rzeczywist\u0105 Obecno\u015b\u0107 Chrystusa w Eucharystii, gdy przyjmuje si\u0119 komuni\u0119 stoj\u0105c, na r\u0119k\u0119, jak ciastko? Ale to nie wierni te reformy wprowadzili.<\/p>\n\n\n\n<p class=\"wp-block-paragraph\"><a aria-label=\"\u0179r\u00f3d\u0142o (opens in a new tab)\" href=\"https:\/\/www.hprweb.com\/2023\/03\/what-many-priests-no-longer-believe\/\" target=\"_blank\" rel=\"noreferrer noopener\" class=\"ek-link\">\u0179r\u00f3d\u0142o<\/a><\/p>\n\n\n","protected":false},"excerpt":{"rendered":"<p>O tym, co ksi\u0105dz mo\u017ce na Novus Ordo zaobserwowa\u0107 w ko\u015bciele.<\/p>","protected":false},"author":60508433,"featured_media":88203,"comment_status":"open","ping_status":"open","sticky":false,"template":"","format":"standard","meta":{"_bbp_topic_count":0,"_bbp_reply_count":0,"_bbp_total_topic_count":0,"_bbp_total_reply_count":0,"_bbp_voice_count":0,"_bbp_anonymous_reply_count":0,"_bbp_topic_count_hidden":0,"_bbp_reply_count_hidden":0,"_bbp_forum_subforum_count":0,"_editorskit_title_hidden":false,"_editorskit_reading_time":0,"_editorskit_is_block_options_detached":false,"_editorskit_block_options_position":"{}","_coblocks_attr":"","_coblocks_dimensions":"","_coblocks_responsive_height":"","_coblocks_accordion_ie_support":"","_exactmetrics_skip_tracking":false,"_jetpack_newsletter_access":"","_jetpack_dont_email_post_to_subs":false,"_jetpack_newsletter_tier_id":0,"_jetpack_memberships_contains_paywalled_content":false,"_wpcom_ai_launchpad_first_post":false,"_jetpack_feature_clip_id":0,"_jetpack_memberships_contains_paid_content":false,"footnotes":"","jetpack_publicize_message":"{title}\n\n{excerpt}\n\n{url}","jetpack_publicize_feature_enabled":true,"jetpack_social_post_already_shared":false,"jetpack_social_options":{"image_generator_settings":{"template":"highway","default_image_id":0,"font":"","enabled":false},"version":2},"_wpas_customize_per_network":false,"jetpack_post_was_ever_published":false},"categories":[610131184,336375535,610133723,610133724],"tags":[],"class_list":["post-88426","post","type-post","status-publish","format-standard","has-post-thumbnail","hentry","category-duchowosc","category-liturgia-i-liturgika","category-novus-ordo","category-z-perspektywy-ksiedza"],"yoast_head":"<!-- This site is optimized with the Yoast SEO plugin v28.4 - https:\/\/yoast.com\/product\/yoast-seo-wordpress\/ -->\n<title>O. Robert McTeigue SJ, W co wielu ksi\u0119\u017cy ju\u017c nie wierzy (6 z 7). Wszechobecne kom\u00f3rki. - Tradycja i Wiara<\/title>\n<meta name=\"robots\" content=\"index, follow, max-snippet:-1, max-image-preview:large, max-video-preview:-1\" \/>\n<link rel=\"canonical\" href=\"https:\/\/wobronietradycjiiwiary.com\/en\/o-robert-mcteigue-sj-w-co-wielu-ksiezy-juz-nie-wierzy-6-z-7\/\" \/>\n<meta property=\"og:locale\" content=\"en_US\" \/>\n<meta property=\"og:type\" content=\"article\" \/>\n<meta property=\"og:title\" content=\"O. Robert McTeigue SJ, W co wielu ksi\u0119\u017cy ju\u017c nie wierzy (6 z 7). Wszechobecne kom\u00f3rki. - Tradycja i Wiara\" \/>\n<meta property=\"og:description\" content=\"O tym, co ksi\u0105dz mo\u017ce na Novus Ordo zaobserwowa\u0107 w ko\u015bciele.\" \/>\n<meta property=\"og:url\" content=\"https:\/\/wobronietradycjiiwiary.com\/en\/o-robert-mcteigue-sj-w-co-wielu-ksiezy-juz-nie-wierzy-6-z-7\/\" \/>\n<meta property=\"og:site_name\" content=\"Tradycja i Wiara\" \/>\n<meta property=\"article:publisher\" content=\"https:\/\/www.facebook.com\/Tradycja-i-Wiara-108813920592249\" \/>\n<meta property=\"article:published_time\" content=\"2023-05-10T06:06:00+00:00\" \/>\n<meta property=\"article:modified_time\" content=\"2025-02-07T14:58:19+00:00\" \/>\n<meta property=\"og:image\" content=\"https:\/\/wobronietradycjiiwiary.com\/wp-content\/uploads\/2023\/04\/Interior-of-a-Gothic-Church-Neeffs-Peeter-I-oil-painting-1.webp\" \/>\n\t<meta property=\"og:image:width\" content=\"1484\" \/>\n\t<meta property=\"og:image:height\" content=\"1110\" \/>\n\t<meta property=\"og:image:type\" content=\"image\/webp\" \/>\n<meta name=\"author\" content=\"Traditio et Fides\" \/>\n<meta name=\"twitter:card\" content=\"summary_large_image\" \/>\n<meta name=\"twitter:label1\" content=\"Written by\" \/>\n\t<meta name=\"twitter:data1\" content=\"Traditio et Fides\" \/>\n\t<meta name=\"twitter:label2\" content=\"Est. reading time\" \/>\n\t<meta name=\"twitter:data2\" content=\"5 minutes\" \/>\n<script type=\"application\/ld+json\" class=\"yoast-schema-graph\">{\"@context\":\"https:\\\/\\\/schema.org\",\"@graph\":[{\"@type\":\"Article\",\"@id\":\"https:\\\/\\\/wobronietradycjiiwiary.com\\\/o-robert-mcteigue-sj-w-co-wielu-ksiezy-juz-nie-wierzy-6-z-7\\\/#article\",\"isPartOf\":{\"@id\":\"https:\\\/\\\/wobronietradycjiiwiary.com\\\/o-robert-mcteigue-sj-w-co-wielu-ksiezy-juz-nie-wierzy-6-z-7\\\/\"},\"author\":{\"name\":\"Traditio et Fides\",\"@id\":\"https:\\\/\\\/wobronietradycjiiwiary.com\\\/pl\\\/#\\\/schema\\\/person\\\/2d6180ce6abcb681fef0daab7816e8f3\"},\"headline\":\"O. Robert McTeigue SJ, W co wielu ksi\u0119\u017cy ju\u017c nie wierzy (6 z 7). Wszechobecne kom\u00f3rki.\",\"datePublished\":\"2023-05-10T06:06:00+00:00\",\"dateModified\":\"2025-02-07T14:58:19+00:00\",\"mainEntityOfPage\":{\"@id\":\"https:\\\/\\\/wobronietradycjiiwiary.com\\\/o-robert-mcteigue-sj-w-co-wielu-ksiezy-juz-nie-wierzy-6-z-7\\\/\"},\"wordCount\":961,\"commentCount\":0,\"publisher\":{\"@id\":\"https:\\\/\\\/wobronietradycjiiwiary.com\\\/pl\\\/#organization\"},\"image\":{\"@id\":\"https:\\\/\\\/wobronietradycjiiwiary.com\\\/o-robert-mcteigue-sj-w-co-wielu-ksiezy-juz-nie-wierzy-6-z-7\\\/#primaryimage\"},\"thumbnailUrl\":\"https:\\\/\\\/wobronietradycjiiwiary.com\\\/wp-content\\\/uploads\\\/2023\\\/04\\\/Interior-of-a-Gothic-Church-Neeffs-Peeter-I-oil-painting-1.webp\",\"articleSection\":[\"Duchowo\u015b\u0107\",\"Liturgia i liturgika\",\"Novus Ordo\",\"Z perspektywy ksi\u0119dza\"],\"inLanguage\":\"en-US\",\"potentialAction\":[{\"@type\":\"CommentAction\",\"name\":\"Comment\",\"target\":[\"https:\\\/\\\/wobronietradycjiiwiary.com\\\/o-robert-mcteigue-sj-w-co-wielu-ksiezy-juz-nie-wierzy-6-z-7\\\/#respond\"]}]},{\"@type\":\"WebPage\",\"@id\":\"https:\\\/\\\/wobronietradycjiiwiary.com\\\/o-robert-mcteigue-sj-w-co-wielu-ksiezy-juz-nie-wierzy-6-z-7\\\/\",\"url\":\"https:\\\/\\\/wobronietradycjiiwiary.com\\\/o-robert-mcteigue-sj-w-co-wielu-ksiezy-juz-nie-wierzy-6-z-7\\\/\",\"name\":\"O. Robert McTeigue SJ, W co wielu ksi\u0119\u017cy ju\u017c nie wierzy (6 z 7). Wszechobecne kom\u00f3rki. - Tradycja i Wiara\",\"isPartOf\":{\"@id\":\"https:\\\/\\\/wobronietradycjiiwiary.com\\\/pl\\\/#website\"},\"primaryImageOfPage\":{\"@id\":\"https:\\\/\\\/wobronietradycjiiwiary.com\\\/o-robert-mcteigue-sj-w-co-wielu-ksiezy-juz-nie-wierzy-6-z-7\\\/#primaryimage\"},\"image\":{\"@id\":\"https:\\\/\\\/wobronietradycjiiwiary.com\\\/o-robert-mcteigue-sj-w-co-wielu-ksiezy-juz-nie-wierzy-6-z-7\\\/#primaryimage\"},\"thumbnailUrl\":\"https:\\\/\\\/wobronietradycjiiwiary.com\\\/wp-content\\\/uploads\\\/2023\\\/04\\\/Interior-of-a-Gothic-Church-Neeffs-Peeter-I-oil-painting-1.webp\",\"datePublished\":\"2023-05-10T06:06:00+00:00\",\"dateModified\":\"2025-02-07T14:58:19+00:00\",\"breadcrumb\":{\"@id\":\"https:\\\/\\\/wobronietradycjiiwiary.com\\\/o-robert-mcteigue-sj-w-co-wielu-ksiezy-juz-nie-wierzy-6-z-7\\\/#breadcrumb\"},\"inLanguage\":\"en-US\",\"potentialAction\":[{\"@type\":\"ReadAction\",\"target\":[\"https:\\\/\\\/wobronietradycjiiwiary.com\\\/o-robert-mcteigue-sj-w-co-wielu-ksiezy-juz-nie-wierzy-6-z-7\\\/\"]}]},{\"@type\":\"ImageObject\",\"inLanguage\":\"en-US\",\"@id\":\"https:\\\/\\\/wobronietradycjiiwiary.com\\\/o-robert-mcteigue-sj-w-co-wielu-ksiezy-juz-nie-wierzy-6-z-7\\\/#primaryimage\",\"url\":\"https:\\\/\\\/wobronietradycjiiwiary.com\\\/wp-content\\\/uploads\\\/2023\\\/04\\\/Interior-of-a-Gothic-Church-Neeffs-Peeter-I-oil-painting-1.webp\",\"contentUrl\":\"https:\\\/\\\/wobronietradycjiiwiary.com\\\/wp-content\\\/uploads\\\/2023\\\/04\\\/Interior-of-a-Gothic-Church-Neeffs-Peeter-I-oil-painting-1.webp\",\"width\":1484,\"height\":1110},{\"@type\":\"BreadcrumbList\",\"@id\":\"https:\\\/\\\/wobronietradycjiiwiary.com\\\/o-robert-mcteigue-sj-w-co-wielu-ksiezy-juz-nie-wierzy-6-z-7\\\/#breadcrumb\",\"itemListElement\":[{\"@type\":\"ListItem\",\"position\":1,\"name\":\"Strona g\u0142\u00f3wna\",\"item\":\"https:\\\/\\\/wobronietradycjiiwiary.com\\\/\"},{\"@type\":\"ListItem\",\"position\":2,\"name\":\"O. Robert McTeigue SJ, W co wielu ksi\u0119\u017cy ju\u017c nie wierzy (6 z 7). Wszechobecne kom\u00f3rki.\"}]},{\"@type\":\"WebSite\",\"@id\":\"https:\\\/\\\/wobronietradycjiiwiary.com\\\/pl\\\/#website\",\"url\":\"https:\\\/\\\/wobronietradycjiiwiary.com\\\/pl\\\/\",\"name\":\"Tradycja i Wiara\",\"description\":\"Portal dla katolik\u00f3w.\",\"publisher\":{\"@id\":\"https:\\\/\\\/wobronietradycjiiwiary.com\\\/pl\\\/#organization\"},\"potentialAction\":[{\"@type\":\"SearchAction\",\"target\":{\"@type\":\"EntryPoint\",\"urlTemplate\":\"https:\\\/\\\/wobronietradycjiiwiary.com\\\/pl\\\/?s={search_term_string}\"},\"query-input\":{\"@type\":\"PropertyValueSpecification\",\"valueRequired\":true,\"valueName\":\"search_term_string\"}}],\"inLanguage\":\"en-US\"},{\"@type\":\"Organization\",\"@id\":\"https:\\\/\\\/wobronietradycjiiwiary.com\\\/pl\\\/#organization\",\"name\":\"Tradycja i Wiara\",\"url\":\"https:\\\/\\\/wobronietradycjiiwiary.com\\\/pl\\\/\",\"logo\":{\"@type\":\"ImageObject\",\"inLanguage\":\"en-US\",\"@id\":\"https:\\\/\\\/wobronietradycjiiwiary.com\\\/pl\\\/#\\\/schema\\\/logo\\\/image\\\/\",\"url\":\"https:\\\/\\\/i0.wp.com\\\/wobronietradycjiiwiary.com\\\/wp-content\\\/uploads\\\/2015\\\/10\\\/cropped-st-peters-dome-vatican.jpg?fit=940%2C198&ssl=1\",\"contentUrl\":\"https:\\\/\\\/i0.wp.com\\\/wobronietradycjiiwiary.com\\\/wp-content\\\/uploads\\\/2015\\\/10\\\/cropped-st-peters-dome-vatican.jpg?fit=940%2C198&ssl=1\",\"width\":940,\"height\":198,\"caption\":\"Tradycja i Wiara\"},\"image\":{\"@id\":\"https:\\\/\\\/wobronietradycjiiwiary.com\\\/pl\\\/#\\\/schema\\\/logo\\\/image\\\/\"},\"sameAs\":[\"https:\\\/\\\/www.facebook.com\\\/Tradycja-i-Wiara-108813920592249\"]},{\"@type\":\"Person\",\"@id\":\"https:\\\/\\\/wobronietradycjiiwiary.com\\\/pl\\\/#\\\/schema\\\/person\\\/2d6180ce6abcb681fef0daab7816e8f3\",\"name\":\"Traditio et Fides\",\"sameAs\":[\"https:\\\/\\\/traditionundglauben.com\"],\"url\":\"https:\\\/\\\/wobronietradycjiiwiary.com\\\/en\\\/author\\\/wobronietradycjiiwiary\\\/\"}]}<\/script>\n<!-- \/ Yoast SEO plugin. -->","yoast_head_json":{"title":"O. Robert McTeigue SJ, W co wielu ksi\u0119\u017cy ju\u017c nie wierzy (6 z 7). Wszechobecne kom\u00f3rki. - Tradycja i Wiara","robots":{"index":"index","follow":"follow","max-snippet":"max-snippet:-1","max-image-preview":"max-image-preview:large","max-video-preview":"max-video-preview:-1"},"canonical":"https:\/\/wobronietradycjiiwiary.com\/en\/o-robert-mcteigue-sj-w-co-wielu-ksiezy-juz-nie-wierzy-6-z-7\/","og_locale":"en_US","og_type":"article","og_title":"O. Robert McTeigue SJ, W co wielu ksi\u0119\u017cy ju\u017c nie wierzy (6 z 7). Wszechobecne kom\u00f3rki. - Tradycja i Wiara","og_description":"O tym, co ksi\u0105dz mo\u017ce na Novus Ordo zaobserwowa\u0107 w ko\u015bciele.","og_url":"https:\/\/wobronietradycjiiwiary.com\/en\/o-robert-mcteigue-sj-w-co-wielu-ksiezy-juz-nie-wierzy-6-z-7\/","og_site_name":"Tradycja i Wiara","article_publisher":"https:\/\/www.facebook.com\/Tradycja-i-Wiara-108813920592249","article_published_time":"2023-05-10T06:06:00+00:00","article_modified_time":"2025-02-07T14:58:19+00:00","og_image":[{"width":1484,"height":1110,"url":"https:\/\/wobronietradycjiiwiary.com\/wp-content\/uploads\/2023\/04\/Interior-of-a-Gothic-Church-Neeffs-Peeter-I-oil-painting-1.webp","type":"image\/webp"}],"author":"Traditio et Fides","twitter_card":"summary_large_image","twitter_misc":{"Written by":"Traditio et Fides","Est. reading time":"5 minutes"},"schema":{"@context":"https:\/\/schema.org","@graph":[{"@type":"Article","@id":"https:\/\/wobronietradycjiiwiary.com\/o-robert-mcteigue-sj-w-co-wielu-ksiezy-juz-nie-wierzy-6-z-7\/#article","isPartOf":{"@id":"https:\/\/wobronietradycjiiwiary.com\/o-robert-mcteigue-sj-w-co-wielu-ksiezy-juz-nie-wierzy-6-z-7\/"},"author":{"name":"Traditio et Fides","@id":"https:\/\/wobronietradycjiiwiary.com\/pl\/#\/schema\/person\/2d6180ce6abcb681fef0daab7816e8f3"},"headline":"O. Robert McTeigue SJ, W co wielu ksi\u0119\u017cy ju\u017c nie wierzy (6 z 7). Wszechobecne kom\u00f3rki.","datePublished":"2023-05-10T06:06:00+00:00","dateModified":"2025-02-07T14:58:19+00:00","mainEntityOfPage":{"@id":"https:\/\/wobronietradycjiiwiary.com\/o-robert-mcteigue-sj-w-co-wielu-ksiezy-juz-nie-wierzy-6-z-7\/"},"wordCount":961,"commentCount":0,"publisher":{"@id":"https:\/\/wobronietradycjiiwiary.com\/pl\/#organization"},"image":{"@id":"https:\/\/wobronietradycjiiwiary.com\/o-robert-mcteigue-sj-w-co-wielu-ksiezy-juz-nie-wierzy-6-z-7\/#primaryimage"},"thumbnailUrl":"https:\/\/wobronietradycjiiwiary.com\/wp-content\/uploads\/2023\/04\/Interior-of-a-Gothic-Church-Neeffs-Peeter-I-oil-painting-1.webp","articleSection":["Duchowo\u015b\u0107","Liturgia i liturgika","Novus Ordo","Z perspektywy ksi\u0119dza"],"inLanguage":"en-US","potentialAction":[{"@type":"CommentAction","name":"Comment","target":["https:\/\/wobronietradycjiiwiary.com\/o-robert-mcteigue-sj-w-co-wielu-ksiezy-juz-nie-wierzy-6-z-7\/#respond"]}]},{"@type":"WebPage","@id":"https:\/\/wobronietradycjiiwiary.com\/o-robert-mcteigue-sj-w-co-wielu-ksiezy-juz-nie-wierzy-6-z-7\/","url":"https:\/\/wobronietradycjiiwiary.com\/o-robert-mcteigue-sj-w-co-wielu-ksiezy-juz-nie-wierzy-6-z-7\/","name":"O. Robert McTeigue SJ, W co wielu ksi\u0119\u017cy ju\u017c nie wierzy (6 z 7). Wszechobecne kom\u00f3rki. - Tradycja i Wiara","isPartOf":{"@id":"https:\/\/wobronietradycjiiwiary.com\/pl\/#website"},"primaryImageOfPage":{"@id":"https:\/\/wobronietradycjiiwiary.com\/o-robert-mcteigue-sj-w-co-wielu-ksiezy-juz-nie-wierzy-6-z-7\/#primaryimage"},"image":{"@id":"https:\/\/wobronietradycjiiwiary.com\/o-robert-mcteigue-sj-w-co-wielu-ksiezy-juz-nie-wierzy-6-z-7\/#primaryimage"},"thumbnailUrl":"https:\/\/wobronietradycjiiwiary.com\/wp-content\/uploads\/2023\/04\/Interior-of-a-Gothic-Church-Neeffs-Peeter-I-oil-painting-1.webp","datePublished":"2023-05-10T06:06:00+00:00","dateModified":"2025-02-07T14:58:19+00:00","breadcrumb":{"@id":"https:\/\/wobronietradycjiiwiary.com\/o-robert-mcteigue-sj-w-co-wielu-ksiezy-juz-nie-wierzy-6-z-7\/#breadcrumb"},"inLanguage":"en-US","potentialAction":[{"@type":"ReadAction","target":["https:\/\/wobronietradycjiiwiary.com\/o-robert-mcteigue-sj-w-co-wielu-ksiezy-juz-nie-wierzy-6-z-7\/"]}]},{"@type":"ImageObject","inLanguage":"en-US","@id":"https:\/\/wobronietradycjiiwiary.com\/o-robert-mcteigue-sj-w-co-wielu-ksiezy-juz-nie-wierzy-6-z-7\/#primaryimage","url":"https:\/\/wobronietradycjiiwiary.com\/wp-content\/uploads\/2023\/04\/Interior-of-a-Gothic-Church-Neeffs-Peeter-I-oil-painting-1.webp","contentUrl":"https:\/\/wobronietradycjiiwiary.com\/wp-content\/uploads\/2023\/04\/Interior-of-a-Gothic-Church-Neeffs-Peeter-I-oil-painting-1.webp","width":1484,"height":1110},{"@type":"BreadcrumbList","@id":"https:\/\/wobronietradycjiiwiary.com\/o-robert-mcteigue-sj-w-co-wielu-ksiezy-juz-nie-wierzy-6-z-7\/#breadcrumb","itemListElement":[{"@type":"ListItem","position":1,"name":"Strona g\u0142\u00f3wna","item":"https:\/\/wobronietradycjiiwiary.com\/"},{"@type":"ListItem","position":2,"name":"O. Robert McTeigue SJ, W co wielu ksi\u0119\u017cy ju\u017c nie wierzy (6 z 7). Wszechobecne kom\u00f3rki."}]},{"@type":"WebSite","@id":"https:\/\/wobronietradycjiiwiary.com\/pl\/#website","url":"https:\/\/wobronietradycjiiwiary.com\/pl\/","name":"Tradycja i Wiara","description":"Portal dla katolik\u00f3w.","publisher":{"@id":"https:\/\/wobronietradycjiiwiary.com\/pl\/#organization"},"potentialAction":[{"@type":"SearchAction","target":{"@type":"EntryPoint","urlTemplate":"https:\/\/wobronietradycjiiwiary.com\/pl\/?s={search_term_string}"},"query-input":{"@type":"PropertyValueSpecification","valueRequired":true,"valueName":"search_term_string"}}],"inLanguage":"en-US"},{"@type":"Organization","@id":"https:\/\/wobronietradycjiiwiary.com\/pl\/#organization","name":"Tradycja i Wiara","url":"https:\/\/wobronietradycjiiwiary.com\/pl\/","logo":{"@type":"ImageObject","inLanguage":"en-US","@id":"https:\/\/wobronietradycjiiwiary.com\/pl\/#\/schema\/logo\/image\/","url":"https:\/\/i0.wp.com\/wobronietradycjiiwiary.com\/wp-content\/uploads\/2015\/10\/cropped-st-peters-dome-vatican.jpg?fit=940%2C198&ssl=1","contentUrl":"https:\/\/i0.wp.com\/wobronietradycjiiwiary.com\/wp-content\/uploads\/2015\/10\/cropped-st-peters-dome-vatican.jpg?fit=940%2C198&ssl=1","width":940,"height":198,"caption":"Tradycja i Wiara"},"image":{"@id":"https:\/\/wobronietradycjiiwiary.com\/pl\/#\/schema\/logo\/image\/"},"sameAs":["https:\/\/www.facebook.com\/Tradycja-i-Wiara-108813920592249"]},{"@type":"Person","@id":"https:\/\/wobronietradycjiiwiary.com\/pl\/#\/schema\/person\/2d6180ce6abcb681fef0daab7816e8f3","name":"Traditio et Fides","sameAs":["https:\/\/traditionundglauben.com"],"url":"https:\/\/wobronietradycjiiwiary.com\/en\/author\/wobronietradycjiiwiary\/"}]}},"jetpack_publicize_connections":[],"jetpack_sharing_enabled":true,"jetpack_likes_enabled":true,"jetpack_shortlink":"https:\/\/wp.me\/pc04Sd-n0e","jetpack-related-posts":[{"id":88132,"url":"https:\/\/wobronietradycjiiwiary.com\/en\/po-drugiej-stronie-lustra-lub-novus-ordo-z-perspektywy-ksiedza\/","url_meta":{"origin":88426,"position":0},"title":"Po drugiej stronie lustra lub Novus Ordo z perspektywy ksi\u0119dza","author":"Traditio et Fides","date":"6 April 2023","format":false,"excerpt":"Wprowadzenie do cyklu o frustracji ksi\u0119\u017cy podczas celebracji Novus Ordo. Im t\u0119\u017c ci\u0119\u017cko.","rel":"","context":"In &quot;Duchowo\u015b\u0107&quot;","block_context":{"text":"Duchowo\u015b\u0107","link":"https:\/\/wobronietradycjiiwiary.com\/en\/category\/duchowosc\/"},"img":{"alt_text":"","src":"https:\/\/i0.wp.com\/wobronietradycjiiwiary.com\/wp-content\/uploads\/2023\/04\/Calvario-e-a-Missa.jpg?resize=350%2C200&ssl=1","width":350,"height":200,"srcset":"https:\/\/i0.wp.com\/wobronietradycjiiwiary.com\/wp-content\/uploads\/2023\/04\/Calvario-e-a-Missa.jpg?resize=350%2C200&ssl=1 1x, https:\/\/i0.wp.com\/wobronietradycjiiwiary.com\/wp-content\/uploads\/2023\/04\/Calvario-e-a-Missa.jpg?resize=525%2C300&ssl=1 1.5x"},"classes":[]},{"id":88224,"url":"https:\/\/wobronietradycjiiwiary.com\/en\/o-robert-mcteigue-sj-w-co-wielu-ksiezy-juz-nie-wierzy-2-z-6\/","url_meta":{"origin":88426,"position":1},"title":"O. Robert McTeigue SJ, W co wielu ksi\u0119\u017cy ju\u017c nie wierzy (2 z 6). Inna pora &#8211; inna publiczno\u015b\u0107.","author":"Traditio et Fides","date":"12 April 2023","format":false,"excerpt":"Co widzi ksi\u0105dz od o\u0142tarza? Sp\u00f3\u017anialskich i niechlujnie ubranych. W Vetus Ordo nie widzi, bo patrzy na o\u0142tarz.","rel":"","context":"In &quot;Duchowo\u015b\u0107&quot;","block_context":{"text":"Duchowo\u015b\u0107","link":"https:\/\/wobronietradycjiiwiary.com\/en\/category\/duchowosc\/"},"img":{"alt_text":"","src":"https:\/\/i0.wp.com\/wobronietradycjiiwiary.com\/wp-content\/uploads\/2023\/04\/Interior-of-a-Gothic-Church-Neeffs-Peeter-I-oil-painting-1.webp?resize=350%2C200&ssl=1","width":350,"height":200,"srcset":"https:\/\/i0.wp.com\/wobronietradycjiiwiary.com\/wp-content\/uploads\/2023\/04\/Interior-of-a-Gothic-Church-Neeffs-Peeter-I-oil-painting-1.webp?resize=350%2C200&ssl=1 1x, https:\/\/i0.wp.com\/wobronietradycjiiwiary.com\/wp-content\/uploads\/2023\/04\/Interior-of-a-Gothic-Church-Neeffs-Peeter-I-oil-painting-1.webp?resize=525%2C300&ssl=1 1.5x, https:\/\/i0.wp.com\/wobronietradycjiiwiary.com\/wp-content\/uploads\/2023\/04\/Interior-of-a-Gothic-Church-Neeffs-Peeter-I-oil-painting-1.webp?resize=700%2C400&ssl=1 2x, https:\/\/i0.wp.com\/wobronietradycjiiwiary.com\/wp-content\/uploads\/2023\/04\/Interior-of-a-Gothic-Church-Neeffs-Peeter-I-oil-painting-1.webp?resize=1050%2C600&ssl=1 3x, https:\/\/i0.wp.com\/wobronietradycjiiwiary.com\/wp-content\/uploads\/2023\/04\/Interior-of-a-Gothic-Church-Neeffs-Peeter-I-oil-painting-1.webp?resize=1400%2C800&ssl=1 4x"},"classes":[]},{"id":132442,"url":"https:\/\/wobronietradycjiiwiary.com\/en\/o-poscie-4-z-16-naturalne-skutki-postu\/","url_meta":{"origin":88426,"position":2},"title":"O po\u015bcie (4 z 16). Naturalne skutki postu","author":"Traditio et Fides","date":"28 February 2025","format":false,"excerpt":"O zaletach postu.","rel":"","context":"In &quot;Doktryna&quot;","block_context":{"text":"Doktryna","link":"https:\/\/wobronietradycjiiwiary.com\/en\/category\/doktryna\/"},"img":{"alt_text":"","src":"https:\/\/i0.wp.com\/wobronietradycjiiwiary.com\/wp-content\/uploads\/2025\/02\/Fasten.jpg?resize=350%2C200&ssl=1","width":350,"height":200,"srcset":"https:\/\/i0.wp.com\/wobronietradycjiiwiary.com\/wp-content\/uploads\/2025\/02\/Fasten.jpg?resize=350%2C200&ssl=1 1x, https:\/\/i0.wp.com\/wobronietradycjiiwiary.com\/wp-content\/uploads\/2025\/02\/Fasten.jpg?resize=525%2C300&ssl=1 1.5x, https:\/\/i0.wp.com\/wobronietradycjiiwiary.com\/wp-content\/uploads\/2025\/02\/Fasten.jpg?resize=700%2C400&ssl=1 2x, https:\/\/i0.wp.com\/wobronietradycjiiwiary.com\/wp-content\/uploads\/2025\/02\/Fasten.jpg?resize=1050%2C600&ssl=1 3x, https:\/\/i0.wp.com\/wobronietradycjiiwiary.com\/wp-content\/uploads\/2025\/02\/Fasten.jpg?resize=1400%2C800&ssl=1 4x"},"classes":[]},{"id":53743,"url":"https:\/\/wobronietradycjiiwiary.com\/en\/w-novus-ordo-lud-swietuje-sam-siebie-lub-przekonujace-rozwiazanie-sprzecznosci\/","url_meta":{"origin":88426,"position":3},"title":"\u201eW Novus Ordo lud \u015bwi\u0119tuje sam siebie\u201d lub przekonuj\u0105ce rozwi\u0105zanie sprzeczno\u015bci","author":"Traditio et Fides","date":"5 October 2021","format":false,"excerpt":"To, co w Polsce wydaje si\u0119 gorsz\u0105cym nadu\u017cyciem liturgicznym jest po prostu konsekwencj\u0105 Novus Ordo. Z w\u0142a\u015bciwej perspektywy, wedle kt\u00f3rej to lud jest w\u0142a\u015bciwym leiturgosem sprzeczno\u015bci rozwi\u0105zuj\u0105 si\u0119 same.","rel":"","context":"In &quot;Ad 3) 5. Rola Jungmanna&quot;","block_context":{"text":"Ad 3) 5. Rola Jungmanna","link":"https:\/\/wobronietradycjiiwiary.com\/en\/category\/doktryna\/teologia-liturgii\/byrne-doktryna\/byrne\/komentarze-do-byrne\/ad-3-pius-xii-ku-zagladzie-komentarze-do-byrne\/ad-3-5-rola-jungmanna-ad-3-pius-xii-ku-zagladzie-komentarze-do-byrne\/"},"img":{"alt_text":"","src":"https:\/\/i0.wp.com\/wobronietradycjiiwiary.com\/wp-content\/uploads\/2021\/10\/8d67243807a033a2c9c742445e319965.jpg?resize=350%2C200&ssl=1","width":350,"height":200},"classes":[]},{"id":88371,"url":"https:\/\/wobronietradycjiiwiary.com\/en\/o-robert-mcteigue-sj-w-co-wielu-ksiezy-juz-nie-wierzy-5-z-6\/","url_meta":{"origin":88426,"position":4},"title":"O. Robert McTeigue SJ, W co wielu ksi\u0119\u017cy ju\u017c nie wierzy (5 z 7). Brak ciszy.","author":"Traditio et Fides","date":"3 May 2023","format":false,"excerpt":"O tym, co ksi\u0105dz mo\u017ce na Novus Ordo zaobserwowa\u0107 w ko\u015bciele.","rel":"","context":"In &quot;Duchowo\u015b\u0107&quot;","block_context":{"text":"Duchowo\u015b\u0107","link":"https:\/\/wobronietradycjiiwiary.com\/en\/category\/duchowosc\/"},"img":{"alt_text":"","src":"https:\/\/i0.wp.com\/wobronietradycjiiwiary.com\/wp-content\/uploads\/2023\/04\/Interior-of-a-Gothic-Church-Neeffs-Peeter-I-oil-painting-1.webp?resize=350%2C200&ssl=1","width":350,"height":200,"srcset":"https:\/\/i0.wp.com\/wobronietradycjiiwiary.com\/wp-content\/uploads\/2023\/04\/Interior-of-a-Gothic-Church-Neeffs-Peeter-I-oil-painting-1.webp?resize=350%2C200&ssl=1 1x, https:\/\/i0.wp.com\/wobronietradycjiiwiary.com\/wp-content\/uploads\/2023\/04\/Interior-of-a-Gothic-Church-Neeffs-Peeter-I-oil-painting-1.webp?resize=525%2C300&ssl=1 1.5x, https:\/\/i0.wp.com\/wobronietradycjiiwiary.com\/wp-content\/uploads\/2023\/04\/Interior-of-a-Gothic-Church-Neeffs-Peeter-I-oil-painting-1.webp?resize=700%2C400&ssl=1 2x, https:\/\/i0.wp.com\/wobronietradycjiiwiary.com\/wp-content\/uploads\/2023\/04\/Interior-of-a-Gothic-Church-Neeffs-Peeter-I-oil-painting-1.webp?resize=1050%2C600&ssl=1 3x, https:\/\/i0.wp.com\/wobronietradycjiiwiary.com\/wp-content\/uploads\/2023\/04\/Interior-of-a-Gothic-Church-Neeffs-Peeter-I-oil-painting-1.webp?resize=1400%2C800&ssl=1 4x"},"classes":[]},{"id":88265,"url":"https:\/\/wobronietradycjiiwiary.com\/en\/o-robert-mcteigue-sj-w-co-wielu-ksiezy-juz-nie-wierzy-3-z-6\/","url_meta":{"origin":88426,"position":5},"title":"O. Robert McTeigue SJ, W co wielu ksi\u0119\u017cy ju\u017c nie wierzy (3 z 7). Stosowny ubi\u00f3r.","author":"Traditio et Fides","date":"19 April 2023","format":false,"excerpt":"O tym, co ksi\u0105dz mo\u017ce na Novus Ordo zaobserwowa\u0107 w ko\u015bciele.","rel":"","context":"In &quot;Duchowo\u015b\u0107&quot;","block_context":{"text":"Duchowo\u015b\u0107","link":"https:\/\/wobronietradycjiiwiary.com\/en\/category\/duchowosc\/"},"img":{"alt_text":"","src":"https:\/\/i0.wp.com\/wobronietradycjiiwiary.com\/wp-content\/uploads\/2023\/04\/Interior-of-a-Gothic-Church-Neeffs-Peeter-I-oil-painting-1.webp?resize=350%2C200&ssl=1","width":350,"height":200,"srcset":"https:\/\/i0.wp.com\/wobronietradycjiiwiary.com\/wp-content\/uploads\/2023\/04\/Interior-of-a-Gothic-Church-Neeffs-Peeter-I-oil-painting-1.webp?resize=350%2C200&ssl=1 1x, https:\/\/i0.wp.com\/wobronietradycjiiwiary.com\/wp-content\/uploads\/2023\/04\/Interior-of-a-Gothic-Church-Neeffs-Peeter-I-oil-painting-1.webp?resize=525%2C300&ssl=1 1.5x, https:\/\/i0.wp.com\/wobronietradycjiiwiary.com\/wp-content\/uploads\/2023\/04\/Interior-of-a-Gothic-Church-Neeffs-Peeter-I-oil-painting-1.webp?resize=700%2C400&ssl=1 2x, https:\/\/i0.wp.com\/wobronietradycjiiwiary.com\/wp-content\/uploads\/2023\/04\/Interior-of-a-Gothic-Church-Neeffs-Peeter-I-oil-painting-1.webp?resize=1050%2C600&ssl=1 3x, https:\/\/i0.wp.com\/wobronietradycjiiwiary.com\/wp-content\/uploads\/2023\/04\/Interior-of-a-Gothic-Church-Neeffs-Peeter-I-oil-painting-1.webp?resize=1400%2C800&ssl=1 4x"},"classes":[]}],"amp_enabled":true,"jetpack_featured_media_url":"https:\/\/wobronietradycjiiwiary.com\/wp-content\/uploads\/2023\/04\/Interior-of-a-Gothic-Church-Neeffs-Peeter-I-oil-painting-1.webp","_links":{"self":[{"href":"https:\/\/wobronietradycjiiwiary.com\/en\/wp-json\/wp\/v2\/posts\/88426","targetHints":{"allow":["GET"]}}],"collection":[{"href":"https:\/\/wobronietradycjiiwiary.com\/en\/wp-json\/wp\/v2\/posts"}],"about":[{"href":"https:\/\/wobronietradycjiiwiary.com\/en\/wp-json\/wp\/v2\/types\/post"}],"author":[{"embeddable":true,"href":"https:\/\/wobronietradycjiiwiary.com\/en\/wp-json\/wp\/v2\/users\/60508433"}],"replies":[{"embeddable":true,"href":"https:\/\/wobronietradycjiiwiary.com\/en\/wp-json\/wp\/v2\/comments?post=88426"}],"version-history":[{"count":28,"href":"https:\/\/wobronietradycjiiwiary.com\/en\/wp-json\/wp\/v2\/posts\/88426\/revisions"}],"predecessor-version":[{"id":91912,"href":"https:\/\/wobronietradycjiiwiary.com\/en\/wp-json\/wp\/v2\/posts\/88426\/revisions\/91912"}],"wp:featuredmedia":[{"embeddable":true,"href":"https:\/\/wobronietradycjiiwiary.com\/en\/wp-json\/wp\/v2\/media\/88203"}],"wp:attachment":[{"href":"https:\/\/wobronietradycjiiwiary.com\/en\/wp-json\/wp\/v2\/media?parent=88426"}],"wp:term":[{"taxonomy":"category","embeddable":true,"href":"https:\/\/wobronietradycjiiwiary.com\/en\/wp-json\/wp\/v2\/categories?post=88426"},{"taxonomy":"post_tag","embeddable":true,"href":"https:\/\/wobronietradycjiiwiary.com\/en\/wp-json\/wp\/v2\/tags?post=88426"}],"curies":[{"name":"wp","href":"https:\/\/api.w.org\/{rel}","templated":true}]}}