{"id":86615,"date":"2023-02-28T16:39:11","date_gmt":"2023-02-28T15:39:11","guid":{"rendered":"https:\/\/wobronietradycjiiwiary.com\/?p=86615"},"modified":"2026-02-13T15:22:18","modified_gmt":"2026-02-13T14:22:18","slug":"moje-doswiadczenie-z-praktyka-12-piatkow-o-chlebie-i-wodzie-beza","status":"publish","type":"post","link":"https:\/\/wobronietradycjiiwiary.com\/en\/moje-doswiadczenie-z-praktyka-12-piatkow-o-chlebie-i-wodzie-beza\/","title":{"rendered":"Moje do\u015bwiadczenie z praktyk\u0105 12 pi\u0105tk\u00f3w o chlebie i wodzie: Beza"},"content":{"rendered":"<div id=\"bsf_rt_marker\"><\/div>\n<p class=\"has-text-align-justify has-vivid-purple-color has-text-color wp-block-paragraph\">Na wezwanie Redakcji o przedstawianie \u015bwiadectw dotycz\u0105cych 12 pi\u0105tk\u00f3w zg\u0142osi\u0142a si\u0119 czytelniczka o pseudonimie <em>Beza<\/em>, kt\u00f3ra pisze, co nast\u0119puje:<\/p>\n\n\n\n<p class=\"has-text-align-justify has-medium-font-size has-ek-indent wp-block-paragraph\" style=\"--ek-indent:20px\">Ja o tym po\u015bcie dowiedzia\u0142am si\u0119 2-3 lata temu, o ile dobrze pami\u0119tam, by\u0142 to chyba czas pandemii. Generalnie, do postu zach\u0119ci\u0142y mnie obietnice zwi\u0105zane z poszczeniem w poszczeg\u00f3lne pi\u0105tki. <\/p>\n\n\n\n<p class=\"has-text-align-justify has-medium-font-size has-ek-indent wp-block-paragraph\" style=\"--ek-indent:20px\">Ale co ciekawe, w przeciwie\u0144stwie do Redakcji, wydaje mi si\u0119, \u017ce ja zrozumia\u0142am troch\u0119 inaczej te obietnice. A mianowicie w ten spos\u00f3b, \u017ce wystarczy, \u017ce w konkretny pi\u0105tek przeposzcz\u0119 i w\u00f3wczas b\u0119d\u0119 mog\u0142a dost\u0105pi\u0107 danej obietnicy, a wi\u0119c jeszcze lepiej\u00a0:).<\/p>\n\n\n\n<p class=\"has-text-align-justify has-medium-font-size has-ek-indent wp-block-paragraph\" style=\"--ek-indent:20px\">Bo o ile dobrze pami\u0119tam, zacz\u0119\u0142am od 3 pi\u0105tku, czyli w Wielki Pi\u0105tek, nie od pierwszego pi\u0105tku z tej listy. Pami\u0119tam, \u017ce w ten pierwszy wybrany pi\u0105tek na pewno przepo\u015bci\u0142am o chlebie i wodzie, ale by\u0142am w domu wi\u0119c mog\u0142am sobie pozwoli\u0107. Cho\u0107 i tak by\u0142o mi ci\u0119\u017cko, ca\u0142y czas chodzi\u0142am nieprzytomna, spa\u0107 mi si\u0119 chcia\u0142o i og\u00f3lnie by\u0142am do niczego. <\/p>\n\n\n\n<p class=\"has-text-align-justify has-medium-font-size has-ek-indent wp-block-paragraph\" style=\"--ek-indent:20px\">P\u00f3\u017aniej mo\u017ce by\u0142 jeszcze jeden taki pi\u0105tek, albo i nawet nie, bo albo zapomnia\u0142am, albo po prostu  da\u0142am sobie spok\u00f3j, ju\u017c do ko\u0144ca niestety nie pami\u0119tam. Ale pami\u0119tam, \u017ce na ten jeden pi\u0105tek si\u0119 zawzi\u0119\u0142am i przepo\u015bci\u0142am ca\u0142y z my\u015bl\u0105 o uzyskaniu daru z obietnicy. A zatem u mnie by\u0142 tylko taki kr\u00f3tki epizod.<\/p>\n\n\n\n<p class=\"has-text-align-justify has-medium-font-size has-ek-indent wp-block-paragraph\" style=\"--ek-indent:20px\">Po przeczytaniu wpisu, widz\u0119 ju\u017c, \u017ce nie tylko ja tak \u017ale przechodz\u0119 ten post o samym chlebie i wodzie. Czasami jeszcze my\u015bla\u0142am, \u017ceby do tego wr\u00f3ci\u0107 i po\u015bci\u0107, ale zawsze obawia\u0142am si\u0119, \u017ce co z tego \u017ce poszcz\u0119, jak nie b\u0119d\u0119 mie\u0107 si\u0142 do efektywnej pracy? Wi\u0119c stwierdzi\u0142am, \u017ce to nie dla mnie, ale rzeczywi\u015bcie takie lekkie poczucie winy by\u0142o, bo by\u0107 mo\u017ce powinnam si\u0119 bardziej wysili\u0107 i umartwi\u0107? \u017be tak trzeba za pokut\u0119\u2026<\/p>\n\n\n\n<p class=\"wp-block-paragraph\"><\/p>\n\n\n\n<p class=\"wp-block-paragraph\">Zauwa\u017cmy punkty zbie\u017cne z <a href=\"https:\/\/wobronietradycjiiwiary.com\/en\/moje-doswiadczenie-z-praktyka-12-piatkow-o-chlebie-i-wodzie\/\" target=\"_blank\" aria-label=\"ostatnim  (opens in a new tab)\" rel=\"noreferrer noopener\" class=\"ek-link\">ostatnim <\/a>\u015bwiadectwem:<\/p>\n\n\n\n<ul class=\"wp-block-list\">\n<li>przyn\u0119cenie obietnicami,<\/li>\n\n\n\n<li>z\u0142e znoszenie postu.<\/li>\n<\/ul>\n\n\n\n<p class=\"wp-block-paragraph\"><\/p>\n\n\n\n<p class=\"has-text-align-justify wp-block-paragraph\">W przypadku <em>Bezy <\/em>dochodzi jeszcze poczucie winy bior\u0105ce si\u0119 z nieuko\u0144czenia cyklu. Powstaje pytanie: <\/p>\n\n\n\n<p class=\"has-text-align-justify has-medium-font-size has-ek-indent wp-block-paragraph\" style=\"--ek-indent:20px\">Czy Pan B\u00f3g rzeczywi\u015bcie wymaga od ludzi tak surowych praktyk religijnych? <\/p>\n\n\n\n<p class=\"has-text-align-justify wp-block-paragraph\">Ot\u00f3\u017c od wszystkich nie wymaga. Natomiast problemem jest co\u015b innego. Je\u015bli cierpimy na nisk\u0105 samoocen\u0119, to niestety wszystkie nasze praktyki religijne b\u0119d\u0105 mia\u0142y posmak masochistyczny, chocia\u017c w nie seksualnym tego s\u0142owa znaczeniu.<\/p>\n\n\n\n<p class=\"has-text-align-justify wp-block-paragraph\">B\u0119dzie nam si\u0119 wydawa\u0142o, \u017ce musimy ci\u0105gle cierpie\u0107 i pokutowa\u0107, \u017ce nigdy nie b\u0119dziemy wystarczaj\u0105co dobrzy. Tymczasem to nie katolicyzm, ale okulary, przez kt\u00f3re postrzegamy rzeczywisto\u015b\u0107. Jeste\u015bmy wtedy podatni na manipulacj\u0119, wykorzystanie i sekciarstwo, a z\u0142y duch b\u0119dzie nas w tym stanie utwierdza\u0142 i do r\u00f3\u017cnych niedorzecznych praktyk religijnych popycha\u0142.<\/p>\n\n\n\n<p class=\"has-text-align-justify wp-block-paragraph\">Strze\u017cmy si\u0119. Warto zastanowi\u0107 si\u0119 te\u017c nad tym, czy w og\u00f3le jakie\u015b pozytywne \u015bwiadectwo na temat 12 pi\u0105tk\u00f3w by\u0107 mo\u017ce. <\/p>\n\n\n\n<p class=\"has-text-align-justify wp-block-paragraph\">Na &#8220;<a aria-label=\"siostrzanej stronie (opens in a new tab)\" href=\"https:\/\/wobroniewiary.com\/modlitwa\/droga-zbawienia-czyli-o-12-piatkach\/\" target=\"_blank\" rel=\"noreferrer noopener\" class=\"ek-link\">siostrzanej stronie<\/a>&#8221; panie si\u0119 m\u0119cz\u0105, ufaj\u0105, chleb susz\u0105, maj\u0105 nadziej\u0119, na &#8220;zaliczenie postu&#8221;, chocia\u017c napi\u0142y si\u0119 kawy, ale konkret\u00f3w brak. Kto\u015b czasami z ich rodziny nieoczekiwanie popo\u015bci i ma nadziej\u0119 na spe\u0142nienie konkretnej obietnicy, <em>\u00e0 la carte<\/em>, jak my\u015bla\u0142a Beza. Ale wydaje si\u0119, \u017ce trzeba przepo\u015bci\u0107 raczej wszystko, bo inaczej po co a\u017c 12 pi\u0105tk\u00f3w? Nieprecyzyjne, nieostre, lepiej da\u0107 sobie spok\u00f3j.<\/p>\n\n\n\n<div class=\"wp-block-kadence-infobox kt-info-box74405_787106-ce\"><a class=\"kt-blocks-info-box-link-wrap info-box-link kt-blocks-info-box-media-align-top kt-info-halign-center\" target=\"_blank\" rel=\"noopener noreferrer\" href=\"https:\/\/wobronietradycjiiwiary.com\/en\/subskrypcje-2\/\"><div class=\"kt-blocks-info-box-media-container\"><div class=\"kt-blocks-info-box-media kt-info-media-animate-none\"><div class=\"kadence-info-box-image-inner-intrisic-container\"><div class=\"kadence-info-box-image-intrisic kt-info-animate-none\"><div class=\"kadence-info-box-image-inner-intrisic\"><img decoding=\"async\" data-attachment-id=\"99768\" data-permalink=\"https:\/\/wobronietradycjiiwiary.com\/en\/cropped-cropped-st-peters-dome-vatican-1-jpg\/\" data-orig-file=\"https:\/\/wobronietradycjiiwiary.com\/wp-content\/uploads\/2015\/10\/cropped-cropped-st-peters-dome-vatican-1.jpg\" data-orig-size=\"512,512\" data-comments-opened=\"1\" data-image-meta=\"{&quot;aperture&quot;:&quot;0&quot;,&quot;credit&quot;:&quot;&quot;,&quot;camera&quot;:&quot;&quot;,&quot;caption&quot;:&quot;&quot;,&quot;created_timestamp&quot;:&quot;0&quot;,&quot;copyright&quot;:&quot;&quot;,&quot;focal_length&quot;:&quot;0&quot;,&quot;iso&quot;:&quot;0&quot;,&quot;shutter_speed&quot;:&quot;0&quot;,&quot;title&quot;:&quot;&quot;,&quot;orientation&quot;:&quot;0&quot;}\" data-image-title=\"cropped-cropped-st-peters-dome-vatican-1.jpg\" data-image-description=\"&lt;p&gt;https:\/\/wobronietradycjiiwiary.com\/wp-content\/uploads\/2015\/10\/cropped-cropped-st-peters-dome-vatican-1.jpg&lt;\/p&gt;\" data-image-caption=\"\" data-large-file=\"https:\/\/wobronietradycjiiwiary.com\/wp-content\/uploads\/2015\/10\/cropped-cropped-st-peters-dome-vatican-1.jpg\" src=\"https:\/\/wobronietradycjiiwiary.com\/wp-content\/uploads\/2015\/10\/cropped-cropped-st-peters-dome-vatican-1-150x150.jpg\" alt=\"\" width=\"150\" height=\"150\" class=\"kt-info-box-image wp-image-99768\" srcset=\"https:\/\/wobronietradycjiiwiary.com\/wp-content\/uploads\/2015\/10\/cropped-cropped-st-peters-dome-vatican-1-150x150.jpg 150w, https:\/\/wobronietradycjiiwiary.com\/wp-content\/uploads\/2015\/10\/cropped-cropped-st-peters-dome-vatican-1-300x300.jpg 300w, https:\/\/wobronietradycjiiwiary.com\/wp-content\/uploads\/2015\/10\/cropped-cropped-st-peters-dome-vatican-1-12x12.jpg 12w, https:\/\/wobronietradycjiiwiary.com\/wp-content\/uploads\/2015\/10\/cropped-cropped-st-peters-dome-vatican-1-400x400.jpg?crop=1 400w, https:\/\/wobronietradycjiiwiary.com\/wp-content\/uploads\/2015\/10\/cropped-cropped-st-peters-dome-vatican-1-200x200.jpg?crop=1 200w, https:\/\/wobronietradycjiiwiary.com\/wp-content\/uploads\/2015\/10\/cropped-cropped-st-peters-dome-vatican-1-100x100.jpg?crop=1 100w, https:\/\/wobronietradycjiiwiary.com\/wp-content\/uploads\/2015\/10\/cropped-cropped-st-peters-dome-vatican-1-270x270.jpg 270w, https:\/\/wobronietradycjiiwiary.com\/wp-content\/uploads\/2015\/10\/cropped-cropped-st-peters-dome-vatican-1-192x192.jpg 192w, https:\/\/wobronietradycjiiwiary.com\/wp-content\/uploads\/2015\/10\/cropped-cropped-st-peters-dome-vatican-1-180x180.jpg 180w, https:\/\/wobronietradycjiiwiary.com\/wp-content\/uploads\/2015\/10\/cropped-cropped-st-peters-dome-vatican-1-32x32.jpg 32w, https:\/\/wobronietradycjiiwiary.com\/wp-content\/uploads\/2015\/10\/cropped-cropped-st-peters-dome-vatican-1.jpg 512w\" sizes=\"(max-width: 150px) 100vw, 150px\" \/><\/div><\/div><\/div><\/div><\/div><div class=\"kt-infobox-textcontent\"><h2 class=\"kt-blocks-info-box-title\">Chcesz czyta\u0107 wszystko?<\/h2><p class=\"kt-blocks-info-box-text\"><strong>Wykup abonament.<\/strong><\/p><\/div><\/a><\/div>\n\n\n\n<div class=\"wp-block-cover aligncenter\" style=\"min-height:361px;aspect-ratio:unset;\"><img fetchpriority=\"high\" decoding=\"async\" width=\"524\" height=\"539\" data-attachment-id=\"115630\" data-permalink=\"https:\/\/wobronietradycjiiwiary.com\/en\/church-militant-o-naduzyciach-seksualnych-w-bractwie-sw-piusa-x-nowy-cykl\/ec48bf44892c29b895741920e0bdef09-2\/\" data-orig-file=\"https:\/\/wobronietradycjiiwiary.com\/wp-content\/uploads\/2024\/04\/ec48bf44892c29b895741920e0bdef09.jpg\" data-orig-size=\"524,539\" data-comments-opened=\"1\" data-image-meta=\"{&quot;aperture&quot;:&quot;0&quot;,&quot;credit&quot;:&quot;&quot;,&quot;camera&quot;:&quot;&quot;,&quot;caption&quot;:&quot;&quot;,&quot;created_timestamp&quot;:&quot;0&quot;,&quot;copyright&quot;:&quot;&quot;,&quot;focal_length&quot;:&quot;0&quot;,&quot;iso&quot;:&quot;0&quot;,&quot;shutter_speed&quot;:&quot;0&quot;,&quot;title&quot;:&quot;&quot;,&quot;orientation&quot;:&quot;0&quot;}\" data-image-title=\"ec48bf44892c29b895741920e0bdef09\" data-image-description=\"\" data-image-caption=\"\" data-large-file=\"https:\/\/wobronietradycjiiwiary.com\/wp-content\/uploads\/2024\/04\/ec48bf44892c29b895741920e0bdef09.jpg\" class=\"wp-block-cover__image-background wp-image-115630\" alt=\"\" src=\"https:\/\/wobronietradycjiiwiary.com\/wp-content\/uploads\/2024\/04\/ec48bf44892c29b895741920e0bdef09.jpg\" style=\"object-position:57% 0%\" data-object-fit=\"cover\" data-object-position=\"57% 0%\" srcset=\"https:\/\/wobronietradycjiiwiary.com\/wp-content\/uploads\/2024\/04\/ec48bf44892c29b895741920e0bdef09.jpg 524w, https:\/\/wobronietradycjiiwiary.com\/wp-content\/uploads\/2024\/04\/ec48bf44892c29b895741920e0bdef09-450x463.jpg 450w, https:\/\/wobronietradycjiiwiary.com\/wp-content\/uploads\/2024\/04\/ec48bf44892c29b895741920e0bdef09-292x300.jpg 292w, https:\/\/wobronietradycjiiwiary.com\/wp-content\/uploads\/2024\/04\/ec48bf44892c29b895741920e0bdef09-146x150.jpg 146w, https:\/\/wobronietradycjiiwiary.com\/wp-content\/uploads\/2024\/04\/ec48bf44892c29b895741920e0bdef09-12x12.jpg 12w, https:\/\/wobronietradycjiiwiary.com\/wp-content\/uploads\/2024\/04\/ec48bf44892c29b895741920e0bdef09-58x60.jpg 58w, https:\/\/wobronietradycjiiwiary.com\/wp-content\/uploads\/2024\/04\/ec48bf44892c29b895741920e0bdef09-87x90.jpg 87w\" sizes=\"(max-width: 524px) 100vw, 524px\" \/><span aria-hidden=\"true\" class=\"wp-block-cover__background has-background-dim\"><\/span><div class=\"wp-block-cover__inner-container is-layout-flow wp-block-cover-is-layout-flow\">\n<p class=\"has-text-align-center has-large-font-size wp-block-paragraph\"><mark style=\"background-color:rgba(0, 0, 0, 0)\" class=\"has-inline-color has-luminous-vivid-amber-color\"><strong>Spodoba\u0142o si\u0119? Wspieraj nas!<\/strong><\/mark><\/p>\n\n\n\n<p class=\"has-text-align-center wp-block-paragraph\"><strong>Kart\u0105, paypalem lub bezpo\u015brednim przelewem<\/strong>.<\/p>\n\n\n\n<p class=\"has-text-align-center wp-block-paragraph\" style=\"font-size:39px\"><a aria-label=\" (opens in a new tab)\" class=\"ek-link\" href=\"https:\/\/donate.stripe.com\/6oE7uNfHU4nXe2I7su\" target=\"_blank\" rel=\"noreferrer noopener\"><mark style=\"background-color:rgba(0, 0, 0, 0)\" class=\"has-inline-color has-white-color\"><strong>Datki<\/strong> <\/mark><\/a><\/p>\n<\/div><\/div>","protected":false},"excerpt":{"rendered":"<p>Kolejne \u015bwiadectwo na temat 12 pi\u0105tk\u00f3w o chlebie i wodzie.<\/p>","protected":false},"author":60508433,"featured_media":86163,"comment_status":"open","ping_status":"open","sticky":false,"template":"","format":"standard","meta":{"_bbp_topic_count":0,"_bbp_reply_count":0,"_bbp_total_topic_count":0,"_bbp_total_reply_count":0,"_bbp_voice_count":0,"_bbp_anonymous_reply_count":0,"_bbp_topic_count_hidden":0,"_bbp_reply_count_hidden":0,"_bbp_forum_subforum_count":0,"_editorskit_title_hidden":false,"_editorskit_reading_time":2,"_editorskit_is_block_options_detached":false,"_editorskit_block_options_position":"{}","_coblocks_attr":"","_coblocks_dimensions":"","_coblocks_responsive_height":"","_coblocks_accordion_ie_support":"","_exactmetrics_skip_tracking":false,"_jetpack_newsletter_access":"","_jetpack_dont_email_post_to_subs":false,"_jetpack_newsletter_tier_id":0,"_jetpack_memberships_contains_paywalled_content":false,"_wpcom_ai_launchpad_first_post":false,"_jetpack_feature_clip_id":0,"_jetpack_memberships_contains_paid_content":false,"footnotes":"","jetpack_publicize_message":"","jetpack_publicize_feature_enabled":true,"jetpack_social_post_already_shared":false,"jetpack_social_options":{"image_generator_settings":{"template":"highway","enabled":false},"version":2},"_wpas_customize_per_network":false,"jetpack_post_was_ever_published":false},"categories":[610133674,610131185,610131184,347875972,44224351,610135277,610135399,40321200],"tags":[610135313,1187],"class_list":["post-86615","post","type-post","status-publish","format-standard","has-post-thumbnail","hentry","category-12-piatkow-o-chlebie-i-wodzie","category-doktryna","category-duchowosc","category-mistyka-i-pseudomistyka","category-objawienia-prywatne","category-post","category-post-swiadectwo-wlasne","category-teologia-moralna","tag-12-piatkow","tag-post"],"yoast_head":"<!-- This site is optimized with the Yoast SEO plugin v28.3 - https:\/\/yoast.com\/product\/yoast-seo-wordpress\/ -->\n<title>Moje do\u015bwiadczenie z praktyk\u0105 12 pi\u0105tk\u00f3w o chlebie i wodzie: Beza - Tradycja i Wiara<\/title>\n<meta name=\"robots\" content=\"index, follow, max-snippet:-1, max-image-preview:large, max-video-preview:-1\" \/>\n<link rel=\"canonical\" href=\"https:\/\/wobronietradycjiiwiary.com\/en\/moje-doswiadczenie-z-praktyka-12-piatkow-o-chlebie-i-wodzie-beza\/\" \/>\n<meta property=\"og:locale\" content=\"en_US\" \/>\n<meta property=\"og:type\" content=\"article\" \/>\n<meta property=\"og:title\" content=\"Moje do\u015bwiadczenie z praktyk\u0105 12 pi\u0105tk\u00f3w o chlebie i wodzie: Beza - Tradycja i Wiara\" \/>\n<meta property=\"og:description\" content=\"Kolejne \u015bwiadectwo na temat 12 pi\u0105tk\u00f3w o chlebie i wodzie.\" \/>\n<meta property=\"og:url\" content=\"https:\/\/wobronietradycjiiwiary.com\/en\/moje-doswiadczenie-z-praktyka-12-piatkow-o-chlebie-i-wodzie-beza\/\" \/>\n<meta property=\"og:site_name\" content=\"Tradycja i Wiara\" \/>\n<meta property=\"article:publisher\" content=\"https:\/\/www.facebook.com\/Tradycja-i-Wiara-108813920592249\" \/>\n<meta property=\"article:published_time\" content=\"2023-02-28T15:39:11+00:00\" \/>\n<meta property=\"article:modified_time\" content=\"2026-02-13T14:22:18+00:00\" \/>\n<meta property=\"og:image\" content=\"https:\/\/wobronietradycjiiwiary.com\/wp-content\/uploads\/2023\/02\/Tuse_kirke-butter-churning-wikipedia-1024x940.jpg\" \/>\n\t<meta property=\"og:image:width\" content=\"1024\" \/>\n\t<meta property=\"og:image:height\" content=\"940\" \/>\n\t<meta property=\"og:image:type\" content=\"image\/jpeg\" \/>\n<meta name=\"author\" content=\"Traditio et Fides\" \/>\n<meta name=\"twitter:card\" content=\"summary_large_image\" \/>\n<meta name=\"twitter:label1\" content=\"Written by\" \/>\n\t<meta name=\"twitter:data1\" content=\"Traditio et Fides\" \/>\n\t<meta name=\"twitter:label2\" content=\"Est. reading time\" \/>\n\t<meta name=\"twitter:data2\" content=\"4 minutes\" \/>\n<script type=\"application\/ld+json\" class=\"yoast-schema-graph\">{\"@context\":\"https:\\\/\\\/schema.org\",\"@graph\":[{\"@type\":\"Article\",\"@id\":\"https:\\\/\\\/wobronietradycjiiwiary.com\\\/moje-doswiadczenie-z-praktyka-12-piatkow-o-chlebie-i-wodzie-beza\\\/#article\",\"isPartOf\":{\"@id\":\"https:\\\/\\\/wobronietradycjiiwiary.com\\\/moje-doswiadczenie-z-praktyka-12-piatkow-o-chlebie-i-wodzie-beza\\\/\"},\"author\":{\"name\":\"Traditio et Fides\",\"@id\":\"https:\\\/\\\/wobronietradycjiiwiary.com\\\/pl\\\/#\\\/schema\\\/person\\\/2d6180ce6abcb681fef0daab7816e8f3\"},\"headline\":\"Moje do\u015bwiadczenie z praktyk\u0105 12 pi\u0105tk\u00f3w o chlebie i wodzie: Beza\",\"datePublished\":\"2023-02-28T15:39:11+00:00\",\"dateModified\":\"2026-02-13T14:22:18+00:00\",\"mainEntityOfPage\":{\"@id\":\"https:\\\/\\\/wobronietradycjiiwiary.com\\\/moje-doswiadczenie-z-praktyka-12-piatkow-o-chlebie-i-wodzie-beza\\\/\"},\"wordCount\":594,\"commentCount\":0,\"publisher\":{\"@id\":\"https:\\\/\\\/wobronietradycjiiwiary.com\\\/pl\\\/#organization\"},\"image\":{\"@id\":\"https:\\\/\\\/wobronietradycjiiwiary.com\\\/moje-doswiadczenie-z-praktyka-12-piatkow-o-chlebie-i-wodzie-beza\\\/#primaryimage\"},\"thumbnailUrl\":\"https:\\\/\\\/wobronietradycjiiwiary.com\\\/wp-content\\\/uploads\\\/2023\\\/02\\\/Tuse_kirke-butter-churning-wikipedia.jpg\",\"keywords\":[\"12 pi\u0105tk\u00f3w\",\"post\"],\"articleSection\":[\"12 pi\u0105tk\u00f3w o chlebie i wodzie\",\"Doktryna\",\"Duchowo\u015b\u0107\",\"Mistyka i pseudomistyka\",\"Objawienia prywatne\",\"Post\",\"Post - \u015bwiadectwo w\u0142asne\",\"Teologia moralna\"],\"inLanguage\":\"en-US\",\"potentialAction\":[{\"@type\":\"CommentAction\",\"name\":\"Comment\",\"target\":[\"https:\\\/\\\/wobronietradycjiiwiary.com\\\/moje-doswiadczenie-z-praktyka-12-piatkow-o-chlebie-i-wodzie-beza\\\/#respond\"]}]},{\"@type\":\"WebPage\",\"@id\":\"https:\\\/\\\/wobronietradycjiiwiary.com\\\/moje-doswiadczenie-z-praktyka-12-piatkow-o-chlebie-i-wodzie-beza\\\/\",\"url\":\"https:\\\/\\\/wobronietradycjiiwiary.com\\\/moje-doswiadczenie-z-praktyka-12-piatkow-o-chlebie-i-wodzie-beza\\\/\",\"name\":\"Moje do\u015bwiadczenie z praktyk\u0105 12 pi\u0105tk\u00f3w o chlebie i wodzie: Beza - Tradycja i Wiara\",\"isPartOf\":{\"@id\":\"https:\\\/\\\/wobronietradycjiiwiary.com\\\/pl\\\/#website\"},\"primaryImageOfPage\":{\"@id\":\"https:\\\/\\\/wobronietradycjiiwiary.com\\\/moje-doswiadczenie-z-praktyka-12-piatkow-o-chlebie-i-wodzie-beza\\\/#primaryimage\"},\"image\":{\"@id\":\"https:\\\/\\\/wobronietradycjiiwiary.com\\\/moje-doswiadczenie-z-praktyka-12-piatkow-o-chlebie-i-wodzie-beza\\\/#primaryimage\"},\"thumbnailUrl\":\"https:\\\/\\\/wobronietradycjiiwiary.com\\\/wp-content\\\/uploads\\\/2023\\\/02\\\/Tuse_kirke-butter-churning-wikipedia.jpg\",\"datePublished\":\"2023-02-28T15:39:11+00:00\",\"dateModified\":\"2026-02-13T14:22:18+00:00\",\"breadcrumb\":{\"@id\":\"https:\\\/\\\/wobronietradycjiiwiary.com\\\/moje-doswiadczenie-z-praktyka-12-piatkow-o-chlebie-i-wodzie-beza\\\/#breadcrumb\"},\"inLanguage\":\"en-US\",\"potentialAction\":[{\"@type\":\"ReadAction\",\"target\":[\"https:\\\/\\\/wobronietradycjiiwiary.com\\\/moje-doswiadczenie-z-praktyka-12-piatkow-o-chlebie-i-wodzie-beza\\\/\"]}]},{\"@type\":\"ImageObject\",\"inLanguage\":\"en-US\",\"@id\":\"https:\\\/\\\/wobronietradycjiiwiary.com\\\/moje-doswiadczenie-z-praktyka-12-piatkow-o-chlebie-i-wodzie-beza\\\/#primaryimage\",\"url\":\"https:\\\/\\\/wobronietradycjiiwiary.com\\\/wp-content\\\/uploads\\\/2023\\\/02\\\/Tuse_kirke-butter-churning-wikipedia.jpg\",\"contentUrl\":\"https:\\\/\\\/wobronietradycjiiwiary.com\\\/wp-content\\\/uploads\\\/2023\\\/02\\\/Tuse_kirke-butter-churning-wikipedia.jpg\",\"width\":1600,\"height\":1469},{\"@type\":\"BreadcrumbList\",\"@id\":\"https:\\\/\\\/wobronietradycjiiwiary.com\\\/moje-doswiadczenie-z-praktyka-12-piatkow-o-chlebie-i-wodzie-beza\\\/#breadcrumb\",\"itemListElement\":[{\"@type\":\"ListItem\",\"position\":1,\"name\":\"Strona g\u0142\u00f3wna\",\"item\":\"https:\\\/\\\/wobronietradycjiiwiary.com\\\/\"},{\"@type\":\"ListItem\",\"position\":2,\"name\":\"Moje do\u015bwiadczenie z praktyk\u0105 12 pi\u0105tk\u00f3w o chlebie i wodzie: Beza\"}]},{\"@type\":\"WebSite\",\"@id\":\"https:\\\/\\\/wobronietradycjiiwiary.com\\\/pl\\\/#website\",\"url\":\"https:\\\/\\\/wobronietradycjiiwiary.com\\\/pl\\\/\",\"name\":\"Tradycja i Wiara\",\"description\":\"Portal dla katolik\u00f3w.\",\"publisher\":{\"@id\":\"https:\\\/\\\/wobronietradycjiiwiary.com\\\/pl\\\/#organization\"},\"potentialAction\":[{\"@type\":\"SearchAction\",\"target\":{\"@type\":\"EntryPoint\",\"urlTemplate\":\"https:\\\/\\\/wobronietradycjiiwiary.com\\\/pl\\\/?s={search_term_string}\"},\"query-input\":{\"@type\":\"PropertyValueSpecification\",\"valueRequired\":true,\"valueName\":\"search_term_string\"}}],\"inLanguage\":\"en-US\"},{\"@type\":\"Organization\",\"@id\":\"https:\\\/\\\/wobronietradycjiiwiary.com\\\/pl\\\/#organization\",\"name\":\"Tradycja i Wiara\",\"url\":\"https:\\\/\\\/wobronietradycjiiwiary.com\\\/pl\\\/\",\"logo\":{\"@type\":\"ImageObject\",\"inLanguage\":\"en-US\",\"@id\":\"https:\\\/\\\/wobronietradycjiiwiary.com\\\/pl\\\/#\\\/schema\\\/logo\\\/image\\\/\",\"url\":\"https:\\\/\\\/i0.wp.com\\\/wobronietradycjiiwiary.com\\\/wp-content\\\/uploads\\\/2015\\\/10\\\/cropped-st-peters-dome-vatican.jpg?fit=940%2C198&ssl=1\",\"contentUrl\":\"https:\\\/\\\/i0.wp.com\\\/wobronietradycjiiwiary.com\\\/wp-content\\\/uploads\\\/2015\\\/10\\\/cropped-st-peters-dome-vatican.jpg?fit=940%2C198&ssl=1\",\"width\":940,\"height\":198,\"caption\":\"Tradycja i Wiara\"},\"image\":{\"@id\":\"https:\\\/\\\/wobronietradycjiiwiary.com\\\/pl\\\/#\\\/schema\\\/logo\\\/image\\\/\"},\"sameAs\":[\"https:\\\/\\\/www.facebook.com\\\/Tradycja-i-Wiara-108813920592249\"]},{\"@type\":\"Person\",\"@id\":\"https:\\\/\\\/wobronietradycjiiwiary.com\\\/pl\\\/#\\\/schema\\\/person\\\/2d6180ce6abcb681fef0daab7816e8f3\",\"name\":\"Traditio et Fides\",\"sameAs\":[\"https:\\\/\\\/traditionundglauben.com\"],\"url\":\"https:\\\/\\\/wobronietradycjiiwiary.com\\\/en\\\/author\\\/wobronietradycjiiwiary\\\/\"}]}<\/script>\n<!-- \/ Yoast SEO plugin. -->","yoast_head_json":{"title":"Moje do\u015bwiadczenie z praktyk\u0105 12 pi\u0105tk\u00f3w o chlebie i wodzie: Beza - Tradycja i Wiara","robots":{"index":"index","follow":"follow","max-snippet":"max-snippet:-1","max-image-preview":"max-image-preview:large","max-video-preview":"max-video-preview:-1"},"canonical":"https:\/\/wobronietradycjiiwiary.com\/en\/moje-doswiadczenie-z-praktyka-12-piatkow-o-chlebie-i-wodzie-beza\/","og_locale":"en_US","og_type":"article","og_title":"Moje do\u015bwiadczenie z praktyk\u0105 12 pi\u0105tk\u00f3w o chlebie i wodzie: Beza - Tradycja i Wiara","og_description":"Kolejne \u015bwiadectwo na temat 12 pi\u0105tk\u00f3w o chlebie i wodzie.","og_url":"https:\/\/wobronietradycjiiwiary.com\/en\/moje-doswiadczenie-z-praktyka-12-piatkow-o-chlebie-i-wodzie-beza\/","og_site_name":"Tradycja i Wiara","article_publisher":"https:\/\/www.facebook.com\/Tradycja-i-Wiara-108813920592249","article_published_time":"2023-02-28T15:39:11+00:00","article_modified_time":"2026-02-13T14:22:18+00:00","og_image":[{"width":1024,"height":940,"url":"https:\/\/wobronietradycjiiwiary.com\/wp-content\/uploads\/2023\/02\/Tuse_kirke-butter-churning-wikipedia-1024x940.jpg","type":"image\/jpeg"}],"author":"Traditio et Fides","twitter_card":"summary_large_image","twitter_misc":{"Written by":"Traditio et Fides","Est. reading time":"4 minutes"},"schema":{"@context":"https:\/\/schema.org","@graph":[{"@type":"Article","@id":"https:\/\/wobronietradycjiiwiary.com\/moje-doswiadczenie-z-praktyka-12-piatkow-o-chlebie-i-wodzie-beza\/#article","isPartOf":{"@id":"https:\/\/wobronietradycjiiwiary.com\/moje-doswiadczenie-z-praktyka-12-piatkow-o-chlebie-i-wodzie-beza\/"},"author":{"name":"Traditio et Fides","@id":"https:\/\/wobronietradycjiiwiary.com\/pl\/#\/schema\/person\/2d6180ce6abcb681fef0daab7816e8f3"},"headline":"Moje do\u015bwiadczenie z praktyk\u0105 12 pi\u0105tk\u00f3w o chlebie i wodzie: Beza","datePublished":"2023-02-28T15:39:11+00:00","dateModified":"2026-02-13T14:22:18+00:00","mainEntityOfPage":{"@id":"https:\/\/wobronietradycjiiwiary.com\/moje-doswiadczenie-z-praktyka-12-piatkow-o-chlebie-i-wodzie-beza\/"},"wordCount":594,"commentCount":0,"publisher":{"@id":"https:\/\/wobronietradycjiiwiary.com\/pl\/#organization"},"image":{"@id":"https:\/\/wobronietradycjiiwiary.com\/moje-doswiadczenie-z-praktyka-12-piatkow-o-chlebie-i-wodzie-beza\/#primaryimage"},"thumbnailUrl":"https:\/\/wobronietradycjiiwiary.com\/wp-content\/uploads\/2023\/02\/Tuse_kirke-butter-churning-wikipedia.jpg","keywords":["12 pi\u0105tk\u00f3w","post"],"articleSection":["12 pi\u0105tk\u00f3w o chlebie i wodzie","Doktryna","Duchowo\u015b\u0107","Mistyka i pseudomistyka","Objawienia prywatne","Post","Post - \u015bwiadectwo w\u0142asne","Teologia moralna"],"inLanguage":"en-US","potentialAction":[{"@type":"CommentAction","name":"Comment","target":["https:\/\/wobronietradycjiiwiary.com\/moje-doswiadczenie-z-praktyka-12-piatkow-o-chlebie-i-wodzie-beza\/#respond"]}]},{"@type":"WebPage","@id":"https:\/\/wobronietradycjiiwiary.com\/moje-doswiadczenie-z-praktyka-12-piatkow-o-chlebie-i-wodzie-beza\/","url":"https:\/\/wobronietradycjiiwiary.com\/moje-doswiadczenie-z-praktyka-12-piatkow-o-chlebie-i-wodzie-beza\/","name":"Moje do\u015bwiadczenie z praktyk\u0105 12 pi\u0105tk\u00f3w o chlebie i wodzie: Beza - Tradycja i Wiara","isPartOf":{"@id":"https:\/\/wobronietradycjiiwiary.com\/pl\/#website"},"primaryImageOfPage":{"@id":"https:\/\/wobronietradycjiiwiary.com\/moje-doswiadczenie-z-praktyka-12-piatkow-o-chlebie-i-wodzie-beza\/#primaryimage"},"image":{"@id":"https:\/\/wobronietradycjiiwiary.com\/moje-doswiadczenie-z-praktyka-12-piatkow-o-chlebie-i-wodzie-beza\/#primaryimage"},"thumbnailUrl":"https:\/\/wobronietradycjiiwiary.com\/wp-content\/uploads\/2023\/02\/Tuse_kirke-butter-churning-wikipedia.jpg","datePublished":"2023-02-28T15:39:11+00:00","dateModified":"2026-02-13T14:22:18+00:00","breadcrumb":{"@id":"https:\/\/wobronietradycjiiwiary.com\/moje-doswiadczenie-z-praktyka-12-piatkow-o-chlebie-i-wodzie-beza\/#breadcrumb"},"inLanguage":"en-US","potentialAction":[{"@type":"ReadAction","target":["https:\/\/wobronietradycjiiwiary.com\/moje-doswiadczenie-z-praktyka-12-piatkow-o-chlebie-i-wodzie-beza\/"]}]},{"@type":"ImageObject","inLanguage":"en-US","@id":"https:\/\/wobronietradycjiiwiary.com\/moje-doswiadczenie-z-praktyka-12-piatkow-o-chlebie-i-wodzie-beza\/#primaryimage","url":"https:\/\/wobronietradycjiiwiary.com\/wp-content\/uploads\/2023\/02\/Tuse_kirke-butter-churning-wikipedia.jpg","contentUrl":"https:\/\/wobronietradycjiiwiary.com\/wp-content\/uploads\/2023\/02\/Tuse_kirke-butter-churning-wikipedia.jpg","width":1600,"height":1469},{"@type":"BreadcrumbList","@id":"https:\/\/wobronietradycjiiwiary.com\/moje-doswiadczenie-z-praktyka-12-piatkow-o-chlebie-i-wodzie-beza\/#breadcrumb","itemListElement":[{"@type":"ListItem","position":1,"name":"Strona g\u0142\u00f3wna","item":"https:\/\/wobronietradycjiiwiary.com\/"},{"@type":"ListItem","position":2,"name":"Moje do\u015bwiadczenie z praktyk\u0105 12 pi\u0105tk\u00f3w o chlebie i wodzie: Beza"}]},{"@type":"WebSite","@id":"https:\/\/wobronietradycjiiwiary.com\/pl\/#website","url":"https:\/\/wobronietradycjiiwiary.com\/pl\/","name":"Tradycja i Wiara","description":"Portal dla katolik\u00f3w.","publisher":{"@id":"https:\/\/wobronietradycjiiwiary.com\/pl\/#organization"},"potentialAction":[{"@type":"SearchAction","target":{"@type":"EntryPoint","urlTemplate":"https:\/\/wobronietradycjiiwiary.com\/pl\/?s={search_term_string}"},"query-input":{"@type":"PropertyValueSpecification","valueRequired":true,"valueName":"search_term_string"}}],"inLanguage":"en-US"},{"@type":"Organization","@id":"https:\/\/wobronietradycjiiwiary.com\/pl\/#organization","name":"Tradycja i Wiara","url":"https:\/\/wobronietradycjiiwiary.com\/pl\/","logo":{"@type":"ImageObject","inLanguage":"en-US","@id":"https:\/\/wobronietradycjiiwiary.com\/pl\/#\/schema\/logo\/image\/","url":"https:\/\/i0.wp.com\/wobronietradycjiiwiary.com\/wp-content\/uploads\/2015\/10\/cropped-st-peters-dome-vatican.jpg?fit=940%2C198&ssl=1","contentUrl":"https:\/\/i0.wp.com\/wobronietradycjiiwiary.com\/wp-content\/uploads\/2015\/10\/cropped-st-peters-dome-vatican.jpg?fit=940%2C198&ssl=1","width":940,"height":198,"caption":"Tradycja i Wiara"},"image":{"@id":"https:\/\/wobronietradycjiiwiary.com\/pl\/#\/schema\/logo\/image\/"},"sameAs":["https:\/\/www.facebook.com\/Tradycja-i-Wiara-108813920592249"]},{"@type":"Person","@id":"https:\/\/wobronietradycjiiwiary.com\/pl\/#\/schema\/person\/2d6180ce6abcb681fef0daab7816e8f3","name":"Traditio et Fides","sameAs":["https:\/\/traditionundglauben.com"],"url":"https:\/\/wobronietradycjiiwiary.com\/en\/author\/wobronietradycjiiwiary\/"}]}},"jetpack_publicize_connections":[],"jetpack_sharing_enabled":true,"jetpack_likes_enabled":true,"jetpack_shortlink":"https:\/\/wp.me\/pc04Sd-mx1","jetpack-related-posts":[{"id":86128,"url":"https:\/\/wobronietradycjiiwiary.com\/en\/moje-doswiadczenie-z-praktyka-12-piatkow-o-chlebie-i-wodzie\/","url_meta":{"origin":86615,"position":0},"title":"Moje do\u015bwiadczenie z praktyk\u0105 12 pi\u0105tk\u00f3w o chlebie i wodzie: Traditio et Fides","author":"Traditio et Fides","date":"22 February 2023","format":false,"excerpt":"\u015awiadectwo autora, kt\u00f3ry praktykowa\u0142 przez rok 12 pi\u0105tk\u00f3w o chlebie i wodzie.","rel":"","context":"In &quot;12 pi\u0105tk\u00f3w o chlebie i wodzie&quot;","block_context":{"text":"12 pi\u0105tk\u00f3w o chlebie i wodzie","link":"https:\/\/wobronietradycjiiwiary.com\/en\/category\/duchowosc\/mistyka-i-pseudomistyka\/objawienia-prywatne\/12-piatkow-o-chlebie-i-wodzie\/"},"img":{"alt_text":"","src":"https:\/\/i0.wp.com\/wobronietradycjiiwiary.com\/wp-content\/uploads\/2023\/02\/Tuse_kirke-butter-churning-wikipedia.jpg?resize=350%2C200&ssl=1","width":350,"height":200,"srcset":"https:\/\/i0.wp.com\/wobronietradycjiiwiary.com\/wp-content\/uploads\/2023\/02\/Tuse_kirke-butter-churning-wikipedia.jpg?resize=350%2C200&ssl=1 1x, https:\/\/i0.wp.com\/wobronietradycjiiwiary.com\/wp-content\/uploads\/2023\/02\/Tuse_kirke-butter-churning-wikipedia.jpg?resize=525%2C300&ssl=1 1.5x, https:\/\/i0.wp.com\/wobronietradycjiiwiary.com\/wp-content\/uploads\/2023\/02\/Tuse_kirke-butter-churning-wikipedia.jpg?resize=700%2C400&ssl=1 2x, https:\/\/i0.wp.com\/wobronietradycjiiwiary.com\/wp-content\/uploads\/2023\/02\/Tuse_kirke-butter-churning-wikipedia.jpg?resize=1050%2C600&ssl=1 3x, https:\/\/i0.wp.com\/wobronietradycjiiwiary.com\/wp-content\/uploads\/2023\/02\/Tuse_kirke-butter-churning-wikipedia.jpg?resize=1400%2C800&ssl=1 4x"},"classes":[]},{"id":755,"url":"https:\/\/wobronietradycjiiwiary.com\/en\/czyzby-kolejny-lancuszek-12-zlotych-piatkow\/","url_meta":{"origin":86615,"position":1},"title":"Czy\u017cby kolejny \u0142a\u0144cuszek? 12 &#8220;z\u0142otych pi\u0105tk\u00f3w&#8221;.","author":"Traditio et Fides","date":"2 March 2014","format":false,"excerpt":"Uwagi na temat kolejnej, rzekomo cudownej praktyki religijnej, niestety nieautentycznej.","rel":"","context":"In &quot;12 pi\u0105tk\u00f3w o chlebie i wodzie&quot;","block_context":{"text":"12 pi\u0105tk\u00f3w o chlebie i wodzie","link":"https:\/\/wobronietradycjiiwiary.com\/en\/category\/duchowosc\/mistyka-i-pseudomistyka\/objawienia-prywatne\/12-piatkow-o-chlebie-i-wodzie\/"},"img":{"alt_text":"","src":"https:\/\/i0.wp.com\/wobronietradycjiiwiary.com\/wp-content\/uploads\/2014\/03\/S%C3%A9bastien_Bourdon_-_The_Beggars_-_WGA2943.jpg?resize=350%2C200&ssl=1","width":350,"height":200,"srcset":"https:\/\/i0.wp.com\/wobronietradycjiiwiary.com\/wp-content\/uploads\/2014\/03\/S%C3%A9bastien_Bourdon_-_The_Beggars_-_WGA2943.jpg?resize=350%2C200&ssl=1 1x, https:\/\/i0.wp.com\/wobronietradycjiiwiary.com\/wp-content\/uploads\/2014\/03\/S%C3%A9bastien_Bourdon_-_The_Beggars_-_WGA2943.jpg?resize=525%2C300&ssl=1 1.5x, https:\/\/i0.wp.com\/wobronietradycjiiwiary.com\/wp-content\/uploads\/2014\/03\/S%C3%A9bastien_Bourdon_-_The_Beggars_-_WGA2943.jpg?resize=700%2C400&ssl=1 2x"},"classes":[]},{"id":39445,"url":"https:\/\/wobronietradycjiiwiary.com\/en\/augustyn-arndt-s-j-odpusty-4-wladza-nadawania-odpustow-lub-krotka-ich-historia-2\/","url_meta":{"origin":86615,"position":2},"title":"Augustyn Arndt S.J.: \u201eOdpusty\u201c (4) W\u0142adza nadawania odpust\u00f3w lub kr\u00f3tka ich historia","author":"Traditio et Fides","date":"15 November 2020","format":false,"excerpt":"Na kolejnych stronach ks. Arndt SJ wzgl\u0119dnie niemiecki jezuita Beringer SJ, kt\u00f3rego Arndt t\u0142umaczy, przedstawia w\u0142adz\u0119 nadawania odpust\u00f3w, kt\u00f3ra nale\u017cy ostatecznie do papie\u017ca oraz za\u0142\u0105cza kr\u00f3tk\u0105 histori\u0119 odpust\u00f3w w Ko\u015bciele Katolickim. Doda\u0107 nale\u017cy, \u017ce wymienione przez autor\u00f3w w\u0142adze i mo\u017cliwo\u015bci nadawania odpust\u00f3w wymienione w roku 1890 przynajmniej od roku 1968\u2026","rel":"","context":"In &quot;ks. Arndt SJ&quot;","block_context":{"text":"ks. Arndt SJ","link":"https:\/\/wobronietradycjiiwiary.com\/en\/category\/doktryna\/teologia-dogmatyczna\/odpusty-sakramenty\/ks-arndt-sj\/"},"img":{"alt_text":"","src":"https:\/\/i0.wp.com\/wobronietradycjiiwiary.com\/wp-content\/uploads\/2015\/11\/jacopo_vignali_san_michele_arcangelo_libera_le_anime_del_purgatorio1-scaled.jpg?resize=350%2C200&ssl=1","width":350,"height":200,"srcset":"https:\/\/i0.wp.com\/wobronietradycjiiwiary.com\/wp-content\/uploads\/2015\/11\/jacopo_vignali_san_michele_arcangelo_libera_le_anime_del_purgatorio1-scaled.jpg?resize=350%2C200&ssl=1 1x, https:\/\/i0.wp.com\/wobronietradycjiiwiary.com\/wp-content\/uploads\/2015\/11\/jacopo_vignali_san_michele_arcangelo_libera_le_anime_del_purgatorio1-scaled.jpg?resize=525%2C300&ssl=1 1.5x, https:\/\/i0.wp.com\/wobronietradycjiiwiary.com\/wp-content\/uploads\/2015\/11\/jacopo_vignali_san_michele_arcangelo_libera_le_anime_del_purgatorio1-scaled.jpg?resize=700%2C400&ssl=1 2x, https:\/\/i0.wp.com\/wobronietradycjiiwiary.com\/wp-content\/uploads\/2015\/11\/jacopo_vignali_san_michele_arcangelo_libera_le_anime_del_purgatorio1-scaled.jpg?resize=1050%2C600&ssl=1 3x"},"classes":[]},{"id":7725,"url":"https:\/\/wobronietradycjiiwiary.com\/en\/augustyn-arndt-s-j-odpusty-4-wladza-nadawania-odpustow-lub-krotka-ich-historia\/","url_meta":{"origin":86615,"position":3},"title":"Augustyn Arndt S.J.: \u201eOdpusty\u201c (4) W\u0142adza nadawania odpust\u00f3w lub kr\u00f3tka ich historia","author":"Traditio et Fides","date":"21 November 2015","format":false,"excerpt":"Czas lektury: 7 minut Na kolejnych stronach ks. Arndt SJ wzgl\u0119dnie niemiecki jezuita Beringer SJ, kt\u00f3rego Arndt t\u0142umaczy, przedstawia w\u0142adz\u0119 nadawania odpust\u00f3w, kt\u00f3ra nale\u017cy ostatecznie do papie\u017ca oraz za\u0142\u0105cza kr\u00f3tk\u0105 histori\u0119 odpust\u00f3w w Ko\u015bciele Katolickim. Doda\u0107 nale\u017cy, \u017ce wymienione przez autor\u00f3w w\u0142adze i mo\u017cliwo\u015bci nadawania odpust\u00f3w wymienione w roku 1890\u2026","rel":"","context":"In &quot;ks. Arndt SJ&quot;","block_context":{"text":"ks. Arndt SJ","link":"https:\/\/wobronietradycjiiwiary.com\/en\/category\/doktryna\/teologia-dogmatyczna\/odpusty-sakramenty\/ks-arndt-sj\/"},"img":{"alt_text":"","src":"https:\/\/i0.wp.com\/wobronietradycjiiwiary.com\/wp-content\/uploads\/2015\/11\/jacopo_vignali_san_michele_arcangelo_libera_le_anime_del_purgatorio1-scaled.jpg?resize=350%2C200&ssl=1","width":350,"height":200,"srcset":"https:\/\/i0.wp.com\/wobronietradycjiiwiary.com\/wp-content\/uploads\/2015\/11\/jacopo_vignali_san_michele_arcangelo_libera_le_anime_del_purgatorio1-scaled.jpg?resize=350%2C200&ssl=1 1x, https:\/\/i0.wp.com\/wobronietradycjiiwiary.com\/wp-content\/uploads\/2015\/11\/jacopo_vignali_san_michele_arcangelo_libera_le_anime_del_purgatorio1-scaled.jpg?resize=525%2C300&ssl=1 1.5x, https:\/\/i0.wp.com\/wobronietradycjiiwiary.com\/wp-content\/uploads\/2015\/11\/jacopo_vignali_san_michele_arcangelo_libera_le_anime_del_purgatorio1-scaled.jpg?resize=700%2C400&ssl=1 2x, https:\/\/i0.wp.com\/wobronietradycjiiwiary.com\/wp-content\/uploads\/2015\/11\/jacopo_vignali_san_michele_arcangelo_libera_le_anime_del_purgatorio1-scaled.jpg?resize=1050%2C600&ssl=1 3x"},"classes":[]},{"id":79990,"url":"https:\/\/wobronietradycjiiwiary.com\/en\/augustyn-arndt-s-j-odpusty-4-wladza-nadawania-odpustow-lub-krotka-ich-historia-3\/","url_meta":{"origin":86615,"position":4},"title":"Augustyn Arndt S.J.: \u201eOdpusty\u201c (4) W\u0142adza nadawania odpust\u00f3w lub kr\u00f3tka ich historia","author":"Traditio et Fides","date":"5 November 2022","format":false,"excerpt":"Czas lektury: 7 minut Na kolejnych stronach ks. Arndt SJ wzgl\u0119dnie niemiecki jezuita Beringer SJ, kt\u00f3rego Arndt t\u0142umaczy, przedstawia w\u0142adz\u0119 nadawania odpust\u00f3w, kt\u00f3ra nale\u017cy ostatecznie do papie\u017ca oraz za\u0142\u0105cza kr\u00f3tk\u0105 histori\u0119 odpust\u00f3w w Ko\u015bciele Katolickim. Doda\u0107 nale\u017cy, \u017ce wymienione przez autor\u00f3w w\u0142adze i mo\u017cliwo\u015bci nadawania odpust\u00f3w wymienione w roku 1890\u2026","rel":"","context":"In &quot;ks. Arndt SJ&quot;","block_context":{"text":"ks. Arndt SJ","link":"https:\/\/wobronietradycjiiwiary.com\/en\/category\/doktryna\/teologia-dogmatyczna\/odpusty-sakramenty\/ks-arndt-sj\/"},"img":{"alt_text":"","src":"https:\/\/i0.wp.com\/wobronietradycjiiwiary.com\/wp-content\/uploads\/2015\/11\/jacopo_vignali_san_michele_arcangelo_libera_le_anime_del_purgatorio1-scaled.jpg?resize=350%2C200&ssl=1","width":350,"height":200,"srcset":"https:\/\/i0.wp.com\/wobronietradycjiiwiary.com\/wp-content\/uploads\/2015\/11\/jacopo_vignali_san_michele_arcangelo_libera_le_anime_del_purgatorio1-scaled.jpg?resize=350%2C200&ssl=1 1x, https:\/\/i0.wp.com\/wobronietradycjiiwiary.com\/wp-content\/uploads\/2015\/11\/jacopo_vignali_san_michele_arcangelo_libera_le_anime_del_purgatorio1-scaled.jpg?resize=525%2C300&ssl=1 1.5x, https:\/\/i0.wp.com\/wobronietradycjiiwiary.com\/wp-content\/uploads\/2015\/11\/jacopo_vignali_san_michele_arcangelo_libera_le_anime_del_purgatorio1-scaled.jpg?resize=700%2C400&ssl=1 2x, https:\/\/i0.wp.com\/wobronietradycjiiwiary.com\/wp-content\/uploads\/2015\/11\/jacopo_vignali_san_michele_arcangelo_libera_le_anime_del_purgatorio1-scaled.jpg?resize=1050%2C600&ssl=1 3x"},"classes":[]},{"id":53483,"url":"https:\/\/wobronietradycjiiwiary.com\/en\/sw-alfons-liguori-przewodnik-spowiednika-11-2\/","url_meta":{"origin":86615,"position":5},"title":"\u015aw. Alfons Liguori, Przewodnik spowiednika (12) Odpowiednia pokuta","author":"Traditio et Fides","date":"14 October 2021","format":false,"excerpt":"Zbyt surowe pokuty prowadz\u0105 do zniech\u0119cenia penitenta i do ca\u0142kowitego zw\u0105tpienia we w\u0142asne si\u0142y.","rel":"","context":"In &quot;\"Przewodnik spowiednika\"&quot;","block_context":{"text":"\"Przewodnik spowiednika\"","link":"https:\/\/wobronietradycjiiwiary.com\/en\/category\/duchowosc\/autorzy\/sw-alfons-liguori\/przewodnik-spowiednika\/"},"img":{"alt_text":"","src":"https:\/\/i0.wp.com\/wobronietradycjiiwiary.com\/wp-content\/uploads\/2021\/07\/confession_painting.jpg?resize=350%2C200&ssl=1","width":350,"height":200,"srcset":"https:\/\/i0.wp.com\/wobronietradycjiiwiary.com\/wp-content\/uploads\/2021\/07\/confession_painting.jpg?resize=350%2C200&ssl=1 1x, https:\/\/i0.wp.com\/wobronietradycjiiwiary.com\/wp-content\/uploads\/2021\/07\/confession_painting.jpg?resize=525%2C300&ssl=1 1.5x, https:\/\/i0.wp.com\/wobronietradycjiiwiary.com\/wp-content\/uploads\/2021\/07\/confession_painting.jpg?resize=700%2C400&ssl=1 2x, https:\/\/i0.wp.com\/wobronietradycjiiwiary.com\/wp-content\/uploads\/2021\/07\/confession_painting.jpg?resize=1050%2C600&ssl=1 3x"},"classes":[]}],"amp_enabled":true,"jetpack_featured_media_url":"https:\/\/wobronietradycjiiwiary.com\/wp-content\/uploads\/2023\/02\/Tuse_kirke-butter-churning-wikipedia.jpg","_links":{"self":[{"href":"https:\/\/wobronietradycjiiwiary.com\/en\/wp-json\/wp\/v2\/posts\/86615","targetHints":{"allow":["GET"]}}],"collection":[{"href":"https:\/\/wobronietradycjiiwiary.com\/en\/wp-json\/wp\/v2\/posts"}],"about":[{"href":"https:\/\/wobronietradycjiiwiary.com\/en\/wp-json\/wp\/v2\/types\/post"}],"author":[{"embeddable":true,"href":"https:\/\/wobronietradycjiiwiary.com\/en\/wp-json\/wp\/v2\/users\/60508433"}],"replies":[{"embeddable":true,"href":"https:\/\/wobronietradycjiiwiary.com\/en\/wp-json\/wp\/v2\/comments?post=86615"}],"version-history":[{"count":22,"href":"https:\/\/wobronietradycjiiwiary.com\/en\/wp-json\/wp\/v2\/posts\/86615\/revisions"}],"predecessor-version":[{"id":160844,"href":"https:\/\/wobronietradycjiiwiary.com\/en\/wp-json\/wp\/v2\/posts\/86615\/revisions\/160844"}],"wp:featuredmedia":[{"embeddable":true,"href":"https:\/\/wobronietradycjiiwiary.com\/en\/wp-json\/wp\/v2\/media\/86163"}],"wp:attachment":[{"href":"https:\/\/wobronietradycjiiwiary.com\/en\/wp-json\/wp\/v2\/media?parent=86615"}],"wp:term":[{"taxonomy":"category","embeddable":true,"href":"https:\/\/wobronietradycjiiwiary.com\/en\/wp-json\/wp\/v2\/categories?post=86615"},{"taxonomy":"post_tag","embeddable":true,"href":"https:\/\/wobronietradycjiiwiary.com\/en\/wp-json\/wp\/v2\/tags?post=86615"}],"curies":[{"name":"wp","href":"https:\/\/api.w.org\/{rel}","templated":true}]}}