{"id":86360,"date":"2023-03-08T08:15:09","date_gmt":"2023-03-08T07:15:09","guid":{"rendered":"https:\/\/wobronietradycjiiwiary.com\/?p=86360"},"modified":"2025-02-10T11:52:09","modified_gmt":"2025-02-10T10:52:09","slug":"8-go-marca-zywot-swietego-jana-bozego-zalozyciela-zakonu-2-2","status":"publish","type":"post","link":"https:\/\/wobronietradycjiiwiary.com\/en\/8-go-marca-zywot-swietego-jana-bozego-zalozyciela-zakonu-2-2\/","title":{"rendered":"8-go Marca. \u017bywot \u015bwi\u0119tego Jana Bo\u017cego, Za\u0142o\u017cyciela Zakonu."},"content":{"rendered":"<div id=\"bsf_rt_marker\"><\/div>\n<p class=\"has-text-align-center wp-block-paragraph\"><em>(\u017by\u0142 oko\u0142o roku Pa\u0144skiego 1550).<\/em><\/p>\n\n\n\n<figure class=\"wp-block-image\"><a href=\"https:\/\/pl.wikisource.org\/wiki\/Plik:%C5%BBywoty_%C5%9Bw._Pa%C5%84skich_na_wszystkie_dnie_roku-Inicja%C5%82-U.png\"><img decoding=\"async\" src=\"https:\/\/upload.wikimedia.org\/wikipedia\/commons\/thumb\/5\/5b\/%C5%BBywoty_%C5%9Bw._Pa%C5%84skich_na_wszystkie_dnie_roku-Inicja%C5%82-U.png\/57px-%C5%BBywoty_%C5%9Bw._Pa%C5%84skich_na_wszystkie_dnie_roku-Inicja%C5%82-U.png\" alt=\"U\"\/><\/a><\/figure>\n\n\n\n<p class=\"has-text-align-justify wp-block-paragraph\">Urodzi\u0142 si\u0119 w roku 1495 w Portugalii z ubogich ale bogobojnych rodzic\u00f3w. Od samej m\u0142odo\u015bci czuj\u0105c sk\u0142onno\u015b\u0107 do w\u0119dr\u00f3wki po \u015bwiecie, z cz\u0142owiekiem jakim\u015b uciek\u0142 potajemnie z domu rodzicielskiego i prowadzi\u0142 bardzo burzliwy \u017cywot a\u017c do 40-go roku \u017cycia swojego. Pasa\u0142 najprz\u00f3d owce, potem wst\u0105pi\u0142 do wojska i walczy\u0142 przeciw Francuzom, p\u00f3\u017aniej wzi\u0105\u0142 nawet udzia\u0142 w bitwie przeciw Turkom. To niespokojne \u017cycie przyt\u0142umi\u0142o w nim wyniesione z domu uczucia religijne. Zdzicza\u0142 i przez z\u0142ych towarzyszy na z\u0142\u0105 wprowadzony drog\u0119, odda\u0142 si\u0119 zupe\u0142nie rozpu\u015bcie. Wr\u00f3ciwszy od wojska do ojczyzny, dowiedzia\u0142 si\u0119 z \u017calem, \u017ce rodzice ju\u017c dawno nie&nbsp;\u017cyj\u0105 i pomarli ze smutku nad ucieczk\u0105 syna. Znowu przeto pasa\u0142 owce, a maj\u0105c czas do rozwa\u017cania, pocz\u0105\u0142 si\u0119 zastanawia\u0107 nad swem grzesznem \u017cyciem i \u015brodkami, jakby wszystko naprawi\u0107. Uda\u0142 si\u0119 przeto nasamprz\u00f3d do Afryki w zamiarze s\u0142u\u017cenia nieszcz\u0119\u015bliwym je\u0144com. Na okr\u0119cie zgodzi\u0142 si\u0119 jako s\u0142uga do pewnego szlachcica, kt\u00f3ry wygnany z kraju, udawa\u0142 si\u0119 tak\u017ce z rodzin\u0105 do Afryki. Po wyl\u0105dowaniu wygnana rodzina zachorowa\u0142a, a szczup\u0142e jej zapasy wnet si\u0119 wyczerpa\u0142y. Gdyby nie Jan, byliby wszyscy marnie zgin\u0119li. Ale Jan ofiarowa\u0142 im w\u0142asne zasoby, a gdy i te si\u0119 wyczerpa\u0142y, przyj\u0105\u0142 obowi\u0105zek robotnika, i zarobek obraca\u0142 na wy\u017cywienie nieszcz\u0119\u015bliwych wygna\u0144c\u00f3w. Po kilku latach zwierzy\u0142 si\u0119 swemu spowiednikowi, \u017ce si\u0119 chce uda\u0107 w g\u0142\u0105b Afryki i \u0142agodzi\u0107 los nieszcz\u0119\u015bliwych niewolnik\u00f3w. Spowiednik odradza\u0142 mu to, m\u00f3wi\u0105c, \u017ce niewolnikom nic nie pomo\u017ce, a sam niechybnie utraci \u017cycie; niech raczej wraca do ojczyzny, a zajmie si\u0119 jak\u0105 u\u017cyteczn\u0105 prac\u0105.<br><a href=\"https:\/\/pl.wikisource.org\/wiki\/Plik:%C5%BBywoty_%C5%9Bw._Pa%C5%84skich_na_wszystkie_dnie_roku-picture_p._229.jpg\"><\/a>\u015awi\u0119ty Jan Bo\u017cy.<\/p>\n\n\n\n<p class=\"has-text-align-justify wp-block-paragraph\">\u2009Jan us\u0142ucha\u0142, wr\u00f3ci\u0142 do Hiszpanii i osiad\u0142 w mie\u015bcie Granadzie, gdzie pocz\u0105\u0142 handlowa\u0107 buduj\u0105cemi ksi\u0105\u017ckami i religijnymi obrazkami.<sup><a href=\"https:\/\/pl.wikisource.org\/wiki\/%C5%BBywot_%C5%9Bwi%C4%99tego_Jana_Bo%C5%BCego,_Za%C5%82o%C5%BCyciela_Zakonu#cite_note-1\">[1]<\/a><\/sup>\u00a0W sam\u0105 uroczysto\u015b\u0107 \u015bwi\u0119tego Sebastyana, roku 1539 by\u0142 na kazaniu s\u0142ynnego kaznodziei hiszpa\u0144skiego, Jana z Avila. Kaznodzieja m\u00f3wi\u0142, \u017ce chrze\u015bcijanin raczej \u015bmier\u0107 m\u0119cze\u0144sk\u0105 ponie\u015b\u0107 winien, jak \u015bwi\u0119ty Sebastyan, ani\u017celi Boga, najwy\u017csze Dobro, obrazi\u0107. S\u0142owa te silne zrobi\u0142y wra\u017cenie na Janie. G\u0142o\u015bno przeto westchn\u0105wszy, zawo\u0142a\u0142: \u201eMi\u0142osierdzia, o Panie, mi\u0142osierdzia!\u201c Pobieg\u0142szy nast\u0119pnie do domu, rozda\u0142 ca\u0142e swoje mienie mi\u0119dzy ubogich, ksi\u0105\u017cki tre\u015bci niemoralnej spali\u0142, a potem udawszy si\u0119 na najwi\u0119cej o\u017cywion\u0105 ulic\u0119, bi\u0142 si\u0119 w piersi, g\u0142o\u015bno wo\u0142aj\u0105c: \u201eMi\u0142osierny Panie, b\u0105d\u017a mi\u0142o\u015bciw mnie grzesznemu!\u201c Rzuca\u0142 si\u0119 na ziemi\u0119, dar\u0142 sobie w\u0142osy, tarza\u0142 si\u0119 w b\u0142ocie. Lud i ulicznicy wo\u0142ali ze \u015bmiechem: \u201eOto waryat, waryat!\u201c I gonili za nim, rzucaj\u0105c na\u0144 b\u0142otem i kamieniami, lecz on si\u0119 nie broni\u0142, wo\u0142aj\u0105c: \u201eDobrze czynicie, na wi\u0119ksz\u0105 jeszcze zel\u017cywo\u015b\u0107 i wzgard\u0119 zas\u0142u\u017cy\u0142em, ja, kt\u00f3ry pogardzi\u0142em Bogiem i zniewa\u017cy\u0142em Go.\u201c Lito\u015bciwi obywatele zaprowadzili go do domu ob\u0142\u0105kanych, gdzie lekarze okrutnie przez o\u015bm miesi\u0119cy z nim si\u0119 obchodzili, by go z ob\u0142\u0105kania wyleczy\u0107. Bez najmniejszej skargi wszystko to znosi\u0142 za pokut\u0119, a potem da\u0142 pozna\u0107, \u017ce jest przy zdrowym rozumie, i przez niejaki czas sam pomaga\u0142 chorych opatrywa\u0107, poczem przedsi\u0119wzi\u0105\u0142 ca\u0142kiem po\u015bwi\u0119ci\u0107 si\u0119 s\u0142u\u017cbie chorych.<\/p>\n\n\n\n<p class=\"has-text-align-justify wp-block-paragraph\"><br>\u2009Pobo\u017cne swe przedsi\u0119wzi\u0119cie rozpocz\u0105\u0142 od tego, \u017ce chodzi\u0142 codziennie do lasu, zbiera\u0142 drewka, sprzedawa\u0142 je na rynku, a zebranemi pieni\u0119dzmi wspomaga\u0142 ubogich. Kiedy pewnego razu uskar\u017ca\u0142 si\u0119 w modlitwie Naj\u015bw. Maryi Pannie, ukaza\u0142a mu si\u0119, i w\u0142o\u017cy\u0142a mu na g\u0142ow\u0119 cierniow\u0105 koron\u0119, na znak, \u017ce przez liczne utrapienia wnijdzie do Kr\u00f3leswa niebieskiego. W cicho\u015bci pe\u0142nione mi\u0142osierne Jego uczynki zjedna\u0142y mu dobrodziej\u00f3w, za kt\u00f3rych pomoc\u0105 m\u00f3g\u0142 naj\u0105\u0107 dom\u00a0maj\u0105cy s\u0142u\u017cy\u0107 na szpital z 40 \u0142\u00f3\u017ckami. Chorzy musieli odby\u0107 spowied\u017c, a potem cierpienia swe znosi\u0107 w chrze\u015bcija\u0144skiej pokorze. Co wiecz\u00f3r wychodzi\u0142 z koszem na plecach i w ka\u017cdej r\u0119ce maj\u0105c garnek, zbiera\u0142 ja\u0142mu\u017cn\u0119, kt\u00f3rej mu hojnie udzielano. Gorliwo\u015b\u0107 jego w piel\u0119gnowaniu chorych tak si\u0119 wszystkim podoba\u0142a, \u017ce Don Sebastyan, Biskup z Tuy, nada\u0142 mu przydomek: \u201eJan Bo\u017cy\u201c, a szlachta i obywatele dopomogli mu do wybudowania obszernego gmachu szpitalnego, i kilku m\u0119\u017c\u00f3w dobrowolnie stawi\u0142o si\u0119 do us\u0142ugiwania chorym pod jego kierownictwem. Tak powsta\u0142 zakon: \u201eMi\u0142osiernych Braci\u201c, kt\u00f3ry Papie\u017c Pius V roku 1578 potwierdzi\u0142 i nada\u0142 mu regu\u0142\u0119 \u015bw. Augustyna. Dzi\u015b zakon ten po ca\u0142ym \u015bwiecie jest rozpowszechniony.<\/p>\n\n\n\n<p class=\"has-text-align-justify wp-block-paragraph\"><br>\u2009Jan nie ogranicza\u0142 swej dzia\u0142alno\u015bci tylko na szpitalu, wchodzi\u0142 tak\u017ce do chat i jam ludzkiej n\u0119dzy. Z\u0142o\u015bliwo\u015b\u0107 ludzka prze\u015bladowa\u0142a go podejrzywaniem, niewdzi\u0119czno\u015bci\u0105, ale Jan wszystko zwyci\u0119\u017cy\u0142 cnotliwo\u015bci\u0105 swoj\u0105. Kiedy go kto zel\u017cy\u0142, mawia\u0142: \u201eBracie, pr\u0119dzej czy p\u00f3\u017aniej odpu\u015bci\u0107 ci musz\u0119, dlatego ju\u017c teraz odpuszczam ci z ca\u0142ego serca!\u201c Pewnego razu znalaz\u0142 na drodze na p\u00f3\u0142 nie\u017cywego cz\u0142owieka. Wzi\u0105wszy go na barki, zani\u00f3s\u0142 do szpitala, gdzie mu wed\u0142ug zwyczaju umywszy nogi i uca\u0142owawszy takowe, ze zdumieniem ujrza\u0142 znaki od przebicia gwo\u017ad\u017ami. Spojrza\u0142 na chorego, a ten u\u015bmiechn\u0105wszy si\u0119 mile, rzecze: \u201eJanie, cokolwiek biednym czynisz w Imi\u0119 Moje, Mnie czynisz.\u201c Po tych s\u0142owach znikn\u0105\u0142, a szpital ca\u0142y ogarn\u0119\u0142a taka jasno\u015b\u0107, \u017ce chorzy zerwawszy si\u0119, pocz\u0119li wo\u0142a\u0107, \u017ce gore. Kiedy jednego czasu rzeczywi\u015bcie ogie\u0144 wybuch\u0142 i nikt nie chcia\u0142 si\u0119 odwa\u017cy\u0107 na ratowanie chorych, Jan rzuci\u0142 si\u0119 w p\u0142omienie i wyni\u00f3s\u0142 pojedynczo wszystkich niemoc\u0105 z\u0142o\u017conych, nie doznawszy innego uszkodzenia, jak opalenia brwi.<\/p>\n\n\n\n<p class=\"has-text-align-justify wp-block-paragraph\"><br>\u2009Chc\u0105c naprawi\u0107 szkody wyrz\u0105dzone po\u017carem, musia\u0142 znowu zbiera\u0107 ja\u0142mu\u017cn\u0119. Zbytnie nat\u0119\u017cenie wyczerpa\u0142o wnet si\u0142y jego. \u015amiertelnie chory na serce, le\u017ca\u0142 w szpitalu, maj\u0105c kosz do zbierania ja\u0142mu\u017cn pod g\u0142ow\u0105, i przykryty habitem. Jaka\u015b pani wesz\u0142a do niego, i z polecenia Arcybiskupa wskaza\u0142a mu, aby si\u0119 uda\u0142 na piel\u0119gnowanie do jej domu. Jan bez oci\u0105gania si\u0119 us\u0142ucha\u0142, lubo mu by\u0142o \u017cal szpital opuszcza\u0107. Opatrzony Sakramentami \u015bw., prosi\u0142 dozorc\u00f3w, by go pozostawili samego. Kiedy po niejakim czasie weszli, zastali go ubranego i kl\u0119cz\u0105cego, ale ju\u017c nie\u017cywego. By\u0142o to r. 1550. Papie\u017c Urban VIII og\u0142osi\u0142 go w roku 1630 \u201eB\u0142ogos\u0142awionym\u201c, a Aleksander VIII w roku 1690 \u201e\u015awi\u0119tym.\u201c Tysi\u0105ce tysi\u0119cy wylewaj\u0105 ustawicznie \u0142zy wdzi\u0119czno\u015bci po szpitalach, gdzie znajduj\u0105 duchow\u0105 i cielesn\u0105 opiek\u0119.<\/p>\n\n\n\n<h2 class=\"wp-block-heading\"><strong>Nauka moralna.<\/strong><\/h2>\n\n\n\n<p class=\"has-text-align-justify wp-block-paragraph\">\u2009Wzruszaj\u0105ce kazanie zrobi\u0142o na Janie Bo\u017cym tak silne wra\u017cenie, \u017ce rozdawszy sw\u0105 w\u0142asno\u015b\u0107, odda\u0142 si\u0119 ca\u0142kiem pokucie, wiod\u0105c odt\u0105d \u017cycie bogobojne i ofiaruj\u0105c swe us\u0142ugi ubogim. I w nas winno rozwa\u017canie z\u0142o\u015bliwo\u015bci i z\u0142ych nast\u0119pstw grzechu \u015bmiertelnego podobne wywo\u0142a\u0107 skutki. Jednak\u017ce nie dosy\u0107 jest do usprawiedliwienia si\u0119 przed Bogiem by\u0107 wolnym od grzechu, ale potrzeba jeszcze mie\u0107 dobre uczynki, aby jako niepo\u017cyteczne drzewo nie by\u0107 w ogie\u0144 wrzuconym. Nie dosy\u0107 tak\u017ce jest szczerze si\u0119 nawr\u00f3ci\u0107, do grzech\u00f3w wi\u0119cej nie wraca\u0107, gniewa\u0107 si\u0119 na siebie, w niczem sobie nie pob\u0142a\u017ca\u0107, mie\u0107 skruch\u0119 i ustami grzechy wyzna\u0107, ale potrzeba jeszcze i owoc\u00f3w godnych pokuty. Lekarze, lecz\u0105c choroby cia\u0142a, u\u017cywaj\u0105 lekarstw, kt\u00f3re s\u0105 przeciwne chorobie; tak i od nas Pan B\u00f3g wymaga, m\u00f3wi \u015bwi\u0119ty Grzegorz, aby\u015bmy, lecz\u0105c przez grzechy zadane rany duszy naszej, wype\u0142niali cnoty przeciwne grzechom, a\u017ceby nieczysty po nawr\u00f3ceniu by\u0142 najczystszym i \u0107wiczy\u0142 si\u0119 w umiarkowaniu cia\u0142a; sk\u0105piec z krzywd\u0105 bli\u017anich do zbior\u00f3w przyzwyczajony, odt\u0105d by\u0142 dla ubogich hojnym; gniewliwy s\u0142odkim i \u0142agodnym, pyszny za\u015b, pokornym. Je\u017celi jeste\u015bmy z liczby wybranych, powinni\u015bmy si\u0119 ci\u0105gle \u0107wiczy\u0107 w dobrych uczynkach, aby nas nieprzestannie wspiera\u0142a \u0142aska Boska. Nie wystarczy te\u017c do zbawienia by\u0107 cnotliwym przez pewien czas i zostawa\u0107 kilka lat w \u0142asce Boskiej, ale potrzeba wytrwa\u0107 w dobrem a\u017c do ko\u0144ca; a \u017ce to wytrwanie jest szczeg\u00f3lnym darem Boskim, przeto B\u00f3g udziela go tylko \u015bwi\u0119tobliwie \u017cyj\u0105cym i w dobrych uczynkach si\u0119 \u0107wicz\u0105cym. Id\u017amy przeto za przyk\u0142adem tego \u015awi\u0119tego, aby\u015bmy po \u017cyciu doczesnem otrzymali wieczn\u0105\u00a0nagrod\u0119. Niech s\u0142abo\u015b\u0107 nasza nie s\u0142u\u017cy nam za wym\u00f3wk\u0119, \u017ce nie mo\u017cemy wykonywa\u0107 dobrych uczynk\u00f3w: pracujmy, p\u00f3ki czas mamy, nim dzie\u0144 nadejdzie, w kt\u00f3rym niepo\u017cyteczne drzewo b\u0119dzie wyci\u0119te na spalenie; pracujmy tak, aby wszystkie sprawy nasze zas\u0142ugiwa\u0142y na wieczno\u015b\u0107 szcz\u0119\u015bliw\u0105.<\/p>\n\n\n\n<p class=\"has-text-align-justify wp-block-paragraph\"><br><strong>Modlitwa.<\/strong><\/p>\n\n\n\n<blockquote class=\"wp-block-quote is-layout-flow wp-block-quote-is-layout-flow\"><p>\u2009Bo\u017ce, kt\u00f3ry\u015b \u015bwi\u0119tego Jana, mi\u0142o\u015bci\u0105 Twoj\u0105 zapalonego, bez szkody uchowa\u0142, gdy w\u015br\u00f3d p\u0142omieni przebywa\u0142, jako te\u017c przez niego Ko\u015bci\u00f3\u0142 Tw\u00f3j nowem Zgromadzeniem zakonnem wzbogaci\u0142; spraw mi\u0142o\u015bciwie przez wzgl\u0105d na jego zas\u0142ugi, aby p\u0142omie\u0144 Twojej mi\u0142o\u015bci wyniszczy\u0142 w nas grzechy nasze, a po\u015brednictwo jego wyjedna\u0142o nam ratunek wiekuisty. Przez Pana naszego Jezusa Chrystusa, kt\u00f3ry kr\u00f3luje w Niebie i na ziemi. A.<\/p><\/blockquote>\n\n\n\n<figure class=\"wp-block-table\"><table><tbody><tr><td>\u2217&nbsp;&nbsp;&nbsp;&nbsp;&nbsp;&nbsp;&nbsp;&nbsp;&nbsp;&nbsp;&nbsp;&nbsp;&nbsp;&nbsp;&nbsp;&nbsp;&nbsp;&nbsp;&nbsp;&nbsp;\u2217<br>\u2217<\/td><\/tr><\/tbody><\/table><\/figure>\n\n\n\n<p class=\"wp-block-paragraph\"><em>Opr\u00f3cz tego obchodzi Ko\u015bci\u00f3\u0142 \u015bwi\u0119ty pami\u0105tk\u0119 nast\u0119puj\u0105cych \u015awi\u0119tych Pa\u0144skich, zamieszczonych w rzymskiem martyrologium:<\/em><\/p>\n\n\n\n<p class=\"has-text-align-justify wp-block-paragraph\">\u2009<strong>Dnia 8-go marca<\/strong>&nbsp;w Granadzie w Hiszpanii \u015bw.&nbsp;\u2009o, Za\u0142o\u017cyciela Zakonu Braci Mi\u0142osierdzia, kt\u00f3ry odznaczy\u0142 si\u0119 wielk\u0105 \u0142agodno\u015bci\u0105 wobec ubogich i ca\u0142kowitem zaparciem si\u0119 siebie. Ojciec \u015bwi\u0119ty Leon XIII og\u0142osi\u0142 go Patronem wszystkich szpitali i chorych. \u2014 W Antinous w Egipcie dzie\u0144 zgonu \u015bw.&nbsp;Filemona&nbsp;i Dyakona \u015bw.&nbsp;Apoloniusza; schwytani i zaprowadzeni przed s\u0119dziego, obydwaj stanowczo si\u0119 wzbraniali ofiar\u0119 z\u0142o\u017cy\u0107 bo\u017ckom, za co przewiercono im pi\u0119ty i wleczono przez miasto, a\u017c wko\u0144cu m\u0119cze\u0144stwo swe zako\u0144czyli pod mieczem katowskim. \u2014 Tam\u017ce m\u0119cze\u0144stwo namiestnika \u015bw.&nbsp;Aryanusa&nbsp;i \u015bw.&nbsp;Teotikusa&nbsp;z trzema innymi, kt\u00f3rzy na rozkaz s\u0119dziego wszyscy w morzu utopieni zostali. Ich \u015bwi\u0119te cia\u0142a przyniesione zosta\u0142y na brzeg przez delfin\u00f3w. \u2014 W Nikomedyi \u015bwi\u0119tego&nbsp;Kwinktilisa, Biskupa i M\u0119czennika. \u2014 W Kartago Dyakona&nbsp;Poncyusza, kt\u00f3ry razem z owym Biskupem \u015bw. Cypryanem a\u017c do jego \u015bmierci m\u0119cze\u0144skiej dzieli\u0142 \u017cycie wygna\u0144cze, zostawiaj\u0105c po sobie wspania\u0142y opis \u017cywotu \u015bw. Cypryana i jego m\u0119cze\u0144stwa. On sam w swych utrapieniach bezustannie chwali\u0142 Pana i zdoby\u0142 sobie koron\u0119 \u017cywota wiecznego. \u2014 W Afryce Biskupa \u015bw.&nbsp;Cyrylusa, \u015bw.&nbsp;Rogatusa, Feliksa&nbsp;i jeszcze drugiego&nbsp;Rogatusa; tak\u017ce \u015bw.&nbsp;Beaty, Herenii i Felicyty, jako te\u017c \u015bw.&nbsp;Urbana, Sylwanusa i Mamilusa. \u2014 W Toledo w Hiszpanii pochowanie \u015bw.&nbsp;Juliana, Biskupa i Wyznawcy, kt\u00f3ry przez \u015bwi\u0119tobliwo\u015b\u0107 swego \u017cywota, jako te\u017c przez sw\u0105 g\u0142\u0119bok\u0105 nauk\u0119 wielce zas\u0142yn\u0105\u0142. \u2014 W Anglii \u015bw.&nbsp;Feliksa, Biskupa, kt\u00f3ry Anglosas\u00f3w nawr\u00f3ci\u0142 do wiary chrze\u015bcija\u0144skiej.<\/p>\n","protected":false},"excerpt":{"rendered":"<p>Ile\u017c przyg\u00f3d i upokorze\u0144 musia\u0142 prze\u017cy\u0107 \u015bw. Jan Bo\u017cy, by z \u017co\u0142daka sta\u0107 si\u0119 opiekunem chorych. I Pan B\u00f3g przygotowywa\u0142 go krok po kroku na zamierzonego dzie\u0142a.<\/p>","protected":false},"author":60508433,"featured_media":43288,"comment_status":"open","ping_status":"open","sticky":false,"template":"","format":"standard","meta":{"_bbp_topic_count":0,"_bbp_reply_count":0,"_bbp_total_topic_count":0,"_bbp_total_reply_count":0,"_bbp_voice_count":0,"_bbp_anonymous_reply_count":0,"_bbp_topic_count_hidden":0,"_bbp_reply_count_hidden":0,"_bbp_forum_subforum_count":0,"_editorskit_title_hidden":false,"_editorskit_reading_time":0,"_editorskit_is_block_options_detached":false,"_editorskit_block_options_position":"{}","_coblocks_attr":"","_coblocks_dimensions":"","_coblocks_responsive_height":"","_coblocks_accordion_ie_support":"","_exactmetrics_skip_tracking":false,"_jetpack_newsletter_access":"","_jetpack_dont_email_post_to_subs":false,"_jetpack_newsletter_tier_id":0,"_jetpack_memberships_contains_paywalled_content":false,"_wpcom_ai_launchpad_first_post":false,"_jetpack_feature_clip_id":0,"_jetpack_memberships_contains_paid_content":false,"footnotes":"","jetpack_publicize_message":"{title}\n\n{excerpt}\n\n{url}","jetpack_publicize_feature_enabled":true,"jetpack_social_post_already_shared":true,"jetpack_social_options":{"image_generator_settings":{"template":"highway","default_image_id":0,"font":"","enabled":false},"version":2},"_wpas_customize_per_network":false,"jetpack_post_was_ever_published":false},"categories":[610131818,610131184,336375535,610134932,610131155,610132042],"tags":[610133352],"class_list":["post-86360","post","type-post","status-publish","format-standard","has-post-thumbnail","hentry","category-swieta-w-marcu","category-duchowosc","category-liturgia-i-liturgika","category-mescy-swieci","category-rozwazania","category-zywoty-swietych","tag-mescy-swieci"],"yoast_head":"<!-- This site is optimized with the Yoast SEO plugin v28.4 - https:\/\/yoast.com\/product\/yoast-seo-wordpress\/ -->\n<title>8-go Marca. \u017bywot \u015bwi\u0119tego Jana Bo\u017cego, Za\u0142o\u017cyciela Zakonu. - Tradycja i Wiara<\/title>\n<meta name=\"robots\" content=\"index, follow, max-snippet:-1, max-image-preview:large, max-video-preview:-1\" \/>\n<link rel=\"canonical\" href=\"https:\/\/wobronietradycjiiwiary.com\/en\/8-go-marca-zywot-swietego-jana-bozego-zalozyciela-zakonu-2-2\/\" \/>\n<meta property=\"og:locale\" content=\"en_US\" \/>\n<meta property=\"og:type\" content=\"article\" \/>\n<meta property=\"og:title\" content=\"8-go Marca. \u017bywot \u015bwi\u0119tego Jana Bo\u017cego, Za\u0142o\u017cyciela Zakonu. - Tradycja i Wiara\" \/>\n<meta property=\"og:description\" content=\"Ile\u017c przyg\u00f3d i upokorze\u0144 musia\u0142 prze\u017cy\u0107 \u015bw. Jan Bo\u017cy, by z \u017co\u0142daka sta\u0107 si\u0119 opiekunem chorych. I Pan B\u00f3g przygotowywa\u0142 go krok po kroku na zamierzonego dzie\u0142a.\" \/>\n<meta property=\"og:url\" content=\"https:\/\/wobronietradycjiiwiary.com\/en\/8-go-marca-zywot-swietego-jana-bozego-zalozyciela-zakonu-2-2\/\" \/>\n<meta property=\"og:site_name\" content=\"Tradycja i Wiara\" \/>\n<meta property=\"article:publisher\" content=\"https:\/\/www.facebook.com\/Tradycja-i-Wiara-108813920592249\" \/>\n<meta property=\"article:published_time\" content=\"2023-03-08T07:15:09+00:00\" \/>\n<meta property=\"article:modified_time\" content=\"2025-02-10T10:52:09+00:00\" \/>\n<meta property=\"og:image\" content=\"https:\/\/wobronietradycjiiwiary.com\/wp-content\/uploads\/2021\/03\/John_of_god_murillo.jpg\" \/>\n\t<meta property=\"og:image:width\" content=\"930\" \/>\n\t<meta property=\"og:image:height\" content=\"1352\" \/>\n\t<meta property=\"og:image:type\" content=\"image\/jpeg\" \/>\n<meta name=\"author\" content=\"Traditio et Fides\" \/>\n<meta name=\"twitter:card\" content=\"summary_large_image\" \/>\n<meta name=\"twitter:label1\" content=\"Written by\" \/>\n\t<meta name=\"twitter:data1\" content=\"Traditio et Fides\" \/>\n\t<meta name=\"twitter:label2\" content=\"Est. reading time\" \/>\n\t<meta name=\"twitter:data2\" content=\"9 minutes\" \/>\n<script type=\"application\/ld+json\" class=\"yoast-schema-graph\">{\"@context\":\"https:\\\/\\\/schema.org\",\"@graph\":[{\"@type\":\"Article\",\"@id\":\"https:\\\/\\\/wobronietradycjiiwiary.com\\\/8-go-marca-zywot-swietego-jana-bozego-zalozyciela-zakonu-2-2\\\/#article\",\"isPartOf\":{\"@id\":\"https:\\\/\\\/wobronietradycjiiwiary.com\\\/8-go-marca-zywot-swietego-jana-bozego-zalozyciela-zakonu-2-2\\\/\"},\"author\":{\"name\":\"Traditio et Fides\",\"@id\":\"https:\\\/\\\/wobronietradycjiiwiary.com\\\/pl\\\/#\\\/schema\\\/person\\\/2d6180ce6abcb681fef0daab7816e8f3\"},\"headline\":\"8-go Marca. \u017bywot \u015bwi\u0119tego Jana Bo\u017cego, Za\u0142o\u017cyciela Zakonu.\",\"datePublished\":\"2023-03-08T07:15:09+00:00\",\"dateModified\":\"2025-02-10T10:52:09+00:00\",\"mainEntityOfPage\":{\"@id\":\"https:\\\/\\\/wobronietradycjiiwiary.com\\\/8-go-marca-zywot-swietego-jana-bozego-zalozyciela-zakonu-2-2\\\/\"},\"wordCount\":1890,\"commentCount\":0,\"publisher\":{\"@id\":\"https:\\\/\\\/wobronietradycjiiwiary.com\\\/pl\\\/#organization\"},\"image\":{\"@id\":\"https:\\\/\\\/wobronietradycjiiwiary.com\\\/8-go-marca-zywot-swietego-jana-bozego-zalozyciela-zakonu-2-2\\\/#primaryimage\"},\"thumbnailUrl\":\"https:\\\/\\\/wobronietradycjiiwiary.com\\\/wp-content\\\/uploads\\\/2021\\\/03\\\/John_of_god_murillo.jpg\",\"keywords\":[\"m\u0119scy \u015bwi\u0119ci\"],\"articleSection\":[\"03. \u015awi\u0119ta w marcu\",\"Duchowo\u015b\u0107\",\"Liturgia i liturgika\",\"M\u0119scy \u015bwi\u0119ci\",\"Rozwa\u017cania liturgiczne\",\"\u017bywoty \u015awi\u0119tych\"],\"inLanguage\":\"en-US\",\"potentialAction\":[{\"@type\":\"CommentAction\",\"name\":\"Comment\",\"target\":[\"https:\\\/\\\/wobronietradycjiiwiary.com\\\/8-go-marca-zywot-swietego-jana-bozego-zalozyciela-zakonu-2-2\\\/#respond\"]}]},{\"@type\":\"WebPage\",\"@id\":\"https:\\\/\\\/wobronietradycjiiwiary.com\\\/8-go-marca-zywot-swietego-jana-bozego-zalozyciela-zakonu-2-2\\\/\",\"url\":\"https:\\\/\\\/wobronietradycjiiwiary.com\\\/8-go-marca-zywot-swietego-jana-bozego-zalozyciela-zakonu-2-2\\\/\",\"name\":\"8-go Marca. \u017bywot \u015bwi\u0119tego Jana Bo\u017cego, Za\u0142o\u017cyciela Zakonu. - Tradycja i Wiara\",\"isPartOf\":{\"@id\":\"https:\\\/\\\/wobronietradycjiiwiary.com\\\/pl\\\/#website\"},\"primaryImageOfPage\":{\"@id\":\"https:\\\/\\\/wobronietradycjiiwiary.com\\\/8-go-marca-zywot-swietego-jana-bozego-zalozyciela-zakonu-2-2\\\/#primaryimage\"},\"image\":{\"@id\":\"https:\\\/\\\/wobronietradycjiiwiary.com\\\/8-go-marca-zywot-swietego-jana-bozego-zalozyciela-zakonu-2-2\\\/#primaryimage\"},\"thumbnailUrl\":\"https:\\\/\\\/wobronietradycjiiwiary.com\\\/wp-content\\\/uploads\\\/2021\\\/03\\\/John_of_god_murillo.jpg\",\"datePublished\":\"2023-03-08T07:15:09+00:00\",\"dateModified\":\"2025-02-10T10:52:09+00:00\",\"breadcrumb\":{\"@id\":\"https:\\\/\\\/wobronietradycjiiwiary.com\\\/8-go-marca-zywot-swietego-jana-bozego-zalozyciela-zakonu-2-2\\\/#breadcrumb\"},\"inLanguage\":\"en-US\",\"potentialAction\":[{\"@type\":\"ReadAction\",\"target\":[\"https:\\\/\\\/wobronietradycjiiwiary.com\\\/8-go-marca-zywot-swietego-jana-bozego-zalozyciela-zakonu-2-2\\\/\"]}]},{\"@type\":\"ImageObject\",\"inLanguage\":\"en-US\",\"@id\":\"https:\\\/\\\/wobronietradycjiiwiary.com\\\/8-go-marca-zywot-swietego-jana-bozego-zalozyciela-zakonu-2-2\\\/#primaryimage\",\"url\":\"https:\\\/\\\/wobronietradycjiiwiary.com\\\/wp-content\\\/uploads\\\/2021\\\/03\\\/John_of_god_murillo.jpg\",\"contentUrl\":\"https:\\\/\\\/wobronietradycjiiwiary.com\\\/wp-content\\\/uploads\\\/2021\\\/03\\\/John_of_god_murillo.jpg\",\"width\":930,\"height\":1352},{\"@type\":\"BreadcrumbList\",\"@id\":\"https:\\\/\\\/wobronietradycjiiwiary.com\\\/8-go-marca-zywot-swietego-jana-bozego-zalozyciela-zakonu-2-2\\\/#breadcrumb\",\"itemListElement\":[{\"@type\":\"ListItem\",\"position\":1,\"name\":\"Strona g\u0142\u00f3wna\",\"item\":\"https:\\\/\\\/wobronietradycjiiwiary.com\\\/\"},{\"@type\":\"ListItem\",\"position\":2,\"name\":\"8-go Marca. \u017bywot \u015bwi\u0119tego Jana Bo\u017cego, Za\u0142o\u017cyciela Zakonu.\"}]},{\"@type\":\"WebSite\",\"@id\":\"https:\\\/\\\/wobronietradycjiiwiary.com\\\/pl\\\/#website\",\"url\":\"https:\\\/\\\/wobronietradycjiiwiary.com\\\/pl\\\/\",\"name\":\"Tradycja i Wiara\",\"description\":\"Portal dla katolik\u00f3w.\",\"publisher\":{\"@id\":\"https:\\\/\\\/wobronietradycjiiwiary.com\\\/pl\\\/#organization\"},\"potentialAction\":[{\"@type\":\"SearchAction\",\"target\":{\"@type\":\"EntryPoint\",\"urlTemplate\":\"https:\\\/\\\/wobronietradycjiiwiary.com\\\/pl\\\/?s={search_term_string}\"},\"query-input\":{\"@type\":\"PropertyValueSpecification\",\"valueRequired\":true,\"valueName\":\"search_term_string\"}}],\"inLanguage\":\"en-US\"},{\"@type\":\"Organization\",\"@id\":\"https:\\\/\\\/wobronietradycjiiwiary.com\\\/pl\\\/#organization\",\"name\":\"Tradycja i Wiara\",\"url\":\"https:\\\/\\\/wobronietradycjiiwiary.com\\\/pl\\\/\",\"logo\":{\"@type\":\"ImageObject\",\"inLanguage\":\"en-US\",\"@id\":\"https:\\\/\\\/wobronietradycjiiwiary.com\\\/pl\\\/#\\\/schema\\\/logo\\\/image\\\/\",\"url\":\"https:\\\/\\\/i0.wp.com\\\/wobronietradycjiiwiary.com\\\/wp-content\\\/uploads\\\/2015\\\/10\\\/cropped-st-peters-dome-vatican.jpg?fit=940%2C198&ssl=1\",\"contentUrl\":\"https:\\\/\\\/i0.wp.com\\\/wobronietradycjiiwiary.com\\\/wp-content\\\/uploads\\\/2015\\\/10\\\/cropped-st-peters-dome-vatican.jpg?fit=940%2C198&ssl=1\",\"width\":940,\"height\":198,\"caption\":\"Tradycja i Wiara\"},\"image\":{\"@id\":\"https:\\\/\\\/wobronietradycjiiwiary.com\\\/pl\\\/#\\\/schema\\\/logo\\\/image\\\/\"},\"sameAs\":[\"https:\\\/\\\/www.facebook.com\\\/Tradycja-i-Wiara-108813920592249\"]},{\"@type\":\"Person\",\"@id\":\"https:\\\/\\\/wobronietradycjiiwiary.com\\\/pl\\\/#\\\/schema\\\/person\\\/2d6180ce6abcb681fef0daab7816e8f3\",\"name\":\"Traditio et Fides\",\"sameAs\":[\"https:\\\/\\\/traditionundglauben.com\"],\"url\":\"https:\\\/\\\/wobronietradycjiiwiary.com\\\/en\\\/author\\\/wobronietradycjiiwiary\\\/\"}]}<\/script>\n<!-- \/ Yoast SEO plugin. -->","yoast_head_json":{"title":"8-go Marca. \u017bywot \u015bwi\u0119tego Jana Bo\u017cego, Za\u0142o\u017cyciela Zakonu. - Tradycja i Wiara","robots":{"index":"index","follow":"follow","max-snippet":"max-snippet:-1","max-image-preview":"max-image-preview:large","max-video-preview":"max-video-preview:-1"},"canonical":"https:\/\/wobronietradycjiiwiary.com\/en\/8-go-marca-zywot-swietego-jana-bozego-zalozyciela-zakonu-2-2\/","og_locale":"en_US","og_type":"article","og_title":"8-go Marca. \u017bywot \u015bwi\u0119tego Jana Bo\u017cego, Za\u0142o\u017cyciela Zakonu. - Tradycja i Wiara","og_description":"Ile\u017c przyg\u00f3d i upokorze\u0144 musia\u0142 prze\u017cy\u0107 \u015bw. Jan Bo\u017cy, by z \u017co\u0142daka sta\u0107 si\u0119 opiekunem chorych. I Pan B\u00f3g przygotowywa\u0142 go krok po kroku na zamierzonego dzie\u0142a.","og_url":"https:\/\/wobronietradycjiiwiary.com\/en\/8-go-marca-zywot-swietego-jana-bozego-zalozyciela-zakonu-2-2\/","og_site_name":"Tradycja i Wiara","article_publisher":"https:\/\/www.facebook.com\/Tradycja-i-Wiara-108813920592249","article_published_time":"2023-03-08T07:15:09+00:00","article_modified_time":"2025-02-10T10:52:09+00:00","og_image":[{"width":930,"height":1352,"url":"https:\/\/wobronietradycjiiwiary.com\/wp-content\/uploads\/2021\/03\/John_of_god_murillo.jpg","type":"image\/jpeg"}],"author":"Traditio et Fides","twitter_card":"summary_large_image","twitter_misc":{"Written by":"Traditio et Fides","Est. reading time":"9 minutes"},"schema":{"@context":"https:\/\/schema.org","@graph":[{"@type":"Article","@id":"https:\/\/wobronietradycjiiwiary.com\/8-go-marca-zywot-swietego-jana-bozego-zalozyciela-zakonu-2-2\/#article","isPartOf":{"@id":"https:\/\/wobronietradycjiiwiary.com\/8-go-marca-zywot-swietego-jana-bozego-zalozyciela-zakonu-2-2\/"},"author":{"name":"Traditio et Fides","@id":"https:\/\/wobronietradycjiiwiary.com\/pl\/#\/schema\/person\/2d6180ce6abcb681fef0daab7816e8f3"},"headline":"8-go Marca. \u017bywot \u015bwi\u0119tego Jana Bo\u017cego, Za\u0142o\u017cyciela Zakonu.","datePublished":"2023-03-08T07:15:09+00:00","dateModified":"2025-02-10T10:52:09+00:00","mainEntityOfPage":{"@id":"https:\/\/wobronietradycjiiwiary.com\/8-go-marca-zywot-swietego-jana-bozego-zalozyciela-zakonu-2-2\/"},"wordCount":1890,"commentCount":0,"publisher":{"@id":"https:\/\/wobronietradycjiiwiary.com\/pl\/#organization"},"image":{"@id":"https:\/\/wobronietradycjiiwiary.com\/8-go-marca-zywot-swietego-jana-bozego-zalozyciela-zakonu-2-2\/#primaryimage"},"thumbnailUrl":"https:\/\/wobronietradycjiiwiary.com\/wp-content\/uploads\/2021\/03\/John_of_god_murillo.jpg","keywords":["m\u0119scy \u015bwi\u0119ci"],"articleSection":["03. \u015awi\u0119ta w marcu","Duchowo\u015b\u0107","Liturgia i liturgika","M\u0119scy \u015bwi\u0119ci","Rozwa\u017cania liturgiczne","\u017bywoty \u015awi\u0119tych"],"inLanguage":"en-US","potentialAction":[{"@type":"CommentAction","name":"Comment","target":["https:\/\/wobronietradycjiiwiary.com\/8-go-marca-zywot-swietego-jana-bozego-zalozyciela-zakonu-2-2\/#respond"]}]},{"@type":"WebPage","@id":"https:\/\/wobronietradycjiiwiary.com\/8-go-marca-zywot-swietego-jana-bozego-zalozyciela-zakonu-2-2\/","url":"https:\/\/wobronietradycjiiwiary.com\/8-go-marca-zywot-swietego-jana-bozego-zalozyciela-zakonu-2-2\/","name":"8-go Marca. \u017bywot \u015bwi\u0119tego Jana Bo\u017cego, Za\u0142o\u017cyciela Zakonu. - Tradycja i Wiara","isPartOf":{"@id":"https:\/\/wobronietradycjiiwiary.com\/pl\/#website"},"primaryImageOfPage":{"@id":"https:\/\/wobronietradycjiiwiary.com\/8-go-marca-zywot-swietego-jana-bozego-zalozyciela-zakonu-2-2\/#primaryimage"},"image":{"@id":"https:\/\/wobronietradycjiiwiary.com\/8-go-marca-zywot-swietego-jana-bozego-zalozyciela-zakonu-2-2\/#primaryimage"},"thumbnailUrl":"https:\/\/wobronietradycjiiwiary.com\/wp-content\/uploads\/2021\/03\/John_of_god_murillo.jpg","datePublished":"2023-03-08T07:15:09+00:00","dateModified":"2025-02-10T10:52:09+00:00","breadcrumb":{"@id":"https:\/\/wobronietradycjiiwiary.com\/8-go-marca-zywot-swietego-jana-bozego-zalozyciela-zakonu-2-2\/#breadcrumb"},"inLanguage":"en-US","potentialAction":[{"@type":"ReadAction","target":["https:\/\/wobronietradycjiiwiary.com\/8-go-marca-zywot-swietego-jana-bozego-zalozyciela-zakonu-2-2\/"]}]},{"@type":"ImageObject","inLanguage":"en-US","@id":"https:\/\/wobronietradycjiiwiary.com\/8-go-marca-zywot-swietego-jana-bozego-zalozyciela-zakonu-2-2\/#primaryimage","url":"https:\/\/wobronietradycjiiwiary.com\/wp-content\/uploads\/2021\/03\/John_of_god_murillo.jpg","contentUrl":"https:\/\/wobronietradycjiiwiary.com\/wp-content\/uploads\/2021\/03\/John_of_god_murillo.jpg","width":930,"height":1352},{"@type":"BreadcrumbList","@id":"https:\/\/wobronietradycjiiwiary.com\/8-go-marca-zywot-swietego-jana-bozego-zalozyciela-zakonu-2-2\/#breadcrumb","itemListElement":[{"@type":"ListItem","position":1,"name":"Strona g\u0142\u00f3wna","item":"https:\/\/wobronietradycjiiwiary.com\/"},{"@type":"ListItem","position":2,"name":"8-go Marca. \u017bywot \u015bwi\u0119tego Jana Bo\u017cego, Za\u0142o\u017cyciela Zakonu."}]},{"@type":"WebSite","@id":"https:\/\/wobronietradycjiiwiary.com\/pl\/#website","url":"https:\/\/wobronietradycjiiwiary.com\/pl\/","name":"Tradycja i Wiara","description":"Portal dla katolik\u00f3w.","publisher":{"@id":"https:\/\/wobronietradycjiiwiary.com\/pl\/#organization"},"potentialAction":[{"@type":"SearchAction","target":{"@type":"EntryPoint","urlTemplate":"https:\/\/wobronietradycjiiwiary.com\/pl\/?s={search_term_string}"},"query-input":{"@type":"PropertyValueSpecification","valueRequired":true,"valueName":"search_term_string"}}],"inLanguage":"en-US"},{"@type":"Organization","@id":"https:\/\/wobronietradycjiiwiary.com\/pl\/#organization","name":"Tradycja i Wiara","url":"https:\/\/wobronietradycjiiwiary.com\/pl\/","logo":{"@type":"ImageObject","inLanguage":"en-US","@id":"https:\/\/wobronietradycjiiwiary.com\/pl\/#\/schema\/logo\/image\/","url":"https:\/\/i0.wp.com\/wobronietradycjiiwiary.com\/wp-content\/uploads\/2015\/10\/cropped-st-peters-dome-vatican.jpg?fit=940%2C198&ssl=1","contentUrl":"https:\/\/i0.wp.com\/wobronietradycjiiwiary.com\/wp-content\/uploads\/2015\/10\/cropped-st-peters-dome-vatican.jpg?fit=940%2C198&ssl=1","width":940,"height":198,"caption":"Tradycja i Wiara"},"image":{"@id":"https:\/\/wobronietradycjiiwiary.com\/pl\/#\/schema\/logo\/image\/"},"sameAs":["https:\/\/www.facebook.com\/Tradycja-i-Wiara-108813920592249"]},{"@type":"Person","@id":"https:\/\/wobronietradycjiiwiary.com\/pl\/#\/schema\/person\/2d6180ce6abcb681fef0daab7816e8f3","name":"Traditio et Fides","sameAs":["https:\/\/traditionundglauben.com"],"url":"https:\/\/wobronietradycjiiwiary.com\/en\/author\/wobronietradycjiiwiary\/"}]}},"jetpack_publicize_connections":[],"jetpack_sharing_enabled":true,"jetpack_likes_enabled":true,"jetpack_shortlink":"https:\/\/wp.me\/pc04Sd-msU","jetpack-related-posts":[{"id":154640,"url":"https:\/\/wobronietradycjiiwiary.com\/en\/10-go-pazdziernika-zywot-swietego-franciszka-borgiasza-wyznawcy-4-2-2\/","url_meta":{"origin":86360,"position":0},"title":"10-go Pa\u017adziernika. \u017bywot \u015bwi\u0119tego Franciszka Borgiasza, Wyznawcy.","author":"Traditio et Fides","date":"10 October 2025","format":false,"excerpt":"\u015bw. Franciszek Borgiasz pochodzi\u0142 z tego samego rodu, co os\u0142awiony Aleksander VI. a \u017cy\u0142 inaczej. Wi\u0119c po pierwsze mo\u017cna, a po drugie \"przekle\u0144stwo rodowe\" nie zadzia\u0142a\u0142o.","rel":"","context":"In &quot;10. \u015awi\u0119ta w pa\u017adzierniku&quot;","block_context":{"text":"10. \u015awi\u0119ta w pa\u017adzierniku","link":"https:\/\/wobronietradycjiiwiary.com\/en\/category\/duchowosc\/liturgia-i-liturgika\/rozwazania\/rok-liturgiczny\/swieta-w-pazdzierniku\/"},"img":{"alt_text":"","src":"https:\/\/i0.wp.com\/wobronietradycjiiwiary.com\/wp-content\/uploads\/2020\/10\/Francisco_de_Borja-3.jpg?resize=350%2C200&ssl=1","width":350,"height":200,"srcset":"https:\/\/i0.wp.com\/wobronietradycjiiwiary.com\/wp-content\/uploads\/2020\/10\/Francisco_de_Borja-3.jpg?resize=350%2C200&ssl=1 1x, https:\/\/i0.wp.com\/wobronietradycjiiwiary.com\/wp-content\/uploads\/2020\/10\/Francisco_de_Borja-3.jpg?resize=525%2C300&ssl=1 1.5x, https:\/\/i0.wp.com\/wobronietradycjiiwiary.com\/wp-content\/uploads\/2020\/10\/Francisco_de_Borja-3.jpg?resize=700%2C400&ssl=1 2x, https:\/\/i0.wp.com\/wobronietradycjiiwiary.com\/wp-content\/uploads\/2020\/10\/Francisco_de_Borja-3.jpg?resize=1050%2C600&ssl=1 3x"},"classes":[]},{"id":133412,"url":"https:\/\/wobronietradycjiiwiary.com\/en\/8-go-marca-zywot-swietego-jana-bozego-zalozyciela-zakonu-2-2-2-2\/","url_meta":{"origin":86360,"position":1},"title":"8-go Marca. \u017bywot \u015bwi\u0119tego Jana Bo\u017cego, Za\u0142o\u017cyciela Zakonu.","author":"Traditio et Fides","date":"8 March 2025","format":false,"excerpt":"Ile\u017c przyg\u00f3d i upokorze\u0144 musia\u0142 prze\u017cy\u0107 \u015bw. Jan Bo\u017cy, by z \u017co\u0142daka sta\u0107 si\u0119 opiekunem chorych. I Pan B\u00f3g przygotowywa\u0142 go krok po kroku na zamierzonego dzie\u0142a.","rel":"","context":"In &quot;03. \u015awi\u0119ta w marcu&quot;","block_context":{"text":"03. \u015awi\u0119ta w marcu","link":"https:\/\/wobronietradycjiiwiary.com\/en\/category\/duchowosc\/liturgia-i-liturgika\/rozwazania\/rok-liturgiczny\/swieta-w-marcu\/"},"img":{"alt_text":"","src":"https:\/\/i0.wp.com\/wobronietradycjiiwiary.com\/wp-content\/uploads\/2021\/03\/John_of_god_murillo.jpg?resize=350%2C200&ssl=1","width":350,"height":200,"srcset":"https:\/\/i0.wp.com\/wobronietradycjiiwiary.com\/wp-content\/uploads\/2021\/03\/John_of_god_murillo.jpg?resize=350%2C200&ssl=1 1x, https:\/\/i0.wp.com\/wobronietradycjiiwiary.com\/wp-content\/uploads\/2021\/03\/John_of_god_murillo.jpg?resize=525%2C300&ssl=1 1.5x, https:\/\/i0.wp.com\/wobronietradycjiiwiary.com\/wp-content\/uploads\/2021\/03\/John_of_god_murillo.jpg?resize=700%2C400&ssl=1 2x"},"classes":[]},{"id":113362,"url":"https:\/\/wobronietradycjiiwiary.com\/en\/8-go-marca-zywot-swietego-jana-bozego-zalozyciela-zakonu-2-2-2\/","url_meta":{"origin":86360,"position":2},"title":"8-go Marca. \u017bywot \u015bwi\u0119tego Jana Bo\u017cego, Za\u0142o\u017cyciela Zakonu.","author":"Traditio et Fides","date":"8 March 2024","format":false,"excerpt":"Ile\u017c przyg\u00f3d i upokorze\u0144 musia\u0142 prze\u017cy\u0107 \u015bw. Jan Bo\u017cy, by z \u017co\u0142daka sta\u0107 si\u0119 opiekunem chorych. I Pan B\u00f3g przygotowywa\u0142 go krok po kroku na zamierzonego dzie\u0142a.","rel":"","context":"In &quot;03. \u015awi\u0119ta w marcu&quot;","block_context":{"text":"03. \u015awi\u0119ta w marcu","link":"https:\/\/wobronietradycjiiwiary.com\/en\/category\/duchowosc\/liturgia-i-liturgika\/rozwazania\/rok-liturgiczny\/swieta-w-marcu\/"},"img":{"alt_text":"","src":"https:\/\/i0.wp.com\/wobronietradycjiiwiary.com\/wp-content\/uploads\/2021\/03\/John_of_god_murillo.jpg?resize=350%2C200&ssl=1","width":350,"height":200,"srcset":"https:\/\/i0.wp.com\/wobronietradycjiiwiary.com\/wp-content\/uploads\/2021\/03\/John_of_god_murillo.jpg?resize=350%2C200&ssl=1 1x, https:\/\/i0.wp.com\/wobronietradycjiiwiary.com\/wp-content\/uploads\/2021\/03\/John_of_god_murillo.jpg?resize=525%2C300&ssl=1 1.5x, https:\/\/i0.wp.com\/wobronietradycjiiwiary.com\/wp-content\/uploads\/2021\/03\/John_of_god_murillo.jpg?resize=700%2C400&ssl=1 2x"},"classes":[]},{"id":162062,"url":"https:\/\/wobronietradycjiiwiary.com\/en\/8-go-marca-zywot-swietego-jana-bozego-zalozyciela-zakonu-2-2-2-2-2\/","url_meta":{"origin":86360,"position":3},"title":"8-go Marca. \u017bywot \u015bwi\u0119tego Jana Bo\u017cego, Za\u0142o\u017cyciela Zakonu.","author":"Traditio et Fides","date":"8 March 2026","format":false,"excerpt":"Ile\u017c przyg\u00f3d i upokorze\u0144 musia\u0142 prze\u017cy\u0107 \u015bw. Jan Bo\u017cy, by z \u017co\u0142daka sta\u0107 si\u0119 opiekunem chorych. I Pan B\u00f3g przygotowywa\u0142 go krok po kroku na zamierzonego dzie\u0142a.","rel":"","context":"In &quot;03. \u015awi\u0119ta w marcu&quot;","block_context":{"text":"03. \u015awi\u0119ta w marcu","link":"https:\/\/wobronietradycjiiwiary.com\/en\/category\/duchowosc\/liturgia-i-liturgika\/rozwazania\/rok-liturgiczny\/swieta-w-marcu\/"},"img":{"alt_text":"","src":"https:\/\/i0.wp.com\/wobronietradycjiiwiary.com\/wp-content\/uploads\/2021\/03\/John_of_god_murillo.jpg?resize=350%2C200&ssl=1","width":350,"height":200,"srcset":"https:\/\/i0.wp.com\/wobronietradycjiiwiary.com\/wp-content\/uploads\/2021\/03\/John_of_god_murillo.jpg?resize=350%2C200&ssl=1 1x, https:\/\/i0.wp.com\/wobronietradycjiiwiary.com\/wp-content\/uploads\/2021\/03\/John_of_god_murillo.jpg?resize=525%2C300&ssl=1 1.5x, https:\/\/i0.wp.com\/wobronietradycjiiwiary.com\/wp-content\/uploads\/2021\/03\/John_of_god_murillo.jpg?resize=700%2C400&ssl=1 2x"},"classes":[]},{"id":127335,"url":"https:\/\/wobronietradycjiiwiary.com\/en\/28-go-stycznia-zywot-swietego-ildefonsa-biskupa-4\/","url_meta":{"origin":86360,"position":4},"title":"28-go Stycznia. \u017bywot \u015bwi\u0119tego Ildefonsa, Biskupa.","author":"Traditio et Fides","date":"28 January 2025","format":false,"excerpt":"\u015aw. Ildefons tak si\u0119 obawia\u0142, \u017ce zostanie biskupem Toledo, \u017ce wst\u0105pi\u0142 do zakonu, sk\u0105d go Pan B\u00f3g i tak na biskupstwo powo\u0142a\u0142. Jak \u015bw, Ildefons by\u0142 gotowy i odpowiedni czas nadszed\u0142. I na co by\u0142o \"wierzga\u0107 przeciw o\u015bcieniowi\"?","rel":"","context":"In &quot;01. \u015awi\u0119ta w styczniu&quot;","block_context":{"text":"01. \u015awi\u0119ta w styczniu","link":"https:\/\/wobronietradycjiiwiary.com\/en\/category\/duchowosc\/liturgia-i-liturgika\/rozwazania\/rok-liturgiczny\/swieta-w-styczniu\/"},"img":{"alt_text":"","src":"https:\/\/i0.wp.com\/wobronietradycjiiwiary.com\/wp-content\/uploads\/2021\/01\/Ildefons_von_Toledo.jpg?resize=350%2C200&ssl=1","width":350,"height":200},"classes":[]},{"id":158334,"url":"https:\/\/wobronietradycjiiwiary.com\/en\/28-go-stycznia-zywot-swietego-ildefonsa-biskupa-4-2\/","url_meta":{"origin":86360,"position":5},"title":"28-go Stycznia. \u017bywot \u015bwi\u0119tego Ildefonsa, Biskupa.","author":"Traditio et Fides","date":"28 January 2026","format":false,"excerpt":"\u015aw. Ildefons tak si\u0119 obawia\u0142, \u017ce zostanie biskupem Toledo, \u017ce wst\u0105pi\u0142 do zakonu, sk\u0105d go Pan B\u00f3g i tak na biskupstwo powo\u0142a\u0142. Jak \u015bw, Ildefons by\u0142 gotowy i odpowiedni czas nadszed\u0142. I na co by\u0142o \"wierzga\u0107 przeciw o\u015bcieniowi\"?","rel":"","context":"In &quot;01. \u015awi\u0119ta w styczniu&quot;","block_context":{"text":"01. \u015awi\u0119ta w styczniu","link":"https:\/\/wobronietradycjiiwiary.com\/en\/category\/duchowosc\/liturgia-i-liturgika\/rozwazania\/rok-liturgiczny\/swieta-w-styczniu\/"},"img":{"alt_text":"","src":"https:\/\/i0.wp.com\/wobronietradycjiiwiary.com\/wp-content\/uploads\/2021\/01\/Ildefons_von_Toledo.jpg?resize=350%2C200&ssl=1","width":350,"height":200},"classes":[]}],"amp_enabled":true,"jetpack_featured_media_url":"https:\/\/wobronietradycjiiwiary.com\/wp-content\/uploads\/2021\/03\/John_of_god_murillo.jpg","_links":{"self":[{"href":"https:\/\/wobronietradycjiiwiary.com\/en\/wp-json\/wp\/v2\/posts\/86360","targetHints":{"allow":["GET"]}}],"collection":[{"href":"https:\/\/wobronietradycjiiwiary.com\/en\/wp-json\/wp\/v2\/posts"}],"about":[{"href":"https:\/\/wobronietradycjiiwiary.com\/en\/wp-json\/wp\/v2\/types\/post"}],"author":[{"embeddable":true,"href":"https:\/\/wobronietradycjiiwiary.com\/en\/wp-json\/wp\/v2\/users\/60508433"}],"replies":[{"embeddable":true,"href":"https:\/\/wobronietradycjiiwiary.com\/en\/wp-json\/wp\/v2\/comments?post=86360"}],"version-history":[{"count":2,"href":"https:\/\/wobronietradycjiiwiary.com\/en\/wp-json\/wp\/v2\/posts\/86360\/revisions"}],"predecessor-version":[{"id":86480,"href":"https:\/\/wobronietradycjiiwiary.com\/en\/wp-json\/wp\/v2\/posts\/86360\/revisions\/86480"}],"wp:featuredmedia":[{"embeddable":true,"href":"https:\/\/wobronietradycjiiwiary.com\/en\/wp-json\/wp\/v2\/media\/43288"}],"wp:attachment":[{"href":"https:\/\/wobronietradycjiiwiary.com\/en\/wp-json\/wp\/v2\/media?parent=86360"}],"wp:term":[{"taxonomy":"category","embeddable":true,"href":"https:\/\/wobronietradycjiiwiary.com\/en\/wp-json\/wp\/v2\/categories?post=86360"},{"taxonomy":"post_tag","embeddable":true,"href":"https:\/\/wobronietradycjiiwiary.com\/en\/wp-json\/wp\/v2\/tags?post=86360"}],"curies":[{"name":"wp","href":"https:\/\/api.w.org\/{rel}","templated":true}]}}