{"id":8587,"date":"2015-02-19T14:21:51","date_gmt":"2015-02-19T13:21:51","guid":{"rendered":"https:\/\/wobronietradycjiiwiary.com\/?p=8587"},"modified":"2025-02-07T15:52:24","modified_gmt":"2025-02-07T14:52:24","slug":"marek-alessio-droga-neokatechumenalna-jawna-herezja-4","status":"publish","type":"post","link":"https:\/\/wobronietradycjiiwiary.com\/en\/marek-alessio-droga-neokatechumenalna-jawna-herezja-4\/","title":{"rendered":"Marek Alessio,  Droga Neokatechumenalna &#8211; jawna herezja (4 z 5)"},"content":{"rendered":"<div id=\"bsf_rt_marker\"><\/div><p>Cz. II\u00a0\u201eDroga\u201d Droga odpowiada 1 stycznia 2006 r. \u201eDroga\u201d odpowiedzia\u0142a publicznie na list kard. Arinze. Odpowied\u017a pojawi\u0142a si\u0119 w formie&hellip;<\/p>\n<div style=\"text-align: center\">\n<p>&nbsp;<\/p>\n<\/div>\n<h2 style=\"border: 5px solid #0000A0;padding: 1em;text-align: center\"><span style=\"color: #000000\">Pe\u0142en dost\u0119p dla <span style=\"color: #00ccff\"><a style=\"color: #00ccff\" href=\"https:\/\/wobronietradycjiiwiary.com\/en\/subskrypcje-2\/\" target=\"_blank\" rel=\"noopener\">subskrybent\u00f3w<\/a><\/span>.<\/span><br \/>\n<span style=\"color: #3366ff\"><a style=\"color: #3366ff\" href=\"https:\/\/wobronietradycjiiwiary.com\/en\/account\/login\/\" target=\"_blank\" rel=\"noopener\"><span style=\"color: #00ccff\">Zaloguj<\/span><\/a> <\/span>si\u0119 lub przejd\u017a do <a href=\"https:\/\/wobronietradycjiiwiary.com\/en\/register\/\"><span style=\"color: #3366ff\">Rejestracji<\/span><\/a>.<\/h2>\n<div>\n<p style=\"text-align: center\"><a href=\"https:\/\/wobronietradycjiiwiary.com\/en\/subskrypcje-2\/cennik\/\" target=\"_blank\" rel=\"noopener\"><span style=\"color: #000080;font-size: 24pt\"><strong>Nowe ni\u017csze ceny<\/strong><\/span><\/a><\/p>\n<p style=\"text-align: center\"><strong><span style=\"font-size: 18pt;color: #000080\">P\u0142atno\u015b\u0107 kart\u0105<\/span><\/strong><\/p>\n<\/div>\n<h3 style=\"text-align: center\"><a href=\"https:\/\/wobronietradycjiiwiary.com\/en\/subskrypcje-2\/automatyczne\/indywidualne\/\" target=\"_blank\" rel=\"noopener\"><img fetchpriority=\"high\" decoding=\"async\" class=\"alignnone size-medium wp-image-80433\" src=\"https:\/\/wobronietradycjiiwiary.com\/wp-content\/uploads\/2022\/11\/Unbenannt-1-Online-1-300x202.jpg\" alt=\"\" width=\"300\" height=\"202\" srcset=\"https:\/\/wobronietradycjiiwiary.com\/wp-content\/uploads\/2022\/11\/Unbenannt-1-Online-1-300x202.jpg 300w, https:\/\/wobronietradycjiiwiary.com\/wp-content\/uploads\/2022\/11\/Unbenannt-1-Online-1-150x101.jpg 150w, https:\/\/wobronietradycjiiwiary.com\/wp-content\/uploads\/2022\/11\/Unbenannt-1-Online-1-18x12.jpg 18w, https:\/\/wobronietradycjiiwiary.com\/wp-content\/uploads\/2022\/11\/Unbenannt-1-Online-1.jpg 446w\" sizes=\"(max-width: 300px) 100vw, 300px\" \/><\/a><\/h3>\n<p style=\"text-align: center\"><strong><span style=\"font-size: 18pt;color: #000080\">P\u0142atno\u015b\u0107 przelewem<\/span><\/strong><\/p>\n<p><a href=\"https:\/\/wobronietradycjiiwiary.com\/en\/subskrypcje-2\/automatyczne\/indywidualne\/\" target=\"_blank\" rel=\"noopener\"><img decoding=\"async\" class=\"size-medium wp-image-80434 aligncenter\" src=\"https:\/\/wobronietradycjiiwiary.com\/wp-content\/uploads\/2022\/11\/Unbenannt-1-Przelewem-300x137.jpg\" alt=\"\" width=\"300\" height=\"137\" srcset=\"https:\/\/wobronietradycjiiwiary.com\/wp-content\/uploads\/2022\/11\/Unbenannt-1-Przelewem-300x137.jpg 300w, https:\/\/wobronietradycjiiwiary.com\/wp-content\/uploads\/2022\/11\/Unbenannt-1-Przelewem-450x206.jpg 450w, https:\/\/wobronietradycjiiwiary.com\/wp-content\/uploads\/2022\/11\/Unbenannt-1-Przelewem-600x274.jpg 600w, https:\/\/wobronietradycjiiwiary.com\/wp-content\/uploads\/2022\/11\/Unbenannt-1-Przelewem-150x69.jpg 150w, https:\/\/wobronietradycjiiwiary.com\/wp-content\/uploads\/2022\/11\/Unbenannt-1-Przelewem-18x8.jpg 18w, https:\/\/wobronietradycjiiwiary.com\/wp-content\/uploads\/2022\/11\/Unbenannt-1-Przelewem.jpg 676w\" sizes=\"(max-width: 300px) 100vw, 300px\" \/><\/a><\/p>\n<p style=\"text-align: center\"><strong><span style=\"font-size: 18pt;color: #000080\">P\u0142atno\u015b\u0107 kart\u0105 do 6 os\u00f3b<\/span><\/strong><\/p>\n<p><a href=\"https:\/\/wobronietradycjiiwiary.com\/en\/rodzinne\/\" target=\"_blank\" rel=\"noopener\"><img decoding=\"async\" class=\"size-medium wp-image-80435 aligncenter\" src=\"https:\/\/wobronietradycjiiwiary.com\/wp-content\/uploads\/2022\/11\/Unbenannt-1-Rodzinna-300x208.jpg\" alt=\"\" width=\"300\" height=\"208\" srcset=\"https:\/\/wobronietradycjiiwiary.com\/wp-content\/uploads\/2022\/11\/Unbenannt-1-Rodzinna-300x208.jpg 300w, https:\/\/wobronietradycjiiwiary.com\/wp-content\/uploads\/2022\/11\/Unbenannt-1-Rodzinna-150x104.jpg 150w, https:\/\/wobronietradycjiiwiary.com\/wp-content\/uploads\/2022\/11\/Unbenannt-1-Rodzinna-18x12.jpg 18w, https:\/\/wobronietradycjiiwiary.com\/wp-content\/uploads\/2022\/11\/Unbenannt-1-Rodzinna.jpg 448w\" sizes=\"(max-width: 300px) 100vw, 300px\" \/><\/a><\/p>\n<h3 style=\"text-align: center\"><\/h3>\n<h1 style=\"text-align: center\"><\/h1>","protected":false},"excerpt":{"rendered":"<p>Cz. II\u00a0\u201eDroga\u201d Droga odpowiada 1 stycznia 2006 r. \u201eDroga\u201d odpowiedzia\u0142a publicznie na list kard. Arinze. Odpowied\u017a pojawi\u0142a si\u0119 w formie&hellip; &nbsp; Pe\u0142en dost\u0119p dla subskrybent\u00f3w. Zaloguj si\u0119 lub przejd\u017a do Rejestracji. Nowe ni\u017csze ceny P\u0142atno\u015b\u0107 kart\u0105 P\u0142atno\u015b\u0107 przelewem P\u0142atno\u015b\u0107 kart\u0105 do 6 os\u00f3b<\/p>","protected":false},"author":60508433,"featured_media":8580,"comment_status":"closed","ping_status":"closed","sticky":false,"template":"","format":"standard","meta":{"_bbp_topic_count":0,"_bbp_reply_count":0,"_bbp_total_topic_count":0,"_bbp_total_reply_count":0,"_bbp_voice_count":0,"_bbp_anonymous_reply_count":0,"_bbp_topic_count_hidden":0,"_bbp_reply_count_hidden":0,"_bbp_forum_subforum_count":0,"_editorskit_title_hidden":false,"_editorskit_reading_time":0,"_editorskit_is_block_options_detached":false,"_editorskit_block_options_position":"{}","_coblocks_attr":"","_coblocks_dimensions":"","_coblocks_responsive_height":"","_coblocks_accordion_ie_support":"","_exactmetrics_skip_tracking":false,"_jetpack_newsletter_access":"","_jetpack_dont_email_post_to_subs":false,"_jetpack_newsletter_tier_id":0,"_jetpack_memberships_contains_paywalled_content":false,"_wpcom_ai_launchpad_first_post":false,"_jetpack_feature_clip_id":0,"_jetpack_memberships_contains_paid_content":false,"footnotes":"","jetpack_publicize_message":"{title}\n\n{excerpt}\n\n{url}","jetpack_publicize_feature_enabled":true,"jetpack_social_post_already_shared":true,"jetpack_social_options":{"image_generator_settings":{"template":"highway","default_image_id":0,"font":"","enabled":false},"version":2},"_wpas_customize_per_network":false,"jetpack_post_was_ever_published":false},"categories":[296862481],"tags":[7810599,6719454,463170701,450708,610132562,610132133],"class_list":["post-8587","post","type-post","status-publish","format-standard","has-post-thumbnail","hentry","category-neokatechumenat-apologetyka","tag-carmen-hernandez","tag-kiko-arguelo","tag-marek-alessio","tag-neokatechumenat","tag-premium","tag-restricted"],"yoast_head":"<!-- This site is optimized with the Yoast SEO plugin v28.3 - https:\/\/yoast.com\/product\/yoast-seo-wordpress\/ -->\n<title>Marek Alessio, Droga Neokatechumenalna - jawna herezja (4 z 5) - Tradycja i Wiara<\/title>\n<meta name=\"robots\" content=\"index, follow, max-snippet:-1, max-image-preview:large, max-video-preview:-1\" \/>\n<link rel=\"canonical\" href=\"https:\/\/wobronietradycjiiwiary.com\/en\/marek-alessio-droga-neokatechumenalna-jawna-herezja-4\/\" \/>\n<meta property=\"og:locale\" content=\"en_US\" \/>\n<meta property=\"og:type\" content=\"article\" \/>\n<meta property=\"og:title\" content=\"Marek Alessio, Droga Neokatechumenalna - jawna herezja (4 z 5) - Tradycja i Wiara\" \/>\n<meta property=\"og:description\" content=\"Cz. II\u00a0\u201eDroga\u201d Droga odpowiada 1 stycznia 2006 r. \u201eDroga\u201d odpowiedzia\u0142a publicznie na list kard. Arinze. Odpowied\u017a pojawi\u0142a si\u0119 w formie&hellip; &nbsp; Pe\u0142en dost\u0119p dla subskrybent\u00f3w. Zaloguj si\u0119 lub przejd\u017a do Rejestracji. Nowe ni\u017csze ceny P\u0142atno\u015b\u0107 kart\u0105 P\u0142atno\u015b\u0107 przelewem P\u0142atno\u015b\u0107 kart\u0105 do 6 os\u00f3b\" \/>\n<meta property=\"og:url\" content=\"https:\/\/wobronietradycjiiwiary.com\/en\/marek-alessio-droga-neokatechumenalna-jawna-herezja-4\/\" \/>\n<meta property=\"og:site_name\" content=\"Tradycja i Wiara\" \/>\n<meta property=\"article:publisher\" content=\"https:\/\/www.facebook.com\/Tradycja-i-Wiara-108813920592249\" \/>\n<meta property=\"article:published_time\" content=\"2015-02-19T13:21:51+00:00\" \/>\n<meta property=\"article:modified_time\" content=\"2025-02-07T14:52:24+00:00\" \/>\n<meta property=\"og:image\" content=\"https:\/\/wobronietradycjiiwiary.com\/wp-content\/uploads\/2016\/02\/sandro-botticelli-dantes.jpg\" \/>\n\t<meta property=\"og:image:width\" content=\"940\" \/>\n\t<meta property=\"og:image:height\" content=\"665\" \/>\n\t<meta property=\"og:image:type\" content=\"image\/jpeg\" \/>\n<meta name=\"author\" content=\"Traditio et Fides\" \/>\n<meta name=\"twitter:card\" content=\"summary_large_image\" \/>\n<meta name=\"twitter:label1\" content=\"Written by\" \/>\n\t<meta name=\"twitter:data1\" content=\"Traditio et Fides\" \/>\n\t<meta name=\"twitter:label2\" content=\"Est. reading time\" \/>\n\t<meta name=\"twitter:data2\" content=\"10 minutes\" \/>\n<script type=\"application\/ld+json\" class=\"yoast-schema-graph\">{\"@context\":\"https:\\\/\\\/schema.org\",\"@graph\":[{\"@type\":\"Article\",\"@id\":\"https:\\\/\\\/wobronietradycjiiwiary.com\\\/marek-alessio-droga-neokatechumenalna-jawna-herezja-4\\\/#article\",\"isPartOf\":{\"@id\":\"https:\\\/\\\/wobronietradycjiiwiary.com\\\/marek-alessio-droga-neokatechumenalna-jawna-herezja-4\\\/\"},\"author\":{\"name\":\"Traditio et Fides\",\"@id\":\"https:\\\/\\\/wobronietradycjiiwiary.com\\\/pl\\\/#\\\/schema\\\/person\\\/2d6180ce6abcb681fef0daab7816e8f3\"},\"headline\":\"Marek Alessio, Droga Neokatechumenalna &#8211; jawna herezja (4 z 5)\",\"datePublished\":\"2015-02-19T13:21:51+00:00\",\"dateModified\":\"2025-02-07T14:52:24+00:00\",\"mainEntityOfPage\":{\"@id\":\"https:\\\/\\\/wobronietradycjiiwiary.com\\\/marek-alessio-droga-neokatechumenalna-jawna-herezja-4\\\/\"},\"wordCount\":1942,\"publisher\":{\"@id\":\"https:\\\/\\\/wobronietradycjiiwiary.com\\\/pl\\\/#organization\"},\"image\":{\"@id\":\"https:\\\/\\\/wobronietradycjiiwiary.com\\\/marek-alessio-droga-neokatechumenalna-jawna-herezja-4\\\/#primaryimage\"},\"thumbnailUrl\":\"https:\\\/\\\/wobronietradycjiiwiary.com\\\/wp-content\\\/uploads\\\/2016\\\/02\\\/sandro-botticelli-dantes.jpg\",\"keywords\":[\"Carmen Hernandez\",\"Kiko Arguelo\",\"Marek Alessio\",\"neokatechumenat\",\"Premium\",\"Restricted\"],\"articleSection\":[\"Neokatechumenat\"],\"inLanguage\":\"en-US\"},{\"@type\":\"WebPage\",\"@id\":\"https:\\\/\\\/wobronietradycjiiwiary.com\\\/marek-alessio-droga-neokatechumenalna-jawna-herezja-4\\\/\",\"url\":\"https:\\\/\\\/wobronietradycjiiwiary.com\\\/marek-alessio-droga-neokatechumenalna-jawna-herezja-4\\\/\",\"name\":\"Marek Alessio, Droga Neokatechumenalna - jawna herezja (4 z 5) - Tradycja i Wiara\",\"isPartOf\":{\"@id\":\"https:\\\/\\\/wobronietradycjiiwiary.com\\\/pl\\\/#website\"},\"primaryImageOfPage\":{\"@id\":\"https:\\\/\\\/wobronietradycjiiwiary.com\\\/marek-alessio-droga-neokatechumenalna-jawna-herezja-4\\\/#primaryimage\"},\"image\":{\"@id\":\"https:\\\/\\\/wobronietradycjiiwiary.com\\\/marek-alessio-droga-neokatechumenalna-jawna-herezja-4\\\/#primaryimage\"},\"thumbnailUrl\":\"https:\\\/\\\/wobronietradycjiiwiary.com\\\/wp-content\\\/uploads\\\/2016\\\/02\\\/sandro-botticelli-dantes.jpg\",\"datePublished\":\"2015-02-19T13:21:51+00:00\",\"dateModified\":\"2025-02-07T14:52:24+00:00\",\"breadcrumb\":{\"@id\":\"https:\\\/\\\/wobronietradycjiiwiary.com\\\/marek-alessio-droga-neokatechumenalna-jawna-herezja-4\\\/#breadcrumb\"},\"inLanguage\":\"en-US\",\"potentialAction\":[{\"@type\":\"ReadAction\",\"target\":[\"https:\\\/\\\/wobronietradycjiiwiary.com\\\/marek-alessio-droga-neokatechumenalna-jawna-herezja-4\\\/\"]}]},{\"@type\":\"ImageObject\",\"inLanguage\":\"en-US\",\"@id\":\"https:\\\/\\\/wobronietradycjiiwiary.com\\\/marek-alessio-droga-neokatechumenalna-jawna-herezja-4\\\/#primaryimage\",\"url\":\"https:\\\/\\\/wobronietradycjiiwiary.com\\\/wp-content\\\/uploads\\\/2016\\\/02\\\/sandro-botticelli-dantes.jpg\",\"contentUrl\":\"https:\\\/\\\/wobronietradycjiiwiary.com\\\/wp-content\\\/uploads\\\/2016\\\/02\\\/sandro-botticelli-dantes.jpg\",\"width\":940,\"height\":665},{\"@type\":\"BreadcrumbList\",\"@id\":\"https:\\\/\\\/wobronietradycjiiwiary.com\\\/marek-alessio-droga-neokatechumenalna-jawna-herezja-4\\\/#breadcrumb\",\"itemListElement\":[{\"@type\":\"ListItem\",\"position\":1,\"name\":\"Strona g\u0142\u00f3wna\",\"item\":\"https:\\\/\\\/wobronietradycjiiwiary.com\\\/\"},{\"@type\":\"ListItem\",\"position\":2,\"name\":\"Marek Alessio, Droga Neokatechumenalna &#8211; jawna herezja (4 z 5)\"}]},{\"@type\":\"WebSite\",\"@id\":\"https:\\\/\\\/wobronietradycjiiwiary.com\\\/pl\\\/#website\",\"url\":\"https:\\\/\\\/wobronietradycjiiwiary.com\\\/pl\\\/\",\"name\":\"Tradycja i Wiara\",\"description\":\"Portal dla katolik\u00f3w.\",\"publisher\":{\"@id\":\"https:\\\/\\\/wobronietradycjiiwiary.com\\\/pl\\\/#organization\"},\"potentialAction\":[{\"@type\":\"SearchAction\",\"target\":{\"@type\":\"EntryPoint\",\"urlTemplate\":\"https:\\\/\\\/wobronietradycjiiwiary.com\\\/pl\\\/?s={search_term_string}\"},\"query-input\":{\"@type\":\"PropertyValueSpecification\",\"valueRequired\":true,\"valueName\":\"search_term_string\"}}],\"inLanguage\":\"en-US\"},{\"@type\":\"Organization\",\"@id\":\"https:\\\/\\\/wobronietradycjiiwiary.com\\\/pl\\\/#organization\",\"name\":\"Tradycja i Wiara\",\"url\":\"https:\\\/\\\/wobronietradycjiiwiary.com\\\/pl\\\/\",\"logo\":{\"@type\":\"ImageObject\",\"inLanguage\":\"en-US\",\"@id\":\"https:\\\/\\\/wobronietradycjiiwiary.com\\\/pl\\\/#\\\/schema\\\/logo\\\/image\\\/\",\"url\":\"https:\\\/\\\/i0.wp.com\\\/wobronietradycjiiwiary.com\\\/wp-content\\\/uploads\\\/2015\\\/10\\\/cropped-st-peters-dome-vatican.jpg?fit=940%2C198&ssl=1\",\"contentUrl\":\"https:\\\/\\\/i0.wp.com\\\/wobronietradycjiiwiary.com\\\/wp-content\\\/uploads\\\/2015\\\/10\\\/cropped-st-peters-dome-vatican.jpg?fit=940%2C198&ssl=1\",\"width\":940,\"height\":198,\"caption\":\"Tradycja i Wiara\"},\"image\":{\"@id\":\"https:\\\/\\\/wobronietradycjiiwiary.com\\\/pl\\\/#\\\/schema\\\/logo\\\/image\\\/\"},\"sameAs\":[\"https:\\\/\\\/www.facebook.com\\\/Tradycja-i-Wiara-108813920592249\"]},{\"@type\":\"Person\",\"@id\":\"https:\\\/\\\/wobronietradycjiiwiary.com\\\/pl\\\/#\\\/schema\\\/person\\\/2d6180ce6abcb681fef0daab7816e8f3\",\"name\":\"Traditio et Fides\",\"sameAs\":[\"https:\\\/\\\/traditionundglauben.com\"],\"url\":\"https:\\\/\\\/wobronietradycjiiwiary.com\\\/en\\\/author\\\/wobronietradycjiiwiary\\\/\"}]}<\/script>\n<!-- \/ Yoast SEO plugin. -->","yoast_head_json":{"title":"Marek Alessio, Droga Neokatechumenalna - jawna herezja (4 z 5) - Tradycja i Wiara","robots":{"index":"index","follow":"follow","max-snippet":"max-snippet:-1","max-image-preview":"max-image-preview:large","max-video-preview":"max-video-preview:-1"},"canonical":"https:\/\/wobronietradycjiiwiary.com\/en\/marek-alessio-droga-neokatechumenalna-jawna-herezja-4\/","og_locale":"en_US","og_type":"article","og_title":"Marek Alessio, Droga Neokatechumenalna - jawna herezja (4 z 5) - Tradycja i Wiara","og_description":"Cz. II\u00a0\u201eDroga\u201d Droga odpowiada 1 stycznia 2006 r. \u201eDroga\u201d odpowiedzia\u0142a publicznie na list kard. Arinze. Odpowied\u017a pojawi\u0142a si\u0119 w formie&hellip; &nbsp; Pe\u0142en dost\u0119p dla subskrybent\u00f3w. Zaloguj si\u0119 lub przejd\u017a do Rejestracji. Nowe ni\u017csze ceny P\u0142atno\u015b\u0107 kart\u0105 P\u0142atno\u015b\u0107 przelewem P\u0142atno\u015b\u0107 kart\u0105 do 6 os\u00f3b","og_url":"https:\/\/wobronietradycjiiwiary.com\/en\/marek-alessio-droga-neokatechumenalna-jawna-herezja-4\/","og_site_name":"Tradycja i Wiara","article_publisher":"https:\/\/www.facebook.com\/Tradycja-i-Wiara-108813920592249","article_published_time":"2015-02-19T13:21:51+00:00","article_modified_time":"2025-02-07T14:52:24+00:00","og_image":[{"width":940,"height":665,"url":"https:\/\/wobronietradycjiiwiary.com\/wp-content\/uploads\/2016\/02\/sandro-botticelli-dantes.jpg","type":"image\/jpeg"}],"author":"Traditio et Fides","twitter_card":"summary_large_image","twitter_misc":{"Written by":"Traditio et Fides","Est. reading time":"10 minutes"},"schema":{"@context":"https:\/\/schema.org","@graph":[{"@type":"Article","@id":"https:\/\/wobronietradycjiiwiary.com\/marek-alessio-droga-neokatechumenalna-jawna-herezja-4\/#article","isPartOf":{"@id":"https:\/\/wobronietradycjiiwiary.com\/marek-alessio-droga-neokatechumenalna-jawna-herezja-4\/"},"author":{"name":"Traditio et Fides","@id":"https:\/\/wobronietradycjiiwiary.com\/pl\/#\/schema\/person\/2d6180ce6abcb681fef0daab7816e8f3"},"headline":"Marek Alessio, Droga Neokatechumenalna &#8211; jawna herezja (4 z 5)","datePublished":"2015-02-19T13:21:51+00:00","dateModified":"2025-02-07T14:52:24+00:00","mainEntityOfPage":{"@id":"https:\/\/wobronietradycjiiwiary.com\/marek-alessio-droga-neokatechumenalna-jawna-herezja-4\/"},"wordCount":1942,"publisher":{"@id":"https:\/\/wobronietradycjiiwiary.com\/pl\/#organization"},"image":{"@id":"https:\/\/wobronietradycjiiwiary.com\/marek-alessio-droga-neokatechumenalna-jawna-herezja-4\/#primaryimage"},"thumbnailUrl":"https:\/\/wobronietradycjiiwiary.com\/wp-content\/uploads\/2016\/02\/sandro-botticelli-dantes.jpg","keywords":["Carmen Hernandez","Kiko Arguelo","Marek Alessio","neokatechumenat","Premium","Restricted"],"articleSection":["Neokatechumenat"],"inLanguage":"en-US"},{"@type":"WebPage","@id":"https:\/\/wobronietradycjiiwiary.com\/marek-alessio-droga-neokatechumenalna-jawna-herezja-4\/","url":"https:\/\/wobronietradycjiiwiary.com\/marek-alessio-droga-neokatechumenalna-jawna-herezja-4\/","name":"Marek Alessio, Droga Neokatechumenalna - jawna herezja (4 z 5) - Tradycja i Wiara","isPartOf":{"@id":"https:\/\/wobronietradycjiiwiary.com\/pl\/#website"},"primaryImageOfPage":{"@id":"https:\/\/wobronietradycjiiwiary.com\/marek-alessio-droga-neokatechumenalna-jawna-herezja-4\/#primaryimage"},"image":{"@id":"https:\/\/wobronietradycjiiwiary.com\/marek-alessio-droga-neokatechumenalna-jawna-herezja-4\/#primaryimage"},"thumbnailUrl":"https:\/\/wobronietradycjiiwiary.com\/wp-content\/uploads\/2016\/02\/sandro-botticelli-dantes.jpg","datePublished":"2015-02-19T13:21:51+00:00","dateModified":"2025-02-07T14:52:24+00:00","breadcrumb":{"@id":"https:\/\/wobronietradycjiiwiary.com\/marek-alessio-droga-neokatechumenalna-jawna-herezja-4\/#breadcrumb"},"inLanguage":"en-US","potentialAction":[{"@type":"ReadAction","target":["https:\/\/wobronietradycjiiwiary.com\/marek-alessio-droga-neokatechumenalna-jawna-herezja-4\/"]}]},{"@type":"ImageObject","inLanguage":"en-US","@id":"https:\/\/wobronietradycjiiwiary.com\/marek-alessio-droga-neokatechumenalna-jawna-herezja-4\/#primaryimage","url":"https:\/\/wobronietradycjiiwiary.com\/wp-content\/uploads\/2016\/02\/sandro-botticelli-dantes.jpg","contentUrl":"https:\/\/wobronietradycjiiwiary.com\/wp-content\/uploads\/2016\/02\/sandro-botticelli-dantes.jpg","width":940,"height":665},{"@type":"BreadcrumbList","@id":"https:\/\/wobronietradycjiiwiary.com\/marek-alessio-droga-neokatechumenalna-jawna-herezja-4\/#breadcrumb","itemListElement":[{"@type":"ListItem","position":1,"name":"Strona g\u0142\u00f3wna","item":"https:\/\/wobronietradycjiiwiary.com\/"},{"@type":"ListItem","position":2,"name":"Marek Alessio, Droga Neokatechumenalna &#8211; jawna herezja (4 z 5)"}]},{"@type":"WebSite","@id":"https:\/\/wobronietradycjiiwiary.com\/pl\/#website","url":"https:\/\/wobronietradycjiiwiary.com\/pl\/","name":"Tradycja i Wiara","description":"Portal dla katolik\u00f3w.","publisher":{"@id":"https:\/\/wobronietradycjiiwiary.com\/pl\/#organization"},"potentialAction":[{"@type":"SearchAction","target":{"@type":"EntryPoint","urlTemplate":"https:\/\/wobronietradycjiiwiary.com\/pl\/?s={search_term_string}"},"query-input":{"@type":"PropertyValueSpecification","valueRequired":true,"valueName":"search_term_string"}}],"inLanguage":"en-US"},{"@type":"Organization","@id":"https:\/\/wobronietradycjiiwiary.com\/pl\/#organization","name":"Tradycja i Wiara","url":"https:\/\/wobronietradycjiiwiary.com\/pl\/","logo":{"@type":"ImageObject","inLanguage":"en-US","@id":"https:\/\/wobronietradycjiiwiary.com\/pl\/#\/schema\/logo\/image\/","url":"https:\/\/i0.wp.com\/wobronietradycjiiwiary.com\/wp-content\/uploads\/2015\/10\/cropped-st-peters-dome-vatican.jpg?fit=940%2C198&ssl=1","contentUrl":"https:\/\/i0.wp.com\/wobronietradycjiiwiary.com\/wp-content\/uploads\/2015\/10\/cropped-st-peters-dome-vatican.jpg?fit=940%2C198&ssl=1","width":940,"height":198,"caption":"Tradycja i Wiara"},"image":{"@id":"https:\/\/wobronietradycjiiwiary.com\/pl\/#\/schema\/logo\/image\/"},"sameAs":["https:\/\/www.facebook.com\/Tradycja-i-Wiara-108813920592249"]},{"@type":"Person","@id":"https:\/\/wobronietradycjiiwiary.com\/pl\/#\/schema\/person\/2d6180ce6abcb681fef0daab7816e8f3","name":"Traditio et Fides","sameAs":["https:\/\/traditionundglauben.com"],"url":"https:\/\/wobronietradycjiiwiary.com\/en\/author\/wobronietradycjiiwiary\/"}]}},"jetpack_publicize_connections":[],"jetpack_sharing_enabled":true,"jetpack_likes_enabled":true,"jetpack_shortlink":"https:\/\/wp.me\/pc04Sd-2ev","jetpack-related-posts":[{"id":8579,"url":"https:\/\/wobronietradycjiiwiary.com\/en\/marek-alessio-droga-neokatechumenalna-jawna-herezja-1\/","url_meta":{"origin":8587,"position":0},"title":"Marek Alessio,  Droga Neokatechumenalna &#8211; jawna herezja (1 z 5)","author":"Traditio et Fides","date":"19 February 2015","format":false,"excerpt":"\u00a0 \u201eDroga Neokatechumenalna\u201d jest jednym z najliczniejszych i najbardziej wp\u0142ywowych \u201enowych ruch\u00f3w ko\u015bcielnych\u201d. Autor tekstu, pod\u0105\u017caj\u0105cy \u201eDrog\u0105\u201d przez siedem lat, ukazuje jej prawdziwy obraz i wyja\u015bnia, dlaczego niedawna \u201einterwencja Watykanu\u201d, o kt\u00f3rej donosi\u0142y media, nie jest w stanie skorygowa\u0107 b\u0142\u0119d\u00f3w \u201eDrogi\u201d. W li\u015bcie apostolskim Ecclesia in America, og\u0142oszonym w roku\u2026","rel":"","context":"In &quot;Neokatechumenat&quot;","block_context":{"text":"Neokatechumenat","link":"https:\/\/wobronietradycjiiwiary.com\/en\/category\/polemika\/kosciol-posoborowy\/nowe-ruchy-w-kosciele\/neokatechumenat-apologetyka\/"},"img":{"alt_text":"","src":"https:\/\/i0.wp.com\/wobronietradycjiiwiary.com\/wp-content\/uploads\/2016\/02\/sandro-botticelli-dantes.jpg?resize=350%2C200&ssl=1","width":350,"height":200,"srcset":"https:\/\/i0.wp.com\/wobronietradycjiiwiary.com\/wp-content\/uploads\/2016\/02\/sandro-botticelli-dantes.jpg?resize=350%2C200&ssl=1 1x, https:\/\/i0.wp.com\/wobronietradycjiiwiary.com\/wp-content\/uploads\/2016\/02\/sandro-botticelli-dantes.jpg?resize=525%2C300&ssl=1 1.5x, https:\/\/i0.wp.com\/wobronietradycjiiwiary.com\/wp-content\/uploads\/2016\/02\/sandro-botticelli-dantes.jpg?resize=700%2C400&ssl=1 2x"},"classes":[]},{"id":8589,"url":"https:\/\/wobronietradycjiiwiary.com\/en\/marek-alessio-droga-neokatechumenalna-jawna-herezja-5\/","url_meta":{"origin":8587,"position":1},"title":"Marek Alessio,  Droga Neokatechumenalna &#8211; jawna herezja (5 z 5)","author":"Traditio et Fides","date":"19 February 2015","format":false,"excerpt":"Zrzucanie maski? Za\u0142o\u017cyciele \u201eDrogi Neokatechumenalnej\u201d, wierz\u0105cy, \u017ce zostali wybrani, przeznaczeni do ocalenia Ko\u015bcio\u0142a, kt\u00f3ry przez pi\u0119tna\u015bcie wiek\u00f3w zbacza\u0142 z w\u0142a\u015bciwej drogi, s\u0105 dla cz\u0142onk\u00f3w swego ruchu prawdziwymi p\u00f3\u0142bogami. Pomi\u0119dzy cz\u0142onkami \u201eDrogi\u201d kr\u0105\u017cy legenda, \u017ce sama Naj\u015bwi\u0119tsza Maryja Panna osobi\u015bcie poinstruowa\u0142a Kiko, jak ma za\u0142o\u017cy\u0107 wsp\u00f3lnoty neokatechumenalne. W swej \u201einterwencji\u201d (mowie)\u2026","rel":"","context":"In &quot;Ko\u015bci\u00f3\u0142 posoborowy&quot;","block_context":{"text":"Ko\u015bci\u00f3\u0142 posoborowy","link":"https:\/\/wobronietradycjiiwiary.com\/en\/category\/polemika\/kosciol-posoborowy\/"},"img":{"alt_text":"","src":"https:\/\/i0.wp.com\/wobronietradycjiiwiary.com\/wp-content\/uploads\/2016\/02\/sandro-botticelli-dantes.jpg?resize=350%2C200&ssl=1","width":350,"height":200,"srcset":"https:\/\/i0.wp.com\/wobronietradycjiiwiary.com\/wp-content\/uploads\/2016\/02\/sandro-botticelli-dantes.jpg?resize=350%2C200&ssl=1 1x, https:\/\/i0.wp.com\/wobronietradycjiiwiary.com\/wp-content\/uploads\/2016\/02\/sandro-botticelli-dantes.jpg?resize=525%2C300&ssl=1 1.5x, https:\/\/i0.wp.com\/wobronietradycjiiwiary.com\/wp-content\/uploads\/2016\/02\/sandro-botticelli-dantes.jpg?resize=700%2C400&ssl=1 2x"},"classes":[]},{"id":8583,"url":"https:\/\/wobronietradycjiiwiary.com\/en\/marek-alessio-droga-neokatechumenalna-jawna-herezja-2\/","url_meta":{"origin":8587,"position":2},"title":"Marek Alessio,  Droga Neokatechumenalna &#8211; jawna herezja (2 z 5)","author":"Traditio et Fides","date":"19 February 2015","format":false,"excerpt":"\u201eLiturgia dla wtajemniczonych\u201d? Eucharystia \u201eDrogi\u201d jest \u2013 w najlepszym razie \u2013 liturgi\u0105 skoncentrowan\u0105 na cz\u0142owieku. Jest wype\u0142nionym gwarem spotkaniem, zdominowanym przez ludzkie kaprysy i osobiste opinie, spotkaniem, w kt\u00f3rym Kalwaria ma jedynie drugorz\u0119dne znaczenie, je\u015bli w og\u00f3le si\u0119 o niej pami\u0119ta. Liturgie te sprawowane s\u0105 w sobotnie wieczory, a podczas\u2026","rel":"","context":"In &quot;Neokatechumenat&quot;","block_context":{"text":"Neokatechumenat","link":"https:\/\/wobronietradycjiiwiary.com\/en\/category\/polemika\/kosciol-posoborowy\/nowe-ruchy-w-kosciele\/neokatechumenat-apologetyka\/"},"img":{"alt_text":"","src":"https:\/\/i0.wp.com\/wobronietradycjiiwiary.com\/wp-content\/uploads\/2016\/02\/sandro-botticelli-dantes.jpg?resize=350%2C200&ssl=1","width":350,"height":200,"srcset":"https:\/\/i0.wp.com\/wobronietradycjiiwiary.com\/wp-content\/uploads\/2016\/02\/sandro-botticelli-dantes.jpg?resize=350%2C200&ssl=1 1x, https:\/\/i0.wp.com\/wobronietradycjiiwiary.com\/wp-content\/uploads\/2016\/02\/sandro-botticelli-dantes.jpg?resize=525%2C300&ssl=1 1.5x, https:\/\/i0.wp.com\/wobronietradycjiiwiary.com\/wp-content\/uploads\/2016\/02\/sandro-botticelli-dantes.jpg?resize=700%2C400&ssl=1 2x"},"classes":[]},{"id":8607,"url":"https:\/\/wobronietradycjiiwiary.com\/en\/neokatechumenat-swiadectwo-1\/","url_meta":{"origin":8587,"position":3},"title":"Neokatechumenat &#8211; \u015awiadectwo (1)","author":"Traditio et Fides","date":"27 February 2016","format":false,"excerpt":"Poniewa\u017c co jaki\u015b czas docieraj\u0105 do nas czytelnicy zwi\u0105zani z neokatechumenatem, dlatego informacji na ten temat nigdy dosy\u0107. Dlatego te\u017c zamieszczamy kilka \u015bwiadectw, kt\u00f3re od lat figuruj\u0105 w internecie, ale Suma teologiczna \u015bwi\u0119tego Tomasza te\u017c od wiek\u00f3w w bibliotekach stoi, b\u0105d\u017a w internecie widnieje, a ma\u0142o kto j\u0105 czyta. Istniej\u0105\u2026","rel":"","context":"In &quot;Neokatechumenat&quot;","block_context":{"text":"Neokatechumenat","link":"https:\/\/wobronietradycjiiwiary.com\/en\/category\/polemika\/kosciol-posoborowy\/nowe-ruchy-w-kosciele\/neokatechumenat-apologetyka\/"},"img":{"alt_text":"","src":"https:\/\/i0.wp.com\/wobronietradycjiiwiary.com\/wp-content\/uploads\/2016\/02\/bartolomeo_di_fruosino_-_inferno_from_the_divine_comedy_by_dante_folio_1v_-_wga01339.jpg?resize=350%2C200&ssl=1","width":350,"height":200,"srcset":"https:\/\/i0.wp.com\/wobronietradycjiiwiary.com\/wp-content\/uploads\/2016\/02\/bartolomeo_di_fruosino_-_inferno_from_the_divine_comedy_by_dante_folio_1v_-_wga01339.jpg?resize=350%2C200&ssl=1 1x, https:\/\/i0.wp.com\/wobronietradycjiiwiary.com\/wp-content\/uploads\/2016\/02\/bartolomeo_di_fruosino_-_inferno_from_the_divine_comedy_by_dante_folio_1v_-_wga01339.jpg?resize=525%2C300&ssl=1 1.5x, https:\/\/i0.wp.com\/wobronietradycjiiwiary.com\/wp-content\/uploads\/2016\/02\/bartolomeo_di_fruosino_-_inferno_from_the_divine_comedy_by_dante_folio_1v_-_wga01339.jpg?resize=700%2C400&ssl=1 2x"},"classes":[]},{"id":8613,"url":"https:\/\/wobronietradycjiiwiary.com\/en\/neokatechumenat-swiadectwo-3\/","url_meta":{"origin":8587,"position":4},"title":"Neokatechumenat &#8211; \u015awiadectwo (3)","author":"Traditio et Fides","date":"6 March 2016","format":false,"excerpt":"Kolejne \u015bwiadectwo by\u0142ego uczestnika \"Drogi\" potwierdzaj\u0105ce to, co ju\u017c wiemy. Mianowicie teori\u0119 podw\u00f3jnej prawdy, zwanej w Ruchu Rodzin Nazareta\u0144skich \"epikej\u0105\". O co chodzi? O k\u0142amstwo. Czy mo\u017ce by\u0107 w tym Duch \u015awi\u0119ty? Nie, mo\u017ce. Ot\u00f3\u017c to. By\u0142em 10 lat w Neokatechumenacie (artyku\u0142 H. W. polemiczny wys\u0142any do \"S\u0142owa\" - niepublikowany)\u2026","rel":"","context":"In &quot;Neokatechumenat&quot;","block_context":{"text":"Neokatechumenat","link":"https:\/\/wobronietradycjiiwiary.com\/en\/category\/polemika\/kosciol-posoborowy\/nowe-ruchy-w-kosciele\/neokatechumenat-apologetyka\/"},"img":{"alt_text":"","src":"https:\/\/i0.wp.com\/wobronietradycjiiwiary.com\/wp-content\/uploads\/2016\/02\/bartolomeo_di_fruosino_-_inferno_from_the_divine_comedy_by_dante_folio_1v_-_wga01339.jpg?resize=350%2C200&ssl=1","width":350,"height":200,"srcset":"https:\/\/i0.wp.com\/wobronietradycjiiwiary.com\/wp-content\/uploads\/2016\/02\/bartolomeo_di_fruosino_-_inferno_from_the_divine_comedy_by_dante_folio_1v_-_wga01339.jpg?resize=350%2C200&ssl=1 1x, https:\/\/i0.wp.com\/wobronietradycjiiwiary.com\/wp-content\/uploads\/2016\/02\/bartolomeo_di_fruosino_-_inferno_from_the_divine_comedy_by_dante_folio_1v_-_wga01339.jpg?resize=525%2C300&ssl=1 1.5x, https:\/\/i0.wp.com\/wobronietradycjiiwiary.com\/wp-content\/uploads\/2016\/02\/bartolomeo_di_fruosino_-_inferno_from_the_divine_comedy_by_dante_folio_1v_-_wga01339.jpg?resize=700%2C400&ssl=1 2x"},"classes":[]},{"id":7259,"url":"https:\/\/wobronietradycjiiwiary.com\/en\/marcin-dybowski-neokatechumenat-na-rozdrozu-1-z-2\/","url_meta":{"origin":8587,"position":5},"title":"Marcin Dybowski, Neokatechumenat na rozdro\u017cu (1 z 3)","author":"Traditio et Fides","date":"6 November 2015","format":false,"excerpt":"Kontynuuj\u0105c w\u0105tek neokatechumenatu przedstawiamy artyku\u0142 Marcina Dybowskiego z roku 2000 na temat tego ruchu. Neokatechumenat si\u0119 od tego czasu nie zmieni\u0142, wi\u0119c aktualno\u015b\u0107 tych spostrze\u017ce\u0144 trwa. Chocia\u017c obecny papie\u017c neokatechumenat, podobnie jak inne negatywne zjawiska w Ko\u015bciele, popiera, to od neokatechumenatu stanowczo odradzamy, posi\u0142kuj\u0105c si\u0119 do\u015bwiadczeniami innych. Opisana poni\u017cej historii\u2026","rel":"","context":"In &quot;Neokatechumenat&quot;","block_context":{"text":"Neokatechumenat","link":"https:\/\/wobronietradycjiiwiary.com\/en\/category\/polemika\/kosciol-posoborowy\/nowe-ruchy-w-kosciele\/neokatechumenat-apologetyka\/"},"img":{"alt_text":"","src":"https:\/\/i0.wp.com\/wobronietradycjiiwiary.com\/wp-content\/uploads\/2015\/09\/4451058392_68592ec456_b.jpg?resize=350%2C200&ssl=1","width":350,"height":200,"srcset":"https:\/\/i0.wp.com\/wobronietradycjiiwiary.com\/wp-content\/uploads\/2015\/09\/4451058392_68592ec456_b.jpg?resize=350%2C200&ssl=1 1x, https:\/\/i0.wp.com\/wobronietradycjiiwiary.com\/wp-content\/uploads\/2015\/09\/4451058392_68592ec456_b.jpg?resize=525%2C300&ssl=1 1.5x, https:\/\/i0.wp.com\/wobronietradycjiiwiary.com\/wp-content\/uploads\/2015\/09\/4451058392_68592ec456_b.jpg?resize=700%2C400&ssl=1 2x"},"classes":[]}],"amp_enabled":true,"jetpack_featured_media_url":"https:\/\/wobronietradycjiiwiary.com\/wp-content\/uploads\/2016\/02\/sandro-botticelli-dantes.jpg","_links":{"self":[{"href":"https:\/\/wobronietradycjiiwiary.com\/en\/wp-json\/wp\/v2\/posts\/8587","targetHints":{"allow":["GET"]}}],"collection":[{"href":"https:\/\/wobronietradycjiiwiary.com\/en\/wp-json\/wp\/v2\/posts"}],"about":[{"href":"https:\/\/wobronietradycjiiwiary.com\/en\/wp-json\/wp\/v2\/types\/post"}],"author":[{"embeddable":true,"href":"https:\/\/wobronietradycjiiwiary.com\/en\/wp-json\/wp\/v2\/users\/60508433"}],"replies":[{"embeddable":true,"href":"https:\/\/wobronietradycjiiwiary.com\/en\/wp-json\/wp\/v2\/comments?post=8587"}],"version-history":[{"count":1,"href":"https:\/\/wobronietradycjiiwiary.com\/en\/wp-json\/wp\/v2\/posts\/8587\/revisions"}],"predecessor-version":[{"id":56760,"href":"https:\/\/wobronietradycjiiwiary.com\/en\/wp-json\/wp\/v2\/posts\/8587\/revisions\/56760"}],"wp:featuredmedia":[{"embeddable":true,"href":"https:\/\/wobronietradycjiiwiary.com\/en\/wp-json\/wp\/v2\/media\/8580"}],"wp:attachment":[{"href":"https:\/\/wobronietradycjiiwiary.com\/en\/wp-json\/wp\/v2\/media?parent=8587"}],"wp:term":[{"taxonomy":"category","embeddable":true,"href":"https:\/\/wobronietradycjiiwiary.com\/en\/wp-json\/wp\/v2\/categories?post=8587"},{"taxonomy":"post_tag","embeddable":true,"href":"https:\/\/wobronietradycjiiwiary.com\/en\/wp-json\/wp\/v2\/tags?post=8587"}],"curies":[{"name":"wp","href":"https:\/\/api.w.org\/{rel}","templated":true}]}}