{"id":83522,"date":"2024-01-07T08:15:40","date_gmt":"2024-01-07T07:15:40","guid":{"rendered":"https:\/\/wobronietradycjiiwiary.com\/?p=83522"},"modified":"2025-02-10T11:28:52","modified_gmt":"2025-02-10T10:28:52","slug":"7-go-stycznia-zywot-swietego-lucyana-meczennika-3","status":"publish","type":"post","link":"https:\/\/wobronietradycjiiwiary.com\/en\/7-go-stycznia-zywot-swietego-lucyana-meczennika-3\/","title":{"rendered":"7-go Stycznia. \u017bywot \u015bwi\u0119tego Lucyana, M\u0119czennika."},"content":{"rendered":"<div id=\"bsf_rt_marker\"><\/div>\n<p class=\"has-text-align-center wp-block-paragraph\">(\u017by\u0142 oko\u0142o roku Pa\u0144skiego 312).<\/p>\n\n\n\n<figure class=\"wp-block-image\"><a href=\"https:\/\/pl.wikisource.org\/wiki\/Plik:%C5%BBywoty_%C5%9Bw._Pa%C5%84skich_na_wszystkie_dnie_roku-Inicja%C5%82-J.png\"><img decoding=\"async\" src=\"https:\/\/upload.wikimedia.org\/wikipedia\/commons\/thumb\/0\/01\/%C5%BBywoty_%C5%9Bw._Pa%C5%84skich_na_wszystkie_dnie_roku-Inicja%C5%82-J.png\/56px-%C5%BBywoty_%C5%9Bw._Pa%C5%84skich_na_wszystkie_dnie_roku-Inicja%C5%82-J.png\" alt=\"J\"\/><\/a><\/figure>\n\n\n\n<p class=\"has-text-align-justify wp-block-paragraph\">Jednym z najucze\u0144szych m\u0119\u017c\u00f3w Ko\u015bcio\u0142a wschodniego by\u0142 Lucyan, urodzony w Samosacie w Syryi. Od pobo\u017cnych rodzic\u00f3w odebra\u0142 wyborne wychowanie. Zaledwie lat dwana\u015bcie licz\u0105c, utraci\u0142 rodzic\u00f3w, odziedziczywszy po nich ogromny maj\u0105tek. Lucyan jednak wszystkie dobra rozda\u0142 mi\u0119dzy ubogich, aby tym sposobem ub\u00f3stwo Chrystusa doskonalej m\u00f3dz na\u015bladowa\u0107. Nast\u0119pnie uda\u0142 si\u0119 do Edessy, gdzie przebywa\u0142 s\u0142ynny nauczyciel Makary i odda\u0142 si\u0119 wy\u017cszym naukom, mianowicie zg\u0142\u0119biaj\u0105c Pismo \u015bwi\u0119te; u\u015bwi\u0119ca\u0142 si\u0119 przytem postem, modlitw\u0105, milczeniem i umartwieniem. Maj\u0105c bardzo ma\u0142e potrzeby, zarabia\u0142 sobie na wy\u017cywienie i przyodziewek przepisywaniem ksi\u0105\u017cek, udzielaj\u0105c z tego lichego zarobku jeszcze niejednej rodzinie ja\u0142mu\u017cny.<\/p>\n\n\n\n<p class=\"has-text-align-justify wp-block-paragraph\"><br>\u2009Antyochia, le\u017c\u0105ca nad pi\u0119knemi wybrze\u017cami rzeki Orontes, by\u0142a w\u00f3wczas po Rzymie i Aleksandryi najpi\u0119kniejszem miastem; dzi\u015b \u015blady tylko z niej pozosta\u0142y. Kwit\u0142a tam sztuka i nauka, cho\u0107 wprawdzie jeszcze w duchu poga\u0144skim; tam\u017ce mieszkali rzymscy namiestnicy i starostowie; ju\u017c Pawe\u0142 \u015bwi\u0119ty urz\u0105dzi\u0142 tam pi\u0119kn\u0105 gmin\u0119 chrze\u015bcija\u0144sk\u0105; tam Piotr \u015bwi\u0119ty za\u0142o\u017cy\u0142 najprz\u00f3d Stolic\u0119 Apostolsk\u0105 i by\u0142a Antyochia wiele lat tem, czem dzisiaj jest Rzym, a po odej\u015bciu \u015bwi\u0119tego Piotra do Rzymu by\u0142a tam\u017ce najznakomitsza Stolica Biskupia. Tam wi\u0119c wszechmocna Opatrzno\u015b\u0107 Boska zawiod\u0142a uczonego Lucyana, aby skarbu swoich wielkich wiadomo\u015bci zu\u017cy\u0142 w s\u0142u\u017cbie Ko\u015bcio\u0142a \u015bwi\u0119tego. Wnet te\u017c Patryarcha tego miasta zwr\u00f3ci\u0142 uwag\u0119 na czysto\u015b\u0107 obyczaj\u00f3w i g\u0142\u0119bok\u0105 nauk\u0119 tego chrze\u015bcija\u0144skiego m\u0142odzie\u0144ca, i wy\u015bwi\u0119ci\u0142 go na kap\u0142ana.<\/p>\n\n\n\n<p class=\"has-text-align-justify wp-block-paragraph\"><br>\u2009Chc\u0105c m\u0142odzie\u017cy pomaga\u0107 do pobo\u017cno\u015bci i nauki, otworzy\u0142 Lucyan szko\u0142\u0119 i zebra\u0142 niema\u0142o m\u0142odzie\u017cy, ucz\u0105c j\u0105 zasad wiary chrze\u015bcija\u0144skiej. Wiekopomn\u0105 tak\u017ce zas\u0142ug\u0119 po\u0142o\u017cy\u0142 oko\u0142o chrze\u015bcija\u0144stwa przez oczyszczenie Pisma \u015bwi\u0119tego Starego i Nowego Testamentu. W owym czasie by\u0142y tylko ksi\u0105\u017cki pisane, a przepisywacze Pisma \u015bwi\u0119tego ju\u017c to nieumy\u015blnie, ju\u017c te\u017c z umys\u0142em porobili omy\u0142ki. Por\u00f3wnaniem przeto naj\u015bci\u015blejszem z dawnemi ksi\u0119gami, uda\u0142o mu si\u0119 Pismu \u015bwi\u0119temu przywr\u00f3ci\u0107 pierwotn\u0105 jego czysto\u015b\u0107.<\/p>\n\n\n\n<p class=\"has-text-align-justify wp-block-paragraph\"><br>\u2009\u015awi\u0119ty Lucyan przebywa\u0142 w\u0142a\u015bnie w Nikomedyi, kiedy za czas\u00f3w cesarza Dyoklecyana wybuch\u0142o srogie prze\u015bladowanie chrze\u015bcijan. Chc\u0105c zniszczy\u0107 wyznawc\u00f3w Chrystusa, pastwi\u0142 si\u0119 Dyoklecyan szczeg\u00f3lnie nad m\u0119\u017cami, maj\u0105cymi w Ko\u015bciele wi\u0119ksze znaczenie. Maksymian, nast\u0119pny cesarz, rezyduj\u0105cy w Antyochii, kaza\u0142 wi\u0119c Lucyana uwi\u0119zi\u0107 i wrzuci\u0107 do wi\u0119zienia. S\u0142ysz\u0105c, i\u017c z twarzy Lucyana bije taka wspania\u0142o\u015b\u0107, \u017ce kto si\u0119 na\u0144 zapatrzy, popada w niebezpiecze\u0144stwo zostania tak\u017ce chrze\u015bcijaninem, stan\u0105\u0142 Maksymian za zas\u0142on\u0105, kiedy \u015awi\u0119tego do niego wprowadzono. Jak zwykle, tak i teraz u\u017cy\u0142 cesarz ju\u017cto najwi\u0119kszych obietnic, ju\u017cto gro\u017ab, aby go do wyrzeczenia si\u0119 Chrystusa nak\u0142oni\u0107. Usi\u0142owania jego okaza\u0142y si\u0119 jednak daremnemi, gdy\u017c Lucyan na wszystko jedn\u0119 tylko mia\u0142 odpowied\u017a, a ta brzmia\u0142a: \u201eJestem chrze\u015bcijaninem, zreszt\u0105 niczego si\u0119 nie spodziewam, nie \u017c\u0105dam, ani te\u017c obawiam!\u201c Maksymian kaza\u0142 go wi\u0119c srodze skatowa\u0107, i na czterna\u015bcie dni po\u0142o\u017cy\u0107 na ostrych skorupach. Zarazem wyda\u0142 rozkaz pilnego baczenia, aby mu nikt po\u017cywienia \u017cadnego nie poda\u0142, zalecaj\u0105c natomiast postawi\u0107 przed nim najsmaczniejsze potrawy mi\u0119sne ze zwierz\u0105t przeznaczonych bogom na ofiary; samo spo\u017cycie bowiem takich potraw s\u0142u\u017cy\u0142o za dow\u00f3d zaparcia si\u0119 Chrystusa.<\/p>\n\n\n\n<p class=\"has-text-align-justify wp-block-paragraph\"><br>\u2009By\u0142a to dla g\u0142odem dr\u0119czonego m\u0119\u017ca straszliwa pokusa, jednak\u017ce Lucyan nie tylko sam jej si\u0119 opar\u0142, lecz nawet reszt\u0119 z nim uwi\u0119zionych chrze\u015bcijan do sta\u0142o\u015bci w wierze zach\u0119ca\u0142. Byli te\u017c wszyscy sta\u0142ymi i spokojnie oczekiwali korony m\u0119cze\u0144skiej; to ich tylko bola\u0142o, \u017ce nie mogli przyst\u0105pi\u0107 do Komunii \u015bwi\u0119tej. Lecz B\u00f3g ich i tu nie opu\u015bci\u0142. Wystarano si\u0119 wi\u0119c tajemnie o\u00a0kielich i wino. Nie by\u0142o wprawdzie o\u0142tarza, ani relikwii, przeto rzek\u0142 Lucyan: \u201eO\u0142tarzem, na kt\u00f3rym Msz\u0119 \u015bwi\u0119t\u0105 odprawi\u0119, niechaj b\u0119dzie pier\u015b moja; s\u0105dz\u0119 bowiem, i\u017c b\u0119dzie ona nie mniej godn\u0105, jak o\u0142tarz zbudowany z drzewa. Wy za\u015b, najmilsi bracia, stanowicie \u015bwi\u0105tyni\u0119!\u201c Odm\u00f3wiwszy z gor\u0105cem nabo\u017ce\u0144stwem modlitwy Mszy \u015bwi\u0119tej i Przemienienia, udzieli\u0142 obecnym Cia\u0142o Pa\u0144skie. By\u0142o to w sam\u0105 uroczysto\u015b\u0107 \u015bw. Trzech Kr\u00f3li.<br><\/p>\n\n\n\n<p class=\"has-text-align-justify wp-block-paragraph\">\u2009Nazajutrz kaza\u0142 si\u0119 cesarz zapyta\u0107, czy Lucyan jeszcze \u017cyje, a ten zebrawszy swe si\u0142y, trzykro\u0107 dono\u015bnym g\u0142osem zawo\u0142a\u0142: \u201eJestem chrze\u015bcijaninem!\u201c<br>\u2009Dumny Maksymian nie mog\u0105c bezustannych tych odpowiedzi \u015bcierpie\u0107, tego samego dnia, to jest 7 stycznia roku 312 \u015bci\u0105\u0107 go nakaza\u0142. Tak umar\u0142 \u015awi\u0119ty po wycierpieniu dziewi\u0119cioletniego wi\u0119zienia i m\u0105k straszliwych. Cia\u0142o jego por\u0105bano na drobne kawa\u0142ki i wrzucono w morze; zr\u00f3s\u0142szy si\u0119 jednak cudownie, wyp\u0142yn\u0119\u0142o pod Drepan\u0105 w Bitynii, gdzie \u015bw. Helena, cesarzowa, na grobie jego wybudowa\u0142a wspania\u0142\u0105 \u015bwi\u0105tyni\u0119.<\/p>\n\n\n\n<h3 class=\"wp-block-heading\"><br><strong>Nauka moralna.<\/strong><\/h3>\n\n\n\n<p class=\"has-text-align-justify wp-block-paragraph\">\u2009\u015awi\u0119ty Lucyan i uwi\u0119zieni z nim chrze\u015bcijanie postarali si\u0119 o sposobno\u015b\u0107 odprawienia Ofiary Mszy \u015bwi\u0119tej i przyj\u0119cia Komunii. Dowodzi to, z jak chwalebn\u0105 gorliwo\u015bci\u0105 pierwsi chrze\u015bcijanie za czas\u00f3w prze\u015bladowa\u0144 starali si\u0119 o korzystanie z \u0142ask, jakich si\u0119 dost\u0119puje przez obecno\u015b\u0107 na Mszy i przyj\u0119cie Komunii \u015bwi\u0119tej, nie bacz\u0105c na przeszkody i zachodz\u0105ce trudne okoliczno\u015bci. O ile wi\u0119c godniejsz\u0105 po\u017ca\u0142owania a zarazem karygodniejsz\u0105 jest ozi\u0119b\u0142o\u015b\u0107, z jak\u0105 wielu katolickich chrze\u015bcijan usuwa si\u0119 od uroczysto\u015bci ko\u015bcielnych i przyjmowania Sakrament\u00f3w \u015bwi\u0119tych, lubo do tego maj\u0105 jak najlepsz\u0105 sposobno\u015b\u0107. Czy katolik s\u0105dzi, \u017ce ju\u017c wszystkiemu zadosy\u0107 uczyni\u0142, gdy w Niedziel\u0119 wys\u0142ucha Mszy \u015bwi\u0119tej i raz do roku przyjmuje Sakramenta \u015bwi\u0119te? Przeciwnie, jest to fa\u0142szywe, bo nawet zupe\u0142nie niekatolickie mniemanie. Kto bowiem prawdziwie i z ca\u0142ego serca jest katolikiem, stara si\u0119 o ile mo\u017cno\u015bci jak najwi\u0119cej wzbogaca\u0107 sw\u0105 dusz\u0119 skarbami \u0142aski \u015bwi\u0119tej swej Religii. Nie zadowoli si\u0119 tylko konieczno\u015bci\u0105, chodz\u0105c jakoby przymuszony do ko\u015bcio\u0142a i spowiedzi, lecz skorzysta z ka\u017cdej sposobno\u015bci uczestniczenia w obrz\u0105dkach ko\u015bcielnych i przyst\u0119powania do Sakrament\u00f3w \u015bwi\u0119tych, wo\u0142aj\u0105c razem z Psalmist\u0105: \u201eWeseli\u0142em si\u0119 z tego, co mi powiedziano: P\u00f3jd\u0119 do domu Pa\u0144skiego.\u201c (Ps. 121, 1).<br><\/p>\n\n\n\n<h3 class=\"wp-block-heading\"><strong>Modlitwa.<\/strong><\/h3>\n\n\n\n<blockquote class=\"wp-block-quote is-layout-flow wp-block-quote-is-layout-flow\"><p>\u2009Bo\u017ce m\u00f3j i Zbawicielu! Udzieli\u0142e\u015b mi \u0142aski \u015bwi\u0119tej Wiary, racz wi\u0119c te\u017c \u0142askawie sprawi\u0107, abym j\u0105 wsz\u0119dzie uczynkami okazywa\u0142, a za przyczyn\u0105 cz\u0119stego i nabo\u017cnego s\u0142uchania Mszy \u015bwi\u0119tej, jako te\u017c cz\u0119stego i godnego przyst\u0119powania do Sakrament\u00f3w \u015bwi\u0119tych sta\u0142 si\u0119 uczestnikiem ich b\u0142ogich i zbawiennych owoc\u00f3w. Przez Pana naszego Jezusa\u00a0Chrystusa, kt\u00f3ry \u017cyje i kr\u00f3luje na wieki wiek\u00f3w. Amen.<\/p><\/blockquote>\n\n\n\n<figure class=\"wp-block-table\"><table><tbody><tr><td>\u2217&nbsp;&nbsp;&nbsp;&nbsp;&nbsp;&nbsp;&nbsp;&nbsp;&nbsp;&nbsp;&nbsp;&nbsp;&nbsp;&nbsp;&nbsp;&nbsp;&nbsp;&nbsp;&nbsp;&nbsp;\u2217<br>\u2217<\/td><\/tr><\/tbody><\/table><\/figure>\n\n\n\n<p class=\"wp-block-paragraph\"><em>Opr\u00f3cz tego obchodzi Ko\u015bci\u00f3\u0142 \u015bwi\u0119ty pami\u0105tk\u0119 nast\u0119puj\u0105cych \u015awi\u0119tych Pa\u0144skich, zamieszczonych w rzymskiem martyrologium:<\/em><\/p>\n\n\n\n<p class=\"wp-block-paragraph\">\u2009<strong>Dnia 7-go stycznia<\/strong>&nbsp;powr\u00f3t Dzieci\u0119cia Jezus z Egiptu. \u2014 Tego samego dnia \u015bmier\u0107 \u015bw.&nbsp;Lucyana Antyoche\u0144skiego, Kap\u0142ana i M\u0119czennika: ja\u015bniej\u0105c sw\u0105 nauk\u0105 i pot\u0119g\u0105 wymowy, umar\u0142 dla wiary za panowania Galeryusza Maksymiana i pochowano go w Helenopolis w Bitynii; jego zalety uczci\u0142 \u015bw. Jan Chryzostom. \u2014 W Antyochii \u015bw.&nbsp;Klerusa, Dyakona, kt\u00f3rego za wiar\u0119 siedmiokro\u0107 rozpr\u0119\u017cono na torturach, przyczem dr\u0119czony d\u0142ugotrwa\u0142\u0105 ka\u017ani\u0105, wreszcie zosta\u0142 \u015bci\u0119ty. \u2014 W Heraklei \u015bw.&nbsp;Feliksa i Januaryusza, M\u0119czennik\u00f3w. \u2014 Tego samego dnia \u015bwi\u0119tego&nbsp;Juliana, M\u0119czennika. \u2014 W Danii \u015bwi\u0119tego&nbsp;Kanuta, Kr\u00f3la i M\u0119czennika; uroczysto\u015b\u0107 jego obchodzi si\u0119 19-go tego samego miesi\u0105ca. \u2014 W Pawii \u015bw.&nbsp;Kryspina, Biskupa i Wyznawcy. \u2014 W Dacyi \u015bw.&nbsp;Nicetasa, Biskupa, kt\u00f3ry g\u0142osz\u0105c Ewangeli\u0119, dzikie i nieokrzesane plemiona tych\u017ce okolic zamieni\u0142 na obyczajnych i spokojnych ludzi. \u2014 W Egipcie \u015bw.&nbsp;Teodora, Zakonnika, kt\u00f3ry za czas\u00f3w Konstantyna Wielkiego odznacza\u0142 si\u0119 sw\u0105 \u015bwi\u0119tobliwo\u015bci\u0105; pami\u0119\u0107 jego uczci\u0142 \u015bw. Atanazy w \u017cywocie \u015bw. Antoniego. \u2014 W Barcelonie \u015bw.&nbsp;Rajmunda z Pennafort, Dominikanina, ja\u015bniej\u0105cego sw\u0105 g\u0142\u0119bok\u0105 nauk\u0105 i \u015bwi\u0119tobliwo\u015bci\u0105; uroczysto\u015b\u0107 jego obchodzi si\u0119 dnia 23-go tego miesi\u0105ca.<\/p>","protected":false},"excerpt":{"rendered":"<p>\u015bw. Lucjan z Antiochii zosta\u0142 \u015bci\u0119ty tu\u017c przed edyktem Mediola\u0144skim, a przebywa\u0142 w wi\u0119zieniu lat 9. On i podobni jemu wys\u0142u\u017cyli wolno\u015b\u0107 dla innych.<\/p>","protected":false},"author":60508433,"featured_media":40718,"comment_status":"open","ping_status":"open","sticky":false,"template":"","format":"standard","meta":{"_bbp_topic_count":0,"_bbp_reply_count":0,"_bbp_total_topic_count":0,"_bbp_total_reply_count":0,"_bbp_voice_count":0,"_bbp_anonymous_reply_count":0,"_bbp_topic_count_hidden":0,"_bbp_reply_count_hidden":0,"_bbp_forum_subforum_count":0,"_editorskit_title_hidden":false,"_editorskit_reading_time":0,"_editorskit_is_block_options_detached":false,"_editorskit_block_options_position":"{}","_coblocks_attr":"","_coblocks_dimensions":"","_coblocks_responsive_height":"","_coblocks_accordion_ie_support":"","_exactmetrics_skip_tracking":false,"_jetpack_newsletter_access":"","_jetpack_dont_email_post_to_subs":false,"_jetpack_newsletter_tier_id":0,"_jetpack_memberships_contains_paywalled_content":false,"_wpcom_ai_launchpad_first_post":false,"_jetpack_feature_clip_id":0,"_jetpack_memberships_contains_paid_content":false,"footnotes":"","jetpack_publicize_message":"{title}\n\n{excerpt}\n\n{url}","jetpack_publicize_feature_enabled":true,"jetpack_social_post_already_shared":true,"jetpack_social_options":{"image_generator_settings":{"template":"highway","default_image_id":0,"font":"","enabled":false},"version":2},"_wpas_customize_per_network":false,"jetpack_post_was_ever_published":false},"categories":[610131816,610131184,336375535,610134932,610131155,610132042],"tags":[610133352],"class_list":["post-83522","post","type-post","status-publish","format-standard","has-post-thumbnail","hentry","category-swieta-w-styczniu","category-duchowosc","category-liturgia-i-liturgika","category-mescy-swieci","category-rozwazania","category-zywoty-swietych","tag-mescy-swieci"],"yoast_head":"<!-- This site is optimized with the Yoast SEO plugin v28.4 - https:\/\/yoast.com\/product\/yoast-seo-wordpress\/ -->\n<title>7-go Stycznia. \u017bywot \u015bwi\u0119tego Lucyana, M\u0119czennika. - Tradycja i Wiara<\/title>\n<meta name=\"robots\" content=\"index, follow, max-snippet:-1, max-image-preview:large, max-video-preview:-1\" \/>\n<link rel=\"canonical\" href=\"https:\/\/wobronietradycjiiwiary.com\/en\/7-go-stycznia-zywot-swietego-lucyana-meczennika-3\/\" \/>\n<meta property=\"og:locale\" content=\"en_US\" \/>\n<meta property=\"og:type\" content=\"article\" \/>\n<meta property=\"og:title\" content=\"7-go Stycznia. \u017bywot \u015bwi\u0119tego Lucyana, M\u0119czennika. - Tradycja i Wiara\" \/>\n<meta property=\"og:description\" content=\"\u015bw. Lucjan z Antiochii zosta\u0142 \u015bci\u0119ty tu\u017c przed edyktem Mediola\u0144skim, a przebywa\u0142 w wi\u0119zieniu lat 9. On i podobni jemu wys\u0142u\u017cyli wolno\u015b\u0107 dla innych.\" \/>\n<meta property=\"og:url\" content=\"https:\/\/wobronietradycjiiwiary.com\/en\/7-go-stycznia-zywot-swietego-lucyana-meczennika-3\/\" \/>\n<meta property=\"og:site_name\" content=\"Tradycja i Wiara\" \/>\n<meta property=\"article:publisher\" content=\"https:\/\/www.facebook.com\/Tradycja-i-Wiara-108813920592249\" \/>\n<meta property=\"article:published_time\" content=\"2024-01-07T07:15:40+00:00\" \/>\n<meta property=\"article:modified_time\" content=\"2025-02-10T10:28:52+00:00\" \/>\n<meta property=\"og:image\" content=\"https:\/\/wobronietradycjiiwiary.com\/wp-content\/uploads\/2021\/01\/Lucian_of_Antioch_Menologion_of_Basil_II-scaled.jpg\" \/>\n\t<meta property=\"og:image:width\" content=\"1920\" \/>\n\t<meta property=\"og:image:height\" content=\"1299\" \/>\n\t<meta property=\"og:image:type\" content=\"image\/jpeg\" \/>\n<meta name=\"author\" content=\"Traditio et Fides\" \/>\n<meta name=\"twitter:card\" content=\"summary_large_image\" \/>\n<meta name=\"twitter:label1\" content=\"Written by\" \/>\n\t<meta name=\"twitter:data1\" content=\"Traditio et Fides\" \/>\n\t<meta name=\"twitter:label2\" content=\"Est. reading time\" \/>\n\t<meta name=\"twitter:data2\" content=\"7 minutes\" \/>\n<script type=\"application\/ld+json\" class=\"yoast-schema-graph\">{\"@context\":\"https:\\\/\\\/schema.org\",\"@graph\":[{\"@type\":\"Article\",\"@id\":\"https:\\\/\\\/wobronietradycjiiwiary.com\\\/7-go-stycznia-zywot-swietego-lucyana-meczennika-3\\\/#article\",\"isPartOf\":{\"@id\":\"https:\\\/\\\/wobronietradycjiiwiary.com\\\/7-go-stycznia-zywot-swietego-lucyana-meczennika-3\\\/\"},\"author\":{\"name\":\"Traditio et Fides\",\"@id\":\"https:\\\/\\\/wobronietradycjiiwiary.com\\\/pl\\\/#\\\/schema\\\/person\\\/2d6180ce6abcb681fef0daab7816e8f3\"},\"headline\":\"7-go Stycznia. \u017bywot \u015bwi\u0119tego Lucyana, M\u0119czennika.\",\"datePublished\":\"2024-01-07T07:15:40+00:00\",\"dateModified\":\"2025-02-10T10:28:52+00:00\",\"mainEntityOfPage\":{\"@id\":\"https:\\\/\\\/wobronietradycjiiwiary.com\\\/7-go-stycznia-zywot-swietego-lucyana-meczennika-3\\\/\"},\"wordCount\":1432,\"commentCount\":0,\"publisher\":{\"@id\":\"https:\\\/\\\/wobronietradycjiiwiary.com\\\/pl\\\/#organization\"},\"image\":{\"@id\":\"https:\\\/\\\/wobronietradycjiiwiary.com\\\/7-go-stycznia-zywot-swietego-lucyana-meczennika-3\\\/#primaryimage\"},\"thumbnailUrl\":\"https:\\\/\\\/wobronietradycjiiwiary.com\\\/wp-content\\\/uploads\\\/2021\\\/01\\\/Lucian_of_Antioch_Menologion_of_Basil_II-scaled.jpg\",\"keywords\":[\"m\u0119scy \u015bwi\u0119ci\"],\"articleSection\":[\"01. \u015awi\u0119ta w styczniu\",\"Duchowo\u015b\u0107\",\"Liturgia i liturgika\",\"M\u0119scy \u015bwi\u0119ci\",\"Rozwa\u017cania liturgiczne\",\"\u017bywoty \u015awi\u0119tych\"],\"inLanguage\":\"en-US\",\"potentialAction\":[{\"@type\":\"CommentAction\",\"name\":\"Comment\",\"target\":[\"https:\\\/\\\/wobronietradycjiiwiary.com\\\/7-go-stycznia-zywot-swietego-lucyana-meczennika-3\\\/#respond\"]}]},{\"@type\":\"WebPage\",\"@id\":\"https:\\\/\\\/wobronietradycjiiwiary.com\\\/7-go-stycznia-zywot-swietego-lucyana-meczennika-3\\\/\",\"url\":\"https:\\\/\\\/wobronietradycjiiwiary.com\\\/7-go-stycznia-zywot-swietego-lucyana-meczennika-3\\\/\",\"name\":\"7-go Stycznia. \u017bywot \u015bwi\u0119tego Lucyana, M\u0119czennika. - Tradycja i Wiara\",\"isPartOf\":{\"@id\":\"https:\\\/\\\/wobronietradycjiiwiary.com\\\/pl\\\/#website\"},\"primaryImageOfPage\":{\"@id\":\"https:\\\/\\\/wobronietradycjiiwiary.com\\\/7-go-stycznia-zywot-swietego-lucyana-meczennika-3\\\/#primaryimage\"},\"image\":{\"@id\":\"https:\\\/\\\/wobronietradycjiiwiary.com\\\/7-go-stycznia-zywot-swietego-lucyana-meczennika-3\\\/#primaryimage\"},\"thumbnailUrl\":\"https:\\\/\\\/wobronietradycjiiwiary.com\\\/wp-content\\\/uploads\\\/2021\\\/01\\\/Lucian_of_Antioch_Menologion_of_Basil_II-scaled.jpg\",\"datePublished\":\"2024-01-07T07:15:40+00:00\",\"dateModified\":\"2025-02-10T10:28:52+00:00\",\"breadcrumb\":{\"@id\":\"https:\\\/\\\/wobronietradycjiiwiary.com\\\/7-go-stycznia-zywot-swietego-lucyana-meczennika-3\\\/#breadcrumb\"},\"inLanguage\":\"en-US\",\"potentialAction\":[{\"@type\":\"ReadAction\",\"target\":[\"https:\\\/\\\/wobronietradycjiiwiary.com\\\/7-go-stycznia-zywot-swietego-lucyana-meczennika-3\\\/\"]}]},{\"@type\":\"ImageObject\",\"inLanguage\":\"en-US\",\"@id\":\"https:\\\/\\\/wobronietradycjiiwiary.com\\\/7-go-stycznia-zywot-swietego-lucyana-meczennika-3\\\/#primaryimage\",\"url\":\"https:\\\/\\\/wobronietradycjiiwiary.com\\\/wp-content\\\/uploads\\\/2021\\\/01\\\/Lucian_of_Antioch_Menologion_of_Basil_II-scaled.jpg\",\"contentUrl\":\"https:\\\/\\\/wobronietradycjiiwiary.com\\\/wp-content\\\/uploads\\\/2021\\\/01\\\/Lucian_of_Antioch_Menologion_of_Basil_II-scaled.jpg\",\"width\":1920,\"height\":1299},{\"@type\":\"BreadcrumbList\",\"@id\":\"https:\\\/\\\/wobronietradycjiiwiary.com\\\/7-go-stycznia-zywot-swietego-lucyana-meczennika-3\\\/#breadcrumb\",\"itemListElement\":[{\"@type\":\"ListItem\",\"position\":1,\"name\":\"Strona g\u0142\u00f3wna\",\"item\":\"https:\\\/\\\/wobronietradycjiiwiary.com\\\/\"},{\"@type\":\"ListItem\",\"position\":2,\"name\":\"7-go Stycznia. \u017bywot \u015bwi\u0119tego Lucyana, M\u0119czennika.\"}]},{\"@type\":\"WebSite\",\"@id\":\"https:\\\/\\\/wobronietradycjiiwiary.com\\\/pl\\\/#website\",\"url\":\"https:\\\/\\\/wobronietradycjiiwiary.com\\\/pl\\\/\",\"name\":\"Tradycja i Wiara\",\"description\":\"Portal dla katolik\u00f3w.\",\"publisher\":{\"@id\":\"https:\\\/\\\/wobronietradycjiiwiary.com\\\/pl\\\/#organization\"},\"potentialAction\":[{\"@type\":\"SearchAction\",\"target\":{\"@type\":\"EntryPoint\",\"urlTemplate\":\"https:\\\/\\\/wobronietradycjiiwiary.com\\\/pl\\\/?s={search_term_string}\"},\"query-input\":{\"@type\":\"PropertyValueSpecification\",\"valueRequired\":true,\"valueName\":\"search_term_string\"}}],\"inLanguage\":\"en-US\"},{\"@type\":\"Organization\",\"@id\":\"https:\\\/\\\/wobronietradycjiiwiary.com\\\/pl\\\/#organization\",\"name\":\"Tradycja i Wiara\",\"url\":\"https:\\\/\\\/wobronietradycjiiwiary.com\\\/pl\\\/\",\"logo\":{\"@type\":\"ImageObject\",\"inLanguage\":\"en-US\",\"@id\":\"https:\\\/\\\/wobronietradycjiiwiary.com\\\/pl\\\/#\\\/schema\\\/logo\\\/image\\\/\",\"url\":\"https:\\\/\\\/i0.wp.com\\\/wobronietradycjiiwiary.com\\\/wp-content\\\/uploads\\\/2015\\\/10\\\/cropped-st-peters-dome-vatican.jpg?fit=940%2C198&ssl=1\",\"contentUrl\":\"https:\\\/\\\/i0.wp.com\\\/wobronietradycjiiwiary.com\\\/wp-content\\\/uploads\\\/2015\\\/10\\\/cropped-st-peters-dome-vatican.jpg?fit=940%2C198&ssl=1\",\"width\":940,\"height\":198,\"caption\":\"Tradycja i Wiara\"},\"image\":{\"@id\":\"https:\\\/\\\/wobronietradycjiiwiary.com\\\/pl\\\/#\\\/schema\\\/logo\\\/image\\\/\"},\"sameAs\":[\"https:\\\/\\\/www.facebook.com\\\/Tradycja-i-Wiara-108813920592249\"]},{\"@type\":\"Person\",\"@id\":\"https:\\\/\\\/wobronietradycjiiwiary.com\\\/pl\\\/#\\\/schema\\\/person\\\/2d6180ce6abcb681fef0daab7816e8f3\",\"name\":\"Traditio et Fides\",\"sameAs\":[\"https:\\\/\\\/traditionundglauben.com\"],\"url\":\"https:\\\/\\\/wobronietradycjiiwiary.com\\\/en\\\/author\\\/wobronietradycjiiwiary\\\/\"}]}<\/script>\n<!-- \/ Yoast SEO plugin. -->","yoast_head_json":{"title":"7-go Stycznia. \u017bywot \u015bwi\u0119tego Lucyana, M\u0119czennika. - Tradycja i Wiara","robots":{"index":"index","follow":"follow","max-snippet":"max-snippet:-1","max-image-preview":"max-image-preview:large","max-video-preview":"max-video-preview:-1"},"canonical":"https:\/\/wobronietradycjiiwiary.com\/en\/7-go-stycznia-zywot-swietego-lucyana-meczennika-3\/","og_locale":"en_US","og_type":"article","og_title":"7-go Stycznia. \u017bywot \u015bwi\u0119tego Lucyana, M\u0119czennika. - Tradycja i Wiara","og_description":"\u015bw. Lucjan z Antiochii zosta\u0142 \u015bci\u0119ty tu\u017c przed edyktem Mediola\u0144skim, a przebywa\u0142 w wi\u0119zieniu lat 9. On i podobni jemu wys\u0142u\u017cyli wolno\u015b\u0107 dla innych.","og_url":"https:\/\/wobronietradycjiiwiary.com\/en\/7-go-stycznia-zywot-swietego-lucyana-meczennika-3\/","og_site_name":"Tradycja i Wiara","article_publisher":"https:\/\/www.facebook.com\/Tradycja-i-Wiara-108813920592249","article_published_time":"2024-01-07T07:15:40+00:00","article_modified_time":"2025-02-10T10:28:52+00:00","og_image":[{"width":1920,"height":1299,"url":"https:\/\/wobronietradycjiiwiary.com\/wp-content\/uploads\/2021\/01\/Lucian_of_Antioch_Menologion_of_Basil_II-scaled.jpg","type":"image\/jpeg"}],"author":"Traditio et Fides","twitter_card":"summary_large_image","twitter_misc":{"Written by":"Traditio et Fides","Est. reading time":"7 minutes"},"schema":{"@context":"https:\/\/schema.org","@graph":[{"@type":"Article","@id":"https:\/\/wobronietradycjiiwiary.com\/7-go-stycznia-zywot-swietego-lucyana-meczennika-3\/#article","isPartOf":{"@id":"https:\/\/wobronietradycjiiwiary.com\/7-go-stycznia-zywot-swietego-lucyana-meczennika-3\/"},"author":{"name":"Traditio et Fides","@id":"https:\/\/wobronietradycjiiwiary.com\/pl\/#\/schema\/person\/2d6180ce6abcb681fef0daab7816e8f3"},"headline":"7-go Stycznia. \u017bywot \u015bwi\u0119tego Lucyana, M\u0119czennika.","datePublished":"2024-01-07T07:15:40+00:00","dateModified":"2025-02-10T10:28:52+00:00","mainEntityOfPage":{"@id":"https:\/\/wobronietradycjiiwiary.com\/7-go-stycznia-zywot-swietego-lucyana-meczennika-3\/"},"wordCount":1432,"commentCount":0,"publisher":{"@id":"https:\/\/wobronietradycjiiwiary.com\/pl\/#organization"},"image":{"@id":"https:\/\/wobronietradycjiiwiary.com\/7-go-stycznia-zywot-swietego-lucyana-meczennika-3\/#primaryimage"},"thumbnailUrl":"https:\/\/wobronietradycjiiwiary.com\/wp-content\/uploads\/2021\/01\/Lucian_of_Antioch_Menologion_of_Basil_II-scaled.jpg","keywords":["m\u0119scy \u015bwi\u0119ci"],"articleSection":["01. \u015awi\u0119ta w styczniu","Duchowo\u015b\u0107","Liturgia i liturgika","M\u0119scy \u015bwi\u0119ci","Rozwa\u017cania liturgiczne","\u017bywoty \u015awi\u0119tych"],"inLanguage":"en-US","potentialAction":[{"@type":"CommentAction","name":"Comment","target":["https:\/\/wobronietradycjiiwiary.com\/7-go-stycznia-zywot-swietego-lucyana-meczennika-3\/#respond"]}]},{"@type":"WebPage","@id":"https:\/\/wobronietradycjiiwiary.com\/7-go-stycznia-zywot-swietego-lucyana-meczennika-3\/","url":"https:\/\/wobronietradycjiiwiary.com\/7-go-stycznia-zywot-swietego-lucyana-meczennika-3\/","name":"7-go Stycznia. \u017bywot \u015bwi\u0119tego Lucyana, M\u0119czennika. - Tradycja i Wiara","isPartOf":{"@id":"https:\/\/wobronietradycjiiwiary.com\/pl\/#website"},"primaryImageOfPage":{"@id":"https:\/\/wobronietradycjiiwiary.com\/7-go-stycznia-zywot-swietego-lucyana-meczennika-3\/#primaryimage"},"image":{"@id":"https:\/\/wobronietradycjiiwiary.com\/7-go-stycznia-zywot-swietego-lucyana-meczennika-3\/#primaryimage"},"thumbnailUrl":"https:\/\/wobronietradycjiiwiary.com\/wp-content\/uploads\/2021\/01\/Lucian_of_Antioch_Menologion_of_Basil_II-scaled.jpg","datePublished":"2024-01-07T07:15:40+00:00","dateModified":"2025-02-10T10:28:52+00:00","breadcrumb":{"@id":"https:\/\/wobronietradycjiiwiary.com\/7-go-stycznia-zywot-swietego-lucyana-meczennika-3\/#breadcrumb"},"inLanguage":"en-US","potentialAction":[{"@type":"ReadAction","target":["https:\/\/wobronietradycjiiwiary.com\/7-go-stycznia-zywot-swietego-lucyana-meczennika-3\/"]}]},{"@type":"ImageObject","inLanguage":"en-US","@id":"https:\/\/wobronietradycjiiwiary.com\/7-go-stycznia-zywot-swietego-lucyana-meczennika-3\/#primaryimage","url":"https:\/\/wobronietradycjiiwiary.com\/wp-content\/uploads\/2021\/01\/Lucian_of_Antioch_Menologion_of_Basil_II-scaled.jpg","contentUrl":"https:\/\/wobronietradycjiiwiary.com\/wp-content\/uploads\/2021\/01\/Lucian_of_Antioch_Menologion_of_Basil_II-scaled.jpg","width":1920,"height":1299},{"@type":"BreadcrumbList","@id":"https:\/\/wobronietradycjiiwiary.com\/7-go-stycznia-zywot-swietego-lucyana-meczennika-3\/#breadcrumb","itemListElement":[{"@type":"ListItem","position":1,"name":"Strona g\u0142\u00f3wna","item":"https:\/\/wobronietradycjiiwiary.com\/"},{"@type":"ListItem","position":2,"name":"7-go Stycznia. \u017bywot \u015bwi\u0119tego Lucyana, M\u0119czennika."}]},{"@type":"WebSite","@id":"https:\/\/wobronietradycjiiwiary.com\/pl\/#website","url":"https:\/\/wobronietradycjiiwiary.com\/pl\/","name":"Tradycja i Wiara","description":"Portal dla katolik\u00f3w.","publisher":{"@id":"https:\/\/wobronietradycjiiwiary.com\/pl\/#organization"},"potentialAction":[{"@type":"SearchAction","target":{"@type":"EntryPoint","urlTemplate":"https:\/\/wobronietradycjiiwiary.com\/pl\/?s={search_term_string}"},"query-input":{"@type":"PropertyValueSpecification","valueRequired":true,"valueName":"search_term_string"}}],"inLanguage":"en-US"},{"@type":"Organization","@id":"https:\/\/wobronietradycjiiwiary.com\/pl\/#organization","name":"Tradycja i Wiara","url":"https:\/\/wobronietradycjiiwiary.com\/pl\/","logo":{"@type":"ImageObject","inLanguage":"en-US","@id":"https:\/\/wobronietradycjiiwiary.com\/pl\/#\/schema\/logo\/image\/","url":"https:\/\/i0.wp.com\/wobronietradycjiiwiary.com\/wp-content\/uploads\/2015\/10\/cropped-st-peters-dome-vatican.jpg?fit=940%2C198&ssl=1","contentUrl":"https:\/\/i0.wp.com\/wobronietradycjiiwiary.com\/wp-content\/uploads\/2015\/10\/cropped-st-peters-dome-vatican.jpg?fit=940%2C198&ssl=1","width":940,"height":198,"caption":"Tradycja i Wiara"},"image":{"@id":"https:\/\/wobronietradycjiiwiary.com\/pl\/#\/schema\/logo\/image\/"},"sameAs":["https:\/\/www.facebook.com\/Tradycja-i-Wiara-108813920592249"]},{"@type":"Person","@id":"https:\/\/wobronietradycjiiwiary.com\/pl\/#\/schema\/person\/2d6180ce6abcb681fef0daab7816e8f3","name":"Traditio et Fides","sameAs":["https:\/\/traditionundglauben.com"],"url":"https:\/\/wobronietradycjiiwiary.com\/en\/author\/wobronietradycjiiwiary\/"}]}},"jetpack_publicize_connections":[],"jetpack_sharing_enabled":true,"jetpack_likes_enabled":true,"jetpack_shortlink":"https:\/\/wp.me\/pc04Sd-lJ8","jetpack-related-posts":[{"id":83511,"url":"https:\/\/wobronietradycjiiwiary.com\/en\/7-go-stycznia-zywot-swietego-lucyana-meczennika-2-2\/","url_meta":{"origin":83522,"position":0},"title":"7-go Stycznia. \u017bywot \u015bwi\u0119tego Lucyana, M\u0119czennika.","author":"Traditio et Fides","date":"7 January 2023","format":false,"excerpt":"\u015bw. Lucjan z Antiochii zosta\u0142 \u015bci\u0119ty tu\u017c przed edyktem Mediola\u0144skim, a przebywa\u0142 w wi\u0119zieniu lat 9. On i podobni jemu wys\u0142u\u017cyli wolno\u015b\u0107 dla innych.","rel":"","context":"In &quot;01. \u015awi\u0119ta w styczniu&quot;","block_context":{"text":"01. \u015awi\u0119ta w styczniu","link":"https:\/\/wobronietradycjiiwiary.com\/en\/category\/duchowosc\/liturgia-i-liturgika\/rozwazania\/rok-liturgiczny\/swieta-w-styczniu\/"},"img":{"alt_text":"","src":"https:\/\/i0.wp.com\/wobronietradycjiiwiary.com\/wp-content\/uploads\/2021\/01\/Lucian_of_Antioch_Menologion_of_Basil_II-scaled.jpg?resize=350%2C200&ssl=1","width":350,"height":200,"srcset":"https:\/\/i0.wp.com\/wobronietradycjiiwiary.com\/wp-content\/uploads\/2021\/01\/Lucian_of_Antioch_Menologion_of_Basil_II-scaled.jpg?resize=350%2C200&ssl=1 1x, https:\/\/i0.wp.com\/wobronietradycjiiwiary.com\/wp-content\/uploads\/2021\/01\/Lucian_of_Antioch_Menologion_of_Basil_II-scaled.jpg?resize=525%2C300&ssl=1 1.5x, https:\/\/i0.wp.com\/wobronietradycjiiwiary.com\/wp-content\/uploads\/2021\/01\/Lucian_of_Antioch_Menologion_of_Basil_II-scaled.jpg?resize=700%2C400&ssl=1 2x, https:\/\/i0.wp.com\/wobronietradycjiiwiary.com\/wp-content\/uploads\/2021\/01\/Lucian_of_Antioch_Menologion_of_Basil_II-scaled.jpg?resize=1050%2C600&ssl=1 3x, https:\/\/i0.wp.com\/wobronietradycjiiwiary.com\/wp-content\/uploads\/2021\/01\/Lucian_of_Antioch_Menologion_of_Basil_II-scaled.jpg?resize=1400%2C800&ssl=1 4x"},"classes":[]},{"id":40714,"url":"https:\/\/wobronietradycjiiwiary.com\/en\/7-go-stycznia-zywot-swietego-lucyana-meczennika\/","url_meta":{"origin":83522,"position":1},"title":"7-go Stycznia. \u017bywot \u015bwi\u0119tego Lucyana, M\u0119czennika.","author":"Traditio et Fides","date":"7 January 2021","format":false,"excerpt":"\u015bw. Lucjan z Antiochii zosta\u0142 \u015bci\u0119ty tu\u017c przed edyktem Mediola\u0144skim, a przebywa\u0142 w wi\u0119zieniu lat 9. On i podobni jemu wys\u0142u\u017cyli wolno\u015b\u0107 dla innych.","rel":"","context":"In &quot;01. \u015awi\u0119ta w styczniu&quot;","block_context":{"text":"01. \u015awi\u0119ta w styczniu","link":"https:\/\/wobronietradycjiiwiary.com\/en\/category\/duchowosc\/liturgia-i-liturgika\/rozwazania\/rok-liturgiczny\/swieta-w-styczniu\/"},"img":{"alt_text":"","src":"https:\/\/i0.wp.com\/wobronietradycjiiwiary.com\/wp-content\/uploads\/2021\/01\/Lucian_of_Antioch_Menologion_of_Basil_II-scaled.jpg?resize=350%2C200&ssl=1","width":350,"height":200,"srcset":"https:\/\/i0.wp.com\/wobronietradycjiiwiary.com\/wp-content\/uploads\/2021\/01\/Lucian_of_Antioch_Menologion_of_Basil_II-scaled.jpg?resize=350%2C200&ssl=1 1x, https:\/\/i0.wp.com\/wobronietradycjiiwiary.com\/wp-content\/uploads\/2021\/01\/Lucian_of_Antioch_Menologion_of_Basil_II-scaled.jpg?resize=525%2C300&ssl=1 1.5x, https:\/\/i0.wp.com\/wobronietradycjiiwiary.com\/wp-content\/uploads\/2021\/01\/Lucian_of_Antioch_Menologion_of_Basil_II-scaled.jpg?resize=700%2C400&ssl=1 2x, https:\/\/i0.wp.com\/wobronietradycjiiwiary.com\/wp-content\/uploads\/2021\/01\/Lucian_of_Antioch_Menologion_of_Basil_II-scaled.jpg?resize=1050%2C600&ssl=1 3x, https:\/\/i0.wp.com\/wobronietradycjiiwiary.com\/wp-content\/uploads\/2021\/01\/Lucian_of_Antioch_Menologion_of_Basil_II-scaled.jpg?resize=1400%2C800&ssl=1 4x"},"classes":[]},{"id":59496,"url":"https:\/\/wobronietradycjiiwiary.com\/en\/7-go-stycznia-zywot-swietego-lucyana-meczennika-2\/","url_meta":{"origin":83522,"position":2},"title":"7-go Stycznia. \u017bywot \u015bwi\u0119tego Lucyana, M\u0119czennika.","author":"Traditio et Fides","date":"7 January 2022","format":false,"excerpt":"\u015bw. Lucjan z Antiochii zosta\u0142 \u015bci\u0119ty tu\u017c przed edyktem Mediola\u0144skim, a przebywa\u0142 w wi\u0119zieniu lat 9. On i podobni jemu wys\u0142u\u017cyli wolno\u015b\u0107 dla innych.","rel":"","context":"In &quot;01. \u015awi\u0119ta w styczniu&quot;","block_context":{"text":"01. \u015awi\u0119ta w styczniu","link":"https:\/\/wobronietradycjiiwiary.com\/en\/category\/duchowosc\/liturgia-i-liturgika\/rozwazania\/rok-liturgiczny\/swieta-w-styczniu\/"},"img":{"alt_text":"","src":"https:\/\/i0.wp.com\/wobronietradycjiiwiary.com\/wp-content\/uploads\/2021\/01\/Lucian_of_Antioch_Menologion_of_Basil_II-scaled.jpg?resize=350%2C200&ssl=1","width":350,"height":200,"srcset":"https:\/\/i0.wp.com\/wobronietradycjiiwiary.com\/wp-content\/uploads\/2021\/01\/Lucian_of_Antioch_Menologion_of_Basil_II-scaled.jpg?resize=350%2C200&ssl=1 1x, https:\/\/i0.wp.com\/wobronietradycjiiwiary.com\/wp-content\/uploads\/2021\/01\/Lucian_of_Antioch_Menologion_of_Basil_II-scaled.jpg?resize=525%2C300&ssl=1 1.5x, https:\/\/i0.wp.com\/wobronietradycjiiwiary.com\/wp-content\/uploads\/2021\/01\/Lucian_of_Antioch_Menologion_of_Basil_II-scaled.jpg?resize=700%2C400&ssl=1 2x, https:\/\/i0.wp.com\/wobronietradycjiiwiary.com\/wp-content\/uploads\/2021\/01\/Lucian_of_Antioch_Menologion_of_Basil_II-scaled.jpg?resize=1050%2C600&ssl=1 3x, https:\/\/i0.wp.com\/wobronietradycjiiwiary.com\/wp-content\/uploads\/2021\/01\/Lucian_of_Antioch_Menologion_of_Basil_II-scaled.jpg?resize=1400%2C800&ssl=1 4x"},"classes":[]},{"id":127293,"url":"https:\/\/wobronietradycjiiwiary.com\/en\/7-go-stycznia-zywot-swietego-lucyana-meczennika-5\/","url_meta":{"origin":83522,"position":3},"title":"7-go Stycznia. \u017bywot \u015bwi\u0119tego Lucyana, M\u0119czennika.","author":"Traditio et Fides","date":"7 January 2025","format":false,"excerpt":"\u015bw. Lucjan z Antiochii zosta\u0142 \u015bci\u0119ty tu\u017c przed edyktem Mediola\u0144skim, a przebywa\u0142 w wi\u0119zieniu lat 9. On i podobni jemu wys\u0142u\u017cyli wolno\u015b\u0107 dla innych.","rel":"","context":"In &quot;01. \u015awi\u0119ta w styczniu&quot;","block_context":{"text":"01. \u015awi\u0119ta w styczniu","link":"https:\/\/wobronietradycjiiwiary.com\/en\/category\/duchowosc\/liturgia-i-liturgika\/rozwazania\/rok-liturgiczny\/swieta-w-styczniu\/"},"img":{"alt_text":"","src":"https:\/\/i0.wp.com\/wobronietradycjiiwiary.com\/wp-content\/uploads\/2021\/01\/Lucian_of_Antioch_Menologion_of_Basil_II-scaled.jpg?resize=350%2C200&ssl=1","width":350,"height":200,"srcset":"https:\/\/i0.wp.com\/wobronietradycjiiwiary.com\/wp-content\/uploads\/2021\/01\/Lucian_of_Antioch_Menologion_of_Basil_II-scaled.jpg?resize=350%2C200&ssl=1 1x, https:\/\/i0.wp.com\/wobronietradycjiiwiary.com\/wp-content\/uploads\/2021\/01\/Lucian_of_Antioch_Menologion_of_Basil_II-scaled.jpg?resize=525%2C300&ssl=1 1.5x, https:\/\/i0.wp.com\/wobronietradycjiiwiary.com\/wp-content\/uploads\/2021\/01\/Lucian_of_Antioch_Menologion_of_Basil_II-scaled.jpg?resize=700%2C400&ssl=1 2x, https:\/\/i0.wp.com\/wobronietradycjiiwiary.com\/wp-content\/uploads\/2021\/01\/Lucian_of_Antioch_Menologion_of_Basil_II-scaled.jpg?resize=1050%2C600&ssl=1 3x, https:\/\/i0.wp.com\/wobronietradycjiiwiary.com\/wp-content\/uploads\/2021\/01\/Lucian_of_Antioch_Menologion_of_Basil_II-scaled.jpg?resize=1400%2C800&ssl=1 4x"},"classes":[]},{"id":158356,"url":"https:\/\/wobronietradycjiiwiary.com\/en\/7-go-stycznia-zywot-swietego-lucyana-meczennika-5-2\/","url_meta":{"origin":83522,"position":4},"title":"7-go Stycznia. \u017bywot \u015bwi\u0119tego Lucyana, M\u0119czennika.","author":"Traditio et Fides","date":"7 January 2026","format":false,"excerpt":"\u015bw. Lucjan z Antiochii zosta\u0142 \u015bci\u0119ty tu\u017c przed edyktem Mediola\u0144skim, a przebywa\u0142 w wi\u0119zieniu lat 9. On i podobni jemu wys\u0142u\u017cyli wolno\u015b\u0107 dla innych.","rel":"","context":"In &quot;01. \u015awi\u0119ta w styczniu&quot;","block_context":{"text":"01. \u015awi\u0119ta w styczniu","link":"https:\/\/wobronietradycjiiwiary.com\/en\/category\/duchowosc\/liturgia-i-liturgika\/rozwazania\/rok-liturgiczny\/swieta-w-styczniu\/"},"img":{"alt_text":"","src":"https:\/\/i0.wp.com\/wobronietradycjiiwiary.com\/wp-content\/uploads\/2021\/01\/Lucian_of_Antioch_Menologion_of_Basil_II-scaled.jpg?resize=350%2C200&ssl=1","width":350,"height":200,"srcset":"https:\/\/i0.wp.com\/wobronietradycjiiwiary.com\/wp-content\/uploads\/2021\/01\/Lucian_of_Antioch_Menologion_of_Basil_II-scaled.jpg?resize=350%2C200&ssl=1 1x, https:\/\/i0.wp.com\/wobronietradycjiiwiary.com\/wp-content\/uploads\/2021\/01\/Lucian_of_Antioch_Menologion_of_Basil_II-scaled.jpg?resize=525%2C300&ssl=1 1.5x, https:\/\/i0.wp.com\/wobronietradycjiiwiary.com\/wp-content\/uploads\/2021\/01\/Lucian_of_Antioch_Menologion_of_Basil_II-scaled.jpg?resize=700%2C400&ssl=1 2x, https:\/\/i0.wp.com\/wobronietradycjiiwiary.com\/wp-content\/uploads\/2021\/01\/Lucian_of_Antioch_Menologion_of_Basil_II-scaled.jpg?resize=1050%2C600&ssl=1 3x, https:\/\/i0.wp.com\/wobronietradycjiiwiary.com\/wp-content\/uploads\/2021\/01\/Lucian_of_Antioch_Menologion_of_Basil_II-scaled.jpg?resize=1400%2C800&ssl=1 4x"},"classes":[]},{"id":83503,"url":"https:\/\/wobronietradycjiiwiary.com\/en\/15-go-stycznia-zywot-swietego-pawla-pustelnika-3-2\/","url_meta":{"origin":83522,"position":5},"title":"15-go Stycznia. \u017bywot \u015bwi\u0119tego Paw\u0142a, Pustelnika.","author":"Traditio et Fides","date":"15 January 2023","format":false,"excerpt":"\u015bw. Pawe\u0142 Pustelnik przypuszczalnie marzy\u0142 tak\u017ce o tym, by wymieni\u0107 pogl\u0105dy na temat \u017cycia duchownego z kim\u015b innym, co w odosobnieniu jaskimi by\u0142o trudne. Ale dok\u0142adnie pod koniec \u017cycia zes\u0142a\u0142 mu Pan B\u00f3g \u015bw. Antoniego, kt\u00f3ry nie do\u015b\u0107, \u017ce z nim porozmawia\u0142, to jeszcze go pochoda. Wniosek dla nas wszystkich:\u2026","rel":"","context":"In &quot;01. \u015awi\u0119ta w styczniu&quot;","block_context":{"text":"01. \u015awi\u0119ta w styczniu","link":"https:\/\/wobronietradycjiiwiary.com\/en\/category\/duchowosc\/liturgia-i-liturgika\/rozwazania\/rok-liturgiczny\/swieta-w-styczniu\/"},"img":{"alt_text":"","src":"https:\/\/i0.wp.com\/wobronietradycjiiwiary.com\/wp-content\/uploads\/2021\/01\/Paulus-Eremit.jpg?resize=350%2C200&ssl=1","width":350,"height":200,"srcset":"https:\/\/i0.wp.com\/wobronietradycjiiwiary.com\/wp-content\/uploads\/2021\/01\/Paulus-Eremit.jpg?resize=350%2C200&ssl=1 1x, https:\/\/i0.wp.com\/wobronietradycjiiwiary.com\/wp-content\/uploads\/2021\/01\/Paulus-Eremit.jpg?resize=525%2C300&ssl=1 1.5x, https:\/\/i0.wp.com\/wobronietradycjiiwiary.com\/wp-content\/uploads\/2021\/01\/Paulus-Eremit.jpg?resize=700%2C400&ssl=1 2x"},"classes":[]}],"amp_enabled":true,"jetpack_featured_media_url":"https:\/\/wobronietradycjiiwiary.com\/wp-content\/uploads\/2021\/01\/Lucian_of_Antioch_Menologion_of_Basil_II-scaled.jpg","_links":{"self":[{"href":"https:\/\/wobronietradycjiiwiary.com\/en\/wp-json\/wp\/v2\/posts\/83522","targetHints":{"allow":["GET"]}}],"collection":[{"href":"https:\/\/wobronietradycjiiwiary.com\/en\/wp-json\/wp\/v2\/posts"}],"about":[{"href":"https:\/\/wobronietradycjiiwiary.com\/en\/wp-json\/wp\/v2\/types\/post"}],"author":[{"embeddable":true,"href":"https:\/\/wobronietradycjiiwiary.com\/en\/wp-json\/wp\/v2\/users\/60508433"}],"replies":[{"embeddable":true,"href":"https:\/\/wobronietradycjiiwiary.com\/en\/wp-json\/wp\/v2\/comments?post=83522"}],"version-history":[{"count":3,"href":"https:\/\/wobronietradycjiiwiary.com\/en\/wp-json\/wp\/v2\/posts\/83522\/revisions"}],"predecessor-version":[{"id":110480,"href":"https:\/\/wobronietradycjiiwiary.com\/en\/wp-json\/wp\/v2\/posts\/83522\/revisions\/110480"}],"wp:featuredmedia":[{"embeddable":true,"href":"https:\/\/wobronietradycjiiwiary.com\/en\/wp-json\/wp\/v2\/media\/40718"}],"wp:attachment":[{"href":"https:\/\/wobronietradycjiiwiary.com\/en\/wp-json\/wp\/v2\/media?parent=83522"}],"wp:term":[{"taxonomy":"category","embeddable":true,"href":"https:\/\/wobronietradycjiiwiary.com\/en\/wp-json\/wp\/v2\/categories?post=83522"},{"taxonomy":"post_tag","embeddable":true,"href":"https:\/\/wobronietradycjiiwiary.com\/en\/wp-json\/wp\/v2\/tags?post=83522"}],"curies":[{"name":"wp","href":"https:\/\/api.w.org\/{rel}","templated":true}]}}