{"id":83158,"date":"2022-12-28T17:55:47","date_gmt":"2022-12-28T16:55:47","guid":{"rendered":"https:\/\/wobronietradycjiiwiary.com\/?p=83158"},"modified":"2026-05-13T20:54:07","modified_gmt":"2026-05-13T18:54:07","slug":"benedykt-xvi-umiera-bedzie-dobrze","status":"publish","type":"post","link":"https:\/\/wobronietradycjiiwiary.com\/en\/benedykt-xvi-umiera-bedzie-dobrze\/","title":{"rendered":"Benedykt XVI umiera &#8211; b\u0119dzie dobrze"},"content":{"rendered":"<div id=\"bsf_rt_marker\"><\/div><p>Czas lektury\/ods\u0142uchu: 3\/6 min Agencje informacyjne i Watykan podaj\u0105, \u017ce stan zdrowia Benedykta XVI pogorszy\u0142 si\u0119, a Franciszek prosi o&hellip;<\/p>\n<div style=\"text-align: center\">\n<p>&nbsp;<\/p>\n<\/div>\n<h2 style=\"border: 5px solid #0000A0;padding: 1em;text-align: center\"><span style=\"color: #000000\">Pe\u0142en dost\u0119p dla <span style=\"color: #00ccff\"><a style=\"color: #00ccff\" href=\"https:\/\/wobronietradycjiiwiary.com\/en\/subskrypcje-2\/\" target=\"_blank\" rel=\"noopener\">subskrybent\u00f3w<\/a><\/span>.<\/span><br \/>\n<span style=\"color: #3366ff\"><a style=\"color: #3366ff\" href=\"https:\/\/wobronietradycjiiwiary.com\/en\/account\/login\/\" target=\"_blank\" rel=\"noopener\"><span style=\"color: #00ccff\">Zaloguj<\/span><\/a> <\/span>si\u0119 lub przejd\u017a do <a href=\"https:\/\/wobronietradycjiiwiary.com\/en\/register\/\"><span style=\"color: #3366ff\">Rejestracji<\/span><\/a>.<\/h2>\n<div>\n<p style=\"text-align: center\"><a href=\"https:\/\/wobronietradycjiiwiary.com\/en\/subskrypcje-2\/cennik\/\" target=\"_blank\" rel=\"noopener\"><span style=\"color: #000080;font-size: 24pt\"><strong>Nowe ni\u017csze ceny<\/strong><\/span><\/a><\/p>\n<p style=\"text-align: center\"><strong><span style=\"font-size: 18pt;color: #000080\">P\u0142atno\u015b\u0107 kart\u0105<\/span><\/strong><\/p>\n<\/div>\n<h3 style=\"text-align: center\"><a href=\"https:\/\/wobronietradycjiiwiary.com\/en\/subskrypcje-2\/automatyczne\/indywidualne\/\" target=\"_blank\" rel=\"noopener\"><img fetchpriority=\"high\" decoding=\"async\" class=\"alignnone size-medium wp-image-80433\" src=\"https:\/\/wobronietradycjiiwiary.com\/wp-content\/uploads\/2022\/11\/Unbenannt-1-Online-1-300x202.jpg\" alt=\"\" width=\"300\" height=\"202\" srcset=\"https:\/\/wobronietradycjiiwiary.com\/wp-content\/uploads\/2022\/11\/Unbenannt-1-Online-1-300x202.jpg 300w, https:\/\/wobronietradycjiiwiary.com\/wp-content\/uploads\/2022\/11\/Unbenannt-1-Online-1-150x101.jpg 150w, https:\/\/wobronietradycjiiwiary.com\/wp-content\/uploads\/2022\/11\/Unbenannt-1-Online-1-18x12.jpg 18w, https:\/\/wobronietradycjiiwiary.com\/wp-content\/uploads\/2022\/11\/Unbenannt-1-Online-1.jpg 446w\" sizes=\"(max-width: 300px) 100vw, 300px\" \/><\/a><\/h3>\n<p style=\"text-align: center\"><strong><span style=\"font-size: 18pt;color: #000080\">P\u0142atno\u015b\u0107 przelewem<\/span><\/strong><\/p>\n<p><a href=\"https:\/\/wobronietradycjiiwiary.com\/en\/subskrypcje-2\/automatyczne\/indywidualne\/\" target=\"_blank\" rel=\"noopener\"><img decoding=\"async\" class=\"size-medium wp-image-80434 aligncenter\" src=\"https:\/\/wobronietradycjiiwiary.com\/wp-content\/uploads\/2022\/11\/Unbenannt-1-Przelewem-300x137.jpg\" alt=\"\" width=\"300\" height=\"137\" srcset=\"https:\/\/wobronietradycjiiwiary.com\/wp-content\/uploads\/2022\/11\/Unbenannt-1-Przelewem-300x137.jpg 300w, https:\/\/wobronietradycjiiwiary.com\/wp-content\/uploads\/2022\/11\/Unbenannt-1-Przelewem-450x206.jpg 450w, https:\/\/wobronietradycjiiwiary.com\/wp-content\/uploads\/2022\/11\/Unbenannt-1-Przelewem-600x274.jpg 600w, https:\/\/wobronietradycjiiwiary.com\/wp-content\/uploads\/2022\/11\/Unbenannt-1-Przelewem-150x69.jpg 150w, https:\/\/wobronietradycjiiwiary.com\/wp-content\/uploads\/2022\/11\/Unbenannt-1-Przelewem-18x8.jpg 18w, https:\/\/wobronietradycjiiwiary.com\/wp-content\/uploads\/2022\/11\/Unbenannt-1-Przelewem.jpg 676w\" sizes=\"(max-width: 300px) 100vw, 300px\" \/><\/a><\/p>\n<p style=\"text-align: center\"><strong><span style=\"font-size: 18pt;color: #000080\">P\u0142atno\u015b\u0107 kart\u0105 do 6 os\u00f3b<\/span><\/strong><\/p>\n<p><a href=\"https:\/\/wobronietradycjiiwiary.com\/en\/rodzinne\/\" target=\"_blank\" rel=\"noopener\"><img decoding=\"async\" class=\"size-medium wp-image-80435 aligncenter\" src=\"https:\/\/wobronietradycjiiwiary.com\/wp-content\/uploads\/2022\/11\/Unbenannt-1-Rodzinna-300x208.jpg\" alt=\"\" width=\"300\" height=\"208\" srcset=\"https:\/\/wobronietradycjiiwiary.com\/wp-content\/uploads\/2022\/11\/Unbenannt-1-Rodzinna-300x208.jpg 300w, https:\/\/wobronietradycjiiwiary.com\/wp-content\/uploads\/2022\/11\/Unbenannt-1-Rodzinna-150x104.jpg 150w, https:\/\/wobronietradycjiiwiary.com\/wp-content\/uploads\/2022\/11\/Unbenannt-1-Rodzinna-18x12.jpg 18w, https:\/\/wobronietradycjiiwiary.com\/wp-content\/uploads\/2022\/11\/Unbenannt-1-Rodzinna.jpg 448w\" sizes=\"(max-width: 300px) 100vw, 300px\" \/><\/a><\/p>\n<h3 style=\"text-align: center\"><\/h3>\n<h1 style=\"text-align: center\"><\/h1>","protected":false},"excerpt":{"rendered":"<p>O tym, \u017ce \u015bmier\u0107 Benedykta XVI jest dobr\u0105 wiadomo\u015bci\u0105 dla Ko\u015bcio\u0142a.<\/p>","protected":false},"author":60508433,"featured_media":83176,"comment_status":"open","ping_status":"open","sticky":false,"template":"","format":"standard","meta":{"_bbp_topic_count":0,"_bbp_reply_count":0,"_bbp_total_topic_count":0,"_bbp_total_reply_count":0,"_bbp_voice_count":0,"_bbp_anonymous_reply_count":0,"_bbp_topic_count_hidden":0,"_bbp_reply_count_hidden":0,"_bbp_forum_subforum_count":0,"_editorskit_title_hidden":false,"_editorskit_reading_time":2,"_editorskit_is_block_options_detached":false,"_editorskit_block_options_position":"{}","_coblocks_attr":"","_coblocks_dimensions":"","_coblocks_responsive_height":"","_coblocks_accordion_ie_support":"","_exactmetrics_skip_tracking":false,"_jetpack_newsletter_access":"","_jetpack_dont_email_post_to_subs":false,"_jetpack_newsletter_tier_id":0,"_jetpack_memberships_contains_paywalled_content":false,"_wpcom_ai_launchpad_first_post":false,"_jetpack_feature_clip_id":0,"_jetpack_memberships_contains_paid_content":false,"footnotes":"","jetpack_publicize_message":"{title}\n\n{excerpt}\n\n{url}","jetpack_publicize_feature_enabled":true,"jetpack_social_post_already_shared":true,"jetpack_social_options":{"image_generator_settings":{"template":"highway","default_image_id":0,"font":"","enabled":false},"version":2},"_wpas_customize_per_network":false,"jetpack_post_was_ever_published":false},"categories":[513020338,610133585],"tags":[610132133],"class_list":["post-83158","post","type-post","status-publish","format-standard","has-post-thumbnail","hentry","category-benedykt-xvi-abdykacja","category-b-xvi-smierc","tag-restricted"],"yoast_head":"<!-- This site is optimized with the Yoast SEO plugin v28.4 - https:\/\/yoast.com\/product\/yoast-seo-wordpress\/ -->\n<title>Benedykt XVI umiera - b\u0119dzie dobrze - Tradycja i Wiara<\/title>\n<meta name=\"robots\" content=\"index, follow, max-snippet:-1, max-image-preview:large, max-video-preview:-1\" \/>\n<link rel=\"canonical\" href=\"https:\/\/wobronietradycjiiwiary.com\/en\/benedykt-xvi-umiera-bedzie-dobrze\/\" \/>\n<meta property=\"og:locale\" content=\"en_US\" \/>\n<meta property=\"og:type\" content=\"article\" \/>\n<meta property=\"og:title\" content=\"Benedykt XVI umiera - b\u0119dzie dobrze - Tradycja i Wiara\" \/>\n<meta property=\"og:description\" content=\"O tym, \u017ce \u015bmier\u0107 Benedykta XVI jest dobr\u0105 wiadomo\u015bci\u0105 dla Ko\u015bcio\u0142a.\" \/>\n<meta property=\"og:url\" content=\"https:\/\/wobronietradycjiiwiary.com\/en\/benedykt-xvi-umiera-bedzie-dobrze\/\" \/>\n<meta property=\"og:site_name\" content=\"Tradycja i Wiara\" \/>\n<meta property=\"article:publisher\" content=\"https:\/\/www.facebook.com\/Tradycja-i-Wiara-108813920592249\" \/>\n<meta property=\"article:published_time\" content=\"2022-12-28T16:55:47+00:00\" \/>\n<meta property=\"article:modified_time\" content=\"2026-05-13T18:54:07+00:00\" \/>\n<meta property=\"og:image\" content=\"https:\/\/wobronietradycjiiwiary.com\/wp-content\/uploads\/2022\/12\/El-Greco-El-entierro-del-conde-de-Orgaz-1588-mini.jpg\" \/>\n\t<meta property=\"og:image:width\" content=\"1200\" \/>\n\t<meta property=\"og:image:height\" content=\"630\" \/>\n\t<meta property=\"og:image:type\" content=\"image\/jpeg\" \/>\n<meta name=\"author\" content=\"Traditio et Fides\" \/>\n<meta name=\"twitter:card\" content=\"summary_large_image\" \/>\n<meta name=\"twitter:label1\" content=\"Written by\" \/>\n\t<meta name=\"twitter:data1\" content=\"Traditio et Fides\" \/>\n\t<meta name=\"twitter:label2\" content=\"Est. reading time\" \/>\n\t<meta name=\"twitter:data2\" content=\"4 minutes\" \/>\n<script type=\"application\/ld+json\" class=\"yoast-schema-graph\">{\"@context\":\"https:\\\/\\\/schema.org\",\"@graph\":[{\"@type\":\"Article\",\"@id\":\"https:\\\/\\\/wobronietradycjiiwiary.com\\\/benedykt-xvi-umiera-bedzie-dobrze\\\/#article\",\"isPartOf\":{\"@id\":\"https:\\\/\\\/wobronietradycjiiwiary.com\\\/benedykt-xvi-umiera-bedzie-dobrze\\\/\"},\"author\":{\"name\":\"Traditio et Fides\",\"@id\":\"https:\\\/\\\/wobronietradycjiiwiary.com\\\/pl\\\/#\\\/schema\\\/person\\\/2d6180ce6abcb681fef0daab7816e8f3\"},\"headline\":\"Benedykt XVI umiera &#8211; b\u0119dzie dobrze\",\"datePublished\":\"2022-12-28T16:55:47+00:00\",\"dateModified\":\"2026-05-13T18:54:07+00:00\",\"mainEntityOfPage\":{\"@id\":\"https:\\\/\\\/wobronietradycjiiwiary.com\\\/benedykt-xvi-umiera-bedzie-dobrze\\\/\"},\"wordCount\":620,\"commentCount\":9,\"publisher\":{\"@id\":\"https:\\\/\\\/wobronietradycjiiwiary.com\\\/pl\\\/#organization\"},\"image\":{\"@id\":\"https:\\\/\\\/wobronietradycjiiwiary.com\\\/benedykt-xvi-umiera-bedzie-dobrze\\\/#primaryimage\"},\"thumbnailUrl\":\"https:\\\/\\\/wobronietradycjiiwiary.com\\\/wp-content\\\/uploads\\\/2022\\\/12\\\/El-Greco-El-entierro-del-conde-de-Orgaz-1588-mini.jpg\",\"keywords\":[\"Restricted\"],\"articleSection\":[\"3. Benedykt XVI\",\"B XVI \u015bmier\u0107\"],\"inLanguage\":\"en-US\",\"potentialAction\":[{\"@type\":\"CommentAction\",\"name\":\"Comment\",\"target\":[\"https:\\\/\\\/wobronietradycjiiwiary.com\\\/benedykt-xvi-umiera-bedzie-dobrze\\\/#respond\"]}]},{\"@type\":\"WebPage\",\"@id\":\"https:\\\/\\\/wobronietradycjiiwiary.com\\\/benedykt-xvi-umiera-bedzie-dobrze\\\/\",\"url\":\"https:\\\/\\\/wobronietradycjiiwiary.com\\\/benedykt-xvi-umiera-bedzie-dobrze\\\/\",\"name\":\"Benedykt XVI umiera - b\u0119dzie dobrze - Tradycja i Wiara\",\"isPartOf\":{\"@id\":\"https:\\\/\\\/wobronietradycjiiwiary.com\\\/pl\\\/#website\"},\"primaryImageOfPage\":{\"@id\":\"https:\\\/\\\/wobronietradycjiiwiary.com\\\/benedykt-xvi-umiera-bedzie-dobrze\\\/#primaryimage\"},\"image\":{\"@id\":\"https:\\\/\\\/wobronietradycjiiwiary.com\\\/benedykt-xvi-umiera-bedzie-dobrze\\\/#primaryimage\"},\"thumbnailUrl\":\"https:\\\/\\\/wobronietradycjiiwiary.com\\\/wp-content\\\/uploads\\\/2022\\\/12\\\/El-Greco-El-entierro-del-conde-de-Orgaz-1588-mini.jpg\",\"datePublished\":\"2022-12-28T16:55:47+00:00\",\"dateModified\":\"2026-05-13T18:54:07+00:00\",\"breadcrumb\":{\"@id\":\"https:\\\/\\\/wobronietradycjiiwiary.com\\\/benedykt-xvi-umiera-bedzie-dobrze\\\/#breadcrumb\"},\"inLanguage\":\"en-US\",\"potentialAction\":[{\"@type\":\"ReadAction\",\"target\":[\"https:\\\/\\\/wobronietradycjiiwiary.com\\\/benedykt-xvi-umiera-bedzie-dobrze\\\/\"]}]},{\"@type\":\"ImageObject\",\"inLanguage\":\"en-US\",\"@id\":\"https:\\\/\\\/wobronietradycjiiwiary.com\\\/benedykt-xvi-umiera-bedzie-dobrze\\\/#primaryimage\",\"url\":\"https:\\\/\\\/wobronietradycjiiwiary.com\\\/wp-content\\\/uploads\\\/2022\\\/12\\\/El-Greco-El-entierro-del-conde-de-Orgaz-1588-mini.jpg\",\"contentUrl\":\"https:\\\/\\\/wobronietradycjiiwiary.com\\\/wp-content\\\/uploads\\\/2022\\\/12\\\/El-Greco-El-entierro-del-conde-de-Orgaz-1588-mini.jpg\",\"width\":1200,\"height\":630},{\"@type\":\"BreadcrumbList\",\"@id\":\"https:\\\/\\\/wobronietradycjiiwiary.com\\\/benedykt-xvi-umiera-bedzie-dobrze\\\/#breadcrumb\",\"itemListElement\":[{\"@type\":\"ListItem\",\"position\":1,\"name\":\"Strona g\u0142\u00f3wna\",\"item\":\"https:\\\/\\\/wobronietradycjiiwiary.com\\\/\"},{\"@type\":\"ListItem\",\"position\":2,\"name\":\"Benedykt XVI umiera &#8211; b\u0119dzie dobrze\"}]},{\"@type\":\"WebSite\",\"@id\":\"https:\\\/\\\/wobronietradycjiiwiary.com\\\/pl\\\/#website\",\"url\":\"https:\\\/\\\/wobronietradycjiiwiary.com\\\/pl\\\/\",\"name\":\"Tradycja i Wiara\",\"description\":\"Portal dla katolik\u00f3w.\",\"publisher\":{\"@id\":\"https:\\\/\\\/wobronietradycjiiwiary.com\\\/pl\\\/#organization\"},\"potentialAction\":[{\"@type\":\"SearchAction\",\"target\":{\"@type\":\"EntryPoint\",\"urlTemplate\":\"https:\\\/\\\/wobronietradycjiiwiary.com\\\/pl\\\/?s={search_term_string}\"},\"query-input\":{\"@type\":\"PropertyValueSpecification\",\"valueRequired\":true,\"valueName\":\"search_term_string\"}}],\"inLanguage\":\"en-US\"},{\"@type\":\"Organization\",\"@id\":\"https:\\\/\\\/wobronietradycjiiwiary.com\\\/pl\\\/#organization\",\"name\":\"Tradycja i Wiara\",\"url\":\"https:\\\/\\\/wobronietradycjiiwiary.com\\\/pl\\\/\",\"logo\":{\"@type\":\"ImageObject\",\"inLanguage\":\"en-US\",\"@id\":\"https:\\\/\\\/wobronietradycjiiwiary.com\\\/pl\\\/#\\\/schema\\\/logo\\\/image\\\/\",\"url\":\"https:\\\/\\\/i0.wp.com\\\/wobronietradycjiiwiary.com\\\/wp-content\\\/uploads\\\/2015\\\/10\\\/cropped-st-peters-dome-vatican.jpg?fit=940%2C198&ssl=1\",\"contentUrl\":\"https:\\\/\\\/i0.wp.com\\\/wobronietradycjiiwiary.com\\\/wp-content\\\/uploads\\\/2015\\\/10\\\/cropped-st-peters-dome-vatican.jpg?fit=940%2C198&ssl=1\",\"width\":940,\"height\":198,\"caption\":\"Tradycja i Wiara\"},\"image\":{\"@id\":\"https:\\\/\\\/wobronietradycjiiwiary.com\\\/pl\\\/#\\\/schema\\\/logo\\\/image\\\/\"},\"sameAs\":[\"https:\\\/\\\/www.facebook.com\\\/Tradycja-i-Wiara-108813920592249\"]},{\"@type\":\"Person\",\"@id\":\"https:\\\/\\\/wobronietradycjiiwiary.com\\\/pl\\\/#\\\/schema\\\/person\\\/2d6180ce6abcb681fef0daab7816e8f3\",\"name\":\"Traditio et Fides\",\"sameAs\":[\"https:\\\/\\\/traditionundglauben.com\"],\"url\":\"https:\\\/\\\/wobronietradycjiiwiary.com\\\/en\\\/author\\\/wobronietradycjiiwiary\\\/\"}]}<\/script>\n<!-- \/ Yoast SEO plugin. -->","yoast_head_json":{"title":"Benedykt XVI umiera - b\u0119dzie dobrze - Tradycja i Wiara","robots":{"index":"index","follow":"follow","max-snippet":"max-snippet:-1","max-image-preview":"max-image-preview:large","max-video-preview":"max-video-preview:-1"},"canonical":"https:\/\/wobronietradycjiiwiary.com\/en\/benedykt-xvi-umiera-bedzie-dobrze\/","og_locale":"en_US","og_type":"article","og_title":"Benedykt XVI umiera - b\u0119dzie dobrze - Tradycja i Wiara","og_description":"O tym, \u017ce \u015bmier\u0107 Benedykta XVI jest dobr\u0105 wiadomo\u015bci\u0105 dla Ko\u015bcio\u0142a.","og_url":"https:\/\/wobronietradycjiiwiary.com\/en\/benedykt-xvi-umiera-bedzie-dobrze\/","og_site_name":"Tradycja i Wiara","article_publisher":"https:\/\/www.facebook.com\/Tradycja-i-Wiara-108813920592249","article_published_time":"2022-12-28T16:55:47+00:00","article_modified_time":"2026-05-13T18:54:07+00:00","og_image":[{"width":1200,"height":630,"url":"https:\/\/wobronietradycjiiwiary.com\/wp-content\/uploads\/2022\/12\/El-Greco-El-entierro-del-conde-de-Orgaz-1588-mini.jpg","type":"image\/jpeg"}],"author":"Traditio et Fides","twitter_card":"summary_large_image","twitter_misc":{"Written by":"Traditio et Fides","Est. reading time":"4 minutes"},"schema":{"@context":"https:\/\/schema.org","@graph":[{"@type":"Article","@id":"https:\/\/wobronietradycjiiwiary.com\/benedykt-xvi-umiera-bedzie-dobrze\/#article","isPartOf":{"@id":"https:\/\/wobronietradycjiiwiary.com\/benedykt-xvi-umiera-bedzie-dobrze\/"},"author":{"name":"Traditio et Fides","@id":"https:\/\/wobronietradycjiiwiary.com\/pl\/#\/schema\/person\/2d6180ce6abcb681fef0daab7816e8f3"},"headline":"Benedykt XVI umiera &#8211; b\u0119dzie dobrze","datePublished":"2022-12-28T16:55:47+00:00","dateModified":"2026-05-13T18:54:07+00:00","mainEntityOfPage":{"@id":"https:\/\/wobronietradycjiiwiary.com\/benedykt-xvi-umiera-bedzie-dobrze\/"},"wordCount":620,"commentCount":9,"publisher":{"@id":"https:\/\/wobronietradycjiiwiary.com\/pl\/#organization"},"image":{"@id":"https:\/\/wobronietradycjiiwiary.com\/benedykt-xvi-umiera-bedzie-dobrze\/#primaryimage"},"thumbnailUrl":"https:\/\/wobronietradycjiiwiary.com\/wp-content\/uploads\/2022\/12\/El-Greco-El-entierro-del-conde-de-Orgaz-1588-mini.jpg","keywords":["Restricted"],"articleSection":["3. Benedykt XVI","B XVI \u015bmier\u0107"],"inLanguage":"en-US","potentialAction":[{"@type":"CommentAction","name":"Comment","target":["https:\/\/wobronietradycjiiwiary.com\/benedykt-xvi-umiera-bedzie-dobrze\/#respond"]}]},{"@type":"WebPage","@id":"https:\/\/wobronietradycjiiwiary.com\/benedykt-xvi-umiera-bedzie-dobrze\/","url":"https:\/\/wobronietradycjiiwiary.com\/benedykt-xvi-umiera-bedzie-dobrze\/","name":"Benedykt XVI umiera - b\u0119dzie dobrze - Tradycja i Wiara","isPartOf":{"@id":"https:\/\/wobronietradycjiiwiary.com\/pl\/#website"},"primaryImageOfPage":{"@id":"https:\/\/wobronietradycjiiwiary.com\/benedykt-xvi-umiera-bedzie-dobrze\/#primaryimage"},"image":{"@id":"https:\/\/wobronietradycjiiwiary.com\/benedykt-xvi-umiera-bedzie-dobrze\/#primaryimage"},"thumbnailUrl":"https:\/\/wobronietradycjiiwiary.com\/wp-content\/uploads\/2022\/12\/El-Greco-El-entierro-del-conde-de-Orgaz-1588-mini.jpg","datePublished":"2022-12-28T16:55:47+00:00","dateModified":"2026-05-13T18:54:07+00:00","breadcrumb":{"@id":"https:\/\/wobronietradycjiiwiary.com\/benedykt-xvi-umiera-bedzie-dobrze\/#breadcrumb"},"inLanguage":"en-US","potentialAction":[{"@type":"ReadAction","target":["https:\/\/wobronietradycjiiwiary.com\/benedykt-xvi-umiera-bedzie-dobrze\/"]}]},{"@type":"ImageObject","inLanguage":"en-US","@id":"https:\/\/wobronietradycjiiwiary.com\/benedykt-xvi-umiera-bedzie-dobrze\/#primaryimage","url":"https:\/\/wobronietradycjiiwiary.com\/wp-content\/uploads\/2022\/12\/El-Greco-El-entierro-del-conde-de-Orgaz-1588-mini.jpg","contentUrl":"https:\/\/wobronietradycjiiwiary.com\/wp-content\/uploads\/2022\/12\/El-Greco-El-entierro-del-conde-de-Orgaz-1588-mini.jpg","width":1200,"height":630},{"@type":"BreadcrumbList","@id":"https:\/\/wobronietradycjiiwiary.com\/benedykt-xvi-umiera-bedzie-dobrze\/#breadcrumb","itemListElement":[{"@type":"ListItem","position":1,"name":"Strona g\u0142\u00f3wna","item":"https:\/\/wobronietradycjiiwiary.com\/"},{"@type":"ListItem","position":2,"name":"Benedykt XVI umiera &#8211; b\u0119dzie dobrze"}]},{"@type":"WebSite","@id":"https:\/\/wobronietradycjiiwiary.com\/pl\/#website","url":"https:\/\/wobronietradycjiiwiary.com\/pl\/","name":"Tradycja i Wiara","description":"Portal dla katolik\u00f3w.","publisher":{"@id":"https:\/\/wobronietradycjiiwiary.com\/pl\/#organization"},"potentialAction":[{"@type":"SearchAction","target":{"@type":"EntryPoint","urlTemplate":"https:\/\/wobronietradycjiiwiary.com\/pl\/?s={search_term_string}"},"query-input":{"@type":"PropertyValueSpecification","valueRequired":true,"valueName":"search_term_string"}}],"inLanguage":"en-US"},{"@type":"Organization","@id":"https:\/\/wobronietradycjiiwiary.com\/pl\/#organization","name":"Tradycja i Wiara","url":"https:\/\/wobronietradycjiiwiary.com\/pl\/","logo":{"@type":"ImageObject","inLanguage":"en-US","@id":"https:\/\/wobronietradycjiiwiary.com\/pl\/#\/schema\/logo\/image\/","url":"https:\/\/i0.wp.com\/wobronietradycjiiwiary.com\/wp-content\/uploads\/2015\/10\/cropped-st-peters-dome-vatican.jpg?fit=940%2C198&ssl=1","contentUrl":"https:\/\/i0.wp.com\/wobronietradycjiiwiary.com\/wp-content\/uploads\/2015\/10\/cropped-st-peters-dome-vatican.jpg?fit=940%2C198&ssl=1","width":940,"height":198,"caption":"Tradycja i Wiara"},"image":{"@id":"https:\/\/wobronietradycjiiwiary.com\/pl\/#\/schema\/logo\/image\/"},"sameAs":["https:\/\/www.facebook.com\/Tradycja-i-Wiara-108813920592249"]},{"@type":"Person","@id":"https:\/\/wobronietradycjiiwiary.com\/pl\/#\/schema\/person\/2d6180ce6abcb681fef0daab7816e8f3","name":"Traditio et Fides","sameAs":["https:\/\/traditionundglauben.com"],"url":"https:\/\/wobronietradycjiiwiary.com\/en\/author\/wobronietradycjiiwiary\/"}]}},"jetpack_publicize_connections":[],"jetpack_sharing_enabled":true,"jetpack_likes_enabled":true,"jetpack_shortlink":"https:\/\/wp.me\/pc04Sd-lDg","jetpack-related-posts":[{"id":9743,"url":"https:\/\/wobronietradycjiiwiary.com\/en\/no-i-wykrakalismy-lub-czy-benedykt-xvi-ustapil-pod-naciskiem\/","url_meta":{"origin":83158,"position":0},"title":"No i wykrakali\u015bmy lub Czy Benedykt XVI ust\u0105pi\u0142 pod naciskiem?","author":"Traditio et Fides","date":"4 July 2016","format":false,"excerpt":"Dzisiejsze blogi katolickie donosz\u0105 o kolejnym wywiadzie papie\u017ca (w sumie antypapie\u017ca, ale do udowodnienia tej tezy ponad wszelk\u0105 w\u0105tpliwo\u015b\u0107 lub zniesienia go z urz\u0119du b\u0119dziemy go tak nadal tytu\u0142owa\u0107) Franciszka dla prasy argenty\u0144skiej, w kt\u00f3rej Franciszek m\u00f3wi o Benedykcie: \u201eBy\u0142 rewolucjonist\u0105. [...] Jego [Benedykta] zachowanie by\u0142o bez zarzutu. Jego rezygnacja\u2026","rel":"","context":"In &quot;3. Benedykt XVI&quot;","block_context":{"text":"3. Benedykt XVI","link":"https:\/\/wobronietradycjiiwiary.com\/en\/category\/polemika\/kosciol-posoborowy\/papieze\/benedykt-xvi-abdykacja\/"},"img":{"alt_text":"","src":"https:\/\/i0.wp.com\/wobronietradycjiiwiary.com\/wp-content\/uploads\/2016\/07\/tumblr_mb90sn4kh11qbhp9xo1_1280.jpg?resize=350%2C200&ssl=1","width":350,"height":200,"srcset":"https:\/\/i0.wp.com\/wobronietradycjiiwiary.com\/wp-content\/uploads\/2016\/07\/tumblr_mb90sn4kh11qbhp9xo1_1280.jpg?resize=350%2C200&ssl=1 1x, https:\/\/i0.wp.com\/wobronietradycjiiwiary.com\/wp-content\/uploads\/2016\/07\/tumblr_mb90sn4kh11qbhp9xo1_1280.jpg?resize=525%2C300&ssl=1 1.5x, https:\/\/i0.wp.com\/wobronietradycjiiwiary.com\/wp-content\/uploads\/2016\/07\/tumblr_mb90sn4kh11qbhp9xo1_1280.jpg?resize=700%2C400&ssl=1 2x"},"classes":[]},{"id":83391,"url":"https:\/\/wobronietradycjiiwiary.com\/en\/przeczucia-inaczej-lub-czy-benedykt-xvi-byl-katechonem\/","url_meta":{"origin":83158,"position":1},"title":"Przeczucia inaczej lub czy Benedykt XVI by\u0142 &#8220;katechonem&#8221;?","author":"Traditio et Fides","date":"2 January 2023","format":false,"excerpt":"Czy Benedykt XVI by\u0142 \"katechonem\"?","rel":"","context":"In &quot;B XVI \u015bmier\u0107&quot;","block_context":{"text":"B XVI \u015bmier\u0107","link":"https:\/\/wobronietradycjiiwiary.com\/en\/category\/polemika\/kosciol-posoborowy\/papieze\/benedykt-xvi-abdykacja\/b-xvi-smierc\/"},"img":{"alt_text":"","src":"https:\/\/i0.wp.com\/wobronietradycjiiwiary.com\/wp-content\/uploads\/2023\/01\/Puchatek-i-prosiaczek.jpeg?resize=350%2C200&ssl=1","width":350,"height":200,"srcset":"https:\/\/i0.wp.com\/wobronietradycjiiwiary.com\/wp-content\/uploads\/2023\/01\/Puchatek-i-prosiaczek.jpeg?resize=350%2C200&ssl=1 1x, https:\/\/i0.wp.com\/wobronietradycjiiwiary.com\/wp-content\/uploads\/2023\/01\/Puchatek-i-prosiaczek.jpeg?resize=525%2C300&ssl=1 1.5x, https:\/\/i0.wp.com\/wobronietradycjiiwiary.com\/wp-content\/uploads\/2023\/01\/Puchatek-i-prosiaczek.jpeg?resize=700%2C400&ssl=1 2x"},"classes":[]},{"id":11585,"url":"https:\/\/wobronietradycjiiwiary.com\/en\/abp-luigi-negri-odpowiedzialnosc-za-abdykacje-benedykta-xvi-znajduje-sie-wewnatrz-i-na-zewnatrz-watykanu\/","url_meta":{"origin":83158,"position":2},"title":"Abp. Luigi Negri: \u201eOdpowiedzialno\u015b\u0107 za abdykacj\u0119 Benedykta XVI. znajduje si\u0119 wewn\u0105trz i na zewn\u0105trz Watykanu\u201d.","author":"Traditio et Fides","date":"8 March 2017","format":false,"excerpt":"Racja, rzeczywisto\u015b\u0107 i pewno\u015b\u0107 moralna Cz\u0142owiek lubi mie\u0107 racj\u0119. Nie dodamy jednak w tym miejscu, \u201ezw\u0142aszcza wtedy, gdy j\u0105 ma\u201d, poniewa\u017c stwierdzenie stanu faktycznego w wi\u0119kszo\u015bci przypadk\u00f3w naszego codziennego \u017cycia jest trudne, my natomiast polega\u0107 musimy na pewno\u015bci moralnej. Jak ju\u017c pisali\u015bmy w innym miejscu w odr\u00f3\u017cnieniu od (1) pewno\u015bci\u2026","rel":"","context":"In &quot;3. Benedykt XVI&quot;","block_context":{"text":"3. Benedykt XVI","link":"https:\/\/wobronietradycjiiwiary.com\/en\/category\/polemika\/kosciol-posoborowy\/papieze\/benedykt-xvi-abdykacja\/"},"img":{"alt_text":"","src":"https:\/\/i0.wp.com\/wobronietradycjiiwiary.com\/wp-content\/uploads\/2017\/03\/rothfeld-hieronymus-bosch-03-1200x630-1458831796.jpg?resize=350%2C200&ssl=1","width":350,"height":200,"srcset":"https:\/\/i0.wp.com\/wobronietradycjiiwiary.com\/wp-content\/uploads\/2017\/03\/rothfeld-hieronymus-bosch-03-1200x630-1458831796.jpg?resize=350%2C200&ssl=1 1x, https:\/\/i0.wp.com\/wobronietradycjiiwiary.com\/wp-content\/uploads\/2017\/03\/rothfeld-hieronymus-bosch-03-1200x630-1458831796.jpg?resize=525%2C300&ssl=1 1.5x, https:\/\/i0.wp.com\/wobronietradycjiiwiary.com\/wp-content\/uploads\/2017\/03\/rothfeld-hieronymus-bosch-03-1200x630-1458831796.jpg?resize=700%2C400&ssl=1 2x, https:\/\/i0.wp.com\/wobronietradycjiiwiary.com\/wp-content\/uploads\/2017\/03\/rothfeld-hieronymus-bosch-03-1200x630-1458831796.jpg?resize=1050%2C600&ssl=1 3x"},"classes":[]},{"id":83313,"url":"https:\/\/wobronietradycjiiwiary.com\/en\/przeczucia-wydarzen-po-smierci-benedykta-xvi\/","url_meta":{"origin":83158,"position":3},"title":"Przeczucia wydarze\u0144 po \u015bmierci Benedykta XVI","author":"Traditio et Fides","date":"30 December 2022","format":false,"excerpt":"O tym, \u017ce Benedykt XVI g\u0142osi\u0142 fiducjonalizm Lutra i inne rozwa\u017cania na temat jego teologii.","rel":"","context":"In &quot;3. Benedykt XVI&quot;","block_context":{"text":"3. Benedykt XVI","link":"https:\/\/wobronietradycjiiwiary.com\/en\/category\/polemika\/kosciol-posoborowy\/papieze\/benedykt-xvi-abdykacja\/"},"img":{"alt_text":"","src":"https:\/\/i0.wp.com\/wobronietradycjiiwiary.com\/wp-content\/uploads\/2022\/12\/bal40978-2.jpg?resize=350%2C200&ssl=1","width":350,"height":200,"srcset":"https:\/\/i0.wp.com\/wobronietradycjiiwiary.com\/wp-content\/uploads\/2022\/12\/bal40978-2.jpg?resize=350%2C200&ssl=1 1x, https:\/\/i0.wp.com\/wobronietradycjiiwiary.com\/wp-content\/uploads\/2022\/12\/bal40978-2.jpg?resize=525%2C300&ssl=1 1.5x"},"classes":[]},{"id":9579,"url":"https:\/\/wobronietradycjiiwiary.com\/en\/franciszek-antypapiezem-wedlug-ann-barnhardt\/","url_meta":{"origin":83158,"position":4},"title":"Franciszek antypapie\u017cem wed\u0142ug Ann Barnhardt","author":"Traditio et Fides","date":"22 June 2016","format":false,"excerpt":"Chocia\u017c przygotowali\u015bmy sporo spokojnych wpis\u00f3w z dzia\u0142u filozofii i teologii wieczystej, to nast\u0105pi w tym miejscu kolejny aktualny wpis dotycz\u0105cy tego, o czym m\u00f3wi i pisze obecnie katolicki \u015bwiat angloj\u0119zyczny. Dzi\u0119ki bratniej stronie onepeterfive.com dowiedzieli\u015bmy si\u0119 o kolejnym bij\u0105cym w trzewia artykule Ann Barnhardt, z kt\u00f3rym Steven Skojec dosy\u0107 spolegliwie\u2026","rel":"","context":"In &quot;3. Benedykt XVI&quot;","block_context":{"text":"3. Benedykt XVI","link":"https:\/\/wobronietradycjiiwiary.com\/en\/category\/polemika\/kosciol-posoborowy\/papieze\/benedykt-xvi-abdykacja\/"},"img":{"alt_text":"","src":"https:\/\/i0.wp.com\/wobronietradycjiiwiary.com\/wp-content\/uploads\/2016\/06\/the-fall-of-the-rebellious-angels.jpg?resize=350%2C200&ssl=1","width":350,"height":200,"srcset":"https:\/\/i0.wp.com\/wobronietradycjiiwiary.com\/wp-content\/uploads\/2016\/06\/the-fall-of-the-rebellious-angels.jpg?resize=350%2C200&ssl=1 1x, https:\/\/i0.wp.com\/wobronietradycjiiwiary.com\/wp-content\/uploads\/2016\/06\/the-fall-of-the-rebellious-angels.jpg?resize=525%2C300&ssl=1 1.5x, https:\/\/i0.wp.com\/wobronietradycjiiwiary.com\/wp-content\/uploads\/2016\/06\/the-fall-of-the-rebellious-angels.jpg?resize=700%2C400&ssl=1 2x"},"classes":[]},{"id":59442,"url":"https:\/\/wobronietradycjiiwiary.com\/en\/franciszek-podobno-umiera-czy-to-myslenie-zyczeniowe\/","url_meta":{"origin":83158,"position":5},"title":"Franciszek podobno umiera &#8211; Czy to my\u015blenie \u017cyczeniowe?","author":"Traditio et Fides","date":"29 December 2021","format":false,"excerpt":"Czy rzekoma bliska \u015bmier\u0107 Franciszka co\u015b rozwi\u0105\u017ce? Niestety nie.","rel":"","context":"In &quot;4. Franciszek&quot;","block_context":{"text":"4. Franciszek","link":"https:\/\/wobronietradycjiiwiary.com\/en\/category\/polemika\/kosciol-posoborowy\/papieze\/papiez-franciszek\/"},"img":{"alt_text":"","src":"https:\/\/i0.wp.com\/wobronietradycjiiwiary.com\/wp-content\/uploads\/2025\/05\/Jean_Paul_Laurens_Le_Pape_Formose_et_Etienne_VI_1870-1.jpg?resize=350%2C200&ssl=1","width":350,"height":200,"srcset":"https:\/\/i0.wp.com\/wobronietradycjiiwiary.com\/wp-content\/uploads\/2025\/05\/Jean_Paul_Laurens_Le_Pape_Formose_et_Etienne_VI_1870-1.jpg?resize=350%2C200&ssl=1 1x, https:\/\/i0.wp.com\/wobronietradycjiiwiary.com\/wp-content\/uploads\/2025\/05\/Jean_Paul_Laurens_Le_Pape_Formose_et_Etienne_VI_1870-1.jpg?resize=525%2C300&ssl=1 1.5x, https:\/\/i0.wp.com\/wobronietradycjiiwiary.com\/wp-content\/uploads\/2025\/05\/Jean_Paul_Laurens_Le_Pape_Formose_et_Etienne_VI_1870-1.jpg?resize=700%2C400&ssl=1 2x, https:\/\/i0.wp.com\/wobronietradycjiiwiary.com\/wp-content\/uploads\/2025\/05\/Jean_Paul_Laurens_Le_Pape_Formose_et_Etienne_VI_1870-1.jpg?resize=1050%2C600&ssl=1 3x, https:\/\/i0.wp.com\/wobronietradycjiiwiary.com\/wp-content\/uploads\/2025\/05\/Jean_Paul_Laurens_Le_Pape_Formose_et_Etienne_VI_1870-1.jpg?resize=1400%2C800&ssl=1 4x"},"classes":[]}],"amp_enabled":true,"jetpack_featured_media_url":"https:\/\/wobronietradycjiiwiary.com\/wp-content\/uploads\/2022\/12\/El-Greco-El-entierro-del-conde-de-Orgaz-1588-mini.jpg","_links":{"self":[{"href":"https:\/\/wobronietradycjiiwiary.com\/en\/wp-json\/wp\/v2\/posts\/83158","targetHints":{"allow":["GET"]}}],"collection":[{"href":"https:\/\/wobronietradycjiiwiary.com\/en\/wp-json\/wp\/v2\/posts"}],"about":[{"href":"https:\/\/wobronietradycjiiwiary.com\/en\/wp-json\/wp\/v2\/types\/post"}],"author":[{"embeddable":true,"href":"https:\/\/wobronietradycjiiwiary.com\/en\/wp-json\/wp\/v2\/users\/60508433"}],"replies":[{"embeddable":true,"href":"https:\/\/wobronietradycjiiwiary.com\/en\/wp-json\/wp\/v2\/comments?post=83158"}],"version-history":[{"count":39,"href":"https:\/\/wobronietradycjiiwiary.com\/en\/wp-json\/wp\/v2\/posts\/83158\/revisions"}],"predecessor-version":[{"id":83252,"href":"https:\/\/wobronietradycjiiwiary.com\/en\/wp-json\/wp\/v2\/posts\/83158\/revisions\/83252"}],"wp:featuredmedia":[{"embeddable":true,"href":"https:\/\/wobronietradycjiiwiary.com\/en\/wp-json\/wp\/v2\/media\/83176"}],"wp:attachment":[{"href":"https:\/\/wobronietradycjiiwiary.com\/en\/wp-json\/wp\/v2\/media?parent=83158"}],"wp:term":[{"taxonomy":"category","embeddable":true,"href":"https:\/\/wobronietradycjiiwiary.com\/en\/wp-json\/wp\/v2\/categories?post=83158"},{"taxonomy":"post_tag","embeddable":true,"href":"https:\/\/wobronietradycjiiwiary.com\/en\/wp-json\/wp\/v2\/tags?post=83158"}],"curies":[{"name":"wp","href":"https:\/\/api.w.org\/{rel}","templated":true}]}}