{"id":7799,"date":"2015-11-22T08:00:51","date_gmt":"2015-11-22T07:00:51","guid":{"rendered":"https:\/\/wobronietradycjiiwiary.com\/?p=7799"},"modified":"2025-02-07T15:52:24","modified_gmt":"2025-02-07T14:52:24","slug":"sedewakantyzm-czym-jest-tradycja-3-1-problemy-denzinger-i-poczatki-tradycji","status":"publish","type":"post","link":"https:\/\/wobronietradycjiiwiary.com\/en\/sedewakantyzm-czym-jest-tradycja-3-1-problemy-denzinger-i-poczatki-tradycji\/","title":{"rendered":"Sedewakantyzm \u2013 Czym jest Tradycja? (3) Problemy, Denzinger i Pocz\u0105tki Tradycji"},"content":{"rendered":"<div id=\"bsf_rt_marker\"><\/div><p>Aby przedstawi\u0107, dlaczego zbyt szerokie poj\u0119cie nieomylno\u015bci Ko\u015bcio\u0142a proponowane przez sedewakantyst\u00f3w jest b\u0142\u0119dne, nale\u017cy najpierw: Ukaza\u0107 czym jest Tradycja. Ukaza\u0107&hellip;<\/p>\n<div style=\"text-align: center\">\n<p>&nbsp;<\/p>\n<\/div>\n<h2 style=\"border: 5px solid #0000A0;padding: 1em;text-align: center\"><span style=\"color: #000000\">Pe\u0142en dost\u0119p dla <span style=\"color: #00ccff\"><a style=\"color: #00ccff\" href=\"https:\/\/wobronietradycjiiwiary.com\/en\/subskrypcje-2\/\" target=\"_blank\" rel=\"noopener\">subskrybent\u00f3w<\/a><\/span>.<\/span><br \/>\n<span style=\"color: #3366ff\"><a style=\"color: #3366ff\" href=\"https:\/\/wobronietradycjiiwiary.com\/en\/account\/login\/\" target=\"_blank\" rel=\"noopener\"><span style=\"color: #00ccff\">Zaloguj<\/span><\/a> <\/span>si\u0119 lub przejd\u017a do <a href=\"https:\/\/wobronietradycjiiwiary.com\/en\/register\/\"><span style=\"color: #3366ff\">Rejestracji<\/span><\/a>.<\/h2>\n<div>\n<p style=\"text-align: center\"><a href=\"https:\/\/wobronietradycjiiwiary.com\/en\/subskrypcje-2\/cennik\/\" target=\"_blank\" rel=\"noopener\"><span style=\"color: #000080;font-size: 24pt\"><strong>Nowe ni\u017csze ceny<\/strong><\/span><\/a><\/p>\n<p style=\"text-align: center\"><strong><span style=\"font-size: 18pt;color: #000080\">P\u0142atno\u015b\u0107 kart\u0105<\/span><\/strong><\/p>\n<\/div>\n<h3 style=\"text-align: center\"><a href=\"https:\/\/wobronietradycjiiwiary.com\/en\/subskrypcje-2\/automatyczne\/indywidualne\/\" target=\"_blank\" rel=\"noopener\"><img fetchpriority=\"high\" decoding=\"async\" class=\"alignnone size-medium wp-image-80433\" src=\"https:\/\/wobronietradycjiiwiary.com\/wp-content\/uploads\/2022\/11\/Unbenannt-1-Online-1-300x202.jpg\" alt=\"\" width=\"300\" height=\"202\" srcset=\"https:\/\/wobronietradycjiiwiary.com\/wp-content\/uploads\/2022\/11\/Unbenannt-1-Online-1-300x202.jpg 300w, https:\/\/wobronietradycjiiwiary.com\/wp-content\/uploads\/2022\/11\/Unbenannt-1-Online-1-150x101.jpg 150w, https:\/\/wobronietradycjiiwiary.com\/wp-content\/uploads\/2022\/11\/Unbenannt-1-Online-1-18x12.jpg 18w, https:\/\/wobronietradycjiiwiary.com\/wp-content\/uploads\/2022\/11\/Unbenannt-1-Online-1.jpg 446w\" sizes=\"(max-width: 300px) 100vw, 300px\" \/><\/a><\/h3>\n<p style=\"text-align: center\"><strong><span style=\"font-size: 18pt;color: #000080\">P\u0142atno\u015b\u0107 przelewem<\/span><\/strong><\/p>\n<p><a href=\"https:\/\/wobronietradycjiiwiary.com\/en\/subskrypcje-2\/automatyczne\/indywidualne\/\" target=\"_blank\" rel=\"noopener\"><img decoding=\"async\" class=\"size-medium wp-image-80434 aligncenter\" src=\"https:\/\/wobronietradycjiiwiary.com\/wp-content\/uploads\/2022\/11\/Unbenannt-1-Przelewem-300x137.jpg\" alt=\"\" width=\"300\" height=\"137\" srcset=\"https:\/\/wobronietradycjiiwiary.com\/wp-content\/uploads\/2022\/11\/Unbenannt-1-Przelewem-300x137.jpg 300w, https:\/\/wobronietradycjiiwiary.com\/wp-content\/uploads\/2022\/11\/Unbenannt-1-Przelewem-450x206.jpg 450w, https:\/\/wobronietradycjiiwiary.com\/wp-content\/uploads\/2022\/11\/Unbenannt-1-Przelewem-600x274.jpg 600w, https:\/\/wobronietradycjiiwiary.com\/wp-content\/uploads\/2022\/11\/Unbenannt-1-Przelewem-150x69.jpg 150w, https:\/\/wobronietradycjiiwiary.com\/wp-content\/uploads\/2022\/11\/Unbenannt-1-Przelewem-18x8.jpg 18w, https:\/\/wobronietradycjiiwiary.com\/wp-content\/uploads\/2022\/11\/Unbenannt-1-Przelewem.jpg 676w\" sizes=\"(max-width: 300px) 100vw, 300px\" \/><\/a><\/p>\n<p style=\"text-align: center\"><strong><span style=\"font-size: 18pt;color: #000080\">P\u0142atno\u015b\u0107 kart\u0105 do 6 os\u00f3b<\/span><\/strong><\/p>\n<p><a href=\"https:\/\/wobronietradycjiiwiary.com\/en\/rodzinne\/\" target=\"_blank\" rel=\"noopener\"><img decoding=\"async\" class=\"size-medium wp-image-80435 aligncenter\" src=\"https:\/\/wobronietradycjiiwiary.com\/wp-content\/uploads\/2022\/11\/Unbenannt-1-Rodzinna-300x208.jpg\" alt=\"\" width=\"300\" height=\"208\" srcset=\"https:\/\/wobronietradycjiiwiary.com\/wp-content\/uploads\/2022\/11\/Unbenannt-1-Rodzinna-300x208.jpg 300w, https:\/\/wobronietradycjiiwiary.com\/wp-content\/uploads\/2022\/11\/Unbenannt-1-Rodzinna-150x104.jpg 150w, https:\/\/wobronietradycjiiwiary.com\/wp-content\/uploads\/2022\/11\/Unbenannt-1-Rodzinna-18x12.jpg 18w, https:\/\/wobronietradycjiiwiary.com\/wp-content\/uploads\/2022\/11\/Unbenannt-1-Rodzinna.jpg 448w\" sizes=\"(max-width: 300px) 100vw, 300px\" \/><\/a><\/p>\n<h3 style=\"text-align: center\"><\/h3>\n<h1 style=\"text-align: center\"><\/h1>","protected":false},"excerpt":{"rendered":"<p>Aby przedstawi\u0107, dlaczego zbyt szerokie poj\u0119cie nieomylno\u015bci Ko\u015bcio\u0142a proponowane przez sedewakantyst\u00f3w jest b\u0142\u0119dne, nale\u017cy najpierw: Ukaza\u0107 czym jest Tradycja. Ukaza\u0107&hellip; &nbsp; Pe\u0142en dost\u0119p dla subskrybent\u00f3w. Zaloguj si\u0119 lub przejd\u017a do Rejestracji. Nowe ni\u017csze ceny P\u0142atno\u015b\u0107 kart\u0105 P\u0142atno\u015b\u0107 przelewem P\u0142atno\u015b\u0107 kart\u0105 do 6 os\u00f3b<\/p>","protected":false},"author":60508433,"featured_media":7815,"comment_status":"closed","ping_status":"closed","sticky":false,"template":"","format":"standard","meta":{"_coblocks_attr":"","_coblocks_dimensions":"","_coblocks_responsive_height":"","_coblocks_accordion_ie_support":"","_exactmetrics_skip_tracking":false,"_jetpack_newsletter_access":"","_jetpack_dont_email_post_to_subs":false,"_jetpack_newsletter_tier_id":0,"_jetpack_memberships_contains_paywalled_content":false,"_wpcom_ai_launchpad_first_post":false,"_jetpack_feature_clip_id":0,"_jetpack_memberships_contains_paid_content":false,"footnotes":"","jetpack_publicize_message":"{title}\n\n{excerpt}\n\n{url}","jetpack_publicize_feature_enabled":true,"jetpack_social_post_already_shared":true,"jetpack_social_options":{"image_generator_settings":{"template":"highway","default_image_id":0,"font":"","enabled":false},"version":2},"_wpas_customize_per_network":false,"jetpack_post_was_ever_published":false},"categories":[80248953,610131186,420042894,339241221],"tags":[12592478,420450278,610132133,929291],"class_list":["post-7799","post","type-post","status-publish","format-standard","has-post-thumbnail","hentry","category-kosciol-posoborowy","category-polemika","category-sedewakantyzm-kosciol-posoborowy","category-tradycja-i-tradycja","tag-denzinger","tag-poczatki-tradycji","tag-restricted","tag-tradycja"],"yoast_head":"<!-- This site is optimized with the Yoast SEO plugin v28.3 - https:\/\/yoast.com\/product\/yoast-seo-wordpress\/ -->\n<title>Sedewakantyzm \u2013 Czym jest Tradycja? (3) Problemy, Denzinger i Pocz\u0105tki Tradycji - Tradycja i Wiara<\/title>\n<meta name=\"robots\" content=\"index, follow, max-snippet:-1, max-image-preview:large, max-video-preview:-1\" \/>\n<link rel=\"canonical\" href=\"https:\/\/wobronietradycjiiwiary.com\/en\/sedewakantyzm-czym-jest-tradycja-3-1-problemy-denzinger-i-poczatki-tradycji\/\" \/>\n<meta property=\"og:locale\" content=\"en_US\" \/>\n<meta property=\"og:type\" content=\"article\" \/>\n<meta property=\"og:title\" content=\"Sedewakantyzm \u2013 Czym jest Tradycja? (3) Problemy, Denzinger i Pocz\u0105tki Tradycji - Tradycja i Wiara\" \/>\n<meta property=\"og:description\" content=\"Aby przedstawi\u0107, dlaczego zbyt szerokie poj\u0119cie nieomylno\u015bci Ko\u015bcio\u0142a proponowane przez sedewakantyst\u00f3w jest b\u0142\u0119dne, nale\u017cy najpierw: Ukaza\u0107 czym jest Tradycja. Ukaza\u0107&hellip; &nbsp; Pe\u0142en dost\u0119p dla subskrybent\u00f3w. Zaloguj si\u0119 lub przejd\u017a do Rejestracji. Nowe ni\u017csze ceny P\u0142atno\u015b\u0107 kart\u0105 P\u0142atno\u015b\u0107 przelewem P\u0142atno\u015b\u0107 kart\u0105 do 6 os\u00f3b\" \/>\n<meta property=\"og:url\" content=\"https:\/\/wobronietradycjiiwiary.com\/en\/sedewakantyzm-czym-jest-tradycja-3-1-problemy-denzinger-i-poczatki-tradycji\/\" \/>\n<meta property=\"og:site_name\" content=\"Tradycja i Wiara\" \/>\n<meta property=\"article:publisher\" content=\"https:\/\/www.facebook.com\/Tradycja-i-Wiara-108813920592249\" \/>\n<meta property=\"article:published_time\" content=\"2015-11-22T07:00:51+00:00\" \/>\n<meta property=\"article:modified_time\" content=\"2025-02-07T14:52:24+00:00\" \/>\n<meta property=\"og:image\" content=\"https:\/\/wobronietradycjiiwiary.com\/wp-content\/uploads\/2015\/11\/church-fathers-photo.jpg\" \/>\n\t<meta property=\"og:image:width\" content=\"470\" \/>\n\t<meta property=\"og:image:height\" content=\"365\" \/>\n\t<meta property=\"og:image:type\" content=\"image\/jpeg\" \/>\n<meta name=\"author\" content=\"Traditio et Fides\" \/>\n<meta name=\"twitter:card\" content=\"summary_large_image\" \/>\n<meta name=\"twitter:label1\" content=\"Written by\" \/>\n\t<meta name=\"twitter:data1\" content=\"Traditio et Fides\" \/>\n\t<meta name=\"twitter:label2\" content=\"Est. reading time\" \/>\n\t<meta name=\"twitter:data2\" content=\"6 minutes\" \/>\n<script type=\"application\/ld+json\" class=\"yoast-schema-graph\">{\"@context\":\"https:\\\/\\\/schema.org\",\"@graph\":[{\"@type\":\"Article\",\"@id\":\"https:\\\/\\\/wobronietradycjiiwiary.com\\\/sedewakantyzm-czym-jest-tradycja-3-1-problemy-denzinger-i-poczatki-tradycji\\\/#article\",\"isPartOf\":{\"@id\":\"https:\\\/\\\/wobronietradycjiiwiary.com\\\/sedewakantyzm-czym-jest-tradycja-3-1-problemy-denzinger-i-poczatki-tradycji\\\/\"},\"author\":{\"name\":\"Traditio et Fides\",\"@id\":\"https:\\\/\\\/wobronietradycjiiwiary.com\\\/pl\\\/#\\\/schema\\\/person\\\/2d6180ce6abcb681fef0daab7816e8f3\"},\"headline\":\"Sedewakantyzm \u2013 Czym jest Tradycja? (3) Problemy, Denzinger i Pocz\u0105tki Tradycji\",\"datePublished\":\"2015-11-22T07:00:51+00:00\",\"dateModified\":\"2025-02-07T14:52:24+00:00\",\"mainEntityOfPage\":{\"@id\":\"https:\\\/\\\/wobronietradycjiiwiary.com\\\/sedewakantyzm-czym-jest-tradycja-3-1-problemy-denzinger-i-poczatki-tradycji\\\/\"},\"wordCount\":1120,\"publisher\":{\"@id\":\"https:\\\/\\\/wobronietradycjiiwiary.com\\\/pl\\\/#organization\"},\"image\":{\"@id\":\"https:\\\/\\\/wobronietradycjiiwiary.com\\\/sedewakantyzm-czym-jest-tradycja-3-1-problemy-denzinger-i-poczatki-tradycji\\\/#primaryimage\"},\"thumbnailUrl\":\"https:\\\/\\\/wobronietradycjiiwiary.com\\\/wp-content\\\/uploads\\\/2015\\\/11\\\/church-fathers-photo.jpg\",\"keywords\":[\"Denzinger\",\"pocz\u0105tki Tradycji\",\"Restricted\",\"Tradycja\"],\"articleSection\":[\"Ko\u015bci\u00f3\u0142 posoborowy\",\"Polemika\",\"Sedewakantyzm\",\"Tradycja i tradycja\"],\"inLanguage\":\"en-US\"},{\"@type\":\"WebPage\",\"@id\":\"https:\\\/\\\/wobronietradycjiiwiary.com\\\/sedewakantyzm-czym-jest-tradycja-3-1-problemy-denzinger-i-poczatki-tradycji\\\/\",\"url\":\"https:\\\/\\\/wobronietradycjiiwiary.com\\\/sedewakantyzm-czym-jest-tradycja-3-1-problemy-denzinger-i-poczatki-tradycji\\\/\",\"name\":\"Sedewakantyzm \u2013 Czym jest Tradycja? (3) Problemy, Denzinger i Pocz\u0105tki Tradycji - Tradycja i Wiara\",\"isPartOf\":{\"@id\":\"https:\\\/\\\/wobronietradycjiiwiary.com\\\/pl\\\/#website\"},\"primaryImageOfPage\":{\"@id\":\"https:\\\/\\\/wobronietradycjiiwiary.com\\\/sedewakantyzm-czym-jest-tradycja-3-1-problemy-denzinger-i-poczatki-tradycji\\\/#primaryimage\"},\"image\":{\"@id\":\"https:\\\/\\\/wobronietradycjiiwiary.com\\\/sedewakantyzm-czym-jest-tradycja-3-1-problemy-denzinger-i-poczatki-tradycji\\\/#primaryimage\"},\"thumbnailUrl\":\"https:\\\/\\\/wobronietradycjiiwiary.com\\\/wp-content\\\/uploads\\\/2015\\\/11\\\/church-fathers-photo.jpg\",\"datePublished\":\"2015-11-22T07:00:51+00:00\",\"dateModified\":\"2025-02-07T14:52:24+00:00\",\"breadcrumb\":{\"@id\":\"https:\\\/\\\/wobronietradycjiiwiary.com\\\/sedewakantyzm-czym-jest-tradycja-3-1-problemy-denzinger-i-poczatki-tradycji\\\/#breadcrumb\"},\"inLanguage\":\"en-US\",\"potentialAction\":[{\"@type\":\"ReadAction\",\"target\":[\"https:\\\/\\\/wobronietradycjiiwiary.com\\\/sedewakantyzm-czym-jest-tradycja-3-1-problemy-denzinger-i-poczatki-tradycji\\\/\"]}]},{\"@type\":\"ImageObject\",\"inLanguage\":\"en-US\",\"@id\":\"https:\\\/\\\/wobronietradycjiiwiary.com\\\/sedewakantyzm-czym-jest-tradycja-3-1-problemy-denzinger-i-poczatki-tradycji\\\/#primaryimage\",\"url\":\"https:\\\/\\\/wobronietradycjiiwiary.com\\\/wp-content\\\/uploads\\\/2015\\\/11\\\/church-fathers-photo.jpg\",\"contentUrl\":\"https:\\\/\\\/wobronietradycjiiwiary.com\\\/wp-content\\\/uploads\\\/2015\\\/11\\\/church-fathers-photo.jpg\",\"width\":470,\"height\":365},{\"@type\":\"BreadcrumbList\",\"@id\":\"https:\\\/\\\/wobronietradycjiiwiary.com\\\/sedewakantyzm-czym-jest-tradycja-3-1-problemy-denzinger-i-poczatki-tradycji\\\/#breadcrumb\",\"itemListElement\":[{\"@type\":\"ListItem\",\"position\":1,\"name\":\"Strona g\u0142\u00f3wna\",\"item\":\"https:\\\/\\\/wobronietradycjiiwiary.com\\\/\"},{\"@type\":\"ListItem\",\"position\":2,\"name\":\"Sedewakantyzm \u2013 Czym jest Tradycja? (3) Problemy, Denzinger i Pocz\u0105tki Tradycji\"}]},{\"@type\":\"WebSite\",\"@id\":\"https:\\\/\\\/wobronietradycjiiwiary.com\\\/pl\\\/#website\",\"url\":\"https:\\\/\\\/wobronietradycjiiwiary.com\\\/pl\\\/\",\"name\":\"Tradycja i Wiara\",\"description\":\"Portal dla katolik\u00f3w.\",\"publisher\":{\"@id\":\"https:\\\/\\\/wobronietradycjiiwiary.com\\\/pl\\\/#organization\"},\"potentialAction\":[{\"@type\":\"SearchAction\",\"target\":{\"@type\":\"EntryPoint\",\"urlTemplate\":\"https:\\\/\\\/wobronietradycjiiwiary.com\\\/pl\\\/?s={search_term_string}\"},\"query-input\":{\"@type\":\"PropertyValueSpecification\",\"valueRequired\":true,\"valueName\":\"search_term_string\"}}],\"inLanguage\":\"en-US\"},{\"@type\":\"Organization\",\"@id\":\"https:\\\/\\\/wobronietradycjiiwiary.com\\\/pl\\\/#organization\",\"name\":\"Tradycja i Wiara\",\"url\":\"https:\\\/\\\/wobronietradycjiiwiary.com\\\/pl\\\/\",\"logo\":{\"@type\":\"ImageObject\",\"inLanguage\":\"en-US\",\"@id\":\"https:\\\/\\\/wobronietradycjiiwiary.com\\\/pl\\\/#\\\/schema\\\/logo\\\/image\\\/\",\"url\":\"https:\\\/\\\/i0.wp.com\\\/wobronietradycjiiwiary.com\\\/wp-content\\\/uploads\\\/2015\\\/10\\\/cropped-st-peters-dome-vatican.jpg?fit=940%2C198&ssl=1\",\"contentUrl\":\"https:\\\/\\\/i0.wp.com\\\/wobronietradycjiiwiary.com\\\/wp-content\\\/uploads\\\/2015\\\/10\\\/cropped-st-peters-dome-vatican.jpg?fit=940%2C198&ssl=1\",\"width\":940,\"height\":198,\"caption\":\"Tradycja i Wiara\"},\"image\":{\"@id\":\"https:\\\/\\\/wobronietradycjiiwiary.com\\\/pl\\\/#\\\/schema\\\/logo\\\/image\\\/\"},\"sameAs\":[\"https:\\\/\\\/www.facebook.com\\\/Tradycja-i-Wiara-108813920592249\"]},{\"@type\":\"Person\",\"@id\":\"https:\\\/\\\/wobronietradycjiiwiary.com\\\/pl\\\/#\\\/schema\\\/person\\\/2d6180ce6abcb681fef0daab7816e8f3\",\"name\":\"Traditio et Fides\",\"sameAs\":[\"https:\\\/\\\/traditionundglauben.com\"],\"url\":\"https:\\\/\\\/wobronietradycjiiwiary.com\\\/en\\\/author\\\/wobronietradycjiiwiary\\\/\"}]}<\/script>\n<!-- \/ Yoast SEO plugin. -->","yoast_head_json":{"title":"Sedewakantyzm \u2013 Czym jest Tradycja? (3) Problemy, Denzinger i Pocz\u0105tki Tradycji - Tradycja i Wiara","robots":{"index":"index","follow":"follow","max-snippet":"max-snippet:-1","max-image-preview":"max-image-preview:large","max-video-preview":"max-video-preview:-1"},"canonical":"https:\/\/wobronietradycjiiwiary.com\/en\/sedewakantyzm-czym-jest-tradycja-3-1-problemy-denzinger-i-poczatki-tradycji\/","og_locale":"en_US","og_type":"article","og_title":"Sedewakantyzm \u2013 Czym jest Tradycja? (3) Problemy, Denzinger i Pocz\u0105tki Tradycji - Tradycja i Wiara","og_description":"Aby przedstawi\u0107, dlaczego zbyt szerokie poj\u0119cie nieomylno\u015bci Ko\u015bcio\u0142a proponowane przez sedewakantyst\u00f3w jest b\u0142\u0119dne, nale\u017cy najpierw: Ukaza\u0107 czym jest Tradycja. Ukaza\u0107&hellip; &nbsp; Pe\u0142en dost\u0119p dla subskrybent\u00f3w. Zaloguj si\u0119 lub przejd\u017a do Rejestracji. Nowe ni\u017csze ceny P\u0142atno\u015b\u0107 kart\u0105 P\u0142atno\u015b\u0107 przelewem P\u0142atno\u015b\u0107 kart\u0105 do 6 os\u00f3b","og_url":"https:\/\/wobronietradycjiiwiary.com\/en\/sedewakantyzm-czym-jest-tradycja-3-1-problemy-denzinger-i-poczatki-tradycji\/","og_site_name":"Tradycja i Wiara","article_publisher":"https:\/\/www.facebook.com\/Tradycja-i-Wiara-108813920592249","article_published_time":"2015-11-22T07:00:51+00:00","article_modified_time":"2025-02-07T14:52:24+00:00","og_image":[{"width":470,"height":365,"url":"https:\/\/wobronietradycjiiwiary.com\/wp-content\/uploads\/2015\/11\/church-fathers-photo.jpg","type":"image\/jpeg"}],"author":"Traditio et Fides","twitter_card":"summary_large_image","twitter_misc":{"Written by":"Traditio et Fides","Est. reading time":"6 minutes"},"schema":{"@context":"https:\/\/schema.org","@graph":[{"@type":"Article","@id":"https:\/\/wobronietradycjiiwiary.com\/sedewakantyzm-czym-jest-tradycja-3-1-problemy-denzinger-i-poczatki-tradycji\/#article","isPartOf":{"@id":"https:\/\/wobronietradycjiiwiary.com\/sedewakantyzm-czym-jest-tradycja-3-1-problemy-denzinger-i-poczatki-tradycji\/"},"author":{"name":"Traditio et Fides","@id":"https:\/\/wobronietradycjiiwiary.com\/pl\/#\/schema\/person\/2d6180ce6abcb681fef0daab7816e8f3"},"headline":"Sedewakantyzm \u2013 Czym jest Tradycja? (3) Problemy, Denzinger i Pocz\u0105tki Tradycji","datePublished":"2015-11-22T07:00:51+00:00","dateModified":"2025-02-07T14:52:24+00:00","mainEntityOfPage":{"@id":"https:\/\/wobronietradycjiiwiary.com\/sedewakantyzm-czym-jest-tradycja-3-1-problemy-denzinger-i-poczatki-tradycji\/"},"wordCount":1120,"publisher":{"@id":"https:\/\/wobronietradycjiiwiary.com\/pl\/#organization"},"image":{"@id":"https:\/\/wobronietradycjiiwiary.com\/sedewakantyzm-czym-jest-tradycja-3-1-problemy-denzinger-i-poczatki-tradycji\/#primaryimage"},"thumbnailUrl":"https:\/\/wobronietradycjiiwiary.com\/wp-content\/uploads\/2015\/11\/church-fathers-photo.jpg","keywords":["Denzinger","pocz\u0105tki Tradycji","Restricted","Tradycja"],"articleSection":["Ko\u015bci\u00f3\u0142 posoborowy","Polemika","Sedewakantyzm","Tradycja i tradycja"],"inLanguage":"en-US"},{"@type":"WebPage","@id":"https:\/\/wobronietradycjiiwiary.com\/sedewakantyzm-czym-jest-tradycja-3-1-problemy-denzinger-i-poczatki-tradycji\/","url":"https:\/\/wobronietradycjiiwiary.com\/sedewakantyzm-czym-jest-tradycja-3-1-problemy-denzinger-i-poczatki-tradycji\/","name":"Sedewakantyzm \u2013 Czym jest Tradycja? (3) Problemy, Denzinger i Pocz\u0105tki Tradycji - Tradycja i Wiara","isPartOf":{"@id":"https:\/\/wobronietradycjiiwiary.com\/pl\/#website"},"primaryImageOfPage":{"@id":"https:\/\/wobronietradycjiiwiary.com\/sedewakantyzm-czym-jest-tradycja-3-1-problemy-denzinger-i-poczatki-tradycji\/#primaryimage"},"image":{"@id":"https:\/\/wobronietradycjiiwiary.com\/sedewakantyzm-czym-jest-tradycja-3-1-problemy-denzinger-i-poczatki-tradycji\/#primaryimage"},"thumbnailUrl":"https:\/\/wobronietradycjiiwiary.com\/wp-content\/uploads\/2015\/11\/church-fathers-photo.jpg","datePublished":"2015-11-22T07:00:51+00:00","dateModified":"2025-02-07T14:52:24+00:00","breadcrumb":{"@id":"https:\/\/wobronietradycjiiwiary.com\/sedewakantyzm-czym-jest-tradycja-3-1-problemy-denzinger-i-poczatki-tradycji\/#breadcrumb"},"inLanguage":"en-US","potentialAction":[{"@type":"ReadAction","target":["https:\/\/wobronietradycjiiwiary.com\/sedewakantyzm-czym-jest-tradycja-3-1-problemy-denzinger-i-poczatki-tradycji\/"]}]},{"@type":"ImageObject","inLanguage":"en-US","@id":"https:\/\/wobronietradycjiiwiary.com\/sedewakantyzm-czym-jest-tradycja-3-1-problemy-denzinger-i-poczatki-tradycji\/#primaryimage","url":"https:\/\/wobronietradycjiiwiary.com\/wp-content\/uploads\/2015\/11\/church-fathers-photo.jpg","contentUrl":"https:\/\/wobronietradycjiiwiary.com\/wp-content\/uploads\/2015\/11\/church-fathers-photo.jpg","width":470,"height":365},{"@type":"BreadcrumbList","@id":"https:\/\/wobronietradycjiiwiary.com\/sedewakantyzm-czym-jest-tradycja-3-1-problemy-denzinger-i-poczatki-tradycji\/#breadcrumb","itemListElement":[{"@type":"ListItem","position":1,"name":"Strona g\u0142\u00f3wna","item":"https:\/\/wobronietradycjiiwiary.com\/"},{"@type":"ListItem","position":2,"name":"Sedewakantyzm \u2013 Czym jest Tradycja? (3) Problemy, Denzinger i Pocz\u0105tki Tradycji"}]},{"@type":"WebSite","@id":"https:\/\/wobronietradycjiiwiary.com\/pl\/#website","url":"https:\/\/wobronietradycjiiwiary.com\/pl\/","name":"Tradycja i Wiara","description":"Portal dla katolik\u00f3w.","publisher":{"@id":"https:\/\/wobronietradycjiiwiary.com\/pl\/#organization"},"potentialAction":[{"@type":"SearchAction","target":{"@type":"EntryPoint","urlTemplate":"https:\/\/wobronietradycjiiwiary.com\/pl\/?s={search_term_string}"},"query-input":{"@type":"PropertyValueSpecification","valueRequired":true,"valueName":"search_term_string"}}],"inLanguage":"en-US"},{"@type":"Organization","@id":"https:\/\/wobronietradycjiiwiary.com\/pl\/#organization","name":"Tradycja i Wiara","url":"https:\/\/wobronietradycjiiwiary.com\/pl\/","logo":{"@type":"ImageObject","inLanguage":"en-US","@id":"https:\/\/wobronietradycjiiwiary.com\/pl\/#\/schema\/logo\/image\/","url":"https:\/\/i0.wp.com\/wobronietradycjiiwiary.com\/wp-content\/uploads\/2015\/10\/cropped-st-peters-dome-vatican.jpg?fit=940%2C198&ssl=1","contentUrl":"https:\/\/i0.wp.com\/wobronietradycjiiwiary.com\/wp-content\/uploads\/2015\/10\/cropped-st-peters-dome-vatican.jpg?fit=940%2C198&ssl=1","width":940,"height":198,"caption":"Tradycja i Wiara"},"image":{"@id":"https:\/\/wobronietradycjiiwiary.com\/pl\/#\/schema\/logo\/image\/"},"sameAs":["https:\/\/www.facebook.com\/Tradycja-i-Wiara-108813920592249"]},{"@type":"Person","@id":"https:\/\/wobronietradycjiiwiary.com\/pl\/#\/schema\/person\/2d6180ce6abcb681fef0daab7816e8f3","name":"Traditio et Fides","sameAs":["https:\/\/traditionundglauben.com"],"url":"https:\/\/wobronietradycjiiwiary.com\/en\/author\/wobronietradycjiiwiary\/"}]}},"jetpack_publicize_connections":[],"jetpack_sharing_enabled":true,"jetpack_likes_enabled":true,"jetpack_shortlink":"https:\/\/wp.me\/pc04Sd-21N","jetpack-related-posts":[{"id":7807,"url":"https:\/\/wobronietradycjiiwiary.com\/en\/sedewakantyzm-czym-jest-tradycja-3-2-rodzaje-tradycji\/","url_meta":{"origin":7799,"position":0},"title":"Sedewakantyzm \u2013 Czym jest Tradycja? (4) Rodzaje Tradycji","author":"Traditio et Fides","date":"26 November 2015","format":false,"excerpt":"Rodzaje Tradycji Objawienie zawarte jest w pisemnej i ustnej Tradycji Ko\u015bcio\u0142a (DH 609, 1501, 3006, 4207-4214)[1] \u017byciodajna Tradycja pochodzi od Aposto\u0142\u00f3w (DH 4212 f., 4534) Okre\u015blenia \u201e\u017cywa, \u017cywotna, \u017cyciodajna Tradycja\u201d (lebendige \u00dcberlieferung) nie nale\u017cy rozumie\u0107 w ten spos\u00f3b, \u017ce istnieje te\u017c jaka\u015b \u201emartwa\u201d Tradycja, jak to mawiano w Oazach, \u201emy\u2026","rel":"","context":"In &quot;Ko\u015bci\u00f3\u0142 posoborowy&quot;","block_context":{"text":"Ko\u015bci\u00f3\u0142 posoborowy","link":"https:\/\/wobronietradycjiiwiary.com\/en\/category\/polemika\/kosciol-posoborowy\/"},"img":{"alt_text":"","src":"https:\/\/i0.wp.com\/wobronietradycjiiwiary.com\/wp-content\/uploads\/2015\/11\/church-fathers-photo.jpg?resize=350%2C200&ssl=1","width":350,"height":200},"classes":[]},{"id":8072,"url":"https:\/\/wobronietradycjiiwiary.com\/en\/sedewakantyzm-tradycja-nowinkarstwo-i-postep-w-teologii-6\/","url_meta":{"origin":7799,"position":1},"title":"Sedewakantyzm \u2013  Czym jest Tradycja? (6) Tradycja, nowinkarstwo i post\u0119p w teologii","author":"Traditio et Fides","date":"23 December 2015","format":false,"excerpt":"\u00a0 W niniejszym miejscu pragniemy stre\u015bci\u0107 nasze poprzednie wywody na temat Tradycji, by wreszcie przej\u015b\u0107 do wniosk\u00f3w, jaka Tradycja jest Tradycj\u0105, a jaka ni\u0105 nie jest oraz do kwestii przekazu Tradycji przez nieomylne Magisterium Ko\u015bcio\u0142a, co doprowadzi nas wreszcie do b\u0142\u0119d\u00f3w sedewakantyzmu. Czy Magisterium mo\u017ce pob\u0142\u0105dzi\u0107? Tezy Wnioski na pocz\u0105tek,\u2026","rel":"","context":"In &quot;Ko\u015bci\u00f3\u0142 posoborowy&quot;","block_context":{"text":"Ko\u015bci\u00f3\u0142 posoborowy","link":"https:\/\/wobronietradycjiiwiary.com\/en\/category\/polemika\/kosciol-posoborowy\/"},"img":{"alt_text":"","src":"https:\/\/i0.wp.com\/wobronietradycjiiwiary.com\/wp-content\/uploads\/2015\/11\/church-fathers-photo.jpg?resize=350%2C200&ssl=1","width":350,"height":200},"classes":[]},{"id":12,"url":"https:\/\/wobronietradycjiiwiary.com\/en\/tradycja-a-tradycje\/","url_meta":{"origin":7799,"position":2},"title":"Tradycja a tradycje","author":"Traditio et Fides","date":"23 January 2014","format":false,"excerpt":"Czym jest Tradycja, czy s\u0105 Tradycje? Teologicznie i potocznie, pr\u00f3ba odpowiedzi w artykule.","rel":"","context":"In &quot;Tradycja i tradycja&quot;","block_context":{"text":"Tradycja i tradycja","link":"https:\/\/wobronietradycjiiwiary.com\/en\/category\/doktryna\/teologia-jako-nauka\/tradycja-i-tradycja\/"},"img":{"alt_text":"","src":"https:\/\/i0.wp.com\/wobronietradycjiiwiary.com\/wp-content\/uploads\/2014\/01\/5296e358c4161.jpg?resize=350%2C200&ssl=1","width":350,"height":200,"srcset":"https:\/\/i0.wp.com\/wobronietradycjiiwiary.com\/wp-content\/uploads\/2014\/01\/5296e358c4161.jpg?resize=350%2C200&ssl=1 1x, https:\/\/i0.wp.com\/wobronietradycjiiwiary.com\/wp-content\/uploads\/2014\/01\/5296e358c4161.jpg?resize=525%2C300&ssl=1 1.5x, https:\/\/i0.wp.com\/wobronietradycjiiwiary.com\/wp-content\/uploads\/2014\/01\/5296e358c4161.jpg?resize=700%2C400&ssl=1 2x"},"classes":[]},{"id":5593,"url":"https:\/\/wobronietradycjiiwiary.com\/en\/tradycja-i-tradycja-w-ujeciu-teologii-katolickiej-podzial-tradycji-czesc-3\/","url_meta":{"origin":7799,"position":3},"title":"Tradycja i tradycja w uj\u0119ciu teologii katolickiej.  Podzia\u0142 Tradycji (cz\u0119\u015b\u0107 3)","author":"Traditio et Fides","date":"1 May 2015","format":false,"excerpt":"(3)\u00a0\u00a0\u00a0\u00a0\u00a0\u00a0\u00a0\u00a0\u00a0 Podzia\u0142 Tradycji Po tych s\u0142owa wst\u0119pu przechodzimy do w\u0142a\u015bciwego rozdzia\u0142u o Tradycji. Przytoczymy tu fragment Diekampa: \u201eTradycja (Traditio) w rozumieniu teologicznym oznacza od strony przedmiotowej (objective) doktryn\u0119 (doctrina) lub instytucj\u0119 (institutio) religijn\u0105 w pismach (scriptis) (por. 2 Tes 2,15) lub w inny spos\u00f3b przekazan\u0105 (aliis communicatam).\u201d[9] Zatem Tradycja jest\u2026","rel":"","context":"In &quot;De Traditione&quot;","block_context":{"text":"De Traditione","link":"https:\/\/wobronietradycjiiwiary.com\/en\/category\/doktryna\/teologia-jako-nauka\/tradycja-i-tradycja\/de-traditione\/"},"img":{"alt_text":"","src":"https:\/\/i0.wp.com\/wobronietradycjiiwiary.com\/wp-content\/uploads\/2015\/05\/tumblr_m4h5upx3ir1qfg4oyo1_1280.jpg?resize=350%2C200&ssl=1","width":350,"height":200,"srcset":"https:\/\/i0.wp.com\/wobronietradycjiiwiary.com\/wp-content\/uploads\/2015\/05\/tumblr_m4h5upx3ir1qfg4oyo1_1280.jpg?resize=350%2C200&ssl=1 1x, https:\/\/i0.wp.com\/wobronietradycjiiwiary.com\/wp-content\/uploads\/2015\/05\/tumblr_m4h5upx3ir1qfg4oyo1_1280.jpg?resize=525%2C300&ssl=1 1.5x, https:\/\/i0.wp.com\/wobronietradycjiiwiary.com\/wp-content\/uploads\/2015\/05\/tumblr_m4h5upx3ir1qfg4oyo1_1280.jpg?resize=700%2C400&ssl=1 2x"},"classes":[]},{"id":7671,"url":"https:\/\/wobronietradycjiiwiary.com\/en\/czysciec-istnieje-7-czysciec-w-tradycji-kosciola-tradycja-jako-praktyka-kosciola\/","url_meta":{"origin":7799,"position":4},"title":"Czy\u015bciec istnieje. (7) Czy\u015bciec w Tradycji Ko\u015bcio\u0142a. Tradycja jako praktyka Ko\u015bcio\u0142a","author":"Traditio et Fides","date":"23 November 2015","format":false,"excerpt":"Praktyka Ko\u015bcio\u0142a W kontek\u015bcie nauki o czy\u015bccu warto sobie przypomnie\u0107, \u017ce nie tylko to, czego Ko\u015bci\u00f3\u0142 naucza stanowi jego Tradycj\u0119, ale tak\u017ce to, co Ko\u015bci\u00f3\u0142 od pocz\u0105tku czyni. Odsy\u0142aj\u0105c po raz kolejny wszystkich do naszego niestety ma\u0142o czytanego cyklu De Traditione[1] pragniemy w tym miejscu powt\u00f3rzy\u0107, i\u017c, wed\u0142ug cytowanej przez\u2026","rel":"","context":"In &quot;Czy\u015bciec&quot;","block_context":{"text":"Czy\u015bciec","link":"https:\/\/wobronietradycjiiwiary.com\/en\/category\/doktryna\/teologia-dogmatyczna\/rzeczy-ostateczne-eschatologia\/czysciec\/"},"img":{"alt_text":"","src":"https:\/\/i0.wp.com\/wobronietradycjiiwiary.com\/wp-content\/uploads\/2015\/10\/purghellrubens.jpg?resize=350%2C200&ssl=1","width":350,"height":200},"classes":[]},{"id":39413,"url":"https:\/\/wobronietradycjiiwiary.com\/en\/czysciec-istnieje-7-czysciec-w-tradycji-kosciola-tradycja-jako-praktyka-kosciola-2\/","url_meta":{"origin":7799,"position":5},"title":"Czy\u015bciec istnieje. (7) Czy\u015bciec w Tradycji Ko\u015bcio\u0142a. Tradycja jako praktyka Ko\u015bcio\u0142a","author":"Traditio et Fides","date":"22 November 2020","format":false,"excerpt":"Praktyka Ko\u015bcio\u0142a W kontek\u015bcie nauki o czy\u015bccu warto sobie przypomnie\u0107, \u017ce nie tylko to, czego Ko\u015bci\u00f3\u0142 naucza stanowi jego Tradycj\u0119, ale tak\u017ce to, co Ko\u015bci\u00f3\u0142 od pocz\u0105tku czyni. Odsy\u0142aj\u0105c po raz kolejny wszystkich do naszego niestety ma\u0142o czytanego cyklu De Traditione[1] pragniemy w tym miejscu powt\u00f3rzy\u0107, i\u017c, wed\u0142ug cytowanej przez\u2026","rel":"","context":"In &quot;Czy\u015bciec&quot;","block_context":{"text":"Czy\u015bciec","link":"https:\/\/wobronietradycjiiwiary.com\/en\/category\/doktryna\/teologia-dogmatyczna\/rzeczy-ostateczne-eschatologia\/czysciec\/"},"img":{"alt_text":"","src":"https:\/\/i0.wp.com\/wobronietradycjiiwiary.com\/wp-content\/uploads\/2015\/10\/purghellrubens.jpg?resize=350%2C200&ssl=1","width":350,"height":200},"classes":[]}],"jetpack_featured_media_url":"https:\/\/wobronietradycjiiwiary.com\/wp-content\/uploads\/2015\/11\/church-fathers-photo.jpg","_links":{"self":[{"href":"https:\/\/wobronietradycjiiwiary.com\/en\/wp-json\/wp\/v2\/posts\/7799","targetHints":{"allow":["GET"]}}],"collection":[{"href":"https:\/\/wobronietradycjiiwiary.com\/en\/wp-json\/wp\/v2\/posts"}],"about":[{"href":"https:\/\/wobronietradycjiiwiary.com\/en\/wp-json\/wp\/v2\/types\/post"}],"author":[{"embeddable":true,"href":"https:\/\/wobronietradycjiiwiary.com\/en\/wp-json\/wp\/v2\/users\/60508433"}],"replies":[{"embeddable":true,"href":"https:\/\/wobronietradycjiiwiary.com\/en\/wp-json\/wp\/v2\/comments?post=7799"}],"version-history":[{"count":1,"href":"https:\/\/wobronietradycjiiwiary.com\/en\/wp-json\/wp\/v2\/posts\/7799\/revisions"}],"predecessor-version":[{"id":57055,"href":"https:\/\/wobronietradycjiiwiary.com\/en\/wp-json\/wp\/v2\/posts\/7799\/revisions\/57055"}],"wp:featuredmedia":[{"embeddable":true,"href":"https:\/\/wobronietradycjiiwiary.com\/en\/wp-json\/wp\/v2\/media\/7815"}],"wp:attachment":[{"href":"https:\/\/wobronietradycjiiwiary.com\/en\/wp-json\/wp\/v2\/media?parent=7799"}],"wp:term":[{"taxonomy":"category","embeddable":true,"href":"https:\/\/wobronietradycjiiwiary.com\/en\/wp-json\/wp\/v2\/categories?post=7799"},{"taxonomy":"post_tag","embeddable":true,"href":"https:\/\/wobronietradycjiiwiary.com\/en\/wp-json\/wp\/v2\/tags?post=7799"}],"curies":[{"name":"wp","href":"https:\/\/api.w.org\/{rel}","templated":true}]}}