{"id":73103,"date":"2022-11-05T19:00:52","date_gmt":"2022-11-05T18:00:52","guid":{"rendered":"https:\/\/wobronietradycjiiwiary.com\/?p=73103"},"modified":"2025-02-07T15:58:44","modified_gmt":"2025-02-07T14:58:44","slug":"proprium-missae-xxii-niedziela-po-zeslaniu-ducha-swietego-dominica-xxii-post-pentecosten-2-2-2-2","status":"publish","type":"post","link":"https:\/\/wobronietradycjiiwiary.com\/en\/proprium-missae-xxii-niedziela-po-zeslaniu-ducha-swietego-dominica-xxii-post-pentecosten-2-2-2-2\/","title":{"rendered":"Proprium missae &#8211; XXII Niedziela po Zes\u0142aniu Ducha \u015awi\u0119tego &#8211; Dominica XXII post Pentecosten"},"content":{"rendered":"<div id=\"bsf_rt_marker\"><\/div><hr>\n<pre style=\"text-align: center;\"><span style=\"text-decoration: underline; color: #0000ff;\"><strong><span style=\"color: #ff0000; text-decoration: underline;\"><a style=\"color: #ff0000; text-decoration: underline;\" href=\"http:\/\/divinumofficium.com\/cgi-bin\/missa\/missa.pl?date=11-10-2019&amp;lang2=Polski\">Divinum Officium - Sancta Missa<\/a><\/span>\n<\/strong><\/span><span style=\"text-decoration: underline;\"><span style=\"color: #339966; text-decoration: underline;\"><strong><a style=\"color: #339966; text-decoration: underline;\" href=\"http:\/\/www.mszatrydencka.waw.pl\/images\/stories\/pdf\/rubrycela2019.pdf\">Rubrycela Mszalna na Rok Pa\u0144ski 2019<\/a><\/strong><\/span><\/span><span style=\"text-decoration: underline; color: #0000ff;\"><strong>\n<a href=\"http:\/\/www.albert.pulawy.pl\/calendarium\/\"><span style=\"color: #0000ff; text-decoration: underline;\">Kalendarz Liturgiczny Zwyczajnej i Nadzwyczajnej Formy Rytu Rzymskiego<\/span><\/a>\n<\/strong><\/span><\/pre>\n<hr>\n<p><\/p>\n<p><span class=\"embed-youtube\" style=\"text-align:center; display: block;\"><iframe class=\"youtube-player\" width=\"580\" height=\"327\" src=\"https:\/\/www.youtube.com\/embed\/I6YSEOJWWEA?version=3&#038;rel=1&#038;showsearch=0&#038;showinfo=1&#038;iv_load_policy=1&#038;fs=1&#038;hl=en-US&#038;autohide=2&#038;wmode=transparent\" allowfullscreen=\"true\" style=\"border:0;\" sandbox=\"allow-scripts allow-same-origin allow-popups allow-presentation allow-popups-to-escape-sandbox\"><\/iframe><\/span><\/p>\n<table>\n<tbody>\n<tr>\n<td colspan=\"2\" width=\"614\"><strong><em>INTROITUS<\/em><\/strong><\/td>\n<\/tr>\n<tr>\n<td width=\"307\"><em>Ps 129:3-4<\/em><br>\n<strong><em>S<\/em><\/strong>i iniquit\u00e1tes observ\u00e1veris, D\u00f3mine: D\u00f3mine, quis sustin\u00e9bit? quia apud te propiti\u00e1tio est, Deus Isra\u00ebl.<br>\n<em>Ps 129:1-2<\/em><br>\nDe prof\u00fandis clam\u00e1vi ad te, D\u00f3mine: D\u00f3mine, ex\u00e1udi vocem meam.<br>\n<em>V.<\/em> Gl\u00f3ria Patri, et F\u00edlio, et Spir\u00edtui Sancto.<br>\n<em>R.<\/em> Sicut erat in princ\u00edpio, et nunc, et semper, et in saecula saecul\u00f3rum. Amen<br>\n<em>Ps 129:3-4<\/em><br>\n<strong><em>S<\/em><\/strong>i iniquit\u00e1tes observ\u00e1veris, D\u00f3mine: D\u00f3mine, quis sustin\u00e9bit? quia apud te propiti\u00e1tio est, Deus Isra\u00ebl.<\/td>\n<td width=\"307\"><em>Ps 129:3-4<\/em><br>\n<strong><em>J<\/em><\/strong>e\u015bli zachowasz pami\u0119\u0107 o wyst\u0119pkach, Panie, Panie, kt\u00f3\u017c si\u0119 ostoi? Ale u Ciebie, Bo\u017ce Izraela, jest przebaczenie grzech\u00f3w.<br>\n<em>Ps 129:1-2<\/em><br>\nZ g\u0142\u0119boko\u015bci wo\u0142am do Ciebie, Panie, o Panie, s\u0142uchaj g\u0142osu mego.<br>\n<em>V.<\/em> Chwa\u0142a Ojcu, i Synowi i Duchowi \u015awi\u0119temu.<br>\n<em>R.<\/em> Jak by\u0142a na pocz\u0105tku, teraz i zawsze i na wieki wiek\u00f3w. Amen.<br>\n<em>Ps 129:3-4<\/em><br>\n<strong><em>J<\/em><\/strong>e\u015bli zachowasz pami\u0119\u0107 o wyst\u0119pkach, Panie, Panie, kt\u00f3\u017c si\u0119 ostoi? Ale u Ciebie, Bo\u017ce Izraela, jest przebaczenie grzech\u00f3w.<\/td>\n<\/tr>\n<\/tbody>\n<\/table>\n<p><\/p>\n<p><span class=\"embed-youtube\" style=\"text-align:center; display: block;\"><iframe class=\"youtube-player\" width=\"580\" height=\"327\" src=\"https:\/\/www.youtube.com\/embed\/3dEVhkzaYmk?version=3&#038;rel=1&#038;showsearch=0&#038;showinfo=1&#038;iv_load_policy=1&#038;fs=1&#038;hl=en-US&#038;autohide=2&#038;wmode=transparent\" allowfullscreen=\"true\" style=\"border:0;\" sandbox=\"allow-scripts allow-same-origin allow-popups allow-presentation allow-popups-to-escape-sandbox\"><\/iframe><\/span><\/p>\n<table>\n<tbody>\n<tr>\n<td colspan=\"2\" width=\"614\"><strong><em>GRADUALE<\/em><\/strong><\/td>\n<\/tr>\n<tr>\n<td width=\"307\"><em>Ps 132:1-2<\/em><br>\nEcce, quam bonum et quam iuc\u00fandum, habit\u00e1re fratres in unum!<br>\n<em>V.<\/em> Sicut ungu\u00e9ntum in c\u00e1pite, quod desc\u00e9ndit in barbam, barbam Aaron.<\/td>\n<td width=\"307\"><em>Ps 132:1-2<\/em><br>\nOto jak dobrze i jak mi\u0142o braciom zamieszka\u0107 spo\u0142em.<br>\n<em>V.<\/em> Jak wyborny olejek na g\u0142owie, co sp\u0142ywa na brod\u0119, brod\u0119 Aarona.<\/td>\n<\/tr>\n<\/tbody>\n<\/table>\n<p><\/p>\n<p><span class=\"embed-youtube\" style=\"text-align:center; display: block;\"><iframe class=\"youtube-player\" width=\"580\" height=\"327\" src=\"https:\/\/www.youtube.com\/embed\/3n0vIf113HY?version=3&#038;rel=1&#038;showsearch=0&#038;showinfo=1&#038;iv_load_policy=1&#038;fs=1&#038;hl=en-US&#038;autohide=2&#038;wmode=transparent\" allowfullscreen=\"true\" style=\"border:0;\" sandbox=\"allow-scripts allow-same-origin allow-popups allow-presentation allow-popups-to-escape-sandbox\"><\/iframe><\/span><\/p>\n<table>\n<tbody>\n<tr>\n<td colspan=\"2\" width=\"614\"><strong><em>ALLELUIA<\/em><\/strong><\/td>\n<\/tr>\n<tr>\n<td width=\"307\">Allel\u00faia, allel\u00faia<br>\n<em>Ps 113:11<\/em><br>\nQui timent D\u00f3minum sperent in eo: adi\u00fator et prot\u00e9ctor e\u00f3rum est. Allel\u00faia.<\/td>\n<td width=\"307\">Alleluja, alleluja.<br>\n<em>Ps 113:11<\/em><br>\nKt\u00f3rzy si\u0119 Pana boj\u0105, niechaj Mu ufaj\u0105. On jest ich obro\u0144c\u0105 i wspomo\u017cycielem. Alleluja.<\/td>\n<\/tr>\n<\/tbody>\n<\/table>\n<p><\/p>\n<p><span class=\"embed-youtube\" style=\"text-align:center; display: block;\"><iframe class=\"youtube-player\" width=\"580\" height=\"327\" src=\"https:\/\/www.youtube.com\/embed\/8kPoTW9-0PM?version=3&#038;rel=1&#038;showsearch=0&#038;showinfo=1&#038;iv_load_policy=1&#038;fs=1&#038;hl=en-US&#038;autohide=2&#038;wmode=transparent\" allowfullscreen=\"true\" style=\"border:0;\" sandbox=\"allow-scripts allow-same-origin allow-popups allow-presentation allow-popups-to-escape-sandbox\"><\/iframe><\/span><\/p>\n<table>\n<tbody>\n<tr>\n<td colspan=\"2\" width=\"614\"><strong><em>OFFERTORIUM<\/em><\/strong><\/td>\n<\/tr>\n<tr>\n<td width=\"307\"><em>Esth 14:12; 14:13<\/em><br>\nRecord\u00e1re mei, D\u00f3mine, omni potent\u00e1tui d\u00f3minans: et da serm\u00f3nem rectum in os meum, ut pl\u00e1ceant verba mea in consp\u00e9ctu pr\u00edncipis.<\/td>\n<td width=\"307\"><em>Est 14:12; 14:13<\/em><br>\nWspomnij na mnie, o Panie, kt\u00f3remu wszelka zwierzchno\u015b\u0107 podlega. W\u0142\u00f3\u017c w moje usta mow\u0119 w\u0142a\u015bciw\u0105, aby si\u0119 podoba\u0142y s\u0142owa moje w obliczu kr\u00f3la.<\/td>\n<\/tr>\n<\/tbody>\n<\/table>\n<p><\/p>\n<p><span class=\"embed-youtube\" style=\"text-align:center; display: block;\"><iframe class=\"youtube-player\" width=\"580\" height=\"327\" src=\"https:\/\/www.youtube.com\/embed\/JuvUUB0AzbI?version=3&#038;rel=1&#038;showsearch=0&#038;showinfo=1&#038;iv_load_policy=1&#038;fs=1&#038;hl=en-US&#038;autohide=2&#038;wmode=transparent\" allowfullscreen=\"true\" style=\"border:0;\" sandbox=\"allow-scripts allow-same-origin allow-popups allow-presentation allow-popups-to-escape-sandbox\"><\/iframe><\/span><\/p>\n<table>\n<tbody>\n<tr>\n<td colspan=\"2\" width=\"614\"><strong><em>COMMUNIO<\/em><\/strong><\/td>\n<\/tr>\n<tr>\n<td width=\"307\"><em>Ps 16:6<\/em><br>\nEgo clam\u00e1vi, qu\u00f3niam exaud\u00edsti me, Deus: incl\u00edna aurem tuam et ex\u00e1udi verba mea.<\/td>\n<td width=\"307\"><em>Ps 16:6<\/em><br>\nWzywam Ci\u0119, Bo\u017ce, bo Ty mnie wys\u0142uchasz. Nak\u0142o\u0144 ku mnie Twe ucho, us\u0142ysz moje s\u0142owa.<\/td>\n<\/tr>\n<\/tbody>\n<\/table>\n\n\n<div style=\"height:100px\" aria-hidden=\"true\" class=\"wp-block-spacer\"><\/div>","protected":false},"excerpt":{"rendered":"<p>Divinum Officium &#8211; Sancta Missa Rubrycela Mszalna na Rok Pa\u0144ski 2019 Kalendarz Liturgiczny Zwyczajnej i Nadzwyczajnej Formy Rytu Rzymskiego INTROITUS Ps 129:3-4 Si iniquit\u00e1tes observ\u00e1veris, D\u00f3mine: D\u00f3mine, quis sustin\u00e9bit? quia apud te propiti\u00e1tio est, Deus Isra\u00ebl. Ps 129:1-2 De prof\u00fandis clam\u00e1vi ad te, D\u00f3mine: D\u00f3mine, ex\u00e1udi vocem meam. V. Gl\u00f3ria Patri, et F\u00edlio, et Spir\u00edtui [&hellip;]<\/p>\n","protected":false},"author":60508433,"featured_media":24264,"comment_status":"open","ping_status":"open","sticky":false,"template":"","format":"standard","meta":{"_bbp_topic_count":0,"_bbp_reply_count":0,"_bbp_total_topic_count":0,"_bbp_total_reply_count":0,"_bbp_voice_count":0,"_bbp_anonymous_reply_count":0,"_bbp_topic_count_hidden":0,"_bbp_reply_count_hidden":0,"_bbp_forum_subforum_count":0,"_editorskit_title_hidden":false,"_editorskit_reading_time":0,"_editorskit_is_block_options_detached":false,"_editorskit_block_options_position":"{}","_coblocks_attr":"","_coblocks_dimensions":"","_coblocks_responsive_height":"","_coblocks_accordion_ie_support":"","_exactmetrics_skip_tracking":false,"_jetpack_newsletter_access":"","_jetpack_dont_email_post_to_subs":false,"_jetpack_newsletter_tier_id":0,"_jetpack_memberships_contains_paywalled_content":false,"_wpcom_ai_launchpad_first_post":false,"_jetpack_feature_clip_id":0,"_jetpack_memberships_contains_paid_content":false,"footnotes":"","jetpack_publicize_message":"{title}\n\n{excerpt}\n\n{url}","jetpack_publicize_feature_enabled":true,"jetpack_social_post_already_shared":true,"jetpack_social_options":{"image_generator_settings":{"template":"highway","default_image_id":0,"font":"","enabled":false},"version":2},"_wpas_customize_per_network":false,"jetpack_post_was_ever_published":false},"categories":[610131184,5647912,20472889],"tags":[],"class_list":["post-73103","post","type-post","status-publish","format-standard","has-post-thumbnail","hentry","category-duchowosc","category-msza-trydencka","category-proprium"],"yoast_head":"<!-- This site is optimized with the Yoast SEO plugin v28.4 - https:\/\/yoast.com\/product\/yoast-seo-wordpress\/ -->\n<title>Proprium missae - XXII Niedziela po Zes\u0142aniu Ducha \u015awi\u0119tego - Dominica XXII post Pentecosten - Tradycja i Wiara<\/title>\n<meta name=\"robots\" content=\"index, follow, max-snippet:-1, max-image-preview:large, max-video-preview:-1\" \/>\n<link rel=\"canonical\" href=\"https:\/\/wobronietradycjiiwiary.com\/en\/proprium-missae-xxii-niedziela-po-zeslaniu-ducha-swietego-dominica-xxii-post-pentecosten-2-2-2-2\/\" \/>\n<meta property=\"og:locale\" content=\"en_US\" \/>\n<meta property=\"og:type\" content=\"article\" \/>\n<meta property=\"og:title\" content=\"Proprium missae - XXII Niedziela po Zes\u0142aniu Ducha \u015awi\u0119tego - Dominica XXII post Pentecosten - Tradycja i Wiara\" \/>\n<meta property=\"og:description\" content=\"Divinum Officium - Sancta Missa Rubrycela Mszalna na Rok Pa\u0144ski 2019 Kalendarz Liturgiczny Zwyczajnej i Nadzwyczajnej Formy Rytu Rzymskiego INTROITUS Ps 129:3-4 Si iniquit\u00e1tes observ\u00e1veris, D\u00f3mine: D\u00f3mine, quis sustin\u00e9bit? quia apud te propiti\u00e1tio est, Deus Isra\u00ebl. Ps 129:1-2 De prof\u00fandis clam\u00e1vi ad te, D\u00f3mine: D\u00f3mine, ex\u00e1udi vocem meam. V. Gl\u00f3ria Patri, et F\u00edlio, et Spir\u00edtui [&hellip;]\" \/>\n<meta property=\"og:url\" content=\"https:\/\/wobronietradycjiiwiary.com\/en\/proprium-missae-xxii-niedziela-po-zeslaniu-ducha-swietego-dominica-xxii-post-pentecosten-2-2-2-2\/\" \/>\n<meta property=\"og:site_name\" content=\"Tradycja i Wiara\" \/>\n<meta property=\"article:publisher\" content=\"https:\/\/www.facebook.com\/Tradycja-i-Wiara-108813920592249\" \/>\n<meta property=\"article:published_time\" content=\"2022-11-05T18:00:52+00:00\" \/>\n<meta property=\"article:modified_time\" content=\"2025-02-07T14:58:44+00:00\" \/>\n<meta property=\"og:image\" content=\"https:\/\/i0.wp.com\/wobronietradycjiiwiary.com\/wp-content\/uploads\/2019\/11\/22-Steuerfrage.jpg?fit=800%2C648&ssl=1\" \/>\n\t<meta property=\"og:image:width\" content=\"800\" \/>\n\t<meta property=\"og:image:height\" content=\"648\" \/>\n\t<meta property=\"og:image:type\" content=\"image\/jpeg\" \/>\n<meta name=\"author\" content=\"Traditio et Fides\" \/>\n<meta name=\"twitter:card\" content=\"summary_large_image\" \/>\n<meta name=\"twitter:label1\" content=\"Written by\" \/>\n\t<meta name=\"twitter:data1\" content=\"Traditio et Fides\" \/>\n\t<meta name=\"twitter:label2\" content=\"Est. reading time\" \/>\n\t<meta name=\"twitter:data2\" content=\"2 minutes\" \/>\n<script type=\"application\/ld+json\" class=\"yoast-schema-graph\">{\"@context\":\"https:\\\/\\\/schema.org\",\"@graph\":[{\"@type\":\"Article\",\"@id\":\"https:\\\/\\\/wobronietradycjiiwiary.com\\\/proprium-missae-xxii-niedziela-po-zeslaniu-ducha-swietego-dominica-xxii-post-pentecosten-2-2-2-2\\\/#article\",\"isPartOf\":{\"@id\":\"https:\\\/\\\/wobronietradycjiiwiary.com\\\/proprium-missae-xxii-niedziela-po-zeslaniu-ducha-swietego-dominica-xxii-post-pentecosten-2-2-2-2\\\/\"},\"author\":{\"name\":\"Traditio et Fides\",\"@id\":\"https:\\\/\\\/wobronietradycjiiwiary.com\\\/pl\\\/#\\\/schema\\\/person\\\/2d6180ce6abcb681fef0daab7816e8f3\"},\"headline\":\"Proprium missae &#8211; XXII Niedziela po Zes\u0142aniu Ducha \u015awi\u0119tego &#8211; Dominica XXII post Pentecosten\",\"datePublished\":\"2022-11-05T18:00:52+00:00\",\"dateModified\":\"2025-02-07T14:58:44+00:00\",\"mainEntityOfPage\":{\"@id\":\"https:\\\/\\\/wobronietradycjiiwiary.com\\\/proprium-missae-xxii-niedziela-po-zeslaniu-ducha-swietego-dominica-xxii-post-pentecosten-2-2-2-2\\\/\"},\"wordCount\":459,\"commentCount\":0,\"publisher\":{\"@id\":\"https:\\\/\\\/wobronietradycjiiwiary.com\\\/pl\\\/#organization\"},\"image\":{\"@id\":\"https:\\\/\\\/wobronietradycjiiwiary.com\\\/proprium-missae-xxii-niedziela-po-zeslaniu-ducha-swietego-dominica-xxii-post-pentecosten-2-2-2-2\\\/#primaryimage\"},\"thumbnailUrl\":\"https:\\\/\\\/wobronietradycjiiwiary.com\\\/wp-content\\\/uploads\\\/2019\\\/11\\\/22-Steuerfrage.jpg\",\"articleSection\":[\"Duchowo\u015b\u0107\",\"Msza Trydencka\",\"Proprium\"],\"inLanguage\":\"en-US\",\"potentialAction\":[{\"@type\":\"CommentAction\",\"name\":\"Comment\",\"target\":[\"https:\\\/\\\/wobronietradycjiiwiary.com\\\/proprium-missae-xxii-niedziela-po-zeslaniu-ducha-swietego-dominica-xxii-post-pentecosten-2-2-2-2\\\/#respond\"]}]},{\"@type\":\"WebPage\",\"@id\":\"https:\\\/\\\/wobronietradycjiiwiary.com\\\/proprium-missae-xxii-niedziela-po-zeslaniu-ducha-swietego-dominica-xxii-post-pentecosten-2-2-2-2\\\/\",\"url\":\"https:\\\/\\\/wobronietradycjiiwiary.com\\\/proprium-missae-xxii-niedziela-po-zeslaniu-ducha-swietego-dominica-xxii-post-pentecosten-2-2-2-2\\\/\",\"name\":\"Proprium missae - XXII Niedziela po Zes\u0142aniu Ducha \u015awi\u0119tego - Dominica XXII post Pentecosten - Tradycja i Wiara\",\"isPartOf\":{\"@id\":\"https:\\\/\\\/wobronietradycjiiwiary.com\\\/pl\\\/#website\"},\"primaryImageOfPage\":{\"@id\":\"https:\\\/\\\/wobronietradycjiiwiary.com\\\/proprium-missae-xxii-niedziela-po-zeslaniu-ducha-swietego-dominica-xxii-post-pentecosten-2-2-2-2\\\/#primaryimage\"},\"image\":{\"@id\":\"https:\\\/\\\/wobronietradycjiiwiary.com\\\/proprium-missae-xxii-niedziela-po-zeslaniu-ducha-swietego-dominica-xxii-post-pentecosten-2-2-2-2\\\/#primaryimage\"},\"thumbnailUrl\":\"https:\\\/\\\/wobronietradycjiiwiary.com\\\/wp-content\\\/uploads\\\/2019\\\/11\\\/22-Steuerfrage.jpg\",\"datePublished\":\"2022-11-05T18:00:52+00:00\",\"dateModified\":\"2025-02-07T14:58:44+00:00\",\"breadcrumb\":{\"@id\":\"https:\\\/\\\/wobronietradycjiiwiary.com\\\/proprium-missae-xxii-niedziela-po-zeslaniu-ducha-swietego-dominica-xxii-post-pentecosten-2-2-2-2\\\/#breadcrumb\"},\"inLanguage\":\"en-US\",\"potentialAction\":[{\"@type\":\"ReadAction\",\"target\":[\"https:\\\/\\\/wobronietradycjiiwiary.com\\\/proprium-missae-xxii-niedziela-po-zeslaniu-ducha-swietego-dominica-xxii-post-pentecosten-2-2-2-2\\\/\"]}]},{\"@type\":\"ImageObject\",\"inLanguage\":\"en-US\",\"@id\":\"https:\\\/\\\/wobronietradycjiiwiary.com\\\/proprium-missae-xxii-niedziela-po-zeslaniu-ducha-swietego-dominica-xxii-post-pentecosten-2-2-2-2\\\/#primaryimage\",\"url\":\"https:\\\/\\\/wobronietradycjiiwiary.com\\\/wp-content\\\/uploads\\\/2019\\\/11\\\/22-Steuerfrage.jpg\",\"contentUrl\":\"https:\\\/\\\/wobronietradycjiiwiary.com\\\/wp-content\\\/uploads\\\/2019\\\/11\\\/22-Steuerfrage.jpg\",\"width\":800,\"height\":648},{\"@type\":\"BreadcrumbList\",\"@id\":\"https:\\\/\\\/wobronietradycjiiwiary.com\\\/proprium-missae-xxii-niedziela-po-zeslaniu-ducha-swietego-dominica-xxii-post-pentecosten-2-2-2-2\\\/#breadcrumb\",\"itemListElement\":[{\"@type\":\"ListItem\",\"position\":1,\"name\":\"Strona g\u0142\u00f3wna\",\"item\":\"https:\\\/\\\/wobronietradycjiiwiary.com\\\/\"},{\"@type\":\"ListItem\",\"position\":2,\"name\":\"Proprium missae &#8211; XXII Niedziela po Zes\u0142aniu Ducha \u015awi\u0119tego &#8211; Dominica XXII post Pentecosten\"}]},{\"@type\":\"WebSite\",\"@id\":\"https:\\\/\\\/wobronietradycjiiwiary.com\\\/pl\\\/#website\",\"url\":\"https:\\\/\\\/wobronietradycjiiwiary.com\\\/pl\\\/\",\"name\":\"Tradycja i Wiara\",\"description\":\"Portal dla katolik\u00f3w.\",\"publisher\":{\"@id\":\"https:\\\/\\\/wobronietradycjiiwiary.com\\\/pl\\\/#organization\"},\"potentialAction\":[{\"@type\":\"SearchAction\",\"target\":{\"@type\":\"EntryPoint\",\"urlTemplate\":\"https:\\\/\\\/wobronietradycjiiwiary.com\\\/pl\\\/?s={search_term_string}\"},\"query-input\":{\"@type\":\"PropertyValueSpecification\",\"valueRequired\":true,\"valueName\":\"search_term_string\"}}],\"inLanguage\":\"en-US\"},{\"@type\":\"Organization\",\"@id\":\"https:\\\/\\\/wobronietradycjiiwiary.com\\\/pl\\\/#organization\",\"name\":\"Tradycja i Wiara\",\"url\":\"https:\\\/\\\/wobronietradycjiiwiary.com\\\/pl\\\/\",\"logo\":{\"@type\":\"ImageObject\",\"inLanguage\":\"en-US\",\"@id\":\"https:\\\/\\\/wobronietradycjiiwiary.com\\\/pl\\\/#\\\/schema\\\/logo\\\/image\\\/\",\"url\":\"https:\\\/\\\/i0.wp.com\\\/wobronietradycjiiwiary.com\\\/wp-content\\\/uploads\\\/2015\\\/10\\\/cropped-st-peters-dome-vatican.jpg?fit=940%2C198&ssl=1\",\"contentUrl\":\"https:\\\/\\\/i0.wp.com\\\/wobronietradycjiiwiary.com\\\/wp-content\\\/uploads\\\/2015\\\/10\\\/cropped-st-peters-dome-vatican.jpg?fit=940%2C198&ssl=1\",\"width\":940,\"height\":198,\"caption\":\"Tradycja i Wiara\"},\"image\":{\"@id\":\"https:\\\/\\\/wobronietradycjiiwiary.com\\\/pl\\\/#\\\/schema\\\/logo\\\/image\\\/\"},\"sameAs\":[\"https:\\\/\\\/www.facebook.com\\\/Tradycja-i-Wiara-108813920592249\"]},{\"@type\":\"Person\",\"@id\":\"https:\\\/\\\/wobronietradycjiiwiary.com\\\/pl\\\/#\\\/schema\\\/person\\\/2d6180ce6abcb681fef0daab7816e8f3\",\"name\":\"Traditio et Fides\",\"sameAs\":[\"https:\\\/\\\/traditionundglauben.com\"],\"url\":\"https:\\\/\\\/wobronietradycjiiwiary.com\\\/en\\\/author\\\/wobronietradycjiiwiary\\\/\"}]}<\/script>\n<!-- \/ Yoast SEO plugin. -->","yoast_head_json":{"title":"Proprium missae - XXII Niedziela po Zes\u0142aniu Ducha \u015awi\u0119tego - Dominica XXII post Pentecosten - Tradycja i Wiara","robots":{"index":"index","follow":"follow","max-snippet":"max-snippet:-1","max-image-preview":"max-image-preview:large","max-video-preview":"max-video-preview:-1"},"canonical":"https:\/\/wobronietradycjiiwiary.com\/en\/proprium-missae-xxii-niedziela-po-zeslaniu-ducha-swietego-dominica-xxii-post-pentecosten-2-2-2-2\/","og_locale":"en_US","og_type":"article","og_title":"Proprium missae - XXII Niedziela po Zes\u0142aniu Ducha \u015awi\u0119tego - Dominica XXII post Pentecosten - Tradycja i Wiara","og_description":"Divinum Officium - Sancta Missa Rubrycela Mszalna na Rok Pa\u0144ski 2019 Kalendarz Liturgiczny Zwyczajnej i Nadzwyczajnej Formy Rytu Rzymskiego INTROITUS Ps 129:3-4 Si iniquit\u00e1tes observ\u00e1veris, D\u00f3mine: D\u00f3mine, quis sustin\u00e9bit? quia apud te propiti\u00e1tio est, Deus Isra\u00ebl. Ps 129:1-2 De prof\u00fandis clam\u00e1vi ad te, D\u00f3mine: D\u00f3mine, ex\u00e1udi vocem meam. V. Gl\u00f3ria Patri, et F\u00edlio, et Spir\u00edtui [&hellip;]","og_url":"https:\/\/wobronietradycjiiwiary.com\/en\/proprium-missae-xxii-niedziela-po-zeslaniu-ducha-swietego-dominica-xxii-post-pentecosten-2-2-2-2\/","og_site_name":"Tradycja i Wiara","article_publisher":"https:\/\/www.facebook.com\/Tradycja-i-Wiara-108813920592249","article_published_time":"2022-11-05T18:00:52+00:00","article_modified_time":"2025-02-07T14:58:44+00:00","og_image":[{"width":800,"height":648,"url":"https:\/\/i0.wp.com\/wobronietradycjiiwiary.com\/wp-content\/uploads\/2019\/11\/22-Steuerfrage.jpg?fit=800%2C648&ssl=1","type":"image\/jpeg"}],"author":"Traditio et Fides","twitter_card":"summary_large_image","twitter_misc":{"Written by":"Traditio et Fides","Est. reading time":"2 minutes"},"schema":{"@context":"https:\/\/schema.org","@graph":[{"@type":"Article","@id":"https:\/\/wobronietradycjiiwiary.com\/proprium-missae-xxii-niedziela-po-zeslaniu-ducha-swietego-dominica-xxii-post-pentecosten-2-2-2-2\/#article","isPartOf":{"@id":"https:\/\/wobronietradycjiiwiary.com\/proprium-missae-xxii-niedziela-po-zeslaniu-ducha-swietego-dominica-xxii-post-pentecosten-2-2-2-2\/"},"author":{"name":"Traditio et Fides","@id":"https:\/\/wobronietradycjiiwiary.com\/pl\/#\/schema\/person\/2d6180ce6abcb681fef0daab7816e8f3"},"headline":"Proprium missae &#8211; XXII Niedziela po Zes\u0142aniu Ducha \u015awi\u0119tego &#8211; Dominica XXII post Pentecosten","datePublished":"2022-11-05T18:00:52+00:00","dateModified":"2025-02-07T14:58:44+00:00","mainEntityOfPage":{"@id":"https:\/\/wobronietradycjiiwiary.com\/proprium-missae-xxii-niedziela-po-zeslaniu-ducha-swietego-dominica-xxii-post-pentecosten-2-2-2-2\/"},"wordCount":459,"commentCount":0,"publisher":{"@id":"https:\/\/wobronietradycjiiwiary.com\/pl\/#organization"},"image":{"@id":"https:\/\/wobronietradycjiiwiary.com\/proprium-missae-xxii-niedziela-po-zeslaniu-ducha-swietego-dominica-xxii-post-pentecosten-2-2-2-2\/#primaryimage"},"thumbnailUrl":"https:\/\/wobronietradycjiiwiary.com\/wp-content\/uploads\/2019\/11\/22-Steuerfrage.jpg","articleSection":["Duchowo\u015b\u0107","Msza Trydencka","Proprium"],"inLanguage":"en-US","potentialAction":[{"@type":"CommentAction","name":"Comment","target":["https:\/\/wobronietradycjiiwiary.com\/proprium-missae-xxii-niedziela-po-zeslaniu-ducha-swietego-dominica-xxii-post-pentecosten-2-2-2-2\/#respond"]}]},{"@type":"WebPage","@id":"https:\/\/wobronietradycjiiwiary.com\/proprium-missae-xxii-niedziela-po-zeslaniu-ducha-swietego-dominica-xxii-post-pentecosten-2-2-2-2\/","url":"https:\/\/wobronietradycjiiwiary.com\/proprium-missae-xxii-niedziela-po-zeslaniu-ducha-swietego-dominica-xxii-post-pentecosten-2-2-2-2\/","name":"Proprium missae - XXII Niedziela po Zes\u0142aniu Ducha \u015awi\u0119tego - Dominica XXII post Pentecosten - Tradycja i Wiara","isPartOf":{"@id":"https:\/\/wobronietradycjiiwiary.com\/pl\/#website"},"primaryImageOfPage":{"@id":"https:\/\/wobronietradycjiiwiary.com\/proprium-missae-xxii-niedziela-po-zeslaniu-ducha-swietego-dominica-xxii-post-pentecosten-2-2-2-2\/#primaryimage"},"image":{"@id":"https:\/\/wobronietradycjiiwiary.com\/proprium-missae-xxii-niedziela-po-zeslaniu-ducha-swietego-dominica-xxii-post-pentecosten-2-2-2-2\/#primaryimage"},"thumbnailUrl":"https:\/\/wobronietradycjiiwiary.com\/wp-content\/uploads\/2019\/11\/22-Steuerfrage.jpg","datePublished":"2022-11-05T18:00:52+00:00","dateModified":"2025-02-07T14:58:44+00:00","breadcrumb":{"@id":"https:\/\/wobronietradycjiiwiary.com\/proprium-missae-xxii-niedziela-po-zeslaniu-ducha-swietego-dominica-xxii-post-pentecosten-2-2-2-2\/#breadcrumb"},"inLanguage":"en-US","potentialAction":[{"@type":"ReadAction","target":["https:\/\/wobronietradycjiiwiary.com\/proprium-missae-xxii-niedziela-po-zeslaniu-ducha-swietego-dominica-xxii-post-pentecosten-2-2-2-2\/"]}]},{"@type":"ImageObject","inLanguage":"en-US","@id":"https:\/\/wobronietradycjiiwiary.com\/proprium-missae-xxii-niedziela-po-zeslaniu-ducha-swietego-dominica-xxii-post-pentecosten-2-2-2-2\/#primaryimage","url":"https:\/\/wobronietradycjiiwiary.com\/wp-content\/uploads\/2019\/11\/22-Steuerfrage.jpg","contentUrl":"https:\/\/wobronietradycjiiwiary.com\/wp-content\/uploads\/2019\/11\/22-Steuerfrage.jpg","width":800,"height":648},{"@type":"BreadcrumbList","@id":"https:\/\/wobronietradycjiiwiary.com\/proprium-missae-xxii-niedziela-po-zeslaniu-ducha-swietego-dominica-xxii-post-pentecosten-2-2-2-2\/#breadcrumb","itemListElement":[{"@type":"ListItem","position":1,"name":"Strona g\u0142\u00f3wna","item":"https:\/\/wobronietradycjiiwiary.com\/"},{"@type":"ListItem","position":2,"name":"Proprium missae &#8211; XXII Niedziela po Zes\u0142aniu Ducha \u015awi\u0119tego &#8211; Dominica XXII post Pentecosten"}]},{"@type":"WebSite","@id":"https:\/\/wobronietradycjiiwiary.com\/pl\/#website","url":"https:\/\/wobronietradycjiiwiary.com\/pl\/","name":"Tradycja i Wiara","description":"Portal dla katolik\u00f3w.","publisher":{"@id":"https:\/\/wobronietradycjiiwiary.com\/pl\/#organization"},"potentialAction":[{"@type":"SearchAction","target":{"@type":"EntryPoint","urlTemplate":"https:\/\/wobronietradycjiiwiary.com\/pl\/?s={search_term_string}"},"query-input":{"@type":"PropertyValueSpecification","valueRequired":true,"valueName":"search_term_string"}}],"inLanguage":"en-US"},{"@type":"Organization","@id":"https:\/\/wobronietradycjiiwiary.com\/pl\/#organization","name":"Tradycja i Wiara","url":"https:\/\/wobronietradycjiiwiary.com\/pl\/","logo":{"@type":"ImageObject","inLanguage":"en-US","@id":"https:\/\/wobronietradycjiiwiary.com\/pl\/#\/schema\/logo\/image\/","url":"https:\/\/i0.wp.com\/wobronietradycjiiwiary.com\/wp-content\/uploads\/2015\/10\/cropped-st-peters-dome-vatican.jpg?fit=940%2C198&ssl=1","contentUrl":"https:\/\/i0.wp.com\/wobronietradycjiiwiary.com\/wp-content\/uploads\/2015\/10\/cropped-st-peters-dome-vatican.jpg?fit=940%2C198&ssl=1","width":940,"height":198,"caption":"Tradycja i Wiara"},"image":{"@id":"https:\/\/wobronietradycjiiwiary.com\/pl\/#\/schema\/logo\/image\/"},"sameAs":["https:\/\/www.facebook.com\/Tradycja-i-Wiara-108813920592249"]},{"@type":"Person","@id":"https:\/\/wobronietradycjiiwiary.com\/pl\/#\/schema\/person\/2d6180ce6abcb681fef0daab7816e8f3","name":"Traditio et Fides","sameAs":["https:\/\/traditionundglauben.com"],"url":"https:\/\/wobronietradycjiiwiary.com\/en\/author\/wobronietradycjiiwiary\/"}]}},"jetpack_publicize_connections":[],"jetpack_sharing_enabled":true,"jetpack_likes_enabled":true,"jetpack_shortlink":"https:\/\/wp.me\/pc04Sd-j15","jetpack-related-posts":[{"id":18545,"url":"https:\/\/wobronietradycjiiwiary.com\/en\/proprium-missae-xxii-niedziela-po-zeslaniu-ducha-swietego-dominica-xxii-post-pentecosten-2\/","url_meta":{"origin":73103,"position":0},"title":"Proprium missae &#8211; XXII Niedziela po Zes\u0142aniu Ducha \u015awi\u0119tego &#8211; Dominica XXII post Pentecosten","author":"mariuszjerzy","date":"20 October 2018","format":false,"excerpt":"https:\/\/www.youtube.com\/watch?v=I6YSEOJWWEA INTROITUS Ps 129:3-4 Si iniquit\u00e1tes observ\u00e1veris, D\u00f3mine: D\u00f3mine, quis sustin\u00e9bit? quia apud te propiti\u00e1tio est, Deus Isra\u00ebl. Ps 129:1-2 De prof\u00fandis clam\u00e1vi ad te, D\u00f3mine: D\u00f3mine, ex\u00e1udi vocem meam. V. Gl\u00f3ria Patri, et F\u00edlio, et Spir\u00edtui Sancto. R. Sicut erat in princ\u00edpio, et nunc, et semper, et in saecula\u2026","rel":"","context":"In &quot;Msza Trydencka&quot;","block_context":{"text":"Msza Trydencka","link":"https:\/\/wobronietradycjiiwiary.com\/en\/category\/duchowosc\/liturgia-i-liturgika\/msza-trydencka\/"},"img":{"alt_text":"","src":"https:\/\/i0.wp.com\/img.youtube.com\/vi\/I6YSEOJWWEA\/0.jpg?resize=350%2C200","width":350,"height":200},"classes":[]},{"id":17349,"url":"https:\/\/wobronietradycjiiwiary.com\/en\/proprium-missae-xxii-niedziela-po-zeslaniu-ducha-swietego-dominica-xxii-post-pentecosten\/","url_meta":{"origin":73103,"position":1},"title":"Proprium missae &#8211; XXII Niedziela po Zes\u0142aniu Ducha \u015awi\u0119tego &#8211; Dominica XXII post Pentecosten","author":"mariuszjerzy","date":"20 October 2018","format":false,"excerpt":"https:\/\/www.youtube.com\/watch?v=I6YSEOJWWEA INTROITUS Ps 129:3-4 Si iniquit\u00e1tes observ\u00e1veris, D\u00f3mine: D\u00f3mine, quis sustin\u00e9bit? quia apud te propiti\u00e1tio est, Deus Isra\u00ebl. Ps 129:1-2 De prof\u00fandis clam\u00e1vi ad te, D\u00f3mine: D\u00f3mine, ex\u00e1udi vocem meam. V. Gl\u00f3ria Patri, et F\u00edlio, et Spir\u00edtui Sancto. R. Sicut erat in princ\u00edpio, et nunc, et semper, et in saecula\u2026","rel":"","context":"In &quot;Msza Trydencka&quot;","block_context":{"text":"Msza Trydencka","link":"https:\/\/wobronietradycjiiwiary.com\/en\/category\/duchowosc\/liturgia-i-liturgika\/msza-trydencka\/"},"img":{"alt_text":"","src":"https:\/\/i0.wp.com\/img.youtube.com\/vi\/I6YSEOJWWEA\/0.jpg?resize=350%2C200","width":350,"height":200},"classes":[]},{"id":21710,"url":"https:\/\/wobronietradycjiiwiary.com\/en\/proprium-missae-xxii-niedziela-po-zeslaniu-ducha-swietego-dominica-xxii-post-pentecosten-2-2\/","url_meta":{"origin":73103,"position":2},"title":"Proprium missae &#8211; XXII Niedziela po Zes\u0142aniu Ducha \u015awi\u0119tego &#8211; Dominica XXII post Pentecosten","author":"Traditio et Fides","date":"9 November 2019","format":false,"excerpt":"Divinum Officium - Sancta Missa Rubrycela Mszalna na Rok Pa\u0144ski 2019 Kalendarz Liturgiczny Zwyczajnej i Nadzwyczajnej Formy Rytu Rzymskiego https:\/\/www.youtube.com\/watch?v=I6YSEOJWWEA INTROITUS Ps 129:3-4 Si iniquit\u00e1tes observ\u00e1veris, D\u00f3mine: D\u00f3mine, quis sustin\u00e9bit? quia apud te propiti\u00e1tio est, Deus Isra\u00ebl. Ps 129:1-2 De prof\u00fandis clam\u00e1vi ad te, D\u00f3mine: D\u00f3mine, ex\u00e1udi vocem meam. V.\u2026","rel":"","context":"In &quot;Msza Trydencka&quot;","block_context":{"text":"Msza Trydencka","link":"https:\/\/wobronietradycjiiwiary.com\/en\/category\/duchowosc\/liturgia-i-liturgika\/msza-trydencka\/"},"img":{"alt_text":"","src":"https:\/\/i0.wp.com\/wobronietradycjiiwiary.com\/wp-content\/uploads\/2019\/11\/22-Steuerfrage.jpg?resize=350%2C200&ssl=1","width":350,"height":200,"srcset":"https:\/\/i0.wp.com\/wobronietradycjiiwiary.com\/wp-content\/uploads\/2019\/11\/22-Steuerfrage.jpg?resize=350%2C200&ssl=1 1x, https:\/\/i0.wp.com\/wobronietradycjiiwiary.com\/wp-content\/uploads\/2019\/11\/22-Steuerfrage.jpg?resize=525%2C300&ssl=1 1.5x, https:\/\/i0.wp.com\/wobronietradycjiiwiary.com\/wp-content\/uploads\/2019\/11\/22-Steuerfrage.jpg?resize=700%2C400&ssl=1 2x"},"classes":[]},{"id":123386,"url":"https:\/\/wobronietradycjiiwiary.com\/en\/proprium-missae-xxii-niedziela-po-zeslaniu-ducha-swietego-dominica-xxii-post-pentecosten-2-2-2-2-2-2\/","url_meta":{"origin":73103,"position":3},"title":"Proprium missae &#8211; XXII Niedziela po Zes\u0142aniu Ducha \u015awi\u0119tego &#8211; Dominica XXII post Pentecosten","author":"Traditio et Fides","date":"19 October 2024","format":false,"excerpt":"Divinum Officium - Sancta Missa Rubrycela Mszalna na Rok Pa\u0144ski 2019 Kalendarz Liturgiczny Zwyczajnej i Nadzwyczajnej Formy Rytu Rzymskiego https:\/\/www.youtube.com\/watch?v=I6YSEOJWWEA INTROITUS Ps 129:3-4 Si iniquit\u00e1tes observ\u00e1veris, D\u00f3mine: D\u00f3mine, quis sustin\u00e9bit? quia apud te propiti\u00e1tio est, Deus Isra\u00ebl. Ps 129:1-2 De prof\u00fandis clam\u00e1vi ad te, D\u00f3mine: D\u00f3mine, ex\u00e1udi vocem meam. V.\u2026","rel":"","context":"In &quot;Duchowo\u015b\u0107&quot;","block_context":{"text":"Duchowo\u015b\u0107","link":"https:\/\/wobronietradycjiiwiary.com\/en\/category\/duchowosc\/"},"img":{"alt_text":"","src":"https:\/\/i0.wp.com\/wobronietradycjiiwiary.com\/wp-content\/uploads\/2019\/11\/22-Steuerfrage.jpg?resize=350%2C200&ssl=1","width":350,"height":200,"srcset":"https:\/\/i0.wp.com\/wobronietradycjiiwiary.com\/wp-content\/uploads\/2019\/11\/22-Steuerfrage.jpg?resize=350%2C200&ssl=1 1x, https:\/\/i0.wp.com\/wobronietradycjiiwiary.com\/wp-content\/uploads\/2019\/11\/22-Steuerfrage.jpg?resize=525%2C300&ssl=1 1.5x, https:\/\/i0.wp.com\/wobronietradycjiiwiary.com\/wp-content\/uploads\/2019\/11\/22-Steuerfrage.jpg?resize=700%2C400&ssl=1 2x"},"classes":[]},{"id":156291,"url":"https:\/\/wobronietradycjiiwiary.com\/en\/proprium-missae-xxii-niedziela-po-zeslaniu-ducha-swietego-dominica-xxii-post-pentecosten-2-2-2-2-2-2-2\/","url_meta":{"origin":73103,"position":4},"title":"Proprium missae &#8211; XXII Niedziela po Zes\u0142aniu Ducha \u015awi\u0119tego &#8211; Dominica XXII post Pentecosten","author":"Traditio et Fides","date":"8 November 2025","format":false,"excerpt":"Divinum Officium - Sancta Missa Rubrycela Mszalna na Rok Pa\u0144ski 2019 Kalendarz Liturgiczny Zwyczajnej i Nadzwyczajnej Formy Rytu Rzymskiego https:\/\/www.youtube.com\/watch?v=I6YSEOJWWEA INTROITUS Ps 129:3-4 Si iniquit\u00e1tes observ\u00e1veris, D\u00f3mine: D\u00f3mine, quis sustin\u00e9bit? quia apud te propiti\u00e1tio est, Deus Isra\u00ebl. Ps 129:1-2 De prof\u00fandis clam\u00e1vi ad te, D\u00f3mine: D\u00f3mine, ex\u00e1udi vocem meam. V.\u2026","rel":"","context":"In &quot;Duchowo\u015b\u0107&quot;","block_context":{"text":"Duchowo\u015b\u0107","link":"https:\/\/wobronietradycjiiwiary.com\/en\/category\/duchowosc\/"},"img":{"alt_text":"","src":"https:\/\/i0.wp.com\/wobronietradycjiiwiary.com\/wp-content\/uploads\/2019\/11\/22-Steuerfrage.jpg?resize=350%2C200&ssl=1","width":350,"height":200,"srcset":"https:\/\/i0.wp.com\/wobronietradycjiiwiary.com\/wp-content\/uploads\/2019\/11\/22-Steuerfrage.jpg?resize=350%2C200&ssl=1 1x, https:\/\/i0.wp.com\/wobronietradycjiiwiary.com\/wp-content\/uploads\/2019\/11\/22-Steuerfrage.jpg?resize=525%2C300&ssl=1 1.5x, https:\/\/i0.wp.com\/wobronietradycjiiwiary.com\/wp-content\/uploads\/2019\/11\/22-Steuerfrage.jpg?resize=700%2C400&ssl=1 2x"},"classes":[]},{"id":97929,"url":"https:\/\/wobronietradycjiiwiary.com\/en\/proprium-missae-xxii-niedziela-po-zeslaniu-ducha-swietego-dominica-xxii-post-pentecosten-2-2-2-2-2\/","url_meta":{"origin":73103,"position":5},"title":"Proprium missae &#8211; XXII Niedziela po Zes\u0142aniu Ducha \u015awi\u0119tego &#8211; Dominica XXII post Pentecosten","author":"Traditio et Fides","date":"28 October 2023","format":false,"excerpt":"Divinum Officium - Sancta Missa Rubrycela Mszalna na Rok Pa\u0144ski 2019 Kalendarz Liturgiczny Zwyczajnej i Nadzwyczajnej Formy Rytu Rzymskiego https:\/\/www.youtube.com\/watch?v=I6YSEOJWWEA INTROITUS Ps 129:3-4 Si iniquit\u00e1tes observ\u00e1veris, D\u00f3mine: D\u00f3mine, quis sustin\u00e9bit? quia apud te propiti\u00e1tio est, Deus Isra\u00ebl. Ps 129:1-2 De prof\u00fandis clam\u00e1vi ad te, D\u00f3mine: D\u00f3mine, ex\u00e1udi vocem meam. V.\u2026","rel":"","context":"In &quot;Duchowo\u015b\u0107&quot;","block_context":{"text":"Duchowo\u015b\u0107","link":"https:\/\/wobronietradycjiiwiary.com\/en\/category\/duchowosc\/"},"img":{"alt_text":"","src":"https:\/\/i0.wp.com\/wobronietradycjiiwiary.com\/wp-content\/uploads\/2019\/11\/22-Steuerfrage.jpg?resize=350%2C200&ssl=1","width":350,"height":200,"srcset":"https:\/\/i0.wp.com\/wobronietradycjiiwiary.com\/wp-content\/uploads\/2019\/11\/22-Steuerfrage.jpg?resize=350%2C200&ssl=1 1x, https:\/\/i0.wp.com\/wobronietradycjiiwiary.com\/wp-content\/uploads\/2019\/11\/22-Steuerfrage.jpg?resize=525%2C300&ssl=1 1.5x, https:\/\/i0.wp.com\/wobronietradycjiiwiary.com\/wp-content\/uploads\/2019\/11\/22-Steuerfrage.jpg?resize=700%2C400&ssl=1 2x"},"classes":[]}],"amp_enabled":true,"jetpack_featured_media_url":"https:\/\/wobronietradycjiiwiary.com\/wp-content\/uploads\/2019\/11\/22-Steuerfrage.jpg","_links":{"self":[{"href":"https:\/\/wobronietradycjiiwiary.com\/en\/wp-json\/wp\/v2\/posts\/73103","targetHints":{"allow":["GET"]}}],"collection":[{"href":"https:\/\/wobronietradycjiiwiary.com\/en\/wp-json\/wp\/v2\/posts"}],"about":[{"href":"https:\/\/wobronietradycjiiwiary.com\/en\/wp-json\/wp\/v2\/types\/post"}],"author":[{"embeddable":true,"href":"https:\/\/wobronietradycjiiwiary.com\/en\/wp-json\/wp\/v2\/users\/60508433"}],"replies":[{"embeddable":true,"href":"https:\/\/wobronietradycjiiwiary.com\/en\/wp-json\/wp\/v2\/comments?post=73103"}],"version-history":[{"count":1,"href":"https:\/\/wobronietradycjiiwiary.com\/en\/wp-json\/wp\/v2\/posts\/73103\/revisions"}],"predecessor-version":[{"id":73150,"href":"https:\/\/wobronietradycjiiwiary.com\/en\/wp-json\/wp\/v2\/posts\/73103\/revisions\/73150"}],"wp:featuredmedia":[{"embeddable":true,"href":"https:\/\/wobronietradycjiiwiary.com\/en\/wp-json\/wp\/v2\/media\/24264"}],"wp:attachment":[{"href":"https:\/\/wobronietradycjiiwiary.com\/en\/wp-json\/wp\/v2\/media?parent=73103"}],"wp:term":[{"taxonomy":"category","embeddable":true,"href":"https:\/\/wobronietradycjiiwiary.com\/en\/wp-json\/wp\/v2\/categories?post=73103"},{"taxonomy":"post_tag","embeddable":true,"href":"https:\/\/wobronietradycjiiwiary.com\/en\/wp-json\/wp\/v2\/tags?post=73103"}],"curies":[{"name":"wp","href":"https:\/\/api.w.org\/{rel}","templated":true}]}}