{"id":72870,"date":"2022-07-07T08:15:19","date_gmt":"2022-07-07T06:15:19","guid":{"rendered":"https:\/\/wobronietradycjiiwiary.com\/?p=72870"},"modified":"2025-02-10T11:15:38","modified_gmt":"2025-02-10T10:15:38","slug":"7-go-lipca-zywot-swietego-andrzeja-zurawka-pustelnika-2","status":"publish","type":"post","link":"https:\/\/wobronietradycjiiwiary.com\/en\/7-go-lipca-zywot-swietego-andrzeja-zurawka-pustelnika-2\/","title":{"rendered":"7-go Lipca. \u017bywot \u015bwi\u0119tego Andrzeja \u017burawka, Pustelnika."},"content":{"rendered":"<div id=\"bsf_rt_marker\"><\/div>\n<p class=\"has-text-align-center wp-block-paragraph\">(\u017by\u0142 oko\u0142o roku Pa\u0144skiego 980).<\/p>\n\n\n\n<figure class=\"wp-block-image\"><a href=\"https:\/\/pl.wikisource.org\/wiki\/Plik:%C5%BBywoty_%C5%9Bw._Pa%C5%84skich_na_wszystkie_dnie_roku-Inicja%C5%82-%C5%9A.png\"><img decoding=\"async\" src=\"https:\/\/upload.wikimedia.org\/wikipedia\/commons\/thumb\/2\/2f\/%C5%BBywoty_%C5%9Bw._Pa%C5%84skich_na_wszystkie_dnie_roku-Inicja%C5%82-%C5%9A.png\/58px-%C5%BBywoty_%C5%9Bw._Pa%C5%84skich_na_wszystkie_dnie_roku-Inicja%C5%82-%C5%9A.png\" alt=\"\u015a\"\/><\/a><\/figure>\n\n\n\n<p class=\"has-text-align-justify wp-block-paragraph\">\u015awi\u0119ty Andrzej \u017burawek albo \u017berard, urodzi\u0142 si\u0119 w roku 978 w Ma\u0142opolsce, w miasteczku Opatowcu, blizko Wi\u015blicy po\u0142o\u017conem, z bogobojnych rodzic\u00f3w Marka i Agnieszki, kt\u00f3rzy go w pobo\u017cno\u015bci i boja\u017ani Bo\u017cej jak najstaranniej wychowywali. Ju\u017c w dziecinnym wieku okazywa\u0142 po sobie znaki przysz\u0142ej \u015bwi\u0119tobliwo\u015bci, a ledwie dor\u00f3s\u0142 m\u0142odzie\u0144czych lat, zagrzany ogniem Boskiej mi\u0142o\u015bci, uda\u0142 si\u0119 wraz z Benedyktem, r\u00f3wnie \u015bwi\u0119tobliwym m\u0142odzie\u0144cem na puszcz\u0119 nad rzek\u0105 Dunajcem, pod skalist\u0105 g\u00f3r\u0119 blizko miasteczka Czchowa po\u0142o\u017con\u0105 w dyecezyi Krakowskiej. Roku 1002 udali si\u0119 obaj na W\u0119gry do klasztoru Benedykty\u0144skiego na g\u00f3r\u0119 Sob\u00f3r, gdzie od Filipa Opata zakonny habit przywdziali. Wkr\u00f3tce jednak Andrzej, do \u017cycia samotnego sk\u0142onny za pozwoleniem Opata uda\u0142 si\u0119 na pustyni\u0119, zwan\u0105 Ska\u0142ka, oddalon\u0105 o mil\u0119 od Tr\u0119czyna, i tam nadludzki prawie \u017cywot p\u0119dzi\u0142, nieustann\u0105 cia\u0142u swemu i szatanowi wypowiedziawszy wojn\u0119. Tak \u015bcis\u0142y bowiem post zachowywa\u0142, \u017ce w ci\u0105gu tygodnia przez trzy dni \u017cadnego nie za\u017cywa\u0142 pokarmu, w ci\u0105gu za\u015b czterdziestodniowego Postu tylko po jednym orzechu w\u0142oskim na dzie\u0144 jada\u0142, a mimo to a\u017c do omdlenia pracowa\u0142, r\u0105bi\u0105c drzewo w lesie. Po takiej pracy nawet nocy nie u\u017cy\u0142 spokojnie, bo nie tylko, \u017ce wi\u0119ksz\u0105 jej cz\u0119\u015b\u0107 na modlitwie trawi\u0142, ale i ten kr\u00f3tki jego sen raczej udr\u0119czeniem, ni\u017c snem nazwa\u0107by mo\u017cna. Nie k\u0142ad\u0142 si\u0119 bowiem do spoczynku, lecz na pniu d\u0119bowym siedz\u0105c, drzema\u0142, a skoro si\u0119 na jak\u0105b\u0105d\u017a stron\u0119 nachyli\u0142, zrywa\u0142 si\u0119 uk\u0142uty kolcami, umy\u015blnie na ten cel wko\u0142o powbijanemi. Pomimo to pracy\u00a0r\u0119cznej, kt\u00f3rej si\u0119 codziennie kilka godzin oddawa\u0142, nie przerywa\u0142 wcale. Zdarzy\u0142o si\u0119 dnia pewnego, \u017ce gdy w lesie r\u0105ba\u0142 drzewo dla braci klasztornych, bardzo strudzony, upad\u0142 na ziemi\u0119 i omdla\u0142. Przeby\u0142 w tym stanie czas jaki\u015b, a\u017c oto naraz stan\u0105\u0142 przed nim Anio\u0142, podni\u00f3s\u0142 go z ziemi, po\u0142o\u017cy\u0142 na w\u00f3zek, kt\u00f3ry mia\u0142 Andrzej z sob\u0105 dla zwo\u017cenia drzewa i do chatki go zawi\u00f3z\u0142.<br><\/p>\n\n\n\n<p class=\"has-text-align-justify wp-block-paragraph\">\u2009Taki rodzaj \u017cycia wi\u00f3d\u0142 ten s\u0142uga Bo\u017cy przez lat kilkana\u015bcie. Kiedy nadchodzi\u0142a jego ostatnia godzina \u2014 liczy\u0142 wonczas 33 lat wieku \u2014 poprosi\u0142 braci z klasztoru, aby do niego przybyli i objawi\u0142 im dzie\u0144 i godzin\u0119 swej \u015bmierci. Przy tej sposobno\u015bci uprosi\u0142 ich tak\u017ce, aby gdy umrze, \u017caden z nich nie zdejmowa\u0142 habitu, p\u00f3ki sam Filip nie nadejdzie. Dano o tem zna\u0107 Opatowi, kt\u00f3ry zanim nadszed\u0142, \u015awi\u0119ty ju\u017c szcz\u0119\u015bliwym zgonem zasn\u0105\u0142 w Panu. Gdy nast\u0119pnie bracia zdj\u0119li z niego odzie\u017c, ujrzeli na nim gruby \u0142a\u0144cuch miedziany, kt\u00f3ry przez ci\u0105g\u0142e i d\u0142ugie noszenie tak si\u0119 by\u0142 wpi\u0142 w cia\u0142o, \u017ce byliby go nie dostrzegli, gdyby zapinka, nieco grubsza, na brzuchu nie stercza\u0142a. Opat rozpi\u0105\u0142 zapink\u0119, a gdy wyci\u0105gn\u0105\u0142 z cia\u0142a \u0142a\u0144cuch, bracia s\u0142yszeli chrz\u0119st jego o ko\u015bci \u017cebrowe, tak bowiem g\u0142\u0119boko by\u0142 wro\u015bni\u0119ty. Po\u0142ow\u0119 tego \u0142a\u0144cucha ofiarowa\u0142 Opat Filip w darze kr\u00f3lowi w\u0119gierskiemu Giejzie, a drug\u0105 po\u0142ow\u0119 wzi\u0105\u0142 do klasztoru na pami\u0105tk\u0119.<br><\/p>\n\n\n\n<p class=\"has-text-align-justify wp-block-paragraph\">Jak za \u017cycia, tak i po \u015bmierci wielu cudami zas\u0142yn\u0105\u0142. Pomi\u0119dzy innymi zdarzy\u0142 si\u0119 nast\u0119puj\u0105cy:<\/p>\n\n\n\n<p class=\"has-text-align-justify wp-block-paragraph\">Na puszczy, na kt\u00f3rej mieszka\u0142 Andrzej, ukrywali si\u0119 rozb\u00f3jnicy; ci za\u015b pobiwszy si\u0119 mi\u0119dzy sob\u0105, jednego \u015bmlertelnie ranili. Poniewa\u017c za\u015b wonczas nasz pustelnik ju\u017c s\u0142yn\u0105\u0142 \u0142ask\u0105 czynienia cud\u00f3w, ponie\u015bli tam onego rannego, prosz\u0105c, aby go uzdrowi\u0142. Ranny jednak\u017ce w drodze umar\u0142 i ju\u017c nie\u017cywego z\u0142o\u017cyli w chatce Andrzeja. Ten\u017ce wskrzesi\u0142 go swoj\u0105 modlitw\u0105, a rozb\u00f3jnik \u00f3w wr\u00f3ci\u0142 nie tylko do \u017cycia co do cia\u0142a, lecz i co do duszy. Nawr\u00f3cony tym cudem, opu\u015bci\u0142 swoje zbrodnicze rzemios\u0142o, i postanowi\u0142 szczer\u0105 pokut\u0105 przeb\u0142aga\u0107 Pana Boga. W tym celu osiad\u0142 wraz z \u015bwi\u0119tym Pustelnikiem, a po jego \u015bmierci w tej\u017ce chatce wiod\u0105c \u017cywot nadzwyczaj ostry, szcz\u0119\u015bliwie dni swoich dokona\u0142. Ten i liczne inne cuda, jakie si\u0119 dzia\u0142y tak na W\u0119grzech, jako te\u017c i w Polsce za przyczyn\u0105 Andrzeja, spowodowa\u0142y Papie\u017ca Kaliksta IV, \u017ce go w poczet \u015bwi\u0119tych Wyznawc\u00f3w policzy\u0142.<\/p>\n\n\n\n<h2 class=\"wp-block-heading\"><br><strong>Nauka moralna.<\/strong><\/h2>\n\n\n\n<p class=\"has-text-align-justify wp-block-paragraph\">\u2009G\u0142upstwem si\u0119 zapewne wyda ludziom rozpustnym i cia\u0142a swego mi\u0142o\u015bnikom twardy ten \u017cywot naszego rodaka, ale wobec Boga jest on g\u0142\u0119bok\u0105 m\u0105dro\u015bci\u0105. \u015awiadczy zarazem, jak nasi przodkowie \u017cycie chrze\u015bcija\u0144skie pojmowali, ju\u017c w samych pocz\u0105tkach Wiary \u015bwi\u0119tej.<br>\u2009Nie \u017c\u0105da B\u00f3g zapewne od ciebie tak twardej pokuty, ani tak ci\u0119\u017ckiej pracy, ale \u017c\u0105da, aby\u015b wiernie i bez narzekania spe\u0142nia\u0142 obowi\u0105zki twoje, cho\u0107by one i trudne by\u0142y i ustawicznej pracy od ciebie wymaga\u0142y. \u017b\u0105da, aby\u015b wed\u0142ug mo\u017cno\u015bci \u015bci\u015ble przestrzega\u0142 post\u00f3w od Ko\u015bcio\u0142a \u015bwi\u0119tego przepisanych, a zw\u0142aszcza aby\u015b panowa\u0142 nad\u00a0nieposkromionemi chuciami twemi:\u00a0Pod tob\u0105 b\u0119dzie po\u017c\u0105dliwo\u015b\u0107 twoja, a ty nad ni\u0105 panowa\u0107 b\u0119dziesz. (Ks. Rodz. 4, 7).<\/p>\n\n\n\n<p class=\"has-text-align-justify wp-block-paragraph\">Niekt\u00f3rzy opiesza\u0142o\u015b\u0107 swoj\u0105 w spe\u0142nianiu przykazania ko\u015bcielnego tycz\u0105cego si\u0119 post\u00f3w, t\u0142\u00f3macz\u0105 niemo\u017cno\u015bci\u0105 zachowania ich w ca\u0142ej \u015bcis\u0142o\u015bci z powodu klimatu naszego. Niech nadzwyczajne posty, jakie zachowywa\u0142 Andrzej \u017burawek, kt\u00f3rego \u017cywot czyta\u0142e\u015b, przekonaj\u0105 ci\u0119, \u017ce do ostrej suszy nie ciep\u0142ego powietrza potrzeba, lecz gor\u0105cego ducha.<\/p>\n\n\n\n<p class=\"has-text-align-justify wp-block-paragraph\">Pan Jezus okaza\u0142 lito\u015b\u0107 dla tych, kt\u00f3rzy dla Niego przyj\u0119li dobrowolny g\u0142\u00f3d i umartwienie. Nauka Chrystusowa, podana w Ewangelii obowi\u0119zuje ka\u017cdego chrze\u015bcijanina katolika do \u017cycia umartwionego i o \u017cadnej cnocie Ewangelia \u015bwi\u0119ta nie wspomina tak cz\u0119sto, jak o \u017cyciu umartwionem, bo to jest jedyna droga do \u017cycia doskona\u0142ego. Cz\u0119sto Jezus Chrystus upomina\u0142 Swych uczni\u00f3w, aby si\u0119 zaparli sami siebie, a\u017ceby krzy\u017c sw\u00f3j nie\u015bli, aby mieli w nienawi\u015bci dusz\u0119 swoj\u0105 w\u0142asn\u0105, tj. swe pragnienia, kt\u00f3re si\u0119 nie odnosz\u0105 do chwa\u0142y Bo\u017cej, ale do w\u0142asnej mi\u0142o\u015bci, aby w\u0105zk\u0105 \u015bcie\u017ck\u0105 szli do Nieba. Te napomnienia Boskiego Zbawcy zniewalaj\u0105 nas, aby\u015bmy umartwiali cia\u0142o, zmys\u0142y i nami\u0119tno\u015bci nasze. I nie jest to tylko rada ewangeliczna, ale przykazanie, obowi\u0105zuj\u0105ce pod utrat\u0105 zbawienia, jak i inne dziesi\u0119\u0107 obowi\u0105zuj\u0105cych przykaza\u0144. Azali\u017c chrze\u015bcijanie z samego imienia swego nie s\u0105 obowi\u0105zani na\u015bladowa\u0107 Chrystusa, by\u0107 Jego uczniami? wi\u0119c powinni czyni\u0107 to, co Chrystus nakaza\u0142, to jest zaprze\u0107 siebie samych, d\u017awiga\u0107 bezprzestannie krzy\u017c, umartwia\u0107 swoj\u0105 wol\u0119; wymaga tego Chrystus, gdy m\u00f3wi: \u201eJe\u015bli kto chce ze Mn\u0105 i\u015b\u0107, niech sam siebie zaprze i we\u017amie krzy\u017c sw\u00f3j, a na\u015bladuje Mi\u0119.\u201c (Mat. 16, 24). Gdyby to tylko radzi\u0142, a nie nakaza\u0142 mie\u0107 w nienawi\u015bci siebie samego, to jest: zwyci\u0119\u017ca\u0107 swe zmys\u0142y, nie grozi\u0142by pot\u0119pieniem wiecznem tym, kt\u00f3rzyby nie szli t\u0105 drog\u0105; lecz niema innej drogi, kt\u00f3ra prowadzi do Nieba, jak tylko ta, o kt\u00f3rej m\u00f3wi w Ewangelii \u015bwi\u0119tej, \u017ce jest w\u0105zka i krzemienista. Aby za\u015b ka\u017cdy wiedzia\u0142, \u017ce t\u0119 nauk\u0119 o zaparciu siebie samego m\u00f3wi\u0142 Pan Jezus nie tylko do Aposto\u0142\u00f3w, ale do wszystkich ludzi, m\u00f3wi Ewangelia \u015bwi\u0119ta o tem wyra\u017anie: \u201eA kto niebierze krzy\u017ca swego, a nie na\u015bladuje Mnie, nie jest Mnie godzien.\u201c (Mat. 10, 38). Wi\u0119c niema na \u015bwiecie takiej godno\u015bci ani stanu, urz\u0119du, wieku, p\u0142ci, coby od tego obowi\u0105zku uwalnia\u0142a. Kto si\u0119 za\u015b wymawia od na\u015bladowania Chrystusa, nie b\u0119dzie uczestnikiem chwa\u0142y Jego.<br><\/p>\n\n\n\n<p class=\"has-text-align-justify wp-block-paragraph\"><strong>Modlitwa.<\/strong><\/p>\n\n\n\n<blockquote class=\"wp-block-quote is-layout-flow wp-block-quote-is-layout-flow\"><p>\u2009Bo\u017ce, kt\u00f3ry nam dozwalasz \u015bwi\u0119tego Andrzeja pami\u0105tk\u0119 przej\u015bcia do Nieba obchodzi\u0107, spraw to mi\u0142o\u015bciwie, aby\u015bmy we wiekuistej chwale jego spo\u0142ecze\u0144stwa za\u017cywali. Przez Pana naszego Jezusa Chrystusa, kt\u00f3ry kr\u00f3luje w Niebie i na ziemi. Amen.<\/p><\/blockquote>\n\n\n\n<figure class=\"wp-block-table\"><table><tbody><tr><td>\u2217&nbsp;&nbsp;&nbsp;&nbsp;&nbsp;&nbsp;&nbsp;&nbsp;&nbsp;&nbsp;&nbsp;&nbsp;&nbsp;&nbsp;&nbsp;&nbsp;&nbsp;&nbsp;&nbsp;&nbsp;\u2217<br>\u2217<\/td><\/tr><\/tbody><\/table><\/figure>\n\n\n\n<p class=\"wp-block-paragraph\">\u2009<em>Opr\u00f3cz tego obchodzi Ko\u015bci\u00f3\u0142 \u015bwi\u0119ty pami\u0105tk\u0119 nast\u0119puj\u0105cych \u015awi\u0119tych Pa\u0144skich, zamieszczonych w rzymskiem martyrologium:<\/em><\/p>\n\n\n\n<p class=\"has-text-align-justify wp-block-paragraph\">\u2009<strong>Dnia 7-go lipca<\/strong>&nbsp;uroczysto\u015b\u0107 \u015bw.&nbsp;Cyryla i Metodego, o kt\u00f3rych 9 marca wspomniano. \u2014 W Rzymie m\u0119cze\u0144stwo \u015bw.&nbsp;Klaudyusza, registratora, \u015bw.&nbsp;Nikostrata, przewodnicz\u0105cego s\u0105du i \u015bw.&nbsp;Kastoryusza, Wiktoryna i Symforyana; wszyscy nawr\u00f3ceni przez \u015bw. Sebastyana, chrzest otrzymali z r\u0105k \u015bw. Polikarpa, kap\u0142ana. Za to, i\u017c cia\u0142a M\u0119czennik\u00f3w zbierali i chowali, pochwytano ich na rozkaz s\u0119dziego Fabiana i przez 10 dni usi\u0142owano ich gro\u017abami i pochlebstwami zmusi\u0107 do odst\u0119pstwa. \u017be jednak sta\u0142o\u015bci ich prze\u0142ama\u0107 nie zdo\u0142a\u0142, kaza\u0142 ich przeto s\u0119dzia trzy razy torturowa\u0107, a potem powrzuca\u0107 do morza. \u2014 W Durazzo w Illyryi \u015bmier\u0107 m\u0119cze\u0144ska \u015bw.&nbsp;Peregryna, \u0141ucyana, Pompeja, Hezychiusza, Papiusza, Saturnina i Germana, kt\u00f3rzy uciek\u0142szy z W\u0142och podczas prze\u015bladowania traja\u0144skiego, schronili si\u0119 do owego miasta; zobaczywszy tam jednak\u017ce Biskupa \u015bwi\u0119tego&nbsp;Astyusza, powieszonego za wiar\u0119 na krzy\u017cu, przyznali si\u0119 r\u00f3wnie\u017c do chrze\u015bcija\u0144stwa i zostali na rozkaz prefekta powrzucani do morza. \u2014 W Perugii uroczysto\u015b\u0107 \u015bw.&nbsp;Benedykta&nbsp;XI, Papie\u017ca z Treviso z zakonu Dominikan\u00f3w, kt\u00f3ry w ci\u0105gu&nbsp;swego kr\u00f3tkiego pontyfikatu w zadziwiaj\u0105cy spos\u00f3b pom\u00f3g\u0142 do przywr\u00f3cenia Ko\u015bcio\u0142owi spokoju, polepszenia karno\u015bci ko\u015bcielnej i do rozkrzewiania si\u0119 wiary. \u2014 W Aleksandryi pami\u0105tka \u015bw.&nbsp;Pantena, m\u0119\u017ca pe\u0142nego najbogatszej nauki i prawdziwego ducha apostolskiego. Jego zapa\u0142 do S\u0142owa Bo\u017cego by\u0142 tak wielkim, \u017ce zdj\u0119ty \u015bwi\u0119tym ogniem, wyruszy\u0142 w podr\u00f3\u017c do najodleglejszego wschodu mi\u0119dzy nieznane ludy, aby im g\u0142osi\u0107 Ewangeli\u0119. Wr\u00f3ciwszy do Aleksandryi, zmar\u0142 spokojnie w Panu za czas\u00f3w cesarza Antoniego Karakalli. \u2014 W Brescyi uroczysto\u015b\u0107 \u015bw.&nbsp;Apolloniusza, Biskupa i Wyznawcy. \u2014 W Bawaryi uroczysto\u015b\u0107 \u015bw.&nbsp;Willibalda, pierwszego Biskupa Eichsztadzkiego, kt\u00f3ry jako wierny wsp\u00f3\u0142pracownik \u015bw. Bonifacego wiele szczep\u00f3w pozyska\u0142 dla Chrystusa. \u2014 W prowincyi Auvergne uroczysto\u015b\u0107 \u015bw.&nbsp;Illidiusza, Biskupa. \u2014 W Urgel w Katalonii \u015bwi\u0119tego&nbsp;Odona, Biskupa. \u2014 W Anglii \u015bw.&nbsp;Heddy, Biskupa Sas\u00f3w zachodnich. \u2014 W Gray w Burgundyi uroczysto\u015b\u0107 \u015bw.&nbsp;Piotra Fourier, Kanonika regularnego, \u015bwiec\u0105cego blaskiem \u015bwi\u0119to\u015bci i cud\u00f3w. \u2014 W Anglii uroczysto\u015b\u0107 \u015bw.&nbsp;Edilburgi, Dziewicy, c\u00f3rki kr\u00f3la z Westsex.<\/p>","protected":false},"excerpt":{"rendered":"<p>\u015aw. Andrzej \u017burawek narzuci\u0142 sobie tak ostr\u0105 ascez\u0119, \u017ce anio\u0142 musia\u0142 go ratowa\u0107. Ale za \u017cycia wygenerowa\u0142 tyle \u015bwi\u0119to\u015bci, \u017ce po swojej \u015bmierci nawraca\u0142 grzesznik\u00f3w. Warto wi\u0119c by\u0142o.<\/p>","protected":false},"author":60508433,"featured_media":50033,"comment_status":"open","ping_status":"open","sticky":false,"template":"","format":"standard","meta":{"_bbp_topic_count":0,"_bbp_reply_count":0,"_bbp_total_topic_count":0,"_bbp_total_reply_count":0,"_bbp_voice_count":0,"_bbp_anonymous_reply_count":0,"_bbp_topic_count_hidden":0,"_bbp_reply_count_hidden":0,"_bbp_forum_subforum_count":0,"_editorskit_title_hidden":false,"_editorskit_reading_time":0,"_editorskit_is_block_options_detached":false,"_editorskit_block_options_position":"{}","_coblocks_attr":"","_coblocks_dimensions":"","_coblocks_responsive_height":"","_coblocks_accordion_ie_support":"","_exactmetrics_skip_tracking":false,"_jetpack_newsletter_access":"","_jetpack_dont_email_post_to_subs":false,"_jetpack_newsletter_tier_id":0,"_jetpack_memberships_contains_paywalled_content":false,"_wpcom_ai_launchpad_first_post":false,"_jetpack_feature_clip_id":0,"_jetpack_memberships_contains_paid_content":false,"footnotes":"","jetpack_publicize_message":"{title}\n\n{excerpt}\n\n{url}","jetpack_publicize_feature_enabled":true,"jetpack_social_post_already_shared":true,"jetpack_social_options":{"image_generator_settings":{"template":"highway","default_image_id":0,"font":"","enabled":false},"version":2},"_wpas_customize_per_network":false,"jetpack_post_was_ever_published":false},"categories":[610131822,610131184,336375535],"tags":[],"class_list":["post-72870","post","type-post","status-publish","format-standard","has-post-thumbnail","hentry","category-swieta-w-lipcu","category-duchowosc","category-liturgia-i-liturgika"],"yoast_head":"<!-- This site is optimized with the Yoast SEO plugin v28.4 - https:\/\/yoast.com\/product\/yoast-seo-wordpress\/ -->\n<title>7-go Lipca. \u017bywot \u015bwi\u0119tego Andrzeja \u017burawka, Pustelnika. - Tradycja i Wiara<\/title>\n<meta name=\"robots\" content=\"index, follow, max-snippet:-1, max-image-preview:large, max-video-preview:-1\" \/>\n<link rel=\"canonical\" href=\"https:\/\/wobronietradycjiiwiary.com\/en\/7-go-lipca-zywot-swietego-andrzeja-zurawka-pustelnika-2\/\" \/>\n<meta property=\"og:locale\" content=\"en_US\" \/>\n<meta property=\"og:type\" content=\"article\" \/>\n<meta property=\"og:title\" content=\"7-go Lipca. \u017bywot \u015bwi\u0119tego Andrzeja \u017burawka, Pustelnika. - Tradycja i Wiara\" \/>\n<meta property=\"og:description\" content=\"\u015aw. Andrzej \u017burawek narzuci\u0142 sobie tak ostr\u0105 ascez\u0119, \u017ce anio\u0142 musia\u0142 go ratowa\u0107. Ale za \u017cycia wygenerowa\u0142 tyle \u015bwi\u0119to\u015bci, \u017ce po swojej \u015bmierci nawraca\u0142 grzesznik\u00f3w. Warto wi\u0119c by\u0142o.\" \/>\n<meta property=\"og:url\" content=\"https:\/\/wobronietradycjiiwiary.com\/en\/7-go-lipca-zywot-swietego-andrzeja-zurawka-pustelnika-2\/\" \/>\n<meta property=\"og:site_name\" content=\"Tradycja i Wiara\" \/>\n<meta property=\"article:publisher\" content=\"https:\/\/www.facebook.com\/Tradycja-i-Wiara-108813920592249\" \/>\n<meta property=\"article:published_time\" content=\"2022-07-07T06:15:19+00:00\" \/>\n<meta property=\"article:modified_time\" content=\"2025-02-10T10:15:38+00:00\" \/>\n<meta property=\"og:image\" content=\"https:\/\/wobronietradycjiiwiary.com\/wp-content\/uploads\/2021\/07\/Andrzej_Swierad.jpg\" \/>\n\t<meta property=\"og:image:width\" content=\"781\" \/>\n\t<meta property=\"og:image:height\" content=\"1117\" \/>\n\t<meta property=\"og:image:type\" content=\"image\/jpeg\" \/>\n<meta name=\"author\" content=\"Traditio et Fides\" \/>\n<meta name=\"twitter:card\" content=\"summary_large_image\" \/>\n<meta name=\"twitter:label1\" content=\"Written by\" \/>\n\t<meta name=\"twitter:data1\" content=\"Traditio et Fides\" \/>\n\t<meta name=\"twitter:label2\" content=\"Est. reading time\" \/>\n\t<meta name=\"twitter:data2\" content=\"9 minutes\" \/>\n<script type=\"application\/ld+json\" class=\"yoast-schema-graph\">{\"@context\":\"https:\\\/\\\/schema.org\",\"@graph\":[{\"@type\":\"Article\",\"@id\":\"https:\\\/\\\/wobronietradycjiiwiary.com\\\/7-go-lipca-zywot-swietego-andrzeja-zurawka-pustelnika-2\\\/#article\",\"isPartOf\":{\"@id\":\"https:\\\/\\\/wobronietradycjiiwiary.com\\\/7-go-lipca-zywot-swietego-andrzeja-zurawka-pustelnika-2\\\/\"},\"author\":{\"name\":\"Traditio et Fides\",\"@id\":\"https:\\\/\\\/wobronietradycjiiwiary.com\\\/pl\\\/#\\\/schema\\\/person\\\/2d6180ce6abcb681fef0daab7816e8f3\"},\"headline\":\"7-go Lipca. \u017bywot \u015bwi\u0119tego Andrzeja \u017burawka, Pustelnika.\",\"datePublished\":\"2022-07-07T06:15:19+00:00\",\"dateModified\":\"2025-02-10T10:15:38+00:00\",\"mainEntityOfPage\":{\"@id\":\"https:\\\/\\\/wobronietradycjiiwiary.com\\\/7-go-lipca-zywot-swietego-andrzeja-zurawka-pustelnika-2\\\/\"},\"wordCount\":1770,\"commentCount\":0,\"publisher\":{\"@id\":\"https:\\\/\\\/wobronietradycjiiwiary.com\\\/pl\\\/#organization\"},\"image\":{\"@id\":\"https:\\\/\\\/wobronietradycjiiwiary.com\\\/7-go-lipca-zywot-swietego-andrzeja-zurawka-pustelnika-2\\\/#primaryimage\"},\"thumbnailUrl\":\"https:\\\/\\\/wobronietradycjiiwiary.com\\\/wp-content\\\/uploads\\\/2021\\\/07\\\/Andrzej_Swierad.jpg\",\"articleSection\":[\"07. \u015awi\u0119ta w lipcu\",\"Duchowo\u015b\u0107\",\"Liturgia i liturgika\"],\"inLanguage\":\"en-US\",\"potentialAction\":[{\"@type\":\"CommentAction\",\"name\":\"Comment\",\"target\":[\"https:\\\/\\\/wobronietradycjiiwiary.com\\\/7-go-lipca-zywot-swietego-andrzeja-zurawka-pustelnika-2\\\/#respond\"]}]},{\"@type\":\"WebPage\",\"@id\":\"https:\\\/\\\/wobronietradycjiiwiary.com\\\/7-go-lipca-zywot-swietego-andrzeja-zurawka-pustelnika-2\\\/\",\"url\":\"https:\\\/\\\/wobronietradycjiiwiary.com\\\/7-go-lipca-zywot-swietego-andrzeja-zurawka-pustelnika-2\\\/\",\"name\":\"7-go Lipca. \u017bywot \u015bwi\u0119tego Andrzeja \u017burawka, Pustelnika. - Tradycja i Wiara\",\"isPartOf\":{\"@id\":\"https:\\\/\\\/wobronietradycjiiwiary.com\\\/pl\\\/#website\"},\"primaryImageOfPage\":{\"@id\":\"https:\\\/\\\/wobronietradycjiiwiary.com\\\/7-go-lipca-zywot-swietego-andrzeja-zurawka-pustelnika-2\\\/#primaryimage\"},\"image\":{\"@id\":\"https:\\\/\\\/wobronietradycjiiwiary.com\\\/7-go-lipca-zywot-swietego-andrzeja-zurawka-pustelnika-2\\\/#primaryimage\"},\"thumbnailUrl\":\"https:\\\/\\\/wobronietradycjiiwiary.com\\\/wp-content\\\/uploads\\\/2021\\\/07\\\/Andrzej_Swierad.jpg\",\"datePublished\":\"2022-07-07T06:15:19+00:00\",\"dateModified\":\"2025-02-10T10:15:38+00:00\",\"breadcrumb\":{\"@id\":\"https:\\\/\\\/wobronietradycjiiwiary.com\\\/7-go-lipca-zywot-swietego-andrzeja-zurawka-pustelnika-2\\\/#breadcrumb\"},\"inLanguage\":\"en-US\",\"potentialAction\":[{\"@type\":\"ReadAction\",\"target\":[\"https:\\\/\\\/wobronietradycjiiwiary.com\\\/7-go-lipca-zywot-swietego-andrzeja-zurawka-pustelnika-2\\\/\"]}]},{\"@type\":\"ImageObject\",\"inLanguage\":\"en-US\",\"@id\":\"https:\\\/\\\/wobronietradycjiiwiary.com\\\/7-go-lipca-zywot-swietego-andrzeja-zurawka-pustelnika-2\\\/#primaryimage\",\"url\":\"https:\\\/\\\/wobronietradycjiiwiary.com\\\/wp-content\\\/uploads\\\/2021\\\/07\\\/Andrzej_Swierad.jpg\",\"contentUrl\":\"https:\\\/\\\/wobronietradycjiiwiary.com\\\/wp-content\\\/uploads\\\/2021\\\/07\\\/Andrzej_Swierad.jpg\",\"width\":781,\"height\":1117},{\"@type\":\"BreadcrumbList\",\"@id\":\"https:\\\/\\\/wobronietradycjiiwiary.com\\\/7-go-lipca-zywot-swietego-andrzeja-zurawka-pustelnika-2\\\/#breadcrumb\",\"itemListElement\":[{\"@type\":\"ListItem\",\"position\":1,\"name\":\"Strona g\u0142\u00f3wna\",\"item\":\"https:\\\/\\\/wobronietradycjiiwiary.com\\\/\"},{\"@type\":\"ListItem\",\"position\":2,\"name\":\"7-go Lipca. \u017bywot \u015bwi\u0119tego Andrzeja \u017burawka, Pustelnika.\"}]},{\"@type\":\"WebSite\",\"@id\":\"https:\\\/\\\/wobronietradycjiiwiary.com\\\/pl\\\/#website\",\"url\":\"https:\\\/\\\/wobronietradycjiiwiary.com\\\/pl\\\/\",\"name\":\"Tradycja i Wiara\",\"description\":\"Portal dla katolik\u00f3w.\",\"publisher\":{\"@id\":\"https:\\\/\\\/wobronietradycjiiwiary.com\\\/pl\\\/#organization\"},\"potentialAction\":[{\"@type\":\"SearchAction\",\"target\":{\"@type\":\"EntryPoint\",\"urlTemplate\":\"https:\\\/\\\/wobronietradycjiiwiary.com\\\/pl\\\/?s={search_term_string}\"},\"query-input\":{\"@type\":\"PropertyValueSpecification\",\"valueRequired\":true,\"valueName\":\"search_term_string\"}}],\"inLanguage\":\"en-US\"},{\"@type\":\"Organization\",\"@id\":\"https:\\\/\\\/wobronietradycjiiwiary.com\\\/pl\\\/#organization\",\"name\":\"Tradycja i Wiara\",\"url\":\"https:\\\/\\\/wobronietradycjiiwiary.com\\\/pl\\\/\",\"logo\":{\"@type\":\"ImageObject\",\"inLanguage\":\"en-US\",\"@id\":\"https:\\\/\\\/wobronietradycjiiwiary.com\\\/pl\\\/#\\\/schema\\\/logo\\\/image\\\/\",\"url\":\"https:\\\/\\\/i0.wp.com\\\/wobronietradycjiiwiary.com\\\/wp-content\\\/uploads\\\/2015\\\/10\\\/cropped-st-peters-dome-vatican.jpg?fit=940%2C198&ssl=1\",\"contentUrl\":\"https:\\\/\\\/i0.wp.com\\\/wobronietradycjiiwiary.com\\\/wp-content\\\/uploads\\\/2015\\\/10\\\/cropped-st-peters-dome-vatican.jpg?fit=940%2C198&ssl=1\",\"width\":940,\"height\":198,\"caption\":\"Tradycja i Wiara\"},\"image\":{\"@id\":\"https:\\\/\\\/wobronietradycjiiwiary.com\\\/pl\\\/#\\\/schema\\\/logo\\\/image\\\/\"},\"sameAs\":[\"https:\\\/\\\/www.facebook.com\\\/Tradycja-i-Wiara-108813920592249\"]},{\"@type\":\"Person\",\"@id\":\"https:\\\/\\\/wobronietradycjiiwiary.com\\\/pl\\\/#\\\/schema\\\/person\\\/2d6180ce6abcb681fef0daab7816e8f3\",\"name\":\"Traditio et Fides\",\"sameAs\":[\"https:\\\/\\\/traditionundglauben.com\"],\"url\":\"https:\\\/\\\/wobronietradycjiiwiary.com\\\/en\\\/author\\\/wobronietradycjiiwiary\\\/\"}]}<\/script>\n<!-- \/ Yoast SEO plugin. -->","yoast_head_json":{"title":"7-go Lipca. \u017bywot \u015bwi\u0119tego Andrzeja \u017burawka, Pustelnika. - Tradycja i Wiara","robots":{"index":"index","follow":"follow","max-snippet":"max-snippet:-1","max-image-preview":"max-image-preview:large","max-video-preview":"max-video-preview:-1"},"canonical":"https:\/\/wobronietradycjiiwiary.com\/en\/7-go-lipca-zywot-swietego-andrzeja-zurawka-pustelnika-2\/","og_locale":"en_US","og_type":"article","og_title":"7-go Lipca. \u017bywot \u015bwi\u0119tego Andrzeja \u017burawka, Pustelnika. - Tradycja i Wiara","og_description":"\u015aw. Andrzej \u017burawek narzuci\u0142 sobie tak ostr\u0105 ascez\u0119, \u017ce anio\u0142 musia\u0142 go ratowa\u0107. Ale za \u017cycia wygenerowa\u0142 tyle \u015bwi\u0119to\u015bci, \u017ce po swojej \u015bmierci nawraca\u0142 grzesznik\u00f3w. Warto wi\u0119c by\u0142o.","og_url":"https:\/\/wobronietradycjiiwiary.com\/en\/7-go-lipca-zywot-swietego-andrzeja-zurawka-pustelnika-2\/","og_site_name":"Tradycja i Wiara","article_publisher":"https:\/\/www.facebook.com\/Tradycja-i-Wiara-108813920592249","article_published_time":"2022-07-07T06:15:19+00:00","article_modified_time":"2025-02-10T10:15:38+00:00","og_image":[{"width":781,"height":1117,"url":"https:\/\/wobronietradycjiiwiary.com\/wp-content\/uploads\/2021\/07\/Andrzej_Swierad.jpg","type":"image\/jpeg"}],"author":"Traditio et Fides","twitter_card":"summary_large_image","twitter_misc":{"Written by":"Traditio et Fides","Est. reading time":"9 minutes"},"schema":{"@context":"https:\/\/schema.org","@graph":[{"@type":"Article","@id":"https:\/\/wobronietradycjiiwiary.com\/7-go-lipca-zywot-swietego-andrzeja-zurawka-pustelnika-2\/#article","isPartOf":{"@id":"https:\/\/wobronietradycjiiwiary.com\/7-go-lipca-zywot-swietego-andrzeja-zurawka-pustelnika-2\/"},"author":{"name":"Traditio et Fides","@id":"https:\/\/wobronietradycjiiwiary.com\/pl\/#\/schema\/person\/2d6180ce6abcb681fef0daab7816e8f3"},"headline":"7-go Lipca. \u017bywot \u015bwi\u0119tego Andrzeja \u017burawka, Pustelnika.","datePublished":"2022-07-07T06:15:19+00:00","dateModified":"2025-02-10T10:15:38+00:00","mainEntityOfPage":{"@id":"https:\/\/wobronietradycjiiwiary.com\/7-go-lipca-zywot-swietego-andrzeja-zurawka-pustelnika-2\/"},"wordCount":1770,"commentCount":0,"publisher":{"@id":"https:\/\/wobronietradycjiiwiary.com\/pl\/#organization"},"image":{"@id":"https:\/\/wobronietradycjiiwiary.com\/7-go-lipca-zywot-swietego-andrzeja-zurawka-pustelnika-2\/#primaryimage"},"thumbnailUrl":"https:\/\/wobronietradycjiiwiary.com\/wp-content\/uploads\/2021\/07\/Andrzej_Swierad.jpg","articleSection":["07. \u015awi\u0119ta w lipcu","Duchowo\u015b\u0107","Liturgia i liturgika"],"inLanguage":"en-US","potentialAction":[{"@type":"CommentAction","name":"Comment","target":["https:\/\/wobronietradycjiiwiary.com\/7-go-lipca-zywot-swietego-andrzeja-zurawka-pustelnika-2\/#respond"]}]},{"@type":"WebPage","@id":"https:\/\/wobronietradycjiiwiary.com\/7-go-lipca-zywot-swietego-andrzeja-zurawka-pustelnika-2\/","url":"https:\/\/wobronietradycjiiwiary.com\/7-go-lipca-zywot-swietego-andrzeja-zurawka-pustelnika-2\/","name":"7-go Lipca. \u017bywot \u015bwi\u0119tego Andrzeja \u017burawka, Pustelnika. - Tradycja i Wiara","isPartOf":{"@id":"https:\/\/wobronietradycjiiwiary.com\/pl\/#website"},"primaryImageOfPage":{"@id":"https:\/\/wobronietradycjiiwiary.com\/7-go-lipca-zywot-swietego-andrzeja-zurawka-pustelnika-2\/#primaryimage"},"image":{"@id":"https:\/\/wobronietradycjiiwiary.com\/7-go-lipca-zywot-swietego-andrzeja-zurawka-pustelnika-2\/#primaryimage"},"thumbnailUrl":"https:\/\/wobronietradycjiiwiary.com\/wp-content\/uploads\/2021\/07\/Andrzej_Swierad.jpg","datePublished":"2022-07-07T06:15:19+00:00","dateModified":"2025-02-10T10:15:38+00:00","breadcrumb":{"@id":"https:\/\/wobronietradycjiiwiary.com\/7-go-lipca-zywot-swietego-andrzeja-zurawka-pustelnika-2\/#breadcrumb"},"inLanguage":"en-US","potentialAction":[{"@type":"ReadAction","target":["https:\/\/wobronietradycjiiwiary.com\/7-go-lipca-zywot-swietego-andrzeja-zurawka-pustelnika-2\/"]}]},{"@type":"ImageObject","inLanguage":"en-US","@id":"https:\/\/wobronietradycjiiwiary.com\/7-go-lipca-zywot-swietego-andrzeja-zurawka-pustelnika-2\/#primaryimage","url":"https:\/\/wobronietradycjiiwiary.com\/wp-content\/uploads\/2021\/07\/Andrzej_Swierad.jpg","contentUrl":"https:\/\/wobronietradycjiiwiary.com\/wp-content\/uploads\/2021\/07\/Andrzej_Swierad.jpg","width":781,"height":1117},{"@type":"BreadcrumbList","@id":"https:\/\/wobronietradycjiiwiary.com\/7-go-lipca-zywot-swietego-andrzeja-zurawka-pustelnika-2\/#breadcrumb","itemListElement":[{"@type":"ListItem","position":1,"name":"Strona g\u0142\u00f3wna","item":"https:\/\/wobronietradycjiiwiary.com\/"},{"@type":"ListItem","position":2,"name":"7-go Lipca. \u017bywot \u015bwi\u0119tego Andrzeja \u017burawka, Pustelnika."}]},{"@type":"WebSite","@id":"https:\/\/wobronietradycjiiwiary.com\/pl\/#website","url":"https:\/\/wobronietradycjiiwiary.com\/pl\/","name":"Tradycja i Wiara","description":"Portal dla katolik\u00f3w.","publisher":{"@id":"https:\/\/wobronietradycjiiwiary.com\/pl\/#organization"},"potentialAction":[{"@type":"SearchAction","target":{"@type":"EntryPoint","urlTemplate":"https:\/\/wobronietradycjiiwiary.com\/pl\/?s={search_term_string}"},"query-input":{"@type":"PropertyValueSpecification","valueRequired":true,"valueName":"search_term_string"}}],"inLanguage":"en-US"},{"@type":"Organization","@id":"https:\/\/wobronietradycjiiwiary.com\/pl\/#organization","name":"Tradycja i Wiara","url":"https:\/\/wobronietradycjiiwiary.com\/pl\/","logo":{"@type":"ImageObject","inLanguage":"en-US","@id":"https:\/\/wobronietradycjiiwiary.com\/pl\/#\/schema\/logo\/image\/","url":"https:\/\/i0.wp.com\/wobronietradycjiiwiary.com\/wp-content\/uploads\/2015\/10\/cropped-st-peters-dome-vatican.jpg?fit=940%2C198&ssl=1","contentUrl":"https:\/\/i0.wp.com\/wobronietradycjiiwiary.com\/wp-content\/uploads\/2015\/10\/cropped-st-peters-dome-vatican.jpg?fit=940%2C198&ssl=1","width":940,"height":198,"caption":"Tradycja i Wiara"},"image":{"@id":"https:\/\/wobronietradycjiiwiary.com\/pl\/#\/schema\/logo\/image\/"},"sameAs":["https:\/\/www.facebook.com\/Tradycja-i-Wiara-108813920592249"]},{"@type":"Person","@id":"https:\/\/wobronietradycjiiwiary.com\/pl\/#\/schema\/person\/2d6180ce6abcb681fef0daab7816e8f3","name":"Traditio et Fides","sameAs":["https:\/\/traditionundglauben.com"],"url":"https:\/\/wobronietradycjiiwiary.com\/en\/author\/wobronietradycjiiwiary\/"}]}},"jetpack_publicize_connections":[],"jetpack_sharing_enabled":true,"jetpack_likes_enabled":true,"jetpack_shortlink":"https:\/\/wp.me\/pc04Sd-iXk","jetpack-related-posts":[{"id":147266,"url":"https:\/\/wobronietradycjiiwiary.com\/en\/7-go-lipca-zywot-swietego-andrzeja-zurawka-pustelnika-2-3\/","url_meta":{"origin":72870,"position":0},"title":"7-go Lipca. \u017bywot \u015bwi\u0119tego Andrzeja \u017burawka, Pustelnika.","author":"Traditio et Fides","date":"7 July 2025","format":false,"excerpt":"\u015aw. Andrzej \u017burawek narzuci\u0142 sobie tak ostr\u0105 ascez\u0119, \u017ce anio\u0142 musia\u0142 go ratowa\u0107.","rel":"","context":"In &quot;07. \u015awi\u0119ta w lipcu&quot;","block_context":{"text":"07. \u015awi\u0119ta w lipcu","link":"https:\/\/wobronietradycjiiwiary.com\/en\/category\/duchowosc\/liturgia-i-liturgika\/rozwazania\/rok-liturgiczny\/swieta-w-lipcu\/"},"img":{"alt_text":"","src":"https:\/\/i0.wp.com\/wobronietradycjiiwiary.com\/wp-content\/uploads\/2021\/07\/Andrzej_Swierad.jpg?resize=350%2C200&ssl=1","width":350,"height":200,"srcset":"https:\/\/i0.wp.com\/wobronietradycjiiwiary.com\/wp-content\/uploads\/2021\/07\/Andrzej_Swierad.jpg?resize=350%2C200&ssl=1 1x, https:\/\/i0.wp.com\/wobronietradycjiiwiary.com\/wp-content\/uploads\/2021\/07\/Andrzej_Swierad.jpg?resize=525%2C300&ssl=1 1.5x, https:\/\/i0.wp.com\/wobronietradycjiiwiary.com\/wp-content\/uploads\/2021\/07\/Andrzej_Swierad.jpg?resize=700%2C400&ssl=1 2x"},"classes":[]},{"id":168015,"url":"https:\/\/wobronietradycjiiwiary.com\/en\/7-go-lipca-zywot-swietego-andrzeja-zurawka-pustelnika-2-3-2\/","url_meta":{"origin":72870,"position":1},"title":"7-go Lipca. \u017bywot \u015bwi\u0119tego Andrzeja \u017burawka, Pustelnika.","author":"Traditio et Fides","date":"7 July 2026","format":false,"excerpt":"\u015aw. Andrzej \u017burawek narzuci\u0142 sobie tak ostr\u0105 ascez\u0119, \u017ce anio\u0142 musia\u0142 go ratowa\u0107.","rel":"","context":"In &quot;07. \u015awi\u0119ta w lipcu&quot;","block_context":{"text":"07. \u015awi\u0119ta w lipcu","link":"https:\/\/wobronietradycjiiwiary.com\/en\/category\/duchowosc\/liturgia-i-liturgika\/rozwazania\/rok-liturgiczny\/swieta-w-lipcu\/"},"img":{"alt_text":"","src":"https:\/\/i0.wp.com\/wobronietradycjiiwiary.com\/wp-content\/uploads\/2021\/07\/Andrzej_Swierad.jpg?resize=350%2C200&ssl=1","width":350,"height":200,"srcset":"https:\/\/i0.wp.com\/wobronietradycjiiwiary.com\/wp-content\/uploads\/2021\/07\/Andrzej_Swierad.jpg?resize=350%2C200&ssl=1 1x, https:\/\/i0.wp.com\/wobronietradycjiiwiary.com\/wp-content\/uploads\/2021\/07\/Andrzej_Swierad.jpg?resize=525%2C300&ssl=1 1.5x, https:\/\/i0.wp.com\/wobronietradycjiiwiary.com\/wp-content\/uploads\/2021\/07\/Andrzej_Swierad.jpg?resize=700%2C400&ssl=1 2x"},"classes":[]},{"id":118593,"url":"https:\/\/wobronietradycjiiwiary.com\/en\/7-go-lipca-zywot-swietego-andrzeja-zurawka-pustelnika-2-2-2\/","url_meta":{"origin":72870,"position":2},"title":"7-go Lipca. \u017bywot \u015bwi\u0119tego Andrzeja \u017burawka, Pustelnika.","author":"Traditio et Fides","date":"7 July 2024","format":false,"excerpt":"\u015aw. Andrzej \u017burawek narzuci\u0142 sobie tak ostr\u0105 ascez\u0119, \u017ce anio\u0142 musia\u0142 go ratowa\u0107. Ale za \u017cycia wygenerowa\u0142 tyle \u015bwi\u0119to\u015bci, \u017ce po swojej \u015bmierci nawraca\u0142 grzesznik\u00f3w. Warto wi\u0119c by\u0142o.","rel":"","context":"In &quot;07. \u015awi\u0119ta w lipcu&quot;","block_context":{"text":"07. \u015awi\u0119ta w lipcu","link":"https:\/\/wobronietradycjiiwiary.com\/en\/category\/duchowosc\/liturgia-i-liturgika\/rozwazania\/rok-liturgiczny\/swieta-w-lipcu\/"},"img":{"alt_text":"","src":"https:\/\/i0.wp.com\/wobronietradycjiiwiary.com\/wp-content\/uploads\/2021\/07\/Andrzej_Swierad.jpg?resize=350%2C200&ssl=1","width":350,"height":200,"srcset":"https:\/\/i0.wp.com\/wobronietradycjiiwiary.com\/wp-content\/uploads\/2021\/07\/Andrzej_Swierad.jpg?resize=350%2C200&ssl=1 1x, https:\/\/i0.wp.com\/wobronietradycjiiwiary.com\/wp-content\/uploads\/2021\/07\/Andrzej_Swierad.jpg?resize=525%2C300&ssl=1 1.5x, https:\/\/i0.wp.com\/wobronietradycjiiwiary.com\/wp-content\/uploads\/2021\/07\/Andrzej_Swierad.jpg?resize=700%2C400&ssl=1 2x"},"classes":[]},{"id":160157,"url":"https:\/\/wobronietradycjiiwiary.com\/en\/4-go-lutego-zywot-swietego-andrzeja-korsiniego-biskupa-3-2-2\/","url_meta":{"origin":72870,"position":3},"title":"4-go Lutego. \u017bywot \u015bwi\u0119tego Andrzeja Korsiniego, Biskupa.","author":"Traditio et Fides","date":"4 February 2026","format":false,"excerpt":"Chocia\u017c \u015bw. Andrzej zosta\u0142 wyproszony u Boga, to w m\u0142odo\u015bci goni\u0142 za grzechem, a\u017c dowiedzia\u0142 si\u0119 o ca\u0142ej historii. Czasami musimy us\u0142ysze\u0107 co\u015b dobrego o sobie.","rel":"","context":"In &quot;02. \u015awi\u0119ta w lutym&quot;","block_context":{"text":"02. \u015awi\u0119ta w lutym","link":"https:\/\/wobronietradycjiiwiary.com\/en\/category\/duchowosc\/liturgia-i-liturgika\/rozwazania\/rok-liturgiczny\/swieta-w-lutym\/"},"img":{"alt_text":"","src":"https:\/\/i0.wp.com\/wobronietradycjiiwiary.com\/wp-content\/uploads\/2022\/02\/Andreas_Corsini.jpg?resize=350%2C200&ssl=1","width":350,"height":200},"classes":[]},{"id":107344,"url":"https:\/\/wobronietradycjiiwiary.com\/en\/30-go-listopada-zywot-swietego-andrzeja-apostola-4\/","url_meta":{"origin":72870,"position":4},"title":"30-go Listopada. \u017bywot \u015bwi\u0119tego Andrzeja, Aposto\u0142a.","author":"Traditio et Fides","date":"30 November 2023","format":false,"excerpt":"\u015aw. Andrzej z rado\u015bci\u0105 powita\u0142 sw\u00f3j krzy\u017c i to nie metaforyczny, na kt\u00f3rym kona\u0142 trzy dni.","rel":"","context":"In &quot;11. \u015awi\u0119ta w listopadzie&quot;","block_context":{"text":"11. \u015awi\u0119ta w listopadzie","link":"https:\/\/wobronietradycjiiwiary.com\/en\/category\/duchowosc\/liturgia-i-liturgika\/rozwazania\/rok-liturgiczny\/swieta-w-listopadzie\/"},"img":{"alt_text":"","src":"https:\/\/i0.wp.com\/wobronietradycjiiwiary.com\/wp-content\/uploads\/2020\/11\/Andreas.jpg?resize=350%2C200&ssl=1","width":350,"height":200},"classes":[]},{"id":123856,"url":"https:\/\/wobronietradycjiiwiary.com\/en\/30-go-listopada-zywot-swietego-andrzeja-apostola-4-2\/","url_meta":{"origin":72870,"position":5},"title":"30-go Listopada. \u017bywot \u015bwi\u0119tego Andrzeja, Aposto\u0142a.","author":"Traditio et Fides","date":"30 November 2024","format":false,"excerpt":"\u015aw. Andrzej z rado\u015bci\u0105 powita\u0142 sw\u00f3j krzy\u017c i to nie metaforyczny, na kt\u00f3rym kona\u0142 trzy dni.","rel":"","context":"In &quot;11. \u015awi\u0119ta w listopadzie&quot;","block_context":{"text":"11. \u015awi\u0119ta w listopadzie","link":"https:\/\/wobronietradycjiiwiary.com\/en\/category\/duchowosc\/liturgia-i-liturgika\/rozwazania\/rok-liturgiczny\/swieta-w-listopadzie\/"},"img":{"alt_text":"","src":"https:\/\/i0.wp.com\/wobronietradycjiiwiary.com\/wp-content\/uploads\/2020\/11\/Andreas.jpg?resize=350%2C200&ssl=1","width":350,"height":200},"classes":[]}],"amp_enabled":true,"jetpack_featured_media_url":"https:\/\/wobronietradycjiiwiary.com\/wp-content\/uploads\/2021\/07\/Andrzej_Swierad.jpg","_links":{"self":[{"href":"https:\/\/wobronietradycjiiwiary.com\/en\/wp-json\/wp\/v2\/posts\/72870","targetHints":{"allow":["GET"]}}],"collection":[{"href":"https:\/\/wobronietradycjiiwiary.com\/en\/wp-json\/wp\/v2\/posts"}],"about":[{"href":"https:\/\/wobronietradycjiiwiary.com\/en\/wp-json\/wp\/v2\/types\/post"}],"author":[{"embeddable":true,"href":"https:\/\/wobronietradycjiiwiary.com\/en\/wp-json\/wp\/v2\/users\/60508433"}],"replies":[{"embeddable":true,"href":"https:\/\/wobronietradycjiiwiary.com\/en\/wp-json\/wp\/v2\/comments?post=72870"}],"version-history":[{"count":1,"href":"https:\/\/wobronietradycjiiwiary.com\/en\/wp-json\/wp\/v2\/posts\/72870\/revisions"}],"predecessor-version":[{"id":72880,"href":"https:\/\/wobronietradycjiiwiary.com\/en\/wp-json\/wp\/v2\/posts\/72870\/revisions\/72880"}],"wp:featuredmedia":[{"embeddable":true,"href":"https:\/\/wobronietradycjiiwiary.com\/en\/wp-json\/wp\/v2\/media\/50033"}],"wp:attachment":[{"href":"https:\/\/wobronietradycjiiwiary.com\/en\/wp-json\/wp\/v2\/media?parent=72870"}],"wp:term":[{"taxonomy":"category","embeddable":true,"href":"https:\/\/wobronietradycjiiwiary.com\/en\/wp-json\/wp\/v2\/categories?post=72870"},{"taxonomy":"post_tag","embeddable":true,"href":"https:\/\/wobronietradycjiiwiary.com\/en\/wp-json\/wp\/v2\/tags?post=72870"}],"curies":[{"name":"wp","href":"https:\/\/api.w.org\/{rel}","templated":true}]}}