{"id":71483,"date":"2023-03-31T08:00:00","date_gmt":"2023-03-31T06:00:00","guid":{"rendered":"https:\/\/wobronietradycjiiwiary.com\/?p=71483"},"modified":"2025-02-07T15:46:05","modified_gmt":"2025-02-07T14:46:05","slug":"poulain-sj-iii-szczegolowy-rozbior-kazdego-stopnia-mistycznego-zjednoczenia-rozdzial-xv-dwie-noce-duszy-samo-pogranicze-mistycznych-stanow-184-%c2%a7-1-opis-pierwszej-nocy-iv","status":"publish","type":"post","link":"https:\/\/wobronietradycjiiwiary.com\/en\/poulain-sj-iii-szczegolowy-rozbior-kazdego-stopnia-mistycznego-zjednoczenia-rozdzial-xv-dwie-noce-duszy-samo-pogranicze-mistycznych-stanow-184-%c2%a7-1-opis-pierwszej-nocy-iv\/","title":{"rendered":"Poulain SJ: III. Szczeg\u00f3\u0142owy rozbi\u00f3r ka\u017cdego stopnia\u00a0mistycznego zjednoczenia. Rozdzia\u0142 XV. Dwie noce duszy. Samo pogranicze mistycznych stan\u00f3w (184) \u00a7 1. Opis pierwszej nocy (IV)"},"content":{"rendered":"<div id=\"bsf_rt_marker\"><\/div><p>Czas lektury: 3 min 12. Lecz za jakim to rodzajem posiadania t\u0119sknimy w tym stanie? Czy dusza zdaje sobie spraw\u0119,&hellip;<\/p>\n<div style=\"text-align: center\">\n<p>&nbsp;<\/p>\n<\/div>\n<h2 style=\"border: 5px solid #0000A0;padding: 1em;text-align: center\"><span style=\"color: #000000\">Pe\u0142en dost\u0119p dla <span style=\"color: #00ccff\"><a style=\"color: #00ccff\" href=\"https:\/\/wobronietradycjiiwiary.com\/en\/subskrypcje-2\/\" target=\"_blank\" rel=\"noopener\">subskrybent\u00f3w<\/a><\/span>.<\/span><br \/>\n<span style=\"color: #3366ff\"><a style=\"color: #3366ff\" href=\"https:\/\/wobronietradycjiiwiary.com\/en\/account\/login\/\" target=\"_blank\" rel=\"noopener\"><span style=\"color: #00ccff\">Zaloguj<\/span><\/a> <\/span>si\u0119 lub przejd\u017a do <a href=\"https:\/\/wobronietradycjiiwiary.com\/en\/register\/\"><span style=\"color: #3366ff\">Rejestracji<\/span><\/a>.<\/h2>\n<div>\n<p style=\"text-align: center\"><a href=\"https:\/\/wobronietradycjiiwiary.com\/en\/subskrypcje-2\/cennik\/\" target=\"_blank\" rel=\"noopener\"><span style=\"color: #000080;font-size: 24pt\"><strong>Nowe ni\u017csze ceny<\/strong><\/span><\/a><\/p>\n<p style=\"text-align: center\"><strong><span style=\"font-size: 18pt;color: #000080\">P\u0142atno\u015b\u0107 kart\u0105<\/span><\/strong><\/p>\n<\/div>\n<h3 style=\"text-align: center\"><a href=\"https:\/\/wobronietradycjiiwiary.com\/en\/subskrypcje-2\/automatyczne\/indywidualne\/\" target=\"_blank\" rel=\"noopener\"><img fetchpriority=\"high\" decoding=\"async\" class=\"alignnone size-medium wp-image-80433\" src=\"https:\/\/wobronietradycjiiwiary.com\/wp-content\/uploads\/2022\/11\/Unbenannt-1-Online-1-300x202.jpg\" alt=\"\" width=\"300\" height=\"202\" srcset=\"https:\/\/wobronietradycjiiwiary.com\/wp-content\/uploads\/2022\/11\/Unbenannt-1-Online-1-300x202.jpg 300w, https:\/\/wobronietradycjiiwiary.com\/wp-content\/uploads\/2022\/11\/Unbenannt-1-Online-1-150x101.jpg 150w, https:\/\/wobronietradycjiiwiary.com\/wp-content\/uploads\/2022\/11\/Unbenannt-1-Online-1-18x12.jpg 18w, https:\/\/wobronietradycjiiwiary.com\/wp-content\/uploads\/2022\/11\/Unbenannt-1-Online-1.jpg 446w\" sizes=\"(max-width: 300px) 100vw, 300px\" \/><\/a><\/h3>\n<p style=\"text-align: center\"><strong><span style=\"font-size: 18pt;color: #000080\">P\u0142atno\u015b\u0107 przelewem<\/span><\/strong><\/p>\n<p><a href=\"https:\/\/wobronietradycjiiwiary.com\/en\/subskrypcje-2\/automatyczne\/indywidualne\/\" target=\"_blank\" rel=\"noopener\"><img decoding=\"async\" class=\"size-medium wp-image-80434 aligncenter\" src=\"https:\/\/wobronietradycjiiwiary.com\/wp-content\/uploads\/2022\/11\/Unbenannt-1-Przelewem-300x137.jpg\" alt=\"\" width=\"300\" height=\"137\" srcset=\"https:\/\/wobronietradycjiiwiary.com\/wp-content\/uploads\/2022\/11\/Unbenannt-1-Przelewem-300x137.jpg 300w, https:\/\/wobronietradycjiiwiary.com\/wp-content\/uploads\/2022\/11\/Unbenannt-1-Przelewem-450x206.jpg 450w, https:\/\/wobronietradycjiiwiary.com\/wp-content\/uploads\/2022\/11\/Unbenannt-1-Przelewem-600x274.jpg 600w, https:\/\/wobronietradycjiiwiary.com\/wp-content\/uploads\/2022\/11\/Unbenannt-1-Przelewem-150x69.jpg 150w, https:\/\/wobronietradycjiiwiary.com\/wp-content\/uploads\/2022\/11\/Unbenannt-1-Przelewem-18x8.jpg 18w, https:\/\/wobronietradycjiiwiary.com\/wp-content\/uploads\/2022\/11\/Unbenannt-1-Przelewem.jpg 676w\" sizes=\"(max-width: 300px) 100vw, 300px\" \/><\/a><\/p>\n<p style=\"text-align: center\"><strong><span style=\"font-size: 18pt;color: #000080\">P\u0142atno\u015b\u0107 kart\u0105 do 6 os\u00f3b<\/span><\/strong><\/p>\n<p><a href=\"https:\/\/wobronietradycjiiwiary.com\/en\/rodzinne\/\" target=\"_blank\" rel=\"noopener\"><img decoding=\"async\" class=\"size-medium wp-image-80435 aligncenter\" src=\"https:\/\/wobronietradycjiiwiary.com\/wp-content\/uploads\/2022\/11\/Unbenannt-1-Rodzinna-300x208.jpg\" alt=\"\" width=\"300\" height=\"208\" srcset=\"https:\/\/wobronietradycjiiwiary.com\/wp-content\/uploads\/2022\/11\/Unbenannt-1-Rodzinna-300x208.jpg 300w, https:\/\/wobronietradycjiiwiary.com\/wp-content\/uploads\/2022\/11\/Unbenannt-1-Rodzinna-150x104.jpg 150w, https:\/\/wobronietradycjiiwiary.com\/wp-content\/uploads\/2022\/11\/Unbenannt-1-Rodzinna-18x12.jpg 18w, https:\/\/wobronietradycjiiwiary.com\/wp-content\/uploads\/2022\/11\/Unbenannt-1-Rodzinna.jpg 448w\" sizes=\"(max-width: 300px) 100vw, 300px\" \/><\/a><\/p>\n<h3 style=\"text-align: center\"><\/h3>\n<h1 style=\"text-align: center\"><\/h1>","protected":false},"excerpt":{"rendered":"<p>Zakosztowanie modlitwy ukojenia, a przez to poznanie s\u0142odyczy wy\u017cszych stan\u00f3w modlitwy prowadzi do pragnienia posiadania go stale oraz si\u0119gania wy\u017cej.<\/p>","protected":false},"author":119394846,"featured_media":23108,"comment_status":"open","ping_status":"open","sticky":false,"template":"","format":"standard","meta":{"_bbp_topic_count":0,"_bbp_reply_count":0,"_bbp_total_topic_count":0,"_bbp_total_reply_count":0,"_bbp_voice_count":0,"_bbp_anonymous_reply_count":0,"_bbp_topic_count_hidden":0,"_bbp_reply_count_hidden":0,"_bbp_forum_subforum_count":0,"_editorskit_title_hidden":false,"_editorskit_reading_time":1,"_editorskit_is_block_options_detached":false,"_editorskit_block_options_position":"{}","_coblocks_attr":"","_coblocks_dimensions":"","_coblocks_responsive_height":"","_coblocks_accordion_ie_support":"","_exactmetrics_skip_tracking":false,"_jetpack_newsletter_access":"","_jetpack_dont_email_post_to_subs":false,"_jetpack_newsletter_tier_id":0,"_jetpack_memberships_contains_paywalled_content":false,"_wpcom_ai_launchpad_first_post":false,"_jetpack_feature_clip_id":0,"_jetpack_memberships_contains_paid_content":false,"footnotes":"","jetpack_publicize_message":"{title}\n\n{excerpt}\n\n{url}","jetpack_publicize_feature_enabled":true,"jetpack_social_post_already_shared":true,"jetpack_social_options":{"image_generator_settings":{"template":"highway","default_image_id":0,"font":"","enabled":false},"version":2},"_wpas_customize_per_network":false,"jetpack_post_was_ever_published":false},"categories":[610131214,610131184,610130850,610135047,610135046,610135020],"tags":[610132133],"class_list":["post-71483","post","type-post","status-publish","format-standard","has-post-thumbnail","hentry","category-autorzy","category-duchowosc","category-augustin-poulain-sj","category-poulain-dwie-noce-duszy","category-poulain-rozbior-kazdego-stopnia-mistycznego","category-poulain-stany-mistyczne-augustin-poulain-sj","tag-restricted"],"yoast_head":"<!-- This site is optimized with the Yoast SEO plugin v28.3 - https:\/\/yoast.com\/product\/yoast-seo-wordpress\/ -->\n<title>Poulain SJ: III. Szczeg\u00f3\u0142owy rozbi\u00f3r ka\u017cdego stopnia\u00a0mistycznego zjednoczenia. Rozdzia\u0142 XV. Dwie noce duszy. Samo pogranicze mistycznych stan\u00f3w (184) \u00a7 1. Opis pierwszej nocy (IV) - Tradycja i Wiara<\/title>\n<meta name=\"robots\" content=\"index, follow, max-snippet:-1, max-image-preview:large, max-video-preview:-1\" \/>\n<link rel=\"canonical\" href=\"https:\/\/wobronietradycjiiwiary.com\/en\/poulain-sj-iii-szczegolowy-rozbior-kazdego-stopnia-mistycznego-zjednoczenia-rozdzial-xv-dwie-noce-duszy-samo-pogranicze-mistycznych-stanow-184-\u00a7-1-opis-pierwszej-nocy-iv\/\" \/>\n<meta property=\"og:locale\" content=\"en_US\" \/>\n<meta property=\"og:type\" content=\"article\" \/>\n<meta property=\"og:title\" content=\"Poulain SJ: III. Szczeg\u00f3\u0142owy rozbi\u00f3r ka\u017cdego stopnia\u00a0mistycznego zjednoczenia. Rozdzia\u0142 XV. Dwie noce duszy. Samo pogranicze mistycznych stan\u00f3w (184) \u00a7 1. Opis pierwszej nocy (IV) - Tradycja i Wiara\" \/>\n<meta property=\"og:description\" content=\"Zakosztowanie modlitwy ukojenia, a przez to poznanie s\u0142odyczy wy\u017cszych stan\u00f3w modlitwy prowadzi do pragnienia posiadania go stale oraz si\u0119gania wy\u017cej.\" \/>\n<meta property=\"og:url\" content=\"https:\/\/wobronietradycjiiwiary.com\/en\/poulain-sj-iii-szczegolowy-rozbior-kazdego-stopnia-mistycznego-zjednoczenia-rozdzial-xv-dwie-noce-duszy-samo-pogranicze-mistycznych-stanow-184-\u00a7-1-opis-pierwszej-nocy-iv\/\" \/>\n<meta property=\"og:site_name\" content=\"Tradycja i Wiara\" \/>\n<meta property=\"article:publisher\" content=\"https:\/\/www.facebook.com\/Tradycja-i-Wiara-108813920592249\" \/>\n<meta property=\"article:published_time\" content=\"2023-03-31T06:00:00+00:00\" \/>\n<meta property=\"article:modified_time\" content=\"2025-02-07T14:46:05+00:00\" \/>\n<meta property=\"og:image\" content=\"https:\/\/wobronietradycjiiwiary.com\/wp-content\/uploads\/2019\/10\/peter-paul-rubens-die-wunder-des-hl-ignatius-von-loyola.jpg\" \/>\n\t<meta property=\"og:image:width\" content=\"1139\" \/>\n\t<meta property=\"og:image:height\" content=\"1539\" \/>\n\t<meta property=\"og:image:type\" content=\"image\/jpeg\" \/>\n<meta name=\"author\" content=\"Prospector Veritatis\" \/>\n<meta name=\"twitter:card\" content=\"summary_large_image\" \/>\n<meta name=\"twitter:label1\" content=\"Written by\" \/>\n\t<meta name=\"twitter:data1\" content=\"Prospector Veritatis\" \/>\n\t<meta name=\"twitter:label2\" content=\"Est. reading time\" \/>\n\t<meta name=\"twitter:data2\" content=\"3 minutes\" \/>\n<script type=\"application\/ld+json\" class=\"yoast-schema-graph\">{\"@context\":\"https:\\\/\\\/schema.org\",\"@graph\":[{\"@type\":\"Article\",\"@id\":\"https:\\\/\\\/wobronietradycjiiwiary.com\\\/poulain-sj-iii-szczegolowy-rozbior-kazdego-stopnia-mistycznego-zjednoczenia-rozdzial-xv-dwie-noce-duszy-samo-pogranicze-mistycznych-stanow-184-%c2%a7-1-opis-pierwszej-nocy-iv\\\/#article\",\"isPartOf\":{\"@id\":\"https:\\\/\\\/wobronietradycjiiwiary.com\\\/poulain-sj-iii-szczegolowy-rozbior-kazdego-stopnia-mistycznego-zjednoczenia-rozdzial-xv-dwie-noce-duszy-samo-pogranicze-mistycznych-stanow-184-%c2%a7-1-opis-pierwszej-nocy-iv\\\/\"},\"author\":{\"name\":\"Prospector Veritatis\",\"@id\":\"https:\\\/\\\/wobronietradycjiiwiary.com\\\/pl\\\/#\\\/schema\\\/person\\\/f63e6405621f929c17a9c191b8d16b9d\"},\"headline\":\"Poulain SJ: III. Szczeg\u00f3\u0142owy rozbi\u00f3r ka\u017cdego stopnia\u00a0mistycznego zjednoczenia. Rozdzia\u0142 XV. Dwie noce duszy. Samo pogranicze mistycznych stan\u00f3w (184) \u00a7 1. Opis pierwszej nocy (IV)\",\"datePublished\":\"2023-03-31T06:00:00+00:00\",\"dateModified\":\"2025-02-07T14:46:05+00:00\",\"mainEntityOfPage\":{\"@id\":\"https:\\\/\\\/wobronietradycjiiwiary.com\\\/poulain-sj-iii-szczegolowy-rozbior-kazdego-stopnia-mistycznego-zjednoczenia-rozdzial-xv-dwie-noce-duszy-samo-pogranicze-mistycznych-stanow-184-%c2%a7-1-opis-pierwszej-nocy-iv\\\/\"},\"wordCount\":488,\"commentCount\":0,\"publisher\":{\"@id\":\"https:\\\/\\\/wobronietradycjiiwiary.com\\\/pl\\\/#organization\"},\"image\":{\"@id\":\"https:\\\/\\\/wobronietradycjiiwiary.com\\\/poulain-sj-iii-szczegolowy-rozbior-kazdego-stopnia-mistycznego-zjednoczenia-rozdzial-xv-dwie-noce-duszy-samo-pogranicze-mistycznych-stanow-184-%c2%a7-1-opis-pierwszej-nocy-iv\\\/#primaryimage\"},\"thumbnailUrl\":\"https:\\\/\\\/wobronietradycjiiwiary.com\\\/wp-content\\\/uploads\\\/2019\\\/10\\\/peter-paul-rubens-die-wunder-des-hl-ignatius-von-loyola.jpg\",\"keywords\":[\"Restricted\"],\"articleSection\":[\"Autorzy \u017cycia duchowego\",\"Duchowo\u015b\u0107\",\"o. Augustin Poulain SJ - \\\"\u0141aski modlitwy w Chrystusie Odkupicielu\\\"\",\"Poulain - 0. Dwie noce duszy\",\"Poulain - Rozbi\u00f3r ka\u017cdego stopnia mistycznego\",\"Poulain - Stany mistyczne\"],\"inLanguage\":\"en-US\",\"potentialAction\":[{\"@type\":\"CommentAction\",\"name\":\"Comment\",\"target\":[\"https:\\\/\\\/wobronietradycjiiwiary.com\\\/poulain-sj-iii-szczegolowy-rozbior-kazdego-stopnia-mistycznego-zjednoczenia-rozdzial-xv-dwie-noce-duszy-samo-pogranicze-mistycznych-stanow-184-%c2%a7-1-opis-pierwszej-nocy-iv\\\/#respond\"]}]},{\"@type\":\"WebPage\",\"@id\":\"https:\\\/\\\/wobronietradycjiiwiary.com\\\/poulain-sj-iii-szczegolowy-rozbior-kazdego-stopnia-mistycznego-zjednoczenia-rozdzial-xv-dwie-noce-duszy-samo-pogranicze-mistycznych-stanow-184-%c2%a7-1-opis-pierwszej-nocy-iv\\\/\",\"url\":\"https:\\\/\\\/wobronietradycjiiwiary.com\\\/poulain-sj-iii-szczegolowy-rozbior-kazdego-stopnia-mistycznego-zjednoczenia-rozdzial-xv-dwie-noce-duszy-samo-pogranicze-mistycznych-stanow-184-%c2%a7-1-opis-pierwszej-nocy-iv\\\/\",\"name\":\"Poulain SJ: III. Szczeg\u00f3\u0142owy rozbi\u00f3r ka\u017cdego stopnia\u00a0mistycznego zjednoczenia. Rozdzia\u0142 XV. Dwie noce duszy. Samo pogranicze mistycznych stan\u00f3w (184) \u00a7 1. Opis pierwszej nocy (IV) - Tradycja i Wiara\",\"isPartOf\":{\"@id\":\"https:\\\/\\\/wobronietradycjiiwiary.com\\\/pl\\\/#website\"},\"primaryImageOfPage\":{\"@id\":\"https:\\\/\\\/wobronietradycjiiwiary.com\\\/poulain-sj-iii-szczegolowy-rozbior-kazdego-stopnia-mistycznego-zjednoczenia-rozdzial-xv-dwie-noce-duszy-samo-pogranicze-mistycznych-stanow-184-%c2%a7-1-opis-pierwszej-nocy-iv\\\/#primaryimage\"},\"image\":{\"@id\":\"https:\\\/\\\/wobronietradycjiiwiary.com\\\/poulain-sj-iii-szczegolowy-rozbior-kazdego-stopnia-mistycznego-zjednoczenia-rozdzial-xv-dwie-noce-duszy-samo-pogranicze-mistycznych-stanow-184-%c2%a7-1-opis-pierwszej-nocy-iv\\\/#primaryimage\"},\"thumbnailUrl\":\"https:\\\/\\\/wobronietradycjiiwiary.com\\\/wp-content\\\/uploads\\\/2019\\\/10\\\/peter-paul-rubens-die-wunder-des-hl-ignatius-von-loyola.jpg\",\"datePublished\":\"2023-03-31T06:00:00+00:00\",\"dateModified\":\"2025-02-07T14:46:05+00:00\",\"breadcrumb\":{\"@id\":\"https:\\\/\\\/wobronietradycjiiwiary.com\\\/poulain-sj-iii-szczegolowy-rozbior-kazdego-stopnia-mistycznego-zjednoczenia-rozdzial-xv-dwie-noce-duszy-samo-pogranicze-mistycznych-stanow-184-%c2%a7-1-opis-pierwszej-nocy-iv\\\/#breadcrumb\"},\"inLanguage\":\"en-US\",\"potentialAction\":[{\"@type\":\"ReadAction\",\"target\":[\"https:\\\/\\\/wobronietradycjiiwiary.com\\\/poulain-sj-iii-szczegolowy-rozbior-kazdego-stopnia-mistycznego-zjednoczenia-rozdzial-xv-dwie-noce-duszy-samo-pogranicze-mistycznych-stanow-184-%c2%a7-1-opis-pierwszej-nocy-iv\\\/\"]}]},{\"@type\":\"ImageObject\",\"inLanguage\":\"en-US\",\"@id\":\"https:\\\/\\\/wobronietradycjiiwiary.com\\\/poulain-sj-iii-szczegolowy-rozbior-kazdego-stopnia-mistycznego-zjednoczenia-rozdzial-xv-dwie-noce-duszy-samo-pogranicze-mistycznych-stanow-184-%c2%a7-1-opis-pierwszej-nocy-iv\\\/#primaryimage\",\"url\":\"https:\\\/\\\/wobronietradycjiiwiary.com\\\/wp-content\\\/uploads\\\/2019\\\/10\\\/peter-paul-rubens-die-wunder-des-hl-ignatius-von-loyola.jpg\",\"contentUrl\":\"https:\\\/\\\/wobronietradycjiiwiary.com\\\/wp-content\\\/uploads\\\/2019\\\/10\\\/peter-paul-rubens-die-wunder-des-hl-ignatius-von-loyola.jpg\",\"width\":1139,\"height\":1539},{\"@type\":\"BreadcrumbList\",\"@id\":\"https:\\\/\\\/wobronietradycjiiwiary.com\\\/poulain-sj-iii-szczegolowy-rozbior-kazdego-stopnia-mistycznego-zjednoczenia-rozdzial-xv-dwie-noce-duszy-samo-pogranicze-mistycznych-stanow-184-%c2%a7-1-opis-pierwszej-nocy-iv\\\/#breadcrumb\",\"itemListElement\":[{\"@type\":\"ListItem\",\"position\":1,\"name\":\"Strona g\u0142\u00f3wna\",\"item\":\"https:\\\/\\\/wobronietradycjiiwiary.com\\\/\"},{\"@type\":\"ListItem\",\"position\":2,\"name\":\"Poulain SJ: III. Szczeg\u00f3\u0142owy rozbi\u00f3r ka\u017cdego stopnia\u00a0mistycznego zjednoczenia. Rozdzia\u0142 XV. Dwie noce duszy. Samo pogranicze mistycznych stan\u00f3w (184) \u00a7 1. Opis pierwszej nocy (IV)\"}]},{\"@type\":\"WebSite\",\"@id\":\"https:\\\/\\\/wobronietradycjiiwiary.com\\\/pl\\\/#website\",\"url\":\"https:\\\/\\\/wobronietradycjiiwiary.com\\\/pl\\\/\",\"name\":\"Tradycja i Wiara\",\"description\":\"Portal dla katolik\u00f3w.\",\"publisher\":{\"@id\":\"https:\\\/\\\/wobronietradycjiiwiary.com\\\/pl\\\/#organization\"},\"potentialAction\":[{\"@type\":\"SearchAction\",\"target\":{\"@type\":\"EntryPoint\",\"urlTemplate\":\"https:\\\/\\\/wobronietradycjiiwiary.com\\\/pl\\\/?s={search_term_string}\"},\"query-input\":{\"@type\":\"PropertyValueSpecification\",\"valueRequired\":true,\"valueName\":\"search_term_string\"}}],\"inLanguage\":\"en-US\"},{\"@type\":\"Organization\",\"@id\":\"https:\\\/\\\/wobronietradycjiiwiary.com\\\/pl\\\/#organization\",\"name\":\"Tradycja i Wiara\",\"url\":\"https:\\\/\\\/wobronietradycjiiwiary.com\\\/pl\\\/\",\"logo\":{\"@type\":\"ImageObject\",\"inLanguage\":\"en-US\",\"@id\":\"https:\\\/\\\/wobronietradycjiiwiary.com\\\/pl\\\/#\\\/schema\\\/logo\\\/image\\\/\",\"url\":\"https:\\\/\\\/i0.wp.com\\\/wobronietradycjiiwiary.com\\\/wp-content\\\/uploads\\\/2015\\\/10\\\/cropped-st-peters-dome-vatican.jpg?fit=940%2C198&ssl=1\",\"contentUrl\":\"https:\\\/\\\/i0.wp.com\\\/wobronietradycjiiwiary.com\\\/wp-content\\\/uploads\\\/2015\\\/10\\\/cropped-st-peters-dome-vatican.jpg?fit=940%2C198&ssl=1\",\"width\":940,\"height\":198,\"caption\":\"Tradycja i Wiara\"},\"image\":{\"@id\":\"https:\\\/\\\/wobronietradycjiiwiary.com\\\/pl\\\/#\\\/schema\\\/logo\\\/image\\\/\"},\"sameAs\":[\"https:\\\/\\\/www.facebook.com\\\/Tradycja-i-Wiara-108813920592249\"]},{\"@type\":\"Person\",\"@id\":\"https:\\\/\\\/wobronietradycjiiwiary.com\\\/pl\\\/#\\\/schema\\\/person\\\/f63e6405621f929c17a9c191b8d16b9d\",\"name\":\"Prospector Veritatis\",\"url\":\"https:\\\/\\\/wobronietradycjiiwiary.com\\\/en\\\/author\\\/prospectorveritatis\\\/\"}]}<\/script>\n<!-- \/ Yoast SEO plugin. -->","yoast_head_json":{"title":"Poulain SJ: III. Szczeg\u00f3\u0142owy rozbi\u00f3r ka\u017cdego stopnia\u00a0mistycznego zjednoczenia. Rozdzia\u0142 XV. Dwie noce duszy. Samo pogranicze mistycznych stan\u00f3w (184) \u00a7 1. Opis pierwszej nocy (IV) - Tradycja i Wiara","robots":{"index":"index","follow":"follow","max-snippet":"max-snippet:-1","max-image-preview":"max-image-preview:large","max-video-preview":"max-video-preview:-1"},"canonical":"https:\/\/wobronietradycjiiwiary.com\/en\/poulain-sj-iii-szczegolowy-rozbior-kazdego-stopnia-mistycznego-zjednoczenia-rozdzial-xv-dwie-noce-duszy-samo-pogranicze-mistycznych-stanow-184-\u00a7-1-opis-pierwszej-nocy-iv\/","og_locale":"en_US","og_type":"article","og_title":"Poulain SJ: III. Szczeg\u00f3\u0142owy rozbi\u00f3r ka\u017cdego stopnia\u00a0mistycznego zjednoczenia. Rozdzia\u0142 XV. Dwie noce duszy. Samo pogranicze mistycznych stan\u00f3w (184) \u00a7 1. Opis pierwszej nocy (IV) - Tradycja i Wiara","og_description":"Zakosztowanie modlitwy ukojenia, a przez to poznanie s\u0142odyczy wy\u017cszych stan\u00f3w modlitwy prowadzi do pragnienia posiadania go stale oraz si\u0119gania wy\u017cej.","og_url":"https:\/\/wobronietradycjiiwiary.com\/en\/poulain-sj-iii-szczegolowy-rozbior-kazdego-stopnia-mistycznego-zjednoczenia-rozdzial-xv-dwie-noce-duszy-samo-pogranicze-mistycznych-stanow-184-\u00a7-1-opis-pierwszej-nocy-iv\/","og_site_name":"Tradycja i Wiara","article_publisher":"https:\/\/www.facebook.com\/Tradycja-i-Wiara-108813920592249","article_published_time":"2023-03-31T06:00:00+00:00","article_modified_time":"2025-02-07T14:46:05+00:00","og_image":[{"width":1139,"height":1539,"url":"https:\/\/wobronietradycjiiwiary.com\/wp-content\/uploads\/2019\/10\/peter-paul-rubens-die-wunder-des-hl-ignatius-von-loyola.jpg","type":"image\/jpeg"}],"author":"Prospector Veritatis","twitter_card":"summary_large_image","twitter_misc":{"Written by":"Prospector Veritatis","Est. reading time":"3 minutes"},"schema":{"@context":"https:\/\/schema.org","@graph":[{"@type":"Article","@id":"https:\/\/wobronietradycjiiwiary.com\/poulain-sj-iii-szczegolowy-rozbior-kazdego-stopnia-mistycznego-zjednoczenia-rozdzial-xv-dwie-noce-duszy-samo-pogranicze-mistycznych-stanow-184-%c2%a7-1-opis-pierwszej-nocy-iv\/#article","isPartOf":{"@id":"https:\/\/wobronietradycjiiwiary.com\/poulain-sj-iii-szczegolowy-rozbior-kazdego-stopnia-mistycznego-zjednoczenia-rozdzial-xv-dwie-noce-duszy-samo-pogranicze-mistycznych-stanow-184-%c2%a7-1-opis-pierwszej-nocy-iv\/"},"author":{"name":"Prospector Veritatis","@id":"https:\/\/wobronietradycjiiwiary.com\/pl\/#\/schema\/person\/f63e6405621f929c17a9c191b8d16b9d"},"headline":"Poulain SJ: III. Szczeg\u00f3\u0142owy rozbi\u00f3r ka\u017cdego stopnia\u00a0mistycznego zjednoczenia. Rozdzia\u0142 XV. Dwie noce duszy. Samo pogranicze mistycznych stan\u00f3w (184) \u00a7 1. Opis pierwszej nocy (IV)","datePublished":"2023-03-31T06:00:00+00:00","dateModified":"2025-02-07T14:46:05+00:00","mainEntityOfPage":{"@id":"https:\/\/wobronietradycjiiwiary.com\/poulain-sj-iii-szczegolowy-rozbior-kazdego-stopnia-mistycznego-zjednoczenia-rozdzial-xv-dwie-noce-duszy-samo-pogranicze-mistycznych-stanow-184-%c2%a7-1-opis-pierwszej-nocy-iv\/"},"wordCount":488,"commentCount":0,"publisher":{"@id":"https:\/\/wobronietradycjiiwiary.com\/pl\/#organization"},"image":{"@id":"https:\/\/wobronietradycjiiwiary.com\/poulain-sj-iii-szczegolowy-rozbior-kazdego-stopnia-mistycznego-zjednoczenia-rozdzial-xv-dwie-noce-duszy-samo-pogranicze-mistycznych-stanow-184-%c2%a7-1-opis-pierwszej-nocy-iv\/#primaryimage"},"thumbnailUrl":"https:\/\/wobronietradycjiiwiary.com\/wp-content\/uploads\/2019\/10\/peter-paul-rubens-die-wunder-des-hl-ignatius-von-loyola.jpg","keywords":["Restricted"],"articleSection":["Autorzy \u017cycia duchowego","Duchowo\u015b\u0107","o. Augustin Poulain SJ - \"\u0141aski modlitwy w Chrystusie Odkupicielu\"","Poulain - 0. Dwie noce duszy","Poulain - Rozbi\u00f3r ka\u017cdego stopnia mistycznego","Poulain - Stany mistyczne"],"inLanguage":"en-US","potentialAction":[{"@type":"CommentAction","name":"Comment","target":["https:\/\/wobronietradycjiiwiary.com\/poulain-sj-iii-szczegolowy-rozbior-kazdego-stopnia-mistycznego-zjednoczenia-rozdzial-xv-dwie-noce-duszy-samo-pogranicze-mistycznych-stanow-184-%c2%a7-1-opis-pierwszej-nocy-iv\/#respond"]}]},{"@type":"WebPage","@id":"https:\/\/wobronietradycjiiwiary.com\/poulain-sj-iii-szczegolowy-rozbior-kazdego-stopnia-mistycznego-zjednoczenia-rozdzial-xv-dwie-noce-duszy-samo-pogranicze-mistycznych-stanow-184-%c2%a7-1-opis-pierwszej-nocy-iv\/","url":"https:\/\/wobronietradycjiiwiary.com\/poulain-sj-iii-szczegolowy-rozbior-kazdego-stopnia-mistycznego-zjednoczenia-rozdzial-xv-dwie-noce-duszy-samo-pogranicze-mistycznych-stanow-184-%c2%a7-1-opis-pierwszej-nocy-iv\/","name":"Poulain SJ: III. Szczeg\u00f3\u0142owy rozbi\u00f3r ka\u017cdego stopnia\u00a0mistycznego zjednoczenia. Rozdzia\u0142 XV. Dwie noce duszy. Samo pogranicze mistycznych stan\u00f3w (184) \u00a7 1. Opis pierwszej nocy (IV) - Tradycja i Wiara","isPartOf":{"@id":"https:\/\/wobronietradycjiiwiary.com\/pl\/#website"},"primaryImageOfPage":{"@id":"https:\/\/wobronietradycjiiwiary.com\/poulain-sj-iii-szczegolowy-rozbior-kazdego-stopnia-mistycznego-zjednoczenia-rozdzial-xv-dwie-noce-duszy-samo-pogranicze-mistycznych-stanow-184-%c2%a7-1-opis-pierwszej-nocy-iv\/#primaryimage"},"image":{"@id":"https:\/\/wobronietradycjiiwiary.com\/poulain-sj-iii-szczegolowy-rozbior-kazdego-stopnia-mistycznego-zjednoczenia-rozdzial-xv-dwie-noce-duszy-samo-pogranicze-mistycznych-stanow-184-%c2%a7-1-opis-pierwszej-nocy-iv\/#primaryimage"},"thumbnailUrl":"https:\/\/wobronietradycjiiwiary.com\/wp-content\/uploads\/2019\/10\/peter-paul-rubens-die-wunder-des-hl-ignatius-von-loyola.jpg","datePublished":"2023-03-31T06:00:00+00:00","dateModified":"2025-02-07T14:46:05+00:00","breadcrumb":{"@id":"https:\/\/wobronietradycjiiwiary.com\/poulain-sj-iii-szczegolowy-rozbior-kazdego-stopnia-mistycznego-zjednoczenia-rozdzial-xv-dwie-noce-duszy-samo-pogranicze-mistycznych-stanow-184-%c2%a7-1-opis-pierwszej-nocy-iv\/#breadcrumb"},"inLanguage":"en-US","potentialAction":[{"@type":"ReadAction","target":["https:\/\/wobronietradycjiiwiary.com\/poulain-sj-iii-szczegolowy-rozbior-kazdego-stopnia-mistycznego-zjednoczenia-rozdzial-xv-dwie-noce-duszy-samo-pogranicze-mistycznych-stanow-184-%c2%a7-1-opis-pierwszej-nocy-iv\/"]}]},{"@type":"ImageObject","inLanguage":"en-US","@id":"https:\/\/wobronietradycjiiwiary.com\/poulain-sj-iii-szczegolowy-rozbior-kazdego-stopnia-mistycznego-zjednoczenia-rozdzial-xv-dwie-noce-duszy-samo-pogranicze-mistycznych-stanow-184-%c2%a7-1-opis-pierwszej-nocy-iv\/#primaryimage","url":"https:\/\/wobronietradycjiiwiary.com\/wp-content\/uploads\/2019\/10\/peter-paul-rubens-die-wunder-des-hl-ignatius-von-loyola.jpg","contentUrl":"https:\/\/wobronietradycjiiwiary.com\/wp-content\/uploads\/2019\/10\/peter-paul-rubens-die-wunder-des-hl-ignatius-von-loyola.jpg","width":1139,"height":1539},{"@type":"BreadcrumbList","@id":"https:\/\/wobronietradycjiiwiary.com\/poulain-sj-iii-szczegolowy-rozbior-kazdego-stopnia-mistycznego-zjednoczenia-rozdzial-xv-dwie-noce-duszy-samo-pogranicze-mistycznych-stanow-184-%c2%a7-1-opis-pierwszej-nocy-iv\/#breadcrumb","itemListElement":[{"@type":"ListItem","position":1,"name":"Strona g\u0142\u00f3wna","item":"https:\/\/wobronietradycjiiwiary.com\/"},{"@type":"ListItem","position":2,"name":"Poulain SJ: III. Szczeg\u00f3\u0142owy rozbi\u00f3r ka\u017cdego stopnia\u00a0mistycznego zjednoczenia. Rozdzia\u0142 XV. Dwie noce duszy. Samo pogranicze mistycznych stan\u00f3w (184) \u00a7 1. Opis pierwszej nocy (IV)"}]},{"@type":"WebSite","@id":"https:\/\/wobronietradycjiiwiary.com\/pl\/#website","url":"https:\/\/wobronietradycjiiwiary.com\/pl\/","name":"Tradycja i Wiara","description":"Portal dla katolik\u00f3w.","publisher":{"@id":"https:\/\/wobronietradycjiiwiary.com\/pl\/#organization"},"potentialAction":[{"@type":"SearchAction","target":{"@type":"EntryPoint","urlTemplate":"https:\/\/wobronietradycjiiwiary.com\/pl\/?s={search_term_string}"},"query-input":{"@type":"PropertyValueSpecification","valueRequired":true,"valueName":"search_term_string"}}],"inLanguage":"en-US"},{"@type":"Organization","@id":"https:\/\/wobronietradycjiiwiary.com\/pl\/#organization","name":"Tradycja i Wiara","url":"https:\/\/wobronietradycjiiwiary.com\/pl\/","logo":{"@type":"ImageObject","inLanguage":"en-US","@id":"https:\/\/wobronietradycjiiwiary.com\/pl\/#\/schema\/logo\/image\/","url":"https:\/\/i0.wp.com\/wobronietradycjiiwiary.com\/wp-content\/uploads\/2015\/10\/cropped-st-peters-dome-vatican.jpg?fit=940%2C198&ssl=1","contentUrl":"https:\/\/i0.wp.com\/wobronietradycjiiwiary.com\/wp-content\/uploads\/2015\/10\/cropped-st-peters-dome-vatican.jpg?fit=940%2C198&ssl=1","width":940,"height":198,"caption":"Tradycja i Wiara"},"image":{"@id":"https:\/\/wobronietradycjiiwiary.com\/pl\/#\/schema\/logo\/image\/"},"sameAs":["https:\/\/www.facebook.com\/Tradycja-i-Wiara-108813920592249"]},{"@type":"Person","@id":"https:\/\/wobronietradycjiiwiary.com\/pl\/#\/schema\/person\/f63e6405621f929c17a9c191b8d16b9d","name":"Prospector Veritatis","url":"https:\/\/wobronietradycjiiwiary.com\/en\/author\/prospectorveritatis\/"}]}},"jetpack_publicize_connections":[],"jetpack_sharing_enabled":true,"jetpack_likes_enabled":true,"jetpack_shortlink":"https:\/\/wp.me\/pc04Sd-iAX","jetpack-related-posts":[{"id":71475,"url":"https:\/\/wobronietradycjiiwiary.com\/en\/poulain-sj-iii-szczegolowy-rozbior-kazdego-stopnia-mistycznego-zjednoczenia-rozdzial-xv-dwie-noce-duszy-samo-pogranicze-mistycznych-stanow-180\/","url_meta":{"origin":71483,"position":0},"title":"Poulain SJ: III. Szczeg\u00f3\u0142owy rozbi\u00f3r ka\u017cdego stopnia\u00a0mistycznego zjednoczenia. Rozdzia\u0142 XV. Dwie noce duszy. Samo pogranicze mistycznych stan\u00f3w (180)","author":"Prospector Veritatis","date":"3 March 2023","format":false,"excerpt":"Dwie noce duszy to dwa stopnie kontemplacji Boga.","rel":"","context":"In &quot;Autorzy \u017cycia duchowego&quot;","block_context":{"text":"Autorzy \u017cycia duchowego","link":"https:\/\/wobronietradycjiiwiary.com\/en\/category\/duchowosc\/autorzy\/"},"img":{"alt_text":"","src":"https:\/\/i0.wp.com\/wobronietradycjiiwiary.com\/wp-content\/uploads\/2019\/10\/peter-paul-rubens-die-wunder-des-hl-ignatius-von-loyola.jpg?resize=350%2C200&ssl=1","width":350,"height":200,"srcset":"https:\/\/i0.wp.com\/wobronietradycjiiwiary.com\/wp-content\/uploads\/2019\/10\/peter-paul-rubens-die-wunder-des-hl-ignatius-von-loyola.jpg?resize=350%2C200&ssl=1 1x, https:\/\/i0.wp.com\/wobronietradycjiiwiary.com\/wp-content\/uploads\/2019\/10\/peter-paul-rubens-die-wunder-des-hl-ignatius-von-loyola.jpg?resize=525%2C300&ssl=1 1.5x, https:\/\/i0.wp.com\/wobronietradycjiiwiary.com\/wp-content\/uploads\/2019\/10\/peter-paul-rubens-die-wunder-des-hl-ignatius-von-loyola.jpg?resize=700%2C400&ssl=1 2x, https:\/\/i0.wp.com\/wobronietradycjiiwiary.com\/wp-content\/uploads\/2019\/10\/peter-paul-rubens-die-wunder-des-hl-ignatius-von-loyola.jpg?resize=1050%2C600&ssl=1 3x"},"classes":[]},{"id":71478,"url":"https:\/\/wobronietradycjiiwiary.com\/en\/poulain-sj-iii-szczegolowy-rozbior-kazdego-stopnia-mistycznego-zjednoczenia-rozdzial-xv-dwie-noce-duszy-samo-pogranicze-mistycznych-stanow-183-%c2%a7-1-opis-pierwszej-nocy-iii\/","url_meta":{"origin":71483,"position":1},"title":"Poulain SJ: III. Szczeg\u00f3\u0142owy rozbi\u00f3r ka\u017cdego stopnia\u00a0mistycznego zjednoczenia. Rozdzia\u0142 XV. Dwie noce duszy. Samo pogranicze mistycznych stan\u00f3w (183) \u00a7 1. Opis pierwszej nocy (III)","author":"Prospector Veritatis","date":"24 March 2023","format":false,"excerpt":"Trzecim czynnikiem jest mi\u0142osna pami\u0119\u0107 o Bogu, czyli zar\u00f3wno ch\u0119\u0107 bardziej \u017carliwej mi\u0142o\u015bci, za\u015b brak tego ogie\u0144 postrzegamy jako kar\u0119 Bo\u017c\u0105.","rel":"","context":"In &quot;Autorzy \u017cycia duchowego&quot;","block_context":{"text":"Autorzy \u017cycia duchowego","link":"https:\/\/wobronietradycjiiwiary.com\/en\/category\/duchowosc\/autorzy\/"},"img":{"alt_text":"","src":"https:\/\/i0.wp.com\/wobronietradycjiiwiary.com\/wp-content\/uploads\/2019\/10\/peter-paul-rubens-die-wunder-des-hl-ignatius-von-loyola.jpg?resize=350%2C200&ssl=1","width":350,"height":200,"srcset":"https:\/\/i0.wp.com\/wobronietradycjiiwiary.com\/wp-content\/uploads\/2019\/10\/peter-paul-rubens-die-wunder-des-hl-ignatius-von-loyola.jpg?resize=350%2C200&ssl=1 1x, https:\/\/i0.wp.com\/wobronietradycjiiwiary.com\/wp-content\/uploads\/2019\/10\/peter-paul-rubens-die-wunder-des-hl-ignatius-von-loyola.jpg?resize=525%2C300&ssl=1 1.5x, https:\/\/i0.wp.com\/wobronietradycjiiwiary.com\/wp-content\/uploads\/2019\/10\/peter-paul-rubens-die-wunder-des-hl-ignatius-von-loyola.jpg?resize=700%2C400&ssl=1 2x, https:\/\/i0.wp.com\/wobronietradycjiiwiary.com\/wp-content\/uploads\/2019\/10\/peter-paul-rubens-die-wunder-des-hl-ignatius-von-loyola.jpg?resize=1050%2C600&ssl=1 3x"},"classes":[]},{"id":71532,"url":"https:\/\/wobronietradycjiiwiary.com\/en\/poulain-sj-iii-szczegolowy-rozbior-kazdego-stopnia-mistycznego-zjednoczenia-rozdzial-xv-dwie-noce-duszy-samo-pogranicze-mistycznych-stanow-192-%c2%a7-2-rozne-szczegoly-dotyczace-pierwszej\/","url_meta":{"origin":71483,"position":2},"title":"Poulain SJ: III. Szczeg\u00f3\u0142owy rozbi\u00f3r ka\u017cdego stopnia\u00a0mistycznego zjednoczenia. Rozdzia\u0142 XV. Dwie noce duszy. Samo pogranicze mistycznych stan\u00f3w (192) \u00a7 2. R\u00f3\u017cne szczeg\u00f3\u0142y dotycz\u0105ce pierwszej nocy (IV)","author":"Prospector Veritatis","date":"19 May 2023","format":false,"excerpt":"Jak post\u0119powa\u0107 podczas pierwszej nocy? M\u0119\u017cnie przyj\u0105\u0107 t\u0105 modlitw\u0119 b\u0119d\u0105c\u0105 odpoczywaniem w cierpieniu. Zatem do dzie\u0142a, po ka\u017cdej nocy przychodzi \u015bwit, a im noc ciemniejsza, tym ranek ja\u015bniejszy. Amen","rel":"","context":"In &quot;Autorzy \u017cycia duchowego&quot;","block_context":{"text":"Autorzy \u017cycia duchowego","link":"https:\/\/wobronietradycjiiwiary.com\/en\/category\/duchowosc\/autorzy\/"},"img":{"alt_text":"","src":"https:\/\/i0.wp.com\/wobronietradycjiiwiary.com\/wp-content\/uploads\/2019\/10\/peter-paul-rubens-die-wunder-des-hl-ignatius-von-loyola.jpg?resize=350%2C200&ssl=1","width":350,"height":200,"srcset":"https:\/\/i0.wp.com\/wobronietradycjiiwiary.com\/wp-content\/uploads\/2019\/10\/peter-paul-rubens-die-wunder-des-hl-ignatius-von-loyola.jpg?resize=350%2C200&ssl=1 1x, https:\/\/i0.wp.com\/wobronietradycjiiwiary.com\/wp-content\/uploads\/2019\/10\/peter-paul-rubens-die-wunder-des-hl-ignatius-von-loyola.jpg?resize=525%2C300&ssl=1 1.5x, https:\/\/i0.wp.com\/wobronietradycjiiwiary.com\/wp-content\/uploads\/2019\/10\/peter-paul-rubens-die-wunder-des-hl-ignatius-von-loyola.jpg?resize=700%2C400&ssl=1 2x, https:\/\/i0.wp.com\/wobronietradycjiiwiary.com\/wp-content\/uploads\/2019\/10\/peter-paul-rubens-die-wunder-des-hl-ignatius-von-loyola.jpg?resize=1050%2C600&ssl=1 3x"},"classes":[]},{"id":108762,"url":"https:\/\/wobronietradycjiiwiary.com\/en\/poulain-sj-iii-szczegolowy-rozbior-kazdego-stopnia-mistycznego-zjednoczenia-rozdzial-xix-malzenstwo-duchowe-czwarty-i-ostatni-etap-mistycznego-zjednoczenia-221\/","url_meta":{"origin":71483,"position":3},"title":"Poulain SJ: III. Szczeg\u00f3\u0142owy rozbi\u00f3r ka\u017cdego stopnia\u00a0mistycznego zjednoczenia. Rozdzia\u0142 XIX. Ma\u0142\u017ce\u0144stwo duchowe, czwarty i ostatni etap mistycznego zjednoczenia (221)","author":"Prospector Veritatis","date":"15 December 2023","format":false,"excerpt":"W stanie nadprzyrodzonym, jakim jest ma\u0142\u017ce\u0144stwo duchowe, dusza ma tak przemienione w\u0142adze wy\u017csze, \u017ce wie do\u015bwiadcza \u017cycia Boga. \u017beby to zrozumie\u0107 dok\u0142adnie trzeba tego do\u015bwiadczy\u0107, czyli dosta\u0107 si\u0119 do nieba lub mie\u0107 nadprzyrodzon\u0105 \u0142ask\u0119 od Boga. Na to pierwszy mamy wp\u0142yw zatem do dzie\u0142a i \u017cyjmy tak, by Bogu si\u0119\u2026","rel":"","context":"In &quot;Autorzy \u017cycia duchowego&quot;","block_context":{"text":"Autorzy \u017cycia duchowego","link":"https:\/\/wobronietradycjiiwiary.com\/en\/category\/duchowosc\/autorzy\/"},"img":{"alt_text":"","src":"https:\/\/i0.wp.com\/wobronietradycjiiwiary.com\/wp-content\/uploads\/2019\/10\/peter-paul-rubens-die-wunder-des-hl-ignatius-von-loyola.jpg?resize=350%2C200&ssl=1","width":350,"height":200,"srcset":"https:\/\/i0.wp.com\/wobronietradycjiiwiary.com\/wp-content\/uploads\/2019\/10\/peter-paul-rubens-die-wunder-des-hl-ignatius-von-loyola.jpg?resize=350%2C200&ssl=1 1x, https:\/\/i0.wp.com\/wobronietradycjiiwiary.com\/wp-content\/uploads\/2019\/10\/peter-paul-rubens-die-wunder-des-hl-ignatius-von-loyola.jpg?resize=525%2C300&ssl=1 1.5x, https:\/\/i0.wp.com\/wobronietradycjiiwiary.com\/wp-content\/uploads\/2019\/10\/peter-paul-rubens-die-wunder-des-hl-ignatius-von-loyola.jpg?resize=700%2C400&ssl=1 2x, https:\/\/i0.wp.com\/wobronietradycjiiwiary.com\/wp-content\/uploads\/2019\/10\/peter-paul-rubens-die-wunder-des-hl-ignatius-von-loyola.jpg?resize=1050%2C600&ssl=1 3x"},"classes":[]},{"id":108262,"url":"https:\/\/wobronietradycjiiwiary.com\/en\/poulain-sj-iii-szczegolowy-rozbior-kazdego-stopnia-mistycznego-zjednoczenia-rozdzial-xix-malzenstwo-duchowe-czwarty-i-ostatni-etap-mistycznego-zjednoczenia-219\/","url_meta":{"origin":71483,"position":4},"title":"Poulain SJ: III. Szczeg\u00f3\u0142owy rozbi\u00f3r ka\u017cdego stopnia\u00a0mistycznego zjednoczenia. Rozdzia\u0142 XIX. Ma\u0142\u017ce\u0144stwo duchowe, czwarty i ostatni etap mistycznego zjednoczenia (219)","author":"Prospector Veritatis","date":"1 December 2023","format":false,"excerpt":"Szczytem zjednoczenia mistycznego jest ma\u0142\u017ce\u0144stwo duchowe, czy te\u017c dok\u0142adniej unia przemieniaj\u0105ca. Czym ona si\u0119 charakteryzuje? Jest prawie sta\u0142e, tzn. podczas zaj\u0119\u0107 zewn\u0119trznych mo\u017cna bez problemu skupi\u0107 si\u0119 na Bogu, przemienia spos\u00f3b dzia\u0142ania w\u0142adz wy\u017cszych oraz zwykle sta\u0142a wizja intelektualna Tr\u00f3jcy \u015awi\u0119tej albo jakiego\u015b Bo\u017cego przymiotu. Co wynika z tego dla\u2026","rel":"","context":"In &quot;Autorzy \u017cycia duchowego&quot;","block_context":{"text":"Autorzy \u017cycia duchowego","link":"https:\/\/wobronietradycjiiwiary.com\/en\/category\/duchowosc\/autorzy\/"},"img":{"alt_text":"","src":"https:\/\/i0.wp.com\/wobronietradycjiiwiary.com\/wp-content\/uploads\/2019\/10\/peter-paul-rubens-die-wunder-des-hl-ignatius-von-loyola.jpg?resize=350%2C200&ssl=1","width":350,"height":200,"srcset":"https:\/\/i0.wp.com\/wobronietradycjiiwiary.com\/wp-content\/uploads\/2019\/10\/peter-paul-rubens-die-wunder-des-hl-ignatius-von-loyola.jpg?resize=350%2C200&ssl=1 1x, https:\/\/i0.wp.com\/wobronietradycjiiwiary.com\/wp-content\/uploads\/2019\/10\/peter-paul-rubens-die-wunder-des-hl-ignatius-von-loyola.jpg?resize=525%2C300&ssl=1 1.5x, https:\/\/i0.wp.com\/wobronietradycjiiwiary.com\/wp-content\/uploads\/2019\/10\/peter-paul-rubens-die-wunder-des-hl-ignatius-von-loyola.jpg?resize=700%2C400&ssl=1 2x, https:\/\/i0.wp.com\/wobronietradycjiiwiary.com\/wp-content\/uploads\/2019\/10\/peter-paul-rubens-die-wunder-des-hl-ignatius-von-loyola.jpg?resize=1050%2C600&ssl=1 3x"},"classes":[]},{"id":71486,"url":"https:\/\/wobronietradycjiiwiary.com\/en\/poulain-sj-iii-szczegolowy-rozbior-kazdego-stopnia-mistycznego-zjednoczenia-rozdzial-xv-dwie-noce-duszy-samo-pogranicze-mistycznych-stanow-187-%c2%a7-1-opis-pierwszej-nocy-vii\/","url_meta":{"origin":71483,"position":5},"title":"Poulain SJ: III. Szczeg\u00f3\u0142owy rozbi\u00f3r ka\u017cdego stopnia\u00a0mistycznego zjednoczenia. Rozdzia\u0142 XV. Dwie noce duszy. Samo pogranicze mistycznych stan\u00f3w (187) \u00a7 1. Opis pierwszej nocy (VII)","author":"Prospector Veritatis","date":"21 April 2023","format":false,"excerpt":"Modlitwa ukojenia i noc zmys\u0142\u00f3w mimo podobie\u0144stw s\u0105 dwoma r\u00f3\u017cnymi rodzajami kontemplacji.","rel":"","context":"In &quot;Autorzy \u017cycia duchowego&quot;","block_context":{"text":"Autorzy \u017cycia duchowego","link":"https:\/\/wobronietradycjiiwiary.com\/en\/category\/duchowosc\/autorzy\/"},"img":{"alt_text":"","src":"https:\/\/i0.wp.com\/wobronietradycjiiwiary.com\/wp-content\/uploads\/2019\/10\/peter-paul-rubens-die-wunder-des-hl-ignatius-von-loyola.jpg?resize=350%2C200&ssl=1","width":350,"height":200,"srcset":"https:\/\/i0.wp.com\/wobronietradycjiiwiary.com\/wp-content\/uploads\/2019\/10\/peter-paul-rubens-die-wunder-des-hl-ignatius-von-loyola.jpg?resize=350%2C200&ssl=1 1x, https:\/\/i0.wp.com\/wobronietradycjiiwiary.com\/wp-content\/uploads\/2019\/10\/peter-paul-rubens-die-wunder-des-hl-ignatius-von-loyola.jpg?resize=525%2C300&ssl=1 1.5x, https:\/\/i0.wp.com\/wobronietradycjiiwiary.com\/wp-content\/uploads\/2019\/10\/peter-paul-rubens-die-wunder-des-hl-ignatius-von-loyola.jpg?resize=700%2C400&ssl=1 2x, https:\/\/i0.wp.com\/wobronietradycjiiwiary.com\/wp-content\/uploads\/2019\/10\/peter-paul-rubens-die-wunder-des-hl-ignatius-von-loyola.jpg?resize=1050%2C600&ssl=1 3x"},"classes":[]}],"amp_enabled":true,"jetpack_featured_media_url":"https:\/\/wobronietradycjiiwiary.com\/wp-content\/uploads\/2019\/10\/peter-paul-rubens-die-wunder-des-hl-ignatius-von-loyola.jpg","_links":{"self":[{"href":"https:\/\/wobronietradycjiiwiary.com\/en\/wp-json\/wp\/v2\/posts\/71483","targetHints":{"allow":["GET"]}}],"collection":[{"href":"https:\/\/wobronietradycjiiwiary.com\/en\/wp-json\/wp\/v2\/posts"}],"about":[{"href":"https:\/\/wobronietradycjiiwiary.com\/en\/wp-json\/wp\/v2\/types\/post"}],"author":[{"embeddable":true,"href":"https:\/\/wobronietradycjiiwiary.com\/en\/wp-json\/wp\/v2\/users\/119394846"}],"replies":[{"embeddable":true,"href":"https:\/\/wobronietradycjiiwiary.com\/en\/wp-json\/wp\/v2\/comments?post=71483"}],"version-history":[{"count":4,"href":"https:\/\/wobronietradycjiiwiary.com\/en\/wp-json\/wp\/v2\/posts\/71483\/revisions"}],"predecessor-version":[{"id":71515,"href":"https:\/\/wobronietradycjiiwiary.com\/en\/wp-json\/wp\/v2\/posts\/71483\/revisions\/71515"}],"wp:featuredmedia":[{"embeddable":true,"href":"https:\/\/wobronietradycjiiwiary.com\/en\/wp-json\/wp\/v2\/media\/23108"}],"wp:attachment":[{"href":"https:\/\/wobronietradycjiiwiary.com\/en\/wp-json\/wp\/v2\/media?parent=71483"}],"wp:term":[{"taxonomy":"category","embeddable":true,"href":"https:\/\/wobronietradycjiiwiary.com\/en\/wp-json\/wp\/v2\/categories?post=71483"},{"taxonomy":"post_tag","embeddable":true,"href":"https:\/\/wobronietradycjiiwiary.com\/en\/wp-json\/wp\/v2\/tags?post=71483"}],"curies":[{"name":"wp","href":"https:\/\/api.w.org\/{rel}","templated":true}]}}