{"id":71230,"date":"2022-08-22T08:20:28","date_gmt":"2022-08-22T06:20:28","guid":{"rendered":"https:\/\/wobronietradycjiiwiary.com\/?p=71230"},"modified":"2025-02-10T11:15:38","modified_gmt":"2025-02-10T10:15:38","slug":"22-go-sierpnia-zywot-swietego-symforyana-meczennika-2","status":"publish","type":"post","link":"https:\/\/wobronietradycjiiwiary.com\/en\/22-go-sierpnia-zywot-swietego-symforyana-meczennika-2\/","title":{"rendered":"22-go Sierpnia. \u017bywot \u015bwi\u0119tego Symforyana, M\u0119czennika."},"content":{"rendered":"<div id=\"bsf_rt_marker\"><\/div>\n<p class=\"has-text-align-center wp-block-paragraph\">(\u017by\u0142 oko\u0142o roku Pa\u0144skiego 180).<\/p>\n\n\n\n<figure class=\"wp-block-image\"><a href=\"https:\/\/pl.wikisource.org\/wiki\/Plik:%C5%BBywoty_%C5%9Bw._Pa%C5%84skich_na_wszystkie_dnie_roku-Inicja%C5%82-Z.png\"><img decoding=\"async\" src=\"https:\/\/upload.wikimedia.org\/wikipedia\/commons\/thumb\/6\/66\/%C5%BBywoty_%C5%9Bw._Pa%C5%84skich_na_wszystkie_dnie_roku-Inicja%C5%82-Z.png\/56px-%C5%BBywoty_%C5%9Bw._Pa%C5%84skich_na_wszystkie_dnie_roku-Inicja%C5%82-Z.png\" alt=\"Z\"\/><\/a><\/figure>\n\n\n\n<p class=\"has-text-align-justify wp-block-paragraph\">Za panowania cesarza Marka Aureliusza wybuch\u0142o nowe prze\u015bladowanie chrze\u015bcijan. \u017by\u0142 wtedy w poga\u0144skiem mie\u015bcie Autun we Francyi Symforyan, syn Fausta, zacnego chrze\u015bcijanina. Nieska\u017cony na ciele i duszy, wy\u0107wiczony w naukach, ju\u017c by\u0142 doszed\u0142 m\u0119skiego wieku, gdy poga\u0144scy mieszka\u0144cy miasta na cze\u015b\u0107 ba\u0142wana urz\u0105dzili uroczyst\u0105 po mie\u015bcie procesy\u0119 i obwozili pos\u0105g na wspania\u0142ym wozie, przyczem\u00a0lud pada\u0142 na kolana, oddaj\u0105c mu cze\u015b\u0107 ba\u0142wochwalcz\u0105. Przechodz\u0105cy oko\u0142o procesyi Symforyan wzbrania\u0142 si\u0119 jako chrze\u015bcijanin ukl\u0119kn\u0105\u0107. Widz\u0105c to uczestnicy procesyi, pochwycili go i zawiedli przed namiestnika Herakliusza.<\/p>\n\n\n\n<p class=\"has-text-align-justify wp-block-paragraph\">\u2009Ten zasiad\u0142szy natychmiast na trybunale, pyta\u0142 m\u0119\u017cnego wyznawc\u0119 o stan i nazwisko. \u201eChrze\u015bcijaninem jestem \u2014 odrzek\u0142 zapytany \u2014 i zowi\u0119 si\u0119 Symforyan.\u201c<br>\u2009S\u0119dzia: \u201eChrze\u015bcijaninem jeste\u015b? Dobrze\u015b si\u0119 zapewne ukry\u0142, gdy\u017c nie wielu tylko widzimy chrze\u015bcijan mi\u0119dzy sob\u0105. Czemu\u015b zniewa\u017cy\u0142 nasz\u0105 bogini\u0119 i odm\u00f3wi\u0142e\u015b jej czci nale\u017cnej?\u201c<br>\u2009Symforyan: \u201eJu\u017c raz ci powiedzia\u0142em, \u017ce jestem chrze\u015bcijaninem. Wielbi\u0119 prawdziwego Boga, kt\u00f3ry jest w Niebiesiech. Co si\u0119 tyczy bo\u017cyszcza, kt\u00f3re zowiesz bogini\u0105, nie tylko jej nie uwielbi\u0119, ale podejmuj\u0119 si\u0119 zdruzgota\u0107 j\u0105, je\u015bli mi m\u0142ot poda\u0107 ka\u017cesz?\u201c<br>\u2009S\u0119dzia: \u201eCz\u0142owiek ten nie tylko jest blu\u017anierc\u0105, ale i buntownikiem. Czy jest obywatelem miasta? Powiedz to, pisarzu?\u201c<br>\u2009Pisarz: \u201eJest rzeczywi\u015bcie obywatelem miejskim i pochodzi ze znakomitego rodu.\u201c<br>\u2009S\u0119dzia: \u201eTo go te\u017c niezawodnie wbija w tak wysok\u0105 dum\u0119. Czy nie znasz, zuchwalcze, rozporz\u0105dze\u0144 cesarskich? Przeczytaj mu je, pisarzu.\u201c<br>\u2009Pisarz przeczyta\u0142, \u017ce cesarz rozkaza\u0142 chrze\u015bcijan, odmawiaj\u0105cych czci nale\u017cnej bogom, wi\u0119zi\u0107 i kara\u0107. Skoro pisarz czytanie uko\u0144czy\u0142, rzecze s\u0119dzia do Symforyana: \u201eS\u0142ysza\u0142e\u015b, co ci odczytano? Us\u0142uchaj wi\u0119c, albo b\u0105d\u017a na to przysposobiony, \u017ce krew twa pop\u0142ynie na zadosy\u0107uczynienie prawu i czci bog\u00f3w.\u201c<br>\u2009Symforyan: \u201eNigdy uwa\u017ca\u0107 nie b\u0119d\u0119 tego pos\u0105gu za co innego, jak tylko za mamid\u0142o szatana i narz\u0119dzie k\u0142amstwa. Chrze\u015bcijanin wielbi\u0105cy waszych bo\u017ck\u00f3w, staje si\u0119 \u0142upem piekie\u0142. B\u00f3g nagradza tych, co na nagrod\u0119 zas\u0142uguj\u0105, a karze grzesznik\u00f3w. Dop\u00f3ki pozostan\u0119 wiernym wyznaniu, pewnym b\u0119d\u0119 zbawienia wiecznego i unikn\u0119 m\u0105k piekielnych.\u201c<br>\u2009Skoro si\u0119 tedy Herakliusz przekona\u0142 o nieugi\u0119to\u015bci wyznawcy, kaza\u0142 go osmaga\u0107 r\u00f3zgami i wtr\u0105ci\u0107 do wi\u0119zienia. W kilka za\u015b dni p\u00f3\u017aniej powo\u0142a\u0142 go przed siebie i tak si\u0119 do\u0144 odezwa\u0142:<br>\u2009S\u0119dzia: \u201eJak\u017ceby to by\u0142o dobrze, gdyby\u015b uczci\u0142 bog\u00f3w naszych! Czeka\u0142aby ci\u0119 suta nagroda i wysokie godno\u015bci. Je\u017celi za\u015b natychmiast nie padniesz na kolana i nie uwielbisz bog\u00f3w, \u015bmier\u0107 ciebie nie minie. Czy to uczynisz? Patrz, oto ju\u017c ustawiono o\u0142tarz i przystrojono kwiatami, kadzid\u0142o si\u0119 \u017carzy i ofiara przysposobiona.\u201c<br>\u2009Symforyan: \u201eNie tra\u0107 czasu na marne s\u0142owa. Je\u015bli \u017ale jest, codziennie nic nie czyni\u0107 dla duszy, jakie\u017c to jest nieszcz\u0119\u015bcie kala\u0107 j\u0105 grzechem!\u201c<br>\u2009S\u0119dzia: \u201eUczcij bog\u00f3w a doznasz kr\u00f3lewskich zaszczyt\u00f3w!\u201c<br>\u2009Symforyan: \u201eS\u0119dzia usi\u0142uj\u0105cy zabija\u0107 dusze prawem, okrywa si\u0119 ha\u0144b\u0105 i gubi w\u0142asn\u0105 dusz\u0119. Nie szukam \u015bmierci, bo sama przyjdzie rychlej czy p\u00f3\u017aniej. Z czasem m\u00f3g\u0142bym po\u017ca\u0142owa\u0107, \u017cem zadr\u017ca\u0142 przed\u00a0s\u0119dzi\u0105. Nagrody, kt\u00f3re mi obiecujesz, s\u0105 s\u0142odk\u0105 trucizn\u0105. Rzeczywiste dobro nasze zawarte jest w Chrystusie, a to jest nieomylnem i niechybnem. Wasze rozkosze podobne s\u0105 do przejrzystego lodu, topniej\u0105cego od s\u0142o\u0144ca i zamieniaj\u0105cego si\u0119 w brudn\u0105 ka\u0142u\u017c\u0119. Zbawienie tylko, jakie nam daje B\u00f3g, jest wiecznotrwa\u0142em.\u201c<br>\u2009S\u0119dzia: \u201eDosy\u0107 d\u0142ugo ju\u017c s\u0142ucha\u0142em o Majestacie waszego Chrystusa. Z\u0142\u00f3\u017c ofiar\u0119, albo kl\u0119cze\u0107 b\u0119dziesz przed o\u0142tarzem jako tu\u0142\u00f3w bez g\u0142owy.\u201c<br>\u2009Symforyan: \u201eWielbi\u0119 i l\u0119kam si\u0119 tylko Boga wszechmocnego, kt\u00f3ry mnie stworzy\u0142. Jemu jednemu s\u0142u\u017c\u0119; cia\u0142o moje jest w twej mocy, ale nie masz si\u0142y nad dusz\u0105 moj\u0105.\u201c<br>\u2009Po tych s\u0142owach wyrazi\u0142 \u015awi\u0119ty wstr\u0119t sw\u00f3j do obmierz\u0142ych bo\u017ck\u00f3w poga\u0144skich, a namiestnik uniesiony gniewem skaza\u0142 go na kar\u0119 miecza.<br>\u2009Gdy Symforyana prowadzono przez bram\u0119 miejsk\u0105 na plac egzekucyi, napomina\u0142a go matka, stoj\u0105ca na murze miejskim: \u201eSynu, synu! Nie zapominaj o \u017cywym Bogu. Jak\u017ce mo\u017cna l\u0119ka\u0107 si\u0119 \u015bmierci, kt\u00f3ra darzy nowem \u017cyciem! Wznie\u015b serce swoje ku Temu, kt\u00f3ry kr\u00f3luje w Niebiesiech. Nie utracisz \u017cycia, bowiem zamienisz je tylko na \u017cywot wieczny w Niebie.\u201c Symforyan szed\u0142 tedy spokojnie i odwa\u017cnie na rusztowanie, a ukl\u0105k\u0142szy, pad\u0142 pod ciosem \u015bmiertelnym. Zw\u0142oki jego pochowali chrze\u015bcijanie potajemnie przy studni po\u0142o\u017conej niedaleko miasta; nie d\u0142ugo tam jednak\u017ce le\u017ca\u0142y ukryte, a nawet poganie dziwili si\u0119 licznym cudom, jakie si\u0119 dzia\u0142y nad grobem Symforyana.<br><\/p>\n\n\n\n<h2 class=\"wp-block-heading\"><strong>Nauka Moralna.<\/strong><\/h2>\n\n\n\n<p class=\"has-text-align-justify wp-block-paragraph\">\u2009Najwi\u0119ksz\u0105 trosk\u0105, jaka \u015bw. Symforyana przejmowa\u0142a, by\u0142o staranie o sw\u0105 dusz\u0119; ch\u0119tnie bowiem ofiarowa\u0142 on cia\u0142o swe oprawcom, aby tylko duszy nie\u015bmiertelnej nie potrzebowa\u0142 utraci\u0107. Cia\u0142o nasze jest ulepione z gliny i w proch si\u0119 obr\u00f3ci, jednak\u017ce dusza jest utworem tchnienia Bo\u017cego i obrazem doskona\u0142o\u015bci Stw\u00f3rcy. Aby ocali\u0107 dusze ludzkie, nie wzdryga\u0142 si\u0119 Syn Bo\u017cy zst\u0105pi\u0107 z Niebios na ziemi\u0119, \u017cy\u0107 lat 33 w ub\u00f3stwie i pogardzie, i przela\u0107 Krew Swoj\u0105 Naj\u015bwi\u0119tsz\u0105 na krzy\u017cu. \u015awi\u0119ty Chryzostom pyta: \u201eCzy chcesz wiedzie\u0107, cz\u0142owiecze, ile warta dusza twoja? Ot\u00f3\u017c jednorodzony Syn Bo\u017cy ofiarowa\u0142 Sw\u0105 Krew nieocenion\u0105, aby tw\u0105 dusz\u0119 zbawi\u0107.\u201c T\u0119 tak drogo odkupion\u0105 dusz\u0119 obra\u0142 sobie przy Chrzcie \u015bwi\u0119tym Duch \u015bwi\u0119ty jako mieszkanie Swoje. To przebywanie Ducha \u015bwi\u0119tego w tym przybytku nie mo\u017ce by\u0107 z niczem por\u00f3wnane, dlatego te\u017c Piotr \u015bw. nazywa dusz\u0119 cz\u0142owieka Rajem.<\/p>\n\n\n\n<p class=\"has-text-align-justify wp-block-paragraph\">B\u00f3g wszystko czyni, a\u017ceby dusz\u0119 t\u0119 wydrze\u0107 ze szpon szatana, kt\u00f3ry bez wytchnienia, ju\u017c to chytro\u015bci\u0105 i przebieg\u0142o\u015bci\u0105, ju\u017c te\u017c przemoc\u0105 kusi si\u0119 ow\u0142adn\u0105\u0107 j\u0105 i zgubi\u0107. Je\u015bli przeto chrze\u015bcijanin utraci dusz\u0119, utraci wszystko. Dla duszy stworzy\u0142 B\u00f3g Niebo, jej te\u017c przyrzek\u0142 samego Siebie i Kr\u00f3lestwo niebieskie. Je\u015bli przeto przez grzech \u015bmiertelny zgubimy dusz\u0119, wtedy utracimy najwy\u017csze dobro, zbawienie wiekuiste. Gdyby\u015bmy mieli dwie dusze, wtedy mogliby\u015bmy zaryzykowa\u0107 jedn\u0105, ale maj\u0105c tylko jedn\u0105, z jej zgub\u0105 tracimy wszystko. S\u0142usznie tedy m\u00f3wi Zbawiciel:\u00a0\u201eNa c\u00f3\u017c ci si\u0119 zda pozyska\u0107 \u015bwiat ca\u0142y, je\u015bli poniesiesz szkod\u0119 na duszy.\u201c \u015awi\u0119ty Symforyan nie dba\u0142 o cia\u0142o, pragn\u0105\u0142 tylko ocali\u0107 dusz\u0119, wiedz\u0105c, \u017ce cia\u0142o zmartwychwstanie w chwale wiekuistej. Nie zapominajmy przeto o duszy; je\u015bli nami\u0119tno\u015bci i \u017c\u0105dze czyni\u0105 nas sk\u0142onnymi do grzechu, je\u015bli si\u0119 do nas zbli\u017ca kusiciel i chce nas usidli\u0107 w swe p\u0119ta, je\u015bli szatan sili si\u0119 nas omami\u0107, wtedy pomy\u015blmy sobie: \u201eJakto, dla lichej rozkoszy, dla marnych i znikomych korzy\u015bci, mia\u0142bym zaryzykowa\u0107 to, co mam najdro\u017cszego, tj. dusz\u0119 swoj\u0105?\u201c Spojrzmy na wizerunek Ukrzy\u017cowanego i m\u00f3wmy w skupieniu ducha nast\u0119puj\u0105ce s\u0142owa: \u201eDuszo moja, Krwi\u0105 Najdro\u017csz\u0105 Syna Bo\u017cego i Zbawiciela naszego okupion\u0105 zosta\u0142a\u015b. Nie grzesz wi\u0119cej i pomnij na to, jak wielk\u0105 uczyni\u0142 ofiar\u0119 Pan Jezus dla twego dobra. Nie grzesz, gdy\u017c w przeciwnym razie wszystko utracisz.\u201c<\/p>\n\n\n\n<h2 class=\"wp-block-heading\"><br><strong>Modlitwa.<\/strong><\/h2>\n\n\n\n<blockquote class=\"wp-block-quote is-layout-flow wp-block-quote-is-layout-flow\"><p>\u2009Panie i Bo\u017ce m\u00f3j! Pragn\u0105c zaiste nigdy nie spuszcza\u0107 z oka wysokiej i niesko\u0144czonej warto\u015bci swej duszy, postanawiam odt\u0105d ju\u017c nie grzeszy\u0107 i zawsze chroni\u0107 si\u0119 od z\u0142ego, aby przez to nie narazi\u0107 si\u0119 na utrat\u0119 zbawienia wiecznego, a tem samem utraci\u0107\u00a0nadziej\u0119 ogl\u0105dania Ciebie kiedy\u015b w Niebie. Przez Pana naszego Jezusa Chrystusa. Amen.<\/p><\/blockquote>\n\n\n\n<figure class=\"wp-block-table\"><table><tbody><tr><td>\u2217&nbsp;&nbsp;&nbsp;&nbsp;&nbsp;&nbsp;&nbsp;&nbsp;&nbsp;&nbsp;&nbsp;&nbsp;&nbsp;&nbsp;&nbsp;&nbsp;&nbsp;&nbsp;&nbsp;&nbsp;\u2217<br>\u2217<\/td><\/tr><\/tbody><\/table><\/figure>\n\n\n\n<p class=\"wp-block-paragraph\">\u2009<em>Opr\u00f3cz tego obchodzi Ko\u015bci\u00f3\u0142 \u015bwi\u0119ty pami\u0105tk\u0119 nast\u0119puj\u0105cych \u015awi\u0119tych Pa\u0144skich, zamieszczonych w rzymskiem martyrologium:<\/em><\/p>\n\n\n\n<p class=\"has-text-align-justify wp-block-paragraph\">\u2009<strong>Dnia 22-go sierpnia<\/strong>&nbsp;oktawa Wniebowzi\u0119cia Naj\u015bw. Maryi Panny. \u2014 W Rzymie przy Via Ostiensis uroczysto\u015b\u0107 \u015bw.&nbsp;Tymoteusza, M\u0119czennika. Najpierw j\u0119cza\u0142 d\u0142ugo na rozkaz prefekta miejskiego Tarkwiniusza we wi\u0119zieniu; gdy potem ci\u0105gle jeszcze wzbrania\u0142 si\u0119 ofiarowa\u0107 bogom, zosta\u0142 trzykrotnie biczowany, okrutnie m\u0119czony i wreszcie \u015bci\u0119ty. \u2014 W Porto m\u0119cze\u0144stwo \u015bw.&nbsp;Hipolita, odznaczonego wielk\u0105 uczono\u015bci\u0105; za cesarza Aleksandra powi\u0105zano mu dla Wiary \u015bw. r\u0119ce i nogi, wrzucono do g\u0142\u0119bokiej ka\u0142u\u017cy i tak utopiono; wierni pogrzebali cia\u0142o jego w tej\u017ce samej miejscowo\u015bci. \u2014 W Autun \u015bmier\u0107 m\u0119cze\u0144ska \u015bw.&nbsp;Symforyana, obitego najpierw za cesarza Aureliana, gdy\u017c nie chcia\u0142 bo\u017ckom ofiarowa\u0107, potem wrzucono go do wi\u0119zienia, a na ko\u0144cu \u015bci\u0119to. \u2014 W Nikomedyi pami\u0105tka \u015bw. M\u0119czennik\u00f3w&nbsp;Agatonika i Zotykusa z towarzyszami&nbsp;za panowania cesarza Maksymiana i pezesa Eutolomiusza. \u2014 W Rzymie uroczysto\u015b\u0107 \u015bw.&nbsp;Antonina, M\u0119czennika. Poniewa\u017c otwarcie wyzna\u0142 sw\u0105 wiar\u0119 w Chrystusa, zosta\u0142 stracony na rozkaz s\u0119dziego Vitelliusza. \u015awi\u0119te cia\u0142o jego pochowane zosta\u0142o przy Via Aurelia. \u2014 R\u00f3wnie\u017c w Porto pami\u0105tka \u015bwi\u0119tych M\u0119czennik\u00f3w&nbsp;Marcyalisa, Saturnina, Epikteta, Maprilisa i Feliksa z towarzyszmi. \u2014 W Tarsie pami\u0105tka \u015bw.&nbsp;Atanazego, Biskupa, oraz szlachetnej \u015bw.&nbsp;Antury, kt\u00f3r\u0105 ten\u017ce ochrzci\u0142 i&nbsp;dw\u00f3ch s\u0142ug jej, kt\u00f3rzy wszyscy otrzymali za Waleryana koron\u0119 m\u0119cze\u0144sk\u0105. \u2014 W Reims uroczysto\u015b\u0107 \u015bw.&nbsp;Maura, M\u0119czennika i&nbsp;towarzysz\u00f3w jego. \u2014 W Hiszpanii uroczysto\u015b\u0107 \u015bw. M\u0119czennik\u00f3w&nbsp;Fabrycyana i Filberta. \u2014 W Pawii uroczysto\u015b\u0107 \u015bwi\u0119tego&nbsp;Guniforta, M\u0119czennika.<\/p>","protected":false},"excerpt":{"rendered":"<p>M\u0119cze\u0144stwo \u015bw. Symforiana zacz\u0119\u0142o si\u0119 od tego, \u017ce nie ukl\u0105k\u0142 na procesji, nie Bo\u017cego Cia\u0142a tylko bo\u017cka. By\u0142 to akt nie tylko wykluczenia si\u0119 ze wsp\u00f3lnoty, ale tak\u017ce niesubordynacji politycznej, gdy\u017c bogowie rzymscy byli bogami pa\u0144stwa. I w sumie nic si\u0119 nie zmieni\u0142o, tylko m\u0119czennik\u00f3w dzi\u015b ma\u0142o.<\/p>","protected":false},"author":60508433,"featured_media":51913,"comment_status":"open","ping_status":"open","sticky":false,"template":"","format":"standard","meta":{"_bbp_topic_count":0,"_bbp_reply_count":0,"_bbp_total_topic_count":0,"_bbp_total_reply_count":0,"_bbp_voice_count":0,"_bbp_anonymous_reply_count":0,"_bbp_topic_count_hidden":0,"_bbp_reply_count_hidden":0,"_bbp_forum_subforum_count":0,"_editorskit_title_hidden":false,"_editorskit_reading_time":0,"_editorskit_is_block_options_detached":false,"_editorskit_block_options_position":"{}","_coblocks_attr":"","_coblocks_dimensions":"","_coblocks_responsive_height":"","_coblocks_accordion_ie_support":"","_exactmetrics_skip_tracking":false,"_jetpack_newsletter_access":"","_jetpack_dont_email_post_to_subs":false,"_jetpack_newsletter_tier_id":0,"_jetpack_memberships_contains_paywalled_content":false,"_wpcom_ai_launchpad_first_post":false,"_jetpack_feature_clip_id":0,"_jetpack_memberships_contains_paid_content":false,"footnotes":"","jetpack_publicize_message":"{title}\n\n{excerpt}\n\n{url}","jetpack_publicize_feature_enabled":true,"jetpack_social_post_already_shared":true,"jetpack_social_options":{"image_generator_settings":{"template":"highway","default_image_id":0,"font":"","enabled":false},"version":2},"_wpas_customize_per_network":false,"jetpack_post_was_ever_published":false},"categories":[610131823,336375535],"tags":[],"class_list":["post-71230","post","type-post","status-publish","format-standard","has-post-thumbnail","hentry","category-swieta-w-sierpniu","category-liturgia-i-liturgika"],"yoast_head":"<!-- This site is optimized with the Yoast SEO plugin v28.4 - https:\/\/yoast.com\/product\/yoast-seo-wordpress\/ -->\n<title>22-go Sierpnia. \u017bywot \u015bwi\u0119tego Symforyana, M\u0119czennika. - Tradycja i Wiara<\/title>\n<meta name=\"robots\" content=\"index, follow, max-snippet:-1, max-image-preview:large, max-video-preview:-1\" \/>\n<link rel=\"canonical\" href=\"https:\/\/wobronietradycjiiwiary.com\/en\/22-go-sierpnia-zywot-swietego-symforyana-meczennika-2\/\" \/>\n<meta property=\"og:locale\" content=\"en_US\" \/>\n<meta property=\"og:type\" content=\"article\" \/>\n<meta property=\"og:title\" content=\"22-go Sierpnia. \u017bywot \u015bwi\u0119tego Symforyana, M\u0119czennika. - Tradycja i Wiara\" \/>\n<meta property=\"og:description\" content=\"M\u0119cze\u0144stwo \u015bw. Symforiana zacz\u0119\u0142o si\u0119 od tego, \u017ce nie ukl\u0105k\u0142 na procesji, nie Bo\u017cego Cia\u0142a tylko bo\u017cka. By\u0142 to akt nie tylko wykluczenia si\u0119 ze wsp\u00f3lnoty, ale tak\u017ce niesubordynacji politycznej, gdy\u017c bogowie rzymscy byli bogami pa\u0144stwa. I w sumie nic si\u0119 nie zmieni\u0142o, tylko m\u0119czennik\u00f3w dzi\u015b ma\u0142o.\" \/>\n<meta property=\"og:url\" content=\"https:\/\/wobronietradycjiiwiary.com\/en\/22-go-sierpnia-zywot-swietego-symforyana-meczennika-2\/\" \/>\n<meta property=\"og:site_name\" content=\"Tradycja i Wiara\" \/>\n<meta property=\"article:publisher\" content=\"https:\/\/www.facebook.com\/Tradycja-i-Wiara-108813920592249\" \/>\n<meta property=\"article:published_time\" content=\"2022-08-22T06:20:28+00:00\" \/>\n<meta property=\"article:modified_time\" content=\"2025-02-10T10:15:38+00:00\" \/>\n<meta property=\"og:image\" content=\"https:\/\/wobronietradycjiiwiary.com\/wp-content\/uploads\/2021\/08\/Symphorien_1865.jpg\" \/>\n\t<meta property=\"og:image:width\" content=\"651\" \/>\n\t<meta property=\"og:image:height\" content=\"768\" \/>\n\t<meta property=\"og:image:type\" content=\"image\/jpeg\" \/>\n<meta name=\"author\" content=\"Traditio et Fides\" \/>\n<meta name=\"twitter:card\" content=\"summary_large_image\" \/>\n<meta name=\"twitter:label1\" content=\"Written by\" \/>\n\t<meta name=\"twitter:data1\" content=\"Traditio et Fides\" \/>\n\t<meta name=\"twitter:label2\" content=\"Est. reading time\" \/>\n\t<meta name=\"twitter:data2\" content=\"8 minutes\" \/>\n<script type=\"application\/ld+json\" class=\"yoast-schema-graph\">{\"@context\":\"https:\\\/\\\/schema.org\",\"@graph\":[{\"@type\":\"Article\",\"@id\":\"https:\\\/\\\/wobronietradycjiiwiary.com\\\/22-go-sierpnia-zywot-swietego-symforyana-meczennika-2\\\/#article\",\"isPartOf\":{\"@id\":\"https:\\\/\\\/wobronietradycjiiwiary.com\\\/22-go-sierpnia-zywot-swietego-symforyana-meczennika-2\\\/\"},\"author\":{\"name\":\"Traditio et Fides\",\"@id\":\"https:\\\/\\\/wobronietradycjiiwiary.com\\\/pl\\\/#\\\/schema\\\/person\\\/2d6180ce6abcb681fef0daab7816e8f3\"},\"headline\":\"22-go Sierpnia. \u017bywot \u015bwi\u0119tego Symforyana, M\u0119czennika.\",\"datePublished\":\"2022-08-22T06:20:28+00:00\",\"dateModified\":\"2025-02-10T10:15:38+00:00\",\"mainEntityOfPage\":{\"@id\":\"https:\\\/\\\/wobronietradycjiiwiary.com\\\/22-go-sierpnia-zywot-swietego-symforyana-meczennika-2\\\/\"},\"wordCount\":1621,\"commentCount\":0,\"publisher\":{\"@id\":\"https:\\\/\\\/wobronietradycjiiwiary.com\\\/pl\\\/#organization\"},\"image\":{\"@id\":\"https:\\\/\\\/wobronietradycjiiwiary.com\\\/22-go-sierpnia-zywot-swietego-symforyana-meczennika-2\\\/#primaryimage\"},\"thumbnailUrl\":\"https:\\\/\\\/wobronietradycjiiwiary.com\\\/wp-content\\\/uploads\\\/2021\\\/08\\\/Symphorien_1865.jpg\",\"articleSection\":[\"08. \u015awi\u0119ta w sierpniu\",\"Liturgia i liturgika\"],\"inLanguage\":\"en-US\",\"potentialAction\":[{\"@type\":\"CommentAction\",\"name\":\"Comment\",\"target\":[\"https:\\\/\\\/wobronietradycjiiwiary.com\\\/22-go-sierpnia-zywot-swietego-symforyana-meczennika-2\\\/#respond\"]}]},{\"@type\":\"WebPage\",\"@id\":\"https:\\\/\\\/wobronietradycjiiwiary.com\\\/22-go-sierpnia-zywot-swietego-symforyana-meczennika-2\\\/\",\"url\":\"https:\\\/\\\/wobronietradycjiiwiary.com\\\/22-go-sierpnia-zywot-swietego-symforyana-meczennika-2\\\/\",\"name\":\"22-go Sierpnia. \u017bywot \u015bwi\u0119tego Symforyana, M\u0119czennika. - Tradycja i Wiara\",\"isPartOf\":{\"@id\":\"https:\\\/\\\/wobronietradycjiiwiary.com\\\/pl\\\/#website\"},\"primaryImageOfPage\":{\"@id\":\"https:\\\/\\\/wobronietradycjiiwiary.com\\\/22-go-sierpnia-zywot-swietego-symforyana-meczennika-2\\\/#primaryimage\"},\"image\":{\"@id\":\"https:\\\/\\\/wobronietradycjiiwiary.com\\\/22-go-sierpnia-zywot-swietego-symforyana-meczennika-2\\\/#primaryimage\"},\"thumbnailUrl\":\"https:\\\/\\\/wobronietradycjiiwiary.com\\\/wp-content\\\/uploads\\\/2021\\\/08\\\/Symphorien_1865.jpg\",\"datePublished\":\"2022-08-22T06:20:28+00:00\",\"dateModified\":\"2025-02-10T10:15:38+00:00\",\"breadcrumb\":{\"@id\":\"https:\\\/\\\/wobronietradycjiiwiary.com\\\/22-go-sierpnia-zywot-swietego-symforyana-meczennika-2\\\/#breadcrumb\"},\"inLanguage\":\"en-US\",\"potentialAction\":[{\"@type\":\"ReadAction\",\"target\":[\"https:\\\/\\\/wobronietradycjiiwiary.com\\\/22-go-sierpnia-zywot-swietego-symforyana-meczennika-2\\\/\"]}]},{\"@type\":\"ImageObject\",\"inLanguage\":\"en-US\",\"@id\":\"https:\\\/\\\/wobronietradycjiiwiary.com\\\/22-go-sierpnia-zywot-swietego-symforyana-meczennika-2\\\/#primaryimage\",\"url\":\"https:\\\/\\\/wobronietradycjiiwiary.com\\\/wp-content\\\/uploads\\\/2021\\\/08\\\/Symphorien_1865.jpg\",\"contentUrl\":\"https:\\\/\\\/wobronietradycjiiwiary.com\\\/wp-content\\\/uploads\\\/2021\\\/08\\\/Symphorien_1865.jpg\",\"width\":651,\"height\":768},{\"@type\":\"BreadcrumbList\",\"@id\":\"https:\\\/\\\/wobronietradycjiiwiary.com\\\/22-go-sierpnia-zywot-swietego-symforyana-meczennika-2\\\/#breadcrumb\",\"itemListElement\":[{\"@type\":\"ListItem\",\"position\":1,\"name\":\"Strona g\u0142\u00f3wna\",\"item\":\"https:\\\/\\\/wobronietradycjiiwiary.com\\\/\"},{\"@type\":\"ListItem\",\"position\":2,\"name\":\"22-go Sierpnia. \u017bywot \u015bwi\u0119tego Symforyana, M\u0119czennika.\"}]},{\"@type\":\"WebSite\",\"@id\":\"https:\\\/\\\/wobronietradycjiiwiary.com\\\/pl\\\/#website\",\"url\":\"https:\\\/\\\/wobronietradycjiiwiary.com\\\/pl\\\/\",\"name\":\"Tradycja i Wiara\",\"description\":\"Portal dla katolik\u00f3w.\",\"publisher\":{\"@id\":\"https:\\\/\\\/wobronietradycjiiwiary.com\\\/pl\\\/#organization\"},\"potentialAction\":[{\"@type\":\"SearchAction\",\"target\":{\"@type\":\"EntryPoint\",\"urlTemplate\":\"https:\\\/\\\/wobronietradycjiiwiary.com\\\/pl\\\/?s={search_term_string}\"},\"query-input\":{\"@type\":\"PropertyValueSpecification\",\"valueRequired\":true,\"valueName\":\"search_term_string\"}}],\"inLanguage\":\"en-US\"},{\"@type\":\"Organization\",\"@id\":\"https:\\\/\\\/wobronietradycjiiwiary.com\\\/pl\\\/#organization\",\"name\":\"Tradycja i Wiara\",\"url\":\"https:\\\/\\\/wobronietradycjiiwiary.com\\\/pl\\\/\",\"logo\":{\"@type\":\"ImageObject\",\"inLanguage\":\"en-US\",\"@id\":\"https:\\\/\\\/wobronietradycjiiwiary.com\\\/pl\\\/#\\\/schema\\\/logo\\\/image\\\/\",\"url\":\"https:\\\/\\\/i0.wp.com\\\/wobronietradycjiiwiary.com\\\/wp-content\\\/uploads\\\/2015\\\/10\\\/cropped-st-peters-dome-vatican.jpg?fit=940%2C198&ssl=1\",\"contentUrl\":\"https:\\\/\\\/i0.wp.com\\\/wobronietradycjiiwiary.com\\\/wp-content\\\/uploads\\\/2015\\\/10\\\/cropped-st-peters-dome-vatican.jpg?fit=940%2C198&ssl=1\",\"width\":940,\"height\":198,\"caption\":\"Tradycja i Wiara\"},\"image\":{\"@id\":\"https:\\\/\\\/wobronietradycjiiwiary.com\\\/pl\\\/#\\\/schema\\\/logo\\\/image\\\/\"},\"sameAs\":[\"https:\\\/\\\/www.facebook.com\\\/Tradycja-i-Wiara-108813920592249\"]},{\"@type\":\"Person\",\"@id\":\"https:\\\/\\\/wobronietradycjiiwiary.com\\\/pl\\\/#\\\/schema\\\/person\\\/2d6180ce6abcb681fef0daab7816e8f3\",\"name\":\"Traditio et Fides\",\"sameAs\":[\"https:\\\/\\\/traditionundglauben.com\"],\"url\":\"https:\\\/\\\/wobronietradycjiiwiary.com\\\/en\\\/author\\\/wobronietradycjiiwiary\\\/\"}]}<\/script>\n<!-- \/ Yoast SEO plugin. -->","yoast_head_json":{"title":"22-go Sierpnia. \u017bywot \u015bwi\u0119tego Symforyana, M\u0119czennika. - Tradycja i Wiara","robots":{"index":"index","follow":"follow","max-snippet":"max-snippet:-1","max-image-preview":"max-image-preview:large","max-video-preview":"max-video-preview:-1"},"canonical":"https:\/\/wobronietradycjiiwiary.com\/en\/22-go-sierpnia-zywot-swietego-symforyana-meczennika-2\/","og_locale":"en_US","og_type":"article","og_title":"22-go Sierpnia. \u017bywot \u015bwi\u0119tego Symforyana, M\u0119czennika. - Tradycja i Wiara","og_description":"M\u0119cze\u0144stwo \u015bw. Symforiana zacz\u0119\u0142o si\u0119 od tego, \u017ce nie ukl\u0105k\u0142 na procesji, nie Bo\u017cego Cia\u0142a tylko bo\u017cka. By\u0142 to akt nie tylko wykluczenia si\u0119 ze wsp\u00f3lnoty, ale tak\u017ce niesubordynacji politycznej, gdy\u017c bogowie rzymscy byli bogami pa\u0144stwa. I w sumie nic si\u0119 nie zmieni\u0142o, tylko m\u0119czennik\u00f3w dzi\u015b ma\u0142o.","og_url":"https:\/\/wobronietradycjiiwiary.com\/en\/22-go-sierpnia-zywot-swietego-symforyana-meczennika-2\/","og_site_name":"Tradycja i Wiara","article_publisher":"https:\/\/www.facebook.com\/Tradycja-i-Wiara-108813920592249","article_published_time":"2022-08-22T06:20:28+00:00","article_modified_time":"2025-02-10T10:15:38+00:00","og_image":[{"width":651,"height":768,"url":"https:\/\/wobronietradycjiiwiary.com\/wp-content\/uploads\/2021\/08\/Symphorien_1865.jpg","type":"image\/jpeg"}],"author":"Traditio et Fides","twitter_card":"summary_large_image","twitter_misc":{"Written by":"Traditio et Fides","Est. reading time":"8 minutes"},"schema":{"@context":"https:\/\/schema.org","@graph":[{"@type":"Article","@id":"https:\/\/wobronietradycjiiwiary.com\/22-go-sierpnia-zywot-swietego-symforyana-meczennika-2\/#article","isPartOf":{"@id":"https:\/\/wobronietradycjiiwiary.com\/22-go-sierpnia-zywot-swietego-symforyana-meczennika-2\/"},"author":{"name":"Traditio et Fides","@id":"https:\/\/wobronietradycjiiwiary.com\/pl\/#\/schema\/person\/2d6180ce6abcb681fef0daab7816e8f3"},"headline":"22-go Sierpnia. \u017bywot \u015bwi\u0119tego Symforyana, M\u0119czennika.","datePublished":"2022-08-22T06:20:28+00:00","dateModified":"2025-02-10T10:15:38+00:00","mainEntityOfPage":{"@id":"https:\/\/wobronietradycjiiwiary.com\/22-go-sierpnia-zywot-swietego-symforyana-meczennika-2\/"},"wordCount":1621,"commentCount":0,"publisher":{"@id":"https:\/\/wobronietradycjiiwiary.com\/pl\/#organization"},"image":{"@id":"https:\/\/wobronietradycjiiwiary.com\/22-go-sierpnia-zywot-swietego-symforyana-meczennika-2\/#primaryimage"},"thumbnailUrl":"https:\/\/wobronietradycjiiwiary.com\/wp-content\/uploads\/2021\/08\/Symphorien_1865.jpg","articleSection":["08. \u015awi\u0119ta w sierpniu","Liturgia i liturgika"],"inLanguage":"en-US","potentialAction":[{"@type":"CommentAction","name":"Comment","target":["https:\/\/wobronietradycjiiwiary.com\/22-go-sierpnia-zywot-swietego-symforyana-meczennika-2\/#respond"]}]},{"@type":"WebPage","@id":"https:\/\/wobronietradycjiiwiary.com\/22-go-sierpnia-zywot-swietego-symforyana-meczennika-2\/","url":"https:\/\/wobronietradycjiiwiary.com\/22-go-sierpnia-zywot-swietego-symforyana-meczennika-2\/","name":"22-go Sierpnia. \u017bywot \u015bwi\u0119tego Symforyana, M\u0119czennika. - Tradycja i Wiara","isPartOf":{"@id":"https:\/\/wobronietradycjiiwiary.com\/pl\/#website"},"primaryImageOfPage":{"@id":"https:\/\/wobronietradycjiiwiary.com\/22-go-sierpnia-zywot-swietego-symforyana-meczennika-2\/#primaryimage"},"image":{"@id":"https:\/\/wobronietradycjiiwiary.com\/22-go-sierpnia-zywot-swietego-symforyana-meczennika-2\/#primaryimage"},"thumbnailUrl":"https:\/\/wobronietradycjiiwiary.com\/wp-content\/uploads\/2021\/08\/Symphorien_1865.jpg","datePublished":"2022-08-22T06:20:28+00:00","dateModified":"2025-02-10T10:15:38+00:00","breadcrumb":{"@id":"https:\/\/wobronietradycjiiwiary.com\/22-go-sierpnia-zywot-swietego-symforyana-meczennika-2\/#breadcrumb"},"inLanguage":"en-US","potentialAction":[{"@type":"ReadAction","target":["https:\/\/wobronietradycjiiwiary.com\/22-go-sierpnia-zywot-swietego-symforyana-meczennika-2\/"]}]},{"@type":"ImageObject","inLanguage":"en-US","@id":"https:\/\/wobronietradycjiiwiary.com\/22-go-sierpnia-zywot-swietego-symforyana-meczennika-2\/#primaryimage","url":"https:\/\/wobronietradycjiiwiary.com\/wp-content\/uploads\/2021\/08\/Symphorien_1865.jpg","contentUrl":"https:\/\/wobronietradycjiiwiary.com\/wp-content\/uploads\/2021\/08\/Symphorien_1865.jpg","width":651,"height":768},{"@type":"BreadcrumbList","@id":"https:\/\/wobronietradycjiiwiary.com\/22-go-sierpnia-zywot-swietego-symforyana-meczennika-2\/#breadcrumb","itemListElement":[{"@type":"ListItem","position":1,"name":"Strona g\u0142\u00f3wna","item":"https:\/\/wobronietradycjiiwiary.com\/"},{"@type":"ListItem","position":2,"name":"22-go Sierpnia. \u017bywot \u015bwi\u0119tego Symforyana, M\u0119czennika."}]},{"@type":"WebSite","@id":"https:\/\/wobronietradycjiiwiary.com\/pl\/#website","url":"https:\/\/wobronietradycjiiwiary.com\/pl\/","name":"Tradycja i Wiara","description":"Portal dla katolik\u00f3w.","publisher":{"@id":"https:\/\/wobronietradycjiiwiary.com\/pl\/#organization"},"potentialAction":[{"@type":"SearchAction","target":{"@type":"EntryPoint","urlTemplate":"https:\/\/wobronietradycjiiwiary.com\/pl\/?s={search_term_string}"},"query-input":{"@type":"PropertyValueSpecification","valueRequired":true,"valueName":"search_term_string"}}],"inLanguage":"en-US"},{"@type":"Organization","@id":"https:\/\/wobronietradycjiiwiary.com\/pl\/#organization","name":"Tradycja i Wiara","url":"https:\/\/wobronietradycjiiwiary.com\/pl\/","logo":{"@type":"ImageObject","inLanguage":"en-US","@id":"https:\/\/wobronietradycjiiwiary.com\/pl\/#\/schema\/logo\/image\/","url":"https:\/\/i0.wp.com\/wobronietradycjiiwiary.com\/wp-content\/uploads\/2015\/10\/cropped-st-peters-dome-vatican.jpg?fit=940%2C198&ssl=1","contentUrl":"https:\/\/i0.wp.com\/wobronietradycjiiwiary.com\/wp-content\/uploads\/2015\/10\/cropped-st-peters-dome-vatican.jpg?fit=940%2C198&ssl=1","width":940,"height":198,"caption":"Tradycja i Wiara"},"image":{"@id":"https:\/\/wobronietradycjiiwiary.com\/pl\/#\/schema\/logo\/image\/"},"sameAs":["https:\/\/www.facebook.com\/Tradycja-i-Wiara-108813920592249"]},{"@type":"Person","@id":"https:\/\/wobronietradycjiiwiary.com\/pl\/#\/schema\/person\/2d6180ce6abcb681fef0daab7816e8f3","name":"Traditio et Fides","sameAs":["https:\/\/traditionundglauben.com"],"url":"https:\/\/wobronietradycjiiwiary.com\/en\/author\/wobronietradycjiiwiary\/"}]}},"jetpack_publicize_connections":[],"jetpack_sharing_enabled":true,"jetpack_likes_enabled":true,"jetpack_shortlink":"https:\/\/wp.me\/pc04Sd-iwS","jetpack-related-posts":[{"id":98080,"url":"https:\/\/wobronietradycjiiwiary.com\/en\/22-go-sierpnia-zywot-swietego-symforyana-meczennika-2-2\/","url_meta":{"origin":71230,"position":0},"title":"22-go Sierpnia. \u017bywot \u015bwi\u0119tego Symforyana, M\u0119czennika.","author":"Traditio et Fides","date":"22 August 2023","format":false,"excerpt":"M\u0119cze\u0144stwo \u015bw. Symforiana zacz\u0119\u0142o si\u0119 od tego, \u017ce nie ukl\u0105k\u0142 na procesji, nie Bo\u017cego Cia\u0142a tylko bo\u017cka. By\u0142 to akt nie tylko wykluczenia si\u0119 ze wsp\u00f3lnoty, ale tak\u017ce niesubordynacji politycznej, gdy\u017c bogowie rzymscy byli bogami pa\u0144stwa. I w sumie nic si\u0119 nie zmieni\u0142o, tylko m\u0119czennik\u00f3w dzi\u015b ma\u0142o.","rel":"","context":"In &quot;08. \u015awi\u0119ta w sierpniu&quot;","block_context":{"text":"08. \u015awi\u0119ta w sierpniu","link":"https:\/\/wobronietradycjiiwiary.com\/en\/category\/duchowosc\/liturgia-i-liturgika\/rozwazania\/rok-liturgiczny\/swieta-w-sierpniu\/"},"img":{"alt_text":"","src":"https:\/\/i0.wp.com\/wobronietradycjiiwiary.com\/wp-content\/uploads\/2021\/08\/Symphorien_1865.jpg?resize=350%2C200&ssl=1","width":350,"height":200,"srcset":"https:\/\/i0.wp.com\/wobronietradycjiiwiary.com\/wp-content\/uploads\/2021\/08\/Symphorien_1865.jpg?resize=350%2C200&ssl=1 1x, https:\/\/i0.wp.com\/wobronietradycjiiwiary.com\/wp-content\/uploads\/2021\/08\/Symphorien_1865.jpg?resize=525%2C300&ssl=1 1.5x"},"classes":[]},{"id":51909,"url":"https:\/\/wobronietradycjiiwiary.com\/en\/22-go-sierpnia-zywot-swietego-symforyana-meczennika\/","url_meta":{"origin":71230,"position":1},"title":"22-go Sierpnia. \u017bywot \u015bwi\u0119tego Symforyana, M\u0119czennika.","author":"Traditio et Fides","date":"22 August 2021","format":false,"excerpt":"M\u0119cze\u0144stwo \u015bw. Symforiana zacz\u0119\u0142o si\u0119 od tego, \u017ce nie ukl\u0105k\u0142 na procesji, nie Bo\u017cego Cia\u0142a tylko bo\u017cka. By\u0142 to akt nie tylko wykluczenia si\u0119 ze wsp\u00f3lnoty, ale tak\u017ce niesubordynacji politycznej, gdy\u017c bogowie rzymscy byli bogami pa\u0144stwa. I w sumie nic si\u0119 nie zmieni\u0142o, tylko m\u0119czennik\u00f3w dzi\u015b ma\u0142o.","rel":"","context":"In &quot;08. \u015awi\u0119ta w sierpniu&quot;","block_context":{"text":"08. \u015awi\u0119ta w sierpniu","link":"https:\/\/wobronietradycjiiwiary.com\/en\/category\/duchowosc\/liturgia-i-liturgika\/rozwazania\/rok-liturgiczny\/swieta-w-sierpniu\/"},"img":{"alt_text":"","src":"https:\/\/i0.wp.com\/wobronietradycjiiwiary.com\/wp-content\/uploads\/2021\/08\/Symphorien_1865.jpg?resize=350%2C200&ssl=1","width":350,"height":200,"srcset":"https:\/\/i0.wp.com\/wobronietradycjiiwiary.com\/wp-content\/uploads\/2021\/08\/Symphorien_1865.jpg?resize=350%2C200&ssl=1 1x, https:\/\/i0.wp.com\/wobronietradycjiiwiary.com\/wp-content\/uploads\/2021\/08\/Symphorien_1865.jpg?resize=525%2C300&ssl=1 1.5x"},"classes":[]},{"id":93200,"url":"https:\/\/wobronietradycjiiwiary.com\/en\/20-go-czerwca-zywot-swietego-sylweryusza-papieza-i-meczennika-2-2\/","url_meta":{"origin":71230,"position":2},"title":"20-go Czerwca. \u017bywot \u015bwi\u0119tego Sylweryusza, Papie\u017ca i M\u0119czennika.","author":"Traditio et Fides","date":"20 June 2023","format":false,"excerpt":"\u015aw. Sylweriusz by\u0142 synem papie\u017ca \u015bw. Hormidasa i sam wpad\u0142 pod ko\u0142a polityki ko\u015bcielnej cesarzowej Teodory. Feministki, kt\u00f3re uwa\u017caj\u0105, \u017ce w dawnych czasach kobiety nie mia\u0142y nic do powiedzenia najwyra\u017aniej nie znaj\u0105 historii Bizancjum, gdzie cesarzowe rz\u0105dzi\u0142y, spiskowa\u0142y i intrygowa\u0142y jak chcia\u0142y, bo ich w\u0142asny ma\u0142\u017conek si\u0119 im nie sprzeciwia\u0142.\u2026","rel":"","context":"In &quot;06. \u015awi\u0119ta w czerwcu&quot;","block_context":{"text":"06. \u015awi\u0119ta w czerwcu","link":"https:\/\/wobronietradycjiiwiary.com\/en\/category\/duchowosc\/liturgia-i-liturgika\/rozwazania\/rok-liturgiczny\/swieta-w-czerwcu\/"},"img":{"alt_text":"","src":"https:\/\/i0.wp.com\/wobronietradycjiiwiary.com\/wp-content\/uploads\/2021\/06\/st-pope-silverius-lg.jpg?resize=350%2C200&ssl=1","width":350,"height":200,"srcset":"https:\/\/i0.wp.com\/wobronietradycjiiwiary.com\/wp-content\/uploads\/2021\/06\/st-pope-silverius-lg.jpg?resize=350%2C200&ssl=1 1x, https:\/\/i0.wp.com\/wobronietradycjiiwiary.com\/wp-content\/uploads\/2021\/06\/st-pope-silverius-lg.jpg?resize=525%2C300&ssl=1 1.5x, https:\/\/i0.wp.com\/wobronietradycjiiwiary.com\/wp-content\/uploads\/2021\/06\/st-pope-silverius-lg.jpg?resize=700%2C400&ssl=1 2x"},"classes":[]},{"id":49241,"url":"https:\/\/wobronietradycjiiwiary.com\/en\/20-go-czerwca-zywot-swietego-sylweryusza-papieza-i-meczennika\/","url_meta":{"origin":71230,"position":3},"title":"20-go Czerwca. \u017bywot \u015bwi\u0119tego Sylweryusza, Papie\u017ca i M\u0119czennika.","author":"Traditio et Fides","date":"20 June 2021","format":false,"excerpt":"\u015aw. Sylweriusz by\u0142 synem papie\u017ca \u015bw. Hormidasa i sam wpad\u0142 pod ko\u0142a polityki ko\u015bcielnej cesarzowej Teodory. Feministki, kt\u00f3re uwa\u017caj\u0105, \u017ce w dawnych czasach kobiety nie mia\u0142y nic do powiedzenia najwyra\u017aniej nie znaj\u0105 historii Bizancjum, gdzie cesarzowe rz\u0105dzi\u0142y, spiskowa\u0142y i intrygowa\u0142y jak chcia\u0142y, bo ich w\u0142asny ma\u0142\u017conek si\u0119 im nie sprzeciwia\u0142.\u2026","rel":"","context":"In &quot;06. \u015awi\u0119ta w czerwcu&quot;","block_context":{"text":"06. \u015awi\u0119ta w czerwcu","link":"https:\/\/wobronietradycjiiwiary.com\/en\/category\/duchowosc\/liturgia-i-liturgika\/rozwazania\/rok-liturgiczny\/swieta-w-czerwcu\/"},"img":{"alt_text":"","src":"https:\/\/i0.wp.com\/wobronietradycjiiwiary.com\/wp-content\/uploads\/2021\/06\/st-pope-silverius-lg.jpg?resize=350%2C200&ssl=1","width":350,"height":200,"srcset":"https:\/\/i0.wp.com\/wobronietradycjiiwiary.com\/wp-content\/uploads\/2021\/06\/st-pope-silverius-lg.jpg?resize=350%2C200&ssl=1 1x, https:\/\/i0.wp.com\/wobronietradycjiiwiary.com\/wp-content\/uploads\/2021\/06\/st-pope-silverius-lg.jpg?resize=525%2C300&ssl=1 1.5x, https:\/\/i0.wp.com\/wobronietradycjiiwiary.com\/wp-content\/uploads\/2021\/06\/st-pope-silverius-lg.jpg?resize=700%2C400&ssl=1 2x"},"classes":[]},{"id":71159,"url":"https:\/\/wobronietradycjiiwiary.com\/en\/20-go-czerwca-zywot-swietego-sylweryusza-papieza-i-meczennika-2\/","url_meta":{"origin":71230,"position":4},"title":"20-go Czerwca. \u017bywot \u015bwi\u0119tego Sylweryusza, Papie\u017ca i M\u0119czennika.","author":"Traditio et Fides","date":"20 June 2022","format":false,"excerpt":"\u015aw. Sylweriusz by\u0142 synem papie\u017ca \u015bw. Hormidasa i sam wpad\u0142 pod ko\u0142a polityki ko\u015bcielnej cesarzowej Teodory. Feministki, kt\u00f3re uwa\u017caj\u0105, \u017ce w dawnych czasach kobiety nie mia\u0142y nic do powiedzenia najwyra\u017aniej nie znaj\u0105 historii Bizancjum, gdzie cesarzowe rz\u0105dzi\u0142y, spiskowa\u0142y i intrygowa\u0142y jak chcia\u0142y, bo ich w\u0142asny ma\u0142\u017conek si\u0119 im nie sprzeciwia\u0142.\u2026","rel":"","context":"In &quot;06. \u015awi\u0119ta w czerwcu&quot;","block_context":{"text":"06. \u015awi\u0119ta w czerwcu","link":"https:\/\/wobronietradycjiiwiary.com\/en\/category\/duchowosc\/liturgia-i-liturgika\/rozwazania\/rok-liturgiczny\/swieta-w-czerwcu\/"},"img":{"alt_text":"","src":"https:\/\/i0.wp.com\/wobronietradycjiiwiary.com\/wp-content\/uploads\/2021\/06\/st-pope-silverius-lg.jpg?resize=350%2C200&ssl=1","width":350,"height":200,"srcset":"https:\/\/i0.wp.com\/wobronietradycjiiwiary.com\/wp-content\/uploads\/2021\/06\/st-pope-silverius-lg.jpg?resize=350%2C200&ssl=1 1x, https:\/\/i0.wp.com\/wobronietradycjiiwiary.com\/wp-content\/uploads\/2021\/06\/st-pope-silverius-lg.jpg?resize=525%2C300&ssl=1 1.5x, https:\/\/i0.wp.com\/wobronietradycjiiwiary.com\/wp-content\/uploads\/2021\/06\/st-pope-silverius-lg.jpg?resize=700%2C400&ssl=1 2x"},"classes":[]},{"id":51997,"url":"https:\/\/wobronietradycjiiwiary.com\/en\/12-go-pazdziernika-zywot-swietego-serafina-zakonnika-3\/","url_meta":{"origin":71230,"position":5},"title":"12-go Pa\u017adziernika. \u017bywot \u015bwi\u0119tego Serafina, Zakonnika.","author":"Traditio et Fides","date":"12 October 2021","format":false,"excerpt":"Ci\u0119\u017ckie razy przyj\u0119te od krewnych przygotowuj\u0105 do \u015bwi\u0119to\u015bci, a Pan B\u00f3g wie najlepiej, czego nam do niej potrzeba.","rel":"","context":"In &quot;10. \u015awi\u0119ta w pa\u017adzierniku&quot;","block_context":{"text":"10. \u015awi\u0119ta w pa\u017adzierniku","link":"https:\/\/wobronietradycjiiwiary.com\/en\/category\/duchowosc\/liturgia-i-liturgika\/rozwazania\/rok-liturgiczny\/swieta-w-pazdzierniku\/"},"img":{"alt_text":"","src":"https:\/\/i0.wp.com\/wobronietradycjiiwiary.com\/wp-content\/uploads\/2020\/10\/Serafin.jpg?resize=350%2C200&ssl=1","width":350,"height":200},"classes":[]}],"amp_enabled":true,"jetpack_featured_media_url":"https:\/\/wobronietradycjiiwiary.com\/wp-content\/uploads\/2021\/08\/Symphorien_1865.jpg","_links":{"self":[{"href":"https:\/\/wobronietradycjiiwiary.com\/en\/wp-json\/wp\/v2\/posts\/71230","targetHints":{"allow":["GET"]}}],"collection":[{"href":"https:\/\/wobronietradycjiiwiary.com\/en\/wp-json\/wp\/v2\/posts"}],"about":[{"href":"https:\/\/wobronietradycjiiwiary.com\/en\/wp-json\/wp\/v2\/types\/post"}],"author":[{"embeddable":true,"href":"https:\/\/wobronietradycjiiwiary.com\/en\/wp-json\/wp\/v2\/users\/60508433"}],"replies":[{"embeddable":true,"href":"https:\/\/wobronietradycjiiwiary.com\/en\/wp-json\/wp\/v2\/comments?post=71230"}],"version-history":[{"count":1,"href":"https:\/\/wobronietradycjiiwiary.com\/en\/wp-json\/wp\/v2\/posts\/71230\/revisions"}],"predecessor-version":[{"id":71284,"href":"https:\/\/wobronietradycjiiwiary.com\/en\/wp-json\/wp\/v2\/posts\/71230\/revisions\/71284"}],"wp:featuredmedia":[{"embeddable":true,"href":"https:\/\/wobronietradycjiiwiary.com\/en\/wp-json\/wp\/v2\/media\/51913"}],"wp:attachment":[{"href":"https:\/\/wobronietradycjiiwiary.com\/en\/wp-json\/wp\/v2\/media?parent=71230"}],"wp:term":[{"taxonomy":"category","embeddable":true,"href":"https:\/\/wobronietradycjiiwiary.com\/en\/wp-json\/wp\/v2\/categories?post=71230"},{"taxonomy":"post_tag","embeddable":true,"href":"https:\/\/wobronietradycjiiwiary.com\/en\/wp-json\/wp\/v2\/tags?post=71230"}],"curies":[{"name":"wp","href":"https:\/\/api.w.org\/{rel}","templated":true}]}}