{"id":70755,"date":"2022-06-10T08:00:00","date_gmt":"2022-06-10T06:00:00","guid":{"rendered":"https:\/\/wobronietradycjiiwiary.com\/?p=70755"},"modified":"2025-02-07T15:46:16","modified_gmt":"2025-02-07T14:46:16","slug":"poulain-sj-ii-ogolne-pojecia-o-mistycznym-zjednoczeniu-rozdzial-v-pierwsza-zasadnicza-cecha-mistycznego-zjednoczenia-odczucie-obecnosci-bozej-142-%c2%a7-1-teksty-mowiace-wyraznie-o-modlitwie-u","status":"publish","type":"post","link":"https:\/\/wobronietradycjiiwiary.com\/en\/poulain-sj-ii-ogolne-pojecia-o-mistycznym-zjednoczeniu-rozdzial-v-pierwsza-zasadnicza-cecha-mistycznego-zjednoczenia-odczucie-obecnosci-bozej-142-%c2%a7-1-teksty-mowiace-wyraznie-o-modlitwie-u\/","title":{"rendered":"Poulain SJ: II. Og\u00f3lne poj\u0119cia o mistycznym zjednoczeniu. Rozdzia\u0142 V. Pierwsza zasadnicza cecha mistycznego zjednoczenia. Odczucie obecno\u015bci Bo\u017cej (142) \u00a7 1. Teksty m\u00f3wi\u0105ce wyra\u017anie o modlitwie ukojenia i stwierdzaj\u0105ce, \u017ce odczuwa si\u0119 w niej rzeczywi\u015bcie obecno\u015b\u0107 Boga (III)"},"content":{"rendered":"<div id=\"bsf_rt_marker\"><\/div><p>Czas lektury: 4 min 31. O. Clorivi\u00e8re tak opisuje modlitw\u0119 ukojenia: 1. Kiedy dusza przyst\u0119puje do modlitwy, nawet w zamiarze&hellip;<\/p>\n<div style=\"text-align: center\">\n<p>&nbsp;<\/p>\n<\/div>\n<h2 style=\"border: 5px solid #0000A0;padding: 1em;text-align: center\"><span style=\"color: #000000\">Pe\u0142en dost\u0119p dla <span style=\"color: #00ccff\"><a style=\"color: #00ccff\" href=\"https:\/\/wobronietradycjiiwiary.com\/en\/subskrypcje-2\/\" target=\"_blank\" rel=\"noopener\">subskrybent\u00f3w<\/a><\/span>.<\/span><br \/>\n<span style=\"color: #3366ff\"><a style=\"color: #3366ff\" href=\"https:\/\/wobronietradycjiiwiary.com\/en\/account\/login\/\" target=\"_blank\" rel=\"noopener\"><span style=\"color: #00ccff\">Zaloguj<\/span><\/a> <\/span>si\u0119 lub przejd\u017a do <a href=\"https:\/\/wobronietradycjiiwiary.com\/en\/register\/\"><span style=\"color: #3366ff\">Rejestracji<\/span><\/a>.<\/h2>\n<div>\n<p style=\"text-align: center\"><a href=\"https:\/\/wobronietradycjiiwiary.com\/en\/subskrypcje-2\/cennik\/\" target=\"_blank\" rel=\"noopener\"><span style=\"color: #000080;font-size: 24pt\"><strong>Nowe ni\u017csze ceny<\/strong><\/span><\/a><\/p>\n<p style=\"text-align: center\"><strong><span style=\"font-size: 18pt;color: #000080\">P\u0142atno\u015b\u0107 kart\u0105<\/span><\/strong><\/p>\n<\/div>\n<h3 style=\"text-align: center\"><a href=\"https:\/\/wobronietradycjiiwiary.com\/en\/subskrypcje-2\/automatyczne\/indywidualne\/\" target=\"_blank\" rel=\"noopener\"><img fetchpriority=\"high\" decoding=\"async\" class=\"alignnone size-medium wp-image-80433\" src=\"https:\/\/wobronietradycjiiwiary.com\/wp-content\/uploads\/2022\/11\/Unbenannt-1-Online-1-300x202.jpg\" alt=\"\" width=\"300\" height=\"202\" srcset=\"https:\/\/wobronietradycjiiwiary.com\/wp-content\/uploads\/2022\/11\/Unbenannt-1-Online-1-300x202.jpg 300w, https:\/\/wobronietradycjiiwiary.com\/wp-content\/uploads\/2022\/11\/Unbenannt-1-Online-1-150x101.jpg 150w, https:\/\/wobronietradycjiiwiary.com\/wp-content\/uploads\/2022\/11\/Unbenannt-1-Online-1-18x12.jpg 18w, https:\/\/wobronietradycjiiwiary.com\/wp-content\/uploads\/2022\/11\/Unbenannt-1-Online-1.jpg 446w\" sizes=\"(max-width: 300px) 100vw, 300px\" \/><\/a><\/h3>\n<p style=\"text-align: center\"><strong><span style=\"font-size: 18pt;color: #000080\">P\u0142atno\u015b\u0107 przelewem<\/span><\/strong><\/p>\n<p><a href=\"https:\/\/wobronietradycjiiwiary.com\/en\/subskrypcje-2\/automatyczne\/indywidualne\/\" target=\"_blank\" rel=\"noopener\"><img decoding=\"async\" class=\"size-medium wp-image-80434 aligncenter\" src=\"https:\/\/wobronietradycjiiwiary.com\/wp-content\/uploads\/2022\/11\/Unbenannt-1-Przelewem-300x137.jpg\" alt=\"\" width=\"300\" height=\"137\" srcset=\"https:\/\/wobronietradycjiiwiary.com\/wp-content\/uploads\/2022\/11\/Unbenannt-1-Przelewem-300x137.jpg 300w, https:\/\/wobronietradycjiiwiary.com\/wp-content\/uploads\/2022\/11\/Unbenannt-1-Przelewem-450x206.jpg 450w, https:\/\/wobronietradycjiiwiary.com\/wp-content\/uploads\/2022\/11\/Unbenannt-1-Przelewem-600x274.jpg 600w, https:\/\/wobronietradycjiiwiary.com\/wp-content\/uploads\/2022\/11\/Unbenannt-1-Przelewem-150x69.jpg 150w, https:\/\/wobronietradycjiiwiary.com\/wp-content\/uploads\/2022\/11\/Unbenannt-1-Przelewem-18x8.jpg 18w, https:\/\/wobronietradycjiiwiary.com\/wp-content\/uploads\/2022\/11\/Unbenannt-1-Przelewem.jpg 676w\" sizes=\"(max-width: 300px) 100vw, 300px\" \/><\/a><\/p>\n<p style=\"text-align: center\"><strong><span style=\"font-size: 18pt;color: #000080\">P\u0142atno\u015b\u0107 kart\u0105 do 6 os\u00f3b<\/span><\/strong><\/p>\n<p><a href=\"https:\/\/wobronietradycjiiwiary.com\/en\/rodzinne\/\" target=\"_blank\" rel=\"noopener\"><img decoding=\"async\" class=\"size-medium wp-image-80435 aligncenter\" src=\"https:\/\/wobronietradycjiiwiary.com\/wp-content\/uploads\/2022\/11\/Unbenannt-1-Rodzinna-300x208.jpg\" alt=\"\" width=\"300\" height=\"208\" srcset=\"https:\/\/wobronietradycjiiwiary.com\/wp-content\/uploads\/2022\/11\/Unbenannt-1-Rodzinna-300x208.jpg 300w, https:\/\/wobronietradycjiiwiary.com\/wp-content\/uploads\/2022\/11\/Unbenannt-1-Rodzinna-150x104.jpg 150w, https:\/\/wobronietradycjiiwiary.com\/wp-content\/uploads\/2022\/11\/Unbenannt-1-Rodzinna-18x12.jpg 18w, https:\/\/wobronietradycjiiwiary.com\/wp-content\/uploads\/2022\/11\/Unbenannt-1-Rodzinna.jpg 448w\" sizes=\"(max-width: 300px) 100vw, 300px\" \/><\/a><\/p>\n<h3 style=\"text-align: center\"><\/h3>\n<h1 style=\"text-align: center\"><\/h1>","protected":false},"excerpt":{"rendered":"<p>R\u00f3\u017cnica w odczuwaniu Boga w modlitwie zwyk\u0142ej, a modlitwie nadzwyczajnej polega na bardziej wewn\u0119trznym i do\u015bwiadczalnym charakterze oraz cz\u0119\u015bciowym lub pe\u0142nym zawieszeniu dzia\u0142a\u0144 umys\u0142u, wyobra\u017ani i zmys\u0142\u00f3w, \u017ceby nie przeszkadza\u0142y woli w napawaniu si\u0119 Bo\u017c\u0105 obecno\u015bci\u0105.<\/p>","protected":false},"author":119394846,"featured_media":23108,"comment_status":"open","ping_status":"open","sticky":false,"template":"","format":"standard","meta":{"_bbp_topic_count":0,"_bbp_reply_count":0,"_bbp_total_topic_count":0,"_bbp_total_reply_count":0,"_bbp_voice_count":0,"_bbp_anonymous_reply_count":0,"_bbp_topic_count_hidden":0,"_bbp_reply_count_hidden":0,"_bbp_forum_subforum_count":0,"_editorskit_title_hidden":false,"_editorskit_reading_time":3,"_editorskit_is_block_options_detached":false,"_editorskit_block_options_position":"{}","_coblocks_attr":"","_coblocks_dimensions":"","_coblocks_responsive_height":"","_coblocks_accordion_ie_support":"","_exactmetrics_skip_tracking":false,"_jetpack_newsletter_access":"","_jetpack_dont_email_post_to_subs":false,"_jetpack_newsletter_tier_id":0,"_jetpack_memberships_contains_paywalled_content":false,"_wpcom_ai_launchpad_first_post":false,"_jetpack_feature_clip_id":0,"_jetpack_memberships_contains_paid_content":false,"footnotes":"","jetpack_publicize_message":"{title}\n\n{excerpt}\n\n{url}","jetpack_publicize_feature_enabled":true,"jetpack_social_post_already_shared":true,"jetpack_social_options":{"image_generator_settings":{"template":"highway","default_image_id":0,"font":"","enabled":false},"version":2},"_wpas_customize_per_network":false,"jetpack_post_was_ever_published":false},"categories":[610131214,610131184,610130850,610135033,610135020,610135034],"tags":[610132133],"class_list":["post-70755","post","type-post","status-publish","format-standard","has-post-thumbnail","hentry","category-autorzy","category-duchowosc","category-augustin-poulain-sj","category-poulain-odczucie-obecnosci-bozej","category-poulain-stany-mistyczne-augustin-poulain-sj","category-poulain-teksty-o-modlitwie-ukojenia","tag-restricted"],"yoast_head":"<!-- This site is optimized with the Yoast SEO plugin v28.3 - https:\/\/yoast.com\/product\/yoast-seo-wordpress\/ -->\n<title>Poulain SJ: II. Og\u00f3lne poj\u0119cia o mistycznym zjednoczeniu. Rozdzia\u0142 V. Pierwsza zasadnicza cecha mistycznego zjednoczenia. Odczucie obecno\u015bci Bo\u017cej (142) \u00a7 1. Teksty m\u00f3wi\u0105ce wyra\u017anie o modlitwie ukojenia i stwierdzaj\u0105ce, \u017ce odczuwa si\u0119 w niej rzeczywi\u015bcie obecno\u015b\u0107 Boga (III) - Tradycja i Wiara<\/title>\n<meta name=\"robots\" content=\"index, follow, max-snippet:-1, max-image-preview:large, max-video-preview:-1\" \/>\n<link rel=\"canonical\" href=\"https:\/\/wobronietradycjiiwiary.com\/en\/poulain-sj-ii-ogolne-pojecia-o-mistycznym-zjednoczeniu-rozdzial-v-pierwsza-zasadnicza-cecha-mistycznego-zjednoczenia-odczucie-obecnosci-bozej-142-\u00a7-1-teksty-mowiace-wyraznie-o-modlitwie-u\/\" \/>\n<meta property=\"og:locale\" content=\"en_US\" \/>\n<meta property=\"og:type\" content=\"article\" \/>\n<meta property=\"og:title\" content=\"Poulain SJ: II. Og\u00f3lne poj\u0119cia o mistycznym zjednoczeniu. Rozdzia\u0142 V. Pierwsza zasadnicza cecha mistycznego zjednoczenia. Odczucie obecno\u015bci Bo\u017cej (142) \u00a7 1. Teksty m\u00f3wi\u0105ce wyra\u017anie o modlitwie ukojenia i stwierdzaj\u0105ce, \u017ce odczuwa si\u0119 w niej rzeczywi\u015bcie obecno\u015b\u0107 Boga (III) - Tradycja i Wiara\" \/>\n<meta property=\"og:description\" content=\"R\u00f3\u017cnica w odczuwaniu Boga w modlitwie zwyk\u0142ej, a modlitwie nadzwyczajnej polega na bardziej wewn\u0119trznym i do\u015bwiadczalnym charakterze oraz cz\u0119\u015bciowym lub pe\u0142nym zawieszeniu dzia\u0142a\u0144 umys\u0142u, wyobra\u017ani i zmys\u0142\u00f3w, \u017ceby nie przeszkadza\u0142y woli w napawaniu si\u0119 Bo\u017c\u0105 obecno\u015bci\u0105.\" \/>\n<meta property=\"og:url\" content=\"https:\/\/wobronietradycjiiwiary.com\/en\/poulain-sj-ii-ogolne-pojecia-o-mistycznym-zjednoczeniu-rozdzial-v-pierwsza-zasadnicza-cecha-mistycznego-zjednoczenia-odczucie-obecnosci-bozej-142-\u00a7-1-teksty-mowiace-wyraznie-o-modlitwie-u\/\" \/>\n<meta property=\"og:site_name\" content=\"Tradycja i Wiara\" \/>\n<meta property=\"article:publisher\" content=\"https:\/\/www.facebook.com\/Tradycja-i-Wiara-108813920592249\" \/>\n<meta property=\"article:published_time\" content=\"2022-06-10T06:00:00+00:00\" \/>\n<meta property=\"article:modified_time\" content=\"2025-02-07T14:46:16+00:00\" \/>\n<meta property=\"og:image\" content=\"https:\/\/wobronietradycjiiwiary.com\/wp-content\/uploads\/2019\/10\/peter-paul-rubens-die-wunder-des-hl-ignatius-von-loyola.jpg\" \/>\n\t<meta property=\"og:image:width\" content=\"1139\" \/>\n\t<meta property=\"og:image:height\" content=\"1539\" \/>\n\t<meta property=\"og:image:type\" content=\"image\/jpeg\" \/>\n<meta name=\"author\" content=\"Prospector Veritatis\" \/>\n<meta name=\"twitter:card\" content=\"summary_large_image\" \/>\n<meta name=\"twitter:label1\" content=\"Written by\" \/>\n\t<meta name=\"twitter:data1\" content=\"Prospector Veritatis\" \/>\n\t<meta name=\"twitter:label2\" content=\"Est. reading time\" \/>\n\t<meta name=\"twitter:data2\" content=\"6 minutes\" \/>\n<script type=\"application\/ld+json\" class=\"yoast-schema-graph\">{\"@context\":\"https:\\\/\\\/schema.org\",\"@graph\":[{\"@type\":\"Article\",\"@id\":\"https:\\\/\\\/wobronietradycjiiwiary.com\\\/poulain-sj-ii-ogolne-pojecia-o-mistycznym-zjednoczeniu-rozdzial-v-pierwsza-zasadnicza-cecha-mistycznego-zjednoczenia-odczucie-obecnosci-bozej-142-%c2%a7-1-teksty-mowiace-wyraznie-o-modlitwie-u\\\/#article\",\"isPartOf\":{\"@id\":\"https:\\\/\\\/wobronietradycjiiwiary.com\\\/poulain-sj-ii-ogolne-pojecia-o-mistycznym-zjednoczeniu-rozdzial-v-pierwsza-zasadnicza-cecha-mistycznego-zjednoczenia-odczucie-obecnosci-bozej-142-%c2%a7-1-teksty-mowiace-wyraznie-o-modlitwie-u\\\/\"},\"author\":{\"name\":\"Prospector Veritatis\",\"@id\":\"https:\\\/\\\/wobronietradycjiiwiary.com\\\/pl\\\/#\\\/schema\\\/person\\\/f63e6405621f929c17a9c191b8d16b9d\"},\"headline\":\"Poulain SJ: II. Og\u00f3lne poj\u0119cia o mistycznym zjednoczeniu. Rozdzia\u0142 V. Pierwsza zasadnicza cecha mistycznego zjednoczenia. Odczucie obecno\u015bci Bo\u017cej (142) \u00a7 1. Teksty m\u00f3wi\u0105ce wyra\u017anie o modlitwie ukojenia i stwierdzaj\u0105ce, \u017ce odczuwa si\u0119 w niej rzeczywi\u015bcie obecno\u015b\u0107 Boga (III)\",\"datePublished\":\"2022-06-10T06:00:00+00:00\",\"dateModified\":\"2025-02-07T14:46:16+00:00\",\"mainEntityOfPage\":{\"@id\":\"https:\\\/\\\/wobronietradycjiiwiary.com\\\/poulain-sj-ii-ogolne-pojecia-o-mistycznym-zjednoczeniu-rozdzial-v-pierwsza-zasadnicza-cecha-mistycznego-zjednoczenia-odczucie-obecnosci-bozej-142-%c2%a7-1-teksty-mowiace-wyraznie-o-modlitwie-u\\\/\"},\"wordCount\":1102,\"commentCount\":0,\"publisher\":{\"@id\":\"https:\\\/\\\/wobronietradycjiiwiary.com\\\/pl\\\/#organization\"},\"image\":{\"@id\":\"https:\\\/\\\/wobronietradycjiiwiary.com\\\/poulain-sj-ii-ogolne-pojecia-o-mistycznym-zjednoczeniu-rozdzial-v-pierwsza-zasadnicza-cecha-mistycznego-zjednoczenia-odczucie-obecnosci-bozej-142-%c2%a7-1-teksty-mowiace-wyraznie-o-modlitwie-u\\\/#primaryimage\"},\"thumbnailUrl\":\"https:\\\/\\\/wobronietradycjiiwiary.com\\\/wp-content\\\/uploads\\\/2019\\\/10\\\/peter-paul-rubens-die-wunder-des-hl-ignatius-von-loyola.jpg\",\"keywords\":[\"Restricted\"],\"articleSection\":[\"Autorzy \u017cycia duchowego\",\"Duchowo\u015b\u0107\",\"o. Augustin Poulain SJ - \\\"\u0141aski modlitwy w Chrystusie Odkupicielu\\\"\",\"Poulain - Odczucie obecno\u015bci Bo\u017cej\",\"Poulain - Stany mistyczne\",\"Poulain - Teksty o modlitwie ukojenia\"],\"inLanguage\":\"en-US\",\"potentialAction\":[{\"@type\":\"CommentAction\",\"name\":\"Comment\",\"target\":[\"https:\\\/\\\/wobronietradycjiiwiary.com\\\/poulain-sj-ii-ogolne-pojecia-o-mistycznym-zjednoczeniu-rozdzial-v-pierwsza-zasadnicza-cecha-mistycznego-zjednoczenia-odczucie-obecnosci-bozej-142-%c2%a7-1-teksty-mowiace-wyraznie-o-modlitwie-u\\\/#respond\"]}]},{\"@type\":\"WebPage\",\"@id\":\"https:\\\/\\\/wobronietradycjiiwiary.com\\\/poulain-sj-ii-ogolne-pojecia-o-mistycznym-zjednoczeniu-rozdzial-v-pierwsza-zasadnicza-cecha-mistycznego-zjednoczenia-odczucie-obecnosci-bozej-142-%c2%a7-1-teksty-mowiace-wyraznie-o-modlitwie-u\\\/\",\"url\":\"https:\\\/\\\/wobronietradycjiiwiary.com\\\/poulain-sj-ii-ogolne-pojecia-o-mistycznym-zjednoczeniu-rozdzial-v-pierwsza-zasadnicza-cecha-mistycznego-zjednoczenia-odczucie-obecnosci-bozej-142-%c2%a7-1-teksty-mowiace-wyraznie-o-modlitwie-u\\\/\",\"name\":\"Poulain SJ: II. Og\u00f3lne poj\u0119cia o mistycznym zjednoczeniu. Rozdzia\u0142 V. Pierwsza zasadnicza cecha mistycznego zjednoczenia. Odczucie obecno\u015bci Bo\u017cej (142) \u00a7 1. Teksty m\u00f3wi\u0105ce wyra\u017anie o modlitwie ukojenia i stwierdzaj\u0105ce, \u017ce odczuwa si\u0119 w niej rzeczywi\u015bcie obecno\u015b\u0107 Boga (III) - Tradycja i Wiara\",\"isPartOf\":{\"@id\":\"https:\\\/\\\/wobronietradycjiiwiary.com\\\/pl\\\/#website\"},\"primaryImageOfPage\":{\"@id\":\"https:\\\/\\\/wobronietradycjiiwiary.com\\\/poulain-sj-ii-ogolne-pojecia-o-mistycznym-zjednoczeniu-rozdzial-v-pierwsza-zasadnicza-cecha-mistycznego-zjednoczenia-odczucie-obecnosci-bozej-142-%c2%a7-1-teksty-mowiace-wyraznie-o-modlitwie-u\\\/#primaryimage\"},\"image\":{\"@id\":\"https:\\\/\\\/wobronietradycjiiwiary.com\\\/poulain-sj-ii-ogolne-pojecia-o-mistycznym-zjednoczeniu-rozdzial-v-pierwsza-zasadnicza-cecha-mistycznego-zjednoczenia-odczucie-obecnosci-bozej-142-%c2%a7-1-teksty-mowiace-wyraznie-o-modlitwie-u\\\/#primaryimage\"},\"thumbnailUrl\":\"https:\\\/\\\/wobronietradycjiiwiary.com\\\/wp-content\\\/uploads\\\/2019\\\/10\\\/peter-paul-rubens-die-wunder-des-hl-ignatius-von-loyola.jpg\",\"datePublished\":\"2022-06-10T06:00:00+00:00\",\"dateModified\":\"2025-02-07T14:46:16+00:00\",\"breadcrumb\":{\"@id\":\"https:\\\/\\\/wobronietradycjiiwiary.com\\\/poulain-sj-ii-ogolne-pojecia-o-mistycznym-zjednoczeniu-rozdzial-v-pierwsza-zasadnicza-cecha-mistycznego-zjednoczenia-odczucie-obecnosci-bozej-142-%c2%a7-1-teksty-mowiace-wyraznie-o-modlitwie-u\\\/#breadcrumb\"},\"inLanguage\":\"en-US\",\"potentialAction\":[{\"@type\":\"ReadAction\",\"target\":[\"https:\\\/\\\/wobronietradycjiiwiary.com\\\/poulain-sj-ii-ogolne-pojecia-o-mistycznym-zjednoczeniu-rozdzial-v-pierwsza-zasadnicza-cecha-mistycznego-zjednoczenia-odczucie-obecnosci-bozej-142-%c2%a7-1-teksty-mowiace-wyraznie-o-modlitwie-u\\\/\"]}]},{\"@type\":\"ImageObject\",\"inLanguage\":\"en-US\",\"@id\":\"https:\\\/\\\/wobronietradycjiiwiary.com\\\/poulain-sj-ii-ogolne-pojecia-o-mistycznym-zjednoczeniu-rozdzial-v-pierwsza-zasadnicza-cecha-mistycznego-zjednoczenia-odczucie-obecnosci-bozej-142-%c2%a7-1-teksty-mowiace-wyraznie-o-modlitwie-u\\\/#primaryimage\",\"url\":\"https:\\\/\\\/wobronietradycjiiwiary.com\\\/wp-content\\\/uploads\\\/2019\\\/10\\\/peter-paul-rubens-die-wunder-des-hl-ignatius-von-loyola.jpg\",\"contentUrl\":\"https:\\\/\\\/wobronietradycjiiwiary.com\\\/wp-content\\\/uploads\\\/2019\\\/10\\\/peter-paul-rubens-die-wunder-des-hl-ignatius-von-loyola.jpg\",\"width\":1139,\"height\":1539},{\"@type\":\"BreadcrumbList\",\"@id\":\"https:\\\/\\\/wobronietradycjiiwiary.com\\\/poulain-sj-ii-ogolne-pojecia-o-mistycznym-zjednoczeniu-rozdzial-v-pierwsza-zasadnicza-cecha-mistycznego-zjednoczenia-odczucie-obecnosci-bozej-142-%c2%a7-1-teksty-mowiace-wyraznie-o-modlitwie-u\\\/#breadcrumb\",\"itemListElement\":[{\"@type\":\"ListItem\",\"position\":1,\"name\":\"Strona g\u0142\u00f3wna\",\"item\":\"https:\\\/\\\/wobronietradycjiiwiary.com\\\/\"},{\"@type\":\"ListItem\",\"position\":2,\"name\":\"Poulain SJ: II. Og\u00f3lne poj\u0119cia o mistycznym zjednoczeniu. Rozdzia\u0142 V. Pierwsza zasadnicza cecha mistycznego zjednoczenia. Odczucie obecno\u015bci Bo\u017cej (142) \u00a7 1. Teksty m\u00f3wi\u0105ce wyra\u017anie o modlitwie ukojenia i stwierdzaj\u0105ce, \u017ce odczuwa si\u0119 w niej rzeczywi\u015bcie obecno\u015b\u0107 Boga (III)\"}]},{\"@type\":\"WebSite\",\"@id\":\"https:\\\/\\\/wobronietradycjiiwiary.com\\\/pl\\\/#website\",\"url\":\"https:\\\/\\\/wobronietradycjiiwiary.com\\\/pl\\\/\",\"name\":\"Tradycja i Wiara\",\"description\":\"Portal dla katolik\u00f3w.\",\"publisher\":{\"@id\":\"https:\\\/\\\/wobronietradycjiiwiary.com\\\/pl\\\/#organization\"},\"potentialAction\":[{\"@type\":\"SearchAction\",\"target\":{\"@type\":\"EntryPoint\",\"urlTemplate\":\"https:\\\/\\\/wobronietradycjiiwiary.com\\\/pl\\\/?s={search_term_string}\"},\"query-input\":{\"@type\":\"PropertyValueSpecification\",\"valueRequired\":true,\"valueName\":\"search_term_string\"}}],\"inLanguage\":\"en-US\"},{\"@type\":\"Organization\",\"@id\":\"https:\\\/\\\/wobronietradycjiiwiary.com\\\/pl\\\/#organization\",\"name\":\"Tradycja i Wiara\",\"url\":\"https:\\\/\\\/wobronietradycjiiwiary.com\\\/pl\\\/\",\"logo\":{\"@type\":\"ImageObject\",\"inLanguage\":\"en-US\",\"@id\":\"https:\\\/\\\/wobronietradycjiiwiary.com\\\/pl\\\/#\\\/schema\\\/logo\\\/image\\\/\",\"url\":\"https:\\\/\\\/i0.wp.com\\\/wobronietradycjiiwiary.com\\\/wp-content\\\/uploads\\\/2015\\\/10\\\/cropped-st-peters-dome-vatican.jpg?fit=940%2C198&ssl=1\",\"contentUrl\":\"https:\\\/\\\/i0.wp.com\\\/wobronietradycjiiwiary.com\\\/wp-content\\\/uploads\\\/2015\\\/10\\\/cropped-st-peters-dome-vatican.jpg?fit=940%2C198&ssl=1\",\"width\":940,\"height\":198,\"caption\":\"Tradycja i Wiara\"},\"image\":{\"@id\":\"https:\\\/\\\/wobronietradycjiiwiary.com\\\/pl\\\/#\\\/schema\\\/logo\\\/image\\\/\"},\"sameAs\":[\"https:\\\/\\\/www.facebook.com\\\/Tradycja-i-Wiara-108813920592249\"]},{\"@type\":\"Person\",\"@id\":\"https:\\\/\\\/wobronietradycjiiwiary.com\\\/pl\\\/#\\\/schema\\\/person\\\/f63e6405621f929c17a9c191b8d16b9d\",\"name\":\"Prospector Veritatis\",\"url\":\"https:\\\/\\\/wobronietradycjiiwiary.com\\\/en\\\/author\\\/prospectorveritatis\\\/\"}]}<\/script>\n<!-- \/ Yoast SEO plugin. -->","yoast_head_json":{"title":"Poulain SJ: II. Og\u00f3lne poj\u0119cia o mistycznym zjednoczeniu. Rozdzia\u0142 V. Pierwsza zasadnicza cecha mistycznego zjednoczenia. Odczucie obecno\u015bci Bo\u017cej (142) \u00a7 1. Teksty m\u00f3wi\u0105ce wyra\u017anie o modlitwie ukojenia i stwierdzaj\u0105ce, \u017ce odczuwa si\u0119 w niej rzeczywi\u015bcie obecno\u015b\u0107 Boga (III) - Tradycja i Wiara","robots":{"index":"index","follow":"follow","max-snippet":"max-snippet:-1","max-image-preview":"max-image-preview:large","max-video-preview":"max-video-preview:-1"},"canonical":"https:\/\/wobronietradycjiiwiary.com\/en\/poulain-sj-ii-ogolne-pojecia-o-mistycznym-zjednoczeniu-rozdzial-v-pierwsza-zasadnicza-cecha-mistycznego-zjednoczenia-odczucie-obecnosci-bozej-142-\u00a7-1-teksty-mowiace-wyraznie-o-modlitwie-u\/","og_locale":"en_US","og_type":"article","og_title":"Poulain SJ: II. Og\u00f3lne poj\u0119cia o mistycznym zjednoczeniu. Rozdzia\u0142 V. Pierwsza zasadnicza cecha mistycznego zjednoczenia. Odczucie obecno\u015bci Bo\u017cej (142) \u00a7 1. Teksty m\u00f3wi\u0105ce wyra\u017anie o modlitwie ukojenia i stwierdzaj\u0105ce, \u017ce odczuwa si\u0119 w niej rzeczywi\u015bcie obecno\u015b\u0107 Boga (III) - Tradycja i Wiara","og_description":"R\u00f3\u017cnica w odczuwaniu Boga w modlitwie zwyk\u0142ej, a modlitwie nadzwyczajnej polega na bardziej wewn\u0119trznym i do\u015bwiadczalnym charakterze oraz cz\u0119\u015bciowym lub pe\u0142nym zawieszeniu dzia\u0142a\u0144 umys\u0142u, wyobra\u017ani i zmys\u0142\u00f3w, \u017ceby nie przeszkadza\u0142y woli w napawaniu si\u0119 Bo\u017c\u0105 obecno\u015bci\u0105.","og_url":"https:\/\/wobronietradycjiiwiary.com\/en\/poulain-sj-ii-ogolne-pojecia-o-mistycznym-zjednoczeniu-rozdzial-v-pierwsza-zasadnicza-cecha-mistycznego-zjednoczenia-odczucie-obecnosci-bozej-142-\u00a7-1-teksty-mowiace-wyraznie-o-modlitwie-u\/","og_site_name":"Tradycja i Wiara","article_publisher":"https:\/\/www.facebook.com\/Tradycja-i-Wiara-108813920592249","article_published_time":"2022-06-10T06:00:00+00:00","article_modified_time":"2025-02-07T14:46:16+00:00","og_image":[{"width":1139,"height":1539,"url":"https:\/\/wobronietradycjiiwiary.com\/wp-content\/uploads\/2019\/10\/peter-paul-rubens-die-wunder-des-hl-ignatius-von-loyola.jpg","type":"image\/jpeg"}],"author":"Prospector Veritatis","twitter_card":"summary_large_image","twitter_misc":{"Written by":"Prospector Veritatis","Est. reading time":"6 minutes"},"schema":{"@context":"https:\/\/schema.org","@graph":[{"@type":"Article","@id":"https:\/\/wobronietradycjiiwiary.com\/poulain-sj-ii-ogolne-pojecia-o-mistycznym-zjednoczeniu-rozdzial-v-pierwsza-zasadnicza-cecha-mistycznego-zjednoczenia-odczucie-obecnosci-bozej-142-%c2%a7-1-teksty-mowiace-wyraznie-o-modlitwie-u\/#article","isPartOf":{"@id":"https:\/\/wobronietradycjiiwiary.com\/poulain-sj-ii-ogolne-pojecia-o-mistycznym-zjednoczeniu-rozdzial-v-pierwsza-zasadnicza-cecha-mistycznego-zjednoczenia-odczucie-obecnosci-bozej-142-%c2%a7-1-teksty-mowiace-wyraznie-o-modlitwie-u\/"},"author":{"name":"Prospector Veritatis","@id":"https:\/\/wobronietradycjiiwiary.com\/pl\/#\/schema\/person\/f63e6405621f929c17a9c191b8d16b9d"},"headline":"Poulain SJ: II. Og\u00f3lne poj\u0119cia o mistycznym zjednoczeniu. Rozdzia\u0142 V. Pierwsza zasadnicza cecha mistycznego zjednoczenia. Odczucie obecno\u015bci Bo\u017cej (142) \u00a7 1. Teksty m\u00f3wi\u0105ce wyra\u017anie o modlitwie ukojenia i stwierdzaj\u0105ce, \u017ce odczuwa si\u0119 w niej rzeczywi\u015bcie obecno\u015b\u0107 Boga (III)","datePublished":"2022-06-10T06:00:00+00:00","dateModified":"2025-02-07T14:46:16+00:00","mainEntityOfPage":{"@id":"https:\/\/wobronietradycjiiwiary.com\/poulain-sj-ii-ogolne-pojecia-o-mistycznym-zjednoczeniu-rozdzial-v-pierwsza-zasadnicza-cecha-mistycznego-zjednoczenia-odczucie-obecnosci-bozej-142-%c2%a7-1-teksty-mowiace-wyraznie-o-modlitwie-u\/"},"wordCount":1102,"commentCount":0,"publisher":{"@id":"https:\/\/wobronietradycjiiwiary.com\/pl\/#organization"},"image":{"@id":"https:\/\/wobronietradycjiiwiary.com\/poulain-sj-ii-ogolne-pojecia-o-mistycznym-zjednoczeniu-rozdzial-v-pierwsza-zasadnicza-cecha-mistycznego-zjednoczenia-odczucie-obecnosci-bozej-142-%c2%a7-1-teksty-mowiace-wyraznie-o-modlitwie-u\/#primaryimage"},"thumbnailUrl":"https:\/\/wobronietradycjiiwiary.com\/wp-content\/uploads\/2019\/10\/peter-paul-rubens-die-wunder-des-hl-ignatius-von-loyola.jpg","keywords":["Restricted"],"articleSection":["Autorzy \u017cycia duchowego","Duchowo\u015b\u0107","o. Augustin Poulain SJ - \"\u0141aski modlitwy w Chrystusie Odkupicielu\"","Poulain - Odczucie obecno\u015bci Bo\u017cej","Poulain - Stany mistyczne","Poulain - Teksty o modlitwie ukojenia"],"inLanguage":"en-US","potentialAction":[{"@type":"CommentAction","name":"Comment","target":["https:\/\/wobronietradycjiiwiary.com\/poulain-sj-ii-ogolne-pojecia-o-mistycznym-zjednoczeniu-rozdzial-v-pierwsza-zasadnicza-cecha-mistycznego-zjednoczenia-odczucie-obecnosci-bozej-142-%c2%a7-1-teksty-mowiace-wyraznie-o-modlitwie-u\/#respond"]}]},{"@type":"WebPage","@id":"https:\/\/wobronietradycjiiwiary.com\/poulain-sj-ii-ogolne-pojecia-o-mistycznym-zjednoczeniu-rozdzial-v-pierwsza-zasadnicza-cecha-mistycznego-zjednoczenia-odczucie-obecnosci-bozej-142-%c2%a7-1-teksty-mowiace-wyraznie-o-modlitwie-u\/","url":"https:\/\/wobronietradycjiiwiary.com\/poulain-sj-ii-ogolne-pojecia-o-mistycznym-zjednoczeniu-rozdzial-v-pierwsza-zasadnicza-cecha-mistycznego-zjednoczenia-odczucie-obecnosci-bozej-142-%c2%a7-1-teksty-mowiace-wyraznie-o-modlitwie-u\/","name":"Poulain SJ: II. Og\u00f3lne poj\u0119cia o mistycznym zjednoczeniu. Rozdzia\u0142 V. Pierwsza zasadnicza cecha mistycznego zjednoczenia. Odczucie obecno\u015bci Bo\u017cej (142) \u00a7 1. Teksty m\u00f3wi\u0105ce wyra\u017anie o modlitwie ukojenia i stwierdzaj\u0105ce, \u017ce odczuwa si\u0119 w niej rzeczywi\u015bcie obecno\u015b\u0107 Boga (III) - Tradycja i Wiara","isPartOf":{"@id":"https:\/\/wobronietradycjiiwiary.com\/pl\/#website"},"primaryImageOfPage":{"@id":"https:\/\/wobronietradycjiiwiary.com\/poulain-sj-ii-ogolne-pojecia-o-mistycznym-zjednoczeniu-rozdzial-v-pierwsza-zasadnicza-cecha-mistycznego-zjednoczenia-odczucie-obecnosci-bozej-142-%c2%a7-1-teksty-mowiace-wyraznie-o-modlitwie-u\/#primaryimage"},"image":{"@id":"https:\/\/wobronietradycjiiwiary.com\/poulain-sj-ii-ogolne-pojecia-o-mistycznym-zjednoczeniu-rozdzial-v-pierwsza-zasadnicza-cecha-mistycznego-zjednoczenia-odczucie-obecnosci-bozej-142-%c2%a7-1-teksty-mowiace-wyraznie-o-modlitwie-u\/#primaryimage"},"thumbnailUrl":"https:\/\/wobronietradycjiiwiary.com\/wp-content\/uploads\/2019\/10\/peter-paul-rubens-die-wunder-des-hl-ignatius-von-loyola.jpg","datePublished":"2022-06-10T06:00:00+00:00","dateModified":"2025-02-07T14:46:16+00:00","breadcrumb":{"@id":"https:\/\/wobronietradycjiiwiary.com\/poulain-sj-ii-ogolne-pojecia-o-mistycznym-zjednoczeniu-rozdzial-v-pierwsza-zasadnicza-cecha-mistycznego-zjednoczenia-odczucie-obecnosci-bozej-142-%c2%a7-1-teksty-mowiace-wyraznie-o-modlitwie-u\/#breadcrumb"},"inLanguage":"en-US","potentialAction":[{"@type":"ReadAction","target":["https:\/\/wobronietradycjiiwiary.com\/poulain-sj-ii-ogolne-pojecia-o-mistycznym-zjednoczeniu-rozdzial-v-pierwsza-zasadnicza-cecha-mistycznego-zjednoczenia-odczucie-obecnosci-bozej-142-%c2%a7-1-teksty-mowiace-wyraznie-o-modlitwie-u\/"]}]},{"@type":"ImageObject","inLanguage":"en-US","@id":"https:\/\/wobronietradycjiiwiary.com\/poulain-sj-ii-ogolne-pojecia-o-mistycznym-zjednoczeniu-rozdzial-v-pierwsza-zasadnicza-cecha-mistycznego-zjednoczenia-odczucie-obecnosci-bozej-142-%c2%a7-1-teksty-mowiace-wyraznie-o-modlitwie-u\/#primaryimage","url":"https:\/\/wobronietradycjiiwiary.com\/wp-content\/uploads\/2019\/10\/peter-paul-rubens-die-wunder-des-hl-ignatius-von-loyola.jpg","contentUrl":"https:\/\/wobronietradycjiiwiary.com\/wp-content\/uploads\/2019\/10\/peter-paul-rubens-die-wunder-des-hl-ignatius-von-loyola.jpg","width":1139,"height":1539},{"@type":"BreadcrumbList","@id":"https:\/\/wobronietradycjiiwiary.com\/poulain-sj-ii-ogolne-pojecia-o-mistycznym-zjednoczeniu-rozdzial-v-pierwsza-zasadnicza-cecha-mistycznego-zjednoczenia-odczucie-obecnosci-bozej-142-%c2%a7-1-teksty-mowiace-wyraznie-o-modlitwie-u\/#breadcrumb","itemListElement":[{"@type":"ListItem","position":1,"name":"Strona g\u0142\u00f3wna","item":"https:\/\/wobronietradycjiiwiary.com\/"},{"@type":"ListItem","position":2,"name":"Poulain SJ: II. Og\u00f3lne poj\u0119cia o mistycznym zjednoczeniu. Rozdzia\u0142 V. Pierwsza zasadnicza cecha mistycznego zjednoczenia. Odczucie obecno\u015bci Bo\u017cej (142) \u00a7 1. Teksty m\u00f3wi\u0105ce wyra\u017anie o modlitwie ukojenia i stwierdzaj\u0105ce, \u017ce odczuwa si\u0119 w niej rzeczywi\u015bcie obecno\u015b\u0107 Boga (III)"}]},{"@type":"WebSite","@id":"https:\/\/wobronietradycjiiwiary.com\/pl\/#website","url":"https:\/\/wobronietradycjiiwiary.com\/pl\/","name":"Tradycja i Wiara","description":"Portal dla katolik\u00f3w.","publisher":{"@id":"https:\/\/wobronietradycjiiwiary.com\/pl\/#organization"},"potentialAction":[{"@type":"SearchAction","target":{"@type":"EntryPoint","urlTemplate":"https:\/\/wobronietradycjiiwiary.com\/pl\/?s={search_term_string}"},"query-input":{"@type":"PropertyValueSpecification","valueRequired":true,"valueName":"search_term_string"}}],"inLanguage":"en-US"},{"@type":"Organization","@id":"https:\/\/wobronietradycjiiwiary.com\/pl\/#organization","name":"Tradycja i Wiara","url":"https:\/\/wobronietradycjiiwiary.com\/pl\/","logo":{"@type":"ImageObject","inLanguage":"en-US","@id":"https:\/\/wobronietradycjiiwiary.com\/pl\/#\/schema\/logo\/image\/","url":"https:\/\/i0.wp.com\/wobronietradycjiiwiary.com\/wp-content\/uploads\/2015\/10\/cropped-st-peters-dome-vatican.jpg?fit=940%2C198&ssl=1","contentUrl":"https:\/\/i0.wp.com\/wobronietradycjiiwiary.com\/wp-content\/uploads\/2015\/10\/cropped-st-peters-dome-vatican.jpg?fit=940%2C198&ssl=1","width":940,"height":198,"caption":"Tradycja i Wiara"},"image":{"@id":"https:\/\/wobronietradycjiiwiary.com\/pl\/#\/schema\/logo\/image\/"},"sameAs":["https:\/\/www.facebook.com\/Tradycja-i-Wiara-108813920592249"]},{"@type":"Person","@id":"https:\/\/wobronietradycjiiwiary.com\/pl\/#\/schema\/person\/f63e6405621f929c17a9c191b8d16b9d","name":"Prospector Veritatis","url":"https:\/\/wobronietradycjiiwiary.com\/en\/author\/prospectorveritatis\/"}]}},"jetpack_publicize_connections":[],"jetpack_sharing_enabled":true,"jetpack_likes_enabled":true,"jetpack_shortlink":"https:\/\/wp.me\/pc04Sd-ipd","jetpack-related-posts":[{"id":108262,"url":"https:\/\/wobronietradycjiiwiary.com\/en\/poulain-sj-iii-szczegolowy-rozbior-kazdego-stopnia-mistycznego-zjednoczenia-rozdzial-xix-malzenstwo-duchowe-czwarty-i-ostatni-etap-mistycznego-zjednoczenia-219\/","url_meta":{"origin":70755,"position":0},"title":"Poulain SJ: III. Szczeg\u00f3\u0142owy rozbi\u00f3r ka\u017cdego stopnia\u00a0mistycznego zjednoczenia. Rozdzia\u0142 XIX. Ma\u0142\u017ce\u0144stwo duchowe, czwarty i ostatni etap mistycznego zjednoczenia (219)","author":"Prospector Veritatis","date":"1 December 2023","format":false,"excerpt":"Szczytem zjednoczenia mistycznego jest ma\u0142\u017ce\u0144stwo duchowe, czy te\u017c dok\u0142adniej unia przemieniaj\u0105ca. Czym ona si\u0119 charakteryzuje? Jest prawie sta\u0142e, tzn. podczas zaj\u0119\u0107 zewn\u0119trznych mo\u017cna bez problemu skupi\u0107 si\u0119 na Bogu, przemienia spos\u00f3b dzia\u0142ania w\u0142adz wy\u017cszych oraz zwykle sta\u0142a wizja intelektualna Tr\u00f3jcy \u015awi\u0119tej albo jakiego\u015b Bo\u017cego przymiotu. Co wynika z tego dla\u2026","rel":"","context":"In &quot;Autorzy \u017cycia duchowego&quot;","block_context":{"text":"Autorzy \u017cycia duchowego","link":"https:\/\/wobronietradycjiiwiary.com\/en\/category\/duchowosc\/autorzy\/"},"img":{"alt_text":"","src":"https:\/\/i0.wp.com\/wobronietradycjiiwiary.com\/wp-content\/uploads\/2019\/10\/peter-paul-rubens-die-wunder-des-hl-ignatius-von-loyola.jpg?resize=350%2C200&ssl=1","width":350,"height":200,"srcset":"https:\/\/i0.wp.com\/wobronietradycjiiwiary.com\/wp-content\/uploads\/2019\/10\/peter-paul-rubens-die-wunder-des-hl-ignatius-von-loyola.jpg?resize=350%2C200&ssl=1 1x, https:\/\/i0.wp.com\/wobronietradycjiiwiary.com\/wp-content\/uploads\/2019\/10\/peter-paul-rubens-die-wunder-des-hl-ignatius-von-loyola.jpg?resize=525%2C300&ssl=1 1.5x, https:\/\/i0.wp.com\/wobronietradycjiiwiary.com\/wp-content\/uploads\/2019\/10\/peter-paul-rubens-die-wunder-des-hl-ignatius-von-loyola.jpg?resize=700%2C400&ssl=1 2x, https:\/\/i0.wp.com\/wobronietradycjiiwiary.com\/wp-content\/uploads\/2019\/10\/peter-paul-rubens-die-wunder-des-hl-ignatius-von-loyola.jpg?resize=1050%2C600&ssl=1 3x"},"classes":[]},{"id":100526,"url":"https:\/\/wobronietradycjiiwiary.com\/en\/elementor-100526\/","url_meta":{"origin":70755,"position":1},"title":"Poulain SJ: III. Szczeg\u00f3\u0142owy rozbi\u00f3r ka\u017cdego stopnia\u00a0mistycznego zjednoczenia. Rozdzia\u0142 XVII. Szczeg\u00f3\u0142y dotycz\u0105ce zjednoczenia pe\u0142nego, czyli drugiego etapu mistycznego zjednoczenia. Wypowiedzi mistrz\u00f3w \u017cycia wewn\u0119trznego (207)","author":"Prospector Veritatis","date":"1 September 2023","format":false,"excerpt":"W zjednoczeniu pe\u0142nym wszystkie w\u0142adze rozumu s\u0105 z Bogiem i nie s\u0105 zdolne nic innego zrobi\u0107.","rel":"","context":"In &quot;Autorzy \u017cycia duchowego&quot;","block_context":{"text":"Autorzy \u017cycia duchowego","link":"https:\/\/wobronietradycjiiwiary.com\/en\/category\/duchowosc\/autorzy\/"},"img":{"alt_text":"","src":"https:\/\/i0.wp.com\/wobronietradycjiiwiary.com\/wp-content\/uploads\/2019\/10\/peter-paul-rubens-die-wunder-des-hl-ignatius-von-loyola.jpg?resize=350%2C200&ssl=1","width":350,"height":200,"srcset":"https:\/\/i0.wp.com\/wobronietradycjiiwiary.com\/wp-content\/uploads\/2019\/10\/peter-paul-rubens-die-wunder-des-hl-ignatius-von-loyola.jpg?resize=350%2C200&ssl=1 1x, https:\/\/i0.wp.com\/wobronietradycjiiwiary.com\/wp-content\/uploads\/2019\/10\/peter-paul-rubens-die-wunder-des-hl-ignatius-von-loyola.jpg?resize=525%2C300&ssl=1 1.5x, https:\/\/i0.wp.com\/wobronietradycjiiwiary.com\/wp-content\/uploads\/2019\/10\/peter-paul-rubens-die-wunder-des-hl-ignatius-von-loyola.jpg?resize=700%2C400&ssl=1 2x, https:\/\/i0.wp.com\/wobronietradycjiiwiary.com\/wp-content\/uploads\/2019\/10\/peter-paul-rubens-die-wunder-des-hl-ignatius-von-loyola.jpg?resize=1050%2C600&ssl=1 3x"},"classes":[]},{"id":124938,"url":"https:\/\/wobronietradycjiiwiary.com\/en\/sw-alfons-liguori-przewodnik-spowiednika-132-o-modlitwie-wlanej-i-jej-stopniach-vii-nadprzyrodzone-skupienie\/","url_meta":{"origin":70755,"position":2},"title":"\u015aw. Alfons Liguori, Przewodnik spowiednika (132). O modlitwie wlanej i jej stopniach (vii). Nadprzyrodzone skupienie","author":"Traditio et Fides","date":"12 December 2024","format":false,"excerpt":"O bierno\u015bci duszy na etapie modlitwy ukojenia.","rel":"","context":"In &quot;\"Przewodnik spowiednika\"&quot;","block_context":{"text":"\"Przewodnik spowiednika\"","link":"https:\/\/wobronietradycjiiwiary.com\/en\/category\/duchowosc\/autorzy\/sw-alfons-liguori\/przewodnik-spowiednika\/"},"img":{"alt_text":"","src":"https:\/\/i0.wp.com\/wobronietradycjiiwiary.com\/wp-content\/uploads\/2021\/07\/confession_painting.jpg?resize=350%2C200&ssl=1","width":350,"height":200,"srcset":"https:\/\/i0.wp.com\/wobronietradycjiiwiary.com\/wp-content\/uploads\/2021\/07\/confession_painting.jpg?resize=350%2C200&ssl=1 1x, https:\/\/i0.wp.com\/wobronietradycjiiwiary.com\/wp-content\/uploads\/2021\/07\/confession_painting.jpg?resize=525%2C300&ssl=1 1.5x, https:\/\/i0.wp.com\/wobronietradycjiiwiary.com\/wp-content\/uploads\/2021\/07\/confession_painting.jpg?resize=700%2C400&ssl=1 2x, https:\/\/i0.wp.com\/wobronietradycjiiwiary.com\/wp-content\/uploads\/2021\/07\/confession_painting.jpg?resize=1050%2C600&ssl=1 3x"},"classes":[]},{"id":105218,"url":"https:\/\/wobronietradycjiiwiary.com\/en\/poulain-sj-v-proby-zsylane-przez-boga-kontemplatykom-rozdzial-xxiv-istoty-i-rodzaje-prob-71-%c2%a7-7-osaczenie-diabelskie-i-2\/","url_meta":{"origin":70755,"position":3},"title":"Poulain SJ: V. Pr\u00f3by zsy\u0142ane przez Boga kontemplatykom. Rozdzia\u0142 XXIV. Istoty i rodzaje pr\u00f3b (72). \u00a7 7. Osaczenie diabelskie (I)","author":"Prospector Veritatis","date":"3 October 2019","format":false,"excerpt":"Dr\u0119czenia i osaczenia s\u0105 przeciwwag\u0105 do\u015bwiadczanych \u0142ask, o czym pisze ju\u017c \u015bw. Pawe\u0142. Wi\u0119c jest sprawiedliwo\u015b\u0107 i nie ma nic za darmo.","rel":"","context":"In &quot;Autorzy \u017cycia duchowego&quot;","block_context":{"text":"Autorzy \u017cycia duchowego","link":"https:\/\/wobronietradycjiiwiary.com\/en\/category\/duchowosc\/autorzy\/"},"img":{"alt_text":"","src":"https:\/\/i0.wp.com\/wobronietradycjiiwiary.com\/wp-content\/uploads\/2019\/10\/peter-paul-rubens-die-wunder-des-hl-ignatius-von-loyola.jpg?resize=350%2C200&ssl=1","width":350,"height":200,"srcset":"https:\/\/i0.wp.com\/wobronietradycjiiwiary.com\/wp-content\/uploads\/2019\/10\/peter-paul-rubens-die-wunder-des-hl-ignatius-von-loyola.jpg?resize=350%2C200&ssl=1 1x, https:\/\/i0.wp.com\/wobronietradycjiiwiary.com\/wp-content\/uploads\/2019\/10\/peter-paul-rubens-die-wunder-des-hl-ignatius-von-loyola.jpg?resize=525%2C300&ssl=1 1.5x, https:\/\/i0.wp.com\/wobronietradycjiiwiary.com\/wp-content\/uploads\/2019\/10\/peter-paul-rubens-die-wunder-des-hl-ignatius-von-loyola.jpg?resize=700%2C400&ssl=1 2x, https:\/\/i0.wp.com\/wobronietradycjiiwiary.com\/wp-content\/uploads\/2019\/10\/peter-paul-rubens-die-wunder-des-hl-ignatius-von-loyola.jpg?resize=1050%2C600&ssl=1 3x"},"classes":[]},{"id":108762,"url":"https:\/\/wobronietradycjiiwiary.com\/en\/poulain-sj-iii-szczegolowy-rozbior-kazdego-stopnia-mistycznego-zjednoczenia-rozdzial-xix-malzenstwo-duchowe-czwarty-i-ostatni-etap-mistycznego-zjednoczenia-221\/","url_meta":{"origin":70755,"position":4},"title":"Poulain SJ: III. Szczeg\u00f3\u0142owy rozbi\u00f3r ka\u017cdego stopnia\u00a0mistycznego zjednoczenia. Rozdzia\u0142 XIX. Ma\u0142\u017ce\u0144stwo duchowe, czwarty i ostatni etap mistycznego zjednoczenia (221)","author":"Prospector Veritatis","date":"15 December 2023","format":false,"excerpt":"W stanie nadprzyrodzonym, jakim jest ma\u0142\u017ce\u0144stwo duchowe, dusza ma tak przemienione w\u0142adze wy\u017csze, \u017ce wie do\u015bwiadcza \u017cycia Boga. \u017beby to zrozumie\u0107 dok\u0142adnie trzeba tego do\u015bwiadczy\u0107, czyli dosta\u0107 si\u0119 do nieba lub mie\u0107 nadprzyrodzon\u0105 \u0142ask\u0119 od Boga. Na to pierwszy mamy wp\u0142yw zatem do dzie\u0142a i \u017cyjmy tak, by Bogu si\u0119\u2026","rel":"","context":"In &quot;Autorzy \u017cycia duchowego&quot;","block_context":{"text":"Autorzy \u017cycia duchowego","link":"https:\/\/wobronietradycjiiwiary.com\/en\/category\/duchowosc\/autorzy\/"},"img":{"alt_text":"","src":"https:\/\/i0.wp.com\/wobronietradycjiiwiary.com\/wp-content\/uploads\/2019\/10\/peter-paul-rubens-die-wunder-des-hl-ignatius-von-loyola.jpg?resize=350%2C200&ssl=1","width":350,"height":200,"srcset":"https:\/\/i0.wp.com\/wobronietradycjiiwiary.com\/wp-content\/uploads\/2019\/10\/peter-paul-rubens-die-wunder-des-hl-ignatius-von-loyola.jpg?resize=350%2C200&ssl=1 1x, https:\/\/i0.wp.com\/wobronietradycjiiwiary.com\/wp-content\/uploads\/2019\/10\/peter-paul-rubens-die-wunder-des-hl-ignatius-von-loyola.jpg?resize=525%2C300&ssl=1 1.5x, https:\/\/i0.wp.com\/wobronietradycjiiwiary.com\/wp-content\/uploads\/2019\/10\/peter-paul-rubens-die-wunder-des-hl-ignatius-von-loyola.jpg?resize=700%2C400&ssl=1 2x, https:\/\/i0.wp.com\/wobronietradycjiiwiary.com\/wp-content\/uploads\/2019\/10\/peter-paul-rubens-die-wunder-des-hl-ignatius-von-loyola.jpg?resize=1050%2C600&ssl=1 3x"},"classes":[]},{"id":105212,"url":"https:\/\/wobronietradycjiiwiary.com\/en\/poulain-sj-v-proby-zsylane-przez-boga-kontemplatykom-rozdzial-xxiv-istoty-i-rodzaje-prob-77-%c2%a7-8-przyklady-prob-dlugotrwalych-iii-2\/","url_meta":{"origin":70755,"position":5},"title":"Poulain SJ: V. Pr\u00f3by zsy\u0142ane przez Boga kontemplatykom. Rozdzia\u0142 XXIV. Istoty i rodzaje pr\u00f3b (78). \u00a7 8. Przyk\u0142ady pr\u00f3b d\u0142ugotrwa\u0142ych (III)","author":"Prospector Veritatis","date":"3 October 2019","format":false,"excerpt":"Jak z\u0142oto w ogniu, tak \u015bw. Alfons Rodriguez mia\u0142 przed sob\u0105 ci\u0119\u017ckie pokusy i pr\u00f3by, kt\u00f3rymi by\u0142y skrupu\u0142y, pokusy przeciw czysto\u015bci i osch\u0142o\u015b\u0107, nieufno\u015b\u0107 oraz ponownie skrupu\u0142y. \u015awi\u0119to\u015bci nie ma za darmo, trzeba na ni\u0105 zapracowa\u0107. Przy wszystkim pami\u0119ta\u0107 trzeba, \u017ce niewa\u017cne co nas spotyka, z Bo\u017c\u0105 pomoc\u0105 zwyci\u0119\u017cymy.","rel":"","context":"In &quot;Autorzy \u017cycia duchowego&quot;","block_context":{"text":"Autorzy \u017cycia duchowego","link":"https:\/\/wobronietradycjiiwiary.com\/en\/category\/duchowosc\/autorzy\/"},"img":{"alt_text":"","src":"https:\/\/i0.wp.com\/wobronietradycjiiwiary.com\/wp-content\/uploads\/2019\/10\/peter-paul-rubens-die-wunder-des-hl-ignatius-von-loyola.jpg?resize=350%2C200&ssl=1","width":350,"height":200,"srcset":"https:\/\/i0.wp.com\/wobronietradycjiiwiary.com\/wp-content\/uploads\/2019\/10\/peter-paul-rubens-die-wunder-des-hl-ignatius-von-loyola.jpg?resize=350%2C200&ssl=1 1x, https:\/\/i0.wp.com\/wobronietradycjiiwiary.com\/wp-content\/uploads\/2019\/10\/peter-paul-rubens-die-wunder-des-hl-ignatius-von-loyola.jpg?resize=525%2C300&ssl=1 1.5x, https:\/\/i0.wp.com\/wobronietradycjiiwiary.com\/wp-content\/uploads\/2019\/10\/peter-paul-rubens-die-wunder-des-hl-ignatius-von-loyola.jpg?resize=700%2C400&ssl=1 2x, https:\/\/i0.wp.com\/wobronietradycjiiwiary.com\/wp-content\/uploads\/2019\/10\/peter-paul-rubens-die-wunder-des-hl-ignatius-von-loyola.jpg?resize=1050%2C600&ssl=1 3x"},"classes":[]}],"amp_enabled":true,"jetpack_featured_media_url":"https:\/\/wobronietradycjiiwiary.com\/wp-content\/uploads\/2019\/10\/peter-paul-rubens-die-wunder-des-hl-ignatius-von-loyola.jpg","_links":{"self":[{"href":"https:\/\/wobronietradycjiiwiary.com\/en\/wp-json\/wp\/v2\/posts\/70755","targetHints":{"allow":["GET"]}}],"collection":[{"href":"https:\/\/wobronietradycjiiwiary.com\/en\/wp-json\/wp\/v2\/posts"}],"about":[{"href":"https:\/\/wobronietradycjiiwiary.com\/en\/wp-json\/wp\/v2\/types\/post"}],"author":[{"embeddable":true,"href":"https:\/\/wobronietradycjiiwiary.com\/en\/wp-json\/wp\/v2\/users\/119394846"}],"replies":[{"embeddable":true,"href":"https:\/\/wobronietradycjiiwiary.com\/en\/wp-json\/wp\/v2\/comments?post=70755"}],"version-history":[{"count":6,"href":"https:\/\/wobronietradycjiiwiary.com\/en\/wp-json\/wp\/v2\/posts\/70755\/revisions"}],"predecessor-version":[{"id":70849,"href":"https:\/\/wobronietradycjiiwiary.com\/en\/wp-json\/wp\/v2\/posts\/70755\/revisions\/70849"}],"wp:featuredmedia":[{"embeddable":true,"href":"https:\/\/wobronietradycjiiwiary.com\/en\/wp-json\/wp\/v2\/media\/23108"}],"wp:attachment":[{"href":"https:\/\/wobronietradycjiiwiary.com\/en\/wp-json\/wp\/v2\/media?parent=70755"}],"wp:term":[{"taxonomy":"category","embeddable":true,"href":"https:\/\/wobronietradycjiiwiary.com\/en\/wp-json\/wp\/v2\/categories?post=70755"},{"taxonomy":"post_tag","embeddable":true,"href":"https:\/\/wobronietradycjiiwiary.com\/en\/wp-json\/wp\/v2\/tags?post=70755"}],"curies":[{"name":"wp","href":"https:\/\/api.w.org\/{rel}","templated":true}]}}