{"id":68105,"date":"2022-05-09T08:15:36","date_gmt":"2022-05-09T06:15:36","guid":{"rendered":"https:\/\/wobronietradycjiiwiary.com\/?p=68105"},"modified":"2025-02-12T10:55:01","modified_gmt":"2025-02-12T09:55:01","slug":"9-go-maja-zywot-swietego-grzegorza-z-nazyanzu-2","status":"publish","type":"post","link":"https:\/\/wobronietradycjiiwiary.com\/en\/9-go-maja-zywot-swietego-grzegorza-z-nazyanzu-2\/","title":{"rendered":"9-go Maja. \u017bywot \u015bwi\u0119tego Grzegorza z Nazyanzu."},"content":{"rendered":"<div id=\"bsf_rt_marker\"><\/div>\n<p class=\"has-text-align-center wp-block-paragraph\">(\u017by\u0142 oko\u0142o roku Pa\u0144skiego 360).<\/p>\n\n\n\n<figure class=\"wp-block-image\"><a href=\"https:\/\/pl.wikisource.org\/wiki\/Plik:%C5%BBywoty_%C5%9Bw._Pa%C5%84skich_na_wszystkie_dnie_roku-Inicja%C5%82-J.png\"><img decoding=\"async\" src=\"https:\/\/upload.wikimedia.org\/wikipedia\/commons\/thumb\/0\/01\/%C5%BBywoty_%C5%9Bw._Pa%C5%84skich_na_wszystkie_dnie_roku-Inicja%C5%82-J.png\/56px-%C5%BBywoty_%C5%9Bw._Pa%C5%84skich_na_wszystkie_dnie_roku-Inicja%C5%82-J.png\" alt=\"J\"\/><\/a><\/figure>\n\n\n\n<p class=\"has-text-align-justify wp-block-paragraph\">Jednem z najwi\u0119kszych \u015bwiate\u0142, opromieniaj\u0105cych jeszcze po dzi\u015b dzie\u0144 uczono\u015bci\u0105 swoj\u0105 Ko\u015bci\u00f3\u0142 \u015bwi\u0119ty, jako te\u017c wzorem prawdziwej pokory chrze\u015bcija\u0144skiej i wiernej przyja\u017ani, by\u0142 \u015awi\u0119ty, kt\u00f3rego \u017cywot rozpami\u0119tywa\u0107 nam tutaj przychodzi.<\/p>\n\n\n\n<p class=\"has-text-align-justify wp-block-paragraph\">Grzegorz, urodziwszy si\u0119 w Nazyanzie w Kapadocyi w roku 315, by\u0142 godnym synem znakomitej rodziny, kt\u00f3rej ojciec r\u00f3wnie\u017c Grzegorz a matka Nonna, wraz z rodze\u0144stwem Gorgoni\u0105 i Cezaryuszem czczeni s\u0105 jako \u015awi\u0119ci. B\u0119d\u0105c jeszcze ma\u0142ym ch\u0142opczykiem, na \u0142onie matki nabra\u0142 upodobania w modlitwie, a w czysto\u015bci m\u0142odzie\u0144czej utwierdzi\u0142 go sen, kt\u00f3ry nast\u0119puj\u0105co przedstawia:<\/p>\n\n\n\n<p class=\"has-text-align-justify wp-block-paragraph\">\u201eObjawi\u0142y mi si\u0119 dwie dziewice w bia\u0142ych szatach z rozpuszczonymi w\u0142osami, dziwnej pi\u0119kno\u015bci i wdzi\u0119ku, twarze ich by\u0142y zas\u0142oni\u0119te delikatn\u0105 zas\u0142on\u0105, wzrok spuszczony ku ziemi, na policzkach ja\u015bnia\u0142y rumie\u0144ce, ich postawa by\u0142a szlachetn\u0105 i skromn\u0105. Pie\u015bci\u0142y si\u0119 ze mn\u0105, jak matka z dzieci\u0119ciem i odpowiedzia\u0142y na me pytanie, kim s\u0105 i sk\u0105d przyby\u0142y: jeste\u015bmy niewinno\u015bci\u0105, otaczamy tron Jezusa Chrystusa i radujemy si\u0119 bardzo, gdy dusze dziewicze przed tron ten przybywaj\u0105 \u2014 przy\u0142\u0105cz si\u0119 do nas, otoczymy ci\u0119 wielkim blaskiem i podniesiemy ci\u0119 do jasno\u015bci, tam, gdzie kr\u00f3luje Tr\u00f3jca Przenaj\u015bwi\u0119tsza. Poczem pop\u0142yn\u0119\u0142y niejako ku Niebu, a ja pe\u0142en zachwytu spogl\u0105da\u0142em za niemi. Wielkie mia\u0142em pragnienie uda\u0107 si\u0119 do nich i \u017cy\u0107 odt\u0105d w niewinno\u015bci. Od tego czasu nie mia\u0142em najmniejszego poci\u0105gu do biesiady, do pi\u0119knego ubioru, do \u017cart\u00f3w, do koni, do polowania, wog\u00f3le do uciech \u015bwiatowych; polubi\u0142em tylko ksi\u0105\u017cki nabo\u017cne, ch\u0119tnie przebywa\u0142em w towarzystwie nabo\u017cnych ludzi, a pragn\u0105\u0142em tylko nauk i zbawienia.\u201c<\/p>\n\n\n\n<p class=\"has-text-align-justify wp-block-paragraph\">Grzegorz ucz\u0119szcza\u0142 do szk\u00f3\u0142 w Cezarei, Aleksandryi i Atenach, gdzie z Bazylim i bratem jego Grzegorzem po\u0142\u0105czy\u0142 si\u0119 trwa\u0142ym w\u0119z\u0142em przyja\u017ani, jaki na ca\u0142y \u015bwiat zas\u0142yn\u0105\u0142 pod nazw\u0105 \u201etr\u00f3jcy kapadockiej.\u201c On sam o tym zwi\u0105zku pisze: \u201eTa sama d\u0105\u017cno\u015b\u0107 do nauk o\u017cywia\u0142a nas wszystkich, a przytem jeden nie pa\u0142a\u0142 zazdro\u015bci\u0105 naprzeciw innym, przeciwnie ka\u017cdy z nas stara\u0142 si\u0119 towarzysz\u00f3w zach\u0119ca\u0107 do coraz wi\u0119kszej cnoty i doskona\u0142o\u015bci; \u017cycic nasze po\u015bwi\u0119cone by\u0142o Bogu i Niebu. Obcowali\u015bmy tylko z najlepsz\u0105 i najmoralniejsz\u0105 m\u0142odzie\u017c\u0105, albowiem lekkomy\u015blni i na niecnoty wyuzdani towarzysze bardzo cz\u0119sto poci\u0105gaj\u0105 innych do wyst\u0119pku. Znali\u015bmy tylko dwie drogi: jedn\u0119 do ko\u015bcio\u0142a i do kap\u0142an\u00f3w, a drug\u0105 do nauk. Zabawy lekkomy\u015blne \u015bwiatowe, rozrywki zmys\u0142owe, teatry, biesiady, pozostawili\u015bmy tym, kt\u00f3rzy si\u0119 w nich rozkoszowali i tem gardzili\u015bmy, co \u017cycia chrze\u015bcijanina nie uszlachetnia i cz\u0142owieka nie naprawia.<\/p>\n\n\n\n<p class=\"has-text-align-justify wp-block-paragraph\">Kiedy Grzegorz w Atenach posk\u0142ada\u0142 \u015bwietne egzamina i wraca\u0142 pe\u0142en nadziei w progi rodzinne, powsta\u0142a na morzu wielka burza i grozi\u0142a rozbiciem statku. W tem niebezpiecze\u0144stwie \u017cycia pad\u0142 na kolana \u00f3w m\u0142ody uczony na pok\u0142adzie statku i \u015blubowa\u0142, \u017ce je\u015bli \u017cycie ocali, nie tylko zaraz przyjmie Chrzest \u015bwi\u0119ty, ale nawet zostanie kap\u0142anem. Burza natychmiast si\u0119 uciszy\u0142a, okr\u0119t szcz\u0119\u015bliwie przybi\u0142 do brzegu, a on po\u015bpieszy\u0142 zaraz do Nazyanzu w obj\u0119cia ojca, kt\u00f3ry tam w\u0142a\u015bnie by\u0142 Biskupem, przyj\u0105\u0142 Chrzest \u015bwi\u0119ty i zacz\u0105\u0142 \u017cy\u0107 samotnie, czas jak zakonnik na modlitwie i rozmy\u015blaniu przep\u0119dzaj\u0105c. Pot\u0119ga uczucia przyja\u017ani zniewoli\u0142a go uda\u0107 si\u0119 do Bazylego do Pontu i tam razem z nim stroni\u0105c od \u015bwiata, przeby\u0142 dwa lata, dop\u00f3ki go nieostro\u017cno\u015b\u0107 ojca nie zniewoli\u0142a do powrotu do Nazyanzu. Ojciec ten oszo\u0142omiony przez podst\u0119pnych aryan, podpisa\u0142 si\u0119 na wyznanie wiary heretyckiej, a z tego powodu usun\u0119\u0142o si\u0119 od niego wielu wyznawc\u00f3w. Grzegorz m\u0142ody przyby\u0142 na miejsce, dok\u0105d go ojciec powo\u0142a\u0142, i tam bardzo \u0142atwo wym\u00f3g\u0142 na ojcu, \u017ce ten zerwa\u0142 z aryanami i publicznie przyzna\u0142 si\u0119 do wyznania katolickiego.<\/p>\n\n\n\n<p class=\"has-text-align-justify wp-block-paragraph\">\u2009W uroczysto\u015b\u0107 Bo\u017cego Narodzenia 361 roku wszed\u0142 ojciec niespodzianie do ko\u015bcio\u0142a, gdzie zasta\u0142 syna i w\u015br\u00f3d wielkiego zapa\u0142u zebranego tam\u017ce ludu wy\u015bwi\u0119ci\u0142 go na kap\u0142ana. Grzegorz zdumiony nie \u015bmia\u0142 si\u0119 oprze\u0107 ojcu, jako Biskupowi, ale by\u0142 bardzo zaniepokojony, maj\u0105c obaw\u0119 przed wznios\u0142o\u015bci\u0105 godno\u015bci kap\u0142a\u0144skiej i przed odpowiedzialno\u015bci\u0105 i uda\u0142 si\u0119 do przyjaciela Bazylego. Atoli pro\u015bbom ojca i ludu nie m\u00f3g\u0142 si\u0119 d\u0142ugo oprze\u0107, powr\u00f3ci\u0142 tedy do Nazyanzu i wzi\u0105\u0142 czynny udzia\u0142 w obowi\u0105zkach kap\u0142a\u0144skich; utrudniali mu za\u015b te obowi\u0105zki jeszcze aryanie i odszczepieniec od wiary, cesarz Julian.<br><\/p>\n\n\n\n<p class=\"wp-block-paragraph\">\u2009Po \u015bmierci ojca \u017c\u0105da\u0142 lud widzie\u0107 Grzegorza Biskupem, ale on powt\u00f3rnie uszed\u0142 do przyjaciela Bazylego, b\u0119d\u0105cego ju\u017c Biskupem w Cezarei, gdzie go ten\u017ce mianowa\u0142 Biskupem w Sasimie; polityczne stosunki nie pozwala\u0142y jednakowo\u017c Grzegorzowi obj\u0105\u0107 tam\u017ce w\u0142adzy Biskupiej. \u2014 W roku 379 powo\u0142ano Grzegorza do Konstantynopola. Katolicy tamtejsi, kt\u00f3rych ma\u0142a garstka pozostawa\u0142a pod panowaniem kacerza, cesarza Walensa, utracili wszystkie ko\u015bcio\u0142y, kt\u00f3re zabrali im aryanie, lecz pod jego nast\u0119pc\u0105 Teodozyuszem mieli nadziej\u0119, \u017ce im ko\u015bcio\u0142y b\u0119d\u0105 zwr\u00f3cone i oczekiwali Arcypasterza. Kiedy Grzegorza spostrzegli, nie byli z razu zadowoleni, gdy\u017c postawa Grzegorza nie wzbudza\u0142a w nich wielkiego zapa\u0142u; by\u0142 bowiem, jak sam pisze, ma\u0142ym, \u0142ysym cz\u0142owiekiem, pochylonym latami, wyn\u0119dznia\u0142ym przez \u017cycie pokutnicze, ubranym ubogo. Atoli pierwsze kazanie jego bardzo ich o\u017cywi\u0142o; liczba s\u0142uchaczy i nawr\u00f3conych odt\u0105d z ka\u017cdym dniem ros\u0142a, a zapa\u0142 dla wymownego tego m\u00f3wcy zwi\u0119ksza\u0142 si\u0119 po ka\u017cdem kazaniu. Aryanie zaniepokoili si\u0119 tym jego wszechpot\u0119\u017cnym wp\u0142ywem, zarazem zawrza\u0142a w nich nienawi\u015b\u0107 i przekle\u0144stwami, kamieniami i b\u0142otem zacz\u0119li go obrzuca\u0107, a potem zburzyli jego mieszkanie i kaplic\u0119. Grzegorz zem\u015bci\u0142 si\u0119 na nich, jak to \u015awi\u0119ty zwyk\u0142 czyni\u0107, to jest dobrodziejstwami, dobroci\u0105 i cierpliwo\u015bci\u0105. \u0141agodno\u015b\u0107 ta jego by\u0142a im niezno\u015bn\u0105; wys\u0142ali zatem m\u0142odego z\u0142oczy\u0144c\u0119, by ten go skrycie zamordowa\u0142, ale \u00f3w stan\u0105wszy przed Biskupem straci\u0142 odwag\u0119 i upad\u0142szy na kolana, wyzna\u0142 sw\u00f3j zamiar zbrodniczy. S\u0142owami przeto, pe\u0142nemi mi\u0142o\u015bci odezwa\u0142 si\u0119 Biskup do niego: \u201eNiechaj ci B\u00f3g przebaczy, jak ja ci przebaczam t\u0119 zbrodni\u0119; teraz ju\u017c do mnie ca\u0142kowicie nale\u017cysz, a ja \u017c\u0105dam, aby\u015b odt\u0105d \u017cy\u0142 w boja\u017ani Bo\u017cej!\u201c I tak si\u0119 te\u017c sta\u0142o.<\/p>\n\n\n\n<p class=\"has-text-align-justify wp-block-paragraph\">Zaj\u015bcie to tem wi\u0119cej mu przyczyni\u0142o stronnik\u00f3w, czcicieli i wyznawc\u00f3w wiary prawdziwej; kacerze i poganie gromadzili si\u0119 ko\u0142o jego kazalnicy, a s\u0142awa jego ros\u0142a nies\u0142ychanie. Uczeni, jak Ewagryusz, Hieronim i inni przybywali zewsz\u0105d, aby zosta\u0107 jego uczniami. Pomi\u0119dzy tymi uczniami znalaz\u0142 si\u0119 niegodziwy pochlebca, Maksymus, kt\u00f3ry nadu\u017cy\u0142 jego mi\u0142o\u015bci i dobroci, po\u0142\u0105czy\u0142 si\u0119 z jego nieprzyjaci\u00f3\u0142mi i kaza\u0142 si\u0119 wy\u015bwi\u0119ci\u0107 przez Biskup\u00f3w arya\u0144skich na Patryarch\u0119 Konstantynopola, albowiem Grzegorz jeszcze nic by\u0142 uprawnionym Biskupem w tem mie\u015bcie. Aby unikn\u0105\u0107\u00a0wszelkich niepokoj\u00f3w, chcia\u0142 Grzegorz z\u0142o\u017cy\u0107 urz\u0105d, ale cesarz Teodozyusz wprowadzi\u0142 go w\u0142asn\u0105 r\u0119k\u0105 do ko\u015bcio\u0142a \u015bwi\u0119tej Zofii, odda\u0142 mu pa\u0142ac Biskupi na mieszkanie, a og\u00f3lny Sob\u00f3r w roku 381 mianowa\u0142 go uroczy\u015bcie Patryarch\u0105.<\/p>\n\n\n\n<p class=\"has-text-align-justify wp-block-paragraph\">\u2009Tego powodu u\u017cy\u0142o kilku Biskup\u00f3w w Egipcie i nie chcieli uzna\u0107 wyboru Grzegorza na Biskupa Stolicy, dlatego \u2014 jak m\u00f3wili \u2014 \u017ce Grzegorza poprzednio mianowano Biskupem w Sasimie i \u017ce z tego powodu nie powinien obiera\u0107 innej Stolicy Biskupiej na mieszkanie. Grzegorz Biskupom tym odpowiedzia\u0142 s\u0142owy nast\u0119puj\u0105cemi: \u201eDrodzy bracia, jeste\u015bcie wyobrazicielami pokoju, dlatego nie powinno w\u015br\u00f3d was by\u0107 niezgody. Je\u015bli m\u00f3j ob\u00f3r tak was zaniepokoi\u0142, to o\u015bwiadczam tutaj s\u0142owami Proroka Jonasza: \u201eWe\u017amijcie mnie i wrzu\u0107cie do morza, i\u017cby si\u0119 burza uciszy\u0142a, kt\u00f3rej ja nie wywo\u0142a\u0142em. Nigdy nie \u017c\u0105da\u0142em zosta\u0107 Biskupem, a je\u015bli nim jestem, sta\u0142o si\u0119 to wbrew woli mojej. Wiek m\u00f3j i os\u0142abienie cia\u0142a po\u017c\u0105da spokoju i ch\u0119tnie po\u015bpiesz\u0119 do samotno\u015bci, byle tylko w Ko\u015bciele Bo\u017cym spok\u00f3j zapanowa\u0142. Tylko t\u0119 mam do was pro\u015bb\u0119, postarajcie si\u0119, aby Biskupem Konstantynopolskim zosta\u0142 m\u0105\u017c, kt\u00f3ryby gorliwie broni\u0142 wiary prawdziwej.\u201c Po tych s\u0142owach opu\u015bci\u0142 zebranych i uprosi\u0142 cesarza, aby go zwolni\u0142, chocia\u017c ten niech\u0119tnie to uczyni\u0142.<\/p>\n\n\n\n<p class=\"has-text-align-justify wp-block-paragraph\">Wzruszaj\u0105cem by\u0142o po\u017cegnanie \u015awi\u0119tego z Stolic\u0105, kt\u00f3rej mieszka\u0144c\u00f3w g\u0142\u00f3wnie on zjedna\u0142 do Wiary \u015bwi\u0119tej i przywi\u00f3d\u0142 z kacerstwa pod stopy Jezusa Chrystusa. Pe\u0142en rado\u015bci powr\u00f3ci\u0142 do Nazyanzu, a stamt\u0105d do maj\u0105tku, kt\u00f3ry odziedziczy\u0142 po ojcu, aby tam przep\u0119dza\u0107 pod\u0142ug zwyczaju czas na pokucie i pisa\u0107 dzie\u0142a dla ludu chrze\u015bcija\u0144skiego.<\/p>\n\n\n\n<p class=\"has-text-align-justify wp-block-paragraph\">Poniewa\u017c heretycy starali si\u0119 poci\u0105gn\u0105\u0107 za sob\u0105 lud kochaj\u0105cy si\u0119 w \u015bpiewie i poezyi, napisa\u0142 Grzegorz w p\u00f3\u017anym wieku du\u017co religijnych wierszy ku nauce i utwierdzeniu wiernych wyznawc\u00f3w w Wierze \u015bwi\u0119tej.<\/p>\n\n\n\n<p class=\"has-text-align-justify wp-block-paragraph\">Zasn\u0105\u0142 spokojnie snem wiecznym w roku 389. Jego drogie relikwie d\u0142ugo spoczywa\u0142y w ko\u015bciele w Nazyanzie, potem przeniesiono je do Konstantynopola, a od czasu wojen krzy\u017cowych znajduj\u0105 si\u0119 w Rzymie w ko\u015bciele Watyka\u0144skim.<\/p>\n\n\n\n<h2 class=\"wp-block-heading\"><br><strong>Nauka moralna.<\/strong><\/h2>\n\n\n\n<p class=\"wp-block-paragraph\">\u2009Uczucie przyja\u017ani, \u0142\u0105cz\u0105ce \u015bw. Grzegorza przez ca\u0142e \u017cycie z Bazylim, by\u0142o dla obydwu niewyczerpanym skarbem szlachetnych rozkoszy, duchowych korzy\u015bci, s\u0142odkiej pociechy i szcz\u0119\u015bcia. Ka\u017cdy cz\u0142owiek \u2014 a wi\u0119c i ty Czytelniku \u2014 czuje potrzeb\u0119 uczucia przyja\u017ani; rozwa\u017c zatem te dwa pytania:<\/p>\n\n\n\n<p class=\"wp-block-paragraph\">Kto jest moim przyjacielem?<\/p>\n\n\n\n<p class=\"has-text-align-justify wp-block-paragraph\">Pomi\u0119dzy sk\u0142onno\u015bciami i pop\u0119dami, kt\u00f3rym dusza twoja podlega, w pierwszym rz\u0119dzie jest mi\u0142o\u015b\u0107. Masz w sobie poci\u0105g niepohamowany kocha\u0107 kogo\u015b, a \u017cycie by\u0142oby dla ciebie niezno\u015bnem, gdyby\u015b nie mia\u0142 nikogo takiego, do kt\u00f3regoby\u015b nie zdo\u0142a\u0142 zwr\u00f3ci\u0107 si\u0119 z tem uczuciem. Tak samo czujesz potrzeb\u0119 by\u0107 kochanym. \u017bycie dla ciebie by\u0142oby przykrem, gdyby ci\u0119 nikt nie mia\u0142 kocha\u0107. Uczucie to mi\u0142o\u015bci i wywi\u0105zuj\u0105cej si\u0119 z niej przyja\u017ani wpoi\u0142 Pan B\u00f3g w serca nasze. \u201eMi\u0142o\u015b\u0107 \u2014 m\u00f3wi \u015bw. Franciszek Salezy \u2014 jest kr\u00f3low\u0105 uczu\u0107 i \u017cycze\u0144 serca, ona nas kszta\u0142ci, poci\u0105ga i r\u00f3wna nas z przedmiotem naszej mi\u0142o\u015bci.\u201c<\/p>\n\n\n\n<p class=\"wp-block-paragraph\">Kto ma by\u0107 mym przyjacielem?<\/p>\n\n\n\n<p class=\"has-text-align-justify wp-block-paragraph\">Ma\u0142a lub wielka warto\u015b\u0107 przyja\u017ani bywa cenion\u0105 pod\u0142ug warto\u015bci spraw przymiot\u00f3w lub przedmiot\u00f3w, kt\u00f3re stanowi\u0105 podstaw\u0119 przyja\u017ani. Je\u017celi sprawy te s\u0105 zmys\u0142owe, lekkomy\u015blne, nawet grzeszne, jak np.: pi\u0119kno\u015b\u0107 cia\u0142a, doczesne bogactwa, \u015bpiewy, ta\u0144ce itp., to przyja\u017a\u0144 taka jest zmys\u0142ow\u0105, pospolit\u0105, nawet grzeszn\u0105 \u2014 je\u015bli te sprawy s\u0105 prawdziwie szlachetne, moralne, dobre, Bogu mi\u0142e, jak: nauki, sztuki pi\u0119kne, wychowanie m\u0142odzie\u017cy, piel\u0119gnowanie chorych, cnoty i pobo\u017cno\u015b\u0107, to i przyja\u017a\u0144 jest prawdziw\u0105, szlachetn\u0105, dobroczynn\u0105, Panu Bogu upodoban\u0105, a taka tylko zas\u0142uguje na pi\u0119kn\u0105, mi\u0142\u0105 nazw\u0119 przyja\u017ani. O tak\u0105 przyja\u017a\u0144 si\u0119 nam stara\u0107 nale\u017cy.<br><\/p>\n\n\n\n<h2 class=\"wp-block-heading\"><strong>Modlitwa.<\/strong><\/h2>\n\n\n\n<blockquote class=\"wp-block-quote is-layout-flow wp-block-quote-is-layout-flow\"><p>\u2009Bo\u017ce, kt\u00f3ry\u015b lud Tw\u00f3j dla wskazania mu drogi zbawienia wiecznego, b\u0142ogos\u0142awionym Grzegorzem, wielkim s\u0142ug\u0105 Twoim obdarzy\u0142, spraw, prosimy Ci\u0119, aby\u015bmy posiadaj\u0105c go jako mistrza \u017cycia chrze\u015bcija\u0144skiego na ziemi, zas\u0142u\u017cyli mie\u0107 go przyczy\u0144c\u0105 w Niebie. Amen.<\/p><\/blockquote>\n\n\n\n<figure class=\"wp-block-table\"><table><tbody><tr><td>\u2217&nbsp;&nbsp;&nbsp;&nbsp;&nbsp;&nbsp;&nbsp;&nbsp;&nbsp;&nbsp;&nbsp;&nbsp;&nbsp;&nbsp;&nbsp;&nbsp;&nbsp;&nbsp;&nbsp;&nbsp;\u2217<br>\u2217<\/td><\/tr><\/tbody><\/table><\/figure>\n\n\n\n<p class=\"wp-block-paragraph\">\u2009<em>Opr\u00f3cz tego obchodzi Ko\u015bci\u00f3\u0142 \u015bwi\u0119ty pami\u0105tk\u0119 nast\u0119puj\u0105cych \u015awi\u0119tych Pa\u0144skich, zamieszczonych w rzymskiem martyrologium:<\/em><\/p>\n\n\n\n<p class=\"has-text-align-justify wp-block-paragraph\">\u2009<strong>Dnia 9-go maja<\/strong>&nbsp;w Nazyanzie uroczysto\u015b\u0107 \u015bw.&nbsp;Grzegorza, Biskupa, kt\u00f3ry za swe nadzwyczajne umiej\u0119tno\u015bci teologiczne otrzyma\u0142 przydomek Teologa. On wskrzesi\u0142 na nowo wiar\u0119 katolick\u0105 w Konstantynopolu i zdusi\u0142 powstaj\u0105ce nauki b\u0142\u0119dnowiercze. \u2014 W Rzymie pami\u0105tka \u015bw.&nbsp;Hermasa, o kt\u00f3rym wspomina \u015bw. Aposto\u0142 Pawe\u0142 w listach swych do Rzymian. Z powodu i\u017c z pe\u0142nem po\u015bwi\u0119ceniem odda\u0142 si\u0119 s\u0142u\u017cbie Bo\u017cej, zosta\u0142 godn\u0105 ofiar\u0105 przed Panem, a bogaty w cnoty zdoby\u0142 sobie chwa\u0142\u0119 niebiesk\u0105. \u2014 W Persyi \u015bmier\u0107 m\u0119cze\u0144ska 310&nbsp;M\u0119czennik\u00f3w. \u2014 W Cagli przy Via Flaminia m\u0119cze\u0144stwo \u015bw.&nbsp;Gerontyusza, Biskupa z Cerwii. \u2014 W Vendome pochowanie \u015bw.&nbsp;Beatusa, Wyznawcy. \u2014 W Konstantynopolu przeniesienie relikwii \u015bw.&nbsp;Andrzeja, Aposto\u0142a, i \u015bw.&nbsp;\u0141ukasza, Ewangelisty z Achaja i \u015bwi\u0119tego Tymoteusza, Ucznia \u015bw. Paw\u0142a, Aposto\u0142a, z Efezu. Relikwie \u015bw. Andrzeja zosta\u0142y p\u00f3\u017aniej przeniesione do Amalfi, gdzie doznaj\u0105 od wiernych czci wielkiej; z jego grobu s\u0105cz\u0105 bezustannie krople cudownie uzdrawiaj\u0105cego p\u0142ynu. \u2014 W Rzymie&nbsp;przeniesienie \u015bw. Hieronima. Kap\u0142ana i Nauczyciela Ko\u015bcio\u0142a z Betleem do bazyliki Santa Maria Maggiore. \u2014 W Bari w Apulii&nbsp;przeniesienie zw\u0142ok \u015bwi\u0119tego Miko\u0142aja, Biskupa, z Myra do Licyi.<\/p>","protected":false},"excerpt":{"rendered":"<p>\u015aw. Grzegorz z Nazjanzu studiowa\u0142 filozofi\u0119 w Atenach z Julianem Apostat\u0105. Jeden zosta\u0142 \u015bwi\u0119tym, drugi odst\u0119pc\u0105 i prze\u015bladowc\u0105 chrze\u015bcija\u0144stwa. A nauczycieli mieli tych samych, wi\u0119c trudno zrzuci\u0107 win\u0119 na otoczenie.<\/p>","protected":false},"author":60508433,"featured_media":46504,"comment_status":"open","ping_status":"open","sticky":false,"template":"","format":"standard","meta":{"_bbp_topic_count":0,"_bbp_reply_count":0,"_bbp_total_topic_count":0,"_bbp_total_reply_count":0,"_bbp_voice_count":0,"_bbp_anonymous_reply_count":0,"_bbp_topic_count_hidden":0,"_bbp_reply_count_hidden":0,"_bbp_forum_subforum_count":0,"_editorskit_title_hidden":false,"_editorskit_reading_time":0,"_editorskit_is_block_options_detached":false,"_editorskit_block_options_position":"{}","_coblocks_attr":"","_coblocks_dimensions":"","_coblocks_responsive_height":"","_coblocks_accordion_ie_support":"","_exactmetrics_skip_tracking":false,"_jetpack_newsletter_access":"","_jetpack_dont_email_post_to_subs":false,"_jetpack_newsletter_tier_id":0,"_jetpack_memberships_contains_paywalled_content":false,"_wpcom_ai_launchpad_first_post":false,"_jetpack_feature_clip_id":0,"_jetpack_memberships_contains_paid_content":false,"footnotes":"","jetpack_publicize_message":"{title}\n\n{excerpt}\n\n{url}","jetpack_publicize_feature_enabled":true,"jetpack_social_post_already_shared":true,"jetpack_social_options":{"image_generator_settings":{"template":"highway","default_image_id":0,"font":"","enabled":false},"version":2},"_wpas_customize_per_network":false,"jetpack_post_was_ever_published":false},"categories":[610131820,610131184,336375535,610134932,610131268,610131155],"tags":[610133352],"class_list":["post-68105","post","type-post","status-publish","format-standard","has-post-thumbnail","hentry","category-swieta-w-maju","category-duchowosc","category-liturgia-i-liturgika","category-mescy-swieci","category-rok-liturgiczny","category-rozwazania","tag-mescy-swieci"],"yoast_head":"<!-- This site is optimized with the Yoast SEO plugin v28.4 - https:\/\/yoast.com\/product\/yoast-seo-wordpress\/ -->\n<title>9-go Maja. \u017bywot \u015bwi\u0119tego Grzegorza z Nazyanzu. - Tradycja i Wiara<\/title>\n<meta name=\"robots\" content=\"index, follow, max-snippet:-1, max-image-preview:large, max-video-preview:-1\" \/>\n<link rel=\"canonical\" href=\"https:\/\/wobronietradycjiiwiary.com\/en\/9-go-maja-zywot-swietego-grzegorza-z-nazyanzu-2\/\" \/>\n<meta property=\"og:locale\" content=\"en_US\" \/>\n<meta property=\"og:type\" content=\"article\" \/>\n<meta property=\"og:title\" content=\"9-go Maja. \u017bywot \u015bwi\u0119tego Grzegorza z Nazyanzu. - Tradycja i Wiara\" \/>\n<meta property=\"og:description\" content=\"\u015aw. Grzegorz z Nazjanzu studiowa\u0142 filozofi\u0119 w Atenach z Julianem Apostat\u0105. Jeden zosta\u0142 \u015bwi\u0119tym, drugi odst\u0119pc\u0105 i prze\u015bladowc\u0105 chrze\u015bcija\u0144stwa. A nauczycieli mieli tych samych, wi\u0119c trudno zrzuci\u0107 win\u0119 na otoczenie.\" \/>\n<meta property=\"og:url\" content=\"https:\/\/wobronietradycjiiwiary.com\/en\/9-go-maja-zywot-swietego-grzegorza-z-nazyanzu-2\/\" \/>\n<meta property=\"og:site_name\" content=\"Tradycja i Wiara\" \/>\n<meta property=\"article:publisher\" content=\"https:\/\/www.facebook.com\/Tradycja-i-Wiara-108813920592249\" \/>\n<meta property=\"article:published_time\" content=\"2022-05-09T06:15:36+00:00\" \/>\n<meta property=\"article:modified_time\" content=\"2025-02-12T09:55:01+00:00\" \/>\n<meta property=\"og:image\" content=\"https:\/\/wobronietradycjiiwiary.com\/wp-content\/uploads\/2021\/05\/Gregory-of-Nazianz.jpg\" \/>\n\t<meta property=\"og:image:width\" content=\"186\" \/>\n\t<meta property=\"og:image:height\" content=\"271\" \/>\n\t<meta property=\"og:image:type\" content=\"image\/jpeg\" \/>\n<meta name=\"author\" content=\"Traditio et Fides\" \/>\n<meta name=\"twitter:card\" content=\"summary_large_image\" \/>\n<meta name=\"twitter:label1\" content=\"Written by\" \/>\n\t<meta name=\"twitter:data1\" content=\"Traditio et Fides\" \/>\n\t<meta name=\"twitter:label2\" content=\"Est. reading time\" \/>\n\t<meta name=\"twitter:data2\" content=\"11 minutes\" \/>\n<script type=\"application\/ld+json\" class=\"yoast-schema-graph\">{\"@context\":\"https:\\\/\\\/schema.org\",\"@graph\":[{\"@type\":\"Article\",\"@id\":\"https:\\\/\\\/wobronietradycjiiwiary.com\\\/9-go-maja-zywot-swietego-grzegorza-z-nazyanzu-2\\\/#article\",\"isPartOf\":{\"@id\":\"https:\\\/\\\/wobronietradycjiiwiary.com\\\/9-go-maja-zywot-swietego-grzegorza-z-nazyanzu-2\\\/\"},\"author\":{\"name\":\"Traditio et Fides\",\"@id\":\"https:\\\/\\\/wobronietradycjiiwiary.com\\\/pl\\\/#\\\/schema\\\/person\\\/2d6180ce6abcb681fef0daab7816e8f3\"},\"headline\":\"9-go Maja. \u017bywot \u015bwi\u0119tego Grzegorza z Nazyanzu.\",\"datePublished\":\"2022-05-09T06:15:36+00:00\",\"dateModified\":\"2025-02-12T09:55:01+00:00\",\"mainEntityOfPage\":{\"@id\":\"https:\\\/\\\/wobronietradycjiiwiary.com\\\/9-go-maja-zywot-swietego-grzegorza-z-nazyanzu-2\\\/\"},\"wordCount\":2205,\"commentCount\":0,\"publisher\":{\"@id\":\"https:\\\/\\\/wobronietradycjiiwiary.com\\\/pl\\\/#organization\"},\"image\":{\"@id\":\"https:\\\/\\\/wobronietradycjiiwiary.com\\\/9-go-maja-zywot-swietego-grzegorza-z-nazyanzu-2\\\/#primaryimage\"},\"thumbnailUrl\":\"https:\\\/\\\/wobronietradycjiiwiary.com\\\/wp-content\\\/uploads\\\/2021\\\/05\\\/Gregory-of-Nazianz.jpg\",\"keywords\":[\"m\u0119scy \u015bwi\u0119ci\"],\"articleSection\":[\"05. \u015awi\u0119ta w maju\",\"Duchowo\u015b\u0107\",\"Liturgia i liturgika\",\"M\u0119scy \u015bwi\u0119ci\",\"Rok liturgiczny\",\"Rozwa\u017cania liturgiczne\"],\"inLanguage\":\"en-US\",\"potentialAction\":[{\"@type\":\"CommentAction\",\"name\":\"Comment\",\"target\":[\"https:\\\/\\\/wobronietradycjiiwiary.com\\\/9-go-maja-zywot-swietego-grzegorza-z-nazyanzu-2\\\/#respond\"]}]},{\"@type\":\"WebPage\",\"@id\":\"https:\\\/\\\/wobronietradycjiiwiary.com\\\/9-go-maja-zywot-swietego-grzegorza-z-nazyanzu-2\\\/\",\"url\":\"https:\\\/\\\/wobronietradycjiiwiary.com\\\/9-go-maja-zywot-swietego-grzegorza-z-nazyanzu-2\\\/\",\"name\":\"9-go Maja. \u017bywot \u015bwi\u0119tego Grzegorza z Nazyanzu. - Tradycja i Wiara\",\"isPartOf\":{\"@id\":\"https:\\\/\\\/wobronietradycjiiwiary.com\\\/pl\\\/#website\"},\"primaryImageOfPage\":{\"@id\":\"https:\\\/\\\/wobronietradycjiiwiary.com\\\/9-go-maja-zywot-swietego-grzegorza-z-nazyanzu-2\\\/#primaryimage\"},\"image\":{\"@id\":\"https:\\\/\\\/wobronietradycjiiwiary.com\\\/9-go-maja-zywot-swietego-grzegorza-z-nazyanzu-2\\\/#primaryimage\"},\"thumbnailUrl\":\"https:\\\/\\\/wobronietradycjiiwiary.com\\\/wp-content\\\/uploads\\\/2021\\\/05\\\/Gregory-of-Nazianz.jpg\",\"datePublished\":\"2022-05-09T06:15:36+00:00\",\"dateModified\":\"2025-02-12T09:55:01+00:00\",\"breadcrumb\":{\"@id\":\"https:\\\/\\\/wobronietradycjiiwiary.com\\\/9-go-maja-zywot-swietego-grzegorza-z-nazyanzu-2\\\/#breadcrumb\"},\"inLanguage\":\"en-US\",\"potentialAction\":[{\"@type\":\"ReadAction\",\"target\":[\"https:\\\/\\\/wobronietradycjiiwiary.com\\\/9-go-maja-zywot-swietego-grzegorza-z-nazyanzu-2\\\/\"]}]},{\"@type\":\"ImageObject\",\"inLanguage\":\"en-US\",\"@id\":\"https:\\\/\\\/wobronietradycjiiwiary.com\\\/9-go-maja-zywot-swietego-grzegorza-z-nazyanzu-2\\\/#primaryimage\",\"url\":\"https:\\\/\\\/wobronietradycjiiwiary.com\\\/wp-content\\\/uploads\\\/2021\\\/05\\\/Gregory-of-Nazianz.jpg\",\"contentUrl\":\"https:\\\/\\\/wobronietradycjiiwiary.com\\\/wp-content\\\/uploads\\\/2021\\\/05\\\/Gregory-of-Nazianz.jpg\",\"width\":186,\"height\":271},{\"@type\":\"BreadcrumbList\",\"@id\":\"https:\\\/\\\/wobronietradycjiiwiary.com\\\/9-go-maja-zywot-swietego-grzegorza-z-nazyanzu-2\\\/#breadcrumb\",\"itemListElement\":[{\"@type\":\"ListItem\",\"position\":1,\"name\":\"Strona g\u0142\u00f3wna\",\"item\":\"https:\\\/\\\/wobronietradycjiiwiary.com\\\/\"},{\"@type\":\"ListItem\",\"position\":2,\"name\":\"9-go Maja. \u017bywot \u015bwi\u0119tego Grzegorza z Nazyanzu.\"}]},{\"@type\":\"WebSite\",\"@id\":\"https:\\\/\\\/wobronietradycjiiwiary.com\\\/pl\\\/#website\",\"url\":\"https:\\\/\\\/wobronietradycjiiwiary.com\\\/pl\\\/\",\"name\":\"Tradycja i Wiara\",\"description\":\"Portal dla katolik\u00f3w.\",\"publisher\":{\"@id\":\"https:\\\/\\\/wobronietradycjiiwiary.com\\\/pl\\\/#organization\"},\"potentialAction\":[{\"@type\":\"SearchAction\",\"target\":{\"@type\":\"EntryPoint\",\"urlTemplate\":\"https:\\\/\\\/wobronietradycjiiwiary.com\\\/pl\\\/?s={search_term_string}\"},\"query-input\":{\"@type\":\"PropertyValueSpecification\",\"valueRequired\":true,\"valueName\":\"search_term_string\"}}],\"inLanguage\":\"en-US\"},{\"@type\":\"Organization\",\"@id\":\"https:\\\/\\\/wobronietradycjiiwiary.com\\\/pl\\\/#organization\",\"name\":\"Tradycja i Wiara\",\"url\":\"https:\\\/\\\/wobronietradycjiiwiary.com\\\/pl\\\/\",\"logo\":{\"@type\":\"ImageObject\",\"inLanguage\":\"en-US\",\"@id\":\"https:\\\/\\\/wobronietradycjiiwiary.com\\\/pl\\\/#\\\/schema\\\/logo\\\/image\\\/\",\"url\":\"https:\\\/\\\/i0.wp.com\\\/wobronietradycjiiwiary.com\\\/wp-content\\\/uploads\\\/2015\\\/10\\\/cropped-st-peters-dome-vatican.jpg?fit=940%2C198&ssl=1\",\"contentUrl\":\"https:\\\/\\\/i0.wp.com\\\/wobronietradycjiiwiary.com\\\/wp-content\\\/uploads\\\/2015\\\/10\\\/cropped-st-peters-dome-vatican.jpg?fit=940%2C198&ssl=1\",\"width\":940,\"height\":198,\"caption\":\"Tradycja i Wiara\"},\"image\":{\"@id\":\"https:\\\/\\\/wobronietradycjiiwiary.com\\\/pl\\\/#\\\/schema\\\/logo\\\/image\\\/\"},\"sameAs\":[\"https:\\\/\\\/www.facebook.com\\\/Tradycja-i-Wiara-108813920592249\"]},{\"@type\":\"Person\",\"@id\":\"https:\\\/\\\/wobronietradycjiiwiary.com\\\/pl\\\/#\\\/schema\\\/person\\\/2d6180ce6abcb681fef0daab7816e8f3\",\"name\":\"Traditio et Fides\",\"sameAs\":[\"https:\\\/\\\/traditionundglauben.com\"],\"url\":\"https:\\\/\\\/wobronietradycjiiwiary.com\\\/en\\\/author\\\/wobronietradycjiiwiary\\\/\"}]}<\/script>\n<!-- \/ Yoast SEO plugin. -->","yoast_head_json":{"title":"9-go Maja. \u017bywot \u015bwi\u0119tego Grzegorza z Nazyanzu. - Tradycja i Wiara","robots":{"index":"index","follow":"follow","max-snippet":"max-snippet:-1","max-image-preview":"max-image-preview:large","max-video-preview":"max-video-preview:-1"},"canonical":"https:\/\/wobronietradycjiiwiary.com\/en\/9-go-maja-zywot-swietego-grzegorza-z-nazyanzu-2\/","og_locale":"en_US","og_type":"article","og_title":"9-go Maja. \u017bywot \u015bwi\u0119tego Grzegorza z Nazyanzu. - Tradycja i Wiara","og_description":"\u015aw. Grzegorz z Nazjanzu studiowa\u0142 filozofi\u0119 w Atenach z Julianem Apostat\u0105. Jeden zosta\u0142 \u015bwi\u0119tym, drugi odst\u0119pc\u0105 i prze\u015bladowc\u0105 chrze\u015bcija\u0144stwa. A nauczycieli mieli tych samych, wi\u0119c trudno zrzuci\u0107 win\u0119 na otoczenie.","og_url":"https:\/\/wobronietradycjiiwiary.com\/en\/9-go-maja-zywot-swietego-grzegorza-z-nazyanzu-2\/","og_site_name":"Tradycja i Wiara","article_publisher":"https:\/\/www.facebook.com\/Tradycja-i-Wiara-108813920592249","article_published_time":"2022-05-09T06:15:36+00:00","article_modified_time":"2025-02-12T09:55:01+00:00","og_image":[{"width":186,"height":271,"url":"https:\/\/wobronietradycjiiwiary.com\/wp-content\/uploads\/2021\/05\/Gregory-of-Nazianz.jpg","type":"image\/jpeg"}],"author":"Traditio et Fides","twitter_card":"summary_large_image","twitter_misc":{"Written by":"Traditio et Fides","Est. reading time":"11 minutes"},"schema":{"@context":"https:\/\/schema.org","@graph":[{"@type":"Article","@id":"https:\/\/wobronietradycjiiwiary.com\/9-go-maja-zywot-swietego-grzegorza-z-nazyanzu-2\/#article","isPartOf":{"@id":"https:\/\/wobronietradycjiiwiary.com\/9-go-maja-zywot-swietego-grzegorza-z-nazyanzu-2\/"},"author":{"name":"Traditio et Fides","@id":"https:\/\/wobronietradycjiiwiary.com\/pl\/#\/schema\/person\/2d6180ce6abcb681fef0daab7816e8f3"},"headline":"9-go Maja. \u017bywot \u015bwi\u0119tego Grzegorza z Nazyanzu.","datePublished":"2022-05-09T06:15:36+00:00","dateModified":"2025-02-12T09:55:01+00:00","mainEntityOfPage":{"@id":"https:\/\/wobronietradycjiiwiary.com\/9-go-maja-zywot-swietego-grzegorza-z-nazyanzu-2\/"},"wordCount":2205,"commentCount":0,"publisher":{"@id":"https:\/\/wobronietradycjiiwiary.com\/pl\/#organization"},"image":{"@id":"https:\/\/wobronietradycjiiwiary.com\/9-go-maja-zywot-swietego-grzegorza-z-nazyanzu-2\/#primaryimage"},"thumbnailUrl":"https:\/\/wobronietradycjiiwiary.com\/wp-content\/uploads\/2021\/05\/Gregory-of-Nazianz.jpg","keywords":["m\u0119scy \u015bwi\u0119ci"],"articleSection":["05. \u015awi\u0119ta w maju","Duchowo\u015b\u0107","Liturgia i liturgika","M\u0119scy \u015bwi\u0119ci","Rok liturgiczny","Rozwa\u017cania liturgiczne"],"inLanguage":"en-US","potentialAction":[{"@type":"CommentAction","name":"Comment","target":["https:\/\/wobronietradycjiiwiary.com\/9-go-maja-zywot-swietego-grzegorza-z-nazyanzu-2\/#respond"]}]},{"@type":"WebPage","@id":"https:\/\/wobronietradycjiiwiary.com\/9-go-maja-zywot-swietego-grzegorza-z-nazyanzu-2\/","url":"https:\/\/wobronietradycjiiwiary.com\/9-go-maja-zywot-swietego-grzegorza-z-nazyanzu-2\/","name":"9-go Maja. \u017bywot \u015bwi\u0119tego Grzegorza z Nazyanzu. - Tradycja i Wiara","isPartOf":{"@id":"https:\/\/wobronietradycjiiwiary.com\/pl\/#website"},"primaryImageOfPage":{"@id":"https:\/\/wobronietradycjiiwiary.com\/9-go-maja-zywot-swietego-grzegorza-z-nazyanzu-2\/#primaryimage"},"image":{"@id":"https:\/\/wobronietradycjiiwiary.com\/9-go-maja-zywot-swietego-grzegorza-z-nazyanzu-2\/#primaryimage"},"thumbnailUrl":"https:\/\/wobronietradycjiiwiary.com\/wp-content\/uploads\/2021\/05\/Gregory-of-Nazianz.jpg","datePublished":"2022-05-09T06:15:36+00:00","dateModified":"2025-02-12T09:55:01+00:00","breadcrumb":{"@id":"https:\/\/wobronietradycjiiwiary.com\/9-go-maja-zywot-swietego-grzegorza-z-nazyanzu-2\/#breadcrumb"},"inLanguage":"en-US","potentialAction":[{"@type":"ReadAction","target":["https:\/\/wobronietradycjiiwiary.com\/9-go-maja-zywot-swietego-grzegorza-z-nazyanzu-2\/"]}]},{"@type":"ImageObject","inLanguage":"en-US","@id":"https:\/\/wobronietradycjiiwiary.com\/9-go-maja-zywot-swietego-grzegorza-z-nazyanzu-2\/#primaryimage","url":"https:\/\/wobronietradycjiiwiary.com\/wp-content\/uploads\/2021\/05\/Gregory-of-Nazianz.jpg","contentUrl":"https:\/\/wobronietradycjiiwiary.com\/wp-content\/uploads\/2021\/05\/Gregory-of-Nazianz.jpg","width":186,"height":271},{"@type":"BreadcrumbList","@id":"https:\/\/wobronietradycjiiwiary.com\/9-go-maja-zywot-swietego-grzegorza-z-nazyanzu-2\/#breadcrumb","itemListElement":[{"@type":"ListItem","position":1,"name":"Strona g\u0142\u00f3wna","item":"https:\/\/wobronietradycjiiwiary.com\/"},{"@type":"ListItem","position":2,"name":"9-go Maja. \u017bywot \u015bwi\u0119tego Grzegorza z Nazyanzu."}]},{"@type":"WebSite","@id":"https:\/\/wobronietradycjiiwiary.com\/pl\/#website","url":"https:\/\/wobronietradycjiiwiary.com\/pl\/","name":"Tradycja i Wiara","description":"Portal dla katolik\u00f3w.","publisher":{"@id":"https:\/\/wobronietradycjiiwiary.com\/pl\/#organization"},"potentialAction":[{"@type":"SearchAction","target":{"@type":"EntryPoint","urlTemplate":"https:\/\/wobronietradycjiiwiary.com\/pl\/?s={search_term_string}"},"query-input":{"@type":"PropertyValueSpecification","valueRequired":true,"valueName":"search_term_string"}}],"inLanguage":"en-US"},{"@type":"Organization","@id":"https:\/\/wobronietradycjiiwiary.com\/pl\/#organization","name":"Tradycja i Wiara","url":"https:\/\/wobronietradycjiiwiary.com\/pl\/","logo":{"@type":"ImageObject","inLanguage":"en-US","@id":"https:\/\/wobronietradycjiiwiary.com\/pl\/#\/schema\/logo\/image\/","url":"https:\/\/i0.wp.com\/wobronietradycjiiwiary.com\/wp-content\/uploads\/2015\/10\/cropped-st-peters-dome-vatican.jpg?fit=940%2C198&ssl=1","contentUrl":"https:\/\/i0.wp.com\/wobronietradycjiiwiary.com\/wp-content\/uploads\/2015\/10\/cropped-st-peters-dome-vatican.jpg?fit=940%2C198&ssl=1","width":940,"height":198,"caption":"Tradycja i Wiara"},"image":{"@id":"https:\/\/wobronietradycjiiwiary.com\/pl\/#\/schema\/logo\/image\/"},"sameAs":["https:\/\/www.facebook.com\/Tradycja-i-Wiara-108813920592249"]},{"@type":"Person","@id":"https:\/\/wobronietradycjiiwiary.com\/pl\/#\/schema\/person\/2d6180ce6abcb681fef0daab7816e8f3","name":"Traditio et Fides","sameAs":["https:\/\/traditionundglauben.com"],"url":"https:\/\/wobronietradycjiiwiary.com\/en\/author\/wobronietradycjiiwiary\/"}]}},"jetpack_publicize_connections":[],"jetpack_sharing_enabled":true,"jetpack_likes_enabled":true,"jetpack_shortlink":"https:\/\/wp.me\/pc04Sd-hIt","jetpack-related-posts":[{"id":116557,"url":"https:\/\/wobronietradycjiiwiary.com\/en\/9-go-maja-zywot-swietego-grzegorza-z-nazyanzu-2-2-2\/","url_meta":{"origin":68105,"position":0},"title":"9-go Maja. \u017bywot \u015bwi\u0119tego Grzegorza z Nazyanzu.","author":"Traditio et Fides","date":"9 May 2024","format":false,"excerpt":"\u015aw. Grzegorz z Nazjanzu studiowa\u0142 filozofi\u0119 w Atenach z Julianem Apostat\u0105. Jeden zosta\u0142 \u015bwi\u0119tym, drugi odst\u0119pc\u0105 i prze\u015bladowc\u0105 chrze\u015bcija\u0144stwa. A nauczycieli mieli tych samych, wi\u0119c trudno zrzuci\u0107 win\u0119 na otoczenie.","rel":"","context":"In &quot;05. \u015awi\u0119ta w maju&quot;","block_context":{"text":"05. \u015awi\u0119ta w maju","link":"https:\/\/wobronietradycjiiwiary.com\/en\/category\/duchowosc\/liturgia-i-liturgika\/rozwazania\/rok-liturgiczny\/swieta-w-maju\/"},"img":{"alt_text":"","src":"","width":0,"height":0},"classes":[]},{"id":140915,"url":"https:\/\/wobronietradycjiiwiary.com\/en\/9-go-maja-zywot-swietego-grzegorza-z-nazyanzu-2-2-2-2\/","url_meta":{"origin":68105,"position":1},"title":"9-go Maja. \u017bywot \u015bwi\u0119tego Grzegorza z Nazyanzu.","author":"Traditio et Fides","date":"9 May 2025","format":false,"excerpt":"\u015aw. Grzegorz z Nazjanzu studiowa\u0142 filozofi\u0119 w Atenach z Julianem Apostat\u0105. Jeden zosta\u0142 \u015bwi\u0119tym, drugi odst\u0119pc\u0105 i prze\u015bladowc\u0105 chrze\u015bcija\u0144stwa.","rel":"","context":"In &quot;05. \u015awi\u0119ta w maju&quot;","block_context":{"text":"05. \u015awi\u0119ta w maju","link":"https:\/\/wobronietradycjiiwiary.com\/en\/category\/duchowosc\/liturgia-i-liturgika\/rozwazania\/rok-liturgiczny\/swieta-w-maju\/"},"img":{"alt_text":"","src":"","width":0,"height":0},"classes":[]},{"id":164877,"url":"https:\/\/wobronietradycjiiwiary.com\/en\/9-go-maja-zywot-swietego-grzegorza-z-nazyanzu-2-2-2-2-2\/","url_meta":{"origin":68105,"position":2},"title":"9-go Maja. \u017bywot \u015bwi\u0119tego Grzegorza z Nazyanzu.","author":"Traditio et Fides","date":"9 May 2026","format":false,"excerpt":"\u015aw. Grzegorz z Nazjanzu studiowa\u0142 filozofi\u0119 w Atenach z Julianem Apostat\u0105. Jeden zosta\u0142 \u015bwi\u0119tym, drugi odst\u0119pc\u0105 i prze\u015bladowc\u0105 chrze\u015bcija\u0144stwa.","rel":"","context":"In &quot;05. \u015awi\u0119ta w maju&quot;","block_context":{"text":"05. \u015awi\u0119ta w maju","link":"https:\/\/wobronietradycjiiwiary.com\/en\/category\/duchowosc\/liturgia-i-liturgika\/rozwazania\/rok-liturgiczny\/swieta-w-maju\/"},"img":{"alt_text":"","src":"","width":0,"height":0},"classes":[]},{"id":90885,"url":"https:\/\/wobronietradycjiiwiary.com\/en\/9-go-maja-zywot-swietego-grzegorza-z-nazyanzu-2-2\/","url_meta":{"origin":68105,"position":3},"title":"9-go Maja. \u017bywot \u015bwi\u0119tego Grzegorza z Nazyanzu.","author":"Traditio et Fides","date":"9 May 2023","format":false,"excerpt":"\u015aw. Grzegorz z Nazjanzu studiowa\u0142 filozofi\u0119 w Atenach z Julianem Apostat\u0105. Jeden zosta\u0142 \u015bwi\u0119tym, drugi odst\u0119pc\u0105 i prze\u015bladowc\u0105 chrze\u015bcija\u0144stwa. A nauczycieli mieli tych samych, wi\u0119c trudno zrzuci\u0107 win\u0119 na otoczenie.","rel":"","context":"In &quot;05. \u015awi\u0119ta w maju&quot;","block_context":{"text":"05. \u015awi\u0119ta w maju","link":"https:\/\/wobronietradycjiiwiary.com\/en\/category\/duchowosc\/liturgia-i-liturgika\/rozwazania\/rok-liturgiczny\/swieta-w-maju\/"},"img":{"alt_text":"","src":"","width":0,"height":0},"classes":[]},{"id":42465,"url":"https:\/\/wobronietradycjiiwiary.com\/en\/26-go-lutego-zywot-swietego-aleksandra-z-komany-biskupa-i-meczennika\/","url_meta":{"origin":68105,"position":4},"title":"26-go Lutego. \u017bywot \u015bwi\u0119tego Aleksandra [z Komany], Biskupa i M\u0119czennika.","author":"Traditio et Fides","date":"26 February 2021","format":false,"excerpt":"I dziwnym zrz\u0105dzeniem Bo\u017cym wszyscy otrzymali w \u015bw. Aleksandrze takiego biskupa, jakiego chcieli. I wysokiego rodu i przystojnego i w\u0119glarza i wykszta\u0142conego. i potem m\u0119czennika. Coincidentia oppositorum","rel":"","context":"In &quot;02. \u015awi\u0119ta w lutym&quot;","block_context":{"text":"02. \u015awi\u0119ta w lutym","link":"https:\/\/wobronietradycjiiwiary.com\/en\/category\/duchowosc\/liturgia-i-liturgika\/rozwazania\/rok-liturgiczny\/swieta-w-lutym\/"},"img":{"alt_text":"","src":"https:\/\/i0.wp.com\/wobronietradycjiiwiary.com\/wp-content\/uploads\/2021\/02\/Aleksander-z-Komany.jpg?resize=350%2C200&ssl=1","width":350,"height":200},"classes":[]},{"id":127363,"url":"https:\/\/wobronietradycjiiwiary.com\/en\/14-go-stycznia-zywot-sw-hilarego-biskupa-i-nauczyciela-kosciola-2-2\/","url_meta":{"origin":68105,"position":5},"title":"14-go Stycznia. \u017bywot \u015bw. Hilarego, Biskupa i Nauczyciela Ko\u015bcio\u0142a.","author":"Traditio et Fides","date":"14 January 2025","format":false,"excerpt":"\u015aw. Hilary z Poitiers jest jednym z pierwszych Ojc\u00f3w Ko\u015bcio\u0142a Zachodu i nauczycielem \u015bw. Marcina z Tours. \u017bycie sp\u0119dzi\u0142 na walce z arianizmem, a swoje najlepsze dzie\u0142a dogmatyczne napisa\u0142 na wygnaniu.","rel":"","context":"In &quot;01. \u015awi\u0119ta w styczniu&quot;","block_context":{"text":"01. \u015awi\u0119ta w styczniu","link":"https:\/\/wobronietradycjiiwiary.com\/en\/category\/duchowosc\/liturgia-i-liturgika\/rozwazania\/rok-liturgiczny\/swieta-w-styczniu\/"},"img":{"alt_text":"","src":"https:\/\/i0.wp.com\/wobronietradycjiiwiary.com\/wp-content\/uploads\/2021\/01\/Hilaryofpoitiers.jpg?resize=350%2C200&ssl=1","width":350,"height":200},"classes":[]}],"amp_enabled":true,"jetpack_featured_media_url":"https:\/\/wobronietradycjiiwiary.com\/wp-content\/uploads\/2021\/05\/Gregory-of-Nazianz.jpg","_links":{"self":[{"href":"https:\/\/wobronietradycjiiwiary.com\/en\/wp-json\/wp\/v2\/posts\/68105","targetHints":{"allow":["GET"]}}],"collection":[{"href":"https:\/\/wobronietradycjiiwiary.com\/en\/wp-json\/wp\/v2\/posts"}],"about":[{"href":"https:\/\/wobronietradycjiiwiary.com\/en\/wp-json\/wp\/v2\/types\/post"}],"author":[{"embeddable":true,"href":"https:\/\/wobronietradycjiiwiary.com\/en\/wp-json\/wp\/v2\/users\/60508433"}],"replies":[{"embeddable":true,"href":"https:\/\/wobronietradycjiiwiary.com\/en\/wp-json\/wp\/v2\/comments?post=68105"}],"version-history":[{"count":1,"href":"https:\/\/wobronietradycjiiwiary.com\/en\/wp-json\/wp\/v2\/posts\/68105\/revisions"}],"predecessor-version":[{"id":68147,"href":"https:\/\/wobronietradycjiiwiary.com\/en\/wp-json\/wp\/v2\/posts\/68105\/revisions\/68147"}],"wp:featuredmedia":[{"embeddable":true,"href":"https:\/\/wobronietradycjiiwiary.com\/en\/wp-json\/wp\/v2\/media\/46504"}],"wp:attachment":[{"href":"https:\/\/wobronietradycjiiwiary.com\/en\/wp-json\/wp\/v2\/media?parent=68105"}],"wp:term":[{"taxonomy":"category","embeddable":true,"href":"https:\/\/wobronietradycjiiwiary.com\/en\/wp-json\/wp\/v2\/categories?post=68105"},{"taxonomy":"post_tag","embeddable":true,"href":"https:\/\/wobronietradycjiiwiary.com\/en\/wp-json\/wp\/v2\/tags?post=68105"}],"curies":[{"name":"wp","href":"https:\/\/api.w.org\/{rel}","templated":true}]}}