{"id":66509,"date":"2022-04-12T08:20:00","date_gmt":"2022-04-12T06:20:00","guid":{"rendered":"https:\/\/wobronietradycjiiwiary.com\/?p=66509"},"modified":"2025-02-07T20:24:52","modified_gmt":"2025-02-07T19:24:52","slug":"psalterz-kardynala-bei-sj-panstwo-wyznaniowe-i-spoleczne-panowanie-chrystusa","status":"publish","type":"post","link":"https:\/\/wobronietradycjiiwiary.com\/en\/psalterz-kardynala-bei-sj-panstwo-wyznaniowe-i-spoleczne-panowanie-chrystusa\/","title":{"rendered":"Psa\u0142terz kardyna\u0142a Bei SJ, pa\u0144stwo wyznaniowe i spo\u0142eczne panowanie Chrystusa."},"content":{"rendered":"<div id=\"bsf_rt_marker\"><\/div><p>Czas lektury: 4 minuty Katolicki integralizm w rozumieniu podporz\u0105dkowania systemu politycznego i prawodawstwa nauce katolickiej nie ma obecnie zbyt wielu&hellip;<\/p>\n<div style=\"text-align: center\">\n<p>&nbsp;<\/p>\n<\/div>\n<h2 style=\"border: 5px solid #0000A0;padding: 1em;text-align: center\"><span style=\"color: #000000\">Pe\u0142en dost\u0119p dla <span style=\"color: #00ccff\"><a style=\"color: #00ccff\" href=\"https:\/\/wobronietradycjiiwiary.com\/en\/subskrypcje-2\/\" target=\"_blank\" rel=\"noopener\">subskrybent\u00f3w<\/a><\/span>.<\/span><br \/>\n<span style=\"color: #3366ff\"><a style=\"color: #3366ff\" href=\"https:\/\/wobronietradycjiiwiary.com\/en\/account\/login\/\" target=\"_blank\" rel=\"noopener\"><span style=\"color: #00ccff\">Zaloguj<\/span><\/a> <\/span>si\u0119 lub przejd\u017a do <a href=\"https:\/\/wobronietradycjiiwiary.com\/en\/register\/\"><span style=\"color: #3366ff\">Rejestracji<\/span><\/a>.<\/h2>\n<div>\n<p style=\"text-align: center\"><a href=\"https:\/\/wobronietradycjiiwiary.com\/en\/subskrypcje-2\/cennik\/\" target=\"_blank\" rel=\"noopener\"><span style=\"color: #000080;font-size: 24pt\"><strong>Nowe ni\u017csze ceny<\/strong><\/span><\/a><\/p>\n<p style=\"text-align: center\"><strong><span style=\"font-size: 18pt;color: #000080\">P\u0142atno\u015b\u0107 kart\u0105<\/span><\/strong><\/p>\n<\/div>\n<h3 style=\"text-align: center\"><a href=\"https:\/\/wobronietradycjiiwiary.com\/en\/subskrypcje-2\/automatyczne\/indywidualne\/\" target=\"_blank\" rel=\"noopener\"><img fetchpriority=\"high\" decoding=\"async\" class=\"alignnone size-medium wp-image-80433\" src=\"https:\/\/wobronietradycjiiwiary.com\/wp-content\/uploads\/2022\/11\/Unbenannt-1-Online-1-300x202.jpg\" alt=\"\" width=\"300\" height=\"202\" srcset=\"https:\/\/wobronietradycjiiwiary.com\/wp-content\/uploads\/2022\/11\/Unbenannt-1-Online-1-300x202.jpg 300w, https:\/\/wobronietradycjiiwiary.com\/wp-content\/uploads\/2022\/11\/Unbenannt-1-Online-1-150x101.jpg 150w, https:\/\/wobronietradycjiiwiary.com\/wp-content\/uploads\/2022\/11\/Unbenannt-1-Online-1-18x12.jpg 18w, https:\/\/wobronietradycjiiwiary.com\/wp-content\/uploads\/2022\/11\/Unbenannt-1-Online-1.jpg 446w\" sizes=\"(max-width: 300px) 100vw, 300px\" \/><\/a><\/h3>\n<p style=\"text-align: center\"><strong><span style=\"font-size: 18pt;color: #000080\">P\u0142atno\u015b\u0107 przelewem<\/span><\/strong><\/p>\n<p><a href=\"https:\/\/wobronietradycjiiwiary.com\/en\/subskrypcje-2\/automatyczne\/indywidualne\/\" target=\"_blank\" rel=\"noopener\"><img decoding=\"async\" class=\"size-medium wp-image-80434 aligncenter\" src=\"https:\/\/wobronietradycjiiwiary.com\/wp-content\/uploads\/2022\/11\/Unbenannt-1-Przelewem-300x137.jpg\" alt=\"\" width=\"300\" height=\"137\" srcset=\"https:\/\/wobronietradycjiiwiary.com\/wp-content\/uploads\/2022\/11\/Unbenannt-1-Przelewem-300x137.jpg 300w, https:\/\/wobronietradycjiiwiary.com\/wp-content\/uploads\/2022\/11\/Unbenannt-1-Przelewem-450x206.jpg 450w, https:\/\/wobronietradycjiiwiary.com\/wp-content\/uploads\/2022\/11\/Unbenannt-1-Przelewem-600x274.jpg 600w, https:\/\/wobronietradycjiiwiary.com\/wp-content\/uploads\/2022\/11\/Unbenannt-1-Przelewem-150x69.jpg 150w, https:\/\/wobronietradycjiiwiary.com\/wp-content\/uploads\/2022\/11\/Unbenannt-1-Przelewem-18x8.jpg 18w, https:\/\/wobronietradycjiiwiary.com\/wp-content\/uploads\/2022\/11\/Unbenannt-1-Przelewem.jpg 676w\" sizes=\"(max-width: 300px) 100vw, 300px\" \/><\/a><\/p>\n<p style=\"text-align: center\"><strong><span style=\"font-size: 18pt;color: #000080\">P\u0142atno\u015b\u0107 kart\u0105 do 6 os\u00f3b<\/span><\/strong><\/p>\n<p><a href=\"https:\/\/wobronietradycjiiwiary.com\/en\/rodzinne\/\" target=\"_blank\" rel=\"noopener\"><img decoding=\"async\" class=\"size-medium wp-image-80435 aligncenter\" src=\"https:\/\/wobronietradycjiiwiary.com\/wp-content\/uploads\/2022\/11\/Unbenannt-1-Rodzinna-300x208.jpg\" alt=\"\" width=\"300\" height=\"208\" srcset=\"https:\/\/wobronietradycjiiwiary.com\/wp-content\/uploads\/2022\/11\/Unbenannt-1-Rodzinna-300x208.jpg 300w, https:\/\/wobronietradycjiiwiary.com\/wp-content\/uploads\/2022\/11\/Unbenannt-1-Rodzinna-150x104.jpg 150w, https:\/\/wobronietradycjiiwiary.com\/wp-content\/uploads\/2022\/11\/Unbenannt-1-Rodzinna-18x12.jpg 18w, https:\/\/wobronietradycjiiwiary.com\/wp-content\/uploads\/2022\/11\/Unbenannt-1-Rodzinna.jpg 448w\" sizes=\"(max-width: 300px) 100vw, 300px\" \/><\/a><\/p>\n<h3 style=\"text-align: center\"><\/h3>\n<h1 style=\"text-align: center\"><\/h1>","protected":false},"excerpt":{"rendered":"<p>Czas lektury: 4 minuty Katolicki integralizm w rozumieniu podporz\u0105dkowania systemu politycznego i prawodawstwa nauce katolickiej nie ma obecnie zbyt wielu&hellip; &nbsp; Pe\u0142en dost\u0119p dla subskrybent\u00f3w. Zaloguj si\u0119 lub przejd\u017a do Rejestracji. Nowe ni\u017csze ceny P\u0142atno\u015b\u0107 kart\u0105 P\u0142atno\u015b\u0107 przelewem P\u0142atno\u015b\u0107 kart\u0105 do 6 os\u00f3b<\/p>","protected":false},"author":60508433,"featured_media":66524,"comment_status":"open","ping_status":"open","sticky":false,"template":"","format":"standard","meta":{"_bbp_topic_count":0,"_bbp_reply_count":0,"_bbp_total_topic_count":0,"_bbp_total_reply_count":0,"_bbp_voice_count":0,"_bbp_anonymous_reply_count":0,"_bbp_topic_count_hidden":0,"_bbp_reply_count_hidden":0,"_bbp_forum_subforum_count":0,"_editorskit_title_hidden":false,"_editorskit_reading_time":4,"_editorskit_is_block_options_detached":false,"_editorskit_block_options_position":"{}","_coblocks_attr":"","_coblocks_dimensions":"","_coblocks_responsive_height":"","_coblocks_accordion_ie_support":"","_exactmetrics_skip_tracking":false,"_jetpack_newsletter_access":"","_jetpack_dont_email_post_to_subs":false,"_jetpack_newsletter_tier_id":0,"_jetpack_memberships_contains_paywalled_content":false,"_wpcom_ai_launchpad_first_post":false,"_jetpack_feature_clip_id":0,"_jetpack_memberships_contains_paid_content":false,"footnotes":"","jetpack_publicize_message":"{title}\n\n{excerpt}\n\n{url}","jetpack_publicize_feature_enabled":true,"jetpack_social_post_already_shared":true,"jetpack_social_options":{"image_generator_settings":{"template":"highway","default_image_id":0,"font":"","enabled":false},"version":2},"_wpas_customize_per_network":false,"jetpack_post_was_ever_published":false},"categories":[610135240,610135237,610131184,610135235],"tags":[610132133],"class_list":["post-66509","post","type-post","status-publish","format-standard","has-post-thumbnail","hentry","category-ad-3-7-reforma-triduum-z-1955-roku-ad-3-pius-xii-ku-zagladzie-komentarze-do-byrne","category-ad-3-pius-xii-ku-zagladzie-komentarze-do-byrne","category-duchowosc","category-komentarze-do-byrne","tag-restricted"],"yoast_head":"<!-- This site is optimized with the Yoast SEO plugin v28.4 - https:\/\/yoast.com\/product\/yoast-seo-wordpress\/ -->\n<title>Psa\u0142terz kardyna\u0142a Bei SJ, pa\u0144stwo wyznaniowe i spo\u0142eczne panowanie Chrystusa. - Tradycja i Wiara<\/title>\n<meta name=\"robots\" content=\"index, follow, max-snippet:-1, max-image-preview:large, max-video-preview:-1\" \/>\n<link rel=\"canonical\" href=\"https:\/\/wobronietradycjiiwiary.com\/en\/psalterz-kardynala-bei-sj-panstwo-wyznaniowe-i-spoleczne-panowanie-chrystusa\/\" \/>\n<meta property=\"og:locale\" content=\"en_US\" \/>\n<meta property=\"og:type\" content=\"article\" \/>\n<meta property=\"og:title\" content=\"Psa\u0142terz kardyna\u0142a Bei SJ, pa\u0144stwo wyznaniowe i spo\u0142eczne panowanie Chrystusa. - Tradycja i Wiara\" \/>\n<meta property=\"og:description\" content=\"Czas lektury: 4 minuty Katolicki integralizm w rozumieniu podporz\u0105dkowania systemu politycznego i prawodawstwa nauce katolickiej nie ma obecnie zbyt wielu&hellip; &nbsp; Pe\u0142en dost\u0119p dla subskrybent\u00f3w. Zaloguj si\u0119 lub przejd\u017a do Rejestracji. Nowe ni\u017csze ceny P\u0142atno\u015b\u0107 kart\u0105 P\u0142atno\u015b\u0107 przelewem P\u0142atno\u015b\u0107 kart\u0105 do 6 os\u00f3b\" \/>\n<meta property=\"og:url\" content=\"https:\/\/wobronietradycjiiwiary.com\/en\/psalterz-kardynala-bei-sj-panstwo-wyznaniowe-i-spoleczne-panowanie-chrystusa\/\" \/>\n<meta property=\"og:site_name\" content=\"Tradycja i Wiara\" \/>\n<meta property=\"article:publisher\" content=\"https:\/\/www.facebook.com\/Tradycja-i-Wiara-108813920592249\" \/>\n<meta property=\"article:published_time\" content=\"2022-04-12T06:20:00+00:00\" \/>\n<meta property=\"article:modified_time\" content=\"2025-02-07T19:24:52+00:00\" \/>\n<meta property=\"og:image\" content=\"https:\/\/wobronietradycjiiwiary.com\/wp-content\/uploads\/2022\/04\/Kulmbach_Christus_Rex_detail_01.jpg\" \/>\n\t<meta property=\"og:image:width\" content=\"1440\" \/>\n\t<meta property=\"og:image:height\" content=\"1920\" \/>\n\t<meta property=\"og:image:type\" content=\"image\/jpeg\" \/>\n<meta name=\"author\" content=\"Traditio et Fides\" \/>\n<meta name=\"twitter:card\" content=\"summary_large_image\" \/>\n<meta name=\"twitter:label1\" content=\"Written by\" \/>\n\t<meta name=\"twitter:data1\" content=\"Traditio et Fides\" \/>\n\t<meta name=\"twitter:label2\" content=\"Est. reading time\" \/>\n\t<meta name=\"twitter:data2\" content=\"8 minutes\" \/>\n<script type=\"application\/ld+json\" class=\"yoast-schema-graph\">{\"@context\":\"https:\\\/\\\/schema.org\",\"@graph\":[{\"@type\":\"Article\",\"@id\":\"https:\\\/\\\/wobronietradycjiiwiary.com\\\/psalterz-kardynala-bei-sj-panstwo-wyznaniowe-i-spoleczne-panowanie-chrystusa\\\/#article\",\"isPartOf\":{\"@id\":\"https:\\\/\\\/wobronietradycjiiwiary.com\\\/psalterz-kardynala-bei-sj-panstwo-wyznaniowe-i-spoleczne-panowanie-chrystusa\\\/\"},\"author\":{\"name\":\"Traditio et Fides\",\"@id\":\"https:\\\/\\\/wobronietradycjiiwiary.com\\\/pl\\\/#\\\/schema\\\/person\\\/2d6180ce6abcb681fef0daab7816e8f3\"},\"headline\":\"Psa\u0142terz kardyna\u0142a Bei SJ, pa\u0144stwo wyznaniowe i spo\u0142eczne panowanie Chrystusa.\",\"datePublished\":\"2022-04-12T06:20:00+00:00\",\"dateModified\":\"2025-02-07T19:24:52+00:00\",\"mainEntityOfPage\":{\"@id\":\"https:\\\/\\\/wobronietradycjiiwiary.com\\\/psalterz-kardynala-bei-sj-panstwo-wyznaniowe-i-spoleczne-panowanie-chrystusa\\\/\"},\"wordCount\":1440,\"commentCount\":0,\"publisher\":{\"@id\":\"https:\\\/\\\/wobronietradycjiiwiary.com\\\/pl\\\/#organization\"},\"image\":{\"@id\":\"https:\\\/\\\/wobronietradycjiiwiary.com\\\/psalterz-kardynala-bei-sj-panstwo-wyznaniowe-i-spoleczne-panowanie-chrystusa\\\/#primaryimage\"},\"thumbnailUrl\":\"https:\\\/\\\/wobronietradycjiiwiary.com\\\/wp-content\\\/uploads\\\/2022\\\/04\\\/Kulmbach_Christus_Rex_detail_01.jpg\",\"keywords\":[\"Restricted\"],\"articleSection\":[\"Ad 3) 7. Reforma Triduum z 1955 roku\",\"Ad 3) Pius XII - ku zag\u0142adzie\",\"Duchowo\u015b\u0107\",\"Komentarze w\u0142asne do Byrne\"],\"inLanguage\":\"en-US\",\"potentialAction\":[{\"@type\":\"CommentAction\",\"name\":\"Comment\",\"target\":[\"https:\\\/\\\/wobronietradycjiiwiary.com\\\/psalterz-kardynala-bei-sj-panstwo-wyznaniowe-i-spoleczne-panowanie-chrystusa\\\/#respond\"]}]},{\"@type\":\"WebPage\",\"@id\":\"https:\\\/\\\/wobronietradycjiiwiary.com\\\/psalterz-kardynala-bei-sj-panstwo-wyznaniowe-i-spoleczne-panowanie-chrystusa\\\/\",\"url\":\"https:\\\/\\\/wobronietradycjiiwiary.com\\\/psalterz-kardynala-bei-sj-panstwo-wyznaniowe-i-spoleczne-panowanie-chrystusa\\\/\",\"name\":\"Psa\u0142terz kardyna\u0142a Bei SJ, pa\u0144stwo wyznaniowe i spo\u0142eczne panowanie Chrystusa. - Tradycja i Wiara\",\"isPartOf\":{\"@id\":\"https:\\\/\\\/wobronietradycjiiwiary.com\\\/pl\\\/#website\"},\"primaryImageOfPage\":{\"@id\":\"https:\\\/\\\/wobronietradycjiiwiary.com\\\/psalterz-kardynala-bei-sj-panstwo-wyznaniowe-i-spoleczne-panowanie-chrystusa\\\/#primaryimage\"},\"image\":{\"@id\":\"https:\\\/\\\/wobronietradycjiiwiary.com\\\/psalterz-kardynala-bei-sj-panstwo-wyznaniowe-i-spoleczne-panowanie-chrystusa\\\/#primaryimage\"},\"thumbnailUrl\":\"https:\\\/\\\/wobronietradycjiiwiary.com\\\/wp-content\\\/uploads\\\/2022\\\/04\\\/Kulmbach_Christus_Rex_detail_01.jpg\",\"datePublished\":\"2022-04-12T06:20:00+00:00\",\"dateModified\":\"2025-02-07T19:24:52+00:00\",\"breadcrumb\":{\"@id\":\"https:\\\/\\\/wobronietradycjiiwiary.com\\\/psalterz-kardynala-bei-sj-panstwo-wyznaniowe-i-spoleczne-panowanie-chrystusa\\\/#breadcrumb\"},\"inLanguage\":\"en-US\",\"potentialAction\":[{\"@type\":\"ReadAction\",\"target\":[\"https:\\\/\\\/wobronietradycjiiwiary.com\\\/psalterz-kardynala-bei-sj-panstwo-wyznaniowe-i-spoleczne-panowanie-chrystusa\\\/\"]}]},{\"@type\":\"ImageObject\",\"inLanguage\":\"en-US\",\"@id\":\"https:\\\/\\\/wobronietradycjiiwiary.com\\\/psalterz-kardynala-bei-sj-panstwo-wyznaniowe-i-spoleczne-panowanie-chrystusa\\\/#primaryimage\",\"url\":\"https:\\\/\\\/wobronietradycjiiwiary.com\\\/wp-content\\\/uploads\\\/2022\\\/04\\\/Kulmbach_Christus_Rex_detail_01.jpg\",\"contentUrl\":\"https:\\\/\\\/wobronietradycjiiwiary.com\\\/wp-content\\\/uploads\\\/2022\\\/04\\\/Kulmbach_Christus_Rex_detail_01.jpg\",\"width\":1440,\"height\":1920},{\"@type\":\"BreadcrumbList\",\"@id\":\"https:\\\/\\\/wobronietradycjiiwiary.com\\\/psalterz-kardynala-bei-sj-panstwo-wyznaniowe-i-spoleczne-panowanie-chrystusa\\\/#breadcrumb\",\"itemListElement\":[{\"@type\":\"ListItem\",\"position\":1,\"name\":\"Strona g\u0142\u00f3wna\",\"item\":\"https:\\\/\\\/wobronietradycjiiwiary.com\\\/\"},{\"@type\":\"ListItem\",\"position\":2,\"name\":\"Psa\u0142terz kardyna\u0142a Bei SJ, pa\u0144stwo wyznaniowe i spo\u0142eczne panowanie Chrystusa.\"}]},{\"@type\":\"WebSite\",\"@id\":\"https:\\\/\\\/wobronietradycjiiwiary.com\\\/pl\\\/#website\",\"url\":\"https:\\\/\\\/wobronietradycjiiwiary.com\\\/pl\\\/\",\"name\":\"Tradycja i Wiara\",\"description\":\"Portal dla katolik\u00f3w.\",\"publisher\":{\"@id\":\"https:\\\/\\\/wobronietradycjiiwiary.com\\\/pl\\\/#organization\"},\"potentialAction\":[{\"@type\":\"SearchAction\",\"target\":{\"@type\":\"EntryPoint\",\"urlTemplate\":\"https:\\\/\\\/wobronietradycjiiwiary.com\\\/pl\\\/?s={search_term_string}\"},\"query-input\":{\"@type\":\"PropertyValueSpecification\",\"valueRequired\":true,\"valueName\":\"search_term_string\"}}],\"inLanguage\":\"en-US\"},{\"@type\":\"Organization\",\"@id\":\"https:\\\/\\\/wobronietradycjiiwiary.com\\\/pl\\\/#organization\",\"name\":\"Tradycja i Wiara\",\"url\":\"https:\\\/\\\/wobronietradycjiiwiary.com\\\/pl\\\/\",\"logo\":{\"@type\":\"ImageObject\",\"inLanguage\":\"en-US\",\"@id\":\"https:\\\/\\\/wobronietradycjiiwiary.com\\\/pl\\\/#\\\/schema\\\/logo\\\/image\\\/\",\"url\":\"https:\\\/\\\/i0.wp.com\\\/wobronietradycjiiwiary.com\\\/wp-content\\\/uploads\\\/2015\\\/10\\\/cropped-st-peters-dome-vatican.jpg?fit=940%2C198&ssl=1\",\"contentUrl\":\"https:\\\/\\\/i0.wp.com\\\/wobronietradycjiiwiary.com\\\/wp-content\\\/uploads\\\/2015\\\/10\\\/cropped-st-peters-dome-vatican.jpg?fit=940%2C198&ssl=1\",\"width\":940,\"height\":198,\"caption\":\"Tradycja i Wiara\"},\"image\":{\"@id\":\"https:\\\/\\\/wobronietradycjiiwiary.com\\\/pl\\\/#\\\/schema\\\/logo\\\/image\\\/\"},\"sameAs\":[\"https:\\\/\\\/www.facebook.com\\\/Tradycja-i-Wiara-108813920592249\"]},{\"@type\":\"Person\",\"@id\":\"https:\\\/\\\/wobronietradycjiiwiary.com\\\/pl\\\/#\\\/schema\\\/person\\\/2d6180ce6abcb681fef0daab7816e8f3\",\"name\":\"Traditio et Fides\",\"sameAs\":[\"https:\\\/\\\/traditionundglauben.com\"],\"url\":\"https:\\\/\\\/wobronietradycjiiwiary.com\\\/en\\\/author\\\/wobronietradycjiiwiary\\\/\"}]}<\/script>\n<!-- \/ Yoast SEO plugin. -->","yoast_head_json":{"title":"Psa\u0142terz kardyna\u0142a Bei SJ, pa\u0144stwo wyznaniowe i spo\u0142eczne panowanie Chrystusa. - Tradycja i Wiara","robots":{"index":"index","follow":"follow","max-snippet":"max-snippet:-1","max-image-preview":"max-image-preview:large","max-video-preview":"max-video-preview:-1"},"canonical":"https:\/\/wobronietradycjiiwiary.com\/en\/psalterz-kardynala-bei-sj-panstwo-wyznaniowe-i-spoleczne-panowanie-chrystusa\/","og_locale":"en_US","og_type":"article","og_title":"Psa\u0142terz kardyna\u0142a Bei SJ, pa\u0144stwo wyznaniowe i spo\u0142eczne panowanie Chrystusa. - Tradycja i Wiara","og_description":"Czas lektury: 4 minuty Katolicki integralizm w rozumieniu podporz\u0105dkowania systemu politycznego i prawodawstwa nauce katolickiej nie ma obecnie zbyt wielu&hellip; &nbsp; Pe\u0142en dost\u0119p dla subskrybent\u00f3w. Zaloguj si\u0119 lub przejd\u017a do Rejestracji. Nowe ni\u017csze ceny P\u0142atno\u015b\u0107 kart\u0105 P\u0142atno\u015b\u0107 przelewem P\u0142atno\u015b\u0107 kart\u0105 do 6 os\u00f3b","og_url":"https:\/\/wobronietradycjiiwiary.com\/en\/psalterz-kardynala-bei-sj-panstwo-wyznaniowe-i-spoleczne-panowanie-chrystusa\/","og_site_name":"Tradycja i Wiara","article_publisher":"https:\/\/www.facebook.com\/Tradycja-i-Wiara-108813920592249","article_published_time":"2022-04-12T06:20:00+00:00","article_modified_time":"2025-02-07T19:24:52+00:00","og_image":[{"width":1440,"height":1920,"url":"https:\/\/wobronietradycjiiwiary.com\/wp-content\/uploads\/2022\/04\/Kulmbach_Christus_Rex_detail_01.jpg","type":"image\/jpeg"}],"author":"Traditio et Fides","twitter_card":"summary_large_image","twitter_misc":{"Written by":"Traditio et Fides","Est. reading time":"8 minutes"},"schema":{"@context":"https:\/\/schema.org","@graph":[{"@type":"Article","@id":"https:\/\/wobronietradycjiiwiary.com\/psalterz-kardynala-bei-sj-panstwo-wyznaniowe-i-spoleczne-panowanie-chrystusa\/#article","isPartOf":{"@id":"https:\/\/wobronietradycjiiwiary.com\/psalterz-kardynala-bei-sj-panstwo-wyznaniowe-i-spoleczne-panowanie-chrystusa\/"},"author":{"name":"Traditio et Fides","@id":"https:\/\/wobronietradycjiiwiary.com\/pl\/#\/schema\/person\/2d6180ce6abcb681fef0daab7816e8f3"},"headline":"Psa\u0142terz kardyna\u0142a Bei SJ, pa\u0144stwo wyznaniowe i spo\u0142eczne panowanie Chrystusa.","datePublished":"2022-04-12T06:20:00+00:00","dateModified":"2025-02-07T19:24:52+00:00","mainEntityOfPage":{"@id":"https:\/\/wobronietradycjiiwiary.com\/psalterz-kardynala-bei-sj-panstwo-wyznaniowe-i-spoleczne-panowanie-chrystusa\/"},"wordCount":1440,"commentCount":0,"publisher":{"@id":"https:\/\/wobronietradycjiiwiary.com\/pl\/#organization"},"image":{"@id":"https:\/\/wobronietradycjiiwiary.com\/psalterz-kardynala-bei-sj-panstwo-wyznaniowe-i-spoleczne-panowanie-chrystusa\/#primaryimage"},"thumbnailUrl":"https:\/\/wobronietradycjiiwiary.com\/wp-content\/uploads\/2022\/04\/Kulmbach_Christus_Rex_detail_01.jpg","keywords":["Restricted"],"articleSection":["Ad 3) 7. Reforma Triduum z 1955 roku","Ad 3) Pius XII - ku zag\u0142adzie","Duchowo\u015b\u0107","Komentarze w\u0142asne do Byrne"],"inLanguage":"en-US","potentialAction":[{"@type":"CommentAction","name":"Comment","target":["https:\/\/wobronietradycjiiwiary.com\/psalterz-kardynala-bei-sj-panstwo-wyznaniowe-i-spoleczne-panowanie-chrystusa\/#respond"]}]},{"@type":"WebPage","@id":"https:\/\/wobronietradycjiiwiary.com\/psalterz-kardynala-bei-sj-panstwo-wyznaniowe-i-spoleczne-panowanie-chrystusa\/","url":"https:\/\/wobronietradycjiiwiary.com\/psalterz-kardynala-bei-sj-panstwo-wyznaniowe-i-spoleczne-panowanie-chrystusa\/","name":"Psa\u0142terz kardyna\u0142a Bei SJ, pa\u0144stwo wyznaniowe i spo\u0142eczne panowanie Chrystusa. - Tradycja i Wiara","isPartOf":{"@id":"https:\/\/wobronietradycjiiwiary.com\/pl\/#website"},"primaryImageOfPage":{"@id":"https:\/\/wobronietradycjiiwiary.com\/psalterz-kardynala-bei-sj-panstwo-wyznaniowe-i-spoleczne-panowanie-chrystusa\/#primaryimage"},"image":{"@id":"https:\/\/wobronietradycjiiwiary.com\/psalterz-kardynala-bei-sj-panstwo-wyznaniowe-i-spoleczne-panowanie-chrystusa\/#primaryimage"},"thumbnailUrl":"https:\/\/wobronietradycjiiwiary.com\/wp-content\/uploads\/2022\/04\/Kulmbach_Christus_Rex_detail_01.jpg","datePublished":"2022-04-12T06:20:00+00:00","dateModified":"2025-02-07T19:24:52+00:00","breadcrumb":{"@id":"https:\/\/wobronietradycjiiwiary.com\/psalterz-kardynala-bei-sj-panstwo-wyznaniowe-i-spoleczne-panowanie-chrystusa\/#breadcrumb"},"inLanguage":"en-US","potentialAction":[{"@type":"ReadAction","target":["https:\/\/wobronietradycjiiwiary.com\/psalterz-kardynala-bei-sj-panstwo-wyznaniowe-i-spoleczne-panowanie-chrystusa\/"]}]},{"@type":"ImageObject","inLanguage":"en-US","@id":"https:\/\/wobronietradycjiiwiary.com\/psalterz-kardynala-bei-sj-panstwo-wyznaniowe-i-spoleczne-panowanie-chrystusa\/#primaryimage","url":"https:\/\/wobronietradycjiiwiary.com\/wp-content\/uploads\/2022\/04\/Kulmbach_Christus_Rex_detail_01.jpg","contentUrl":"https:\/\/wobronietradycjiiwiary.com\/wp-content\/uploads\/2022\/04\/Kulmbach_Christus_Rex_detail_01.jpg","width":1440,"height":1920},{"@type":"BreadcrumbList","@id":"https:\/\/wobronietradycjiiwiary.com\/psalterz-kardynala-bei-sj-panstwo-wyznaniowe-i-spoleczne-panowanie-chrystusa\/#breadcrumb","itemListElement":[{"@type":"ListItem","position":1,"name":"Strona g\u0142\u00f3wna","item":"https:\/\/wobronietradycjiiwiary.com\/"},{"@type":"ListItem","position":2,"name":"Psa\u0142terz kardyna\u0142a Bei SJ, pa\u0144stwo wyznaniowe i spo\u0142eczne panowanie Chrystusa."}]},{"@type":"WebSite","@id":"https:\/\/wobronietradycjiiwiary.com\/pl\/#website","url":"https:\/\/wobronietradycjiiwiary.com\/pl\/","name":"Tradycja i Wiara","description":"Portal dla katolik\u00f3w.","publisher":{"@id":"https:\/\/wobronietradycjiiwiary.com\/pl\/#organization"},"potentialAction":[{"@type":"SearchAction","target":{"@type":"EntryPoint","urlTemplate":"https:\/\/wobronietradycjiiwiary.com\/pl\/?s={search_term_string}"},"query-input":{"@type":"PropertyValueSpecification","valueRequired":true,"valueName":"search_term_string"}}],"inLanguage":"en-US"},{"@type":"Organization","@id":"https:\/\/wobronietradycjiiwiary.com\/pl\/#organization","name":"Tradycja i Wiara","url":"https:\/\/wobronietradycjiiwiary.com\/pl\/","logo":{"@type":"ImageObject","inLanguage":"en-US","@id":"https:\/\/wobronietradycjiiwiary.com\/pl\/#\/schema\/logo\/image\/","url":"https:\/\/i0.wp.com\/wobronietradycjiiwiary.com\/wp-content\/uploads\/2015\/10\/cropped-st-peters-dome-vatican.jpg?fit=940%2C198&ssl=1","contentUrl":"https:\/\/i0.wp.com\/wobronietradycjiiwiary.com\/wp-content\/uploads\/2015\/10\/cropped-st-peters-dome-vatican.jpg?fit=940%2C198&ssl=1","width":940,"height":198,"caption":"Tradycja i Wiara"},"image":{"@id":"https:\/\/wobronietradycjiiwiary.com\/pl\/#\/schema\/logo\/image\/"},"sameAs":["https:\/\/www.facebook.com\/Tradycja-i-Wiara-108813920592249"]},{"@type":"Person","@id":"https:\/\/wobronietradycjiiwiary.com\/pl\/#\/schema\/person\/2d6180ce6abcb681fef0daab7816e8f3","name":"Traditio et Fides","sameAs":["https:\/\/traditionundglauben.com"],"url":"https:\/\/wobronietradycjiiwiary.com\/en\/author\/wobronietradycjiiwiary\/"}]}},"jetpack_publicize_connections":[],"jetpack_sharing_enabled":true,"jetpack_likes_enabled":true,"jetpack_shortlink":"https:\/\/wp.me\/pc04Sd-hiJ","jetpack-related-posts":[{"id":17797,"url":"https:\/\/wobronietradycjiiwiary.com\/en\/mala-liczba-zbawionych-lub-co-jest-bardziej-prawdopodobne-1-z-5\/","url_meta":{"origin":66509,"position":0},"title":"Ma\u0142a liczba zbawionych lub co jest bardziej prawdopodobne? (1 z 5) Zagadnienia og\u00f3lne","author":"Traditio et Fides","date":"29 June 2018","format":false,"excerpt":"Czy wi\u0119cej b\u0119dzie zbawionych czy pot\u0119pionych? Ten cykl to wyja\u015bnia.","rel":"","context":"In &quot;Prawdopodobie\u0144stwo predestynacji lub reprobacji&quot;","block_context":{"text":"Prawdopodobie\u0144stwo predestynacji lub reprobacji","link":"https:\/\/wobronietradycjiiwiary.com\/en\/category\/doktryna\/teologia-dogmatyczna\/predestynacja-reprobacja\/prawdopodobienstwo-predestynacji-lub-reprobacji\/"},"img":{"alt_text":"","src":"https:\/\/i0.wp.com\/wobronietradycjiiwiary.com\/wp-content\/uploads\/2018\/06\/Crucifixus-jansen-e1637327444132.jpg?resize=350%2C200&ssl=1","width":350,"height":200,"srcset":"https:\/\/i0.wp.com\/wobronietradycjiiwiary.com\/wp-content\/uploads\/2018\/06\/Crucifixus-jansen-e1637327444132.jpg?resize=350%2C200&ssl=1 1x, https:\/\/i0.wp.com\/wobronietradycjiiwiary.com\/wp-content\/uploads\/2018\/06\/Crucifixus-jansen-e1637327444132.jpg?resize=525%2C300&ssl=1 1.5x, https:\/\/i0.wp.com\/wobronietradycjiiwiary.com\/wp-content\/uploads\/2018\/06\/Crucifixus-jansen-e1637327444132.jpg?resize=700%2C400&ssl=1 2x"},"classes":[]},{"id":170024,"url":"https:\/\/wobronietradycjiiwiary.com\/en\/plinio-correa-de-oliveira-egalitaryzm-iii-kosciol-katolicki-i-egalitaryzm\/","url_meta":{"origin":66509,"position":1},"title":"Plinio Corr\u00eaa de Oliveira, Egalitaryzm III, Ko\u015bci\u00f3\u0142 katolicki i egalitaryzm.","author":"Traditio et Fides","date":"25 August 2026","format":false,"excerpt":"O tym, \u017ce egalitaryzm panuje w\u015br\u00f3d elit.","rel":"","context":"In &quot;Autorzy polemiczni&quot;","block_context":{"text":"Autorzy polemiczni","link":"https:\/\/wobronietradycjiiwiary.com\/en\/category\/polemika\/autorzy-polemiczni\/"},"img":{"alt_text":"","src":"https:\/\/i0.wp.com\/wobronietradycjiiwiary.com\/wp-content\/uploads\/2024\/03\/3b9d75352cd555d5e786c357f4ad1c36.jpg?resize=350%2C200&ssl=1","width":350,"height":200},"classes":[]},{"id":162857,"url":"https:\/\/wobronietradycjiiwiary.com\/en\/anna-maria-wesolowska-i-sobor\/","url_meta":{"origin":66509,"position":2},"title":"S\u0119dzia Anna Maria Weso\u0142owska i Sob\u00f3r","author":"Traditio et Fides","date":"27 March 2026","format":false,"excerpt":"Autor jest by\u0107 mo\u017ce dla siebie zbyt surowy zarzucaj\u0105c sobie, \u017ce traktuje (prawie?) ka\u017cdego jak idiot\u0119. By\u0107 mo\u017ce jest to jednak podej\u015bcie adekwatne, gdy\u017c tylko z takimi lud\u017ami ostatnio ma styczno\u015b\u0107. Agresja i frustracja narastaj\u0105 przy t\u0142umaczeniu obligatoryjnych rozm\u00f3w psycholog\u00f3w z wi\u0119\u017aniami, alkoholikami i chorymi psychicznie. Kiedy\u015b rozm\u00f3w tych by\u0142o\u2026","rel":"","context":"In &quot;Doktryna&quot;","block_context":{"text":"Doktryna","link":"https:\/\/wobronietradycjiiwiary.com\/en\/category\/doktryna\/"},"img":{"alt_text":"","src":"","width":0,"height":0},"classes":[]},{"id":64962,"url":"https:\/\/wobronietradycjiiwiary.com\/en\/kard-gousset-traktat-of-prawach-27-pojecie-prawa-w-ogolnosci-iii-prawo-przykazaniem-trwalym\/","url_meta":{"origin":66509,"position":3},"title":"Kard. Gousset, Traktat of prawach. (27) Poj\u0119cie prawa w og\u00f3lno\u015bci (iii) Prawo przykazaniem trwa\u0142ym","author":"Traditio et Fides","date":"6 April 2022","format":false,"excerpt":"O trwa\u0142o\u015bci prawa.","rel":"","context":"In &quot;Doktryna&quot;","block_context":{"text":"Doktryna","link":"https:\/\/wobronietradycjiiwiary.com\/en\/category\/doktryna\/"},"img":{"alt_text":"","src":"https:\/\/i0.wp.com\/wobronietradycjiiwiary.com\/wp-content\/uploads\/2015\/02\/reims.jpg?resize=350%2C200&ssl=1","width":350,"height":200},"classes":[]},{"id":157532,"url":"https:\/\/wobronietradycjiiwiary.com\/en\/carol-byrne-msza-dialogowana-140-1-z-149-falszywe-preteksty-ratzingera-do-odrzucenia-scholastyki-i\/","url_meta":{"origin":66509,"position":4},"title":"Carol Byrne, &#8220;Msza dialogowana&#8221;. (140.1 z 153). Fa\u0142szywe preteksty Ratzingera do odrzucenia scholastyki (i)","author":"Traditio et Fides","date":"9 December 2025","format":false,"excerpt":"O pseudoprzyczynach odrzucenia scholastyki przez Ratzingera.","rel":"","context":"In &quot;Byrne&quot;","block_context":{"text":"Byrne","link":"https:\/\/wobronietradycjiiwiary.com\/en\/category\/doktryna\/teologia-liturgii\/byrne-doktryna\/"},"img":{"alt_text":"","src":"https:\/\/i0.wp.com\/wobronietradycjiiwiary.com\/wp-content\/uploads\/2019\/10\/carreno-de-miranda.jpg?resize=350%2C200&ssl=1","width":350,"height":200,"srcset":"https:\/\/i0.wp.com\/wobronietradycjiiwiary.com\/wp-content\/uploads\/2019\/10\/carreno-de-miranda.jpg?resize=350%2C200&ssl=1 1x, https:\/\/i0.wp.com\/wobronietradycjiiwiary.com\/wp-content\/uploads\/2019\/10\/carreno-de-miranda.jpg?resize=525%2C300&ssl=1 1.5x, https:\/\/i0.wp.com\/wobronietradycjiiwiary.com\/wp-content\/uploads\/2019\/10\/carreno-de-miranda.jpg?resize=700%2C400&ssl=1 2x"},"classes":[]},{"id":18885,"url":"https:\/\/wobronietradycjiiwiary.com\/en\/plusy-dodatnie\/","url_meta":{"origin":66509,"position":5},"title":"W demonologicznym lesie przyfrontowym (14) &#8211; plusy dodatnie","author":"Traditio et Fides","date":"23 November 2018","format":false,"excerpt":"Z rado\u015bci\u0105 informujemy czytelnik\u00f3w, i\u017c pisz\u0105cy te s\u0142owa w\u0142a\u015bnie dzisiaj otrzyma\u0142 informacj\u0119 o otrzymaniu zapomogi na dzia\u0142alno\u015b\u0107 gospodarcz\u0105 od pa\u0144stwa niemieckiego. Zapomoga jest r\u00f3wnowarto\u015bci\u0105 jego ostatniego zasi\u0142ku dla bezrobotnych plus ma\u0142a kwota na ubezpieczenia i dotowana b\u0119dzie przez sze\u015b\u0107 kolejnych miesi\u0119cy, natomiast przez nast\u0119pne dziewi\u0119\u0107 miesi\u0119cy mo\u017cna uzyska\u0107 jedynie kwot\u0119\u2026","rel":"","context":"In &quot;W demonologiczym lesie przyfrontowym&quot;","block_context":{"text":"W demonologiczym lesie przyfrontowym","link":"https:\/\/wobronietradycjiiwiary.com\/en\/category\/doktryna\/teologia-dogmatyczna\/demonologia-teologia\/demonologia-praktyczna\/w-demonologiczym-lesie-przyfrontowym\/"},"img":{"alt_text":"","src":"https:\/\/i0.wp.com\/wobronietradycjiiwiary.com\/wp-content\/uploads\/2019\/10\/ccnuzbqw8aazmwr.png?resize=350%2C200&ssl=1","width":350,"height":200},"classes":[]}],"amp_enabled":true,"jetpack_featured_media_url":"https:\/\/wobronietradycjiiwiary.com\/wp-content\/uploads\/2022\/04\/Kulmbach_Christus_Rex_detail_01.jpg","_links":{"self":[{"href":"https:\/\/wobronietradycjiiwiary.com\/en\/wp-json\/wp\/v2\/posts\/66509","targetHints":{"allow":["GET"]}}],"collection":[{"href":"https:\/\/wobronietradycjiiwiary.com\/en\/wp-json\/wp\/v2\/posts"}],"about":[{"href":"https:\/\/wobronietradycjiiwiary.com\/en\/wp-json\/wp\/v2\/types\/post"}],"author":[{"embeddable":true,"href":"https:\/\/wobronietradycjiiwiary.com\/en\/wp-json\/wp\/v2\/users\/60508433"}],"replies":[{"embeddable":true,"href":"https:\/\/wobronietradycjiiwiary.com\/en\/wp-json\/wp\/v2\/comments?post=66509"}],"version-history":[{"count":22,"href":"https:\/\/wobronietradycjiiwiary.com\/en\/wp-json\/wp\/v2\/posts\/66509\/revisions"}],"predecessor-version":[{"id":66639,"href":"https:\/\/wobronietradycjiiwiary.com\/en\/wp-json\/wp\/v2\/posts\/66509\/revisions\/66639"}],"wp:featuredmedia":[{"embeddable":true,"href":"https:\/\/wobronietradycjiiwiary.com\/en\/wp-json\/wp\/v2\/media\/66524"}],"wp:attachment":[{"href":"https:\/\/wobronietradycjiiwiary.com\/en\/wp-json\/wp\/v2\/media?parent=66509"}],"wp:term":[{"taxonomy":"category","embeddable":true,"href":"https:\/\/wobronietradycjiiwiary.com\/en\/wp-json\/wp\/v2\/categories?post=66509"},{"taxonomy":"post_tag","embeddable":true,"href":"https:\/\/wobronietradycjiiwiary.com\/en\/wp-json\/wp\/v2\/tags?post=66509"}],"curies":[{"name":"wp","href":"https:\/\/api.w.org\/{rel}","templated":true}]}}