{"id":65807,"date":"2022-04-12T08:15:48","date_gmt":"2022-04-12T06:15:48","guid":{"rendered":"https:\/\/wobronietradycjiiwiary.com\/?p=65807"},"modified":"2025-02-10T11:58:25","modified_gmt":"2025-02-10T10:58:25","slug":"12-go-kwietnia-zywot-swietego-makaryusza-partyarchy-antyochenskiego-2","status":"publish","type":"post","link":"https:\/\/wobronietradycjiiwiary.com\/en\/12-go-kwietnia-zywot-swietego-makaryusza-partyarchy-antyochenskiego-2\/","title":{"rendered":"12-go Kwietnia. \u017bywot \u015bwi\u0119tego Makaryusza, Partyarchy Antyoche\u0144skiego."},"content":{"rendered":"<div id=\"bsf_rt_marker\"><\/div>\n<p class=\"has-text-align-center wp-block-paragraph\"><em>(\u017by\u0142 oko\u0142o roku Pa\u0144skiego 1000).<\/em><\/p>\n\n\n\n<figure class=\"wp-block-image\"><a href=\"https:\/\/pl.wikisource.org\/wiki\/Plik:%C5%BBywoty_%C5%9Bw._Pa%C5%84skich_na_wszystkie_dnie_roku-Inicja%C5%82-M.png\"><img decoding=\"async\" src=\"https:\/\/upload.wikimedia.org\/wikipedia\/commons\/thumb\/1\/18\/%C5%BBywoty_%C5%9Bw._Pa%C5%84skich_na_wszystkie_dnie_roku-Inicja%C5%82-M.png\/75px-%C5%BBywoty_%C5%9Bw._Pa%C5%84skich_na_wszystkie_dnie_roku-Inicja%C5%82-M.png\" alt=\"M\"\/><\/a><\/figure>\n\n\n\n<p class=\"has-text-align-justify wp-block-paragraph\">Makaryusz, z rodu Ormianin, pr\u0119dko w nauce i cnotach chrze\u015bcija\u0144skich post\u0119p uczyniwszy, na godno\u015b\u0107 Patryarchy\u00a0Antyoche\u0144skiego\u00a0wyniesiony zosta\u0142.<\/p>\n\n\n\n<p class=\"has-text-align-justify wp-block-paragraph\">Na tym wysokim urz\u0119dzie nie odmieni\u0142 si\u0119 w pokorze, owszem d\u0105\u017cy\u0142 do coraz dalszych post\u0119p\u00f3w, \u0107wicz\u0105c si\u0119 gorliwie w \u015bwi\u0119tobliwo\u015bci. Z pokor\u0105 te\u017c wielk\u0105 wszystkim s\u0142u\u017cy\u0142, na sercu si\u0119 ka\u017cdemu uni\u017caj\u0105c. Mia\u0142 w sobie ludzko\u015b\u0107, po\u0142\u0105czon\u0105 z powa\u017cno\u015bci\u0105, twarz zawsze mi\u0119dzy lud\u017ami weso\u0142\u0105 i we wszystkich post\u0119pkach swoich osobliw\u0105 uczciwo\u015b\u0107. \u015awieckiemi rzeczami umia\u0142 m\u0105drze gardzi\u0107, widz\u0105c jakie oszukanie jest tych, kt\u00f3rzy si\u0119 na honory spuszczaj\u0105. Nauczy\u0142 si\u0119 przestawa\u0107 na tem, czem sam by\u0142, a czego utraci\u0107 nie m\u00f3g\u0142, bo kto sam sobie wystarcza, wszystko ma. Pokarmy jego by\u0142y proste, s\u0142u\u017c\u0105ce potrzebie a nie rozkoszy. Wyst\u0119pkami i grzechami ludzkimi si\u0119 brzydzi\u0142, ale ani si\u0119 o nie ciekawie nie pyta\u0142, ani te\u017c nazbyt surowo nie karci\u0142, a pokutuj\u0105cym \u0142atwo odpuszcza\u0142. Nie by\u0142 porywczy do gniewu, lecz pr\u0119dki do mi\u0142osierdzia. W nieszcz\u0119\u015bciu trwa\u0142y i stateczny, w szcz\u0119\u015bciu pokorny i ostro\u017cny. Przez ca\u0142e \u017cycie stara\u0142 si\u0119 wszystkim dobrze czyni\u0107, nikomu nie\u00a0szkodzi\u0107, od krzywdy broni\u0107. Mimo to tai\u0142 cnoty swoje, jako drudzy z grzechami czyni\u0105, chodz\u0105c ustawicznie w sukni z grubej, wielb\u0142\u0105dziej sier\u015bci, lecz B\u00f3g s\u0142ug\u0119 Swego cudownie uwielbi\u0107 raczy\u0142. Modl\u0105c si\u0119 bowiem Makaryusz tajemnie za z\u0142o\u015bci ludzkie, zwyk\u0142 by\u0142 przy tem wiele \u0142ez wylewa\u0107, od kt\u00f3rych chustka jego mocno by\u0142a zmoczon\u0105. Dzia\u0142o si\u0119 to ju\u017c od wielu lat, a nikt o tem nie wiedzia\u0142, pr\u00f3cz Boga, \u2014 \u201ekt\u00f3ry widzi w skryto\u015bci, odda tobie.\u201c (<a href=\"https:\/\/pl.wikisource.org\/wiki\/Biblia_Wujka_(1923)\/Ewangelia_wg_%C5%9Bw._Mateusza_(ca%C5%82o%C5%9B%C4%87)#6:18\">Mat. 6, 18<\/a>). Zdarzy\u0142o si\u0119 bowiem, i\u017c pewien tr\u0119dowaty mia\u0142 widzenie, jakoby zosta\u0142 uzdrowionym, skoroby si\u0119 chustk\u0105 t\u0105 potar\u0142. Jako\u017c uda\u0142 si\u0119 do \u015awi\u0119tego, prosz\u0105c o udzielenie owej chustki za z\u0142o\u015bci ludzkie \u0142zami napuszczanej. Skoro za\u015b chory j\u0105 otrzyma\u0142 i ni\u0105 si\u0119 potar\u0142, natychmiast zdrowie odzyska\u0142.<\/p>\n\n\n\n<p class=\"has-text-align-justify wp-block-paragraph\">W domu swym \u017cywi\u0142 i utrzymywa\u0142 Makaryusz wielu ubogich, ale z pokory serca nigdy \u017cadnej zas\u0142ugi przed Bogiem mie\u0107 nie chcia\u0142. B\u00f3g jednak o s\u0142udze Swym nie zapomnia\u0142, i skryte jego dobre uczynki daleki rozg\u0142os mia\u0142y. Zl\u0105k\u0142 si\u0119 M\u0105\u017c \u015bwi\u0119ty, dowiedziawszy si\u0119 o tem, wiedz\u0105c, \u017ce s\u0142awa \u0142atwo w pych\u0119 podnie\u015b\u0107 si\u0119 mo\u017ce. Zatem coraz wi\u0119cej odsuwa\u0142 si\u0119 od \u015bwiata, dworu \u017cadnego nie trzyma\u0142, wszystko ubogim i n\u0119dzarzom rozdaj\u0105c.<\/p>\n\n\n\n<p class=\"has-text-align-justify wp-block-paragraph\">My\u015bl\u0105c o doskonalszym jeszcze \u017cywocie, zda\u0142 prawa swe do Patryarchatu Eleuteryuszowi, dla siebie tylko \u015bwi\u0119cenie Biskupie zachowuj\u0105c, czego naturalnie z\u0142o\u017cy\u0107 nie m\u00f3g\u0142. Urz\u0105d bowiem pasterski powierza si\u0119\u00a0osobie, a czy ta osoba godnie stanowi swemu odpowie, to ju\u017c od niej zale\u017cy. Patryarcha, wy\u015bwi\u0119cony jako Biskup, sk\u0142ada sw\u00f3j urz\u0105d, aby si\u0119\u00a0doskonali\u0107 jeszcze w cnocie! Wyzuwszy si\u0119 wi\u0119c z wszystkich ziemskich d\u00f3br i dochod\u00f3w, opu\u015bci\u0142 Stolic\u0119 Patryarchatu, chc\u0105c \u017cy\u0107 ubogim wraz z ubogimi. Wonczas mia\u0142 jeszcze rodzic\u00f3w \u017cyj\u0105cych, przyjaci\u00f3\u0142 i dostatki, mimo to w m\u0142odych jeszcze stosunkowo latach, uda\u0142 si\u0119 do Ziemi \u015bwi\u0119tej, gdzie prawd\u0119 Ewangelii \u017cydom i innym niewiernym opowiada\u0142, wzi\u0105wszy z sob\u0105 czterech towarzysz\u00f3w duchownych: Jana, Piotra, Dawida i Konstantyna. Wszak\u017ce zamiast nawr\u00f3cenia si\u0119 i uznania S\u0142owa Bo\u017cego, pojmali \u017cydzi \u015awi\u0119tego, tak go ubiczowawszy, \u017ce a\u017c cia\u0142o od ko\u015bci odpada\u0142o. Bili go i dr\u0119czyli wo\u0142aj\u0105c, aby to co powiedzia\u0142, odwo\u0142a\u0142. Ale w rzeczach Boskich odwo\u0142ania niema dla \u017cadnego \u015awi\u0119tego. Makaryusz z cudown\u0105 cierpliwo\u015bci\u0105 zni\u00f3s\u0142 m\u0119ki, przeto \u017cydzi, gdy ich woli uczyni\u0107 nie chcia\u0142, wtr\u0105cili go do wi\u0119zienia, i tam\u00a0rozpi\u0105wszy na pod\u0142odze, ukrzy\u017cowali! Lecz, o cudo! gwo\u017adzie nie chcia\u0142y m\u0142otowi by\u0107 pos\u0142uszne i skrwawione wyskakiwa\u0142y. Szaleni, rozpalony kamie\u0144 w\u0142o\u017cyli na piersi \u015awi\u0119tego, i zostawili pod stra\u017c\u0105, mniemaj\u0105c, \u017ce ju\u017c go dobij\u0105.<\/p>\n\n\n\n<p class=\"has-text-align-justify wp-block-paragraph\">Tymczasem \u015awi\u0119ty weseli\u0142 si\u0119 z onych m\u0105k dla Chrystusa podj\u0119tych. B\u00f3g te\u017c cudem chcia\u0142 \u017cydom za\u015blepione oczy otworzy\u0107, bowiem uleczy\u0142 rany jego, wi\u0119zienie nape\u0142ni\u0142 \u015bwiat\u0142o\u015bci\u0105, i otworzywszy zapory, dozwoli\u0142 \u015awi\u0119temu jawnie ciemnic\u0119 opu\u015bci\u0107. Stra\u017cnicy, kt\u00f3rzy nad ciemnic\u0105, w kt\u00f3rej Makaryusza ukrzy\u017cowano, \u015bwiat\u0142o\u015b\u0107 niebiesk\u0105 i cudowne uleczenie widzieli, cud ten jawnie zeznali, poczem wraz z \u017cydami, kt\u00f3rzy \u015awi\u0119tego ukrzy\u017cowali, nie tylko o przebaczenie, ale tak\u017ce o chrzest poprosili. Setki ludu pada\u0142y do n\u00f3g \u015awi\u0119tego, prosz\u0105c o nauczenie drogi zbawienia. \u015awi\u0119ty nie omieszka\u0142 sprz\u0105tn\u0105\u0107 \u017cniw i zwie\u017a\u0107 je do gumien Pa\u0144skich, bo setki chrzci\u0142 dziennie i nauczywszy ich prawd wiary, prawemu Bogu pozyska\u0142.<\/p>\n\n\n\n<p class=\"has-text-align-justify wp-block-paragraph\">Wkr\u00f3tce licznie gromadzi\u0142 si\u0119 lud oko\u0142o niego, \u017c\u0105daj\u0105c ode\u0144 na przemian nauki, pomocy lub chrztu, a s\u0142awa jego rozchodzi\u0142a si\u0119 mimo jego woli coraz dalej. Sta\u0142o si\u0119 te\u017c, i\u017c za pomoc\u0105 Bo\u017c\u0105 otworzy\u0142 w Jerozolimie uszy pewnemu g\u0142uchemu od urodzenia. Gdy nast\u0119pnie \u00f3w g\u0142uchy pocz\u0105\u0142 to uzdrowienie wys\u0142awia\u0107, zl\u0105k\u0142 si\u0119 \u015awi\u0119ty o sw\u0105 pokor\u0119, pomny nadto, i\u017c s\u0142awa przeszkadza do doskona\u0142o\u015bci, i po\u017cegnawszy \u00f3wczesnego Biskupa Jerozolimskiego, kt\u00f3remu by\u0142o na imi\u0119 Jan, postanowi\u0142 uda\u0107 si\u0119 do Zachodniej Europy, aby tamtejszych mieszka\u0144c\u00f3w, \u017cyj\u0105cych rozwi\u0105\u017ale, wzywa\u0107 i nak\u0142ania\u0107 do pokuty.<\/p>\n\n\n\n<p class=\"has-text-align-justify wp-block-paragraph\">Chc\u0105c jednak\u017ce \u015awi\u0119ty tam\u017ce si\u0119 dosta\u0107, musia\u0142 przeprawi\u0107 si\u0119 przez morze. Nowe go wszak\u017ce utrapienie czeka\u0142o, i to od w\u0142asnych rodzic\u00f3w, kt\u00f3rzy b\u0119d\u0105c zamo\u017cnymi, naj\u0119li drab\u00f3w w celu powstrzymania Makaryusza\u00a0z \u017c\u0105daniem, aby wr\u00f3ci\u0142 na Stolic\u0119, a w przeciwnym razie gwa\u0142tem mieli go przywie\u017a\u0107 z sob\u0105. Sta\u0142o si\u0119 jednak\u017ce inaczej. Kiedy bowiem drabowie zamierzali si\u0119 targn\u0105\u0107 na \u015awi\u0119tego, nagle pousycha\u0142y im r\u0119ce. Przera\u017ceni tym cudem, b\u0142agali go przeto o przebaczenie, prosz\u0105c o przywr\u00f3cenie zdrowia, co si\u0119 te\u017c za przyczyn\u0105 \u015bwi\u0119tego Makaryusza sta\u0142o.<\/p>\n\n\n\n<p class=\"has-text-align-justify wp-block-paragraph\">\u2009W d\u0142ugiej pielgrzymce zaszed\u0142 tedy \u015awi\u0119ty a\u017c do Bawaryi, gdzie ca\u0142y rok prze\u017cy\u0142 z krajowcami, a wszyscy, kt\u00f3rym S\u0142owo Bo\u017ce opowiada\u0142, otrzymali ducha ewangelicznego i ochrzceni zostali. Mieszka\u0142 te\u017c w domu niejakiego Adalbertusa, kt\u00f3rego ma\u0142\u017conka ci\u0119\u017ck\u0105 niemoc\u0105 by\u0142a z\u0142o\u017cona. \u015awi\u0119ty lituj\u0105c si\u0119 nad chor\u0105 i widz\u0105c tak w niej jak i m\u0119\u017cu szczer\u0105 wiar\u0119, umoczy\u0142 krzy\u017c sw\u00f3j w wodzie, z kt\u00f3rej kilka kropli za wstawieniem si\u0119 \u015awi\u0119tego wyleczy\u0142y niemocn\u0105. Uradowany Adalbertus, wielkie pieni\u0105dze chcia\u0142 mu ofiarowa\u0107, czego oczywi\u015bcie \u015awi\u0119ty przyj\u0105\u0107 nie chcia\u0142. Zabobonna wszak\u017ce s\u0142u\u017cba s\u0105dz\u0105c, \u017ce pot\u0119ga cud\u00f3w polega na jego wy\u017cej wspomnianej chustce, postanowi\u0142a j\u0105 ukra\u015b\u0107. Lecz sam B\u00f3g \u015bwi\u0119tokradzkiego czynu dopu\u015bci\u0107 nie pozwoli\u0142. Skoro si\u0119 bowiem zbrodniarze chustki dotkn\u0119li, w straszliw\u0105 gor\u0105czk\u0119 popadli, i wrzeszcz\u0105c o pomoc, ca\u0142owali nogi \u015awi\u0119temu, prosz\u0105c o wyleczenie, co te\u017c za jego przyczyn\u0105 niebawem nast\u0105pi\u0142o. Przepe\u0142nieni skruch\u0105, sami tedy g\u0142osili s\u0142aw\u0119 \u015bwi\u0119tego M\u0119\u017ca, opowiadaj\u0105c j\u0105 publicznie. S\u0142awa ta jednak \u015awi\u0119tego znowu st\u0105d wygna\u0142a; Makaryusz bowiem, nie chc\u0105c pr\u00f3\u017cnej chwa\u0142y i tylko czci Boskiej szukaj\u0105c, uda\u0142 si\u0119 do Torbaku, gdzie wonczas panowa\u0142a ogromna zawzi\u0119to\u015b\u0107 mi\u0119dzy ludno\u015bci\u0105. Wnet Krzy\u017cem \u015bwi\u0119tym jedno\u015b\u0107 przywr\u00f3ci\u0142, tak i\u017c owa okolica s\u0142usznie mog\u0142aby go nazywa\u0107 swym Aposto\u0142em.<\/p>\n\n\n\n<p class=\"has-text-align-justify wp-block-paragraph\">Podr\u00f3\u017cami i niewczasami zw\u0105tlony, przyszed\u0142 wreszcie do Gandawy i uda\u0142 si\u0119 do klasztoru \u015bwi\u0119tego Bawona, gdzie go Opat Erembold z wielk\u0105 mi\u0142o\u015bci\u0105 przyj\u0105\u0142. Szcz\u0119\u015bliwe ono miasto, w kt\u00f3rem klasztor tak mu si\u0119 upodoba\u0142, i\u017c w nim zamieszka\u0107 postanowi\u0142 cz\u0142owiek, kt\u00f3rego ormia\u0144ska ziemia i Stolica antyoche\u0144ska i inne krainy zatrzyma\u0107 nie mog\u0142y. Mieszkaj\u0105c tedy w Gandawie, obchodzi\u0142 ko\u015bcio\u0142y, w ka\u017cdym ofiar\u0119 Mszy \u015bwi\u0119tej z towarzyszami odprawiaj\u0105c i za lud Pana Boga prosz\u0105c. Lubo nie rozumia\u0142 ich j\u0119zyka, jednak swemi \u015bwi\u0119temi modlitwami i ofiarami wielce by\u0142 po\u017cyteczny. Cokolwiek mu dawano, wszystko obraca\u0142 na ubogich. Gdy nast\u0119pnie lud zewsz\u0105d pocz\u0105\u0142 si\u0119 do niego zbiega\u0107, on wielu z nich dotykaniem, b\u0142ogos\u0142awieniem lub prze\u017cegnaniem z ci\u0119\u017ckiej niemocy uwalnia\u0142. Chc\u0105c si\u0119 za\u015b stamt\u0105d uda\u0107 z powrotem do Armenii, zachorowa\u0142 na nog\u0119 i mia\u0142 dziwne widzenie, w kt\u00f3rem od \u015bw. Bawona uleczonym zosta\u0142.<\/p>\n\n\n\n<p class=\"has-text-align-justify wp-block-paragraph\">Wyzdrowiawszy, zamierza\u0142 dawniejsze przedsi\u0119wzi\u0119cie wykona\u0107, ale mu Pan B\u00f3g tam\u017ce \u017cywota jego koniec przeznaczy\u0142. Onego czasu zaraza w Gandawie powsta\u0142a; chrosta jaka\u015b ludziom na podniebieniu wyrasta\u0142a, kt\u00f3rej je\u017celi zaraz balwierz nie rozci\u0105\u0142, wnet chory umiera\u0142. Postanowili zatem duchowni procesye, litanie i post przez trzy dni. Wys\u0142ucha\u0142 ich te\u017c Pan B\u00f3g, ale w zamian utracili Makaryusza. Ten\u017ce cierpieniem tem zara\u017cony, przygotowa\u0142 si\u0119 na \u015bmier\u0107, o\u015bwiadczaj\u0105c zarazem, i\u017c krom niego nikt ju\u017c na t\u0119 zara\u017aliw\u0105 chorob\u0119 nie umrze. Przepowiednia jego si\u0119 spe\u0142ni\u0142a, gdy\u017c trzeciego dnia postu, skoro procesy\u0119 odprawili, odda\u0142 ducha Zbawicielowi swemu roku Pa\u0144skiego 1012.<\/p>\n\n\n\n<p class=\"has-text-align-justify wp-block-paragraph\">\u2009Gr\u00f3b jego zas\u0142yn\u0105\u0142 wkr\u00f3tce licznymi cudami, kt\u00f3rymi B\u00f3g wszechmog\u0105cy Swego \u015awi\u0119tego uwielbi\u0142.<br><\/p>\n\n\n\n<h2 class=\"wp-block-heading\"><strong>Nauka moralna.<\/strong><\/h2>\n\n\n\n<p class=\"has-text-align-justify wp-block-paragraph\">\u2009Jak pi\u0119kny przyk\u0142ad daje nam pokora \u015bwi\u0119tego Makaryusza! \u2014 Dla tej cnoty opu\u015bci\u0142 zaszczytne stanowisko, jakie zajmowa\u0142 na Stolicy Biskupiej, obawiaj\u0105c si\u0119, \u017ceby s\u0142awa jego w cnocie tej mu nie szkodzi\u0142a. Opu\u015bci\u0142 \u015bwiat z jego uciechami, krewnych i przyjaci\u00f3\u0142, udaj\u0105c si\u0119 do Ziemi \u015bwi\u0119tej, a\u017ceby tam \u017cyd\u00f3w Wierze \u015bwi\u0119tej pozyska\u0107 i w cnocie pokory si\u0119 dalej doskonali\u0107.<br>\u2009A chocia\u017c za opowiadanie Ewangelii przez zawzi\u0119tych \u017cyd\u00f3w zosta\u0142 pojmany, biczowany, a nawet na pod\u0142odze rozpi\u0119ty i do niej przybity, jednakowo\u017c w Wierze swej \u015bwi\u0119tej si\u0119 nie zachwia\u0142, za co go B\u00f3g z ran cudownie uleczy\u0142 i z wi\u0119zienia uwolni\u0142, sk\u0105d znowu wiele \u017cyd\u00f3w do Wiary \u015bwi\u0119tej si\u0119 nawr\u00f3ci\u0142o. Pomny na s\u0142owa Zbawiciela:\u00a0\u201eI odpu\u015b\u0107 nam nasze winy, jako i my odpuszczamy naszym winowjcom\u201c, dr\u0119czycielom nie tylko krzywdy sobie wyrz\u0105dzone odpu\u015bci\u0142, ale nawet si\u0119 za nich modli\u0142. \u015awi\u0119ty Makaryusz daje nam swojem nader \u015bwi\u0119tobliwem \u017cyciem najlepszy przyk\u0142ad; a\u017cali\u017c go i my nie mo\u017cemy na\u015bladowa\u0107? Owszem, b\u0105d\u017amy stali w wierze, pokorni,\u00a0mi\u0142ujmy Boga nade wszystko, a bli\u017aniego naszego jako siebie samego. Je\u017celi owo najprzedniejsze przykazanie zawsze w pami\u0119ci mie\u0107 b\u0119dziemy, zyskamy sobie pewno, jak i \u015bwi\u0119ty Makaryusz, Kr\u00f3lestwo niebieskie. \u201eB\u0142ogos\u0142awieni cisi i pokornego serca, albowiem oni posi\u0119d\u0105 Kr\u00f3lestwo niebieskie.\u201c<\/p>\n\n\n\n<h2 class=\"wp-block-heading\"><br><strong>Modlitwa.<\/strong><\/h2>\n\n\n\n<blockquote class=\"wp-block-quote is-layout-flow wp-block-quote-is-layout-flow\"><p>\u2009Ojcze niebieski, kt\u00f3ry\u015b przez \u015bwi\u0119tobliwe \u017cycie \u015bw. Makaryusza da\u0142 nam przyk\u0142ad, jak i my \u017cy\u0107 powinni\u015bmy, udziel nam \u0142aski, aby\u015bmy w prawdziwej pokorze tu na ziemi post\u0119puj\u0105c, po \u015bmierci dostali si\u0119 do Kr\u00f3lestwa niebieskiego. Przez Pana naszego Jezusa Chrystusa. Amen.<\/p><\/blockquote>\n\n\n\n<figure class=\"wp-block-table\"><table><tbody><tr><td>\u2217&nbsp;&nbsp;&nbsp;&nbsp;&nbsp;&nbsp;&nbsp;&nbsp;&nbsp;&nbsp;&nbsp;&nbsp;&nbsp;&nbsp;&nbsp;&nbsp;&nbsp;&nbsp;&nbsp;&nbsp;\u2217<br>\u2217<\/td><\/tr><\/tbody><\/table><\/figure>\n\n\n\n<p class=\"wp-block-paragraph\">\u2009<em>Opr\u00f3cz tego obchodzi Ko\u015bci\u00f3\u0142 \u015bwi\u0119ty pami\u0105tk\u0119 nast\u0119puj\u0105cych \u015awi\u0119tych Pa\u0144skich, zamieszczonych w rzymskiem martyrologium:<\/em><\/p>\n\n\n\n<p class=\"has-text-align-justify wp-block-paragraph\">\u2009<strong>Dnia 12-go kwietnia<\/strong>&nbsp;w Weronie m\u0119cze\u0144stwo \u015bw.&nbsp;Zenona, Biskupa, rz\u0105dz\u0105cego Ko\u015bcio\u0142em tym w\u015br\u00f3d zaburze\u0144 i prze\u015bladowa\u0144 z przedziwn\u0105 wierno\u015bci\u0105 i wytrwa\u0142o\u015bci\u0105, a pod Gallienuszem zdoby\u0142 palm\u0119 zwyci\u0119sk\u0105. \u2014 W Kapadocyi dzie\u0144 zgonu \u015bwi\u0119tego&nbsp;Saby, Gota, wrzuconego po wielu okrutnych katuszach do rzeki za czas\u00f3w cesarza Walensa, gdy Atanaryk, kr\u00f3l Got\u00f3w, prze\u015bladowa\u0142 chrze\u015bcijan; w tym samym czasie otrzyma\u0142o wed\u0142ug sprawozdania \u015bw. Augustyna wielu chrze\u015bcija\u0144skich Got\u00f3w koron\u0119 m\u0119cze\u0144sk\u0105. \u2014 W Bradze w Portugalii uroczysto\u015b\u0107 \u015bw.&nbsp;Wiktora, M\u0119czennika; chocia\u017c nie by\u0142 jeszcze ochrzconym, wzbrania\u0142 si\u0119 jednak pok\u0142oni\u0107 ba\u0142wanowi i wyzna\u0142 niezwykle m\u0119\u017cnie sw\u0105 wiar\u0119 w Chrystusa. Dlatego zosta\u0142 po r\u00f3\u017cnorodnych m\u0119kach \u015bci\u0119ty i tak zas\u0142u\u017cy\u0142 sobie na chrzest w\u0142asn\u0105 krwi\u0105 swoj\u0105. \u2014 W Fermo pami\u0105tka \u015bwi\u0119tej&nbsp;Wisyi, Dziewicy i M\u0119czenniczki. \u2014 W Rzymie uroczysty obch\u00f3d \u015bw.&nbsp;Juliusza, Papie\u017ca, broni\u0105cego z wielkim zapa\u0142em wiary katolickiej przeciw aryanom, a po wielu chwalebnych czynach, znakomity \u015bwi\u0119tobliwo\u015bci\u0105, zasn\u0105\u0142 w Panu. \u2014 Pod Gap we Francyi uroczysto\u015b\u0107 pami\u0105tkowa \u015bw.&nbsp;Konstantyna, Biskupa i Wyznawcy. \u2014 W Pawii dzie\u0144 zgonu \u015bwi\u0119tego&nbsp;Damiana, Biskupa.<\/p>","protected":false},"excerpt":{"rendered":"<p>\u015bw. Makariusz nawet jako patriarcha Antiochii wi\u00f3d\u0142 \u017cywot ukryty, a im bardziej chcia\u0142 ukrytym pozosta\u0107 tym wi\u0119cej cud\u00f3w czyni\u0142 i to po ca\u0142ej Azji Mniejszej i Europie. Pan B\u00f3g bywa paradoksalny.<\/p>","protected":false},"author":60508433,"featured_media":45601,"comment_status":"open","ping_status":"open","sticky":false,"template":"","format":"standard","meta":{"_bbp_topic_count":0,"_bbp_reply_count":0,"_bbp_total_topic_count":0,"_bbp_total_reply_count":0,"_bbp_voice_count":0,"_bbp_anonymous_reply_count":0,"_bbp_topic_count_hidden":0,"_bbp_reply_count_hidden":0,"_bbp_forum_subforum_count":0,"_editorskit_title_hidden":false,"_editorskit_reading_time":0,"_editorskit_is_block_options_detached":false,"_editorskit_block_options_position":"{}","_coblocks_attr":"","_coblocks_dimensions":"","_coblocks_responsive_height":"","_coblocks_accordion_ie_support":"","_exactmetrics_skip_tracking":false,"_jetpack_newsletter_access":"","_jetpack_dont_email_post_to_subs":false,"_jetpack_newsletter_tier_id":0,"_jetpack_memberships_contains_paywalled_content":false,"_wpcom_ai_launchpad_first_post":false,"_jetpack_feature_clip_id":0,"_jetpack_memberships_contains_paid_content":false,"footnotes":"","jetpack_publicize_message":"{title}\n\n{excerpt}\n\n{url}","jetpack_publicize_feature_enabled":true,"jetpack_social_post_already_shared":true,"jetpack_social_options":{"image_generator_settings":{"template":"highway","default_image_id":0,"font":"","enabled":false},"version":2},"_wpas_customize_per_network":false,"jetpack_post_was_ever_published":false},"categories":[610131819,610131184,336375535,610134932,610131155,610132042],"tags":[610133352],"class_list":["post-65807","post","type-post","status-publish","format-standard","has-post-thumbnail","hentry","category-swieta-w-kwietniu","category-duchowosc","category-liturgia-i-liturgika","category-mescy-swieci","category-rozwazania","category-zywoty-swietych","tag-mescy-swieci"],"yoast_head":"<!-- This site is optimized with the Yoast SEO plugin v28.4 - https:\/\/yoast.com\/product\/yoast-seo-wordpress\/ -->\n<title>12-go Kwietnia. \u017bywot \u015bwi\u0119tego Makaryusza, Partyarchy Antyoche\u0144skiego. - Tradycja i Wiara<\/title>\n<meta name=\"robots\" content=\"index, follow, max-snippet:-1, max-image-preview:large, max-video-preview:-1\" \/>\n<link rel=\"canonical\" href=\"https:\/\/wobronietradycjiiwiary.com\/en\/12-go-kwietnia-zywot-swietego-makaryusza-partyarchy-antyochenskiego-2\/\" \/>\n<meta property=\"og:locale\" content=\"en_US\" \/>\n<meta property=\"og:type\" content=\"article\" \/>\n<meta property=\"og:title\" content=\"12-go Kwietnia. \u017bywot \u015bwi\u0119tego Makaryusza, Partyarchy Antyoche\u0144skiego. - Tradycja i Wiara\" \/>\n<meta property=\"og:description\" content=\"\u015bw. Makariusz nawet jako patriarcha Antiochii wi\u00f3d\u0142 \u017cywot ukryty, a im bardziej chcia\u0142 ukrytym pozosta\u0107 tym wi\u0119cej cud\u00f3w czyni\u0142 i to po ca\u0142ej Azji Mniejszej i Europie. Pan B\u00f3g bywa paradoksalny.\" \/>\n<meta property=\"og:url\" content=\"https:\/\/wobronietradycjiiwiary.com\/en\/12-go-kwietnia-zywot-swietego-makaryusza-partyarchy-antyochenskiego-2\/\" \/>\n<meta property=\"og:site_name\" content=\"Tradycja i Wiara\" \/>\n<meta property=\"article:publisher\" content=\"https:\/\/www.facebook.com\/Tradycja-i-Wiara-108813920592249\" \/>\n<meta property=\"article:published_time\" content=\"2022-04-12T06:15:48+00:00\" \/>\n<meta property=\"article:modified_time\" content=\"2025-02-10T10:58:25+00:00\" \/>\n<meta property=\"og:image\" content=\"https:\/\/wobronietradycjiiwiary.com\/wp-content\/uploads\/2021\/04\/Makarios_Arxiepiskopos_Korinthou_Notaras.jpg\" \/>\n\t<meta property=\"og:image:width\" content=\"500\" \/>\n\t<meta property=\"og:image:height\" content=\"721\" \/>\n\t<meta property=\"og:image:type\" content=\"image\/jpeg\" \/>\n<meta name=\"author\" content=\"Traditio et Fides\" \/>\n<meta name=\"twitter:card\" content=\"summary_large_image\" \/>\n<meta name=\"twitter:label1\" content=\"Written by\" \/>\n\t<meta name=\"twitter:data1\" content=\"Traditio et Fides\" \/>\n\t<meta name=\"twitter:label2\" content=\"Est. reading time\" \/>\n\t<meta name=\"twitter:data2\" content=\"11 minutes\" \/>\n<script type=\"application\/ld+json\" class=\"yoast-schema-graph\">{\"@context\":\"https:\\\/\\\/schema.org\",\"@graph\":[{\"@type\":\"Article\",\"@id\":\"https:\\\/\\\/wobronietradycjiiwiary.com\\\/12-go-kwietnia-zywot-swietego-makaryusza-partyarchy-antyochenskiego-2\\\/#article\",\"isPartOf\":{\"@id\":\"https:\\\/\\\/wobronietradycjiiwiary.com\\\/12-go-kwietnia-zywot-swietego-makaryusza-partyarchy-antyochenskiego-2\\\/\"},\"author\":{\"name\":\"Traditio et Fides\",\"@id\":\"https:\\\/\\\/wobronietradycjiiwiary.com\\\/pl\\\/#\\\/schema\\\/person\\\/2d6180ce6abcb681fef0daab7816e8f3\"},\"headline\":\"12-go Kwietnia. \u017bywot \u015bwi\u0119tego Makaryusza, Partyarchy Antyoche\u0144skiego.\",\"datePublished\":\"2022-04-12T06:15:48+00:00\",\"dateModified\":\"2025-02-10T10:58:25+00:00\",\"mainEntityOfPage\":{\"@id\":\"https:\\\/\\\/wobronietradycjiiwiary.com\\\/12-go-kwietnia-zywot-swietego-makaryusza-partyarchy-antyochenskiego-2\\\/\"},\"wordCount\":2141,\"commentCount\":0,\"publisher\":{\"@id\":\"https:\\\/\\\/wobronietradycjiiwiary.com\\\/pl\\\/#organization\"},\"image\":{\"@id\":\"https:\\\/\\\/wobronietradycjiiwiary.com\\\/12-go-kwietnia-zywot-swietego-makaryusza-partyarchy-antyochenskiego-2\\\/#primaryimage\"},\"thumbnailUrl\":\"https:\\\/\\\/wobronietradycjiiwiary.com\\\/wp-content\\\/uploads\\\/2021\\\/04\\\/Makarios_Arxiepiskopos_Korinthou_Notaras.jpg\",\"keywords\":[\"m\u0119scy \u015bwi\u0119ci\"],\"articleSection\":[\"04. \u015awi\u0119ta w kwietniu\",\"Duchowo\u015b\u0107\",\"Liturgia i liturgika\",\"M\u0119scy \u015bwi\u0119ci\",\"Rozwa\u017cania liturgiczne\",\"\u017bywoty \u015awi\u0119tych\"],\"inLanguage\":\"en-US\",\"potentialAction\":[{\"@type\":\"CommentAction\",\"name\":\"Comment\",\"target\":[\"https:\\\/\\\/wobronietradycjiiwiary.com\\\/12-go-kwietnia-zywot-swietego-makaryusza-partyarchy-antyochenskiego-2\\\/#respond\"]}]},{\"@type\":\"WebPage\",\"@id\":\"https:\\\/\\\/wobronietradycjiiwiary.com\\\/12-go-kwietnia-zywot-swietego-makaryusza-partyarchy-antyochenskiego-2\\\/\",\"url\":\"https:\\\/\\\/wobronietradycjiiwiary.com\\\/12-go-kwietnia-zywot-swietego-makaryusza-partyarchy-antyochenskiego-2\\\/\",\"name\":\"12-go Kwietnia. \u017bywot \u015bwi\u0119tego Makaryusza, Partyarchy Antyoche\u0144skiego. - Tradycja i Wiara\",\"isPartOf\":{\"@id\":\"https:\\\/\\\/wobronietradycjiiwiary.com\\\/pl\\\/#website\"},\"primaryImageOfPage\":{\"@id\":\"https:\\\/\\\/wobronietradycjiiwiary.com\\\/12-go-kwietnia-zywot-swietego-makaryusza-partyarchy-antyochenskiego-2\\\/#primaryimage\"},\"image\":{\"@id\":\"https:\\\/\\\/wobronietradycjiiwiary.com\\\/12-go-kwietnia-zywot-swietego-makaryusza-partyarchy-antyochenskiego-2\\\/#primaryimage\"},\"thumbnailUrl\":\"https:\\\/\\\/wobronietradycjiiwiary.com\\\/wp-content\\\/uploads\\\/2021\\\/04\\\/Makarios_Arxiepiskopos_Korinthou_Notaras.jpg\",\"datePublished\":\"2022-04-12T06:15:48+00:00\",\"dateModified\":\"2025-02-10T10:58:25+00:00\",\"breadcrumb\":{\"@id\":\"https:\\\/\\\/wobronietradycjiiwiary.com\\\/12-go-kwietnia-zywot-swietego-makaryusza-partyarchy-antyochenskiego-2\\\/#breadcrumb\"},\"inLanguage\":\"en-US\",\"potentialAction\":[{\"@type\":\"ReadAction\",\"target\":[\"https:\\\/\\\/wobronietradycjiiwiary.com\\\/12-go-kwietnia-zywot-swietego-makaryusza-partyarchy-antyochenskiego-2\\\/\"]}]},{\"@type\":\"ImageObject\",\"inLanguage\":\"en-US\",\"@id\":\"https:\\\/\\\/wobronietradycjiiwiary.com\\\/12-go-kwietnia-zywot-swietego-makaryusza-partyarchy-antyochenskiego-2\\\/#primaryimage\",\"url\":\"https:\\\/\\\/wobronietradycjiiwiary.com\\\/wp-content\\\/uploads\\\/2021\\\/04\\\/Makarios_Arxiepiskopos_Korinthou_Notaras.jpg\",\"contentUrl\":\"https:\\\/\\\/wobronietradycjiiwiary.com\\\/wp-content\\\/uploads\\\/2021\\\/04\\\/Makarios_Arxiepiskopos_Korinthou_Notaras.jpg\",\"width\":500,\"height\":721},{\"@type\":\"BreadcrumbList\",\"@id\":\"https:\\\/\\\/wobronietradycjiiwiary.com\\\/12-go-kwietnia-zywot-swietego-makaryusza-partyarchy-antyochenskiego-2\\\/#breadcrumb\",\"itemListElement\":[{\"@type\":\"ListItem\",\"position\":1,\"name\":\"Strona g\u0142\u00f3wna\",\"item\":\"https:\\\/\\\/wobronietradycjiiwiary.com\\\/\"},{\"@type\":\"ListItem\",\"position\":2,\"name\":\"12-go Kwietnia. \u017bywot \u015bwi\u0119tego Makaryusza, Partyarchy Antyoche\u0144skiego.\"}]},{\"@type\":\"WebSite\",\"@id\":\"https:\\\/\\\/wobronietradycjiiwiary.com\\\/pl\\\/#website\",\"url\":\"https:\\\/\\\/wobronietradycjiiwiary.com\\\/pl\\\/\",\"name\":\"Tradycja i Wiara\",\"description\":\"Portal dla katolik\u00f3w.\",\"publisher\":{\"@id\":\"https:\\\/\\\/wobronietradycjiiwiary.com\\\/pl\\\/#organization\"},\"potentialAction\":[{\"@type\":\"SearchAction\",\"target\":{\"@type\":\"EntryPoint\",\"urlTemplate\":\"https:\\\/\\\/wobronietradycjiiwiary.com\\\/pl\\\/?s={search_term_string}\"},\"query-input\":{\"@type\":\"PropertyValueSpecification\",\"valueRequired\":true,\"valueName\":\"search_term_string\"}}],\"inLanguage\":\"en-US\"},{\"@type\":\"Organization\",\"@id\":\"https:\\\/\\\/wobronietradycjiiwiary.com\\\/pl\\\/#organization\",\"name\":\"Tradycja i Wiara\",\"url\":\"https:\\\/\\\/wobronietradycjiiwiary.com\\\/pl\\\/\",\"logo\":{\"@type\":\"ImageObject\",\"inLanguage\":\"en-US\",\"@id\":\"https:\\\/\\\/wobronietradycjiiwiary.com\\\/pl\\\/#\\\/schema\\\/logo\\\/image\\\/\",\"url\":\"https:\\\/\\\/i0.wp.com\\\/wobronietradycjiiwiary.com\\\/wp-content\\\/uploads\\\/2015\\\/10\\\/cropped-st-peters-dome-vatican.jpg?fit=940%2C198&ssl=1\",\"contentUrl\":\"https:\\\/\\\/i0.wp.com\\\/wobronietradycjiiwiary.com\\\/wp-content\\\/uploads\\\/2015\\\/10\\\/cropped-st-peters-dome-vatican.jpg?fit=940%2C198&ssl=1\",\"width\":940,\"height\":198,\"caption\":\"Tradycja i Wiara\"},\"image\":{\"@id\":\"https:\\\/\\\/wobronietradycjiiwiary.com\\\/pl\\\/#\\\/schema\\\/logo\\\/image\\\/\"},\"sameAs\":[\"https:\\\/\\\/www.facebook.com\\\/Tradycja-i-Wiara-108813920592249\"]},{\"@type\":\"Person\",\"@id\":\"https:\\\/\\\/wobronietradycjiiwiary.com\\\/pl\\\/#\\\/schema\\\/person\\\/2d6180ce6abcb681fef0daab7816e8f3\",\"name\":\"Traditio et Fides\",\"sameAs\":[\"https:\\\/\\\/traditionundglauben.com\"],\"url\":\"https:\\\/\\\/wobronietradycjiiwiary.com\\\/en\\\/author\\\/wobronietradycjiiwiary\\\/\"}]}<\/script>\n<!-- \/ Yoast SEO plugin. -->","yoast_head_json":{"title":"12-go Kwietnia. \u017bywot \u015bwi\u0119tego Makaryusza, Partyarchy Antyoche\u0144skiego. - Tradycja i Wiara","robots":{"index":"index","follow":"follow","max-snippet":"max-snippet:-1","max-image-preview":"max-image-preview:large","max-video-preview":"max-video-preview:-1"},"canonical":"https:\/\/wobronietradycjiiwiary.com\/en\/12-go-kwietnia-zywot-swietego-makaryusza-partyarchy-antyochenskiego-2\/","og_locale":"en_US","og_type":"article","og_title":"12-go Kwietnia. \u017bywot \u015bwi\u0119tego Makaryusza, Partyarchy Antyoche\u0144skiego. - Tradycja i Wiara","og_description":"\u015bw. Makariusz nawet jako patriarcha Antiochii wi\u00f3d\u0142 \u017cywot ukryty, a im bardziej chcia\u0142 ukrytym pozosta\u0107 tym wi\u0119cej cud\u00f3w czyni\u0142 i to po ca\u0142ej Azji Mniejszej i Europie. Pan B\u00f3g bywa paradoksalny.","og_url":"https:\/\/wobronietradycjiiwiary.com\/en\/12-go-kwietnia-zywot-swietego-makaryusza-partyarchy-antyochenskiego-2\/","og_site_name":"Tradycja i Wiara","article_publisher":"https:\/\/www.facebook.com\/Tradycja-i-Wiara-108813920592249","article_published_time":"2022-04-12T06:15:48+00:00","article_modified_time":"2025-02-10T10:58:25+00:00","og_image":[{"width":500,"height":721,"url":"https:\/\/wobronietradycjiiwiary.com\/wp-content\/uploads\/2021\/04\/Makarios_Arxiepiskopos_Korinthou_Notaras.jpg","type":"image\/jpeg"}],"author":"Traditio et Fides","twitter_card":"summary_large_image","twitter_misc":{"Written by":"Traditio et Fides","Est. reading time":"11 minutes"},"schema":{"@context":"https:\/\/schema.org","@graph":[{"@type":"Article","@id":"https:\/\/wobronietradycjiiwiary.com\/12-go-kwietnia-zywot-swietego-makaryusza-partyarchy-antyochenskiego-2\/#article","isPartOf":{"@id":"https:\/\/wobronietradycjiiwiary.com\/12-go-kwietnia-zywot-swietego-makaryusza-partyarchy-antyochenskiego-2\/"},"author":{"name":"Traditio et Fides","@id":"https:\/\/wobronietradycjiiwiary.com\/pl\/#\/schema\/person\/2d6180ce6abcb681fef0daab7816e8f3"},"headline":"12-go Kwietnia. \u017bywot \u015bwi\u0119tego Makaryusza, Partyarchy Antyoche\u0144skiego.","datePublished":"2022-04-12T06:15:48+00:00","dateModified":"2025-02-10T10:58:25+00:00","mainEntityOfPage":{"@id":"https:\/\/wobronietradycjiiwiary.com\/12-go-kwietnia-zywot-swietego-makaryusza-partyarchy-antyochenskiego-2\/"},"wordCount":2141,"commentCount":0,"publisher":{"@id":"https:\/\/wobronietradycjiiwiary.com\/pl\/#organization"},"image":{"@id":"https:\/\/wobronietradycjiiwiary.com\/12-go-kwietnia-zywot-swietego-makaryusza-partyarchy-antyochenskiego-2\/#primaryimage"},"thumbnailUrl":"https:\/\/wobronietradycjiiwiary.com\/wp-content\/uploads\/2021\/04\/Makarios_Arxiepiskopos_Korinthou_Notaras.jpg","keywords":["m\u0119scy \u015bwi\u0119ci"],"articleSection":["04. \u015awi\u0119ta w kwietniu","Duchowo\u015b\u0107","Liturgia i liturgika","M\u0119scy \u015bwi\u0119ci","Rozwa\u017cania liturgiczne","\u017bywoty \u015awi\u0119tych"],"inLanguage":"en-US","potentialAction":[{"@type":"CommentAction","name":"Comment","target":["https:\/\/wobronietradycjiiwiary.com\/12-go-kwietnia-zywot-swietego-makaryusza-partyarchy-antyochenskiego-2\/#respond"]}]},{"@type":"WebPage","@id":"https:\/\/wobronietradycjiiwiary.com\/12-go-kwietnia-zywot-swietego-makaryusza-partyarchy-antyochenskiego-2\/","url":"https:\/\/wobronietradycjiiwiary.com\/12-go-kwietnia-zywot-swietego-makaryusza-partyarchy-antyochenskiego-2\/","name":"12-go Kwietnia. \u017bywot \u015bwi\u0119tego Makaryusza, Partyarchy Antyoche\u0144skiego. - Tradycja i Wiara","isPartOf":{"@id":"https:\/\/wobronietradycjiiwiary.com\/pl\/#website"},"primaryImageOfPage":{"@id":"https:\/\/wobronietradycjiiwiary.com\/12-go-kwietnia-zywot-swietego-makaryusza-partyarchy-antyochenskiego-2\/#primaryimage"},"image":{"@id":"https:\/\/wobronietradycjiiwiary.com\/12-go-kwietnia-zywot-swietego-makaryusza-partyarchy-antyochenskiego-2\/#primaryimage"},"thumbnailUrl":"https:\/\/wobronietradycjiiwiary.com\/wp-content\/uploads\/2021\/04\/Makarios_Arxiepiskopos_Korinthou_Notaras.jpg","datePublished":"2022-04-12T06:15:48+00:00","dateModified":"2025-02-10T10:58:25+00:00","breadcrumb":{"@id":"https:\/\/wobronietradycjiiwiary.com\/12-go-kwietnia-zywot-swietego-makaryusza-partyarchy-antyochenskiego-2\/#breadcrumb"},"inLanguage":"en-US","potentialAction":[{"@type":"ReadAction","target":["https:\/\/wobronietradycjiiwiary.com\/12-go-kwietnia-zywot-swietego-makaryusza-partyarchy-antyochenskiego-2\/"]}]},{"@type":"ImageObject","inLanguage":"en-US","@id":"https:\/\/wobronietradycjiiwiary.com\/12-go-kwietnia-zywot-swietego-makaryusza-partyarchy-antyochenskiego-2\/#primaryimage","url":"https:\/\/wobronietradycjiiwiary.com\/wp-content\/uploads\/2021\/04\/Makarios_Arxiepiskopos_Korinthou_Notaras.jpg","contentUrl":"https:\/\/wobronietradycjiiwiary.com\/wp-content\/uploads\/2021\/04\/Makarios_Arxiepiskopos_Korinthou_Notaras.jpg","width":500,"height":721},{"@type":"BreadcrumbList","@id":"https:\/\/wobronietradycjiiwiary.com\/12-go-kwietnia-zywot-swietego-makaryusza-partyarchy-antyochenskiego-2\/#breadcrumb","itemListElement":[{"@type":"ListItem","position":1,"name":"Strona g\u0142\u00f3wna","item":"https:\/\/wobronietradycjiiwiary.com\/"},{"@type":"ListItem","position":2,"name":"12-go Kwietnia. \u017bywot \u015bwi\u0119tego Makaryusza, Partyarchy Antyoche\u0144skiego."}]},{"@type":"WebSite","@id":"https:\/\/wobronietradycjiiwiary.com\/pl\/#website","url":"https:\/\/wobronietradycjiiwiary.com\/pl\/","name":"Tradycja i Wiara","description":"Portal dla katolik\u00f3w.","publisher":{"@id":"https:\/\/wobronietradycjiiwiary.com\/pl\/#organization"},"potentialAction":[{"@type":"SearchAction","target":{"@type":"EntryPoint","urlTemplate":"https:\/\/wobronietradycjiiwiary.com\/pl\/?s={search_term_string}"},"query-input":{"@type":"PropertyValueSpecification","valueRequired":true,"valueName":"search_term_string"}}],"inLanguage":"en-US"},{"@type":"Organization","@id":"https:\/\/wobronietradycjiiwiary.com\/pl\/#organization","name":"Tradycja i Wiara","url":"https:\/\/wobronietradycjiiwiary.com\/pl\/","logo":{"@type":"ImageObject","inLanguage":"en-US","@id":"https:\/\/wobronietradycjiiwiary.com\/pl\/#\/schema\/logo\/image\/","url":"https:\/\/i0.wp.com\/wobronietradycjiiwiary.com\/wp-content\/uploads\/2015\/10\/cropped-st-peters-dome-vatican.jpg?fit=940%2C198&ssl=1","contentUrl":"https:\/\/i0.wp.com\/wobronietradycjiiwiary.com\/wp-content\/uploads\/2015\/10\/cropped-st-peters-dome-vatican.jpg?fit=940%2C198&ssl=1","width":940,"height":198,"caption":"Tradycja i Wiara"},"image":{"@id":"https:\/\/wobronietradycjiiwiary.com\/pl\/#\/schema\/logo\/image\/"},"sameAs":["https:\/\/www.facebook.com\/Tradycja-i-Wiara-108813920592249"]},{"@type":"Person","@id":"https:\/\/wobronietradycjiiwiary.com\/pl\/#\/schema\/person\/2d6180ce6abcb681fef0daab7816e8f3","name":"Traditio et Fides","sameAs":["https:\/\/traditionundglauben.com"],"url":"https:\/\/wobronietradycjiiwiary.com\/en\/author\/wobronietradycjiiwiary\/"}]}},"jetpack_publicize_connections":[],"jetpack_sharing_enabled":true,"jetpack_likes_enabled":true,"jetpack_shortlink":"https:\/\/wp.me\/pc04Sd-h7p","jetpack-related-posts":[{"id":88684,"url":"https:\/\/wobronietradycjiiwiary.com\/en\/12-go-kwietnia-zywot-swietego-makaryusza-partyarchy-antyochenskiego-2-2\/","url_meta":{"origin":65807,"position":0},"title":"12-go Kwietnia. \u017bywot \u015bwi\u0119tego Makaryusza, Partyarchy Antyoche\u0144skiego.","author":"Traditio et Fides","date":"12 April 2023","format":false,"excerpt":"\u015bw. Makariusz nawet jako patriarcha Antiochii wi\u00f3d\u0142 \u017cywot ukryty, a im bardziej chcia\u0142 ukrytym pozosta\u0107 tym wi\u0119cej cud\u00f3w czyni\u0142 i to po ca\u0142ej Azji Mniejszej i Europie. Pan B\u00f3g bywa paradoksalny.","rel":"","context":"In &quot;04. \u015awi\u0119ta w kwietniu&quot;","block_context":{"text":"04. \u015awi\u0119ta w kwietniu","link":"https:\/\/wobronietradycjiiwiary.com\/en\/category\/duchowosc\/liturgia-i-liturgika\/rozwazania\/rok-liturgiczny\/swieta-w-kwietniu\/"},"img":{"alt_text":"","src":"https:\/\/i0.wp.com\/wobronietradycjiiwiary.com\/wp-content\/uploads\/2021\/04\/Makarios_Arxiepiskopos_Korinthou_Notaras.jpg?resize=350%2C200&ssl=1","width":350,"height":200},"classes":[]},{"id":45596,"url":"https:\/\/wobronietradycjiiwiary.com\/en\/12-go-kwietnia-zywot-swietego-makaryusza-partyarchy-antyochenskiego\/","url_meta":{"origin":65807,"position":1},"title":"12-go Kwietnia. \u017bywot \u015bwi\u0119tego Makaryusza, Partyarchy Antyoche\u0144skiego.","author":"Traditio et Fides","date":"12 April 2021","format":false,"excerpt":"\u015bw. Makariusz nawet jako patriarcha Antiochii wi\u00f3d\u0142 \u017cywot ukryty, a im bardziej chcia\u0142 ukrytym pozosta\u0107 tym wi\u0119cej cud\u00f3w czyni\u0142 i to po ca\u0142ej Azji Mniejszej i Europie. Pan B\u00f3g bywa paradoksalny.","rel":"","context":"In &quot;04. \u015awi\u0119ta w kwietniu&quot;","block_context":{"text":"04. \u015awi\u0119ta w kwietniu","link":"https:\/\/wobronietradycjiiwiary.com\/en\/category\/duchowosc\/liturgia-i-liturgika\/rozwazania\/rok-liturgiczny\/swieta-w-kwietniu\/"},"img":{"alt_text":"","src":"https:\/\/i0.wp.com\/wobronietradycjiiwiary.com\/wp-content\/uploads\/2021\/04\/Makarios_Arxiepiskopos_Korinthou_Notaras.jpg?resize=350%2C200&ssl=1","width":350,"height":200},"classes":[]},{"id":137120,"url":"https:\/\/wobronietradycjiiwiary.com\/en\/12-go-kwietnia-zywot-swietego-makaryusza-partyarchy-antyochenskiego-2-2-2-2\/","url_meta":{"origin":65807,"position":2},"title":"12-go Kwietnia. \u017bywot \u015bwi\u0119tego Makaryusza, Partyarchy Antyoche\u0144skiego.","author":"Traditio et Fides","date":"12 April 2025","format":false,"excerpt":"\u015bw. Makariusz nawet jako patriarcha Antiochii wi\u00f3d\u0142 \u017cywot ukryty, a im bardziej chcia\u0142 ukrytym pozosta\u0107 tym wi\u0119cej czyni\u0142 cud\u00f3w.","rel":"","context":"In &quot;04. \u015awi\u0119ta w kwietniu&quot;","block_context":{"text":"04. \u015awi\u0119ta w kwietniu","link":"https:\/\/wobronietradycjiiwiary.com\/en\/category\/duchowosc\/liturgia-i-liturgika\/rozwazania\/rok-liturgiczny\/swieta-w-kwietniu\/"},"img":{"alt_text":"","src":"https:\/\/i0.wp.com\/wobronietradycjiiwiary.com\/wp-content\/uploads\/2021\/04\/Makarios_Arxiepiskopos_Korinthou_Notaras.jpg?resize=350%2C200&ssl=1","width":350,"height":200},"classes":[]},{"id":115321,"url":"https:\/\/wobronietradycjiiwiary.com\/en\/12-go-kwietnia-zywot-swietego-makaryusza-partyarchy-antyochenskiego-2-2-2\/","url_meta":{"origin":65807,"position":3},"title":"12-go Kwietnia. \u017bywot \u015bwi\u0119tego Makaryusza, Partyarchy Antyoche\u0144skiego.","author":"Traditio et Fides","date":"12 April 2024","format":false,"excerpt":"\u015bw. Makariusz nawet jako patriarcha Antiochii wi\u00f3d\u0142 \u017cywot ukryty, a im bardziej chcia\u0142 ukrytym pozosta\u0107 tym wi\u0119cej cud\u00f3w czyni\u0142 i to po ca\u0142ej Azji Mniejszej i Europie. Pan B\u00f3g bywa paradoksalny.","rel":"","context":"In &quot;04. \u015awi\u0119ta w kwietniu&quot;","block_context":{"text":"04. \u015awi\u0119ta w kwietniu","link":"https:\/\/wobronietradycjiiwiary.com\/en\/category\/duchowosc\/liturgia-i-liturgika\/rozwazania\/rok-liturgiczny\/swieta-w-kwietniu\/"},"img":{"alt_text":"","src":"https:\/\/i0.wp.com\/wobronietradycjiiwiary.com\/wp-content\/uploads\/2021\/04\/Makarios_Arxiepiskopos_Korinthou_Notaras.jpg?resize=350%2C200&ssl=1","width":350,"height":200},"classes":[]},{"id":163621,"url":"https:\/\/wobronietradycjiiwiary.com\/en\/12-go-kwietnia-zywot-swietego-makaryusza-partyarchy-antyochenskiego-2-2-2-2-2\/","url_meta":{"origin":65807,"position":4},"title":"12-go Kwietnia. \u017bywot \u015bwi\u0119tego Makaryusza, Partyarchy Antyoche\u0144skiego.","author":"Traditio et Fides","date":"12 April 2026","format":false,"excerpt":"\u015bw. Makariusz nawet jako patriarcha Antiochii wi\u00f3d\u0142 \u017cywot ukryty, a im bardziej chcia\u0142 ukrytym pozosta\u0107 tym wi\u0119cej czyni\u0142 cud\u00f3w.","rel":"","context":"In &quot;04. \u015awi\u0119ta w kwietniu&quot;","block_context":{"text":"04. \u015awi\u0119ta w kwietniu","link":"https:\/\/wobronietradycjiiwiary.com\/en\/category\/duchowosc\/liturgia-i-liturgika\/rozwazania\/rok-liturgiczny\/swieta-w-kwietniu\/"},"img":{"alt_text":"","src":"https:\/\/i0.wp.com\/wobronietradycjiiwiary.com\/wp-content\/uploads\/2021\/04\/Makarios_Arxiepiskopos_Korinthou_Notaras.jpg?resize=350%2C200&ssl=1","width":350,"height":200},"classes":[]},{"id":83511,"url":"https:\/\/wobronietradycjiiwiary.com\/en\/7-go-stycznia-zywot-swietego-lucyana-meczennika-2-2\/","url_meta":{"origin":65807,"position":5},"title":"7-go Stycznia. \u017bywot \u015bwi\u0119tego Lucyana, M\u0119czennika.","author":"Traditio et Fides","date":"7 January 2023","format":false,"excerpt":"\u015bw. Lucjan z Antiochii zosta\u0142 \u015bci\u0119ty tu\u017c przed edyktem Mediola\u0144skim, a przebywa\u0142 w wi\u0119zieniu lat 9. On i podobni jemu wys\u0142u\u017cyli wolno\u015b\u0107 dla innych.","rel":"","context":"In &quot;01. \u015awi\u0119ta w styczniu&quot;","block_context":{"text":"01. \u015awi\u0119ta w styczniu","link":"https:\/\/wobronietradycjiiwiary.com\/en\/category\/duchowosc\/liturgia-i-liturgika\/rozwazania\/rok-liturgiczny\/swieta-w-styczniu\/"},"img":{"alt_text":"","src":"https:\/\/i0.wp.com\/wobronietradycjiiwiary.com\/wp-content\/uploads\/2021\/01\/Lucian_of_Antioch_Menologion_of_Basil_II-scaled.jpg?resize=350%2C200&ssl=1","width":350,"height":200,"srcset":"https:\/\/i0.wp.com\/wobronietradycjiiwiary.com\/wp-content\/uploads\/2021\/01\/Lucian_of_Antioch_Menologion_of_Basil_II-scaled.jpg?resize=350%2C200&ssl=1 1x, https:\/\/i0.wp.com\/wobronietradycjiiwiary.com\/wp-content\/uploads\/2021\/01\/Lucian_of_Antioch_Menologion_of_Basil_II-scaled.jpg?resize=525%2C300&ssl=1 1.5x, https:\/\/i0.wp.com\/wobronietradycjiiwiary.com\/wp-content\/uploads\/2021\/01\/Lucian_of_Antioch_Menologion_of_Basil_II-scaled.jpg?resize=700%2C400&ssl=1 2x, https:\/\/i0.wp.com\/wobronietradycjiiwiary.com\/wp-content\/uploads\/2021\/01\/Lucian_of_Antioch_Menologion_of_Basil_II-scaled.jpg?resize=1050%2C600&ssl=1 3x, https:\/\/i0.wp.com\/wobronietradycjiiwiary.com\/wp-content\/uploads\/2021\/01\/Lucian_of_Antioch_Menologion_of_Basil_II-scaled.jpg?resize=1400%2C800&ssl=1 4x"},"classes":[]}],"amp_enabled":true,"jetpack_featured_media_url":"https:\/\/wobronietradycjiiwiary.com\/wp-content\/uploads\/2021\/04\/Makarios_Arxiepiskopos_Korinthou_Notaras.jpg","_links":{"self":[{"href":"https:\/\/wobronietradycjiiwiary.com\/en\/wp-json\/wp\/v2\/posts\/65807","targetHints":{"allow":["GET"]}}],"collection":[{"href":"https:\/\/wobronietradycjiiwiary.com\/en\/wp-json\/wp\/v2\/posts"}],"about":[{"href":"https:\/\/wobronietradycjiiwiary.com\/en\/wp-json\/wp\/v2\/types\/post"}],"author":[{"embeddable":true,"href":"https:\/\/wobronietradycjiiwiary.com\/en\/wp-json\/wp\/v2\/users\/60508433"}],"replies":[{"embeddable":true,"href":"https:\/\/wobronietradycjiiwiary.com\/en\/wp-json\/wp\/v2\/comments?post=65807"}],"version-history":[{"count":1,"href":"https:\/\/wobronietradycjiiwiary.com\/en\/wp-json\/wp\/v2\/posts\/65807\/revisions"}],"predecessor-version":[{"id":65859,"href":"https:\/\/wobronietradycjiiwiary.com\/en\/wp-json\/wp\/v2\/posts\/65807\/revisions\/65859"}],"wp:featuredmedia":[{"embeddable":true,"href":"https:\/\/wobronietradycjiiwiary.com\/en\/wp-json\/wp\/v2\/media\/45601"}],"wp:attachment":[{"href":"https:\/\/wobronietradycjiiwiary.com\/en\/wp-json\/wp\/v2\/media?parent=65807"}],"wp:term":[{"taxonomy":"category","embeddable":true,"href":"https:\/\/wobronietradycjiiwiary.com\/en\/wp-json\/wp\/v2\/categories?post=65807"},{"taxonomy":"post_tag","embeddable":true,"href":"https:\/\/wobronietradycjiiwiary.com\/en\/wp-json\/wp\/v2\/tags?post=65807"}],"curies":[{"name":"wp","href":"https:\/\/api.w.org\/{rel}","templated":true}]}}