{"id":63311,"date":"2022-03-08T10:18:04","date_gmt":"2022-03-08T09:18:04","guid":{"rendered":"https:\/\/wobronietradycjiiwiary.com\/?p=63311"},"modified":"2025-02-07T20:24:52","modified_gmt":"2025-02-07T19:24:52","slug":"cos-po-sobie-zostawic-czy-to-marzenie-ksiezy","status":"publish","type":"post","link":"https:\/\/wobronietradycjiiwiary.com\/en\/cos-po-sobie-zostawic-czy-to-marzenie-ksiezy\/","title":{"rendered":"&#8220;Co\u015b po sobie zostawi\u0107&#8221; &#8211; czy to marzenie ksi\u0119\u017cy?"},"content":{"rendered":"<div id=\"bsf_rt_marker\"><\/div><p>Czas lektury: 3 minuty Niejednego czytelnika zdziwi i zgorszy fakt, \u017ce kardyna\u0142 Wendel mi\u0119dzy innymi dlatego zorganizowa\u0142 Kongres Eucharystyczny w&hellip;<\/p>\n<div style=\"text-align: center\">\n<p>&nbsp;<\/p>\n<\/div>\n<h2 style=\"border: 5px solid #0000A0;padding: 1em;text-align: center\"><span style=\"color: #000000\">Pe\u0142en dost\u0119p dla <span style=\"color: #00ccff\"><a style=\"color: #00ccff\" href=\"https:\/\/wobronietradycjiiwiary.com\/en\/subskrypcje-2\/\" target=\"_blank\" rel=\"noopener\">subskrybent\u00f3w<\/a><\/span>.<\/span><br \/>\n<span style=\"color: #3366ff\"><a style=\"color: #3366ff\" href=\"https:\/\/wobronietradycjiiwiary.com\/en\/account\/login\/\" target=\"_blank\" rel=\"noopener\"><span style=\"color: #00ccff\">Zaloguj<\/span><\/a> <\/span>si\u0119 lub przejd\u017a do <a href=\"https:\/\/wobronietradycjiiwiary.com\/en\/register\/\"><span style=\"color: #3366ff\">Rejestracji<\/span><\/a>.<\/h2>\n<div>\n<p style=\"text-align: center\"><a href=\"https:\/\/wobronietradycjiiwiary.com\/en\/subskrypcje-2\/cennik\/\" target=\"_blank\" rel=\"noopener\"><span style=\"color: #000080;font-size: 24pt\"><strong>Nowe ni\u017csze ceny<\/strong><\/span><\/a><\/p>\n<p style=\"text-align: center\"><strong><span style=\"font-size: 18pt;color: #000080\">P\u0142atno\u015b\u0107 kart\u0105<\/span><\/strong><\/p>\n<\/div>\n<h3 style=\"text-align: center\"><a href=\"https:\/\/wobronietradycjiiwiary.com\/en\/subskrypcje-2\/automatyczne\/indywidualne\/\" target=\"_blank\" rel=\"noopener\"><img fetchpriority=\"high\" decoding=\"async\" class=\"alignnone size-medium wp-image-80433\" src=\"https:\/\/wobronietradycjiiwiary.com\/wp-content\/uploads\/2022\/11\/Unbenannt-1-Online-1-300x202.jpg\" alt=\"\" width=\"300\" height=\"202\" srcset=\"https:\/\/wobronietradycjiiwiary.com\/wp-content\/uploads\/2022\/11\/Unbenannt-1-Online-1-300x202.jpg 300w, https:\/\/wobronietradycjiiwiary.com\/wp-content\/uploads\/2022\/11\/Unbenannt-1-Online-1-150x101.jpg 150w, https:\/\/wobronietradycjiiwiary.com\/wp-content\/uploads\/2022\/11\/Unbenannt-1-Online-1-18x12.jpg 18w, https:\/\/wobronietradycjiiwiary.com\/wp-content\/uploads\/2022\/11\/Unbenannt-1-Online-1.jpg 446w\" sizes=\"(max-width: 300px) 100vw, 300px\" \/><\/a><\/h3>\n<p style=\"text-align: center\"><strong><span style=\"font-size: 18pt;color: #000080\">P\u0142atno\u015b\u0107 przelewem<\/span><\/strong><\/p>\n<p><a href=\"https:\/\/wobronietradycjiiwiary.com\/en\/subskrypcje-2\/automatyczne\/indywidualne\/\" target=\"_blank\" rel=\"noopener\"><img decoding=\"async\" class=\"size-medium wp-image-80434 aligncenter\" src=\"https:\/\/wobronietradycjiiwiary.com\/wp-content\/uploads\/2022\/11\/Unbenannt-1-Przelewem-300x137.jpg\" alt=\"\" width=\"300\" height=\"137\" srcset=\"https:\/\/wobronietradycjiiwiary.com\/wp-content\/uploads\/2022\/11\/Unbenannt-1-Przelewem-300x137.jpg 300w, https:\/\/wobronietradycjiiwiary.com\/wp-content\/uploads\/2022\/11\/Unbenannt-1-Przelewem-450x206.jpg 450w, https:\/\/wobronietradycjiiwiary.com\/wp-content\/uploads\/2022\/11\/Unbenannt-1-Przelewem-600x274.jpg 600w, https:\/\/wobronietradycjiiwiary.com\/wp-content\/uploads\/2022\/11\/Unbenannt-1-Przelewem-150x69.jpg 150w, https:\/\/wobronietradycjiiwiary.com\/wp-content\/uploads\/2022\/11\/Unbenannt-1-Przelewem-18x8.jpg 18w, https:\/\/wobronietradycjiiwiary.com\/wp-content\/uploads\/2022\/11\/Unbenannt-1-Przelewem.jpg 676w\" sizes=\"(max-width: 300px) 100vw, 300px\" \/><\/a><\/p>\n<p style=\"text-align: center\"><strong><span style=\"font-size: 18pt;color: #000080\">P\u0142atno\u015b\u0107 kart\u0105 do 6 os\u00f3b<\/span><\/strong><\/p>\n<p><a href=\"https:\/\/wobronietradycjiiwiary.com\/en\/rodzinne\/\" target=\"_blank\" rel=\"noopener\"><img decoding=\"async\" class=\"size-medium wp-image-80435 aligncenter\" src=\"https:\/\/wobronietradycjiiwiary.com\/wp-content\/uploads\/2022\/11\/Unbenannt-1-Rodzinna-300x208.jpg\" alt=\"\" width=\"300\" height=\"208\" srcset=\"https:\/\/wobronietradycjiiwiary.com\/wp-content\/uploads\/2022\/11\/Unbenannt-1-Rodzinna-300x208.jpg 300w, https:\/\/wobronietradycjiiwiary.com\/wp-content\/uploads\/2022\/11\/Unbenannt-1-Rodzinna-150x104.jpg 150w, https:\/\/wobronietradycjiiwiary.com\/wp-content\/uploads\/2022\/11\/Unbenannt-1-Rodzinna-18x12.jpg 18w, https:\/\/wobronietradycjiiwiary.com\/wp-content\/uploads\/2022\/11\/Unbenannt-1-Rodzinna.jpg 448w\" sizes=\"(max-width: 300px) 100vw, 300px\" \/><\/a><\/p>\n<h3 style=\"text-align: center\"><\/h3>\n<h1 style=\"text-align: center\"><\/h1>","protected":false},"excerpt":{"rendered":"<p>O tym, czy ch\u0119\u0107 &#8220;pozostawienia czego\u015b po sobie&#8221; jest z\u0142a.<\/p>","protected":false},"author":60508433,"featured_media":63322,"comment_status":"open","ping_status":"open","sticky":false,"template":"","format":"standard","meta":{"_bbp_topic_count":0,"_bbp_reply_count":0,"_bbp_total_topic_count":0,"_bbp_total_reply_count":0,"_bbp_voice_count":0,"_bbp_anonymous_reply_count":0,"_bbp_topic_count_hidden":0,"_bbp_reply_count_hidden":0,"_bbp_forum_subforum_count":0,"_editorskit_title_hidden":false,"_editorskit_reading_time":3,"_editorskit_is_block_options_detached":false,"_editorskit_block_options_position":"{}","_coblocks_attr":"","_coblocks_dimensions":"","_coblocks_responsive_height":"","_coblocks_accordion_ie_support":"","_exactmetrics_skip_tracking":false,"_jetpack_newsletter_access":"","_jetpack_dont_email_post_to_subs":false,"_jetpack_newsletter_tier_id":0,"_jetpack_memberships_contains_paywalled_content":false,"_wpcom_ai_launchpad_first_post":false,"_jetpack_feature_clip_id":0,"_jetpack_memberships_contains_paid_content":false,"footnotes":"","jetpack_publicize_message":"{title}\n\n{excerpt}\n\n{url}","jetpack_publicize_feature_enabled":true,"jetpack_social_post_already_shared":true,"jetpack_social_options":{"image_generator_settings":{"template":"highway","default_image_id":0,"font":"","enabled":false},"version":2},"_wpas_customize_per_network":false,"jetpack_post_was_ever_published":false},"categories":[610135243,610135237,610133004,610131184,610135235,80248953,610131186],"tags":[610132133],"class_list":["post-63311","post","type-post","status-publish","format-standard","has-post-thumbnail","hentry","category-ad-3-6-kongresy-eucharystyczne-ad-3-pius-xii-ku-zagladzie-komentarze-do-byrne","category-ad-3-pius-xii-ku-zagladzie-komentarze-do-byrne","category-dominikanie","category-duchowosc","category-komentarze-do-byrne","category-kosciol-posoborowy","category-polemika","tag-restricted"],"yoast_head":"<!-- This site is optimized with the Yoast SEO plugin v28.4 - https:\/\/yoast.com\/product\/yoast-seo-wordpress\/ -->\n<title>&quot;Co\u015b po sobie zostawi\u0107&quot; - czy to marzenie ksi\u0119\u017cy? - Tradycja i Wiara<\/title>\n<meta name=\"robots\" content=\"index, follow, max-snippet:-1, max-image-preview:large, max-video-preview:-1\" \/>\n<link rel=\"canonical\" href=\"https:\/\/wobronietradycjiiwiary.com\/en\/cos-po-sobie-zostawic-czy-to-marzenie-ksiezy\/\" \/>\n<meta property=\"og:locale\" content=\"en_US\" \/>\n<meta property=\"og:type\" content=\"article\" \/>\n<meta property=\"og:title\" content=\"&quot;Co\u015b po sobie zostawi\u0107&quot; - czy to marzenie ksi\u0119\u017cy? - Tradycja i Wiara\" \/>\n<meta property=\"og:description\" content=\"O tym, czy ch\u0119\u0107 &quot;pozostawienia czego\u015b po sobie&quot; jest z\u0142a.\" \/>\n<meta property=\"og:url\" content=\"https:\/\/wobronietradycjiiwiary.com\/en\/cos-po-sobie-zostawic-czy-to-marzenie-ksiezy\/\" \/>\n<meta property=\"og:site_name\" content=\"Tradycja i Wiara\" \/>\n<meta property=\"article:publisher\" content=\"https:\/\/www.facebook.com\/Tradycja-i-Wiara-108813920592249\" \/>\n<meta property=\"article:published_time\" content=\"2022-03-08T09:18:04+00:00\" \/>\n<meta property=\"article:modified_time\" content=\"2025-02-07T19:24:52+00:00\" \/>\n<meta property=\"og:image\" content=\"https:\/\/wobronietradycjiiwiary.com\/wp-content\/uploads\/2022\/03\/Priest.jpeg\" \/>\n\t<meta property=\"og:image:width\" content=\"608\" \/>\n\t<meta property=\"og:image:height\" content=\"460\" \/>\n\t<meta property=\"og:image:type\" content=\"image\/jpeg\" \/>\n<meta name=\"author\" content=\"Traditio et Fides\" \/>\n<meta name=\"twitter:card\" content=\"summary_large_image\" \/>\n<meta name=\"twitter:label1\" content=\"Written by\" \/>\n\t<meta name=\"twitter:data1\" content=\"Traditio et Fides\" \/>\n\t<meta name=\"twitter:label2\" content=\"Est. reading time\" \/>\n\t<meta name=\"twitter:data2\" content=\"6 minutes\" \/>\n<script type=\"application\/ld+json\" class=\"yoast-schema-graph\">{\"@context\":\"https:\\\/\\\/schema.org\",\"@graph\":[{\"@type\":\"Article\",\"@id\":\"https:\\\/\\\/wobronietradycjiiwiary.com\\\/cos-po-sobie-zostawic-czy-to-marzenie-ksiezy\\\/#article\",\"isPartOf\":{\"@id\":\"https:\\\/\\\/wobronietradycjiiwiary.com\\\/cos-po-sobie-zostawic-czy-to-marzenie-ksiezy\\\/\"},\"author\":{\"name\":\"Traditio et Fides\",\"@id\":\"https:\\\/\\\/wobronietradycjiiwiary.com\\\/pl\\\/#\\\/schema\\\/person\\\/2d6180ce6abcb681fef0daab7816e8f3\"},\"headline\":\"&#8220;Co\u015b po sobie zostawi\u0107&#8221; &#8211; czy to marzenie ksi\u0119\u017cy?\",\"datePublished\":\"2022-03-08T09:18:04+00:00\",\"dateModified\":\"2025-02-07T19:24:52+00:00\",\"mainEntityOfPage\":{\"@id\":\"https:\\\/\\\/wobronietradycjiiwiary.com\\\/cos-po-sobie-zostawic-czy-to-marzenie-ksiezy\\\/\"},\"wordCount\":1030,\"commentCount\":0,\"publisher\":{\"@id\":\"https:\\\/\\\/wobronietradycjiiwiary.com\\\/pl\\\/#organization\"},\"image\":{\"@id\":\"https:\\\/\\\/wobronietradycjiiwiary.com\\\/cos-po-sobie-zostawic-czy-to-marzenie-ksiezy\\\/#primaryimage\"},\"thumbnailUrl\":\"https:\\\/\\\/wobronietradycjiiwiary.com\\\/wp-content\\\/uploads\\\/2022\\\/03\\\/Priest.jpeg\",\"keywords\":[\"Restricted\"],\"articleSection\":[\"Ad 3) 6. Kongresy eucharystyczne\",\"Ad 3) Pius XII - ku zag\u0142adzie\",\"Dominikanie\",\"Duchowo\u015b\u0107\",\"Komentarze w\u0142asne do Byrne\",\"Ko\u015bci\u00f3\u0142 posoborowy\",\"Polemika\"],\"inLanguage\":\"en-US\",\"potentialAction\":[{\"@type\":\"CommentAction\",\"name\":\"Comment\",\"target\":[\"https:\\\/\\\/wobronietradycjiiwiary.com\\\/cos-po-sobie-zostawic-czy-to-marzenie-ksiezy\\\/#respond\"]}]},{\"@type\":\"WebPage\",\"@id\":\"https:\\\/\\\/wobronietradycjiiwiary.com\\\/cos-po-sobie-zostawic-czy-to-marzenie-ksiezy\\\/\",\"url\":\"https:\\\/\\\/wobronietradycjiiwiary.com\\\/cos-po-sobie-zostawic-czy-to-marzenie-ksiezy\\\/\",\"name\":\"\\\"Co\u015b po sobie zostawi\u0107\\\" - czy to marzenie ksi\u0119\u017cy? - Tradycja i Wiara\",\"isPartOf\":{\"@id\":\"https:\\\/\\\/wobronietradycjiiwiary.com\\\/pl\\\/#website\"},\"primaryImageOfPage\":{\"@id\":\"https:\\\/\\\/wobronietradycjiiwiary.com\\\/cos-po-sobie-zostawic-czy-to-marzenie-ksiezy\\\/#primaryimage\"},\"image\":{\"@id\":\"https:\\\/\\\/wobronietradycjiiwiary.com\\\/cos-po-sobie-zostawic-czy-to-marzenie-ksiezy\\\/#primaryimage\"},\"thumbnailUrl\":\"https:\\\/\\\/wobronietradycjiiwiary.com\\\/wp-content\\\/uploads\\\/2022\\\/03\\\/Priest.jpeg\",\"datePublished\":\"2022-03-08T09:18:04+00:00\",\"dateModified\":\"2025-02-07T19:24:52+00:00\",\"breadcrumb\":{\"@id\":\"https:\\\/\\\/wobronietradycjiiwiary.com\\\/cos-po-sobie-zostawic-czy-to-marzenie-ksiezy\\\/#breadcrumb\"},\"inLanguage\":\"en-US\",\"potentialAction\":[{\"@type\":\"ReadAction\",\"target\":[\"https:\\\/\\\/wobronietradycjiiwiary.com\\\/cos-po-sobie-zostawic-czy-to-marzenie-ksiezy\\\/\"]}]},{\"@type\":\"ImageObject\",\"inLanguage\":\"en-US\",\"@id\":\"https:\\\/\\\/wobronietradycjiiwiary.com\\\/cos-po-sobie-zostawic-czy-to-marzenie-ksiezy\\\/#primaryimage\",\"url\":\"https:\\\/\\\/wobronietradycjiiwiary.com\\\/wp-content\\\/uploads\\\/2022\\\/03\\\/Priest.jpeg\",\"contentUrl\":\"https:\\\/\\\/wobronietradycjiiwiary.com\\\/wp-content\\\/uploads\\\/2022\\\/03\\\/Priest.jpeg\",\"width\":608,\"height\":460},{\"@type\":\"BreadcrumbList\",\"@id\":\"https:\\\/\\\/wobronietradycjiiwiary.com\\\/cos-po-sobie-zostawic-czy-to-marzenie-ksiezy\\\/#breadcrumb\",\"itemListElement\":[{\"@type\":\"ListItem\",\"position\":1,\"name\":\"Strona g\u0142\u00f3wna\",\"item\":\"https:\\\/\\\/wobronietradycjiiwiary.com\\\/\"},{\"@type\":\"ListItem\",\"position\":2,\"name\":\"&#8220;Co\u015b po sobie zostawi\u0107&#8221; &#8211; czy to marzenie ksi\u0119\u017cy?\"}]},{\"@type\":\"WebSite\",\"@id\":\"https:\\\/\\\/wobronietradycjiiwiary.com\\\/pl\\\/#website\",\"url\":\"https:\\\/\\\/wobronietradycjiiwiary.com\\\/pl\\\/\",\"name\":\"Tradycja i Wiara\",\"description\":\"Portal dla katolik\u00f3w.\",\"publisher\":{\"@id\":\"https:\\\/\\\/wobronietradycjiiwiary.com\\\/pl\\\/#organization\"},\"potentialAction\":[{\"@type\":\"SearchAction\",\"target\":{\"@type\":\"EntryPoint\",\"urlTemplate\":\"https:\\\/\\\/wobronietradycjiiwiary.com\\\/pl\\\/?s={search_term_string}\"},\"query-input\":{\"@type\":\"PropertyValueSpecification\",\"valueRequired\":true,\"valueName\":\"search_term_string\"}}],\"inLanguage\":\"en-US\"},{\"@type\":\"Organization\",\"@id\":\"https:\\\/\\\/wobronietradycjiiwiary.com\\\/pl\\\/#organization\",\"name\":\"Tradycja i Wiara\",\"url\":\"https:\\\/\\\/wobronietradycjiiwiary.com\\\/pl\\\/\",\"logo\":{\"@type\":\"ImageObject\",\"inLanguage\":\"en-US\",\"@id\":\"https:\\\/\\\/wobronietradycjiiwiary.com\\\/pl\\\/#\\\/schema\\\/logo\\\/image\\\/\",\"url\":\"https:\\\/\\\/i0.wp.com\\\/wobronietradycjiiwiary.com\\\/wp-content\\\/uploads\\\/2015\\\/10\\\/cropped-st-peters-dome-vatican.jpg?fit=940%2C198&ssl=1\",\"contentUrl\":\"https:\\\/\\\/i0.wp.com\\\/wobronietradycjiiwiary.com\\\/wp-content\\\/uploads\\\/2015\\\/10\\\/cropped-st-peters-dome-vatican.jpg?fit=940%2C198&ssl=1\",\"width\":940,\"height\":198,\"caption\":\"Tradycja i Wiara\"},\"image\":{\"@id\":\"https:\\\/\\\/wobronietradycjiiwiary.com\\\/pl\\\/#\\\/schema\\\/logo\\\/image\\\/\"},\"sameAs\":[\"https:\\\/\\\/www.facebook.com\\\/Tradycja-i-Wiara-108813920592249\"]},{\"@type\":\"Person\",\"@id\":\"https:\\\/\\\/wobronietradycjiiwiary.com\\\/pl\\\/#\\\/schema\\\/person\\\/2d6180ce6abcb681fef0daab7816e8f3\",\"name\":\"Traditio et Fides\",\"sameAs\":[\"https:\\\/\\\/traditionundglauben.com\"],\"url\":\"https:\\\/\\\/wobronietradycjiiwiary.com\\\/en\\\/author\\\/wobronietradycjiiwiary\\\/\"}]}<\/script>\n<!-- \/ Yoast SEO plugin. -->","yoast_head_json":{"title":"\"Co\u015b po sobie zostawi\u0107\" - czy to marzenie ksi\u0119\u017cy? - Tradycja i Wiara","robots":{"index":"index","follow":"follow","max-snippet":"max-snippet:-1","max-image-preview":"max-image-preview:large","max-video-preview":"max-video-preview:-1"},"canonical":"https:\/\/wobronietradycjiiwiary.com\/en\/cos-po-sobie-zostawic-czy-to-marzenie-ksiezy\/","og_locale":"en_US","og_type":"article","og_title":"\"Co\u015b po sobie zostawi\u0107\" - czy to marzenie ksi\u0119\u017cy? - Tradycja i Wiara","og_description":"O tym, czy ch\u0119\u0107 \"pozostawienia czego\u015b po sobie\" jest z\u0142a.","og_url":"https:\/\/wobronietradycjiiwiary.com\/en\/cos-po-sobie-zostawic-czy-to-marzenie-ksiezy\/","og_site_name":"Tradycja i Wiara","article_publisher":"https:\/\/www.facebook.com\/Tradycja-i-Wiara-108813920592249","article_published_time":"2022-03-08T09:18:04+00:00","article_modified_time":"2025-02-07T19:24:52+00:00","og_image":[{"width":608,"height":460,"url":"https:\/\/wobronietradycjiiwiary.com\/wp-content\/uploads\/2022\/03\/Priest.jpeg","type":"image\/jpeg"}],"author":"Traditio et Fides","twitter_card":"summary_large_image","twitter_misc":{"Written by":"Traditio et Fides","Est. reading time":"6 minutes"},"schema":{"@context":"https:\/\/schema.org","@graph":[{"@type":"Article","@id":"https:\/\/wobronietradycjiiwiary.com\/cos-po-sobie-zostawic-czy-to-marzenie-ksiezy\/#article","isPartOf":{"@id":"https:\/\/wobronietradycjiiwiary.com\/cos-po-sobie-zostawic-czy-to-marzenie-ksiezy\/"},"author":{"name":"Traditio et Fides","@id":"https:\/\/wobronietradycjiiwiary.com\/pl\/#\/schema\/person\/2d6180ce6abcb681fef0daab7816e8f3"},"headline":"&#8220;Co\u015b po sobie zostawi\u0107&#8221; &#8211; czy to marzenie ksi\u0119\u017cy?","datePublished":"2022-03-08T09:18:04+00:00","dateModified":"2025-02-07T19:24:52+00:00","mainEntityOfPage":{"@id":"https:\/\/wobronietradycjiiwiary.com\/cos-po-sobie-zostawic-czy-to-marzenie-ksiezy\/"},"wordCount":1030,"commentCount":0,"publisher":{"@id":"https:\/\/wobronietradycjiiwiary.com\/pl\/#organization"},"image":{"@id":"https:\/\/wobronietradycjiiwiary.com\/cos-po-sobie-zostawic-czy-to-marzenie-ksiezy\/#primaryimage"},"thumbnailUrl":"https:\/\/wobronietradycjiiwiary.com\/wp-content\/uploads\/2022\/03\/Priest.jpeg","keywords":["Restricted"],"articleSection":["Ad 3) 6. Kongresy eucharystyczne","Ad 3) Pius XII - ku zag\u0142adzie","Dominikanie","Duchowo\u015b\u0107","Komentarze w\u0142asne do Byrne","Ko\u015bci\u00f3\u0142 posoborowy","Polemika"],"inLanguage":"en-US","potentialAction":[{"@type":"CommentAction","name":"Comment","target":["https:\/\/wobronietradycjiiwiary.com\/cos-po-sobie-zostawic-czy-to-marzenie-ksiezy\/#respond"]}]},{"@type":"WebPage","@id":"https:\/\/wobronietradycjiiwiary.com\/cos-po-sobie-zostawic-czy-to-marzenie-ksiezy\/","url":"https:\/\/wobronietradycjiiwiary.com\/cos-po-sobie-zostawic-czy-to-marzenie-ksiezy\/","name":"\"Co\u015b po sobie zostawi\u0107\" - czy to marzenie ksi\u0119\u017cy? - Tradycja i Wiara","isPartOf":{"@id":"https:\/\/wobronietradycjiiwiary.com\/pl\/#website"},"primaryImageOfPage":{"@id":"https:\/\/wobronietradycjiiwiary.com\/cos-po-sobie-zostawic-czy-to-marzenie-ksiezy\/#primaryimage"},"image":{"@id":"https:\/\/wobronietradycjiiwiary.com\/cos-po-sobie-zostawic-czy-to-marzenie-ksiezy\/#primaryimage"},"thumbnailUrl":"https:\/\/wobronietradycjiiwiary.com\/wp-content\/uploads\/2022\/03\/Priest.jpeg","datePublished":"2022-03-08T09:18:04+00:00","dateModified":"2025-02-07T19:24:52+00:00","breadcrumb":{"@id":"https:\/\/wobronietradycjiiwiary.com\/cos-po-sobie-zostawic-czy-to-marzenie-ksiezy\/#breadcrumb"},"inLanguage":"en-US","potentialAction":[{"@type":"ReadAction","target":["https:\/\/wobronietradycjiiwiary.com\/cos-po-sobie-zostawic-czy-to-marzenie-ksiezy\/"]}]},{"@type":"ImageObject","inLanguage":"en-US","@id":"https:\/\/wobronietradycjiiwiary.com\/cos-po-sobie-zostawic-czy-to-marzenie-ksiezy\/#primaryimage","url":"https:\/\/wobronietradycjiiwiary.com\/wp-content\/uploads\/2022\/03\/Priest.jpeg","contentUrl":"https:\/\/wobronietradycjiiwiary.com\/wp-content\/uploads\/2022\/03\/Priest.jpeg","width":608,"height":460},{"@type":"BreadcrumbList","@id":"https:\/\/wobronietradycjiiwiary.com\/cos-po-sobie-zostawic-czy-to-marzenie-ksiezy\/#breadcrumb","itemListElement":[{"@type":"ListItem","position":1,"name":"Strona g\u0142\u00f3wna","item":"https:\/\/wobronietradycjiiwiary.com\/"},{"@type":"ListItem","position":2,"name":"&#8220;Co\u015b po sobie zostawi\u0107&#8221; &#8211; czy to marzenie ksi\u0119\u017cy?"}]},{"@type":"WebSite","@id":"https:\/\/wobronietradycjiiwiary.com\/pl\/#website","url":"https:\/\/wobronietradycjiiwiary.com\/pl\/","name":"Tradycja i Wiara","description":"Portal dla katolik\u00f3w.","publisher":{"@id":"https:\/\/wobronietradycjiiwiary.com\/pl\/#organization"},"potentialAction":[{"@type":"SearchAction","target":{"@type":"EntryPoint","urlTemplate":"https:\/\/wobronietradycjiiwiary.com\/pl\/?s={search_term_string}"},"query-input":{"@type":"PropertyValueSpecification","valueRequired":true,"valueName":"search_term_string"}}],"inLanguage":"en-US"},{"@type":"Organization","@id":"https:\/\/wobronietradycjiiwiary.com\/pl\/#organization","name":"Tradycja i Wiara","url":"https:\/\/wobronietradycjiiwiary.com\/pl\/","logo":{"@type":"ImageObject","inLanguage":"en-US","@id":"https:\/\/wobronietradycjiiwiary.com\/pl\/#\/schema\/logo\/image\/","url":"https:\/\/i0.wp.com\/wobronietradycjiiwiary.com\/wp-content\/uploads\/2015\/10\/cropped-st-peters-dome-vatican.jpg?fit=940%2C198&ssl=1","contentUrl":"https:\/\/i0.wp.com\/wobronietradycjiiwiary.com\/wp-content\/uploads\/2015\/10\/cropped-st-peters-dome-vatican.jpg?fit=940%2C198&ssl=1","width":940,"height":198,"caption":"Tradycja i Wiara"},"image":{"@id":"https:\/\/wobronietradycjiiwiary.com\/pl\/#\/schema\/logo\/image\/"},"sameAs":["https:\/\/www.facebook.com\/Tradycja-i-Wiara-108813920592249"]},{"@type":"Person","@id":"https:\/\/wobronietradycjiiwiary.com\/pl\/#\/schema\/person\/2d6180ce6abcb681fef0daab7816e8f3","name":"Traditio et Fides","sameAs":["https:\/\/traditionundglauben.com"],"url":"https:\/\/wobronietradycjiiwiary.com\/en\/author\/wobronietradycjiiwiary\/"}]}},"jetpack_publicize_connections":[],"jetpack_sharing_enabled":true,"jetpack_likes_enabled":true,"jetpack_shortlink":"https:\/\/wp.me\/pc04Sd-gt9","jetpack-related-posts":[{"id":110755,"url":"https:\/\/wobronietradycjiiwiary.com\/en\/sodomia-supplicans-i-zniesienie-celibatu-lub-czy-oni-chca-sobie-poblogoslawic\/","url_meta":{"origin":63311,"position":0},"title":"Sodomia supplicans i zniesienie celibatu lub czy oni chc\u0105 samym sobie pob\u0142ogos\u0142awi\u0107?","author":"Traditio et Fides","date":"11 January 2024","format":false,"excerpt":"O zale\u017cno\u015bci pomi\u0119dzy Fiducia supplicans a planami zniesienia celibatu.","rel":"","context":"In &quot;\"Tucho\" Fernandez&quot;","block_context":{"text":"\"Tucho\" Fernandez","link":"https:\/\/wobronietradycjiiwiary.com\/en\/category\/polemika\/kosciol-posoborowy\/papieze\/papiez-franciszek\/tucho-fernandez\/"},"img":{"alt_text":"","src":"https:\/\/i0.wp.com\/wobronietradycjiiwiary.com\/wp-content\/uploads\/2024\/01\/4.jpg?resize=350%2C200&ssl=1","width":350,"height":200,"srcset":"https:\/\/i0.wp.com\/wobronietradycjiiwiary.com\/wp-content\/uploads\/2024\/01\/4.jpg?resize=350%2C200&ssl=1 1x, https:\/\/i0.wp.com\/wobronietradycjiiwiary.com\/wp-content\/uploads\/2024\/01\/4.jpg?resize=525%2C300&ssl=1 1.5x, https:\/\/i0.wp.com\/wobronietradycjiiwiary.com\/wp-content\/uploads\/2024\/01\/4.jpg?resize=700%2C400&ssl=1 2x, https:\/\/i0.wp.com\/wobronietradycjiiwiary.com\/wp-content\/uploads\/2024\/01\/4.jpg?resize=1050%2C600&ssl=1 3x, https:\/\/i0.wp.com\/wobronietradycjiiwiary.com\/wp-content\/uploads\/2024\/01\/4.jpg?resize=1400%2C800&ssl=1 4x"},"classes":[]},{"id":148090,"url":"https:\/\/wobronietradycjiiwiary.com\/en\/omasz-z-akwinu-q-91-4-z-5-jak-bedzie-wygladal-swiat-i-zmartwychwstali-po-sadzie-ostatecznym-5-czy-rosliny-i-zwierzeta-zostana-odnowione\/","url_meta":{"origin":63311,"position":1},"title":"Tomasz z Akwinu, Q. 91. (4 z 5). Jak b\u0119dzie wygl\u0105da\u0142 \u015bwiat i zmartwychwstali po S\u0105dzie Ostatecznym? (5) Czy ro\u015bliny i zwi\u0119rz\u0119ta zostan\u0105 odnowione?","author":"Traditio et Fides","date":"18 July 2025","format":false,"excerpt":"Zwierz\u0119ta i ro\u015bliny ani nie zmartwychwstan\u0105 ani nie zostan\u0105 odnowione.","rel":"","context":"In &quot;Doktryna&quot;","block_context":{"text":"Doktryna","link":"https:\/\/wobronietradycjiiwiary.com\/en\/category\/doktryna\/"},"img":{"alt_text":"","src":"https:\/\/i0.wp.com\/wobronietradycjiiwiary.com\/wp-content\/uploads\/2023\/10\/Auferstehung.jpg?resize=350%2C200&ssl=1","width":350,"height":200,"srcset":"https:\/\/i0.wp.com\/wobronietradycjiiwiary.com\/wp-content\/uploads\/2023\/10\/Auferstehung.jpg?resize=350%2C200&ssl=1 1x, https:\/\/i0.wp.com\/wobronietradycjiiwiary.com\/wp-content\/uploads\/2023\/10\/Auferstehung.jpg?resize=525%2C300&ssl=1 1.5x"},"classes":[]},{"id":117203,"url":"https:\/\/wobronietradycjiiwiary.com\/en\/sw-tomasz-o-niesprawiedliwosci-w-slowach-q-72-o-obeldze-3-z-4-czy-nalezy-znosic-wyrzadzone-sobie-obelgi\/","url_meta":{"origin":63311,"position":2},"title":"\u015aw. Tomasz, O niesprawiedliwo\u015bci w s\u0142owach, Q. 72 O obeldze (3 z 4). Czy nale\u017cy znosi\u0107 wyrz\u0105dzone sobie obelgi?","author":"Traditio et Fides","date":"29 May 2024","format":false,"excerpt":"O tym, czy obelgi nale\u017cy zawsze znosi\u0107.","rel":"","context":"In &quot;Doktryna&quot;","block_context":{"text":"Doktryna","link":"https:\/\/wobronietradycjiiwiary.com\/en\/category\/doktryna\/"},"img":{"alt_text":"","src":"https:\/\/i0.wp.com\/wobronietradycjiiwiary.com\/wp-content\/uploads\/2024\/05\/tumblr_o4b75r46mM1s9qddbo10_500-1.jpg?resize=350%2C200&ssl=1","width":350,"height":200},"classes":[]},{"id":141564,"url":"https:\/\/wobronietradycjiiwiary.com\/en\/sw-tomasz-o-zroznicowaniu-grzechow-q-73-2-z-10-czy-wszystkie-grzechy-sa-sobie-rowne\/","url_meta":{"origin":63311,"position":3},"title":"\u015aw. Tomasz, O zr\u00f3\u017cnicowaniu grzech\u00f3w, Q. 73 (2 z 10). Czy wszystkie grzechy s\u0105 sobie r\u00f3wne?","author":"Traditio et Fides","date":"7 May 2025","format":false,"excerpt":"O tym, \u017ce grzechy r\u00f3\u017cni\u017ca si\u0119 pomi\u0119dzy sob\u0105.","rel":"","context":"In &quot;Doktryna&quot;","block_context":{"text":"Doktryna","link":"https:\/\/wobronietradycjiiwiary.com\/en\/category\/doktryna\/"},"img":{"alt_text":"","src":"https:\/\/i0.wp.com\/wobronietradycjiiwiary.com\/wp-content\/uploads\/2025\/01\/allegory_6622e66e-cc32-426b-8cc2-071cf0a01bb1.jpg?resize=350%2C200&ssl=1","width":350,"height":200,"srcset":"https:\/\/i0.wp.com\/wobronietradycjiiwiary.com\/wp-content\/uploads\/2025\/01\/allegory_6622e66e-cc32-426b-8cc2-071cf0a01bb1.jpg?resize=350%2C200&ssl=1 1x, https:\/\/i0.wp.com\/wobronietradycjiiwiary.com\/wp-content\/uploads\/2025\/01\/allegory_6622e66e-cc32-426b-8cc2-071cf0a01bb1.jpg?resize=525%2C300&ssl=1 1.5x, https:\/\/i0.wp.com\/wobronietradycjiiwiary.com\/wp-content\/uploads\/2025\/01\/allegory_6622e66e-cc32-426b-8cc2-071cf0a01bb1.jpg?resize=700%2C400&ssl=1 2x"},"classes":[]},{"id":154766,"url":"https:\/\/wobronietradycjiiwiary.com\/en\/seminarium-lub-selekcja-negatywna\/","url_meta":{"origin":63311,"position":4},"title":"Seminarium lub selekcja negatywna","author":"Traditio et Fides","date":"30 September 2025","format":false,"excerpt":"O negatywnym doborze kadr w Novus Ordo.","rel":"","context":"In &quot;Byrne&quot;","block_context":{"text":"Byrne","link":"https:\/\/wobronietradycjiiwiary.com\/en\/category\/doktryna\/teologia-liturgii\/byrne-doktryna\/"},"img":{"alt_text":"","src":"https:\/\/i0.wp.com\/wobronietradycjiiwiary.com\/wp-content\/uploads\/2025\/10\/ordination-of-priest-1870-granger.jpg?resize=350%2C200&ssl=1","width":350,"height":200},"classes":[]},{"id":107900,"url":"https:\/\/wobronietradycjiiwiary.com\/en\/sw-alfons-liguori-o-czestej-komuniii\/","url_meta":{"origin":63311,"position":5},"title":"\u015aw. Alfons Liguori  o cz\u0119stej komunii \u015bwi\u0119tej","author":"Traditio et Fides","date":"27 November 2023","format":false,"excerpt":"Rozwa\u017cania na temat cz\u0119stej komunii \u015bw. w \u015bwietle pism \u015bw. Alfonsa Liguori.","rel":"","context":"In &quot;Doktryna&quot;","block_context":{"text":"Doktryna","link":"https:\/\/wobronietradycjiiwiary.com\/en\/category\/doktryna\/"},"img":{"alt_text":"","src":"https:\/\/i0.wp.com\/wobronietradycjiiwiary.com\/wp-content\/uploads\/2023\/11\/The-first-communion-Mariano-Barbasan-Lagueruela-Oil-Painting.jpg?resize=350%2C200&ssl=1","width":350,"height":200,"srcset":"https:\/\/i0.wp.com\/wobronietradycjiiwiary.com\/wp-content\/uploads\/2023\/11\/The-first-communion-Mariano-Barbasan-Lagueruela-Oil-Painting.jpg?resize=350%2C200&ssl=1 1x, https:\/\/i0.wp.com\/wobronietradycjiiwiary.com\/wp-content\/uploads\/2023\/11\/The-first-communion-Mariano-Barbasan-Lagueruela-Oil-Painting.jpg?resize=525%2C300&ssl=1 1.5x, https:\/\/i0.wp.com\/wobronietradycjiiwiary.com\/wp-content\/uploads\/2023\/11\/The-first-communion-Mariano-Barbasan-Lagueruela-Oil-Painting.jpg?resize=700%2C400&ssl=1 2x"},"classes":[]}],"amp_enabled":true,"jetpack_featured_media_url":"https:\/\/wobronietradycjiiwiary.com\/wp-content\/uploads\/2022\/03\/Priest.jpeg","_links":{"self":[{"href":"https:\/\/wobronietradycjiiwiary.com\/en\/wp-json\/wp\/v2\/posts\/63311","targetHints":{"allow":["GET"]}}],"collection":[{"href":"https:\/\/wobronietradycjiiwiary.com\/en\/wp-json\/wp\/v2\/posts"}],"about":[{"href":"https:\/\/wobronietradycjiiwiary.com\/en\/wp-json\/wp\/v2\/types\/post"}],"author":[{"embeddable":true,"href":"https:\/\/wobronietradycjiiwiary.com\/en\/wp-json\/wp\/v2\/users\/60508433"}],"replies":[{"embeddable":true,"href":"https:\/\/wobronietradycjiiwiary.com\/en\/wp-json\/wp\/v2\/comments?post=63311"}],"version-history":[{"count":28,"href":"https:\/\/wobronietradycjiiwiary.com\/en\/wp-json\/wp\/v2\/posts\/63311\/revisions"}],"predecessor-version":[{"id":72692,"href":"https:\/\/wobronietradycjiiwiary.com\/en\/wp-json\/wp\/v2\/posts\/63311\/revisions\/72692"}],"wp:featuredmedia":[{"embeddable":true,"href":"https:\/\/wobronietradycjiiwiary.com\/en\/wp-json\/wp\/v2\/media\/63322"}],"wp:attachment":[{"href":"https:\/\/wobronietradycjiiwiary.com\/en\/wp-json\/wp\/v2\/media?parent=63311"}],"wp:term":[{"taxonomy":"category","embeddable":true,"href":"https:\/\/wobronietradycjiiwiary.com\/en\/wp-json\/wp\/v2\/categories?post=63311"},{"taxonomy":"post_tag","embeddable":true,"href":"https:\/\/wobronietradycjiiwiary.com\/en\/wp-json\/wp\/v2\/tags?post=63311"}],"curies":[{"name":"wp","href":"https:\/\/api.w.org\/{rel}","templated":true}]}}