{"id":63262,"date":"2022-03-28T08:00:00","date_gmt":"2022-03-28T06:00:00","guid":{"rendered":"https:\/\/wobronietradycjiiwiary.com\/?p=63262"},"modified":"2025-02-07T15:46:38","modified_gmt":"2025-02-07T14:46:38","slug":"kard-bona-o-rozpoznawaniu-duchow-157-o-objawieniach-i-ich-rozpoznawaniu-xii","status":"publish","type":"post","link":"https:\/\/wobronietradycjiiwiary.com\/en\/kard-bona-o-rozpoznawaniu-duchow-157-o-objawieniach-i-ich-rozpoznawaniu-xii\/","title":{"rendered":"Kard. Bona. \u201eO rozpoznawaniu duch\u00f3w\u201d (157). O objawieniach i ich rozpoznawaniu. (xii) Nie domaga\u0107 si\u0119 objawie\u0144"},"content":{"rendered":"<div id=\"bsf_rt_marker\"><\/div><p>Czas lektury: 1 minuta Dlaczego ta sta\u0142a niepewno\u015b\u0107? &#8220;Bo taka pewno\u015b\u0107 by\u0142aby matk\u0105 lenistwa&#8221;, odpowiada \u015bw. Grzegorz Wielki, kt\u00f3rego jaka\u015b&hellip;<\/p>\n<div style=\"text-align: center\">\n<p>&nbsp;<\/p>\n<\/div>\n<h2 style=\"border: 5px solid #0000A0;padding: 1em;text-align: center\"><span style=\"color: #000000\">Pe\u0142en dost\u0119p dla <span style=\"color: #00ccff\"><a style=\"color: #00ccff\" href=\"https:\/\/wobronietradycjiiwiary.com\/en\/subskrypcje-2\/\" target=\"_blank\" rel=\"noopener\">subskrybent\u00f3w<\/a><\/span>.<\/span><br \/>\n<span style=\"color: #3366ff\"><a style=\"color: #3366ff\" href=\"https:\/\/wobronietradycjiiwiary.com\/en\/account\/login\/\" target=\"_blank\" rel=\"noopener\"><span style=\"color: #00ccff\">Zaloguj<\/span><\/a> <\/span>si\u0119 lub przejd\u017a do <a href=\"https:\/\/wobronietradycjiiwiary.com\/en\/register\/\"><span style=\"color: #3366ff\">Rejestracji<\/span><\/a>.<\/h2>\n<div>\n<p style=\"text-align: center\"><a href=\"https:\/\/wobronietradycjiiwiary.com\/en\/subskrypcje-2\/cennik\/\" target=\"_blank\" rel=\"noopener\"><span style=\"color: #000080;font-size: 24pt\"><strong>Nowe ni\u017csze ceny<\/strong><\/span><\/a><\/p>\n<p style=\"text-align: center\"><strong><span style=\"font-size: 18pt;color: #000080\">P\u0142atno\u015b\u0107 kart\u0105<\/span><\/strong><\/p>\n<\/div>\n<h3 style=\"text-align: center\"><a href=\"https:\/\/wobronietradycjiiwiary.com\/en\/subskrypcje-2\/automatyczne\/indywidualne\/\" target=\"_blank\" rel=\"noopener\"><img fetchpriority=\"high\" decoding=\"async\" class=\"alignnone size-medium wp-image-80433\" src=\"https:\/\/wobronietradycjiiwiary.com\/wp-content\/uploads\/2022\/11\/Unbenannt-1-Online-1-300x202.jpg\" alt=\"\" width=\"300\" height=\"202\" srcset=\"https:\/\/wobronietradycjiiwiary.com\/wp-content\/uploads\/2022\/11\/Unbenannt-1-Online-1-300x202.jpg 300w, https:\/\/wobronietradycjiiwiary.com\/wp-content\/uploads\/2022\/11\/Unbenannt-1-Online-1-150x101.jpg 150w, https:\/\/wobronietradycjiiwiary.com\/wp-content\/uploads\/2022\/11\/Unbenannt-1-Online-1-18x12.jpg 18w, https:\/\/wobronietradycjiiwiary.com\/wp-content\/uploads\/2022\/11\/Unbenannt-1-Online-1.jpg 446w\" sizes=\"(max-width: 300px) 100vw, 300px\" \/><\/a><\/h3>\n<p style=\"text-align: center\"><strong><span style=\"font-size: 18pt;color: #000080\">P\u0142atno\u015b\u0107 przelewem<\/span><\/strong><\/p>\n<p><a href=\"https:\/\/wobronietradycjiiwiary.com\/en\/subskrypcje-2\/automatyczne\/indywidualne\/\" target=\"_blank\" rel=\"noopener\"><img decoding=\"async\" class=\"size-medium wp-image-80434 aligncenter\" src=\"https:\/\/wobronietradycjiiwiary.com\/wp-content\/uploads\/2022\/11\/Unbenannt-1-Przelewem-300x137.jpg\" alt=\"\" width=\"300\" height=\"137\" srcset=\"https:\/\/wobronietradycjiiwiary.com\/wp-content\/uploads\/2022\/11\/Unbenannt-1-Przelewem-300x137.jpg 300w, https:\/\/wobronietradycjiiwiary.com\/wp-content\/uploads\/2022\/11\/Unbenannt-1-Przelewem-450x206.jpg 450w, https:\/\/wobronietradycjiiwiary.com\/wp-content\/uploads\/2022\/11\/Unbenannt-1-Przelewem-600x274.jpg 600w, https:\/\/wobronietradycjiiwiary.com\/wp-content\/uploads\/2022\/11\/Unbenannt-1-Przelewem-150x69.jpg 150w, https:\/\/wobronietradycjiiwiary.com\/wp-content\/uploads\/2022\/11\/Unbenannt-1-Przelewem-18x8.jpg 18w, https:\/\/wobronietradycjiiwiary.com\/wp-content\/uploads\/2022\/11\/Unbenannt-1-Przelewem.jpg 676w\" sizes=\"(max-width: 300px) 100vw, 300px\" \/><\/a><\/p>\n<p style=\"text-align: center\"><strong><span style=\"font-size: 18pt;color: #000080\">P\u0142atno\u015b\u0107 kart\u0105 do 6 os\u00f3b<\/span><\/strong><\/p>\n<p><a href=\"https:\/\/wobronietradycjiiwiary.com\/en\/rodzinne\/\" target=\"_blank\" rel=\"noopener\"><img decoding=\"async\" class=\"size-medium wp-image-80435 aligncenter\" src=\"https:\/\/wobronietradycjiiwiary.com\/wp-content\/uploads\/2022\/11\/Unbenannt-1-Rodzinna-300x208.jpg\" alt=\"\" width=\"300\" height=\"208\" srcset=\"https:\/\/wobronietradycjiiwiary.com\/wp-content\/uploads\/2022\/11\/Unbenannt-1-Rodzinna-300x208.jpg 300w, https:\/\/wobronietradycjiiwiary.com\/wp-content\/uploads\/2022\/11\/Unbenannt-1-Rodzinna-150x104.jpg 150w, https:\/\/wobronietradycjiiwiary.com\/wp-content\/uploads\/2022\/11\/Unbenannt-1-Rodzinna-18x12.jpg 18w, https:\/\/wobronietradycjiiwiary.com\/wp-content\/uploads\/2022\/11\/Unbenannt-1-Rodzinna.jpg 448w\" sizes=\"(max-width: 300px) 100vw, 300px\" \/><\/a><\/p>\n<h3 style=\"text-align: center\"><\/h3>\n<h1 style=\"text-align: center\"><\/h1>","protected":false},"excerpt":{"rendered":"<p>O tym, \u017ce pewno\u015b\u0107 prowadzi do lenistwa.<\/p>","protected":false},"author":60508433,"featured_media":26157,"comment_status":"open","ping_status":"open","sticky":false,"template":"","format":"standard","meta":{"_bbp_topic_count":0,"_bbp_reply_count":0,"_bbp_total_topic_count":0,"_bbp_total_reply_count":0,"_bbp_voice_count":0,"_bbp_anonymous_reply_count":0,"_bbp_topic_count_hidden":0,"_bbp_reply_count_hidden":0,"_bbp_forum_subforum_count":0,"_editorskit_title_hidden":false,"_editorskit_reading_time":1,"_editorskit_is_block_options_detached":false,"_editorskit_block_options_position":"{}","_coblocks_attr":"","_coblocks_dimensions":"","_coblocks_responsive_height":"","_coblocks_accordion_ie_support":"","_exactmetrics_skip_tracking":false,"_jetpack_newsletter_access":"","_jetpack_dont_email_post_to_subs":false,"_jetpack_newsletter_tier_id":0,"_jetpack_memberships_contains_paywalled_content":false,"_wpcom_ai_launchpad_first_post":false,"_jetpack_feature_clip_id":0,"_jetpack_memberships_contains_paid_content":false,"footnotes":"","jetpack_publicize_message":"{title}\n\n{excerpt}\n\n{url}","jetpack_publicize_feature_enabled":true,"jetpack_social_post_already_shared":true,"jetpack_social_options":{"image_generator_settings":{"template":"highway","default_image_id":0,"font":"","enabled":false},"version":2},"_wpas_customize_per_network":false,"jetpack_post_was_ever_published":false},"categories":[610133091,610131214,610131184,329678044],"tags":[610132133],"class_list":["post-63262","post","type-post","status-publish","format-standard","has-post-thumbnail","hentry","category-rozeznawanie-duchow","category-autorzy","category-duchowosc","category-kardynal-bona","tag-restricted"],"yoast_head":"<!-- This site is optimized with the Yoast SEO plugin v28.4 - https:\/\/yoast.com\/product\/yoast-seo-wordpress\/ -->\n<title>Kard. Bona. \u201eO rozpoznawaniu duch\u00f3w\u201d (157). O objawieniach i ich rozpoznawaniu. (xii) Nie domaga\u0107 si\u0119 objawie\u0144 - Tradycja i Wiara<\/title>\n<meta name=\"robots\" content=\"index, follow, max-snippet:-1, max-image-preview:large, max-video-preview:-1\" \/>\n<link rel=\"canonical\" href=\"https:\/\/wobronietradycjiiwiary.com\/en\/kard-bona-o-rozpoznawaniu-duchow-157-o-objawieniach-i-ich-rozpoznawaniu-xii\/\" \/>\n<meta property=\"og:locale\" content=\"en_US\" \/>\n<meta property=\"og:type\" content=\"article\" \/>\n<meta property=\"og:title\" content=\"Kard. Bona. \u201eO rozpoznawaniu duch\u00f3w\u201d (157). O objawieniach i ich rozpoznawaniu. (xii) Nie domaga\u0107 si\u0119 objawie\u0144 - Tradycja i Wiara\" \/>\n<meta property=\"og:description\" content=\"O tym, \u017ce pewno\u015b\u0107 prowadzi do lenistwa.\" \/>\n<meta property=\"og:url\" content=\"https:\/\/wobronietradycjiiwiary.com\/en\/kard-bona-o-rozpoznawaniu-duchow-157-o-objawieniach-i-ich-rozpoznawaniu-xii\/\" \/>\n<meta property=\"og:site_name\" content=\"Tradycja i Wiara\" \/>\n<meta property=\"article:publisher\" content=\"https:\/\/www.facebook.com\/Tradycja-i-Wiara-108813920592249\" \/>\n<meta property=\"article:published_time\" content=\"2022-03-28T06:00:00+00:00\" \/>\n<meta property=\"article:modified_time\" content=\"2025-02-07T14:46:38+00:00\" \/>\n<meta property=\"og:image\" content=\"https:\/\/wobronietradycjiiwiary.com\/wp-content\/uploads\/2020\/01\/29183e5c6fd59bc5a33a573a12632224.jpg\" \/>\n\t<meta property=\"og:image:width\" content=\"1280\" \/>\n\t<meta property=\"og:image:height\" content=\"1490\" \/>\n\t<meta property=\"og:image:type\" content=\"image\/jpeg\" \/>\n<meta name=\"author\" content=\"Traditio et Fides\" \/>\n<meta name=\"twitter:card\" content=\"summary_large_image\" \/>\n<meta name=\"twitter:label1\" content=\"Written by\" \/>\n\t<meta name=\"twitter:data1\" content=\"Traditio et Fides\" \/>\n\t<meta name=\"twitter:label2\" content=\"Est. reading time\" \/>\n\t<meta name=\"twitter:data2\" content=\"3 minutes\" \/>\n<script type=\"application\/ld+json\" class=\"yoast-schema-graph\">{\"@context\":\"https:\\\/\\\/schema.org\",\"@graph\":[{\"@type\":\"Article\",\"@id\":\"https:\\\/\\\/wobronietradycjiiwiary.com\\\/kard-bona-o-rozpoznawaniu-duchow-157-o-objawieniach-i-ich-rozpoznawaniu-xii\\\/#article\",\"isPartOf\":{\"@id\":\"https:\\\/\\\/wobronietradycjiiwiary.com\\\/kard-bona-o-rozpoznawaniu-duchow-157-o-objawieniach-i-ich-rozpoznawaniu-xii\\\/\"},\"author\":{\"name\":\"Traditio et Fides\",\"@id\":\"https:\\\/\\\/wobronietradycjiiwiary.com\\\/pl\\\/#\\\/schema\\\/person\\\/2d6180ce6abcb681fef0daab7816e8f3\"},\"headline\":\"Kard. Bona. \u201eO rozpoznawaniu duch\u00f3w\u201d (157). O objawieniach i ich rozpoznawaniu. (xii) Nie domaga\u0107 si\u0119 objawie\u0144\",\"datePublished\":\"2022-03-28T06:00:00+00:00\",\"dateModified\":\"2025-02-07T14:46:38+00:00\",\"mainEntityOfPage\":{\"@id\":\"https:\\\/\\\/wobronietradycjiiwiary.com\\\/kard-bona-o-rozpoznawaniu-duchow-157-o-objawieniach-i-ich-rozpoznawaniu-xii\\\/\"},\"wordCount\":324,\"commentCount\":3,\"publisher\":{\"@id\":\"https:\\\/\\\/wobronietradycjiiwiary.com\\\/pl\\\/#organization\"},\"image\":{\"@id\":\"https:\\\/\\\/wobronietradycjiiwiary.com\\\/kard-bona-o-rozpoznawaniu-duchow-157-o-objawieniach-i-ich-rozpoznawaniu-xii\\\/#primaryimage\"},\"thumbnailUrl\":\"https:\\\/\\\/wobronietradycjiiwiary.com\\\/wp-content\\\/uploads\\\/2020\\\/01\\\/29183e5c6fd59bc5a33a573a12632224.jpg\",\"keywords\":[\"Restricted\"],\"articleSection\":[\"\\\"Rozeznawanie duch\u00f3w\\\"\",\"Autorzy \u017cycia duchowego\",\"Duchowo\u015b\u0107\",\"Kardyna\u0142 Bona\"],\"inLanguage\":\"en-US\",\"potentialAction\":[{\"@type\":\"CommentAction\",\"name\":\"Comment\",\"target\":[\"https:\\\/\\\/wobronietradycjiiwiary.com\\\/kard-bona-o-rozpoznawaniu-duchow-157-o-objawieniach-i-ich-rozpoznawaniu-xii\\\/#respond\"]}]},{\"@type\":\"WebPage\",\"@id\":\"https:\\\/\\\/wobronietradycjiiwiary.com\\\/kard-bona-o-rozpoznawaniu-duchow-157-o-objawieniach-i-ich-rozpoznawaniu-xii\\\/\",\"url\":\"https:\\\/\\\/wobronietradycjiiwiary.com\\\/kard-bona-o-rozpoznawaniu-duchow-157-o-objawieniach-i-ich-rozpoznawaniu-xii\\\/\",\"name\":\"Kard. Bona. \u201eO rozpoznawaniu duch\u00f3w\u201d (157). O objawieniach i ich rozpoznawaniu. (xii) Nie domaga\u0107 si\u0119 objawie\u0144 - Tradycja i Wiara\",\"isPartOf\":{\"@id\":\"https:\\\/\\\/wobronietradycjiiwiary.com\\\/pl\\\/#website\"},\"primaryImageOfPage\":{\"@id\":\"https:\\\/\\\/wobronietradycjiiwiary.com\\\/kard-bona-o-rozpoznawaniu-duchow-157-o-objawieniach-i-ich-rozpoznawaniu-xii\\\/#primaryimage\"},\"image\":{\"@id\":\"https:\\\/\\\/wobronietradycjiiwiary.com\\\/kard-bona-o-rozpoznawaniu-duchow-157-o-objawieniach-i-ich-rozpoznawaniu-xii\\\/#primaryimage\"},\"thumbnailUrl\":\"https:\\\/\\\/wobronietradycjiiwiary.com\\\/wp-content\\\/uploads\\\/2020\\\/01\\\/29183e5c6fd59bc5a33a573a12632224.jpg\",\"datePublished\":\"2022-03-28T06:00:00+00:00\",\"dateModified\":\"2025-02-07T14:46:38+00:00\",\"breadcrumb\":{\"@id\":\"https:\\\/\\\/wobronietradycjiiwiary.com\\\/kard-bona-o-rozpoznawaniu-duchow-157-o-objawieniach-i-ich-rozpoznawaniu-xii\\\/#breadcrumb\"},\"inLanguage\":\"en-US\",\"potentialAction\":[{\"@type\":\"ReadAction\",\"target\":[\"https:\\\/\\\/wobronietradycjiiwiary.com\\\/kard-bona-o-rozpoznawaniu-duchow-157-o-objawieniach-i-ich-rozpoznawaniu-xii\\\/\"]}]},{\"@type\":\"ImageObject\",\"inLanguage\":\"en-US\",\"@id\":\"https:\\\/\\\/wobronietradycjiiwiary.com\\\/kard-bona-o-rozpoznawaniu-duchow-157-o-objawieniach-i-ich-rozpoznawaniu-xii\\\/#primaryimage\",\"url\":\"https:\\\/\\\/wobronietradycjiiwiary.com\\\/wp-content\\\/uploads\\\/2020\\\/01\\\/29183e5c6fd59bc5a33a573a12632224.jpg\",\"contentUrl\":\"https:\\\/\\\/wobronietradycjiiwiary.com\\\/wp-content\\\/uploads\\\/2020\\\/01\\\/29183e5c6fd59bc5a33a573a12632224.jpg\",\"width\":1280,\"height\":1490},{\"@type\":\"BreadcrumbList\",\"@id\":\"https:\\\/\\\/wobronietradycjiiwiary.com\\\/kard-bona-o-rozpoznawaniu-duchow-157-o-objawieniach-i-ich-rozpoznawaniu-xii\\\/#breadcrumb\",\"itemListElement\":[{\"@type\":\"ListItem\",\"position\":1,\"name\":\"Strona g\u0142\u00f3wna\",\"item\":\"https:\\\/\\\/wobronietradycjiiwiary.com\\\/\"},{\"@type\":\"ListItem\",\"position\":2,\"name\":\"Kard. Bona. \u201eO rozpoznawaniu duch\u00f3w\u201d (157). O objawieniach i ich rozpoznawaniu. (xii) Nie domaga\u0107 si\u0119 objawie\u0144\"}]},{\"@type\":\"WebSite\",\"@id\":\"https:\\\/\\\/wobronietradycjiiwiary.com\\\/pl\\\/#website\",\"url\":\"https:\\\/\\\/wobronietradycjiiwiary.com\\\/pl\\\/\",\"name\":\"Tradycja i Wiara\",\"description\":\"Portal dla katolik\u00f3w.\",\"publisher\":{\"@id\":\"https:\\\/\\\/wobronietradycjiiwiary.com\\\/pl\\\/#organization\"},\"potentialAction\":[{\"@type\":\"SearchAction\",\"target\":{\"@type\":\"EntryPoint\",\"urlTemplate\":\"https:\\\/\\\/wobronietradycjiiwiary.com\\\/pl\\\/?s={search_term_string}\"},\"query-input\":{\"@type\":\"PropertyValueSpecification\",\"valueRequired\":true,\"valueName\":\"search_term_string\"}}],\"inLanguage\":\"en-US\"},{\"@type\":\"Organization\",\"@id\":\"https:\\\/\\\/wobronietradycjiiwiary.com\\\/pl\\\/#organization\",\"name\":\"Tradycja i Wiara\",\"url\":\"https:\\\/\\\/wobronietradycjiiwiary.com\\\/pl\\\/\",\"logo\":{\"@type\":\"ImageObject\",\"inLanguage\":\"en-US\",\"@id\":\"https:\\\/\\\/wobronietradycjiiwiary.com\\\/pl\\\/#\\\/schema\\\/logo\\\/image\\\/\",\"url\":\"https:\\\/\\\/i0.wp.com\\\/wobronietradycjiiwiary.com\\\/wp-content\\\/uploads\\\/2015\\\/10\\\/cropped-st-peters-dome-vatican.jpg?fit=940%2C198&ssl=1\",\"contentUrl\":\"https:\\\/\\\/i0.wp.com\\\/wobronietradycjiiwiary.com\\\/wp-content\\\/uploads\\\/2015\\\/10\\\/cropped-st-peters-dome-vatican.jpg?fit=940%2C198&ssl=1\",\"width\":940,\"height\":198,\"caption\":\"Tradycja i Wiara\"},\"image\":{\"@id\":\"https:\\\/\\\/wobronietradycjiiwiary.com\\\/pl\\\/#\\\/schema\\\/logo\\\/image\\\/\"},\"sameAs\":[\"https:\\\/\\\/www.facebook.com\\\/Tradycja-i-Wiara-108813920592249\"]},{\"@type\":\"Person\",\"@id\":\"https:\\\/\\\/wobronietradycjiiwiary.com\\\/pl\\\/#\\\/schema\\\/person\\\/2d6180ce6abcb681fef0daab7816e8f3\",\"name\":\"Traditio et Fides\",\"sameAs\":[\"https:\\\/\\\/traditionundglauben.com\"],\"url\":\"https:\\\/\\\/wobronietradycjiiwiary.com\\\/en\\\/author\\\/wobronietradycjiiwiary\\\/\"}]}<\/script>\n<!-- \/ Yoast SEO plugin. -->","yoast_head_json":{"title":"Kard. Bona. \u201eO rozpoznawaniu duch\u00f3w\u201d (157). O objawieniach i ich rozpoznawaniu. (xii) Nie domaga\u0107 si\u0119 objawie\u0144 - Tradycja i Wiara","robots":{"index":"index","follow":"follow","max-snippet":"max-snippet:-1","max-image-preview":"max-image-preview:large","max-video-preview":"max-video-preview:-1"},"canonical":"https:\/\/wobronietradycjiiwiary.com\/en\/kard-bona-o-rozpoznawaniu-duchow-157-o-objawieniach-i-ich-rozpoznawaniu-xii\/","og_locale":"en_US","og_type":"article","og_title":"Kard. Bona. \u201eO rozpoznawaniu duch\u00f3w\u201d (157). O objawieniach i ich rozpoznawaniu. (xii) Nie domaga\u0107 si\u0119 objawie\u0144 - Tradycja i Wiara","og_description":"O tym, \u017ce pewno\u015b\u0107 prowadzi do lenistwa.","og_url":"https:\/\/wobronietradycjiiwiary.com\/en\/kard-bona-o-rozpoznawaniu-duchow-157-o-objawieniach-i-ich-rozpoznawaniu-xii\/","og_site_name":"Tradycja i Wiara","article_publisher":"https:\/\/www.facebook.com\/Tradycja-i-Wiara-108813920592249","article_published_time":"2022-03-28T06:00:00+00:00","article_modified_time":"2025-02-07T14:46:38+00:00","og_image":[{"width":1280,"height":1490,"url":"https:\/\/wobronietradycjiiwiary.com\/wp-content\/uploads\/2020\/01\/29183e5c6fd59bc5a33a573a12632224.jpg","type":"image\/jpeg"}],"author":"Traditio et Fides","twitter_card":"summary_large_image","twitter_misc":{"Written by":"Traditio et Fides","Est. reading time":"3 minutes"},"schema":{"@context":"https:\/\/schema.org","@graph":[{"@type":"Article","@id":"https:\/\/wobronietradycjiiwiary.com\/kard-bona-o-rozpoznawaniu-duchow-157-o-objawieniach-i-ich-rozpoznawaniu-xii\/#article","isPartOf":{"@id":"https:\/\/wobronietradycjiiwiary.com\/kard-bona-o-rozpoznawaniu-duchow-157-o-objawieniach-i-ich-rozpoznawaniu-xii\/"},"author":{"name":"Traditio et Fides","@id":"https:\/\/wobronietradycjiiwiary.com\/pl\/#\/schema\/person\/2d6180ce6abcb681fef0daab7816e8f3"},"headline":"Kard. Bona. \u201eO rozpoznawaniu duch\u00f3w\u201d (157). O objawieniach i ich rozpoznawaniu. (xii) Nie domaga\u0107 si\u0119 objawie\u0144","datePublished":"2022-03-28T06:00:00+00:00","dateModified":"2025-02-07T14:46:38+00:00","mainEntityOfPage":{"@id":"https:\/\/wobronietradycjiiwiary.com\/kard-bona-o-rozpoznawaniu-duchow-157-o-objawieniach-i-ich-rozpoznawaniu-xii\/"},"wordCount":324,"commentCount":3,"publisher":{"@id":"https:\/\/wobronietradycjiiwiary.com\/pl\/#organization"},"image":{"@id":"https:\/\/wobronietradycjiiwiary.com\/kard-bona-o-rozpoznawaniu-duchow-157-o-objawieniach-i-ich-rozpoznawaniu-xii\/#primaryimage"},"thumbnailUrl":"https:\/\/wobronietradycjiiwiary.com\/wp-content\/uploads\/2020\/01\/29183e5c6fd59bc5a33a573a12632224.jpg","keywords":["Restricted"],"articleSection":["\"Rozeznawanie duch\u00f3w\"","Autorzy \u017cycia duchowego","Duchowo\u015b\u0107","Kardyna\u0142 Bona"],"inLanguage":"en-US","potentialAction":[{"@type":"CommentAction","name":"Comment","target":["https:\/\/wobronietradycjiiwiary.com\/kard-bona-o-rozpoznawaniu-duchow-157-o-objawieniach-i-ich-rozpoznawaniu-xii\/#respond"]}]},{"@type":"WebPage","@id":"https:\/\/wobronietradycjiiwiary.com\/kard-bona-o-rozpoznawaniu-duchow-157-o-objawieniach-i-ich-rozpoznawaniu-xii\/","url":"https:\/\/wobronietradycjiiwiary.com\/kard-bona-o-rozpoznawaniu-duchow-157-o-objawieniach-i-ich-rozpoznawaniu-xii\/","name":"Kard. Bona. \u201eO rozpoznawaniu duch\u00f3w\u201d (157). O objawieniach i ich rozpoznawaniu. (xii) Nie domaga\u0107 si\u0119 objawie\u0144 - Tradycja i Wiara","isPartOf":{"@id":"https:\/\/wobronietradycjiiwiary.com\/pl\/#website"},"primaryImageOfPage":{"@id":"https:\/\/wobronietradycjiiwiary.com\/kard-bona-o-rozpoznawaniu-duchow-157-o-objawieniach-i-ich-rozpoznawaniu-xii\/#primaryimage"},"image":{"@id":"https:\/\/wobronietradycjiiwiary.com\/kard-bona-o-rozpoznawaniu-duchow-157-o-objawieniach-i-ich-rozpoznawaniu-xii\/#primaryimage"},"thumbnailUrl":"https:\/\/wobronietradycjiiwiary.com\/wp-content\/uploads\/2020\/01\/29183e5c6fd59bc5a33a573a12632224.jpg","datePublished":"2022-03-28T06:00:00+00:00","dateModified":"2025-02-07T14:46:38+00:00","breadcrumb":{"@id":"https:\/\/wobronietradycjiiwiary.com\/kard-bona-o-rozpoznawaniu-duchow-157-o-objawieniach-i-ich-rozpoznawaniu-xii\/#breadcrumb"},"inLanguage":"en-US","potentialAction":[{"@type":"ReadAction","target":["https:\/\/wobronietradycjiiwiary.com\/kard-bona-o-rozpoznawaniu-duchow-157-o-objawieniach-i-ich-rozpoznawaniu-xii\/"]}]},{"@type":"ImageObject","inLanguage":"en-US","@id":"https:\/\/wobronietradycjiiwiary.com\/kard-bona-o-rozpoznawaniu-duchow-157-o-objawieniach-i-ich-rozpoznawaniu-xii\/#primaryimage","url":"https:\/\/wobronietradycjiiwiary.com\/wp-content\/uploads\/2020\/01\/29183e5c6fd59bc5a33a573a12632224.jpg","contentUrl":"https:\/\/wobronietradycjiiwiary.com\/wp-content\/uploads\/2020\/01\/29183e5c6fd59bc5a33a573a12632224.jpg","width":1280,"height":1490},{"@type":"BreadcrumbList","@id":"https:\/\/wobronietradycjiiwiary.com\/kard-bona-o-rozpoznawaniu-duchow-157-o-objawieniach-i-ich-rozpoznawaniu-xii\/#breadcrumb","itemListElement":[{"@type":"ListItem","position":1,"name":"Strona g\u0142\u00f3wna","item":"https:\/\/wobronietradycjiiwiary.com\/"},{"@type":"ListItem","position":2,"name":"Kard. Bona. \u201eO rozpoznawaniu duch\u00f3w\u201d (157). O objawieniach i ich rozpoznawaniu. (xii) Nie domaga\u0107 si\u0119 objawie\u0144"}]},{"@type":"WebSite","@id":"https:\/\/wobronietradycjiiwiary.com\/pl\/#website","url":"https:\/\/wobronietradycjiiwiary.com\/pl\/","name":"Tradycja i Wiara","description":"Portal dla katolik\u00f3w.","publisher":{"@id":"https:\/\/wobronietradycjiiwiary.com\/pl\/#organization"},"potentialAction":[{"@type":"SearchAction","target":{"@type":"EntryPoint","urlTemplate":"https:\/\/wobronietradycjiiwiary.com\/pl\/?s={search_term_string}"},"query-input":{"@type":"PropertyValueSpecification","valueRequired":true,"valueName":"search_term_string"}}],"inLanguage":"en-US"},{"@type":"Organization","@id":"https:\/\/wobronietradycjiiwiary.com\/pl\/#organization","name":"Tradycja i Wiara","url":"https:\/\/wobronietradycjiiwiary.com\/pl\/","logo":{"@type":"ImageObject","inLanguage":"en-US","@id":"https:\/\/wobronietradycjiiwiary.com\/pl\/#\/schema\/logo\/image\/","url":"https:\/\/i0.wp.com\/wobronietradycjiiwiary.com\/wp-content\/uploads\/2015\/10\/cropped-st-peters-dome-vatican.jpg?fit=940%2C198&ssl=1","contentUrl":"https:\/\/i0.wp.com\/wobronietradycjiiwiary.com\/wp-content\/uploads\/2015\/10\/cropped-st-peters-dome-vatican.jpg?fit=940%2C198&ssl=1","width":940,"height":198,"caption":"Tradycja i Wiara"},"image":{"@id":"https:\/\/wobronietradycjiiwiary.com\/pl\/#\/schema\/logo\/image\/"},"sameAs":["https:\/\/www.facebook.com\/Tradycja-i-Wiara-108813920592249"]},{"@type":"Person","@id":"https:\/\/wobronietradycjiiwiary.com\/pl\/#\/schema\/person\/2d6180ce6abcb681fef0daab7816e8f3","name":"Traditio et Fides","sameAs":["https:\/\/traditionundglauben.com"],"url":"https:\/\/wobronietradycjiiwiary.com\/en\/author\/wobronietradycjiiwiary\/"}]}},"jetpack_publicize_connections":[],"jetpack_sharing_enabled":true,"jetpack_likes_enabled":true,"jetpack_shortlink":"https:\/\/wp.me\/pc04Sd-gsm","jetpack-related-posts":[{"id":20588,"url":"https:\/\/wobronietradycjiiwiary.com\/en\/kard-bona-o-rozpoznawaniu-duchow-33-do-boskich-natchnien-moze-przymieszac-sie-blad\/","url_meta":{"origin":63262,"position":0},"title":"Kard. Bona. \u201eO rozpoznawaniu duch\u00f3w\u201d (33). Doznania zmys\u0142owe nie pochodz\u0105 od Boga.","author":"Traditio et Fides","date":"24 June 2019","format":false,"excerpt":"W sumie rozpoznanie prawdziwej i fa\u0142szywej mistyki nie jest a\u017c takie trudne, je\u015bli cz\u0142owiek u\u015bwiadomi sobie, kim i jaki jest B\u00f3g. B\u00f3g jest: \u015bwi\u0119ty, nadprzyrodzony, transcendentny nie jest zatem zmys\u0142owy. Dlaczego wi\u0119c mia\u0142by dawa\u0107 odczu\u0107 si\u0119 duszy na spos\u00f3b zmys\u0142owy? St\u0105d te wszystkie \"u\u015bciski i doznania\", o kt\u00f3rych pisze kardyna\u0142\u2026","rel":"","context":"In &quot;\"Rozeznawanie duch\u00f3w\"&quot;","block_context":{"text":"\"Rozeznawanie duch\u00f3w\"","link":"https:\/\/wobronietradycjiiwiary.com\/en\/category\/duchowosc\/autorzy\/kardynal-bona\/rozeznawanie-duchow\/"},"img":{"alt_text":"","src":"https:\/\/i0.wp.com\/wobronietradycjiiwiary.com\/wp-content\/uploads\/2019\/12\/29183e5c6fd59bc5a33a573a12632224.jpg?resize=350%2C200&ssl=1","width":350,"height":200,"srcset":"https:\/\/i0.wp.com\/wobronietradycjiiwiary.com\/wp-content\/uploads\/2019\/12\/29183e5c6fd59bc5a33a573a12632224.jpg?resize=350%2C200&ssl=1 1x, https:\/\/i0.wp.com\/wobronietradycjiiwiary.com\/wp-content\/uploads\/2019\/12\/29183e5c6fd59bc5a33a573a12632224.jpg?resize=525%2C300&ssl=1 1.5x, https:\/\/i0.wp.com\/wobronietradycjiiwiary.com\/wp-content\/uploads\/2019\/12\/29183e5c6fd59bc5a33a573a12632224.jpg?resize=700%2C400&ssl=1 2x, https:\/\/i0.wp.com\/wobronietradycjiiwiary.com\/wp-content\/uploads\/2019\/12\/29183e5c6fd59bc5a33a573a12632224.jpg?resize=1050%2C600&ssl=1 3x"},"classes":[]},{"id":36443,"url":"https:\/\/wobronietradycjiiwiary.com\/en\/kard-bona-o-rozpoznawaniu-duchow-91\/","url_meta":{"origin":63262,"position":1},"title":"Kard. Bona. \u201eO rozpoznawaniu duch\u00f3w\u201d (91). Przywi\u0105zanie do \u0107wicze\u0144 ascetycznych.","author":"Traditio et Fides","date":"21 September 2020","format":false,"excerpt":"Kardyna\u0142 Bona opisuje co\u015b, czego wszyscy do\u015bwiadczamy. Bolejemy nad naszymi grzechami, nie dlatego, \u017ce s\u0105 grzechami, ale dlatego, \u017ce cierpi nasza mi\u0142o\u015b\u0107 w\u0142asna i perfekcjonizm. Przecie\u017c jeste\u015bmy doskonali, a nie wysz\u0142o. A je\u015bli upadek sta\u0142 si\u0119 publiczny, w\u00f3wczas grozi katastrofa. \u015aw. Ignacy pisze, \u017ce nawet upadki pomagaj\u0105 w drodze do\u2026","rel":"","context":"In &quot;\"Rozeznawanie duch\u00f3w\"&quot;","block_context":{"text":"\"Rozeznawanie duch\u00f3w\"","link":"https:\/\/wobronietradycjiiwiary.com\/en\/category\/duchowosc\/autorzy\/kardynal-bona\/rozeznawanie-duchow\/"},"img":{"alt_text":"","src":"https:\/\/i0.wp.com\/wobronietradycjiiwiary.com\/wp-content\/uploads\/2020\/01\/29183e5c6fd59bc5a33a573a12632224.jpg?resize=350%2C200&ssl=1","width":350,"height":200,"srcset":"https:\/\/i0.wp.com\/wobronietradycjiiwiary.com\/wp-content\/uploads\/2020\/01\/29183e5c6fd59bc5a33a573a12632224.jpg?resize=350%2C200&ssl=1 1x, https:\/\/i0.wp.com\/wobronietradycjiiwiary.com\/wp-content\/uploads\/2020\/01\/29183e5c6fd59bc5a33a573a12632224.jpg?resize=525%2C300&ssl=1 1.5x, https:\/\/i0.wp.com\/wobronietradycjiiwiary.com\/wp-content\/uploads\/2020\/01\/29183e5c6fd59bc5a33a573a12632224.jpg?resize=700%2C400&ssl=1 2x, https:\/\/i0.wp.com\/wobronietradycjiiwiary.com\/wp-content\/uploads\/2020\/01\/29183e5c6fd59bc5a33a573a12632224.jpg?resize=1050%2C600&ssl=1 3x"},"classes":[]},{"id":40793,"url":"https:\/\/wobronietradycjiiwiary.com\/en\/kard-bona-o-rozpoznawaniu-duchow-106-o-rozroznianiu-ekstaz-ii\/","url_meta":{"origin":63262,"position":2},"title":"Kard. Bona. \u201eO rozpoznawaniu duch\u00f3w\u201d (106). O rozr\u00f3\u017cnianiu ekstaz (ii)","author":"Traditio et Fides","date":"25 January 2021","format":false,"excerpt":"Prawdziwe esktazy nie pojawiaj\u0105 si\u0119 na pocz\u0105tku \u017cycia duchowego.","rel":"","context":"In &quot;\"Rozeznawanie duch\u00f3w\"&quot;","block_context":{"text":"\"Rozeznawanie duch\u00f3w\"","link":"https:\/\/wobronietradycjiiwiary.com\/en\/category\/duchowosc\/autorzy\/kardynal-bona\/rozeznawanie-duchow\/"},"img":{"alt_text":"","src":"https:\/\/i0.wp.com\/wobronietradycjiiwiary.com\/wp-content\/uploads\/2020\/01\/29183e5c6fd59bc5a33a573a12632224.jpg?resize=350%2C200&ssl=1","width":350,"height":200,"srcset":"https:\/\/i0.wp.com\/wobronietradycjiiwiary.com\/wp-content\/uploads\/2020\/01\/29183e5c6fd59bc5a33a573a12632224.jpg?resize=350%2C200&ssl=1 1x, https:\/\/i0.wp.com\/wobronietradycjiiwiary.com\/wp-content\/uploads\/2020\/01\/29183e5c6fd59bc5a33a573a12632224.jpg?resize=525%2C300&ssl=1 1.5x, https:\/\/i0.wp.com\/wobronietradycjiiwiary.com\/wp-content\/uploads\/2020\/01\/29183e5c6fd59bc5a33a573a12632224.jpg?resize=700%2C400&ssl=1 2x, https:\/\/i0.wp.com\/wobronietradycjiiwiary.com\/wp-content\/uploads\/2020\/01\/29183e5c6fd59bc5a33a573a12632224.jpg?resize=1050%2C600&ssl=1 3x"},"classes":[]},{"id":8268,"url":"https:\/\/wobronietradycjiiwiary.com\/en\/kard-bona-o-rozpoznawaniu-duchow-23\/","url_meta":{"origin":63262,"position":3},"title":"Kard. Bona. &#8220;O rozpoznawaniu duch\u00f3w&#8221; (23). Duch Bo\u017cy prowadzi do pokuty.","author":"Traditio et Fides","date":"24 January 2016","format":false,"excerpt":"Oznak\u0105 dobrego ducha, jak m\u00f3wi kardyna\u0142 Bona, jest wewn\u0119trzne skruszenie i zach\u0119ta do pokuty. Nie dotyczy to jedynie pocz\u0105tk\u00f3w drogi, ale tak\u017ce post\u0119puj\u0105c naprz\u00f3d widzimy wobec boskiego s\u0142o\u0144ca najmniejszy py\u0142ek na naszej duszy, bo miar\u0105 jest B\u00f3g, a nie inni ludzie. Z pewno\u015bci\u0105 nasza natura zniekszta\u0142cona grzechem pierworodnym uwa\u017ca si\u0119\u2026","rel":"","context":"In &quot;\"Rozeznawanie duch\u00f3w\"&quot;","block_context":{"text":"\"Rozeznawanie duch\u00f3w\"","link":"https:\/\/wobronietradycjiiwiary.com\/en\/category\/duchowosc\/autorzy\/kardynal-bona\/rozeznawanie-duchow\/"},"img":{"alt_text":"","src":"https:\/\/i0.wp.com\/wobronietradycjiiwiary.com\/wp-content\/uploads\/2019\/12\/29183e5c6fd59bc5a33a573a12632224.jpg?resize=350%2C200&ssl=1","width":350,"height":200,"srcset":"https:\/\/i0.wp.com\/wobronietradycjiiwiary.com\/wp-content\/uploads\/2019\/12\/29183e5c6fd59bc5a33a573a12632224.jpg?resize=350%2C200&ssl=1 1x, https:\/\/i0.wp.com\/wobronietradycjiiwiary.com\/wp-content\/uploads\/2019\/12\/29183e5c6fd59bc5a33a573a12632224.jpg?resize=525%2C300&ssl=1 1.5x, https:\/\/i0.wp.com\/wobronietradycjiiwiary.com\/wp-content\/uploads\/2019\/12\/29183e5c6fd59bc5a33a573a12632224.jpg?resize=700%2C400&ssl=1 2x, https:\/\/i0.wp.com\/wobronietradycjiiwiary.com\/wp-content\/uploads\/2019\/12\/29183e5c6fd59bc5a33a573a12632224.jpg?resize=1050%2C600&ssl=1 3x"},"classes":[]},{"id":58388,"url":"https:\/\/wobronietradycjiiwiary.com\/en\/kard-bona-o-rozpoznawaniu-duchow-141-o-zjawieniach-vi-aniolowie-przybieraja-cialo\/","url_meta":{"origin":63262,"position":4},"title":"Kard. Bona. \u201eO rozpoznawaniu duch\u00f3w\u201d (142). O zjawieniach. (vi) Anio\u0142owie przybieraj\u0105 cia\u0142o","author":"Traditio et Fides","date":"6 December 2021","format":false,"excerpt":"O tym, jak anio\u0142owie mog\u0105 przybiera\u0107 cia\u0142o i wp\u0142ywa\u0107 na materi\u0119.","rel":"","context":"In &quot;\"Rozeznawanie duch\u00f3w\"&quot;","block_context":{"text":"\"Rozeznawanie duch\u00f3w\"","link":"https:\/\/wobronietradycjiiwiary.com\/en\/category\/duchowosc\/autorzy\/kardynal-bona\/rozeznawanie-duchow\/"},"img":{"alt_text":"","src":"https:\/\/i0.wp.com\/wobronietradycjiiwiary.com\/wp-content\/uploads\/2020\/01\/29183e5c6fd59bc5a33a573a12632224.jpg?resize=350%2C200&ssl=1","width":350,"height":200,"srcset":"https:\/\/i0.wp.com\/wobronietradycjiiwiary.com\/wp-content\/uploads\/2020\/01\/29183e5c6fd59bc5a33a573a12632224.jpg?resize=350%2C200&ssl=1 1x, https:\/\/i0.wp.com\/wobronietradycjiiwiary.com\/wp-content\/uploads\/2020\/01\/29183e5c6fd59bc5a33a573a12632224.jpg?resize=525%2C300&ssl=1 1.5x, https:\/\/i0.wp.com\/wobronietradycjiiwiary.com\/wp-content\/uploads\/2020\/01\/29183e5c6fd59bc5a33a573a12632224.jpg?resize=700%2C400&ssl=1 2x, https:\/\/i0.wp.com\/wobronietradycjiiwiary.com\/wp-content\/uploads\/2020\/01\/29183e5c6fd59bc5a33a573a12632224.jpg?resize=1050%2C600&ssl=1 3x"},"classes":[]},{"id":32480,"url":"https:\/\/wobronietradycjiiwiary.com\/en\/kard-bona-o-rozpoznawaniu-duchow-82-o-opetaniu\/","url_meta":{"origin":63262,"position":5},"title":"Kard. Bona. \u201eO rozpoznawaniu duch\u00f3w\u201d (82). O op\u0119taniu.","author":"Traditio et Fides","date":"20 July 2020","format":false,"excerpt":"Kardyna\u0142 Bona wymienia znaki dr\u0119czenia i op\u0119tania tak, jak przedstawia spraw\u0119 wprowadzenie do Wielkiego Egzorcyzmy w Rituale romanum. Pisali\u015bmy ju\u017c du\u017co obszerniej o tych kwestiach, wi\u0119c kardyna\u0142 Bona s\u0142u\u017cy\u0107 b\u0119dzie jedynie rekapitulacji. Ciekawym jest przyk\u0142ad odmowy m\u00f3wienia Sk\u0142adu Apostolskiego czy proszenia o rozgrzeszenie. W miejscu zamieszkiwania autora tych s\u0142\u00f3w podczas\u2026","rel":"","context":"In &quot;\"Rozeznawanie duch\u00f3w\"&quot;","block_context":{"text":"\"Rozeznawanie duch\u00f3w\"","link":"https:\/\/wobronietradycjiiwiary.com\/en\/category\/duchowosc\/autorzy\/kardynal-bona\/rozeznawanie-duchow\/"},"img":{"alt_text":"","src":"https:\/\/i0.wp.com\/wobronietradycjiiwiary.com\/wp-content\/uploads\/2020\/01\/29183e5c6fd59bc5a33a573a12632224.jpg?resize=350%2C200&ssl=1","width":350,"height":200,"srcset":"https:\/\/i0.wp.com\/wobronietradycjiiwiary.com\/wp-content\/uploads\/2020\/01\/29183e5c6fd59bc5a33a573a12632224.jpg?resize=350%2C200&ssl=1 1x, https:\/\/i0.wp.com\/wobronietradycjiiwiary.com\/wp-content\/uploads\/2020\/01\/29183e5c6fd59bc5a33a573a12632224.jpg?resize=525%2C300&ssl=1 1.5x, https:\/\/i0.wp.com\/wobronietradycjiiwiary.com\/wp-content\/uploads\/2020\/01\/29183e5c6fd59bc5a33a573a12632224.jpg?resize=700%2C400&ssl=1 2x, https:\/\/i0.wp.com\/wobronietradycjiiwiary.com\/wp-content\/uploads\/2020\/01\/29183e5c6fd59bc5a33a573a12632224.jpg?resize=1050%2C600&ssl=1 3x"},"classes":[]}],"amp_enabled":true,"jetpack_featured_media_url":"https:\/\/wobronietradycjiiwiary.com\/wp-content\/uploads\/2020\/01\/29183e5c6fd59bc5a33a573a12632224.jpg","_links":{"self":[{"href":"https:\/\/wobronietradycjiiwiary.com\/en\/wp-json\/wp\/v2\/posts\/63262","targetHints":{"allow":["GET"]}}],"collection":[{"href":"https:\/\/wobronietradycjiiwiary.com\/en\/wp-json\/wp\/v2\/posts"}],"about":[{"href":"https:\/\/wobronietradycjiiwiary.com\/en\/wp-json\/wp\/v2\/types\/post"}],"author":[{"embeddable":true,"href":"https:\/\/wobronietradycjiiwiary.com\/en\/wp-json\/wp\/v2\/users\/60508433"}],"replies":[{"embeddable":true,"href":"https:\/\/wobronietradycjiiwiary.com\/en\/wp-json\/wp\/v2\/comments?post=63262"}],"version-history":[{"count":15,"href":"https:\/\/wobronietradycjiiwiary.com\/en\/wp-json\/wp\/v2\/posts\/63262\/revisions"}],"predecessor-version":[{"id":65563,"href":"https:\/\/wobronietradycjiiwiary.com\/en\/wp-json\/wp\/v2\/posts\/63262\/revisions\/65563"}],"wp:featuredmedia":[{"embeddable":true,"href":"https:\/\/wobronietradycjiiwiary.com\/en\/wp-json\/wp\/v2\/media\/26157"}],"wp:attachment":[{"href":"https:\/\/wobronietradycjiiwiary.com\/en\/wp-json\/wp\/v2\/media?parent=63262"}],"wp:term":[{"taxonomy":"category","embeddable":true,"href":"https:\/\/wobronietradycjiiwiary.com\/en\/wp-json\/wp\/v2\/categories?post=63262"},{"taxonomy":"post_tag","embeddable":true,"href":"https:\/\/wobronietradycjiiwiary.com\/en\/wp-json\/wp\/v2\/tags?post=63262"}],"curies":[{"name":"wp","href":"https:\/\/api.w.org\/{rel}","templated":true}]}}