{"id":61698,"date":"2022-02-27T12:32:35","date_gmt":"2022-02-27T11:32:35","guid":{"rendered":"https:\/\/wobronietradycjiiwiary.com\/?p=61698"},"modified":"2026-05-27T11:33:22","modified_gmt":"2026-05-27T09:33:22","slug":"wojna-na-ukrainie-lub-duchowy-efekt-motyla","status":"publish","type":"post","link":"https:\/\/wobronietradycjiiwiary.com\/en\/wojna-na-ukrainie-lub-duchowy-efekt-motyla\/","title":{"rendered":"Wojna na Ukrainie lub duchowy efekt motyla"},"content":{"rendered":"<div id=\"bsf_rt_marker\"><\/div><p>Czas lektury: 6 minut Wie\u015bci z Ukrainy s\u0105 tak przera\u017caj\u0105ce, \u017ce mog\u0142oby si\u0119 wydawa\u0107, \u017ce nasze tradycjonalistyczne problemy s\u0105 zupe\u0142nie&hellip;<\/p>\n<div style=\"text-align: center\">\n<p>&nbsp;<\/p>\n<\/div>\n<h2 style=\"border: 5px solid #0000A0;padding: 1em;text-align: center\"><span style=\"color: #000000\">Pe\u0142en dost\u0119p dla <span style=\"color: #00ccff\"><a style=\"color: #00ccff\" href=\"https:\/\/wobronietradycjiiwiary.com\/en\/subskrypcje-2\/\" target=\"_blank\" rel=\"noopener\">subskrybent\u00f3w<\/a><\/span>.<\/span><br \/>\n<span style=\"color: #3366ff\"><a style=\"color: #3366ff\" href=\"https:\/\/wobronietradycjiiwiary.com\/en\/account\/login\/\" target=\"_blank\" rel=\"noopener\"><span style=\"color: #00ccff\">Zaloguj<\/span><\/a> <\/span>si\u0119 lub przejd\u017a do <a href=\"https:\/\/wobronietradycjiiwiary.com\/en\/register\/\"><span style=\"color: #3366ff\">Rejestracji<\/span><\/a>.<\/h2>\n<div>\n<p style=\"text-align: center\"><a href=\"https:\/\/wobronietradycjiiwiary.com\/en\/subskrypcje-2\/cennik\/\" target=\"_blank\" rel=\"noopener\"><span style=\"color: #000080;font-size: 24pt\"><strong>Nowe ni\u017csze ceny<\/strong><\/span><\/a><\/p>\n<p style=\"text-align: center\"><strong><span style=\"font-size: 18pt;color: #000080\">P\u0142atno\u015b\u0107 kart\u0105<\/span><\/strong><\/p>\n<\/div>\n<h3 style=\"text-align: center\"><a href=\"https:\/\/wobronietradycjiiwiary.com\/en\/subskrypcje-2\/automatyczne\/indywidualne\/\" target=\"_blank\" rel=\"noopener\"><img fetchpriority=\"high\" decoding=\"async\" class=\"alignnone size-medium wp-image-80433\" src=\"https:\/\/wobronietradycjiiwiary.com\/wp-content\/uploads\/2022\/11\/Unbenannt-1-Online-1-300x202.jpg\" alt=\"\" width=\"300\" height=\"202\" srcset=\"https:\/\/wobronietradycjiiwiary.com\/wp-content\/uploads\/2022\/11\/Unbenannt-1-Online-1-300x202.jpg 300w, https:\/\/wobronietradycjiiwiary.com\/wp-content\/uploads\/2022\/11\/Unbenannt-1-Online-1-150x101.jpg 150w, https:\/\/wobronietradycjiiwiary.com\/wp-content\/uploads\/2022\/11\/Unbenannt-1-Online-1-18x12.jpg 18w, https:\/\/wobronietradycjiiwiary.com\/wp-content\/uploads\/2022\/11\/Unbenannt-1-Online-1.jpg 446w\" sizes=\"(max-width: 300px) 100vw, 300px\" \/><\/a><\/h3>\n<p style=\"text-align: center\"><strong><span style=\"font-size: 18pt;color: #000080\">P\u0142atno\u015b\u0107 przelewem<\/span><\/strong><\/p>\n<p><a href=\"https:\/\/wobronietradycjiiwiary.com\/en\/subskrypcje-2\/automatyczne\/indywidualne\/\" target=\"_blank\" rel=\"noopener\"><img decoding=\"async\" class=\"size-medium wp-image-80434 aligncenter\" src=\"https:\/\/wobronietradycjiiwiary.com\/wp-content\/uploads\/2022\/11\/Unbenannt-1-Przelewem-300x137.jpg\" alt=\"\" width=\"300\" height=\"137\" srcset=\"https:\/\/wobronietradycjiiwiary.com\/wp-content\/uploads\/2022\/11\/Unbenannt-1-Przelewem-300x137.jpg 300w, https:\/\/wobronietradycjiiwiary.com\/wp-content\/uploads\/2022\/11\/Unbenannt-1-Przelewem-450x206.jpg 450w, https:\/\/wobronietradycjiiwiary.com\/wp-content\/uploads\/2022\/11\/Unbenannt-1-Przelewem-600x274.jpg 600w, https:\/\/wobronietradycjiiwiary.com\/wp-content\/uploads\/2022\/11\/Unbenannt-1-Przelewem-150x69.jpg 150w, https:\/\/wobronietradycjiiwiary.com\/wp-content\/uploads\/2022\/11\/Unbenannt-1-Przelewem-18x8.jpg 18w, https:\/\/wobronietradycjiiwiary.com\/wp-content\/uploads\/2022\/11\/Unbenannt-1-Przelewem.jpg 676w\" sizes=\"(max-width: 300px) 100vw, 300px\" \/><\/a><\/p>\n<p style=\"text-align: center\"><strong><span style=\"font-size: 18pt;color: #000080\">P\u0142atno\u015b\u0107 kart\u0105 do 6 os\u00f3b<\/span><\/strong><\/p>\n<p><a href=\"https:\/\/wobronietradycjiiwiary.com\/en\/rodzinne\/\" target=\"_blank\" rel=\"noopener\"><img decoding=\"async\" class=\"size-medium wp-image-80435 aligncenter\" src=\"https:\/\/wobronietradycjiiwiary.com\/wp-content\/uploads\/2022\/11\/Unbenannt-1-Rodzinna-300x208.jpg\" alt=\"\" width=\"300\" height=\"208\" srcset=\"https:\/\/wobronietradycjiiwiary.com\/wp-content\/uploads\/2022\/11\/Unbenannt-1-Rodzinna-300x208.jpg 300w, https:\/\/wobronietradycjiiwiary.com\/wp-content\/uploads\/2022\/11\/Unbenannt-1-Rodzinna-150x104.jpg 150w, https:\/\/wobronietradycjiiwiary.com\/wp-content\/uploads\/2022\/11\/Unbenannt-1-Rodzinna-18x12.jpg 18w, https:\/\/wobronietradycjiiwiary.com\/wp-content\/uploads\/2022\/11\/Unbenannt-1-Rodzinna.jpg 448w\" sizes=\"(max-width: 300px) 100vw, 300px\" \/><\/a><\/p>\n<h3 style=\"text-align: center\"><\/h3>\n<h1 style=\"text-align: center\"><\/h1>","protected":false},"excerpt":{"rendered":"<p>O tym, \u017ce grzech Benedykta XVI. wywo\u0142a\u0142 wojn\u0119 na Ukrainie lub duchowa interpretacja efektu motyla.<\/p>","protected":false},"author":60508433,"featured_media":61711,"comment_status":"open","ping_status":"open","sticky":false,"template":"","format":"standard","meta":{"_bbp_topic_count":0,"_bbp_reply_count":0,"_bbp_total_topic_count":0,"_bbp_total_reply_count":0,"_bbp_voice_count":0,"_bbp_anonymous_reply_count":0,"_bbp_topic_count_hidden":0,"_bbp_reply_count_hidden":0,"_bbp_forum_subforum_count":0,"_editorskit_title_hidden":false,"_editorskit_reading_time":6,"_editorskit_is_block_options_detached":false,"_editorskit_block_options_position":"{}","_coblocks_attr":"","_coblocks_dimensions":"","_coblocks_responsive_height":"","_coblocks_accordion_ie_support":"","_exactmetrics_skip_tracking":false,"_jetpack_newsletter_access":"","_jetpack_dont_email_post_to_subs":false,"_jetpack_newsletter_tier_id":0,"_jetpack_memberships_contains_paywalled_content":false,"_wpcom_ai_launchpad_first_post":false,"_jetpack_feature_clip_id":0,"_jetpack_memberships_contains_paid_content":false,"footnotes":"","jetpack_publicize_message":"{title}\n\n{excerpt}\n\n{url}","jetpack_publicize_feature_enabled":true,"jetpack_social_post_already_shared":true,"jetpack_social_options":{"image_generator_settings":{"template":"highway","default_image_id":0,"font":"","enabled":false},"version":2},"_wpas_customize_per_network":false,"jetpack_post_was_ever_published":false},"categories":[610132936,610136054],"tags":[610132133],"class_list":["post-61698","post","type-post","status-publish","format-standard","has-post-thumbnail","hentry","category-wojna-na-ukrainie","category-swiat-i-polityka","tag-restricted"],"yoast_head":"<!-- This site is optimized with the Yoast SEO plugin v28.4 - https:\/\/yoast.com\/product\/yoast-seo-wordpress\/ -->\n<title>Wojna na Ukrainie lub duchowy efekt motyla - Tradycja i Wiara<\/title>\n<meta name=\"robots\" content=\"index, follow, max-snippet:-1, max-image-preview:large, max-video-preview:-1\" \/>\n<link rel=\"canonical\" href=\"https:\/\/wobronietradycjiiwiary.com\/en\/wojna-na-ukrainie-lub-duchowy-efekt-motyla\/\" \/>\n<meta property=\"og:locale\" content=\"en_US\" \/>\n<meta property=\"og:type\" content=\"article\" \/>\n<meta property=\"og:title\" content=\"Wojna na Ukrainie lub duchowy efekt motyla - Tradycja i Wiara\" \/>\n<meta property=\"og:description\" content=\"O tym, \u017ce grzech Benedykta XVI. wywo\u0142a\u0142 wojn\u0119 na Ukrainie lub duchowa interpretacja efektu motyla.\" \/>\n<meta property=\"og:url\" content=\"https:\/\/wobronietradycjiiwiary.com\/en\/wojna-na-ukrainie-lub-duchowy-efekt-motyla\/\" \/>\n<meta property=\"og:site_name\" content=\"Tradycja i Wiara\" \/>\n<meta property=\"article:publisher\" content=\"https:\/\/www.facebook.com\/Tradycja-i-Wiara-108813920592249\" \/>\n<meta property=\"article:published_time\" content=\"2022-02-27T11:32:35+00:00\" \/>\n<meta property=\"article:modified_time\" content=\"2026-05-27T09:33:22+00:00\" \/>\n<meta property=\"og:image\" content=\"https:\/\/wobronietradycjiiwiary.com\/wp-content\/uploads\/2022\/02\/Download.jpg\" \/>\n\t<meta property=\"og:image:width\" content=\"206\" \/>\n\t<meta property=\"og:image:height\" content=\"245\" \/>\n\t<meta property=\"og:image:type\" content=\"image\/jpeg\" \/>\n<meta name=\"author\" content=\"Traditio et Fides\" \/>\n<meta name=\"twitter:card\" content=\"summary_large_image\" \/>\n<meta name=\"twitter:label1\" content=\"Written by\" \/>\n\t<meta name=\"twitter:data1\" content=\"Traditio et Fides\" \/>\n\t<meta name=\"twitter:label2\" content=\"Est. reading time\" \/>\n\t<meta name=\"twitter:data2\" content=\"10 minutes\" \/>\n<script type=\"application\/ld+json\" class=\"yoast-schema-graph\">{\"@context\":\"https:\\\/\\\/schema.org\",\"@graph\":[{\"@type\":\"Article\",\"@id\":\"https:\\\/\\\/wobronietradycjiiwiary.com\\\/wojna-na-ukrainie-lub-duchowy-efekt-motyla\\\/#article\",\"isPartOf\":{\"@id\":\"https:\\\/\\\/wobronietradycjiiwiary.com\\\/wojna-na-ukrainie-lub-duchowy-efekt-motyla\\\/\"},\"author\":{\"name\":\"Traditio et Fides\",\"@id\":\"https:\\\/\\\/wobronietradycjiiwiary.com\\\/pl\\\/#\\\/schema\\\/person\\\/2d6180ce6abcb681fef0daab7816e8f3\"},\"headline\":\"Wojna na Ukrainie lub duchowy efekt motyla\",\"datePublished\":\"2022-02-27T11:32:35+00:00\",\"dateModified\":\"2026-05-27T09:33:22+00:00\",\"mainEntityOfPage\":{\"@id\":\"https:\\\/\\\/wobronietradycjiiwiary.com\\\/wojna-na-ukrainie-lub-duchowy-efekt-motyla\\\/\"},\"wordCount\":1852,\"commentCount\":0,\"publisher\":{\"@id\":\"https:\\\/\\\/wobronietradycjiiwiary.com\\\/pl\\\/#organization\"},\"image\":{\"@id\":\"https:\\\/\\\/wobronietradycjiiwiary.com\\\/wojna-na-ukrainie-lub-duchowy-efekt-motyla\\\/#primaryimage\"},\"thumbnailUrl\":\"https:\\\/\\\/wobronietradycjiiwiary.com\\\/wp-content\\\/uploads\\\/2022\\\/02\\\/Download.jpg\",\"keywords\":[\"Restricted\"],\"articleSection\":[\"Wojna na Ukrainie\",\"\u015awiat i polityka\"],\"inLanguage\":\"en-US\",\"potentialAction\":[{\"@type\":\"CommentAction\",\"name\":\"Comment\",\"target\":[\"https:\\\/\\\/wobronietradycjiiwiary.com\\\/wojna-na-ukrainie-lub-duchowy-efekt-motyla\\\/#respond\"]}]},{\"@type\":\"WebPage\",\"@id\":\"https:\\\/\\\/wobronietradycjiiwiary.com\\\/wojna-na-ukrainie-lub-duchowy-efekt-motyla\\\/\",\"url\":\"https:\\\/\\\/wobronietradycjiiwiary.com\\\/wojna-na-ukrainie-lub-duchowy-efekt-motyla\\\/\",\"name\":\"Wojna na Ukrainie lub duchowy efekt motyla - Tradycja i Wiara\",\"isPartOf\":{\"@id\":\"https:\\\/\\\/wobronietradycjiiwiary.com\\\/pl\\\/#website\"},\"primaryImageOfPage\":{\"@id\":\"https:\\\/\\\/wobronietradycjiiwiary.com\\\/wojna-na-ukrainie-lub-duchowy-efekt-motyla\\\/#primaryimage\"},\"image\":{\"@id\":\"https:\\\/\\\/wobronietradycjiiwiary.com\\\/wojna-na-ukrainie-lub-duchowy-efekt-motyla\\\/#primaryimage\"},\"thumbnailUrl\":\"https:\\\/\\\/wobronietradycjiiwiary.com\\\/wp-content\\\/uploads\\\/2022\\\/02\\\/Download.jpg\",\"datePublished\":\"2022-02-27T11:32:35+00:00\",\"dateModified\":\"2026-05-27T09:33:22+00:00\",\"breadcrumb\":{\"@id\":\"https:\\\/\\\/wobronietradycjiiwiary.com\\\/wojna-na-ukrainie-lub-duchowy-efekt-motyla\\\/#breadcrumb\"},\"inLanguage\":\"en-US\",\"potentialAction\":[{\"@type\":\"ReadAction\",\"target\":[\"https:\\\/\\\/wobronietradycjiiwiary.com\\\/wojna-na-ukrainie-lub-duchowy-efekt-motyla\\\/\"]}]},{\"@type\":\"ImageObject\",\"inLanguage\":\"en-US\",\"@id\":\"https:\\\/\\\/wobronietradycjiiwiary.com\\\/wojna-na-ukrainie-lub-duchowy-efekt-motyla\\\/#primaryimage\",\"url\":\"https:\\\/\\\/wobronietradycjiiwiary.com\\\/wp-content\\\/uploads\\\/2022\\\/02\\\/Download.jpg\",\"contentUrl\":\"https:\\\/\\\/wobronietradycjiiwiary.com\\\/wp-content\\\/uploads\\\/2022\\\/02\\\/Download.jpg\",\"width\":206,\"height\":245},{\"@type\":\"BreadcrumbList\",\"@id\":\"https:\\\/\\\/wobronietradycjiiwiary.com\\\/wojna-na-ukrainie-lub-duchowy-efekt-motyla\\\/#breadcrumb\",\"itemListElement\":[{\"@type\":\"ListItem\",\"position\":1,\"name\":\"Strona g\u0142\u00f3wna\",\"item\":\"https:\\\/\\\/wobronietradycjiiwiary.com\\\/\"},{\"@type\":\"ListItem\",\"position\":2,\"name\":\"Wojna na Ukrainie lub duchowy efekt motyla\"}]},{\"@type\":\"WebSite\",\"@id\":\"https:\\\/\\\/wobronietradycjiiwiary.com\\\/pl\\\/#website\",\"url\":\"https:\\\/\\\/wobronietradycjiiwiary.com\\\/pl\\\/\",\"name\":\"Tradycja i Wiara\",\"description\":\"Portal dla katolik\u00f3w.\",\"publisher\":{\"@id\":\"https:\\\/\\\/wobronietradycjiiwiary.com\\\/pl\\\/#organization\"},\"potentialAction\":[{\"@type\":\"SearchAction\",\"target\":{\"@type\":\"EntryPoint\",\"urlTemplate\":\"https:\\\/\\\/wobronietradycjiiwiary.com\\\/pl\\\/?s={search_term_string}\"},\"query-input\":{\"@type\":\"PropertyValueSpecification\",\"valueRequired\":true,\"valueName\":\"search_term_string\"}}],\"inLanguage\":\"en-US\"},{\"@type\":\"Organization\",\"@id\":\"https:\\\/\\\/wobronietradycjiiwiary.com\\\/pl\\\/#organization\",\"name\":\"Tradycja i Wiara\",\"url\":\"https:\\\/\\\/wobronietradycjiiwiary.com\\\/pl\\\/\",\"logo\":{\"@type\":\"ImageObject\",\"inLanguage\":\"en-US\",\"@id\":\"https:\\\/\\\/wobronietradycjiiwiary.com\\\/pl\\\/#\\\/schema\\\/logo\\\/image\\\/\",\"url\":\"https:\\\/\\\/i0.wp.com\\\/wobronietradycjiiwiary.com\\\/wp-content\\\/uploads\\\/2015\\\/10\\\/cropped-st-peters-dome-vatican.jpg?fit=940%2C198&ssl=1\",\"contentUrl\":\"https:\\\/\\\/i0.wp.com\\\/wobronietradycjiiwiary.com\\\/wp-content\\\/uploads\\\/2015\\\/10\\\/cropped-st-peters-dome-vatican.jpg?fit=940%2C198&ssl=1\",\"width\":940,\"height\":198,\"caption\":\"Tradycja i Wiara\"},\"image\":{\"@id\":\"https:\\\/\\\/wobronietradycjiiwiary.com\\\/pl\\\/#\\\/schema\\\/logo\\\/image\\\/\"},\"sameAs\":[\"https:\\\/\\\/www.facebook.com\\\/Tradycja-i-Wiara-108813920592249\"]},{\"@type\":\"Person\",\"@id\":\"https:\\\/\\\/wobronietradycjiiwiary.com\\\/pl\\\/#\\\/schema\\\/person\\\/2d6180ce6abcb681fef0daab7816e8f3\",\"name\":\"Traditio et Fides\",\"sameAs\":[\"https:\\\/\\\/traditionundglauben.com\"],\"url\":\"https:\\\/\\\/wobronietradycjiiwiary.com\\\/en\\\/author\\\/wobronietradycjiiwiary\\\/\"}]}<\/script>\n<!-- \/ Yoast SEO plugin. -->","yoast_head_json":{"title":"Wojna na Ukrainie lub duchowy efekt motyla - Tradycja i Wiara","robots":{"index":"index","follow":"follow","max-snippet":"max-snippet:-1","max-image-preview":"max-image-preview:large","max-video-preview":"max-video-preview:-1"},"canonical":"https:\/\/wobronietradycjiiwiary.com\/en\/wojna-na-ukrainie-lub-duchowy-efekt-motyla\/","og_locale":"en_US","og_type":"article","og_title":"Wojna na Ukrainie lub duchowy efekt motyla - Tradycja i Wiara","og_description":"O tym, \u017ce grzech Benedykta XVI. wywo\u0142a\u0142 wojn\u0119 na Ukrainie lub duchowa interpretacja efektu motyla.","og_url":"https:\/\/wobronietradycjiiwiary.com\/en\/wojna-na-ukrainie-lub-duchowy-efekt-motyla\/","og_site_name":"Tradycja i Wiara","article_publisher":"https:\/\/www.facebook.com\/Tradycja-i-Wiara-108813920592249","article_published_time":"2022-02-27T11:32:35+00:00","article_modified_time":"2026-05-27T09:33:22+00:00","og_image":[{"width":206,"height":245,"url":"https:\/\/wobronietradycjiiwiary.com\/wp-content\/uploads\/2022\/02\/Download.jpg","type":"image\/jpeg"}],"author":"Traditio et Fides","twitter_card":"summary_large_image","twitter_misc":{"Written by":"Traditio et Fides","Est. reading time":"10 minutes"},"schema":{"@context":"https:\/\/schema.org","@graph":[{"@type":"Article","@id":"https:\/\/wobronietradycjiiwiary.com\/wojna-na-ukrainie-lub-duchowy-efekt-motyla\/#article","isPartOf":{"@id":"https:\/\/wobronietradycjiiwiary.com\/wojna-na-ukrainie-lub-duchowy-efekt-motyla\/"},"author":{"name":"Traditio et Fides","@id":"https:\/\/wobronietradycjiiwiary.com\/pl\/#\/schema\/person\/2d6180ce6abcb681fef0daab7816e8f3"},"headline":"Wojna na Ukrainie lub duchowy efekt motyla","datePublished":"2022-02-27T11:32:35+00:00","dateModified":"2026-05-27T09:33:22+00:00","mainEntityOfPage":{"@id":"https:\/\/wobronietradycjiiwiary.com\/wojna-na-ukrainie-lub-duchowy-efekt-motyla\/"},"wordCount":1852,"commentCount":0,"publisher":{"@id":"https:\/\/wobronietradycjiiwiary.com\/pl\/#organization"},"image":{"@id":"https:\/\/wobronietradycjiiwiary.com\/wojna-na-ukrainie-lub-duchowy-efekt-motyla\/#primaryimage"},"thumbnailUrl":"https:\/\/wobronietradycjiiwiary.com\/wp-content\/uploads\/2022\/02\/Download.jpg","keywords":["Restricted"],"articleSection":["Wojna na Ukrainie","\u015awiat i polityka"],"inLanguage":"en-US","potentialAction":[{"@type":"CommentAction","name":"Comment","target":["https:\/\/wobronietradycjiiwiary.com\/wojna-na-ukrainie-lub-duchowy-efekt-motyla\/#respond"]}]},{"@type":"WebPage","@id":"https:\/\/wobronietradycjiiwiary.com\/wojna-na-ukrainie-lub-duchowy-efekt-motyla\/","url":"https:\/\/wobronietradycjiiwiary.com\/wojna-na-ukrainie-lub-duchowy-efekt-motyla\/","name":"Wojna na Ukrainie lub duchowy efekt motyla - Tradycja i Wiara","isPartOf":{"@id":"https:\/\/wobronietradycjiiwiary.com\/pl\/#website"},"primaryImageOfPage":{"@id":"https:\/\/wobronietradycjiiwiary.com\/wojna-na-ukrainie-lub-duchowy-efekt-motyla\/#primaryimage"},"image":{"@id":"https:\/\/wobronietradycjiiwiary.com\/wojna-na-ukrainie-lub-duchowy-efekt-motyla\/#primaryimage"},"thumbnailUrl":"https:\/\/wobronietradycjiiwiary.com\/wp-content\/uploads\/2022\/02\/Download.jpg","datePublished":"2022-02-27T11:32:35+00:00","dateModified":"2026-05-27T09:33:22+00:00","breadcrumb":{"@id":"https:\/\/wobronietradycjiiwiary.com\/wojna-na-ukrainie-lub-duchowy-efekt-motyla\/#breadcrumb"},"inLanguage":"en-US","potentialAction":[{"@type":"ReadAction","target":["https:\/\/wobronietradycjiiwiary.com\/wojna-na-ukrainie-lub-duchowy-efekt-motyla\/"]}]},{"@type":"ImageObject","inLanguage":"en-US","@id":"https:\/\/wobronietradycjiiwiary.com\/wojna-na-ukrainie-lub-duchowy-efekt-motyla\/#primaryimage","url":"https:\/\/wobronietradycjiiwiary.com\/wp-content\/uploads\/2022\/02\/Download.jpg","contentUrl":"https:\/\/wobronietradycjiiwiary.com\/wp-content\/uploads\/2022\/02\/Download.jpg","width":206,"height":245},{"@type":"BreadcrumbList","@id":"https:\/\/wobronietradycjiiwiary.com\/wojna-na-ukrainie-lub-duchowy-efekt-motyla\/#breadcrumb","itemListElement":[{"@type":"ListItem","position":1,"name":"Strona g\u0142\u00f3wna","item":"https:\/\/wobronietradycjiiwiary.com\/"},{"@type":"ListItem","position":2,"name":"Wojna na Ukrainie lub duchowy efekt motyla"}]},{"@type":"WebSite","@id":"https:\/\/wobronietradycjiiwiary.com\/pl\/#website","url":"https:\/\/wobronietradycjiiwiary.com\/pl\/","name":"Tradycja i Wiara","description":"Portal dla katolik\u00f3w.","publisher":{"@id":"https:\/\/wobronietradycjiiwiary.com\/pl\/#organization"},"potentialAction":[{"@type":"SearchAction","target":{"@type":"EntryPoint","urlTemplate":"https:\/\/wobronietradycjiiwiary.com\/pl\/?s={search_term_string}"},"query-input":{"@type":"PropertyValueSpecification","valueRequired":true,"valueName":"search_term_string"}}],"inLanguage":"en-US"},{"@type":"Organization","@id":"https:\/\/wobronietradycjiiwiary.com\/pl\/#organization","name":"Tradycja i Wiara","url":"https:\/\/wobronietradycjiiwiary.com\/pl\/","logo":{"@type":"ImageObject","inLanguage":"en-US","@id":"https:\/\/wobronietradycjiiwiary.com\/pl\/#\/schema\/logo\/image\/","url":"https:\/\/i0.wp.com\/wobronietradycjiiwiary.com\/wp-content\/uploads\/2015\/10\/cropped-st-peters-dome-vatican.jpg?fit=940%2C198&ssl=1","contentUrl":"https:\/\/i0.wp.com\/wobronietradycjiiwiary.com\/wp-content\/uploads\/2015\/10\/cropped-st-peters-dome-vatican.jpg?fit=940%2C198&ssl=1","width":940,"height":198,"caption":"Tradycja i Wiara"},"image":{"@id":"https:\/\/wobronietradycjiiwiary.com\/pl\/#\/schema\/logo\/image\/"},"sameAs":["https:\/\/www.facebook.com\/Tradycja-i-Wiara-108813920592249"]},{"@type":"Person","@id":"https:\/\/wobronietradycjiiwiary.com\/pl\/#\/schema\/person\/2d6180ce6abcb681fef0daab7816e8f3","name":"Traditio et Fides","sameAs":["https:\/\/traditionundglauben.com"],"url":"https:\/\/wobronietradycjiiwiary.com\/en\/author\/wobronietradycjiiwiary\/"}]}},"jetpack_publicize_connections":[],"jetpack_sharing_enabled":true,"jetpack_likes_enabled":true,"jetpack_shortlink":"https:\/\/wp.me\/pc04Sd-g38","jetpack-related-posts":[{"id":62683,"url":"https:\/\/wobronietradycjiiwiary.com\/en\/wojna-na-ukrainie-lub-gdzie-jest-moja-ksiazeczka-wojskowa-o-wojnie-w-teologii-moralnej\/","url_meta":{"origin":61698,"position":0},"title":"Wojna na Ukrainie lub gdzie jest moja ksi\u0105\u017ceczka wojskowa? O wojnie w teologii moralnej","author":"Traditio et Fides","date":"1 March 2022","format":false,"excerpt":"Klasyczna teologia moralna o wojnie.","rel":"","context":"In &quot;Doktryna&quot;","block_context":{"text":"Doktryna","link":"https:\/\/wobronietradycjiiwiary.com\/en\/category\/doktryna\/"},"img":{"alt_text":"","src":"https:\/\/i0.wp.com\/wobronietradycjiiwiary.com\/wp-content\/uploads\/2022\/03\/00094.jpg?resize=350%2C200&ssl=1","width":350,"height":200},"classes":[]},{"id":64227,"url":"https:\/\/wobronietradycjiiwiary.com\/en\/jesli-destrukcja-jest-celem-samym-w-sobie-zasada-efektywnosci-nie-obowiazuje\/","url_meta":{"origin":61698,"position":1},"title":"Je\u015bli destrukcja jest celem samym w sobie, zasada efektywno\u015bci nie obowi\u0105zuje","author":"Traditio et Fides","date":"15 March 2022","format":false,"excerpt":"O tym, \u017ce destrukcja nie musi by\u0107 efektywna z papie\u017cami Renesansu w tle.","rel":"","context":"In &quot;4. Franciszek&quot;","block_context":{"text":"4. Franciszek","link":"https:\/\/wobronietradycjiiwiary.com\/en\/category\/polemika\/kosciol-posoborowy\/papieze\/papiez-franciszek\/"},"img":{"alt_text":"","src":"https:\/\/i0.wp.com\/wobronietradycjiiwiary.com\/wp-content\/uploads\/2022\/03\/EHJosB4WoAAPPpV.jpg?resize=350%2C200&ssl=1","width":350,"height":200,"srcset":"https:\/\/i0.wp.com\/wobronietradycjiiwiary.com\/wp-content\/uploads\/2022\/03\/EHJosB4WoAAPPpV.jpg?resize=350%2C200&ssl=1 1x, https:\/\/i0.wp.com\/wobronietradycjiiwiary.com\/wp-content\/uploads\/2022\/03\/EHJosB4WoAAPPpV.jpg?resize=525%2C300&ssl=1 1.5x, https:\/\/i0.wp.com\/wobronietradycjiiwiary.com\/wp-content\/uploads\/2022\/03\/EHJosB4WoAAPPpV.jpg?resize=700%2C400&ssl=1 2x, https:\/\/i0.wp.com\/wobronietradycjiiwiary.com\/wp-content\/uploads\/2022\/03\/EHJosB4WoAAPPpV.jpg?resize=1050%2C600&ssl=1 3x"},"classes":[]},{"id":63605,"url":"https:\/\/wobronietradycjiiwiary.com\/en\/tradycjonalisci-wspieraja-rosje-lub-czy-wszyscy-powariowali\/","url_meta":{"origin":61698,"position":2},"title":"Tradycjonali\u015bci wspieraj\u0105 Rosj\u0119 lub czy wszyscy powariowali?","author":"Traditio et Fides","date":"11 March 2022","format":false,"excerpt":"Dlaczego czo\u0142owi tradycjonali\u015bci popieraj\u0105 Rosj\u0119? Bo im chodzenie do FSSPX umys\u0142 za\u0107mi\u0142o.","rel":"","context":"In &quot;Apokaliptyka&quot;","block_context":{"text":"Apokaliptyka","link":"https:\/\/wobronietradycjiiwiary.com\/en\/category\/polemika\/apokaliptyka-2\/"},"img":{"alt_text":"","src":"https:\/\/i0.wp.com\/wobronietradycjiiwiary.com\/wp-content\/uploads\/2022\/03\/dc86a66e9970e5e0cc89997175171de0-medieval-times-medieval-art.jpg?resize=350%2C200&ssl=1","width":350,"height":200},"classes":[]},{"id":60499,"url":"https:\/\/wobronietradycjiiwiary.com\/en\/w-demonologicznym-lesie-przyfrontowym-plusy-ujemne-59-czas-pokoju-i-czas-wojny\/","url_meta":{"origin":61698,"position":3},"title":"W demonologicznym lesie przyfrontowym \u2013 plusy ujemne (59). Czas pokoju i czas wojny","author":"Traditio et Fides","date":"19 January 2022","format":false,"excerpt":"O tym, \u017ce istnieje sprawiedliwa wojna i prawo wojenne.","rel":"","context":"In &quot;W demonologiczym lesie przyfrontowym&quot;","block_context":{"text":"W demonologiczym lesie przyfrontowym","link":"https:\/\/wobronietradycjiiwiary.com\/en\/category\/doktryna\/teologia-dogmatyczna\/demonologia-teologia\/demonologia-praktyczna\/w-demonologiczym-lesie-przyfrontowym\/"},"img":{"alt_text":"","src":"https:\/\/i0.wp.com\/wobronietradycjiiwiary.com\/wp-content\/uploads\/2020\/09\/CCnuzbqW8AAzmWR-e1598950703186.png?resize=350%2C200&ssl=1","width":350,"height":200},"classes":[]},{"id":15398,"url":"https:\/\/wobronietradycjiiwiary.com\/en\/auxilium-christianorum-skutki-uboczne\/","url_meta":{"origin":61698,"position":4},"title":"Auxilium christianorum \u2013 skutki uboczne","author":"Traditio et Fides","date":"6 October 2017","format":false,"excerpt":"Pisz\u0105cy te s\u0142owa w\u0142a\u015bnie wraca ze spowiedzi od ksi\u0119dza, u kt\u00f3rego cz\u0119sto si\u0119 spowiada (nazwanie go sta\u0142ym spowiednikiem by\u0142oby przesad\u0105) oraz po po\u015bwi\u0119ceniu \u015bwieczek (nie \u201ezniczy\u201d) oraz \u015bwiecznik\u00f3w wed\u0142ug Rituale romanum po \u0142acinie. Pozytywne te wydarzenia duchowe by\u0142y okupione uprzednim cierpieniem, gdy\u017c mniej wi\u0119cej trzy godziny przed spowiedzi\u0105 i po\u015bwi\u0119cieniem\u2026","rel":"","context":"In &quot;Auxilium christianorum&quot;","block_context":{"text":"Auxilium christianorum","link":"https:\/\/wobronietradycjiiwiary.com\/en\/category\/duchowosc\/walka-duchowa\/auxilium-christianorum\/"},"img":{"alt_text":"auxilium christianorum 1","src":"https:\/\/wobronietradycjiiwiaryblog.files.wordpress.com\/2017\/10\/auxilium-christianorum-1.jpg?w=350&h=200&crop=1","width":350,"height":200,"srcset":"https:\/\/wobronietradycjiiwiaryblog.files.wordpress.com\/2017\/10\/auxilium-christianorum-1.jpg?w=350&h=200&crop=1 1x, https:\/\/wobronietradycjiiwiaryblog.files.wordpress.com\/2017\/10\/auxilium-christianorum-1.jpg?w=525&h=300&crop=1 1.5x"},"classes":[]},{"id":82449,"url":"https:\/\/wobronietradycjiiwiary.com\/en\/ksiadz-na-wczesniejszej-emeryturze-lub-zona-alkoholika-2\/","url_meta":{"origin":61698,"position":5},"title":"Ksi\u0105dz na wcze\u015bniejszej emeryturze lub \u017cona alkoholika (2)","author":"Traditio et Fides","date":"13 December 2022","format":false,"excerpt":"Podr\u0119cznikowy przyk\u0142ad kap\u0142a\u0144skiej acedii z komentarzem Redakcji.","rel":"","context":"In &quot;Acedia&quot;","block_context":{"text":"Acedia","link":"https:\/\/wobronietradycjiiwiary.com\/en\/category\/doktryna\/teologia-moralna\/acedia\/"},"img":{"alt_text":"","src":"https:\/\/i0.wp.com\/wobronietradycjiiwiary.com\/wp-content\/uploads\/2022\/12\/Acedia.jpg?resize=350%2C200&ssl=1","width":350,"height":200,"srcset":"https:\/\/i0.wp.com\/wobronietradycjiiwiary.com\/wp-content\/uploads\/2022\/12\/Acedia.jpg?resize=350%2C200&ssl=1 1x, https:\/\/i0.wp.com\/wobronietradycjiiwiary.com\/wp-content\/uploads\/2022\/12\/Acedia.jpg?resize=525%2C300&ssl=1 1.5x, https:\/\/i0.wp.com\/wobronietradycjiiwiary.com\/wp-content\/uploads\/2022\/12\/Acedia.jpg?resize=700%2C400&ssl=1 2x, https:\/\/i0.wp.com\/wobronietradycjiiwiary.com\/wp-content\/uploads\/2022\/12\/Acedia.jpg?resize=1050%2C600&ssl=1 3x"},"classes":[]}],"amp_enabled":true,"jetpack_featured_media_url":"https:\/\/wobronietradycjiiwiary.com\/wp-content\/uploads\/2022\/02\/Download.jpg","_links":{"self":[{"href":"https:\/\/wobronietradycjiiwiary.com\/en\/wp-json\/wp\/v2\/posts\/61698","targetHints":{"allow":["GET"]}}],"collection":[{"href":"https:\/\/wobronietradycjiiwiary.com\/en\/wp-json\/wp\/v2\/posts"}],"about":[{"href":"https:\/\/wobronietradycjiiwiary.com\/en\/wp-json\/wp\/v2\/types\/post"}],"author":[{"embeddable":true,"href":"https:\/\/wobronietradycjiiwiary.com\/en\/wp-json\/wp\/v2\/users\/60508433"}],"replies":[{"embeddable":true,"href":"https:\/\/wobronietradycjiiwiary.com\/en\/wp-json\/wp\/v2\/comments?post=61698"}],"version-history":[{"count":23,"href":"https:\/\/wobronietradycjiiwiary.com\/en\/wp-json\/wp\/v2\/posts\/61698\/revisions"}],"predecessor-version":[{"id":61735,"href":"https:\/\/wobronietradycjiiwiary.com\/en\/wp-json\/wp\/v2\/posts\/61698\/revisions\/61735"}],"wp:featuredmedia":[{"embeddable":true,"href":"https:\/\/wobronietradycjiiwiary.com\/en\/wp-json\/wp\/v2\/media\/61711"}],"wp:attachment":[{"href":"https:\/\/wobronietradycjiiwiary.com\/en\/wp-json\/wp\/v2\/media?parent=61698"}],"wp:term":[{"taxonomy":"category","embeddable":true,"href":"https:\/\/wobronietradycjiiwiary.com\/en\/wp-json\/wp\/v2\/categories?post=61698"},{"taxonomy":"post_tag","embeddable":true,"href":"https:\/\/wobronietradycjiiwiary.com\/en\/wp-json\/wp\/v2\/tags?post=61698"}],"curies":[{"name":"wp","href":"https:\/\/api.w.org\/{rel}","templated":true}]}}