{"id":5892,"date":"2015-06-01T08:00:31","date_gmt":"2015-06-01T06:00:31","guid":{"rendered":"https:\/\/wobronietradycjiiwiary.com\/?p=5892"},"modified":"2025-02-07T15:49:44","modified_gmt":"2025-02-07T14:49:44","slug":"jan-tauler-o-p-falszywi-kontemplatycy-kwietysci-xiv-wieku","status":"publish","type":"post","link":"https:\/\/wobronietradycjiiwiary.com\/en\/jan-tauler-o-p-falszywi-kontemplatycy-kwietysci-xiv-wieku\/","title":{"rendered":"Jan Tauler O.P, Fa\u0142szywi kontemplatycy (kwiety\u015bci XIV wieku)"},"content":{"rendered":"<div id=\"bsf_rt_marker\"><\/div><p>S\u0105 i fa\u0142szywi kontemplatycy. (*) Cech\u0105 ich jest to, \u017ce odpoczynek wewn\u0119trzny, kt\u00f3remu si\u0119 oddaj\u0105, uwa\u017caj\u0105 za co\u015b czysto przyrodzonego.&hellip;<\/p>\n<div style=\"text-align: center\">\n<p>&nbsp;<\/p>\n<\/div>\n<h2 style=\"border: 5px solid #0000A0;padding: 1em;text-align: center\"><span style=\"color: #000000\">Pe\u0142en dost\u0119p dla <span style=\"color: #00ccff\"><a style=\"color: #00ccff\" href=\"https:\/\/wobronietradycjiiwiary.com\/en\/subskrypcje-2\/\" target=\"_blank\" rel=\"noopener\">subskrybent\u00f3w<\/a><\/span>.<\/span><br \/>\n<span style=\"color: #3366ff\"><a style=\"color: #3366ff\" href=\"https:\/\/wobronietradycjiiwiary.com\/en\/account\/login\/\" target=\"_blank\" rel=\"noopener\"><span style=\"color: #00ccff\">Zaloguj<\/span><\/a> <\/span>si\u0119 lub przejd\u017a do <a href=\"https:\/\/wobronietradycjiiwiary.com\/en\/register\/\"><span style=\"color: #3366ff\">Rejestracji<\/span><\/a>.<\/h2>\n<div>\n<p style=\"text-align: center\"><a href=\"https:\/\/wobronietradycjiiwiary.com\/en\/subskrypcje-2\/cennik\/\" target=\"_blank\" rel=\"noopener\"><span style=\"color: #000080;font-size: 24pt\"><strong>Nowe ni\u017csze ceny<\/strong><\/span><\/a><\/p>\n<p style=\"text-align: center\"><strong><span style=\"font-size: 18pt;color: #000080\">P\u0142atno\u015b\u0107 kart\u0105<\/span><\/strong><\/p>\n<\/div>\n<h3 style=\"text-align: center\"><a href=\"https:\/\/wobronietradycjiiwiary.com\/en\/subskrypcje-2\/automatyczne\/indywidualne\/\" target=\"_blank\" rel=\"noopener\"><img fetchpriority=\"high\" decoding=\"async\" class=\"alignnone size-medium wp-image-80433\" src=\"https:\/\/wobronietradycjiiwiary.com\/wp-content\/uploads\/2022\/11\/Unbenannt-1-Online-1-300x202.jpg\" alt=\"\" width=\"300\" height=\"202\" srcset=\"https:\/\/wobronietradycjiiwiary.com\/wp-content\/uploads\/2022\/11\/Unbenannt-1-Online-1-300x202.jpg 300w, https:\/\/wobronietradycjiiwiary.com\/wp-content\/uploads\/2022\/11\/Unbenannt-1-Online-1-150x101.jpg 150w, https:\/\/wobronietradycjiiwiary.com\/wp-content\/uploads\/2022\/11\/Unbenannt-1-Online-1-18x12.jpg 18w, https:\/\/wobronietradycjiiwiary.com\/wp-content\/uploads\/2022\/11\/Unbenannt-1-Online-1.jpg 446w\" sizes=\"(max-width: 300px) 100vw, 300px\" \/><\/a><\/h3>\n<p style=\"text-align: center\"><strong><span style=\"font-size: 18pt;color: #000080\">P\u0142atno\u015b\u0107 przelewem<\/span><\/strong><\/p>\n<p><a href=\"https:\/\/wobronietradycjiiwiary.com\/en\/subskrypcje-2\/automatyczne\/indywidualne\/\" target=\"_blank\" rel=\"noopener\"><img decoding=\"async\" class=\"size-medium wp-image-80434 aligncenter\" src=\"https:\/\/wobronietradycjiiwiary.com\/wp-content\/uploads\/2022\/11\/Unbenannt-1-Przelewem-300x137.jpg\" alt=\"\" width=\"300\" height=\"137\" srcset=\"https:\/\/wobronietradycjiiwiary.com\/wp-content\/uploads\/2022\/11\/Unbenannt-1-Przelewem-300x137.jpg 300w, https:\/\/wobronietradycjiiwiary.com\/wp-content\/uploads\/2022\/11\/Unbenannt-1-Przelewem-450x206.jpg 450w, https:\/\/wobronietradycjiiwiary.com\/wp-content\/uploads\/2022\/11\/Unbenannt-1-Przelewem-600x274.jpg 600w, https:\/\/wobronietradycjiiwiary.com\/wp-content\/uploads\/2022\/11\/Unbenannt-1-Przelewem-150x69.jpg 150w, https:\/\/wobronietradycjiiwiary.com\/wp-content\/uploads\/2022\/11\/Unbenannt-1-Przelewem-18x8.jpg 18w, https:\/\/wobronietradycjiiwiary.com\/wp-content\/uploads\/2022\/11\/Unbenannt-1-Przelewem.jpg 676w\" sizes=\"(max-width: 300px) 100vw, 300px\" \/><\/a><\/p>\n<p style=\"text-align: center\"><strong><span style=\"font-size: 18pt;color: #000080\">P\u0142atno\u015b\u0107 kart\u0105 do 6 os\u00f3b<\/span><\/strong><\/p>\n<p><a href=\"https:\/\/wobronietradycjiiwiary.com\/en\/rodzinne\/\" target=\"_blank\" rel=\"noopener\"><img decoding=\"async\" class=\"size-medium wp-image-80435 aligncenter\" src=\"https:\/\/wobronietradycjiiwiary.com\/wp-content\/uploads\/2022\/11\/Unbenannt-1-Rodzinna-300x208.jpg\" alt=\"\" width=\"300\" height=\"208\" srcset=\"https:\/\/wobronietradycjiiwiary.com\/wp-content\/uploads\/2022\/11\/Unbenannt-1-Rodzinna-300x208.jpg 300w, https:\/\/wobronietradycjiiwiary.com\/wp-content\/uploads\/2022\/11\/Unbenannt-1-Rodzinna-150x104.jpg 150w, https:\/\/wobronietradycjiiwiary.com\/wp-content\/uploads\/2022\/11\/Unbenannt-1-Rodzinna-18x12.jpg 18w, https:\/\/wobronietradycjiiwiary.com\/wp-content\/uploads\/2022\/11\/Unbenannt-1-Rodzinna.jpg 448w\" sizes=\"(max-width: 300px) 100vw, 300px\" \/><\/a><\/p>\n<h3 style=\"text-align: center\"><\/h3>\n<h1 style=\"text-align: center\"><\/h1>","protected":false},"excerpt":{"rendered":"<p>S\u0105 i fa\u0142szywi kontemplatycy. (*) Cech\u0105 ich jest to, \u017ce odpoczynek wewn\u0119trzny, kt\u00f3remu si\u0119 oddaj\u0105, uwa\u017caj\u0105 za co\u015b czysto przyrodzonego.&hellip; &nbsp; Pe\u0142en dost\u0119p dla subskrybent\u00f3w. Zaloguj si\u0119 lub przejd\u017a do Rejestracji. Nowe ni\u017csze ceny P\u0142atno\u015b\u0107 kart\u0105 P\u0142atno\u015b\u0107 przelewem P\u0142atno\u015b\u0107 kart\u0105 do 6 os\u00f3b<\/p>","protected":false},"author":60508433,"featured_media":5827,"comment_status":"closed","ping_status":"closed","sticky":false,"template":"","format":"standard","meta":{"_bbp_topic_count":0,"_bbp_reply_count":0,"_bbp_total_topic_count":0,"_bbp_total_reply_count":0,"_bbp_voice_count":0,"_bbp_anonymous_reply_count":0,"_bbp_topic_count_hidden":0,"_bbp_reply_count_hidden":0,"_bbp_forum_subforum_count":0,"_editorskit_title_hidden":false,"_editorskit_reading_time":0,"_editorskit_is_block_options_detached":false,"_editorskit_block_options_position":"{}","_coblocks_attr":"","_coblocks_dimensions":"","_coblocks_responsive_height":"","_coblocks_accordion_ie_support":"","_exactmetrics_skip_tracking":false,"_jetpack_newsletter_access":"","_jetpack_dont_email_post_to_subs":false,"_jetpack_newsletter_tier_id":0,"_jetpack_memberships_contains_paywalled_content":false,"_wpcom_ai_launchpad_first_post":false,"_jetpack_feature_clip_id":0,"_jetpack_memberships_contains_paid_content":false,"footnotes":"","jetpack_publicize_message":"{title}\n\n{excerpt}\n\n{url}","jetpack_publicize_feature_enabled":true,"jetpack_social_post_already_shared":true,"jetpack_social_options":{"image_generator_settings":{"template":"highway","default_image_id":0,"font":"","enabled":false},"version":2},"_wpas_customize_per_network":false,"jetpack_post_was_ever_published":false},"categories":[9676169],"tags":[358931160,610132562,12373417,610132133],"class_list":["post-5892","post","type-post","status-publish","format-standard","has-post-thumbnail","hentry","category-kwietyzm","tag-jan-tauler","tag-premium","tag-pseudomistyka","tag-restricted"],"yoast_head":"<!-- This site is optimized with the Yoast SEO plugin v28.3 - https:\/\/yoast.com\/product\/yoast-seo-wordpress\/ -->\n<title>Jan Tauler O.P, Fa\u0142szywi kontemplatycy (kwiety\u015bci XIV wieku) - Tradycja i Wiara<\/title>\n<meta name=\"description\" content=\"Jan Tauler O.P, Fa\u0142szywi kontemplatycy (kwiety\u015bci XIV wieku) Tauler mistyka kwietyzm Ko\u015bci\u00f3\u0142\" \/>\n<meta name=\"robots\" content=\"index, follow, max-snippet:-1, max-image-preview:large, max-video-preview:-1\" \/>\n<link rel=\"canonical\" href=\"https:\/\/wobronietradycjiiwiary.com\/en\/jan-tauler-o-p-falszywi-kontemplatycy-kwietysci-xiv-wieku\/\" \/>\n<meta property=\"og:locale\" content=\"en_US\" \/>\n<meta property=\"og:type\" content=\"article\" \/>\n<meta property=\"og:title\" content=\"Jan Tauler O.P, Fa\u0142szywi kontemplatycy (kwiety\u015bci XIV wieku) - Tradycja i Wiara\" \/>\n<meta property=\"og:description\" content=\"Jan Tauler O.P, Fa\u0142szywi kontemplatycy (kwiety\u015bci XIV wieku) Tauler mistyka kwietyzm Ko\u015bci\u00f3\u0142\" \/>\n<meta property=\"og:url\" content=\"https:\/\/wobronietradycjiiwiary.com\/en\/jan-tauler-o-p-falszywi-kontemplatycy-kwietysci-xiv-wieku\/\" \/>\n<meta property=\"og:site_name\" content=\"Tradycja i Wiara\" \/>\n<meta property=\"article:publisher\" content=\"https:\/\/www.facebook.com\/Tradycja-i-Wiara-108813920592249\" \/>\n<meta property=\"article:published_time\" content=\"2015-06-01T06:00:31+00:00\" \/>\n<meta property=\"article:modified_time\" content=\"2025-02-07T14:49:44+00:00\" \/>\n<meta property=\"og:image\" content=\"https:\/\/wobronietradycjiiwiary.com\/wp-content\/uploads\/2015\/05\/el_greco_the_vision_of_saint_john_1608-1614.jpg\" \/>\n\t<meta property=\"og:image:width\" content=\"1777\" \/>\n\t<meta property=\"og:image:height\" content=\"2000\" \/>\n\t<meta property=\"og:image:type\" content=\"image\/jpeg\" \/>\n<meta name=\"author\" content=\"Traditio et Fides\" \/>\n<meta name=\"twitter:card\" content=\"summary_large_image\" \/>\n<meta name=\"twitter:label1\" content=\"Written by\" \/>\n\t<meta name=\"twitter:data1\" content=\"Traditio et Fides\" \/>\n\t<meta name=\"twitter:label2\" content=\"Est. reading time\" \/>\n\t<meta name=\"twitter:data2\" content=\"1 minute\" \/>\n<script type=\"application\/ld+json\" class=\"yoast-schema-graph\">{\"@context\":\"https:\\\/\\\/schema.org\",\"@graph\":[{\"@type\":\"Article\",\"@id\":\"https:\\\/\\\/wobronietradycjiiwiary.com\\\/jan-tauler-o-p-falszywi-kontemplatycy-kwietysci-xiv-wieku\\\/#article\",\"isPartOf\":{\"@id\":\"https:\\\/\\\/wobronietradycjiiwiary.com\\\/jan-tauler-o-p-falszywi-kontemplatycy-kwietysci-xiv-wieku\\\/\"},\"author\":{\"name\":\"Traditio et Fides\",\"@id\":\"https:\\\/\\\/wobronietradycjiiwiary.com\\\/pl\\\/#\\\/schema\\\/person\\\/2d6180ce6abcb681fef0daab7816e8f3\"},\"headline\":\"Jan Tauler O.P, Fa\u0142szywi kontemplatycy (kwiety\u015bci XIV wieku)\",\"datePublished\":\"2015-06-01T06:00:31+00:00\",\"dateModified\":\"2025-02-07T14:49:44+00:00\",\"mainEntityOfPage\":{\"@id\":\"https:\\\/\\\/wobronietradycjiiwiary.com\\\/jan-tauler-o-p-falszywi-kontemplatycy-kwietysci-xiv-wieku\\\/\"},\"wordCount\":292,\"publisher\":{\"@id\":\"https:\\\/\\\/wobronietradycjiiwiary.com\\\/pl\\\/#organization\"},\"image\":{\"@id\":\"https:\\\/\\\/wobronietradycjiiwiary.com\\\/jan-tauler-o-p-falszywi-kontemplatycy-kwietysci-xiv-wieku\\\/#primaryimage\"},\"thumbnailUrl\":\"https:\\\/\\\/wobronietradycjiiwiary.com\\\/wp-content\\\/uploads\\\/2015\\\/05\\\/el_greco_the_vision_of_saint_john_1608-1614-scaled.jpg\",\"keywords\":[\"Jan Tauler\",\"Premium\",\"Pseudomistyka\",\"Restricted\"],\"articleSection\":[\"Kwietyzm\"],\"inLanguage\":\"en-US\"},{\"@type\":\"WebPage\",\"@id\":\"https:\\\/\\\/wobronietradycjiiwiary.com\\\/jan-tauler-o-p-falszywi-kontemplatycy-kwietysci-xiv-wieku\\\/\",\"url\":\"https:\\\/\\\/wobronietradycjiiwiary.com\\\/jan-tauler-o-p-falszywi-kontemplatycy-kwietysci-xiv-wieku\\\/\",\"name\":\"Jan Tauler O.P, Fa\u0142szywi kontemplatycy (kwiety\u015bci XIV wieku) - Tradycja i Wiara\",\"isPartOf\":{\"@id\":\"https:\\\/\\\/wobronietradycjiiwiary.com\\\/pl\\\/#website\"},\"primaryImageOfPage\":{\"@id\":\"https:\\\/\\\/wobronietradycjiiwiary.com\\\/jan-tauler-o-p-falszywi-kontemplatycy-kwietysci-xiv-wieku\\\/#primaryimage\"},\"image\":{\"@id\":\"https:\\\/\\\/wobronietradycjiiwiary.com\\\/jan-tauler-o-p-falszywi-kontemplatycy-kwietysci-xiv-wieku\\\/#primaryimage\"},\"thumbnailUrl\":\"https:\\\/\\\/wobronietradycjiiwiary.com\\\/wp-content\\\/uploads\\\/2015\\\/05\\\/el_greco_the_vision_of_saint_john_1608-1614-scaled.jpg\",\"datePublished\":\"2015-06-01T06:00:31+00:00\",\"dateModified\":\"2025-02-07T14:49:44+00:00\",\"description\":\"Jan Tauler O.P, Fa\u0142szywi kontemplatycy (kwiety\u015bci XIV wieku) Tauler mistyka kwietyzm Ko\u015bci\u00f3\u0142\",\"breadcrumb\":{\"@id\":\"https:\\\/\\\/wobronietradycjiiwiary.com\\\/jan-tauler-o-p-falszywi-kontemplatycy-kwietysci-xiv-wieku\\\/#breadcrumb\"},\"inLanguage\":\"en-US\",\"potentialAction\":[{\"@type\":\"ReadAction\",\"target\":[\"https:\\\/\\\/wobronietradycjiiwiary.com\\\/jan-tauler-o-p-falszywi-kontemplatycy-kwietysci-xiv-wieku\\\/\"]}]},{\"@type\":\"ImageObject\",\"inLanguage\":\"en-US\",\"@id\":\"https:\\\/\\\/wobronietradycjiiwiary.com\\\/jan-tauler-o-p-falszywi-kontemplatycy-kwietysci-xiv-wieku\\\/#primaryimage\",\"url\":\"https:\\\/\\\/wobronietradycjiiwiary.com\\\/wp-content\\\/uploads\\\/2015\\\/05\\\/el_greco_the_vision_of_saint_john_1608-1614-scaled.jpg\",\"contentUrl\":\"https:\\\/\\\/wobronietradycjiiwiary.com\\\/wp-content\\\/uploads\\\/2015\\\/05\\\/el_greco_the_vision_of_saint_john_1608-1614-scaled.jpg\",\"width\":1706,\"height\":1920},{\"@type\":\"BreadcrumbList\",\"@id\":\"https:\\\/\\\/wobronietradycjiiwiary.com\\\/jan-tauler-o-p-falszywi-kontemplatycy-kwietysci-xiv-wieku\\\/#breadcrumb\",\"itemListElement\":[{\"@type\":\"ListItem\",\"position\":1,\"name\":\"Strona g\u0142\u00f3wna\",\"item\":\"https:\\\/\\\/wobronietradycjiiwiary.com\\\/\"},{\"@type\":\"ListItem\",\"position\":2,\"name\":\"Jan Tauler O.P, Fa\u0142szywi kontemplatycy (kwiety\u015bci XIV wieku)\"}]},{\"@type\":\"WebSite\",\"@id\":\"https:\\\/\\\/wobronietradycjiiwiary.com\\\/pl\\\/#website\",\"url\":\"https:\\\/\\\/wobronietradycjiiwiary.com\\\/pl\\\/\",\"name\":\"Tradycja i Wiara\",\"description\":\"Portal dla katolik\u00f3w.\",\"publisher\":{\"@id\":\"https:\\\/\\\/wobronietradycjiiwiary.com\\\/pl\\\/#organization\"},\"potentialAction\":[{\"@type\":\"SearchAction\",\"target\":{\"@type\":\"EntryPoint\",\"urlTemplate\":\"https:\\\/\\\/wobronietradycjiiwiary.com\\\/pl\\\/?s={search_term_string}\"},\"query-input\":{\"@type\":\"PropertyValueSpecification\",\"valueRequired\":true,\"valueName\":\"search_term_string\"}}],\"inLanguage\":\"en-US\"},{\"@type\":\"Organization\",\"@id\":\"https:\\\/\\\/wobronietradycjiiwiary.com\\\/pl\\\/#organization\",\"name\":\"Tradycja i Wiara\",\"url\":\"https:\\\/\\\/wobronietradycjiiwiary.com\\\/pl\\\/\",\"logo\":{\"@type\":\"ImageObject\",\"inLanguage\":\"en-US\",\"@id\":\"https:\\\/\\\/wobronietradycjiiwiary.com\\\/pl\\\/#\\\/schema\\\/logo\\\/image\\\/\",\"url\":\"https:\\\/\\\/i0.wp.com\\\/wobronietradycjiiwiary.com\\\/wp-content\\\/uploads\\\/2015\\\/10\\\/cropped-st-peters-dome-vatican.jpg?fit=940%2C198&ssl=1\",\"contentUrl\":\"https:\\\/\\\/i0.wp.com\\\/wobronietradycjiiwiary.com\\\/wp-content\\\/uploads\\\/2015\\\/10\\\/cropped-st-peters-dome-vatican.jpg?fit=940%2C198&ssl=1\",\"width\":940,\"height\":198,\"caption\":\"Tradycja i Wiara\"},\"image\":{\"@id\":\"https:\\\/\\\/wobronietradycjiiwiary.com\\\/pl\\\/#\\\/schema\\\/logo\\\/image\\\/\"},\"sameAs\":[\"https:\\\/\\\/www.facebook.com\\\/Tradycja-i-Wiara-108813920592249\"]},{\"@type\":\"Person\",\"@id\":\"https:\\\/\\\/wobronietradycjiiwiary.com\\\/pl\\\/#\\\/schema\\\/person\\\/2d6180ce6abcb681fef0daab7816e8f3\",\"name\":\"Traditio et Fides\",\"sameAs\":[\"https:\\\/\\\/traditionundglauben.com\"],\"url\":\"https:\\\/\\\/wobronietradycjiiwiary.com\\\/en\\\/author\\\/wobronietradycjiiwiary\\\/\"}]}<\/script>\n<!-- \/ Yoast SEO plugin. -->","yoast_head_json":{"title":"Jan Tauler O.P, Fa\u0142szywi kontemplatycy (kwiety\u015bci XIV wieku) - Tradycja i Wiara","description":"Jan Tauler O.P, Fa\u0142szywi kontemplatycy (kwiety\u015bci XIV wieku) Tauler mistyka kwietyzm Ko\u015bci\u00f3\u0142","robots":{"index":"index","follow":"follow","max-snippet":"max-snippet:-1","max-image-preview":"max-image-preview:large","max-video-preview":"max-video-preview:-1"},"canonical":"https:\/\/wobronietradycjiiwiary.com\/en\/jan-tauler-o-p-falszywi-kontemplatycy-kwietysci-xiv-wieku\/","og_locale":"en_US","og_type":"article","og_title":"Jan Tauler O.P, Fa\u0142szywi kontemplatycy (kwiety\u015bci XIV wieku) - Tradycja i Wiara","og_description":"Jan Tauler O.P, Fa\u0142szywi kontemplatycy (kwiety\u015bci XIV wieku) Tauler mistyka kwietyzm Ko\u015bci\u00f3\u0142","og_url":"https:\/\/wobronietradycjiiwiary.com\/en\/jan-tauler-o-p-falszywi-kontemplatycy-kwietysci-xiv-wieku\/","og_site_name":"Tradycja i Wiara","article_publisher":"https:\/\/www.facebook.com\/Tradycja-i-Wiara-108813920592249","article_published_time":"2015-06-01T06:00:31+00:00","article_modified_time":"2025-02-07T14:49:44+00:00","og_image":[{"width":1777,"height":2000,"url":"https:\/\/wobronietradycjiiwiary.com\/wp-content\/uploads\/2015\/05\/el_greco_the_vision_of_saint_john_1608-1614.jpg","type":"image\/jpeg"}],"author":"Traditio et Fides","twitter_card":"summary_large_image","twitter_misc":{"Written by":"Traditio et Fides","Est. reading time":"1 minute"},"schema":{"@context":"https:\/\/schema.org","@graph":[{"@type":"Article","@id":"https:\/\/wobronietradycjiiwiary.com\/jan-tauler-o-p-falszywi-kontemplatycy-kwietysci-xiv-wieku\/#article","isPartOf":{"@id":"https:\/\/wobronietradycjiiwiary.com\/jan-tauler-o-p-falszywi-kontemplatycy-kwietysci-xiv-wieku\/"},"author":{"name":"Traditio et Fides","@id":"https:\/\/wobronietradycjiiwiary.com\/pl\/#\/schema\/person\/2d6180ce6abcb681fef0daab7816e8f3"},"headline":"Jan Tauler O.P, Fa\u0142szywi kontemplatycy (kwiety\u015bci XIV wieku)","datePublished":"2015-06-01T06:00:31+00:00","dateModified":"2025-02-07T14:49:44+00:00","mainEntityOfPage":{"@id":"https:\/\/wobronietradycjiiwiary.com\/jan-tauler-o-p-falszywi-kontemplatycy-kwietysci-xiv-wieku\/"},"wordCount":292,"publisher":{"@id":"https:\/\/wobronietradycjiiwiary.com\/pl\/#organization"},"image":{"@id":"https:\/\/wobronietradycjiiwiary.com\/jan-tauler-o-p-falszywi-kontemplatycy-kwietysci-xiv-wieku\/#primaryimage"},"thumbnailUrl":"https:\/\/wobronietradycjiiwiary.com\/wp-content\/uploads\/2015\/05\/el_greco_the_vision_of_saint_john_1608-1614-scaled.jpg","keywords":["Jan Tauler","Premium","Pseudomistyka","Restricted"],"articleSection":["Kwietyzm"],"inLanguage":"en-US"},{"@type":"WebPage","@id":"https:\/\/wobronietradycjiiwiary.com\/jan-tauler-o-p-falszywi-kontemplatycy-kwietysci-xiv-wieku\/","url":"https:\/\/wobronietradycjiiwiary.com\/jan-tauler-o-p-falszywi-kontemplatycy-kwietysci-xiv-wieku\/","name":"Jan Tauler O.P, Fa\u0142szywi kontemplatycy (kwiety\u015bci XIV wieku) - Tradycja i Wiara","isPartOf":{"@id":"https:\/\/wobronietradycjiiwiary.com\/pl\/#website"},"primaryImageOfPage":{"@id":"https:\/\/wobronietradycjiiwiary.com\/jan-tauler-o-p-falszywi-kontemplatycy-kwietysci-xiv-wieku\/#primaryimage"},"image":{"@id":"https:\/\/wobronietradycjiiwiary.com\/jan-tauler-o-p-falszywi-kontemplatycy-kwietysci-xiv-wieku\/#primaryimage"},"thumbnailUrl":"https:\/\/wobronietradycjiiwiary.com\/wp-content\/uploads\/2015\/05\/el_greco_the_vision_of_saint_john_1608-1614-scaled.jpg","datePublished":"2015-06-01T06:00:31+00:00","dateModified":"2025-02-07T14:49:44+00:00","description":"Jan Tauler O.P, Fa\u0142szywi kontemplatycy (kwiety\u015bci XIV wieku) Tauler mistyka kwietyzm Ko\u015bci\u00f3\u0142","breadcrumb":{"@id":"https:\/\/wobronietradycjiiwiary.com\/jan-tauler-o-p-falszywi-kontemplatycy-kwietysci-xiv-wieku\/#breadcrumb"},"inLanguage":"en-US","potentialAction":[{"@type":"ReadAction","target":["https:\/\/wobronietradycjiiwiary.com\/jan-tauler-o-p-falszywi-kontemplatycy-kwietysci-xiv-wieku\/"]}]},{"@type":"ImageObject","inLanguage":"en-US","@id":"https:\/\/wobronietradycjiiwiary.com\/jan-tauler-o-p-falszywi-kontemplatycy-kwietysci-xiv-wieku\/#primaryimage","url":"https:\/\/wobronietradycjiiwiary.com\/wp-content\/uploads\/2015\/05\/el_greco_the_vision_of_saint_john_1608-1614-scaled.jpg","contentUrl":"https:\/\/wobronietradycjiiwiary.com\/wp-content\/uploads\/2015\/05\/el_greco_the_vision_of_saint_john_1608-1614-scaled.jpg","width":1706,"height":1920},{"@type":"BreadcrumbList","@id":"https:\/\/wobronietradycjiiwiary.com\/jan-tauler-o-p-falszywi-kontemplatycy-kwietysci-xiv-wieku\/#breadcrumb","itemListElement":[{"@type":"ListItem","position":1,"name":"Strona g\u0142\u00f3wna","item":"https:\/\/wobronietradycjiiwiary.com\/"},{"@type":"ListItem","position":2,"name":"Jan Tauler O.P, Fa\u0142szywi kontemplatycy (kwiety\u015bci XIV wieku)"}]},{"@type":"WebSite","@id":"https:\/\/wobronietradycjiiwiary.com\/pl\/#website","url":"https:\/\/wobronietradycjiiwiary.com\/pl\/","name":"Tradycja i Wiara","description":"Portal dla katolik\u00f3w.","publisher":{"@id":"https:\/\/wobronietradycjiiwiary.com\/pl\/#organization"},"potentialAction":[{"@type":"SearchAction","target":{"@type":"EntryPoint","urlTemplate":"https:\/\/wobronietradycjiiwiary.com\/pl\/?s={search_term_string}"},"query-input":{"@type":"PropertyValueSpecification","valueRequired":true,"valueName":"search_term_string"}}],"inLanguage":"en-US"},{"@type":"Organization","@id":"https:\/\/wobronietradycjiiwiary.com\/pl\/#organization","name":"Tradycja i Wiara","url":"https:\/\/wobronietradycjiiwiary.com\/pl\/","logo":{"@type":"ImageObject","inLanguage":"en-US","@id":"https:\/\/wobronietradycjiiwiary.com\/pl\/#\/schema\/logo\/image\/","url":"https:\/\/i0.wp.com\/wobronietradycjiiwiary.com\/wp-content\/uploads\/2015\/10\/cropped-st-peters-dome-vatican.jpg?fit=940%2C198&ssl=1","contentUrl":"https:\/\/i0.wp.com\/wobronietradycjiiwiary.com\/wp-content\/uploads\/2015\/10\/cropped-st-peters-dome-vatican.jpg?fit=940%2C198&ssl=1","width":940,"height":198,"caption":"Tradycja i Wiara"},"image":{"@id":"https:\/\/wobronietradycjiiwiary.com\/pl\/#\/schema\/logo\/image\/"},"sameAs":["https:\/\/www.facebook.com\/Tradycja-i-Wiara-108813920592249"]},{"@type":"Person","@id":"https:\/\/wobronietradycjiiwiary.com\/pl\/#\/schema\/person\/2d6180ce6abcb681fef0daab7816e8f3","name":"Traditio et Fides","sameAs":["https:\/\/traditionundglauben.com"],"url":"https:\/\/wobronietradycjiiwiary.com\/en\/author\/wobronietradycjiiwiary\/"}]}},"jetpack_publicize_connections":[],"jetpack_sharing_enabled":true,"jetpack_likes_enabled":true,"jetpack_shortlink":"https:\/\/wp.me\/pc04Sd-1x2","jetpack-related-posts":[{"id":106953,"url":"https:\/\/wobronietradycjiiwiary.com\/en\/choroba-i-nadrabianie-zaleglosci\/","url_meta":{"origin":5892,"position":0},"title":"Choroba, stan Ko\u015bcio\u0142a i nadrabianie zaleg\u0142o\u015bci","author":"Traditio et Fides","date":"13 November 2023","format":false,"excerpt":"O w\u0142asnej chorobie na tle choroby Ko\u015bcio\u0142a.","rel":"","context":"In &quot;Uwagi administracji&quot;","block_context":{"text":"Uwagi administracji","link":"https:\/\/wobronietradycjiiwiary.com\/en\/category\/duchowosc\/uwagi-administracji\/"},"img":{"alt_text":"","src":"https:\/\/i0.wp.com\/wobronietradycjiiwiary.com\/wp-content\/uploads\/2023\/11\/lastjudg.jpg?resize=350%2C200&ssl=1","width":350,"height":200,"srcset":"https:\/\/i0.wp.com\/wobronietradycjiiwiary.com\/wp-content\/uploads\/2023\/11\/lastjudg.jpg?resize=350%2C200&ssl=1 1x, https:\/\/i0.wp.com\/wobronietradycjiiwiary.com\/wp-content\/uploads\/2023\/11\/lastjudg.jpg?resize=525%2C300&ssl=1 1.5x, https:\/\/i0.wp.com\/wobronietradycjiiwiary.com\/wp-content\/uploads\/2023\/11\/lastjudg.jpg?resize=700%2C400&ssl=1 2x, https:\/\/i0.wp.com\/wobronietradycjiiwiary.com\/wp-content\/uploads\/2023\/11\/lastjudg.jpg?resize=1050%2C600&ssl=1 3x"},"classes":[]},{"id":47924,"url":"https:\/\/wobronietradycjiiwiary.com\/en\/poulain-sj-v-proby-zsylane-przez-boga-kontemplatykom-rozdzial-xxvii-o-kwietyzmie-107-wypowiedzi-kwietystow-i-innych-%c2%a7-5-o-oczekiwaniu-poruszenia-bozego\/","url_meta":{"origin":5892,"position":1},"title":"Poulain SJ: V. Pr\u00f3by zsy\u0142ane przez Boga kontemplatykom. Rozdzia\u0142 XXVII. O kwietyzmie (107). Wypowiedzi kwietyst\u00f3w i innych. \u00a7 5. O oczekiwaniu poruszenia Bo\u017cego","author":"Prospector Veritatis","date":"24 September 2021","format":false,"excerpt":"Im dalej b\u0119dziesz post\u0119powa\u0142 w drodze do doskona\u0142o\u015bci, tym wyra\u017aniej b\u0119dziesz widzia\u0142 prawdziwy obraz samego siebie, swoj\u0105 grzeszno\u015b\u0107 oraz niezmierzon\u0105 mi\u0142o\u015b\u0107, jak\u0105 ma B\u00f3g do ciebie. Co na to odpowiesz? Jak szczerze kochasz Boga to zaczniesz Mu s\u0142u\u017cy\u0107 z jeszcze wi\u0119ksz\u0105 gorliwo\u015bci\u0105 i wdzi\u0119czno\u015bci\u0105, a za swoje grzechy b\u0119dziesz pokutowa\u0142.\u2026","rel":"","context":"In &quot;Autorzy \u017cycia duchowego&quot;","block_context":{"text":"Autorzy \u017cycia duchowego","link":"https:\/\/wobronietradycjiiwiary.com\/en\/category\/duchowosc\/autorzy\/"},"img":{"alt_text":"","src":"https:\/\/i0.wp.com\/wobronietradycjiiwiary.com\/wp-content\/uploads\/2019\/10\/peter-paul-rubens-die-wunder-des-hl-ignatius-von-loyola.jpg?resize=350%2C200&ssl=1","width":350,"height":200,"srcset":"https:\/\/i0.wp.com\/wobronietradycjiiwiary.com\/wp-content\/uploads\/2019\/10\/peter-paul-rubens-die-wunder-des-hl-ignatius-von-loyola.jpg?resize=350%2C200&ssl=1 1x, https:\/\/i0.wp.com\/wobronietradycjiiwiary.com\/wp-content\/uploads\/2019\/10\/peter-paul-rubens-die-wunder-des-hl-ignatius-von-loyola.jpg?resize=525%2C300&ssl=1 1.5x, https:\/\/i0.wp.com\/wobronietradycjiiwiary.com\/wp-content\/uploads\/2019\/10\/peter-paul-rubens-die-wunder-des-hl-ignatius-von-loyola.jpg?resize=700%2C400&ssl=1 2x, https:\/\/i0.wp.com\/wobronietradycjiiwiary.com\/wp-content\/uploads\/2019\/10\/peter-paul-rubens-die-wunder-des-hl-ignatius-von-loyola.jpg?resize=1050%2C600&ssl=1 3x"},"classes":[]},{"id":113112,"url":"https:\/\/wobronietradycjiiwiary.com\/en\/nic-smiesznego-lub-moje-zycie\/","url_meta":{"origin":5892,"position":2},"title":"&#8220;Nic \u015bmiesznego&#8221; lub moje \u017cycie","author":"Traditio et Fides","date":"22 February 2024","format":false,"excerpt":"O filmie \"Nic \u015bmiesznego\", scenie z budk\u0105 telefoniczn\u0105 i walce duchowej.","rel":"","context":"In &quot;Demonologia praktyczna&quot;","block_context":{"text":"Demonologia praktyczna","link":"https:\/\/wobronietradycjiiwiary.com\/en\/category\/doktryna\/teologia-dogmatyczna\/demonologia-teologia\/demonologia-praktyczna\/"},"img":{"alt_text":"","src":"https:\/\/i0.wp.com\/wobronietradycjiiwiary.com\/wp-content\/uploads\/2024\/02\/72cad88402d73d698f5ffdcd66eb6dee.jpg?resize=350%2C200&ssl=1","width":350,"height":200,"srcset":"https:\/\/i0.wp.com\/wobronietradycjiiwiary.com\/wp-content\/uploads\/2024\/02\/72cad88402d73d698f5ffdcd66eb6dee.jpg?resize=350%2C200&ssl=1 1x, https:\/\/i0.wp.com\/wobronietradycjiiwiary.com\/wp-content\/uploads\/2024\/02\/72cad88402d73d698f5ffdcd66eb6dee.jpg?resize=525%2C300&ssl=1 1.5x"},"classes":[]},{"id":102361,"url":"https:\/\/wobronietradycjiiwiary.com\/en\/oni-planuja-to-naprawde-lub-uwagi-o-kanonizacji\/","url_meta":{"origin":5892,"position":3},"title":"&#8220;Oni planuj\u0105 to naprawd\u0119&#8221; lub uwagi o kanonizacji","author":"Traditio et Fides","date":"12 September 2023","format":false,"excerpt":"O tym, \u017ce posoborowe kanonizacje zniech\u0119caj\u0105 do heroizmu i fa\u0142szuj\u0105 obraz \u015bwi\u0119to\u015bci.","rel":"","context":"In &quot;Doktryna&quot;","block_context":{"text":"Doktryna","link":"https:\/\/wobronietradycjiiwiary.com\/en\/category\/doktryna\/"},"img":{"alt_text":"","src":"https:\/\/i0.wp.com\/wobronietradycjiiwiary.com\/wp-content\/uploads\/2023\/09\/die-neun-auftrage-von-engeln-in-der-mitte-gott-der-vater-christus-und-der-jungfrau-maria-ein-ausserer-kreis-der-ersten-hierarchie-18-engel-cherubin-seraphin-und-throne-unten-die-zweit.jpg?resize=350%2C200&ssl=1","width":350,"height":200,"srcset":"https:\/\/i0.wp.com\/wobronietradycjiiwiary.com\/wp-content\/uploads\/2023\/09\/die-neun-auftrage-von-engeln-in-der-mitte-gott-der-vater-christus-und-der-jungfrau-maria-ein-ausserer-kreis-der-ersten-hierarchie-18-engel-cherubin-seraphin-und-throne-unten-die-zweit.jpg?resize=350%2C200&ssl=1 1x, https:\/\/i0.wp.com\/wobronietradycjiiwiary.com\/wp-content\/uploads\/2023\/09\/die-neun-auftrage-von-engeln-in-der-mitte-gott-der-vater-christus-und-der-jungfrau-maria-ein-ausserer-kreis-der-ersten-hierarchie-18-engel-cherubin-seraphin-und-throne-unten-die-zweit.jpg?resize=525%2C300&ssl=1 1.5x, https:\/\/i0.wp.com\/wobronietradycjiiwiary.com\/wp-content\/uploads\/2023\/09\/die-neun-auftrage-von-engeln-in-der-mitte-gott-der-vater-christus-und-der-jungfrau-maria-ein-ausserer-kreis-der-ersten-hierarchie-18-engel-cherubin-seraphin-und-throne-unten-die-zweit.jpg?resize=700%2C400&ssl=1 2x"},"classes":[]},{"id":166888,"url":"https:\/\/wobronietradycjiiwiary.com\/en\/o-malzenstwie-lub-nigdy-nie-bylem-wystarczajaco-dobry\/","url_meta":{"origin":5892,"position":4},"title":"O ma\u0142\u017ce\u0144stwie lub &#8220;nigdy nie by\u0142em wystarczaj\u0105co dobry&#8221;.","author":"Traditio et Fides","date":"16 June 2026","format":false,"excerpt":"Rozwa\u017cania o randkowaniu, Tinderze, ma\u0142\u017ce\u0144stwie i wsp\u00f3\u0142czesnych kobietach.","rel":"","context":"In &quot;Doktryna&quot;","block_context":{"text":"Doktryna","link":"https:\/\/wobronietradycjiiwiary.com\/en\/category\/doktryna\/"},"img":{"alt_text":"","src":"https:\/\/i0.wp.com\/wobronietradycjiiwiary.com\/wp-content\/uploads\/2026\/06\/b4e308c9-6b26-44d3-9b78-d9dfee568b71_w1044_r1.5_fpx63_fpy14.webp?resize=350%2C200&ssl=1","width":350,"height":200,"srcset":"https:\/\/i0.wp.com\/wobronietradycjiiwiary.com\/wp-content\/uploads\/2026\/06\/b4e308c9-6b26-44d3-9b78-d9dfee568b71_w1044_r1.5_fpx63_fpy14.webp?resize=350%2C200&ssl=1 1x, https:\/\/i0.wp.com\/wobronietradycjiiwiary.com\/wp-content\/uploads\/2026\/06\/b4e308c9-6b26-44d3-9b78-d9dfee568b71_w1044_r1.5_fpx63_fpy14.webp?resize=525%2C300&ssl=1 1.5x, https:\/\/i0.wp.com\/wobronietradycjiiwiary.com\/wp-content\/uploads\/2026\/06\/b4e308c9-6b26-44d3-9b78-d9dfee568b71_w1044_r1.5_fpx63_fpy14.webp?resize=700%2C400&ssl=1 2x"},"classes":[]},{"id":116663,"url":"https:\/\/wobronietradycjiiwiary.com\/en\/krzyz-wpisany-w-rzeczywistosc-lub-kto-sie-zbawi\/","url_meta":{"origin":5892,"position":5},"title":"Krzy\u017c wpisany w rzeczywisto\u015b\u0107 lub kto si\u0119 zbawi?","author":"Traditio et Fides","date":"3 May 2024","format":false,"excerpt":"O krzy\u017cu w naszym \u017cyciu, predestynacji i reprobacji oraz m\u0119skich pracach.","rel":"","context":"In &quot;M\u0119\u017cczyzna katolicki&quot;","block_context":{"text":"M\u0119\u017cczyzna katolicki","link":"https:\/\/wobronietradycjiiwiary.com\/en\/category\/mezczyzna-katolicki\/"},"img":{"alt_text":"","src":"https:\/\/i0.wp.com\/wobronietradycjiiwiary.com\/wp-content\/uploads\/2024\/05\/EXDTWGIWAAEiOS5.jpg?resize=350%2C200&ssl=1","width":350,"height":200,"srcset":"https:\/\/i0.wp.com\/wobronietradycjiiwiary.com\/wp-content\/uploads\/2024\/05\/EXDTWGIWAAEiOS5.jpg?resize=350%2C200&ssl=1 1x, https:\/\/i0.wp.com\/wobronietradycjiiwiary.com\/wp-content\/uploads\/2024\/05\/EXDTWGIWAAEiOS5.jpg?resize=525%2C300&ssl=1 1.5x"},"classes":[]}],"amp_enabled":true,"jetpack_featured_media_url":"https:\/\/wobronietradycjiiwiary.com\/wp-content\/uploads\/2015\/05\/el_greco_the_vision_of_saint_john_1608-1614-scaled.jpg","_links":{"self":[{"href":"https:\/\/wobronietradycjiiwiary.com\/en\/wp-json\/wp\/v2\/posts\/5892","targetHints":{"allow":["GET"]}}],"collection":[{"href":"https:\/\/wobronietradycjiiwiary.com\/en\/wp-json\/wp\/v2\/posts"}],"about":[{"href":"https:\/\/wobronietradycjiiwiary.com\/en\/wp-json\/wp\/v2\/types\/post"}],"author":[{"embeddable":true,"href":"https:\/\/wobronietradycjiiwiary.com\/en\/wp-json\/wp\/v2\/users\/60508433"}],"replies":[{"embeddable":true,"href":"https:\/\/wobronietradycjiiwiary.com\/en\/wp-json\/wp\/v2\/comments?post=5892"}],"version-history":[{"count":1,"href":"https:\/\/wobronietradycjiiwiary.com\/en\/wp-json\/wp\/v2\/posts\/5892\/revisions"}],"predecessor-version":[{"id":57454,"href":"https:\/\/wobronietradycjiiwiary.com\/en\/wp-json\/wp\/v2\/posts\/5892\/revisions\/57454"}],"wp:featuredmedia":[{"embeddable":true,"href":"https:\/\/wobronietradycjiiwiary.com\/en\/wp-json\/wp\/v2\/media\/5827"}],"wp:attachment":[{"href":"https:\/\/wobronietradycjiiwiary.com\/en\/wp-json\/wp\/v2\/media?parent=5892"}],"wp:term":[{"taxonomy":"category","embeddable":true,"href":"https:\/\/wobronietradycjiiwiary.com\/en\/wp-json\/wp\/v2\/categories?post=5892"},{"taxonomy":"post_tag","embeddable":true,"href":"https:\/\/wobronietradycjiiwiary.com\/en\/wp-json\/wp\/v2\/tags?post=5892"}],"curies":[{"name":"wp","href":"https:\/\/api.w.org\/{rel}","templated":true}]}}