{"id":58753,"date":"2021-12-14T12:58:05","date_gmt":"2021-12-14T11:58:05","guid":{"rendered":"https:\/\/wobronietradycjiiwiary.com\/?p=58753"},"modified":"2025-02-07T20:24:52","modified_gmt":"2025-02-07T19:24:52","slug":"podniesienie-to-zapowiedz-wizji-uszczesliwiajacej-lub-krytyka-jungmanna","status":"publish","type":"post","link":"https:\/\/wobronietradycjiiwiary.com\/en\/podniesienie-to-zapowiedz-wizji-uszczesliwiajacej-lub-krytyka-jungmanna\/","title":{"rendered":"Podniesienie to zapowied\u017a wizji uszcz\u0119\u015bliwiaj\u0105cej lub krytyka Jungmanna"},"content":{"rendered":"<div id=\"bsf_rt_marker\"><\/div><p>Czytaj\u0105c pogl\u0105dy Jungmanna na temat Podniesienia odruchowo nasuwaj\u0105 si\u0119 s\u0142owa piosenki pt. \u201eShimmy szuja\u201d z Kabaretu Starszych Pan\u00f3w: \u201eO, wtedy&hellip;<\/p>\n<div style=\"text-align: center\">\n<p>&nbsp;<\/p>\n<\/div>\n<h2 style=\"border: 5px solid #0000A0;padding: 1em;text-align: center\"><span style=\"color: #000000\">Pe\u0142en dost\u0119p dla <span style=\"color: #00ccff\"><a style=\"color: #00ccff\" href=\"https:\/\/wobronietradycjiiwiary.com\/en\/subskrypcje-2\/\" target=\"_blank\" rel=\"noopener\">subskrybent\u00f3w<\/a><\/span>.<\/span><br \/>\n<span style=\"color: #3366ff\"><a style=\"color: #3366ff\" href=\"https:\/\/wobronietradycjiiwiary.com\/en\/account\/login\/\" target=\"_blank\" rel=\"noopener\"><span style=\"color: #00ccff\">Zaloguj<\/span><\/a> <\/span>si\u0119 lub przejd\u017a do <a href=\"https:\/\/wobronietradycjiiwiary.com\/en\/register\/\"><span style=\"color: #3366ff\">Rejestracji<\/span><\/a>.<\/h2>\n<div>\n<p style=\"text-align: center\"><a href=\"https:\/\/wobronietradycjiiwiary.com\/en\/subskrypcje-2\/cennik\/\" target=\"_blank\" rel=\"noopener\"><span style=\"color: #000080;font-size: 24pt\"><strong>Nowe ni\u017csze ceny<\/strong><\/span><\/a><\/p>\n<p style=\"text-align: center\"><strong><span style=\"font-size: 18pt;color: #000080\">P\u0142atno\u015b\u0107 kart\u0105<\/span><\/strong><\/p>\n<\/div>\n<h3 style=\"text-align: center\"><a href=\"https:\/\/wobronietradycjiiwiary.com\/en\/subskrypcje-2\/automatyczne\/indywidualne\/\" target=\"_blank\" rel=\"noopener\"><img fetchpriority=\"high\" decoding=\"async\" class=\"alignnone size-medium wp-image-80433\" src=\"https:\/\/wobronietradycjiiwiary.com\/wp-content\/uploads\/2022\/11\/Unbenannt-1-Online-1-300x202.jpg\" alt=\"\" width=\"300\" height=\"202\" srcset=\"https:\/\/wobronietradycjiiwiary.com\/wp-content\/uploads\/2022\/11\/Unbenannt-1-Online-1-300x202.jpg 300w, https:\/\/wobronietradycjiiwiary.com\/wp-content\/uploads\/2022\/11\/Unbenannt-1-Online-1-150x101.jpg 150w, https:\/\/wobronietradycjiiwiary.com\/wp-content\/uploads\/2022\/11\/Unbenannt-1-Online-1-18x12.jpg 18w, https:\/\/wobronietradycjiiwiary.com\/wp-content\/uploads\/2022\/11\/Unbenannt-1-Online-1.jpg 446w\" sizes=\"(max-width: 300px) 100vw, 300px\" \/><\/a><\/h3>\n<p style=\"text-align: center\"><strong><span style=\"font-size: 18pt;color: #000080\">P\u0142atno\u015b\u0107 przelewem<\/span><\/strong><\/p>\n<p><a href=\"https:\/\/wobronietradycjiiwiary.com\/en\/subskrypcje-2\/automatyczne\/indywidualne\/\" target=\"_blank\" rel=\"noopener\"><img decoding=\"async\" class=\"size-medium wp-image-80434 aligncenter\" src=\"https:\/\/wobronietradycjiiwiary.com\/wp-content\/uploads\/2022\/11\/Unbenannt-1-Przelewem-300x137.jpg\" alt=\"\" width=\"300\" height=\"137\" srcset=\"https:\/\/wobronietradycjiiwiary.com\/wp-content\/uploads\/2022\/11\/Unbenannt-1-Przelewem-300x137.jpg 300w, https:\/\/wobronietradycjiiwiary.com\/wp-content\/uploads\/2022\/11\/Unbenannt-1-Przelewem-450x206.jpg 450w, https:\/\/wobronietradycjiiwiary.com\/wp-content\/uploads\/2022\/11\/Unbenannt-1-Przelewem-600x274.jpg 600w, https:\/\/wobronietradycjiiwiary.com\/wp-content\/uploads\/2022\/11\/Unbenannt-1-Przelewem-150x69.jpg 150w, https:\/\/wobronietradycjiiwiary.com\/wp-content\/uploads\/2022\/11\/Unbenannt-1-Przelewem-18x8.jpg 18w, https:\/\/wobronietradycjiiwiary.com\/wp-content\/uploads\/2022\/11\/Unbenannt-1-Przelewem.jpg 676w\" sizes=\"(max-width: 300px) 100vw, 300px\" \/><\/a><\/p>\n<p style=\"text-align: center\"><strong><span style=\"font-size: 18pt;color: #000080\">P\u0142atno\u015b\u0107 kart\u0105 do 6 os\u00f3b<\/span><\/strong><\/p>\n<p><a href=\"https:\/\/wobronietradycjiiwiary.com\/en\/rodzinne\/\" target=\"_blank\" rel=\"noopener\"><img decoding=\"async\" class=\"size-medium wp-image-80435 aligncenter\" src=\"https:\/\/wobronietradycjiiwiary.com\/wp-content\/uploads\/2022\/11\/Unbenannt-1-Rodzinna-300x208.jpg\" alt=\"\" width=\"300\" height=\"208\" srcset=\"https:\/\/wobronietradycjiiwiary.com\/wp-content\/uploads\/2022\/11\/Unbenannt-1-Rodzinna-300x208.jpg 300w, https:\/\/wobronietradycjiiwiary.com\/wp-content\/uploads\/2022\/11\/Unbenannt-1-Rodzinna-150x104.jpg 150w, https:\/\/wobronietradycjiiwiary.com\/wp-content\/uploads\/2022\/11\/Unbenannt-1-Rodzinna-18x12.jpg 18w, https:\/\/wobronietradycjiiwiary.com\/wp-content\/uploads\/2022\/11\/Unbenannt-1-Rodzinna.jpg 448w\" sizes=\"(max-width: 300px) 100vw, 300px\" \/><\/a><\/p>\n<h3 style=\"text-align: center\"><\/h3>\n<h1 style=\"text-align: center\"><\/h1>","protected":false},"excerpt":{"rendered":"<p>O Arystotelesie, wizji uszcz\u0119\u015bliwiaj\u0105cej, Podniesieniu, legendzie o graalu i Jungmannie.<\/p>","protected":false},"author":60508433,"featured_media":58758,"comment_status":"open","ping_status":"open","sticky":false,"template":"","format":"standard","meta":{"_bbp_topic_count":0,"_bbp_reply_count":0,"_bbp_total_topic_count":0,"_bbp_total_reply_count":0,"_bbp_voice_count":0,"_bbp_anonymous_reply_count":0,"_bbp_topic_count_hidden":0,"_bbp_reply_count_hidden":0,"_bbp_forum_subforum_count":0,"_editorskit_title_hidden":false,"_editorskit_reading_time":3,"_editorskit_is_block_options_detached":false,"_editorskit_block_options_position":"{}","_coblocks_attr":"","_coblocks_dimensions":"","_coblocks_responsive_height":"","_coblocks_accordion_ie_support":"","_exactmetrics_skip_tracking":false,"_jetpack_newsletter_access":"","_jetpack_dont_email_post_to_subs":false,"_jetpack_newsletter_tier_id":0,"_jetpack_memberships_contains_paywalled_content":false,"_wpcom_ai_launchpad_first_post":false,"_jetpack_feature_clip_id":0,"_jetpack_memberships_contains_paid_content":false,"footnotes":"","jetpack_publicize_message":"{title}\n\n{excerpt}\n\n{url}","jetpack_publicize_feature_enabled":true,"jetpack_social_post_already_shared":true,"jetpack_social_options":{"image_generator_settings":{"template":"highway","default_image_id":0,"font":"","enabled":false},"version":2},"_wpas_customize_per_network":false,"jetpack_post_was_ever_published":false},"categories":[610135244,610135237,610131184,610135235],"tags":[610132133],"class_list":["post-58753","post","type-post","status-publish","format-standard","has-post-thumbnail","hentry","category-ad-3-5-rola-jungmanna-ad-3-pius-xii-ku-zagladzie-komentarze-do-byrne","category-ad-3-pius-xii-ku-zagladzie-komentarze-do-byrne","category-duchowosc","category-komentarze-do-byrne","tag-restricted"],"yoast_head":"<!-- This site is optimized with the Yoast SEO plugin v28.4 - https:\/\/yoast.com\/product\/yoast-seo-wordpress\/ -->\n<title>Podniesienie to zapowied\u017a wizji uszcz\u0119\u015bliwiaj\u0105cej lub krytyka Jungmanna - Tradycja i Wiara<\/title>\n<meta name=\"robots\" content=\"index, follow, max-snippet:-1, max-image-preview:large, max-video-preview:-1\" \/>\n<link rel=\"canonical\" href=\"https:\/\/wobronietradycjiiwiary.com\/en\/podniesienie-to-zapowiedz-wizji-uszczesliwiajacej-lub-krytyka-jungmanna\/\" \/>\n<meta property=\"og:locale\" content=\"en_US\" \/>\n<meta property=\"og:type\" content=\"article\" \/>\n<meta property=\"og:title\" content=\"Podniesienie to zapowied\u017a wizji uszcz\u0119\u015bliwiaj\u0105cej lub krytyka Jungmanna - Tradycja i Wiara\" \/>\n<meta property=\"og:description\" content=\"O Arystotelesie, wizji uszcz\u0119\u015bliwiaj\u0105cej, Podniesieniu, legendzie o graalu i Jungmannie.\" \/>\n<meta property=\"og:url\" content=\"https:\/\/wobronietradycjiiwiary.com\/en\/podniesienie-to-zapowiedz-wizji-uszczesliwiajacej-lub-krytyka-jungmanna\/\" \/>\n<meta property=\"og:site_name\" content=\"Tradycja i Wiara\" \/>\n<meta property=\"article:publisher\" content=\"https:\/\/www.facebook.com\/Tradycja-i-Wiara-108813920592249\" \/>\n<meta property=\"article:published_time\" content=\"2021-12-14T11:58:05+00:00\" \/>\n<meta property=\"article:modified_time\" content=\"2025-02-07T19:24:52+00:00\" \/>\n<meta property=\"og:image\" content=\"https:\/\/wobronietradycjiiwiary.com\/wp-content\/uploads\/2021\/12\/angelico41.jpg\" \/>\n\t<meta property=\"og:image:width\" content=\"579\" \/>\n\t<meta property=\"og:image:height\" content=\"772\" \/>\n\t<meta property=\"og:image:type\" content=\"image\/jpeg\" \/>\n<meta name=\"author\" content=\"Traditio et Fides\" \/>\n<meta name=\"twitter:card\" content=\"summary_large_image\" \/>\n<meta name=\"twitter:label1\" content=\"Written by\" \/>\n\t<meta name=\"twitter:data1\" content=\"Traditio et Fides\" \/>\n\t<meta name=\"twitter:label2\" content=\"Est. reading time\" \/>\n\t<meta name=\"twitter:data2\" content=\"6 minutes\" \/>\n<script type=\"application\/ld+json\" class=\"yoast-schema-graph\">{\"@context\":\"https:\\\/\\\/schema.org\",\"@graph\":[{\"@type\":\"Article\",\"@id\":\"https:\\\/\\\/wobronietradycjiiwiary.com\\\/podniesienie-to-zapowiedz-wizji-uszczesliwiajacej-lub-krytyka-jungmanna\\\/#article\",\"isPartOf\":{\"@id\":\"https:\\\/\\\/wobronietradycjiiwiary.com\\\/podniesienie-to-zapowiedz-wizji-uszczesliwiajacej-lub-krytyka-jungmanna\\\/\"},\"author\":{\"name\":\"Traditio et Fides\",\"@id\":\"https:\\\/\\\/wobronietradycjiiwiary.com\\\/pl\\\/#\\\/schema\\\/person\\\/2d6180ce6abcb681fef0daab7816e8f3\"},\"headline\":\"Podniesienie to zapowied\u017a wizji uszcz\u0119\u015bliwiaj\u0105cej lub krytyka Jungmanna\",\"datePublished\":\"2021-12-14T11:58:05+00:00\",\"dateModified\":\"2025-02-07T19:24:52+00:00\",\"mainEntityOfPage\":{\"@id\":\"https:\\\/\\\/wobronietradycjiiwiary.com\\\/podniesienie-to-zapowiedz-wizji-uszczesliwiajacej-lub-krytyka-jungmanna\\\/\"},\"wordCount\":1124,\"commentCount\":0,\"publisher\":{\"@id\":\"https:\\\/\\\/wobronietradycjiiwiary.com\\\/pl\\\/#organization\"},\"image\":{\"@id\":\"https:\\\/\\\/wobronietradycjiiwiary.com\\\/podniesienie-to-zapowiedz-wizji-uszczesliwiajacej-lub-krytyka-jungmanna\\\/#primaryimage\"},\"thumbnailUrl\":\"https:\\\/\\\/wobronietradycjiiwiary.com\\\/wp-content\\\/uploads\\\/2021\\\/12\\\/angelico41.jpg\",\"keywords\":[\"Restricted\"],\"articleSection\":[\"Ad 3) 5. Rola Jungmanna\",\"Ad 3) Pius XII - ku zag\u0142adzie\",\"Duchowo\u015b\u0107\",\"Komentarze w\u0142asne do Byrne\"],\"inLanguage\":\"en-US\",\"potentialAction\":[{\"@type\":\"CommentAction\",\"name\":\"Comment\",\"target\":[\"https:\\\/\\\/wobronietradycjiiwiary.com\\\/podniesienie-to-zapowiedz-wizji-uszczesliwiajacej-lub-krytyka-jungmanna\\\/#respond\"]}]},{\"@type\":\"WebPage\",\"@id\":\"https:\\\/\\\/wobronietradycjiiwiary.com\\\/podniesienie-to-zapowiedz-wizji-uszczesliwiajacej-lub-krytyka-jungmanna\\\/\",\"url\":\"https:\\\/\\\/wobronietradycjiiwiary.com\\\/podniesienie-to-zapowiedz-wizji-uszczesliwiajacej-lub-krytyka-jungmanna\\\/\",\"name\":\"Podniesienie to zapowied\u017a wizji uszcz\u0119\u015bliwiaj\u0105cej lub krytyka Jungmanna - Tradycja i Wiara\",\"isPartOf\":{\"@id\":\"https:\\\/\\\/wobronietradycjiiwiary.com\\\/pl\\\/#website\"},\"primaryImageOfPage\":{\"@id\":\"https:\\\/\\\/wobronietradycjiiwiary.com\\\/podniesienie-to-zapowiedz-wizji-uszczesliwiajacej-lub-krytyka-jungmanna\\\/#primaryimage\"},\"image\":{\"@id\":\"https:\\\/\\\/wobronietradycjiiwiary.com\\\/podniesienie-to-zapowiedz-wizji-uszczesliwiajacej-lub-krytyka-jungmanna\\\/#primaryimage\"},\"thumbnailUrl\":\"https:\\\/\\\/wobronietradycjiiwiary.com\\\/wp-content\\\/uploads\\\/2021\\\/12\\\/angelico41.jpg\",\"datePublished\":\"2021-12-14T11:58:05+00:00\",\"dateModified\":\"2025-02-07T19:24:52+00:00\",\"breadcrumb\":{\"@id\":\"https:\\\/\\\/wobronietradycjiiwiary.com\\\/podniesienie-to-zapowiedz-wizji-uszczesliwiajacej-lub-krytyka-jungmanna\\\/#breadcrumb\"},\"inLanguage\":\"en-US\",\"potentialAction\":[{\"@type\":\"ReadAction\",\"target\":[\"https:\\\/\\\/wobronietradycjiiwiary.com\\\/podniesienie-to-zapowiedz-wizji-uszczesliwiajacej-lub-krytyka-jungmanna\\\/\"]}]},{\"@type\":\"ImageObject\",\"inLanguage\":\"en-US\",\"@id\":\"https:\\\/\\\/wobronietradycjiiwiary.com\\\/podniesienie-to-zapowiedz-wizji-uszczesliwiajacej-lub-krytyka-jungmanna\\\/#primaryimage\",\"url\":\"https:\\\/\\\/wobronietradycjiiwiary.com\\\/wp-content\\\/uploads\\\/2021\\\/12\\\/angelico41.jpg\",\"contentUrl\":\"https:\\\/\\\/wobronietradycjiiwiary.com\\\/wp-content\\\/uploads\\\/2021\\\/12\\\/angelico41.jpg\",\"width\":579,\"height\":772},{\"@type\":\"BreadcrumbList\",\"@id\":\"https:\\\/\\\/wobronietradycjiiwiary.com\\\/podniesienie-to-zapowiedz-wizji-uszczesliwiajacej-lub-krytyka-jungmanna\\\/#breadcrumb\",\"itemListElement\":[{\"@type\":\"ListItem\",\"position\":1,\"name\":\"Strona g\u0142\u00f3wna\",\"item\":\"https:\\\/\\\/wobronietradycjiiwiary.com\\\/\"},{\"@type\":\"ListItem\",\"position\":2,\"name\":\"Podniesienie to zapowied\u017a wizji uszcz\u0119\u015bliwiaj\u0105cej lub krytyka Jungmanna\"}]},{\"@type\":\"WebSite\",\"@id\":\"https:\\\/\\\/wobronietradycjiiwiary.com\\\/pl\\\/#website\",\"url\":\"https:\\\/\\\/wobronietradycjiiwiary.com\\\/pl\\\/\",\"name\":\"Tradycja i Wiara\",\"description\":\"Portal dla katolik\u00f3w.\",\"publisher\":{\"@id\":\"https:\\\/\\\/wobronietradycjiiwiary.com\\\/pl\\\/#organization\"},\"potentialAction\":[{\"@type\":\"SearchAction\",\"target\":{\"@type\":\"EntryPoint\",\"urlTemplate\":\"https:\\\/\\\/wobronietradycjiiwiary.com\\\/pl\\\/?s={search_term_string}\"},\"query-input\":{\"@type\":\"PropertyValueSpecification\",\"valueRequired\":true,\"valueName\":\"search_term_string\"}}],\"inLanguage\":\"en-US\"},{\"@type\":\"Organization\",\"@id\":\"https:\\\/\\\/wobronietradycjiiwiary.com\\\/pl\\\/#organization\",\"name\":\"Tradycja i Wiara\",\"url\":\"https:\\\/\\\/wobronietradycjiiwiary.com\\\/pl\\\/\",\"logo\":{\"@type\":\"ImageObject\",\"inLanguage\":\"en-US\",\"@id\":\"https:\\\/\\\/wobronietradycjiiwiary.com\\\/pl\\\/#\\\/schema\\\/logo\\\/image\\\/\",\"url\":\"https:\\\/\\\/i0.wp.com\\\/wobronietradycjiiwiary.com\\\/wp-content\\\/uploads\\\/2015\\\/10\\\/cropped-st-peters-dome-vatican.jpg?fit=940%2C198&ssl=1\",\"contentUrl\":\"https:\\\/\\\/i0.wp.com\\\/wobronietradycjiiwiary.com\\\/wp-content\\\/uploads\\\/2015\\\/10\\\/cropped-st-peters-dome-vatican.jpg?fit=940%2C198&ssl=1\",\"width\":940,\"height\":198,\"caption\":\"Tradycja i Wiara\"},\"image\":{\"@id\":\"https:\\\/\\\/wobronietradycjiiwiary.com\\\/pl\\\/#\\\/schema\\\/logo\\\/image\\\/\"},\"sameAs\":[\"https:\\\/\\\/www.facebook.com\\\/Tradycja-i-Wiara-108813920592249\"]},{\"@type\":\"Person\",\"@id\":\"https:\\\/\\\/wobronietradycjiiwiary.com\\\/pl\\\/#\\\/schema\\\/person\\\/2d6180ce6abcb681fef0daab7816e8f3\",\"name\":\"Traditio et Fides\",\"sameAs\":[\"https:\\\/\\\/traditionundglauben.com\"],\"url\":\"https:\\\/\\\/wobronietradycjiiwiary.com\\\/en\\\/author\\\/wobronietradycjiiwiary\\\/\"}]}<\/script>\n<!-- \/ Yoast SEO plugin. -->","yoast_head_json":{"title":"Podniesienie to zapowied\u017a wizji uszcz\u0119\u015bliwiaj\u0105cej lub krytyka Jungmanna - Tradycja i Wiara","robots":{"index":"index","follow":"follow","max-snippet":"max-snippet:-1","max-image-preview":"max-image-preview:large","max-video-preview":"max-video-preview:-1"},"canonical":"https:\/\/wobronietradycjiiwiary.com\/en\/podniesienie-to-zapowiedz-wizji-uszczesliwiajacej-lub-krytyka-jungmanna\/","og_locale":"en_US","og_type":"article","og_title":"Podniesienie to zapowied\u017a wizji uszcz\u0119\u015bliwiaj\u0105cej lub krytyka Jungmanna - Tradycja i Wiara","og_description":"O Arystotelesie, wizji uszcz\u0119\u015bliwiaj\u0105cej, Podniesieniu, legendzie o graalu i Jungmannie.","og_url":"https:\/\/wobronietradycjiiwiary.com\/en\/podniesienie-to-zapowiedz-wizji-uszczesliwiajacej-lub-krytyka-jungmanna\/","og_site_name":"Tradycja i Wiara","article_publisher":"https:\/\/www.facebook.com\/Tradycja-i-Wiara-108813920592249","article_published_time":"2021-12-14T11:58:05+00:00","article_modified_time":"2025-02-07T19:24:52+00:00","og_image":[{"width":579,"height":772,"url":"https:\/\/wobronietradycjiiwiary.com\/wp-content\/uploads\/2021\/12\/angelico41.jpg","type":"image\/jpeg"}],"author":"Traditio et Fides","twitter_card":"summary_large_image","twitter_misc":{"Written by":"Traditio et Fides","Est. reading time":"6 minutes"},"schema":{"@context":"https:\/\/schema.org","@graph":[{"@type":"Article","@id":"https:\/\/wobronietradycjiiwiary.com\/podniesienie-to-zapowiedz-wizji-uszczesliwiajacej-lub-krytyka-jungmanna\/#article","isPartOf":{"@id":"https:\/\/wobronietradycjiiwiary.com\/podniesienie-to-zapowiedz-wizji-uszczesliwiajacej-lub-krytyka-jungmanna\/"},"author":{"name":"Traditio et Fides","@id":"https:\/\/wobronietradycjiiwiary.com\/pl\/#\/schema\/person\/2d6180ce6abcb681fef0daab7816e8f3"},"headline":"Podniesienie to zapowied\u017a wizji uszcz\u0119\u015bliwiaj\u0105cej lub krytyka Jungmanna","datePublished":"2021-12-14T11:58:05+00:00","dateModified":"2025-02-07T19:24:52+00:00","mainEntityOfPage":{"@id":"https:\/\/wobronietradycjiiwiary.com\/podniesienie-to-zapowiedz-wizji-uszczesliwiajacej-lub-krytyka-jungmanna\/"},"wordCount":1124,"commentCount":0,"publisher":{"@id":"https:\/\/wobronietradycjiiwiary.com\/pl\/#organization"},"image":{"@id":"https:\/\/wobronietradycjiiwiary.com\/podniesienie-to-zapowiedz-wizji-uszczesliwiajacej-lub-krytyka-jungmanna\/#primaryimage"},"thumbnailUrl":"https:\/\/wobronietradycjiiwiary.com\/wp-content\/uploads\/2021\/12\/angelico41.jpg","keywords":["Restricted"],"articleSection":["Ad 3) 5. Rola Jungmanna","Ad 3) Pius XII - ku zag\u0142adzie","Duchowo\u015b\u0107","Komentarze w\u0142asne do Byrne"],"inLanguage":"en-US","potentialAction":[{"@type":"CommentAction","name":"Comment","target":["https:\/\/wobronietradycjiiwiary.com\/podniesienie-to-zapowiedz-wizji-uszczesliwiajacej-lub-krytyka-jungmanna\/#respond"]}]},{"@type":"WebPage","@id":"https:\/\/wobronietradycjiiwiary.com\/podniesienie-to-zapowiedz-wizji-uszczesliwiajacej-lub-krytyka-jungmanna\/","url":"https:\/\/wobronietradycjiiwiary.com\/podniesienie-to-zapowiedz-wizji-uszczesliwiajacej-lub-krytyka-jungmanna\/","name":"Podniesienie to zapowied\u017a wizji uszcz\u0119\u015bliwiaj\u0105cej lub krytyka Jungmanna - Tradycja i Wiara","isPartOf":{"@id":"https:\/\/wobronietradycjiiwiary.com\/pl\/#website"},"primaryImageOfPage":{"@id":"https:\/\/wobronietradycjiiwiary.com\/podniesienie-to-zapowiedz-wizji-uszczesliwiajacej-lub-krytyka-jungmanna\/#primaryimage"},"image":{"@id":"https:\/\/wobronietradycjiiwiary.com\/podniesienie-to-zapowiedz-wizji-uszczesliwiajacej-lub-krytyka-jungmanna\/#primaryimage"},"thumbnailUrl":"https:\/\/wobronietradycjiiwiary.com\/wp-content\/uploads\/2021\/12\/angelico41.jpg","datePublished":"2021-12-14T11:58:05+00:00","dateModified":"2025-02-07T19:24:52+00:00","breadcrumb":{"@id":"https:\/\/wobronietradycjiiwiary.com\/podniesienie-to-zapowiedz-wizji-uszczesliwiajacej-lub-krytyka-jungmanna\/#breadcrumb"},"inLanguage":"en-US","potentialAction":[{"@type":"ReadAction","target":["https:\/\/wobronietradycjiiwiary.com\/podniesienie-to-zapowiedz-wizji-uszczesliwiajacej-lub-krytyka-jungmanna\/"]}]},{"@type":"ImageObject","inLanguage":"en-US","@id":"https:\/\/wobronietradycjiiwiary.com\/podniesienie-to-zapowiedz-wizji-uszczesliwiajacej-lub-krytyka-jungmanna\/#primaryimage","url":"https:\/\/wobronietradycjiiwiary.com\/wp-content\/uploads\/2021\/12\/angelico41.jpg","contentUrl":"https:\/\/wobronietradycjiiwiary.com\/wp-content\/uploads\/2021\/12\/angelico41.jpg","width":579,"height":772},{"@type":"BreadcrumbList","@id":"https:\/\/wobronietradycjiiwiary.com\/podniesienie-to-zapowiedz-wizji-uszczesliwiajacej-lub-krytyka-jungmanna\/#breadcrumb","itemListElement":[{"@type":"ListItem","position":1,"name":"Strona g\u0142\u00f3wna","item":"https:\/\/wobronietradycjiiwiary.com\/"},{"@type":"ListItem","position":2,"name":"Podniesienie to zapowied\u017a wizji uszcz\u0119\u015bliwiaj\u0105cej lub krytyka Jungmanna"}]},{"@type":"WebSite","@id":"https:\/\/wobronietradycjiiwiary.com\/pl\/#website","url":"https:\/\/wobronietradycjiiwiary.com\/pl\/","name":"Tradycja i Wiara","description":"Portal dla katolik\u00f3w.","publisher":{"@id":"https:\/\/wobronietradycjiiwiary.com\/pl\/#organization"},"potentialAction":[{"@type":"SearchAction","target":{"@type":"EntryPoint","urlTemplate":"https:\/\/wobronietradycjiiwiary.com\/pl\/?s={search_term_string}"},"query-input":{"@type":"PropertyValueSpecification","valueRequired":true,"valueName":"search_term_string"}}],"inLanguage":"en-US"},{"@type":"Organization","@id":"https:\/\/wobronietradycjiiwiary.com\/pl\/#organization","name":"Tradycja i Wiara","url":"https:\/\/wobronietradycjiiwiary.com\/pl\/","logo":{"@type":"ImageObject","inLanguage":"en-US","@id":"https:\/\/wobronietradycjiiwiary.com\/pl\/#\/schema\/logo\/image\/","url":"https:\/\/i0.wp.com\/wobronietradycjiiwiary.com\/wp-content\/uploads\/2015\/10\/cropped-st-peters-dome-vatican.jpg?fit=940%2C198&ssl=1","contentUrl":"https:\/\/i0.wp.com\/wobronietradycjiiwiary.com\/wp-content\/uploads\/2015\/10\/cropped-st-peters-dome-vatican.jpg?fit=940%2C198&ssl=1","width":940,"height":198,"caption":"Tradycja i Wiara"},"image":{"@id":"https:\/\/wobronietradycjiiwiary.com\/pl\/#\/schema\/logo\/image\/"},"sameAs":["https:\/\/www.facebook.com\/Tradycja-i-Wiara-108813920592249"]},{"@type":"Person","@id":"https:\/\/wobronietradycjiiwiary.com\/pl\/#\/schema\/person\/2d6180ce6abcb681fef0daab7816e8f3","name":"Traditio et Fides","sameAs":["https:\/\/traditionundglauben.com"],"url":"https:\/\/wobronietradycjiiwiary.com\/en\/author\/wobronietradycjiiwiary\/"}]}},"jetpack_publicize_connections":[],"jetpack_sharing_enabled":true,"jetpack_likes_enabled":true,"jetpack_shortlink":"https:\/\/wp.me\/pc04Sd-fhD","jetpack-related-posts":[{"id":42595,"url":"https:\/\/wobronietradycjiiwiary.com\/en\/kard-bona-o-rozpoznawaniu-duchow-114-o-widzeniach-i-zjawieniach-v-widzenia-wyobrazeniowe-i-umyslowe\/","url_meta":{"origin":58753,"position":0},"title":"Kard. Bona. \u201eO rozpoznawaniu duch\u00f3w\u201d (114). O widzeniach i zjawieniach. (v) Widzenia wyobra\u017ceniowe i umys\u0142owe.","author":"Traditio et Fides","date":"29 March 2021","format":false,"excerpt":"Opis wizji wyobra\u017ceniowej i umys\u0142owej, pierwsza pos\u0142uguje si\u0119 tym, co zastane, druga daje now\u0105 jako\u015b\u0107.","rel":"","context":"In &quot;\"Rozeznawanie duch\u00f3w\"&quot;","block_context":{"text":"\"Rozeznawanie duch\u00f3w\"","link":"https:\/\/wobronietradycjiiwiary.com\/en\/category\/duchowosc\/autorzy\/kardynal-bona\/rozeznawanie-duchow\/"},"img":{"alt_text":"","src":"https:\/\/i0.wp.com\/wobronietradycjiiwiary.com\/wp-content\/uploads\/2020\/01\/29183e5c6fd59bc5a33a573a12632224.jpg?resize=350%2C200&ssl=1","width":350,"height":200,"srcset":"https:\/\/i0.wp.com\/wobronietradycjiiwiary.com\/wp-content\/uploads\/2020\/01\/29183e5c6fd59bc5a33a573a12632224.jpg?resize=350%2C200&ssl=1 1x, https:\/\/i0.wp.com\/wobronietradycjiiwiary.com\/wp-content\/uploads\/2020\/01\/29183e5c6fd59bc5a33a573a12632224.jpg?resize=525%2C300&ssl=1 1.5x, https:\/\/i0.wp.com\/wobronietradycjiiwiary.com\/wp-content\/uploads\/2020\/01\/29183e5c6fd59bc5a33a573a12632224.jpg?resize=700%2C400&ssl=1 2x, https:\/\/i0.wp.com\/wobronietradycjiiwiary.com\/wp-content\/uploads\/2020\/01\/29183e5c6fd59bc5a33a573a12632224.jpg?resize=1050%2C600&ssl=1 3x"},"classes":[]},{"id":57629,"url":"https:\/\/wobronietradycjiiwiary.com\/en\/jungmann-byl-konsekwentny\/","url_meta":{"origin":58753,"position":1},"title":"Zalety Byrne i konsekwencja Jungmanna","author":"Traditio et Fides","date":"23 November 2021","format":false,"excerpt":"O tym, dlaczego Carol Byrne jest Agath\u0105 Christie i Margaret Thatcher teologii oraz o przebieg\u0142ej konsekwencji Jungmanna.","rel":"","context":"In &quot;Ad 3) 5. Rola Jungmanna&quot;","block_context":{"text":"Ad 3) 5. Rola Jungmanna","link":"https:\/\/wobronietradycjiiwiary.com\/en\/category\/doktryna\/teologia-liturgii\/byrne-doktryna\/byrne\/komentarze-do-byrne\/ad-3-pius-xii-ku-zagladzie-komentarze-do-byrne\/ad-3-5-rola-jungmanna-ad-3-pius-xii-ku-zagladzie-komentarze-do-byrne\/"},"img":{"alt_text":"","src":"https:\/\/i0.wp.com\/wobronietradycjiiwiary.com\/wp-content\/uploads\/2021\/11\/st-martha-tarasque.png?resize=350%2C200&ssl=1","width":350,"height":200,"srcset":"https:\/\/i0.wp.com\/wobronietradycjiiwiary.com\/wp-content\/uploads\/2021\/11\/st-martha-tarasque.png?resize=350%2C200&ssl=1 1x, https:\/\/i0.wp.com\/wobronietradycjiiwiary.com\/wp-content\/uploads\/2021\/11\/st-martha-tarasque.png?resize=525%2C300&ssl=1 1.5x"},"classes":[]},{"id":52637,"url":"https:\/\/wobronietradycjiiwiary.com\/en\/kard-bona-o-rozpoznawaniu-duchow-132-o-widzeniach-pojeciowych-iii-sw-augustyn\/","url_meta":{"origin":58753,"position":2},"title":"Kard. Bona. \u201eO rozpoznawaniu duch\u00f3w\u201d (132). O widzeniach poj\u0119ciowych. (iii) \u015bw. Augustyn","author":"Traditio et Fides","date":"20 September 2021","format":false,"excerpt":"Wizja intelektualna to przedsmak nieba, gdzie wiecznie ma miejsce wizja uszcz\u0119\u015bliwiaj\u0105ca.","rel":"","context":"In &quot;\"Rozeznawanie duch\u00f3w\"&quot;","block_context":{"text":"\"Rozeznawanie duch\u00f3w\"","link":"https:\/\/wobronietradycjiiwiary.com\/en\/category\/duchowosc\/autorzy\/kardynal-bona\/rozeznawanie-duchow\/"},"img":{"alt_text":"","src":"https:\/\/i0.wp.com\/wobronietradycjiiwiary.com\/wp-content\/uploads\/2020\/01\/29183e5c6fd59bc5a33a573a12632224.jpg?resize=350%2C200&ssl=1","width":350,"height":200,"srcset":"https:\/\/i0.wp.com\/wobronietradycjiiwiary.com\/wp-content\/uploads\/2020\/01\/29183e5c6fd59bc5a33a573a12632224.jpg?resize=350%2C200&ssl=1 1x, https:\/\/i0.wp.com\/wobronietradycjiiwiary.com\/wp-content\/uploads\/2020\/01\/29183e5c6fd59bc5a33a573a12632224.jpg?resize=525%2C300&ssl=1 1.5x, https:\/\/i0.wp.com\/wobronietradycjiiwiary.com\/wp-content\/uploads\/2020\/01\/29183e5c6fd59bc5a33a573a12632224.jpg?resize=700%2C400&ssl=1 2x, https:\/\/i0.wp.com\/wobronietradycjiiwiary.com\/wp-content\/uploads\/2020\/01\/29183e5c6fd59bc5a33a573a12632224.jpg?resize=1050%2C600&ssl=1 3x"},"classes":[]},{"id":118983,"url":"https:\/\/wobronietradycjiiwiary.com\/en\/benedykt-xiv-de-servorum-dei-beatificatione-rozdz-50-5-z-10\/","url_meta":{"origin":58753,"position":3},"title":"Benedykt XIV, &#8220;De servorum Dei beatificatione&#8221;, Rozdz. 50. Objawienia Boga w NT (5 z 10).","author":"Traditio et Fides","date":"23 July 2024","format":false,"excerpt":"O tym, czy i jak mo\u017cna ogl\u0105da\u0107 Boga za \u017cycia.","rel":"","context":"In &quot;Benedykt XIV, \"Doctrina de servorum Dei beatificatione\"&quot;","block_context":{"text":"Benedykt XIV, \"Doctrina de servorum Dei beatificatione\"","link":"https:\/\/wobronietradycjiiwiary.com\/en\/category\/doktryna\/teologia-dogmatyczna\/kanonizacje\/benedykt-xiv-doctrina-de-servorum-dei-beatificatione\/"},"img":{"alt_text":"","src":"https:\/\/i0.wp.com\/wobronietradycjiiwiary.com\/wp-content\/uploads\/2024\/05\/Benedykt-XIV-1.jpeg?resize=350%2C200&ssl=1","width":350,"height":200},"classes":[]},{"id":61576,"url":"https:\/\/wobronietradycjiiwiary.com\/en\/czy-josef-jungmann-sj-byl-adolfem-hitlerem-ruchu-liturgicznego\/","url_meta":{"origin":58753,"position":4},"title":"Czy Josef Jungmann SJ by\u0142 Adolfem Hitlerem Ruchu Liturgicznego?","author":"Traditio et Fides","date":"15 February 2022","format":false,"excerpt":"Czy Ko\u015bci\u00f3\u0142 zosta\u0142 tak samo uwiedziony przez Jungmanna jak Niemcy przez Hitlera? Pr\u00f3ba odpowiedzi.","rel":"","context":"In &quot;Ad 3) 5. Rola Jungmanna&quot;","block_context":{"text":"Ad 3) 5. Rola Jungmanna","link":"https:\/\/wobronietradycjiiwiary.com\/en\/category\/doktryna\/teologia-liturgii\/byrne-doktryna\/byrne\/komentarze-do-byrne\/ad-3-pius-xii-ku-zagladzie-komentarze-do-byrne\/ad-3-5-rola-jungmanna-ad-3-pius-xii-ku-zagladzie-komentarze-do-byrne\/"},"img":{"alt_text":"","src":"https:\/\/i0.wp.com\/wobronietradycjiiwiary.com\/wp-content\/uploads\/2022\/02\/Rahner-ra.jpg?resize=350%2C200&ssl=1","width":350,"height":200},"classes":[]},{"id":60291,"url":"https:\/\/wobronietradycjiiwiary.com\/en\/carol-byrne-msza-dialogowana-38-2-z-94-postepowy-sprzeciw-wobec-systemu-kaplic-rodowych\/","url_meta":{"origin":58753,"position":5},"title":"Carol Byrne, &#8220;Msza dialogowana&#8221;. (38.2 z 94): Post\u0119powy sprzeciw wobec systemu kaplic rodowych","author":"Traditio et Fides","date":"18 January 2022","format":false,"excerpt":"Nienawi\u015b\u0107 Jungmanna do kaplic rodowych [chantries] Jungmann nie tolerowa\u0142 istnienia kaplic rodowych [chantries] jak ka\u017cdy protestant z XVI wieku, kt\u00f3ry pot\u0119pije jako \u201epomniki papiestwa\u201d. Kiedy zosta\u0142y zdelegalizowane jako \u201eprzes\u0105dne praktyki\u201d, a ich zwi\u0105zany z nimi tytu\u0142 w\u0142asno\u015bci skonfiskowany zosta\u0142 przez pa\u0144stwo, Jungmann nie roni\u0142 \u0142ez z powodu ich zguby. Nie\u2026","rel":"","context":"In &quot;3) Pius XII - ku zag\u0142adzie&quot;","block_context":{"text":"3) Pius XII - ku zag\u0142adzie","link":"https:\/\/wobronietradycjiiwiary.com\/en\/category\/doktryna\/teologia-liturgii\/byrne-doktryna\/byrne\/pius-xii-ku-zagladzie\/"},"img":{"alt_text":"","src":"https:\/\/i0.wp.com\/wobronietradycjiiwiary.com\/wp-content\/uploads\/2019\/10\/carreno-de-miranda.jpg?resize=350%2C200&ssl=1","width":350,"height":200,"srcset":"https:\/\/i0.wp.com\/wobronietradycjiiwiary.com\/wp-content\/uploads\/2019\/10\/carreno-de-miranda.jpg?resize=350%2C200&ssl=1 1x, https:\/\/i0.wp.com\/wobronietradycjiiwiary.com\/wp-content\/uploads\/2019\/10\/carreno-de-miranda.jpg?resize=525%2C300&ssl=1 1.5x, https:\/\/i0.wp.com\/wobronietradycjiiwiary.com\/wp-content\/uploads\/2019\/10\/carreno-de-miranda.jpg?resize=700%2C400&ssl=1 2x"},"classes":[]}],"amp_enabled":true,"jetpack_featured_media_url":"https:\/\/wobronietradycjiiwiary.com\/wp-content\/uploads\/2021\/12\/angelico41.jpg","_links":{"self":[{"href":"https:\/\/wobronietradycjiiwiary.com\/en\/wp-json\/wp\/v2\/posts\/58753","targetHints":{"allow":["GET"]}}],"collection":[{"href":"https:\/\/wobronietradycjiiwiary.com\/en\/wp-json\/wp\/v2\/posts"}],"about":[{"href":"https:\/\/wobronietradycjiiwiary.com\/en\/wp-json\/wp\/v2\/types\/post"}],"author":[{"embeddable":true,"href":"https:\/\/wobronietradycjiiwiary.com\/en\/wp-json\/wp\/v2\/users\/60508433"}],"replies":[{"embeddable":true,"href":"https:\/\/wobronietradycjiiwiary.com\/en\/wp-json\/wp\/v2\/comments?post=58753"}],"version-history":[{"count":7,"href":"https:\/\/wobronietradycjiiwiary.com\/en\/wp-json\/wp\/v2\/posts\/58753\/revisions"}],"predecessor-version":[{"id":58762,"href":"https:\/\/wobronietradycjiiwiary.com\/en\/wp-json\/wp\/v2\/posts\/58753\/revisions\/58762"}],"wp:featuredmedia":[{"embeddable":true,"href":"https:\/\/wobronietradycjiiwiary.com\/en\/wp-json\/wp\/v2\/media\/58758"}],"wp:attachment":[{"href":"https:\/\/wobronietradycjiiwiary.com\/en\/wp-json\/wp\/v2\/media?parent=58753"}],"wp:term":[{"taxonomy":"category","embeddable":true,"href":"https:\/\/wobronietradycjiiwiary.com\/en\/wp-json\/wp\/v2\/categories?post=58753"},{"taxonomy":"post_tag","embeddable":true,"href":"https:\/\/wobronietradycjiiwiary.com\/en\/wp-json\/wp\/v2\/tags?post=58753"}],"curies":[{"name":"wp","href":"https:\/\/api.w.org\/{rel}","templated":true}]}}