{"id":57787,"date":"2021-11-30T08:15:00","date_gmt":"2021-11-30T07:15:00","guid":{"rendered":"https:\/\/wobronietradycjiiwiary.com\/?p=57787"},"modified":"2025-02-07T15:39:34","modified_gmt":"2025-02-07T14:39:34","slug":"dusza-czysccowa-czy-demon-proba-ustalenia-kryteriow-2","status":"publish","type":"post","link":"https:\/\/wobronietradycjiiwiary.com\/en\/dusza-czysccowa-czy-demon-proba-ustalenia-kryteriow-2\/","title":{"rendered":"\u201eDusza czy\u015b\u0107cowa czy demon? \u201c\u2013 pr\u00f3ba ustalenia kryteri\u00f3w"},"content":{"rendered":"<div id=\"bsf_rt_marker\"><\/div><p>Duch czy materia? Podstawowe pytanie, kt\u00f3re pojawia si\u0119 w kontek\u015bcie objawie\u0144 anio\u0142\u00f3w, demon\u00f3w czy dusz zmar\u0142ych, a zw\u0142aszcza takich, kt\u00f3re&hellip;<\/p>\n<div style=\"text-align: center\">\n<p>&nbsp;<\/p>\n<\/div>\n<h2 style=\"border: 5px solid #0000A0;padding: 1em;text-align: center\"><span style=\"color: #000000\">Pe\u0142en dost\u0119p dla <span style=\"color: #00ccff\"><a style=\"color: #00ccff\" href=\"https:\/\/wobronietradycjiiwiary.com\/en\/subskrypcje-2\/\" target=\"_blank\" rel=\"noopener\">subskrybent\u00f3w<\/a><\/span>.<\/span><br \/>\n<span style=\"color: #3366ff\"><a style=\"color: #3366ff\" href=\"https:\/\/wobronietradycjiiwiary.com\/en\/account\/login\/\" target=\"_blank\" rel=\"noopener\"><span style=\"color: #00ccff\">Zaloguj<\/span><\/a> <\/span>si\u0119 lub przejd\u017a do <a href=\"https:\/\/wobronietradycjiiwiary.com\/en\/register\/\"><span style=\"color: #3366ff\">Rejestracji<\/span><\/a>.<\/h2>\n<div>\n<p style=\"text-align: center\"><a href=\"https:\/\/wobronietradycjiiwiary.com\/en\/subskrypcje-2\/cennik\/\" target=\"_blank\" rel=\"noopener\"><span style=\"color: #000080;font-size: 24pt\"><strong>Nowe ni\u017csze ceny<\/strong><\/span><\/a><\/p>\n<p style=\"text-align: center\"><strong><span style=\"font-size: 18pt;color: #000080\">P\u0142atno\u015b\u0107 kart\u0105<\/span><\/strong><\/p>\n<\/div>\n<h3 style=\"text-align: center\"><a href=\"https:\/\/wobronietradycjiiwiary.com\/en\/subskrypcje-2\/automatyczne\/indywidualne\/\" target=\"_blank\" rel=\"noopener\"><img fetchpriority=\"high\" decoding=\"async\" class=\"alignnone size-medium wp-image-80433\" src=\"https:\/\/wobronietradycjiiwiary.com\/wp-content\/uploads\/2022\/11\/Unbenannt-1-Online-1-300x202.jpg\" alt=\"\" width=\"300\" height=\"202\" srcset=\"https:\/\/wobronietradycjiiwiary.com\/wp-content\/uploads\/2022\/11\/Unbenannt-1-Online-1-300x202.jpg 300w, https:\/\/wobronietradycjiiwiary.com\/wp-content\/uploads\/2022\/11\/Unbenannt-1-Online-1-150x101.jpg 150w, https:\/\/wobronietradycjiiwiary.com\/wp-content\/uploads\/2022\/11\/Unbenannt-1-Online-1-18x12.jpg 18w, https:\/\/wobronietradycjiiwiary.com\/wp-content\/uploads\/2022\/11\/Unbenannt-1-Online-1.jpg 446w\" sizes=\"(max-width: 300px) 100vw, 300px\" \/><\/a><\/h3>\n<p style=\"text-align: center\"><strong><span style=\"font-size: 18pt;color: #000080\">P\u0142atno\u015b\u0107 przelewem<\/span><\/strong><\/p>\n<p><a href=\"https:\/\/wobronietradycjiiwiary.com\/en\/subskrypcje-2\/automatyczne\/indywidualne\/\" target=\"_blank\" rel=\"noopener\"><img decoding=\"async\" class=\"size-medium wp-image-80434 aligncenter\" src=\"https:\/\/wobronietradycjiiwiary.com\/wp-content\/uploads\/2022\/11\/Unbenannt-1-Przelewem-300x137.jpg\" alt=\"\" width=\"300\" height=\"137\" srcset=\"https:\/\/wobronietradycjiiwiary.com\/wp-content\/uploads\/2022\/11\/Unbenannt-1-Przelewem-300x137.jpg 300w, https:\/\/wobronietradycjiiwiary.com\/wp-content\/uploads\/2022\/11\/Unbenannt-1-Przelewem-450x206.jpg 450w, https:\/\/wobronietradycjiiwiary.com\/wp-content\/uploads\/2022\/11\/Unbenannt-1-Przelewem-600x274.jpg 600w, https:\/\/wobronietradycjiiwiary.com\/wp-content\/uploads\/2022\/11\/Unbenannt-1-Przelewem-150x69.jpg 150w, https:\/\/wobronietradycjiiwiary.com\/wp-content\/uploads\/2022\/11\/Unbenannt-1-Przelewem-18x8.jpg 18w, https:\/\/wobronietradycjiiwiary.com\/wp-content\/uploads\/2022\/11\/Unbenannt-1-Przelewem.jpg 676w\" sizes=\"(max-width: 300px) 100vw, 300px\" \/><\/a><\/p>\n<p style=\"text-align: center\"><strong><span style=\"font-size: 18pt;color: #000080\">P\u0142atno\u015b\u0107 kart\u0105 do 6 os\u00f3b<\/span><\/strong><\/p>\n<p><a href=\"https:\/\/wobronietradycjiiwiary.com\/en\/rodzinne\/\" target=\"_blank\" rel=\"noopener\"><img decoding=\"async\" class=\"size-medium wp-image-80435 aligncenter\" src=\"https:\/\/wobronietradycjiiwiary.com\/wp-content\/uploads\/2022\/11\/Unbenannt-1-Rodzinna-300x208.jpg\" alt=\"\" width=\"300\" height=\"208\" srcset=\"https:\/\/wobronietradycjiiwiary.com\/wp-content\/uploads\/2022\/11\/Unbenannt-1-Rodzinna-300x208.jpg 300w, https:\/\/wobronietradycjiiwiary.com\/wp-content\/uploads\/2022\/11\/Unbenannt-1-Rodzinna-150x104.jpg 150w, https:\/\/wobronietradycjiiwiary.com\/wp-content\/uploads\/2022\/11\/Unbenannt-1-Rodzinna-18x12.jpg 18w, https:\/\/wobronietradycjiiwiary.com\/wp-content\/uploads\/2022\/11\/Unbenannt-1-Rodzinna.jpg 448w\" sizes=\"(max-width: 300px) 100vw, 300px\" \/><\/a><\/p>\n<h3 style=\"text-align: center\"><\/h3>\n<h1 style=\"text-align: center\"><\/h1>","protected":false},"excerpt":{"rendered":"<p>Jak odr\u00f3\u017cni\u0107 zjaw\u0119 duszy czy\u015b\u0107cowej od zjawy demona? Pr\u00f3ba odpowiedzi.<\/p>","protected":false},"author":60508433,"featured_media":57796,"comment_status":"open","ping_status":"open","sticky":false,"template":"","format":"standard","meta":{"_bbp_topic_count":0,"_bbp_reply_count":0,"_bbp_total_topic_count":0,"_bbp_total_reply_count":0,"_bbp_voice_count":0,"_bbp_anonymous_reply_count":0,"_bbp_topic_count_hidden":0,"_bbp_reply_count_hidden":0,"_bbp_forum_subforum_count":0,"_editorskit_title_hidden":false,"_editorskit_reading_time":5,"_editorskit_is_block_options_detached":false,"_editorskit_block_options_position":"{}","_coblocks_attr":"","_coblocks_dimensions":"","_coblocks_responsive_height":"","_coblocks_accordion_ie_support":"","_exactmetrics_skip_tracking":false,"_jetpack_newsletter_access":"","_jetpack_dont_email_post_to_subs":false,"_jetpack_newsletter_tier_id":0,"_jetpack_memberships_contains_paywalled_content":false,"_wpcom_ai_launchpad_first_post":false,"_jetpack_feature_clip_id":0,"_jetpack_memberships_contains_paid_content":false,"footnotes":"","jetpack_publicize_message":"{title}\n\n{excerpt}\n\n{url}","jetpack_publicize_feature_enabled":true,"jetpack_social_post_already_shared":true,"jetpack_social_options":{"image_generator_settings":{"template":"highway","default_image_id":0,"font":"","enabled":false},"version":2},"_wpas_customize_per_network":false,"jetpack_post_was_ever_published":false},"categories":[610131294,610130731,610131185,402578791,610133484],"tags":[610132133],"class_list":["post-57787","post","type-post","status-publish","format-standard","has-post-thumbnail","hentry","category-czysciec","category-demonologia-praktyczna","category-doktryna","category-rzeczy-ostateczne-eschatologia","category-teologia-czyscca-czysciec","tag-restricted"],"yoast_head":"<!-- This site is optimized with the Yoast SEO plugin v28.3 - https:\/\/yoast.com\/product\/yoast-seo-wordpress\/ -->\n<title>\u201eDusza czy\u015b\u0107cowa czy demon? \u201c\u2013 pr\u00f3ba ustalenia kryteri\u00f3w - Tradycja i Wiara<\/title>\n<meta name=\"robots\" content=\"index, follow, max-snippet:-1, max-image-preview:large, max-video-preview:-1\" \/>\n<link rel=\"canonical\" href=\"https:\/\/wobronietradycjiiwiary.com\/en\/dusza-czysccowa-czy-demon-proba-ustalenia-kryteriow-2\/\" \/>\n<meta property=\"og:locale\" content=\"en_US\" \/>\n<meta property=\"og:type\" content=\"article\" \/>\n<meta property=\"og:title\" content=\"\u201eDusza czy\u015b\u0107cowa czy demon? \u201c\u2013 pr\u00f3ba ustalenia kryteri\u00f3w - Tradycja i Wiara\" \/>\n<meta property=\"og:description\" content=\"Jak odr\u00f3\u017cni\u0107 zjaw\u0119 duszy czy\u015b\u0107cowej od zjawy demona? Pr\u00f3ba odpowiedzi.\" \/>\n<meta property=\"og:url\" content=\"https:\/\/wobronietradycjiiwiary.com\/en\/dusza-czysccowa-czy-demon-proba-ustalenia-kryteriow-2\/\" \/>\n<meta property=\"og:site_name\" content=\"Tradycja i Wiara\" \/>\n<meta property=\"article:publisher\" content=\"https:\/\/www.facebook.com\/Tradycja-i-Wiara-108813920592249\" \/>\n<meta property=\"article:published_time\" content=\"2021-11-30T07:15:00+00:00\" \/>\n<meta property=\"article:modified_time\" content=\"2025-02-07T14:39:34+00:00\" \/>\n<meta property=\"og:image\" content=\"https:\/\/wobronietradycjiiwiary.com\/wp-content\/uploads\/2021\/11\/getatt.jpg\" \/>\n\t<meta property=\"og:image:width\" content=\"352\" \/>\n\t<meta property=\"og:image:height\" content=\"512\" \/>\n\t<meta property=\"og:image:type\" content=\"image\/jpeg\" \/>\n<meta name=\"author\" content=\"Traditio et Fides\" \/>\n<meta name=\"twitter:card\" content=\"summary_large_image\" \/>\n<meta name=\"twitter:label1\" content=\"Written by\" \/>\n\t<meta name=\"twitter:data1\" content=\"Traditio et Fides\" \/>\n\t<meta name=\"twitter:label2\" content=\"Est. reading time\" \/>\n\t<meta name=\"twitter:data2\" content=\"6 minutes\" \/>\n<script type=\"application\/ld+json\" class=\"yoast-schema-graph\">{\"@context\":\"https:\\\/\\\/schema.org\",\"@graph\":[{\"@type\":\"Article\",\"@id\":\"https:\\\/\\\/wobronietradycjiiwiary.com\\\/dusza-czysccowa-czy-demon-proba-ustalenia-kryteriow-2\\\/#article\",\"isPartOf\":{\"@id\":\"https:\\\/\\\/wobronietradycjiiwiary.com\\\/dusza-czysccowa-czy-demon-proba-ustalenia-kryteriow-2\\\/\"},\"author\":{\"name\":\"Traditio et Fides\",\"@id\":\"https:\\\/\\\/wobronietradycjiiwiary.com\\\/pl\\\/#\\\/schema\\\/person\\\/2d6180ce6abcb681fef0daab7816e8f3\"},\"headline\":\"\u201eDusza czy\u015b\u0107cowa czy demon? \u201c\u2013 pr\u00f3ba ustalenia kryteri\u00f3w\",\"datePublished\":\"2021-11-30T07:15:00+00:00\",\"dateModified\":\"2025-02-07T14:39:34+00:00\",\"mainEntityOfPage\":{\"@id\":\"https:\\\/\\\/wobronietradycjiiwiary.com\\\/dusza-czysccowa-czy-demon-proba-ustalenia-kryteriow-2\\\/\"},\"wordCount\":1590,\"commentCount\":0,\"publisher\":{\"@id\":\"https:\\\/\\\/wobronietradycjiiwiary.com\\\/pl\\\/#organization\"},\"image\":{\"@id\":\"https:\\\/\\\/wobronietradycjiiwiary.com\\\/dusza-czysccowa-czy-demon-proba-ustalenia-kryteriow-2\\\/#primaryimage\"},\"thumbnailUrl\":\"https:\\\/\\\/wobronietradycjiiwiary.com\\\/wp-content\\\/uploads\\\/2021\\\/11\\\/getatt.jpg\",\"keywords\":[\"Restricted\"],\"articleSection\":[\"Czy\u015bciec\",\"Demonologia praktyczna\",\"Doktryna\",\"Rzeczy ostateczne\",\"Teologia czy\u015b\u0107ca\"],\"inLanguage\":\"en-US\",\"potentialAction\":[{\"@type\":\"CommentAction\",\"name\":\"Comment\",\"target\":[\"https:\\\/\\\/wobronietradycjiiwiary.com\\\/dusza-czysccowa-czy-demon-proba-ustalenia-kryteriow-2\\\/#respond\"]}]},{\"@type\":\"WebPage\",\"@id\":\"https:\\\/\\\/wobronietradycjiiwiary.com\\\/dusza-czysccowa-czy-demon-proba-ustalenia-kryteriow-2\\\/\",\"url\":\"https:\\\/\\\/wobronietradycjiiwiary.com\\\/dusza-czysccowa-czy-demon-proba-ustalenia-kryteriow-2\\\/\",\"name\":\"\u201eDusza czy\u015b\u0107cowa czy demon? \u201c\u2013 pr\u00f3ba ustalenia kryteri\u00f3w - Tradycja i Wiara\",\"isPartOf\":{\"@id\":\"https:\\\/\\\/wobronietradycjiiwiary.com\\\/pl\\\/#website\"},\"primaryImageOfPage\":{\"@id\":\"https:\\\/\\\/wobronietradycjiiwiary.com\\\/dusza-czysccowa-czy-demon-proba-ustalenia-kryteriow-2\\\/#primaryimage\"},\"image\":{\"@id\":\"https:\\\/\\\/wobronietradycjiiwiary.com\\\/dusza-czysccowa-czy-demon-proba-ustalenia-kryteriow-2\\\/#primaryimage\"},\"thumbnailUrl\":\"https:\\\/\\\/wobronietradycjiiwiary.com\\\/wp-content\\\/uploads\\\/2021\\\/11\\\/getatt.jpg\",\"datePublished\":\"2021-11-30T07:15:00+00:00\",\"dateModified\":\"2025-02-07T14:39:34+00:00\",\"breadcrumb\":{\"@id\":\"https:\\\/\\\/wobronietradycjiiwiary.com\\\/dusza-czysccowa-czy-demon-proba-ustalenia-kryteriow-2\\\/#breadcrumb\"},\"inLanguage\":\"en-US\",\"potentialAction\":[{\"@type\":\"ReadAction\",\"target\":[\"https:\\\/\\\/wobronietradycjiiwiary.com\\\/dusza-czysccowa-czy-demon-proba-ustalenia-kryteriow-2\\\/\"]}]},{\"@type\":\"ImageObject\",\"inLanguage\":\"en-US\",\"@id\":\"https:\\\/\\\/wobronietradycjiiwiary.com\\\/dusza-czysccowa-czy-demon-proba-ustalenia-kryteriow-2\\\/#primaryimage\",\"url\":\"https:\\\/\\\/wobronietradycjiiwiary.com\\\/wp-content\\\/uploads\\\/2021\\\/11\\\/getatt.jpg\",\"contentUrl\":\"https:\\\/\\\/wobronietradycjiiwiary.com\\\/wp-content\\\/uploads\\\/2021\\\/11\\\/getatt.jpg\",\"width\":352,\"height\":512},{\"@type\":\"BreadcrumbList\",\"@id\":\"https:\\\/\\\/wobronietradycjiiwiary.com\\\/dusza-czysccowa-czy-demon-proba-ustalenia-kryteriow-2\\\/#breadcrumb\",\"itemListElement\":[{\"@type\":\"ListItem\",\"position\":1,\"name\":\"Strona g\u0142\u00f3wna\",\"item\":\"https:\\\/\\\/wobronietradycjiiwiary.com\\\/\"},{\"@type\":\"ListItem\",\"position\":2,\"name\":\"\u201eDusza czy\u015b\u0107cowa czy demon? \u201c\u2013 pr\u00f3ba ustalenia kryteri\u00f3w\"}]},{\"@type\":\"WebSite\",\"@id\":\"https:\\\/\\\/wobronietradycjiiwiary.com\\\/pl\\\/#website\",\"url\":\"https:\\\/\\\/wobronietradycjiiwiary.com\\\/pl\\\/\",\"name\":\"Tradycja i Wiara\",\"description\":\"Portal dla katolik\u00f3w.\",\"publisher\":{\"@id\":\"https:\\\/\\\/wobronietradycjiiwiary.com\\\/pl\\\/#organization\"},\"potentialAction\":[{\"@type\":\"SearchAction\",\"target\":{\"@type\":\"EntryPoint\",\"urlTemplate\":\"https:\\\/\\\/wobronietradycjiiwiary.com\\\/pl\\\/?s={search_term_string}\"},\"query-input\":{\"@type\":\"PropertyValueSpecification\",\"valueRequired\":true,\"valueName\":\"search_term_string\"}}],\"inLanguage\":\"en-US\"},{\"@type\":\"Organization\",\"@id\":\"https:\\\/\\\/wobronietradycjiiwiary.com\\\/pl\\\/#organization\",\"name\":\"Tradycja i Wiara\",\"url\":\"https:\\\/\\\/wobronietradycjiiwiary.com\\\/pl\\\/\",\"logo\":{\"@type\":\"ImageObject\",\"inLanguage\":\"en-US\",\"@id\":\"https:\\\/\\\/wobronietradycjiiwiary.com\\\/pl\\\/#\\\/schema\\\/logo\\\/image\\\/\",\"url\":\"https:\\\/\\\/i0.wp.com\\\/wobronietradycjiiwiary.com\\\/wp-content\\\/uploads\\\/2015\\\/10\\\/cropped-st-peters-dome-vatican.jpg?fit=940%2C198&ssl=1\",\"contentUrl\":\"https:\\\/\\\/i0.wp.com\\\/wobronietradycjiiwiary.com\\\/wp-content\\\/uploads\\\/2015\\\/10\\\/cropped-st-peters-dome-vatican.jpg?fit=940%2C198&ssl=1\",\"width\":940,\"height\":198,\"caption\":\"Tradycja i Wiara\"},\"image\":{\"@id\":\"https:\\\/\\\/wobronietradycjiiwiary.com\\\/pl\\\/#\\\/schema\\\/logo\\\/image\\\/\"},\"sameAs\":[\"https:\\\/\\\/www.facebook.com\\\/Tradycja-i-Wiara-108813920592249\"]},{\"@type\":\"Person\",\"@id\":\"https:\\\/\\\/wobronietradycjiiwiary.com\\\/pl\\\/#\\\/schema\\\/person\\\/2d6180ce6abcb681fef0daab7816e8f3\",\"name\":\"Traditio et Fides\",\"sameAs\":[\"https:\\\/\\\/traditionundglauben.com\"],\"url\":\"https:\\\/\\\/wobronietradycjiiwiary.com\\\/en\\\/author\\\/wobronietradycjiiwiary\\\/\"}]}<\/script>\n<!-- \/ Yoast SEO plugin. -->","yoast_head_json":{"title":"\u201eDusza czy\u015b\u0107cowa czy demon? \u201c\u2013 pr\u00f3ba ustalenia kryteri\u00f3w - Tradycja i Wiara","robots":{"index":"index","follow":"follow","max-snippet":"max-snippet:-1","max-image-preview":"max-image-preview:large","max-video-preview":"max-video-preview:-1"},"canonical":"https:\/\/wobronietradycjiiwiary.com\/en\/dusza-czysccowa-czy-demon-proba-ustalenia-kryteriow-2\/","og_locale":"en_US","og_type":"article","og_title":"\u201eDusza czy\u015b\u0107cowa czy demon? \u201c\u2013 pr\u00f3ba ustalenia kryteri\u00f3w - Tradycja i Wiara","og_description":"Jak odr\u00f3\u017cni\u0107 zjaw\u0119 duszy czy\u015b\u0107cowej od zjawy demona? Pr\u00f3ba odpowiedzi.","og_url":"https:\/\/wobronietradycjiiwiary.com\/en\/dusza-czysccowa-czy-demon-proba-ustalenia-kryteriow-2\/","og_site_name":"Tradycja i Wiara","article_publisher":"https:\/\/www.facebook.com\/Tradycja-i-Wiara-108813920592249","article_published_time":"2021-11-30T07:15:00+00:00","article_modified_time":"2025-02-07T14:39:34+00:00","og_image":[{"width":352,"height":512,"url":"https:\/\/wobronietradycjiiwiary.com\/wp-content\/uploads\/2021\/11\/getatt.jpg","type":"image\/jpeg"}],"author":"Traditio et Fides","twitter_card":"summary_large_image","twitter_misc":{"Written by":"Traditio et Fides","Est. reading time":"6 minutes"},"schema":{"@context":"https:\/\/schema.org","@graph":[{"@type":"Article","@id":"https:\/\/wobronietradycjiiwiary.com\/dusza-czysccowa-czy-demon-proba-ustalenia-kryteriow-2\/#article","isPartOf":{"@id":"https:\/\/wobronietradycjiiwiary.com\/dusza-czysccowa-czy-demon-proba-ustalenia-kryteriow-2\/"},"author":{"name":"Traditio et Fides","@id":"https:\/\/wobronietradycjiiwiary.com\/pl\/#\/schema\/person\/2d6180ce6abcb681fef0daab7816e8f3"},"headline":"\u201eDusza czy\u015b\u0107cowa czy demon? \u201c\u2013 pr\u00f3ba ustalenia kryteri\u00f3w","datePublished":"2021-11-30T07:15:00+00:00","dateModified":"2025-02-07T14:39:34+00:00","mainEntityOfPage":{"@id":"https:\/\/wobronietradycjiiwiary.com\/dusza-czysccowa-czy-demon-proba-ustalenia-kryteriow-2\/"},"wordCount":1590,"commentCount":0,"publisher":{"@id":"https:\/\/wobronietradycjiiwiary.com\/pl\/#organization"},"image":{"@id":"https:\/\/wobronietradycjiiwiary.com\/dusza-czysccowa-czy-demon-proba-ustalenia-kryteriow-2\/#primaryimage"},"thumbnailUrl":"https:\/\/wobronietradycjiiwiary.com\/wp-content\/uploads\/2021\/11\/getatt.jpg","keywords":["Restricted"],"articleSection":["Czy\u015bciec","Demonologia praktyczna","Doktryna","Rzeczy ostateczne","Teologia czy\u015b\u0107ca"],"inLanguage":"en-US","potentialAction":[{"@type":"CommentAction","name":"Comment","target":["https:\/\/wobronietradycjiiwiary.com\/dusza-czysccowa-czy-demon-proba-ustalenia-kryteriow-2\/#respond"]}]},{"@type":"WebPage","@id":"https:\/\/wobronietradycjiiwiary.com\/dusza-czysccowa-czy-demon-proba-ustalenia-kryteriow-2\/","url":"https:\/\/wobronietradycjiiwiary.com\/dusza-czysccowa-czy-demon-proba-ustalenia-kryteriow-2\/","name":"\u201eDusza czy\u015b\u0107cowa czy demon? \u201c\u2013 pr\u00f3ba ustalenia kryteri\u00f3w - Tradycja i Wiara","isPartOf":{"@id":"https:\/\/wobronietradycjiiwiary.com\/pl\/#website"},"primaryImageOfPage":{"@id":"https:\/\/wobronietradycjiiwiary.com\/dusza-czysccowa-czy-demon-proba-ustalenia-kryteriow-2\/#primaryimage"},"image":{"@id":"https:\/\/wobronietradycjiiwiary.com\/dusza-czysccowa-czy-demon-proba-ustalenia-kryteriow-2\/#primaryimage"},"thumbnailUrl":"https:\/\/wobronietradycjiiwiary.com\/wp-content\/uploads\/2021\/11\/getatt.jpg","datePublished":"2021-11-30T07:15:00+00:00","dateModified":"2025-02-07T14:39:34+00:00","breadcrumb":{"@id":"https:\/\/wobronietradycjiiwiary.com\/dusza-czysccowa-czy-demon-proba-ustalenia-kryteriow-2\/#breadcrumb"},"inLanguage":"en-US","potentialAction":[{"@type":"ReadAction","target":["https:\/\/wobronietradycjiiwiary.com\/dusza-czysccowa-czy-demon-proba-ustalenia-kryteriow-2\/"]}]},{"@type":"ImageObject","inLanguage":"en-US","@id":"https:\/\/wobronietradycjiiwiary.com\/dusza-czysccowa-czy-demon-proba-ustalenia-kryteriow-2\/#primaryimage","url":"https:\/\/wobronietradycjiiwiary.com\/wp-content\/uploads\/2021\/11\/getatt.jpg","contentUrl":"https:\/\/wobronietradycjiiwiary.com\/wp-content\/uploads\/2021\/11\/getatt.jpg","width":352,"height":512},{"@type":"BreadcrumbList","@id":"https:\/\/wobronietradycjiiwiary.com\/dusza-czysccowa-czy-demon-proba-ustalenia-kryteriow-2\/#breadcrumb","itemListElement":[{"@type":"ListItem","position":1,"name":"Strona g\u0142\u00f3wna","item":"https:\/\/wobronietradycjiiwiary.com\/"},{"@type":"ListItem","position":2,"name":"\u201eDusza czy\u015b\u0107cowa czy demon? \u201c\u2013 pr\u00f3ba ustalenia kryteri\u00f3w"}]},{"@type":"WebSite","@id":"https:\/\/wobronietradycjiiwiary.com\/pl\/#website","url":"https:\/\/wobronietradycjiiwiary.com\/pl\/","name":"Tradycja i Wiara","description":"Portal dla katolik\u00f3w.","publisher":{"@id":"https:\/\/wobronietradycjiiwiary.com\/pl\/#organization"},"potentialAction":[{"@type":"SearchAction","target":{"@type":"EntryPoint","urlTemplate":"https:\/\/wobronietradycjiiwiary.com\/pl\/?s={search_term_string}"},"query-input":{"@type":"PropertyValueSpecification","valueRequired":true,"valueName":"search_term_string"}}],"inLanguage":"en-US"},{"@type":"Organization","@id":"https:\/\/wobronietradycjiiwiary.com\/pl\/#organization","name":"Tradycja i Wiara","url":"https:\/\/wobronietradycjiiwiary.com\/pl\/","logo":{"@type":"ImageObject","inLanguage":"en-US","@id":"https:\/\/wobronietradycjiiwiary.com\/pl\/#\/schema\/logo\/image\/","url":"https:\/\/i0.wp.com\/wobronietradycjiiwiary.com\/wp-content\/uploads\/2015\/10\/cropped-st-peters-dome-vatican.jpg?fit=940%2C198&ssl=1","contentUrl":"https:\/\/i0.wp.com\/wobronietradycjiiwiary.com\/wp-content\/uploads\/2015\/10\/cropped-st-peters-dome-vatican.jpg?fit=940%2C198&ssl=1","width":940,"height":198,"caption":"Tradycja i Wiara"},"image":{"@id":"https:\/\/wobronietradycjiiwiary.com\/pl\/#\/schema\/logo\/image\/"},"sameAs":["https:\/\/www.facebook.com\/Tradycja-i-Wiara-108813920592249"]},{"@type":"Person","@id":"https:\/\/wobronietradycjiiwiary.com\/pl\/#\/schema\/person\/2d6180ce6abcb681fef0daab7816e8f3","name":"Traditio et Fides","sameAs":["https:\/\/traditionundglauben.com"],"url":"https:\/\/wobronietradycjiiwiary.com\/en\/author\/wobronietradycjiiwiary\/"}]}},"jetpack_publicize_connections":[],"jetpack_sharing_enabled":true,"jetpack_likes_enabled":true,"jetpack_shortlink":"https:\/\/wp.me\/pc04Sd-f23","jetpack-related-posts":[{"id":22088,"url":"https:\/\/wobronietradycjiiwiary.com\/en\/wprowadzenie-do-cyklu-kosciol-i-asmodeusz-don-pietro-leone-4-z-hierarchia-grzechow-seksualnych-2\/","url_meta":{"origin":57787,"position":0},"title":"Wprowadzenie do cyklu \u201eKo\u015bci\u00f3\u0142 i Asmodeusz\u201d Don Pietro Leone. A. (3 z 3)  Materia ci\u0119\u017cka. Natura. Hierarchia de sexto","author":"Traditio et Fides","date":"23 June 2017","format":false,"excerpt":"Czym jest \"materia ci\u0119\u017cka\"? Wszystkie czynno\u015bci seksualne charakteryzuj\u0105 si\u0119 tym, \u017ce ich materia, to znaczy, to, o co w nich chodzi, jest ci\u0119\u017cka. Aby zaistnia\u0142 grzech musi nast\u0105pi\u0107 przekroczenie przykazania Bo\u017cego lub przykazania ko\u015bcielnego. Zatem je\u015bli nie ma przykazania Bo\u017cego lub ko\u015bcielnego, kt\u00f3re si\u0119 od tego pierwszego wywodzi, to i\u2026","rel":"","context":"In &quot;Don Pietro Leone&quot;","block_context":{"text":"Don Pietro Leone","link":"https:\/\/wobronietradycjiiwiary.com\/en\/category\/polemika\/autorzy-polemiczni\/don-pietro-leone\/"},"img":{"alt_text":"","src":"https:\/\/i0.wp.com\/wobronietradycjiiwiary.com\/wp-content\/uploads\/2017\/06\/enhanced-buzz-23785-1458319648-8.jpg?resize=350%2C200&ssl=1","width":350,"height":200},"classes":[]},{"id":112601,"url":"https:\/\/wobronietradycjiiwiary.com\/en\/sw-tomasz-z-akwinu-q-79-3-z-3-stan-zmartwychwstalych-czy-na-to-samo-miejsce\/","url_meta":{"origin":57787,"position":1},"title":"\u015aw. Tomasz z Akwinu, Q. 79. (3 z 3). Stan zmartwychwsta\u0142ych. Czy na to samo miejsce?","author":"Traditio et Fides","date":"1 March 2024","format":false,"excerpt":"O tym, czy po zmartwychwstaniu mie\u0107 b\u0119dziemy wszystkie cz\u0119\u015bci cia\u0142a.","rel":"","context":"In &quot;Doktryna&quot;","block_context":{"text":"Doktryna","link":"https:\/\/wobronietradycjiiwiary.com\/en\/category\/doktryna\/"},"img":{"alt_text":"","src":"https:\/\/i0.wp.com\/wobronietradycjiiwiary.com\/wp-content\/uploads\/2023\/10\/Auferstehung.jpg?resize=350%2C200&ssl=1","width":350,"height":200,"srcset":"https:\/\/i0.wp.com\/wobronietradycjiiwiary.com\/wp-content\/uploads\/2023\/10\/Auferstehung.jpg?resize=350%2C200&ssl=1 1x, https:\/\/i0.wp.com\/wobronietradycjiiwiary.com\/wp-content\/uploads\/2023\/10\/Auferstehung.jpg?resize=525%2C300&ssl=1 1.5x"},"classes":[]},{"id":118078,"url":"https:\/\/wobronietradycjiiwiary.com\/en\/sw-tomasz-z-akwinu-q-83-1-z-6-subtelnosc-cial-uchwalebnionych-1-czym-jest\/","url_meta":{"origin":57787,"position":2},"title":"\u015aw. Tomasz z Akwinu, Q. 83. (1 z 6). Subtelno\u015b\u0107 cia\u0142 uchwalebnionych. (1) Czym jest?","author":"Traditio et Fides","date":"14 June 2024","format":false,"excerpt":"Czym jest subtelno\u015b\u0107 cia\u0142 uchwalebnionych?","rel":"","context":"In &quot;Doktryna&quot;","block_context":{"text":"Doktryna","link":"https:\/\/wobronietradycjiiwiary.com\/en\/category\/doktryna\/"},"img":{"alt_text":"","src":"https:\/\/i0.wp.com\/wobronietradycjiiwiary.com\/wp-content\/uploads\/2023\/10\/Auferstehung.jpg?resize=350%2C200&ssl=1","width":350,"height":200,"srcset":"https:\/\/i0.wp.com\/wobronietradycjiiwiary.com\/wp-content\/uploads\/2023\/10\/Auferstehung.jpg?resize=350%2C200&ssl=1 1x, https:\/\/i0.wp.com\/wobronietradycjiiwiary.com\/wp-content\/uploads\/2023\/10\/Auferstehung.jpg?resize=525%2C300&ssl=1 1.5x"},"classes":[]},{"id":26153,"url":"https:\/\/wobronietradycjiiwiary.com\/en\/kard-bona-o-rozpoznawaniu-duchow-62-duch-bozy-przemienia-dusze\/","url_meta":{"origin":57787,"position":3},"title":"Kard. Bona. \u201eO rozpoznawaniu duch\u00f3w\u201d (62). Duch Bo\u017cy przemienia dusz\u0119.","author":"Traditio et Fides","date":"27 January 2020","format":false,"excerpt":"Ryszard od \u015bw. Wiktora i \u015bw. Bernard z Clairvaux opisuj\u0105 bardzo pi\u0119knie i literacko co\u015b, co \u015bw. Teresa okre\u015bla bardzo lapidarnie. Mianowicie to, \u017ce \u0142aski modlitewne przemieniaj\u0105 dusz\u0119 i sprawiaj\u0105 w niej to, co czym m\u00f3wi\u0105. Jak sobie to wyobrazi\u0107? We\u017amy na przyk\u0142ad s\u0142owa \"Nie l\u0119kaj si\u0119, bo si\u0119 ju\u017c\u2026","rel":"","context":"In &quot;\"Rozeznawanie duch\u00f3w\"&quot;","block_context":{"text":"\"Rozeznawanie duch\u00f3w\"","link":"https:\/\/wobronietradycjiiwiary.com\/en\/category\/duchowosc\/autorzy\/kardynal-bona\/rozeznawanie-duchow\/"},"img":{"alt_text":"","src":"https:\/\/i0.wp.com\/wobronietradycjiiwiary.com\/wp-content\/uploads\/2020\/01\/29183e5c6fd59bc5a33a573a12632224.jpg?resize=350%2C200&ssl=1","width":350,"height":200,"srcset":"https:\/\/i0.wp.com\/wobronietradycjiiwiary.com\/wp-content\/uploads\/2020\/01\/29183e5c6fd59bc5a33a573a12632224.jpg?resize=350%2C200&ssl=1 1x, https:\/\/i0.wp.com\/wobronietradycjiiwiary.com\/wp-content\/uploads\/2020\/01\/29183e5c6fd59bc5a33a573a12632224.jpg?resize=525%2C300&ssl=1 1.5x, https:\/\/i0.wp.com\/wobronietradycjiiwiary.com\/wp-content\/uploads\/2020\/01\/29183e5c6fd59bc5a33a573a12632224.jpg?resize=700%2C400&ssl=1 2x, https:\/\/i0.wp.com\/wobronietradycjiiwiary.com\/wp-content\/uploads\/2020\/01\/29183e5c6fd59bc5a33a573a12632224.jpg?resize=1050%2C600&ssl=1 3x"},"classes":[]},{"id":17013,"url":"https:\/\/wobronietradycjiiwiary.com\/en\/sakramentalia-laska-uczynkowa-i-pokropienie-woda-swiecona\/","url_meta":{"origin":57787,"position":4},"title":"Sakramentalia, \u0142aska uczynkowa i pokropienie wod\u0105 \u015bwi\u0119con\u0105.","author":"Traditio et Fides","date":"19 January 2018","format":false,"excerpt":"Wym\u00f3g formy przy \u015bwi\u0119ceniu sakramentali\u00f3w, o kt\u00f3rym by\u0142a ju\u017c mowa,[1] niepokoi wielu czytelnik\u00f3w, gdy\u017c zasadniczo istniej\u0105 nast\u0119puj\u0105ce mo\u017cliwo\u015bci: (1) Sakramentalia s\u0105 po\u015bwi\u0119cone wtedy, gdy ksi\u0105dz m\u00f3wi, \u017ce tak jest, bo on to po\u015bwi\u0119ci\u0142 nawet z pomini\u0119ciem wszystkich wymog\u00f3w prawa kanonicznego, Rituale romanum lub posoborowych przepis\u00f3w b\u0142ogos\u0142awie\u0144stw (np. chlapi\u0105c wod\u0105 \u015bwi\u0119con\u0105\u2026","rel":"","context":"In &quot;B\u0142ogos\u0142awienie i \u015bwi\u0119cenie&quot;","block_context":{"text":"B\u0142ogos\u0142awienie i \u015bwi\u0119cenie","link":"https:\/\/wobronietradycjiiwiary.com\/en\/category\/doktryna\/teologia-dogmatyczna\/sakramentalia\/blogoslawienie-i-swiecenie\/"},"img":{"alt_text":"","src":"https:\/\/i0.wp.com\/wobronietradycjiiwiary.com\/wp-content\/uploads\/2018\/01\/beatus-vir.jpg?resize=350%2C200&ssl=1","width":350,"height":200,"srcset":"https:\/\/i0.wp.com\/wobronietradycjiiwiary.com\/wp-content\/uploads\/2018\/01\/beatus-vir.jpg?resize=350%2C200&ssl=1 1x, https:\/\/i0.wp.com\/wobronietradycjiiwiary.com\/wp-content\/uploads\/2018\/01\/beatus-vir.jpg?resize=525%2C300&ssl=1 1.5x, https:\/\/i0.wp.com\/wobronietradycjiiwiary.com\/wp-content\/uploads\/2018\/01\/beatus-vir.jpg?resize=700%2C400&ssl=1 2x"},"classes":[]},{"id":8059,"url":"https:\/\/wobronietradycjiiwiary.com\/en\/gnoza-1-aktualnosc-gnozy-czym-jest-filozofia\/","url_meta":{"origin":57787,"position":5},"title":"Gnoza. (1) Aktualno\u015b\u0107 gnozy. Czym jest filozofia?","author":"Traditio et Fides","date":"30 December 2015","format":false,"excerpt":"Aktualno\u015b\u0107 tematyki gnozy Do temat\u00f3w, do kt\u00f3rych redakcja od d\u0142u\u017cszego czasu si\u0119 przymierza nale\u017cy tematyka gnozy. Dlaczego? Poniewa\u017c po ostatnim Soborze gnoza wkrad\u0142a si\u0119 do Ko\u015bcio\u0142a i mn\u00f3stwo ruch\u00f3w posoborowych wykazuje cechy stricte gnostyckie, podobnie jak nauczanie naszego papie\u017ca Franciszka. Gnostyckie s\u0105 bowiem takie ruchy jak: Neokatechumenat, Opus Dei Communita\u2026","rel":"","context":"In &quot;Doktryna&quot;","block_context":{"text":"Doktryna","link":"https:\/\/wobronietradycjiiwiary.com\/en\/category\/doktryna\/"},"img":{"alt_text":"","src":"https:\/\/i0.wp.com\/wobronietradycjiiwiary.com\/wp-content\/uploads\/2016\/01\/2-format43.jpg?resize=350%2C200&ssl=1","width":350,"height":200,"srcset":"https:\/\/i0.wp.com\/wobronietradycjiiwiary.com\/wp-content\/uploads\/2016\/01\/2-format43.jpg?resize=350%2C200&ssl=1 1x, https:\/\/i0.wp.com\/wobronietradycjiiwiary.com\/wp-content\/uploads\/2016\/01\/2-format43.jpg?resize=525%2C300&ssl=1 1.5x, https:\/\/i0.wp.com\/wobronietradycjiiwiary.com\/wp-content\/uploads\/2016\/01\/2-format43.jpg?resize=700%2C400&ssl=1 2x"},"classes":[]}],"amp_enabled":true,"jetpack_featured_media_url":"https:\/\/wobronietradycjiiwiary.com\/wp-content\/uploads\/2021\/11\/getatt.jpg","_links":{"self":[{"href":"https:\/\/wobronietradycjiiwiary.com\/en\/wp-json\/wp\/v2\/posts\/57787","targetHints":{"allow":["GET"]}}],"collection":[{"href":"https:\/\/wobronietradycjiiwiary.com\/en\/wp-json\/wp\/v2\/posts"}],"about":[{"href":"https:\/\/wobronietradycjiiwiary.com\/en\/wp-json\/wp\/v2\/types\/post"}],"author":[{"embeddable":true,"href":"https:\/\/wobronietradycjiiwiary.com\/en\/wp-json\/wp\/v2\/users\/60508433"}],"replies":[{"embeddable":true,"href":"https:\/\/wobronietradycjiiwiary.com\/en\/wp-json\/wp\/v2\/comments?post=57787"}],"version-history":[{"count":9,"href":"https:\/\/wobronietradycjiiwiary.com\/en\/wp-json\/wp\/v2\/posts\/57787\/revisions"}],"predecessor-version":[{"id":57922,"href":"https:\/\/wobronietradycjiiwiary.com\/en\/wp-json\/wp\/v2\/posts\/57787\/revisions\/57922"}],"wp:featuredmedia":[{"embeddable":true,"href":"https:\/\/wobronietradycjiiwiary.com\/en\/wp-json\/wp\/v2\/media\/57796"}],"wp:attachment":[{"href":"https:\/\/wobronietradycjiiwiary.com\/en\/wp-json\/wp\/v2\/media?parent=57787"}],"wp:term":[{"taxonomy":"category","embeddable":true,"href":"https:\/\/wobronietradycjiiwiary.com\/en\/wp-json\/wp\/v2\/categories?post=57787"},{"taxonomy":"post_tag","embeddable":true,"href":"https:\/\/wobronietradycjiiwiary.com\/en\/wp-json\/wp\/v2\/tags?post=57787"}],"curies":[{"name":"wp","href":"https:\/\/api.w.org\/{rel}","templated":true}]}}