{"id":5262,"date":"2015-04-26T08:00:29","date_gmt":"2015-04-26T06:00:29","guid":{"rendered":"https:\/\/wobronietradycjiiwiary.com\/?p=5262"},"modified":"2025-12-23T17:58:03","modified_gmt":"2025-12-23T16:58:03","slug":"prywatny-prywatny-przed-nim-krocza-majestat-i-piekno-wizualne-wprowadzenie-do-mszy-trydenckiej-cz-12-z-16","status":"publish","type":"post","link":"https:\/\/wobronietradycjiiwiary.com\/en\/prywatny-prywatny-przed-nim-krocza-majestat-i-piekno-wizualne-wprowadzenie-do-mszy-trydenckiej-cz-12-z-16\/","title":{"rendered":"\u201ePrzed Nim krocz\u0105 majestat i pi\u0119kno\u201d. Wizualne wprowadzenie do Mszy Trydenckiej. (cz. 12 z 16). Unde et memores &#8211; Nobis quoque."},"content":{"rendered":"<div id=\"bsf_rt_marker\"><\/div>\t\t<div data-elementor-type=\"wp-post\" data-elementor-id=\"5262\" class=\"elementor elementor-5262\" data-elementor-post-type=\"post\">\n\t\t\t\t\t\t<section class=\"elementor-section elementor-top-section elementor-element elementor-element-4d648c6a elementor-section-boxed elementor-section-height-default elementor-section-height-default\" data-id=\"4d648c6a\" data-element_type=\"section\" data-e-type=\"section\">\n\t\t\t\t\t\t<div class=\"elementor-container elementor-column-gap-default\">\n\t\t\t\t\t<div class=\"elementor-column elementor-col-100 elementor-top-column elementor-element elementor-element-3ccaf32e\" data-id=\"3ccaf32e\" data-element_type=\"column\" data-e-type=\"column\">\n\t\t\t<div class=\"elementor-widget-wrap elementor-element-populated\">\n\t\t\t\t\t\t<div class=\"elementor-element elementor-element-20061396 elementor-widget elementor-widget-text-editor\" data-id=\"20061396\" data-element_type=\"widget\" data-e-type=\"widget\" data-widget_type=\"text-editor.default\">\n\t\t\t\t<div class=\"elementor-widget-container\">\n\t\t\t\t\t\t\t\t\t<p style=\"text-align: center;\"><span style=\"font-family: verdana, geneva, sans-serif;\"><span class=\"embed-youtube\" style=\"text-align:center; display: block;\"><iframe class=\"youtube-player\" width=\"420\" height=\"315\" src=\"https:\/\/www.youtube.com\/embed\/s-4OEH-bghg?version=3&#038;rel=1&#038;showsearch=0&#038;showinfo=1&#038;iv_load_policy=1&#038;fs=1&#038;hl=en-US&#038;autohide=2&#038;wmode=transparent\" allowfullscreen=\"true\" style=\"border:0;\" sandbox=\"allow-scripts allow-same-origin allow-popups allow-presentation allow-popups-to-escape-sandbox\"><\/iframe><\/span><\/span><\/p><p style=\"text-align: justify;\"><span style=\"color: #993366; font-family: verdana, geneva, sans-serif;\"><strong>Po Przeistoczeniu ca\u0142y Ko\u015bci\u00f3\u0142 ten obecny przy o\u0142tarzu (&#8220;my s\u0142udzy Twoi&#8221;), ten zapocz\u0105tkowany w historii ludzko\u015bci (&#8220;s\u0142ugi Twego Abla&#8221;) Starym Testamencie\u00a0 (&#8220;Patriarchy naszego Abrahama&#8221;), ten w czy\u015bccu (&#8220;pomnij na s\u0142ugi i s\u0142u\u017cebnice, kt\u00f3rzy \u015bpi\u0105 snem pokoju&#8221;) i wreszcie ten w niebie (&#8220;racz da\u0107 jaki\u015b udzia\u0142 i obcowanie ze \u015bwi\u0119tymi&#8221;) jednoczy si\u0119, poniewa\u017c uczestniczy w ponadczasowej Ofierze Chrystusa Najwy\u017cszego Arcykap\u0142ana, kt\u00f3ry ofiaruje si\u0119 sam siebie. Modlitwom tym towarzysz\u0105 liczne i symboliczne znaki krzy\u017ca: 5 x w <em>Unde memores n<\/em>a znak pi\u0119ciu Ran Chrystusa, 2 x w <em>Unde supplices<\/em> na znak Cia\u0142a i Krwi Pa\u0144skiej, 3 x w <em>Per quem hoc omnia<\/em> na znak Tr\u00f3jcy \u015awi\u0119tej oraz ponownie 5 x w <em>Per ipsum<\/em>, znowu na znak pi\u0119ciu Ran Chrystusa. Poniewa\u017c b\u0142ogos\u0142awienie przez kap\u0142ana znakiem krzy\u017ca, szczeg\u00f3lnie podczas Mszy \u015awi\u0119tej, przekazuje dodatkow\u0105 \u0142ask\u0119 i u\u015bwi\u0119cenie, dlatego przyj\u0105\u0107 mo\u017cna, \u017ce te znaki krzy\u017ca, maj\u0105ce miejsce po Przeistoczeniu, \u0142\u0105cz\u0105 si\u0119 z dodatkowym u\u015bwi\u0119ceniem samej Naj\u015bwi\u0119tszej Ofiary, kap\u0142ana i obecnego ludu.<\/strong><\/span><\/p><table width=\"100%\"><tbody><tr valign=\"top\"><td width=\"50%\"><span style=\"font-family: verdana, geneva, sans-serif;\"><strong>Unde et memores<\/strong> Domine, nos servi tui, sed et plebs tua sancta, eiusdem Christi Filii tui Domini nostri, tam beatae passionis, nec non et ab inferis resurrectionis, sed et in caelos gloriosae ascensionis: offerimus praeclarae majestati tuae de tuis donis ac datis, hostiam (+) puram, hostiam (+) sanctam, hostiam (+) immaculatam, Panem (+) sanctum vitae aeternae, et Calicem (+) salutis perpetuae.<\/span><\/td><td width=\"50%\"><span style=\"font-family: verdana, geneva, sans-serif;\">Przeto i my s\u0142udzy Twoi, Panie, oraz lud Tw\u00f3j \u015bwi\u0119ty, wspominaj\u0105c tak b\u0142ogos\u0142awion\u0105 M\u0119k\u0119, jak te\u017c i Zmartwychwstanie z otch\u0142ani i chwalebne Wniebowst\u0105pienie tego\u017c Chrystusa, Syna Twojego, Pana naszego, ofiarujemy przedostojnemu Majestatowi Twojemu, z dar\u00f3w i dobrodziejstw Twoich, Hosti\u0119 (+) czyst\u0105, Hosti\u0119 (+) \u015bwiet\u0105, Hosti\u0119 (+) Niepokalan\u0105, Chleb (+) \u015bwi\u0119ty wiekuistego \u017cycia i Kielich (+) zbawienia wiecznego.<\/span><\/td><\/tr><\/tbody><\/table><table width=\"100%\"><tbody><tr valign=\"top\"><td width=\"50%\"><span style=\"font-family: verdana, geneva, sans-serif;\"><strong>Supra quae<\/strong> propitio ac sereno vultu respicere digneris: et accepta habere, sicuti accepta habere dignatus es munera pueri tui iusti Abel, et sacrificium patriarchae nostri Abrahae: et quod tibi obtulit summus sacerdos tuus Melchisedech, sanctum sacrificium, immaculatam hostiam.<\/span><\/td><td width=\"50%\"><span style=\"font-family: verdana, geneva, sans-serif;\">Racz na nie wejrze\u0107 przejednanym i \u0142askawym obliczem i przyj\u0105\u0107 je tak mile, jak mile przyj\u0105\u0107 raczy\u0142e\u015b dary sprawiedliwego s\u0142ugi Twego Abla i ofiar\u0119 Patryjarchy naszego Abrahama i t\u0119, kt\u00f3r\u0105 Ci z\u0142o\u017cy\u0142 najwy\u017cszy Tw\u00f3j Kap\u0142an Melchizedek, ofiar\u0119 \u015bwi\u0119t\u0105, hosti\u0119 niepokalan\u0105.<\/span><\/td><\/tr><\/tbody><\/table><table width=\"100%\"><tbody><tr valign=\"top\"><td width=\"50%\"><span style=\"font-family: verdana, geneva, sans-serif;\"><strong>Supplices te<\/strong> rogamus, omnipotens Deus; iube haec perferri per manus sancti Angeli tui in sublime altare tuum, in conspectu divinae majestatis tuae: ut quotquot ex hac altaris participatione, sacrosanctum Filii tui Corpus (+) et Sanquinem (+) sumpserimus omni benedictione caelesti et gratia repleamur. Per eumdem Christum, Dominum nostrum. Amen.<\/span><\/td><td width=\"50%\"><span style=\"font-family: verdana, geneva, sans-serif;\">Pokornie Ci\u0119 b\u0142agamy, wszechmog\u0105cy Bo\u017ce, rozkaz, by r\u0119ce \u015bwi\u0119tego Anio\u0142a Twego zanios\u0142y t\u0119 Ofiar\u0119 na niebia\u0144ski Tw\u00f3j o\u0142tarz, przed oblicze Boskiego Majestatu Twego, aby\u015bmy wszyscy, tego o\u0142tarza uczestnicy, po\u017cywaj\u0105c przenaj\u015bwi\u0119tsze + Cia\u0142o i Krew + Syna Twego, otrzymali z niebios pe\u0142ni\u0119 b\u0142ogos\u0142awie\u0144stwa i \u0142aski. Przez tego\u017c Chrystusa, Pana naszego. Amen.<\/span><\/td><\/tr><\/tbody><\/table><table width=\"100%\"><tbody><tr valign=\"top\"><td width=\"50%\"><span style=\"font-family: verdana, geneva, sans-serif;\"><strong>Memento etiam<\/strong>, Domine, famulorum famularumque tuarum N. et N. qui nos praecesserunt cum signo fidei, et dormiunt in somno pacis.<\/span><\/td><td width=\"50%\"><span style=\"font-family: verdana, geneva, sans-serif;\">Pomnij te\u017c, Panie, na s\u0142ugi i s\u0142u\u017cebnice Twoje NN., kt\u00f3rzy nas wyprzedzili ze znamieniem wiary i \u015bpi\u0105 snem pokoju. <i>(Przypomnij, za kogo si\u0119 modlisz)<\/i><\/span><\/td><\/tr><tr valign=\"top\"><td width=\"50%\"><span style=\"font-family: verdana, geneva, sans-serif;\">Ipsis, Domine, et omnibus in Christo quiescentibus, locum refrigerii, lucis et pacis, ut indulgeas, deprecamur. Per eumdem Christum Dominum nostrum. Amen.<\/span><\/td><td width=\"50%\"><span style=\"font-family: verdana, geneva, sans-serif;\">B\u0142agamy Ci\u0119, Panie, u\u017cycz im i wszystkim tym, kt\u00f3rzy w Chrystusie spoczywaj\u0105, miejsca och\u0142ody, \u015bwiat\u0142a i pokoju. Przez tego\u017c Chrystusa, Pana naszego. Amen.<\/span><\/td><\/tr><\/tbody><\/table><table width=\"100%\"><tbody><tr valign=\"top\"><td width=\"50%\"><span style=\"font-family: verdana, geneva, sans-serif;\"><strong>Nobis quoque<\/strong> peccatoribus famulis tuis, de multitudine miserationum tuarum sperantibus, partem aliquam et societatem donare digneris, cum tuis sanctis Apostolis et Martyribus: cum Ioanne, Stephano, Matthia, Barnaba, Ignatio, Alexandro, Marcellino, Petro, Felicitate, Perpetua, Agatha, Lucia, Agnete, Caecilia, Anastasia, et omnibus sanctis tuis: intra quorum nos consortium, non aestimator meriti, sed veniae, quaesumus, largitor admitte. Per Christum Dominum nostrum.<\/span><\/td><td width=\"50%\"><span style=\"font-family: verdana, geneva, sans-serif;\">Nam tak\u017ce, grzesznym s\u0142ugom Twoim, kt\u00f3rzy pok\u0142adamy nadziej\u0119 w mn\u00f3stwie lito\u015bci Twojej, racz da\u0107 jaki\u015b udzia\u0142 i obcowanie ze \u015bwi\u0119tymi Twoimi Aposto\u0142ami i M\u0119czennikami: Janem (Chrzcicielem), Szczepanem (Diakonem), Maciejem (Aposto\u0142em), Barnab\u0105, Ignacym (Biskupem) Aleksandrem, Marcelinem, Piotrem, <i>(<\/i>M\u0119czennice) Felicyt\u0105, Perpetu\u0105, Agat\u0105, \u0141ucj\u0105, Agnieszk\u0105, Cecyli\u0105, Anastazj\u0105, i ca\u0142ym gronem Twych \u015awi\u0119tych; dopu\u015b\u0107 nas, prosimy, do ich wsp\u00f3\u0142dziedzictwa, nie z naszych zas\u0142ug bior\u0105c miar\u0119, lecz przebaczeniem obdarzaj\u0105c Przez Chrystusa, Pana naszego.<\/span><\/td><\/tr><\/tbody><\/table><table width=\"100%\"><tbody><tr valign=\"top\"><td width=\"50%\"><span style=\"font-family: verdana, geneva, sans-serif;\"><strong>Per quem haec omnia<\/strong>, Domine, semper bona creas, sanctificas (+), vivificas (+), benedicis (+) et praestas nobis.<\/span><\/td><td width=\"50%\"><span style=\"font-family: verdana, geneva, sans-serif;\">Przez Niego, Panie, te wszystkie dary zawsze dobrymi stwarzasz, uswi\u0119+casz, o\u017cy+wiasz, b\u0142ogo+s\u0142awisz i nam ich udzielasz.<\/span><\/td><\/tr><\/tbody><\/table><table width=\"100%\"><tbody><tr valign=\"top\"><td width=\"50%\"><span style=\"font-family: verdana, geneva, sans-serif;\"><strong>Per ipsum<\/strong> (+), et cum ipso (+), et in ipso (+), est tibi Deo Patri (+) omnipotenti, in unitate Spritus (+) Sancti, omnis honor et gloria.<\/span><\/td><td width=\"50%\"><span style=\"font-family: verdana, geneva, sans-serif;\">Przez + Niego i z + Nim, i w + Nim masz, Bo\u017ce Ojcze + wszechmog\u0105cy, w jedno\u015bci Ducha + \u015awi\u0119tego, wszelk\u0105 cze\u015b\u0107 i chwa\u0142\u0119.<\/span><\/td><\/tr><tr valign=\"top\"><td width=\"50%\"><span style=\"font-family: verdana, geneva, sans-serif;\">Per omnia saecula saeculorum.<\/span><br \/><span style=\"font-family: verdana, geneva, sans-serif;\">Amen.<\/span><\/td><td width=\"50%\"><span style=\"font-family: verdana, geneva, sans-serif;\">Przez wszystkie wieki wiek\u00f3w.<\/span><br \/><span style=\"font-family: verdana, geneva, sans-serif;\">Amen.<\/span><\/td><\/tr><\/tbody><\/table>\t\t\t\t\t\t\t\t<\/div>\n\t\t\t\t<\/div>\n\t\t\t\t\t<\/div>\n\t\t<\/div>\n\t\t\t\t\t<\/div>\n\t\t<\/section>\n\t\t\t\t<section class=\"elementor-section elementor-top-section elementor-element elementor-element-c4afc2b elementor-section-boxed elementor-section-height-default elementor-section-height-default\" data-id=\"c4afc2b\" data-element_type=\"section\" data-e-type=\"section\">\n\t\t\t\t\t\t<div class=\"elementor-container elementor-column-gap-default\">\n\t\t\t\t\t<div class=\"elementor-column elementor-col-100 elementor-top-column elementor-element elementor-element-b746d52\" data-id=\"b746d52\" data-element_type=\"column\" data-e-type=\"column\">\n\t\t\t<div class=\"elementor-widget-wrap elementor-element-populated\">\n\t\t\t\t\t\t<div class=\"elementor-element elementor-element-cdb7957 elementor-widget elementor-widget-button\" data-id=\"cdb7957\" data-element_type=\"widget\" data-e-type=\"widget\" id=\"top\" data-widget_type=\"button.default\">\n\t\t\t\t<div class=\"elementor-widget-container\">\n\t\t\t\t\t\t\t\t\t<div class=\"elementor-button-wrapper\">\n\t\t\t\t\t<a class=\"elementor-button elementor-button-link elementor-size-sm\" href=\"#\" id=\"top\">\n\t\t\t\t\t\t<span class=\"elementor-button-content-wrapper\">\n\t\t\t\t\t\t\t\t\t<span class=\"elementor-button-text\">W g\u00f3r\u0119<\/span>\n\t\t\t\t\t<\/span>\n\t\t\t\t\t<\/a>\n\t\t\t\t<\/div>\n\t\t\t\t\t\t\t\t<\/div>\n\t\t\t\t<\/div>\n\t\t\t\t\t<\/div>\n\t\t<\/div>\n\t\t\t\t\t<\/div>\n\t\t<\/section>\n\t\t\t\t<section class=\"elementor-section elementor-top-section elementor-element elementor-element-6d6a4b0 elementor-section-boxed elementor-section-height-default elementor-section-height-default\" data-id=\"6d6a4b0\" data-element_type=\"section\" data-e-type=\"section\" data-settings=\"{&quot;background_background&quot;:&quot;classic&quot;}\">\n\t\t\t\t\t\t<div class=\"elementor-container elementor-column-gap-default\">\n\t\t\t\t\t<div class=\"elementor-column elementor-col-100 elementor-top-column elementor-element elementor-element-7feca6b\" data-id=\"7feca6b\" data-element_type=\"column\" data-e-type=\"column\">\n\t\t\t<div class=\"elementor-widget-wrap elementor-element-populated\">\n\t\t\t\t\t\t<div class=\"elementor-element elementor-element-e95df7f elementor-widget elementor-widget-text-editor\" data-id=\"e95df7f\" data-element_type=\"widget\" data-e-type=\"widget\" data-widget_type=\"text-editor.default\">\n\t\t\t\t<div class=\"elementor-widget-container\">\n\t\t\t\t\t\t\t\t\t<h1><span style=\"color: #000080;\">Spodoba\u0142o si\u0119? Chcesz wi\u0119cej?<\/span><\/h1><ul><li style=\"text-align: left;\"><strong><span style=\"color: #000000;\"><span style=\"color: #800080;\">Zarejestruj <\/span>si\u0119!<\/span><\/strong><\/li><li style=\"text-align: left;\"><strong style=\"text-align: center;\"><span style=\"color: #000000;\">Wybierz jedn\u0105 z subskrypcji <span style=\"color: #800080;\">automatycznych<\/span>!<\/span><\/strong><\/li><li style=\"text-align: left;\"><strong style=\"text-align: left;\"><span style=\"color: #000000;\">Skorzystaj z 7 dniowego <span style=\"color: #800080;\">bezp\u0142atnego <\/span>okresu pr\u00f3bnego!<\/span><\/strong><\/li><li style=\"text-align: left;\"><span style=\"color: #000000;\"><span style=\"color: #000000;\"><b>Wi\u0119cej informacji pod &#8220;<span style=\"color: #800080;\">Nasze Subskrypcje&#8221;<\/span> oraz <\/b><\/span><strong><span style=\"color: #800080;\">poni\u017cej<\/span><\/strong><span style=\"color: #000000;\"><b>!<\/b><\/span><\/span><\/li><\/ul><hr \/>\t\t\t\t\t\t\t\t<\/div>\n\t\t\t\t<\/div>\n\t\t\t\t\t<\/div>\n\t\t<\/div>\n\t\t\t\t\t<\/div>\n\t\t<\/section>\n\t\t\t\t<\/div>","protected":false},"excerpt":{"rendered":"<p>Po Przeistoczeniu ca\u0142y Ko\u015bci\u00f3\u0142 ten obecny przy o\u0142tarzu (&#8220;my s\u0142udzy Twoi&#8221;), ten zapocz\u0105tkowany w historii ludzko\u015bci (&#8220;s\u0142ugi Twego Abla&#8221;) Starym Testamencie\u00a0 (&#8220;Patriarchy naszego Abrahama&#8221;), ten w czy\u015bccu (&#8220;pomnij na s\u0142ugi i s\u0142u\u017cebnice, kt\u00f3rzy \u015bpi\u0105 snem pokoju&#8221;) i wreszcie ten w niebie (&#8220;racz da\u0107 jaki\u015b udzia\u0142 i obcowanie ze \u015bwi\u0119tymi&#8221;) jednoczy si\u0119, poniewa\u017c uczestniczy w ponadczasowej [&hellip;]<\/p>\n","protected":false},"author":60508433,"featured_media":27891,"comment_status":"closed","ping_status":"closed","sticky":false,"template":"","format":"standard","meta":{"_bbp_topic_count":0,"_bbp_reply_count":0,"_bbp_total_topic_count":0,"_bbp_total_reply_count":0,"_bbp_voice_count":0,"_bbp_anonymous_reply_count":0,"_bbp_topic_count_hidden":0,"_bbp_reply_count_hidden":0,"_bbp_forum_subforum_count":0,"_editorskit_title_hidden":false,"_editorskit_reading_time":0,"_editorskit_is_block_options_detached":false,"_editorskit_block_options_position":"{}","_coblocks_attr":"","_coblocks_dimensions":"","_coblocks_responsive_height":"","_coblocks_accordion_ie_support":"","_exactmetrics_skip_tracking":false,"_jetpack_newsletter_access":"","_jetpack_dont_email_post_to_subs":false,"_jetpack_newsletter_tier_id":0,"_jetpack_memberships_contains_paywalled_content":false,"_wpcom_ai_launchpad_first_post":false,"_jetpack_feature_clip_id":0,"_jetpack_memberships_contains_paid_content":false,"footnotes":"","jetpack_publicize_message":"{title}\n\n{excerpt}\n\n{url}","jetpack_publicize_feature_enabled":true,"jetpack_social_post_already_shared":true,"jetpack_social_options":{"image_generator_settings":{"template":"highway","default_image_id":0,"font":"","enabled":false},"version":2},"_wpas_customize_per_network":false,"jetpack_post_was_ever_published":false},"categories":[543409776],"tags":[1181,302487833,247416,346472167,1053804,610130673,26248122,332736823,346472155,346472142,346472135,292396809],"class_list":["post-5262","post","type-post","status-publish","format-standard","has-post-thumbnail","hentry","category-tridentina-visualis","tag-dvd","tag-jak-odprawiac-msze-swieta-trydencka","tag-kanon","tag-memento-etiam","tag-missa-tridentina","tag-msza-trydencka","tag-msza-wszechczasow","tag-nobis-quoque","tag-supplices-te","tag-supra-quae","tag-unde-et-memores","tag-wizualne-wprowadzenie-do-mszy-trydenckiej"],"yoast_head":"<!-- This site is optimized with the Yoast SEO plugin v28.4 - https:\/\/yoast.com\/product\/yoast-seo-wordpress\/ -->\n<title>\u201ePrzed Nim krocz\u0105 majestat i pi\u0119kno\u201d. Wizualne wprowadzenie do Mszy Trydenckiej. (cz. 12 z 16). Unde et memores - Nobis quoque. - Tradycja i Wiara<\/title>\n<meta name=\"description\" content=\"\u201ePrzed Nim krocz\u0105 majestat i pi\u0119kno\u201d. Wizualne wprowadzenie do Mszy Trydenckiej. (cz. 12 z 16). Unde et memores - Nobis quoque. Przeistoczenie Nobis quoque\" \/>\n<meta name=\"robots\" content=\"index, follow, max-snippet:-1, max-image-preview:large, max-video-preview:-1\" \/>\n<link rel=\"canonical\" href=\"https:\/\/wobronietradycjiiwiary.com\/en\/prywatny-prywatny-przed-nim-krocza-majestat-i-piekno-wizualne-wprowadzenie-do-mszy-trydenckiej-cz-12-z-16\/\" \/>\n<meta property=\"og:locale\" content=\"en_US\" \/>\n<meta property=\"og:type\" content=\"article\" \/>\n<meta property=\"og:title\" content=\"\u201ePrzed Nim krocz\u0105 majestat i pi\u0119kno\u201d. Wizualne wprowadzenie do Mszy Trydenckiej. (cz. 12 z 16). Unde et memores - Nobis quoque. - Tradycja i Wiara\" \/>\n<meta property=\"og:description\" content=\"\u201ePrzed Nim krocz\u0105 majestat i pi\u0119kno\u201d. Wizualne wprowadzenie do Mszy Trydenckiej. (cz. 12 z 16). Unde et memores - Nobis quoque. Przeistoczenie Nobis quoque\" \/>\n<meta property=\"og:url\" content=\"https:\/\/wobronietradycjiiwiary.com\/en\/prywatny-prywatny-przed-nim-krocza-majestat-i-piekno-wizualne-wprowadzenie-do-mszy-trydenckiej-cz-12-z-16\/\" \/>\n<meta property=\"og:site_name\" content=\"Tradycja i Wiara\" \/>\n<meta property=\"article:publisher\" content=\"https:\/\/www.facebook.com\/Tradycja-i-Wiara-108813920592249\" \/>\n<meta property=\"article:published_time\" content=\"2015-04-26T06:00:29+00:00\" \/>\n<meta property=\"article:modified_time\" content=\"2025-12-23T16:58:03+00:00\" \/>\n<meta property=\"og:image\" content=\"https:\/\/i2.wp.com\/wobronietradycjiiwiary.com\/wp-content\/uploads\/2020\/04\/a66b8eb860630f3502c97fb29fc5de6e.jpg?fit=919%2C1280&ssl=1\" \/>\n\t<meta property=\"og:image:width\" content=\"919\" \/>\n\t<meta property=\"og:image:height\" content=\"1280\" \/>\n\t<meta property=\"og:image:type\" content=\"image\/jpeg\" \/>\n<meta name=\"author\" content=\"Traditio et Fides\" \/>\n<meta name=\"twitter:card\" content=\"summary_large_image\" \/>\n<meta name=\"twitter:label1\" content=\"Written by\" \/>\n\t<meta name=\"twitter:data1\" content=\"Traditio et Fides\" \/>\n\t<meta name=\"twitter:label2\" content=\"Est. reading time\" \/>\n\t<meta name=\"twitter:data2\" content=\"4 minutes\" \/>\n<script type=\"application\/ld+json\" class=\"yoast-schema-graph\">{\"@context\":\"https:\\\/\\\/schema.org\",\"@graph\":[{\"@type\":\"Article\",\"@id\":\"https:\\\/\\\/wobronietradycjiiwiary.com\\\/prywatny-prywatny-przed-nim-krocza-majestat-i-piekno-wizualne-wprowadzenie-do-mszy-trydenckiej-cz-12-z-16\\\/#article\",\"isPartOf\":{\"@id\":\"https:\\\/\\\/wobronietradycjiiwiary.com\\\/prywatny-prywatny-przed-nim-krocza-majestat-i-piekno-wizualne-wprowadzenie-do-mszy-trydenckiej-cz-12-z-16\\\/\"},\"author\":{\"name\":\"Traditio et Fides\",\"@id\":\"https:\\\/\\\/wobronietradycjiiwiary.com\\\/pl\\\/#\\\/schema\\\/person\\\/2d6180ce6abcb681fef0daab7816e8f3\"},\"headline\":\"\u201ePrzed Nim krocz\u0105 majestat i pi\u0119kno\u201d. Wizualne wprowadzenie do Mszy Trydenckiej. (cz. 12 z 16). Unde et memores &#8211; Nobis quoque.\",\"datePublished\":\"2015-04-26T06:00:29+00:00\",\"dateModified\":\"2025-12-23T16:58:03+00:00\",\"mainEntityOfPage\":{\"@id\":\"https:\\\/\\\/wobronietradycjiiwiary.com\\\/prywatny-prywatny-przed-nim-krocza-majestat-i-piekno-wizualne-wprowadzenie-do-mszy-trydenckiej-cz-12-z-16\\\/\"},\"wordCount\":910,\"publisher\":{\"@id\":\"https:\\\/\\\/wobronietradycjiiwiary.com\\\/pl\\\/#organization\"},\"image\":{\"@id\":\"https:\\\/\\\/wobronietradycjiiwiary.com\\\/prywatny-prywatny-przed-nim-krocza-majestat-i-piekno-wizualne-wprowadzenie-do-mszy-trydenckiej-cz-12-z-16\\\/#primaryimage\"},\"thumbnailUrl\":\"https:\\\/\\\/wobronietradycjiiwiary.com\\\/wp-content\\\/uploads\\\/2020\\\/04\\\/a66b8eb860630f3502c97fb29fc5de6e.jpg\",\"keywords\":[\"DVD\",\"jak odprawia\u0107 Msz\u0119 \u015awi\u0119t\u0105 Trydenck\u0105\",\"Kanon\",\"Memento etiam\",\"Missa Tridentina\",\"Msza Trydencka\",\"Msza Wszechczas\u00f3w\",\"Nobis quoque\",\"Supplices te\",\"Supra quae\",\"Unde et memores\",\"Wizualne wprowadzenie do Mszy Trydenckiej\"],\"articleSection\":[\"Tridentina visualis\"],\"inLanguage\":\"en-US\"},{\"@type\":\"WebPage\",\"@id\":\"https:\\\/\\\/wobronietradycjiiwiary.com\\\/prywatny-prywatny-przed-nim-krocza-majestat-i-piekno-wizualne-wprowadzenie-do-mszy-trydenckiej-cz-12-z-16\\\/\",\"url\":\"https:\\\/\\\/wobronietradycjiiwiary.com\\\/prywatny-prywatny-przed-nim-krocza-majestat-i-piekno-wizualne-wprowadzenie-do-mszy-trydenckiej-cz-12-z-16\\\/\",\"name\":\"\u201ePrzed Nim krocz\u0105 majestat i pi\u0119kno\u201d. Wizualne wprowadzenie do Mszy Trydenckiej. (cz. 12 z 16). Unde et memores - Nobis quoque. - Tradycja i Wiara\",\"isPartOf\":{\"@id\":\"https:\\\/\\\/wobronietradycjiiwiary.com\\\/pl\\\/#website\"},\"primaryImageOfPage\":{\"@id\":\"https:\\\/\\\/wobronietradycjiiwiary.com\\\/prywatny-prywatny-przed-nim-krocza-majestat-i-piekno-wizualne-wprowadzenie-do-mszy-trydenckiej-cz-12-z-16\\\/#primaryimage\"},\"image\":{\"@id\":\"https:\\\/\\\/wobronietradycjiiwiary.com\\\/prywatny-prywatny-przed-nim-krocza-majestat-i-piekno-wizualne-wprowadzenie-do-mszy-trydenckiej-cz-12-z-16\\\/#primaryimage\"},\"thumbnailUrl\":\"https:\\\/\\\/wobronietradycjiiwiary.com\\\/wp-content\\\/uploads\\\/2020\\\/04\\\/a66b8eb860630f3502c97fb29fc5de6e.jpg\",\"datePublished\":\"2015-04-26T06:00:29+00:00\",\"dateModified\":\"2025-12-23T16:58:03+00:00\",\"description\":\"\u201ePrzed Nim krocz\u0105 majestat i pi\u0119kno\u201d. Wizualne wprowadzenie do Mszy Trydenckiej. (cz. 12 z 16). Unde et memores - Nobis quoque. Przeistoczenie Nobis quoque\",\"breadcrumb\":{\"@id\":\"https:\\\/\\\/wobronietradycjiiwiary.com\\\/prywatny-prywatny-przed-nim-krocza-majestat-i-piekno-wizualne-wprowadzenie-do-mszy-trydenckiej-cz-12-z-16\\\/#breadcrumb\"},\"inLanguage\":\"en-US\",\"potentialAction\":[{\"@type\":\"ReadAction\",\"target\":[\"https:\\\/\\\/wobronietradycjiiwiary.com\\\/prywatny-prywatny-przed-nim-krocza-majestat-i-piekno-wizualne-wprowadzenie-do-mszy-trydenckiej-cz-12-z-16\\\/\"]}]},{\"@type\":\"ImageObject\",\"inLanguage\":\"en-US\",\"@id\":\"https:\\\/\\\/wobronietradycjiiwiary.com\\\/prywatny-prywatny-przed-nim-krocza-majestat-i-piekno-wizualne-wprowadzenie-do-mszy-trydenckiej-cz-12-z-16\\\/#primaryimage\",\"url\":\"https:\\\/\\\/wobronietradycjiiwiary.com\\\/wp-content\\\/uploads\\\/2020\\\/04\\\/a66b8eb860630f3502c97fb29fc5de6e.jpg\",\"contentUrl\":\"https:\\\/\\\/wobronietradycjiiwiary.com\\\/wp-content\\\/uploads\\\/2020\\\/04\\\/a66b8eb860630f3502c97fb29fc5de6e.jpg\",\"width\":919,\"height\":1280,\"caption\":\"\u201ePrzed Nim krocz\u0105 majestat i pi\u0119kno\u201d. Wizualne wprowadzenie do Mszy Trydenckiej. (cz. 12 z 16)\"},{\"@type\":\"BreadcrumbList\",\"@id\":\"https:\\\/\\\/wobronietradycjiiwiary.com\\\/prywatny-prywatny-przed-nim-krocza-majestat-i-piekno-wizualne-wprowadzenie-do-mszy-trydenckiej-cz-12-z-16\\\/#breadcrumb\",\"itemListElement\":[{\"@type\":\"ListItem\",\"position\":1,\"name\":\"Strona g\u0142\u00f3wna\",\"item\":\"https:\\\/\\\/wobronietradycjiiwiary.com\\\/\"},{\"@type\":\"ListItem\",\"position\":2,\"name\":\"\u201ePrzed Nim krocz\u0105 majestat i pi\u0119kno\u201d. Wizualne wprowadzenie do Mszy Trydenckiej. (cz. 12 z 16)\"}]},{\"@type\":\"WebSite\",\"@id\":\"https:\\\/\\\/wobronietradycjiiwiary.com\\\/pl\\\/#website\",\"url\":\"https:\\\/\\\/wobronietradycjiiwiary.com\\\/pl\\\/\",\"name\":\"Tradycja i Wiara\",\"description\":\"Portal dla katolik\u00f3w.\",\"publisher\":{\"@id\":\"https:\\\/\\\/wobronietradycjiiwiary.com\\\/pl\\\/#organization\"},\"potentialAction\":[{\"@type\":\"SearchAction\",\"target\":{\"@type\":\"EntryPoint\",\"urlTemplate\":\"https:\\\/\\\/wobronietradycjiiwiary.com\\\/pl\\\/?s={search_term_string}\"},\"query-input\":{\"@type\":\"PropertyValueSpecification\",\"valueRequired\":true,\"valueName\":\"search_term_string\"}}],\"inLanguage\":\"en-US\"},{\"@type\":\"Organization\",\"@id\":\"https:\\\/\\\/wobronietradycjiiwiary.com\\\/pl\\\/#organization\",\"name\":\"Tradycja i Wiara\",\"url\":\"https:\\\/\\\/wobronietradycjiiwiary.com\\\/pl\\\/\",\"logo\":{\"@type\":\"ImageObject\",\"inLanguage\":\"en-US\",\"@id\":\"https:\\\/\\\/wobronietradycjiiwiary.com\\\/pl\\\/#\\\/schema\\\/logo\\\/image\\\/\",\"url\":\"https:\\\/\\\/i0.wp.com\\\/wobronietradycjiiwiary.com\\\/wp-content\\\/uploads\\\/2015\\\/10\\\/cropped-st-peters-dome-vatican.jpg?fit=940%2C198&ssl=1\",\"contentUrl\":\"https:\\\/\\\/i0.wp.com\\\/wobronietradycjiiwiary.com\\\/wp-content\\\/uploads\\\/2015\\\/10\\\/cropped-st-peters-dome-vatican.jpg?fit=940%2C198&ssl=1\",\"width\":940,\"height\":198,\"caption\":\"Tradycja i Wiara\"},\"image\":{\"@id\":\"https:\\\/\\\/wobronietradycjiiwiary.com\\\/pl\\\/#\\\/schema\\\/logo\\\/image\\\/\"},\"sameAs\":[\"https:\\\/\\\/www.facebook.com\\\/Tradycja-i-Wiara-108813920592249\"]},{\"@type\":\"Person\",\"@id\":\"https:\\\/\\\/wobronietradycjiiwiary.com\\\/pl\\\/#\\\/schema\\\/person\\\/2d6180ce6abcb681fef0daab7816e8f3\",\"name\":\"Traditio et Fides\",\"sameAs\":[\"https:\\\/\\\/traditionundglauben.com\"],\"url\":\"https:\\\/\\\/wobronietradycjiiwiary.com\\\/en\\\/author\\\/wobronietradycjiiwiary\\\/\"}]}<\/script>\n<!-- \/ Yoast SEO plugin. -->","yoast_head_json":{"title":"\u201ePrzed Nim krocz\u0105 majestat i pi\u0119kno\u201d. Wizualne wprowadzenie do Mszy Trydenckiej. (cz. 12 z 16). Unde et memores - Nobis quoque. - Tradycja i Wiara","description":"\u201ePrzed Nim krocz\u0105 majestat i pi\u0119kno\u201d. Wizualne wprowadzenie do Mszy Trydenckiej. (cz. 12 z 16). Unde et memores - Nobis quoque. Przeistoczenie Nobis quoque","robots":{"index":"index","follow":"follow","max-snippet":"max-snippet:-1","max-image-preview":"max-image-preview:large","max-video-preview":"max-video-preview:-1"},"canonical":"https:\/\/wobronietradycjiiwiary.com\/en\/prywatny-prywatny-przed-nim-krocza-majestat-i-piekno-wizualne-wprowadzenie-do-mszy-trydenckiej-cz-12-z-16\/","og_locale":"en_US","og_type":"article","og_title":"\u201ePrzed Nim krocz\u0105 majestat i pi\u0119kno\u201d. Wizualne wprowadzenie do Mszy Trydenckiej. (cz. 12 z 16). Unde et memores - Nobis quoque. - Tradycja i Wiara","og_description":"\u201ePrzed Nim krocz\u0105 majestat i pi\u0119kno\u201d. Wizualne wprowadzenie do Mszy Trydenckiej. (cz. 12 z 16). Unde et memores - Nobis quoque. Przeistoczenie Nobis quoque","og_url":"https:\/\/wobronietradycjiiwiary.com\/en\/prywatny-prywatny-przed-nim-krocza-majestat-i-piekno-wizualne-wprowadzenie-do-mszy-trydenckiej-cz-12-z-16\/","og_site_name":"Tradycja i Wiara","article_publisher":"https:\/\/www.facebook.com\/Tradycja-i-Wiara-108813920592249","article_published_time":"2015-04-26T06:00:29+00:00","article_modified_time":"2025-12-23T16:58:03+00:00","og_image":[{"width":919,"height":1280,"url":"https:\/\/i2.wp.com\/wobronietradycjiiwiary.com\/wp-content\/uploads\/2020\/04\/a66b8eb860630f3502c97fb29fc5de6e.jpg?fit=919%2C1280&ssl=1","type":"image\/jpeg"}],"author":"Traditio et Fides","twitter_card":"summary_large_image","twitter_misc":{"Written by":"Traditio et Fides","Est. reading time":"4 minutes"},"schema":{"@context":"https:\/\/schema.org","@graph":[{"@type":"Article","@id":"https:\/\/wobronietradycjiiwiary.com\/prywatny-prywatny-przed-nim-krocza-majestat-i-piekno-wizualne-wprowadzenie-do-mszy-trydenckiej-cz-12-z-16\/#article","isPartOf":{"@id":"https:\/\/wobronietradycjiiwiary.com\/prywatny-prywatny-przed-nim-krocza-majestat-i-piekno-wizualne-wprowadzenie-do-mszy-trydenckiej-cz-12-z-16\/"},"author":{"name":"Traditio et Fides","@id":"https:\/\/wobronietradycjiiwiary.com\/pl\/#\/schema\/person\/2d6180ce6abcb681fef0daab7816e8f3"},"headline":"\u201ePrzed Nim krocz\u0105 majestat i pi\u0119kno\u201d. Wizualne wprowadzenie do Mszy Trydenckiej. (cz. 12 z 16). Unde et memores &#8211; Nobis quoque.","datePublished":"2015-04-26T06:00:29+00:00","dateModified":"2025-12-23T16:58:03+00:00","mainEntityOfPage":{"@id":"https:\/\/wobronietradycjiiwiary.com\/prywatny-prywatny-przed-nim-krocza-majestat-i-piekno-wizualne-wprowadzenie-do-mszy-trydenckiej-cz-12-z-16\/"},"wordCount":910,"publisher":{"@id":"https:\/\/wobronietradycjiiwiary.com\/pl\/#organization"},"image":{"@id":"https:\/\/wobronietradycjiiwiary.com\/prywatny-prywatny-przed-nim-krocza-majestat-i-piekno-wizualne-wprowadzenie-do-mszy-trydenckiej-cz-12-z-16\/#primaryimage"},"thumbnailUrl":"https:\/\/wobronietradycjiiwiary.com\/wp-content\/uploads\/2020\/04\/a66b8eb860630f3502c97fb29fc5de6e.jpg","keywords":["DVD","jak odprawia\u0107 Msz\u0119 \u015awi\u0119t\u0105 Trydenck\u0105","Kanon","Memento etiam","Missa Tridentina","Msza Trydencka","Msza Wszechczas\u00f3w","Nobis quoque","Supplices te","Supra quae","Unde et memores","Wizualne wprowadzenie do Mszy Trydenckiej"],"articleSection":["Tridentina visualis"],"inLanguage":"en-US"},{"@type":"WebPage","@id":"https:\/\/wobronietradycjiiwiary.com\/prywatny-prywatny-przed-nim-krocza-majestat-i-piekno-wizualne-wprowadzenie-do-mszy-trydenckiej-cz-12-z-16\/","url":"https:\/\/wobronietradycjiiwiary.com\/prywatny-prywatny-przed-nim-krocza-majestat-i-piekno-wizualne-wprowadzenie-do-mszy-trydenckiej-cz-12-z-16\/","name":"\u201ePrzed Nim krocz\u0105 majestat i pi\u0119kno\u201d. Wizualne wprowadzenie do Mszy Trydenckiej. (cz. 12 z 16). Unde et memores - Nobis quoque. - Tradycja i Wiara","isPartOf":{"@id":"https:\/\/wobronietradycjiiwiary.com\/pl\/#website"},"primaryImageOfPage":{"@id":"https:\/\/wobronietradycjiiwiary.com\/prywatny-prywatny-przed-nim-krocza-majestat-i-piekno-wizualne-wprowadzenie-do-mszy-trydenckiej-cz-12-z-16\/#primaryimage"},"image":{"@id":"https:\/\/wobronietradycjiiwiary.com\/prywatny-prywatny-przed-nim-krocza-majestat-i-piekno-wizualne-wprowadzenie-do-mszy-trydenckiej-cz-12-z-16\/#primaryimage"},"thumbnailUrl":"https:\/\/wobronietradycjiiwiary.com\/wp-content\/uploads\/2020\/04\/a66b8eb860630f3502c97fb29fc5de6e.jpg","datePublished":"2015-04-26T06:00:29+00:00","dateModified":"2025-12-23T16:58:03+00:00","description":"\u201ePrzed Nim krocz\u0105 majestat i pi\u0119kno\u201d. Wizualne wprowadzenie do Mszy Trydenckiej. (cz. 12 z 16). Unde et memores - Nobis quoque. Przeistoczenie Nobis quoque","breadcrumb":{"@id":"https:\/\/wobronietradycjiiwiary.com\/prywatny-prywatny-przed-nim-krocza-majestat-i-piekno-wizualne-wprowadzenie-do-mszy-trydenckiej-cz-12-z-16\/#breadcrumb"},"inLanguage":"en-US","potentialAction":[{"@type":"ReadAction","target":["https:\/\/wobronietradycjiiwiary.com\/prywatny-prywatny-przed-nim-krocza-majestat-i-piekno-wizualne-wprowadzenie-do-mszy-trydenckiej-cz-12-z-16\/"]}]},{"@type":"ImageObject","inLanguage":"en-US","@id":"https:\/\/wobronietradycjiiwiary.com\/prywatny-prywatny-przed-nim-krocza-majestat-i-piekno-wizualne-wprowadzenie-do-mszy-trydenckiej-cz-12-z-16\/#primaryimage","url":"https:\/\/wobronietradycjiiwiary.com\/wp-content\/uploads\/2020\/04\/a66b8eb860630f3502c97fb29fc5de6e.jpg","contentUrl":"https:\/\/wobronietradycjiiwiary.com\/wp-content\/uploads\/2020\/04\/a66b8eb860630f3502c97fb29fc5de6e.jpg","width":919,"height":1280,"caption":"\u201ePrzed Nim krocz\u0105 majestat i pi\u0119kno\u201d. Wizualne wprowadzenie do Mszy Trydenckiej. (cz. 12 z 16)"},{"@type":"BreadcrumbList","@id":"https:\/\/wobronietradycjiiwiary.com\/prywatny-prywatny-przed-nim-krocza-majestat-i-piekno-wizualne-wprowadzenie-do-mszy-trydenckiej-cz-12-z-16\/#breadcrumb","itemListElement":[{"@type":"ListItem","position":1,"name":"Strona g\u0142\u00f3wna","item":"https:\/\/wobronietradycjiiwiary.com\/"},{"@type":"ListItem","position":2,"name":"\u201ePrzed Nim krocz\u0105 majestat i pi\u0119kno\u201d. Wizualne wprowadzenie do Mszy Trydenckiej. (cz. 12 z 16)"}]},{"@type":"WebSite","@id":"https:\/\/wobronietradycjiiwiary.com\/pl\/#website","url":"https:\/\/wobronietradycjiiwiary.com\/pl\/","name":"Tradycja i Wiara","description":"Portal dla katolik\u00f3w.","publisher":{"@id":"https:\/\/wobronietradycjiiwiary.com\/pl\/#organization"},"potentialAction":[{"@type":"SearchAction","target":{"@type":"EntryPoint","urlTemplate":"https:\/\/wobronietradycjiiwiary.com\/pl\/?s={search_term_string}"},"query-input":{"@type":"PropertyValueSpecification","valueRequired":true,"valueName":"search_term_string"}}],"inLanguage":"en-US"},{"@type":"Organization","@id":"https:\/\/wobronietradycjiiwiary.com\/pl\/#organization","name":"Tradycja i Wiara","url":"https:\/\/wobronietradycjiiwiary.com\/pl\/","logo":{"@type":"ImageObject","inLanguage":"en-US","@id":"https:\/\/wobronietradycjiiwiary.com\/pl\/#\/schema\/logo\/image\/","url":"https:\/\/i0.wp.com\/wobronietradycjiiwiary.com\/wp-content\/uploads\/2015\/10\/cropped-st-peters-dome-vatican.jpg?fit=940%2C198&ssl=1","contentUrl":"https:\/\/i0.wp.com\/wobronietradycjiiwiary.com\/wp-content\/uploads\/2015\/10\/cropped-st-peters-dome-vatican.jpg?fit=940%2C198&ssl=1","width":940,"height":198,"caption":"Tradycja i Wiara"},"image":{"@id":"https:\/\/wobronietradycjiiwiary.com\/pl\/#\/schema\/logo\/image\/"},"sameAs":["https:\/\/www.facebook.com\/Tradycja-i-Wiara-108813920592249"]},{"@type":"Person","@id":"https:\/\/wobronietradycjiiwiary.com\/pl\/#\/schema\/person\/2d6180ce6abcb681fef0daab7816e8f3","name":"Traditio et Fides","sameAs":["https:\/\/traditionundglauben.com"],"url":"https:\/\/wobronietradycjiiwiary.com\/en\/author\/wobronietradycjiiwiary\/"}]}},"jetpack_publicize_connections":[],"jetpack_sharing_enabled":true,"jetpack_likes_enabled":true,"jetpack_shortlink":"https:\/\/wp.me\/pc04Sd-1mS","jetpack-related-posts":[{"id":2531,"url":"https:\/\/wobronietradycjiiwiary.com\/en\/przed-nim-krocza-majestat-i-piekno-wizualne-wprowadzenie-do-mszy-trydenckiej-cz-2-z-16\/","url_meta":{"origin":5262,"position":0},"title":"\u201ePrzed Nim krocz\u0105 majestat i pi\u0119kno\u201d. Wizualne wprowadzenie do Mszy Trydenckiej. (cz. 2 z 16). Wst\u0119p (2). Przygotowania w zakrystii.","author":"Traditio et Fides","date":"29 October 2014","format":false,"excerpt":"Cykl ukazuj\u0105cy tre\u015b\u0107, form\u0119 i wizualne pi\u0119kno celebry Mszy Trydenckiej.","rel":"","context":"In &quot;Tridentina visualis&quot;","block_context":{"text":"Tridentina visualis","link":"https:\/\/wobronietradycjiiwiary.com\/en\/category\/duchowosc\/liturgia-i-liturgika\/msza-trydencka\/tridentina-visualis\/"},"img":{"alt_text":"","src":"https:\/\/i0.wp.com\/wobronietradycjiiwiary.com\/wp-content\/uploads\/2020\/04\/a66b8eb860630f3502c97fb29fc5de6e.jpg?resize=350%2C200&ssl=1","width":350,"height":200,"srcset":"https:\/\/i0.wp.com\/wobronietradycjiiwiary.com\/wp-content\/uploads\/2020\/04\/a66b8eb860630f3502c97fb29fc5de6e.jpg?resize=350%2C200&ssl=1 1x, https:\/\/i0.wp.com\/wobronietradycjiiwiary.com\/wp-content\/uploads\/2020\/04\/a66b8eb860630f3502c97fb29fc5de6e.jpg?resize=525%2C300&ssl=1 1.5x, https:\/\/i0.wp.com\/wobronietradycjiiwiary.com\/wp-content\/uploads\/2020\/04\/a66b8eb860630f3502c97fb29fc5de6e.jpg?resize=700%2C400&ssl=1 2x"},"classes":[]},{"id":2797,"url":"https:\/\/wobronietradycjiiwiary.com\/en\/przed-nim-krocza-majestat-i-piekno-wizualne-wprowadzenie-do-mszy-trydenckiej-cz-4-z-16\/","url_meta":{"origin":5262,"position":1},"title":"\u201ePrzed Nim krocz\u0105 majestat i pi\u0119kno\u201d. Wizualne wprowadzenie do Mszy Trydenckiej. (cz. 4 z 16). Modlitwy u stopni o\u0142tarza. Confiteor","author":"Traditio et Fides","date":"26 November 2014","format":false,"excerpt":"Kolejny fragment ukazuje ruchy, gesty i s\u0142owa modlitwy u st\u00f3p o\u0142tarza b\u0119d\u0105cej pierwsz\u0105, wprowadzaj\u0105c\u0105 cz\u0119\u015bci\u0105 tzw. Mszy Katechumen\u00f3w. Zwr\u00f3\u0107my uwag\u0119 na precyzj\u0119 i choreografi\u0119 ruch\u00f3w zar\u00f3wno kap\u0142ana jak i ministranta, kt\u00f3re oddaj\u0105 w ka\u017cdym szczeg\u00f3le cze\u015b\u0107 nale\u017cn\u0105 naj\u015bwi\u0119tszym tajemnicom naszej wiary. J\u0119zyk cia\u0142a staje si\u0119 j\u0119zykiem liturgii, a ta wyra\u017ca\u2026","rel":"","context":"In &quot;Msza Trydencka&quot;","block_context":{"text":"Msza Trydencka","link":"https:\/\/wobronietradycjiiwiary.com\/en\/category\/duchowosc\/liturgia-i-liturgika\/msza-trydencka\/"},"img":{"alt_text":"","src":"https:\/\/i0.wp.com\/wobronietradycjiiwiary.com\/wp-content\/uploads\/2020\/04\/a66b8eb860630f3502c97fb29fc5de6e.jpg?resize=350%2C200&ssl=1","width":350,"height":200,"srcset":"https:\/\/i0.wp.com\/wobronietradycjiiwiary.com\/wp-content\/uploads\/2020\/04\/a66b8eb860630f3502c97fb29fc5de6e.jpg?resize=350%2C200&ssl=1 1x, https:\/\/i0.wp.com\/wobronietradycjiiwiary.com\/wp-content\/uploads\/2020\/04\/a66b8eb860630f3502c97fb29fc5de6e.jpg?resize=525%2C300&ssl=1 1.5x, https:\/\/i0.wp.com\/wobronietradycjiiwiary.com\/wp-content\/uploads\/2020\/04\/a66b8eb860630f3502c97fb29fc5de6e.jpg?resize=700%2C400&ssl=1 2x"},"classes":[]},{"id":2476,"url":"https:\/\/wobronietradycjiiwiary.com\/en\/przed-nim-krocza-majestat-i-piekno-czyli-jak-celebrowac-msze-swieta-trydencka-cz-1-z-16\/","url_meta":{"origin":5262,"position":2},"title":"&#8220;Przed Nim krocz\u0105 majestat i pi\u0119kno&#8221;. Wizualne wprowadzenie do Mszy Trydenckiej. (1 z 16). Wst\u0119p (1)","author":"Traditio et Fides","date":"25 October 2014","format":false,"excerpt":"Cykl ukazuj\u0105cy tre\u015b\u0107, form\u0119 i wizualne pi\u0119kno celebry Mszy Trydenckiej.","rel":"","context":"In &quot;Tridentina visualis&quot;","block_context":{"text":"Tridentina visualis","link":"https:\/\/wobronietradycjiiwiary.com\/en\/category\/duchowosc\/liturgia-i-liturgika\/msza-trydencka\/tridentina-visualis\/"},"img":{"alt_text":"","src":"https:\/\/i0.wp.com\/wobronietradycjiiwiary.com\/wp-content\/uploads\/2020\/04\/a66b8eb860630f3502c97fb29fc5de6e.jpg?resize=350%2C200&ssl=1","width":350,"height":200,"srcset":"https:\/\/i0.wp.com\/wobronietradycjiiwiary.com\/wp-content\/uploads\/2020\/04\/a66b8eb860630f3502c97fb29fc5de6e.jpg?resize=350%2C200&ssl=1 1x, https:\/\/i0.wp.com\/wobronietradycjiiwiary.com\/wp-content\/uploads\/2020\/04\/a66b8eb860630f3502c97fb29fc5de6e.jpg?resize=525%2C300&ssl=1 1.5x, https:\/\/i0.wp.com\/wobronietradycjiiwiary.com\/wp-content\/uploads\/2020\/04\/a66b8eb860630f3502c97fb29fc5de6e.jpg?resize=700%2C400&ssl=1 2x"},"classes":[]},{"id":2931,"url":"https:\/\/wobronietradycjiiwiary.com\/en\/przed-nim-krocza-majestat-i-piekno-wizualne-wprowadzenie-do-mszy-trydenckiej-cz-5-z-16\/","url_meta":{"origin":5262,"position":3},"title":"\u201ePrzed Nim krocz\u0105 majestat i pi\u0119kno\u201d. Wizualne wprowadzenie do Mszy Trydenckiej. (cz. 5 z 16). Gloria.","author":"Traditio et Fides","date":"10 December 2014","format":false,"excerpt":"Ukazany w poni\u017cszym\u00a0 filmie fragment Mszy \u015awi\u0119tej zawiera moment dzi\u0119kczynienia Bogu za wszystkie dary, jakie otrzymujemy od Przenaj\u015bwi\u0119tszej Tr\u00f3jcy. Zwr\u00f3\u0107my po raz kolejny uwag\u0119 na to, jak ka\u017cdy gest cia\u0142a oddaje jedno\u015b\u0107 \u015bwiata duchowego i materialnego. Cia\u0142o celebransa jest elementem duchowego porz\u0105dku, gdy poprzez ka\u017cd\u0105 czynno\u015b\u0107, bior\u0105c udzia\u0142 w prze\u017cywaniu\u2026","rel":"","context":"In &quot;Msza Trydencka&quot;","block_context":{"text":"Msza Trydencka","link":"https:\/\/wobronietradycjiiwiary.com\/en\/category\/duchowosc\/liturgia-i-liturgika\/msza-trydencka\/"},"img":{"alt_text":"","src":"https:\/\/i0.wp.com\/wobronietradycjiiwiary.com\/wp-content\/uploads\/2020\/04\/a66b8eb860630f3502c97fb29fc5de6e.jpg?resize=350%2C200&ssl=1","width":350,"height":200,"srcset":"https:\/\/i0.wp.com\/wobronietradycjiiwiary.com\/wp-content\/uploads\/2020\/04\/a66b8eb860630f3502c97fb29fc5de6e.jpg?resize=350%2C200&ssl=1 1x, https:\/\/i0.wp.com\/wobronietradycjiiwiary.com\/wp-content\/uploads\/2020\/04\/a66b8eb860630f3502c97fb29fc5de6e.jpg?resize=525%2C300&ssl=1 1.5x, https:\/\/i0.wp.com\/wobronietradycjiiwiary.com\/wp-content\/uploads\/2020\/04\/a66b8eb860630f3502c97fb29fc5de6e.jpg?resize=700%2C400&ssl=1 2x"},"classes":[]},{"id":3027,"url":"https:\/\/wobronietradycjiiwiary.com\/en\/przed-nim-krocza-majestat-i-piekno-wizualne-wprowadzenie-do-mszy-trydenckiej-cz-6-z-16\/","url_meta":{"origin":5262,"position":4},"title":"\u201ePrzed Nim krocz\u0105 majestat i pi\u0119kno\u201d. Wizualne wprowadzenie do Mszy Trydenckiej. (cz. 6 z 16). Munda me, Ewangelia i Credo.","author":"Traditio et Fides","date":"21 December 2014","format":false,"excerpt":"Ukazany na filmie moment przedstawia obrz\u0119dy okalaj\u0105ce moment czytania Ewangelii i wyznanie wiary.\u00a0 Kap\u0142an po raz pierwszy podczas Mszy \u015awi\u0119tej ze czci\u0105 podnosi oczy ku Krzy\u017cowi, modli si\u0119 o czyste my\u015bli, czyste usta i serce, godne obcowania ze S\u0142owem Bo\u017cym i karmienia nim innych. Gesty i s\u0142owa uwidaczniaj\u0105\u00a0 bezcenn\u0105 warto\u015b\u0107\u2026","rel":"","context":"In &quot;Tridentina visualis&quot;","block_context":{"text":"Tridentina visualis","link":"https:\/\/wobronietradycjiiwiary.com\/en\/category\/duchowosc\/liturgia-i-liturgika\/msza-trydencka\/tridentina-visualis\/"},"img":{"alt_text":"","src":"https:\/\/i0.wp.com\/wobronietradycjiiwiary.com\/wp-content\/uploads\/2020\/04\/a66b8eb860630f3502c97fb29fc5de6e.jpg?resize=350%2C200&ssl=1","width":350,"height":200,"srcset":"https:\/\/i0.wp.com\/wobronietradycjiiwiary.com\/wp-content\/uploads\/2020\/04\/a66b8eb860630f3502c97fb29fc5de6e.jpg?resize=350%2C200&ssl=1 1x, https:\/\/i0.wp.com\/wobronietradycjiiwiary.com\/wp-content\/uploads\/2020\/04\/a66b8eb860630f3502c97fb29fc5de6e.jpg?resize=525%2C300&ssl=1 1.5x, https:\/\/i0.wp.com\/wobronietradycjiiwiary.com\/wp-content\/uploads\/2020\/04\/a66b8eb860630f3502c97fb29fc5de6e.jpg?resize=700%2C400&ssl=1 2x"},"classes":[]},{"id":2667,"url":"https:\/\/wobronietradycjiiwiary.com\/en\/przed-nim-krocza-majestat-i-piekno-wizualne-wprowadzenie-do-mszy-trydenckiej-cz-3-z-16\/","url_meta":{"origin":5262,"position":5},"title":"\u201ePrzed Nim krocz\u0105 majestat i pi\u0119kno\u201d. Wizualne wprowadzenie do Mszy Trydenckiej. (3 z 16). Gesty przy o\u0142tarzu","author":"Traditio et Fides","date":"12 November 2014","format":false,"excerpt":"Poni\u017cszy film ukazuje pieczo\u0142owito\u015b\u0107, z kt\u00f3r\u0105 wszelkie detale przed rozpocz\u0119ciem Mszy \u015awi\u0119tej s\u0105 przygotowywane. Ka\u017cdy gest i przedmiot maj\u0105 w\u0142a\u015bciwe miejsce oraz podkre\u015blaj\u0105 godno\u015b\u0107 i wielko\u015b\u0107 tajemnic, kt\u00f3rych celebracja rozpocznie si\u0119 za moment. \/wotiw\/","rel":"","context":"In &quot;Tridentina visualis&quot;","block_context":{"text":"Tridentina visualis","link":"https:\/\/wobronietradycjiiwiary.com\/en\/category\/duchowosc\/liturgia-i-liturgika\/msza-trydencka\/tridentina-visualis\/"},"img":{"alt_text":"","src":"https:\/\/i0.wp.com\/wobronietradycjiiwiary.com\/wp-content\/uploads\/2020\/04\/a66b8eb860630f3502c97fb29fc5de6e.jpg?resize=350%2C200&ssl=1","width":350,"height":200,"srcset":"https:\/\/i0.wp.com\/wobronietradycjiiwiary.com\/wp-content\/uploads\/2020\/04\/a66b8eb860630f3502c97fb29fc5de6e.jpg?resize=350%2C200&ssl=1 1x, https:\/\/i0.wp.com\/wobronietradycjiiwiary.com\/wp-content\/uploads\/2020\/04\/a66b8eb860630f3502c97fb29fc5de6e.jpg?resize=525%2C300&ssl=1 1.5x, https:\/\/i0.wp.com\/wobronietradycjiiwiary.com\/wp-content\/uploads\/2020\/04\/a66b8eb860630f3502c97fb29fc5de6e.jpg?resize=700%2C400&ssl=1 2x"},"classes":[]}],"amp_enabled":true,"jetpack_featured_media_url":"https:\/\/wobronietradycjiiwiary.com\/wp-content\/uploads\/2020\/04\/a66b8eb860630f3502c97fb29fc5de6e.jpg","_links":{"self":[{"href":"https:\/\/wobronietradycjiiwiary.com\/en\/wp-json\/wp\/v2\/posts\/5262","targetHints":{"allow":["GET"]}}],"collection":[{"href":"https:\/\/wobronietradycjiiwiary.com\/en\/wp-json\/wp\/v2\/posts"}],"about":[{"href":"https:\/\/wobronietradycjiiwiary.com\/en\/wp-json\/wp\/v2\/types\/post"}],"author":[{"embeddable":true,"href":"https:\/\/wobronietradycjiiwiary.com\/en\/wp-json\/wp\/v2\/users\/60508433"}],"replies":[{"embeddable":true,"href":"https:\/\/wobronietradycjiiwiary.com\/en\/wp-json\/wp\/v2\/comments?post=5262"}],"version-history":[{"count":1,"href":"https:\/\/wobronietradycjiiwiary.com\/en\/wp-json\/wp\/v2\/posts\/5262\/revisions"}],"predecessor-version":[{"id":157984,"href":"https:\/\/wobronietradycjiiwiary.com\/en\/wp-json\/wp\/v2\/posts\/5262\/revisions\/157984"}],"wp:featuredmedia":[{"embeddable":true,"href":"https:\/\/wobronietradycjiiwiary.com\/en\/wp-json\/wp\/v2\/media\/27891"}],"wp:attachment":[{"href":"https:\/\/wobronietradycjiiwiary.com\/en\/wp-json\/wp\/v2\/media?parent=5262"}],"wp:term":[{"taxonomy":"category","embeddable":true,"href":"https:\/\/wobronietradycjiiwiary.com\/en\/wp-json\/wp\/v2\/categories?post=5262"},{"taxonomy":"post_tag","embeddable":true,"href":"https:\/\/wobronietradycjiiwiary.com\/en\/wp-json\/wp\/v2\/tags?post=5262"}],"curies":[{"name":"wp","href":"https:\/\/api.w.org\/{rel}","templated":true}]}}