{"id":51926,"date":"2021-08-23T08:15:00","date_gmt":"2021-08-23T06:15:00","guid":{"rendered":"https:\/\/wobronietradycjiiwiary.com\/?p=51926"},"modified":"2025-02-10T11:16:13","modified_gmt":"2025-02-10T10:16:13","slug":"23-go-sierpnia-zywot-swietego-filipa-benicyusza-wyznawcy","status":"publish","type":"post","link":"https:\/\/wobronietradycjiiwiary.com\/en\/23-go-sierpnia-zywot-swietego-filipa-benicyusza-wyznawcy\/","title":{"rendered":"23-go Sierpnia. \u017bywot \u015bwi\u0119tego Filipa Benicyusza, Wyznawcy."},"content":{"rendered":"<div id=\"bsf_rt_marker\"><\/div>\n<p class=\"has-text-align-center wp-block-paragraph\">(\u017by\u0142 oko\u0142o roku Pa\u0144skiego 1285).<\/p>\n\n\n\n<figure class=\"wp-block-image\"><a href=\"https:\/\/pl.wikisource.org\/wiki\/Plik:%C5%BBywoty_%C5%9Bw._Pa%C5%84skich_na_wszystkie_dnie_roku-Inicja%C5%82-P.png\"><img decoding=\"async\" src=\"https:\/\/upload.wikimedia.org\/wikipedia\/commons\/thumb\/0\/06\/%C5%BBywoty_%C5%9Bw._Pa%C5%84skich_na_wszystkie_dnie_roku-Inicja%C5%82-P.png\/54px-%C5%BBywoty_%C5%9Bw._Pa%C5%84skich_na_wszystkie_dnie_roku-Inicja%C5%82-P.png\" alt=\"P\"\/><\/a><\/figure>\n\n\n\n<p class=\"has-text-align-justify wp-block-paragraph\">Pod koniec roku 1233 przyby\u0142o dw\u00f3ch kap\u0142an\u00f3w zakonu Serwit\u00f3w do domu szlacheckiej rodziny Benizi we Florencyi, prosz\u0105c o ja\u0142mu\u017cn\u0119. Pani domu, piastuj\u0105c pi\u0119ciomiesi\u0119czne dzieci\u0105tko na r\u0119ku, oci\u0105ga\u0142a si\u0119 jako\u015b; wtem odezwie si\u0119 niemowl\u0119: \u201eWszak\u017ce to s\u0142u\u017cebnicy Maryi, przeto wesprzyj ich, matko!\u201c Dzieci\u0119ciem tem by\u0142 p\u00f3\u017aniejszy s\u0142uga Jezusa i Maryi, s\u0142ynny \u015bwi\u0119ty Filip.<\/p>\n\n\n\n<p class=\"has-text-align-justify wp-block-paragraph\">Wykszta\u0142conego i starannie wychowanego w domu syna wys\u0142ali rodzice na uniwersytet do Pary\u017ca, gdzie si\u0119 pilnie uczy\u0142 teologii i filozofii, a p\u00f3\u017aniej poszed\u0142 do Padwy na nauk\u0119 lekarsk\u0105. Filip, przebywaj\u0105c w Padwie, nie rz\u0105dzi\u0142 si\u0119 tyle sk\u0142onno\u015bci\u0105 do medycyny, jak raczej pos\u0142usze\u0144stwem rodzic\u00f3w: z\u0142o\u017cywszy egzamin doktorski, wr\u00f3ci\u0142 do domu jako dwudziestoletni, nader urodziwy m\u0142odzian. Pi\u0119kniejsz\u0105 jednak by\u0142a jego dusza, kt\u00f3ra pokonywa\u0142a wielkie pokusy i niebezpiecze\u0144stwa.<\/p>\n\n\n\n<p class=\"has-text-align-justify wp-block-paragraph\">We W\u0142oszech walczy\u0142y z sob\u0105 dwa pot\u0119\u017cne stronnictwa Gwelf\u00f3w i Gibellin\u00f3w, szerz\u0105c mordy i spustoszenia. Szlachetny Filip utyskiwa\u0142 gorzko na okrucie\u0144stwa, kt\u00f3rych si\u0119 obie strony dopuszcza\u0142y, unika\u0142 wszak\u017ce jednych i drugich, zatapiaj\u0105c si\u0119 w Pi\u015bmie \u015bwi\u0119tem. Najch\u0119tniej przebywa\u0142 w ma\u0142ym ko\u015bci\u00f3\u0142ku, modl\u0105c si\u0119 gor\u0105co do Chrystusa i Naj\u015bwi\u0119tszej Panny o pok\u00f3j dla ojczyzny.<\/p>\n\n\n\n<p class=\"has-text-align-justify wp-block-paragraph\">Pewnego dnia zatopiony w nabo\u017ce\u0144stwie przy Mszy w ko\u015bciele Serwit\u00f3w, wys\u0142uchawszy Episto\u0142y, opisuj\u0105cej spotkanie dyakona Filipa ze skarbnikiem kr\u00f3lewnej etyopskiej, uczu\u0142 niezwyczajne wzruszenie na one s\u0142owa:\u00a0\u201eI rzek\u0142 duch Filipowi: przyst\u0105p, a przy\u0142\u0105cz si\u0119 do wozu tego\u201c (Dz. Ap. 8, 29), jak gdyby do niego samego by\u0142o wyrzeczone. Ujrza\u0142 si\u0119 tedy jakoby na straszliwej, stromemi ska\u0142ami i g\u0142\u0119bokiemi przepa\u015bciami otoczonej puszczy, w kt\u00f3rej pe\u0142no by\u0142o jadowitych gadzin. Dr\u017c\u0105c, wzni\u00f3s\u0142 ramiona i oczy w Niebo i ujrza\u0142 z\u0142oty pow\u00f3z, w kt\u00f3rym siedzia\u0142a Matka Bo\u017ca opromieniona blaskiem nadziemskim, trzymaj\u0105c w r\u0119ku habit Serwit\u00f3w i wo\u0142aj\u0105c: \u201eFilipie, p\u00f3jd\u017a i zbli\u017c si\u0119 do wozu.\u201c W tem objawieniu pozna\u0142 Filip, i\u017c go B\u00f3g powo\u0142uje do porzucenia \u015bwiata i wst\u0105pienia do Zakonu Serwit\u00f3w. Zataiwszy swe wykszta\u0142cenie, wst\u0105pi\u0142 jako prosty braciszek do klasztoru. Ch\u0119tnie podejmowa\u0142 najni\u017csze pos\u0142ugi w kuchni, w ogrodzie i chodzeniu za ja\u0142mu\u017cn\u0105. Po roku wys\u0142ano go na wysok\u0105 g\u00f3r\u0119 Senario, gdzie zamieszka\u0142 w jaskini. Nast\u0119pnie poruczono mu wa\u017cny urz\u0105d magistra nowicyusz\u00f3w w klasztorze miasta Sienny, chocia\u017c by\u0142 prostym laikiem i nie liczy\u0142\u00a0wi\u0119cej nad dwadzie\u015bcia cztery lat. W drodze spotka\u0142 dwu Dominikan\u00f3w, kt\u00f3rzy nie w\u0142adaj\u0105c j\u0119zykiem w\u0142oskim, przem\u00f3wili do niego po \u0142acinie i wci\u0105gn\u0119li w d\u0142ug\u0105 rozmow\u0119 o stanie i po\u0142o\u017ceniu Ko\u015bcio\u0142a. Filip tak p\u0142ynnie j\u0119zykiem tym w\u0142ada\u0142 i tak gruntown\u0105 i obszern\u0105 nauk\u0119 okaza\u0142, \u017ce zakonnicy nie mog\u0105c wyj\u015b\u0107 z podziwienia, opowiedzieli w Siennie, co ich w drodze spotka\u0142o. Niezad\u0142ugo te\u017c nak\u0142oniono go do przyj\u0119cia \u015bwi\u0119ce\u0144 kap\u0142a\u0144skich i do przyj\u0119cia godno\u015bci genera\u0142a Serwit\u00f3w. Obowi\u0105zki tego urz\u0119du pe\u0142ni\u0142 z tak\u0105 \u0142agodno\u015bci\u0105 i roztropno\u015bci\u0105, \u017ce wi\u0119cej zdzia\u0142a\u0142 wp\u0142ywem przyk\u0142adu, ani\u017celi powagi, i wi\u0119cej zach\u0119ca\u0142 do na\u015bladowania, ani\u017celi do pos\u0142usze\u0144stwa. By\u0142 uprzejmym i dobrotliwym dla wszystkich, surowym dla siebie. Nowemu Zakonowi nada\u0142 sta\u0142\u0105 regu\u0142\u0119, kt\u00f3r\u0105 wszyscy cz\u0142onkowie ch\u0119tnie przyj\u0119li, a Papie\u017c j\u0105 zatwierdzi\u0142.<\/p>\n\n\n\n<p class=\"has-text-align-justify wp-block-paragraph\">Gdy uporz\u0105dkowa\u0142 zarz\u0105d Zakonu, zwo\u0142a\u0142 generaln\u0105 kapitu\u0142\u0119, chc\u0105c z\u0142o\u017cy\u0107 urz\u0105d, a za pow\u00f3d ust\u0105pienia podaj\u0105c \u017cyczenie przep\u0119dzenia reszty \u017cycia w samotno\u015bci. Zasmucili si\u0119 bardzo zakonnicy, i jednog\u0142o\u015bnie o\u015bwiadczyli, \u017ce z urz\u0119du go zwolni\u0107 nie chc\u0105. Filip obstaj\u0105c jednak przy postanowieniu, pu\u015bci\u0142 si\u0119 w drog\u0119 do Papie\u017ca, bawi\u0105cego pod\u00f3wczas w mie\u015bcie Viterbo. W drodze prosi\u0142 go o ja\u0142mu\u017cn\u0119 jaki\u015b cz\u0142owiek, dotkni\u0119ty zaraz\u0105. Nie maj\u0105c przy sobie pieni\u0119dzy, podarowa\u0142 mu sw\u0105 spodni\u0105 odzie\u017c, a chory niezw\u0142ocznie odzyska\u0142 zdrowie. Wie\u015b\u0107 o tym cudzie rozesz\u0142a si\u0119 daleko. Papie\u017c za\u015b nie przychyli\u0142 si\u0119 do pro\u015bby Filipa. Po \u015bmierci Ojca \u015bw. chcieli Kardyna\u0142owie Filipa wynie\u015b\u0107 na Stolic\u0119 Apostolsk\u0105, lecz on chowa\u0142 si\u0119 przez trzy miesi\u0105ce w lesie Siene\u0144skim, a\u017c wybrano Grzegorza X, poczem dopiero wr\u00f3ci\u0142 do swoich i niezw\u0142ocznie rozpocz\u0105\u0142 wizytacy\u0119 klasztor\u00f3w we W\u0142oszech, Francyi i Niemczech. Podczas wizytacyi zdzia\u0142a\u0142 wiele dobrego dla Ko\u015bcio\u0142a, nawracaj\u0105c grzesznik\u00f3w i usuwaj\u0105c niezgody po wsiach i miastach. Zdarzy\u0142o si\u0119, i\u017c cz\u0119sto nie poznano si\u0119 na jego dobrych ch\u0119ciach, a ludzie \u017ali dopuszczali si\u0119 wzgl\u0119dem niego rozmaitych zniewag, wszelako cierpliwo\u015b\u0107 jego wielka wszystko pokona\u0142a. W mie\u015bcie Forli napad\u0142o go kilku opryszk\u00f3w, a zdar\u0142szy z niego odzie\u017c zakonn\u0105, srodze go zbili. On zni\u00f3s\u0142 to z tak\u0105 cierpliwo\u015bci\u0105 i \u0142agodno\u015bci\u0105, \u017ce jeden z nich tem wzruszony, napastnik\u00f3w odegna\u0142, rannego genera\u0142a o przyj\u0119cie do Zakonu prosi\u0142 i uda\u0142 si\u0119 na pokut\u0119, w kt\u00f3rej te\u017c \u017cywota dokona\u0142.<br><\/p>\n\n\n\n<p class=\"has-text-align-justify wp-block-paragraph\">\u2009W rodzinnem mie\u015bcie Filipa wywi\u0105za\u0142a si\u0119 jawna wojna. Od lat dwunastu, tj. od \u015bmierci ostatniego Arcybiskupa, nie mog\u0142y si\u0119 stronnictwa zgodzi\u0107 na nast\u0119pc\u0119. Filip w kazaniach zaleca\u0142 pok\u00f3j i zgod\u0119, i pojedna\u0142 powa\u015bnionych, kt\u00f3rzy go te\u017c jednog\u0142o\u015bnie Biskupem obwo\u0142ali. Wkr\u00f3tce jednak znik\u0142 im z oczu i po innych miastach przywraca\u0142 jedno\u015b\u0107 i pok\u00f3j.<\/p>\n\n\n\n<p class=\"has-text-align-justify wp-block-paragraph\">D\u017awigaj\u0105c jeszcze d\u0142ugie lata brzemi\u0119 generalskiej godno\u015bci ku po\u017cytkowi Zakonu i Ko\u015bcio\u0142a, pocz\u0105\u0142 z powodu nadmiernej pracy upada\u0107 na si\u0142ach i uprosi\u0142 nareszcie braci, aby go z urz\u0119du zwolnili. Z wielk\u0105 rado\u015bci\u0105 uda\u0142 si\u0119 przeto do Todi, dok\u0105d przyby\u0142 14-go sierpnia. Noc ca\u0142\u0105 na modlitwach strawi\u0142,\u00a0a w uroczysto\u015b\u0107 Wniebowzi\u0119cia Matki Boskiej wyg\u0142osi\u0142 ostatnie na Jej cze\u015b\u0107 kazanie z tak porywaj\u0105c\u0105 wymow\u0105, \u017ce wszyscy s\u0142uchali go, jakby \u015awi\u0119tego. Po kazaniu musia\u0142 si\u0119 w \u0142\u00f3\u017cko po\u0142o\u017cy\u0107, poczem przyj\u0105wszy ostatnie Sakramenta, zaniem\u00f3wi\u0142 na trzy godziny, i wszyscy mieli go za umar\u0142ego. Obudziwszy si\u0119, opowiada\u0142, \u017ce ci\u0119\u017ck\u0105 przeby\u0142 walk\u0119 z szatanem, kt\u00f3ry mu ukaza\u0142 wszystkie grzechy jego, ale Matka Boska broni\u0142a go i pociesza\u0142a. Napomniawszy braci, schyli\u0142 g\u0142ow\u0119, m\u00f3wi\u0105c po cichu: \u201eGdzie moja ksi\u0105\u017cka? Podajcie mi ksi\u0105\u017ck\u0119.\u201c Podano mu jedn\u0119 i drug\u0105, ale \u017cadnej nie chcia\u0142 wzi\u0105\u0107. Nareszcie spostrze\u017cono, \u017ce oczy ma zwr\u00f3cone ku krucyfiksowi na \u015bcianie, wi\u0119c mu go w\u0142o\u017cono w r\u0119ce. Z g\u0142\u0119bokiem rozrzewnieniem przyciskaj\u0105c krzy\u017c do piersi i ust, zasn\u0105\u0142 w Panu dnia 22 sierpnia 1285 roku, a Papie\u017c Klemens X zaliczy\u0142 go do \u015awi\u0119tych w roku 1671.<br><\/p>\n\n\n\n<h2 class=\"wp-block-heading\"><strong>Nauka moralna.<\/strong><\/h2>\n\n\n\n<p class=\"has-text-align-justify wp-block-paragraph\">\u2009\u015awi\u0119ty Filip Benicyusz ju\u017c od najpierwszej m\u0142odo\u015bci \u0107wiczy\u0142 si\u0119 w mi\u0142o\u015bci i dobroci wobec wszystkich bli\u017anich, wobec siebie samego natomiast stara\u0142 si\u0119 dosi\u0119gn\u0105\u0107 jak najwi\u0119kszej doskona\u0142o\u015bci w pokucie i umartwieniach. Ksi\u0105\u017ck\u0105 za\u015b, z kt\u00f3rej ten\u017ce \u015awi\u0119ty on\u0105 m\u0105dro\u015b\u0107 czerpa\u0142, nie by\u0142o nic innego, jak krzy\u017c z wizerunkiem rozpi\u0119tego na nim Zbawiciela. S\u0142usznie przeto te\u017c twierdzi\u0107 mo\u017cna, i\u017c \u017cadna ksi\u0119ga nie g\u0142osi tak wymownie, jak powy\u017cej wspomniana onych dwu najprzedniejszych cn\u00f3t Chrystusowych, tj. mi\u0142osierdzia Jego wobec wszystkich ludzi i sprawiedliwo\u015bci wzgl\u0119dem samego Siebie.<\/p>\n\n\n\n<p class=\"has-text-align-justify wp-block-paragraph\">1) Pan Jezus ponosi\u0142 na krzy\u017cu niewymowne m\u0119ki z mi\u0142osierdzia i lito\u015bci nad trojak\u0105 n\u0119dz\u0105, gn\u0119bi\u0105c\u0105 ca\u0142y rodzaj ludzki. Ulitowa\u0142 si\u0119 bowiem nad<br>\u2009a) nasz\u0105 przewrotno\u015bci\u0105 moraln\u0105 i niemoc\u0105, tamuj\u0105c\u0105 nam drog\u0119 do szcz\u0119\u015bcia wiecznego. Dlatego te\u017c zostawi\u0142 nam niewyczerpany skarb prawdy i \u0142aski, u\u0142atwiaj\u0105cy w ten spos\u00f3b dost\u0105pienie zbawienia. Ulitowa\u0142 si\u0119<br>\u2009b) nad nasz\u0105 sk\u0142onno\u015bci\u0105 do grzechu. Poniewa\u017c jako dzieci Adama utracili\u015bmy prawo do szcz\u0119\u015bcia wiecznego, Zbawiciel poni\u00f3s\u0142 \u015bmier\u0107 bolesn\u0105 i oswobodzi\u0142 wszystkich we\u0144 wierz\u0105cych od grzechu pierworodnego. Ulitowa\u0142 si\u0119 wreszcie nad<br>\u2009c) \u015bmiertelno\u015bci\u0105 nasz\u0105. Jako dzieci pierwszych rodzic\u00f3w podlegamy r\u00f3\u017cnym utrapieniom, mozo\u0142om i \u015bmierci. Pan Jezus jednak\u017ce otworzy\u0142 zostaj\u0105cym w stanie \u0142aski Niebo i powierzy\u0142 klucze Niebios Piotrowi. Jak nieprzebrany przeto skarb mi\u0142osierdzia widzimy w g\u0142\u0119bokich Jego ranach, rozpostartych ramionach, konaj\u0105cych ustach i otwartym boku!<br>\u20092) Pan Jezus cierpia\u0142 nies\u0142ychane m\u0119ki na krzy\u017cu dla mi\u0142o\u015bci Boga, przyj\u0105\u0142 na Siebie grzechy \u015bwiata ca\u0142ego, aby przeb\u0142aga\u0107 Boga za wyrz\u0105dzon\u0105 Mu obraz\u0119 i przywr\u00f3ci\u0107 Mu cze\u015b\u0107 przynale\u017cn\u0105. Boska Jego mi\u0142o\u015b\u0107 nie znios\u0142a bowiem tego na Sobie, aby obraza i ha\u0144ba po trzykro\u0107 Ojcu niebieskiemu przez stworzenie Jego zadana, nie zosta\u0142a odpokutowana. Nale\u017cny ten d\u0142ug odda\u0142 tedy Zbawiciel, pe\u0142ni\u0105c przez lat 33 wol\u0119 Ojca przedwiecznego, krzewi\u0105c s\u0142aw\u0119 Imienia Jego i czyni\u0105c ofiar\u0119 z \u017cycia Swego, oddaj\u0105c si\u0119 na przybicie do krzy\u017ca.<br>\u2009Pomn\u0105c wi\u0119c na zas\u0142ugi Jednorodzonego Syna Twego, spraw mi\u0142o\u015bciwy i dobry Bo\u017ce, aby krucyfiks i dla nas by\u0142 otwart\u0105 ksi\u0119g\u0105 i aby\u015bmy w tej ksi\u0105\u017cce podobnie jak \u015bwi\u0119ty Filip czyta\u0107 umieli.<\/p>\n\n\n\n<h2 class=\"wp-block-heading\"><br><strong>Modlitwa.<\/strong><\/h2>\n\n\n\n<blockquote class=\"wp-block-quote is-layout-flow wp-block-quote-is-layout-flow\"><p>\u2009Bo\u017ce, kt\u00f3ry w \u015bw. Filipie, Wyznawcy Twoim, g\u0142\u0119bokiej pokory wz\u00f3r nam pozostawi\u0142e\u015b, daj nam s\u0142ugom Twoim, za jego przyk\u0142adem doczesnemi dobrami gardzi\u0107, a o niebieskie zawsze si\u0119 stara\u0107. Przez Pana naszego Jezusa Chrystusa. Amen.<\/p><\/blockquote>\n\n\n\n<figure class=\"wp-block-table\"><table><tbody><tr><td>\u2217&nbsp;&nbsp;&nbsp;&nbsp;&nbsp;&nbsp;&nbsp;&nbsp;&nbsp;&nbsp;&nbsp;&nbsp;&nbsp;&nbsp;&nbsp;&nbsp;&nbsp;&nbsp;&nbsp;&nbsp;\u2217<br>\u2217<\/td><\/tr><\/tbody><\/table><\/figure>\n\n\n\n<p class=\"wp-block-paragraph\">\u2009<em>Opr\u00f3cz tego obchodzi Ko\u015bci\u00f3\u0142 \u015bwi\u0119ty pami\u0105tk\u0119 nast\u0119puj\u0105cych \u015awi\u0119tych Pa\u0144skich, zamieszczonych w rzymskiem martyrologium:<\/em><\/p>\n\n\n\n<p class=\"has-text-align-justify wp-block-paragraph\">\u2009<strong>Dnia 23-go sierpnia<\/strong>&nbsp;wigilia \u015bw. Bart\u0142omieja, Aposto\u0142a. \u2014 W Todi uroczysto\u015b\u0107 \u015bw. Wyznawcy&nbsp;Filipa Benicyusza&nbsp;z Florencyi, krzewiciela zakonu Serwit\u00f3w, odznaczaj\u0105cego si\u0119 rzadk\u0105 pokor\u0105. Klemens X policzy\u0142 go w poczet \u015awi\u0119tych. \u2014 W Antyochii m\u0119cze\u0144stwo \u015bwi\u0119tych&nbsp;Restytuta, Donata, Waleryana i Fruktuoza z dwunastu innymi&nbsp;otrzymuj\u0105c przez to najwspanialsz\u0105 nagrod\u0119 za wiar\u0119 swoj\u0105, \u017ce wolno im by\u0142o przela\u0107 za ni\u0105 krew w\u0142asn\u0105. \u2014 W Ostyi \u015bmier\u0107 m\u0119cze\u0144ska \u015bw.&nbsp;Kwiryaka, Biskupa, \u015bw.&nbsp;Maksyma, Kap\u0142ana, \u015bw.&nbsp;Archalausa, Dyakona i&nbsp;towarzysz\u00f3w ich, kt\u00f3rzy wszyscy cierpieli za prefekta Ulpiana. \u2014 W Egei w Cylicyi m\u0119cze\u0144stwo \u015bw. Braci&nbsp;Klaudyusza, Asteryusza i Neona; oskar\u017ceni przez macoch\u0119 jako chrze\u015bcijanie, ponie\u015bli za cesarza Dyoklecyana i prezesa Lyciasa po wielu innych cierpieniach kar\u0119 \u015bmierci na krzy\u017cu, tryumfuj\u0105c jako zwyci\u0119zcy z Chrystusem. Po nich cierpia\u0142y&nbsp;Donwina i Teonilla. \u2014 W Reims we Francyi \u015bmier\u0107 m\u0119cze\u0144ska \u015bw.&nbsp;Tymoteusza i Apollinarego, kt\u00f3rzy oddali tam\u017ce \u017cycie swe w ofierze i tem zas\u0142u\u017cyli sobie na nagrod\u0119 wieczn\u0105. \u2014 W Lyonie m\u0119cze\u0144stwo \u015bwi\u0119tych&nbsp;Minerwy i Eleazary z 8 synami. \u2014 R\u00f3wnie\u017c cierpienia \u015bw.&nbsp;Luppusa. By\u0142 niewolnikiem, ale przez wiar\u0119 w Chrystusa uzyska\u0142 wolno\u015b\u0107 dzieci\u0119cia Bo\u017cego i wko\u0144cu sta\u0142 si\u0119 godnym korony m\u0119cze\u0144skiej. \u2014 W Jerozolimie uroczysto\u015b\u0107 \u015bw.&nbsp;Zacheusza, Biskupa, kt\u00f3ry jako czwarty nast\u0119pca \u015bw. Jak\u00f3ba rz\u0105dzi\u0142 tym\u017ce Ko\u015bcio\u0142em. \u2014 W Aleksandryi pami\u0105tka \u015bw.&nbsp;Teonasa, Biskupa i Wyznawcy. \u2014 W Utyce w Afryce uroczysto\u015b\u0107 \u015bw.&nbsp;Wiktora, Biskupa. \u2014 W Autun pami\u0105tka \u015bw.&nbsp;Flawiana, Biskupa. \u2014 W Klermoncie w Auwernii uroczysto\u015b\u0107 \u015bw.&nbsp;Sydoniusza, Biskupa, m\u0119\u017ca o rzadkiej cnocie i wiedzy.<\/p>","protected":false},"excerpt":{"rendered":"<p>\u015aw. Filip udawa\u0142 prostego i nieuczonego, a sprawa i tak si\u0119 wyda\u0142a i ledwie co uchroni\u0142 si\u0119 przed papiestwem.  Jednak brzemi\u0119 prze\u0142o\u017ce\u0144stwa zakonnego d\u017awiga\u0142 prawie ca\u0142e \u017cycie, bo cz\u0119sto wola Bo\u017ca jest inna ni\u017c nasza w\u0142asna.<\/p>","protected":false},"author":60508433,"featured_media":51932,"comment_status":"open","ping_status":"open","sticky":false,"template":"","format":"standard","meta":{"_bbp_topic_count":0,"_bbp_reply_count":0,"_bbp_total_topic_count":0,"_bbp_total_reply_count":0,"_bbp_voice_count":0,"_bbp_anonymous_reply_count":0,"_bbp_topic_count_hidden":0,"_bbp_reply_count_hidden":0,"_bbp_forum_subforum_count":0,"_editorskit_title_hidden":false,"_editorskit_reading_time":6,"_editorskit_is_block_options_detached":false,"_editorskit_block_options_position":"{}","_coblocks_attr":"","_coblocks_dimensions":"","_coblocks_responsive_height":"","_coblocks_accordion_ie_support":"","_exactmetrics_skip_tracking":false,"_jetpack_newsletter_access":"","_jetpack_dont_email_post_to_subs":false,"_jetpack_newsletter_tier_id":0,"_jetpack_memberships_contains_paywalled_content":false,"_wpcom_ai_launchpad_first_post":false,"_jetpack_feature_clip_id":0,"_jetpack_memberships_contains_paid_content":false,"footnotes":"","jetpack_publicize_message":"{title}\n\n{excerpt}\n\n{url}","jetpack_publicize_feature_enabled":true,"jetpack_social_post_already_shared":true,"jetpack_social_options":{"image_generator_settings":{"template":"highway","default_image_id":0,"font":"","enabled":false},"version":2},"_wpas_customize_per_network":false,"jetpack_post_was_ever_published":false},"categories":[610131823,336375535],"tags":[],"class_list":["post-51926","post","type-post","status-publish","format-standard","has-post-thumbnail","hentry","category-swieta-w-sierpniu","category-liturgia-i-liturgika"],"yoast_head":"<!-- This site is optimized with the Yoast SEO plugin v28.4 - https:\/\/yoast.com\/product\/yoast-seo-wordpress\/ -->\n<title>23-go Sierpnia. \u017bywot \u015bwi\u0119tego Filipa Benicyusza, Wyznawcy. - Tradycja i Wiara<\/title>\n<meta name=\"robots\" content=\"index, follow, max-snippet:-1, max-image-preview:large, max-video-preview:-1\" \/>\n<link rel=\"canonical\" href=\"https:\/\/wobronietradycjiiwiary.com\/en\/23-go-sierpnia-zywot-swietego-filipa-benicyusza-wyznawcy\/\" \/>\n<meta property=\"og:locale\" content=\"en_US\" \/>\n<meta property=\"og:type\" content=\"article\" \/>\n<meta property=\"og:title\" content=\"23-go Sierpnia. \u017bywot \u015bwi\u0119tego Filipa Benicyusza, Wyznawcy. - Tradycja i Wiara\" \/>\n<meta property=\"og:description\" content=\"\u015aw. Filip udawa\u0142 prostego i nieuczonego, a sprawa i tak si\u0119 wyda\u0142a i ledwie co uchroni\u0142 si\u0119 przed papiestwem. Jednak brzemi\u0119 prze\u0142o\u017ce\u0144stwa zakonnego d\u017awiga\u0142 prawie ca\u0142e \u017cycie, bo cz\u0119sto wola Bo\u017ca jest inna ni\u017c nasza w\u0142asna.\" \/>\n<meta property=\"og:url\" content=\"https:\/\/wobronietradycjiiwiary.com\/en\/23-go-sierpnia-zywot-swietego-filipa-benicyusza-wyznawcy\/\" \/>\n<meta property=\"og:site_name\" content=\"Tradycja i Wiara\" \/>\n<meta property=\"article:publisher\" content=\"https:\/\/www.facebook.com\/Tradycja-i-Wiara-108813920592249\" \/>\n<meta property=\"article:published_time\" content=\"2021-08-23T06:15:00+00:00\" \/>\n<meta property=\"article:modified_time\" content=\"2025-02-10T10:16:13+00:00\" \/>\n<meta property=\"og:image\" content=\"https:\/\/wobronietradycjiiwiary.com\/wp-content\/uploads\/2021\/08\/Filip-Benicjusz.jpg\" \/>\n\t<meta property=\"og:image:width\" content=\"1045\" \/>\n\t<meta property=\"og:image:height\" content=\"1200\" \/>\n\t<meta property=\"og:image:type\" content=\"image\/jpeg\" \/>\n<meta name=\"author\" content=\"Traditio et Fides\" \/>\n<meta name=\"twitter:card\" content=\"summary_large_image\" \/>\n<meta name=\"twitter:label1\" content=\"Written by\" \/>\n\t<meta name=\"twitter:data1\" content=\"Traditio et Fides\" \/>\n\t<meta name=\"twitter:label2\" content=\"Est. reading time\" \/>\n\t<meta name=\"twitter:data2\" content=\"7 minutes\" \/>\n<script type=\"application\/ld+json\" class=\"yoast-schema-graph\">{\"@context\":\"https:\\\/\\\/schema.org\",\"@graph\":[{\"@type\":\"Article\",\"@id\":\"https:\\\/\\\/wobronietradycjiiwiary.com\\\/23-go-sierpnia-zywot-swietego-filipa-benicyusza-wyznawcy\\\/#article\",\"isPartOf\":{\"@id\":\"https:\\\/\\\/wobronietradycjiiwiary.com\\\/23-go-sierpnia-zywot-swietego-filipa-benicyusza-wyznawcy\\\/\"},\"author\":{\"name\":\"Traditio et Fides\",\"@id\":\"https:\\\/\\\/wobronietradycjiiwiary.com\\\/pl\\\/#\\\/schema\\\/person\\\/2d6180ce6abcb681fef0daab7816e8f3\"},\"headline\":\"23-go Sierpnia. \u017bywot \u015bwi\u0119tego Filipa Benicyusza, Wyznawcy.\",\"datePublished\":\"2021-08-23T06:15:00+00:00\",\"dateModified\":\"2025-02-10T10:16:13+00:00\",\"mainEntityOfPage\":{\"@id\":\"https:\\\/\\\/wobronietradycjiiwiary.com\\\/23-go-sierpnia-zywot-swietego-filipa-benicyusza-wyznawcy\\\/\"},\"wordCount\":1985,\"commentCount\":0,\"publisher\":{\"@id\":\"https:\\\/\\\/wobronietradycjiiwiary.com\\\/pl\\\/#organization\"},\"image\":{\"@id\":\"https:\\\/\\\/wobronietradycjiiwiary.com\\\/23-go-sierpnia-zywot-swietego-filipa-benicyusza-wyznawcy\\\/#primaryimage\"},\"thumbnailUrl\":\"https:\\\/\\\/wobronietradycjiiwiary.com\\\/wp-content\\\/uploads\\\/2021\\\/08\\\/Filip-Benicjusz.jpg\",\"articleSection\":[\"08. \u015awi\u0119ta w sierpniu\",\"Liturgia i liturgika\"],\"inLanguage\":\"en-US\",\"potentialAction\":[{\"@type\":\"CommentAction\",\"name\":\"Comment\",\"target\":[\"https:\\\/\\\/wobronietradycjiiwiary.com\\\/23-go-sierpnia-zywot-swietego-filipa-benicyusza-wyznawcy\\\/#respond\"]}]},{\"@type\":\"WebPage\",\"@id\":\"https:\\\/\\\/wobronietradycjiiwiary.com\\\/23-go-sierpnia-zywot-swietego-filipa-benicyusza-wyznawcy\\\/\",\"url\":\"https:\\\/\\\/wobronietradycjiiwiary.com\\\/23-go-sierpnia-zywot-swietego-filipa-benicyusza-wyznawcy\\\/\",\"name\":\"23-go Sierpnia. \u017bywot \u015bwi\u0119tego Filipa Benicyusza, Wyznawcy. - Tradycja i Wiara\",\"isPartOf\":{\"@id\":\"https:\\\/\\\/wobronietradycjiiwiary.com\\\/pl\\\/#website\"},\"primaryImageOfPage\":{\"@id\":\"https:\\\/\\\/wobronietradycjiiwiary.com\\\/23-go-sierpnia-zywot-swietego-filipa-benicyusza-wyznawcy\\\/#primaryimage\"},\"image\":{\"@id\":\"https:\\\/\\\/wobronietradycjiiwiary.com\\\/23-go-sierpnia-zywot-swietego-filipa-benicyusza-wyznawcy\\\/#primaryimage\"},\"thumbnailUrl\":\"https:\\\/\\\/wobronietradycjiiwiary.com\\\/wp-content\\\/uploads\\\/2021\\\/08\\\/Filip-Benicjusz.jpg\",\"datePublished\":\"2021-08-23T06:15:00+00:00\",\"dateModified\":\"2025-02-10T10:16:13+00:00\",\"breadcrumb\":{\"@id\":\"https:\\\/\\\/wobronietradycjiiwiary.com\\\/23-go-sierpnia-zywot-swietego-filipa-benicyusza-wyznawcy\\\/#breadcrumb\"},\"inLanguage\":\"en-US\",\"potentialAction\":[{\"@type\":\"ReadAction\",\"target\":[\"https:\\\/\\\/wobronietradycjiiwiary.com\\\/23-go-sierpnia-zywot-swietego-filipa-benicyusza-wyznawcy\\\/\"]}]},{\"@type\":\"ImageObject\",\"inLanguage\":\"en-US\",\"@id\":\"https:\\\/\\\/wobronietradycjiiwiary.com\\\/23-go-sierpnia-zywot-swietego-filipa-benicyusza-wyznawcy\\\/#primaryimage\",\"url\":\"https:\\\/\\\/wobronietradycjiiwiary.com\\\/wp-content\\\/uploads\\\/2021\\\/08\\\/Filip-Benicjusz.jpg\",\"contentUrl\":\"https:\\\/\\\/wobronietradycjiiwiary.com\\\/wp-content\\\/uploads\\\/2021\\\/08\\\/Filip-Benicjusz.jpg\",\"width\":1045,\"height\":1200},{\"@type\":\"BreadcrumbList\",\"@id\":\"https:\\\/\\\/wobronietradycjiiwiary.com\\\/23-go-sierpnia-zywot-swietego-filipa-benicyusza-wyznawcy\\\/#breadcrumb\",\"itemListElement\":[{\"@type\":\"ListItem\",\"position\":1,\"name\":\"Strona g\u0142\u00f3wna\",\"item\":\"https:\\\/\\\/wobronietradycjiiwiary.com\\\/\"},{\"@type\":\"ListItem\",\"position\":2,\"name\":\"23-go Sierpnia. \u017bywot \u015bwi\u0119tego Filipa Benicyusza, Wyznawcy.\"}]},{\"@type\":\"WebSite\",\"@id\":\"https:\\\/\\\/wobronietradycjiiwiary.com\\\/pl\\\/#website\",\"url\":\"https:\\\/\\\/wobronietradycjiiwiary.com\\\/pl\\\/\",\"name\":\"Tradycja i Wiara\",\"description\":\"Portal dla katolik\u00f3w.\",\"publisher\":{\"@id\":\"https:\\\/\\\/wobronietradycjiiwiary.com\\\/pl\\\/#organization\"},\"potentialAction\":[{\"@type\":\"SearchAction\",\"target\":{\"@type\":\"EntryPoint\",\"urlTemplate\":\"https:\\\/\\\/wobronietradycjiiwiary.com\\\/pl\\\/?s={search_term_string}\"},\"query-input\":{\"@type\":\"PropertyValueSpecification\",\"valueRequired\":true,\"valueName\":\"search_term_string\"}}],\"inLanguage\":\"en-US\"},{\"@type\":\"Organization\",\"@id\":\"https:\\\/\\\/wobronietradycjiiwiary.com\\\/pl\\\/#organization\",\"name\":\"Tradycja i Wiara\",\"url\":\"https:\\\/\\\/wobronietradycjiiwiary.com\\\/pl\\\/\",\"logo\":{\"@type\":\"ImageObject\",\"inLanguage\":\"en-US\",\"@id\":\"https:\\\/\\\/wobronietradycjiiwiary.com\\\/pl\\\/#\\\/schema\\\/logo\\\/image\\\/\",\"url\":\"https:\\\/\\\/i0.wp.com\\\/wobronietradycjiiwiary.com\\\/wp-content\\\/uploads\\\/2015\\\/10\\\/cropped-st-peters-dome-vatican.jpg?fit=940%2C198&ssl=1\",\"contentUrl\":\"https:\\\/\\\/i0.wp.com\\\/wobronietradycjiiwiary.com\\\/wp-content\\\/uploads\\\/2015\\\/10\\\/cropped-st-peters-dome-vatican.jpg?fit=940%2C198&ssl=1\",\"width\":940,\"height\":198,\"caption\":\"Tradycja i Wiara\"},\"image\":{\"@id\":\"https:\\\/\\\/wobronietradycjiiwiary.com\\\/pl\\\/#\\\/schema\\\/logo\\\/image\\\/\"},\"sameAs\":[\"https:\\\/\\\/www.facebook.com\\\/Tradycja-i-Wiara-108813920592249\"]},{\"@type\":\"Person\",\"@id\":\"https:\\\/\\\/wobronietradycjiiwiary.com\\\/pl\\\/#\\\/schema\\\/person\\\/2d6180ce6abcb681fef0daab7816e8f3\",\"name\":\"Traditio et Fides\",\"sameAs\":[\"https:\\\/\\\/traditionundglauben.com\"],\"url\":\"https:\\\/\\\/wobronietradycjiiwiary.com\\\/en\\\/author\\\/wobronietradycjiiwiary\\\/\"}]}<\/script>\n<!-- \/ Yoast SEO plugin. -->","yoast_head_json":{"title":"23-go Sierpnia. \u017bywot \u015bwi\u0119tego Filipa Benicyusza, Wyznawcy. - Tradycja i Wiara","robots":{"index":"index","follow":"follow","max-snippet":"max-snippet:-1","max-image-preview":"max-image-preview:large","max-video-preview":"max-video-preview:-1"},"canonical":"https:\/\/wobronietradycjiiwiary.com\/en\/23-go-sierpnia-zywot-swietego-filipa-benicyusza-wyznawcy\/","og_locale":"en_US","og_type":"article","og_title":"23-go Sierpnia. \u017bywot \u015bwi\u0119tego Filipa Benicyusza, Wyznawcy. - Tradycja i Wiara","og_description":"\u015aw. Filip udawa\u0142 prostego i nieuczonego, a sprawa i tak si\u0119 wyda\u0142a i ledwie co uchroni\u0142 si\u0119 przed papiestwem. Jednak brzemi\u0119 prze\u0142o\u017ce\u0144stwa zakonnego d\u017awiga\u0142 prawie ca\u0142e \u017cycie, bo cz\u0119sto wola Bo\u017ca jest inna ni\u017c nasza w\u0142asna.","og_url":"https:\/\/wobronietradycjiiwiary.com\/en\/23-go-sierpnia-zywot-swietego-filipa-benicyusza-wyznawcy\/","og_site_name":"Tradycja i Wiara","article_publisher":"https:\/\/www.facebook.com\/Tradycja-i-Wiara-108813920592249","article_published_time":"2021-08-23T06:15:00+00:00","article_modified_time":"2025-02-10T10:16:13+00:00","og_image":[{"width":1045,"height":1200,"url":"https:\/\/wobronietradycjiiwiary.com\/wp-content\/uploads\/2021\/08\/Filip-Benicjusz.jpg","type":"image\/jpeg"}],"author":"Traditio et Fides","twitter_card":"summary_large_image","twitter_misc":{"Written by":"Traditio et Fides","Est. reading time":"7 minutes"},"schema":{"@context":"https:\/\/schema.org","@graph":[{"@type":"Article","@id":"https:\/\/wobronietradycjiiwiary.com\/23-go-sierpnia-zywot-swietego-filipa-benicyusza-wyznawcy\/#article","isPartOf":{"@id":"https:\/\/wobronietradycjiiwiary.com\/23-go-sierpnia-zywot-swietego-filipa-benicyusza-wyznawcy\/"},"author":{"name":"Traditio et Fides","@id":"https:\/\/wobronietradycjiiwiary.com\/pl\/#\/schema\/person\/2d6180ce6abcb681fef0daab7816e8f3"},"headline":"23-go Sierpnia. \u017bywot \u015bwi\u0119tego Filipa Benicyusza, Wyznawcy.","datePublished":"2021-08-23T06:15:00+00:00","dateModified":"2025-02-10T10:16:13+00:00","mainEntityOfPage":{"@id":"https:\/\/wobronietradycjiiwiary.com\/23-go-sierpnia-zywot-swietego-filipa-benicyusza-wyznawcy\/"},"wordCount":1985,"commentCount":0,"publisher":{"@id":"https:\/\/wobronietradycjiiwiary.com\/pl\/#organization"},"image":{"@id":"https:\/\/wobronietradycjiiwiary.com\/23-go-sierpnia-zywot-swietego-filipa-benicyusza-wyznawcy\/#primaryimage"},"thumbnailUrl":"https:\/\/wobronietradycjiiwiary.com\/wp-content\/uploads\/2021\/08\/Filip-Benicjusz.jpg","articleSection":["08. \u015awi\u0119ta w sierpniu","Liturgia i liturgika"],"inLanguage":"en-US","potentialAction":[{"@type":"CommentAction","name":"Comment","target":["https:\/\/wobronietradycjiiwiary.com\/23-go-sierpnia-zywot-swietego-filipa-benicyusza-wyznawcy\/#respond"]}]},{"@type":"WebPage","@id":"https:\/\/wobronietradycjiiwiary.com\/23-go-sierpnia-zywot-swietego-filipa-benicyusza-wyznawcy\/","url":"https:\/\/wobronietradycjiiwiary.com\/23-go-sierpnia-zywot-swietego-filipa-benicyusza-wyznawcy\/","name":"23-go Sierpnia. \u017bywot \u015bwi\u0119tego Filipa Benicyusza, Wyznawcy. - Tradycja i Wiara","isPartOf":{"@id":"https:\/\/wobronietradycjiiwiary.com\/pl\/#website"},"primaryImageOfPage":{"@id":"https:\/\/wobronietradycjiiwiary.com\/23-go-sierpnia-zywot-swietego-filipa-benicyusza-wyznawcy\/#primaryimage"},"image":{"@id":"https:\/\/wobronietradycjiiwiary.com\/23-go-sierpnia-zywot-swietego-filipa-benicyusza-wyznawcy\/#primaryimage"},"thumbnailUrl":"https:\/\/wobronietradycjiiwiary.com\/wp-content\/uploads\/2021\/08\/Filip-Benicjusz.jpg","datePublished":"2021-08-23T06:15:00+00:00","dateModified":"2025-02-10T10:16:13+00:00","breadcrumb":{"@id":"https:\/\/wobronietradycjiiwiary.com\/23-go-sierpnia-zywot-swietego-filipa-benicyusza-wyznawcy\/#breadcrumb"},"inLanguage":"en-US","potentialAction":[{"@type":"ReadAction","target":["https:\/\/wobronietradycjiiwiary.com\/23-go-sierpnia-zywot-swietego-filipa-benicyusza-wyznawcy\/"]}]},{"@type":"ImageObject","inLanguage":"en-US","@id":"https:\/\/wobronietradycjiiwiary.com\/23-go-sierpnia-zywot-swietego-filipa-benicyusza-wyznawcy\/#primaryimage","url":"https:\/\/wobronietradycjiiwiary.com\/wp-content\/uploads\/2021\/08\/Filip-Benicjusz.jpg","contentUrl":"https:\/\/wobronietradycjiiwiary.com\/wp-content\/uploads\/2021\/08\/Filip-Benicjusz.jpg","width":1045,"height":1200},{"@type":"BreadcrumbList","@id":"https:\/\/wobronietradycjiiwiary.com\/23-go-sierpnia-zywot-swietego-filipa-benicyusza-wyznawcy\/#breadcrumb","itemListElement":[{"@type":"ListItem","position":1,"name":"Strona g\u0142\u00f3wna","item":"https:\/\/wobronietradycjiiwiary.com\/"},{"@type":"ListItem","position":2,"name":"23-go Sierpnia. \u017bywot \u015bwi\u0119tego Filipa Benicyusza, Wyznawcy."}]},{"@type":"WebSite","@id":"https:\/\/wobronietradycjiiwiary.com\/pl\/#website","url":"https:\/\/wobronietradycjiiwiary.com\/pl\/","name":"Tradycja i Wiara","description":"Portal dla katolik\u00f3w.","publisher":{"@id":"https:\/\/wobronietradycjiiwiary.com\/pl\/#organization"},"potentialAction":[{"@type":"SearchAction","target":{"@type":"EntryPoint","urlTemplate":"https:\/\/wobronietradycjiiwiary.com\/pl\/?s={search_term_string}"},"query-input":{"@type":"PropertyValueSpecification","valueRequired":true,"valueName":"search_term_string"}}],"inLanguage":"en-US"},{"@type":"Organization","@id":"https:\/\/wobronietradycjiiwiary.com\/pl\/#organization","name":"Tradycja i Wiara","url":"https:\/\/wobronietradycjiiwiary.com\/pl\/","logo":{"@type":"ImageObject","inLanguage":"en-US","@id":"https:\/\/wobronietradycjiiwiary.com\/pl\/#\/schema\/logo\/image\/","url":"https:\/\/i0.wp.com\/wobronietradycjiiwiary.com\/wp-content\/uploads\/2015\/10\/cropped-st-peters-dome-vatican.jpg?fit=940%2C198&ssl=1","contentUrl":"https:\/\/i0.wp.com\/wobronietradycjiiwiary.com\/wp-content\/uploads\/2015\/10\/cropped-st-peters-dome-vatican.jpg?fit=940%2C198&ssl=1","width":940,"height":198,"caption":"Tradycja i Wiara"},"image":{"@id":"https:\/\/wobronietradycjiiwiary.com\/pl\/#\/schema\/logo\/image\/"},"sameAs":["https:\/\/www.facebook.com\/Tradycja-i-Wiara-108813920592249"]},{"@type":"Person","@id":"https:\/\/wobronietradycjiiwiary.com\/pl\/#\/schema\/person\/2d6180ce6abcb681fef0daab7816e8f3","name":"Traditio et Fides","sameAs":["https:\/\/traditionundglauben.com"],"url":"https:\/\/wobronietradycjiiwiary.com\/en\/author\/wobronietradycjiiwiary\/"}]}},"jetpack_publicize_connections":[],"jetpack_sharing_enabled":true,"jetpack_likes_enabled":true,"jetpack_shortlink":"https:\/\/wp.me\/pc04Sd-dvw","jetpack-related-posts":[{"id":119220,"url":"https:\/\/wobronietradycjiiwiary.com\/en\/23-go-sierpnia-zywot-swietego-filipa-benicyusza-wyznawcy-2-2-2\/","url_meta":{"origin":51926,"position":0},"title":"23-go Sierpnia. \u017bywot \u015bwi\u0119tego Filipa Benicyusza, Wyznawcy.","author":"Traditio et Fides","date":"23 August 2024","format":false,"excerpt":"\u015aw. Filip udawa\u0142 prostego i nieuczonego, a sprawa i tak si\u0119 wyda\u0142a i ledwie co uchroni\u0142 si\u0119 przed papiestwem. Jednak brzemi\u0119 prze\u0142o\u017ce\u0144stwa zakonnego d\u017awiga\u0142 prawie ca\u0142e \u017cycie, bo cz\u0119sto wola Bo\u017ca jest inna ni\u017c nasza w\u0142asna.","rel":"","context":"In &quot;08. \u015awi\u0119ta w sierpniu&quot;","block_context":{"text":"08. \u015awi\u0119ta w sierpniu","link":"https:\/\/wobronietradycjiiwiary.com\/en\/category\/duchowosc\/liturgia-i-liturgika\/rozwazania\/rok-liturgiczny\/swieta-w-sierpniu\/"},"img":{"alt_text":"","src":"https:\/\/i0.wp.com\/wobronietradycjiiwiary.com\/wp-content\/uploads\/2021\/08\/Filip-Benicjusz.jpg?resize=350%2C200&ssl=1","width":350,"height":200,"srcset":"https:\/\/i0.wp.com\/wobronietradycjiiwiary.com\/wp-content\/uploads\/2021\/08\/Filip-Benicjusz.jpg?resize=350%2C200&ssl=1 1x, https:\/\/i0.wp.com\/wobronietradycjiiwiary.com\/wp-content\/uploads\/2021\/08\/Filip-Benicjusz.jpg?resize=525%2C300&ssl=1 1.5x, https:\/\/i0.wp.com\/wobronietradycjiiwiary.com\/wp-content\/uploads\/2021\/08\/Filip-Benicjusz.jpg?resize=700%2C400&ssl=1 2x"},"classes":[]},{"id":148751,"url":"https:\/\/wobronietradycjiiwiary.com\/en\/23-go-sierpnia-zywot-swietego-filipa-benicyusza-wyznawcy-2-2-3\/","url_meta":{"origin":51926,"position":1},"title":"23-go Sierpnia. \u017bywot \u015bwi\u0119tego Filipa Benicyusza, Wyznawcy.","author":"Traditio et Fides","date":"23 August 2025","format":false,"excerpt":"\u015aw. Filip udawa\u0142 prostego i nieuczonego, a sprawa i tak si\u0119 wyda\u0142a i ledwie co uchroni\u0142 si\u0119 przed papiestwem. Jednak brzemi\u0119 prze\u0142o\u017ce\u0144stwa zakonnego d\u017awiga\u0142 prawie ca\u0142e \u017cycie, bo cz\u0119sto wola Bo\u017ca jest inna ni\u017c nasza w\u0142asna.","rel":"","context":"In &quot;08. \u015awi\u0119ta w sierpniu&quot;","block_context":{"text":"08. \u015awi\u0119ta w sierpniu","link":"https:\/\/wobronietradycjiiwiary.com\/en\/category\/duchowosc\/liturgia-i-liturgika\/rozwazania\/rok-liturgiczny\/swieta-w-sierpniu\/"},"img":{"alt_text":"","src":"https:\/\/i0.wp.com\/wobronietradycjiiwiary.com\/wp-content\/uploads\/2021\/08\/Filip-Benicjusz.jpg?resize=350%2C200&ssl=1","width":350,"height":200,"srcset":"https:\/\/i0.wp.com\/wobronietradycjiiwiary.com\/wp-content\/uploads\/2021\/08\/Filip-Benicjusz.jpg?resize=350%2C200&ssl=1 1x, https:\/\/i0.wp.com\/wobronietradycjiiwiary.com\/wp-content\/uploads\/2021\/08\/Filip-Benicjusz.jpg?resize=525%2C300&ssl=1 1.5x, https:\/\/i0.wp.com\/wobronietradycjiiwiary.com\/wp-content\/uploads\/2021\/08\/Filip-Benicjusz.jpg?resize=700%2C400&ssl=1 2x"},"classes":[]},{"id":169873,"url":"https:\/\/wobronietradycjiiwiary.com\/en\/23-go-sierpnia-zywot-swietego-filipa-benicyusza-wyznawcy-2-2-3-2\/","url_meta":{"origin":51926,"position":2},"title":"23-go Sierpnia. \u017bywot \u015bwi\u0119tego Filipa Benicyusza, Wyznawcy.","author":"Traditio et Fides","date":"23 August 2026","format":false,"excerpt":"\u015aw. Filip udawa\u0142 prostego i nieuczonego, a sprawa i tak si\u0119 wyda\u0142a i ledwie co uchroni\u0142 si\u0119 przed papiestwem. Jednak brzemi\u0119 prze\u0142o\u017ce\u0144stwa zakonnego d\u017awiga\u0142 prawie ca\u0142e \u017cycie, bo cz\u0119sto wola Bo\u017ca jest inna ni\u017c nasza w\u0142asna.","rel":"","context":"In &quot;08. \u015awi\u0119ta w sierpniu&quot;","block_context":{"text":"08. \u015awi\u0119ta w sierpniu","link":"https:\/\/wobronietradycjiiwiary.com\/en\/category\/duchowosc\/liturgia-i-liturgika\/rozwazania\/rok-liturgiczny\/swieta-w-sierpniu\/"},"img":{"alt_text":"","src":"https:\/\/i0.wp.com\/wobronietradycjiiwiary.com\/wp-content\/uploads\/2021\/08\/Filip-Benicjusz.jpg?resize=350%2C200&ssl=1","width":350,"height":200,"srcset":"https:\/\/i0.wp.com\/wobronietradycjiiwiary.com\/wp-content\/uploads\/2021\/08\/Filip-Benicjusz.jpg?resize=350%2C200&ssl=1 1x, https:\/\/i0.wp.com\/wobronietradycjiiwiary.com\/wp-content\/uploads\/2021\/08\/Filip-Benicjusz.jpg?resize=525%2C300&ssl=1 1.5x, https:\/\/i0.wp.com\/wobronietradycjiiwiary.com\/wp-content\/uploads\/2021\/08\/Filip-Benicjusz.jpg?resize=700%2C400&ssl=1 2x"},"classes":[]},{"id":140879,"url":"https:\/\/wobronietradycjiiwiary.com\/en\/26-go-maja-zywot-swietego-filipa-nereusza-wyznawcy-2-2-2-2\/","url_meta":{"origin":51926,"position":3},"title":"26-go Maja. \u017bywot \u015bwi\u0119tego Filipa Nereusza, Wyznawcy.","author":"Traditio et Fides","date":"26 May 2025","format":false,"excerpt":"\u015aw. Filip Neri zacz\u0105\u0142 swoj\u0105 dzia\u0142alno\u015b\u0107, gdy Ko\u015bci\u00f3\u0142 by\u0142 w op\u0142akanym stanie: renesansowi papie\u017ce, Sacco di Roma, prostytucja uliczna ch\u0142opc\u00f3w. Doczeka\u0142 jednak Soboru Trydenckiego i niestrudzenie pracowa\u0142 nad nawracaniem dusz \u0142agodno\u015bci\u0105, nie gro\u017ab\u0105, chocia\u017c po\u015brednio odm\u00f3wi\u0142 rozgrzeszenia papie\u017cowi w sprawie politycznej. Wi\u0119c wp\u0142yw mia\u0142 i to du\u017cy.","rel":"","context":"In &quot;05. \u015awi\u0119ta w maju&quot;","block_context":{"text":"05. \u015awi\u0119ta w maju","link":"https:\/\/wobronietradycjiiwiary.com\/en\/category\/duchowosc\/liturgia-i-liturgika\/rozwazania\/rok-liturgiczny\/swieta-w-maju\/"},"img":{"alt_text":"","src":"https:\/\/i0.wp.com\/wobronietradycjiiwiary.com\/wp-content\/uploads\/2021\/05\/Philipp_Neri__Apostel_Roms__katholische_Reform-FNeri.gif?resize=350%2C200&ssl=1","width":350,"height":200},"classes":[]},{"id":165933,"url":"https:\/\/wobronietradycjiiwiary.com\/en\/26-go-maja-zywot-swietego-filipa-nereusza-wyznawcy-2-2-2-2-2\/","url_meta":{"origin":51926,"position":4},"title":"26-go Maja. \u017bywot \u015bwi\u0119tego Filipa Nereusza, Wyznawcy.","author":"Traditio et Fides","date":"26 May 2026","format":false,"excerpt":"\u015aw. Filip Neri zacz\u0105\u0142 swoj\u0105 dzia\u0142alno\u015b\u0107, gdy Ko\u015bci\u00f3\u0142 by\u0142 w op\u0142akanym stanie: renesansowi papie\u017ce, Sacco di Roma, prostytucja uliczna ch\u0142opc\u00f3w. Doczeka\u0142 jednak Soboru Trydenckiego i niestrudzenie pracowa\u0142 nad nawracaniem dusz \u0142agodno\u015bci\u0105, nie gro\u017ab\u0105, chocia\u017c po\u015brednio odm\u00f3wi\u0142 rozgrzeszenia papie\u017cowi w sprawie politycznej. Wi\u0119c wp\u0142yw mia\u0142 i to du\u017cy.","rel":"","context":"In &quot;05. \u015awi\u0119ta w maju&quot;","block_context":{"text":"05. \u015awi\u0119ta w maju","link":"https:\/\/wobronietradycjiiwiary.com\/en\/category\/duchowosc\/liturgia-i-liturgika\/rozwazania\/rok-liturgiczny\/swieta-w-maju\/"},"img":{"alt_text":"","src":"https:\/\/i0.wp.com\/wobronietradycjiiwiary.com\/wp-content\/uploads\/2021\/05\/Philipp_Neri__Apostel_Roms__katholische_Reform-FNeri.gif?resize=350%2C200&ssl=1","width":350,"height":200},"classes":[]},{"id":116538,"url":"https:\/\/wobronietradycjiiwiary.com\/en\/26-go-maja-zywot-swietego-filipa-nereusza-wyznawcy-2-2-2\/","url_meta":{"origin":51926,"position":5},"title":"26-go Maja. \u017bywot \u015bwi\u0119tego Filipa Nereusza, Wyznawcy.","author":"Traditio et Fides","date":"26 May 2024","format":false,"excerpt":"\u015aw. Filip Neri zacz\u0105\u0142 swoj\u0105 dzia\u0142alno\u015b\u0107, gdy Ko\u015bci\u00f3\u0142 by\u0142 w op\u0142akanym stanie: renesansowi papie\u017ce, Sacco di Roma, prostytucja uliczna ch\u0142opc\u00f3w. Doczeka\u0142 jednak Soboru Trydenckiego i niestrudzenie pracowa\u0142 nad nawracaniem dusz \u0142agodno\u015bci\u0105, nie gro\u017ab\u0105, chocia\u017c po\u015brednio odm\u00f3wi\u0142 rozgrzeszenia papie\u017cowi w sprawie politycznej. Wi\u0119c wp\u0142yw mia\u0142 i to du\u017cy.","rel":"","context":"In &quot;05. \u015awi\u0119ta w maju&quot;","block_context":{"text":"05. \u015awi\u0119ta w maju","link":"https:\/\/wobronietradycjiiwiary.com\/en\/category\/duchowosc\/liturgia-i-liturgika\/rozwazania\/rok-liturgiczny\/swieta-w-maju\/"},"img":{"alt_text":"","src":"https:\/\/i0.wp.com\/wobronietradycjiiwiary.com\/wp-content\/uploads\/2021\/05\/Philipp_Neri__Apostel_Roms__katholische_Reform-FNeri.gif?resize=350%2C200&ssl=1","width":350,"height":200},"classes":[]}],"amp_enabled":true,"jetpack_featured_media_url":"https:\/\/wobronietradycjiiwiary.com\/wp-content\/uploads\/2021\/08\/Filip-Benicjusz.jpg","_links":{"self":[{"href":"https:\/\/wobronietradycjiiwiary.com\/en\/wp-json\/wp\/v2\/posts\/51926","targetHints":{"allow":["GET"]}}],"collection":[{"href":"https:\/\/wobronietradycjiiwiary.com\/en\/wp-json\/wp\/v2\/posts"}],"about":[{"href":"https:\/\/wobronietradycjiiwiary.com\/en\/wp-json\/wp\/v2\/types\/post"}],"author":[{"embeddable":true,"href":"https:\/\/wobronietradycjiiwiary.com\/en\/wp-json\/wp\/v2\/users\/60508433"}],"replies":[{"embeddable":true,"href":"https:\/\/wobronietradycjiiwiary.com\/en\/wp-json\/wp\/v2\/comments?post=51926"}],"version-history":[{"count":1,"href":"https:\/\/wobronietradycjiiwiary.com\/en\/wp-json\/wp\/v2\/posts\/51926\/revisions"}],"predecessor-version":[{"id":77966,"href":"https:\/\/wobronietradycjiiwiary.com\/en\/wp-json\/wp\/v2\/posts\/51926\/revisions\/77966"}],"wp:featuredmedia":[{"embeddable":true,"href":"https:\/\/wobronietradycjiiwiary.com\/en\/wp-json\/wp\/v2\/media\/51932"}],"wp:attachment":[{"href":"https:\/\/wobronietradycjiiwiary.com\/en\/wp-json\/wp\/v2\/media?parent=51926"}],"wp:term":[{"taxonomy":"category","embeddable":true,"href":"https:\/\/wobronietradycjiiwiary.com\/en\/wp-json\/wp\/v2\/categories?post=51926"},{"taxonomy":"post_tag","embeddable":true,"href":"https:\/\/wobronietradycjiiwiary.com\/en\/wp-json\/wp\/v2\/tags?post=51926"}],"curies":[{"name":"wp","href":"https:\/\/api.w.org\/{rel}","templated":true}]}}