{"id":51480,"date":"2021-08-16T08:15:00","date_gmt":"2021-08-16T06:15:00","guid":{"rendered":"https:\/\/wobronietradycjiiwiary.com\/?p=51480"},"modified":"2025-02-10T11:16:13","modified_gmt":"2025-02-10T10:16:13","slug":"16-go-sierpnia-zywot-swietego-jacka-wyznawcy","status":"publish","type":"post","link":"https:\/\/wobronietradycjiiwiary.com\/en\/16-go-sierpnia-zywot-swietego-jacka-wyznawcy\/","title":{"rendered":"16-go Sierpnia. \u017bywot \u015bwi\u0119tego Jacka, Wyznawcy."},"content":{"rendered":"<div id=\"bsf_rt_marker\"><\/div>\n<p class=\"has-text-align-center wp-block-paragraph\">(\u017by\u0142 oko\u0142o roku Pa\u0144skiego 1257).<\/p>\n\n\n\n<figure class=\"wp-block-image\"><a href=\"https:\/\/pl.wikisource.org\/wiki\/Plik:%C5%BBywoty_%C5%9Bw._Pa%C5%84skich_na_wszystkie_dnie_roku-Inicja%C5%82-U.png\"><img decoding=\"async\" src=\"https:\/\/upload.wikimedia.org\/wikipedia\/commons\/thumb\/5\/5b\/%C5%BBywoty_%C5%9Bw._Pa%C5%84skich_na_wszystkie_dnie_roku-Inicja%C5%82-U.png\/57px-%C5%BBywoty_%C5%9Bw._Pa%C5%84skich_na_wszystkie_dnie_roku-Inicja%C5%82-U.png\" alt=\"U\"\/><\/a><\/figure>\n\n\n\n<p class=\"has-text-align-justify wp-block-paragraph\">Urodzi\u0142 si\u0119 \u015bwi\u0119ty Jacek, zwany tak\u017ce Hyacyntem, w roku 1185 we wsi Kamieniu w dyecezyi Wroc\u0142awskiej, za panowania Kazimierza Sprawiedliwego, kr\u00f3la polskiego. Jest wi\u0119c \u015al\u0105zakiem, ale \u015al\u0105sk nale\u017ca\u0142 wtedy do Polski, a ksi\u0105\u017c\u0119tami polskimi byli pod\u00f3wczas Piastowie. Pochodzi\u0142 z przezacnej rodziny Odrow\u0105\u017c\u00f3w, do kt\u00f3rej nale\u017cy wielu \u015bwi\u0119tobliwych m\u0119\u017c\u00f3w i niewiast, jak np. b\u0142ogos\u0142awiony Czes\u0142aw, b\u0142ogos\u0142awiona Bronis\u0142awa i b\u0142ogos\u0142awiony Jan Odrow\u0105\u017c, stryj Jacka, za\u0142o\u017cyciel&nbsp;wspania\u0142ej \u015bwi\u0105tyni Naj\u015bwi\u0119tszej Maryi Panny w Krakowie.<br><a href=\"https:\/\/pl.wikisource.org\/wiki\/Plik:%C5%BBywoty_%C5%9Bw._Pa%C5%84skich_na_wszystkie_dnie_roku-picture_p._802.jpg\"><\/a><a href=\"https:\/\/pl.wikisource.org\/wiki\/Plik:%C5%BBywoty_%C5%9Bw._Pa%C5%84skich_na_wszystkie_dnie_roku-picture_p._802.jpg\"><\/a>\u015awi\u0119ty Jacek.<\/p>\n\n\n\n<p class=\"has-text-align-justify wp-block-paragraph\">\u2009Ju\u017c w dzieci\u0119cych latach \u0107wiczy\u0142 si\u0119 Jacek w modlitwie i w naukach i rych\u0142o wy\u015bwi\u0119cony zosta\u0142 przez stryja Iwona Odrow\u0105\u017ca na kap\u0142ana. Widz\u0105c, \u017ce kap\u0142an, kt\u00f3ry chce zbawiennie dzia\u0142a\u0107, winien przy\u015bwieca\u0107 nauk\u0105, wys\u0142a\u0142 go Iwon na dalsz\u0105 nauk\u0119 w dalekie kraje, najprz\u00f3d do Pragi w Czechach, a p\u00f3\u017aniej do Bononii we W\u0142oszech. Jacek nie zawi\u00f3d\u0142 te\u017c jego nadziei, i pilnie si\u0119 przyk\u0142ada\u0142 do nauk, przestrzegaj\u0105c przytem czysto\u015bci duszy i cia\u0142a. Powr\u00f3ciwszy do rodzinnego kraju jako doktor Teologii, wr\u00f3ci\u0142 nieska\u017cony w obyczajach.<br>\u2009Iwon mianowa\u0142 go niezad\u0142ugo kanonikiem i kaznodziej\u0105, a nawet powierza\u0142 mu od czasu do czasu zarz\u0105d dyecezyi. Piotr Skarga pisze o tem, \u017ce \u201eju\u017c wonczas by\u0142 Jacek wzorem cn\u00f3t kap\u0142a\u0144skich, w nabo\u017ce\u0144stwie gor\u0105cym, na sumieniu pi\u0119knym, na ciele czystym, w obcowaniu m\u0105drym, w rozmowie przyjemnym i ostro\u017cnym, we wszystkiem przyk\u0142adnym.\u201c<\/p>\n\n\n\n<p class=\"has-text-align-justify wp-block-paragraph\"><br>\u2009Jad\u0105c do Rzymu, zabra\u0142 Iwon z sob\u0105 Jacka i Czes\u0142awa, do czego go spowodowa\u0142a ta uwaga, \u017ce m\u0142odzi kap\u0142ani wiele skorzysta\u0107 mog\u0105 z pobytu w stolicy chrze\u015bcija\u0144stwa. Jako\u017c nie zawi\u00f3d\u0142 si\u0119 \u015bwi\u0119tobliwy Biskup w swych nadziejach. Najwi\u0119ksz\u0105 jednak rado\u015bci\u0105 nape\u0142ni\u0142o serce m\u0142odych kap\u0142an\u00f3w poznajomienie si\u0119 z \u015bw. Dominikiem, s\u0142ynnym za\u0142o\u017cycielem zakonu kaznodziejskiego czyli Dominika\u0144skiego. \u015aw. Dominik mia\u0142 ju\u017c wtedy szerok\u0105 s\u0142aw\u0119 ze swych kaza\u0144, \u015bwi\u0119tobliwo\u015bci \u017cycia i gorliwo\u015bci kap\u0142a\u0144skiej; prosi\u0142 go przeto Iwon, aby pos\u0142a\u0142 kilku cz\u0142onk\u00f3w swego Zakonu do Polski. Nie m\u00f3g\u0142 Dominik spe\u0142ni\u0107 jego \u017cyczenia, gdy\u017c nie mia\u0142 jeszcze tylu zakonnik\u00f3w, ale zwr\u00f3ci\u0142 uwag\u0119 Biskupa na to, i\u017c \u0142atwo b\u0119dzie mo\u017cna to uczyni\u0107, je\u017celi kilku kap\u0142an\u00f3w polskich wst\u0105pi do Zakonu kaznodziejskiego. W roku 1218 przyj\u0105\u0142 wi\u0119c Jacek wraz z Czes\u0142awem i Niemcem Hermanem habit zakonny. Po roku pr\u00f3by wyprawi\u0142 ich \u015bwi\u0119ty Dominik do Polski i udzieliwszy im b\u0142ogos\u0142awie\u0144stwa, poleci\u0142, aby zar\u00f3wno tam\u017ce jak i w innych stronach krzewili wiar\u0119 i odwodzili ludzi od grzech\u00f3w.<\/p>\n\n\n\n<p class=\"has-text-align-justify wp-block-paragraph\"><br>\u2009Wr\u00f3cili tedy Jacek i Czes\u0142aw pieszo do Polski, stosuj\u0105c si\u0119 do ustaw zakonnych. W mie\u015bcie Tryzaku w Karyntyi zabawi\u0142 sze\u015b\u0107 miesi\u0119cy. Nast\u0119pnie po\u015bpieszy\u0142 przez Austry\u0119, Morawy i \u015al\u0105sk do Krakowa i gdziekolwiek mu si\u0119 nadarzy\u0142a do tego sposobno\u015b\u0107, g\u0142osi\u0142 s\u0142owo Bo\u017ce, wzywa\u0142 do pokuty, poprawy i dobrych uczynk\u00f3w.<\/p>\n\n\n\n<p class=\"has-text-align-justify wp-block-paragraph\"><br>\u2009Krakowianie z uniesieniem i oznakami \u017cywej rado\u015bci powitali Jacka i Czes\u0142awa, dowiedziawszy si\u0119 o ich powrocie. Wkr\u00f3tce te\u017c wzni\u00f3s\u0142 si\u0119 obszerny klasztor Dominikan\u00f3w przy ko\u015bciele \u015bw. Tr\u00f3jcy, kt\u00f3ry odda\u0142 Iwon zakonnikom. Wspania\u0142a ta \u015bwi\u0105tynia istnieje dot\u0105d w Krakowie i zostaje dotychczas pod zarz\u0105dem OO. Dominikan\u00f3w, a lubo w r. 1850 sp\u0142on\u0119\u0142a, ofiarno\u015bci\u0105 wiernych w ca\u0142ej okaza\u0142o\u015bci odbudowan\u0105 zosta\u0142a.<\/p>\n\n\n\n<p class=\"has-text-align-justify wp-block-paragraph\"><br>\u2009Pob\u0142ogos\u0142awi\u0142 Pan B\u00f3g pracy Jacka w Krakowie, gdy\u017c odt\u0105d grzechy i zbrodnie widocznie si\u0119 zmniejsza\u0107, a cnoty kwitn\u0105\u0107 zacz\u0119\u0142y. \u015awi\u0119tobliwy zakonnik z kazalnicy\u00a0nie tylko gorliwie do pokuty zach\u0119ca\u0142, ale w\u0142asnym przyk\u0142adem do na\u015bladowania poci\u0105ga\u0142. \u017bycie jego by\u0142o ze wszech miar buduj\u0105ce; w nocy biczowa\u0142 si\u0119 a\u017c do krwi, post\u00f3w \u015bci\u015ble przestrzega\u0142, a w pi\u0105tki i w przede dniu \u015bwi\u0105t uroczystych jada\u0142 tylko chleb i pija\u0142 wod\u0119. Pr\u00f3\u017cniactwem si\u0119 brzydzi\u0142, wiedz\u0105c, \u017ce ono jest pocz\u0105tkiem i przyczyn\u0105 wszystkiego z\u0142ego; ka\u017cdej chwili przeto by\u0142 czynnym i zaj\u0119tym. Gdy w ko\u015bciele nie mia\u0142 kazania lub spowiedzi nie s\u0142ucha\u0142, siedzia\u0142 w celi nad ksi\u0105\u017ck\u0105, albo te\u017c modli\u0142 si\u0119, trawi\u0142 czas na pobo\u017cnych rozmy\u015blaniach, i odwiedza\u0142 chorych. Zdarzy\u0142o si\u0119, \u017ce ca\u0142e noce trawi\u0142 w ko\u015bciele na rozpami\u0119tywaniach, i zanosi\u0142 si\u0119 od p\u0142aczu i serdecznego wzdychania. Mi\u0142osierdzie jego dla ubogich nie mia\u0142o granic. Wspiera\u0142 ich wed\u0142ug mo\u017cno\u015bci; na widok cudzej n\u0119dzy la\u0142 \u0142zy rz\u0119siste, a gdy nie m\u00f3g\u0142 jej zapobiedz, modli\u0142 si\u0119 gor\u0105co do Boga. Pokor\u0105 za\u015b i czysto\u015bci\u0105 tak ja\u015bnia\u0142, \u017ce l\u0119ka\u0142 si\u0119 nawet cienia grzechu.<\/p>\n\n\n\n<p class=\"has-text-align-justify wp-block-paragraph\"><br>\u2009Wielka jego \u015bwi\u0119tobliwo\u015b\u0107 wyjedna\u0142a mu \u0142ask\u0119 u Boga, \u017ce za \u017cycia jeszcze dzia\u0142a\u0142 wiele cud\u00f3w. We wsi Ko\u015bcielcu pod Krakowem wyt\u0142uk\u0142 by\u0142 grad wie\u015bniakom wszystko zbo\u017ce. Wskutek gor\u0105cych mod\u0142\u00f3w Jacka zbo\u017ce si\u0119 zn\u00f3w podnios\u0142o, a kmiecie mieli obfite \u017cniwo. Pewna niewiasta, imieniem Wielis\u0142awa, mia\u0142a syna jedynaka, kt\u00f3ry poszed\u0142 si\u0119 k\u0105pa\u0107 w Wi\u015ble i dostawszy si\u0119 na g\u0142\u0119bi\u0119, uton\u0105\u0142. Strapiona matka posz\u0142a do Jacka, i pad\u0142szy mu do n\u00f3g, zaklina\u0142a go na wszystkie \u015bwi\u0119to\u015bci, aby jej syna wr\u00f3ci\u0142. Jacek kaza\u0142 jej nie traci\u0107 nadziei, a przyst\u0105piwszy do martwych zw\u0142ok ch\u0142opczyny, uchwyci\u0142 go za r\u0119k\u0119 i w te s\u0142owa do niego przem\u00f3wi\u0142: \u201ePiotrze, nich ci\u0119 Jezus Chrystus, Pan nasz, kt\u00f3rego chwa\u0142\u0119 opowiadam, za przyczyn\u0105 Swej Naj\u015bwi\u0119tszej Matki, przywr\u00f3ci do \u017cycia.\u201c I natychmiast powsta\u0142 ch\u0142opiec i pobieg\u0142 do strapionej matki. \u2014 Szlachcic polski, imieniem Prandota, mia\u0142 matk\u0119, kt\u00f3ra skutkiem parali\u017cu by\u0142a zupe\u0142nie bezw\u0142adn\u0105. Ufaj\u0105c w cudotw\u00f3rcz\u0105 moc Jacka, uda\u0142 si\u0119 do niego i b\u0142aga\u0142 go, aby chorej zdrowie przywr\u00f3ci\u0142. Rzeczywi\u015bcie wsta\u0142a staruszka i odzyska\u0142a w zupe\u0142no\u015bci si\u0142y, jakby nigdy chor\u0105 nie by\u0142a. \u2014 Witos\u0142awska, szlachcianka, mia\u0142a dw\u00f3ch syn\u00f3w niewidomych z urodzenia i prosi\u0142a \u015bwi\u0119tego Zakonnika, aby im wzrok przywr\u00f3ci\u0142. Skutkiem gor\u0105cych mod\u0142\u00f3w Jacka obaj m\u0142odzie\u0144cy przejrzeli. Mo\u017cnaby tutaj wiele wi\u0119cej przyk\u0142ad\u00f3w przytoczy\u0107 cudotw\u00f3rczej jego si\u0142y, ale i te wystarcz\u0105 jako dow\u00f3d, wielkiej jego \u015bwi\u0119tobliwo\u015bci i \u0142aski, jak\u0105 mia\u0142 u Boga.<\/p>\n\n\n\n<p class=\"has-text-align-justify wp-block-paragraph\"><br>\u2009Gdy Jacek w wigili\u0119 Wniebowzi\u0119cia Naj\u015bw. Maryi Panny trwa\u0142 na modlitwie w ko\u015bciele, ca\u0142a \u015bwi\u0105tynia nagle zaja\u015bnia\u0142a nadziemskiem \u015bwiat\u0142em, a nad o\u0142tarzem ukaza\u0142a si\u0119 kl\u0119cz\u0105cemu Matka Boska i przem\u00f3wiwszy do niego \u0142askawie, przyrzek\u0142a, \u017ce wszystkie jego pro\u015bby wys\u0142uchane zostan\u0105.<\/p>\n\n\n\n<p class=\"has-text-align-justify wp-block-paragraph\"><br>\u2009Nie poprzesta\u0142 \u015bwi\u0119ty Jacek na samem dzia\u0142aniu w Krakowie. Gor\u0105cem jego \u017cyczeniem by\u0142o utwierdzi\u0107 i w innych stronach \u015bwi\u0119t\u0105 Wiar\u0119, nak\u0142ania\u0107 ludzi do poprawy \u017cywota i krzewi\u0107 zakon \u015bwi\u0119tego Dominika. Zacz\u0105\u0142 tedy podr\u00f3\u017cowa\u0107; zwiedzi\u0142 nast\u0119pnie Sandomierz, P\u0142ock i Che\u0142mno i w ka\u017cdem z tych miast za\u0142o\u017cy\u0142 klasztor regu\u0142y \u015bwi\u0119tego Dominika. Gdy przebywa\u0142 w ziemi Mazowieckiej, przyby\u0142 nad rzek\u0119 Wis\u0142\u0119 pod miastem Wyszogrodem i ujrza\u0142 na drugim brzegu ogromne t\u0142umy ludu, kt\u00f3ry na niego czeka\u0142 i \u0142akn\u0105\u0142 jego nauki. Wis\u0142a jednak\u017ce wskutek deszcz\u00f3w i \u015bnieg\u00f3w mocno by\u0142a wezbra\u0142a, i nie by\u0142o podobie\u0144stwa przeprawi\u0107 si\u0119 przez ni\u0105, gdy\u017c nie by\u0142o pod r\u0119k\u0105 ani \u0142\u00f3dki, ani\u00a0promu. Gorliwy jednak o chwa\u0142\u0119 Bo\u017c\u0105 Jacek, wezwa\u0142 towarzysz\u0105cych mu trzech zakonnik\u00f3w, aby przez rzek\u0119 razem z nim przeszli. \u201eWszak\u017ce Chrystus Pan \u2014 rzecze \u2014 i wodom rozkazuje i sprawia, \u017ce nie tylko Jemu, ale i tym, co Go mi\u0142uj\u0105, s\u0105 pos\u0142uszne.\u201c To powiedziawszy, p\u0142aszcz sw\u00f3j dominika\u0144ski rozpostar\u0142 na wodzie i wezwawszy swych towarzysz\u00f3w, aby za nim stan\u0119li, szcz\u0119\u015bliwie przedosta\u0142 si\u0119 wraz z nimi na drug\u0105 stron\u0119. \u015awiadkiem tego cudu byli wszyscy stoj\u0105cy po obu brzegach rzeki, \u0142atwo wi\u0119c sobie wystawi\u0107, jaki skutek wywar\u0142o nast\u0119pne kazanie Jacka na zgromadzonych.<\/p>\n\n\n\n<p class=\"has-text-align-justify wp-block-paragraph\"><br>\u2009Miejscaby nam zabrak\u0142o, gdyby\u015bmy chcieli spisa\u0107 wszystkie cuda, wyliczy\u0107 podr\u00f3\u017ce Jacka i kraje, kt\u00f3re w gorliwo\u015bci apostolskiej zwiedzi\u0142. Zaszed\u0142 tak\u017ce a\u017c do Pomorza (dzisiejszej Pomeranii), nad morzem Ba\u0142tyckiem i tam pozak\u0142ada\u0142 klasztory\u00a0dominika\u0144skie w Kamieniu nad Odr\u0105, w Gda\u0144sku, Elbl\u0105gu, Kr\u00f3lewcu, a nawet na wyspie Rugii. By\u0142 nawet w Danii i przeprawi\u0142 si\u0119 do Szwecyi i Norwegii. Nast\u0119pnie b\u0119d\u0105c na Rusi, za\u0142o\u017cy\u0142 w Kijowie nad Dnieprem klasztor. W czasie jego pobytu tam\u017ce napadli na miasto Tatarzy. Jacek wzi\u0105\u0142 przeto w r\u0119k\u0119 monstrancy\u0119 z \u015bw. Sakramentem, aby wyj\u015b\u0107 z ko\u015bcio\u0142a. Gdy za\u015b przechodzi\u0142 oko\u0142o alabastrowego pos\u0105gu Naj\u015bwi\u0119tszej Panny, od tej figury doszed\u0142 go g\u0142os wyra\u017any: \u201eJakto, Jacku? Czy chcesz dopu\u015bci\u0107, aby Mnie niewierni poha\u0144cy zniewa\u017cyli?\u201c \u201eNie mam tyle si\u0142y \u2014 odrzek\u0142 Jacek \u2014 abym Ci\u0119, \u015bwi\u0119ta Panno, m\u00f3g\u0142 d\u017awign\u0105\u0107.\u201c Pos\u0105g bowiem by\u0142 wielkich rozmiar\u00f3w i bardzo ci\u0119\u017cki. Wtem odezwie si\u0119 po raz drugi Matka Bo\u017ca: \u201eNie l\u0119kaj si\u0119, Syn M\u00f3j doda ci si\u0142y, aby\u015b Mnie m\u00f3g\u0142 wynie\u015b\u0107 z tego miejsca.\u201c Jako\u017c rzeczywi\u015bcie nios\u0105c jedn\u0105 r\u0119k\u0105 monstrancy\u0119 pochwyci\u0142 w drug\u0105 \u00f3w pos\u0105g, kt\u00f3ry mu si\u0119 wyda\u0142 tak lekkim, \u017ce bez wysilenia m\u00f3g\u0142 go wynie\u015b\u0107 w miejsce bezpieczne. Przyszed\u0142szy nad rzek\u0119 i nie widz\u0105c ni \u0142\u00f3dki, ni przewo\u017anika, wzni\u00f3s\u0142 si\u0119 my\u015bl\u0105 do Boga i poleciwszy Mu si\u0119, przeszed\u0142 such\u0105 nog\u0105 na drugi brzeg rzeki. By\u0142a na tej rzece wyspa, na kt\u00f3rej \u017cyli poganie oddaj\u0105cy cze\u015b\u0107 ba\u0142wanowi. Jacek potrzaska\u0142 bo\u017cyszcze na drobne kawa\u0142ki a ba\u0142wochwalc\u00f3w bij\u0105cych przed nim pok\u0142ony, nawr\u00f3ci\u0142 wszystkich do wiary Chrystusowej. Wie\u015b\u0107 niesie, \u017ce owa alabastrowa figura Matki Boskiej zostaje dot\u0105d w klasztorze Dominikan\u00f3w w Przemy\u015blu.\\<\/p>\n\n\n\n<p class=\"has-text-align-justify wp-block-paragraph\"><br>\u2009Nieutrudzony ten Aposto\u0142 zaszed\u0142 a\u017c nad morze Czarne i zwiedzi\u0142 wyspy morza Egejskiego. Skierowa\u0142 potem swe kroki w kraj tatarski, a nawet doszed\u0142 do Tybetu i Chin, gdzie przez kilka wiek\u00f3w istnia\u0142y \u015blady zaszczepionego przez niego chrze\u015bcija\u0144stwa. Nic go nie odstrasza\u0142o, ani niebezpiecze\u0144stwa podr\u00f3\u017cy, ani g\u0142\u00f3d, ani upa\u0142y i zimna, gdy chodzi\u0142o o pomno\u017cenie chwa\u0142y Bo\u017cej i wyrwanie ludzi z side\u0142 grzechu.<\/p>\n\n\n\n<p class=\"has-text-align-justify wp-block-paragraph\"><br>\u2009Na W\u0119grzech istnia\u0142 wonczas poga\u0144ski nar\u00f3d Jazyg\u00f3w, znany z dziko\u015bci obyczaj\u00f3w i okrucie\u0144stwa. Jackowi uda\u0142o si\u0119 jednak kazaniami i w\u0142asnym przyk\u0142adem lud ten pozyska\u0107 dla wiary Chrystusowej.<\/p>\n\n\n\n<p class=\"has-text-align-justify wp-block-paragraph\"><br>\u2009I na niego przysz\u0142a nareszcie ostatnia godzina. Z\u0142amany prac\u0105 i os\u0142abiony na si\u0142ach zachorowa\u0142 w dzie\u0144 \u015bw. Dominika, fundatora Zakonu kaznodziejskiego, w siedmdziesi\u0105tym roku \u017cycia. W wigili\u0119 Wniebowzi\u0119cia Matki Boskiej zwo\u0142a\u0142 wszystk\u0105 bra\u0107 klasztorn\u0105 i w te do niej odezwa\u0142 si\u0119 s\u0142owa: \u201eMili bracia, dnia jutrzejszego rozstan\u0119 si\u0119 z wami. W spadku pozostawiam to, com otrzyma\u0142 od naszego \u015bw. Zakonodawcy, tj. pokor\u0119, mi\u0142o\u015b\u0107 wsp\u00f3ln\u0105 i dobrowolne ub\u00f3stwo; tego przestrzegajcie.\u201c<\/p>\n\n\n\n<p class=\"has-text-align-justify wp-block-paragraph\"><br>\u2009Przyj\u0105wszy nazajutrz Sakramenta \u015bw., zacz\u0105\u0142 odmawia\u0107 Psalmy. \u0141zy mu stan\u0119\u0142y w oczach, gdy m\u00f3wi\u0142 s\u0142owa: \u201eW Tobie, Panie, pok\u0142adam nadziej\u0119 moj\u0105, niech nie b\u0119d\u0119 zawstydzon na wieki.\u201c Gdy kona\u0142, cichym szeptem wyg\u0142osi\u0142 s\u0142owa: \u201eW r\u0119ce Twoje, Panie, oddaj\u0119 ducha mego\u201c, a dusza jego przenios\u0142a si\u0119 do krainy Niebieskiej.<\/p>\n\n\n\n<p class=\"has-text-align-justify wp-block-paragraph\"><br>\u2009Wkr\u00f3tce po \u015bmierci jego widzia\u0142a jedna z zakonnic klasztoru po\u0142o\u017conego pod Krakowem jasny pas \u015bwiat\u0142a wznosz\u0105cy si\u0119 od ko\u015bcio\u0142a \u015bw. Tr\u00f3jcy ku Niebu i Naj\u015bw. Pann\u0119 w towarzystwie wielu \u015awi\u0119tych, wiod\u0105c\u0105 Jacka za r\u0119k\u0119 do krainy Niebieskiej.<\/p>\n\n\n\n<p class=\"has-text-align-justify wp-block-paragraph\"><br>\u2009Pochowany jest w ko\u015bciele ksi\u0119\u017cy Dominikan\u00f3w w Krakowie, gdzie dotychczas istnieje kaplica pod jego wezwaniem. Po \u015bmierci zas\u0142yn\u0105\u0142 rozlicznymi cudami z kt\u00f3rych jeden tylko poni\u017cej podajemy. Pewien m\u0142odzieniec, nazwiskiem \u017begota, zabity zosta\u0142 od konia. Gdy rodzice prosili \u015bwi\u0119tego Jacka, aby mu u Boga wyjedna\u0142 \u017cycie, \u017begota o\u017cy\u0142, a pytany, gdzie by\u0142 dotychczas, odrzek\u0142, \u017ce Jacek zaprowadzi\u0142 go do Nieba. \u2014 Sta\u0142o si\u0119 nadto za przyczyn\u0105 tego \u015awi\u0119tego 700 cud\u00f3w, z kt\u00f3rych po\u0142ow\u0119 zaprzysi\u0119gli wiarogodni \u015bwiadkowie. Samych umar\u0142ych wskrzesi\u0142 54.<\/p>\n\n\n\n<p class=\"has-text-align-justify wp-block-paragraph\"><br>\u2009W roku 1594 zaliczy\u0142 go Klemens VIII, Papie\u017c, w poczet \u015awi\u0119tych Pa\u0144skich, a zakon Dominika\u0144ski tak si\u0119 w Polsce rozkrzewi\u0142, \u017ce wkr\u00f3tce liczy\u0142 150 klasztor\u00f3w.<\/p>\n\n\n\n<h2 class=\"wp-block-heading\"><br><strong>Nauka moralna.<\/strong><\/h2>\n\n\n\n<p class=\"has-text-align-justify wp-block-paragraph\">\u2009Z opisu \u017cywota \u015bwi\u0119tego Jacka, nakre\u015blonego tylko w najgrubszych zarysach, widzieli\u015bmy dok\u0142adnie, jak niestrudzon\u0105 by\u0142a gorliwo\u015b\u0107 \u015bwi\u0119tego Zakonnika w krzewieniu wiary Chrystusowej. Od lat m\u0142odzie\u0144czych do najp\u00f3\u017aniejszej staro\u015bci nie ustawa\u0142 on\u00a0w usi\u0142owaniach nawracania pogan, g\u0142oszenia prawdy i w zabiegach o zbawienie dusz. Zastan\u00f3wmy si\u0119 teraz pokr\u00f3tce, co my czynimy w sprawie szerzenia Kr\u00f3lestwa Bo\u017cego na ziemi i krzewienia Wiary \u015bwi\u0119tej na tym \u015bwiecie. Mo\u017ce niejeden na to odpowie: \u201eNie jestem przecie\u017c ksi\u0119dzem, ani \u015bwieckim, ani zakonnym, dlatego te\u017c ten obowi\u0105zek na mnie nie ci\u0105\u017cy.\u201c Mylicie si\u0119, kochani bracia! Ka\u017cdy z nas ma t\u0119 powinno\u015b\u0107, i to:<\/p>\n\n\n\n<p class=\"has-text-align-justify wp-block-paragraph\"><br>\u20091)\u00a0Z wdzi\u0119czno\u015bci ku Bogu. Prawdziwa wiara, jak\u0105 nam g\u0142osi ustami s\u0142ug Ko\u015bcio\u0142a Jezus Chrystus i jak\u0105 w nas ten\u017ce Ko\u015bci\u00f3\u0142 od\u017cywia i piel\u0119gnuje udzielaniem Sakrament\u00f3w \u015bw., jest zaiste skarbem najpo\u017c\u0105da\u0144szym i nieocenionym. Wiara ta nie jest nasz\u0105 zas\u0142ug\u0105, lecz darem Bo\u017cym, kt\u00f3ry nam Pan Jezus wyjedna\u0142 trudem, cierpieniem i m\u0119kami, jakie ponosi\u0142. Wdzi\u0119czno\u015b\u0107 nasza winna odpowiada\u0107 wielko\u015bci daru, a najmilsz\u0105 Bogu odp\u0142at\u0105 jest nasza \u017carliwo\u015b\u0107 w na\u015bladowaniu Chrystusa i pozyskiwaniu Mu zab\u0142\u0105kanych owieczek, kt\u00f3rych ocalenie sprawia w Niebie najwy\u017csz\u0105 rado\u015b\u0107. Wdzi\u0119cznymi uczniami Pana Jezusa oka\u017cemy si\u0119 tylko wtedy, gdy wed\u0142ug mo\u017cno\u015bci i si\u0142 naszych gorliwie si\u0119 przyk\u0142ada\u0107 b\u0119dziemy do krzewienia Ewangelii \u015bw. b\u0105d\u017a modlitw\u0105, b\u0105d\u017a datkiem pieni\u0119\u017cnym, b\u0105d\u017a udzia\u0142em w pobo\u017cnych stowarzyszeniach. Rozwa\u017cmy, czy czynimy zado\u015b\u0107 tej powinno\u015bci w stosunku naszym do dzieci, rodziny i s\u0142ug, czy ich pouczamy, czy nak\u0142aniamy ich do pilnego ucz\u0119szczania na nabo\u017ce\u0144stwa i uwa\u017cnego s\u0142uchania kaza\u0144, czy dajemy im buduj\u0105ce ksi\u0105\u017cki do czytania, czy dbamy o chrzestni\u0119ta swoje, czy troszczymy si\u0119 o misye. Tym tylko sposobem mo\u017ce prawy chrze\u015bcijanin okaza\u0107 wdzi\u0119czno\u015b\u0107 Bogu za to, \u017ce go raczy\u0142 uczyni\u0107 cz\u0142onkiem Ko\u015bcio\u0142a i uczestnikiem \u0142ask Swoich.<\/p>\n\n\n\n<p class=\"has-text-align-justify wp-block-paragraph\"><br>\u20092) Do krzewienia wiary zobowi\u0119zuje nas pr\u00f3cz tego dba\u0142o\u015b\u0107 o w\u0142asne zbawienie. Duch \u015bwi\u0119ty m\u00f3wi w ksi\u0119dze przys\u0142\u00f3w: \u201ePozb\u0105d\u017a si\u0119 grzech\u00f3w ja\u0142mu\u017cn\u0105, a zdro\u017cno\u015bci mi\u0142osierdziem wzgl\u0119dem ubogich.\u201c Wiara jest najcenniejszem dobrem, niemasz przeto cenniejszej ja\u0142mu\u017cny, jak pomaganie bli\u017anim wed\u0142ug si\u0142 i mo\u017cno\u015bci, do przej\u0119cia si\u0119 wiar\u0105. Obowi\u0105zek ten jest tem \u015bwi\u0119tszy, \u017ce wiara jest niezb\u0119dnie potrzebn\u0105 do zbawienia wiekuistego; bli\u017ani, pozbawiony wiary, jest na zawsze stracony. Mi\u0142osierdzie wzgl\u0119dem ubogich jest tak \u015bcis\u0142\u0105 powinno\u015bci\u0105, \u017ce wed\u0142ug s\u0142\u00f3w samego Pana Jezusa tylko mi\u0142osierny mo\u017ce liczy\u0107 na mi\u0142osierdzie. A kt\u00f3\u017c jest biedniejszym na tym \u015bwiecie jak niewierny, nie maj\u0105cy udzia\u0142u w \u0142asce Bo\u017cej i wystawiony na niebezpiecze\u0144stwo utraty zbawienia? Wzgl\u0105d przeto na w\u0142asne zbawienie nak\u0142ada na nas obowi\u0105zek ulitowania si\u0119 nad takimi biedakami, otworzenia im oczu na prawd\u0119 i pozyskania ich dla Ko\u015bcio\u0142a. Oby nas \u015bwietny przyk\u0142ad \u015bwi\u0119tego Jacka zach\u0119ci\u0142 do na\u015bladowania.<\/p>\n\n\n\n<h2 class=\"wp-block-heading\"><br><strong>Modlitwa.<\/strong><\/h2>\n\n\n\n<blockquote class=\"wp-block-quote is-layout-flow wp-block-quote-is-layout-flow\"><p>\u2009Bo\u017ce, kt\u00f3ry nas corocznie uroczysto\u015bci\u0105 \u015bwi\u0119tego Wyznawcy Twego uweselasz, dozw\u00f3l \u0142askawie, aby\u015bmy czcz\u0105c jego chwa\u0142\u0119, uczynki jego na\u015bladowali. Przez Pana naszego Jezusa Chrystusa, kt\u00f3ry kr\u00f3luje w Niebie i na ziemi, po wszystkie wieki wiek\u00f3w. A.<\/p><\/blockquote>\n\n\n\n<figure class=\"wp-block-table\"><table><tbody><tr><td>\u2217&nbsp;&nbsp;&nbsp;&nbsp;&nbsp;&nbsp;&nbsp;&nbsp;&nbsp;&nbsp;&nbsp;&nbsp;&nbsp;&nbsp;&nbsp;&nbsp;&nbsp;&nbsp;&nbsp;&nbsp;\u2217<br>\u2217<\/td><\/tr><\/tbody><\/table><\/figure>\n\n\n\n<p class=\"wp-block-paragraph\">\u2009<em>Opr\u00f3cz tego obchodzi Ko\u015bci\u00f3\u0142 \u015bwi\u0119ty pami\u0105tk\u0119 nast\u0119puj\u0105cych \u015awi\u0119tych Pa\u0144skich, zamieszczonych w rzymskiem martyrologium:<\/em><\/p>\n\n\n\n<p class=\"has-text-align-justify wp-block-paragraph\">\u2009<strong>Dnia 16-go sierpnia<\/strong>&nbsp;w Krakowie w Polsce \u2014 uroczysto\u015b\u0107 \u015bwi\u0119tego&nbsp;Jacka, Wyznawcy z zakonu Kaznodziejskiego. Papie\u017c Klemens VIII og\u0142osi\u0142 go \u015awi\u0119tym i uroczysto\u015b\u0107 ku pami\u0119ci jego prze\u0142o\u017cy\u0142 na dzie\u0144 dzisiejszy. \u2014 W Rzymie m\u0119cze\u0144stwo \u015bw.&nbsp;Tytusa, Dyakona, kt\u00f3ry, maj\u0105c w\u0142a\u015bnie zamiar rozdzielania pieni\u0119dzy mi\u0119dzy ubogich, zosta\u0142 zabity przez przyw\u00f3dc\u0119 Got\u00f3w plondruj\u0105cych miasto. \u2014 W Nicei w Bitynii \u015bmier\u0107 m\u0119cze\u0144ska \u015bw.&nbsp;Dyomeda, Lekarza, zdobywcy palmy zwyci\u0119stwa w prze\u015bladowaniu dyoklecya\u0144skiem, gdy\u017c swe \u017cycie po\u0142o\u017cy\u0142 za wiar\u0119. \u2014 R\u00f3wnie\u017c pami\u0105tka 33&nbsp;\u015bw. M\u0119czennik\u00f3w. \u2014 W Ferentino pod Rzymem m\u0119cze\u0144stwo \u015bw.&nbsp;Ambro\u017cego, kt\u00f3ry pod cesarzem Dyoklecyanem r\u00f3\u017cnymi sposobami m\u0119czony, nareszcie wrzucony zosta\u0142 w ogie\u0144. Wyszed\u0142szy jednak\u017ce z niego nieuszkodzony, zosta\u0142 zepchni\u0119ty do wody, sk\u0105d dusza jego pod\u0105\u017cy\u0142a do Nieba. \u2014 W Medyolanie pochowanie \u015bw.&nbsp;Symplicyusza, Biskupa, o kt\u00f3rym z wielk\u0105&nbsp;pochwa\u0142\u0105 wspominaj\u0105 \u015bw. Ojcowie Ko\u015bcio\u0142a Ambro\u017cy i Augustyn. \u2014 W Auxerre uroczysto\u015b\u0107 \u015bw.&nbsp;Eleuteryusza, Biskupa. \u2014 W Nikomedyi pami\u0105tka \u015bw.&nbsp;Arsacyusza, Wyznawcy, kt\u00f3ry po wybuchu licynia\u0144skiego prze\u015bladowania z \u017co\u0142nierza sta\u0142 si\u0119 pustelnikiem i nast\u0119pnie do takiej doszed\u0142 \u015bwi\u0119to\u015bci, \u017ce wielu dyab\u0142\u00f3w wyp\u0119dzi\u0142 i okropnego smoka zabi\u0107 mia\u0142. Przepowiedzia\u0142 tak\u017ce nieszcz\u0119\u015bcie, kt\u00f3re to miasto spotka\u0142o i zasn\u0105\u0142 wko\u0144cu spokojnie w Panu z modlitw\u0105 na ustach. \u2014 W Montpellier we Francyi z\u0142o\u017cenie \u015bw.&nbsp;Rocha, Wyznawcy, kt\u00f3ry uwolni\u0142 od zarazy wiele miast w\u0142oskich. \u2014 W Rzymie pami\u0105tka \u015bw.&nbsp;Sereny, dawniejszej ma\u0142\u017conki cesarza Dyoklecyana.<br><br><\/p>","protected":false},"excerpt":{"rendered":"<p>(\u017by\u0142 oko\u0142o roku Pa\u0144skiego 1257). Urodzi\u0142 si\u0119 \u015bwi\u0119ty Jacek, zwany tak\u017ce Hyacyntem, w roku 1185 we wsi Kamieniu w dyecezyi Wroc\u0142awskiej, za panowania Kazimierza Sprawiedliwego, kr\u00f3la polskiego. Jest wi\u0119c \u015al\u0105zakiem, ale \u015al\u0105sk nale\u017ca\u0142 wtedy do Polski, a ksi\u0105\u017c\u0119tami polskimi byli pod\u00f3wczas Piastowie. Pochodzi\u0142 z przezacnej rodziny Odrow\u0105\u017c\u00f3w, do kt\u00f3rej nale\u017cy wielu \u015bwi\u0119tobliwych m\u0119\u017c\u00f3w i niewiast, [&hellip;]<\/p>\n","protected":false},"author":60508433,"featured_media":51484,"comment_status":"open","ping_status":"open","sticky":false,"template":"","format":"standard","meta":{"_bbp_topic_count":0,"_bbp_reply_count":0,"_bbp_total_topic_count":0,"_bbp_total_reply_count":0,"_bbp_voice_count":0,"_bbp_anonymous_reply_count":0,"_bbp_topic_count_hidden":0,"_bbp_reply_count_hidden":0,"_bbp_forum_subforum_count":0,"_editorskit_title_hidden":false,"_editorskit_reading_time":9,"_editorskit_is_block_options_detached":false,"_editorskit_block_options_position":"{}","_coblocks_attr":"","_coblocks_dimensions":"","_coblocks_responsive_height":"","_coblocks_accordion_ie_support":"","_exactmetrics_skip_tracking":false,"_jetpack_newsletter_access":"","_jetpack_dont_email_post_to_subs":false,"_jetpack_newsletter_tier_id":0,"_jetpack_memberships_contains_paywalled_content":false,"_wpcom_ai_launchpad_first_post":false,"_jetpack_feature_clip_id":0,"_jetpack_memberships_contains_paid_content":false,"footnotes":"","jetpack_publicize_message":"{title}\n\n{excerpt}\n\n{url}","jetpack_publicize_feature_enabled":true,"jetpack_social_post_already_shared":true,"jetpack_social_options":{"image_generator_settings":{"template":"highway","default_image_id":0,"font":"","enabled":false},"version":2},"_wpas_customize_per_network":false,"jetpack_post_was_ever_published":false},"categories":[610131823,336375535],"tags":[],"class_list":["post-51480","post","type-post","status-publish","format-standard","has-post-thumbnail","hentry","category-swieta-w-sierpniu","category-liturgia-i-liturgika"],"yoast_head":"<!-- This site is optimized with the Yoast SEO plugin v28.4 - https:\/\/yoast.com\/product\/yoast-seo-wordpress\/ -->\n<title>16-go Sierpnia. \u017bywot \u015bwi\u0119tego Jacka, Wyznawcy. - Tradycja i Wiara<\/title>\n<meta name=\"robots\" content=\"index, follow, max-snippet:-1, max-image-preview:large, max-video-preview:-1\" \/>\n<link rel=\"canonical\" href=\"https:\/\/wobronietradycjiiwiary.com\/en\/16-go-sierpnia-zywot-swietego-jacka-wyznawcy\/\" \/>\n<meta property=\"og:locale\" content=\"en_US\" \/>\n<meta property=\"og:type\" content=\"article\" \/>\n<meta property=\"og:title\" content=\"16-go Sierpnia. \u017bywot \u015bwi\u0119tego Jacka, Wyznawcy. - Tradycja i Wiara\" \/>\n<meta property=\"og:description\" content=\"(\u017by\u0142 oko\u0142o roku Pa\u0144skiego 1257). Urodzi\u0142 si\u0119 \u015bwi\u0119ty Jacek, zwany tak\u017ce Hyacyntem, w roku 1185 we wsi Kamieniu w dyecezyi Wroc\u0142awskiej, za panowania Kazimierza Sprawiedliwego, kr\u00f3la polskiego. Jest wi\u0119c \u015al\u0105zakiem, ale \u015al\u0105sk nale\u017ca\u0142 wtedy do Polski, a ksi\u0105\u017c\u0119tami polskimi byli pod\u00f3wczas Piastowie. Pochodzi\u0142 z przezacnej rodziny Odrow\u0105\u017c\u00f3w, do kt\u00f3rej nale\u017cy wielu \u015bwi\u0119tobliwych m\u0119\u017c\u00f3w i niewiast, [&hellip;]\" \/>\n<meta property=\"og:url\" content=\"https:\/\/wobronietradycjiiwiary.com\/en\/16-go-sierpnia-zywot-swietego-jacka-wyznawcy\/\" \/>\n<meta property=\"og:site_name\" content=\"Tradycja i Wiara\" \/>\n<meta property=\"article:publisher\" content=\"https:\/\/www.facebook.com\/Tradycja-i-Wiara-108813920592249\" \/>\n<meta property=\"article:published_time\" content=\"2021-08-16T06:15:00+00:00\" \/>\n<meta property=\"article:modified_time\" content=\"2025-02-10T10:16:13+00:00\" \/>\n<meta property=\"og:image\" content=\"https:\/\/wobronietradycjiiwiary.com\/wp-content\/uploads\/2021\/08\/Jacek.jpg\" \/>\n\t<meta property=\"og:image:width\" content=\"624\" \/>\n\t<meta property=\"og:image:height\" content=\"400\" \/>\n\t<meta property=\"og:image:type\" content=\"image\/jpeg\" \/>\n<meta name=\"author\" content=\"Traditio et Fides\" \/>\n<meta name=\"twitter:card\" content=\"summary_large_image\" \/>\n<meta name=\"twitter:label1\" content=\"Written by\" \/>\n\t<meta name=\"twitter:data1\" content=\"Traditio et Fides\" \/>\n\t<meta name=\"twitter:label2\" content=\"Est. reading time\" \/>\n\t<meta name=\"twitter:data2\" content=\"11 minutes\" \/>\n<script type=\"application\/ld+json\" class=\"yoast-schema-graph\">{\"@context\":\"https:\\\/\\\/schema.org\",\"@graph\":[{\"@type\":\"Article\",\"@id\":\"https:\\\/\\\/wobronietradycjiiwiary.com\\\/16-go-sierpnia-zywot-swietego-jacka-wyznawcy\\\/#article\",\"isPartOf\":{\"@id\":\"https:\\\/\\\/wobronietradycjiiwiary.com\\\/16-go-sierpnia-zywot-swietego-jacka-wyznawcy\\\/\"},\"author\":{\"name\":\"Traditio et Fides\",\"@id\":\"https:\\\/\\\/wobronietradycjiiwiary.com\\\/pl\\\/#\\\/schema\\\/person\\\/2d6180ce6abcb681fef0daab7816e8f3\"},\"headline\":\"16-go Sierpnia. \u017bywot \u015bwi\u0119tego Jacka, Wyznawcy.\",\"datePublished\":\"2021-08-16T06:15:00+00:00\",\"dateModified\":\"2025-02-10T10:16:13+00:00\",\"mainEntityOfPage\":{\"@id\":\"https:\\\/\\\/wobronietradycjiiwiary.com\\\/16-go-sierpnia-zywot-swietego-jacka-wyznawcy\\\/\"},\"wordCount\":3068,\"commentCount\":0,\"publisher\":{\"@id\":\"https:\\\/\\\/wobronietradycjiiwiary.com\\\/pl\\\/#organization\"},\"image\":{\"@id\":\"https:\\\/\\\/wobronietradycjiiwiary.com\\\/16-go-sierpnia-zywot-swietego-jacka-wyznawcy\\\/#primaryimage\"},\"thumbnailUrl\":\"https:\\\/\\\/wobronietradycjiiwiary.com\\\/wp-content\\\/uploads\\\/2021\\\/08\\\/Jacek.jpg\",\"articleSection\":[\"08. \u015awi\u0119ta w sierpniu\",\"Liturgia i liturgika\"],\"inLanguage\":\"en-US\",\"potentialAction\":[{\"@type\":\"CommentAction\",\"name\":\"Comment\",\"target\":[\"https:\\\/\\\/wobronietradycjiiwiary.com\\\/16-go-sierpnia-zywot-swietego-jacka-wyznawcy\\\/#respond\"]}]},{\"@type\":\"WebPage\",\"@id\":\"https:\\\/\\\/wobronietradycjiiwiary.com\\\/16-go-sierpnia-zywot-swietego-jacka-wyznawcy\\\/\",\"url\":\"https:\\\/\\\/wobronietradycjiiwiary.com\\\/16-go-sierpnia-zywot-swietego-jacka-wyznawcy\\\/\",\"name\":\"16-go Sierpnia. \u017bywot \u015bwi\u0119tego Jacka, Wyznawcy. - Tradycja i Wiara\",\"isPartOf\":{\"@id\":\"https:\\\/\\\/wobronietradycjiiwiary.com\\\/pl\\\/#website\"},\"primaryImageOfPage\":{\"@id\":\"https:\\\/\\\/wobronietradycjiiwiary.com\\\/16-go-sierpnia-zywot-swietego-jacka-wyznawcy\\\/#primaryimage\"},\"image\":{\"@id\":\"https:\\\/\\\/wobronietradycjiiwiary.com\\\/16-go-sierpnia-zywot-swietego-jacka-wyznawcy\\\/#primaryimage\"},\"thumbnailUrl\":\"https:\\\/\\\/wobronietradycjiiwiary.com\\\/wp-content\\\/uploads\\\/2021\\\/08\\\/Jacek.jpg\",\"datePublished\":\"2021-08-16T06:15:00+00:00\",\"dateModified\":\"2025-02-10T10:16:13+00:00\",\"breadcrumb\":{\"@id\":\"https:\\\/\\\/wobronietradycjiiwiary.com\\\/16-go-sierpnia-zywot-swietego-jacka-wyznawcy\\\/#breadcrumb\"},\"inLanguage\":\"en-US\",\"potentialAction\":[{\"@type\":\"ReadAction\",\"target\":[\"https:\\\/\\\/wobronietradycjiiwiary.com\\\/16-go-sierpnia-zywot-swietego-jacka-wyznawcy\\\/\"]}]},{\"@type\":\"ImageObject\",\"inLanguage\":\"en-US\",\"@id\":\"https:\\\/\\\/wobronietradycjiiwiary.com\\\/16-go-sierpnia-zywot-swietego-jacka-wyznawcy\\\/#primaryimage\",\"url\":\"https:\\\/\\\/wobronietradycjiiwiary.com\\\/wp-content\\\/uploads\\\/2021\\\/08\\\/Jacek.jpg\",\"contentUrl\":\"https:\\\/\\\/wobronietradycjiiwiary.com\\\/wp-content\\\/uploads\\\/2021\\\/08\\\/Jacek.jpg\",\"width\":624,\"height\":400},{\"@type\":\"BreadcrumbList\",\"@id\":\"https:\\\/\\\/wobronietradycjiiwiary.com\\\/16-go-sierpnia-zywot-swietego-jacka-wyznawcy\\\/#breadcrumb\",\"itemListElement\":[{\"@type\":\"ListItem\",\"position\":1,\"name\":\"Strona g\u0142\u00f3wna\",\"item\":\"https:\\\/\\\/wobronietradycjiiwiary.com\\\/\"},{\"@type\":\"ListItem\",\"position\":2,\"name\":\"16-go Sierpnia. \u017bywot \u015bwi\u0119tego Jacka, Wyznawcy.\"}]},{\"@type\":\"WebSite\",\"@id\":\"https:\\\/\\\/wobronietradycjiiwiary.com\\\/pl\\\/#website\",\"url\":\"https:\\\/\\\/wobronietradycjiiwiary.com\\\/pl\\\/\",\"name\":\"Tradycja i Wiara\",\"description\":\"Portal dla katolik\u00f3w.\",\"publisher\":{\"@id\":\"https:\\\/\\\/wobronietradycjiiwiary.com\\\/pl\\\/#organization\"},\"potentialAction\":[{\"@type\":\"SearchAction\",\"target\":{\"@type\":\"EntryPoint\",\"urlTemplate\":\"https:\\\/\\\/wobronietradycjiiwiary.com\\\/pl\\\/?s={search_term_string}\"},\"query-input\":{\"@type\":\"PropertyValueSpecification\",\"valueRequired\":true,\"valueName\":\"search_term_string\"}}],\"inLanguage\":\"en-US\"},{\"@type\":\"Organization\",\"@id\":\"https:\\\/\\\/wobronietradycjiiwiary.com\\\/pl\\\/#organization\",\"name\":\"Tradycja i Wiara\",\"url\":\"https:\\\/\\\/wobronietradycjiiwiary.com\\\/pl\\\/\",\"logo\":{\"@type\":\"ImageObject\",\"inLanguage\":\"en-US\",\"@id\":\"https:\\\/\\\/wobronietradycjiiwiary.com\\\/pl\\\/#\\\/schema\\\/logo\\\/image\\\/\",\"url\":\"https:\\\/\\\/i0.wp.com\\\/wobronietradycjiiwiary.com\\\/wp-content\\\/uploads\\\/2015\\\/10\\\/cropped-st-peters-dome-vatican.jpg?fit=940%2C198&ssl=1\",\"contentUrl\":\"https:\\\/\\\/i0.wp.com\\\/wobronietradycjiiwiary.com\\\/wp-content\\\/uploads\\\/2015\\\/10\\\/cropped-st-peters-dome-vatican.jpg?fit=940%2C198&ssl=1\",\"width\":940,\"height\":198,\"caption\":\"Tradycja i Wiara\"},\"image\":{\"@id\":\"https:\\\/\\\/wobronietradycjiiwiary.com\\\/pl\\\/#\\\/schema\\\/logo\\\/image\\\/\"},\"sameAs\":[\"https:\\\/\\\/www.facebook.com\\\/Tradycja-i-Wiara-108813920592249\"]},{\"@type\":\"Person\",\"@id\":\"https:\\\/\\\/wobronietradycjiiwiary.com\\\/pl\\\/#\\\/schema\\\/person\\\/2d6180ce6abcb681fef0daab7816e8f3\",\"name\":\"Traditio et Fides\",\"sameAs\":[\"https:\\\/\\\/traditionundglauben.com\"],\"url\":\"https:\\\/\\\/wobronietradycjiiwiary.com\\\/en\\\/author\\\/wobronietradycjiiwiary\\\/\"}]}<\/script>\n<!-- \/ Yoast SEO plugin. -->","yoast_head_json":{"title":"16-go Sierpnia. \u017bywot \u015bwi\u0119tego Jacka, Wyznawcy. - Tradycja i Wiara","robots":{"index":"index","follow":"follow","max-snippet":"max-snippet:-1","max-image-preview":"max-image-preview:large","max-video-preview":"max-video-preview:-1"},"canonical":"https:\/\/wobronietradycjiiwiary.com\/en\/16-go-sierpnia-zywot-swietego-jacka-wyznawcy\/","og_locale":"en_US","og_type":"article","og_title":"16-go Sierpnia. \u017bywot \u015bwi\u0119tego Jacka, Wyznawcy. - Tradycja i Wiara","og_description":"(\u017by\u0142 oko\u0142o roku Pa\u0144skiego 1257). Urodzi\u0142 si\u0119 \u015bwi\u0119ty Jacek, zwany tak\u017ce Hyacyntem, w roku 1185 we wsi Kamieniu w dyecezyi Wroc\u0142awskiej, za panowania Kazimierza Sprawiedliwego, kr\u00f3la polskiego. Jest wi\u0119c \u015al\u0105zakiem, ale \u015al\u0105sk nale\u017ca\u0142 wtedy do Polski, a ksi\u0105\u017c\u0119tami polskimi byli pod\u00f3wczas Piastowie. Pochodzi\u0142 z przezacnej rodziny Odrow\u0105\u017c\u00f3w, do kt\u00f3rej nale\u017cy wielu \u015bwi\u0119tobliwych m\u0119\u017c\u00f3w i niewiast, [&hellip;]","og_url":"https:\/\/wobronietradycjiiwiary.com\/en\/16-go-sierpnia-zywot-swietego-jacka-wyznawcy\/","og_site_name":"Tradycja i Wiara","article_publisher":"https:\/\/www.facebook.com\/Tradycja-i-Wiara-108813920592249","article_published_time":"2021-08-16T06:15:00+00:00","article_modified_time":"2025-02-10T10:16:13+00:00","og_image":[{"width":624,"height":400,"url":"https:\/\/wobronietradycjiiwiary.com\/wp-content\/uploads\/2021\/08\/Jacek.jpg","type":"image\/jpeg"}],"author":"Traditio et Fides","twitter_card":"summary_large_image","twitter_misc":{"Written by":"Traditio et Fides","Est. reading time":"11 minutes"},"schema":{"@context":"https:\/\/schema.org","@graph":[{"@type":"Article","@id":"https:\/\/wobronietradycjiiwiary.com\/16-go-sierpnia-zywot-swietego-jacka-wyznawcy\/#article","isPartOf":{"@id":"https:\/\/wobronietradycjiiwiary.com\/16-go-sierpnia-zywot-swietego-jacka-wyznawcy\/"},"author":{"name":"Traditio et Fides","@id":"https:\/\/wobronietradycjiiwiary.com\/pl\/#\/schema\/person\/2d6180ce6abcb681fef0daab7816e8f3"},"headline":"16-go Sierpnia. \u017bywot \u015bwi\u0119tego Jacka, Wyznawcy.","datePublished":"2021-08-16T06:15:00+00:00","dateModified":"2025-02-10T10:16:13+00:00","mainEntityOfPage":{"@id":"https:\/\/wobronietradycjiiwiary.com\/16-go-sierpnia-zywot-swietego-jacka-wyznawcy\/"},"wordCount":3068,"commentCount":0,"publisher":{"@id":"https:\/\/wobronietradycjiiwiary.com\/pl\/#organization"},"image":{"@id":"https:\/\/wobronietradycjiiwiary.com\/16-go-sierpnia-zywot-swietego-jacka-wyznawcy\/#primaryimage"},"thumbnailUrl":"https:\/\/wobronietradycjiiwiary.com\/wp-content\/uploads\/2021\/08\/Jacek.jpg","articleSection":["08. \u015awi\u0119ta w sierpniu","Liturgia i liturgika"],"inLanguage":"en-US","potentialAction":[{"@type":"CommentAction","name":"Comment","target":["https:\/\/wobronietradycjiiwiary.com\/16-go-sierpnia-zywot-swietego-jacka-wyznawcy\/#respond"]}]},{"@type":"WebPage","@id":"https:\/\/wobronietradycjiiwiary.com\/16-go-sierpnia-zywot-swietego-jacka-wyznawcy\/","url":"https:\/\/wobronietradycjiiwiary.com\/16-go-sierpnia-zywot-swietego-jacka-wyznawcy\/","name":"16-go Sierpnia. \u017bywot \u015bwi\u0119tego Jacka, Wyznawcy. - Tradycja i Wiara","isPartOf":{"@id":"https:\/\/wobronietradycjiiwiary.com\/pl\/#website"},"primaryImageOfPage":{"@id":"https:\/\/wobronietradycjiiwiary.com\/16-go-sierpnia-zywot-swietego-jacka-wyznawcy\/#primaryimage"},"image":{"@id":"https:\/\/wobronietradycjiiwiary.com\/16-go-sierpnia-zywot-swietego-jacka-wyznawcy\/#primaryimage"},"thumbnailUrl":"https:\/\/wobronietradycjiiwiary.com\/wp-content\/uploads\/2021\/08\/Jacek.jpg","datePublished":"2021-08-16T06:15:00+00:00","dateModified":"2025-02-10T10:16:13+00:00","breadcrumb":{"@id":"https:\/\/wobronietradycjiiwiary.com\/16-go-sierpnia-zywot-swietego-jacka-wyznawcy\/#breadcrumb"},"inLanguage":"en-US","potentialAction":[{"@type":"ReadAction","target":["https:\/\/wobronietradycjiiwiary.com\/16-go-sierpnia-zywot-swietego-jacka-wyznawcy\/"]}]},{"@type":"ImageObject","inLanguage":"en-US","@id":"https:\/\/wobronietradycjiiwiary.com\/16-go-sierpnia-zywot-swietego-jacka-wyznawcy\/#primaryimage","url":"https:\/\/wobronietradycjiiwiary.com\/wp-content\/uploads\/2021\/08\/Jacek.jpg","contentUrl":"https:\/\/wobronietradycjiiwiary.com\/wp-content\/uploads\/2021\/08\/Jacek.jpg","width":624,"height":400},{"@type":"BreadcrumbList","@id":"https:\/\/wobronietradycjiiwiary.com\/16-go-sierpnia-zywot-swietego-jacka-wyznawcy\/#breadcrumb","itemListElement":[{"@type":"ListItem","position":1,"name":"Strona g\u0142\u00f3wna","item":"https:\/\/wobronietradycjiiwiary.com\/"},{"@type":"ListItem","position":2,"name":"16-go Sierpnia. \u017bywot \u015bwi\u0119tego Jacka, Wyznawcy."}]},{"@type":"WebSite","@id":"https:\/\/wobronietradycjiiwiary.com\/pl\/#website","url":"https:\/\/wobronietradycjiiwiary.com\/pl\/","name":"Tradycja i Wiara","description":"Portal dla katolik\u00f3w.","publisher":{"@id":"https:\/\/wobronietradycjiiwiary.com\/pl\/#organization"},"potentialAction":[{"@type":"SearchAction","target":{"@type":"EntryPoint","urlTemplate":"https:\/\/wobronietradycjiiwiary.com\/pl\/?s={search_term_string}"},"query-input":{"@type":"PropertyValueSpecification","valueRequired":true,"valueName":"search_term_string"}}],"inLanguage":"en-US"},{"@type":"Organization","@id":"https:\/\/wobronietradycjiiwiary.com\/pl\/#organization","name":"Tradycja i Wiara","url":"https:\/\/wobronietradycjiiwiary.com\/pl\/","logo":{"@type":"ImageObject","inLanguage":"en-US","@id":"https:\/\/wobronietradycjiiwiary.com\/pl\/#\/schema\/logo\/image\/","url":"https:\/\/i0.wp.com\/wobronietradycjiiwiary.com\/wp-content\/uploads\/2015\/10\/cropped-st-peters-dome-vatican.jpg?fit=940%2C198&ssl=1","contentUrl":"https:\/\/i0.wp.com\/wobronietradycjiiwiary.com\/wp-content\/uploads\/2015\/10\/cropped-st-peters-dome-vatican.jpg?fit=940%2C198&ssl=1","width":940,"height":198,"caption":"Tradycja i Wiara"},"image":{"@id":"https:\/\/wobronietradycjiiwiary.com\/pl\/#\/schema\/logo\/image\/"},"sameAs":["https:\/\/www.facebook.com\/Tradycja-i-Wiara-108813920592249"]},{"@type":"Person","@id":"https:\/\/wobronietradycjiiwiary.com\/pl\/#\/schema\/person\/2d6180ce6abcb681fef0daab7816e8f3","name":"Traditio et Fides","sameAs":["https:\/\/traditionundglauben.com"],"url":"https:\/\/wobronietradycjiiwiary.com\/en\/author\/wobronietradycjiiwiary\/"}]}},"jetpack_publicize_connections":[],"jetpack_sharing_enabled":true,"jetpack_likes_enabled":true,"jetpack_shortlink":"https:\/\/wp.me\/pc04Sd-dok","jetpack-related-posts":[{"id":112212,"url":"https:\/\/wobronietradycjiiwiary.com\/en\/ks-ripperger-po-1963-roku-egzorcyzmy-trwaja-coraz-dluzej\/","url_meta":{"origin":51480,"position":0},"title":"Ks. Ripperger: Po 1963 roku egzorcyzmy trwaj\u0105 coraz d\u0142u\u017cej (1 z 2)","author":"Traditio et Fides","date":"8 February 2024","format":false,"excerpt":"O wzro\u015bcie si\u0142y demon\u00f3w pod roku 1963 i mo\u017cliwych tego przyczynach.","rel":"","context":"In &quot;Demonologia&quot;","block_context":{"text":"Demonologia","link":"https:\/\/wobronietradycjiiwiary.com\/en\/category\/doktryna\/teologia-dogmatyczna\/demonologia-teologia\/"},"img":{"alt_text":"","src":"https:\/\/i0.wp.com\/wobronietradycjiiwiary.com\/wp-content\/uploads\/2024\/02\/witch-history-monastery-wall.jpg?resize=350%2C200&ssl=1","width":350,"height":200,"srcset":"https:\/\/i0.wp.com\/wobronietradycjiiwiary.com\/wp-content\/uploads\/2024\/02\/witch-history-monastery-wall.jpg?resize=350%2C200&ssl=1 1x, https:\/\/i0.wp.com\/wobronietradycjiiwiary.com\/wp-content\/uploads\/2024\/02\/witch-history-monastery-wall.jpg?resize=525%2C300&ssl=1 1.5x"},"classes":[]},{"id":162718,"url":"https:\/\/wobronietradycjiiwiary.com\/en\/novus-ordo-watch-robert-prevost-uczestniczacy-w-kulcie-pachamamy\/","url_meta":{"origin":51480,"position":1},"title":"Novus Ordo Watch: Robert Prevost uczestnicz\u0105cy w kulcie Pachamamy","author":"Traditio et Fides","date":"26 March 2026","format":false,"excerpt":"Dowody na to, \u017ce Robert Prevost oddawa\u0142 cze\u015b\u0107 Pachamamie.","rel":"","context":"In &quot;5. Leon XIV&quot;","block_context":{"text":"5. Leon XIV","link":"https:\/\/wobronietradycjiiwiary.com\/en\/category\/polemika\/kosciol-posoborowy\/papieze\/leon-xiv\/"},"img":{"alt_text":"","src":"https:\/\/i0.wp.com\/wobronietradycjiiwiary.com\/wp-content\/uploads\/2026\/03\/demonhero.webp?resize=350%2C200&ssl=1","width":350,"height":200,"srcset":"https:\/\/i0.wp.com\/wobronietradycjiiwiary.com\/wp-content\/uploads\/2026\/03\/demonhero.webp?resize=350%2C200&ssl=1 1x, https:\/\/i0.wp.com\/wobronietradycjiiwiary.com\/wp-content\/uploads\/2026\/03\/demonhero.webp?resize=525%2C300&ssl=1 1.5x, https:\/\/i0.wp.com\/wobronietradycjiiwiary.com\/wp-content\/uploads\/2026\/03\/demonhero.webp?resize=700%2C400&ssl=1 2x, https:\/\/i0.wp.com\/wobronietradycjiiwiary.com\/wp-content\/uploads\/2026\/03\/demonhero.webp?resize=1050%2C600&ssl=1 3x, https:\/\/i0.wp.com\/wobronietradycjiiwiary.com\/wp-content\/uploads\/2026\/03\/demonhero.webp?resize=1400%2C800&ssl=1 4x"},"classes":[]},{"id":112329,"url":"https:\/\/wobronietradycjiiwiary.com\/en\/ks-ripperger-po-1963-roku-egzorcyzmy-trwaja-coraz-dluzej-2-z-2\/","url_meta":{"origin":51480,"position":2},"title":"Ks. Ripperger: Po 1963 roku egzorcyzmy trwaj\u0105 coraz d\u0142u\u017cej (2 z 2)","author":"Traditio et Fides","date":"9 February 2024","format":false,"excerpt":"O przyczynach przed\u0142u\u017caj\u0105cych si\u0119 egzorcyzm\u00f3w raz jeszcze.","rel":"","context":"In &quot;Demonologia&quot;","block_context":{"text":"Demonologia","link":"https:\/\/wobronietradycjiiwiary.com\/en\/category\/doktryna\/teologia-dogmatyczna\/demonologia-teologia\/"},"img":{"alt_text":"","src":"https:\/\/i0.wp.com\/wobronietradycjiiwiary.com\/wp-content\/uploads\/2024\/02\/witch-history-monastery-wall.jpg?resize=350%2C200&ssl=1","width":350,"height":200,"srcset":"https:\/\/i0.wp.com\/wobronietradycjiiwiary.com\/wp-content\/uploads\/2024\/02\/witch-history-monastery-wall.jpg?resize=350%2C200&ssl=1 1x, https:\/\/i0.wp.com\/wobronietradycjiiwiary.com\/wp-content\/uploads\/2024\/02\/witch-history-monastery-wall.jpg?resize=525%2C300&ssl=1 1.5x"},"classes":[]},{"id":168701,"url":"https:\/\/wobronietradycjiiwiary.com\/en\/roberto-de-mattei-swiecenia-w-econe-z-1-lipca-2026-r-chronos-i-kairos-pewnego-wydarzenia\/","url_meta":{"origin":51480,"position":3},"title":"Roberto de Mattei, \u015awi\u0119cenia w \u00c9c\u00f4ne z 1 lipca 2026 r.: Chronos i Kairos pewnego wydarzenia.","author":"Traditio et Fides","date":"16 July 2026","format":false,"excerpt":"O \u015bwi\u0119ceniach w \u00c9c\u00f4ne z perspektywy odpowiedniego czasu.","rel":"","context":"In &quot;Analiza cudza&quot;","block_context":{"text":"Analiza cudza","link":"https:\/\/wobronietradycjiiwiary.com\/en\/category\/polemika\/kosciol-posoborowy\/tradycjonalizm\/fsspx\/fsspx-inne-kwestie\/swiecenia-biskupow\/ekskomunika-fsspx\/analiza-cudza\/"},"img":{"alt_text":"","src":"https:\/\/i0.wp.com\/wobronietradycjiiwiary.com\/wp-content\/uploads\/2026\/07\/Holy-Orders-2.jpeg?resize=350%2C200&ssl=1","width":350,"height":200},"classes":[]},{"id":132442,"url":"https:\/\/wobronietradycjiiwiary.com\/en\/o-poscie-4-z-16-naturalne-skutki-postu\/","url_meta":{"origin":51480,"position":4},"title":"O po\u015bcie (4 z 16). Naturalne skutki postu","author":"Traditio et Fides","date":"28 February 2025","format":false,"excerpt":"O zaletach postu.","rel":"","context":"In &quot;Doktryna&quot;","block_context":{"text":"Doktryna","link":"https:\/\/wobronietradycjiiwiary.com\/en\/category\/doktryna\/"},"img":{"alt_text":"","src":"https:\/\/i0.wp.com\/wobronietradycjiiwiary.com\/wp-content\/uploads\/2025\/02\/Fasten.jpg?resize=350%2C200&ssl=1","width":350,"height":200,"srcset":"https:\/\/i0.wp.com\/wobronietradycjiiwiary.com\/wp-content\/uploads\/2025\/02\/Fasten.jpg?resize=350%2C200&ssl=1 1x, https:\/\/i0.wp.com\/wobronietradycjiiwiary.com\/wp-content\/uploads\/2025\/02\/Fasten.jpg?resize=525%2C300&ssl=1 1.5x, https:\/\/i0.wp.com\/wobronietradycjiiwiary.com\/wp-content\/uploads\/2025\/02\/Fasten.jpg?resize=700%2C400&ssl=1 2x, https:\/\/i0.wp.com\/wobronietradycjiiwiary.com\/wp-content\/uploads\/2025\/02\/Fasten.jpg?resize=1050%2C600&ssl=1 3x, https:\/\/i0.wp.com\/wobronietradycjiiwiary.com\/wp-content\/uploads\/2025\/02\/Fasten.jpg?resize=1400%2C800&ssl=1 4x"},"classes":[]},{"id":169827,"url":"https:\/\/wobronietradycjiiwiary.com\/en\/infovaticana-ddf-medjugorje-ma-diaboliczne-podloze\/","url_meta":{"origin":51480,"position":5},"title":"Infovaticana: DDF Medjugorje ma diaboliczne pod\u0142o\u017ce","author":"Traditio et Fides","date":"18 August 2026","format":false,"excerpt":"O tym, \u017ce w roku 2016 wi\u0119kszo\u015b\u0107 cz\u0142onk\u00f3w Kongregacji Nauki Wiary odrzuci\u0142a nadprzyrodzone pochodzenia Medjugorja.","rel":"","context":"In &quot;Ko\u015bci\u00f3\u0142 posoborowy&quot;","block_context":{"text":"Ko\u015bci\u00f3\u0142 posoborowy","link":"https:\/\/wobronietradycjiiwiary.com\/en\/category\/polemika\/kosciol-posoborowy\/"},"img":{"alt_text":"","src":"https:\/\/i0.wp.com\/wobronietradycjiiwiary.com\/wp-content\/uploads\/2026\/08\/fd7cf0e10ec2020a4635e7ee31e4674c.jpg?resize=350%2C200&ssl=1","width":350,"height":200,"srcset":"https:\/\/i0.wp.com\/wobronietradycjiiwiary.com\/wp-content\/uploads\/2026\/08\/fd7cf0e10ec2020a4635e7ee31e4674c.jpg?resize=350%2C200&ssl=1 1x, https:\/\/i0.wp.com\/wobronietradycjiiwiary.com\/wp-content\/uploads\/2026\/08\/fd7cf0e10ec2020a4635e7ee31e4674c.jpg?resize=525%2C300&ssl=1 1.5x, https:\/\/i0.wp.com\/wobronietradycjiiwiary.com\/wp-content\/uploads\/2026\/08\/fd7cf0e10ec2020a4635e7ee31e4674c.jpg?resize=700%2C400&ssl=1 2x, https:\/\/i0.wp.com\/wobronietradycjiiwiary.com\/wp-content\/uploads\/2026\/08\/fd7cf0e10ec2020a4635e7ee31e4674c.jpg?resize=1050%2C600&ssl=1 3x, https:\/\/i0.wp.com\/wobronietradycjiiwiary.com\/wp-content\/uploads\/2026\/08\/fd7cf0e10ec2020a4635e7ee31e4674c.jpg?resize=1400%2C800&ssl=1 4x"},"classes":[]}],"amp_enabled":true,"jetpack_featured_media_url":"https:\/\/wobronietradycjiiwiary.com\/wp-content\/uploads\/2021\/08\/Jacek.jpg","_links":{"self":[{"href":"https:\/\/wobronietradycjiiwiary.com\/en\/wp-json\/wp\/v2\/posts\/51480","targetHints":{"allow":["GET"]}}],"collection":[{"href":"https:\/\/wobronietradycjiiwiary.com\/en\/wp-json\/wp\/v2\/posts"}],"about":[{"href":"https:\/\/wobronietradycjiiwiary.com\/en\/wp-json\/wp\/v2\/types\/post"}],"author":[{"embeddable":true,"href":"https:\/\/wobronietradycjiiwiary.com\/en\/wp-json\/wp\/v2\/users\/60508433"}],"replies":[{"embeddable":true,"href":"https:\/\/wobronietradycjiiwiary.com\/en\/wp-json\/wp\/v2\/comments?post=51480"}],"version-history":[{"count":1,"href":"https:\/\/wobronietradycjiiwiary.com\/en\/wp-json\/wp\/v2\/posts\/51480\/revisions"}],"predecessor-version":[{"id":77978,"href":"https:\/\/wobronietradycjiiwiary.com\/en\/wp-json\/wp\/v2\/posts\/51480\/revisions\/77978"}],"wp:featuredmedia":[{"embeddable":true,"href":"https:\/\/wobronietradycjiiwiary.com\/en\/wp-json\/wp\/v2\/media\/51484"}],"wp:attachment":[{"href":"https:\/\/wobronietradycjiiwiary.com\/en\/wp-json\/wp\/v2\/media?parent=51480"}],"wp:term":[{"taxonomy":"category","embeddable":true,"href":"https:\/\/wobronietradycjiiwiary.com\/en\/wp-json\/wp\/v2\/categories?post=51480"},{"taxonomy":"post_tag","embeddable":true,"href":"https:\/\/wobronietradycjiiwiary.com\/en\/wp-json\/wp\/v2\/tags?post=51480"}],"curies":[{"name":"wp","href":"https:\/\/api.w.org\/{rel}","templated":true}]}}