{"id":51406,"date":"2021-08-04T08:15:00","date_gmt":"2021-08-04T06:15:00","guid":{"rendered":"https:\/\/wobronietradycjiiwiary.com\/?p=51406"},"modified":"2025-02-10T11:16:13","modified_gmt":"2025-02-10T10:16:13","slug":"4-go-sierpnia-zywot-swietego-dominika-zakonodawcy","status":"publish","type":"post","link":"https:\/\/wobronietradycjiiwiary.com\/en\/4-go-sierpnia-zywot-swietego-dominika-zakonodawcy\/","title":{"rendered":"4-go Sierpnia. \u017bywot \u015bwi\u0119tego Dominika, Zakonodawcy."},"content":{"rendered":"<div id=\"bsf_rt_marker\"><\/div>\n<p class=\"has-text-align-center wp-block-paragraph\">(\u017by\u0142 oko\u0142o roku Pa\u0144skiego 1221).<\/p>\n\n\n\n<figure class=\"wp-block-image\"><a href=\"https:\/\/pl.wikisource.org\/wiki\/Plik:%C5%BBywoty_%C5%9Bw._Pa%C5%84skich_na_wszystkie_dnie_roku-Inicja%C5%82-W.png\"><img decoding=\"async\" src=\"https:\/\/upload.wikimedia.org\/wikipedia\/commons\/thumb\/8\/8f\/%C5%BBywoty_%C5%9Bw._Pa%C5%84skich_na_wszystkie_dnie_roku-Inicja%C5%82-W.png\/75px-%C5%BBywoty_%C5%9Bw._Pa%C5%84skich_na_wszystkie_dnie_roku-Inicja%C5%82-W.png\" alt=\"W\"\/><\/a><\/figure>\n\n\n\n<p class=\"has-text-align-justify wp-block-paragraph\">W\u015br\u00f3d szcz\u0119ku or\u0119\u017ca i\u00a0wypraw krzy\u017cowc\u00f3w do Palestyny religijne wychowanie na Zachodzie w\u00a0niekt\u00f3rych krajach wielce by\u0142o zaniedbane. Jak grzyby wyrasta\u0142y kacerstwa i\u00a0pod nazw\u0105 Albigens\u00f3w \u0142\u0105czyli si\u0119 odszczepie\u0144cy w\u00a0\u015blepej nienawi\u015bci przeciw Ko\u015bcio\u0142owi katolickiemu.<\/p>\n\n\n\n<p class=\"has-text-align-justify wp-block-paragraph\">W\u00a0tym samym czasie dorasta\u0142 w\u00a0mie\u015bcie Calarnega w\u00a0Hiszpanii uzdolniony ch\u0142opiec Dominik, syn pobo\u017cnych rodzic\u00f3w, obrany przez Opatrzno\u015b\u0107, aby zgorszenie odszczepie\u0144stwa usun\u0105\u0107, a\u00a0Ko\u015bcio\u0142owi doda\u0107 nowego blasku i\u00a0u\u015bwietni\u0107 go nowym tryumfem. Pod troskliw\u0105 opiek\u0105 matki i\u00a0m\u0105drym sterem jej brata, kap\u0142ana, przewy\u017cszy\u0142 Dominik swych wsp\u00f3\u0142uczni\u00f3w i\u00a0r\u00f3wie\u015bnik\u00f3w czysto\u015bci\u0105 obyczaj\u00f3w i\u00a0post\u0119pami w\u00a0naukach. W\u00a0czasie g\u0142odu rozda\u0142 pieni\u0105dze, jakie posiada\u0142, sprzeda\u0142 sw\u0105 odzie\u017c i\u00a0ksi\u0105\u017cki, aby \u017cywi\u0107 g\u0142odnych, a\u00a0gdy go za to zganiono, tak si\u0119 t\u0142\u00f3maczy\u0142: \u201eNa c\u00f3\u017c mi martwe ksi\u0119gi, je\u017celi bli\u017ani moi z\u00a0g\u0142odu umieraj\u0105.\u201c S\u0142awa pobo\u017cno\u015bci jego tak si\u0119 wkr\u00f3tce rozesz\u0142a, \u017ce\u00a0Diego, Biskup Osmy, powo\u0142a\u0142 go do Palencyi na profesora do wyk\u0142adania Pisma \u015bwi\u0119tego i\u00a0mianowa\u0142 go podprzeorem kanonik\u00f3w. Nowomianowany Pra\u0142at przewy\u017cszy\u0142 nadzieje, jakie w\u00a0nim pok\u0142adano.<br><\/p>\n\n\n\n<p class=\"has-text-align-justify wp-block-paragraph\">\u2009Gdy Diego z\u00a0Dominikiem wybra\u0142 si\u0119 w\u00a0r.\u00a01203 z\u00a0polecenia kr\u00f3la Alfonsa\u00a0IX do Pary\u017ca i\u00a0ujrza\u0142 w\u0142asnemi oczyma bezprawia sekciarzy albige\u0144skich, powzi\u0119li obaj niez\u0142omne postanowienie zaj\u0105\u0107 si\u0119 ich nawracaniem. Papie\u017c Innocenty\u00a0III pozwoli\u0142 jak najch\u0119tniej Biskupowi opu\u015bci\u0107 dyecezy\u0119 na dwa lata. Po\u0142\u0105czyli si\u0119 przeto z\u00a0trzema papieskimi legatami i\u00a0dwunastu Opatami Cysters\u00f3w, kt\u00f3rzy od roku daremnie si\u0119 mozolili, aby nawr\u00f3ci\u0107 odszczepie\u0144c\u00f3w i\u00a0nam\u00f3wili tych pi\u0119tnastu misyonarzy, aby si\u0119 wyrzekli wielkiego blasku w\u00a0wyst\u0119powaniu, a\u00a0natomiast w\u00a0Apostolskiem ub\u00f3stwie boso chodzili do miast i\u00a0wsi g\u0142osi\u0107 Ewangeli\u0119 \u015bwi\u0119t\u0105. Skutek by\u0142 o\u00a0wiele pomy\u015blniejszy a\u00a0Dominik okaza\u0142 si\u0119 najroztropniejszym i\u00a0najszcz\u0119\u015bliwszym w\u00a0dziele nawracania zb\u0142\u0105kanych. Niezad\u0142ugo jednak niespodziany cios spotka\u0142 pobo\u017cnych w\u00a0winnicy Pa\u0144skiej pracuj\u0105cych robotnik\u00f3w. Biskup Diego musia\u0142 wr\u00f3ci\u0107 do dyecezyi; dwunastu Opat\u00f3w uleg\u0142szy trudom i\u00a0mozo\u0142om, posz\u0142o wypocz\u0105\u0107 w\u00a0swych klasztorach, a\u00a0legat papieski Piotr poni\u00f3s\u0142 \u015bmier\u0107 z\u00a0r\u0119ki zagorzalc\u00f3w kacerskich.<\/p>\n\n\n\n<p class=\"has-text-align-justify wp-block-paragraph\">Morderstwo to zapali\u0142o krwaw\u0105 wojn\u0119, w\u00a0kt\u00f3rej obie strony dopuszcza\u0142y si\u0119 jak najohydniejszych okrucie\u0144stw. Dominik, nienawidz\u0105cy wojny i\u00a0wy\u017cszy ponad wszelkie nami\u0119tno\u015bci, wytrwa\u0142 w\u00a0swem Apostolstwie.<\/p>\n\n\n\n<p class=\"has-text-align-justify wp-block-paragraph\">Skoro po zdobyciu Tuluzy miecze schowano do pochew, Dominik z\u00a0kilku towarzyszami po\u015bpieszy\u0142 do tego miasta, g\u0142\u00f3wnej siedziby kacerzy, aby na nowo podj\u0105\u0107 dzie\u0142o nawracania. Praca jednak\u017ce przewy\u017csza\u0142a si\u0142y jego; nieuctwo bowiem i\u00a0zdziczenie ni\u017cszych warstw ludno\u015bci nies\u0142ychanych dosi\u0119g\u0142o rozmiar\u00f3w. W\u00a0k\u0142opotliwem tem po\u0142o\u017ceniu pocieszycielk\u0105 jego by\u0142a Matka Boska, kt\u00f3ra \u2014 jak podanie g\u0142osi \u2014 objawi\u0142a mu si\u0119 i\u00a0nauczy\u0142a go R\u00f3\u017ca\u0144ca \u015bwi\u0119tego. Pokrzepion na duchu, wyja\u015bni\u0142 Dominik ludowi Tajemnice R\u00f3\u017ca\u0144ca\u00a0\u015bw., odmawia\u0142 go posopo\u0142u z\u00a0nim i\u00a0jak najzbawienniejsze osi\u0119gn\u0105\u0142 skutki.<\/p>\n\n\n\n<p class=\"has-text-align-justify wp-block-paragraph\">Ciesz\u0105c si\u0119 z\u00a0tego, umy\u015bli\u0142 za\u0142o\u017cy\u0107 zakon, kt\u00f3ry zbrojny nauk\u0105 i\u00a0mod\u0142ami mia\u0142 si\u0119 odda\u0107 na pos\u0142ugi Ko\u015bcio\u0142a. Po\u015bpieszy\u0142 przeto do Rzymu, aby wyb\u0142aga\u0107 u\u00a0Papie\u017ca b\u0142ogos\u0142awie\u0144stwo dla swego przedsi\u0119wzi\u0119cia. Gdy Papie\u017c plan jego potwierdzi\u0142, obiega\u0142a wie\u015b\u0107, \u017ce Ojciec\u00a0\u015bw. poprzednio widzia\u0142 we \u015bnie chwiej\u0105cy si\u0119 ko\u015bci\u00f3\u0142 Latera\u0144ski i\u00a0Dominika, kt\u00f3ry silnemi ramiony utrzymywa\u0142 jego upadek. Dominik i\u00a0wsp\u00f3\u0142pracownicy postanowili rz\u0105dzi\u0107 si\u0119 regu\u0142\u0105 \u015bwi\u0119tego Augustyna, uzupe\u0142niwszy j\u0105 kilku dodatkami, jakich wymaga\u0142 cel ich stowarzyszenia i\u00a0otrzyma\u0142 zatwierdzenie ko\u015bcielne z\u00a0r\u0105k Papie\u017ca Honoryusza\u00a0III w\u00a0roku 1217. W\u00a0dzie\u0144 Wniebowzi\u0119cia Naj\u015bw. Maryi Panny tego samego roku z\u0142o\u017cyli uroczyste \u015bluby, a\u00a0stowarzyszenie swoje nazwali \u201eZakonem Kaznodziejskim.\u201c<\/p>\n\n\n\n<p class=\"has-text-align-justify wp-block-paragraph\">Po d\u0142ugim dopiero oporze zgodzi\u0142 si\u0119 na to, a\u017ceby go obrano pierwszym genera\u0142em\u00a0zakonu. G\u0142\u00f3wnem jego staraniem by\u0142o pozak\u0142adanie klasztor\u00f3w po miastach, w\u00a0kt\u00f3rych istnia\u0142y uniwersytety, jak np. w\u00a0Pary\u017cu, Rzymie i\u00a0Bolonii. Mia\u0142 bowiem niez\u0142omne przekonanie, \u017ce pobo\u017cno\u015b\u0107 wtedy tylko wielkich rzeczy dokaza\u0107 mo\u017ce, je\u015bli jest po\u0142\u0105czona z\u00a0gruntown\u0105 nauk\u0105. Z\u00a0nies\u0142ychan\u0105 i\u00a0niepoj\u0119t\u0105 szybko\u015bci\u0105 zwiedzi\u0142 nast\u0119pnie Francy\u0119, W\u0142ochy i\u00a0Hiszpani\u0119, wsz\u0119dzie zjednywa\u0142 sobie wielu uczni\u00f3w, m\u0142odzie\u0144c\u00f3w odznaczaj\u0105cych si\u0119 talentem i\u00a0charakterem, zak\u0142ada\u0142 klasztory, i\u00a0dawa\u0142 m\u0105dre rady, jak w\u00a0ka\u017cdem miejscu najskuteczniej zadosy\u0107uczyni\u0107 nale\u017cy potrzebom religijnym. Do cud\u00f3w nieomal zaliczy\u0107 nale\u017cy, \u017ce w\u00a0przeci\u0105gu lat czterech zakon Dominika\u0144ski rozkrzewi\u0142 si\u0119 po ca\u0142ej chrze\u015bcija\u0144skiej Europie, a\u00a0na generalnej kapitule w\u00a0Bolonii roku\u00a01221 trzeba by\u0142o szeroko rozsiane klasztory podzieli\u0107 na o\u015bm prowincyi.<br>\u2009Spe\u0142ni\u0142 wi\u0119c \u015bwi\u0119ty Dominik, co uwa\u017ca\u0142 za zadanie swego \u017cywota, ale praca wyczerpa\u0142a si\u0142y cia\u0142a jego i\u00a0pr\u0119dzej, ni\u017c si\u0119 nale\u017ca\u0142o, zbli\u017cy\u0142 si\u0119 kres dni jego. Wszystkich braci, kt\u00f3rzy otaczali jego \u0142o\u017ce, wylewaj\u0105c \u0142zy smutku i\u00a0bole\u015bci, po\u017cegna\u0142 czule nast\u0119puj\u0105cemi s\u0142owy: \u201eMi\u0142ujcie si\u0119 nawzajem, zachowajcie pokor\u0119, nie rozstawajcie si\u0119 nigdy z\u00a0ub\u00f3stwem; nie p\u0142aczcie o\u00a0mnie, bowiem za niczem tu na ziemi nie t\u0119skni\u0119, a\u00a0tam wysoko na wi\u0119cej wam si\u0119\u00a0przydam\u201c. Potem ulecia\u0142a dusza jego w\u00a0Niebiosa dnia 4\u00a0sierpnia 1221\u00a0r. Ju\u017c po dwunastu latach zaliczy\u0142 go Papie\u017c Grzegorz\u00a0IX w\u00a0poczet \u015awi\u0119tych.<\/p>\n\n\n\n<h2 class=\"wp-block-heading\"><br><strong>Nauka moralna.<\/strong><\/h2>\n\n\n\n<p class=\"has-text-align-justify wp-block-paragraph\">\u2009\u015awi\u0119ty Dominik zwalcza\u0142 dlatego tak gorliwie kacerstwo, gdy\u017c odszczepie\u0144stwo jest najwi\u0119kszem nieszcz\u0119\u015bciem i\u00a0utrapieniem \u015bwiata chrze\u015bcija\u0144skiego.<\/p>\n\n\n\n<p class=\"has-text-align-justify wp-block-paragraph\">Prawda objawiona przez Boga jest tylko jedn\u0105, tak jak jeden tylko jest B\u00f3g. Jeden tylko jest Ko\u015bci\u00f3\u0142, w\u00a0kt\u00f3rym B\u00f3g z\u0142o\u017cy\u0142 t\u0119 prawd\u0119 i\u00a0przez kt\u00f3ry ludziom j\u0105 og\u0142asza; Jeden tylko jest Jezus Chrystus i\u00a0m\u00f3wi tylko o\u00a0jednym Ko\u015bciele, kt\u00f3ry jest dzie\u0142em Jego. \u015awi\u0119ty Pawe\u0142 powiada: \u201eJeden Pan,\u00a0jedna wiara,\u00a0jeden B\u00f3g i\u00a0Ojciec wszystkich.\u201c (<a href=\"https:\/\/pl.wikisource.org\/wiki\/Biblia_Wujka_(1923)\/List_do_Efezjan_(ca%C5%82o%C5%9B%C4%87)#4:5\">Ef. 4, 5\u20146<\/a>). Tym Ko\u015bcio\u0142em o\u015bwieconym przez Ducha \u015bwi\u0119tego, str\u00f3\u017cem ca\u0142kowitej prawdy, jest Ko\u015bci\u00f3\u0142 katolicki; on jest g\u0142osicielem tej prawdy. Kto z\u00a0tych prawd, niezb\u0119dnie do zbawienia potrzebnych, cho\u0107by jedn\u0119 tylko odrzuca, a\u00a0czyni to rozmy\u015blnie i\u00a0uporczywie, kto przy odrzuconym przez Ko\u015bci\u00f3\u0142 dogmacie lub artykule wiary obstaje i\u00a0uporczywie go broni, jest kacerzem. Jest on martw\u0105 odro\u015bl\u0105, odpad\u0142\u0105 od cia\u0142a Chrystusowego, nie uczestniczy w\u00a0\u0142askach, kt\u00f3rych szafarzem jest Ko\u015bci\u00f3\u0142, a\u00a0je\u017celi rozmy\u015blnie trwa w\u00a0b\u0142\u0119dzie, wtedy dusza jego jest stracon\u0105.<\/p>\n\n\n\n<p class=\"has-text-align-justify wp-block-paragraph\">Ale smutny ten los spotyka tylko tych, co umy\u015blnie i\u00a0uporczywie odrzucaj\u0105 artyku\u0142y wiary Ko\u015bcio\u0142a katolickiego. Tacy za\u015b, kt\u00f3rzy bez winy stoj\u0105 poza obr\u0119bem Ko\u015bcio\u0142a, ale przytem szczerze i\u00a0uczciwie pragn\u0105 prawdy i\u00a0wed\u0142ug mo\u017cno\u015bci przykaza\u0144 Boskich przestrzegaj\u0105, tacy s\u0105 wewn\u0119trznie cz\u0142onkami Ko\u015bcio\u0142a; chocia\u017c niewidzialnymi i\u00a0mog\u0105 osi\u0119gn\u0105\u0107 zbawienie duszy.<\/p>\n\n\n\n<p class=\"has-text-align-justify wp-block-paragraph\">Ale i\u00a0niewinnie w b\u0119dzie zostaj\u0105cy s\u0105 w\u00a0niekorzystnem po\u0142o\u017ceniu wobec prawdziwych cz\u0142onk\u00f3w Ko\u015bcio\u0142a Chrystusowego. Nie tylko bowiem b\u0142\u0105d ich przeszkadza im w\u00a0d\u0105\u017ceniu do doskona\u0142o\u015bci, nie tylko staje im si\u0119 bod\u017acem i\u00a0zach\u0119t\u0105 do niejednego grzechu, ale s\u0105 oni pozbawieni nadto wielu i\u00a0to najsilniejszych \u0142ask, kt\u00f3remi rozporz\u0105dza Ko\u015bci\u00f3\u0142, jak np. Ofiary Mszy \u015bwi\u0119tej, Sakramentu Cia\u0142a i\u00a0Krwi Pa\u0144skiej, rozgrzeszenia kap\u0142a\u0144skiego, ostatnich Sakrament\u00f3w i\u00a0odpust\u00f3w. Tacy niewinnie b\u0142\u0105dz\u0105cy, pozbawieni nieomylnej gwiazdy przewodniej, kt\u00f3raby kierowa\u0142a ich krokami, staj\u0105 si\u0119 cz\u0119stokro\u0107 \u0142upem oszust\u00f3w, kt\u00f3rzy zamykaj\u0105 im oczy na prawd\u0119, wiod\u0105 ich na manowce i\u00a0przyprawiaj\u0105 o zgub\u0119, jak to widzieli\u015bmy u\u00a0albigens\u00f3w, za kt\u00f3rych \u015bw.\u00a0Dominik ci\u0105gle wznosi\u0142 mod\u0142y do Boga, czyni\u0142 pokut\u0119, i\u00a0kt\u00f3rych kazaniami i\u00a0nauczaniem chcia\u0142 zwr\u00f3ci\u0107 na \u0142ono Ko\u015bcio\u0142a katolickiego.<\/p>\n\n\n\n<p class=\"has-text-align-justify wp-block-paragraph\">Dzi\u0119kujmy przeto wszyscy, kt\u00f3rzy jeste\u015bmy cz\u0142onkami tego Ko\u015bcio\u0142a, \u017ce nam B\u00f3g pozwoli\u0142 do niego nale\u017ce\u0107; pozosta\u0144my wiernymi wierze, nie dajmy si\u0119 sprowadzi\u0107 na manowce ani namowom, ani pismom przewrotnym, mianowicie takim, kt\u00f3re pod pozorem prawdy staraj\u0105 si\u0119 wszczepi\u0107 jad kacerstwa. Kacerze staraj\u0105 si\u0119 szerzy\u0107 b\u0142\u0119dy i\u00a0nak\u0142ania\u0107 katolik\u00f3w do wyrzeczenia si\u0119\u00a0wiary. W tym celu wydaj\u0105 broszurki i drobne pisemka i rozdzielaj\u0105 je mi\u0119dzy lud prosty. Tre\u015bci\u0105 i celem tych pisemek jest wy\u015bmiewanie, przekr\u0119canie i zniewa\u017canie nauk i obrz\u0119d\u00f3w naszego Ko\u015bcio\u0142a. Je\u017celi si\u0119 dostanie takie pi\u015bmid\u0142o do r\u0105k naszych, nie czytajmy go; zanie\u015bmy je do swego proboszcza lub spowiednika, i zapytajmy go o zdanie. Pr\u00f3cz tego nie zaniechajmy modli\u0107 si\u0119 o nawr\u00f3cenie niewiernych i starajmy si\u0119 przyczyni\u0107 do tego nawr\u00f3cenia \u017cyciem bogobojnem, dobrymi uczynkami i szczer\u0105 mi\u0142o\u015bci\u0105 bli\u017aniego.<\/p>\n\n\n\n<h2 class=\"wp-block-heading\"><br><strong>Modlitwa.<\/strong><\/h2>\n\n\n\n<blockquote class=\"wp-block-quote is-layout-flow wp-block-quote-is-layout-flow\"><p>\u2009Bo\u017ce, kt\u00f3ry\u015b Ko\u015bci\u00f3\u0142 Tw\u00f3j \u015bwi\u0119ty, zas\u0142ugami i Apostolsk\u0105 prac\u0105 \u015bw. Dominika, Wyznawcy Twojego, u\u015bwietni\u0107 raczy\u0142, spraw mi\u0142o\u015bciwie, aby za po\u015brednictwem jego nie brak\u0142o temu\u017c Ko\u015bcio\u0142owi i doczesnej pomocy i aby si\u0119 on coraz bardziej wzbogaca\u0142 w dobra duchowne. Przez Pana naszego Jezusa Chrystusa, kt\u00f3ry kr\u00f3luje w Niebie i na ziemi, po wszystkie wieki wiek\u00f3w. A.<\/p><\/blockquote>\n\n\n\n<figure class=\"wp-block-table\"><table><tbody><tr><td>\u2217&nbsp;&nbsp;&nbsp;&nbsp;&nbsp;&nbsp;&nbsp;&nbsp;&nbsp;&nbsp;&nbsp;&nbsp;&nbsp;&nbsp;&nbsp;&nbsp;&nbsp;&nbsp;&nbsp;&nbsp;\u2217<br>\u2217<\/td><\/tr><\/tbody><\/table><\/figure>\n\n\n\n<p class=\"wp-block-paragraph\">\u2009<em>Opr\u00f3cz tego obchodzi Ko\u015bci\u00f3\u0142 \u015bwi\u0119ty pami\u0105tk\u0119 nast\u0119puj\u0105cych \u015awi\u0119tych Pa\u0144skich, zamieszczonych w rzymskiem martyrologium:<\/em><\/p>\n\n\n\n<p class=\"has-text-align-justify wp-block-paragraph\">\u2009<strong>Dnia 4-go sierpnia<\/strong>&nbsp;w Bolonii uroczysto\u015b\u0107 \u015bw.&nbsp;Dominika, Wyznawcy, za\u0142o\u017cyciela zakonu kaznodziejskiego, m\u0119\u017ca s\u0142awnego wielce \u015bwi\u0119tobliwo\u015bci\u0105 i wiedz\u0105. Niewinno\u015b\u0107 zyskan\u0105 na Chrzcie \u015bw. zachowa\u0142 do ko\u0144ca \u017cycia i dla szczeg\u00f3lnych zas\u0142ug sta\u0142 si\u0119 godnym wskrzeszenia trzech umar\u0142ych. Skoro moc\u0105 s\u0142owa swego powstrzyma\u0142 herezy\u0119 i sta\u0142 si\u0119 dla wielu wiernym przewodnikiem w prowadzeniu bogobojnego i \u015bwi\u0119tobliwego \u017cycia, zasn\u0105\u0142 spokojnie w Panu dnia 6 b. m.; Papie\u017c Pawe\u0142 IV ustanowi\u0142 jednak dzie\u0144 4-go jako uroczysto\u015b\u0107. \u2014 W Tessalonice m\u0119cze\u0144stwo \u015bw.&nbsp;Arystarcha, ucznia i sta\u0142ego towarzysza \u015bw. Paw\u0142a, Aposto\u0142a, o kt\u00f3rym ten\u017ce pisa\u0142&nbsp;<a href=\"https:\/\/pl.wikisource.org\/wiki\/Biblia_Wujka_(1923)\/List_do_Kolosan_(ca%C5%82o%C5%9B%C4%87)#4:10\">do Kolossan<\/a>: \u201ePozdrawia was Arystarchus, kt\u00f3ry jest wsp\u00f3\u0142wi\u0119zie\u0144 m\u00f3j.\u201c Zosta\u0142 przez tego\u017c samego Aposto\u0142a wy\u015bwi\u0119cony na Biskupa Tessaloniki i wreszcie, gdy przetrwa\u0142 za cesarza Nerona wiele walk, zeszed\u0142 z tego \u015bwiata, aby odebra\u0107 koron\u0119 niebiesk\u0105 od Chrystusa. \u2014 W Rzymie przy Via Latina \u015bmier\u0107 m\u0119cze\u0144ska \u015bw.&nbsp;Tertullina, Kap\u0142ana z czas\u00f3w cesarza Waleryana; obito go knutami, przypalano boki pochodniami, uciskano g\u0142ow\u0119, rozci\u0105gano na torturach i biczowano rzemieniami. Wreszcie skazany zosta\u0142 wyrokiem s\u0119dziego na \u015bci\u0119cie. \u2014 W Konstantynopolu uroczysto\u015b\u0107 \u015bw.&nbsp;Eleuteryusza, Senatora, zabitego pod cesarzem Maksymianem za wiar\u0119 w Chrystusa. \u2014 W Persyi m\u0119cze\u0144stwo \u015bwi\u0119tej&nbsp;Ja z towarzyszkami, kt\u00f3re z 9000&nbsp;pojmanych chrze\u015bcijan&nbsp;pomordowane zosta\u0142y na r\u00f3\u017cny spos\u00f3b przez kr\u00f3la Sapora. \u2014 W Kolonii pami\u0105tka \u015bw.&nbsp;Protazego, M\u0119czennika. \u2014 W Weronie uroczysto\u015b\u0107 \u015bw.&nbsp;Agabiusza, Biskupa i Wyznawcy. \u2014 W Tours pami\u0105tka \u015bw.&nbsp;Eufroniusza, Biskupa. \u2014 W Rzymie uroczysto\u015b\u0107 \u015bwi\u0119tej&nbsp;Perpetuy; ochrzcona przez Piotra, Aposto\u0142a, nawr\u00f3ci\u0142a syna swego Nazaryusza i ma\u0142\u017conka Afrykana, pogrzeba\u0142a tak\u017ce wiele cia\u0142 \u015bw. M\u0119czennik\u00f3w i zasn\u0119\u0142a wreszcie obfita w zas\u0142ugi spokojnie w Panu.<\/p>","protected":false},"excerpt":{"rendered":"<p>(\u017by\u0142 oko\u0142o roku Pa\u0144skiego 1221). W\u015br\u00f3d szcz\u0119ku or\u0119\u017ca i\u00a0wypraw krzy\u017cowc\u00f3w do Palestyny religijne wychowanie na Zachodzie w\u00a0niekt\u00f3rych krajach wielce by\u0142o zaniedbane. Jak grzyby wyrasta\u0142y kacerstwa i\u00a0pod nazw\u0105 Albigens\u00f3w \u0142\u0105czyli si\u0119 odszczepie\u0144cy w\u00a0\u015blepej nienawi\u015bci przeciw Ko\u015bcio\u0142owi katolickiemu. W\u00a0tym samym czasie dorasta\u0142 w\u00a0mie\u015bcie Calarnega w\u00a0Hiszpanii uzdolniony ch\u0142opiec Dominik, syn pobo\u017cnych rodzic\u00f3w, obrany przez Opatrzno\u015b\u0107, aby zgorszenie odszczepie\u0144stwa [&hellip;]<\/p>\n","protected":false},"author":60508433,"featured_media":51411,"comment_status":"open","ping_status":"open","sticky":false,"template":"","format":"standard","meta":{"_bbp_topic_count":0,"_bbp_reply_count":0,"_bbp_total_topic_count":0,"_bbp_total_reply_count":0,"_bbp_voice_count":0,"_bbp_anonymous_reply_count":0,"_bbp_topic_count_hidden":0,"_bbp_reply_count_hidden":0,"_bbp_forum_subforum_count":0,"_editorskit_title_hidden":false,"_editorskit_reading_time":5,"_editorskit_is_block_options_detached":false,"_editorskit_block_options_position":"{}","_coblocks_attr":"","_coblocks_dimensions":"","_coblocks_responsive_height":"","_coblocks_accordion_ie_support":"","_exactmetrics_skip_tracking":false,"_jetpack_newsletter_access":"","_jetpack_dont_email_post_to_subs":false,"_jetpack_newsletter_tier_id":0,"_jetpack_memberships_contains_paywalled_content":false,"_wpcom_ai_launchpad_first_post":false,"_jetpack_feature_clip_id":0,"_jetpack_memberships_contains_paid_content":false,"footnotes":"","jetpack_publicize_message":"{title}\n\n{excerpt}\n\n{url}","jetpack_publicize_feature_enabled":true,"jetpack_social_post_already_shared":true,"jetpack_social_options":{"image_generator_settings":{"template":"highway","default_image_id":0,"font":"","enabled":false},"version":2},"_wpas_customize_per_network":false,"jetpack_post_was_ever_published":false},"categories":[610131823,336375535],"tags":[],"class_list":["post-51406","post","type-post","status-publish","format-standard","has-post-thumbnail","hentry","category-swieta-w-sierpniu","category-liturgia-i-liturgika"],"yoast_head":"<!-- This site is optimized with the Yoast SEO plugin v28.4 - https:\/\/yoast.com\/product\/yoast-seo-wordpress\/ -->\n<title>4-go Sierpnia. \u017bywot \u015bwi\u0119tego Dominika, Zakonodawcy. - Tradycja i Wiara<\/title>\n<meta name=\"robots\" content=\"index, follow, max-snippet:-1, max-image-preview:large, max-video-preview:-1\" \/>\n<link rel=\"canonical\" href=\"https:\/\/wobronietradycjiiwiary.com\/en\/4-go-sierpnia-zywot-swietego-dominika-zakonodawcy\/\" \/>\n<meta property=\"og:locale\" content=\"en_US\" \/>\n<meta property=\"og:type\" content=\"article\" \/>\n<meta property=\"og:title\" content=\"4-go Sierpnia. \u017bywot \u015bwi\u0119tego Dominika, Zakonodawcy. - Tradycja i Wiara\" \/>\n<meta property=\"og:description\" content=\"(\u017by\u0142 oko\u0142o roku Pa\u0144skiego 1221). W\u015br\u00f3d szcz\u0119ku or\u0119\u017ca i\u00a0wypraw krzy\u017cowc\u00f3w do Palestyny religijne wychowanie na Zachodzie w\u00a0niekt\u00f3rych krajach wielce by\u0142o zaniedbane. Jak grzyby wyrasta\u0142y kacerstwa i\u00a0pod nazw\u0105 Albigens\u00f3w \u0142\u0105czyli si\u0119 odszczepie\u0144cy w\u00a0\u015blepej nienawi\u015bci przeciw Ko\u015bcio\u0142owi katolickiemu. W\u00a0tym samym czasie dorasta\u0142 w\u00a0mie\u015bcie Calarnega w\u00a0Hiszpanii uzdolniony ch\u0142opiec Dominik, syn pobo\u017cnych rodzic\u00f3w, obrany przez Opatrzno\u015b\u0107, aby zgorszenie odszczepie\u0144stwa [&hellip;]\" \/>\n<meta property=\"og:url\" content=\"https:\/\/wobronietradycjiiwiary.com\/en\/4-go-sierpnia-zywot-swietego-dominika-zakonodawcy\/\" \/>\n<meta property=\"og:site_name\" content=\"Tradycja i Wiara\" \/>\n<meta property=\"article:publisher\" content=\"https:\/\/www.facebook.com\/Tradycja-i-Wiara-108813920592249\" \/>\n<meta property=\"article:published_time\" content=\"2021-08-04T06:15:00+00:00\" \/>\n<meta property=\"article:modified_time\" content=\"2025-02-10T10:16:13+00:00\" \/>\n<meta property=\"og:image\" content=\"https:\/\/wobronietradycjiiwiary.com\/wp-content\/uploads\/2021\/08\/Dominik-1.jpg\" \/>\n\t<meta property=\"og:image:width\" content=\"464\" \/>\n\t<meta property=\"og:image:height\" content=\"600\" \/>\n\t<meta property=\"og:image:type\" content=\"image\/jpeg\" \/>\n<meta name=\"author\" content=\"Traditio et Fides\" \/>\n<meta name=\"twitter:card\" content=\"summary_large_image\" \/>\n<meta name=\"twitter:label1\" content=\"Written by\" \/>\n\t<meta name=\"twitter:data1\" content=\"Traditio et Fides\" \/>\n\t<meta name=\"twitter:label2\" content=\"Est. reading time\" \/>\n\t<meta name=\"twitter:data2\" content=\"7 minutes\" \/>\n<script type=\"application\/ld+json\" class=\"yoast-schema-graph\">{\"@context\":\"https:\\\/\\\/schema.org\",\"@graph\":[{\"@type\":\"Article\",\"@id\":\"https:\\\/\\\/wobronietradycjiiwiary.com\\\/4-go-sierpnia-zywot-swietego-dominika-zakonodawcy\\\/#article\",\"isPartOf\":{\"@id\":\"https:\\\/\\\/wobronietradycjiiwiary.com\\\/4-go-sierpnia-zywot-swietego-dominika-zakonodawcy\\\/\"},\"author\":{\"name\":\"Traditio et Fides\",\"@id\":\"https:\\\/\\\/wobronietradycjiiwiary.com\\\/pl\\\/#\\\/schema\\\/person\\\/2d6180ce6abcb681fef0daab7816e8f3\"},\"headline\":\"4-go Sierpnia. \u017bywot \u015bwi\u0119tego Dominika, Zakonodawcy.\",\"datePublished\":\"2021-08-04T06:15:00+00:00\",\"dateModified\":\"2025-02-10T10:16:13+00:00\",\"mainEntityOfPage\":{\"@id\":\"https:\\\/\\\/wobronietradycjiiwiary.com\\\/4-go-sierpnia-zywot-swietego-dominika-zakonodawcy\\\/\"},\"wordCount\":1973,\"commentCount\":0,\"publisher\":{\"@id\":\"https:\\\/\\\/wobronietradycjiiwiary.com\\\/pl\\\/#organization\"},\"image\":{\"@id\":\"https:\\\/\\\/wobronietradycjiiwiary.com\\\/4-go-sierpnia-zywot-swietego-dominika-zakonodawcy\\\/#primaryimage\"},\"thumbnailUrl\":\"https:\\\/\\\/wobronietradycjiiwiary.com\\\/wp-content\\\/uploads\\\/2021\\\/08\\\/Dominik-1.jpg\",\"articleSection\":[\"08. \u015awi\u0119ta w sierpniu\",\"Liturgia i liturgika\"],\"inLanguage\":\"en-US\",\"potentialAction\":[{\"@type\":\"CommentAction\",\"name\":\"Comment\",\"target\":[\"https:\\\/\\\/wobronietradycjiiwiary.com\\\/4-go-sierpnia-zywot-swietego-dominika-zakonodawcy\\\/#respond\"]}]},{\"@type\":\"WebPage\",\"@id\":\"https:\\\/\\\/wobronietradycjiiwiary.com\\\/4-go-sierpnia-zywot-swietego-dominika-zakonodawcy\\\/\",\"url\":\"https:\\\/\\\/wobronietradycjiiwiary.com\\\/4-go-sierpnia-zywot-swietego-dominika-zakonodawcy\\\/\",\"name\":\"4-go Sierpnia. \u017bywot \u015bwi\u0119tego Dominika, Zakonodawcy. - Tradycja i Wiara\",\"isPartOf\":{\"@id\":\"https:\\\/\\\/wobronietradycjiiwiary.com\\\/pl\\\/#website\"},\"primaryImageOfPage\":{\"@id\":\"https:\\\/\\\/wobronietradycjiiwiary.com\\\/4-go-sierpnia-zywot-swietego-dominika-zakonodawcy\\\/#primaryimage\"},\"image\":{\"@id\":\"https:\\\/\\\/wobronietradycjiiwiary.com\\\/4-go-sierpnia-zywot-swietego-dominika-zakonodawcy\\\/#primaryimage\"},\"thumbnailUrl\":\"https:\\\/\\\/wobronietradycjiiwiary.com\\\/wp-content\\\/uploads\\\/2021\\\/08\\\/Dominik-1.jpg\",\"datePublished\":\"2021-08-04T06:15:00+00:00\",\"dateModified\":\"2025-02-10T10:16:13+00:00\",\"breadcrumb\":{\"@id\":\"https:\\\/\\\/wobronietradycjiiwiary.com\\\/4-go-sierpnia-zywot-swietego-dominika-zakonodawcy\\\/#breadcrumb\"},\"inLanguage\":\"en-US\",\"potentialAction\":[{\"@type\":\"ReadAction\",\"target\":[\"https:\\\/\\\/wobronietradycjiiwiary.com\\\/4-go-sierpnia-zywot-swietego-dominika-zakonodawcy\\\/\"]}]},{\"@type\":\"ImageObject\",\"inLanguage\":\"en-US\",\"@id\":\"https:\\\/\\\/wobronietradycjiiwiary.com\\\/4-go-sierpnia-zywot-swietego-dominika-zakonodawcy\\\/#primaryimage\",\"url\":\"https:\\\/\\\/wobronietradycjiiwiary.com\\\/wp-content\\\/uploads\\\/2021\\\/08\\\/Dominik-1.jpg\",\"contentUrl\":\"https:\\\/\\\/wobronietradycjiiwiary.com\\\/wp-content\\\/uploads\\\/2021\\\/08\\\/Dominik-1.jpg\",\"width\":464,\"height\":600},{\"@type\":\"BreadcrumbList\",\"@id\":\"https:\\\/\\\/wobronietradycjiiwiary.com\\\/4-go-sierpnia-zywot-swietego-dominika-zakonodawcy\\\/#breadcrumb\",\"itemListElement\":[{\"@type\":\"ListItem\",\"position\":1,\"name\":\"Strona g\u0142\u00f3wna\",\"item\":\"https:\\\/\\\/wobronietradycjiiwiary.com\\\/\"},{\"@type\":\"ListItem\",\"position\":2,\"name\":\"4-go Sierpnia. \u017bywot \u015bwi\u0119tego Dominika, Zakonodawcy.\"}]},{\"@type\":\"WebSite\",\"@id\":\"https:\\\/\\\/wobronietradycjiiwiary.com\\\/pl\\\/#website\",\"url\":\"https:\\\/\\\/wobronietradycjiiwiary.com\\\/pl\\\/\",\"name\":\"Tradycja i Wiara\",\"description\":\"Portal dla katolik\u00f3w.\",\"publisher\":{\"@id\":\"https:\\\/\\\/wobronietradycjiiwiary.com\\\/pl\\\/#organization\"},\"potentialAction\":[{\"@type\":\"SearchAction\",\"target\":{\"@type\":\"EntryPoint\",\"urlTemplate\":\"https:\\\/\\\/wobronietradycjiiwiary.com\\\/pl\\\/?s={search_term_string}\"},\"query-input\":{\"@type\":\"PropertyValueSpecification\",\"valueRequired\":true,\"valueName\":\"search_term_string\"}}],\"inLanguage\":\"en-US\"},{\"@type\":\"Organization\",\"@id\":\"https:\\\/\\\/wobronietradycjiiwiary.com\\\/pl\\\/#organization\",\"name\":\"Tradycja i Wiara\",\"url\":\"https:\\\/\\\/wobronietradycjiiwiary.com\\\/pl\\\/\",\"logo\":{\"@type\":\"ImageObject\",\"inLanguage\":\"en-US\",\"@id\":\"https:\\\/\\\/wobronietradycjiiwiary.com\\\/pl\\\/#\\\/schema\\\/logo\\\/image\\\/\",\"url\":\"https:\\\/\\\/i0.wp.com\\\/wobronietradycjiiwiary.com\\\/wp-content\\\/uploads\\\/2015\\\/10\\\/cropped-st-peters-dome-vatican.jpg?fit=940%2C198&ssl=1\",\"contentUrl\":\"https:\\\/\\\/i0.wp.com\\\/wobronietradycjiiwiary.com\\\/wp-content\\\/uploads\\\/2015\\\/10\\\/cropped-st-peters-dome-vatican.jpg?fit=940%2C198&ssl=1\",\"width\":940,\"height\":198,\"caption\":\"Tradycja i Wiara\"},\"image\":{\"@id\":\"https:\\\/\\\/wobronietradycjiiwiary.com\\\/pl\\\/#\\\/schema\\\/logo\\\/image\\\/\"},\"sameAs\":[\"https:\\\/\\\/www.facebook.com\\\/Tradycja-i-Wiara-108813920592249\"]},{\"@type\":\"Person\",\"@id\":\"https:\\\/\\\/wobronietradycjiiwiary.com\\\/pl\\\/#\\\/schema\\\/person\\\/2d6180ce6abcb681fef0daab7816e8f3\",\"name\":\"Traditio et Fides\",\"sameAs\":[\"https:\\\/\\\/traditionundglauben.com\"],\"url\":\"https:\\\/\\\/wobronietradycjiiwiary.com\\\/en\\\/author\\\/wobronietradycjiiwiary\\\/\"}]}<\/script>\n<!-- \/ Yoast SEO plugin. -->","yoast_head_json":{"title":"4-go Sierpnia. \u017bywot \u015bwi\u0119tego Dominika, Zakonodawcy. - Tradycja i Wiara","robots":{"index":"index","follow":"follow","max-snippet":"max-snippet:-1","max-image-preview":"max-image-preview:large","max-video-preview":"max-video-preview:-1"},"canonical":"https:\/\/wobronietradycjiiwiary.com\/en\/4-go-sierpnia-zywot-swietego-dominika-zakonodawcy\/","og_locale":"en_US","og_type":"article","og_title":"4-go Sierpnia. \u017bywot \u015bwi\u0119tego Dominika, Zakonodawcy. - Tradycja i Wiara","og_description":"(\u017by\u0142 oko\u0142o roku Pa\u0144skiego 1221). W\u015br\u00f3d szcz\u0119ku or\u0119\u017ca i\u00a0wypraw krzy\u017cowc\u00f3w do Palestyny religijne wychowanie na Zachodzie w\u00a0niekt\u00f3rych krajach wielce by\u0142o zaniedbane. Jak grzyby wyrasta\u0142y kacerstwa i\u00a0pod nazw\u0105 Albigens\u00f3w \u0142\u0105czyli si\u0119 odszczepie\u0144cy w\u00a0\u015blepej nienawi\u015bci przeciw Ko\u015bcio\u0142owi katolickiemu. W\u00a0tym samym czasie dorasta\u0142 w\u00a0mie\u015bcie Calarnega w\u00a0Hiszpanii uzdolniony ch\u0142opiec Dominik, syn pobo\u017cnych rodzic\u00f3w, obrany przez Opatrzno\u015b\u0107, aby zgorszenie odszczepie\u0144stwa [&hellip;]","og_url":"https:\/\/wobronietradycjiiwiary.com\/en\/4-go-sierpnia-zywot-swietego-dominika-zakonodawcy\/","og_site_name":"Tradycja i Wiara","article_publisher":"https:\/\/www.facebook.com\/Tradycja-i-Wiara-108813920592249","article_published_time":"2021-08-04T06:15:00+00:00","article_modified_time":"2025-02-10T10:16:13+00:00","og_image":[{"width":464,"height":600,"url":"https:\/\/wobronietradycjiiwiary.com\/wp-content\/uploads\/2021\/08\/Dominik-1.jpg","type":"image\/jpeg"}],"author":"Traditio et Fides","twitter_card":"summary_large_image","twitter_misc":{"Written by":"Traditio et Fides","Est. reading time":"7 minutes"},"schema":{"@context":"https:\/\/schema.org","@graph":[{"@type":"Article","@id":"https:\/\/wobronietradycjiiwiary.com\/4-go-sierpnia-zywot-swietego-dominika-zakonodawcy\/#article","isPartOf":{"@id":"https:\/\/wobronietradycjiiwiary.com\/4-go-sierpnia-zywot-swietego-dominika-zakonodawcy\/"},"author":{"name":"Traditio et Fides","@id":"https:\/\/wobronietradycjiiwiary.com\/pl\/#\/schema\/person\/2d6180ce6abcb681fef0daab7816e8f3"},"headline":"4-go Sierpnia. \u017bywot \u015bwi\u0119tego Dominika, Zakonodawcy.","datePublished":"2021-08-04T06:15:00+00:00","dateModified":"2025-02-10T10:16:13+00:00","mainEntityOfPage":{"@id":"https:\/\/wobronietradycjiiwiary.com\/4-go-sierpnia-zywot-swietego-dominika-zakonodawcy\/"},"wordCount":1973,"commentCount":0,"publisher":{"@id":"https:\/\/wobronietradycjiiwiary.com\/pl\/#organization"},"image":{"@id":"https:\/\/wobronietradycjiiwiary.com\/4-go-sierpnia-zywot-swietego-dominika-zakonodawcy\/#primaryimage"},"thumbnailUrl":"https:\/\/wobronietradycjiiwiary.com\/wp-content\/uploads\/2021\/08\/Dominik-1.jpg","articleSection":["08. \u015awi\u0119ta w sierpniu","Liturgia i liturgika"],"inLanguage":"en-US","potentialAction":[{"@type":"CommentAction","name":"Comment","target":["https:\/\/wobronietradycjiiwiary.com\/4-go-sierpnia-zywot-swietego-dominika-zakonodawcy\/#respond"]}]},{"@type":"WebPage","@id":"https:\/\/wobronietradycjiiwiary.com\/4-go-sierpnia-zywot-swietego-dominika-zakonodawcy\/","url":"https:\/\/wobronietradycjiiwiary.com\/4-go-sierpnia-zywot-swietego-dominika-zakonodawcy\/","name":"4-go Sierpnia. \u017bywot \u015bwi\u0119tego Dominika, Zakonodawcy. - Tradycja i Wiara","isPartOf":{"@id":"https:\/\/wobronietradycjiiwiary.com\/pl\/#website"},"primaryImageOfPage":{"@id":"https:\/\/wobronietradycjiiwiary.com\/4-go-sierpnia-zywot-swietego-dominika-zakonodawcy\/#primaryimage"},"image":{"@id":"https:\/\/wobronietradycjiiwiary.com\/4-go-sierpnia-zywot-swietego-dominika-zakonodawcy\/#primaryimage"},"thumbnailUrl":"https:\/\/wobronietradycjiiwiary.com\/wp-content\/uploads\/2021\/08\/Dominik-1.jpg","datePublished":"2021-08-04T06:15:00+00:00","dateModified":"2025-02-10T10:16:13+00:00","breadcrumb":{"@id":"https:\/\/wobronietradycjiiwiary.com\/4-go-sierpnia-zywot-swietego-dominika-zakonodawcy\/#breadcrumb"},"inLanguage":"en-US","potentialAction":[{"@type":"ReadAction","target":["https:\/\/wobronietradycjiiwiary.com\/4-go-sierpnia-zywot-swietego-dominika-zakonodawcy\/"]}]},{"@type":"ImageObject","inLanguage":"en-US","@id":"https:\/\/wobronietradycjiiwiary.com\/4-go-sierpnia-zywot-swietego-dominika-zakonodawcy\/#primaryimage","url":"https:\/\/wobronietradycjiiwiary.com\/wp-content\/uploads\/2021\/08\/Dominik-1.jpg","contentUrl":"https:\/\/wobronietradycjiiwiary.com\/wp-content\/uploads\/2021\/08\/Dominik-1.jpg","width":464,"height":600},{"@type":"BreadcrumbList","@id":"https:\/\/wobronietradycjiiwiary.com\/4-go-sierpnia-zywot-swietego-dominika-zakonodawcy\/#breadcrumb","itemListElement":[{"@type":"ListItem","position":1,"name":"Strona g\u0142\u00f3wna","item":"https:\/\/wobronietradycjiiwiary.com\/"},{"@type":"ListItem","position":2,"name":"4-go Sierpnia. \u017bywot \u015bwi\u0119tego Dominika, Zakonodawcy."}]},{"@type":"WebSite","@id":"https:\/\/wobronietradycjiiwiary.com\/pl\/#website","url":"https:\/\/wobronietradycjiiwiary.com\/pl\/","name":"Tradycja i Wiara","description":"Portal dla katolik\u00f3w.","publisher":{"@id":"https:\/\/wobronietradycjiiwiary.com\/pl\/#organization"},"potentialAction":[{"@type":"SearchAction","target":{"@type":"EntryPoint","urlTemplate":"https:\/\/wobronietradycjiiwiary.com\/pl\/?s={search_term_string}"},"query-input":{"@type":"PropertyValueSpecification","valueRequired":true,"valueName":"search_term_string"}}],"inLanguage":"en-US"},{"@type":"Organization","@id":"https:\/\/wobronietradycjiiwiary.com\/pl\/#organization","name":"Tradycja i Wiara","url":"https:\/\/wobronietradycjiiwiary.com\/pl\/","logo":{"@type":"ImageObject","inLanguage":"en-US","@id":"https:\/\/wobronietradycjiiwiary.com\/pl\/#\/schema\/logo\/image\/","url":"https:\/\/i0.wp.com\/wobronietradycjiiwiary.com\/wp-content\/uploads\/2015\/10\/cropped-st-peters-dome-vatican.jpg?fit=940%2C198&ssl=1","contentUrl":"https:\/\/i0.wp.com\/wobronietradycjiiwiary.com\/wp-content\/uploads\/2015\/10\/cropped-st-peters-dome-vatican.jpg?fit=940%2C198&ssl=1","width":940,"height":198,"caption":"Tradycja i Wiara"},"image":{"@id":"https:\/\/wobronietradycjiiwiary.com\/pl\/#\/schema\/logo\/image\/"},"sameAs":["https:\/\/www.facebook.com\/Tradycja-i-Wiara-108813920592249"]},{"@type":"Person","@id":"https:\/\/wobronietradycjiiwiary.com\/pl\/#\/schema\/person\/2d6180ce6abcb681fef0daab7816e8f3","name":"Traditio et Fides","sameAs":["https:\/\/traditionundglauben.com"],"url":"https:\/\/wobronietradycjiiwiary.com\/en\/author\/wobronietradycjiiwiary\/"}]}},"jetpack_publicize_connections":[],"jetpack_sharing_enabled":true,"jetpack_likes_enabled":true,"jetpack_shortlink":"https:\/\/wp.me\/pc04Sd-dn8","jetpack-related-posts":[{"id":59094,"url":"https:\/\/wobronietradycjiiwiary.com\/en\/bankiet-w-kosciele-lub-profanacji-ciag-dalszy\/","url_meta":{"origin":51406,"position":0},"title":"Bankiet w ko\u015bciele lub profanacji ci\u0105g dalszy","author":"Traditio et Fides","date":"21 December 2021","format":false,"excerpt":"Poniewa\u017c Novus Ordo jest uczt\u0105, tote\u017c obecne bankiety w ko\u015bcio\u0142ach nie dziwi\u0105. To prosta konsekwencja.","rel":"","context":"In &quot;Ad 3) 5. Rola Jungmanna&quot;","block_context":{"text":"Ad 3) 5. Rola Jungmanna","link":"https:\/\/wobronietradycjiiwiary.com\/en\/category\/doktryna\/teologia-liturgii\/byrne-doktryna\/byrne\/komentarze-do-byrne\/ad-3-pius-xii-ku-zagladzie-komentarze-do-byrne\/ad-3-5-rola-jungmanna-ad-3-pius-xii-ku-zagladzie-komentarze-do-byrne\/"},"img":{"alt_text":"","src":"https:\/\/i0.wp.com\/wobronietradycjiiwiary.com\/wp-content\/uploads\/2021\/12\/37102840.jpg?resize=350%2C200&ssl=1","width":350,"height":200,"srcset":"https:\/\/i0.wp.com\/wobronietradycjiiwiary.com\/wp-content\/uploads\/2021\/12\/37102840.jpg?resize=350%2C200&ssl=1 1x, https:\/\/i0.wp.com\/wobronietradycjiiwiary.com\/wp-content\/uploads\/2021\/12\/37102840.jpg?resize=525%2C300&ssl=1 1.5x, https:\/\/i0.wp.com\/wobronietradycjiiwiary.com\/wp-content\/uploads\/2021\/12\/37102840.jpg?resize=700%2C400&ssl=1 2x"},"classes":[]},{"id":8862,"url":"https:\/\/wobronietradycjiiwiary.com\/en\/aktualne-modlitwy-odpustowe-odpusty-zatwierdzone-dla-polski\/","url_meta":{"origin":51406,"position":1},"title":"Aktualne modlitwy odpustowe &#8211; Odpusty zatwierdzone dla Polski","author":"Traditio et Fides","date":"3 May 2016","format":false,"excerpt":"Podajemy kolejne, aktualne modlitwy odpustowe. Odmawiaj\u0105c je: z intencj\u0105 pozyskania odpustu, w duchu skruszonym mo\u017cna pomniejszy\u0107 swoje kary doczesne za wyspowiadane grzechy lub te\u017c pom\u00f3c duszom w czy\u015bccu cierpi\u0105cych zdobywaj\u0105c dla nich te odpusty. Zatroszczmy si\u0119 sami za \u017cycia o nasze miejsce w czy\u015bccu, bo nie wiemy, czy po naszej\u2026","rel":"","context":"In &quot;Modlitwy odpustowe&quot;","block_context":{"text":"Modlitwy odpustowe","link":"https:\/\/wobronietradycjiiwiary.com\/en\/category\/doktryna\/teologia-dogmatyczna\/odpusty-sakramenty\/modlitwy-odpustowe\/"},"img":{"alt_text":"","src":"https:\/\/i0.wp.com\/wobronietradycjiiwiary.com\/wp-content\/uploads\/2015\/12\/fra_angelico_024-scaled.jpg?resize=350%2C200&ssl=1","width":350,"height":200,"srcset":"https:\/\/i0.wp.com\/wobronietradycjiiwiary.com\/wp-content\/uploads\/2015\/12\/fra_angelico_024-scaled.jpg?resize=350%2C200&ssl=1 1x, https:\/\/i0.wp.com\/wobronietradycjiiwiary.com\/wp-content\/uploads\/2015\/12\/fra_angelico_024-scaled.jpg?resize=525%2C300&ssl=1 1.5x, https:\/\/i0.wp.com\/wobronietradycjiiwiary.com\/wp-content\/uploads\/2015\/12\/fra_angelico_024-scaled.jpg?resize=700%2C400&ssl=1 2x, https:\/\/i0.wp.com\/wobronietradycjiiwiary.com\/wp-content\/uploads\/2015\/12\/fra_angelico_024-scaled.jpg?resize=1050%2C600&ssl=1 3x, https:\/\/i0.wp.com\/wobronietradycjiiwiary.com\/wp-content\/uploads\/2015\/12\/fra_angelico_024-scaled.jpg?resize=1400%2C800&ssl=1 4x"},"classes":[]},{"id":11682,"url":"https:\/\/wobronietradycjiiwiary.com\/en\/ks-martin-lugmayr-fssp-historia-obrzedu-udzielania-komunii-swietej-2-z-4\/","url_meta":{"origin":51406,"position":2},"title":"Ks. Martin Lugmayr FSSP, Historia obrz\u0119du udzielania Komunii \u015bwi\u0119tej (2 z 4)","author":"Traditio et Fides","date":"24 March 2017","format":false,"excerpt":"3. Obrz\u0119d Komunii w dziejach 1) Miejsce rozdzielania Komunii Prezbiterium by\u0142o oddzielone od reszty ko\u015bcio\u0142a przez przegrod\u0119 s\u0142u\u017c\u0105c\u0105 za zas\u0142on\u0119, kt\u00f3rej kszta\u0142t zmienia\u0142 si\u0119 w ci\u0105gu historii. [\u015awiadczy o tym poni\u017cszy o\u0142tarz z zas\u0142onami z VI wieku znajduj\u0105cy si\u0119 w muzeum historycznym na Krecie. Red.]. Duchowni przyjmowali Komuni\u0119 \u015bw. przy\u2026","rel":"","context":"In &quot;Komunia \u015aw.&quot;","block_context":{"text":"Komunia \u015aw.","link":"https:\/\/wobronietradycjiiwiary.com\/en\/category\/doktryna\/teologia-dogmatyczna\/sakramenty-teologia\/komunia-sw\/"},"img":{"alt_text":"","src":"https:\/\/i0.wp.com\/wobronietradycjiiwiary.com\/wp-content\/uploads\/2017\/03\/komunia-na-rc499kc499.jpg?resize=350%2C200&ssl=1","width":350,"height":200,"srcset":"https:\/\/i0.wp.com\/wobronietradycjiiwiary.com\/wp-content\/uploads\/2017\/03\/komunia-na-rc499kc499.jpg?resize=350%2C200&ssl=1 1x, https:\/\/i0.wp.com\/wobronietradycjiiwiary.com\/wp-content\/uploads\/2017\/03\/komunia-na-rc499kc499.jpg?resize=525%2C300&ssl=1 1.5x"},"classes":[]},{"id":5625,"url":"https:\/\/wobronietradycjiiwiary.com\/en\/5625\/","url_meta":{"origin":51406,"position":3},"title":"Jacek Schmidt, Jeszcze o ruchu oazowym (1 z 2)","author":"Traditio et Fides","date":"13 May 2015","format":false,"excerpt":"Artyku\u0142 by\u0142ego oazowicza Jacka Schmidta jest kolejnym spojrzeniem na ruch oazowy z punktu widzenia tradycji lub tradycjonalizmu, bo zamieszczony w Zawsze wierni Bractwa \u015bw. Piusa X. Artyku\u0142 jest obiektywny i dobrze udokumentowany \u017ar\u00f3d\u0142owo i dlatego go tutaj zamieszczamy. Z du\u017cym zainteresowaniem zapozna\u0142em si\u0119 z opublikowanymi w Zawsze wierni dwoma artyku\u0142ami\u2026","rel":"","context":"In &quot;Ko\u015bci\u00f3\u0142 posoborowy&quot;","block_context":{"text":"Ko\u015bci\u00f3\u0142 posoborowy","link":"https:\/\/wobronietradycjiiwiary.com\/en\/category\/polemika\/kosciol-posoborowy\/"},"img":{"alt_text":"","src":"https:\/\/i0.wp.com\/wobronietradycjiiwiary.com\/wp-content\/uploads\/2015\/04\/theorbo.jpg?resize=350%2C200&ssl=1","width":350,"height":200,"srcset":"https:\/\/i0.wp.com\/wobronietradycjiiwiary.com\/wp-content\/uploads\/2015\/04\/theorbo.jpg?resize=350%2C200&ssl=1 1x, https:\/\/i0.wp.com\/wobronietradycjiiwiary.com\/wp-content\/uploads\/2015\/04\/theorbo.jpg?resize=525%2C300&ssl=1 1.5x, https:\/\/i0.wp.com\/wobronietradycjiiwiary.com\/wp-content\/uploads\/2015\/04\/theorbo.jpg?resize=700%2C400&ssl=1 2x"},"classes":[]},{"id":9937,"url":"https:\/\/wobronietradycjiiwiary.com\/en\/pawel-milcarek-posoborowa-reforma-liturgiczna-z-perspektywy-polwiecza-3-implanty\/","url_meta":{"origin":51406,"position":4},"title":"Pawe\u0142 Milcarek, Posoborowa reforma liturgiczna z perspektywy p\u00f3\u0142wiecza 3 z 5. Implanty","author":"Traditio et Fides","date":"13 August 2016","format":false,"excerpt":"\u201eImplanty\u201d Liturgiczne \u201eprzeszczepy\u201d nie by\u0142y jedyn\u0105 odmian\u0105 wymiany centralnych sk\u0142adnik\u00f3w w reformowanych obrz\u0119dach. Stosowano tak\u017ce zabieg zast\u0119powania dotychczasowych sk\u0142adnik\u00f3w przez elementy konstruowane na bie\u017c\u0105co, do tej pory nieznane \u017cadnej kulturze liturgicznej. Nawi\u0105zuj\u0105c do ju\u017c u\u017cywanej analogii medycznej, mo\u017cemy je nazwa\u0107 \u201eimplantami\u201d. Jako pierwszy taki przypadek wymie\u0144my to, co sta\u0142o si\u0119\u2026","rel":"","context":"In &quot;Pawe\u0142 Milcarek&quot;","block_context":{"text":"Pawe\u0142 Milcarek","link":"https:\/\/wobronietradycjiiwiary.com\/en\/category\/polemika\/autorzy-polemiczni\/pawel-milcarek\/"},"img":{"alt_text":"messe bauern","src":"https:\/\/i0.wp.com\/wobronietradycjiiwiary.com\/wp-content\/uploads\/2016\/08\/messe-bauern.jpg?resize=350%2C200&ssl=1","width":350,"height":200},"classes":[]},{"id":2626,"url":"https:\/\/wobronietradycjiiwiary.com\/en\/medjugorie-kosciol-juz-sie-wypowiedzial-negatywnie\/","url_meta":{"origin":51406,"position":5},"title":"Medjugorje: Ko\u015bci\u00f3\u0142 si\u0119 ju\u017c wypowiedzia\u0142 &#8211; negatywnie. O\u015bwiadczenie biskupa miejsca. (1 z 4)","author":"Traditio et Fides","date":"9 November 2014","format":false,"excerpt":"W\u015br\u00f3d zwolennik\u00f3w rzekomych objawie\u0144 w Medjugorje, do kt\u00f3rych nale\u017cy tak\u017ce sporo ksi\u0119\u017cy, g\u0142\u00f3wnie proweniencji charyzmatycznej, napotka\u0107 mo\u017cna stwierdzenie powtarzane niby mantra, \u017ce \u201eKo\u015bci\u00f3\u0142 si\u0119 jeszcze nie wypowiedzia\u0142\u201d i dlatego mo\u017cna zar\u00f3wno przyjmowa\u0107 autentyczno\u015b\u0107 tych objawie\u0144 jak i do Medjugorje je\u017adzi\u0107. Zwa\u017caj\u0105c na fakt, i\u017c rzekome objawienia trwaj\u0105 od 1981 roku,\u2026","rel":"","context":"In &quot;Biskup miejsca o Medjugorje&quot;","block_context":{"text":"Biskup miejsca o Medjugorje","link":"https:\/\/wobronietradycjiiwiary.com\/en\/category\/polemika\/kosciol-posoborowy\/nowe-ruchy-w-kosciele\/medjugorie\/biskup-miejsca\/"},"img":{"alt_text":"","src":"https:\/\/i0.wp.com\/wobronietradycjiiwiary.com\/wp-content\/uploads\/2020\/04\/133e8a2ee9e722e62c12c861d27671b9.jpg?resize=350%2C200&ssl=1","width":350,"height":200},"classes":[]}],"amp_enabled":true,"jetpack_featured_media_url":"https:\/\/wobronietradycjiiwiary.com\/wp-content\/uploads\/2021\/08\/Dominik-1.jpg","_links":{"self":[{"href":"https:\/\/wobronietradycjiiwiary.com\/en\/wp-json\/wp\/v2\/posts\/51406","targetHints":{"allow":["GET"]}}],"collection":[{"href":"https:\/\/wobronietradycjiiwiary.com\/en\/wp-json\/wp\/v2\/posts"}],"about":[{"href":"https:\/\/wobronietradycjiiwiary.com\/en\/wp-json\/wp\/v2\/types\/post"}],"author":[{"embeddable":true,"href":"https:\/\/wobronietradycjiiwiary.com\/en\/wp-json\/wp\/v2\/users\/60508433"}],"replies":[{"embeddable":true,"href":"https:\/\/wobronietradycjiiwiary.com\/en\/wp-json\/wp\/v2\/comments?post=51406"}],"version-history":[{"count":1,"href":"https:\/\/wobronietradycjiiwiary.com\/en\/wp-json\/wp\/v2\/posts\/51406\/revisions"}],"predecessor-version":[{"id":77993,"href":"https:\/\/wobronietradycjiiwiary.com\/en\/wp-json\/wp\/v2\/posts\/51406\/revisions\/77993"}],"wp:featuredmedia":[{"embeddable":true,"href":"https:\/\/wobronietradycjiiwiary.com\/en\/wp-json\/wp\/v2\/media\/51411"}],"wp:attachment":[{"href":"https:\/\/wobronietradycjiiwiary.com\/en\/wp-json\/wp\/v2\/media?parent=51406"}],"wp:term":[{"taxonomy":"category","embeddable":true,"href":"https:\/\/wobronietradycjiiwiary.com\/en\/wp-json\/wp\/v2\/categories?post=51406"},{"taxonomy":"post_tag","embeddable":true,"href":"https:\/\/wobronietradycjiiwiary.com\/en\/wp-json\/wp\/v2\/tags?post=51406"}],"curies":[{"name":"wp","href":"https:\/\/api.w.org\/{rel}","templated":true}]}}