{"id":51207,"date":"2021-07-27T16:18:27","date_gmt":"2021-07-27T14:18:27","guid":{"rendered":"https:\/\/wobronietradycjiiwiary.com\/?p=51207"},"modified":"2026-08-25T15:50:34","modified_gmt":"2026-08-25T13:50:34","slug":"cos-drgnelo-w-holandii-lub-wystapienie-biskupa-mutsaertsa","status":"publish","type":"post","link":"https:\/\/wobronietradycjiiwiary.com\/en\/cos-drgnelo-w-holandii-lub-wystapienie-biskupa-mutsaertsa\/","title":{"rendered":"&#8220;Co\u015b drgn\u0119\u0142o w Holandii&#8221; lub wyst\u0105pienie biskupa Mutsaertsa"},"content":{"rendered":"<div id=\"bsf_rt_marker\"><\/div><p>Przedstawione poni\u017cej w t\u0142umaczeniu automatycznym z angielskiego wyst\u0105pienie holenderskiego biskupa sufragana Roba Mutsaertsa jest nies\u0142ychanie ostre i bezkompromisowe. Tak pisali&hellip;<\/p>\n<div style=\"text-align: center\">\n<p>&nbsp;<\/p>\n<\/div>\n<h2 style=\"border: 5px solid #0000A0;padding: 1em;text-align: center\"><span style=\"color: #000000\">Pe\u0142en dost\u0119p dla <span style=\"color: #00ccff\"><a style=\"color: #00ccff\" href=\"https:\/\/wobronietradycjiiwiary.com\/en\/subskrypcje-2\/\" target=\"_blank\" rel=\"noopener\">subskrybent\u00f3w<\/a><\/span>.<\/span><br \/>\n<span style=\"color: #3366ff\"><a style=\"color: #3366ff\" href=\"https:\/\/wobronietradycjiiwiary.com\/en\/account\/login\/\" target=\"_blank\" rel=\"noopener\"><span style=\"color: #00ccff\">Zaloguj<\/span><\/a> <\/span>si\u0119 lub przejd\u017a do <a href=\"https:\/\/wobronietradycjiiwiary.com\/en\/register\/\"><span style=\"color: #3366ff\">Rejestracji<\/span><\/a>.<\/h2>\n<div>\n<p style=\"text-align: center\"><a href=\"https:\/\/wobronietradycjiiwiary.com\/en\/subskrypcje-2\/cennik\/\" target=\"_blank\" rel=\"noopener\"><span style=\"color: #000080;font-size: 24pt\"><strong>Nowe ni\u017csze ceny<\/strong><\/span><\/a><\/p>\n<p style=\"text-align: center\"><strong><span style=\"font-size: 18pt;color: #000080\">P\u0142atno\u015b\u0107 kart\u0105<\/span><\/strong><\/p>\n<\/div>\n<h3 style=\"text-align: center\"><a href=\"https:\/\/wobronietradycjiiwiary.com\/en\/subskrypcje-2\/automatyczne\/indywidualne\/\" target=\"_blank\" rel=\"noopener\"><img fetchpriority=\"high\" decoding=\"async\" class=\"alignnone size-medium wp-image-80433\" src=\"https:\/\/wobronietradycjiiwiary.com\/wp-content\/uploads\/2022\/11\/Unbenannt-1-Online-1-300x202.jpg\" alt=\"\" width=\"300\" height=\"202\" srcset=\"https:\/\/wobronietradycjiiwiary.com\/wp-content\/uploads\/2022\/11\/Unbenannt-1-Online-1-300x202.jpg 300w, https:\/\/wobronietradycjiiwiary.com\/wp-content\/uploads\/2022\/11\/Unbenannt-1-Online-1-150x101.jpg 150w, https:\/\/wobronietradycjiiwiary.com\/wp-content\/uploads\/2022\/11\/Unbenannt-1-Online-1-18x12.jpg 18w, https:\/\/wobronietradycjiiwiary.com\/wp-content\/uploads\/2022\/11\/Unbenannt-1-Online-1.jpg 446w\" sizes=\"(max-width: 300px) 100vw, 300px\" \/><\/a><\/h3>\n<p style=\"text-align: center\"><strong><span style=\"font-size: 18pt;color: #000080\">P\u0142atno\u015b\u0107 przelewem<\/span><\/strong><\/p>\n<p><a href=\"https:\/\/wobronietradycjiiwiary.com\/en\/subskrypcje-2\/automatyczne\/indywidualne\/\" target=\"_blank\" rel=\"noopener\"><img decoding=\"async\" class=\"size-medium wp-image-80434 aligncenter\" src=\"https:\/\/wobronietradycjiiwiary.com\/wp-content\/uploads\/2022\/11\/Unbenannt-1-Przelewem-300x137.jpg\" alt=\"\" width=\"300\" height=\"137\" srcset=\"https:\/\/wobronietradycjiiwiary.com\/wp-content\/uploads\/2022\/11\/Unbenannt-1-Przelewem-300x137.jpg 300w, https:\/\/wobronietradycjiiwiary.com\/wp-content\/uploads\/2022\/11\/Unbenannt-1-Przelewem-450x206.jpg 450w, https:\/\/wobronietradycjiiwiary.com\/wp-content\/uploads\/2022\/11\/Unbenannt-1-Przelewem-600x274.jpg 600w, https:\/\/wobronietradycjiiwiary.com\/wp-content\/uploads\/2022\/11\/Unbenannt-1-Przelewem-150x69.jpg 150w, https:\/\/wobronietradycjiiwiary.com\/wp-content\/uploads\/2022\/11\/Unbenannt-1-Przelewem-18x8.jpg 18w, https:\/\/wobronietradycjiiwiary.com\/wp-content\/uploads\/2022\/11\/Unbenannt-1-Przelewem.jpg 676w\" sizes=\"(max-width: 300px) 100vw, 300px\" \/><\/a><\/p>\n<p style=\"text-align: center\"><strong><span style=\"font-size: 18pt;color: #000080\">P\u0142atno\u015b\u0107 kart\u0105 do 6 os\u00f3b<\/span><\/strong><\/p>\n<p><a href=\"https:\/\/wobronietradycjiiwiary.com\/en\/rodzinne\/\" target=\"_blank\" rel=\"noopener\"><img decoding=\"async\" class=\"size-medium wp-image-80435 aligncenter\" src=\"https:\/\/wobronietradycjiiwiary.com\/wp-content\/uploads\/2022\/11\/Unbenannt-1-Rodzinna-300x208.jpg\" alt=\"\" width=\"300\" height=\"208\" srcset=\"https:\/\/wobronietradycjiiwiary.com\/wp-content\/uploads\/2022\/11\/Unbenannt-1-Rodzinna-300x208.jpg 300w, https:\/\/wobronietradycjiiwiary.com\/wp-content\/uploads\/2022\/11\/Unbenannt-1-Rodzinna-150x104.jpg 150w, https:\/\/wobronietradycjiiwiary.com\/wp-content\/uploads\/2022\/11\/Unbenannt-1-Rodzinna-18x12.jpg 18w, https:\/\/wobronietradycjiiwiary.com\/wp-content\/uploads\/2022\/11\/Unbenannt-1-Rodzinna.jpg 448w\" sizes=\"(max-width: 300px) 100vw, 300px\" \/><\/a><\/p>\n<h3 style=\"text-align: center\"><\/h3>\n<h1 style=\"text-align: center\"><\/h1>","protected":false},"excerpt":{"rendered":"<p>Holenderski biskup ma wszystkiego do\u015b\u0107 i bardzo ostro krytykuje Franciszka. Tak ostro pisali dotychczas blogerzy, a zaczynaj\u0105 biskupi. Wiosna idzie? Tym raze od Zachodu, nie od Wschodu. <\/p>","protected":false},"author":60508433,"featured_media":51212,"comment_status":"open","ping_status":"open","sticky":false,"template":"","format":"standard","meta":{"_bbp_topic_count":0,"_bbp_reply_count":0,"_bbp_total_topic_count":0,"_bbp_total_reply_count":0,"_bbp_voice_count":0,"_bbp_anonymous_reply_count":0,"_bbp_topic_count_hidden":0,"_bbp_reply_count_hidden":0,"_bbp_forum_subforum_count":0,"_editorskit_title_hidden":false,"_editorskit_reading_time":4,"_editorskit_is_block_options_detached":false,"_editorskit_block_options_position":"{}","_coblocks_attr":"","_coblocks_dimensions":"","_coblocks_responsive_height":"","_coblocks_accordion_ie_support":"","_exactmetrics_skip_tracking":false,"_jetpack_newsletter_access":"","_jetpack_dont_email_post_to_subs":false,"_jetpack_newsletter_tier_id":0,"_jetpack_memberships_contains_paywalled_content":false,"_wpcom_ai_launchpad_first_post":false,"_jetpack_feature_clip_id":0,"_jetpack_memberships_contains_paid_content":false,"footnotes":"","jetpack_publicize_message":"{title}\n\n{excerpt}\n\n{url}","jetpack_publicize_feature_enabled":true,"jetpack_social_post_already_shared":true,"jetpack_social_options":{"image_generator_settings":{"template":"highway","default_image_id":0,"font":"","enabled":false},"version":2},"_wpas_customize_per_network":false,"jetpack_post_was_ever_published":false},"categories":[610136334,610132590],"tags":[610132133],"class_list":["post-51207","post","type-post","status-publish","format-standard","has-post-thumbnail","hentry","category-bp-mutsaerts","category-traditionis-custodes","tag-restricted"],"yoast_head":"<!-- This site is optimized with the Yoast SEO plugin v28.4 - https:\/\/yoast.com\/product\/yoast-seo-wordpress\/ -->\n<title>&quot;Co\u015b drgn\u0119\u0142o w Holandii&quot; lub wyst\u0105pienie biskupa Mutsaertsa - Tradycja i Wiara<\/title>\n<meta name=\"robots\" content=\"index, follow, max-snippet:-1, max-image-preview:large, max-video-preview:-1\" \/>\n<link rel=\"canonical\" href=\"https:\/\/wobronietradycjiiwiary.com\/en\/cos-drgnelo-w-holandii-lub-wystapienie-biskupa-mutsaertsa\/\" \/>\n<meta property=\"og:locale\" content=\"en_US\" \/>\n<meta property=\"og:type\" content=\"article\" \/>\n<meta property=\"og:title\" content=\"&quot;Co\u015b drgn\u0119\u0142o w Holandii&quot; lub wyst\u0105pienie biskupa Mutsaertsa - Tradycja i Wiara\" \/>\n<meta property=\"og:description\" content=\"Holenderski biskup ma wszystkiego do\u015b\u0107 i bardzo ostro krytykuje Franciszka. Tak ostro pisali dotychczas blogerzy, a zaczynaj\u0105 biskupi. Wiosna idzie? Tym raze od Zachodu, nie od Wschodu.\" \/>\n<meta property=\"og:url\" content=\"https:\/\/wobronietradycjiiwiary.com\/en\/cos-drgnelo-w-holandii-lub-wystapienie-biskupa-mutsaertsa\/\" \/>\n<meta property=\"og:site_name\" content=\"Tradycja i Wiara\" \/>\n<meta property=\"article:publisher\" content=\"https:\/\/www.facebook.com\/Tradycja-i-Wiara-108813920592249\" \/>\n<meta property=\"article:published_time\" content=\"2021-07-27T14:18:27+00:00\" \/>\n<meta property=\"article:modified_time\" content=\"2026-08-25T13:50:34+00:00\" \/>\n<meta property=\"og:image\" content=\"https:\/\/wobronietradycjiiwiary.com\/wp-content\/uploads\/2021\/07\/Saint_Michael_and_the_Dragon.jpg\" \/>\n\t<meta property=\"og:image:width\" content=\"516\" \/>\n\t<meta property=\"og:image:height\" content=\"534\" \/>\n\t<meta property=\"og:image:type\" content=\"image\/jpeg\" \/>\n<meta name=\"author\" content=\"Traditio et Fides\" \/>\n<meta name=\"twitter:card\" content=\"summary_large_image\" \/>\n<meta name=\"twitter:label1\" content=\"Written by\" \/>\n\t<meta name=\"twitter:data1\" content=\"Traditio et Fides\" \/>\n\t<meta name=\"twitter:label2\" content=\"Est. reading time\" \/>\n\t<meta name=\"twitter:data2\" content=\"7 minutes\" \/>\n<script type=\"application\/ld+json\" class=\"yoast-schema-graph\">{\"@context\":\"https:\\\/\\\/schema.org\",\"@graph\":[{\"@type\":\"Article\",\"@id\":\"https:\\\/\\\/wobronietradycjiiwiary.com\\\/cos-drgnelo-w-holandii-lub-wystapienie-biskupa-mutsaertsa\\\/#article\",\"isPartOf\":{\"@id\":\"https:\\\/\\\/wobronietradycjiiwiary.com\\\/cos-drgnelo-w-holandii-lub-wystapienie-biskupa-mutsaertsa\\\/\"},\"author\":{\"name\":\"Traditio et Fides\",\"@id\":\"https:\\\/\\\/wobronietradycjiiwiary.com\\\/pl\\\/#\\\/schema\\\/person\\\/2d6180ce6abcb681fef0daab7816e8f3\"},\"headline\":\"&#8220;Co\u015b drgn\u0119\u0142o w Holandii&#8221; lub wyst\u0105pienie biskupa Mutsaertsa\",\"datePublished\":\"2021-07-27T14:18:27+00:00\",\"dateModified\":\"2026-08-25T13:50:34+00:00\",\"mainEntityOfPage\":{\"@id\":\"https:\\\/\\\/wobronietradycjiiwiary.com\\\/cos-drgnelo-w-holandii-lub-wystapienie-biskupa-mutsaertsa\\\/\"},\"wordCount\":1494,\"commentCount\":15,\"publisher\":{\"@id\":\"https:\\\/\\\/wobronietradycjiiwiary.com\\\/pl\\\/#organization\"},\"image\":{\"@id\":\"https:\\\/\\\/wobronietradycjiiwiary.com\\\/cos-drgnelo-w-holandii-lub-wystapienie-biskupa-mutsaertsa\\\/#primaryimage\"},\"thumbnailUrl\":\"https:\\\/\\\/wobronietradycjiiwiary.com\\\/wp-content\\\/uploads\\\/2021\\\/07\\\/Saint_Michael_and_the_Dragon.jpg\",\"keywords\":[\"Restricted\"],\"articleSection\":[\"Bp. Mutsaerts\",\"Traditionis Custodes\"],\"inLanguage\":\"en-US\",\"potentialAction\":[{\"@type\":\"CommentAction\",\"name\":\"Comment\",\"target\":[\"https:\\\/\\\/wobronietradycjiiwiary.com\\\/cos-drgnelo-w-holandii-lub-wystapienie-biskupa-mutsaertsa\\\/#respond\"]}]},{\"@type\":\"WebPage\",\"@id\":\"https:\\\/\\\/wobronietradycjiiwiary.com\\\/cos-drgnelo-w-holandii-lub-wystapienie-biskupa-mutsaertsa\\\/\",\"url\":\"https:\\\/\\\/wobronietradycjiiwiary.com\\\/cos-drgnelo-w-holandii-lub-wystapienie-biskupa-mutsaertsa\\\/\",\"name\":\"\\\"Co\u015b drgn\u0119\u0142o w Holandii\\\" lub wyst\u0105pienie biskupa Mutsaertsa - Tradycja i Wiara\",\"isPartOf\":{\"@id\":\"https:\\\/\\\/wobronietradycjiiwiary.com\\\/pl\\\/#website\"},\"primaryImageOfPage\":{\"@id\":\"https:\\\/\\\/wobronietradycjiiwiary.com\\\/cos-drgnelo-w-holandii-lub-wystapienie-biskupa-mutsaertsa\\\/#primaryimage\"},\"image\":{\"@id\":\"https:\\\/\\\/wobronietradycjiiwiary.com\\\/cos-drgnelo-w-holandii-lub-wystapienie-biskupa-mutsaertsa\\\/#primaryimage\"},\"thumbnailUrl\":\"https:\\\/\\\/wobronietradycjiiwiary.com\\\/wp-content\\\/uploads\\\/2021\\\/07\\\/Saint_Michael_and_the_Dragon.jpg\",\"datePublished\":\"2021-07-27T14:18:27+00:00\",\"dateModified\":\"2026-08-25T13:50:34+00:00\",\"breadcrumb\":{\"@id\":\"https:\\\/\\\/wobronietradycjiiwiary.com\\\/cos-drgnelo-w-holandii-lub-wystapienie-biskupa-mutsaertsa\\\/#breadcrumb\"},\"inLanguage\":\"en-US\",\"potentialAction\":[{\"@type\":\"ReadAction\",\"target\":[\"https:\\\/\\\/wobronietradycjiiwiary.com\\\/cos-drgnelo-w-holandii-lub-wystapienie-biskupa-mutsaertsa\\\/\"]}]},{\"@type\":\"ImageObject\",\"inLanguage\":\"en-US\",\"@id\":\"https:\\\/\\\/wobronietradycjiiwiary.com\\\/cos-drgnelo-w-holandii-lub-wystapienie-biskupa-mutsaertsa\\\/#primaryimage\",\"url\":\"https:\\\/\\\/wobronietradycjiiwiary.com\\\/wp-content\\\/uploads\\\/2021\\\/07\\\/Saint_Michael_and_the_Dragon.jpg\",\"contentUrl\":\"https:\\\/\\\/wobronietradycjiiwiary.com\\\/wp-content\\\/uploads\\\/2021\\\/07\\\/Saint_Michael_and_the_Dragon.jpg\",\"width\":516,\"height\":534},{\"@type\":\"BreadcrumbList\",\"@id\":\"https:\\\/\\\/wobronietradycjiiwiary.com\\\/cos-drgnelo-w-holandii-lub-wystapienie-biskupa-mutsaertsa\\\/#breadcrumb\",\"itemListElement\":[{\"@type\":\"ListItem\",\"position\":1,\"name\":\"Strona g\u0142\u00f3wna\",\"item\":\"https:\\\/\\\/wobronietradycjiiwiary.com\\\/\"},{\"@type\":\"ListItem\",\"position\":2,\"name\":\"&#8222;Co\u015b drgn\u0119\u0142o w Holandii&#8220; lub wyst\u0105pienie biskupa Mutsaertsa\"}]},{\"@type\":\"WebSite\",\"@id\":\"https:\\\/\\\/wobronietradycjiiwiary.com\\\/pl\\\/#website\",\"url\":\"https:\\\/\\\/wobronietradycjiiwiary.com\\\/pl\\\/\",\"name\":\"Tradycja i Wiara\",\"description\":\"Portal dla katolik\u00f3w.\",\"publisher\":{\"@id\":\"https:\\\/\\\/wobronietradycjiiwiary.com\\\/pl\\\/#organization\"},\"potentialAction\":[{\"@type\":\"SearchAction\",\"target\":{\"@type\":\"EntryPoint\",\"urlTemplate\":\"https:\\\/\\\/wobronietradycjiiwiary.com\\\/pl\\\/?s={search_term_string}\"},\"query-input\":{\"@type\":\"PropertyValueSpecification\",\"valueRequired\":true,\"valueName\":\"search_term_string\"}}],\"inLanguage\":\"en-US\"},{\"@type\":\"Organization\",\"@id\":\"https:\\\/\\\/wobronietradycjiiwiary.com\\\/pl\\\/#organization\",\"name\":\"Tradycja i Wiara\",\"url\":\"https:\\\/\\\/wobronietradycjiiwiary.com\\\/pl\\\/\",\"logo\":{\"@type\":\"ImageObject\",\"inLanguage\":\"en-US\",\"@id\":\"https:\\\/\\\/wobronietradycjiiwiary.com\\\/pl\\\/#\\\/schema\\\/logo\\\/image\\\/\",\"url\":\"https:\\\/\\\/i0.wp.com\\\/wobronietradycjiiwiary.com\\\/wp-content\\\/uploads\\\/2015\\\/10\\\/cropped-st-peters-dome-vatican.jpg?fit=940%2C198&ssl=1\",\"contentUrl\":\"https:\\\/\\\/i0.wp.com\\\/wobronietradycjiiwiary.com\\\/wp-content\\\/uploads\\\/2015\\\/10\\\/cropped-st-peters-dome-vatican.jpg?fit=940%2C198&ssl=1\",\"width\":940,\"height\":198,\"caption\":\"Tradycja i Wiara\"},\"image\":{\"@id\":\"https:\\\/\\\/wobronietradycjiiwiary.com\\\/pl\\\/#\\\/schema\\\/logo\\\/image\\\/\"},\"sameAs\":[\"https:\\\/\\\/www.facebook.com\\\/Tradycja-i-Wiara-108813920592249\"]},{\"@type\":\"Person\",\"@id\":\"https:\\\/\\\/wobronietradycjiiwiary.com\\\/pl\\\/#\\\/schema\\\/person\\\/2d6180ce6abcb681fef0daab7816e8f3\",\"name\":\"Traditio et Fides\",\"sameAs\":[\"https:\\\/\\\/traditionundglauben.com\"],\"url\":\"https:\\\/\\\/wobronietradycjiiwiary.com\\\/en\\\/author\\\/wobronietradycjiiwiary\\\/\"}]}<\/script>\n<!-- \/ Yoast SEO plugin. -->","yoast_head_json":{"title":"\"Co\u015b drgn\u0119\u0142o w Holandii\" lub wyst\u0105pienie biskupa Mutsaertsa - Tradycja i Wiara","robots":{"index":"index","follow":"follow","max-snippet":"max-snippet:-1","max-image-preview":"max-image-preview:large","max-video-preview":"max-video-preview:-1"},"canonical":"https:\/\/wobronietradycjiiwiary.com\/en\/cos-drgnelo-w-holandii-lub-wystapienie-biskupa-mutsaertsa\/","og_locale":"en_US","og_type":"article","og_title":"\"Co\u015b drgn\u0119\u0142o w Holandii\" lub wyst\u0105pienie biskupa Mutsaertsa - Tradycja i Wiara","og_description":"Holenderski biskup ma wszystkiego do\u015b\u0107 i bardzo ostro krytykuje Franciszka. Tak ostro pisali dotychczas blogerzy, a zaczynaj\u0105 biskupi. Wiosna idzie? Tym raze od Zachodu, nie od Wschodu.","og_url":"https:\/\/wobronietradycjiiwiary.com\/en\/cos-drgnelo-w-holandii-lub-wystapienie-biskupa-mutsaertsa\/","og_site_name":"Tradycja i Wiara","article_publisher":"https:\/\/www.facebook.com\/Tradycja-i-Wiara-108813920592249","article_published_time":"2021-07-27T14:18:27+00:00","article_modified_time":"2026-08-25T13:50:34+00:00","og_image":[{"width":516,"height":534,"url":"https:\/\/wobronietradycjiiwiary.com\/wp-content\/uploads\/2021\/07\/Saint_Michael_and_the_Dragon.jpg","type":"image\/jpeg"}],"author":"Traditio et Fides","twitter_card":"summary_large_image","twitter_misc":{"Written by":"Traditio et Fides","Est. reading time":"7 minutes"},"schema":{"@context":"https:\/\/schema.org","@graph":[{"@type":"Article","@id":"https:\/\/wobronietradycjiiwiary.com\/cos-drgnelo-w-holandii-lub-wystapienie-biskupa-mutsaertsa\/#article","isPartOf":{"@id":"https:\/\/wobronietradycjiiwiary.com\/cos-drgnelo-w-holandii-lub-wystapienie-biskupa-mutsaertsa\/"},"author":{"name":"Traditio et Fides","@id":"https:\/\/wobronietradycjiiwiary.com\/pl\/#\/schema\/person\/2d6180ce6abcb681fef0daab7816e8f3"},"headline":"&#8220;Co\u015b drgn\u0119\u0142o w Holandii&#8221; lub wyst\u0105pienie biskupa Mutsaertsa","datePublished":"2021-07-27T14:18:27+00:00","dateModified":"2026-08-25T13:50:34+00:00","mainEntityOfPage":{"@id":"https:\/\/wobronietradycjiiwiary.com\/cos-drgnelo-w-holandii-lub-wystapienie-biskupa-mutsaertsa\/"},"wordCount":1494,"commentCount":15,"publisher":{"@id":"https:\/\/wobronietradycjiiwiary.com\/pl\/#organization"},"image":{"@id":"https:\/\/wobronietradycjiiwiary.com\/cos-drgnelo-w-holandii-lub-wystapienie-biskupa-mutsaertsa\/#primaryimage"},"thumbnailUrl":"https:\/\/wobronietradycjiiwiary.com\/wp-content\/uploads\/2021\/07\/Saint_Michael_and_the_Dragon.jpg","keywords":["Restricted"],"articleSection":["Bp. Mutsaerts","Traditionis Custodes"],"inLanguage":"en-US","potentialAction":[{"@type":"CommentAction","name":"Comment","target":["https:\/\/wobronietradycjiiwiary.com\/cos-drgnelo-w-holandii-lub-wystapienie-biskupa-mutsaertsa\/#respond"]}]},{"@type":"WebPage","@id":"https:\/\/wobronietradycjiiwiary.com\/cos-drgnelo-w-holandii-lub-wystapienie-biskupa-mutsaertsa\/","url":"https:\/\/wobronietradycjiiwiary.com\/cos-drgnelo-w-holandii-lub-wystapienie-biskupa-mutsaertsa\/","name":"\"Co\u015b drgn\u0119\u0142o w Holandii\" lub wyst\u0105pienie biskupa Mutsaertsa - Tradycja i Wiara","isPartOf":{"@id":"https:\/\/wobronietradycjiiwiary.com\/pl\/#website"},"primaryImageOfPage":{"@id":"https:\/\/wobronietradycjiiwiary.com\/cos-drgnelo-w-holandii-lub-wystapienie-biskupa-mutsaertsa\/#primaryimage"},"image":{"@id":"https:\/\/wobronietradycjiiwiary.com\/cos-drgnelo-w-holandii-lub-wystapienie-biskupa-mutsaertsa\/#primaryimage"},"thumbnailUrl":"https:\/\/wobronietradycjiiwiary.com\/wp-content\/uploads\/2021\/07\/Saint_Michael_and_the_Dragon.jpg","datePublished":"2021-07-27T14:18:27+00:00","dateModified":"2026-08-25T13:50:34+00:00","breadcrumb":{"@id":"https:\/\/wobronietradycjiiwiary.com\/cos-drgnelo-w-holandii-lub-wystapienie-biskupa-mutsaertsa\/#breadcrumb"},"inLanguage":"en-US","potentialAction":[{"@type":"ReadAction","target":["https:\/\/wobronietradycjiiwiary.com\/cos-drgnelo-w-holandii-lub-wystapienie-biskupa-mutsaertsa\/"]}]},{"@type":"ImageObject","inLanguage":"en-US","@id":"https:\/\/wobronietradycjiiwiary.com\/cos-drgnelo-w-holandii-lub-wystapienie-biskupa-mutsaertsa\/#primaryimage","url":"https:\/\/wobronietradycjiiwiary.com\/wp-content\/uploads\/2021\/07\/Saint_Michael_and_the_Dragon.jpg","contentUrl":"https:\/\/wobronietradycjiiwiary.com\/wp-content\/uploads\/2021\/07\/Saint_Michael_and_the_Dragon.jpg","width":516,"height":534},{"@type":"BreadcrumbList","@id":"https:\/\/wobronietradycjiiwiary.com\/cos-drgnelo-w-holandii-lub-wystapienie-biskupa-mutsaertsa\/#breadcrumb","itemListElement":[{"@type":"ListItem","position":1,"name":"Strona g\u0142\u00f3wna","item":"https:\/\/wobronietradycjiiwiary.com\/"},{"@type":"ListItem","position":2,"name":"&#8222;Co\u015b drgn\u0119\u0142o w Holandii&#8220; lub wyst\u0105pienie biskupa Mutsaertsa"}]},{"@type":"WebSite","@id":"https:\/\/wobronietradycjiiwiary.com\/pl\/#website","url":"https:\/\/wobronietradycjiiwiary.com\/pl\/","name":"Tradycja i Wiara","description":"Portal dla katolik\u00f3w.","publisher":{"@id":"https:\/\/wobronietradycjiiwiary.com\/pl\/#organization"},"potentialAction":[{"@type":"SearchAction","target":{"@type":"EntryPoint","urlTemplate":"https:\/\/wobronietradycjiiwiary.com\/pl\/?s={search_term_string}"},"query-input":{"@type":"PropertyValueSpecification","valueRequired":true,"valueName":"search_term_string"}}],"inLanguage":"en-US"},{"@type":"Organization","@id":"https:\/\/wobronietradycjiiwiary.com\/pl\/#organization","name":"Tradycja i Wiara","url":"https:\/\/wobronietradycjiiwiary.com\/pl\/","logo":{"@type":"ImageObject","inLanguage":"en-US","@id":"https:\/\/wobronietradycjiiwiary.com\/pl\/#\/schema\/logo\/image\/","url":"https:\/\/i0.wp.com\/wobronietradycjiiwiary.com\/wp-content\/uploads\/2015\/10\/cropped-st-peters-dome-vatican.jpg?fit=940%2C198&ssl=1","contentUrl":"https:\/\/i0.wp.com\/wobronietradycjiiwiary.com\/wp-content\/uploads\/2015\/10\/cropped-st-peters-dome-vatican.jpg?fit=940%2C198&ssl=1","width":940,"height":198,"caption":"Tradycja i Wiara"},"image":{"@id":"https:\/\/wobronietradycjiiwiary.com\/pl\/#\/schema\/logo\/image\/"},"sameAs":["https:\/\/www.facebook.com\/Tradycja-i-Wiara-108813920592249"]},{"@type":"Person","@id":"https:\/\/wobronietradycjiiwiary.com\/pl\/#\/schema\/person\/2d6180ce6abcb681fef0daab7816e8f3","name":"Traditio et Fides","sameAs":["https:\/\/traditionundglauben.com"],"url":"https:\/\/wobronietradycjiiwiary.com\/en\/author\/wobronietradycjiiwiary\/"}]}},"jetpack_publicize_connections":[],"jetpack_sharing_enabled":true,"jetpack_likes_enabled":true,"jetpack_shortlink":"https:\/\/wp.me\/pc04Sd-djV","jetpack-related-posts":[{"id":103583,"url":"https:\/\/wobronietradycjiiwiary.com\/en\/czy-biskup-schneider-jest-agentem\/","url_meta":{"origin":51207,"position":0},"title":"Czy biskup Schneider jest agentem Bergoglio?","author":"Traditio et Fides","date":"21 September 2023","format":false,"excerpt":"Biskup Schneider powtarza b\u0142\u0119dne argumenty o tym, \u017ce na papie\u017ca heretyka nic poradzi\u0107 nie mo\u017cna. Mo\u017cna, tylko si\u0119 nie chce.","rel":"","context":"In &quot;4. Franciszek&quot;","block_context":{"text":"4. Franciszek","link":"https:\/\/wobronietradycjiiwiary.com\/en\/category\/polemika\/kosciol-posoborowy\/papieze\/papiez-franciszek\/"},"img":{"alt_text":"","src":"https:\/\/i0.wp.com\/wobronietradycjiiwiary.com\/wp-content\/uploads\/2023\/09\/Bellarmin.jpg?resize=350%2C200&ssl=1","width":350,"height":200},"classes":[]},{"id":57843,"url":"https:\/\/wobronietradycjiiwiary.com\/en\/stajemy-sie-padlina-lub-agitprop-biskupa-czai\/","url_meta":{"origin":51207,"position":1},"title":"\u201eStajemy si\u0119 padlin\u0105\u201d lub agitprop biskupa Czai","author":"Traditio et Fides","date":"29 November 2021","format":false,"excerpt":"Wywiad opolskiego biskupa Czai ukazuje, \u017ce po naszym episkopacie niczego duchowego czy intelektualnego spodziewa\u0107 si\u0119 nie mo\u017cna. Nasuwaj\u0105 si\u0119 paralele sprzed upadku komunizmu.","rel":"","context":"In &quot;Aktualno\u015bci&quot;","block_context":{"text":"Aktualno\u015bci","link":"https:\/\/wobronietradycjiiwiary.com\/en\/category\/wiadomosci\/"},"img":{"alt_text":"","src":"https:\/\/i0.wp.com\/wobronietradycjiiwiary.com\/wp-content\/uploads\/2021\/11\/4312131918_a16350294f_b.jpg?resize=350%2C200&ssl=1","width":350,"height":200,"srcset":"https:\/\/i0.wp.com\/wobronietradycjiiwiary.com\/wp-content\/uploads\/2021\/11\/4312131918_a16350294f_b.jpg?resize=350%2C200&ssl=1 1x, https:\/\/i0.wp.com\/wobronietradycjiiwiary.com\/wp-content\/uploads\/2021\/11\/4312131918_a16350294f_b.jpg?resize=525%2C300&ssl=1 1.5x, https:\/\/i0.wp.com\/wobronietradycjiiwiary.com\/wp-content\/uploads\/2021\/11\/4312131918_a16350294f_b.jpg?resize=700%2C400&ssl=1 2x"},"classes":[]},{"id":92096,"url":"https:\/\/wobronietradycjiiwiary.com\/en\/wyborcza-pisze-o-fra-elia-i-ma-racje\/","url_meta":{"origin":51207,"position":2},"title":"&#8220;Wyborcza&#8221; kpi z Fra Elia i ma racj\u0119","author":"Traditio et Fides","date":"16 May 2023","format":false,"excerpt":"O Fra Elia, bezkrytyczno\u015bci polskich biskup\u00f3w oraz tym razem s\u0142usznej krytyce \"Gazety Wyborczej\".","rel":"","context":"In &quot;Duchowo\u015b\u0107&quot;","block_context":{"text":"Duchowo\u015b\u0107","link":"https:\/\/wobronietradycjiiwiary.com\/en\/category\/duchowosc\/"},"img":{"alt_text":"","src":"https:\/\/i0.wp.com\/wobronietradycjiiwiary.com\/wp-content\/uploads\/2023\/05\/tumblr_nwgm8qYCMq1rqxd5ko1_1280.jpg?resize=350%2C200&ssl=1","width":350,"height":200,"srcset":"https:\/\/i0.wp.com\/wobronietradycjiiwiary.com\/wp-content\/uploads\/2023\/05\/tumblr_nwgm8qYCMq1rqxd5ko1_1280.jpg?resize=350%2C200&ssl=1 1x, https:\/\/i0.wp.com\/wobronietradycjiiwiary.com\/wp-content\/uploads\/2023\/05\/tumblr_nwgm8qYCMq1rqxd5ko1_1280.jpg?resize=525%2C300&ssl=1 1.5x, https:\/\/i0.wp.com\/wobronietradycjiiwiary.com\/wp-content\/uploads\/2023\/05\/tumblr_nwgm8qYCMq1rqxd5ko1_1280.jpg?resize=700%2C400&ssl=1 2x, https:\/\/i0.wp.com\/wobronietradycjiiwiary.com\/wp-content\/uploads\/2023\/05\/tumblr_nwgm8qYCMq1rqxd5ko1_1280.jpg?resize=1050%2C600&ssl=1 3x"},"classes":[]},{"id":50190,"url":"https:\/\/wobronietradycjiiwiary.com\/en\/kolejka-strachow-lub-decyzje-watykanu\/","url_meta":{"origin":51207,"position":3},"title":"&#8220;Kolejka strach\u00f3w&#8221; lub decyzje Watykanu w kwestii nadu\u017cy\u0107 seksualnych duchownych","author":"Traditio et Fides","date":"8 July 2021","format":false,"excerpt":"Ustawodawstwo Stolicy Apostolskiej sprawia\u0142o, \u017ce ka\u017cdy biskup \u0142ama\u0142 w kwestii zg\u0142aszania przest\u0119pstw seksualnych albo prawo ko\u015bcielne albo cywilne.","rel":"","context":"In &quot;Uj\u0119cie prawnokanoniczne&quot;","block_context":{"text":"Uj\u0119cie prawnokanoniczne","link":"https:\/\/wobronietradycjiiwiary.com\/en\/category\/polemika\/kosciol-posoborowy\/naduzycia-seksualne-w-kosciele\/pedofilia-w-kosciele\/ujecie-prawnokanoniczne\/"},"img":{"alt_text":"","src":"https:\/\/i0.wp.com\/wobronietradycjiiwiary.com\/wp-content\/uploads\/2021\/07\/6cbccc7c308c35e50a25c3ed0553f791.jpg?resize=350%2C200&ssl=1","width":350,"height":200,"srcset":"https:\/\/i0.wp.com\/wobronietradycjiiwiary.com\/wp-content\/uploads\/2021\/07\/6cbccc7c308c35e50a25c3ed0553f791.jpg?resize=350%2C200&ssl=1 1x, https:\/\/i0.wp.com\/wobronietradycjiiwiary.com\/wp-content\/uploads\/2021\/07\/6cbccc7c308c35e50a25c3ed0553f791.jpg?resize=525%2C300&ssl=1 1.5x, https:\/\/i0.wp.com\/wobronietradycjiiwiary.com\/wp-content\/uploads\/2021\/07\/6cbccc7c308c35e50a25c3ed0553f791.jpg?resize=700%2C400&ssl=1 2x, https:\/\/i0.wp.com\/wobronietradycjiiwiary.com\/wp-content\/uploads\/2021\/07\/6cbccc7c308c35e50a25c3ed0553f791.jpg?resize=1050%2C600&ssl=1 3x, https:\/\/i0.wp.com\/wobronietradycjiiwiary.com\/wp-content\/uploads\/2021\/07\/6cbccc7c308c35e50a25c3ed0553f791.jpg?resize=1400%2C800&ssl=1 4x"},"classes":[]},{"id":51027,"url":"https:\/\/wobronietradycjiiwiary.com\/en\/czy-kanon-87-jest-sposobem-na-traditionis-custodes\/","url_meta":{"origin":51207,"position":4},"title":"Czy kanon 87 jest sposobem na Traditionis Custodes?","author":"Traditio et Fides","date":"23 July 2021","format":false,"excerpt":"Rozwa\u017cania na temat, czy kanon 87 jest obej\u015bciem prawnym Traditionis Custodes.","rel":"","context":"In &quot;Traditionis Custodes&quot;","block_context":{"text":"Traditionis Custodes","link":"https:\/\/wobronietradycjiiwiary.com\/en\/category\/polemika\/kosciol-posoborowy\/papieze\/papiez-franciszek\/traditionis-custodes\/"},"img":{"alt_text":"","src":"https:\/\/i0.wp.com\/wobronietradycjiiwiary.com\/wp-content\/uploads\/2021\/07\/4-2.jpg?resize=350%2C200&ssl=1","width":350,"height":200,"srcset":"https:\/\/i0.wp.com\/wobronietradycjiiwiary.com\/wp-content\/uploads\/2021\/07\/4-2.jpg?resize=350%2C200&ssl=1 1x, https:\/\/i0.wp.com\/wobronietradycjiiwiary.com\/wp-content\/uploads\/2021\/07\/4-2.jpg?resize=525%2C300&ssl=1 1.5x, https:\/\/i0.wp.com\/wobronietradycjiiwiary.com\/wp-content\/uploads\/2021\/07\/4-2.jpg?resize=700%2C400&ssl=1 2x, https:\/\/i0.wp.com\/wobronietradycjiiwiary.com\/wp-content\/uploads\/2021\/07\/4-2.jpg?resize=1050%2C600&ssl=1 3x, https:\/\/i0.wp.com\/wobronietradycjiiwiary.com\/wp-content\/uploads\/2021\/07\/4-2.jpg?resize=1400%2C800&ssl=1 4x"},"classes":[]},{"id":46511,"url":"https:\/\/wobronietradycjiiwiary.com\/en\/2-maja-sw-atanazego-ojca-kosciola-2-2\/","url_meta":{"origin":51207,"position":5},"title":"2. Maja \u2013 \u015bw. Atanazego, Ojca Ko\u015bcio\u0142a","author":"Traditio et Fides","date":"2 May 2021","format":false,"excerpt":"Po\u015br\u00f3d 16 Ojc\u00f3w Ko\u015bcio\u0142a (8 na Wschodzie i 8 na Zachodzie) wyr\u00f3\u017cniani s\u0105 dodatkowo tzw. Magni Egregii \u2013 dos\u0142. \u201eWielcy Wy\u015bmienici\u201d, kt\u00f3rymi s\u0105: Na Zachodzie: Ambro\u017cy \u2020397 Augustyn \u2020430 Hieronim \u2020419 Grzegorz Wielki \u2020604 Na Wschodzie: Atanazy \u2020373 Bazyli Wielki \u2020379 Grzegorz z Nazjanzu \u2020390 Jan Chryzostom \u2020407[1] Owa wielko\u015b\u0107\u2026","rel":"","context":"In &quot;05. \u015awi\u0119ta w maju&quot;","block_context":{"text":"05. \u015awi\u0119ta w maju","link":"https:\/\/wobronietradycjiiwiary.com\/en\/category\/duchowosc\/liturgia-i-liturgika\/rozwazania\/rok-liturgiczny\/swieta-w-maju\/"},"img":{"alt_text":"","src":"https:\/\/i0.wp.com\/wobronietradycjiiwiary.com\/wp-content\/uploads\/2019\/10\/athanasius-1.jpg?resize=350%2C200&ssl=1","width":350,"height":200},"classes":[]}],"amp_enabled":true,"jetpack_featured_media_url":"https:\/\/wobronietradycjiiwiary.com\/wp-content\/uploads\/2021\/07\/Saint_Michael_and_the_Dragon.jpg","_links":{"self":[{"href":"https:\/\/wobronietradycjiiwiary.com\/en\/wp-json\/wp\/v2\/posts\/51207","targetHints":{"allow":["GET"]}}],"collection":[{"href":"https:\/\/wobronietradycjiiwiary.com\/en\/wp-json\/wp\/v2\/posts"}],"about":[{"href":"https:\/\/wobronietradycjiiwiary.com\/en\/wp-json\/wp\/v2\/types\/post"}],"author":[{"embeddable":true,"href":"https:\/\/wobronietradycjiiwiary.com\/en\/wp-json\/wp\/v2\/users\/60508433"}],"replies":[{"embeddable":true,"href":"https:\/\/wobronietradycjiiwiary.com\/en\/wp-json\/wp\/v2\/comments?post=51207"}],"version-history":[{"count":2,"href":"https:\/\/wobronietradycjiiwiary.com\/en\/wp-json\/wp\/v2\/posts\/51207\/revisions"}],"predecessor-version":[{"id":59954,"href":"https:\/\/wobronietradycjiiwiary.com\/en\/wp-json\/wp\/v2\/posts\/51207\/revisions\/59954"}],"wp:featuredmedia":[{"embeddable":true,"href":"https:\/\/wobronietradycjiiwiary.com\/en\/wp-json\/wp\/v2\/media\/51212"}],"wp:attachment":[{"href":"https:\/\/wobronietradycjiiwiary.com\/en\/wp-json\/wp\/v2\/media?parent=51207"}],"wp:term":[{"taxonomy":"category","embeddable":true,"href":"https:\/\/wobronietradycjiiwiary.com\/en\/wp-json\/wp\/v2\/categories?post=51207"},{"taxonomy":"post_tag","embeddable":true,"href":"https:\/\/wobronietradycjiiwiary.com\/en\/wp-json\/wp\/v2\/tags?post=51207"}],"curies":[{"name":"wp","href":"https:\/\/api.w.org\/{rel}","templated":true}]}}