{"id":5031,"date":"2015-04-02T22:30:28","date_gmt":"2015-04-02T20:30:28","guid":{"rendered":"https:\/\/wobronietradycjiiwiary.com\/?p=5031"},"modified":"2025-02-07T15:40:30","modified_gmt":"2025-02-07T14:40:30","slug":"spowiedz-furtkowa-teologiczne-tlo-opinii-kul","status":"publish","type":"post","link":"https:\/\/wobronietradycjiiwiary.com\/en\/spowiedz-furtkowa-teologiczne-tlo-opinii-kul\/","title":{"rendered":"\u201eSpowied\u017a furtkowa\u201c \u2013  teologiczne t\u0142o opinii KUL"},"content":{"rendered":"<div id=\"bsf_rt_marker\"><\/div><p>Poniewa\u017c nie zwykli\u015bmy zbyt mocno kopa\u0107 le\u017c\u0105cych, ani zajmowa\u0107 si\u0119 zbyt intensywnie sprawami ju\u017c zako\u0144czonymi, dlatego dla lepszego zrozumienia teologicznego&hellip;<\/p>\n<div style=\"text-align: center\">\n<p>&nbsp;<\/p>\n<\/div>\n<h2 style=\"border: 5px solid #0000A0;padding: 1em;text-align: center\"><span style=\"color: #000000\">Pe\u0142en dost\u0119p dla <span style=\"color: #00ccff\"><a style=\"color: #00ccff\" href=\"https:\/\/wobronietradycjiiwiary.com\/en\/subskrypcje-2\/\" target=\"_blank\" rel=\"noopener\">subskrybent\u00f3w<\/a><\/span>.<\/span><br \/>\n<span style=\"color: #3366ff\"><a style=\"color: #3366ff\" href=\"https:\/\/wobronietradycjiiwiary.com\/en\/account\/login\/\" target=\"_blank\" rel=\"noopener\"><span style=\"color: #00ccff\">Zaloguj<\/span><\/a> <\/span>si\u0119 lub przejd\u017a do <a href=\"https:\/\/wobronietradycjiiwiary.com\/en\/register\/\"><span style=\"color: #3366ff\">Rejestracji<\/span><\/a>.<\/h2>\n<div>\n<p style=\"text-align: center\"><a href=\"https:\/\/wobronietradycjiiwiary.com\/en\/subskrypcje-2\/cennik\/\" target=\"_blank\" rel=\"noopener\"><span style=\"color: #000080;font-size: 24pt\"><strong>Nowe ni\u017csze ceny<\/strong><\/span><\/a><\/p>\n<p style=\"text-align: center\"><strong><span style=\"font-size: 18pt;color: #000080\">P\u0142atno\u015b\u0107 kart\u0105<\/span><\/strong><\/p>\n<\/div>\n<h3 style=\"text-align: center\"><a href=\"https:\/\/wobronietradycjiiwiary.com\/en\/subskrypcje-2\/automatyczne\/indywidualne\/\" target=\"_blank\" rel=\"noopener\"><img fetchpriority=\"high\" decoding=\"async\" class=\"alignnone size-medium wp-image-80433\" src=\"https:\/\/wobronietradycjiiwiary.com\/wp-content\/uploads\/2022\/11\/Unbenannt-1-Online-1-300x202.jpg\" alt=\"\" width=\"300\" height=\"202\" srcset=\"https:\/\/wobronietradycjiiwiary.com\/wp-content\/uploads\/2022\/11\/Unbenannt-1-Online-1-300x202.jpg 300w, https:\/\/wobronietradycjiiwiary.com\/wp-content\/uploads\/2022\/11\/Unbenannt-1-Online-1-150x101.jpg 150w, https:\/\/wobronietradycjiiwiary.com\/wp-content\/uploads\/2022\/11\/Unbenannt-1-Online-1-18x12.jpg 18w, https:\/\/wobronietradycjiiwiary.com\/wp-content\/uploads\/2022\/11\/Unbenannt-1-Online-1.jpg 446w\" sizes=\"(max-width: 300px) 100vw, 300px\" \/><\/a><\/h3>\n<p style=\"text-align: center\"><strong><span style=\"font-size: 18pt;color: #000080\">P\u0142atno\u015b\u0107 przelewem<\/span><\/strong><\/p>\n<p><a href=\"https:\/\/wobronietradycjiiwiary.com\/en\/subskrypcje-2\/automatyczne\/indywidualne\/\" target=\"_blank\" rel=\"noopener\"><img decoding=\"async\" class=\"size-medium wp-image-80434 aligncenter\" src=\"https:\/\/wobronietradycjiiwiary.com\/wp-content\/uploads\/2022\/11\/Unbenannt-1-Przelewem-300x137.jpg\" alt=\"\" width=\"300\" height=\"137\" srcset=\"https:\/\/wobronietradycjiiwiary.com\/wp-content\/uploads\/2022\/11\/Unbenannt-1-Przelewem-300x137.jpg 300w, https:\/\/wobronietradycjiiwiary.com\/wp-content\/uploads\/2022\/11\/Unbenannt-1-Przelewem-450x206.jpg 450w, https:\/\/wobronietradycjiiwiary.com\/wp-content\/uploads\/2022\/11\/Unbenannt-1-Przelewem-600x274.jpg 600w, https:\/\/wobronietradycjiiwiary.com\/wp-content\/uploads\/2022\/11\/Unbenannt-1-Przelewem-150x69.jpg 150w, https:\/\/wobronietradycjiiwiary.com\/wp-content\/uploads\/2022\/11\/Unbenannt-1-Przelewem-18x8.jpg 18w, https:\/\/wobronietradycjiiwiary.com\/wp-content\/uploads\/2022\/11\/Unbenannt-1-Przelewem.jpg 676w\" sizes=\"(max-width: 300px) 100vw, 300px\" \/><\/a><\/p>\n<p style=\"text-align: center\"><strong><span style=\"font-size: 18pt;color: #000080\">P\u0142atno\u015b\u0107 kart\u0105 do 6 os\u00f3b<\/span><\/strong><\/p>\n<p><a href=\"https:\/\/wobronietradycjiiwiary.com\/en\/rodzinne\/\" target=\"_blank\" rel=\"noopener\"><img decoding=\"async\" class=\"size-medium wp-image-80435 aligncenter\" src=\"https:\/\/wobronietradycjiiwiary.com\/wp-content\/uploads\/2022\/11\/Unbenannt-1-Rodzinna-300x208.jpg\" alt=\"\" width=\"300\" height=\"208\" srcset=\"https:\/\/wobronietradycjiiwiary.com\/wp-content\/uploads\/2022\/11\/Unbenannt-1-Rodzinna-300x208.jpg 300w, https:\/\/wobronietradycjiiwiary.com\/wp-content\/uploads\/2022\/11\/Unbenannt-1-Rodzinna-150x104.jpg 150w, https:\/\/wobronietradycjiiwiary.com\/wp-content\/uploads\/2022\/11\/Unbenannt-1-Rodzinna-18x12.jpg 18w, https:\/\/wobronietradycjiiwiary.com\/wp-content\/uploads\/2022\/11\/Unbenannt-1-Rodzinna.jpg 448w\" sizes=\"(max-width: 300px) 100vw, 300px\" \/><\/a><\/p>\n<h3 style=\"text-align: center\"><\/h3>\n<h1 style=\"text-align: center\"><\/h1>","protected":false},"excerpt":{"rendered":"<p>Poniewa\u017c nie zwykli\u015bmy zbyt mocno kopa\u0107 le\u017c\u0105cych, ani zajmowa\u0107 si\u0119 zbyt intensywnie sprawami ju\u017c zako\u0144czonymi, dlatego dla lepszego zrozumienia teologicznego&hellip; &nbsp; Pe\u0142en dost\u0119p dla subskrybent\u00f3w. Zaloguj si\u0119 lub przejd\u017a do Rejestracji. Nowe ni\u017csze ceny P\u0142atno\u015b\u0107 kart\u0105 P\u0142atno\u015b\u0107 przelewem P\u0142atno\u015b\u0107 kart\u0105 do 6 os\u00f3b<\/p>","protected":false},"author":60508433,"featured_media":5032,"comment_status":"closed","ping_status":"closed","sticky":false,"template":"","format":"standard","meta":{"_bbp_topic_count":0,"_bbp_reply_count":0,"_bbp_total_topic_count":0,"_bbp_total_reply_count":0,"_bbp_voice_count":0,"_bbp_anonymous_reply_count":0,"_bbp_topic_count_hidden":0,"_bbp_reply_count_hidden":0,"_bbp_forum_subforum_count":0,"_editorskit_title_hidden":false,"_editorskit_reading_time":5,"_editorskit_is_block_options_detached":false,"_editorskit_block_options_position":"{}","_coblocks_attr":"","_coblocks_dimensions":"","_coblocks_responsive_height":"","_coblocks_accordion_ie_support":"","_exactmetrics_skip_tracking":false,"_jetpack_newsletter_access":"","_jetpack_dont_email_post_to_subs":false,"_jetpack_newsletter_tier_id":0,"_jetpack_memberships_contains_paywalled_content":false,"_wpcom_ai_launchpad_first_post":false,"_jetpack_feature_clip_id":0,"_jetpack_memberships_contains_paid_content":false,"footnotes":"","jetpack_publicize_message":"{title}\n\n{excerpt}\n\n{url}","jetpack_publicize_feature_enabled":true,"jetpack_social_post_already_shared":true,"jetpack_social_options":{"image_generator_settings":{"template":"highway","default_image_id":0,"font":"","enabled":false},"version":2},"_wpas_customize_per_network":false,"jetpack_post_was_ever_published":false},"categories":[140175541],"tags":[532392,341247391,610132133,343032683],"class_list":["post-5031","post","type-post","status-publish","format-standard","has-post-thumbnail","hentry","category-spowiedz-furtkowa","tag-demonologia","tag-opinia-kul","tag-restricted","tag-teologia-posoborowa"],"yoast_head":"<!-- This site is optimized with the Yoast SEO plugin v28.4 - https:\/\/yoast.com\/product\/yoast-seo-wordpress\/ -->\n<title>\u201eSpowied\u017a furtkowa\u201c \u2013 teologiczne t\u0142o opinii KUL - Tradycja i Wiara<\/title>\n<meta name=\"description\" content=\"\u201eSpowied\u017a furtkowa\u201c \u2013 teologiczne t\u0142o opinii KUL spowied\u017a furtkowa KUL opinia teologiczna Ko\u015bci\u00f3\u0142\" \/>\n<meta name=\"robots\" content=\"index, follow, max-snippet:-1, max-image-preview:large, max-video-preview:-1\" \/>\n<link rel=\"canonical\" href=\"https:\/\/wobronietradycjiiwiary.com\/en\/spowiedz-furtkowa-teologiczne-tlo-opinii-kul\/\" \/>\n<meta property=\"og:locale\" content=\"en_US\" \/>\n<meta property=\"og:type\" content=\"article\" \/>\n<meta property=\"og:title\" content=\"\u201eSpowied\u017a furtkowa\u201c \u2013 teologiczne t\u0142o opinii KUL - Tradycja i Wiara\" \/>\n<meta property=\"og:description\" content=\"\u201eSpowied\u017a furtkowa\u201c \u2013 teologiczne t\u0142o opinii KUL spowied\u017a furtkowa KUL opinia teologiczna Ko\u015bci\u00f3\u0142\" \/>\n<meta property=\"og:url\" content=\"https:\/\/wobronietradycjiiwiary.com\/en\/spowiedz-furtkowa-teologiczne-tlo-opinii-kul\/\" \/>\n<meta property=\"og:site_name\" content=\"Tradycja i Wiara\" \/>\n<meta property=\"article:publisher\" content=\"https:\/\/www.facebook.com\/Tradycja-i-Wiara-108813920592249\" \/>\n<meta property=\"article:published_time\" content=\"2015-04-02T20:30:28+00:00\" \/>\n<meta property=\"article:modified_time\" content=\"2025-02-07T14:40:30+00:00\" \/>\n<meta property=\"og:image\" content=\"https:\/\/wobronietradycjiiwiary.com\/wp-content\/uploads\/2015\/04\/antonius28.jpg\" \/>\n\t<meta property=\"og:image:width\" content=\"450\" \/>\n\t<meta property=\"og:image:height\" content=\"339\" \/>\n\t<meta property=\"og:image:type\" content=\"image\/jpeg\" \/>\n<meta name=\"author\" content=\"Traditio et Fides\" \/>\n<meta name=\"twitter:card\" content=\"summary_large_image\" \/>\n<meta name=\"twitter:label1\" content=\"Written by\" \/>\n\t<meta name=\"twitter:data1\" content=\"Traditio et Fides\" \/>\n\t<meta name=\"twitter:label2\" content=\"Est. reading time\" \/>\n\t<meta name=\"twitter:data2\" content=\"6 minutes\" \/>\n<script type=\"application\/ld+json\" class=\"yoast-schema-graph\">{\"@context\":\"https:\\\/\\\/schema.org\",\"@graph\":[{\"@type\":\"Article\",\"@id\":\"https:\\\/\\\/wobronietradycjiiwiary.com\\\/spowiedz-furtkowa-teologiczne-tlo-opinii-kul\\\/#article\",\"isPartOf\":{\"@id\":\"https:\\\/\\\/wobronietradycjiiwiary.com\\\/spowiedz-furtkowa-teologiczne-tlo-opinii-kul\\\/\"},\"author\":{\"name\":\"Traditio et Fides\",\"@id\":\"https:\\\/\\\/wobronietradycjiiwiary.com\\\/pl\\\/#\\\/schema\\\/person\\\/2d6180ce6abcb681fef0daab7816e8f3\"},\"headline\":\"\u201eSpowied\u017a furtkowa\u201c \u2013 teologiczne t\u0142o opinii KUL\",\"datePublished\":\"2015-04-02T20:30:28+00:00\",\"dateModified\":\"2025-02-07T14:40:30+00:00\",\"mainEntityOfPage\":{\"@id\":\"https:\\\/\\\/wobronietradycjiiwiary.com\\\/spowiedz-furtkowa-teologiczne-tlo-opinii-kul\\\/\"},\"wordCount\":1508,\"publisher\":{\"@id\":\"https:\\\/\\\/wobronietradycjiiwiary.com\\\/pl\\\/#organization\"},\"image\":{\"@id\":\"https:\\\/\\\/wobronietradycjiiwiary.com\\\/spowiedz-furtkowa-teologiczne-tlo-opinii-kul\\\/#primaryimage\"},\"thumbnailUrl\":\"https:\\\/\\\/wobronietradycjiiwiary.com\\\/wp-content\\\/uploads\\\/2015\\\/04\\\/antonius28.jpg\",\"keywords\":[\"demonologia\",\"Opinia KUL\",\"Restricted\",\"teologia posoborowa\"],\"articleSection\":[\"Spowied\u017a furtkowa\"],\"inLanguage\":\"en-US\"},{\"@type\":\"WebPage\",\"@id\":\"https:\\\/\\\/wobronietradycjiiwiary.com\\\/spowiedz-furtkowa-teologiczne-tlo-opinii-kul\\\/\",\"url\":\"https:\\\/\\\/wobronietradycjiiwiary.com\\\/spowiedz-furtkowa-teologiczne-tlo-opinii-kul\\\/\",\"name\":\"\u201eSpowied\u017a furtkowa\u201c \u2013 teologiczne t\u0142o opinii KUL - Tradycja i Wiara\",\"isPartOf\":{\"@id\":\"https:\\\/\\\/wobronietradycjiiwiary.com\\\/pl\\\/#website\"},\"primaryImageOfPage\":{\"@id\":\"https:\\\/\\\/wobronietradycjiiwiary.com\\\/spowiedz-furtkowa-teologiczne-tlo-opinii-kul\\\/#primaryimage\"},\"image\":{\"@id\":\"https:\\\/\\\/wobronietradycjiiwiary.com\\\/spowiedz-furtkowa-teologiczne-tlo-opinii-kul\\\/#primaryimage\"},\"thumbnailUrl\":\"https:\\\/\\\/wobronietradycjiiwiary.com\\\/wp-content\\\/uploads\\\/2015\\\/04\\\/antonius28.jpg\",\"datePublished\":\"2015-04-02T20:30:28+00:00\",\"dateModified\":\"2025-02-07T14:40:30+00:00\",\"description\":\"\u201eSpowied\u017a furtkowa\u201c \u2013 teologiczne t\u0142o opinii KUL spowied\u017a furtkowa KUL opinia teologiczna Ko\u015bci\u00f3\u0142\",\"breadcrumb\":{\"@id\":\"https:\\\/\\\/wobronietradycjiiwiary.com\\\/spowiedz-furtkowa-teologiczne-tlo-opinii-kul\\\/#breadcrumb\"},\"inLanguage\":\"en-US\",\"potentialAction\":[{\"@type\":\"ReadAction\",\"target\":[\"https:\\\/\\\/wobronietradycjiiwiary.com\\\/spowiedz-furtkowa-teologiczne-tlo-opinii-kul\\\/\"]}]},{\"@type\":\"ImageObject\",\"inLanguage\":\"en-US\",\"@id\":\"https:\\\/\\\/wobronietradycjiiwiary.com\\\/spowiedz-furtkowa-teologiczne-tlo-opinii-kul\\\/#primaryimage\",\"url\":\"https:\\\/\\\/wobronietradycjiiwiary.com\\\/wp-content\\\/uploads\\\/2015\\\/04\\\/antonius28.jpg\",\"contentUrl\":\"https:\\\/\\\/wobronietradycjiiwiary.com\\\/wp-content\\\/uploads\\\/2015\\\/04\\\/antonius28.jpg\",\"width\":450,\"height\":339},{\"@type\":\"BreadcrumbList\",\"@id\":\"https:\\\/\\\/wobronietradycjiiwiary.com\\\/spowiedz-furtkowa-teologiczne-tlo-opinii-kul\\\/#breadcrumb\",\"itemListElement\":[{\"@type\":\"ListItem\",\"position\":1,\"name\":\"Strona g\u0142\u00f3wna\",\"item\":\"https:\\\/\\\/wobronietradycjiiwiary.com\\\/\"},{\"@type\":\"ListItem\",\"position\":2,\"name\":\"\u201eSpowied\u017a furtkowa\u201c \u2013 teologiczne t\u0142o opinii KUL\"}]},{\"@type\":\"WebSite\",\"@id\":\"https:\\\/\\\/wobronietradycjiiwiary.com\\\/pl\\\/#website\",\"url\":\"https:\\\/\\\/wobronietradycjiiwiary.com\\\/pl\\\/\",\"name\":\"Tradycja i Wiara\",\"description\":\"Portal dla katolik\u00f3w.\",\"publisher\":{\"@id\":\"https:\\\/\\\/wobronietradycjiiwiary.com\\\/pl\\\/#organization\"},\"potentialAction\":[{\"@type\":\"SearchAction\",\"target\":{\"@type\":\"EntryPoint\",\"urlTemplate\":\"https:\\\/\\\/wobronietradycjiiwiary.com\\\/pl\\\/?s={search_term_string}\"},\"query-input\":{\"@type\":\"PropertyValueSpecification\",\"valueRequired\":true,\"valueName\":\"search_term_string\"}}],\"inLanguage\":\"en-US\"},{\"@type\":\"Organization\",\"@id\":\"https:\\\/\\\/wobronietradycjiiwiary.com\\\/pl\\\/#organization\",\"name\":\"Tradycja i Wiara\",\"url\":\"https:\\\/\\\/wobronietradycjiiwiary.com\\\/pl\\\/\",\"logo\":{\"@type\":\"ImageObject\",\"inLanguage\":\"en-US\",\"@id\":\"https:\\\/\\\/wobronietradycjiiwiary.com\\\/pl\\\/#\\\/schema\\\/logo\\\/image\\\/\",\"url\":\"https:\\\/\\\/i0.wp.com\\\/wobronietradycjiiwiary.com\\\/wp-content\\\/uploads\\\/2015\\\/10\\\/cropped-st-peters-dome-vatican.jpg?fit=940%2C198&ssl=1\",\"contentUrl\":\"https:\\\/\\\/i0.wp.com\\\/wobronietradycjiiwiary.com\\\/wp-content\\\/uploads\\\/2015\\\/10\\\/cropped-st-peters-dome-vatican.jpg?fit=940%2C198&ssl=1\",\"width\":940,\"height\":198,\"caption\":\"Tradycja i Wiara\"},\"image\":{\"@id\":\"https:\\\/\\\/wobronietradycjiiwiary.com\\\/pl\\\/#\\\/schema\\\/logo\\\/image\\\/\"},\"sameAs\":[\"https:\\\/\\\/www.facebook.com\\\/Tradycja-i-Wiara-108813920592249\"]},{\"@type\":\"Person\",\"@id\":\"https:\\\/\\\/wobronietradycjiiwiary.com\\\/pl\\\/#\\\/schema\\\/person\\\/2d6180ce6abcb681fef0daab7816e8f3\",\"name\":\"Traditio et Fides\",\"sameAs\":[\"https:\\\/\\\/traditionundglauben.com\"],\"url\":\"https:\\\/\\\/wobronietradycjiiwiary.com\\\/en\\\/author\\\/wobronietradycjiiwiary\\\/\"}]}<\/script>\n<!-- \/ Yoast SEO plugin. -->","yoast_head_json":{"title":"\u201eSpowied\u017a furtkowa\u201c \u2013 teologiczne t\u0142o opinii KUL - Tradycja i Wiara","description":"\u201eSpowied\u017a furtkowa\u201c \u2013 teologiczne t\u0142o opinii KUL spowied\u017a furtkowa KUL opinia teologiczna Ko\u015bci\u00f3\u0142","robots":{"index":"index","follow":"follow","max-snippet":"max-snippet:-1","max-image-preview":"max-image-preview:large","max-video-preview":"max-video-preview:-1"},"canonical":"https:\/\/wobronietradycjiiwiary.com\/en\/spowiedz-furtkowa-teologiczne-tlo-opinii-kul\/","og_locale":"en_US","og_type":"article","og_title":"\u201eSpowied\u017a furtkowa\u201c \u2013 teologiczne t\u0142o opinii KUL - Tradycja i Wiara","og_description":"\u201eSpowied\u017a furtkowa\u201c \u2013 teologiczne t\u0142o opinii KUL spowied\u017a furtkowa KUL opinia teologiczna Ko\u015bci\u00f3\u0142","og_url":"https:\/\/wobronietradycjiiwiary.com\/en\/spowiedz-furtkowa-teologiczne-tlo-opinii-kul\/","og_site_name":"Tradycja i Wiara","article_publisher":"https:\/\/www.facebook.com\/Tradycja-i-Wiara-108813920592249","article_published_time":"2015-04-02T20:30:28+00:00","article_modified_time":"2025-02-07T14:40:30+00:00","og_image":[{"width":450,"height":339,"url":"https:\/\/wobronietradycjiiwiary.com\/wp-content\/uploads\/2015\/04\/antonius28.jpg","type":"image\/jpeg"}],"author":"Traditio et Fides","twitter_card":"summary_large_image","twitter_misc":{"Written by":"Traditio et Fides","Est. reading time":"6 minutes"},"schema":{"@context":"https:\/\/schema.org","@graph":[{"@type":"Article","@id":"https:\/\/wobronietradycjiiwiary.com\/spowiedz-furtkowa-teologiczne-tlo-opinii-kul\/#article","isPartOf":{"@id":"https:\/\/wobronietradycjiiwiary.com\/spowiedz-furtkowa-teologiczne-tlo-opinii-kul\/"},"author":{"name":"Traditio et Fides","@id":"https:\/\/wobronietradycjiiwiary.com\/pl\/#\/schema\/person\/2d6180ce6abcb681fef0daab7816e8f3"},"headline":"\u201eSpowied\u017a furtkowa\u201c \u2013 teologiczne t\u0142o opinii KUL","datePublished":"2015-04-02T20:30:28+00:00","dateModified":"2025-02-07T14:40:30+00:00","mainEntityOfPage":{"@id":"https:\/\/wobronietradycjiiwiary.com\/spowiedz-furtkowa-teologiczne-tlo-opinii-kul\/"},"wordCount":1508,"publisher":{"@id":"https:\/\/wobronietradycjiiwiary.com\/pl\/#organization"},"image":{"@id":"https:\/\/wobronietradycjiiwiary.com\/spowiedz-furtkowa-teologiczne-tlo-opinii-kul\/#primaryimage"},"thumbnailUrl":"https:\/\/wobronietradycjiiwiary.com\/wp-content\/uploads\/2015\/04\/antonius28.jpg","keywords":["demonologia","Opinia KUL","Restricted","teologia posoborowa"],"articleSection":["Spowied\u017a furtkowa"],"inLanguage":"en-US"},{"@type":"WebPage","@id":"https:\/\/wobronietradycjiiwiary.com\/spowiedz-furtkowa-teologiczne-tlo-opinii-kul\/","url":"https:\/\/wobronietradycjiiwiary.com\/spowiedz-furtkowa-teologiczne-tlo-opinii-kul\/","name":"\u201eSpowied\u017a furtkowa\u201c \u2013 teologiczne t\u0142o opinii KUL - Tradycja i Wiara","isPartOf":{"@id":"https:\/\/wobronietradycjiiwiary.com\/pl\/#website"},"primaryImageOfPage":{"@id":"https:\/\/wobronietradycjiiwiary.com\/spowiedz-furtkowa-teologiczne-tlo-opinii-kul\/#primaryimage"},"image":{"@id":"https:\/\/wobronietradycjiiwiary.com\/spowiedz-furtkowa-teologiczne-tlo-opinii-kul\/#primaryimage"},"thumbnailUrl":"https:\/\/wobronietradycjiiwiary.com\/wp-content\/uploads\/2015\/04\/antonius28.jpg","datePublished":"2015-04-02T20:30:28+00:00","dateModified":"2025-02-07T14:40:30+00:00","description":"\u201eSpowied\u017a furtkowa\u201c \u2013 teologiczne t\u0142o opinii KUL spowied\u017a furtkowa KUL opinia teologiczna Ko\u015bci\u00f3\u0142","breadcrumb":{"@id":"https:\/\/wobronietradycjiiwiary.com\/spowiedz-furtkowa-teologiczne-tlo-opinii-kul\/#breadcrumb"},"inLanguage":"en-US","potentialAction":[{"@type":"ReadAction","target":["https:\/\/wobronietradycjiiwiary.com\/spowiedz-furtkowa-teologiczne-tlo-opinii-kul\/"]}]},{"@type":"ImageObject","inLanguage":"en-US","@id":"https:\/\/wobronietradycjiiwiary.com\/spowiedz-furtkowa-teologiczne-tlo-opinii-kul\/#primaryimage","url":"https:\/\/wobronietradycjiiwiary.com\/wp-content\/uploads\/2015\/04\/antonius28.jpg","contentUrl":"https:\/\/wobronietradycjiiwiary.com\/wp-content\/uploads\/2015\/04\/antonius28.jpg","width":450,"height":339},{"@type":"BreadcrumbList","@id":"https:\/\/wobronietradycjiiwiary.com\/spowiedz-furtkowa-teologiczne-tlo-opinii-kul\/#breadcrumb","itemListElement":[{"@type":"ListItem","position":1,"name":"Strona g\u0142\u00f3wna","item":"https:\/\/wobronietradycjiiwiary.com\/"},{"@type":"ListItem","position":2,"name":"\u201eSpowied\u017a furtkowa\u201c \u2013 teologiczne t\u0142o opinii KUL"}]},{"@type":"WebSite","@id":"https:\/\/wobronietradycjiiwiary.com\/pl\/#website","url":"https:\/\/wobronietradycjiiwiary.com\/pl\/","name":"Tradycja i Wiara","description":"Portal dla katolik\u00f3w.","publisher":{"@id":"https:\/\/wobronietradycjiiwiary.com\/pl\/#organization"},"potentialAction":[{"@type":"SearchAction","target":{"@type":"EntryPoint","urlTemplate":"https:\/\/wobronietradycjiiwiary.com\/pl\/?s={search_term_string}"},"query-input":{"@type":"PropertyValueSpecification","valueRequired":true,"valueName":"search_term_string"}}],"inLanguage":"en-US"},{"@type":"Organization","@id":"https:\/\/wobronietradycjiiwiary.com\/pl\/#organization","name":"Tradycja i Wiara","url":"https:\/\/wobronietradycjiiwiary.com\/pl\/","logo":{"@type":"ImageObject","inLanguage":"en-US","@id":"https:\/\/wobronietradycjiiwiary.com\/pl\/#\/schema\/logo\/image\/","url":"https:\/\/i0.wp.com\/wobronietradycjiiwiary.com\/wp-content\/uploads\/2015\/10\/cropped-st-peters-dome-vatican.jpg?fit=940%2C198&ssl=1","contentUrl":"https:\/\/i0.wp.com\/wobronietradycjiiwiary.com\/wp-content\/uploads\/2015\/10\/cropped-st-peters-dome-vatican.jpg?fit=940%2C198&ssl=1","width":940,"height":198,"caption":"Tradycja i Wiara"},"image":{"@id":"https:\/\/wobronietradycjiiwiary.com\/pl\/#\/schema\/logo\/image\/"},"sameAs":["https:\/\/www.facebook.com\/Tradycja-i-Wiara-108813920592249"]},{"@type":"Person","@id":"https:\/\/wobronietradycjiiwiary.com\/pl\/#\/schema\/person\/2d6180ce6abcb681fef0daab7816e8f3","name":"Traditio et Fides","sameAs":["https:\/\/traditionundglauben.com"],"url":"https:\/\/wobronietradycjiiwiary.com\/en\/author\/wobronietradycjiiwiary\/"}]}},"jetpack_publicize_connections":[],"jetpack_sharing_enabled":true,"jetpack_likes_enabled":true,"jetpack_shortlink":"https:\/\/wp.me\/pc04Sd-1j9","jetpack-related-posts":[{"id":4952,"url":"https:\/\/wobronietradycjiiwiary.com\/en\/spowiedz-furtkowa-opinia-o-opinii-teologicznej-kul\/","url_meta":{"origin":5031,"position":0},"title":"\u201eSpowied\u017a furtkowa\u201d  opinia o opinii teologicznej KUL","author":"Traditio et Fides","date":"28 March 2015","format":false,"excerpt":"Czy \u201ecz\u0142owiek m\u00f3g\u0142 by\u0142 zgrzeszy\u0107 tak\u017ce bez pomocy szatana\u201d? Nie, nie m\u00f3g\u0142. Jak wiadomo z doniesie\u0144 prasowych Konferencja Episkopatu Polski decyzj\u0105 z dnia 12.03.2015 zakaza\u0142a tzw. spowiedzi furtkowej,[1] co nas bardzo cieszy, poniewa\u017c o szkodliwo\u015bci tego rodzaju nowatorskiej praktyki ju\u017c pisali\u015bmy. KEP jako uzasadnienie poda\u0142a opini\u0119 Komisji Teologicznej Wydzia\u0142u Teologicznego\u2026","rel":"","context":"In &quot;Spowied\u017a furtkowa&quot;","block_context":{"text":"Spowied\u017a furtkowa","link":"https:\/\/wobronietradycjiiwiary.com\/en\/category\/doktryna\/teologia-dogmatyczna\/sakramenty-teologia\/spowiedz\/spowiedz-furtkowa\/"},"img":{"alt_text":"","src":"https:\/\/i0.wp.com\/wobronietradycjiiwiary.com\/wp-content\/uploads\/2015\/03\/am_wilat_adamundeva_2_hugo_van_der_goes.jpg?resize=350%2C200&ssl=1","width":350,"height":200},"classes":[]},{"id":27597,"url":"https:\/\/wobronietradycjiiwiary.com\/en\/pozasakramentalne-mozliwosci-odpuszczenia-grzechow-lekkich-9-z-12\/","url_meta":{"origin":5031,"position":1},"title":"Pozasakramentalne mo\u017cliwo\u015bci odpuszczenia grzech\u00f3w lekkich (9 z 12)","author":"Traditio et Fides","date":"12 May 2020","format":false,"excerpt":"Spowied\u017a z grzech\u00f3w ju\u017c odpuszczonych \u015aw. Tomasz rozwa\u017ca kwesti\u0119 kar doczesnych w przypadku, gdy kto\u015b wielokrotnie spowiada si\u0119 z jednego raz pope\u0142nionego grzechu. Za\u0142o\u017cenie to jest troch\u0119 dziwne, bo czyni\u0105 tak zwykle jedynie skrupulanci, ale czasami po latach odkrywamy jaki\u015b aspekt ju\u017c dawno pope\u0142nionego grzechu, kt\u00f3ry te\u017c wyzna\u0107 mo\u017cna. Akwinata\u2026","rel":"","context":"In &quot;Doktryna&quot;","block_context":{"text":"Doktryna","link":"https:\/\/wobronietradycjiiwiary.com\/en\/category\/doktryna\/"},"img":{"alt_text":"","src":"https:\/\/i0.wp.com\/wobronietradycjiiwiary.com\/wp-content\/uploads\/2020\/04\/Lucas_Cranach_d.%C3%84._-_Der_heilige_Hieronymus_ca.1515-18_Veste_Coburg-1-scaled.jpg?resize=350%2C200&ssl=1","width":350,"height":200,"srcset":"https:\/\/i0.wp.com\/wobronietradycjiiwiary.com\/wp-content\/uploads\/2020\/04\/Lucas_Cranach_d.%C3%84._-_Der_heilige_Hieronymus_ca.1515-18_Veste_Coburg-1-scaled.jpg?resize=350%2C200&ssl=1 1x, https:\/\/i0.wp.com\/wobronietradycjiiwiary.com\/wp-content\/uploads\/2020\/04\/Lucas_Cranach_d.%C3%84._-_Der_heilige_Hieronymus_ca.1515-18_Veste_Coburg-1-scaled.jpg?resize=525%2C300&ssl=1 1.5x, https:\/\/i0.wp.com\/wobronietradycjiiwiary.com\/wp-content\/uploads\/2020\/04\/Lucas_Cranach_d.%C3%84._-_Der_heilige_Hieronymus_ca.1515-18_Veste_Coburg-1-scaled.jpg?resize=700%2C400&ssl=1 2x, https:\/\/i0.wp.com\/wobronietradycjiiwiary.com\/wp-content\/uploads\/2020\/04\/Lucas_Cranach_d.%C3%84._-_Der_heilige_Hieronymus_ca.1515-18_Veste_Coburg-1-scaled.jpg?resize=1050%2C600&ssl=1 3x"},"classes":[]},{"id":108567,"url":"https:\/\/wobronietradycjiiwiary.com\/en\/sw-alfons-liguori-przewodnik-spowiednika-95-gluchoniemi-i-spisac-spowiedz\/","url_meta":{"origin":5031,"position":2},"title":"\u015aw. Alfons Liguori, Przewodnik spowiednika (96). G\u0142uchoniemi (i). Spisa\u0107 spowied\u017a","author":"Traditio et Fides","date":"7 December 2023","format":false,"excerpt":"G\u0142uchoniemy winien spisa\u0107 spowied\u017a.","rel":"","context":"In &quot;\"Przewodnik spowiednika\"&quot;","block_context":{"text":"\"Przewodnik spowiednika\"","link":"https:\/\/wobronietradycjiiwiary.com\/en\/category\/duchowosc\/autorzy\/sw-alfons-liguori\/przewodnik-spowiednika\/"},"img":{"alt_text":"","src":"https:\/\/i0.wp.com\/wobronietradycjiiwiary.com\/wp-content\/uploads\/2021\/07\/confession_painting.jpg?resize=350%2C200&ssl=1","width":350,"height":200,"srcset":"https:\/\/i0.wp.com\/wobronietradycjiiwiary.com\/wp-content\/uploads\/2021\/07\/confession_painting.jpg?resize=350%2C200&ssl=1 1x, https:\/\/i0.wp.com\/wobronietradycjiiwiary.com\/wp-content\/uploads\/2021\/07\/confession_painting.jpg?resize=525%2C300&ssl=1 1.5x, https:\/\/i0.wp.com\/wobronietradycjiiwiary.com\/wp-content\/uploads\/2021\/07\/confession_painting.jpg?resize=700%2C400&ssl=1 2x, https:\/\/i0.wp.com\/wobronietradycjiiwiary.com\/wp-content\/uploads\/2021\/07\/confession_painting.jpg?resize=1050%2C600&ssl=1 3x"},"classes":[]},{"id":108165,"url":"https:\/\/wobronietradycjiiwiary.com\/en\/sw-alfons-liguori-przewodnik-spowiednika-94-gluchoniemi-i-ich-spowiedz\/","url_meta":{"origin":5031,"position":3},"title":"\u015aw. Alfons Liguori, Przewodnik spowiednika (95). G\u0142uchoniemi (i). Ich spowied\u017a","author":"Traditio et Fides","date":"30 November 2023","format":false,"excerpt":"O spowiadaniu g\u0142uchoniemych i s\u0142uchaniu spowiedzi w obcych j\u0119zykach.","rel":"","context":"In &quot;\"Przewodnik spowiednika\"&quot;","block_context":{"text":"\"Przewodnik spowiednika\"","link":"https:\/\/wobronietradycjiiwiary.com\/en\/category\/duchowosc\/autorzy\/sw-alfons-liguori\/przewodnik-spowiednika\/"},"img":{"alt_text":"","src":"https:\/\/i0.wp.com\/wobronietradycjiiwiary.com\/wp-content\/uploads\/2021\/07\/confession_painting.jpg?resize=350%2C200&ssl=1","width":350,"height":200,"srcset":"https:\/\/i0.wp.com\/wobronietradycjiiwiary.com\/wp-content\/uploads\/2021\/07\/confession_painting.jpg?resize=350%2C200&ssl=1 1x, https:\/\/i0.wp.com\/wobronietradycjiiwiary.com\/wp-content\/uploads\/2021\/07\/confession_painting.jpg?resize=525%2C300&ssl=1 1.5x, https:\/\/i0.wp.com\/wobronietradycjiiwiary.com\/wp-content\/uploads\/2021\/07\/confession_painting.jpg?resize=700%2C400&ssl=1 2x, https:\/\/i0.wp.com\/wobronietradycjiiwiary.com\/wp-content\/uploads\/2021\/07\/confession_painting.jpg?resize=1050%2C600&ssl=1 3x"},"classes":[]},{"id":87610,"url":"https:\/\/wobronietradycjiiwiary.com\/en\/spowiedz-w-wielka-sobote-wieczorem-lub-boze-jakie-to-praktyczne\/","url_meta":{"origin":5031,"position":4},"title":"Spowied\u017a w Wielk\u0105 Sobot\u0119 wieczorem lub Bo\u017ce, jakie to by\u0142o praktyczne!","author":"Traditio et Fides","date":"14 March 2023","format":false,"excerpt":"O tym, jak zniesienie spowiedzi w wiecz\u00f3r Wielkiej Soboty za\u0142ama\u0142o przyzwyczajenia religijne.","rel":"","context":"In &quot;Duchowo\u015b\u0107&quot;","block_context":{"text":"Duchowo\u015b\u0107","link":"https:\/\/wobronietradycjiiwiary.com\/en\/category\/duchowosc\/"},"img":{"alt_text":"","src":"https:\/\/i0.wp.com\/wobronietradycjiiwiary.com\/wp-content\/uploads\/2023\/03\/italy-turin-painting-st-john-nepomuk-hearing-9572461.jpg?resize=350%2C200&ssl=1","width":350,"height":200},"classes":[]},{"id":164498,"url":"https:\/\/wobronietradycjiiwiary.com\/en\/spowiedz-aktem-sadowym-lub-rozeznanie-zastosowaniem-etyki-sytuacyjnej-3-z-3\/","url_meta":{"origin":5031,"position":5},"title":"Spowied\u017a aktem s\u0105dowym lub \u201erozeznanie\u201d zastosowaniem etyki sytuacyjnej (3 z 3)","author":"Traditio et Fides","date":"24 April 2026","format":false,"excerpt":"Argumenty teologiczne przemawiaj\u0105ce za tym, \u017ce spowied\u017a jest aktem s\u0105dowym.","rel":"","context":"In &quot;Doktryna&quot;","block_context":{"text":"Doktryna","link":"https:\/\/wobronietradycjiiwiary.com\/en\/category\/doktryna\/"},"img":{"alt_text":"","src":"","width":0,"height":0},"classes":[]}],"amp_enabled":true,"jetpack_featured_media_url":"https:\/\/wobronietradycjiiwiary.com\/wp-content\/uploads\/2015\/04\/antonius28.jpg","_links":{"self":[{"href":"https:\/\/wobronietradycjiiwiary.com\/en\/wp-json\/wp\/v2\/posts\/5031","targetHints":{"allow":["GET"]}}],"collection":[{"href":"https:\/\/wobronietradycjiiwiary.com\/en\/wp-json\/wp\/v2\/posts"}],"about":[{"href":"https:\/\/wobronietradycjiiwiary.com\/en\/wp-json\/wp\/v2\/types\/post"}],"author":[{"embeddable":true,"href":"https:\/\/wobronietradycjiiwiary.com\/en\/wp-json\/wp\/v2\/users\/60508433"}],"replies":[{"embeddable":true,"href":"https:\/\/wobronietradycjiiwiary.com\/en\/wp-json\/wp\/v2\/comments?post=5031"}],"version-history":[{"count":3,"href":"https:\/\/wobronietradycjiiwiary.com\/en\/wp-json\/wp\/v2\/posts\/5031\/revisions"}],"predecessor-version":[{"id":57383,"href":"https:\/\/wobronietradycjiiwiary.com\/en\/wp-json\/wp\/v2\/posts\/5031\/revisions\/57383"}],"wp:featuredmedia":[{"embeddable":true,"href":"https:\/\/wobronietradycjiiwiary.com\/en\/wp-json\/wp\/v2\/media\/5032"}],"wp:attachment":[{"href":"https:\/\/wobronietradycjiiwiary.com\/en\/wp-json\/wp\/v2\/media?parent=5031"}],"wp:term":[{"taxonomy":"category","embeddable":true,"href":"https:\/\/wobronietradycjiiwiary.com\/en\/wp-json\/wp\/v2\/categories?post=5031"},{"taxonomy":"post_tag","embeddable":true,"href":"https:\/\/wobronietradycjiiwiary.com\/en\/wp-json\/wp\/v2\/tags?post=5031"}],"curies":[{"name":"wp","href":"https:\/\/api.w.org\/{rel}","templated":true}]}}