{"id":49822,"date":"2021-07-01T08:00:00","date_gmt":"2021-07-01T06:00:00","guid":{"rendered":"https:\/\/wobronietradycjiiwiary.com\/?p=49822"},"modified":"2025-02-07T15:51:58","modified_gmt":"2025-02-07T14:51:58","slug":"a-jednak-mieli-racje-lub-o-tuszowaniu-pedofilii","status":"publish","type":"post","link":"https:\/\/wobronietradycjiiwiary.com\/en\/a-jednak-mieli-racje-lub-o-tuszowaniu-pedofilii\/","title":{"rendered":"&#8220;A jednak mieli racj\u0119&#8221; lub o tuszowaniu pedofilii"},"content":{"rendered":"<div id=\"bsf_rt_marker\"><\/div><p>Pisz\u0105cy te s\u0142owa przypomina sobie moment, w kt\u00f3rym ogl\u0105daj\u0105c jaki\u015b ameryka\u0144ski film dokumantalnz o pedofilii duchownych napotka\u0142 stwierdzenie, i\u017c ustawy&hellip;<\/p>\n<div style=\"text-align: center\">\n<p>&nbsp;<\/p>\n<\/div>\n<h2 style=\"border: 5px solid #0000A0;padding: 1em;text-align: center\"><span style=\"color: #000000\">Pe\u0142en dost\u0119p dla <span style=\"color: #00ccff\"><a style=\"color: #00ccff\" href=\"https:\/\/wobronietradycjiiwiary.com\/en\/subskrypcje-2\/\" target=\"_blank\" rel=\"noopener\">subskrybent\u00f3w<\/a><\/span>.<\/span><br \/>\n<span style=\"color: #3366ff\"><a style=\"color: #3366ff\" href=\"https:\/\/wobronietradycjiiwiary.com\/en\/account\/login\/\" target=\"_blank\" rel=\"noopener\"><span style=\"color: #00ccff\">Zaloguj<\/span><\/a> <\/span>si\u0119 lub przejd\u017a do <a href=\"https:\/\/wobronietradycjiiwiary.com\/en\/register\/\"><span style=\"color: #3366ff\">Rejestracji<\/span><\/a>.<\/h2>\n<div>\n<p style=\"text-align: center\"><a href=\"https:\/\/wobronietradycjiiwiary.com\/en\/subskrypcje-2\/cennik\/\" target=\"_blank\" rel=\"noopener\"><span style=\"color: #000080;font-size: 24pt\"><strong>Nowe ni\u017csze ceny<\/strong><\/span><\/a><\/p>\n<p style=\"text-align: center\"><strong><span style=\"font-size: 18pt;color: #000080\">P\u0142atno\u015b\u0107 kart\u0105<\/span><\/strong><\/p>\n<\/div>\n<h3 style=\"text-align: center\"><a href=\"https:\/\/wobronietradycjiiwiary.com\/en\/subskrypcje-2\/automatyczne\/indywidualne\/\" target=\"_blank\" rel=\"noopener\"><img fetchpriority=\"high\" decoding=\"async\" class=\"alignnone size-medium wp-image-80433\" src=\"https:\/\/wobronietradycjiiwiary.com\/wp-content\/uploads\/2022\/11\/Unbenannt-1-Online-1-300x202.jpg\" alt=\"\" width=\"300\" height=\"202\" srcset=\"https:\/\/wobronietradycjiiwiary.com\/wp-content\/uploads\/2022\/11\/Unbenannt-1-Online-1-300x202.jpg 300w, https:\/\/wobronietradycjiiwiary.com\/wp-content\/uploads\/2022\/11\/Unbenannt-1-Online-1-150x101.jpg 150w, https:\/\/wobronietradycjiiwiary.com\/wp-content\/uploads\/2022\/11\/Unbenannt-1-Online-1-18x12.jpg 18w, https:\/\/wobronietradycjiiwiary.com\/wp-content\/uploads\/2022\/11\/Unbenannt-1-Online-1.jpg 446w\" sizes=\"(max-width: 300px) 100vw, 300px\" \/><\/a><\/h3>\n<p style=\"text-align: center\"><strong><span style=\"font-size: 18pt;color: #000080\">P\u0142atno\u015b\u0107 przelewem<\/span><\/strong><\/p>\n<p><a href=\"https:\/\/wobronietradycjiiwiary.com\/en\/subskrypcje-2\/automatyczne\/indywidualne\/\" target=\"_blank\" rel=\"noopener\"><img decoding=\"async\" class=\"size-medium wp-image-80434 aligncenter\" src=\"https:\/\/wobronietradycjiiwiary.com\/wp-content\/uploads\/2022\/11\/Unbenannt-1-Przelewem-300x137.jpg\" alt=\"\" width=\"300\" height=\"137\" srcset=\"https:\/\/wobronietradycjiiwiary.com\/wp-content\/uploads\/2022\/11\/Unbenannt-1-Przelewem-300x137.jpg 300w, https:\/\/wobronietradycjiiwiary.com\/wp-content\/uploads\/2022\/11\/Unbenannt-1-Przelewem-450x206.jpg 450w, https:\/\/wobronietradycjiiwiary.com\/wp-content\/uploads\/2022\/11\/Unbenannt-1-Przelewem-600x274.jpg 600w, https:\/\/wobronietradycjiiwiary.com\/wp-content\/uploads\/2022\/11\/Unbenannt-1-Przelewem-150x69.jpg 150w, https:\/\/wobronietradycjiiwiary.com\/wp-content\/uploads\/2022\/11\/Unbenannt-1-Przelewem-18x8.jpg 18w, https:\/\/wobronietradycjiiwiary.com\/wp-content\/uploads\/2022\/11\/Unbenannt-1-Przelewem.jpg 676w\" sizes=\"(max-width: 300px) 100vw, 300px\" \/><\/a><\/p>\n<p style=\"text-align: center\"><strong><span style=\"font-size: 18pt;color: #000080\">P\u0142atno\u015b\u0107 kart\u0105 do 6 os\u00f3b<\/span><\/strong><\/p>\n<p><a href=\"https:\/\/wobronietradycjiiwiary.com\/en\/rodzinne\/\" target=\"_blank\" rel=\"noopener\"><img decoding=\"async\" class=\"size-medium wp-image-80435 aligncenter\" src=\"https:\/\/wobronietradycjiiwiary.com\/wp-content\/uploads\/2022\/11\/Unbenannt-1-Rodzinna-300x208.jpg\" alt=\"\" width=\"300\" height=\"208\" srcset=\"https:\/\/wobronietradycjiiwiary.com\/wp-content\/uploads\/2022\/11\/Unbenannt-1-Rodzinna-300x208.jpg 300w, https:\/\/wobronietradycjiiwiary.com\/wp-content\/uploads\/2022\/11\/Unbenannt-1-Rodzinna-150x104.jpg 150w, https:\/\/wobronietradycjiiwiary.com\/wp-content\/uploads\/2022\/11\/Unbenannt-1-Rodzinna-18x12.jpg 18w, https:\/\/wobronietradycjiiwiary.com\/wp-content\/uploads\/2022\/11\/Unbenannt-1-Rodzinna.jpg 448w\" sizes=\"(max-width: 300px) 100vw, 300px\" \/><\/a><\/p>\n<h3 style=\"text-align: center\"><\/h3>\n<h1 style=\"text-align: center\"><\/h1>","protected":false},"excerpt":{"rendered":"<p>Rozwa\u017cania na temat prawa ko\u015bcielnego i pedofilii. Wi\u0119cej pyta\u0144 ni\u017c odpowiedzi.<\/p>","protected":false},"author":60508433,"featured_media":49835,"comment_status":"open","ping_status":"open","sticky":false,"template":"","format":"standard","meta":{"_bbp_topic_count":0,"_bbp_reply_count":0,"_bbp_total_topic_count":0,"_bbp_total_reply_count":0,"_bbp_voice_count":0,"_bbp_anonymous_reply_count":0,"_bbp_topic_count_hidden":0,"_bbp_reply_count_hidden":0,"_bbp_forum_subforum_count":0,"_editorskit_title_hidden":false,"_editorskit_reading_time":2,"_editorskit_is_block_options_detached":false,"_editorskit_block_options_position":"{}","_coblocks_attr":"","_coblocks_dimensions":"","_coblocks_responsive_height":"","_coblocks_accordion_ie_support":"","_exactmetrics_skip_tracking":false,"_jetpack_newsletter_access":"","_jetpack_dont_email_post_to_subs":false,"_jetpack_newsletter_tier_id":0,"_jetpack_memberships_contains_paywalled_content":false,"_wpcom_ai_launchpad_first_post":false,"_jetpack_feature_clip_id":0,"_jetpack_memberships_contains_paid_content":false,"footnotes":"","jetpack_publicize_message":"{title}\n\n{excerpt}\n\n{url}","jetpack_publicize_feature_enabled":true,"jetpack_social_post_already_shared":true,"jetpack_social_options":{"image_generator_settings":{"template":"highway","default_image_id":0,"font":"","enabled":false},"version":2},"_wpas_customize_per_network":false,"jetpack_post_was_ever_published":false},"categories":[610132575,610132389],"tags":[610132133],"class_list":["post-49822","post","type-post","status-publish","format-standard","has-post-thumbnail","hentry","category-ujecie-prawnokanoniczne","category-pedofilia-w-kosciele","tag-restricted"],"yoast_head":"<!-- This site is optimized with the Yoast SEO plugin v28.4 - https:\/\/yoast.com\/product\/yoast-seo-wordpress\/ -->\n<title>&quot;A jednak mieli racj\u0119&quot; lub o tuszowaniu pedofilii - Tradycja i Wiara<\/title>\n<meta name=\"robots\" content=\"index, follow, max-snippet:-1, max-image-preview:large, max-video-preview:-1\" \/>\n<link rel=\"canonical\" href=\"https:\/\/wobronietradycjiiwiary.com\/en\/a-jednak-mieli-racje-lub-o-tuszowaniu-pedofilii\/\" \/>\n<meta property=\"og:locale\" content=\"en_US\" \/>\n<meta property=\"og:type\" content=\"article\" \/>\n<meta property=\"og:title\" content=\"&quot;A jednak mieli racj\u0119&quot; lub o tuszowaniu pedofilii - Tradycja i Wiara\" \/>\n<meta property=\"og:description\" content=\"Rozwa\u017cania na temat prawa ko\u015bcielnego i pedofilii. Wi\u0119cej pyta\u0144 ni\u017c odpowiedzi.\" \/>\n<meta property=\"og:url\" content=\"https:\/\/wobronietradycjiiwiary.com\/en\/a-jednak-mieli-racje-lub-o-tuszowaniu-pedofilii\/\" \/>\n<meta property=\"og:site_name\" content=\"Tradycja i Wiara\" \/>\n<meta property=\"article:publisher\" content=\"https:\/\/www.facebook.com\/Tradycja-i-Wiara-108813920592249\" \/>\n<meta property=\"article:published_time\" content=\"2021-07-01T06:00:00+00:00\" \/>\n<meta property=\"article:modified_time\" content=\"2025-02-07T14:51:58+00:00\" \/>\n<meta property=\"og:image\" content=\"https:\/\/wobronietradycjiiwiary.com\/wp-content\/uploads\/2021\/07\/F002_PopesInHell.jpg\" \/>\n\t<meta property=\"og:image:width\" content=\"600\" \/>\n\t<meta property=\"og:image:height\" content=\"251\" \/>\n\t<meta property=\"og:image:type\" content=\"image\/jpeg\" \/>\n<meta name=\"author\" content=\"Traditio et Fides\" \/>\n<meta name=\"twitter:card\" content=\"summary_large_image\" \/>\n<meta name=\"twitter:label1\" content=\"Written by\" \/>\n\t<meta name=\"twitter:data1\" content=\"Traditio et Fides\" \/>\n\t<meta name=\"twitter:label2\" content=\"Est. reading time\" \/>\n\t<meta name=\"twitter:data2\" content=\"3 minutes\" \/>\n<script type=\"application\/ld+json\" class=\"yoast-schema-graph\">{\"@context\":\"https:\\\/\\\/schema.org\",\"@graph\":[{\"@type\":\"Article\",\"@id\":\"https:\\\/\\\/wobronietradycjiiwiary.com\\\/a-jednak-mieli-racje-lub-o-tuszowaniu-pedofilii\\\/#article\",\"isPartOf\":{\"@id\":\"https:\\\/\\\/wobronietradycjiiwiary.com\\\/a-jednak-mieli-racje-lub-o-tuszowaniu-pedofilii\\\/\"},\"author\":{\"name\":\"Traditio et Fides\",\"@id\":\"https:\\\/\\\/wobronietradycjiiwiary.com\\\/pl\\\/#\\\/schema\\\/person\\\/2d6180ce6abcb681fef0daab7816e8f3\"},\"headline\":\"&#8220;A jednak mieli racj\u0119&#8221; lub o tuszowaniu pedofilii\",\"datePublished\":\"2021-07-01T06:00:00+00:00\",\"dateModified\":\"2025-02-07T14:51:58+00:00\",\"mainEntityOfPage\":{\"@id\":\"https:\\\/\\\/wobronietradycjiiwiary.com\\\/a-jednak-mieli-racje-lub-o-tuszowaniu-pedofilii\\\/\"},\"wordCount\":693,\"commentCount\":0,\"publisher\":{\"@id\":\"https:\\\/\\\/wobronietradycjiiwiary.com\\\/pl\\\/#organization\"},\"image\":{\"@id\":\"https:\\\/\\\/wobronietradycjiiwiary.com\\\/a-jednak-mieli-racje-lub-o-tuszowaniu-pedofilii\\\/#primaryimage\"},\"thumbnailUrl\":\"https:\\\/\\\/wobronietradycjiiwiary.com\\\/wp-content\\\/uploads\\\/2021\\\/07\\\/F002_PopesInHell.jpg\",\"keywords\":[\"Restricted\"],\"articleSection\":[\"Uj\u0119cie prawnokanoniczne\",\"Wobec dzieci - pedofilia w Ko\u015bciele\"],\"inLanguage\":\"en-US\",\"potentialAction\":[{\"@type\":\"CommentAction\",\"name\":\"Comment\",\"target\":[\"https:\\\/\\\/wobronietradycjiiwiary.com\\\/a-jednak-mieli-racje-lub-o-tuszowaniu-pedofilii\\\/#respond\"]}]},{\"@type\":\"WebPage\",\"@id\":\"https:\\\/\\\/wobronietradycjiiwiary.com\\\/a-jednak-mieli-racje-lub-o-tuszowaniu-pedofilii\\\/\",\"url\":\"https:\\\/\\\/wobronietradycjiiwiary.com\\\/a-jednak-mieli-racje-lub-o-tuszowaniu-pedofilii\\\/\",\"name\":\"\\\"A jednak mieli racj\u0119\\\" lub o tuszowaniu pedofilii - Tradycja i Wiara\",\"isPartOf\":{\"@id\":\"https:\\\/\\\/wobronietradycjiiwiary.com\\\/pl\\\/#website\"},\"primaryImageOfPage\":{\"@id\":\"https:\\\/\\\/wobronietradycjiiwiary.com\\\/a-jednak-mieli-racje-lub-o-tuszowaniu-pedofilii\\\/#primaryimage\"},\"image\":{\"@id\":\"https:\\\/\\\/wobronietradycjiiwiary.com\\\/a-jednak-mieli-racje-lub-o-tuszowaniu-pedofilii\\\/#primaryimage\"},\"thumbnailUrl\":\"https:\\\/\\\/wobronietradycjiiwiary.com\\\/wp-content\\\/uploads\\\/2021\\\/07\\\/F002_PopesInHell.jpg\",\"datePublished\":\"2021-07-01T06:00:00+00:00\",\"dateModified\":\"2025-02-07T14:51:58+00:00\",\"breadcrumb\":{\"@id\":\"https:\\\/\\\/wobronietradycjiiwiary.com\\\/a-jednak-mieli-racje-lub-o-tuszowaniu-pedofilii\\\/#breadcrumb\"},\"inLanguage\":\"en-US\",\"potentialAction\":[{\"@type\":\"ReadAction\",\"target\":[\"https:\\\/\\\/wobronietradycjiiwiary.com\\\/a-jednak-mieli-racje-lub-o-tuszowaniu-pedofilii\\\/\"]}]},{\"@type\":\"ImageObject\",\"inLanguage\":\"en-US\",\"@id\":\"https:\\\/\\\/wobronietradycjiiwiary.com\\\/a-jednak-mieli-racje-lub-o-tuszowaniu-pedofilii\\\/#primaryimage\",\"url\":\"https:\\\/\\\/wobronietradycjiiwiary.com\\\/wp-content\\\/uploads\\\/2021\\\/07\\\/F002_PopesInHell.jpg\",\"contentUrl\":\"https:\\\/\\\/wobronietradycjiiwiary.com\\\/wp-content\\\/uploads\\\/2021\\\/07\\\/F002_PopesInHell.jpg\",\"width\":600,\"height\":251},{\"@type\":\"BreadcrumbList\",\"@id\":\"https:\\\/\\\/wobronietradycjiiwiary.com\\\/a-jednak-mieli-racje-lub-o-tuszowaniu-pedofilii\\\/#breadcrumb\",\"itemListElement\":[{\"@type\":\"ListItem\",\"position\":1,\"name\":\"Strona g\u0142\u00f3wna\",\"item\":\"https:\\\/\\\/wobronietradycjiiwiary.com\\\/\"},{\"@type\":\"ListItem\",\"position\":2,\"name\":\"&#8220;A jednak mieli racj\u0119&#8221; lub o tuszowaniu pedofilii\"}]},{\"@type\":\"WebSite\",\"@id\":\"https:\\\/\\\/wobronietradycjiiwiary.com\\\/pl\\\/#website\",\"url\":\"https:\\\/\\\/wobronietradycjiiwiary.com\\\/pl\\\/\",\"name\":\"Tradycja i Wiara\",\"description\":\"Portal dla katolik\u00f3w.\",\"publisher\":{\"@id\":\"https:\\\/\\\/wobronietradycjiiwiary.com\\\/pl\\\/#organization\"},\"potentialAction\":[{\"@type\":\"SearchAction\",\"target\":{\"@type\":\"EntryPoint\",\"urlTemplate\":\"https:\\\/\\\/wobronietradycjiiwiary.com\\\/pl\\\/?s={search_term_string}\"},\"query-input\":{\"@type\":\"PropertyValueSpecification\",\"valueRequired\":true,\"valueName\":\"search_term_string\"}}],\"inLanguage\":\"en-US\"},{\"@type\":\"Organization\",\"@id\":\"https:\\\/\\\/wobronietradycjiiwiary.com\\\/pl\\\/#organization\",\"name\":\"Tradycja i Wiara\",\"url\":\"https:\\\/\\\/wobronietradycjiiwiary.com\\\/pl\\\/\",\"logo\":{\"@type\":\"ImageObject\",\"inLanguage\":\"en-US\",\"@id\":\"https:\\\/\\\/wobronietradycjiiwiary.com\\\/pl\\\/#\\\/schema\\\/logo\\\/image\\\/\",\"url\":\"https:\\\/\\\/i0.wp.com\\\/wobronietradycjiiwiary.com\\\/wp-content\\\/uploads\\\/2015\\\/10\\\/cropped-st-peters-dome-vatican.jpg?fit=940%2C198&ssl=1\",\"contentUrl\":\"https:\\\/\\\/i0.wp.com\\\/wobronietradycjiiwiary.com\\\/wp-content\\\/uploads\\\/2015\\\/10\\\/cropped-st-peters-dome-vatican.jpg?fit=940%2C198&ssl=1\",\"width\":940,\"height\":198,\"caption\":\"Tradycja i Wiara\"},\"image\":{\"@id\":\"https:\\\/\\\/wobronietradycjiiwiary.com\\\/pl\\\/#\\\/schema\\\/logo\\\/image\\\/\"},\"sameAs\":[\"https:\\\/\\\/www.facebook.com\\\/Tradycja-i-Wiara-108813920592249\"]},{\"@type\":\"Person\",\"@id\":\"https:\\\/\\\/wobronietradycjiiwiary.com\\\/pl\\\/#\\\/schema\\\/person\\\/2d6180ce6abcb681fef0daab7816e8f3\",\"name\":\"Traditio et Fides\",\"sameAs\":[\"https:\\\/\\\/traditionundglauben.com\"],\"url\":\"https:\\\/\\\/wobronietradycjiiwiary.com\\\/en\\\/author\\\/wobronietradycjiiwiary\\\/\"}]}<\/script>\n<!-- \/ Yoast SEO plugin. -->","yoast_head_json":{"title":"\"A jednak mieli racj\u0119\" lub o tuszowaniu pedofilii - Tradycja i Wiara","robots":{"index":"index","follow":"follow","max-snippet":"max-snippet:-1","max-image-preview":"max-image-preview:large","max-video-preview":"max-video-preview:-1"},"canonical":"https:\/\/wobronietradycjiiwiary.com\/en\/a-jednak-mieli-racje-lub-o-tuszowaniu-pedofilii\/","og_locale":"en_US","og_type":"article","og_title":"\"A jednak mieli racj\u0119\" lub o tuszowaniu pedofilii - Tradycja i Wiara","og_description":"Rozwa\u017cania na temat prawa ko\u015bcielnego i pedofilii. Wi\u0119cej pyta\u0144 ni\u017c odpowiedzi.","og_url":"https:\/\/wobronietradycjiiwiary.com\/en\/a-jednak-mieli-racje-lub-o-tuszowaniu-pedofilii\/","og_site_name":"Tradycja i Wiara","article_publisher":"https:\/\/www.facebook.com\/Tradycja-i-Wiara-108813920592249","article_published_time":"2021-07-01T06:00:00+00:00","article_modified_time":"2025-02-07T14:51:58+00:00","og_image":[{"width":600,"height":251,"url":"https:\/\/wobronietradycjiiwiary.com\/wp-content\/uploads\/2021\/07\/F002_PopesInHell.jpg","type":"image\/jpeg"}],"author":"Traditio et Fides","twitter_card":"summary_large_image","twitter_misc":{"Written by":"Traditio et Fides","Est. reading time":"3 minutes"},"schema":{"@context":"https:\/\/schema.org","@graph":[{"@type":"Article","@id":"https:\/\/wobronietradycjiiwiary.com\/a-jednak-mieli-racje-lub-o-tuszowaniu-pedofilii\/#article","isPartOf":{"@id":"https:\/\/wobronietradycjiiwiary.com\/a-jednak-mieli-racje-lub-o-tuszowaniu-pedofilii\/"},"author":{"name":"Traditio et Fides","@id":"https:\/\/wobronietradycjiiwiary.com\/pl\/#\/schema\/person\/2d6180ce6abcb681fef0daab7816e8f3"},"headline":"&#8220;A jednak mieli racj\u0119&#8221; lub o tuszowaniu pedofilii","datePublished":"2021-07-01T06:00:00+00:00","dateModified":"2025-02-07T14:51:58+00:00","mainEntityOfPage":{"@id":"https:\/\/wobronietradycjiiwiary.com\/a-jednak-mieli-racje-lub-o-tuszowaniu-pedofilii\/"},"wordCount":693,"commentCount":0,"publisher":{"@id":"https:\/\/wobronietradycjiiwiary.com\/pl\/#organization"},"image":{"@id":"https:\/\/wobronietradycjiiwiary.com\/a-jednak-mieli-racje-lub-o-tuszowaniu-pedofilii\/#primaryimage"},"thumbnailUrl":"https:\/\/wobronietradycjiiwiary.com\/wp-content\/uploads\/2021\/07\/F002_PopesInHell.jpg","keywords":["Restricted"],"articleSection":["Uj\u0119cie prawnokanoniczne","Wobec dzieci - pedofilia w Ko\u015bciele"],"inLanguage":"en-US","potentialAction":[{"@type":"CommentAction","name":"Comment","target":["https:\/\/wobronietradycjiiwiary.com\/a-jednak-mieli-racje-lub-o-tuszowaniu-pedofilii\/#respond"]}]},{"@type":"WebPage","@id":"https:\/\/wobronietradycjiiwiary.com\/a-jednak-mieli-racje-lub-o-tuszowaniu-pedofilii\/","url":"https:\/\/wobronietradycjiiwiary.com\/a-jednak-mieli-racje-lub-o-tuszowaniu-pedofilii\/","name":"\"A jednak mieli racj\u0119\" lub o tuszowaniu pedofilii - Tradycja i Wiara","isPartOf":{"@id":"https:\/\/wobronietradycjiiwiary.com\/pl\/#website"},"primaryImageOfPage":{"@id":"https:\/\/wobronietradycjiiwiary.com\/a-jednak-mieli-racje-lub-o-tuszowaniu-pedofilii\/#primaryimage"},"image":{"@id":"https:\/\/wobronietradycjiiwiary.com\/a-jednak-mieli-racje-lub-o-tuszowaniu-pedofilii\/#primaryimage"},"thumbnailUrl":"https:\/\/wobronietradycjiiwiary.com\/wp-content\/uploads\/2021\/07\/F002_PopesInHell.jpg","datePublished":"2021-07-01T06:00:00+00:00","dateModified":"2025-02-07T14:51:58+00:00","breadcrumb":{"@id":"https:\/\/wobronietradycjiiwiary.com\/a-jednak-mieli-racje-lub-o-tuszowaniu-pedofilii\/#breadcrumb"},"inLanguage":"en-US","potentialAction":[{"@type":"ReadAction","target":["https:\/\/wobronietradycjiiwiary.com\/a-jednak-mieli-racje-lub-o-tuszowaniu-pedofilii\/"]}]},{"@type":"ImageObject","inLanguage":"en-US","@id":"https:\/\/wobronietradycjiiwiary.com\/a-jednak-mieli-racje-lub-o-tuszowaniu-pedofilii\/#primaryimage","url":"https:\/\/wobronietradycjiiwiary.com\/wp-content\/uploads\/2021\/07\/F002_PopesInHell.jpg","contentUrl":"https:\/\/wobronietradycjiiwiary.com\/wp-content\/uploads\/2021\/07\/F002_PopesInHell.jpg","width":600,"height":251},{"@type":"BreadcrumbList","@id":"https:\/\/wobronietradycjiiwiary.com\/a-jednak-mieli-racje-lub-o-tuszowaniu-pedofilii\/#breadcrumb","itemListElement":[{"@type":"ListItem","position":1,"name":"Strona g\u0142\u00f3wna","item":"https:\/\/wobronietradycjiiwiary.com\/"},{"@type":"ListItem","position":2,"name":"&#8220;A jednak mieli racj\u0119&#8221; lub o tuszowaniu pedofilii"}]},{"@type":"WebSite","@id":"https:\/\/wobronietradycjiiwiary.com\/pl\/#website","url":"https:\/\/wobronietradycjiiwiary.com\/pl\/","name":"Tradycja i Wiara","description":"Portal dla katolik\u00f3w.","publisher":{"@id":"https:\/\/wobronietradycjiiwiary.com\/pl\/#organization"},"potentialAction":[{"@type":"SearchAction","target":{"@type":"EntryPoint","urlTemplate":"https:\/\/wobronietradycjiiwiary.com\/pl\/?s={search_term_string}"},"query-input":{"@type":"PropertyValueSpecification","valueRequired":true,"valueName":"search_term_string"}}],"inLanguage":"en-US"},{"@type":"Organization","@id":"https:\/\/wobronietradycjiiwiary.com\/pl\/#organization","name":"Tradycja i Wiara","url":"https:\/\/wobronietradycjiiwiary.com\/pl\/","logo":{"@type":"ImageObject","inLanguage":"en-US","@id":"https:\/\/wobronietradycjiiwiary.com\/pl\/#\/schema\/logo\/image\/","url":"https:\/\/i0.wp.com\/wobronietradycjiiwiary.com\/wp-content\/uploads\/2015\/10\/cropped-st-peters-dome-vatican.jpg?fit=940%2C198&ssl=1","contentUrl":"https:\/\/i0.wp.com\/wobronietradycjiiwiary.com\/wp-content\/uploads\/2015\/10\/cropped-st-peters-dome-vatican.jpg?fit=940%2C198&ssl=1","width":940,"height":198,"caption":"Tradycja i Wiara"},"image":{"@id":"https:\/\/wobronietradycjiiwiary.com\/pl\/#\/schema\/logo\/image\/"},"sameAs":["https:\/\/www.facebook.com\/Tradycja-i-Wiara-108813920592249"]},{"@type":"Person","@id":"https:\/\/wobronietradycjiiwiary.com\/pl\/#\/schema\/person\/2d6180ce6abcb681fef0daab7816e8f3","name":"Traditio et Fides","sameAs":["https:\/\/traditionundglauben.com"],"url":"https:\/\/wobronietradycjiiwiary.com\/en\/author\/wobronietradycjiiwiary\/"}]}},"jetpack_publicize_connections":[],"jetpack_sharing_enabled":true,"jetpack_likes_enabled":true,"jetpack_shortlink":"https:\/\/wp.me\/pc04Sd-cXA","jetpack-related-posts":[{"id":50190,"url":"https:\/\/wobronietradycjiiwiary.com\/en\/kolejka-strachow-lub-decyzje-watykanu\/","url_meta":{"origin":49822,"position":0},"title":"&#8220;Kolejka strach\u00f3w&#8221; lub decyzje Watykanu w kwestii nadu\u017cy\u0107 seksualnych duchownych","author":"Traditio et Fides","date":"8 July 2021","format":false,"excerpt":"Ustawodawstwo Stolicy Apostolskiej sprawia\u0142o, \u017ce ka\u017cdy biskup \u0142ama\u0142 w kwestii zg\u0142aszania przest\u0119pstw seksualnych albo prawo ko\u015bcielne albo cywilne.","rel":"","context":"In &quot;Uj\u0119cie prawnokanoniczne&quot;","block_context":{"text":"Uj\u0119cie prawnokanoniczne","link":"https:\/\/wobronietradycjiiwiary.com\/en\/category\/polemika\/kosciol-posoborowy\/naduzycia-seksualne-w-kosciele\/pedofilia-w-kosciele\/ujecie-prawnokanoniczne\/"},"img":{"alt_text":"","src":"https:\/\/i0.wp.com\/wobronietradycjiiwiary.com\/wp-content\/uploads\/2021\/07\/6cbccc7c308c35e50a25c3ed0553f791.jpg?resize=350%2C200&ssl=1","width":350,"height":200,"srcset":"https:\/\/i0.wp.com\/wobronietradycjiiwiary.com\/wp-content\/uploads\/2021\/07\/6cbccc7c308c35e50a25c3ed0553f791.jpg?resize=350%2C200&ssl=1 1x, https:\/\/i0.wp.com\/wobronietradycjiiwiary.com\/wp-content\/uploads\/2021\/07\/6cbccc7c308c35e50a25c3ed0553f791.jpg?resize=525%2C300&ssl=1 1.5x, https:\/\/i0.wp.com\/wobronietradycjiiwiary.com\/wp-content\/uploads\/2021\/07\/6cbccc7c308c35e50a25c3ed0553f791.jpg?resize=700%2C400&ssl=1 2x, https:\/\/i0.wp.com\/wobronietradycjiiwiary.com\/wp-content\/uploads\/2021\/07\/6cbccc7c308c35e50a25c3ed0553f791.jpg?resize=1050%2C600&ssl=1 3x, https:\/\/i0.wp.com\/wobronietradycjiiwiary.com\/wp-content\/uploads\/2021\/07\/6cbccc7c308c35e50a25c3ed0553f791.jpg?resize=1400%2C800&ssl=1 4x"},"classes":[]},{"id":45699,"url":"https:\/\/wobronietradycjiiwiary.com\/en\/pedofilia-w-kosciele-lub-kiedy-zaczal-sie-blad-systemowy-wprowadzenie-do-artykulu-kierana-tapsella-australijskiego-prawnika-i-teologa\/","url_meta":{"origin":49822,"position":1},"title":"Pedofilia w Ko\u015bciele lub kiedy zacz\u0105\u0142 si\u0119 b\u0142\u0105d systemowy? Wprowadzenie do artyku\u0142u Kierana Tapsella &#8211; australijskiego prawnika i teologa.","author":"Traditio et Fides","date":"12 April 2021","format":false,"excerpt":"Wprowadzenie do artyku\u0142u naukowego Kierana Tapsella na temat przepis\u00f3w kanonicznych dotycz\u0105cych wykorzystywania seksualnego nieletnich. Okazuje si\u0119, \u017ce b\u0142\u0105d systemy zacz\u0105\u0142 si\u0119 d\u0142ugo przed Soborem, bo ju\u017c w roku 1842,","rel":"","context":"In &quot;Kieran Tapsell&quot;","block_context":{"text":"Kieran Tapsell","link":"https:\/\/wobronietradycjiiwiary.com\/en\/category\/polemika\/kosciol-posoborowy\/naduzycia-seksualne-w-kosciele\/pedofilia-w-kosciele\/ujecie-prawnokanoniczne\/kieran-tapsell\/"},"img":{"alt_text":"","src":"https:\/\/i0.wp.com\/wobronietradycjiiwiary.com\/wp-content\/uploads\/2021\/04\/CYiNtSsUQAAbRbH.jpg?resize=350%2C200&ssl=1","width":350,"height":200,"srcset":"https:\/\/i0.wp.com\/wobronietradycjiiwiary.com\/wp-content\/uploads\/2021\/04\/CYiNtSsUQAAbRbH.jpg?resize=350%2C200&ssl=1 1x, https:\/\/i0.wp.com\/wobronietradycjiiwiary.com\/wp-content\/uploads\/2021\/04\/CYiNtSsUQAAbRbH.jpg?resize=525%2C300&ssl=1 1.5x"},"classes":[]},{"id":47370,"url":"https:\/\/wobronietradycjiiwiary.com\/en\/czy-podwojna-miara-to-katolicka-tradycja\/","url_meta":{"origin":49822,"position":2},"title":"Czy podw\u00f3jna miara to katolicka Tradycja?","author":"Traditio et Fides","date":"20 May 2021","format":false,"excerpt":"Gorzkie rozwa\u017cania na temat niekaralno\u015bci duchowie\u0144stwa przez zmiany wprowadzone w XX wieku.","rel":"","context":"In &quot;Uj\u0119cie prawnokanoniczne&quot;","block_context":{"text":"Uj\u0119cie prawnokanoniczne","link":"https:\/\/wobronietradycjiiwiary.com\/en\/category\/polemika\/kosciol-posoborowy\/naduzycia-seksualne-w-kosciele\/pedofilia-w-kosciele\/ujecie-prawnokanoniczne\/"},"img":{"alt_text":"","src":"https:\/\/i0.wp.com\/wobronietradycjiiwiary.com\/wp-content\/uploads\/2021\/05\/53f61a1228717528d1931a6e36d04a51.jpg?resize=350%2C200&ssl=1","width":350,"height":200,"srcset":"https:\/\/i0.wp.com\/wobronietradycjiiwiary.com\/wp-content\/uploads\/2021\/05\/53f61a1228717528d1931a6e36d04a51.jpg?resize=350%2C200&ssl=1 1x, https:\/\/i0.wp.com\/wobronietradycjiiwiary.com\/wp-content\/uploads\/2021\/05\/53f61a1228717528d1931a6e36d04a51.jpg?resize=525%2C300&ssl=1 1.5x"},"classes":[]},{"id":10073,"url":"https:\/\/wobronietradycjiiwiary.com\/en\/ojciec-surin-sj-wywiad-z-demonem-lewiatanem-1\/","url_meta":{"origin":49822,"position":3},"title":"Ojciec Surin SJ, Wypowied\u017a demona Lewiatana (1 z 16). Wygodne \u017cycie kleru.","author":"Traditio et Fides","date":"1 September 2016","format":false,"excerpt":"Wygodne \u017cycie przyci\u0105ga demony.","rel":"","context":"In &quot;\"Op\u0119tania w Loudun\"&quot;","block_context":{"text":"\"Op\u0119tania w Loudun\"","link":"https:\/\/wobronietradycjiiwiary.com\/en\/category\/doktryna\/teologia-dogmatyczna\/demonologia-teologia\/demon-teor\/opetania-w-loudun\/"},"img":{"alt_text":"","src":"https:\/\/i0.wp.com\/wobronietradycjiiwiary.com\/wp-content\/uploads\/2016\/06\/exorcisme-loudun.jpg?resize=350%2C200&ssl=1","width":350,"height":200},"classes":[]},{"id":87860,"url":"https:\/\/wobronietradycjiiwiary.com\/en\/planeta-plicata-lub-o-tym-ze-szata-rzeczywiscie-czyni-czlowieka\/","url_meta":{"origin":49822,"position":4},"title":"Planeta plicata lub o tym, \u017ce szata czyni cz\u0142owieka","author":"Traditio et Fides","date":"28 March 2023","format":false,"excerpt":"O tym, \u017ce str\u00f3j czyni cz\u0142owieka i dlaczego tak jest.","rel":"","context":"In &quot;Duchowo\u015b\u0107&quot;","block_context":{"text":"Duchowo\u015b\u0107","link":"https:\/\/wobronietradycjiiwiary.com\/en\/category\/duchowosc\/"},"img":{"alt_text":"","src":"https:\/\/i0.wp.com\/wobronietradycjiiwiary.com\/wp-content\/uploads\/2023\/03\/Bild2-1.jpg?resize=350%2C200&ssl=1","width":350,"height":200},"classes":[]},{"id":5209,"url":"https:\/\/wobronietradycjiiwiary.com\/en\/medjugorje-a-argument-demonologiczny-medjugorje-miejscem-manifestacji-demonicznych-i-egzorcyzmow-czesc-7-z-8\/","url_meta":{"origin":49822,"position":5},"title":"Medjugorje a \u201eargument demonologiczny\u201d: Medjugorje miejscem manifestacji demonicznych i egzorcyzm\u00f3w? (7 z 8)","author":"Traditio et Fides","date":"1 December 2014","format":false,"excerpt":"S\u0105 niestety egzorcy\u015bci, kt\u00f3rzy demony wrzucaj\u0105, nie wyrzucaj\u0105.","rel":"","context":"In &quot;Argument demonologiczny&quot;","block_context":{"text":"Argument demonologiczny","link":"https:\/\/wobronietradycjiiwiary.com\/en\/category\/polemika\/kosciol-posoborowy\/nowe-ruchy-w-kosciele\/medjugorie\/argument-demonologiczny\/"},"img":{"alt_text":"","src":"","width":0,"height":0},"classes":[]}],"amp_enabled":true,"jetpack_featured_media_url":"https:\/\/wobronietradycjiiwiary.com\/wp-content\/uploads\/2021\/07\/F002_PopesInHell.jpg","_links":{"self":[{"href":"https:\/\/wobronietradycjiiwiary.com\/en\/wp-json\/wp\/v2\/posts\/49822","targetHints":{"allow":["GET"]}}],"collection":[{"href":"https:\/\/wobronietradycjiiwiary.com\/en\/wp-json\/wp\/v2\/posts"}],"about":[{"href":"https:\/\/wobronietradycjiiwiary.com\/en\/wp-json\/wp\/v2\/types\/post"}],"author":[{"embeddable":true,"href":"https:\/\/wobronietradycjiiwiary.com\/en\/wp-json\/wp\/v2\/users\/60508433"}],"replies":[{"embeddable":true,"href":"https:\/\/wobronietradycjiiwiary.com\/en\/wp-json\/wp\/v2\/comments?post=49822"}],"version-history":[{"count":1,"href":"https:\/\/wobronietradycjiiwiary.com\/en\/wp-json\/wp\/v2\/posts\/49822\/revisions"}],"predecessor-version":[{"id":60360,"href":"https:\/\/wobronietradycjiiwiary.com\/en\/wp-json\/wp\/v2\/posts\/49822\/revisions\/60360"}],"wp:featuredmedia":[{"embeddable":true,"href":"https:\/\/wobronietradycjiiwiary.com\/en\/wp-json\/wp\/v2\/media\/49835"}],"wp:attachment":[{"href":"https:\/\/wobronietradycjiiwiary.com\/en\/wp-json\/wp\/v2\/media?parent=49822"}],"wp:term":[{"taxonomy":"category","embeddable":true,"href":"https:\/\/wobronietradycjiiwiary.com\/en\/wp-json\/wp\/v2\/categories?post=49822"},{"taxonomy":"post_tag","embeddable":true,"href":"https:\/\/wobronietradycjiiwiary.com\/en\/wp-json\/wp\/v2\/tags?post=49822"}],"curies":[{"name":"wp","href":"https:\/\/api.w.org\/{rel}","templated":true}]}}