{"id":49772,"date":"2021-06-29T08:00:00","date_gmt":"2021-06-29T06:00:00","guid":{"rendered":"https:\/\/wobronietradycjiiwiary.com\/?p=49772"},"modified":"2025-02-07T20:19:46","modified_gmt":"2025-02-07T19:19:46","slug":"carol-byrne-msza-dialogowana-17-z-94-stronniczosc-manipulacja-i-tlumienie-niekorzystnych-danych","status":"publish","type":"post","link":"https:\/\/wobronietradycjiiwiary.com\/en\/carol-byrne-msza-dialogowana-17-z-94-stronniczosc-manipulacja-i-tlumienie-niekorzystnych-danych\/","title":{"rendered":"Carol Byrne, &#8220;Msza dialogowana&#8221; (17 z 94): Stronniczo\u015b\u0107, manipulacja i t\u0142umienie niekorzystnych danych"},"content":{"rendered":"<div id=\"bsf_rt_marker\"><\/div><p>Istot\u0105 problemu z reform\u0105 Wigilii Paschalnej jest to, \u017ce zosta\u0142a ona zbudowana na serii fantazji, z kt\u00f3rych pierwsz\u0105 jest niestosowno\u015b\u0107&hellip;<\/p>\n<div style=\"text-align: center\">\n<p>&nbsp;<\/p>\n<\/div>\n<h2 style=\"border: 5px solid #0000A0;padding: 1em;text-align: center\"><span style=\"color: #000000\">Pe\u0142en dost\u0119p dla <span style=\"color: #00ccff\"><a style=\"color: #00ccff\" href=\"https:\/\/wobronietradycjiiwiary.com\/en\/subskrypcje-2\/\" target=\"_blank\" rel=\"noopener\">subskrybent\u00f3w<\/a><\/span>.<\/span><br \/>\n<span style=\"color: #3366ff\"><a style=\"color: #3366ff\" href=\"https:\/\/wobronietradycjiiwiary.com\/en\/account\/login\/\" target=\"_blank\" rel=\"noopener\"><span style=\"color: #00ccff\">Zaloguj<\/span><\/a> <\/span>si\u0119 lub przejd\u017a do <a href=\"https:\/\/wobronietradycjiiwiary.com\/en\/register\/\"><span style=\"color: #3366ff\">Rejestracji<\/span><\/a>.<\/h2>\n<div>\n<p style=\"text-align: center\"><a href=\"https:\/\/wobronietradycjiiwiary.com\/en\/subskrypcje-2\/cennik\/\" target=\"_blank\" rel=\"noopener\"><span style=\"color: #000080;font-size: 24pt\"><strong>Nowe ni\u017csze ceny<\/strong><\/span><\/a><\/p>\n<p style=\"text-align: center\"><strong><span style=\"font-size: 18pt;color: #000080\">P\u0142atno\u015b\u0107 kart\u0105<\/span><\/strong><\/p>\n<\/div>\n<h3 style=\"text-align: center\"><a href=\"https:\/\/wobronietradycjiiwiary.com\/en\/subskrypcje-2\/automatyczne\/indywidualne\/\" target=\"_blank\" rel=\"noopener\"><img fetchpriority=\"high\" decoding=\"async\" class=\"alignnone size-medium wp-image-80433\" src=\"https:\/\/wobronietradycjiiwiary.com\/wp-content\/uploads\/2022\/11\/Unbenannt-1-Online-1-300x202.jpg\" alt=\"\" width=\"300\" height=\"202\" srcset=\"https:\/\/wobronietradycjiiwiary.com\/wp-content\/uploads\/2022\/11\/Unbenannt-1-Online-1-300x202.jpg 300w, https:\/\/wobronietradycjiiwiary.com\/wp-content\/uploads\/2022\/11\/Unbenannt-1-Online-1-150x101.jpg 150w, https:\/\/wobronietradycjiiwiary.com\/wp-content\/uploads\/2022\/11\/Unbenannt-1-Online-1-18x12.jpg 18w, https:\/\/wobronietradycjiiwiary.com\/wp-content\/uploads\/2022\/11\/Unbenannt-1-Online-1.jpg 446w\" sizes=\"(max-width: 300px) 100vw, 300px\" \/><\/a><\/h3>\n<p style=\"text-align: center\"><strong><span style=\"font-size: 18pt;color: #000080\">P\u0142atno\u015b\u0107 przelewem<\/span><\/strong><\/p>\n<p><a href=\"https:\/\/wobronietradycjiiwiary.com\/en\/subskrypcje-2\/automatyczne\/indywidualne\/\" target=\"_blank\" rel=\"noopener\"><img decoding=\"async\" class=\"size-medium wp-image-80434 aligncenter\" src=\"https:\/\/wobronietradycjiiwiary.com\/wp-content\/uploads\/2022\/11\/Unbenannt-1-Przelewem-300x137.jpg\" alt=\"\" width=\"300\" height=\"137\" srcset=\"https:\/\/wobronietradycjiiwiary.com\/wp-content\/uploads\/2022\/11\/Unbenannt-1-Przelewem-300x137.jpg 300w, https:\/\/wobronietradycjiiwiary.com\/wp-content\/uploads\/2022\/11\/Unbenannt-1-Przelewem-450x206.jpg 450w, https:\/\/wobronietradycjiiwiary.com\/wp-content\/uploads\/2022\/11\/Unbenannt-1-Przelewem-600x274.jpg 600w, https:\/\/wobronietradycjiiwiary.com\/wp-content\/uploads\/2022\/11\/Unbenannt-1-Przelewem-150x69.jpg 150w, https:\/\/wobronietradycjiiwiary.com\/wp-content\/uploads\/2022\/11\/Unbenannt-1-Przelewem-18x8.jpg 18w, https:\/\/wobronietradycjiiwiary.com\/wp-content\/uploads\/2022\/11\/Unbenannt-1-Przelewem.jpg 676w\" sizes=\"(max-width: 300px) 100vw, 300px\" \/><\/a><\/p>\n<p style=\"text-align: center\"><strong><span style=\"font-size: 18pt;color: #000080\">P\u0142atno\u015b\u0107 kart\u0105 do 6 os\u00f3b<\/span><\/strong><\/p>\n<p><a href=\"https:\/\/wobronietradycjiiwiary.com\/en\/rodzinne\/\" target=\"_blank\" rel=\"noopener\"><img decoding=\"async\" class=\"size-medium wp-image-80435 aligncenter\" src=\"https:\/\/wobronietradycjiiwiary.com\/wp-content\/uploads\/2022\/11\/Unbenannt-1-Rodzinna-300x208.jpg\" alt=\"\" width=\"300\" height=\"208\" srcset=\"https:\/\/wobronietradycjiiwiary.com\/wp-content\/uploads\/2022\/11\/Unbenannt-1-Rodzinna-300x208.jpg 300w, https:\/\/wobronietradycjiiwiary.com\/wp-content\/uploads\/2022\/11\/Unbenannt-1-Rodzinna-150x104.jpg 150w, https:\/\/wobronietradycjiiwiary.com\/wp-content\/uploads\/2022\/11\/Unbenannt-1-Rodzinna-18x12.jpg 18w, https:\/\/wobronietradycjiiwiary.com\/wp-content\/uploads\/2022\/11\/Unbenannt-1-Rodzinna.jpg 448w\" sizes=\"(max-width: 300px) 100vw, 300px\" \/><\/a><\/p>\n<h3 style=\"text-align: center\"><\/h3>\n<h1 style=\"text-align: center\"><\/h1>","protected":false},"excerpt":{"rendered":"<p>Czy prze\u0142o\u017cenie obchod\u00f3w by\u0142o rzeczywi\u015bcie powodowane &#8220;wzgl\u0119dami duszpasterskimi&#8221;? Czy rzeczywi\u015bcie chodzi\u0142o o to, \u017ceby wi\u0119cej wiernych w nich uczestniczy\u0142o? Wyobra\u017amy sobie przedsoborow\u0105 rodzin\u0119 katolick\u0105 w 1951 roku, matka, ojciec, siedmioro dzieci, \u00f3sme w drodze. O ile uczestnictwo w wigilii w sobot\u0119 za dnia by\u0142o dla takiej rodziny mo\u017cliwe, bo przedtem ojciec z dziatkami szed\u0142 na groby, a mamusia przygotowywa\u0142a \u015bniadanie wielkanocne i \u015bwi\u0105teczne wypieki, o tyle p\u00f3j\u015bcie po ca\u0142ym tygodniu pracy, sprz\u0105tania i gotowania na wigili\u0119 w nocy wydaje si\u0119 niemo\u017cliwe. Wigilia w Vetus Ordo trwa sze\u015b\u0107 godzin, zatem ko\u0144czy si\u0119 o trzeciej lub czwartej nad ranem, dzieci przysypiaj\u0105 i s\u0105 markotne, kobiety mdlej\u0105, ojcowie z\u0142oszcz\u0105 si\u0119, ca\u0142a rodzina trafia wyko\u0144czona do domu o pi\u0105tej nad ranem i albo trzeba zbiera\u0107 si\u0119 znowu na rezurekcj\u0119, do kt\u00f3rej s\u0105 przyzwyczajeni, albo szykowa\u0107 \u015bwi\u0105teczne \u015bniadanie, na kt\u00f3re ma zjawi\u0107 si\u0119 rodzina, by ponarzeka\u0107 na zmiany. Czy p\u00f3jd\u0105 na to w przysz\u0142ym roku? Raczej nie. A poniewa\u017c s\u0105 dobrzy, wi\u0119c oskar\u017caj\u0105 samych siebie, nie Ko\u015bci\u00f3\u0142, \u017ce s\u0105 za ma\u0142o ofiarni, twardzi, wytrzymali, ksi\u0105dz im konfesjonale powie, \u017ce &#8220;Pan Jezus czeka&#8221; lub &#8220;papie\u017c wie, co robi&#8221; i konflikt gotowy. Przecie\u017c je\u017celi kto\u015b dotychczas a wigili\u0119 paschaln\u0105 za dnia nie chodzi\u0142, to na nocn\u0105 te\u017c nie p\u00f3jdzie, a ci, kt\u00f3rzy chodzili, chodzi\u0107 przestan\u0105, bo jest to za trudne i niewykonalne.<\/p>","protected":false},"author":60508433,"featured_media":25104,"comment_status":"open","ping_status":"open","sticky":false,"template":"","format":"standard","meta":{"_bbp_topic_count":0,"_bbp_reply_count":0,"_bbp_total_topic_count":0,"_bbp_total_reply_count":0,"_bbp_voice_count":0,"_bbp_anonymous_reply_count":0,"_bbp_topic_count_hidden":0,"_bbp_reply_count_hidden":0,"_bbp_forum_subforum_count":0,"_editorskit_title_hidden":false,"_editorskit_reading_time":6,"_editorskit_is_block_options_detached":false,"_editorskit_block_options_position":"{}","_coblocks_attr":"","_coblocks_dimensions":"","_coblocks_responsive_height":"","_coblocks_accordion_ie_support":"","_exactmetrics_skip_tracking":false,"_jetpack_newsletter_access":"","_jetpack_dont_email_post_to_subs":false,"_jetpack_newsletter_tier_id":0,"_jetpack_memberships_contains_paywalled_content":false,"_wpcom_ai_launchpad_first_post":false,"_jetpack_feature_clip_id":0,"_jetpack_memberships_contains_paid_content":false,"footnotes":"","jetpack_publicize_message":"{title}\n\n{excerpt}\n\n{url}","jetpack_publicize_feature_enabled":true,"jetpack_social_post_already_shared":true,"jetpack_social_options":{"image_generator_settings":{"template":"highway","default_image_id":0,"font":"","enabled":false},"version":2},"_wpas_customize_per_network":false,"jetpack_post_was_ever_published":false},"categories":[610135074,610135077,610133926,610131184,336375535],"tags":[610132133],"class_list":["post-49772","post","type-post","status-publish","format-standard","has-post-thumbnail","hentry","category-pius-xii-ku-zagladzie","category-reforma-wielkiego-tygodnia-i-maxima-redemptionis","category-byrne","category-duchowosc","category-liturgia-i-liturgika","tag-restricted"],"yoast_head":"<!-- This site is optimized with the Yoast SEO plugin v28.4 - https:\/\/yoast.com\/product\/yoast-seo-wordpress\/ -->\n<title>Carol Byrne, &quot;Msza dialogowana&quot; (17 z 94): Stronniczo\u015b\u0107, manipulacja i t\u0142umienie niekorzystnych danych - Tradycja i Wiara<\/title>\n<meta name=\"robots\" content=\"index, follow, max-snippet:-1, max-image-preview:large, max-video-preview:-1\" \/>\n<link rel=\"canonical\" href=\"https:\/\/wobronietradycjiiwiary.com\/en\/carol-byrne-msza-dialogowana-17-z-94-stronniczosc-manipulacja-i-tlumienie-niekorzystnych-danych\/\" \/>\n<meta property=\"og:locale\" content=\"en_US\" \/>\n<meta property=\"og:type\" content=\"article\" \/>\n<meta property=\"og:title\" content=\"Carol Byrne, &quot;Msza dialogowana&quot; (17 z 94): Stronniczo\u015b\u0107, manipulacja i t\u0142umienie niekorzystnych danych - Tradycja i Wiara\" \/>\n<meta property=\"og:description\" content=\"Czy prze\u0142o\u017cenie obchod\u00f3w by\u0142o rzeczywi\u015bcie powodowane &quot;wzgl\u0119dami duszpasterskimi&quot;? Czy rzeczywi\u015bcie chodzi\u0142o o to, \u017ceby wi\u0119cej wiernych w nich uczestniczy\u0142o? Wyobra\u017amy sobie przedsoborow\u0105 rodzin\u0119 katolick\u0105 w 1951 roku, matka, ojciec, siedmioro dzieci, \u00f3sme w drodze. O ile uczestnictwo w wigilii w sobot\u0119 za dnia by\u0142o dla takiej rodziny mo\u017cliwe, bo przedtem ojciec z dziatkami szed\u0142 na groby, a mamusia przygotowywa\u0142a \u015bniadanie wielkanocne i \u015bwi\u0105teczne wypieki, o tyle p\u00f3j\u015bcie po ca\u0142ym tygodniu pracy, sprz\u0105tania i gotowania na wigili\u0119 w nocy wydaje si\u0119 niemo\u017cliwe. Wigilia w Vetus Ordo trwa sze\u015b\u0107 godzin, zatem ko\u0144czy si\u0119 o trzeciej lub czwartej nad ranem, dzieci przysypiaj\u0105 i s\u0105 markotne, kobiety mdlej\u0105, ojcowie z\u0142oszcz\u0105 si\u0119, ca\u0142a rodzina trafia wyko\u0144czona do domu o pi\u0105tej nad ranem i albo trzeba zbiera\u0107 si\u0119 znowu na rezurekcj\u0119, do kt\u00f3rej s\u0105 przyzwyczajeni, albo szykowa\u0107 \u015bwi\u0105teczne \u015bniadanie, na kt\u00f3re ma zjawi\u0107 si\u0119 rodzina, by ponarzeka\u0107 na zmiany. Czy p\u00f3jd\u0105 na to w przysz\u0142ym roku? Raczej nie. A poniewa\u017c s\u0105 dobrzy, wi\u0119c oskar\u017caj\u0105 samych siebie, nie Ko\u015bci\u00f3\u0142, \u017ce s\u0105 za ma\u0142o ofiarni, twardzi, wytrzymali, ksi\u0105dz im konfesjonale powie, \u017ce &quot;Pan Jezus czeka&quot; lub &quot;papie\u017c wie, co robi&quot; i konflikt gotowy. Przecie\u017c je\u017celi kto\u015b dotychczas a wigili\u0119 paschaln\u0105 za dnia nie chodzi\u0142, to na nocn\u0105 te\u017c nie p\u00f3jdzie, a ci, kt\u00f3rzy chodzili, chodzi\u0107 przestan\u0105, bo jest to za trudne i niewykonalne.\" \/>\n<meta property=\"og:url\" content=\"https:\/\/wobronietradycjiiwiary.com\/en\/carol-byrne-msza-dialogowana-17-z-94-stronniczosc-manipulacja-i-tlumienie-niekorzystnych-danych\/\" \/>\n<meta property=\"og:site_name\" content=\"Tradycja i Wiara\" \/>\n<meta property=\"article:publisher\" content=\"https:\/\/www.facebook.com\/Tradycja-i-Wiara-108813920592249\" \/>\n<meta property=\"article:published_time\" content=\"2021-06-29T06:00:00+00:00\" \/>\n<meta property=\"article:modified_time\" content=\"2025-02-07T19:19:46+00:00\" \/>\n<meta property=\"og:image\" content=\"https:\/\/wobronietradycjiiwiary.com\/wp-content\/uploads\/2019\/10\/carreno-de-miranda.jpg\" \/>\n\t<meta property=\"og:image:width\" content=\"800\" \/>\n\t<meta property=\"og:image:height\" content=\"1179\" \/>\n\t<meta property=\"og:image:type\" content=\"image\/jpeg\" \/>\n<meta name=\"author\" content=\"Traditio et Fides\" \/>\n<meta name=\"twitter:card\" content=\"summary_large_image\" \/>\n<meta name=\"twitter:label1\" content=\"Written by\" \/>\n\t<meta name=\"twitter:data1\" content=\"Traditio et Fides\" \/>\n\t<meta name=\"twitter:label2\" content=\"Est. reading time\" \/>\n\t<meta name=\"twitter:data2\" content=\"8 minutes\" \/>\n<script type=\"application\/ld+json\" class=\"yoast-schema-graph\">{\"@context\":\"https:\\\/\\\/schema.org\",\"@graph\":[{\"@type\":\"Article\",\"@id\":\"https:\\\/\\\/wobronietradycjiiwiary.com\\\/carol-byrne-msza-dialogowana-17-z-94-stronniczosc-manipulacja-i-tlumienie-niekorzystnych-danych\\\/#article\",\"isPartOf\":{\"@id\":\"https:\\\/\\\/wobronietradycjiiwiary.com\\\/carol-byrne-msza-dialogowana-17-z-94-stronniczosc-manipulacja-i-tlumienie-niekorzystnych-danych\\\/\"},\"author\":{\"name\":\"Traditio et Fides\",\"@id\":\"https:\\\/\\\/wobronietradycjiiwiary.com\\\/pl\\\/#\\\/schema\\\/person\\\/2d6180ce6abcb681fef0daab7816e8f3\"},\"headline\":\"Carol Byrne, &#8220;Msza dialogowana&#8221; (17 z 94): Stronniczo\u015b\u0107, manipulacja i t\u0142umienie niekorzystnych danych\",\"datePublished\":\"2021-06-29T06:00:00+00:00\",\"dateModified\":\"2025-02-07T19:19:46+00:00\",\"mainEntityOfPage\":{\"@id\":\"https:\\\/\\\/wobronietradycjiiwiary.com\\\/carol-byrne-msza-dialogowana-17-z-94-stronniczosc-manipulacja-i-tlumienie-niekorzystnych-danych\\\/\"},\"wordCount\":1814,\"commentCount\":0,\"publisher\":{\"@id\":\"https:\\\/\\\/wobronietradycjiiwiary.com\\\/pl\\\/#organization\"},\"image\":{\"@id\":\"https:\\\/\\\/wobronietradycjiiwiary.com\\\/carol-byrne-msza-dialogowana-17-z-94-stronniczosc-manipulacja-i-tlumienie-niekorzystnych-danych\\\/#primaryimage\"},\"thumbnailUrl\":\"https:\\\/\\\/wobronietradycjiiwiary.com\\\/wp-content\\\/uploads\\\/2019\\\/10\\\/carreno-de-miranda.jpg\",\"keywords\":[\"Restricted\"],\"articleSection\":[\"3) Pius XII - ku zag\u0142adzie\",\"3. Reforma Wielkiego Tygodnia i \\\"Maxima Redemptionis\\\"\",\"Byrne, \\\"Msza dialogowana\\\"\",\"Duchowo\u015b\u0107\",\"Liturgia i liturgika\"],\"inLanguage\":\"en-US\",\"potentialAction\":[{\"@type\":\"CommentAction\",\"name\":\"Comment\",\"target\":[\"https:\\\/\\\/wobronietradycjiiwiary.com\\\/carol-byrne-msza-dialogowana-17-z-94-stronniczosc-manipulacja-i-tlumienie-niekorzystnych-danych\\\/#respond\"]}]},{\"@type\":\"WebPage\",\"@id\":\"https:\\\/\\\/wobronietradycjiiwiary.com\\\/carol-byrne-msza-dialogowana-17-z-94-stronniczosc-manipulacja-i-tlumienie-niekorzystnych-danych\\\/\",\"url\":\"https:\\\/\\\/wobronietradycjiiwiary.com\\\/carol-byrne-msza-dialogowana-17-z-94-stronniczosc-manipulacja-i-tlumienie-niekorzystnych-danych\\\/\",\"name\":\"Carol Byrne, \\\"Msza dialogowana\\\" (17 z 94): Stronniczo\u015b\u0107, manipulacja i t\u0142umienie niekorzystnych danych - Tradycja i Wiara\",\"isPartOf\":{\"@id\":\"https:\\\/\\\/wobronietradycjiiwiary.com\\\/pl\\\/#website\"},\"primaryImageOfPage\":{\"@id\":\"https:\\\/\\\/wobronietradycjiiwiary.com\\\/carol-byrne-msza-dialogowana-17-z-94-stronniczosc-manipulacja-i-tlumienie-niekorzystnych-danych\\\/#primaryimage\"},\"image\":{\"@id\":\"https:\\\/\\\/wobronietradycjiiwiary.com\\\/carol-byrne-msza-dialogowana-17-z-94-stronniczosc-manipulacja-i-tlumienie-niekorzystnych-danych\\\/#primaryimage\"},\"thumbnailUrl\":\"https:\\\/\\\/wobronietradycjiiwiary.com\\\/wp-content\\\/uploads\\\/2019\\\/10\\\/carreno-de-miranda.jpg\",\"datePublished\":\"2021-06-29T06:00:00+00:00\",\"dateModified\":\"2025-02-07T19:19:46+00:00\",\"breadcrumb\":{\"@id\":\"https:\\\/\\\/wobronietradycjiiwiary.com\\\/carol-byrne-msza-dialogowana-17-z-94-stronniczosc-manipulacja-i-tlumienie-niekorzystnych-danych\\\/#breadcrumb\"},\"inLanguage\":\"en-US\",\"potentialAction\":[{\"@type\":\"ReadAction\",\"target\":[\"https:\\\/\\\/wobronietradycjiiwiary.com\\\/carol-byrne-msza-dialogowana-17-z-94-stronniczosc-manipulacja-i-tlumienie-niekorzystnych-danych\\\/\"]}]},{\"@type\":\"ImageObject\",\"inLanguage\":\"en-US\",\"@id\":\"https:\\\/\\\/wobronietradycjiiwiary.com\\\/carol-byrne-msza-dialogowana-17-z-94-stronniczosc-manipulacja-i-tlumienie-niekorzystnych-danych\\\/#primaryimage\",\"url\":\"https:\\\/\\\/wobronietradycjiiwiary.com\\\/wp-content\\\/uploads\\\/2019\\\/10\\\/carreno-de-miranda.jpg\",\"contentUrl\":\"https:\\\/\\\/wobronietradycjiiwiary.com\\\/wp-content\\\/uploads\\\/2019\\\/10\\\/carreno-de-miranda.jpg\",\"width\":800,\"height\":1179},{\"@type\":\"BreadcrumbList\",\"@id\":\"https:\\\/\\\/wobronietradycjiiwiary.com\\\/carol-byrne-msza-dialogowana-17-z-94-stronniczosc-manipulacja-i-tlumienie-niekorzystnych-danych\\\/#breadcrumb\",\"itemListElement\":[{\"@type\":\"ListItem\",\"position\":1,\"name\":\"Strona g\u0142\u00f3wna\",\"item\":\"https:\\\/\\\/wobronietradycjiiwiary.com\\\/\"},{\"@type\":\"ListItem\",\"position\":2,\"name\":\"Carol Byrne, &#8220;Msza dialogowana&#8221; (17 z 94): Stronniczo\u015b\u0107, manipulacja i t\u0142umienie niekorzystnych danych\"}]},{\"@type\":\"WebSite\",\"@id\":\"https:\\\/\\\/wobronietradycjiiwiary.com\\\/pl\\\/#website\",\"url\":\"https:\\\/\\\/wobronietradycjiiwiary.com\\\/pl\\\/\",\"name\":\"Tradycja i Wiara\",\"description\":\"Portal dla katolik\u00f3w.\",\"publisher\":{\"@id\":\"https:\\\/\\\/wobronietradycjiiwiary.com\\\/pl\\\/#organization\"},\"potentialAction\":[{\"@type\":\"SearchAction\",\"target\":{\"@type\":\"EntryPoint\",\"urlTemplate\":\"https:\\\/\\\/wobronietradycjiiwiary.com\\\/pl\\\/?s={search_term_string}\"},\"query-input\":{\"@type\":\"PropertyValueSpecification\",\"valueRequired\":true,\"valueName\":\"search_term_string\"}}],\"inLanguage\":\"en-US\"},{\"@type\":\"Organization\",\"@id\":\"https:\\\/\\\/wobronietradycjiiwiary.com\\\/pl\\\/#organization\",\"name\":\"Tradycja i Wiara\",\"url\":\"https:\\\/\\\/wobronietradycjiiwiary.com\\\/pl\\\/\",\"logo\":{\"@type\":\"ImageObject\",\"inLanguage\":\"en-US\",\"@id\":\"https:\\\/\\\/wobronietradycjiiwiary.com\\\/pl\\\/#\\\/schema\\\/logo\\\/image\\\/\",\"url\":\"https:\\\/\\\/i0.wp.com\\\/wobronietradycjiiwiary.com\\\/wp-content\\\/uploads\\\/2015\\\/10\\\/cropped-st-peters-dome-vatican.jpg?fit=940%2C198&ssl=1\",\"contentUrl\":\"https:\\\/\\\/i0.wp.com\\\/wobronietradycjiiwiary.com\\\/wp-content\\\/uploads\\\/2015\\\/10\\\/cropped-st-peters-dome-vatican.jpg?fit=940%2C198&ssl=1\",\"width\":940,\"height\":198,\"caption\":\"Tradycja i Wiara\"},\"image\":{\"@id\":\"https:\\\/\\\/wobronietradycjiiwiary.com\\\/pl\\\/#\\\/schema\\\/logo\\\/image\\\/\"},\"sameAs\":[\"https:\\\/\\\/www.facebook.com\\\/Tradycja-i-Wiara-108813920592249\"]},{\"@type\":\"Person\",\"@id\":\"https:\\\/\\\/wobronietradycjiiwiary.com\\\/pl\\\/#\\\/schema\\\/person\\\/2d6180ce6abcb681fef0daab7816e8f3\",\"name\":\"Traditio et Fides\",\"sameAs\":[\"https:\\\/\\\/traditionundglauben.com\"],\"url\":\"https:\\\/\\\/wobronietradycjiiwiary.com\\\/en\\\/author\\\/wobronietradycjiiwiary\\\/\"}]}<\/script>\n<!-- \/ Yoast SEO plugin. -->","yoast_head_json":{"title":"Carol Byrne, \"Msza dialogowana\" (17 z 94): Stronniczo\u015b\u0107, manipulacja i t\u0142umienie niekorzystnych danych - Tradycja i Wiara","robots":{"index":"index","follow":"follow","max-snippet":"max-snippet:-1","max-image-preview":"max-image-preview:large","max-video-preview":"max-video-preview:-1"},"canonical":"https:\/\/wobronietradycjiiwiary.com\/en\/carol-byrne-msza-dialogowana-17-z-94-stronniczosc-manipulacja-i-tlumienie-niekorzystnych-danych\/","og_locale":"en_US","og_type":"article","og_title":"Carol Byrne, \"Msza dialogowana\" (17 z 94): Stronniczo\u015b\u0107, manipulacja i t\u0142umienie niekorzystnych danych - Tradycja i Wiara","og_description":"Czy prze\u0142o\u017cenie obchod\u00f3w by\u0142o rzeczywi\u015bcie powodowane \"wzgl\u0119dami duszpasterskimi\"? Czy rzeczywi\u015bcie chodzi\u0142o o to, \u017ceby wi\u0119cej wiernych w nich uczestniczy\u0142o? Wyobra\u017amy sobie przedsoborow\u0105 rodzin\u0119 katolick\u0105 w 1951 roku, matka, ojciec, siedmioro dzieci, \u00f3sme w drodze. O ile uczestnictwo w wigilii w sobot\u0119 za dnia by\u0142o dla takiej rodziny mo\u017cliwe, bo przedtem ojciec z dziatkami szed\u0142 na groby, a mamusia przygotowywa\u0142a \u015bniadanie wielkanocne i \u015bwi\u0105teczne wypieki, o tyle p\u00f3j\u015bcie po ca\u0142ym tygodniu pracy, sprz\u0105tania i gotowania na wigili\u0119 w nocy wydaje si\u0119 niemo\u017cliwe. Wigilia w Vetus Ordo trwa sze\u015b\u0107 godzin, zatem ko\u0144czy si\u0119 o trzeciej lub czwartej nad ranem, dzieci przysypiaj\u0105 i s\u0105 markotne, kobiety mdlej\u0105, ojcowie z\u0142oszcz\u0105 si\u0119, ca\u0142a rodzina trafia wyko\u0144czona do domu o pi\u0105tej nad ranem i albo trzeba zbiera\u0107 si\u0119 znowu na rezurekcj\u0119, do kt\u00f3rej s\u0105 przyzwyczajeni, albo szykowa\u0107 \u015bwi\u0105teczne \u015bniadanie, na kt\u00f3re ma zjawi\u0107 si\u0119 rodzina, by ponarzeka\u0107 na zmiany. Czy p\u00f3jd\u0105 na to w przysz\u0142ym roku? Raczej nie. A poniewa\u017c s\u0105 dobrzy, wi\u0119c oskar\u017caj\u0105 samych siebie, nie Ko\u015bci\u00f3\u0142, \u017ce s\u0105 za ma\u0142o ofiarni, twardzi, wytrzymali, ksi\u0105dz im konfesjonale powie, \u017ce \"Pan Jezus czeka\" lub \"papie\u017c wie, co robi\" i konflikt gotowy. Przecie\u017c je\u017celi kto\u015b dotychczas a wigili\u0119 paschaln\u0105 za dnia nie chodzi\u0142, to na nocn\u0105 te\u017c nie p\u00f3jdzie, a ci, kt\u00f3rzy chodzili, chodzi\u0107 przestan\u0105, bo jest to za trudne i niewykonalne.","og_url":"https:\/\/wobronietradycjiiwiary.com\/en\/carol-byrne-msza-dialogowana-17-z-94-stronniczosc-manipulacja-i-tlumienie-niekorzystnych-danych\/","og_site_name":"Tradycja i Wiara","article_publisher":"https:\/\/www.facebook.com\/Tradycja-i-Wiara-108813920592249","article_published_time":"2021-06-29T06:00:00+00:00","article_modified_time":"2025-02-07T19:19:46+00:00","og_image":[{"width":800,"height":1179,"url":"https:\/\/wobronietradycjiiwiary.com\/wp-content\/uploads\/2019\/10\/carreno-de-miranda.jpg","type":"image\/jpeg"}],"author":"Traditio et Fides","twitter_card":"summary_large_image","twitter_misc":{"Written by":"Traditio et Fides","Est. reading time":"8 minutes"},"schema":{"@context":"https:\/\/schema.org","@graph":[{"@type":"Article","@id":"https:\/\/wobronietradycjiiwiary.com\/carol-byrne-msza-dialogowana-17-z-94-stronniczosc-manipulacja-i-tlumienie-niekorzystnych-danych\/#article","isPartOf":{"@id":"https:\/\/wobronietradycjiiwiary.com\/carol-byrne-msza-dialogowana-17-z-94-stronniczosc-manipulacja-i-tlumienie-niekorzystnych-danych\/"},"author":{"name":"Traditio et Fides","@id":"https:\/\/wobronietradycjiiwiary.com\/pl\/#\/schema\/person\/2d6180ce6abcb681fef0daab7816e8f3"},"headline":"Carol Byrne, &#8220;Msza dialogowana&#8221; (17 z 94): Stronniczo\u015b\u0107, manipulacja i t\u0142umienie niekorzystnych danych","datePublished":"2021-06-29T06:00:00+00:00","dateModified":"2025-02-07T19:19:46+00:00","mainEntityOfPage":{"@id":"https:\/\/wobronietradycjiiwiary.com\/carol-byrne-msza-dialogowana-17-z-94-stronniczosc-manipulacja-i-tlumienie-niekorzystnych-danych\/"},"wordCount":1814,"commentCount":0,"publisher":{"@id":"https:\/\/wobronietradycjiiwiary.com\/pl\/#organization"},"image":{"@id":"https:\/\/wobronietradycjiiwiary.com\/carol-byrne-msza-dialogowana-17-z-94-stronniczosc-manipulacja-i-tlumienie-niekorzystnych-danych\/#primaryimage"},"thumbnailUrl":"https:\/\/wobronietradycjiiwiary.com\/wp-content\/uploads\/2019\/10\/carreno-de-miranda.jpg","keywords":["Restricted"],"articleSection":["3) Pius XII - ku zag\u0142adzie","3. Reforma Wielkiego Tygodnia i \"Maxima Redemptionis\"","Byrne, \"Msza dialogowana\"","Duchowo\u015b\u0107","Liturgia i liturgika"],"inLanguage":"en-US","potentialAction":[{"@type":"CommentAction","name":"Comment","target":["https:\/\/wobronietradycjiiwiary.com\/carol-byrne-msza-dialogowana-17-z-94-stronniczosc-manipulacja-i-tlumienie-niekorzystnych-danych\/#respond"]}]},{"@type":"WebPage","@id":"https:\/\/wobronietradycjiiwiary.com\/carol-byrne-msza-dialogowana-17-z-94-stronniczosc-manipulacja-i-tlumienie-niekorzystnych-danych\/","url":"https:\/\/wobronietradycjiiwiary.com\/carol-byrne-msza-dialogowana-17-z-94-stronniczosc-manipulacja-i-tlumienie-niekorzystnych-danych\/","name":"Carol Byrne, \"Msza dialogowana\" (17 z 94): Stronniczo\u015b\u0107, manipulacja i t\u0142umienie niekorzystnych danych - Tradycja i Wiara","isPartOf":{"@id":"https:\/\/wobronietradycjiiwiary.com\/pl\/#website"},"primaryImageOfPage":{"@id":"https:\/\/wobronietradycjiiwiary.com\/carol-byrne-msza-dialogowana-17-z-94-stronniczosc-manipulacja-i-tlumienie-niekorzystnych-danych\/#primaryimage"},"image":{"@id":"https:\/\/wobronietradycjiiwiary.com\/carol-byrne-msza-dialogowana-17-z-94-stronniczosc-manipulacja-i-tlumienie-niekorzystnych-danych\/#primaryimage"},"thumbnailUrl":"https:\/\/wobronietradycjiiwiary.com\/wp-content\/uploads\/2019\/10\/carreno-de-miranda.jpg","datePublished":"2021-06-29T06:00:00+00:00","dateModified":"2025-02-07T19:19:46+00:00","breadcrumb":{"@id":"https:\/\/wobronietradycjiiwiary.com\/carol-byrne-msza-dialogowana-17-z-94-stronniczosc-manipulacja-i-tlumienie-niekorzystnych-danych\/#breadcrumb"},"inLanguage":"en-US","potentialAction":[{"@type":"ReadAction","target":["https:\/\/wobronietradycjiiwiary.com\/carol-byrne-msza-dialogowana-17-z-94-stronniczosc-manipulacja-i-tlumienie-niekorzystnych-danych\/"]}]},{"@type":"ImageObject","inLanguage":"en-US","@id":"https:\/\/wobronietradycjiiwiary.com\/carol-byrne-msza-dialogowana-17-z-94-stronniczosc-manipulacja-i-tlumienie-niekorzystnych-danych\/#primaryimage","url":"https:\/\/wobronietradycjiiwiary.com\/wp-content\/uploads\/2019\/10\/carreno-de-miranda.jpg","contentUrl":"https:\/\/wobronietradycjiiwiary.com\/wp-content\/uploads\/2019\/10\/carreno-de-miranda.jpg","width":800,"height":1179},{"@type":"BreadcrumbList","@id":"https:\/\/wobronietradycjiiwiary.com\/carol-byrne-msza-dialogowana-17-z-94-stronniczosc-manipulacja-i-tlumienie-niekorzystnych-danych\/#breadcrumb","itemListElement":[{"@type":"ListItem","position":1,"name":"Strona g\u0142\u00f3wna","item":"https:\/\/wobronietradycjiiwiary.com\/"},{"@type":"ListItem","position":2,"name":"Carol Byrne, &#8220;Msza dialogowana&#8221; (17 z 94): Stronniczo\u015b\u0107, manipulacja i t\u0142umienie niekorzystnych danych"}]},{"@type":"WebSite","@id":"https:\/\/wobronietradycjiiwiary.com\/pl\/#website","url":"https:\/\/wobronietradycjiiwiary.com\/pl\/","name":"Tradycja i Wiara","description":"Portal dla katolik\u00f3w.","publisher":{"@id":"https:\/\/wobronietradycjiiwiary.com\/pl\/#organization"},"potentialAction":[{"@type":"SearchAction","target":{"@type":"EntryPoint","urlTemplate":"https:\/\/wobronietradycjiiwiary.com\/pl\/?s={search_term_string}"},"query-input":{"@type":"PropertyValueSpecification","valueRequired":true,"valueName":"search_term_string"}}],"inLanguage":"en-US"},{"@type":"Organization","@id":"https:\/\/wobronietradycjiiwiary.com\/pl\/#organization","name":"Tradycja i Wiara","url":"https:\/\/wobronietradycjiiwiary.com\/pl\/","logo":{"@type":"ImageObject","inLanguage":"en-US","@id":"https:\/\/wobronietradycjiiwiary.com\/pl\/#\/schema\/logo\/image\/","url":"https:\/\/i0.wp.com\/wobronietradycjiiwiary.com\/wp-content\/uploads\/2015\/10\/cropped-st-peters-dome-vatican.jpg?fit=940%2C198&ssl=1","contentUrl":"https:\/\/i0.wp.com\/wobronietradycjiiwiary.com\/wp-content\/uploads\/2015\/10\/cropped-st-peters-dome-vatican.jpg?fit=940%2C198&ssl=1","width":940,"height":198,"caption":"Tradycja i Wiara"},"image":{"@id":"https:\/\/wobronietradycjiiwiary.com\/pl\/#\/schema\/logo\/image\/"},"sameAs":["https:\/\/www.facebook.com\/Tradycja-i-Wiara-108813920592249"]},{"@type":"Person","@id":"https:\/\/wobronietradycjiiwiary.com\/pl\/#\/schema\/person\/2d6180ce6abcb681fef0daab7816e8f3","name":"Traditio et Fides","sameAs":["https:\/\/traditionundglauben.com"],"url":"https:\/\/wobronietradycjiiwiary.com\/en\/author\/wobronietradycjiiwiary\/"}]}},"jetpack_publicize_connections":[],"jetpack_sharing_enabled":true,"jetpack_likes_enabled":true,"jetpack_shortlink":"https:\/\/wp.me\/pc04Sd-cWM","jetpack-related-posts":[{"id":79639,"url":"https:\/\/wobronietradycjiiwiary.com\/en\/carol-byrne-msza-dialogowana-56-2-z-94-niemiecko-francuska-mafia-za-reforma-liturgiczna\/","url_meta":{"origin":49772,"position":0},"title":"Carol Byrne, &#8220;Msza dialogowana&#8221;. (56.2 z 94). Niemiecko-francuska mafia za reform\u0105 liturgiczn\u0105","author":"Traditio et Fides","date":"18 October 2022","format":false,"excerpt":"O zast\u0105pieniu Tradycji destrukcj\u0105 i innowacj\u0105.","rel":"","context":"In &quot;3) Pius XII - ku zag\u0142adzie&quot;","block_context":{"text":"3) Pius XII - ku zag\u0142adzie","link":"https:\/\/wobronietradycjiiwiary.com\/en\/category\/doktryna\/teologia-liturgii\/byrne-doktryna\/byrne\/pius-xii-ku-zagladzie\/"},"img":{"alt_text":"","src":"https:\/\/i0.wp.com\/wobronietradycjiiwiary.com\/wp-content\/uploads\/2019\/10\/carreno-de-miranda.jpg?resize=350%2C200&ssl=1","width":350,"height":200,"srcset":"https:\/\/i0.wp.com\/wobronietradycjiiwiary.com\/wp-content\/uploads\/2019\/10\/carreno-de-miranda.jpg?resize=350%2C200&ssl=1 1x, https:\/\/i0.wp.com\/wobronietradycjiiwiary.com\/wp-content\/uploads\/2019\/10\/carreno-de-miranda.jpg?resize=525%2C300&ssl=1 1.5x, https:\/\/i0.wp.com\/wobronietradycjiiwiary.com\/wp-content\/uploads\/2019\/10\/carreno-de-miranda.jpg?resize=700%2C400&ssl=1 2x"},"classes":[]},{"id":81932,"url":"https:\/\/wobronietradycjiiwiary.com\/en\/carol-byrne-msza-dialogowana-57-3-z-94-reorganizacja-wigilii-paschalnej\/","url_meta":{"origin":49772,"position":1},"title":"Carol Byrne, &#8220;Msza dialogowana&#8221;. (57.3 z 94). Reorganizacja Wigilii Paschalnej","author":"Traditio et Fides","date":"29 November 2022","format":false,"excerpt":"O tym, dlaczego zmiany liturgiczne przypominaj\u0105 gr\u0119 w muszelki (shell game).","rel":"","context":"In &quot;3) Pius XII - ku zag\u0142adzie&quot;","block_context":{"text":"3) Pius XII - ku zag\u0142adzie","link":"https:\/\/wobronietradycjiiwiary.com\/en\/category\/doktryna\/teologia-liturgii\/byrne-doktryna\/byrne\/pius-xii-ku-zagladzie\/"},"img":{"alt_text":"","src":"https:\/\/i0.wp.com\/wobronietradycjiiwiary.com\/wp-content\/uploads\/2019\/10\/carreno-de-miranda.jpg?resize=350%2C200&ssl=1","width":350,"height":200,"srcset":"https:\/\/i0.wp.com\/wobronietradycjiiwiary.com\/wp-content\/uploads\/2019\/10\/carreno-de-miranda.jpg?resize=350%2C200&ssl=1 1x, https:\/\/i0.wp.com\/wobronietradycjiiwiary.com\/wp-content\/uploads\/2019\/10\/carreno-de-miranda.jpg?resize=525%2C300&ssl=1 1.5x, https:\/\/i0.wp.com\/wobronietradycjiiwiary.com\/wp-content\/uploads\/2019\/10\/carreno-de-miranda.jpg?resize=700%2C400&ssl=1 2x"},"classes":[]},{"id":81730,"url":"https:\/\/wobronietradycjiiwiary.com\/en\/carol-byrne-msza-dialogowana-57-2-z-94-reorganizacja-wigilii-paschalnej\/","url_meta":{"origin":49772,"position":2},"title":"Carol Byrne, &#8220;Msza dialogowana&#8221;. (57.2 z 94). Reorganizacja Wigilii Paschalnej","author":"Traditio et Fides","date":"22 November 2022","format":false,"excerpt":"O likwidacji kolejnych ma\u0142ych b\u0142ogos\u0142awie\u0144stw, by doprowadzi\u0107 do zawalenia ca\u0142o\u015bci.","rel":"","context":"In &quot;3) Pius XII - ku zag\u0142adzie&quot;","block_context":{"text":"3) Pius XII - ku zag\u0142adzie","link":"https:\/\/wobronietradycjiiwiary.com\/en\/category\/doktryna\/teologia-liturgii\/byrne-doktryna\/byrne\/pius-xii-ku-zagladzie\/"},"img":{"alt_text":"","src":"https:\/\/i0.wp.com\/wobronietradycjiiwiary.com\/wp-content\/uploads\/2019\/10\/carreno-de-miranda.jpg?resize=350%2C200&ssl=1","width":350,"height":200,"srcset":"https:\/\/i0.wp.com\/wobronietradycjiiwiary.com\/wp-content\/uploads\/2019\/10\/carreno-de-miranda.jpg?resize=350%2C200&ssl=1 1x, https:\/\/i0.wp.com\/wobronietradycjiiwiary.com\/wp-content\/uploads\/2019\/10\/carreno-de-miranda.jpg?resize=525%2C300&ssl=1 1.5x, https:\/\/i0.wp.com\/wobronietradycjiiwiary.com\/wp-content\/uploads\/2019\/10\/carreno-de-miranda.jpg?resize=700%2C400&ssl=1 2x"},"classes":[]},{"id":50088,"url":"https:\/\/wobronietradycjiiwiary.com\/en\/carol-byrne-msza-dialogowana-18-z-94-maxima-redemptionis-potiomkinowska-wsia\/","url_meta":{"origin":49772,"position":3},"title":"Carol Byrne, &#8220;Msza dialogowana&#8221; (18 z 94): Maxima Redemptionis \u201epotiomkinowsk\u0105 wsi\u0105\u201d","author":"Traditio et Fides","date":"6 July 2021","format":false,"excerpt":"Czy ko\u015bcio\u0142y przed 1955 rzeczywi\u015bcie \u015bwieci\u0142y podczas Triduum pustkami, tak i\u017c reformy Maxima Redemptionis by\u0142y konieczne? Carol Byrne dowodzi, \u017ce nie.","rel":"","context":"In &quot;3) Pius XII - ku zag\u0142adzie&quot;","block_context":{"text":"3) Pius XII - ku zag\u0142adzie","link":"https:\/\/wobronietradycjiiwiary.com\/en\/category\/doktryna\/teologia-liturgii\/byrne-doktryna\/byrne\/pius-xii-ku-zagladzie\/"},"img":{"alt_text":"","src":"https:\/\/i0.wp.com\/wobronietradycjiiwiary.com\/wp-content\/uploads\/2019\/10\/carreno-de-miranda.jpg?resize=350%2C200&ssl=1","width":350,"height":200,"srcset":"https:\/\/i0.wp.com\/wobronietradycjiiwiary.com\/wp-content\/uploads\/2019\/10\/carreno-de-miranda.jpg?resize=350%2C200&ssl=1 1x, https:\/\/i0.wp.com\/wobronietradycjiiwiary.com\/wp-content\/uploads\/2019\/10\/carreno-de-miranda.jpg?resize=525%2C300&ssl=1 1.5x, https:\/\/i0.wp.com\/wobronietradycjiiwiary.com\/wp-content\/uploads\/2019\/10\/carreno-de-miranda.jpg?resize=700%2C400&ssl=1 2x"},"classes":[]},{"id":82995,"url":"https:\/\/wobronietradycjiiwiary.com\/en\/carol-byrne-msza-dialogowana-60-1-z-94-oddzielenie-lex-credendi-od-lex-orandi\/","url_meta":{"origin":49772,"position":4},"title":"Carol Byrne, &#8220;Msza dialogowana&#8221;. (60.1 z 94). Oddzielenie\u00a0lex credendi od\u00a0lex orandi","author":"Traditio et Fides","date":"27 December 2022","format":false,"excerpt":"O redukcji czyta\u0144 podczas Wigilii Paschalnej z dwunastu do czterech.","rel":"","context":"In &quot;3) Pius XII - ku zag\u0142adzie&quot;","block_context":{"text":"3) Pius XII - ku zag\u0142adzie","link":"https:\/\/wobronietradycjiiwiary.com\/en\/category\/doktryna\/teologia-liturgii\/byrne-doktryna\/byrne\/pius-xii-ku-zagladzie\/"},"img":{"alt_text":"","src":"https:\/\/i0.wp.com\/wobronietradycjiiwiary.com\/wp-content\/uploads\/2019\/10\/carreno-de-miranda.jpg?resize=350%2C200&ssl=1","width":350,"height":200,"srcset":"https:\/\/i0.wp.com\/wobronietradycjiiwiary.com\/wp-content\/uploads\/2019\/10\/carreno-de-miranda.jpg?resize=350%2C200&ssl=1 1x, https:\/\/i0.wp.com\/wobronietradycjiiwiary.com\/wp-content\/uploads\/2019\/10\/carreno-de-miranda.jpg?resize=525%2C300&ssl=1 1.5x, https:\/\/i0.wp.com\/wobronietradycjiiwiary.com\/wp-content\/uploads\/2019\/10\/carreno-de-miranda.jpg?resize=700%2C400&ssl=1 2x"},"classes":[]},{"id":49653,"url":"https:\/\/wobronietradycjiiwiary.com\/en\/carol-byrne-msza-dialogowana-16-z-94-niespojna-reforma\/","url_meta":{"origin":49772,"position":5},"title":"Carol Byrne, &#8220;Msza dialogowana&#8221; (16 z 94): Niesp\u00f3jna reforma","author":"Traditio et Fides","date":"22 June 2021","format":false,"excerpt":"Czas liturgiczny, to nie czas astronomiczny i dlatego mo\u017cna obchodzi\u0107 wigili\u0119 za dnia, skoro \"vigilia\" oznacza czuwanie przez nadchodz\u0105cym \u015bwi\u0119tem.","rel":"","context":"In &quot;3) Pius XII - ku zag\u0142adzie&quot;","block_context":{"text":"3) Pius XII - ku zag\u0142adzie","link":"https:\/\/wobronietradycjiiwiary.com\/en\/category\/doktryna\/teologia-liturgii\/byrne-doktryna\/byrne\/pius-xii-ku-zagladzie\/"},"img":{"alt_text":"","src":"https:\/\/i0.wp.com\/wobronietradycjiiwiary.com\/wp-content\/uploads\/2019\/10\/carreno-de-miranda.jpg?resize=350%2C200&ssl=1","width":350,"height":200,"srcset":"https:\/\/i0.wp.com\/wobronietradycjiiwiary.com\/wp-content\/uploads\/2019\/10\/carreno-de-miranda.jpg?resize=350%2C200&ssl=1 1x, https:\/\/i0.wp.com\/wobronietradycjiiwiary.com\/wp-content\/uploads\/2019\/10\/carreno-de-miranda.jpg?resize=525%2C300&ssl=1 1.5x, https:\/\/i0.wp.com\/wobronietradycjiiwiary.com\/wp-content\/uploads\/2019\/10\/carreno-de-miranda.jpg?resize=700%2C400&ssl=1 2x"},"classes":[]}],"amp_enabled":true,"jetpack_featured_media_url":"https:\/\/wobronietradycjiiwiary.com\/wp-content\/uploads\/2019\/10\/carreno-de-miranda.jpg","_links":{"self":[{"href":"https:\/\/wobronietradycjiiwiary.com\/en\/wp-json\/wp\/v2\/posts\/49772","targetHints":{"allow":["GET"]}}],"collection":[{"href":"https:\/\/wobronietradycjiiwiary.com\/en\/wp-json\/wp\/v2\/posts"}],"about":[{"href":"https:\/\/wobronietradycjiiwiary.com\/en\/wp-json\/wp\/v2\/types\/post"}],"author":[{"embeddable":true,"href":"https:\/\/wobronietradycjiiwiary.com\/en\/wp-json\/wp\/v2\/users\/60508433"}],"replies":[{"embeddable":true,"href":"https:\/\/wobronietradycjiiwiary.com\/en\/wp-json\/wp\/v2\/comments?post=49772"}],"version-history":[{"count":1,"href":"https:\/\/wobronietradycjiiwiary.com\/en\/wp-json\/wp\/v2\/posts\/49772\/revisions"}],"predecessor-version":[{"id":58855,"href":"https:\/\/wobronietradycjiiwiary.com\/en\/wp-json\/wp\/v2\/posts\/49772\/revisions\/58855"}],"wp:featuredmedia":[{"embeddable":true,"href":"https:\/\/wobronietradycjiiwiary.com\/en\/wp-json\/wp\/v2\/media\/25104"}],"wp:attachment":[{"href":"https:\/\/wobronietradycjiiwiary.com\/en\/wp-json\/wp\/v2\/media?parent=49772"}],"wp:term":[{"taxonomy":"category","embeddable":true,"href":"https:\/\/wobronietradycjiiwiary.com\/en\/wp-json\/wp\/v2\/categories?post=49772"},{"taxonomy":"post_tag","embeddable":true,"href":"https:\/\/wobronietradycjiiwiary.com\/en\/wp-json\/wp\/v2\/tags?post=49772"}],"curies":[{"name":"wp","href":"https:\/\/api.w.org\/{rel}","templated":true}]}}