{"id":47911,"date":"2021-08-27T08:00:00","date_gmt":"2021-08-27T06:00:00","guid":{"rendered":"https:\/\/wobronietradycjiiwiary.com\/?p=47911"},"modified":"2025-02-07T15:47:15","modified_gmt":"2025-02-07T14:47:15","slug":"poulain-sj-v-proby-zsylane-przez-boga-kontemplatykom-rozdzial-xxvii-o-kwietyzmie-103-wypowiedzi-kwietystow-i-innych-%c2%a7-1-teksty-kwietystow-dotyczace-ich-podstawowej-zasady-dazenia-do-mini","status":"publish","type":"post","link":"https:\/\/wobronietradycjiiwiary.com\/en\/poulain-sj-v-proby-zsylane-przez-boga-kontemplatykom-rozdzial-xxvii-o-kwietyzmie-103-wypowiedzi-kwietystow-i-innych-%c2%a7-1-teksty-kwietystow-dotyczace-ich-podstawowej-zasady-dazenia-do-mini\/","title":{"rendered":"Poulain SJ: V. Pr\u00f3by zsy\u0142ane przez Boga kontemplatykom. Rozdzia\u0142 XXVII. O kwietyzmie (103). Wypowiedzi kwietyst\u00f3w i innych. \u00a7 1. Teksty kwietyst\u00f3w dotycz\u0105ce ich podstawowej zasady d\u0105\u017cenia do minimum aktywno\u015bci"},"content":{"rendered":"<div id=\"bsf_rt_marker\"><\/div><p>30. Molinos: Trzeba, \u017ceby cz\u0142owiek unicestwi\u0142 swoje w\u0142adze. Taka jest droga \u017cycia wewn\u0119trznego (1). Chcie\u0107 by\u0107 czynnym, to znaczy obra\u017ca\u0107&hellip;<\/p>\n<div style=\"text-align: center\">\n<p>&nbsp;<\/p>\n<\/div>\n<h2 style=\"border: 5px solid #0000A0;padding: 1em;text-align: center\"><span style=\"color: #000000\">Pe\u0142en dost\u0119p dla <span style=\"color: #00ccff\"><a style=\"color: #00ccff\" href=\"https:\/\/wobronietradycjiiwiary.com\/en\/subskrypcje-2\/\" target=\"_blank\" rel=\"noopener\">subskrybent\u00f3w<\/a><\/span>.<\/span><br \/>\n<span style=\"color: #3366ff\"><a style=\"color: #3366ff\" href=\"https:\/\/wobronietradycjiiwiary.com\/en\/account\/login\/\" target=\"_blank\" rel=\"noopener\"><span style=\"color: #00ccff\">Zaloguj<\/span><\/a> <\/span>si\u0119 lub przejd\u017a do <a href=\"https:\/\/wobronietradycjiiwiary.com\/en\/register\/\"><span style=\"color: #3366ff\">Rejestracji<\/span><\/a>.<\/h2>\n<div>\n<p style=\"text-align: center\"><a href=\"https:\/\/wobronietradycjiiwiary.com\/en\/subskrypcje-2\/cennik\/\" target=\"_blank\" rel=\"noopener\"><span style=\"color: #000080;font-size: 24pt\"><strong>Nowe ni\u017csze ceny<\/strong><\/span><\/a><\/p>\n<p style=\"text-align: center\"><strong><span style=\"font-size: 18pt;color: #000080\">P\u0142atno\u015b\u0107 kart\u0105<\/span><\/strong><\/p>\n<\/div>\n<h3 style=\"text-align: center\"><a href=\"https:\/\/wobronietradycjiiwiary.com\/en\/subskrypcje-2\/automatyczne\/indywidualne\/\" target=\"_blank\" rel=\"noopener\"><img fetchpriority=\"high\" decoding=\"async\" class=\"alignnone size-medium wp-image-80433\" src=\"https:\/\/wobronietradycjiiwiary.com\/wp-content\/uploads\/2022\/11\/Unbenannt-1-Online-1-300x202.jpg\" alt=\"\" width=\"300\" height=\"202\" srcset=\"https:\/\/wobronietradycjiiwiary.com\/wp-content\/uploads\/2022\/11\/Unbenannt-1-Online-1-300x202.jpg 300w, https:\/\/wobronietradycjiiwiary.com\/wp-content\/uploads\/2022\/11\/Unbenannt-1-Online-1-150x101.jpg 150w, https:\/\/wobronietradycjiiwiary.com\/wp-content\/uploads\/2022\/11\/Unbenannt-1-Online-1-18x12.jpg 18w, https:\/\/wobronietradycjiiwiary.com\/wp-content\/uploads\/2022\/11\/Unbenannt-1-Online-1.jpg 446w\" sizes=\"(max-width: 300px) 100vw, 300px\" \/><\/a><\/h3>\n<p style=\"text-align: center\"><strong><span style=\"font-size: 18pt;color: #000080\">P\u0142atno\u015b\u0107 przelewem<\/span><\/strong><\/p>\n<p><a href=\"https:\/\/wobronietradycjiiwiary.com\/en\/subskrypcje-2\/automatyczne\/indywidualne\/\" target=\"_blank\" rel=\"noopener\"><img decoding=\"async\" class=\"size-medium wp-image-80434 aligncenter\" src=\"https:\/\/wobronietradycjiiwiary.com\/wp-content\/uploads\/2022\/11\/Unbenannt-1-Przelewem-300x137.jpg\" alt=\"\" width=\"300\" height=\"137\" srcset=\"https:\/\/wobronietradycjiiwiary.com\/wp-content\/uploads\/2022\/11\/Unbenannt-1-Przelewem-300x137.jpg 300w, https:\/\/wobronietradycjiiwiary.com\/wp-content\/uploads\/2022\/11\/Unbenannt-1-Przelewem-450x206.jpg 450w, https:\/\/wobronietradycjiiwiary.com\/wp-content\/uploads\/2022\/11\/Unbenannt-1-Przelewem-600x274.jpg 600w, https:\/\/wobronietradycjiiwiary.com\/wp-content\/uploads\/2022\/11\/Unbenannt-1-Przelewem-150x69.jpg 150w, https:\/\/wobronietradycjiiwiary.com\/wp-content\/uploads\/2022\/11\/Unbenannt-1-Przelewem-18x8.jpg 18w, https:\/\/wobronietradycjiiwiary.com\/wp-content\/uploads\/2022\/11\/Unbenannt-1-Przelewem.jpg 676w\" sizes=\"(max-width: 300px) 100vw, 300px\" \/><\/a><\/p>\n<p style=\"text-align: center\"><strong><span style=\"font-size: 18pt;color: #000080\">P\u0142atno\u015b\u0107 kart\u0105 do 6 os\u00f3b<\/span><\/strong><\/p>\n<p><a href=\"https:\/\/wobronietradycjiiwiary.com\/en\/rodzinne\/\" target=\"_blank\" rel=\"noopener\"><img decoding=\"async\" class=\"size-medium wp-image-80435 aligncenter\" src=\"https:\/\/wobronietradycjiiwiary.com\/wp-content\/uploads\/2022\/11\/Unbenannt-1-Rodzinna-300x208.jpg\" alt=\"\" width=\"300\" height=\"208\" srcset=\"https:\/\/wobronietradycjiiwiary.com\/wp-content\/uploads\/2022\/11\/Unbenannt-1-Rodzinna-300x208.jpg 300w, https:\/\/wobronietradycjiiwiary.com\/wp-content\/uploads\/2022\/11\/Unbenannt-1-Rodzinna-150x104.jpg 150w, https:\/\/wobronietradycjiiwiary.com\/wp-content\/uploads\/2022\/11\/Unbenannt-1-Rodzinna-18x12.jpg 18w, https:\/\/wobronietradycjiiwiary.com\/wp-content\/uploads\/2022\/11\/Unbenannt-1-Rodzinna.jpg 448w\" sizes=\"(max-width: 300px) 100vw, 300px\" \/><\/a><\/p>\n<h3 style=\"text-align: center\"><\/h3>\n<h1 style=\"text-align: center\"><\/h1>","protected":false},"excerpt":{"rendered":"<p>Patrz\u0105c po wypowiedziach kwietyst\u00f3w w cz\u0142owieku rodzi si\u0119 pytanie \u201eskoro nic nie robienie jest cnotom i znakiem poddania woli Bo\u017cej to dlaczego oni co\u015b robi\u0105 szerz\u0105c swoj\u0105 nauk\u0119?\u201d Nie ma prawa wy\u0142\u0105cznego \u015brodka, nie ma logiki w ich rozumowaniu. S\u0105 tylko wygodne furtki i lenistwo. <\/p>","protected":false},"author":119394846,"featured_media":23108,"comment_status":"open","ping_status":"open","sticky":false,"template":"","format":"standard","meta":{"_bbp_topic_count":0,"_bbp_reply_count":0,"_bbp_total_topic_count":0,"_bbp_total_reply_count":0,"_bbp_voice_count":0,"_bbp_anonymous_reply_count":0,"_bbp_topic_count_hidden":0,"_bbp_reply_count_hidden":0,"_bbp_forum_subforum_count":0,"_editorskit_title_hidden":false,"_editorskit_reading_time":2,"_editorskit_is_block_options_detached":false,"_editorskit_block_options_position":"{}","_coblocks_attr":"","_coblocks_dimensions":"","_coblocks_responsive_height":"","_coblocks_accordion_ie_support":"","_exactmetrics_skip_tracking":false,"_jetpack_newsletter_access":"","_jetpack_dont_email_post_to_subs":false,"_jetpack_newsletter_tier_id":0,"_jetpack_memberships_contains_paywalled_content":false,"_wpcom_ai_launchpad_first_post":false,"_jetpack_feature_clip_id":0,"_jetpack_memberships_contains_paid_content":false,"footnotes":"","jetpack_publicize_message":"{title}\n\n{excerpt}\n\n{url}","jetpack_publicize_feature_enabled":true,"jetpack_social_post_already_shared":true,"jetpack_social_options":{"image_generator_settings":{"template":"highway","default_image_id":0,"font":"","enabled":false},"version":2},"_wpas_customize_per_network":false,"jetpack_post_was_ever_published":false},"categories":[610131214,610131184,610130850,610135018],"tags":[610132133],"class_list":["post-47911","post","type-post","status-publish","format-standard","has-post-thumbnail","hentry","category-autorzy","category-duchowosc","category-augustin-poulain-sj","category-poulain-o-kwietyzmie","tag-restricted"],"yoast_head":"<!-- This site is optimized with the Yoast SEO plugin v28.4 - https:\/\/yoast.com\/product\/yoast-seo-wordpress\/ -->\n<title>Poulain SJ: V. Pr\u00f3by zsy\u0142ane przez Boga kontemplatykom. Rozdzia\u0142 XXVII. O kwietyzmie (103). Wypowiedzi kwietyst\u00f3w i innych. \u00a7 1. Teksty kwietyst\u00f3w dotycz\u0105ce ich podstawowej zasady d\u0105\u017cenia do minimum aktywno\u015bci - Tradycja i Wiara<\/title>\n<meta name=\"robots\" content=\"index, follow, max-snippet:-1, max-image-preview:large, max-video-preview:-1\" \/>\n<link rel=\"canonical\" href=\"https:\/\/wobronietradycjiiwiary.com\/en\/poulain-sj-v-proby-zsylane-przez-boga-kontemplatykom-rozdzial-xxvii-o-kwietyzmie-103-wypowiedzi-kwietystow-i-innych-\u00a7-1-teksty-kwietystow-dotyczace-ich-podstawowej-zasady-dazenia-do-mini\/\" \/>\n<meta property=\"og:locale\" content=\"en_US\" \/>\n<meta property=\"og:type\" content=\"article\" \/>\n<meta property=\"og:title\" content=\"Poulain SJ: V. Pr\u00f3by zsy\u0142ane przez Boga kontemplatykom. Rozdzia\u0142 XXVII. O kwietyzmie (103). Wypowiedzi kwietyst\u00f3w i innych. \u00a7 1. Teksty kwietyst\u00f3w dotycz\u0105ce ich podstawowej zasady d\u0105\u017cenia do minimum aktywno\u015bci - Tradycja i Wiara\" \/>\n<meta property=\"og:description\" content=\"Patrz\u0105c po wypowiedziach kwietyst\u00f3w w cz\u0142owieku rodzi si\u0119 pytanie \u201eskoro nic nie robienie jest cnotom i znakiem poddania woli Bo\u017cej to dlaczego oni co\u015b robi\u0105 szerz\u0105c swoj\u0105 nauk\u0119?\u201d Nie ma prawa wy\u0142\u0105cznego \u015brodka, nie ma logiki w ich rozumowaniu. S\u0105 tylko wygodne furtki i lenistwo.\" \/>\n<meta property=\"og:url\" content=\"https:\/\/wobronietradycjiiwiary.com\/en\/poulain-sj-v-proby-zsylane-przez-boga-kontemplatykom-rozdzial-xxvii-o-kwietyzmie-103-wypowiedzi-kwietystow-i-innych-\u00a7-1-teksty-kwietystow-dotyczace-ich-podstawowej-zasady-dazenia-do-mini\/\" \/>\n<meta property=\"og:site_name\" content=\"Tradycja i Wiara\" \/>\n<meta property=\"article:publisher\" content=\"https:\/\/www.facebook.com\/Tradycja-i-Wiara-108813920592249\" \/>\n<meta property=\"article:published_time\" content=\"2021-08-27T06:00:00+00:00\" \/>\n<meta property=\"article:modified_time\" content=\"2025-02-07T14:47:15+00:00\" \/>\n<meta property=\"og:image\" content=\"https:\/\/wobronietradycjiiwiary.com\/wp-content\/uploads\/2019\/10\/peter-paul-rubens-die-wunder-des-hl-ignatius-von-loyola.jpg\" \/>\n\t<meta property=\"og:image:width\" content=\"1139\" \/>\n\t<meta property=\"og:image:height\" content=\"1539\" \/>\n\t<meta property=\"og:image:type\" content=\"image\/jpeg\" \/>\n<meta name=\"author\" content=\"Prospector Veritatis\" \/>\n<meta name=\"twitter:card\" content=\"summary_large_image\" \/>\n<meta name=\"twitter:label1\" content=\"Written by\" \/>\n\t<meta name=\"twitter:data1\" content=\"Prospector Veritatis\" \/>\n\t<meta name=\"twitter:label2\" content=\"Est. reading time\" \/>\n\t<meta name=\"twitter:data2\" content=\"3 minutes\" \/>\n<script type=\"application\/ld+json\" class=\"yoast-schema-graph\">{\"@context\":\"https:\\\/\\\/schema.org\",\"@graph\":[{\"@type\":\"Article\",\"@id\":\"https:\\\/\\\/wobronietradycjiiwiary.com\\\/poulain-sj-v-proby-zsylane-przez-boga-kontemplatykom-rozdzial-xxvii-o-kwietyzmie-103-wypowiedzi-kwietystow-i-innych-%c2%a7-1-teksty-kwietystow-dotyczace-ich-podstawowej-zasady-dazenia-do-mini\\\/#article\",\"isPartOf\":{\"@id\":\"https:\\\/\\\/wobronietradycjiiwiary.com\\\/poulain-sj-v-proby-zsylane-przez-boga-kontemplatykom-rozdzial-xxvii-o-kwietyzmie-103-wypowiedzi-kwietystow-i-innych-%c2%a7-1-teksty-kwietystow-dotyczace-ich-podstawowej-zasady-dazenia-do-mini\\\/\"},\"author\":{\"name\":\"Prospector Veritatis\",\"@id\":\"https:\\\/\\\/wobronietradycjiiwiary.com\\\/pl\\\/#\\\/schema\\\/person\\\/f63e6405621f929c17a9c191b8d16b9d\"},\"headline\":\"Poulain SJ: V. Pr\u00f3by zsy\u0142ane przez Boga kontemplatykom. Rozdzia\u0142 XXVII. O kwietyzmie (103). Wypowiedzi kwietyst\u00f3w i innych. \u00a7 1. Teksty kwietyst\u00f3w dotycz\u0105ce ich podstawowej zasady d\u0105\u017cenia do minimum aktywno\u015bci\",\"datePublished\":\"2021-08-27T06:00:00+00:00\",\"dateModified\":\"2025-02-07T14:47:15+00:00\",\"mainEntityOfPage\":{\"@id\":\"https:\\\/\\\/wobronietradycjiiwiary.com\\\/poulain-sj-v-proby-zsylane-przez-boga-kontemplatykom-rozdzial-xxvii-o-kwietyzmie-103-wypowiedzi-kwietystow-i-innych-%c2%a7-1-teksty-kwietystow-dotyczace-ich-podstawowej-zasady-dazenia-do-mini\\\/\"},\"wordCount\":763,\"commentCount\":0,\"publisher\":{\"@id\":\"https:\\\/\\\/wobronietradycjiiwiary.com\\\/pl\\\/#organization\"},\"image\":{\"@id\":\"https:\\\/\\\/wobronietradycjiiwiary.com\\\/poulain-sj-v-proby-zsylane-przez-boga-kontemplatykom-rozdzial-xxvii-o-kwietyzmie-103-wypowiedzi-kwietystow-i-innych-%c2%a7-1-teksty-kwietystow-dotyczace-ich-podstawowej-zasady-dazenia-do-mini\\\/#primaryimage\"},\"thumbnailUrl\":\"https:\\\/\\\/wobronietradycjiiwiary.com\\\/wp-content\\\/uploads\\\/2019\\\/10\\\/peter-paul-rubens-die-wunder-des-hl-ignatius-von-loyola.jpg\",\"keywords\":[\"Restricted\"],\"articleSection\":[\"Autorzy \u017cycia duchowego\",\"Duchowo\u015b\u0107\",\"o. Augustin Poulain SJ - \\\"\u0141aski modlitwy w Chrystusie Odkupicielu\\\"\",\"Poulain - O kwietyzmie\"],\"inLanguage\":\"en-US\",\"potentialAction\":[{\"@type\":\"CommentAction\",\"name\":\"Comment\",\"target\":[\"https:\\\/\\\/wobronietradycjiiwiary.com\\\/poulain-sj-v-proby-zsylane-przez-boga-kontemplatykom-rozdzial-xxvii-o-kwietyzmie-103-wypowiedzi-kwietystow-i-innych-%c2%a7-1-teksty-kwietystow-dotyczace-ich-podstawowej-zasady-dazenia-do-mini\\\/#respond\"]}]},{\"@type\":\"WebPage\",\"@id\":\"https:\\\/\\\/wobronietradycjiiwiary.com\\\/poulain-sj-v-proby-zsylane-przez-boga-kontemplatykom-rozdzial-xxvii-o-kwietyzmie-103-wypowiedzi-kwietystow-i-innych-%c2%a7-1-teksty-kwietystow-dotyczace-ich-podstawowej-zasady-dazenia-do-mini\\\/\",\"url\":\"https:\\\/\\\/wobronietradycjiiwiary.com\\\/poulain-sj-v-proby-zsylane-przez-boga-kontemplatykom-rozdzial-xxvii-o-kwietyzmie-103-wypowiedzi-kwietystow-i-innych-%c2%a7-1-teksty-kwietystow-dotyczace-ich-podstawowej-zasady-dazenia-do-mini\\\/\",\"name\":\"Poulain SJ: V. Pr\u00f3by zsy\u0142ane przez Boga kontemplatykom. Rozdzia\u0142 XXVII. O kwietyzmie (103). Wypowiedzi kwietyst\u00f3w i innych. \u00a7 1. Teksty kwietyst\u00f3w dotycz\u0105ce ich podstawowej zasady d\u0105\u017cenia do minimum aktywno\u015bci - Tradycja i Wiara\",\"isPartOf\":{\"@id\":\"https:\\\/\\\/wobronietradycjiiwiary.com\\\/pl\\\/#website\"},\"primaryImageOfPage\":{\"@id\":\"https:\\\/\\\/wobronietradycjiiwiary.com\\\/poulain-sj-v-proby-zsylane-przez-boga-kontemplatykom-rozdzial-xxvii-o-kwietyzmie-103-wypowiedzi-kwietystow-i-innych-%c2%a7-1-teksty-kwietystow-dotyczace-ich-podstawowej-zasady-dazenia-do-mini\\\/#primaryimage\"},\"image\":{\"@id\":\"https:\\\/\\\/wobronietradycjiiwiary.com\\\/poulain-sj-v-proby-zsylane-przez-boga-kontemplatykom-rozdzial-xxvii-o-kwietyzmie-103-wypowiedzi-kwietystow-i-innych-%c2%a7-1-teksty-kwietystow-dotyczace-ich-podstawowej-zasady-dazenia-do-mini\\\/#primaryimage\"},\"thumbnailUrl\":\"https:\\\/\\\/wobronietradycjiiwiary.com\\\/wp-content\\\/uploads\\\/2019\\\/10\\\/peter-paul-rubens-die-wunder-des-hl-ignatius-von-loyola.jpg\",\"datePublished\":\"2021-08-27T06:00:00+00:00\",\"dateModified\":\"2025-02-07T14:47:15+00:00\",\"breadcrumb\":{\"@id\":\"https:\\\/\\\/wobronietradycjiiwiary.com\\\/poulain-sj-v-proby-zsylane-przez-boga-kontemplatykom-rozdzial-xxvii-o-kwietyzmie-103-wypowiedzi-kwietystow-i-innych-%c2%a7-1-teksty-kwietystow-dotyczace-ich-podstawowej-zasady-dazenia-do-mini\\\/#breadcrumb\"},\"inLanguage\":\"en-US\",\"potentialAction\":[{\"@type\":\"ReadAction\",\"target\":[\"https:\\\/\\\/wobronietradycjiiwiary.com\\\/poulain-sj-v-proby-zsylane-przez-boga-kontemplatykom-rozdzial-xxvii-o-kwietyzmie-103-wypowiedzi-kwietystow-i-innych-%c2%a7-1-teksty-kwietystow-dotyczace-ich-podstawowej-zasady-dazenia-do-mini\\\/\"]}]},{\"@type\":\"ImageObject\",\"inLanguage\":\"en-US\",\"@id\":\"https:\\\/\\\/wobronietradycjiiwiary.com\\\/poulain-sj-v-proby-zsylane-przez-boga-kontemplatykom-rozdzial-xxvii-o-kwietyzmie-103-wypowiedzi-kwietystow-i-innych-%c2%a7-1-teksty-kwietystow-dotyczace-ich-podstawowej-zasady-dazenia-do-mini\\\/#primaryimage\",\"url\":\"https:\\\/\\\/wobronietradycjiiwiary.com\\\/wp-content\\\/uploads\\\/2019\\\/10\\\/peter-paul-rubens-die-wunder-des-hl-ignatius-von-loyola.jpg\",\"contentUrl\":\"https:\\\/\\\/wobronietradycjiiwiary.com\\\/wp-content\\\/uploads\\\/2019\\\/10\\\/peter-paul-rubens-die-wunder-des-hl-ignatius-von-loyola.jpg\",\"width\":1139,\"height\":1539},{\"@type\":\"BreadcrumbList\",\"@id\":\"https:\\\/\\\/wobronietradycjiiwiary.com\\\/poulain-sj-v-proby-zsylane-przez-boga-kontemplatykom-rozdzial-xxvii-o-kwietyzmie-103-wypowiedzi-kwietystow-i-innych-%c2%a7-1-teksty-kwietystow-dotyczace-ich-podstawowej-zasady-dazenia-do-mini\\\/#breadcrumb\",\"itemListElement\":[{\"@type\":\"ListItem\",\"position\":1,\"name\":\"Strona g\u0142\u00f3wna\",\"item\":\"https:\\\/\\\/wobronietradycjiiwiary.com\\\/\"},{\"@type\":\"ListItem\",\"position\":2,\"name\":\"Poulain SJ: V. Pr\u00f3by zsy\u0142ane przez Boga kontemplatykom. Rozdzia\u0142 XXVII. O kwietyzmie (103). Wypowiedzi kwietyst\u00f3w i innych. \u00a7 1. Teksty kwietyst\u00f3w dotycz\u0105ce ich podstawowej zasady d\u0105\u017cenia do minimum aktywno\u015bci\"}]},{\"@type\":\"WebSite\",\"@id\":\"https:\\\/\\\/wobronietradycjiiwiary.com\\\/pl\\\/#website\",\"url\":\"https:\\\/\\\/wobronietradycjiiwiary.com\\\/pl\\\/\",\"name\":\"Tradycja i Wiara\",\"description\":\"Portal dla katolik\u00f3w.\",\"publisher\":{\"@id\":\"https:\\\/\\\/wobronietradycjiiwiary.com\\\/pl\\\/#organization\"},\"potentialAction\":[{\"@type\":\"SearchAction\",\"target\":{\"@type\":\"EntryPoint\",\"urlTemplate\":\"https:\\\/\\\/wobronietradycjiiwiary.com\\\/pl\\\/?s={search_term_string}\"},\"query-input\":{\"@type\":\"PropertyValueSpecification\",\"valueRequired\":true,\"valueName\":\"search_term_string\"}}],\"inLanguage\":\"en-US\"},{\"@type\":\"Organization\",\"@id\":\"https:\\\/\\\/wobronietradycjiiwiary.com\\\/pl\\\/#organization\",\"name\":\"Tradycja i Wiara\",\"url\":\"https:\\\/\\\/wobronietradycjiiwiary.com\\\/pl\\\/\",\"logo\":{\"@type\":\"ImageObject\",\"inLanguage\":\"en-US\",\"@id\":\"https:\\\/\\\/wobronietradycjiiwiary.com\\\/pl\\\/#\\\/schema\\\/logo\\\/image\\\/\",\"url\":\"https:\\\/\\\/i0.wp.com\\\/wobronietradycjiiwiary.com\\\/wp-content\\\/uploads\\\/2015\\\/10\\\/cropped-st-peters-dome-vatican.jpg?fit=940%2C198&ssl=1\",\"contentUrl\":\"https:\\\/\\\/i0.wp.com\\\/wobronietradycjiiwiary.com\\\/wp-content\\\/uploads\\\/2015\\\/10\\\/cropped-st-peters-dome-vatican.jpg?fit=940%2C198&ssl=1\",\"width\":940,\"height\":198,\"caption\":\"Tradycja i Wiara\"},\"image\":{\"@id\":\"https:\\\/\\\/wobronietradycjiiwiary.com\\\/pl\\\/#\\\/schema\\\/logo\\\/image\\\/\"},\"sameAs\":[\"https:\\\/\\\/www.facebook.com\\\/Tradycja-i-Wiara-108813920592249\"]},{\"@type\":\"Person\",\"@id\":\"https:\\\/\\\/wobronietradycjiiwiary.com\\\/pl\\\/#\\\/schema\\\/person\\\/f63e6405621f929c17a9c191b8d16b9d\",\"name\":\"Prospector Veritatis\",\"url\":\"https:\\\/\\\/wobronietradycjiiwiary.com\\\/en\\\/author\\\/prospectorveritatis\\\/\"}]}<\/script>\n<!-- \/ Yoast SEO plugin. -->","yoast_head_json":{"title":"Poulain SJ: V. Pr\u00f3by zsy\u0142ane przez Boga kontemplatykom. Rozdzia\u0142 XXVII. O kwietyzmie (103). Wypowiedzi kwietyst\u00f3w i innych. \u00a7 1. Teksty kwietyst\u00f3w dotycz\u0105ce ich podstawowej zasady d\u0105\u017cenia do minimum aktywno\u015bci - Tradycja i Wiara","robots":{"index":"index","follow":"follow","max-snippet":"max-snippet:-1","max-image-preview":"max-image-preview:large","max-video-preview":"max-video-preview:-1"},"canonical":"https:\/\/wobronietradycjiiwiary.com\/en\/poulain-sj-v-proby-zsylane-przez-boga-kontemplatykom-rozdzial-xxvii-o-kwietyzmie-103-wypowiedzi-kwietystow-i-innych-\u00a7-1-teksty-kwietystow-dotyczace-ich-podstawowej-zasady-dazenia-do-mini\/","og_locale":"en_US","og_type":"article","og_title":"Poulain SJ: V. Pr\u00f3by zsy\u0142ane przez Boga kontemplatykom. Rozdzia\u0142 XXVII. O kwietyzmie (103). Wypowiedzi kwietyst\u00f3w i innych. \u00a7 1. Teksty kwietyst\u00f3w dotycz\u0105ce ich podstawowej zasady d\u0105\u017cenia do minimum aktywno\u015bci - Tradycja i Wiara","og_description":"Patrz\u0105c po wypowiedziach kwietyst\u00f3w w cz\u0142owieku rodzi si\u0119 pytanie \u201eskoro nic nie robienie jest cnotom i znakiem poddania woli Bo\u017cej to dlaczego oni co\u015b robi\u0105 szerz\u0105c swoj\u0105 nauk\u0119?\u201d Nie ma prawa wy\u0142\u0105cznego \u015brodka, nie ma logiki w ich rozumowaniu. S\u0105 tylko wygodne furtki i lenistwo.","og_url":"https:\/\/wobronietradycjiiwiary.com\/en\/poulain-sj-v-proby-zsylane-przez-boga-kontemplatykom-rozdzial-xxvii-o-kwietyzmie-103-wypowiedzi-kwietystow-i-innych-\u00a7-1-teksty-kwietystow-dotyczace-ich-podstawowej-zasady-dazenia-do-mini\/","og_site_name":"Tradycja i Wiara","article_publisher":"https:\/\/www.facebook.com\/Tradycja-i-Wiara-108813920592249","article_published_time":"2021-08-27T06:00:00+00:00","article_modified_time":"2025-02-07T14:47:15+00:00","og_image":[{"width":1139,"height":1539,"url":"https:\/\/wobronietradycjiiwiary.com\/wp-content\/uploads\/2019\/10\/peter-paul-rubens-die-wunder-des-hl-ignatius-von-loyola.jpg","type":"image\/jpeg"}],"author":"Prospector Veritatis","twitter_card":"summary_large_image","twitter_misc":{"Written by":"Prospector Veritatis","Est. reading time":"3 minutes"},"schema":{"@context":"https:\/\/schema.org","@graph":[{"@type":"Article","@id":"https:\/\/wobronietradycjiiwiary.com\/poulain-sj-v-proby-zsylane-przez-boga-kontemplatykom-rozdzial-xxvii-o-kwietyzmie-103-wypowiedzi-kwietystow-i-innych-%c2%a7-1-teksty-kwietystow-dotyczace-ich-podstawowej-zasady-dazenia-do-mini\/#article","isPartOf":{"@id":"https:\/\/wobronietradycjiiwiary.com\/poulain-sj-v-proby-zsylane-przez-boga-kontemplatykom-rozdzial-xxvii-o-kwietyzmie-103-wypowiedzi-kwietystow-i-innych-%c2%a7-1-teksty-kwietystow-dotyczace-ich-podstawowej-zasady-dazenia-do-mini\/"},"author":{"name":"Prospector Veritatis","@id":"https:\/\/wobronietradycjiiwiary.com\/pl\/#\/schema\/person\/f63e6405621f929c17a9c191b8d16b9d"},"headline":"Poulain SJ: V. Pr\u00f3by zsy\u0142ane przez Boga kontemplatykom. Rozdzia\u0142 XXVII. O kwietyzmie (103). Wypowiedzi kwietyst\u00f3w i innych. \u00a7 1. Teksty kwietyst\u00f3w dotycz\u0105ce ich podstawowej zasady d\u0105\u017cenia do minimum aktywno\u015bci","datePublished":"2021-08-27T06:00:00+00:00","dateModified":"2025-02-07T14:47:15+00:00","mainEntityOfPage":{"@id":"https:\/\/wobronietradycjiiwiary.com\/poulain-sj-v-proby-zsylane-przez-boga-kontemplatykom-rozdzial-xxvii-o-kwietyzmie-103-wypowiedzi-kwietystow-i-innych-%c2%a7-1-teksty-kwietystow-dotyczace-ich-podstawowej-zasady-dazenia-do-mini\/"},"wordCount":763,"commentCount":0,"publisher":{"@id":"https:\/\/wobronietradycjiiwiary.com\/pl\/#organization"},"image":{"@id":"https:\/\/wobronietradycjiiwiary.com\/poulain-sj-v-proby-zsylane-przez-boga-kontemplatykom-rozdzial-xxvii-o-kwietyzmie-103-wypowiedzi-kwietystow-i-innych-%c2%a7-1-teksty-kwietystow-dotyczace-ich-podstawowej-zasady-dazenia-do-mini\/#primaryimage"},"thumbnailUrl":"https:\/\/wobronietradycjiiwiary.com\/wp-content\/uploads\/2019\/10\/peter-paul-rubens-die-wunder-des-hl-ignatius-von-loyola.jpg","keywords":["Restricted"],"articleSection":["Autorzy \u017cycia duchowego","Duchowo\u015b\u0107","o. Augustin Poulain SJ - \"\u0141aski modlitwy w Chrystusie Odkupicielu\"","Poulain - O kwietyzmie"],"inLanguage":"en-US","potentialAction":[{"@type":"CommentAction","name":"Comment","target":["https:\/\/wobronietradycjiiwiary.com\/poulain-sj-v-proby-zsylane-przez-boga-kontemplatykom-rozdzial-xxvii-o-kwietyzmie-103-wypowiedzi-kwietystow-i-innych-%c2%a7-1-teksty-kwietystow-dotyczace-ich-podstawowej-zasady-dazenia-do-mini\/#respond"]}]},{"@type":"WebPage","@id":"https:\/\/wobronietradycjiiwiary.com\/poulain-sj-v-proby-zsylane-przez-boga-kontemplatykom-rozdzial-xxvii-o-kwietyzmie-103-wypowiedzi-kwietystow-i-innych-%c2%a7-1-teksty-kwietystow-dotyczace-ich-podstawowej-zasady-dazenia-do-mini\/","url":"https:\/\/wobronietradycjiiwiary.com\/poulain-sj-v-proby-zsylane-przez-boga-kontemplatykom-rozdzial-xxvii-o-kwietyzmie-103-wypowiedzi-kwietystow-i-innych-%c2%a7-1-teksty-kwietystow-dotyczace-ich-podstawowej-zasady-dazenia-do-mini\/","name":"Poulain SJ: V. Pr\u00f3by zsy\u0142ane przez Boga kontemplatykom. Rozdzia\u0142 XXVII. O kwietyzmie (103). Wypowiedzi kwietyst\u00f3w i innych. \u00a7 1. Teksty kwietyst\u00f3w dotycz\u0105ce ich podstawowej zasady d\u0105\u017cenia do minimum aktywno\u015bci - Tradycja i Wiara","isPartOf":{"@id":"https:\/\/wobronietradycjiiwiary.com\/pl\/#website"},"primaryImageOfPage":{"@id":"https:\/\/wobronietradycjiiwiary.com\/poulain-sj-v-proby-zsylane-przez-boga-kontemplatykom-rozdzial-xxvii-o-kwietyzmie-103-wypowiedzi-kwietystow-i-innych-%c2%a7-1-teksty-kwietystow-dotyczace-ich-podstawowej-zasady-dazenia-do-mini\/#primaryimage"},"image":{"@id":"https:\/\/wobronietradycjiiwiary.com\/poulain-sj-v-proby-zsylane-przez-boga-kontemplatykom-rozdzial-xxvii-o-kwietyzmie-103-wypowiedzi-kwietystow-i-innych-%c2%a7-1-teksty-kwietystow-dotyczace-ich-podstawowej-zasady-dazenia-do-mini\/#primaryimage"},"thumbnailUrl":"https:\/\/wobronietradycjiiwiary.com\/wp-content\/uploads\/2019\/10\/peter-paul-rubens-die-wunder-des-hl-ignatius-von-loyola.jpg","datePublished":"2021-08-27T06:00:00+00:00","dateModified":"2025-02-07T14:47:15+00:00","breadcrumb":{"@id":"https:\/\/wobronietradycjiiwiary.com\/poulain-sj-v-proby-zsylane-przez-boga-kontemplatykom-rozdzial-xxvii-o-kwietyzmie-103-wypowiedzi-kwietystow-i-innych-%c2%a7-1-teksty-kwietystow-dotyczace-ich-podstawowej-zasady-dazenia-do-mini\/#breadcrumb"},"inLanguage":"en-US","potentialAction":[{"@type":"ReadAction","target":["https:\/\/wobronietradycjiiwiary.com\/poulain-sj-v-proby-zsylane-przez-boga-kontemplatykom-rozdzial-xxvii-o-kwietyzmie-103-wypowiedzi-kwietystow-i-innych-%c2%a7-1-teksty-kwietystow-dotyczace-ich-podstawowej-zasady-dazenia-do-mini\/"]}]},{"@type":"ImageObject","inLanguage":"en-US","@id":"https:\/\/wobronietradycjiiwiary.com\/poulain-sj-v-proby-zsylane-przez-boga-kontemplatykom-rozdzial-xxvii-o-kwietyzmie-103-wypowiedzi-kwietystow-i-innych-%c2%a7-1-teksty-kwietystow-dotyczace-ich-podstawowej-zasady-dazenia-do-mini\/#primaryimage","url":"https:\/\/wobronietradycjiiwiary.com\/wp-content\/uploads\/2019\/10\/peter-paul-rubens-die-wunder-des-hl-ignatius-von-loyola.jpg","contentUrl":"https:\/\/wobronietradycjiiwiary.com\/wp-content\/uploads\/2019\/10\/peter-paul-rubens-die-wunder-des-hl-ignatius-von-loyola.jpg","width":1139,"height":1539},{"@type":"BreadcrumbList","@id":"https:\/\/wobronietradycjiiwiary.com\/poulain-sj-v-proby-zsylane-przez-boga-kontemplatykom-rozdzial-xxvii-o-kwietyzmie-103-wypowiedzi-kwietystow-i-innych-%c2%a7-1-teksty-kwietystow-dotyczace-ich-podstawowej-zasady-dazenia-do-mini\/#breadcrumb","itemListElement":[{"@type":"ListItem","position":1,"name":"Strona g\u0142\u00f3wna","item":"https:\/\/wobronietradycjiiwiary.com\/"},{"@type":"ListItem","position":2,"name":"Poulain SJ: V. Pr\u00f3by zsy\u0142ane przez Boga kontemplatykom. Rozdzia\u0142 XXVII. O kwietyzmie (103). Wypowiedzi kwietyst\u00f3w i innych. \u00a7 1. Teksty kwietyst\u00f3w dotycz\u0105ce ich podstawowej zasady d\u0105\u017cenia do minimum aktywno\u015bci"}]},{"@type":"WebSite","@id":"https:\/\/wobronietradycjiiwiary.com\/pl\/#website","url":"https:\/\/wobronietradycjiiwiary.com\/pl\/","name":"Tradycja i Wiara","description":"Portal dla katolik\u00f3w.","publisher":{"@id":"https:\/\/wobronietradycjiiwiary.com\/pl\/#organization"},"potentialAction":[{"@type":"SearchAction","target":{"@type":"EntryPoint","urlTemplate":"https:\/\/wobronietradycjiiwiary.com\/pl\/?s={search_term_string}"},"query-input":{"@type":"PropertyValueSpecification","valueRequired":true,"valueName":"search_term_string"}}],"inLanguage":"en-US"},{"@type":"Organization","@id":"https:\/\/wobronietradycjiiwiary.com\/pl\/#organization","name":"Tradycja i Wiara","url":"https:\/\/wobronietradycjiiwiary.com\/pl\/","logo":{"@type":"ImageObject","inLanguage":"en-US","@id":"https:\/\/wobronietradycjiiwiary.com\/pl\/#\/schema\/logo\/image\/","url":"https:\/\/i0.wp.com\/wobronietradycjiiwiary.com\/wp-content\/uploads\/2015\/10\/cropped-st-peters-dome-vatican.jpg?fit=940%2C198&ssl=1","contentUrl":"https:\/\/i0.wp.com\/wobronietradycjiiwiary.com\/wp-content\/uploads\/2015\/10\/cropped-st-peters-dome-vatican.jpg?fit=940%2C198&ssl=1","width":940,"height":198,"caption":"Tradycja i Wiara"},"image":{"@id":"https:\/\/wobronietradycjiiwiary.com\/pl\/#\/schema\/logo\/image\/"},"sameAs":["https:\/\/www.facebook.com\/Tradycja-i-Wiara-108813920592249"]},{"@type":"Person","@id":"https:\/\/wobronietradycjiiwiary.com\/pl\/#\/schema\/person\/f63e6405621f929c17a9c191b8d16b9d","name":"Prospector Veritatis","url":"https:\/\/wobronietradycjiiwiary.com\/en\/author\/prospectorveritatis\/"}]}},"jetpack_publicize_connections":[],"jetpack_sharing_enabled":true,"jetpack_likes_enabled":true,"jetpack_shortlink":"https:\/\/wp.me\/pc04Sd-csL","jetpack-related-posts":[{"id":110258,"url":"https:\/\/wobronietradycjiiwiary.com\/en\/poulain-sj-iii-szczegolowy-rozbior-kazdego-stopnia-mistycznego-zjednoczenia-rozdzial-xix-malzenstwo-duchowe-czwarty-i-ostatni-etap-mistycznego-zjednoczenia-222\/","url_meta":{"origin":47911,"position":0},"title":"Poulain SJ: III. Szczeg\u00f3\u0142owy rozbi\u00f3r ka\u017cdego stopnia\u00a0mistycznego zjednoczenia. Rozdzia\u0142 XIX. Ma\u0142\u017ce\u0144stwo duchowe, czwarty i ostatni etap mistycznego zjednoczenia. Wypowiedzi mistrz\u00f3w \u017cycia wewn\u0119trznego (223)","author":"Prospector Veritatis","date":"5 January 2024","format":false,"excerpt":"O zar\u0119czynach i ma\u0142\u017ce\u0144stwie duchowym w pismach \u015bw. Teresy oraz \u015bw. Jana.","rel":"","context":"In &quot;Autorzy \u017cycia duchowego&quot;","block_context":{"text":"Autorzy \u017cycia duchowego","link":"https:\/\/wobronietradycjiiwiary.com\/en\/category\/duchowosc\/autorzy\/"},"img":{"alt_text":"","src":"https:\/\/i0.wp.com\/wobronietradycjiiwiary.com\/wp-content\/uploads\/2019\/10\/peter-paul-rubens-die-wunder-des-hl-ignatius-von-loyola.jpg?resize=350%2C200&ssl=1","width":350,"height":200,"srcset":"https:\/\/i0.wp.com\/wobronietradycjiiwiary.com\/wp-content\/uploads\/2019\/10\/peter-paul-rubens-die-wunder-des-hl-ignatius-von-loyola.jpg?resize=350%2C200&ssl=1 1x, https:\/\/i0.wp.com\/wobronietradycjiiwiary.com\/wp-content\/uploads\/2019\/10\/peter-paul-rubens-die-wunder-des-hl-ignatius-von-loyola.jpg?resize=525%2C300&ssl=1 1.5x, https:\/\/i0.wp.com\/wobronietradycjiiwiary.com\/wp-content\/uploads\/2019\/10\/peter-paul-rubens-die-wunder-des-hl-ignatius-von-loyola.jpg?resize=700%2C400&ssl=1 2x, https:\/\/i0.wp.com\/wobronietradycjiiwiary.com\/wp-content\/uploads\/2019\/10\/peter-paul-rubens-die-wunder-des-hl-ignatius-von-loyola.jpg?resize=1050%2C600&ssl=1 3x"},"classes":[]},{"id":105218,"url":"https:\/\/wobronietradycjiiwiary.com\/en\/poulain-sj-v-proby-zsylane-przez-boga-kontemplatykom-rozdzial-xxiv-istoty-i-rodzaje-prob-71-%c2%a7-7-osaczenie-diabelskie-i-2\/","url_meta":{"origin":47911,"position":1},"title":"Poulain SJ: V. Pr\u00f3by zsy\u0142ane przez Boga kontemplatykom. Rozdzia\u0142 XXIV. Istoty i rodzaje pr\u00f3b (72). \u00a7 7. Osaczenie diabelskie (I)","author":"Prospector Veritatis","date":"3 October 2019","format":false,"excerpt":"Dr\u0119czenia i osaczenia s\u0105 przeciwwag\u0105 do\u015bwiadczanych \u0142ask, o czym pisze ju\u017c \u015bw. Pawe\u0142. Wi\u0119c jest sprawiedliwo\u015b\u0107 i nie ma nic za darmo.","rel":"","context":"In &quot;Autorzy \u017cycia duchowego&quot;","block_context":{"text":"Autorzy \u017cycia duchowego","link":"https:\/\/wobronietradycjiiwiary.com\/en\/category\/duchowosc\/autorzy\/"},"img":{"alt_text":"","src":"https:\/\/i0.wp.com\/wobronietradycjiiwiary.com\/wp-content\/uploads\/2019\/10\/peter-paul-rubens-die-wunder-des-hl-ignatius-von-loyola.jpg?resize=350%2C200&ssl=1","width":350,"height":200,"srcset":"https:\/\/i0.wp.com\/wobronietradycjiiwiary.com\/wp-content\/uploads\/2019\/10\/peter-paul-rubens-die-wunder-des-hl-ignatius-von-loyola.jpg?resize=350%2C200&ssl=1 1x, https:\/\/i0.wp.com\/wobronietradycjiiwiary.com\/wp-content\/uploads\/2019\/10\/peter-paul-rubens-die-wunder-des-hl-ignatius-von-loyola.jpg?resize=525%2C300&ssl=1 1.5x, https:\/\/i0.wp.com\/wobronietradycjiiwiary.com\/wp-content\/uploads\/2019\/10\/peter-paul-rubens-die-wunder-des-hl-ignatius-von-loyola.jpg?resize=700%2C400&ssl=1 2x, https:\/\/i0.wp.com\/wobronietradycjiiwiary.com\/wp-content\/uploads\/2019\/10\/peter-paul-rubens-die-wunder-des-hl-ignatius-von-loyola.jpg?resize=1050%2C600&ssl=1 3x"},"classes":[]},{"id":106621,"url":"https:\/\/wobronietradycjiiwiary.com\/en\/poulain-sj-iii-szczegolowy-rozbior-kazdego-stopnia-mistycznego-zjednoczenia-rozdzial-xvii-szczegoly-dotyczace-zjednoczenia-pelnego-czyli-drugiego-etapu-mistycznego-zjednoczenia-ekstaza-czy-4\/","url_meta":{"origin":47911,"position":2},"title":"Poulain SJ: III. Szczeg\u00f3\u0142owy rozbi\u00f3r ka\u017cdego stopnia\u00a0mistycznego zjednoczenia. Rozdzia\u0142 XVIII. Ekstaza, czyli trzeci etap mistycznego zjednoczenia. Wypowiedzi mistrz\u00f3w \u017cycia wewn\u0119trznego (216) \u00a7 3. Kontemplacja, nawet ekstatyczna, jest mieszanin\u0105 \u015bwiat\u0142a i mroku","author":"Prospector Veritatis","date":"3 November 2023","format":false,"excerpt":"Ju\u017c na ziemi, niekt\u00f3rzy \u015bwi\u0119ci otrzymali \u0142ask\u0119 zobaczenia Boga i do\u015bwiadczenie to por\u00f3wna\u0107 mo\u017cna do s\u0142o\u0144ca. Ono generuje \u015bwiat\u0142o bez kt\u00f3rego nie mo\u017cna go widzie\u0107, a jednak patrze\u0107 d\u0142ugo si\u0119 nie, gdy\u017c o\u015blepia, za\u015b stosuj\u0105c specjalne okulary wida\u0107 je w ciemno\u015bci. Tak samo jest z widzeniem Boga.","rel":"","context":"In &quot;Autorzy \u017cycia duchowego&quot;","block_context":{"text":"Autorzy \u017cycia duchowego","link":"https:\/\/wobronietradycjiiwiary.com\/en\/category\/duchowosc\/autorzy\/"},"img":{"alt_text":"","src":"https:\/\/i0.wp.com\/wobronietradycjiiwiary.com\/wp-content\/uploads\/2019\/10\/peter-paul-rubens-die-wunder-des-hl-ignatius-von-loyola.jpg?resize=350%2C200&ssl=1","width":350,"height":200,"srcset":"https:\/\/i0.wp.com\/wobronietradycjiiwiary.com\/wp-content\/uploads\/2019\/10\/peter-paul-rubens-die-wunder-des-hl-ignatius-von-loyola.jpg?resize=350%2C200&ssl=1 1x, https:\/\/i0.wp.com\/wobronietradycjiiwiary.com\/wp-content\/uploads\/2019\/10\/peter-paul-rubens-die-wunder-des-hl-ignatius-von-loyola.jpg?resize=525%2C300&ssl=1 1.5x, https:\/\/i0.wp.com\/wobronietradycjiiwiary.com\/wp-content\/uploads\/2019\/10\/peter-paul-rubens-die-wunder-des-hl-ignatius-von-loyola.jpg?resize=700%2C400&ssl=1 2x, https:\/\/i0.wp.com\/wobronietradycjiiwiary.com\/wp-content\/uploads\/2019\/10\/peter-paul-rubens-die-wunder-des-hl-ignatius-von-loyola.jpg?resize=1050%2C600&ssl=1 3x"},"classes":[]},{"id":108762,"url":"https:\/\/wobronietradycjiiwiary.com\/en\/poulain-sj-iii-szczegolowy-rozbior-kazdego-stopnia-mistycznego-zjednoczenia-rozdzial-xix-malzenstwo-duchowe-czwarty-i-ostatni-etap-mistycznego-zjednoczenia-221\/","url_meta":{"origin":47911,"position":3},"title":"Poulain SJ: III. Szczeg\u00f3\u0142owy rozbi\u00f3r ka\u017cdego stopnia\u00a0mistycznego zjednoczenia. Rozdzia\u0142 XIX. Ma\u0142\u017ce\u0144stwo duchowe, czwarty i ostatni etap mistycznego zjednoczenia (221)","author":"Prospector Veritatis","date":"15 December 2023","format":false,"excerpt":"W stanie nadprzyrodzonym, jakim jest ma\u0142\u017ce\u0144stwo duchowe, dusza ma tak przemienione w\u0142adze wy\u017csze, \u017ce wie do\u015bwiadcza \u017cycia Boga. \u017beby to zrozumie\u0107 dok\u0142adnie trzeba tego do\u015bwiadczy\u0107, czyli dosta\u0107 si\u0119 do nieba lub mie\u0107 nadprzyrodzon\u0105 \u0142ask\u0119 od Boga. Na to pierwszy mamy wp\u0142yw zatem do dzie\u0142a i \u017cyjmy tak, by Bogu si\u0119\u2026","rel":"","context":"In &quot;Autorzy \u017cycia duchowego&quot;","block_context":{"text":"Autorzy \u017cycia duchowego","link":"https:\/\/wobronietradycjiiwiary.com\/en\/category\/duchowosc\/autorzy\/"},"img":{"alt_text":"","src":"https:\/\/i0.wp.com\/wobronietradycjiiwiary.com\/wp-content\/uploads\/2019\/10\/peter-paul-rubens-die-wunder-des-hl-ignatius-von-loyola.jpg?resize=350%2C200&ssl=1","width":350,"height":200,"srcset":"https:\/\/i0.wp.com\/wobronietradycjiiwiary.com\/wp-content\/uploads\/2019\/10\/peter-paul-rubens-die-wunder-des-hl-ignatius-von-loyola.jpg?resize=350%2C200&ssl=1 1x, https:\/\/i0.wp.com\/wobronietradycjiiwiary.com\/wp-content\/uploads\/2019\/10\/peter-paul-rubens-die-wunder-des-hl-ignatius-von-loyola.jpg?resize=525%2C300&ssl=1 1.5x, https:\/\/i0.wp.com\/wobronietradycjiiwiary.com\/wp-content\/uploads\/2019\/10\/peter-paul-rubens-die-wunder-des-hl-ignatius-von-loyola.jpg?resize=700%2C400&ssl=1 2x, https:\/\/i0.wp.com\/wobronietradycjiiwiary.com\/wp-content\/uploads\/2019\/10\/peter-paul-rubens-die-wunder-des-hl-ignatius-von-loyola.jpg?resize=1050%2C600&ssl=1 3x"},"classes":[]},{"id":106656,"url":"https:\/\/wobronietradycjiiwiary.com\/en\/poulain-sj-iii-szczegolowy-rozbior-kazdego-stopnia-mistycznego-zjednoczenia-rozdzial-xvii-szczegoly-dotyczace-zjednoczenia-pelnego-czyli-drugiego-etapu-mistycznego-zjednoczenia-ekstaza-czy-6\/","url_meta":{"origin":47911,"position":4},"title":"Poulain SJ: III. Szczeg\u00f3\u0142owy rozbi\u00f3r ka\u017cdego stopnia\u00a0mistycznego zjednoczenia. Rozdzia\u0142 XVIII. Ekstaza, czyli trzeci etap mistycznego zjednoczenia. Wypowiedzi mistrz\u00f3w \u017cycia wewn\u0119trznego (218) \u00a7 5. Zdania mistyk\u00f3w o sposobie, w jaki widzi si\u0119 Boga","author":"Prospector Veritatis","date":"17 November 2023","format":false,"excerpt":"Wed\u0142ug mistyk\u00f3w w trakcie ekstazy widzi Boga, jednak wzrokiem, kt\u00f3ry jest dany od Boga. Dzi\u0119ki temu s\u0105 w stanie po prostu widzie\u0107 Boga. Na ziemi tego, co \u015bwi\u0119ci widzieli i widz\u0105 w Niebie mo\u017cemy nie rozumie\u0107, jednak mi\u0142o\u015b\u0107 i ich nieustanne starania, na ziemi jak zaparcie si\u0119 siebie czy m\u0119cze\u0144stwo\u2026","rel":"","context":"In &quot;Autorzy \u017cycia duchowego&quot;","block_context":{"text":"Autorzy \u017cycia duchowego","link":"https:\/\/wobronietradycjiiwiary.com\/en\/category\/duchowosc\/autorzy\/"},"img":{"alt_text":"","src":"https:\/\/i0.wp.com\/wobronietradycjiiwiary.com\/wp-content\/uploads\/2019\/10\/peter-paul-rubens-die-wunder-des-hl-ignatius-von-loyola.jpg?resize=350%2C200&ssl=1","width":350,"height":200,"srcset":"https:\/\/i0.wp.com\/wobronietradycjiiwiary.com\/wp-content\/uploads\/2019\/10\/peter-paul-rubens-die-wunder-des-hl-ignatius-von-loyola.jpg?resize=350%2C200&ssl=1 1x, https:\/\/i0.wp.com\/wobronietradycjiiwiary.com\/wp-content\/uploads\/2019\/10\/peter-paul-rubens-die-wunder-des-hl-ignatius-von-loyola.jpg?resize=525%2C300&ssl=1 1.5x, https:\/\/i0.wp.com\/wobronietradycjiiwiary.com\/wp-content\/uploads\/2019\/10\/peter-paul-rubens-die-wunder-des-hl-ignatius-von-loyola.jpg?resize=700%2C400&ssl=1 2x, https:\/\/i0.wp.com\/wobronietradycjiiwiary.com\/wp-content\/uploads\/2019\/10\/peter-paul-rubens-die-wunder-des-hl-ignatius-von-loyola.jpg?resize=1050%2C600&ssl=1 3x"},"classes":[]},{"id":108234,"url":"https:\/\/wobronietradycjiiwiary.com\/en\/poulain-sj-iii-szczegolowy-rozbior-kazdego-stopnia-mistycznego-zjednoczenia-rozdzial-xix-malzenstwo-duchowe-czwarty-i-ostatni-etap-mistycznego-zjednoczenia-220\/","url_meta":{"origin":47911,"position":5},"title":"Poulain SJ: III. Szczeg\u00f3\u0142owy rozbi\u00f3r ka\u017cdego stopnia\u00a0mistycznego zjednoczenia. Rozdzia\u0142 XIX. Ma\u0142\u017ce\u0144stwo duchowe, czwarty i ostatni etap mistycznego zjednoczenia (220)","author":"Prospector Veritatis","date":"8 December 2023","format":false,"excerpt":"Czy ma\u0142\u017ce\u0144stwo duchowe uwalnia od pokus? Nie, dop\u00f3ki \u017cyjemy pokusy b\u0119d\u0105 nas pr\u00f3bowa\u0142y. Jednak sama dusza b\u0119dzie trwa\u0107 w pokoju, pomimo cierpie\u0144 jakich b\u0119dzie do\u015bwiadcza\u0107 oraz odczuwania coraz wi\u0119kszego rozdzia\u0142u zachodz\u0105cego mi\u0119dzy dusz\u0105 i cia\u0142em.","rel":"","context":"In &quot;Autorzy \u017cycia duchowego&quot;","block_context":{"text":"Autorzy \u017cycia duchowego","link":"https:\/\/wobronietradycjiiwiary.com\/en\/category\/duchowosc\/autorzy\/"},"img":{"alt_text":"","src":"https:\/\/i0.wp.com\/wobronietradycjiiwiary.com\/wp-content\/uploads\/2019\/10\/peter-paul-rubens-die-wunder-des-hl-ignatius-von-loyola.jpg?resize=350%2C200&ssl=1","width":350,"height":200,"srcset":"https:\/\/i0.wp.com\/wobronietradycjiiwiary.com\/wp-content\/uploads\/2019\/10\/peter-paul-rubens-die-wunder-des-hl-ignatius-von-loyola.jpg?resize=350%2C200&ssl=1 1x, https:\/\/i0.wp.com\/wobronietradycjiiwiary.com\/wp-content\/uploads\/2019\/10\/peter-paul-rubens-die-wunder-des-hl-ignatius-von-loyola.jpg?resize=525%2C300&ssl=1 1.5x, https:\/\/i0.wp.com\/wobronietradycjiiwiary.com\/wp-content\/uploads\/2019\/10\/peter-paul-rubens-die-wunder-des-hl-ignatius-von-loyola.jpg?resize=700%2C400&ssl=1 2x, https:\/\/i0.wp.com\/wobronietradycjiiwiary.com\/wp-content\/uploads\/2019\/10\/peter-paul-rubens-die-wunder-des-hl-ignatius-von-loyola.jpg?resize=1050%2C600&ssl=1 3x"},"classes":[]}],"amp_enabled":true,"jetpack_featured_media_url":"https:\/\/wobronietradycjiiwiary.com\/wp-content\/uploads\/2019\/10\/peter-paul-rubens-die-wunder-des-hl-ignatius-von-loyola.jpg","_links":{"self":[{"href":"https:\/\/wobronietradycjiiwiary.com\/en\/wp-json\/wp\/v2\/posts\/47911","targetHints":{"allow":["GET"]}}],"collection":[{"href":"https:\/\/wobronietradycjiiwiary.com\/en\/wp-json\/wp\/v2\/posts"}],"about":[{"href":"https:\/\/wobronietradycjiiwiary.com\/en\/wp-json\/wp\/v2\/types\/post"}],"author":[{"embeddable":true,"href":"https:\/\/wobronietradycjiiwiary.com\/en\/wp-json\/wp\/v2\/users\/119394846"}],"replies":[{"embeddable":true,"href":"https:\/\/wobronietradycjiiwiary.com\/en\/wp-json\/wp\/v2\/comments?post=47911"}],"version-history":[{"count":1,"href":"https:\/\/wobronietradycjiiwiary.com\/en\/wp-json\/wp\/v2\/posts\/47911\/revisions"}],"predecessor-version":[{"id":125177,"href":"https:\/\/wobronietradycjiiwiary.com\/en\/wp-json\/wp\/v2\/posts\/47911\/revisions\/125177"}],"wp:featuredmedia":[{"embeddable":true,"href":"https:\/\/wobronietradycjiiwiary.com\/en\/wp-json\/wp\/v2\/media\/23108"}],"wp:attachment":[{"href":"https:\/\/wobronietradycjiiwiary.com\/en\/wp-json\/wp\/v2\/media?parent=47911"}],"wp:term":[{"taxonomy":"category","embeddable":true,"href":"https:\/\/wobronietradycjiiwiary.com\/en\/wp-json\/wp\/v2\/categories?post=47911"},{"taxonomy":"post_tag","embeddable":true,"href":"https:\/\/wobronietradycjiiwiary.com\/en\/wp-json\/wp\/v2\/tags?post=47911"}],"curies":[{"name":"wp","href":"https:\/\/api.w.org\/{rel}","templated":true}]}}