{"id":47839,"date":"2021-05-27T08:00:00","date_gmt":"2021-05-27T06:00:00","guid":{"rendered":"https:\/\/wobronietradycjiiwiary.com\/?p=47839"},"modified":"2025-02-07T15:51:58","modified_gmt":"2025-02-07T14:51:58","slug":"kieran-tapsell-prawo-kanoniczne-na-temat-seksualnego-wykorzystywania-dzieci-na-przestrzeni-wiekow-7-z-10-antyklerykalizm-i-narodziny-radia","status":"publish","type":"post","link":"https:\/\/wobronietradycjiiwiary.com\/en\/kieran-tapsell-prawo-kanoniczne-na-temat-seksualnego-wykorzystywania-dzieci-na-przestrzeni-wiekow-7-z-10-antyklerykalizm-i-narodziny-radia\/","title":{"rendered":"Kieran Tapsell, Prawo kanoniczne na temat seksualnego wykorzystywania dzieci na przestrzeni wiek\u00f3w. (7 z 10). &#8220;Antyklerykalizm&#8221; i narodziny radia"},"content":{"rendered":"<div id=\"bsf_rt_marker\"><\/div><p>Narodziny antyklerykalizmu W XVI wieku protestancka reformacja spowodowa\u0142a, i\u017c Ko\u015bci\u00f3\u0142 straci\u0142 sw\u00f3j wp\u0142yw na du\u017cych obszarach p\u00f3\u0142nocnej Europy.&nbsp;P\u00f3\u017aniejsze wojny religijne&hellip;<\/p>\n<div style=\"text-align: center\">\n<p>&nbsp;<\/p>\n<\/div>\n<h2 style=\"border: 5px solid #0000A0;padding: 1em;text-align: center\"><span style=\"color: #000000\">Pe\u0142en dost\u0119p dla <span style=\"color: #00ccff\"><a style=\"color: #00ccff\" href=\"https:\/\/wobronietradycjiiwiary.com\/en\/subskrypcje-2\/\" target=\"_blank\" rel=\"noopener\">subskrybent\u00f3w<\/a><\/span>.<\/span><br \/>\n<span style=\"color: #3366ff\"><a style=\"color: #3366ff\" href=\"https:\/\/wobronietradycjiiwiary.com\/en\/account\/login\/\" target=\"_blank\" rel=\"noopener\"><span style=\"color: #00ccff\">Zaloguj<\/span><\/a> <\/span>si\u0119 lub przejd\u017a do <a href=\"https:\/\/wobronietradycjiiwiary.com\/en\/register\/\"><span style=\"color: #3366ff\">Rejestracji<\/span><\/a>.<\/h2>\n<div>\n<p style=\"text-align: center\"><a href=\"https:\/\/wobronietradycjiiwiary.com\/en\/subskrypcje-2\/cennik\/\" target=\"_blank\" rel=\"noopener\"><span style=\"color: #000080;font-size: 24pt\"><strong>Nowe ni\u017csze ceny<\/strong><\/span><\/a><\/p>\n<p style=\"text-align: center\"><strong><span style=\"font-size: 18pt;color: #000080\">P\u0142atno\u015b\u0107 kart\u0105<\/span><\/strong><\/p>\n<\/div>\n<h3 style=\"text-align: center\"><a href=\"https:\/\/wobronietradycjiiwiary.com\/en\/subskrypcje-2\/automatyczne\/indywidualne\/\" target=\"_blank\" rel=\"noopener\"><img fetchpriority=\"high\" decoding=\"async\" class=\"alignnone size-medium wp-image-80433\" src=\"https:\/\/wobronietradycjiiwiary.com\/wp-content\/uploads\/2022\/11\/Unbenannt-1-Online-1-300x202.jpg\" alt=\"\" width=\"300\" height=\"202\" srcset=\"https:\/\/wobronietradycjiiwiary.com\/wp-content\/uploads\/2022\/11\/Unbenannt-1-Online-1-300x202.jpg 300w, https:\/\/wobronietradycjiiwiary.com\/wp-content\/uploads\/2022\/11\/Unbenannt-1-Online-1-150x101.jpg 150w, https:\/\/wobronietradycjiiwiary.com\/wp-content\/uploads\/2022\/11\/Unbenannt-1-Online-1-18x12.jpg 18w, https:\/\/wobronietradycjiiwiary.com\/wp-content\/uploads\/2022\/11\/Unbenannt-1-Online-1.jpg 446w\" sizes=\"(max-width: 300px) 100vw, 300px\" \/><\/a><\/h3>\n<p style=\"text-align: center\"><strong><span style=\"font-size: 18pt;color: #000080\">P\u0142atno\u015b\u0107 przelewem<\/span><\/strong><\/p>\n<p><a href=\"https:\/\/wobronietradycjiiwiary.com\/en\/subskrypcje-2\/automatyczne\/indywidualne\/\" target=\"_blank\" rel=\"noopener\"><img decoding=\"async\" class=\"size-medium wp-image-80434 aligncenter\" src=\"https:\/\/wobronietradycjiiwiary.com\/wp-content\/uploads\/2022\/11\/Unbenannt-1-Przelewem-300x137.jpg\" alt=\"\" width=\"300\" height=\"137\" srcset=\"https:\/\/wobronietradycjiiwiary.com\/wp-content\/uploads\/2022\/11\/Unbenannt-1-Przelewem-300x137.jpg 300w, https:\/\/wobronietradycjiiwiary.com\/wp-content\/uploads\/2022\/11\/Unbenannt-1-Przelewem-450x206.jpg 450w, https:\/\/wobronietradycjiiwiary.com\/wp-content\/uploads\/2022\/11\/Unbenannt-1-Przelewem-600x274.jpg 600w, https:\/\/wobronietradycjiiwiary.com\/wp-content\/uploads\/2022\/11\/Unbenannt-1-Przelewem-150x69.jpg 150w, https:\/\/wobronietradycjiiwiary.com\/wp-content\/uploads\/2022\/11\/Unbenannt-1-Przelewem-18x8.jpg 18w, https:\/\/wobronietradycjiiwiary.com\/wp-content\/uploads\/2022\/11\/Unbenannt-1-Przelewem.jpg 676w\" sizes=\"(max-width: 300px) 100vw, 300px\" \/><\/a><\/p>\n<p style=\"text-align: center\"><strong><span style=\"font-size: 18pt;color: #000080\">P\u0142atno\u015b\u0107 kart\u0105 do 6 os\u00f3b<\/span><\/strong><\/p>\n<p><a href=\"https:\/\/wobronietradycjiiwiary.com\/en\/rodzinne\/\" target=\"_blank\" rel=\"noopener\"><img decoding=\"async\" class=\"size-medium wp-image-80435 aligncenter\" src=\"https:\/\/wobronietradycjiiwiary.com\/wp-content\/uploads\/2022\/11\/Unbenannt-1-Rodzinna-300x208.jpg\" alt=\"\" width=\"300\" height=\"208\" srcset=\"https:\/\/wobronietradycjiiwiary.com\/wp-content\/uploads\/2022\/11\/Unbenannt-1-Rodzinna-300x208.jpg 300w, https:\/\/wobronietradycjiiwiary.com\/wp-content\/uploads\/2022\/11\/Unbenannt-1-Rodzinna-150x104.jpg 150w, https:\/\/wobronietradycjiiwiary.com\/wp-content\/uploads\/2022\/11\/Unbenannt-1-Rodzinna-18x12.jpg 18w, https:\/\/wobronietradycjiiwiary.com\/wp-content\/uploads\/2022\/11\/Unbenannt-1-Rodzinna.jpg 448w\" sizes=\"(max-width: 300px) 100vw, 300px\" \/><\/a><\/p>\n<h3 style=\"text-align: center\"><\/h3>\n<h1 style=\"text-align: center\"><\/h1>","protected":false},"excerpt":{"rendered":"<p>Ko\u015bci\u00f3\u0142 zdecydowa\u0142 si\u0119 na nak\u0142adanie tajemnicy papieskiej na gorsz\u0105ce wiadomo\u015bci powodowany l\u0119kiem przed &#8220;antyklerykalizmem&#8221; i &#8220;zgorszeniem&#8221;. Czy s\u0142usznie?<\/p>","protected":false},"author":60508433,"featured_media":45714,"comment_status":"open","ping_status":"open","sticky":false,"template":"","format":"standard","meta":{"_bbp_topic_count":0,"_bbp_reply_count":0,"_bbp_total_topic_count":0,"_bbp_total_reply_count":0,"_bbp_voice_count":0,"_bbp_anonymous_reply_count":0,"_bbp_topic_count_hidden":0,"_bbp_reply_count_hidden":0,"_bbp_forum_subforum_count":0,"_editorskit_title_hidden":false,"_editorskit_reading_time":1,"_editorskit_is_block_options_detached":false,"_editorskit_block_options_position":"{}","_coblocks_attr":"","_coblocks_dimensions":"","_coblocks_responsive_height":"","_coblocks_accordion_ie_support":"","_exactmetrics_skip_tracking":false,"_jetpack_newsletter_access":"","_jetpack_dont_email_post_to_subs":false,"_jetpack_newsletter_tier_id":0,"_jetpack_memberships_contains_paywalled_content":false,"_wpcom_ai_launchpad_first_post":false,"_jetpack_feature_clip_id":0,"_jetpack_memberships_contains_paid_content":false,"footnotes":"","jetpack_publicize_message":"{title}\n\n{excerpt}\n\n{url}","jetpack_publicize_feature_enabled":true,"jetpack_social_post_already_shared":true,"jetpack_social_options":{"image_generator_settings":{"template":"highway","default_image_id":0,"font":"","enabled":false},"version":2},"_wpas_customize_per_network":false,"jetpack_post_was_ever_published":false},"categories":[610132885,610132575,610132389],"tags":[610132133],"class_list":["post-47839","post","type-post","status-publish","format-standard","has-post-thumbnail","hentry","category-kieran-tapsell","category-ujecie-prawnokanoniczne","category-pedofilia-w-kosciele","tag-restricted"],"yoast_head":"<!-- This site is optimized with the Yoast SEO plugin v28.4 - https:\/\/yoast.com\/product\/yoast-seo-wordpress\/ -->\n<title>Kieran Tapsell, Prawo kanoniczne na temat seksualnego wykorzystywania dzieci na przestrzeni wiek\u00f3w. (7 z 10). &quot;Antyklerykalizm&quot; i narodziny radia - Tradycja i Wiara<\/title>\n<meta name=\"robots\" content=\"index, follow, max-snippet:-1, max-image-preview:large, max-video-preview:-1\" \/>\n<link rel=\"canonical\" href=\"https:\/\/wobronietradycjiiwiary.com\/en\/kieran-tapsell-prawo-kanoniczne-na-temat-seksualnego-wykorzystywania-dzieci-na-przestrzeni-wiekow-7-z-10-antyklerykalizm-i-narodziny-radia\/\" \/>\n<meta property=\"og:locale\" content=\"en_US\" \/>\n<meta property=\"og:type\" content=\"article\" \/>\n<meta property=\"og:title\" content=\"Kieran Tapsell, Prawo kanoniczne na temat seksualnego wykorzystywania dzieci na przestrzeni wiek\u00f3w. (7 z 10). &quot;Antyklerykalizm&quot; i narodziny radia - Tradycja i Wiara\" \/>\n<meta property=\"og:description\" content=\"Ko\u015bci\u00f3\u0142 zdecydowa\u0142 si\u0119 na nak\u0142adanie tajemnicy papieskiej na gorsz\u0105ce wiadomo\u015bci powodowany l\u0119kiem przed &quot;antyklerykalizmem&quot; i &quot;zgorszeniem&quot;. Czy s\u0142usznie?\" \/>\n<meta property=\"og:url\" content=\"https:\/\/wobronietradycjiiwiary.com\/en\/kieran-tapsell-prawo-kanoniczne-na-temat-seksualnego-wykorzystywania-dzieci-na-przestrzeni-wiekow-7-z-10-antyklerykalizm-i-narodziny-radia\/\" \/>\n<meta property=\"og:site_name\" content=\"Tradycja i Wiara\" \/>\n<meta property=\"article:publisher\" content=\"https:\/\/www.facebook.com\/Tradycja-i-Wiara-108813920592249\" \/>\n<meta property=\"article:published_time\" content=\"2021-05-27T06:00:00+00:00\" \/>\n<meta property=\"article:modified_time\" content=\"2025-02-07T14:51:58+00:00\" \/>\n<meta property=\"og:image\" content=\"https:\/\/wobronietradycjiiwiary.com\/wp-content\/uploads\/2021\/04\/5a_custom-c97d567881449557cb29cecbe29939c91d37544e-s800-c85.jpg\" \/>\n\t<meta property=\"og:image:width\" content=\"800\" \/>\n\t<meta property=\"og:image:height\" content=\"481\" \/>\n\t<meta property=\"og:image:type\" content=\"image\/jpeg\" \/>\n<meta name=\"author\" content=\"Traditio et Fides\" \/>\n<meta name=\"twitter:card\" content=\"summary_large_image\" \/>\n<meta name=\"twitter:label1\" content=\"Written by\" \/>\n\t<meta name=\"twitter:data1\" content=\"Traditio et Fides\" \/>\n\t<meta name=\"twitter:label2\" content=\"Est. reading time\" \/>\n\t<meta name=\"twitter:data2\" content=\"2 minutes\" \/>\n<script type=\"application\/ld+json\" class=\"yoast-schema-graph\">{\"@context\":\"https:\\\/\\\/schema.org\",\"@graph\":[{\"@type\":\"Article\",\"@id\":\"https:\\\/\\\/wobronietradycjiiwiary.com\\\/kieran-tapsell-prawo-kanoniczne-na-temat-seksualnego-wykorzystywania-dzieci-na-przestrzeni-wiekow-7-z-10-antyklerykalizm-i-narodziny-radia\\\/#article\",\"isPartOf\":{\"@id\":\"https:\\\/\\\/wobronietradycjiiwiary.com\\\/kieran-tapsell-prawo-kanoniczne-na-temat-seksualnego-wykorzystywania-dzieci-na-przestrzeni-wiekow-7-z-10-antyklerykalizm-i-narodziny-radia\\\/\"},\"author\":{\"name\":\"Traditio et Fides\",\"@id\":\"https:\\\/\\\/wobronietradycjiiwiary.com\\\/pl\\\/#\\\/schema\\\/person\\\/2d6180ce6abcb681fef0daab7816e8f3\"},\"headline\":\"Kieran Tapsell, Prawo kanoniczne na temat seksualnego wykorzystywania dzieci na przestrzeni wiek\u00f3w. (7 z 10). &#8220;Antyklerykalizm&#8221; i narodziny radia\",\"datePublished\":\"2021-05-27T06:00:00+00:00\",\"dateModified\":\"2025-02-07T14:51:58+00:00\",\"mainEntityOfPage\":{\"@id\":\"https:\\\/\\\/wobronietradycjiiwiary.com\\\/kieran-tapsell-prawo-kanoniczne-na-temat-seksualnego-wykorzystywania-dzieci-na-przestrzeni-wiekow-7-z-10-antyklerykalizm-i-narodziny-radia\\\/\"},\"wordCount\":456,\"commentCount\":0,\"publisher\":{\"@id\":\"https:\\\/\\\/wobronietradycjiiwiary.com\\\/pl\\\/#organization\"},\"image\":{\"@id\":\"https:\\\/\\\/wobronietradycjiiwiary.com\\\/kieran-tapsell-prawo-kanoniczne-na-temat-seksualnego-wykorzystywania-dzieci-na-przestrzeni-wiekow-7-z-10-antyklerykalizm-i-narodziny-radia\\\/#primaryimage\"},\"thumbnailUrl\":\"https:\\\/\\\/wobronietradycjiiwiary.com\\\/wp-content\\\/uploads\\\/2021\\\/04\\\/5a_custom-c97d567881449557cb29cecbe29939c91d37544e-s800-c85.jpg\",\"keywords\":[\"Restricted\"],\"articleSection\":[\"Kieran Tapsell\",\"Uj\u0119cie prawnokanoniczne\",\"Wobec dzieci - pedofilia w Ko\u015bciele\"],\"inLanguage\":\"en-US\",\"potentialAction\":[{\"@type\":\"CommentAction\",\"name\":\"Comment\",\"target\":[\"https:\\\/\\\/wobronietradycjiiwiary.com\\\/kieran-tapsell-prawo-kanoniczne-na-temat-seksualnego-wykorzystywania-dzieci-na-przestrzeni-wiekow-7-z-10-antyklerykalizm-i-narodziny-radia\\\/#respond\"]}]},{\"@type\":\"WebPage\",\"@id\":\"https:\\\/\\\/wobronietradycjiiwiary.com\\\/kieran-tapsell-prawo-kanoniczne-na-temat-seksualnego-wykorzystywania-dzieci-na-przestrzeni-wiekow-7-z-10-antyklerykalizm-i-narodziny-radia\\\/\",\"url\":\"https:\\\/\\\/wobronietradycjiiwiary.com\\\/kieran-tapsell-prawo-kanoniczne-na-temat-seksualnego-wykorzystywania-dzieci-na-przestrzeni-wiekow-7-z-10-antyklerykalizm-i-narodziny-radia\\\/\",\"name\":\"Kieran Tapsell, Prawo kanoniczne na temat seksualnego wykorzystywania dzieci na przestrzeni wiek\u00f3w. (7 z 10). \\\"Antyklerykalizm\\\" i narodziny radia - Tradycja i Wiara\",\"isPartOf\":{\"@id\":\"https:\\\/\\\/wobronietradycjiiwiary.com\\\/pl\\\/#website\"},\"primaryImageOfPage\":{\"@id\":\"https:\\\/\\\/wobronietradycjiiwiary.com\\\/kieran-tapsell-prawo-kanoniczne-na-temat-seksualnego-wykorzystywania-dzieci-na-przestrzeni-wiekow-7-z-10-antyklerykalizm-i-narodziny-radia\\\/#primaryimage\"},\"image\":{\"@id\":\"https:\\\/\\\/wobronietradycjiiwiary.com\\\/kieran-tapsell-prawo-kanoniczne-na-temat-seksualnego-wykorzystywania-dzieci-na-przestrzeni-wiekow-7-z-10-antyklerykalizm-i-narodziny-radia\\\/#primaryimage\"},\"thumbnailUrl\":\"https:\\\/\\\/wobronietradycjiiwiary.com\\\/wp-content\\\/uploads\\\/2021\\\/04\\\/5a_custom-c97d567881449557cb29cecbe29939c91d37544e-s800-c85.jpg\",\"datePublished\":\"2021-05-27T06:00:00+00:00\",\"dateModified\":\"2025-02-07T14:51:58+00:00\",\"breadcrumb\":{\"@id\":\"https:\\\/\\\/wobronietradycjiiwiary.com\\\/kieran-tapsell-prawo-kanoniczne-na-temat-seksualnego-wykorzystywania-dzieci-na-przestrzeni-wiekow-7-z-10-antyklerykalizm-i-narodziny-radia\\\/#breadcrumb\"},\"inLanguage\":\"en-US\",\"potentialAction\":[{\"@type\":\"ReadAction\",\"target\":[\"https:\\\/\\\/wobronietradycjiiwiary.com\\\/kieran-tapsell-prawo-kanoniczne-na-temat-seksualnego-wykorzystywania-dzieci-na-przestrzeni-wiekow-7-z-10-antyklerykalizm-i-narodziny-radia\\\/\"]}]},{\"@type\":\"ImageObject\",\"inLanguage\":\"en-US\",\"@id\":\"https:\\\/\\\/wobronietradycjiiwiary.com\\\/kieran-tapsell-prawo-kanoniczne-na-temat-seksualnego-wykorzystywania-dzieci-na-przestrzeni-wiekow-7-z-10-antyklerykalizm-i-narodziny-radia\\\/#primaryimage\",\"url\":\"https:\\\/\\\/wobronietradycjiiwiary.com\\\/wp-content\\\/uploads\\\/2021\\\/04\\\/5a_custom-c97d567881449557cb29cecbe29939c91d37544e-s800-c85.jpg\",\"contentUrl\":\"https:\\\/\\\/wobronietradycjiiwiary.com\\\/wp-content\\\/uploads\\\/2021\\\/04\\\/5a_custom-c97d567881449557cb29cecbe29939c91d37544e-s800-c85.jpg\",\"width\":800,\"height\":481},{\"@type\":\"BreadcrumbList\",\"@id\":\"https:\\\/\\\/wobronietradycjiiwiary.com\\\/kieran-tapsell-prawo-kanoniczne-na-temat-seksualnego-wykorzystywania-dzieci-na-przestrzeni-wiekow-7-z-10-antyklerykalizm-i-narodziny-radia\\\/#breadcrumb\",\"itemListElement\":[{\"@type\":\"ListItem\",\"position\":1,\"name\":\"Strona g\u0142\u00f3wna\",\"item\":\"https:\\\/\\\/wobronietradycjiiwiary.com\\\/\"},{\"@type\":\"ListItem\",\"position\":2,\"name\":\"Kieran Tapsell, Prawo kanoniczne na temat seksualnego wykorzystywania dzieci na przestrzeni wiek\u00f3w. (7 z 10). &#8220;Antyklerykalizm&#8221; i narodziny radia\"}]},{\"@type\":\"WebSite\",\"@id\":\"https:\\\/\\\/wobronietradycjiiwiary.com\\\/pl\\\/#website\",\"url\":\"https:\\\/\\\/wobronietradycjiiwiary.com\\\/pl\\\/\",\"name\":\"Tradycja i Wiara\",\"description\":\"Portal dla katolik\u00f3w.\",\"publisher\":{\"@id\":\"https:\\\/\\\/wobronietradycjiiwiary.com\\\/pl\\\/#organization\"},\"potentialAction\":[{\"@type\":\"SearchAction\",\"target\":{\"@type\":\"EntryPoint\",\"urlTemplate\":\"https:\\\/\\\/wobronietradycjiiwiary.com\\\/pl\\\/?s={search_term_string}\"},\"query-input\":{\"@type\":\"PropertyValueSpecification\",\"valueRequired\":true,\"valueName\":\"search_term_string\"}}],\"inLanguage\":\"en-US\"},{\"@type\":\"Organization\",\"@id\":\"https:\\\/\\\/wobronietradycjiiwiary.com\\\/pl\\\/#organization\",\"name\":\"Tradycja i Wiara\",\"url\":\"https:\\\/\\\/wobronietradycjiiwiary.com\\\/pl\\\/\",\"logo\":{\"@type\":\"ImageObject\",\"inLanguage\":\"en-US\",\"@id\":\"https:\\\/\\\/wobronietradycjiiwiary.com\\\/pl\\\/#\\\/schema\\\/logo\\\/image\\\/\",\"url\":\"https:\\\/\\\/i0.wp.com\\\/wobronietradycjiiwiary.com\\\/wp-content\\\/uploads\\\/2015\\\/10\\\/cropped-st-peters-dome-vatican.jpg?fit=940%2C198&ssl=1\",\"contentUrl\":\"https:\\\/\\\/i0.wp.com\\\/wobronietradycjiiwiary.com\\\/wp-content\\\/uploads\\\/2015\\\/10\\\/cropped-st-peters-dome-vatican.jpg?fit=940%2C198&ssl=1\",\"width\":940,\"height\":198,\"caption\":\"Tradycja i Wiara\"},\"image\":{\"@id\":\"https:\\\/\\\/wobronietradycjiiwiary.com\\\/pl\\\/#\\\/schema\\\/logo\\\/image\\\/\"},\"sameAs\":[\"https:\\\/\\\/www.facebook.com\\\/Tradycja-i-Wiara-108813920592249\"]},{\"@type\":\"Person\",\"@id\":\"https:\\\/\\\/wobronietradycjiiwiary.com\\\/pl\\\/#\\\/schema\\\/person\\\/2d6180ce6abcb681fef0daab7816e8f3\",\"name\":\"Traditio et Fides\",\"sameAs\":[\"https:\\\/\\\/traditionundglauben.com\"],\"url\":\"https:\\\/\\\/wobronietradycjiiwiary.com\\\/en\\\/author\\\/wobronietradycjiiwiary\\\/\"}]}<\/script>\n<!-- \/ Yoast SEO plugin. -->","yoast_head_json":{"title":"Kieran Tapsell, Prawo kanoniczne na temat seksualnego wykorzystywania dzieci na przestrzeni wiek\u00f3w. (7 z 10). \"Antyklerykalizm\" i narodziny radia - Tradycja i Wiara","robots":{"index":"index","follow":"follow","max-snippet":"max-snippet:-1","max-image-preview":"max-image-preview:large","max-video-preview":"max-video-preview:-1"},"canonical":"https:\/\/wobronietradycjiiwiary.com\/en\/kieran-tapsell-prawo-kanoniczne-na-temat-seksualnego-wykorzystywania-dzieci-na-przestrzeni-wiekow-7-z-10-antyklerykalizm-i-narodziny-radia\/","og_locale":"en_US","og_type":"article","og_title":"Kieran Tapsell, Prawo kanoniczne na temat seksualnego wykorzystywania dzieci na przestrzeni wiek\u00f3w. (7 z 10). \"Antyklerykalizm\" i narodziny radia - Tradycja i Wiara","og_description":"Ko\u015bci\u00f3\u0142 zdecydowa\u0142 si\u0119 na nak\u0142adanie tajemnicy papieskiej na gorsz\u0105ce wiadomo\u015bci powodowany l\u0119kiem przed \"antyklerykalizmem\" i \"zgorszeniem\". Czy s\u0142usznie?","og_url":"https:\/\/wobronietradycjiiwiary.com\/en\/kieran-tapsell-prawo-kanoniczne-na-temat-seksualnego-wykorzystywania-dzieci-na-przestrzeni-wiekow-7-z-10-antyklerykalizm-i-narodziny-radia\/","og_site_name":"Tradycja i Wiara","article_publisher":"https:\/\/www.facebook.com\/Tradycja-i-Wiara-108813920592249","article_published_time":"2021-05-27T06:00:00+00:00","article_modified_time":"2025-02-07T14:51:58+00:00","og_image":[{"width":800,"height":481,"url":"https:\/\/wobronietradycjiiwiary.com\/wp-content\/uploads\/2021\/04\/5a_custom-c97d567881449557cb29cecbe29939c91d37544e-s800-c85.jpg","type":"image\/jpeg"}],"author":"Traditio et Fides","twitter_card":"summary_large_image","twitter_misc":{"Written by":"Traditio et Fides","Est. reading time":"2 minutes"},"schema":{"@context":"https:\/\/schema.org","@graph":[{"@type":"Article","@id":"https:\/\/wobronietradycjiiwiary.com\/kieran-tapsell-prawo-kanoniczne-na-temat-seksualnego-wykorzystywania-dzieci-na-przestrzeni-wiekow-7-z-10-antyklerykalizm-i-narodziny-radia\/#article","isPartOf":{"@id":"https:\/\/wobronietradycjiiwiary.com\/kieran-tapsell-prawo-kanoniczne-na-temat-seksualnego-wykorzystywania-dzieci-na-przestrzeni-wiekow-7-z-10-antyklerykalizm-i-narodziny-radia\/"},"author":{"name":"Traditio et Fides","@id":"https:\/\/wobronietradycjiiwiary.com\/pl\/#\/schema\/person\/2d6180ce6abcb681fef0daab7816e8f3"},"headline":"Kieran Tapsell, Prawo kanoniczne na temat seksualnego wykorzystywania dzieci na przestrzeni wiek\u00f3w. (7 z 10). &#8220;Antyklerykalizm&#8221; i narodziny radia","datePublished":"2021-05-27T06:00:00+00:00","dateModified":"2025-02-07T14:51:58+00:00","mainEntityOfPage":{"@id":"https:\/\/wobronietradycjiiwiary.com\/kieran-tapsell-prawo-kanoniczne-na-temat-seksualnego-wykorzystywania-dzieci-na-przestrzeni-wiekow-7-z-10-antyklerykalizm-i-narodziny-radia\/"},"wordCount":456,"commentCount":0,"publisher":{"@id":"https:\/\/wobronietradycjiiwiary.com\/pl\/#organization"},"image":{"@id":"https:\/\/wobronietradycjiiwiary.com\/kieran-tapsell-prawo-kanoniczne-na-temat-seksualnego-wykorzystywania-dzieci-na-przestrzeni-wiekow-7-z-10-antyklerykalizm-i-narodziny-radia\/#primaryimage"},"thumbnailUrl":"https:\/\/wobronietradycjiiwiary.com\/wp-content\/uploads\/2021\/04\/5a_custom-c97d567881449557cb29cecbe29939c91d37544e-s800-c85.jpg","keywords":["Restricted"],"articleSection":["Kieran Tapsell","Uj\u0119cie prawnokanoniczne","Wobec dzieci - pedofilia w Ko\u015bciele"],"inLanguage":"en-US","potentialAction":[{"@type":"CommentAction","name":"Comment","target":["https:\/\/wobronietradycjiiwiary.com\/kieran-tapsell-prawo-kanoniczne-na-temat-seksualnego-wykorzystywania-dzieci-na-przestrzeni-wiekow-7-z-10-antyklerykalizm-i-narodziny-radia\/#respond"]}]},{"@type":"WebPage","@id":"https:\/\/wobronietradycjiiwiary.com\/kieran-tapsell-prawo-kanoniczne-na-temat-seksualnego-wykorzystywania-dzieci-na-przestrzeni-wiekow-7-z-10-antyklerykalizm-i-narodziny-radia\/","url":"https:\/\/wobronietradycjiiwiary.com\/kieran-tapsell-prawo-kanoniczne-na-temat-seksualnego-wykorzystywania-dzieci-na-przestrzeni-wiekow-7-z-10-antyklerykalizm-i-narodziny-radia\/","name":"Kieran Tapsell, Prawo kanoniczne na temat seksualnego wykorzystywania dzieci na przestrzeni wiek\u00f3w. (7 z 10). \"Antyklerykalizm\" i narodziny radia - Tradycja i Wiara","isPartOf":{"@id":"https:\/\/wobronietradycjiiwiary.com\/pl\/#website"},"primaryImageOfPage":{"@id":"https:\/\/wobronietradycjiiwiary.com\/kieran-tapsell-prawo-kanoniczne-na-temat-seksualnego-wykorzystywania-dzieci-na-przestrzeni-wiekow-7-z-10-antyklerykalizm-i-narodziny-radia\/#primaryimage"},"image":{"@id":"https:\/\/wobronietradycjiiwiary.com\/kieran-tapsell-prawo-kanoniczne-na-temat-seksualnego-wykorzystywania-dzieci-na-przestrzeni-wiekow-7-z-10-antyklerykalizm-i-narodziny-radia\/#primaryimage"},"thumbnailUrl":"https:\/\/wobronietradycjiiwiary.com\/wp-content\/uploads\/2021\/04\/5a_custom-c97d567881449557cb29cecbe29939c91d37544e-s800-c85.jpg","datePublished":"2021-05-27T06:00:00+00:00","dateModified":"2025-02-07T14:51:58+00:00","breadcrumb":{"@id":"https:\/\/wobronietradycjiiwiary.com\/kieran-tapsell-prawo-kanoniczne-na-temat-seksualnego-wykorzystywania-dzieci-na-przestrzeni-wiekow-7-z-10-antyklerykalizm-i-narodziny-radia\/#breadcrumb"},"inLanguage":"en-US","potentialAction":[{"@type":"ReadAction","target":["https:\/\/wobronietradycjiiwiary.com\/kieran-tapsell-prawo-kanoniczne-na-temat-seksualnego-wykorzystywania-dzieci-na-przestrzeni-wiekow-7-z-10-antyklerykalizm-i-narodziny-radia\/"]}]},{"@type":"ImageObject","inLanguage":"en-US","@id":"https:\/\/wobronietradycjiiwiary.com\/kieran-tapsell-prawo-kanoniczne-na-temat-seksualnego-wykorzystywania-dzieci-na-przestrzeni-wiekow-7-z-10-antyklerykalizm-i-narodziny-radia\/#primaryimage","url":"https:\/\/wobronietradycjiiwiary.com\/wp-content\/uploads\/2021\/04\/5a_custom-c97d567881449557cb29cecbe29939c91d37544e-s800-c85.jpg","contentUrl":"https:\/\/wobronietradycjiiwiary.com\/wp-content\/uploads\/2021\/04\/5a_custom-c97d567881449557cb29cecbe29939c91d37544e-s800-c85.jpg","width":800,"height":481},{"@type":"BreadcrumbList","@id":"https:\/\/wobronietradycjiiwiary.com\/kieran-tapsell-prawo-kanoniczne-na-temat-seksualnego-wykorzystywania-dzieci-na-przestrzeni-wiekow-7-z-10-antyklerykalizm-i-narodziny-radia\/#breadcrumb","itemListElement":[{"@type":"ListItem","position":1,"name":"Strona g\u0142\u00f3wna","item":"https:\/\/wobronietradycjiiwiary.com\/"},{"@type":"ListItem","position":2,"name":"Kieran Tapsell, Prawo kanoniczne na temat seksualnego wykorzystywania dzieci na przestrzeni wiek\u00f3w. (7 z 10). &#8220;Antyklerykalizm&#8221; i narodziny radia"}]},{"@type":"WebSite","@id":"https:\/\/wobronietradycjiiwiary.com\/pl\/#website","url":"https:\/\/wobronietradycjiiwiary.com\/pl\/","name":"Tradycja i Wiara","description":"Portal dla katolik\u00f3w.","publisher":{"@id":"https:\/\/wobronietradycjiiwiary.com\/pl\/#organization"},"potentialAction":[{"@type":"SearchAction","target":{"@type":"EntryPoint","urlTemplate":"https:\/\/wobronietradycjiiwiary.com\/pl\/?s={search_term_string}"},"query-input":{"@type":"PropertyValueSpecification","valueRequired":true,"valueName":"search_term_string"}}],"inLanguage":"en-US"},{"@type":"Organization","@id":"https:\/\/wobronietradycjiiwiary.com\/pl\/#organization","name":"Tradycja i Wiara","url":"https:\/\/wobronietradycjiiwiary.com\/pl\/","logo":{"@type":"ImageObject","inLanguage":"en-US","@id":"https:\/\/wobronietradycjiiwiary.com\/pl\/#\/schema\/logo\/image\/","url":"https:\/\/i0.wp.com\/wobronietradycjiiwiary.com\/wp-content\/uploads\/2015\/10\/cropped-st-peters-dome-vatican.jpg?fit=940%2C198&ssl=1","contentUrl":"https:\/\/i0.wp.com\/wobronietradycjiiwiary.com\/wp-content\/uploads\/2015\/10\/cropped-st-peters-dome-vatican.jpg?fit=940%2C198&ssl=1","width":940,"height":198,"caption":"Tradycja i Wiara"},"image":{"@id":"https:\/\/wobronietradycjiiwiary.com\/pl\/#\/schema\/logo\/image\/"},"sameAs":["https:\/\/www.facebook.com\/Tradycja-i-Wiara-108813920592249"]},{"@type":"Person","@id":"https:\/\/wobronietradycjiiwiary.com\/pl\/#\/schema\/person\/2d6180ce6abcb681fef0daab7816e8f3","name":"Traditio et Fides","sameAs":["https:\/\/traditionundglauben.com"],"url":"https:\/\/wobronietradycjiiwiary.com\/en\/author\/wobronietradycjiiwiary\/"}]}},"jetpack_publicize_connections":[],"jetpack_sharing_enabled":true,"jetpack_likes_enabled":true,"jetpack_shortlink":"https:\/\/wp.me\/pc04Sd-crB","jetpack-related-posts":[{"id":142851,"url":"https:\/\/wobronietradycjiiwiary.com\/en\/carol-byrne-msza-dialogowana-120-1-z-145-progresywisci-promuja-antyklerykalizm-w-kosciele-i\/","url_meta":{"origin":47839,"position":0},"title":"Carol Byrne, &#8220;Msza dialogowana&#8221;. (120.1 z 153). Progresywi\u015bci promuj\u0105 antyklerykalizm w Ko\u015bciele (i)","author":"Traditio et Fides","date":"20 May 2025","format":false,"excerpt":"O antyklerykalizmie kleru.","rel":"","context":"In &quot;Byrne&quot;","block_context":{"text":"Byrne","link":"https:\/\/wobronietradycjiiwiary.com\/en\/category\/doktryna\/teologia-liturgii\/byrne-doktryna\/"},"img":{"alt_text":"","src":"https:\/\/i0.wp.com\/wobronietradycjiiwiary.com\/wp-content\/uploads\/2019\/10\/carreno-de-miranda.jpg?resize=350%2C200&ssl=1","width":350,"height":200,"srcset":"https:\/\/i0.wp.com\/wobronietradycjiiwiary.com\/wp-content\/uploads\/2019\/10\/carreno-de-miranda.jpg?resize=350%2C200&ssl=1 1x, https:\/\/i0.wp.com\/wobronietradycjiiwiary.com\/wp-content\/uploads\/2019\/10\/carreno-de-miranda.jpg?resize=525%2C300&ssl=1 1.5x, https:\/\/i0.wp.com\/wobronietradycjiiwiary.com\/wp-content\/uploads\/2019\/10\/carreno-de-miranda.jpg?resize=700%2C400&ssl=1 2x"},"classes":[]},{"id":145229,"url":"https:\/\/wobronietradycjiiwiary.com\/en\/antyklerykalizm-lub-o-szacunku-dla-samego-siebie\/","url_meta":{"origin":47839,"position":1},"title":"&#8220;Antyklerykalizm&#8221; lub o szacunku dla samego siebie","author":"Traditio et Fides","date":"17 June 2025","format":false,"excerpt":"O poczuciu w\u0142asnej warto\u015bci lub jego braku.","rel":"","context":"In &quot;Byrne&quot;","block_context":{"text":"Byrne","link":"https:\/\/wobronietradycjiiwiary.com\/en\/category\/doktryna\/teologia-liturgii\/byrne-doktryna\/"},"img":{"alt_text":"","src":"https:\/\/i0.wp.com\/wobronietradycjiiwiary.com\/wp-content\/uploads\/2025\/06\/images.jpeg?resize=350%2C200&ssl=1","width":350,"height":200},"classes":[]},{"id":115416,"url":"https:\/\/wobronietradycjiiwiary.com\/en\/czy-oni-to-juz-wtedy-planowali-lub-o-usunieciu-pogromcy-papieza-heretyka-z-kalendarza\/","url_meta":{"origin":47839,"position":2},"title":"&#8220;Czy oni to ju\u017c wtedy planowali?&#8221; lub o usuni\u0119ciu pogromcy papie\u017ca heretyka z kalendarza","author":"Traditio et Fides","date":"2 April 2024","format":false,"excerpt":"O zwi\u0105zkach Leona II z abdykacj\u0105 Benedykta i re\u017cimem Bergoglio.","rel":"","context":"In &quot;Ad 4) 2. Stopniowe zmiany liturgii: Kanon, kalendarz, znikaj\u0105ce \u015bwi\u0119ta&quot;","block_context":{"text":"Ad 4) 2. Stopniowe zmiany liturgii: Kanon, kalendarz, znikaj\u0105ce \u015bwi\u0119ta","link":"https:\/\/wobronietradycjiiwiary.com\/en\/category\/doktryna\/teologia-liturgii\/byrne-doktryna\/byrne\/komentarze-do-byrne\/ad-4-jan-xxiii\/ad-4-2-stopniowe-zmiany-liturgii\/"},"img":{"alt_text":"","src":"","width":0,"height":0},"classes":[]},{"id":133117,"url":"https:\/\/wobronietradycjiiwiary.com\/en\/czy-modlitwa-szkolna-cos-zmienia\/","url_meta":{"origin":47839,"position":3},"title":"Czy modlitwa szkolna co\u015b zmienia?","author":"Traditio et Fides","date":"28 February 2025","format":false,"excerpt":"Refleksje na temat zaniechania modlitwy szkolnej w USA i konsekwncji tego wydarzenia. upadku obyczaj\u00f3w w USA.","rel":"","context":"In &quot;Apologetyka i polemika&quot;","block_context":{"text":"Apologetyka i polemika","link":"https:\/\/wobronietradycjiiwiary.com\/en\/category\/polemika\/apologetyka-i-polemika\/"},"img":{"alt_text":"","src":"https:\/\/i0.wp.com\/wobronietradycjiiwiary.com\/wp-content\/uploads\/2025\/02\/the-prayer-of-the-children-suffering-from-ringworm-1853-detail-isidore-pils.jpg?resize=350%2C200&ssl=1","width":350,"height":200,"srcset":"https:\/\/i0.wp.com\/wobronietradycjiiwiary.com\/wp-content\/uploads\/2025\/02\/the-prayer-of-the-children-suffering-from-ringworm-1853-detail-isidore-pils.jpg?resize=350%2C200&ssl=1 1x, https:\/\/i0.wp.com\/wobronietradycjiiwiary.com\/wp-content\/uploads\/2025\/02\/the-prayer-of-the-children-suffering-from-ringworm-1853-detail-isidore-pils.jpg?resize=525%2C300&ssl=1 1.5x, https:\/\/i0.wp.com\/wobronietradycjiiwiary.com\/wp-content\/uploads\/2025\/02\/the-prayer-of-the-children-suffering-from-ringworm-1853-detail-isidore-pils.jpg?resize=700%2C400&ssl=1 2x"},"classes":[]},{"id":143222,"url":"https:\/\/wobronietradycjiiwiary.com\/en\/carol-byrne-msza-dialogowana-120-2-z-145-progresywisci-promuja-antyklerykalizm-w-kosciele-ii-2\/","url_meta":{"origin":47839,"position":4},"title":"Carol Byrne, &#8220;Msza dialogowana&#8221;. (120.2 z 153). Progresywi\u015bci promuj\u0105 antyklerykalizm w Ko\u015bciele (ii)","author":"Traditio et Fides","date":"27 May 2025","format":false,"excerpt":"Krytyka dwupoziomowego systemu Ko\u015bcio\u0142a.","rel":"","context":"In &quot;Byrne&quot;","block_context":{"text":"Byrne","link":"https:\/\/wobronietradycjiiwiary.com\/en\/category\/doktryna\/teologia-liturgii\/byrne-doktryna\/"},"img":{"alt_text":"","src":"https:\/\/i0.wp.com\/wobronietradycjiiwiary.com\/wp-content\/uploads\/2019\/10\/carreno-de-miranda.jpg?resize=350%2C200&ssl=1","width":350,"height":200,"srcset":"https:\/\/i0.wp.com\/wobronietradycjiiwiary.com\/wp-content\/uploads\/2019\/10\/carreno-de-miranda.jpg?resize=350%2C200&ssl=1 1x, https:\/\/i0.wp.com\/wobronietradycjiiwiary.com\/wp-content\/uploads\/2019\/10\/carreno-de-miranda.jpg?resize=525%2C300&ssl=1 1.5x, https:\/\/i0.wp.com\/wobronietradycjiiwiary.com\/wp-content\/uploads\/2019\/10\/carreno-de-miranda.jpg?resize=700%2C400&ssl=1 2x"},"classes":[]},{"id":147734,"url":"https:\/\/wobronietradycjiiwiary.com\/en\/leon-xiv-i-amerykanskie-pieniadze\/","url_meta":{"origin":47839,"position":5},"title":"Leon XIV i ameryka\u0144skie pieni\u0105dze","author":"Traditio et Fides","date":"14 July 2025","format":false,"excerpt":"O zale\u017cno\u015bci mi\u0119dzy datkami Amerykan\u00f3w i ameryka\u0144skim papie\u017cem.","rel":"","context":"In &quot;\"Naturalna\" metoda planowania rodziny&quot;","block_context":{"text":"\"Naturalna\" metoda planowania rodziny","link":"https:\/\/wobronietradycjiiwiary.com\/en\/category\/doktryna\/teologia-moralna\/malzenstwo\/stosunki-seksualne-w-malzenstwie\/naturalna-metoda-planowania-rodziny\/"},"img":{"alt_text":"","src":"https:\/\/i0.wp.com\/wobronietradycjiiwiary.com\/wp-content\/uploads\/2025\/05\/Photo-Collage-Maker_2025_05_16_01_27_22.jpg?resize=350%2C200&ssl=1","width":350,"height":200,"srcset":"https:\/\/i0.wp.com\/wobronietradycjiiwiary.com\/wp-content\/uploads\/2025\/05\/Photo-Collage-Maker_2025_05_16_01_27_22.jpg?resize=350%2C200&ssl=1 1x, https:\/\/i0.wp.com\/wobronietradycjiiwiary.com\/wp-content\/uploads\/2025\/05\/Photo-Collage-Maker_2025_05_16_01_27_22.jpg?resize=525%2C300&ssl=1 1.5x, https:\/\/i0.wp.com\/wobronietradycjiiwiary.com\/wp-content\/uploads\/2025\/05\/Photo-Collage-Maker_2025_05_16_01_27_22.jpg?resize=700%2C400&ssl=1 2x, https:\/\/i0.wp.com\/wobronietradycjiiwiary.com\/wp-content\/uploads\/2025\/05\/Photo-Collage-Maker_2025_05_16_01_27_22.jpg?resize=1050%2C600&ssl=1 3x, https:\/\/i0.wp.com\/wobronietradycjiiwiary.com\/wp-content\/uploads\/2025\/05\/Photo-Collage-Maker_2025_05_16_01_27_22.jpg?resize=1400%2C800&ssl=1 4x"},"classes":[]}],"amp_enabled":true,"jetpack_featured_media_url":"https:\/\/wobronietradycjiiwiary.com\/wp-content\/uploads\/2021\/04\/5a_custom-c97d567881449557cb29cecbe29939c91d37544e-s800-c85.jpg","_links":{"self":[{"href":"https:\/\/wobronietradycjiiwiary.com\/en\/wp-json\/wp\/v2\/posts\/47839","targetHints":{"allow":["GET"]}}],"collection":[{"href":"https:\/\/wobronietradycjiiwiary.com\/en\/wp-json\/wp\/v2\/posts"}],"about":[{"href":"https:\/\/wobronietradycjiiwiary.com\/en\/wp-json\/wp\/v2\/types\/post"}],"author":[{"embeddable":true,"href":"https:\/\/wobronietradycjiiwiary.com\/en\/wp-json\/wp\/v2\/users\/60508433"}],"replies":[{"embeddable":true,"href":"https:\/\/wobronietradycjiiwiary.com\/en\/wp-json\/wp\/v2\/comments?post=47839"}],"version-history":[{"count":1,"href":"https:\/\/wobronietradycjiiwiary.com\/en\/wp-json\/wp\/v2\/posts\/47839\/revisions"}],"predecessor-version":[{"id":60348,"href":"https:\/\/wobronietradycjiiwiary.com\/en\/wp-json\/wp\/v2\/posts\/47839\/revisions\/60348"}],"wp:featuredmedia":[{"embeddable":true,"href":"https:\/\/wobronietradycjiiwiary.com\/en\/wp-json\/wp\/v2\/media\/45714"}],"wp:attachment":[{"href":"https:\/\/wobronietradycjiiwiary.com\/en\/wp-json\/wp\/v2\/media?parent=47839"}],"wp:term":[{"taxonomy":"category","embeddable":true,"href":"https:\/\/wobronietradycjiiwiary.com\/en\/wp-json\/wp\/v2\/categories?post=47839"},{"taxonomy":"post_tag","embeddable":true,"href":"https:\/\/wobronietradycjiiwiary.com\/en\/wp-json\/wp\/v2\/tags?post=47839"}],"curies":[{"name":"wp","href":"https:\/\/api.w.org\/{rel}","templated":true}]}}