{"id":44567,"date":"2024-02-03T08:15:36","date_gmt":"2024-02-03T07:15:36","guid":{"rendered":"https:\/\/wobronietradycjiiwiary.com\/?p=44567"},"modified":"2025-02-10T11:45:28","modified_gmt":"2025-02-10T10:45:28","slug":"3-go-lutego-zywot-swietego-blazeja-biskupa-i-meczennika-2","status":"publish","type":"post","link":"https:\/\/wobronietradycjiiwiary.com\/en\/3-go-lutego-zywot-swietego-blazeja-biskupa-i-meczennika-2\/","title":{"rendered":"3-go Lutego. \u017bywot \u015bwi\u0119tego B\u0142a\u017ceja, Biskupa i M\u0119czennika."},"content":{"rendered":"<div id=\"bsf_rt_marker\"><\/div>\n<h2 class=\"has-vivid-purple-color has-text-color wp-block-heading\" id=\"czas-lektury-8-minut\">Czas lektury: 8 minut<\/h2>\n\n\n\n<p class=\"has-text-align-justify wp-block-paragraph\">Rzadko kt\u00f3ry \u015awi\u0119ty Ko\u015bcio\u0142a Wschodniego odbiera tak\u0105 cze\u015b\u0107 w Ko\u015bciele Zachodnim, jak \u015bwi\u0119ty B\u0142a\u017cej. Lubo jednak doznaje czci og\u00f3lnej, mimo to o jego m\u0142odo\u015bci ma\u0142o szczeg\u00f3\u0142\u00f3w dosz\u0142o nowszych czas\u00f3w. Wiadomem jest tylko, i\u017c urodzi\u0142 si\u0119 w Seba\u015bcie, mie\u015bcie po\u0142o\u017conem w Armenii, z chrze\u015bcija\u0144skich rodzic\u00f3w. Po\u015bwi\u0119ciwszy si\u0119 poprzednio zawodowi lekarskiemu, tak ja\u015bnia\u0142 przytem cnotami, \u017ce po \u015bmierci Biskupa w Seba\u015bcie jego na t\u0119 godno\u015b\u0107 wybrano. Mimo, i\u017c dla pokory niech\u0119tnie przyj\u0105\u0142 tak dostojny urz\u0105d, wnet jednak okaza\u0142 si\u0119 zdatnym i wielce troskliwym pasterzem, dbaj\u0105cym o dobro dusz sobie powierzonych.<\/p>\n\n\n\n<p class=\"has-text-align-justify wp-block-paragraph\">Cesarz Linceniusz, mszcz\u0105c si\u0119 tymczasem, \u017ce go Konstantyn Wielki pobi\u0142, rozpocz\u0105\u0142 srogie prze\u015bladowanie chrze\u015bcijan. Starost\u0105 w Seba\u015bcie by\u0142 w\u00f3wczas Agrykolaus, kt\u00f3ry chc\u0105c si\u0119 cesarzowi przypodoba\u0107, wykonywa\u0142 rozkazy jego z najwi\u0119kszem okrucie\u0144stwem. Chrze\u015bcijanie Sebasty po cz\u0119\u015bci rozbiegli si\u0119 po g\u00f3rach i lasach, a na usilne pro\u015bby wreszcie i B\u0142a\u017cej opu\u015bci\u0142 Sebast\u0119 i schroni\u0142 si\u0119 do jaskini g\u00f3ry nazwiskiem Argeon. Tu w g\u0142\u0119bokiej samotno\u015bci le\u015bnej modli\u0142 si\u0119 bez ustanku do Boga o zmi\u0142owanie nad nieszcz\u0119\u015bliw\u0105 dol\u0105 chrze\u015bcijan.<br>\u2009Nie pozostawa\u0142 on tu jednak osamotniony, gdy\u017c towarzystwo jego stanowi\u0142y dzikie zwierz\u0119ta, jak to wielokrotnie w \u017cyciu \u015awi\u0119tych Pa\u0144skich zachodzi\u0142o. Ptastwo obsiad\u0142o okoliczne jod\u0142y i \u015bpiewem swoim wt\u00f3rowa\u0142o jego modlitwie; lwy, nied\u017awiedzie i wilki w przyja\u017ani z sob\u0105 \u017cyj\u0105c, oblega\u0142y jaskini\u0119 jego, rozweselaj\u0105c go zarazem weso\u0142emi skoki i znosz\u0105c mu po\u017cywienie.<\/p>\n\n\n\n<p class=\"has-text-align-justify wp-block-paragraph\">Lecz wkr\u00f3tce rozes\u0142ani dla wyszukania go poga\u0144scy \u017co\u0142nierze, rozg\u0142osem cud\u00f3w, jakie mu Pan B\u00f3g w ukryciu jego da\u0142 czyni\u0107, zawiadomieni o miejscu pobytu s\u0142ugi Bo\u017cego, przybyli tam aby go uwi\u0119zi\u0107. Znaleziono go w jaskini, otoczonego lwami i tygrysami, kt\u00f3re mu \u017cadnej szkody nie zadawa\u0142y. Gdy jednak sami wnij\u015b\u0107 do jaskini zamierzali, dzikie zwierz\u0119ta w gro\u017anej stan\u0119\u0142y postawie, gotowe rzuci\u0107 si\u0119 na prze\u015bladowc\u00f3w. Siepacze przestraszeni, donie\u015bli o tem staro\u015bcie, kt\u00f3ry okrutnie rozgniewany, na wszelki spos\u00f3b rozkaza\u0142 im Biskupa pojma\u0107. Stosuj\u0105c si\u0119 wi\u0119c do wydanego rozkazu, wr\u00f3cili, lubo niech\u0119tnie, na znane im ju\u017c miejsce, dok\u0105d gdy si\u0119 dostali, ju\u017c noc zapad\u0142a. Biskup tymczasem, kl\u0119cz\u0105c na modlitwie, ujrza\u0142 Jezusa Chrystusa, w te s\u0142owa si\u0119 do niego odzywaj\u0105cego: \u201eWsta\u0144, z\u0142o\u017cysz Mi ofiar\u0119.\u201c Pos\u0142uszny temu g\u0142osowi, podni\u00f3s\u0142 si\u0119 czem pr\u0119dzej i wyszed\u0142 z jaskini, gdzie ju\u017c na niego wys\u0142a\u0144cy czekali. \u201eP\u00f3jd\u017a z nami \u2014 zawo\u0142ali \u2014 starosta ci\u0119 wo\u0142a!\u201c Rzecze na to Biskup: \u201eDzieci, witajcie, widz\u0119 bowiem, \u017ce B\u00f3g o mnie nie zapomnia\u0142.\u201c Kiedy si\u0119 mieli pu\u015bci\u0107 w drog\u0119, wszystkie zwierz\u0119ta \u015awi\u0119temu towarzyszy\u0142y, czem przera\u017ceni wys\u0142a\u0144cy, wszyscy pouciekali. Widz\u0105c to \u015awi\u0119ty, zawo\u0142a\u0142: \u201eNie b\u00f3jcie si\u0119, one wam krzywdy nie zrobi\u0105.\u201c Rzek\u0142szy to, rozkaza\u0142 zwierz\u0119tom pozosta\u0107, kt\u00f3re d\u0142ugi czas smutnie patrza\u0142y za odchodz\u0105cym Biskupem, rozpraszaj\u0105c si\u0119 nast\u0119pnie po lesie.<\/p>\n\n\n\n<p class=\"has-text-align-justify wp-block-paragraph\">Stawionego wed\u0142ug rozkazu przed starost\u0105 B\u0142a\u017ceja, przyj\u0105\u0142 ten\u017ce z udan\u0105 grzeczno\u015bci\u0105, namawiaj\u0105c, aby ba\u0142wanom z\u0142o\u017cy\u0142 ofiar\u0119, a tem samem sta\u0142 si\u0119 godnym \u0142aski cesarskiej. Kiedy za\u015b B\u0142a\u017cej tego uczyni\u0107 nie chcia\u0142, pokaza\u0142 starosta sw\u00f3j dziki charakter, okrutnie poleciwszy B\u0142a\u017ceja biczowa\u0107 i cia\u0142o jego szarpa\u0107, a wreszcie wrzuci\u0107 go do wi\u0119zienia. Siedm pobo\u017cnych niewiast przybywszy, star\u0142o krew \u015awi\u0119tego z pod\u0142ogi, czem udowodni\u0142y, \u017ce s\u0105 chrze\u015bcijankami, przeto natychmiast mia\u0142y bogom ofiar\u0119 z\u0142o\u017cy\u0107. \u201eDobrze \u2014 rzek\u0142y do starosty \u2014 ustaw jednak bogi nad brzegiem jeziora, a my skoro si\u0119 umyjemy, cze\u015b\u0107 im powinn\u0105 oddamy.\u201c Ucieszony Agrykolaus, zezwoli\u0142, poczem niewiasty zbli\u017cywszy si\u0119 po umyciu do ba\u0142wan\u00f3w, str\u0105ci\u0142y je w g\u0142\u0119bokie jezioro. \u201eC\u00f3\u017c to \u2014 zawo\u0142a\u0142y \u2014 za bogi, kt\u00f3re s\u0142abym niewiastom pozwalaj\u0105 si\u0119 wrzuci\u0107 do wody!\u201c Rozgniewany starosta poleci\u0142 owe niewiasty&nbsp;na rozmaity spos\u00f3b okrutnie m\u0119czy\u0107, a nie mog\u0105c ich sta\u0142o\u015bci prze\u0142ama\u0107, skaza\u0142 je na \u015bci\u0119cie.<\/p>\n\n\n\n<p class=\"has-text-align-justify wp-block-paragraph\">\u2009\u015aw. B\u0142a\u017cejowi przynoszono do wi\u0119zienia wielu chorych, kt\u00f3rych on w Imi\u0119 Jezusa uzdrawia\u0142. Mi\u0119dzy innymi przynios\u0142a pewna matka swego ma\u0142ego synka, kt\u00f3remu o\u015b\u0107 rybia uwi\u0105z\u0142szy w gardle, grozi\u0142a niechybn\u0105 \u015bmierci\u0105. B\u0119d\u0105c blizk\u0105 rozpaczy, zawo\u0142a\u0142a: \u201ePanie, pom\u00f3\u017c memu dziecku, bo umrze.\u201c To rzek\u0142szy, z\u0142o\u017cy\u0142a umieraj\u0105ce dziecko u st\u00f3p \u015awi\u0119tego. Biskup tedy ukl\u0105k\u0142szy, pomodli\u0142 si\u0119 i dziecko w Imi\u0119 Jezusa uzdrowi\u0142.<\/p>\n\n\n\n<p class=\"has-text-align-justify wp-block-paragraph\">Starosta tymczasem powzi\u0105wszy od nowa nadziej\u0119, \u017ce m\u0119czarniami wko\u0144cu B\u0142a\u017ceja zmusi do ofiarowania bogom, wzi\u0105\u0142 go znowu na tortury, lecz gdy to bynajmniej nie pomog\u0142o, wyda\u0142 wyrok, aby \u015awi\u0119tego utopiono w jeziorze, na zadosy\u0107uczynienie za obraz\u0119 wyrz\u0105dzon\u0105 bogom. Oddawszy go przeto pod stra\u017c 68 \u017co\u0142nierzy, pos\u0142a\u0142 ich na miejsce wskazane w celu wykonania wyroku; zanim go jednak do wody zdo\u0142ano wrzuci\u0107, wyrwa\u0142 si\u0119 im B\u0142a\u017cej z r\u0105k i po wodzie, jak po ziemi, pobieg\u0142 na \u015brodek jeziora, usiad\u0142 sobie i zawo\u0142a\u0142: \u201eJe\u015bli s\u0105dzicie, \u017ce wasze bogi s\u0105 tak pot\u0119\u017cne, jak Pan m\u00f3j Jezus Chrystus, to przyjd\u017acie po mnie po wodzie!\u201c W samej rzeczy owych 68 \u017co\u0142nierzy odwa\u017cy\u0142o si\u0119 na to, lecz zaledwie dotkn\u0105wszy si\u0119 wody, wszyscy poton\u0119li i ani \u015bladu po nich nie pozosta\u0142o. Nast\u0119pnie wr\u00f3ci\u0142 B\u0142a\u017cej dobrowolnie, a starosta zawstydzony, natychmiast kaza\u0142 go \u015bci\u0105\u0107 przed wszystkim ludem.<\/p>\n\n\n\n<p class=\"has-text-align-justify wp-block-paragraph\">Relikwie \u015awi\u0119tego przywieziono do Europy w czasach wojen krzy\u017cowych. Jedna cz\u0119\u015b\u0107 znajduje si\u0119 w Maratea pod Neapolem, z kt\u00f3rej relikwii dot\u0105d jeszcze wyp\u0142ywa olejek, maj\u0105cy w\u0142asno\u015b\u0107 lecznicz\u0105; rami\u0119 za\u015b znajduje si\u0119 w Tarencie i wydaje osobliwsz\u0105 wonno\u015b\u0107. Dla rozmaitych a bardzo licznych cud\u00f3w, doznaje \u015bw. B\u0142a\u017cej wielkiej czci po ca\u0142ym \u015bwiecie. W wielu stronach udzielaj\u0105 kap\u0142ani tak zwanego \u201eb\u0142ogos\u0142awie\u0144stwa \u015bw. B\u0142a\u017ceja\u201c, kt\u00f3re na tem polega, \u017ce kap\u0142an trzymaj\u0105c wiernym na krzy\u017c woko\u0142o gard\u0142a zapalone \u015bwiece, m\u00f3wi: \u201eZa przyczyn\u0105 \u015bwi\u0119tego B\u0142a\u017ceja, Biskupa i M\u0119czennika, niechaj ci\u0119 Pan zachowa od wszystkiego z\u0142ego i b\u00f3lu w gardle; w Imi\u0119 Ojca \u2020 i Syna \u2020 i Ducha \u2020 \u015bw. Amen.&#8221; \u015awi\u0119ty Patron od b\u00f3lu gard\u0142a, nale\u017cy tak\u017ce do czternastu \u015bw. Przyczy\u0144c\u00f3w.<\/p>\n\n\n\n<h3 class=\"wp-block-heading\" id=\"nauka-moralna\"><br><strong>Nauka moralna.<\/strong><\/h3>\n\n\n\n<p class=\"has-text-align-justify wp-block-paragraph\">\u2009\u017bywoty Ojc\u00f3w \u015aw., osobliwie M\u0119czennik\u00f3w, jak oto i tego \u015bwi\u0119tego B\u0142a\u017ceja, ja\u015bniej\u0105 blaskiem wielkich i licznych cud\u00f3w. Te dziwne znaki, kt\u00f3re \u015awi\u0119ci czynili, zmniejszaj\u0105 si\u0119 z biegiem czas\u00f3w, i nasuwa si\u0119 samo przez si\u0119 pytanie: Czemu to w wiekach p\u00f3\u017aniejszych cuda usta\u0142y albo tak ich ma\u0142o? Jak to wyt\u0142omaczy\u0107?<br>\u2009Odpowied\u017a jest ta, \u017ce cuda dzi\u015b nie s\u0105 koniecznie potrzebne, zatem by\u0142yby bez celu, a nawet i szkodliwe.<\/p>\n\n\n\n<p class=\"has-text-align-justify wp-block-paragraph\"><br>\u2009Gdy ma powsta\u0107 gmach jaki, gdy budowniczy stawia sklepienie, kt\u00f3rego przeznaczeniem d\u017awiga\u0107 ogrom ci\u0119\u017caru, stawia najpierw rusztowanie jako podpor\u0119 sklepienia, murowania. Gdy budowa sko\u0144czona,&nbsp;<a href=\"https:\/\/pl.wikisource.org\/wiki\/Plik:%C5%BBywoty_%C5%9Bw._Pa%C5%84skich_na_wszystkie_dnie_roku-picture_after_p._112.jpg\"><\/a>14 \u015awi\u0119tych Przyczy\u0144c\u00f3w.sklepienie domurowane i zamkni\u0119te, usuwa podpory, bo ju\u017c niepotrzebne: budowa stoi w\u0142asn\u0105 sw\u0105 moc\u0105, w\u0142asnem swem prawem. Tak Pan budowa\u0142 Ko\u015bci\u00f3\u0142 Sw\u00f3j \u015bwi\u0119ty, on wspania\u0142y gmach, kt\u00f3ry w sklepieniach swych mia\u0142 si\u0119 rozci\u0105ga\u0107 ponad morzami i krajami, wszystkim burzom si\u0119 opiera\u0107 i trwa\u0107 a\u017c do sko\u0144czenia \u015bwiata.<\/p>\n\n\n\n<p class=\"has-text-align-justify wp-block-paragraph\">\u2009To budowanie potrzebowa\u0142o zrazu podp\u00f3r \u2014&nbsp;cud\u00f3w, dowod\u00f3w zewn\u0119trznych, dzianych, namacalnych.<br>\u2009Ale gdy Ewangelia Chrystusowa ugruntowana, rozszerzona, gdy budowa Ko\u015bcio\u0142a stan\u0119\u0142a w ca\u0142ej swej wspania\u0142o\u015bci, czy te podpory \u2014 cuda jeszcze potrzebne? Dziewi\u0119tnastowiekowe istnienie Ko\u015bcio\u0142a, dzia\u0142alno\u015b\u0107 jego wszech\u015bwiatowa, niebezpiecze\u0144stwa, walki, kt\u00f3re przetrzyma\u0142, wszystko co dzia\u0142a i stwarza, jest \u015bwiadectwem, a \u015bwiadectwem g\u0142o\u015bniejszem i wymowniejszem nad cuda i znaki, kt\u00f3re mu w pierwszych czasach przy\u015bwieca\u0142y: dzie\u0142o Bo\u017ce spoczywa na w\u0142asnych swych prawach, s\u0142upy i belki zwierzchnie ju\u017c niepotrzebne.<\/p>\n\n\n\n<p class=\"has-text-align-justify wp-block-paragraph\">Nie usta\u0142y\u0107 cuda zupe\u0142nie. Ani jednego niema stulecia, w kt\u00f3remby B\u00f3g tego lub owego \u015awi\u0119tego nie wyposa\u017cy\u0142 \u0142ask\u0105 i moc\u0105 czynienia cud\u00f3w, \u2014 B\u00f3g nigdy nie przestaje objawia\u0107 si\u0119 bogatym w \u0142askach Swoich; ale by\u0142oby nies\u0142usznie \u017c\u0105da\u0107 od Boga cho\u0107 jednego znaku dla utwierdzenia Wiary naszej.<\/p>\n\n\n\n<p class=\"has-text-align-justify wp-block-paragraph\">W Starym Testamencie by\u0142y zrazu liczne i wielkie cuda. Lecz gdy w Jeruzalem stan\u0119\u0142a \u015bwi\u0105tynia, cudowne wkraczanie Pana Boga w losy ludu \u017cydowskiego stawa\u0142o si\u0119 coraz rzadszem. Ju\u017c nie by\u0142o potrzeba cud\u00f3w: Pan B\u00f3g da\u0142 Zakon Sw\u00f3j ludowi, porz\u0105dek s\u0142u\u017cby Bo\u017cej by\u0142 ustanowiony, nie by\u0142o potrzeba nadzwyczajnego dzia\u0142ania prawicy Boskiej.<\/p>\n\n\n\n<p class=\"has-text-align-justify wp-block-paragraph\">Tak i teraz, odk\u0105d drzewo zbawienia g\u0142\u0119boko zapu\u015bci\u0142o korzenie, rozros\u0142o si\u0119 na wszystek \u015bwiat, dalsza praca oko\u0142o nawracania dzieje si\u0119&nbsp;przyrodzonym porz\u0105dkiem. Pan B\u00f3g nie czyni nic niepotrzebnego i zbytecznego, to czyni\u0105 ludzie, kt\u00f3rzy \u015brodk\u00f3w i celu nic umiej\u0105 dok\u0142adnie oznaczy\u0107. S\u0142usznie m\u00f3wi Papie\u017c Grzegorz \u015aw.: \u201eCuda by\u0142y potrzebne na&nbsp;pocz\u0105tku Ko\u015bcio\u0142a, a\u017ceby bowiem mn\u00f3stwo wierz\u0105cych wzrasta\u0142o w wierze; ta wiara musia\u0142a by\u0107 cudami wy\u015bwiadczana.\u201c Sadz\u0105c drzewko, tak d\u0142ugo je podlewamy, a\u017c si\u0119 nieco zakorzeni.<\/p>\n\n\n\n<p class=\"has-text-align-justify wp-block-paragraph\">Cuda s\u0105 jakoby w\u0142asnor\u0119cznym podpisem, piecz\u0119ci\u0105 Pana Boga wyci\u015bni\u0119t\u0105 na dokumencie Wiary; raz podpisany i przypiecz\u0119towany dokument ma starczy\u0107 na wszystkie czasy.<br><\/p>\n\n\n\n<p class=\"has-text-align-justify wp-block-paragraph\">\u2009Cuda s\u0105 wychowawczymi \u015brodkami dla rodzaju ludzkiego: ustaj\u0105, gdy ludzie i narody wst\u0105pi\u0105 na wy\u017cszy stopie\u0144 rozwoju, gdy czas dzieci\u0119ctwa up\u0142ynie. Odt\u0105d ju\u017c nie znaki i cuda maj\u0105 nas w Wierze \u015bw. utwierdza\u0107, lecz rozwa\u017canie jej pi\u0119kno\u015bci, dzielno\u015bci, i chowanie jej przykaza\u0144, bo Pan Jezus powiedzia\u0142: \u201eJe\u015bli kto b\u0119dzie chcia\u0142 czyni\u0107 wol\u0119 Moj\u0105,&nbsp;dowie si\u0119 o nauce je\u015bli jest z Boga, czyli Ja sam z Siebie m\u00f3wi\u0119.\u201c<\/p>\n\n\n\n<p class=\"has-text-align-justify wp-block-paragraph\">Cz\u0142owiek chciwy jest rzeczy nadzwyczajnych, sk\u0142onny takim wi\u0119cej zawierza\u0107: ni\u017celi prawdzie przedstawiaj\u0105cej si\u0119 w szacie znanej od dawna, niejako codziennej. Cuda i znaki wywieraj\u0105 g\u0142\u0119boki wp\u0142yw, to prawda, ale czy one nawr\u00f3ci\u0142yby niedowiark\u00f3w czas\u00f3w naszych, gdyby si\u0119 tu lub owdzie pojawi\u0142y? Wiara ma swe ostateczne \u017ar\u00f3d\u0142o we&nbsp;woli. Cho\u0107&nbsp;rozum przekonany o prawdzie, wola mo\u017ce stawi\u0107 op\u00f3r. I cud najwi\u0119kszy nie wywrze skutku, gdy wola nic zechce uzna\u0107 palca Bo\u017cego. Pan Jezus czyni\u0142 najwi\u0119ksze cuda, jawnie, publicznie, przed oczyma ca\u0142ego \u015bwiata, nie podobna ich by\u0142o zaprzeczy\u0107; a jednak czy przez te cuda nawr\u00f3ci\u0142a si\u0119 wi\u0119ksza cz\u0119\u015b\u0107 \u017cyd\u00f3w? Kto nie chce wierzy\u0107, tego i cuda i znaki nie przekonaj\u0105, niedowiarek i wobec najja\u015bniejszych cud\u00f3w b\u0119dzie wynajdywa\u0142 najrozmaitsze wybiegi.<\/p>\n\n\n\n<p class=\"has-text-align-justify wp-block-paragraph\">Gdyby B\u00f3g za dni naszych zechcia\u0142 Ko\u015bci\u00f3\u0142 Sw\u00f3j cudami uwielbi\u0107, toby t\u0142um niedowiark\u00f3w domaga\u0142 si\u0119 ich zbadania przez komisye jakich\u015b uczonych, domaga\u0142by si\u0119 wci\u0105\u017c coraz inszych. A czyby B\u00f3g mia\u0142 na podobie\u0144stwo kuglarzy chodzi\u0107 od miasta do miasta i dawa\u0107 przedstawienia? Nie mo\u017cna zmusi\u0107 cz\u0142owieka, \u017ceby wierzy\u0142, wi\u0119c by\u0142oby nierozumem \u017c\u0105da\u0107 od Pana Boga, by przed ka\u017cdym niedowiarkiem stawa\u0142, czyni\u0142 cud, bo i wtedy up\u00f3r ludzki nie potrzebowa\u0142by uwierzy\u0107. Wiara nasza \u015bwi\u0119ta obok cud\u00f3w&nbsp;ma jeszcze inne a wielkie \u015bwiadectwa. Kto&nbsp;chce wierzy\u0107, ma dosy\u0107 dowod\u00f3w.<\/p>\n\n\n\n<p class=\"has-text-align-justify wp-block-paragraph\">\u017b\u0105da\u0107 co chwila nowych cud\u00f3w, to nierozs\u0105dne i niepo\u017cyteczne pragnienie.<\/p>\n\n\n\n<p class=\"has-text-align-justify wp-block-paragraph\">W najlepszym razie, gdyby niedowiarstwo okaza\u0142o dobr\u0105 wol\u0119 wobec nowych cud\u00f3w, to tych cud\u00f3w musia\u0142oby by\u0107 coraz wi\u0119cej, z ka\u017cdym nieomal rokiem, i tak cuda te straci\u0142yby ostatecznie wszelk\u0105 sw\u0105 moc i si\u0142\u0119, bo co si\u0119 bez miary i celu powtarza, traci niebawem wszelk\u0105 warto\u015b\u0107. Czy\u017c cuda, kt\u00f3re B\u00f3g czyni w przyrodzie co dzie\u0144, co godzin\u0119, nie wielkie i prawdziwe? Czy to nic cud, \u017ce co wiosn\u0119 ziemia now\u0105 przystraja si\u0119 zieleni\u0105, \u017ce ziarno ze zgnilizny w stokrotny owoc wyrasta, \u017ce o pewnych godzinach na Niebios sklepieniu wyst\u0119puj\u0105 wojska niepoliczonych gwiazd i znowu znikaj\u0105? A kto na te cuda uwa\u017ca? Utraci\u0142y sw\u00f3j powab dlatego, \u017ce si\u0119 codzie\u0144 powtarzaj\u0105. Podobnie\u017c i cuda Bo\u017ce, gdyby si\u0119 cz\u0119\u015bciej powtarza\u0142y, straci\u0142yby wreszcie warto\u015b\u0107 sw\u0105 i znaczenie w oczach niewiernego \u015bwiata.<\/p>\n\n\n\n<p class=\"has-text-align-justify wp-block-paragraph\">B\u00f3g zbyt wielki Pan, zbyt wielkiego Majestatu, by pod\u0142ug zachcianek ludzkich czyni\u0142 cuda.<\/p>\n\n\n\n<p class=\"has-text-align-justify wp-block-paragraph\">A nie tylko nierozs\u0105dna i niepo\u017cyteczna \u017c\u0105da\u0107 cud\u00f3w, takie pragnienie jest nawet wprost szkodliwe. Takie \u017c\u0105danie podkopuje i niszczy wiar\u0119, niszczy nadziej\u0119, niszczy mi\u0142o\u015b\u0107.<\/p>\n\n\n\n<p class=\"has-text-align-justify wp-block-paragraph\">W\u0142a\u015bciw\u0105 pobudk\u0105 wiary naszej ma by\u0107 S\u0142owo Bo\u017ce, nauka Ko\u015bcio\u0142a, bezwzgl\u0119dne poddanie si\u0119, sk\u0142onienie rozumu naszego i woli naszej do tego, co B\u00f3g objawi\u0142. Inne pobudki zewn\u0119trzne mog\u0105 podpiera\u0107 wiar\u0119 nasz\u0105, lecz nie mog\u0105 by\u0107 jej pobudk\u0105 i fundamentem. Nie dla cud\u00f3w wierzymy, lecz dlatego, \u017ce B\u00f3g do nas przem\u00f3wi\u0142, przez Syna Swego da\u0142 Swe objawienie. Cuda nie mog\u0105 zast\u0105pi\u0107 nieomylno\u015bci S\u0142owa Bo\u017cego. Ktoby chcia\u0142 wierzy\u0107 tylko wtedy, gdyby B\u00f3g przed oczyma jego cud uczyni\u0142, nie ma wiary.<\/p>\n\n\n\n<p class=\"has-text-align-justify wp-block-paragraph\">A by\u0142a\u017cby to chrze\u015bcija\u0144ska&nbsp;nadzieja, gdyby\u015bmy m\u00f3wili: \u201eJe\u017celi mi cudu nie poka\u017cesz, nie b\u0119d\u0119 w Tobie ufa\u0142?\u201c Nadzieja chrze\u015bcija\u0144ska bez najmniejszego cienia w\u0105tpliwo\u015bci ufa \u015bwi\u0119temu S\u0142owu Bo\u017cemu i jego obietnicom.<br>\u2009Mi\u0142o\u015b\u0107, kt\u00f3ra \u017c\u0105da cud\u00f3w i znak\u00f3w, nie jest mi\u0142o\u015bci\u0105. Czy dziecko \u017c\u0105da od rodzic\u00f3w cudu, aby ich mog\u0142o kocha\u0107? Kto prawdziwie mi\u0142uje, dosy\u0107 mu na s\u0142owie, a komu s\u0142owo nie wystarcza, nic wart cudu.<\/p>\n\n\n\n<p class=\"has-text-align-justify wp-block-paragraph\">Pan Jezus gani\u0142 Faryzeusz\u00f3w, i\u017c si\u0119 ustawicznie coraz nowych domagali cud\u00f3w i znak\u00f3w. \u017b\u0105danie z naszej strony takich cud\u00f3w, kt\u00f3rzy\u015bmy w wierze Chrystusowej o\u015bwieceni, tem ci\u0119\u017cszym by\u0142oby dla nas zarzutem.<\/p>\n\n\n\n<p class=\"has-text-align-justify wp-block-paragraph\">Abraham uwierzy\u0142 Bogu, i poczytano mu jest ku sprawiedliwo\u015bci. Z wiar\u0105 siln\u0105 i niezachwian\u0105 trzyma\u0142 si\u0119 Pana Boga, kt\u00f3ry najwi\u0119kszej ode\u0144 \u017c\u0105da\u0142 ofiary, i kt\u00f3rego rozkaz zdawa\u0142 si\u0119 poprzednie s\u0142owo obietnicy obala\u0107. Nie \u017c\u0105da\u0142 cudu; wiara, kt\u00f3ra na znaki i cuda si\u0119 ogl\u0105da, nie jest cnot\u0105, nie jest wi\u0119c godn\u0105 nadprzyrodzonej zap\u0142aty.<\/p>\n\n\n\n<p class=\"has-text-align-justify wp-block-paragraph\">Wiara \u015bwi\u0119ta przez dziewi\u0119tna\u015bcie wiek\u00f3w istnienia swego tak wspaniale po\u015bwiadczona i takimi \u015bwiat\u0142a promie\u0144mi oblana, i\u017c ka\u017cdy, kto nie zamyka umy\u015blnie oczu na \u015bwiat\u0142o prawdy, musi uledz jej blaskowi. Ale ta Wiara r\u00f3wnocze\u015bnie w tajemnicach swoich tyle ciemnych stron zamyka, i\u017c dla nas pozostaje jeszcze&nbsp;cnota wiary, zas\u0142uga i zap\u0142ata cnoty. Podobnie\u017c z cudami, kt\u00f3re B\u00f3g dla zbawienia naszego uczyni\u0142 i wci\u0105\u017c jeszcze czyni. One s\u0105 a\u017c nadto dostateczne, by wiar\u0119 nasz\u0105 utwierdzi\u0107; lecz B\u00f3g nie czyni cuda dla ka\u017cdego z osobna, by ten mia\u0142 zas\u0142ug\u0119 i zap\u0142at\u0119 wiary. Ktoby wi\u0119c dlatego tylko chcia\u0142 wierzy\u0107, i\u017c go znaki i cuda do wierzenia niewol\u0105, ktoby domaga\u0142 si\u0119 znak\u00f3w od Boga, tenby pozbawia\u0142 si\u0119 sam wszystkich owoc\u00f3w wiary chrze\u015bcija\u0144skiej i wiekuistego \u017cywota.<\/p>\n\n\n\n<p class=\"has-text-align-justify wp-block-paragraph\"><br>\u2009Prawy chrze\u015bcijanin nie \u017c\u0105da nowych cud\u00f3w, lecz dla o\u017cywienia wiary swojej z weselem spogl\u0105da na one, kt\u00f3re B\u00f3g niegdy\u015b czyni\u0142, a kt\u00f3rych nigdy nie zabraknie Ko\u015bcio\u0142owi. Jednak\u017ce wiar\u0119 sw\u0105 utwierdza najbardziej onemi duchownemi cudy, kt\u00f3re, jak si\u0119 prze\u015blicznie wyra\u017ca \u015bwi\u0119ty Augustyn, B\u00f3g dzie\u0144 w dzie\u0144 przed oczyma naszemi ukazuje.<\/p>\n\n\n\n<h3 class=\"wp-block-heading\" id=\"modlitwa\"><br><strong>Modlitwa.<\/strong><\/h3>\n\n\n\n<blockquote class=\"wp-block-quote is-layout-flow wp-block-quote-is-layout-flow\"><p>\u2009Bo\u017ce! kt\u00f3ry nas b\u0142ogos\u0142awionego B\u0142a\u017ceja M\u0119czennika Twojego i Biskupa, doroczn\u0105&nbsp;uroczysto\u015bci\u0105 rozweselasz, daj mi\u0142o\u015bciwie, aby\u015bmy jego chwalebnej \u015bmierci pami\u0105tk\u0119 obchodz\u0105c, po\u015brednictwem si\u0119 jego cieszyli. Przez Pana naszego Jezusa Chrystusa. Amen.<\/p><\/blockquote>\n\n\n\n<figure class=\"wp-block-table\"><table><tbody><tr><td>\u2217&nbsp;&nbsp;&nbsp;&nbsp;&nbsp;&nbsp;&nbsp;&nbsp;&nbsp;&nbsp;&nbsp;&nbsp;&nbsp;&nbsp;&nbsp;&nbsp;&nbsp;&nbsp;&nbsp;&nbsp;\u2217<br>\u2217<\/td><\/tr><\/tbody><\/table><\/figure>\n\n\n\n<p class=\"wp-block-paragraph\"><em>Opr\u00f3cz tego obchodzi Ko\u015bci\u00f3\u0142 \u015bwi\u0119ty pami\u0105tk\u0119 nast\u0119puj\u0105cych \u015awi\u0119tych Pa\u0144skich, zamieszczonych w rzymskiem martyrologium:<\/em><\/p>\n\n\n\n<p class=\"has-text-align-justify wp-block-paragraph\">\u2009<strong>Dnia 3-go lutego<\/strong>\u00a0w Seba\u015bcie w Armenii m\u0119cze\u0144stwo \u015bw.\u00a0B\u0142a\u017ceja, kt\u00f3ry odznaczy\u0142 si\u0119 wskutek licznych cudotw\u00f3rstw. Okrutnie biczowany na rozkaz namiestnika Agrikolausa, p\u00f3\u017aniej zosta\u0142 przywi\u0105zany do s\u0142upa, gdzie cia\u0142o jego szarpano \u017celaznymi grzebieniami. Wreszcie kaza\u0142 go s\u0119dzia \u015bci\u0105\u0107 razem z dwoma dzie\u0107mi. Jeszcze przed nim zosta\u0142o okrutnie straconych\u00a07 kobiet, kt\u00f3re po biczowaniu krew jego zbiera\u0142y, przez co poznano w nich chrze\u015bcijanki. \u2014 W Afryce pami\u0105tka \u015bw.\u00a0Celerynusa, Dyakona, kt\u00f3ry przez 19 dni \u015bl\u0119cza\u0142 w wi\u0119zieniu skr\u0119powany powrozami i \u0142a\u0144cuchami, a wskutek cierpliwego znoszenia rozmaitych utrapie\u0144 okaza\u0142 si\u0119 jako chwalebny wyznawca Chrystusa. Wskutek niez\u0142omnej swej stanowczo\u015bci zwyci\u0119\u017cy\u0142 przeciwnik\u00f3w, toruj\u0105c sobie drog\u0119 do korony zwyci\u0119stwa. \u2014 Tam\u017ce m\u0119cze\u0144stwo jego stryja\u00a0Wawrzy\u0144ca, wuja\u00a0Ignacego\u00a0i babki\u00a0Celeryny, kt\u00f3rzy go wyprzedzili w chwalebnej \u015bmierci. \u015awi\u0119ty Cypryan wychwala tych\u017ce \u015awi\u0119tych w wspania\u0142ym li\u015bcie. \u2014 Tam\u017ce m\u0119cze\u0144stwo \u015bw.\u00a0Feliksa, Symfroniusza, Hipolita\u00a0i jego\u00a0towarzyszy. \u2014 W Gap we Francyi pami\u0105tka \u015bw.\u00a0Figidesa i Remedyusza, Biskup\u00f3w. \u2014 W Lyonie \u015bw.\u00a0Lupicyusza i Feliksa, Biskup\u00f3w. W tym samym dniu pami\u0105tka \u015bw.\u00a0Ansgara, Biskupa Breme\u0144skiego, kt\u00f3ry Szwed\u00f3w i Du\u0144czyk\u00f3w nawr\u00f3ci\u0142 do wiary chrze\u015bcija\u0144skiej.<\/p>","protected":false},"excerpt":{"rendered":"<p>\u015aw. B\u0142a\u017cej m\u00f3g\u0142 m\u0119cze\u0144stwa unikn\u0105\u0107, a stawi\u0142 si\u0119 dobrowolnie. Stwierdzi\u0142, \u017ce &#8222;B\u00f3g o nim nie zapomnia\u0142&#8221;, skoro pozwoli\u0142 mu dla wiary prawdziwej cierpie\u0107. Znakiem wybrania jest mo\u017cliwo\u015b\u0107 cierpienia.<\/p>","protected":false},"author":60508433,"featured_media":60976,"comment_status":"open","ping_status":"open","sticky":false,"template":"","format":"standard","meta":{"_coblocks_attr":"","_coblocks_dimensions":"","_coblocks_responsive_height":"","_coblocks_accordion_ie_support":"","_exactmetrics_skip_tracking":false,"_jetpack_newsletter_access":"","_jetpack_dont_email_post_to_subs":false,"_jetpack_newsletter_tier_id":0,"_jetpack_memberships_contains_paywalled_content":false,"_wpcom_ai_launchpad_first_post":false,"_jetpack_feature_clip_id":0,"_jetpack_memberships_contains_paid_content":false,"footnotes":"","jetpack_publicize_message":"{title}\n\n{excerpt}\n\n{url}","jetpack_publicize_feature_enabled":true,"jetpack_social_post_already_shared":true,"jetpack_social_options":{"image_generator_settings":{"template":"highway","default_image_id":0,"font":"","enabled":false},"version":2},"_wpas_customize_per_network":false,"jetpack_post_was_ever_published":false},"categories":[610131817,610131184,336375535,610134932,610131155,610132042],"tags":[610133352,610132318],"class_list":["post-44567","post","type-post","status-publish","format-standard","has-post-thumbnail","hentry","category-swieta-w-lutym","category-duchowosc","category-liturgia-i-liturgika","category-mescy-swieci","category-rozwazania","category-zywoty-swietych","tag-mescy-swieci","tag-sw-blazej-meczennik"],"yoast_head":"<!-- This site is optimized with the Yoast SEO plugin v28.3 - https:\/\/yoast.com\/product\/yoast-seo-wordpress\/ -->\n<title>3-go Lutego. \u017bywot \u015bwi\u0119tego B\u0142a\u017ceja, Biskupa i M\u0119czennika. - Tradycja i Wiara<\/title>\n<meta name=\"robots\" content=\"index, follow, max-snippet:-1, max-image-preview:large, max-video-preview:-1\" \/>\n<link rel=\"canonical\" href=\"https:\/\/wobronietradycjiiwiary.com\/en\/3-go-lutego-zywot-swietego-blazeja-biskupa-i-meczennika-2\/\" \/>\n<meta property=\"og:locale\" content=\"en_US\" \/>\n<meta property=\"og:type\" content=\"article\" \/>\n<meta property=\"og:title\" content=\"3-go Lutego. \u017bywot \u015bwi\u0119tego B\u0142a\u017ceja, Biskupa i M\u0119czennika. - Tradycja i Wiara\" \/>\n<meta property=\"og:description\" content=\"\u015aw. B\u0142a\u017cej m\u00f3g\u0142 m\u0119cze\u0144stwa unikn\u0105\u0107, a stawi\u0142 si\u0119 dobrowolnie. Stwierdzi\u0142, \u017ce &quot;B\u00f3g o nim nie zapomnia\u0142&quot;, skoro pozwoli\u0142 mu dla wiary prawdziwej cierpie\u0107. Znakiem wybrania jest mo\u017cliwo\u015b\u0107 cierpienia.\" \/>\n<meta property=\"og:url\" content=\"https:\/\/wobronietradycjiiwiary.com\/en\/3-go-lutego-zywot-swietego-blazeja-biskupa-i-meczennika-2\/\" \/>\n<meta property=\"og:site_name\" content=\"Tradycja i Wiara\" \/>\n<meta property=\"article:publisher\" content=\"https:\/\/www.facebook.com\/Tradycja-i-Wiara-108813920592249\" \/>\n<meta property=\"article:published_time\" content=\"2024-02-03T07:15:36+00:00\" \/>\n<meta property=\"article:modified_time\" content=\"2025-02-10T10:45:28+00:00\" \/>\n<meta property=\"og:image\" content=\"https:\/\/wobronietradycjiiwiary.com\/wp-content\/uploads\/2022\/02\/Blasius-von-Sebaste-e1643799315869.jpg\" \/>\n\t<meta property=\"og:image:width\" content=\"170\" \/>\n\t<meta property=\"og:image:height\" content=\"358\" \/>\n\t<meta property=\"og:image:type\" content=\"image\/jpeg\" \/>\n<meta name=\"author\" content=\"Traditio et Fides\" \/>\n<meta name=\"twitter:card\" content=\"summary_large_image\" \/>\n<meta name=\"twitter:label1\" content=\"Written by\" \/>\n\t<meta name=\"twitter:data1\" content=\"Traditio et Fides\" \/>\n\t<meta name=\"twitter:label2\" content=\"Est. reading time\" \/>\n\t<meta name=\"twitter:data2\" content=\"14 minutes\" \/>\n<script type=\"application\/ld+json\" class=\"yoast-schema-graph\">{\"@context\":\"https:\\\/\\\/schema.org\",\"@graph\":[{\"@type\":\"Article\",\"@id\":\"https:\\\/\\\/wobronietradycjiiwiary.com\\\/3-go-lutego-zywot-swietego-blazeja-biskupa-i-meczennika-2\\\/#article\",\"isPartOf\":{\"@id\":\"https:\\\/\\\/wobronietradycjiiwiary.com\\\/3-go-lutego-zywot-swietego-blazeja-biskupa-i-meczennika-2\\\/\"},\"author\":{\"name\":\"Traditio et Fides\",\"@id\":\"https:\\\/\\\/wobronietradycjiiwiary.com\\\/pl\\\/#\\\/schema\\\/person\\\/2d6180ce6abcb681fef0daab7816e8f3\"},\"headline\":\"3-go Lutego. \u017bywot \u015bwi\u0119tego B\u0142a\u017ceja, Biskupa i M\u0119czennika.\",\"datePublished\":\"2024-02-03T07:15:36+00:00\",\"dateModified\":\"2025-02-10T10:45:28+00:00\",\"mainEntityOfPage\":{\"@id\":\"https:\\\/\\\/wobronietradycjiiwiary.com\\\/3-go-lutego-zywot-swietego-blazeja-biskupa-i-meczennika-2\\\/\"},\"wordCount\":3012,\"commentCount\":0,\"publisher\":{\"@id\":\"https:\\\/\\\/wobronietradycjiiwiary.com\\\/pl\\\/#organization\"},\"image\":{\"@id\":\"https:\\\/\\\/wobronietradycjiiwiary.com\\\/3-go-lutego-zywot-swietego-blazeja-biskupa-i-meczennika-2\\\/#primaryimage\"},\"thumbnailUrl\":\"https:\\\/\\\/wobronietradycjiiwiary.com\\\/wp-content\\\/uploads\\\/2022\\\/02\\\/Blasius-von-Sebaste-e1643799315869.jpg\",\"keywords\":[\"m\u0119scy \u015bwi\u0119ci\",\"\u015bw. B\u0142a\u017cej M\u0119czennik\"],\"articleSection\":[\"02. \u015awi\u0119ta w lutym\",\"Duchowo\u015b\u0107\",\"Liturgia i liturgika\",\"M\u0119scy \u015bwi\u0119ci\",\"Rozwa\u017cania liturgiczne\",\"\u017bywoty \u015awi\u0119tych\"],\"inLanguage\":\"en-US\",\"potentialAction\":[{\"@type\":\"CommentAction\",\"name\":\"Comment\",\"target\":[\"https:\\\/\\\/wobronietradycjiiwiary.com\\\/3-go-lutego-zywot-swietego-blazeja-biskupa-i-meczennika-2\\\/#respond\"]}]},{\"@type\":\"WebPage\",\"@id\":\"https:\\\/\\\/wobronietradycjiiwiary.com\\\/3-go-lutego-zywot-swietego-blazeja-biskupa-i-meczennika-2\\\/\",\"url\":\"https:\\\/\\\/wobronietradycjiiwiary.com\\\/3-go-lutego-zywot-swietego-blazeja-biskupa-i-meczennika-2\\\/\",\"name\":\"3-go Lutego. \u017bywot \u015bwi\u0119tego B\u0142a\u017ceja, Biskupa i M\u0119czennika. - Tradycja i Wiara\",\"isPartOf\":{\"@id\":\"https:\\\/\\\/wobronietradycjiiwiary.com\\\/pl\\\/#website\"},\"primaryImageOfPage\":{\"@id\":\"https:\\\/\\\/wobronietradycjiiwiary.com\\\/3-go-lutego-zywot-swietego-blazeja-biskupa-i-meczennika-2\\\/#primaryimage\"},\"image\":{\"@id\":\"https:\\\/\\\/wobronietradycjiiwiary.com\\\/3-go-lutego-zywot-swietego-blazeja-biskupa-i-meczennika-2\\\/#primaryimage\"},\"thumbnailUrl\":\"https:\\\/\\\/wobronietradycjiiwiary.com\\\/wp-content\\\/uploads\\\/2022\\\/02\\\/Blasius-von-Sebaste-e1643799315869.jpg\",\"datePublished\":\"2024-02-03T07:15:36+00:00\",\"dateModified\":\"2025-02-10T10:45:28+00:00\",\"breadcrumb\":{\"@id\":\"https:\\\/\\\/wobronietradycjiiwiary.com\\\/3-go-lutego-zywot-swietego-blazeja-biskupa-i-meczennika-2\\\/#breadcrumb\"},\"inLanguage\":\"en-US\",\"potentialAction\":[{\"@type\":\"ReadAction\",\"target\":[\"https:\\\/\\\/wobronietradycjiiwiary.com\\\/3-go-lutego-zywot-swietego-blazeja-biskupa-i-meczennika-2\\\/\"]}]},{\"@type\":\"ImageObject\",\"inLanguage\":\"en-US\",\"@id\":\"https:\\\/\\\/wobronietradycjiiwiary.com\\\/3-go-lutego-zywot-swietego-blazeja-biskupa-i-meczennika-2\\\/#primaryimage\",\"url\":\"https:\\\/\\\/wobronietradycjiiwiary.com\\\/wp-content\\\/uploads\\\/2022\\\/02\\\/Blasius-von-Sebaste-e1643799315869.jpg\",\"contentUrl\":\"https:\\\/\\\/wobronietradycjiiwiary.com\\\/wp-content\\\/uploads\\\/2022\\\/02\\\/Blasius-von-Sebaste-e1643799315869.jpg\",\"width\":170,\"height\":358},{\"@type\":\"BreadcrumbList\",\"@id\":\"https:\\\/\\\/wobronietradycjiiwiary.com\\\/3-go-lutego-zywot-swietego-blazeja-biskupa-i-meczennika-2\\\/#breadcrumb\",\"itemListElement\":[{\"@type\":\"ListItem\",\"position\":1,\"name\":\"Strona g\u0142\u00f3wna\",\"item\":\"https:\\\/\\\/wobronietradycjiiwiary.com\\\/\"},{\"@type\":\"ListItem\",\"position\":2,\"name\":\"3-go Lutego. \u017bywot \u015bwi\u0119tego B\u0142a\u017ceja, Biskupa i M\u0119czennika.\"}]},{\"@type\":\"WebSite\",\"@id\":\"https:\\\/\\\/wobronietradycjiiwiary.com\\\/pl\\\/#website\",\"url\":\"https:\\\/\\\/wobronietradycjiiwiary.com\\\/pl\\\/\",\"name\":\"Tradycja i Wiara\",\"description\":\"Portal dla katolik\u00f3w.\",\"publisher\":{\"@id\":\"https:\\\/\\\/wobronietradycjiiwiary.com\\\/pl\\\/#organization\"},\"potentialAction\":[{\"@type\":\"SearchAction\",\"target\":{\"@type\":\"EntryPoint\",\"urlTemplate\":\"https:\\\/\\\/wobronietradycjiiwiary.com\\\/pl\\\/?s={search_term_string}\"},\"query-input\":{\"@type\":\"PropertyValueSpecification\",\"valueRequired\":true,\"valueName\":\"search_term_string\"}}],\"inLanguage\":\"en-US\"},{\"@type\":\"Organization\",\"@id\":\"https:\\\/\\\/wobronietradycjiiwiary.com\\\/pl\\\/#organization\",\"name\":\"Tradycja i Wiara\",\"url\":\"https:\\\/\\\/wobronietradycjiiwiary.com\\\/pl\\\/\",\"logo\":{\"@type\":\"ImageObject\",\"inLanguage\":\"en-US\",\"@id\":\"https:\\\/\\\/wobronietradycjiiwiary.com\\\/pl\\\/#\\\/schema\\\/logo\\\/image\\\/\",\"url\":\"https:\\\/\\\/i0.wp.com\\\/wobronietradycjiiwiary.com\\\/wp-content\\\/uploads\\\/2015\\\/10\\\/cropped-st-peters-dome-vatican.jpg?fit=940%2C198&ssl=1\",\"contentUrl\":\"https:\\\/\\\/i0.wp.com\\\/wobronietradycjiiwiary.com\\\/wp-content\\\/uploads\\\/2015\\\/10\\\/cropped-st-peters-dome-vatican.jpg?fit=940%2C198&ssl=1\",\"width\":940,\"height\":198,\"caption\":\"Tradycja i Wiara\"},\"image\":{\"@id\":\"https:\\\/\\\/wobronietradycjiiwiary.com\\\/pl\\\/#\\\/schema\\\/logo\\\/image\\\/\"},\"sameAs\":[\"https:\\\/\\\/www.facebook.com\\\/Tradycja-i-Wiara-108813920592249\"]},{\"@type\":\"Person\",\"@id\":\"https:\\\/\\\/wobronietradycjiiwiary.com\\\/pl\\\/#\\\/schema\\\/person\\\/2d6180ce6abcb681fef0daab7816e8f3\",\"name\":\"Traditio et Fides\",\"sameAs\":[\"https:\\\/\\\/traditionundglauben.com\"],\"url\":\"https:\\\/\\\/wobronietradycjiiwiary.com\\\/en\\\/author\\\/wobronietradycjiiwiary\\\/\"}]}<\/script>\n<!-- \/ Yoast SEO plugin. -->","yoast_head_json":{"title":"3-go Lutego. \u017bywot \u015bwi\u0119tego B\u0142a\u017ceja, Biskupa i M\u0119czennika. - Tradycja i Wiara","robots":{"index":"index","follow":"follow","max-snippet":"max-snippet:-1","max-image-preview":"max-image-preview:large","max-video-preview":"max-video-preview:-1"},"canonical":"https:\/\/wobronietradycjiiwiary.com\/en\/3-go-lutego-zywot-swietego-blazeja-biskupa-i-meczennika-2\/","og_locale":"en_US","og_type":"article","og_title":"3-go Lutego. \u017bywot \u015bwi\u0119tego B\u0142a\u017ceja, Biskupa i M\u0119czennika. - Tradycja i Wiara","og_description":"\u015aw. B\u0142a\u017cej m\u00f3g\u0142 m\u0119cze\u0144stwa unikn\u0105\u0107, a stawi\u0142 si\u0119 dobrowolnie. Stwierdzi\u0142, \u017ce \"B\u00f3g o nim nie zapomnia\u0142\", skoro pozwoli\u0142 mu dla wiary prawdziwej cierpie\u0107. Znakiem wybrania jest mo\u017cliwo\u015b\u0107 cierpienia.","og_url":"https:\/\/wobronietradycjiiwiary.com\/en\/3-go-lutego-zywot-swietego-blazeja-biskupa-i-meczennika-2\/","og_site_name":"Tradycja i Wiara","article_publisher":"https:\/\/www.facebook.com\/Tradycja-i-Wiara-108813920592249","article_published_time":"2024-02-03T07:15:36+00:00","article_modified_time":"2025-02-10T10:45:28+00:00","og_image":[{"width":170,"height":358,"url":"https:\/\/wobronietradycjiiwiary.com\/wp-content\/uploads\/2022\/02\/Blasius-von-Sebaste-e1643799315869.jpg","type":"image\/jpeg"}],"author":"Traditio et Fides","twitter_card":"summary_large_image","twitter_misc":{"Written by":"Traditio et Fides","Est. reading time":"14 minutes"},"schema":{"@context":"https:\/\/schema.org","@graph":[{"@type":"Article","@id":"https:\/\/wobronietradycjiiwiary.com\/3-go-lutego-zywot-swietego-blazeja-biskupa-i-meczennika-2\/#article","isPartOf":{"@id":"https:\/\/wobronietradycjiiwiary.com\/3-go-lutego-zywot-swietego-blazeja-biskupa-i-meczennika-2\/"},"author":{"name":"Traditio et Fides","@id":"https:\/\/wobronietradycjiiwiary.com\/pl\/#\/schema\/person\/2d6180ce6abcb681fef0daab7816e8f3"},"headline":"3-go Lutego. \u017bywot \u015bwi\u0119tego B\u0142a\u017ceja, Biskupa i M\u0119czennika.","datePublished":"2024-02-03T07:15:36+00:00","dateModified":"2025-02-10T10:45:28+00:00","mainEntityOfPage":{"@id":"https:\/\/wobronietradycjiiwiary.com\/3-go-lutego-zywot-swietego-blazeja-biskupa-i-meczennika-2\/"},"wordCount":3012,"commentCount":0,"publisher":{"@id":"https:\/\/wobronietradycjiiwiary.com\/pl\/#organization"},"image":{"@id":"https:\/\/wobronietradycjiiwiary.com\/3-go-lutego-zywot-swietego-blazeja-biskupa-i-meczennika-2\/#primaryimage"},"thumbnailUrl":"https:\/\/wobronietradycjiiwiary.com\/wp-content\/uploads\/2022\/02\/Blasius-von-Sebaste-e1643799315869.jpg","keywords":["m\u0119scy \u015bwi\u0119ci","\u015bw. B\u0142a\u017cej M\u0119czennik"],"articleSection":["02. \u015awi\u0119ta w lutym","Duchowo\u015b\u0107","Liturgia i liturgika","M\u0119scy \u015bwi\u0119ci","Rozwa\u017cania liturgiczne","\u017bywoty \u015awi\u0119tych"],"inLanguage":"en-US","potentialAction":[{"@type":"CommentAction","name":"Comment","target":["https:\/\/wobronietradycjiiwiary.com\/3-go-lutego-zywot-swietego-blazeja-biskupa-i-meczennika-2\/#respond"]}]},{"@type":"WebPage","@id":"https:\/\/wobronietradycjiiwiary.com\/3-go-lutego-zywot-swietego-blazeja-biskupa-i-meczennika-2\/","url":"https:\/\/wobronietradycjiiwiary.com\/3-go-lutego-zywot-swietego-blazeja-biskupa-i-meczennika-2\/","name":"3-go Lutego. \u017bywot \u015bwi\u0119tego B\u0142a\u017ceja, Biskupa i M\u0119czennika. - Tradycja i Wiara","isPartOf":{"@id":"https:\/\/wobronietradycjiiwiary.com\/pl\/#website"},"primaryImageOfPage":{"@id":"https:\/\/wobronietradycjiiwiary.com\/3-go-lutego-zywot-swietego-blazeja-biskupa-i-meczennika-2\/#primaryimage"},"image":{"@id":"https:\/\/wobronietradycjiiwiary.com\/3-go-lutego-zywot-swietego-blazeja-biskupa-i-meczennika-2\/#primaryimage"},"thumbnailUrl":"https:\/\/wobronietradycjiiwiary.com\/wp-content\/uploads\/2022\/02\/Blasius-von-Sebaste-e1643799315869.jpg","datePublished":"2024-02-03T07:15:36+00:00","dateModified":"2025-02-10T10:45:28+00:00","breadcrumb":{"@id":"https:\/\/wobronietradycjiiwiary.com\/3-go-lutego-zywot-swietego-blazeja-biskupa-i-meczennika-2\/#breadcrumb"},"inLanguage":"en-US","potentialAction":[{"@type":"ReadAction","target":["https:\/\/wobronietradycjiiwiary.com\/3-go-lutego-zywot-swietego-blazeja-biskupa-i-meczennika-2\/"]}]},{"@type":"ImageObject","inLanguage":"en-US","@id":"https:\/\/wobronietradycjiiwiary.com\/3-go-lutego-zywot-swietego-blazeja-biskupa-i-meczennika-2\/#primaryimage","url":"https:\/\/wobronietradycjiiwiary.com\/wp-content\/uploads\/2022\/02\/Blasius-von-Sebaste-e1643799315869.jpg","contentUrl":"https:\/\/wobronietradycjiiwiary.com\/wp-content\/uploads\/2022\/02\/Blasius-von-Sebaste-e1643799315869.jpg","width":170,"height":358},{"@type":"BreadcrumbList","@id":"https:\/\/wobronietradycjiiwiary.com\/3-go-lutego-zywot-swietego-blazeja-biskupa-i-meczennika-2\/#breadcrumb","itemListElement":[{"@type":"ListItem","position":1,"name":"Strona g\u0142\u00f3wna","item":"https:\/\/wobronietradycjiiwiary.com\/"},{"@type":"ListItem","position":2,"name":"3-go Lutego. \u017bywot \u015bwi\u0119tego B\u0142a\u017ceja, Biskupa i M\u0119czennika."}]},{"@type":"WebSite","@id":"https:\/\/wobronietradycjiiwiary.com\/pl\/#website","url":"https:\/\/wobronietradycjiiwiary.com\/pl\/","name":"Tradycja i Wiara","description":"Portal dla katolik\u00f3w.","publisher":{"@id":"https:\/\/wobronietradycjiiwiary.com\/pl\/#organization"},"potentialAction":[{"@type":"SearchAction","target":{"@type":"EntryPoint","urlTemplate":"https:\/\/wobronietradycjiiwiary.com\/pl\/?s={search_term_string}"},"query-input":{"@type":"PropertyValueSpecification","valueRequired":true,"valueName":"search_term_string"}}],"inLanguage":"en-US"},{"@type":"Organization","@id":"https:\/\/wobronietradycjiiwiary.com\/pl\/#organization","name":"Tradycja i Wiara","url":"https:\/\/wobronietradycjiiwiary.com\/pl\/","logo":{"@type":"ImageObject","inLanguage":"en-US","@id":"https:\/\/wobronietradycjiiwiary.com\/pl\/#\/schema\/logo\/image\/","url":"https:\/\/i0.wp.com\/wobronietradycjiiwiary.com\/wp-content\/uploads\/2015\/10\/cropped-st-peters-dome-vatican.jpg?fit=940%2C198&ssl=1","contentUrl":"https:\/\/i0.wp.com\/wobronietradycjiiwiary.com\/wp-content\/uploads\/2015\/10\/cropped-st-peters-dome-vatican.jpg?fit=940%2C198&ssl=1","width":940,"height":198,"caption":"Tradycja i Wiara"},"image":{"@id":"https:\/\/wobronietradycjiiwiary.com\/pl\/#\/schema\/logo\/image\/"},"sameAs":["https:\/\/www.facebook.com\/Tradycja-i-Wiara-108813920592249"]},{"@type":"Person","@id":"https:\/\/wobronietradycjiiwiary.com\/pl\/#\/schema\/person\/2d6180ce6abcb681fef0daab7816e8f3","name":"Traditio et Fides","sameAs":["https:\/\/traditionundglauben.com"],"url":"https:\/\/wobronietradycjiiwiary.com\/en\/author\/wobronietradycjiiwiary\/"}]}},"jetpack_publicize_connections":[],"jetpack_sharing_enabled":true,"jetpack_likes_enabled":true,"jetpack_shortlink":"https:\/\/wp.me\/pc04Sd-bAP","jetpack-related-posts":[{"id":41567,"url":"https:\/\/wobronietradycjiiwiary.com\/en\/3-go-lutego-zywot-swietego-blazeja-biskupa-i-meczennika\/","url_meta":{"origin":44567,"position":0},"title":"3-go Lutego. \u017bywot \u015bwi\u0119tego B\u0142a\u017ceja, Biskupa i M\u0119czennika.","author":"Traditio et Fides","date":"3 February 2021","format":false,"excerpt":"\u015aw. B\u0142a\u017cej m\u00f3g\u0142 m\u0119cze\u0144stwa unikn\u0105\u0107, a stawi\u0142 si\u0119 dobrowolnie. Stwierdzi\u0142, \u017ce \"B\u00f3g o nim nie zapomnia\u0142\", skoro pozwoli\u0142 mu dla wiary prawdziwej cierpie\u0107. Znakiem wybrania jest mo\u017cliwo\u015b\u0107 cierpienia.","rel":"","context":"In &quot;02. \u015awi\u0119ta w lutym&quot;","block_context":{"text":"02. \u015awi\u0119ta w lutym","link":"https:\/\/wobronietradycjiiwiary.com\/en\/category\/duchowosc\/liturgia-i-liturgika\/rozwazania\/rok-liturgiczny\/swieta-w-lutym\/"},"img":{"alt_text":"","src":"","width":0,"height":0},"classes":[]},{"id":84714,"url":"https:\/\/wobronietradycjiiwiary.com\/en\/3-go-lutego-zywot-swietego-blazeja-biskupa-i-meczennika-2-2\/","url_meta":{"origin":44567,"position":1},"title":"3-go Lutego. \u017bywot \u015bwi\u0119tego B\u0142a\u017ceja, Biskupa i M\u0119czennika.","author":"Traditio et Fides","date":"3 February 2025","format":false,"excerpt":"\u015aw. B\u0142a\u017cej m\u00f3g\u0142 m\u0119cze\u0144stwa unikn\u0105\u0107, a stawi\u0142 si\u0119 dobrowolnie. Stwierdzi\u0142, \u017ce \"B\u00f3g o nim nie zapomnia\u0142\", skoro pozwoli\u0142 mu dla wiary prawdziwej cierpie\u0107. Znakiem wybrania jest mo\u017cliwo\u015b\u0107 cierpienia.","rel":"","context":"In &quot;02. \u015awi\u0119ta w lutym&quot;","block_context":{"text":"02. \u015awi\u0119ta w lutym","link":"https:\/\/wobronietradycjiiwiary.com\/en\/category\/duchowosc\/liturgia-i-liturgika\/rozwazania\/rok-liturgiczny\/swieta-w-lutym\/"},"img":{"alt_text":"","src":"","width":0,"height":0},"classes":[]},{"id":84798,"url":"https:\/\/wobronietradycjiiwiary.com\/en\/3-go-lutego-zywot-swietego-blazeja-biskupa-i-meczennika-3\/","url_meta":{"origin":44567,"position":2},"title":"3-go Lutego. \u017bywot \u015bwi\u0119tego B\u0142a\u017ceja, Biskupa i M\u0119czennika. #3","author":"Traditio et Fides","date":"3 February 2021","format":false,"excerpt":"\u015aw. B\u0142a\u017cej m\u00f3g\u0142 m\u0119cze\u0144stwa unikn\u0105\u0107, a stawi\u0142 si\u0119 dobrowolnie. Stwierdzi\u0142, \u017ce \"B\u00f3g o nim nie zapomnia\u0142\", skoro pozwoli\u0142 mu dla wiary prawdziwej cierpie\u0107. Znakiem wybrania jest mo\u017cliwo\u015b\u0107 cierpienia.","rel":"","context":"In &quot;02. \u015awi\u0119ta w lutym&quot;","block_context":{"text":"02. \u015awi\u0119ta w lutym","link":"https:\/\/wobronietradycjiiwiary.com\/en\/category\/duchowosc\/liturgia-i-liturgika\/rozwazania\/rok-liturgiczny\/swieta-w-lutym\/"},"img":{"alt_text":"","src":"","width":0,"height":0},"classes":[]},{"id":84844,"url":"https:\/\/wobronietradycjiiwiary.com\/en\/3-go-lutego-zywot-swietego-blazeja-biskupa-i-meczennika-2-3\/","url_meta":{"origin":44567,"position":3},"title":"3-go Lutego. \u017bywot \u015bwi\u0119tego B\u0142a\u017ceja, Biskupa i M\u0119czennika.","author":"Traditio et Fides","date":"3 February 2023","format":false,"excerpt":"\u015aw. B\u0142a\u017cej m\u00f3g\u0142 m\u0119cze\u0144stwa unikn\u0105\u0107, a stawi\u0142 si\u0119 dobrowolnie. Stwierdzi\u0142, \u017ce \"B\u00f3g o nim nie zapomnia\u0142\", skoro pozwoli\u0142 mu dla wiary prawdziwej cierpie\u0107. Znakiem wybrania jest mo\u017cliwo\u015b\u0107 cierpienia.","rel":"","context":"In &quot;02. \u015awi\u0119ta w lutym&quot;","block_context":{"text":"02. \u015awi\u0119ta w lutym","link":"https:\/\/wobronietradycjiiwiary.com\/en\/category\/duchowosc\/liturgia-i-liturgika\/rozwazania\/rok-liturgiczny\/swieta-w-lutym\/"},"img":{"alt_text":"","src":"","width":0,"height":0},"classes":[]},{"id":84928,"url":"https:\/\/wobronietradycjiiwiary.com\/en\/3-go-lutego-zywot-swietego-blazeja-biskupa-i-meczennika-4\/","url_meta":{"origin":44567,"position":4},"title":"3-go Lutego. \u017bywot \u015bwi\u0119tego B\u0142a\u017ceja, Biskupa i M\u0119czennika. #4","author":"Traditio et Fides","date":"3 February 2021","format":false,"excerpt":"\u015aw. B\u0142a\u017cej m\u00f3g\u0142 m\u0119cze\u0144stwa unikn\u0105\u0107, a stawi\u0142 si\u0119 dobrowolnie. Stwierdzi\u0142, \u017ce \"B\u00f3g o nim nie zapomnia\u0142\", skoro pozwoli\u0142 mu dla wiary prawdziwej cierpie\u0107. Znakiem wybrania jest mo\u017cliwo\u015b\u0107 cierpienia.","rel":"","context":"In &quot;02. \u015awi\u0119ta w lutym&quot;","block_context":{"text":"02. \u015awi\u0119ta w lutym","link":"https:\/\/wobronietradycjiiwiary.com\/en\/category\/duchowosc\/liturgia-i-liturgika\/rozwazania\/rok-liturgiczny\/swieta-w-lutym\/"},"img":{"alt_text":"","src":"","width":0,"height":0},"classes":[]},{"id":160176,"url":"https:\/\/wobronietradycjiiwiary.com\/en\/3-go-lutego-zywot-swietego-blazeja-biskupa-i-meczennika-2-2-2\/","url_meta":{"origin":44567,"position":5},"title":"3-go Lutego. \u017bywot \u015bwi\u0119tego B\u0142a\u017ceja, Biskupa i M\u0119czennika.","author":"Traditio et Fides","date":"3 February 2026","format":false,"excerpt":"\u015aw. B\u0142a\u017cej m\u00f3g\u0142 m\u0119cze\u0144stwa unikn\u0105\u0107, a stawi\u0142 si\u0119 dobrowolnie. Stwierdzi\u0142, \u017ce \"B\u00f3g o nim nie zapomnia\u0142\", skoro pozwoli\u0142 mu dla wiary prawdziwej cierpie\u0107. Znakiem wybrania jest mo\u017cliwo\u015b\u0107 cierpienia.","rel":"","context":"In &quot;02. \u015awi\u0119ta w lutym&quot;","block_context":{"text":"02. \u015awi\u0119ta w lutym","link":"https:\/\/wobronietradycjiiwiary.com\/en\/category\/duchowosc\/liturgia-i-liturgika\/rozwazania\/rok-liturgiczny\/swieta-w-lutym\/"},"img":{"alt_text":"","src":"","width":0,"height":0},"classes":[]}],"jetpack_featured_media_url":"https:\/\/wobronietradycjiiwiary.com\/wp-content\/uploads\/2022\/02\/Blasius-von-Sebaste-e1643799315869.jpg","_links":{"self":[{"href":"https:\/\/wobronietradycjiiwiary.com\/en\/wp-json\/wp\/v2\/posts\/44567","targetHints":{"allow":["GET"]}}],"collection":[{"href":"https:\/\/wobronietradycjiiwiary.com\/en\/wp-json\/wp\/v2\/posts"}],"about":[{"href":"https:\/\/wobronietradycjiiwiary.com\/en\/wp-json\/wp\/v2\/types\/post"}],"author":[{"embeddable":true,"href":"https:\/\/wobronietradycjiiwiary.com\/en\/wp-json\/wp\/v2\/users\/60508433"}],"replies":[{"embeddable":true,"href":"https:\/\/wobronietradycjiiwiary.com\/en\/wp-json\/wp\/v2\/comments?post=44567"}],"version-history":[{"count":3,"href":"https:\/\/wobronietradycjiiwiary.com\/en\/wp-json\/wp\/v2\/posts\/44567\/revisions"}],"predecessor-version":[{"id":60975,"href":"https:\/\/wobronietradycjiiwiary.com\/en\/wp-json\/wp\/v2\/posts\/44567\/revisions\/60975"}],"wp:featuredmedia":[{"embeddable":true,"href":"https:\/\/wobronietradycjiiwiary.com\/en\/wp-json\/wp\/v2\/media\/60976"}],"wp:attachment":[{"href":"https:\/\/wobronietradycjiiwiary.com\/en\/wp-json\/wp\/v2\/media?parent=44567"}],"wp:term":[{"taxonomy":"category","embeddable":true,"href":"https:\/\/wobronietradycjiiwiary.com\/en\/wp-json\/wp\/v2\/categories?post=44567"},{"taxonomy":"post_tag","embeddable":true,"href":"https:\/\/wobronietradycjiiwiary.com\/en\/wp-json\/wp\/v2\/tags?post=44567"}],"curies":[{"name":"wp","href":"https:\/\/api.w.org\/{rel}","templated":true}]}}