{"id":39437,"date":"2020-10-01T19:21:03","date_gmt":"2020-10-01T17:21:03","guid":{"rendered":"https:\/\/wobronietradycjiiwiary.com\/?p=39437"},"modified":"2025-11-04T18:20:28","modified_gmt":"2025-11-04T17:20:28","slug":"odpusty-czastkowe-a-kary-czysccowe-odpowiedz-na-pytanie-czytelnika","status":"publish","type":"post","link":"https:\/\/wobronietradycjiiwiary.com\/en\/odpusty-czastkowe-a-kary-czysccowe-odpowiedz-na-pytanie-czytelnika\/","title":{"rendered":"Odpusty cz\u0105stkowe a kary czy\u015bccowe. Odpowied\u017a na pytanie czytelnika."},"content":{"rendered":"<div id=\"bsf_rt_marker\"><\/div><p style=\"text-align: justify;\"><span style=\"font-family: verdana, geneva, sans-serif;\">Otrzymali\u015bmy pytanie czytelnika o nast\u0119puj\u0105cej tre\u015bci:<\/span><\/p>\n<blockquote>\n<p style=\"text-align: justify;\"><span style=\"font-family: verdana, geneva, sans-serif;\"><em>Szcz\u0119\u015b\u0107 Bo\u017ce, mamy jeszcze pytanie odno\u015bnie przedsoborowych modlitewnik\u00f3w. Np. pod Litani\u0105 do \u015bw. J\u00f3zefa jest zapis: za odm\u00f3wienie odpust 5 lat, za odm\u00f3wienie codzienne przez miesi\u0105c odpust zupe\u0142ny. Czy to oznacza, \u017ce za ka\u017cde odm\u00f3wienie skraca si\u0119 kara w czy\u015b\u0107cu o 5 lat.<\/em><\/span><br \/>\n<span style=\"font-family: verdana, geneva, sans-serif;\"><em> W obecnych modlitewnikach nie ma tych odpust\u00f3w. Czy one obowi\u0105zuj\u0105 nadal.<\/em><\/span><\/p>\n<\/blockquote>\n<p style=\"text-align: justify;\"><span style=\"font-family: verdana, geneva, sans-serif;\">Poniewa\u017c wiele os\u00f3b stawia sobie tego rodzaju pytania, dlatego odpowiadamy skr\u00f3towo w formie wpisu.<\/span><\/p>\n<p style=\"text-align: justify;\"><span style=\"font-family: verdana, geneva, sans-serif;\">Tematyk\u0119 czy\u015bcca i odpust\u00f3w jeszcze bli\u017cej i szerzej om\u00f3wimy, bo niewiedza jest tutaj wielka, a na razie tyle.<\/span><\/p>\n<p style=\"text-align: justify;\"><span style=\"font-family: verdana, geneva, sans-serif;\"><strong>Nie jest tak, \u017ce za odm\u00f3wienie tej modlitwy kara w czy\u015bccu skraca si\u0119 o 5 lat.<\/strong><\/span><\/p>\n<h2 style=\"text-align: justify;\"><span style=\"color: #800080; font-family: verdana, geneva, sans-serif;\"><strong>Odpusty cz\u0105stkowe i odpusty w og\u00f3le<\/strong><\/span><\/h2>\n<p style=\"text-align: justify;\"><span style=\"font-family: verdana, geneva, sans-serif;\">Podawanie czasu przy <em>odpustach cz\u0105stkowych<\/em> bierze si\u0119 st\u0105d, \u017ce najprawdopodobniej pod koniec \u015aredniowiecza (szczeg\u00f3\u0142\u00f3w w tej chwili nie podamy) zacz\u0119to zamienia\u0107 praktyki pokutne, kt\u00f3re trwa\u0142y tyle, a tyle czasu na \u0142agodniejsze praktyki np. modlitwy. Tak na przyk\u0142ad wiemy, \u017ce w Staro\u017cytno\u015bci Ko\u015bcio\u0142a jako pokut\u0119 za grzech zab\u00f3jstwa nie by\u0142o si\u0119 dopuszczanym do sakrament\u00f3w przez lat 20, a nawet nie wolno by\u0142o wchodzi\u0107 do Ko\u015bcio\u0142a. Istnia\u0142y r\u00f3\u017cne klasy pokutuj\u0105cych, niekt\u00f3rym wolno by\u0142o wej\u015b\u0107 do kruchty, inni musieli kl\u0119cze\u0107, niekt\u00f3rym wolno by\u0142o by\u0107 na pierwszej cz\u0119\u015bci mszy tzw. mszy katechumen\u00f3w etc. etc. Rodzaje pokut oraz ich czas zmienia\u0142 si\u0119 w zale\u017cno\u015bci od kraju, diecezji okresu etc. Bli\u017csze informacje na ten temat znale\u017a\u0107 mo\u017cna a aktach r\u00f3\u017cnych synod\u00f3w, kt\u00f3re studiuj\u0105, a przynajmniej powinni to robi\u0107, historycy prawa kanonicznego.<\/span><\/p>\n<p style=\"text-align: justify;\"><span style=\"font-family: verdana, geneva, sans-serif;\">Przy odpustach trzeba wiedzie\u0107, \u017ce ka\u017cdy grzech, a szczeg\u00f3lnie grzech ci\u0119\u017cki, poci\u0105ga za sob\u0105<\/span><\/p>\n<p style=\"text-align: justify;\"><span style=\"font-family: verdana, geneva, sans-serif;\">(a) kary wieczne,<\/span><\/p>\n<p style=\"text-align: justify;\"><span style=\"font-family: verdana, geneva, sans-serif;\">(b) kary doczesne.<\/span><\/p>\n<p style=\"text-align: justify;\"><span style=\"font-family: verdana, geneva, sans-serif;\">Ad (a)<\/span><\/p>\n<p style=\"text-align: justify;\"><span style=\"font-family: verdana, geneva, sans-serif;\">Kary wieczne s\u0105 karami piekielnymi, kt\u00f3re trwaj\u0105 wiecznie.<\/span><\/p>\n<p style=\"text-align: justify;\"><span style=\"font-family: verdana, geneva, sans-serif;\">Ad (b)<\/span><\/p>\n<p style=\"text-align: justify;\"><span style=\"font-family: verdana, geneva, sans-serif;\">Kary doczesne s\u0105 karami, kt\u00f3rymi Pan B\u00f3g mo\u017ce kara\u0107 nas za \u017cycia lub po \u015bmierci w czy\u015bccu. Tego rodzaju kary wieczne nie s\u0105.<\/span><\/p>\n<p style=\"text-align: justify;\"><span style=\"font-family: verdana, geneva, sans-serif;\">Kary wieczne s\u0105 darowane i odpuszczane po rozgrzeszeniu na spowiedzi, natomiast kary doczesne nawet po wyspowiadanym grzechu pozostaj\u0105, gdy\u017c takie s\u0105 konsekwencje grzechu i pedagogika Pana Boga. Pan B\u00f3g jako mi\u0142osierny mo\u017ce zawiesi\u0107 wymierzenie kary doczesnej, a czy to zrobi zale\u017cy wy\u0142\u0105cznie od Jego woli.<\/span><\/p>\n<p style=\"text-align: justify;\"><span style=\"font-family: verdana, geneva, sans-serif;\">Niwelowaniu lub pomniejszaniu kar doczesnych (b) s\u0142u\u017c\u0105 w\u0142a\u015bnie odpusty, za pomoc\u0105 kt\u00f3rych Ko\u015bci\u00f3\u0142 ze swojego skarbca \u0142ask (<em>thesaurus Ecclesiae<\/em>) udziela \u015brodk\u00f3w, kt\u00f3rymi te kary dla samego siebie lub dusz czy\u015bccowych mo\u017cna pomniejszy\u0107 lub w przypadku odpustu zupe\u0142nego znie\u015b\u0107 ca\u0142kowicie. <strong>Odpusty dotycz\u0105 wy\u0142\u0105cznie kar czasowych za grzechy wyspowiadane! Odpusty<\/strong> zatem <strong>spowiedzi nie zast\u0119puj\u0105<\/strong>, ani nie zach\u0119caj\u0105 do grzeszenia, jak nam zarzucaj\u0105 protestanci.<\/span><\/p>\n<p style=\"text-align: justify;\"><span style=\"font-family: verdana, geneva, sans-serif;\">Aby uzyska\u0107 odpust nale\u017cy:<\/span><\/p>\n<p style=\"text-align: justify;\"><span style=\"font-family: verdana, geneva, sans-serif;\">(1) mie\u0107 intencj\u0119 uzyskania odpustu,<\/span><\/p>\n<p style=\"text-align: justify;\"><span style=\"font-family: verdana, geneva, sans-serif;\">(2) wykona\u0107 praktyk\u0119 przepisan\u0105 przez Ko\u015bci\u00f3\u0142 zwi\u0105zan\u0105 z odpustem,<\/span><\/p>\n<p style=\"text-align: justify;\"><span style=\"font-family: verdana, geneva, sans-serif;\">(3) by\u0107 w stanie \u0142aski u\u015bwi\u0119caj\u0105cej.<\/span><\/p>\n<p style=\"text-align: justify;\"><span style=\"font-family: verdana, geneva, sans-serif;\">Odpusty mo\u017cna uzyska\u0107:<\/span><\/p>\n<p style=\"text-align: justify;\"><span style=\"font-family: verdana, geneva, sans-serif;\">(a) dla samego siebie,<\/span><\/p>\n<p style=\"text-align: justify;\"><span style=\"font-family: verdana, geneva, sans-serif;\">(b) dla dusz w czy\u015bccu cierpi\u0105cych.<\/span><\/p>\n<p style=\"text-align: justify;\"><span style=\"font-family: verdana, geneva, sans-serif;\">Zatem <strong>nie<\/strong> mo\u017cna ich uzyska\u0107 <strong>dla<\/strong> <strong>innych \u017cyj\u0105cych os\u00f3b.<\/strong><\/span><\/p>\n<p style=\"text-align: justify;\"><span style=\"font-family: verdana, geneva, sans-serif;\">Niestety Pawe\u0142 VI zni\u00f3s\u0142 1967 r. konstytucj\u0105 apostolsk\u0105 <em>Indulgentiarum doctrina<\/em> nie tylko mn\u00f3stwo dotychczasowych odpust\u00f3w, ale i przeliczanie odpust\u00f3w cz\u0105stkowych na czas, tj. za dan\u0105 modlitw\u0119 lub praktyk\u0119 tyle a tyle dni lub lat odpustu. \u0179le si\u0119 naszym zdaniem sta\u0142o, poniewa\u017c od roku 1967 nie wiadomo konkretnie, jak skutecznie dana modlitwa &#8220;dzia\u0142a&#8221;. Czy zatem obj\u0119ta odpustem &#8220;dobrowolna rezygnacja z dozwolonej przyjemno\u015bci w duchu pokuty&#8221; jest tak samo skuteczna, co np. odm\u00f3wienie Litanii do Wszystkich \u015awi\u0119tych. Na podstawie dawnych &#8220;czasowych&#8221; regulacji mo\u017cna by\u0142o to okre\u015bli\u0107. Teraz nie wiadomo i jest m\u0119tnie.<\/span><\/p>\n<p style=\"text-align: justify;\"><span style=\"font-family: verdana, geneva, sans-serif;\">Obecnie obowi\u0105zuj\u0105 wszystkich katolik\u00f3w odpusty ustalone w roku 1999, do wgl\u0105du po \u0142acinie<a href=\"#_ftn1\" name=\"_ftnref1\">[1]<\/a> lub do nabycia po polsku jaki ksi\u0105\u017cka \u201eWykaz odpust\u00f3w\u201d.<a href=\"#_ftn2\" name=\"_ftnref2\">[2]<\/a><\/span><\/p>\n<h2 style=\"text-align: justify;\"><span style=\"color: #800080; font-family: verdana, geneva, sans-serif;\"><span style=\"color: #800080; font-family: verdana, geneva, sans-serif;\">Jak jest z czasem w czy\u015b\u0107cu?<\/span><\/span><\/h2>\n<p style=\"text-align: justify;\"><span style=\"font-family: verdana, geneva, sans-serif;\">Zatem 5 lat odpustu cz\u0105stkowego nie jest jednoznaczne z 5 lat mniej czy\u015b\u0107ca, gdy\u017c w czy\u015b\u0107cu ziemskie parametry czasu nie obowi\u0105zuj\u0105, z tego, co m\u00f3wi teologia i sugeruj\u0105 objawienia prywatne. 5 lat odpustu oznacza pomoc dla duszy czy\u015b\u0107cowej, kt\u00f3re jest w pewno\u015bci\u0105 wi\u0119ksza ni\u017c ta, kt\u00f3ra by\u0142a obj\u0119ta 5 dniami odpustu. A jakie paramentry czasu obowi\u0105zuj\u0105 w czy\u015b\u0107cu? Trudno dok\u0142adnie powiedzie\u0107, skoro wymyka si\u0119 to naszemu pojmowaniu rzeczywisto\u015bci, kt\u00f3ra jest jednak ziemska, a nie czy\u015b\u0107cowe. Ale wydaje si\u0119, \u017ce u Boga i w og\u00f3le, co potwierdza wsp\u00f3\u0142czesna fizyka, wszystko dzieje si\u0119 naraz, a tylko my ludzie i by\u0107 mo\u017ce zwierz\u0119ta odbieramy czas jako &#8220;przedtem&#8221; i &#8220;potem&#8221;, bo taka jest nasza natura. Naprawd\u0119 jednak w pozaczasowo\u015bci (<em>aeon, aevum<\/em>) i wieczno\u015bci (<em>aeternitas<\/em>) &#8220;teraz&#8221;, &#8220;przedtem&#8221; i &#8220;potem&#8221; s\u0105 jednym. Jak czy\u015b\u0107ca dost\u0105pimy, to si\u0119 wszyscy dok\u0142adnie dowiemy.<\/span><\/p>\n<h2 style=\"text-align: justify;\"><span style=\"color: #800080; font-family: verdana, geneva, sans-serif;\"><strong>Na ile nasze odpusty pomagaj\u0105 duszom czy\u015bccowym?<\/strong><\/span><\/h2>\n<p style=\"text-align: justify;\"><span style=\"font-family: verdana, geneva, sans-serif;\">To zale\u017cy od nast\u0119puj\u0105cych kryteri\u00f3w:<\/span><\/p>\n<p style=\"text-align: justify;\"><span style=\"font-family: verdana, geneva, sans-serif;\">(a)<strong> Od stanu \u0142aski i \u015bwi\u0119to\u015bci osoby dany odpust ofiaruj\u0105cej<\/strong>, im \u015bwi\u0119tsza, tym bardziej jej modlitwa jest skuteczna.<\/span><\/p>\n<p style=\"text-align: justify;\"><span style=\"font-family: verdana, geneva, sans-serif;\">(b) <strong>Od rodzaju odpustu<\/strong> czy cz\u0105stkowy czy zupe\u0142ny i jaki rodzaj cz\u0105stkowego (5 lat czy 5 dni). Nale\u017cy przyj\u0105\u0107 tutaj zdroworozs\u0105dkow\u0105 zasad\u0119, \u017ce wi\u0119cej dzia\u0142a wi\u0119cej czyli litania &#8220;dzia\u0142a&#8221; wi\u0119cej ni\u017c &#8220;nabo\u017cne uczynienie znaku krzy\u017ca i odm\u00f3wienie przy tym: W imi\u0119 Ojca i Syna i Ducha \u015awietego. Amen.&#8221; (Wykaz odpust\u00f3w z roku 1999, Nr. 55). Za orientacj\u0119 s\u0142u\u017cy\u0107 mog\u0105 przedsoborowe &#8220;czasowe&#8221; ustalenia.<\/span><\/p>\n<p style=\"text-align: justify;\"><span style=\"font-family: verdana, geneva, sans-serif;\">(c)<strong> Od grzeszno\u015bci duszy czy\u015bccowej w chwili \u015bmierci oraz od skutk\u00f3w jej czyn\u00f3w<\/strong>. Im grzeszniejsza dusza i im gorsze konsekwencje jej czyn\u00f3w, tym wi\u0119cej trzeba si\u0119 za ni\u0105 modli\u0107, gdy\u017c posiedzi d\u0142u\u017cej. Wed\u0142ug niekt\u00f3rych teolog\u00f3w tak d\u0142ugo dusza w czy\u015bccu przebywa, a\u017c ustan\u0105 skutki jej grzech\u00f3w, co mo\u017ce, bior\u0105c nawet pod uwag\u0119 r\u00f3\u017cnice postrzegania czasu, trwa\u0107 d\u0142ugo.<\/span><\/p>\n<p style=\"text-align: justify;\"><span style=\"font-family: verdana, geneva, sans-serif;\">(d) <strong>Od woli Bo\u017cej.<\/strong> Tak d\u0142ugo dusza w czy\u015bccu \u201esiedzi\u201d czyli przebywa, jak Pan B\u00f3g uwa\u017ca za stosowne. Zatem nikogo wbrew woli Bo\u017cej z czy\u015bcca wyci\u0105gn\u0105\u0107 nie mo\u017cna, ani Pana Boga przechytrzy\u0107. Tak samo robienie zapis\u00f3w w testamencie, by ca\u0142y maj\u0105tek przeznaczy\u0107 (i) na odprawianie mszy we w\u0142asnej intencji po \u015bmierci, (ii) na Ko\u015bci\u00f3\u0142 lub (iii) na biednych kr\u00f3tszego czy\u015bcca nie gwarantuje, bo w takim razie ludzie bogatsi byliby u Pana Boga po \u015bmierci uprzywilejowani, a nie s\u0105.<\/span><\/p>\n<p style=\"text-align: justify;\"><span style=\"font-family: verdana, geneva, sans-serif;\">Pan Jezus powiedzia\u0142 \u015bw. Ma\u0142gorzacie Alacoque, \u017ce owoce wszystkich mszy odprawianych za pewn\u0105 dusz\u0119 przebywaj\u0105c\u0105 w czy\u015bccu aplikowane s\u0105 nie jej samej, ale tym, kt\u00f3re ona za \u017cycia skrzywdzi\u0142a. Ta osoba natomiast \u201eposiedzi\u201d jeszcze w czy\u015bccu d\u0142ugo, bo taka jest wola Bo\u017ca. Jest to co prawda objawienie prywatne, ale uznanej mistyczki i \u015bwi\u0119tej, kt\u00f3re jest ponadto zgodne z nauk\u0105 Ko\u015bcio\u0142a i logik\u0105, wed\u0142ug tych Pana Boga si\u0119 ani nie przechytrzy, ani nie przekupi. Bardzo trafnie na temat czy\u015bcca wypowiada\u0142a si\u0119 Maria Simma.<\/span><\/p>\n<p style=\"text-align: justify;\"><span style=\"font-family: verdana, geneva, sans-serif;\"><a href=\"#_ftnref1\" name=\"_ftn1\">[1]<\/a> <span style=\"color: #999999;\"><a href=\"http:\/\/www.vatican.va\/roman_curia\/tribunals\/apost_penit\/documents\/rc_trib_appen_doc_20020826_enchiridion-indulgentiarum_lt.html\" rel=\"nofollow\">http:\/\/www.vatican.va\/roman_curia\/tribunals\/apost_penit\/documents\/rc_trib_appen_doc_20020826_enchiridion-indulgentiarum_lt.html<\/a>.<\/span><\/span><\/p>\n<p style=\"text-align: justify;\"><span style=\"font-family: verdana, geneva, sans-serif;\"><a href=\"#_ftnref2\" name=\"_ftn2\">[2]<\/a> <span style=\"color: #999999;\"><a href=\"http:\/\/ksj.pl\/wykaz-odpustow.html\" rel=\"nofollow\">http:\/\/ksj.pl\/wykaz-odpustow.html<\/a><\/span><\/span><\/p>\n","protected":false},"excerpt":{"rendered":"<p>Informacje na temat odpust\u00f3w cz\u0105stkowych i kar doczesnych.<\/p>","protected":false},"author":60508433,"featured_media":38157,"comment_status":"closed","ping_status":"closed","sticky":false,"template":"","format":"standard","meta":{"_bbp_topic_count":0,"_bbp_reply_count":0,"_bbp_total_topic_count":0,"_bbp_total_reply_count":0,"_bbp_voice_count":0,"_bbp_anonymous_reply_count":0,"_bbp_topic_count_hidden":0,"_bbp_reply_count_hidden":0,"_bbp_forum_subforum_count":0,"_editorskit_title_hidden":false,"_editorskit_reading_time":0,"_editorskit_is_block_options_detached":false,"_editorskit_block_options_position":"{}","_coblocks_attr":"","_coblocks_dimensions":"","_coblocks_responsive_height":"","_coblocks_accordion_ie_support":"","_exactmetrics_skip_tracking":false,"_jetpack_newsletter_access":"","_jetpack_dont_email_post_to_subs":false,"_jetpack_newsletter_tier_id":0,"_jetpack_memberships_contains_paywalled_content":false,"_wpcom_ai_launchpad_first_post":false,"_jetpack_feature_clip_id":0,"_jetpack_memberships_contains_paid_content":false,"footnotes":"","jetpack_publicize_message":"{title}\n\n{excerpt}\n\n{url}","jetpack_publicize_feature_enabled":true,"jetpack_social_post_already_shared":true,"jetpack_social_options":{"image_generator_settings":{"template":"highway","default_image_id":0,"font":"","enabled":false},"version":2},"_wpas_customize_per_network":false,"jetpack_post_was_ever_published":false},"categories":[610135630,610131294,610131185,80248953,416828696,481284544,610135629,610131186,402578791,610133484,610135349],"tags":[3157546,27101070,1632150,610130698],"class_list":["post-39437","post","type-post","status-publish","format-standard","has-post-thumbnail","hentry","category-1-pawel-vi","category-czysciec","category-doktryna","category-kosciol-posoborowy","category-odpusty-sakramenty","category-odpusty-pytania-i-aktualnosci","category-papieze","category-polemika","category-rzeczy-ostateczne-eschatologia","category-teologia-czyscca-czysciec","category-teologia-dogmatyczna","tag-czysciec","tag-odpusty","tag-spowiedz","tag-teologia-czyscca"],"yoast_head":"<!-- This site is optimized with the Yoast SEO plugin v28.3 - https:\/\/yoast.com\/product\/yoast-seo-wordpress\/ -->\n<title>Odpusty cz\u0105stkowe a kary czy\u015bccowe. Odpowied\u017a na pytanie czytelnika. - Tradycja i Wiara<\/title>\n<meta name=\"description\" content=\"Odpusty cz\u0105stkowe a kary czy\u015bccowe. Odpowied\u017a na pytanie czytelnika. odpusty cz\u0105stkowe czy\u015bciec przeliczanie kary\" \/>\n<meta name=\"robots\" content=\"index, follow, max-snippet:-1, max-image-preview:large, max-video-preview:-1\" \/>\n<link rel=\"canonical\" href=\"https:\/\/wobronietradycjiiwiary.com\/en\/odpusty-czastkowe-a-kary-czysccowe-odpowiedz-na-pytanie-czytelnika\/\" \/>\n<meta property=\"og:locale\" content=\"en_US\" \/>\n<meta property=\"og:type\" content=\"article\" \/>\n<meta property=\"og:title\" content=\"Odpusty cz\u0105stkowe a kary czy\u015bccowe. Odpowied\u017a na pytanie czytelnika. - Tradycja i Wiara\" \/>\n<meta property=\"og:description\" content=\"Odpusty cz\u0105stkowe a kary czy\u015bccowe. Odpowied\u017a na pytanie czytelnika. odpusty cz\u0105stkowe czy\u015bciec przeliczanie kary\" \/>\n<meta property=\"og:url\" content=\"https:\/\/wobronietradycjiiwiary.com\/en\/odpusty-czastkowe-a-kary-czysccowe-odpowiedz-na-pytanie-czytelnika\/\" \/>\n<meta property=\"og:site_name\" content=\"Tradycja i Wiara\" \/>\n<meta property=\"article:publisher\" content=\"https:\/\/www.facebook.com\/Tradycja-i-Wiara-108813920592249\" \/>\n<meta property=\"article:published_time\" content=\"2020-10-01T17:21:03+00:00\" \/>\n<meta property=\"article:modified_time\" content=\"2025-11-04T17:20:28+00:00\" \/>\n<meta property=\"og:image\" content=\"https:\/\/wobronietradycjiiwiary.com\/wp-content\/uploads\/2015\/05\/purgatorytop-1.jpg\" \/>\n\t<meta property=\"og:image:width\" content=\"260\" \/>\n\t<meta property=\"og:image:height\" content=\"400\" \/>\n\t<meta property=\"og:image:type\" content=\"image\/jpeg\" \/>\n<meta name=\"author\" content=\"Traditio et Fides\" \/>\n<meta name=\"twitter:card\" content=\"summary_large_image\" \/>\n<meta name=\"twitter:label1\" content=\"Written by\" \/>\n\t<meta name=\"twitter:data1\" content=\"Traditio et Fides\" \/>\n\t<meta name=\"twitter:label2\" content=\"Est. reading time\" \/>\n\t<meta name=\"twitter:data2\" content=\"5 minutes\" \/>\n<script type=\"application\/ld+json\" class=\"yoast-schema-graph\">{\"@context\":\"https:\\\/\\\/schema.org\",\"@graph\":[{\"@type\":\"Article\",\"@id\":\"https:\\\/\\\/wobronietradycjiiwiary.com\\\/odpusty-czastkowe-a-kary-czysccowe-odpowiedz-na-pytanie-czytelnika\\\/#article\",\"isPartOf\":{\"@id\":\"https:\\\/\\\/wobronietradycjiiwiary.com\\\/odpusty-czastkowe-a-kary-czysccowe-odpowiedz-na-pytanie-czytelnika\\\/\"},\"author\":{\"name\":\"Traditio et Fides\",\"@id\":\"https:\\\/\\\/wobronietradycjiiwiary.com\\\/pl\\\/#\\\/schema\\\/person\\\/2d6180ce6abcb681fef0daab7816e8f3\"},\"headline\":\"Odpusty cz\u0105stkowe a kary czy\u015bccowe. Odpowied\u017a na pytanie czytelnika.\",\"datePublished\":\"2020-10-01T17:21:03+00:00\",\"dateModified\":\"2025-11-04T17:20:28+00:00\",\"mainEntityOfPage\":{\"@id\":\"https:\\\/\\\/wobronietradycjiiwiary.com\\\/odpusty-czastkowe-a-kary-czysccowe-odpowiedz-na-pytanie-czytelnika\\\/\"},\"wordCount\":1245,\"publisher\":{\"@id\":\"https:\\\/\\\/wobronietradycjiiwiary.com\\\/pl\\\/#organization\"},\"image\":{\"@id\":\"https:\\\/\\\/wobronietradycjiiwiary.com\\\/odpusty-czastkowe-a-kary-czysccowe-odpowiedz-na-pytanie-czytelnika\\\/#primaryimage\"},\"thumbnailUrl\":\"https:\\\/\\\/wobronietradycjiiwiary.com\\\/wp-content\\\/uploads\\\/2015\\\/05\\\/purgatorytop-1.jpg\",\"keywords\":[\"czy\u015bciec\",\"odpusty\",\"spowied\u017a\",\"Teologia czy\u015bcca\"],\"articleSection\":[\"1. Pawe\u0142 VI\",\"Czy\u015bciec\",\"Doktryna\",\"Ko\u015bci\u00f3\u0142 posoborowy\",\"Odpusty\",\"Odpusty: pytania i aktualno\u015bci\",\"Papie\u017ce\",\"Polemika\",\"Rzeczy ostateczne\",\"Teologia czy\u015b\u0107ca\",\"Teologia dogmatyczna\"],\"inLanguage\":\"en-US\"},{\"@type\":\"WebPage\",\"@id\":\"https:\\\/\\\/wobronietradycjiiwiary.com\\\/odpusty-czastkowe-a-kary-czysccowe-odpowiedz-na-pytanie-czytelnika\\\/\",\"url\":\"https:\\\/\\\/wobronietradycjiiwiary.com\\\/odpusty-czastkowe-a-kary-czysccowe-odpowiedz-na-pytanie-czytelnika\\\/\",\"name\":\"Odpusty cz\u0105stkowe a kary czy\u015bccowe. Odpowied\u017a na pytanie czytelnika. - Tradycja i Wiara\",\"isPartOf\":{\"@id\":\"https:\\\/\\\/wobronietradycjiiwiary.com\\\/pl\\\/#website\"},\"primaryImageOfPage\":{\"@id\":\"https:\\\/\\\/wobronietradycjiiwiary.com\\\/odpusty-czastkowe-a-kary-czysccowe-odpowiedz-na-pytanie-czytelnika\\\/#primaryimage\"},\"image\":{\"@id\":\"https:\\\/\\\/wobronietradycjiiwiary.com\\\/odpusty-czastkowe-a-kary-czysccowe-odpowiedz-na-pytanie-czytelnika\\\/#primaryimage\"},\"thumbnailUrl\":\"https:\\\/\\\/wobronietradycjiiwiary.com\\\/wp-content\\\/uploads\\\/2015\\\/05\\\/purgatorytop-1.jpg\",\"datePublished\":\"2020-10-01T17:21:03+00:00\",\"dateModified\":\"2025-11-04T17:20:28+00:00\",\"description\":\"Odpusty cz\u0105stkowe a kary czy\u015bccowe. Odpowied\u017a na pytanie czytelnika. odpusty cz\u0105stkowe czy\u015bciec przeliczanie kary\",\"breadcrumb\":{\"@id\":\"https:\\\/\\\/wobronietradycjiiwiary.com\\\/odpusty-czastkowe-a-kary-czysccowe-odpowiedz-na-pytanie-czytelnika\\\/#breadcrumb\"},\"inLanguage\":\"en-US\",\"potentialAction\":[{\"@type\":\"ReadAction\",\"target\":[\"https:\\\/\\\/wobronietradycjiiwiary.com\\\/odpusty-czastkowe-a-kary-czysccowe-odpowiedz-na-pytanie-czytelnika\\\/\"]}]},{\"@type\":\"ImageObject\",\"inLanguage\":\"en-US\",\"@id\":\"https:\\\/\\\/wobronietradycjiiwiary.com\\\/odpusty-czastkowe-a-kary-czysccowe-odpowiedz-na-pytanie-czytelnika\\\/#primaryimage\",\"url\":\"https:\\\/\\\/wobronietradycjiiwiary.com\\\/wp-content\\\/uploads\\\/2015\\\/05\\\/purgatorytop-1.jpg\",\"contentUrl\":\"https:\\\/\\\/wobronietradycjiiwiary.com\\\/wp-content\\\/uploads\\\/2015\\\/05\\\/purgatorytop-1.jpg\",\"width\":260,\"height\":400},{\"@type\":\"BreadcrumbList\",\"@id\":\"https:\\\/\\\/wobronietradycjiiwiary.com\\\/odpusty-czastkowe-a-kary-czysccowe-odpowiedz-na-pytanie-czytelnika\\\/#breadcrumb\",\"itemListElement\":[{\"@type\":\"ListItem\",\"position\":1,\"name\":\"Strona g\u0142\u00f3wna\",\"item\":\"https:\\\/\\\/wobronietradycjiiwiary.com\\\/\"},{\"@type\":\"ListItem\",\"position\":2,\"name\":\"Odpusty cz\u0105stkowe a kary czy\u015bccowe. Odpowied\u017a na pytanie czytelnika.\"}]},{\"@type\":\"WebSite\",\"@id\":\"https:\\\/\\\/wobronietradycjiiwiary.com\\\/pl\\\/#website\",\"url\":\"https:\\\/\\\/wobronietradycjiiwiary.com\\\/pl\\\/\",\"name\":\"Tradycja i Wiara\",\"description\":\"Portal dla katolik\u00f3w.\",\"publisher\":{\"@id\":\"https:\\\/\\\/wobronietradycjiiwiary.com\\\/pl\\\/#organization\"},\"potentialAction\":[{\"@type\":\"SearchAction\",\"target\":{\"@type\":\"EntryPoint\",\"urlTemplate\":\"https:\\\/\\\/wobronietradycjiiwiary.com\\\/pl\\\/?s={search_term_string}\"},\"query-input\":{\"@type\":\"PropertyValueSpecification\",\"valueRequired\":true,\"valueName\":\"search_term_string\"}}],\"inLanguage\":\"en-US\"},{\"@type\":\"Organization\",\"@id\":\"https:\\\/\\\/wobronietradycjiiwiary.com\\\/pl\\\/#organization\",\"name\":\"Tradycja i Wiara\",\"url\":\"https:\\\/\\\/wobronietradycjiiwiary.com\\\/pl\\\/\",\"logo\":{\"@type\":\"ImageObject\",\"inLanguage\":\"en-US\",\"@id\":\"https:\\\/\\\/wobronietradycjiiwiary.com\\\/pl\\\/#\\\/schema\\\/logo\\\/image\\\/\",\"url\":\"https:\\\/\\\/i0.wp.com\\\/wobronietradycjiiwiary.com\\\/wp-content\\\/uploads\\\/2015\\\/10\\\/cropped-st-peters-dome-vatican.jpg?fit=940%2C198&ssl=1\",\"contentUrl\":\"https:\\\/\\\/i0.wp.com\\\/wobronietradycjiiwiary.com\\\/wp-content\\\/uploads\\\/2015\\\/10\\\/cropped-st-peters-dome-vatican.jpg?fit=940%2C198&ssl=1\",\"width\":940,\"height\":198,\"caption\":\"Tradycja i Wiara\"},\"image\":{\"@id\":\"https:\\\/\\\/wobronietradycjiiwiary.com\\\/pl\\\/#\\\/schema\\\/logo\\\/image\\\/\"},\"sameAs\":[\"https:\\\/\\\/www.facebook.com\\\/Tradycja-i-Wiara-108813920592249\"]},{\"@type\":\"Person\",\"@id\":\"https:\\\/\\\/wobronietradycjiiwiary.com\\\/pl\\\/#\\\/schema\\\/person\\\/2d6180ce6abcb681fef0daab7816e8f3\",\"name\":\"Traditio et Fides\",\"sameAs\":[\"https:\\\/\\\/traditionundglauben.com\"],\"url\":\"https:\\\/\\\/wobronietradycjiiwiary.com\\\/en\\\/author\\\/wobronietradycjiiwiary\\\/\"}]}<\/script>\n<!-- \/ Yoast SEO plugin. -->","yoast_head_json":{"title":"Odpusty cz\u0105stkowe a kary czy\u015bccowe. Odpowied\u017a na pytanie czytelnika. - Tradycja i Wiara","description":"Odpusty cz\u0105stkowe a kary czy\u015bccowe. Odpowied\u017a na pytanie czytelnika. odpusty cz\u0105stkowe czy\u015bciec przeliczanie kary","robots":{"index":"index","follow":"follow","max-snippet":"max-snippet:-1","max-image-preview":"max-image-preview:large","max-video-preview":"max-video-preview:-1"},"canonical":"https:\/\/wobronietradycjiiwiary.com\/en\/odpusty-czastkowe-a-kary-czysccowe-odpowiedz-na-pytanie-czytelnika\/","og_locale":"en_US","og_type":"article","og_title":"Odpusty cz\u0105stkowe a kary czy\u015bccowe. Odpowied\u017a na pytanie czytelnika. - Tradycja i Wiara","og_description":"Odpusty cz\u0105stkowe a kary czy\u015bccowe. Odpowied\u017a na pytanie czytelnika. odpusty cz\u0105stkowe czy\u015bciec przeliczanie kary","og_url":"https:\/\/wobronietradycjiiwiary.com\/en\/odpusty-czastkowe-a-kary-czysccowe-odpowiedz-na-pytanie-czytelnika\/","og_site_name":"Tradycja i Wiara","article_publisher":"https:\/\/www.facebook.com\/Tradycja-i-Wiara-108813920592249","article_published_time":"2020-10-01T17:21:03+00:00","article_modified_time":"2025-11-04T17:20:28+00:00","og_image":[{"width":260,"height":400,"url":"https:\/\/wobronietradycjiiwiary.com\/wp-content\/uploads\/2015\/05\/purgatorytop-1.jpg","type":"image\/jpeg"}],"author":"Traditio et Fides","twitter_card":"summary_large_image","twitter_misc":{"Written by":"Traditio et Fides","Est. reading time":"5 minutes"},"schema":{"@context":"https:\/\/schema.org","@graph":[{"@type":"Article","@id":"https:\/\/wobronietradycjiiwiary.com\/odpusty-czastkowe-a-kary-czysccowe-odpowiedz-na-pytanie-czytelnika\/#article","isPartOf":{"@id":"https:\/\/wobronietradycjiiwiary.com\/odpusty-czastkowe-a-kary-czysccowe-odpowiedz-na-pytanie-czytelnika\/"},"author":{"name":"Traditio et Fides","@id":"https:\/\/wobronietradycjiiwiary.com\/pl\/#\/schema\/person\/2d6180ce6abcb681fef0daab7816e8f3"},"headline":"Odpusty cz\u0105stkowe a kary czy\u015bccowe. Odpowied\u017a na pytanie czytelnika.","datePublished":"2020-10-01T17:21:03+00:00","dateModified":"2025-11-04T17:20:28+00:00","mainEntityOfPage":{"@id":"https:\/\/wobronietradycjiiwiary.com\/odpusty-czastkowe-a-kary-czysccowe-odpowiedz-na-pytanie-czytelnika\/"},"wordCount":1245,"publisher":{"@id":"https:\/\/wobronietradycjiiwiary.com\/pl\/#organization"},"image":{"@id":"https:\/\/wobronietradycjiiwiary.com\/odpusty-czastkowe-a-kary-czysccowe-odpowiedz-na-pytanie-czytelnika\/#primaryimage"},"thumbnailUrl":"https:\/\/wobronietradycjiiwiary.com\/wp-content\/uploads\/2015\/05\/purgatorytop-1.jpg","keywords":["czy\u015bciec","odpusty","spowied\u017a","Teologia czy\u015bcca"],"articleSection":["1. Pawe\u0142 VI","Czy\u015bciec","Doktryna","Ko\u015bci\u00f3\u0142 posoborowy","Odpusty","Odpusty: pytania i aktualno\u015bci","Papie\u017ce","Polemika","Rzeczy ostateczne","Teologia czy\u015b\u0107ca","Teologia dogmatyczna"],"inLanguage":"en-US"},{"@type":"WebPage","@id":"https:\/\/wobronietradycjiiwiary.com\/odpusty-czastkowe-a-kary-czysccowe-odpowiedz-na-pytanie-czytelnika\/","url":"https:\/\/wobronietradycjiiwiary.com\/odpusty-czastkowe-a-kary-czysccowe-odpowiedz-na-pytanie-czytelnika\/","name":"Odpusty cz\u0105stkowe a kary czy\u015bccowe. Odpowied\u017a na pytanie czytelnika. - Tradycja i Wiara","isPartOf":{"@id":"https:\/\/wobronietradycjiiwiary.com\/pl\/#website"},"primaryImageOfPage":{"@id":"https:\/\/wobronietradycjiiwiary.com\/odpusty-czastkowe-a-kary-czysccowe-odpowiedz-na-pytanie-czytelnika\/#primaryimage"},"image":{"@id":"https:\/\/wobronietradycjiiwiary.com\/odpusty-czastkowe-a-kary-czysccowe-odpowiedz-na-pytanie-czytelnika\/#primaryimage"},"thumbnailUrl":"https:\/\/wobronietradycjiiwiary.com\/wp-content\/uploads\/2015\/05\/purgatorytop-1.jpg","datePublished":"2020-10-01T17:21:03+00:00","dateModified":"2025-11-04T17:20:28+00:00","description":"Odpusty cz\u0105stkowe a kary czy\u015bccowe. Odpowied\u017a na pytanie czytelnika. odpusty cz\u0105stkowe czy\u015bciec przeliczanie kary","breadcrumb":{"@id":"https:\/\/wobronietradycjiiwiary.com\/odpusty-czastkowe-a-kary-czysccowe-odpowiedz-na-pytanie-czytelnika\/#breadcrumb"},"inLanguage":"en-US","potentialAction":[{"@type":"ReadAction","target":["https:\/\/wobronietradycjiiwiary.com\/odpusty-czastkowe-a-kary-czysccowe-odpowiedz-na-pytanie-czytelnika\/"]}]},{"@type":"ImageObject","inLanguage":"en-US","@id":"https:\/\/wobronietradycjiiwiary.com\/odpusty-czastkowe-a-kary-czysccowe-odpowiedz-na-pytanie-czytelnika\/#primaryimage","url":"https:\/\/wobronietradycjiiwiary.com\/wp-content\/uploads\/2015\/05\/purgatorytop-1.jpg","contentUrl":"https:\/\/wobronietradycjiiwiary.com\/wp-content\/uploads\/2015\/05\/purgatorytop-1.jpg","width":260,"height":400},{"@type":"BreadcrumbList","@id":"https:\/\/wobronietradycjiiwiary.com\/odpusty-czastkowe-a-kary-czysccowe-odpowiedz-na-pytanie-czytelnika\/#breadcrumb","itemListElement":[{"@type":"ListItem","position":1,"name":"Strona g\u0142\u00f3wna","item":"https:\/\/wobronietradycjiiwiary.com\/"},{"@type":"ListItem","position":2,"name":"Odpusty cz\u0105stkowe a kary czy\u015bccowe. Odpowied\u017a na pytanie czytelnika."}]},{"@type":"WebSite","@id":"https:\/\/wobronietradycjiiwiary.com\/pl\/#website","url":"https:\/\/wobronietradycjiiwiary.com\/pl\/","name":"Tradycja i Wiara","description":"Portal dla katolik\u00f3w.","publisher":{"@id":"https:\/\/wobronietradycjiiwiary.com\/pl\/#organization"},"potentialAction":[{"@type":"SearchAction","target":{"@type":"EntryPoint","urlTemplate":"https:\/\/wobronietradycjiiwiary.com\/pl\/?s={search_term_string}"},"query-input":{"@type":"PropertyValueSpecification","valueRequired":true,"valueName":"search_term_string"}}],"inLanguage":"en-US"},{"@type":"Organization","@id":"https:\/\/wobronietradycjiiwiary.com\/pl\/#organization","name":"Tradycja i Wiara","url":"https:\/\/wobronietradycjiiwiary.com\/pl\/","logo":{"@type":"ImageObject","inLanguage":"en-US","@id":"https:\/\/wobronietradycjiiwiary.com\/pl\/#\/schema\/logo\/image\/","url":"https:\/\/i0.wp.com\/wobronietradycjiiwiary.com\/wp-content\/uploads\/2015\/10\/cropped-st-peters-dome-vatican.jpg?fit=940%2C198&ssl=1","contentUrl":"https:\/\/i0.wp.com\/wobronietradycjiiwiary.com\/wp-content\/uploads\/2015\/10\/cropped-st-peters-dome-vatican.jpg?fit=940%2C198&ssl=1","width":940,"height":198,"caption":"Tradycja i Wiara"},"image":{"@id":"https:\/\/wobronietradycjiiwiary.com\/pl\/#\/schema\/logo\/image\/"},"sameAs":["https:\/\/www.facebook.com\/Tradycja-i-Wiara-108813920592249"]},{"@type":"Person","@id":"https:\/\/wobronietradycjiiwiary.com\/pl\/#\/schema\/person\/2d6180ce6abcb681fef0daab7816e8f3","name":"Traditio et Fides","sameAs":["https:\/\/traditionundglauben.com"],"url":"https:\/\/wobronietradycjiiwiary.com\/en\/author\/wobronietradycjiiwiary\/"}]}},"jetpack_publicize_connections":[],"jetpack_sharing_enabled":true,"jetpack_likes_enabled":true,"jetpack_shortlink":"https:\/\/wp.me\/pc04Sd-ag5","jetpack-related-posts":[{"id":6226,"url":"https:\/\/wobronietradycjiiwiary.com\/en\/odpusty-czastkowe-a-kary-czysccowe\/","url_meta":{"origin":39437,"position":0},"title":"Odpusty cz\u0105stkowe a kary czy\u015bccowe. Odpowied\u017a na pytanie czytelnika.","author":"Traditio et Fides","date":"27 May 2015","format":false,"excerpt":"Informacje na temat odpust\u00f3w cz\u0105stkowych i kar doczesnych.","rel":"","context":"In &quot;Czy\u015bciec&quot;","block_context":{"text":"Czy\u015bciec","link":"https:\/\/wobronietradycjiiwiary.com\/en\/category\/doktryna\/teologia-dogmatyczna\/rzeczy-ostateczne-eschatologia\/czysciec\/"},"img":{"alt_text":"","src":"https:\/\/i0.wp.com\/wobronietradycjiiwiary.com\/wp-content\/uploads\/2015\/05\/purgatorytop-1.jpg?resize=350%2C200&ssl=1","width":350,"height":200},"classes":[]},{"id":79858,"url":"https:\/\/wobronietradycjiiwiary.com\/en\/odpusty-czastkowe-a-kary-czysccowe-odpowiedz-na-pytanie-czytelnika-2\/","url_meta":{"origin":39437,"position":1},"title":"Odpusty cz\u0105stkowe a kary czy\u015b\u0107cowe. Odpowied\u017a na pytanie czytelnika.","author":"Traditio et Fides","date":"3 November 2022","format":false,"excerpt":"Informacje na temat odpust\u00f3w cz\u0105stkowych i kar doczesnych.","rel":"","context":"In &quot;Czy\u015bciec&quot;","block_context":{"text":"Czy\u015bciec","link":"https:\/\/wobronietradycjiiwiary.com\/en\/category\/doktryna\/teologia-dogmatyczna\/rzeczy-ostateczne-eschatologia\/czysciec\/"},"img":{"alt_text":"","src":"https:\/\/i0.wp.com\/wobronietradycjiiwiary.com\/wp-content\/uploads\/2015\/05\/purgatorytop-1.jpg?resize=350%2C200&ssl=1","width":350,"height":200},"classes":[]},{"id":8862,"url":"https:\/\/wobronietradycjiiwiary.com\/en\/aktualne-modlitwy-odpustowe-odpusty-zatwierdzone-dla-polski\/","url_meta":{"origin":39437,"position":2},"title":"Aktualne modlitwy odpustowe &#8211; Odpusty zatwierdzone dla Polski","author":"Traditio et Fides","date":"3 May 2016","format":false,"excerpt":"Podajemy kolejne, aktualne modlitwy odpustowe. Odmawiaj\u0105c je: z intencj\u0105 pozyskania odpustu, w duchu skruszonym mo\u017cna pomniejszy\u0107 swoje kary doczesne za wyspowiadane grzechy lub te\u017c pom\u00f3c duszom w czy\u015bccu cierpi\u0105cych zdobywaj\u0105c dla nich te odpusty. Zatroszczmy si\u0119 sami za \u017cycia o nasze miejsce w czy\u015bccu, bo nie wiemy, czy po naszej\u2026","rel":"","context":"In &quot;Modlitwy odpustowe&quot;","block_context":{"text":"Modlitwy odpustowe","link":"https:\/\/wobronietradycjiiwiary.com\/en\/category\/doktryna\/teologia-dogmatyczna\/odpusty-sakramenty\/modlitwy-odpustowe\/"},"img":{"alt_text":"","src":"https:\/\/i0.wp.com\/wobronietradycjiiwiary.com\/wp-content\/uploads\/2015\/12\/fra_angelico_024-scaled.jpg?resize=350%2C200&ssl=1","width":350,"height":200,"srcset":"https:\/\/i0.wp.com\/wobronietradycjiiwiary.com\/wp-content\/uploads\/2015\/12\/fra_angelico_024-scaled.jpg?resize=350%2C200&ssl=1 1x, https:\/\/i0.wp.com\/wobronietradycjiiwiary.com\/wp-content\/uploads\/2015\/12\/fra_angelico_024-scaled.jpg?resize=525%2C300&ssl=1 1.5x, https:\/\/i0.wp.com\/wobronietradycjiiwiary.com\/wp-content\/uploads\/2015\/12\/fra_angelico_024-scaled.jpg?resize=700%2C400&ssl=1 2x, https:\/\/i0.wp.com\/wobronietradycjiiwiary.com\/wp-content\/uploads\/2015\/12\/fra_angelico_024-scaled.jpg?resize=1050%2C600&ssl=1 3x, https:\/\/i0.wp.com\/wobronietradycjiiwiary.com\/wp-content\/uploads\/2015\/12\/fra_angelico_024-scaled.jpg?resize=1400%2C800&ssl=1 4x"},"classes":[]},{"id":8131,"url":"https:\/\/wobronietradycjiiwiary.com\/en\/aktualne-modlitwy-odpustowe-46-50\/","url_meta":{"origin":39437,"position":3},"title":"Aktualne modlitwy odpustowe (46-50)","author":"Traditio et Fides","date":"22 February 2016","format":false,"excerpt":"Podajemy kolejne, aktualne modlitwy odpustowe. Odmawiaj\u0105c je: z intencj\u0105 pozyskania odpustu, w duchu skruszonym mo\u017cna pomniejszy\u0107 swoje kary doczesne za wyspowiadane grzechy lub te\u017c pom\u00f3c duszom w czy\u015bccu cierpi\u0105cych zdobywaj\u0105c dla nich te odpusty. Zatroszczmy si\u0119 sami za \u017cycia o nasze miejsce w czy\u015bccu, bo nie wiemy, czy po naszej\u2026","rel":"","context":"In &quot;Modlitwy odpustowe&quot;","block_context":{"text":"Modlitwy odpustowe","link":"https:\/\/wobronietradycjiiwiary.com\/en\/category\/doktryna\/teologia-dogmatyczna\/odpusty-sakramenty\/modlitwy-odpustowe\/"},"img":{"alt_text":"","src":"https:\/\/i0.wp.com\/wobronietradycjiiwiary.com\/wp-content\/uploads\/2015\/12\/fra_angelico_024-scaled.jpg?resize=350%2C200&ssl=1","width":350,"height":200,"srcset":"https:\/\/i0.wp.com\/wobronietradycjiiwiary.com\/wp-content\/uploads\/2015\/12\/fra_angelico_024-scaled.jpg?resize=350%2C200&ssl=1 1x, https:\/\/i0.wp.com\/wobronietradycjiiwiary.com\/wp-content\/uploads\/2015\/12\/fra_angelico_024-scaled.jpg?resize=525%2C300&ssl=1 1.5x, https:\/\/i0.wp.com\/wobronietradycjiiwiary.com\/wp-content\/uploads\/2015\/12\/fra_angelico_024-scaled.jpg?resize=700%2C400&ssl=1 2x, https:\/\/i0.wp.com\/wobronietradycjiiwiary.com\/wp-content\/uploads\/2015\/12\/fra_angelico_024-scaled.jpg?resize=1050%2C600&ssl=1 3x, https:\/\/i0.wp.com\/wobronietradycjiiwiary.com\/wp-content\/uploads\/2015\/12\/fra_angelico_024-scaled.jpg?resize=1400%2C800&ssl=1 4x"},"classes":[]},{"id":8860,"url":"https:\/\/wobronietradycjiiwiary.com\/en\/aktualne-modlitwy-odpustowe-66-70\/","url_meta":{"origin":39437,"position":4},"title":"Aktualne modlitwy odpustowe (66-70)","author":"Traditio et Fides","date":"8 June 2016","format":false,"excerpt":"Podajemy kolejne, aktualne modlitwy odpustowe. Odmawiaj\u0105c je: z intencj\u0105 pozyskania odpustu, w duchu skruszonym mo\u017cna pomniejszy\u0107 swoje kary doczesne za wyspowiadane grzechy lub te\u017c pom\u00f3c duszom w czy\u015bccu cierpi\u0105cych zdobywaj\u0105c dla nich te odpusty. Zatroszczmy si\u0119 sami za \u017cycia o nasze miejsce w czy\u015bccu, bo nie wiemy, czy po naszej\u2026","rel":"","context":"In &quot;Modlitwy odpustowe&quot;","block_context":{"text":"Modlitwy odpustowe","link":"https:\/\/wobronietradycjiiwiary.com\/en\/category\/doktryna\/teologia-dogmatyczna\/odpusty-sakramenty\/modlitwy-odpustowe\/"},"img":{"alt_text":"","src":"https:\/\/i0.wp.com\/wobronietradycjiiwiary.com\/wp-content\/uploads\/2015\/12\/fra_angelico_024-scaled.jpg?resize=350%2C200&ssl=1","width":350,"height":200,"srcset":"https:\/\/i0.wp.com\/wobronietradycjiiwiary.com\/wp-content\/uploads\/2015\/12\/fra_angelico_024-scaled.jpg?resize=350%2C200&ssl=1 1x, https:\/\/i0.wp.com\/wobronietradycjiiwiary.com\/wp-content\/uploads\/2015\/12\/fra_angelico_024-scaled.jpg?resize=525%2C300&ssl=1 1.5x, https:\/\/i0.wp.com\/wobronietradycjiiwiary.com\/wp-content\/uploads\/2015\/12\/fra_angelico_024-scaled.jpg?resize=700%2C400&ssl=1 2x, https:\/\/i0.wp.com\/wobronietradycjiiwiary.com\/wp-content\/uploads\/2015\/12\/fra_angelico_024-scaled.jpg?resize=1050%2C600&ssl=1 3x, https:\/\/i0.wp.com\/wobronietradycjiiwiary.com\/wp-content\/uploads\/2015\/12\/fra_angelico_024-scaled.jpg?resize=1400%2C800&ssl=1 4x"},"classes":[]},{"id":8851,"url":"https:\/\/wobronietradycjiiwiary.com\/en\/aktualne-modlitwy-odpustowe-51-55\/","url_meta":{"origin":39437,"position":5},"title":"Aktualne modlitwy odpustowe (51-55)","author":"Traditio et Fides","date":"12 April 2016","format":false,"excerpt":"Podajemy kolejne, aktualne modlitwy odpustowe. Odmawiaj\u0105c je: z intencj\u0105 pozyskania odpustu, w duchu skruszonym mo\u017cna pomniejszy\u0107 swoje kary doczesne za wyspowiadane grzechy lub te\u017c pom\u00f3c duszom w czy\u015bccu cierpi\u0105cych zdobywaj\u0105c dla nich te odpusty. Zatroszczmy si\u0119 sami za \u017cycia o nasze miejsce w czy\u015bccu, bo nie wiemy, czy po naszej\u2026","rel":"","context":"In &quot;Modlitwy odpustowe&quot;","block_context":{"text":"Modlitwy odpustowe","link":"https:\/\/wobronietradycjiiwiary.com\/en\/category\/doktryna\/teologia-dogmatyczna\/odpusty-sakramenty\/modlitwy-odpustowe\/"},"img":{"alt_text":"","src":"https:\/\/i0.wp.com\/wobronietradycjiiwiary.com\/wp-content\/uploads\/2015\/12\/fra_angelico_024-scaled.jpg?resize=350%2C200&ssl=1","width":350,"height":200,"srcset":"https:\/\/i0.wp.com\/wobronietradycjiiwiary.com\/wp-content\/uploads\/2015\/12\/fra_angelico_024-scaled.jpg?resize=350%2C200&ssl=1 1x, https:\/\/i0.wp.com\/wobronietradycjiiwiary.com\/wp-content\/uploads\/2015\/12\/fra_angelico_024-scaled.jpg?resize=525%2C300&ssl=1 1.5x, https:\/\/i0.wp.com\/wobronietradycjiiwiary.com\/wp-content\/uploads\/2015\/12\/fra_angelico_024-scaled.jpg?resize=700%2C400&ssl=1 2x, https:\/\/i0.wp.com\/wobronietradycjiiwiary.com\/wp-content\/uploads\/2015\/12\/fra_angelico_024-scaled.jpg?resize=1050%2C600&ssl=1 3x, https:\/\/i0.wp.com\/wobronietradycjiiwiary.com\/wp-content\/uploads\/2015\/12\/fra_angelico_024-scaled.jpg?resize=1400%2C800&ssl=1 4x"},"classes":[]}],"amp_enabled":true,"jetpack_featured_media_url":"https:\/\/wobronietradycjiiwiary.com\/wp-content\/uploads\/2015\/05\/purgatorytop-1.jpg","_links":{"self":[{"href":"https:\/\/wobronietradycjiiwiary.com\/en\/wp-json\/wp\/v2\/posts\/39437","targetHints":{"allow":["GET"]}}],"collection":[{"href":"https:\/\/wobronietradycjiiwiary.com\/en\/wp-json\/wp\/v2\/posts"}],"about":[{"href":"https:\/\/wobronietradycjiiwiary.com\/en\/wp-json\/wp\/v2\/types\/post"}],"author":[{"embeddable":true,"href":"https:\/\/wobronietradycjiiwiary.com\/en\/wp-json\/wp\/v2\/users\/60508433"}],"replies":[{"embeddable":true,"href":"https:\/\/wobronietradycjiiwiary.com\/en\/wp-json\/wp\/v2\/comments?post=39437"}],"version-history":[{"count":1,"href":"https:\/\/wobronietradycjiiwiary.com\/en\/wp-json\/wp\/v2\/posts\/39437\/revisions"}],"predecessor-version":[{"id":55704,"href":"https:\/\/wobronietradycjiiwiary.com\/en\/wp-json\/wp\/v2\/posts\/39437\/revisions\/55704"}],"wp:featuredmedia":[{"embeddable":true,"href":"https:\/\/wobronietradycjiiwiary.com\/en\/wp-json\/wp\/v2\/media\/38157"}],"wp:attachment":[{"href":"https:\/\/wobronietradycjiiwiary.com\/en\/wp-json\/wp\/v2\/media?parent=39437"}],"wp:term":[{"taxonomy":"category","embeddable":true,"href":"https:\/\/wobronietradycjiiwiary.com\/en\/wp-json\/wp\/v2\/categories?post=39437"},{"taxonomy":"post_tag","embeddable":true,"href":"https:\/\/wobronietradycjiiwiary.com\/en\/wp-json\/wp\/v2\/tags?post=39437"}],"curies":[{"name":"wp","href":"https:\/\/api.w.org\/{rel}","templated":true}]}}