{"id":39435,"date":"2020-10-31T19:19:38","date_gmt":"2020-10-31T18:19:38","guid":{"rendered":"https:\/\/wobronietradycjiiwiary.com\/?p=39435"},"modified":"2025-02-07T15:39:45","modified_gmt":"2025-02-07T14:39:45","slug":"o-odpustach-konkretnie-3","status":"publish","type":"post","link":"https:\/\/wobronietradycjiiwiary.com\/en\/o-odpustach-konkretnie-3\/","title":{"rendered":"O odpustach konkretnie"},"content":{"rendered":"<div id=\"bsf_rt_marker\"><\/div><p>Poniewa\u017c Wszystkich \u015awi\u0119tych i Dzie\u0144 Zaduszny przed nami, a kochanej wiedzy o odpustach nigdy dosy\u0107, dlatego publikujemy ponownie nasz tekst&hellip;&hellip;<\/p>\n<div style=\"text-align: center\">\n<p>&nbsp;<\/p>\n<\/div>\n<h2 style=\"border: 5px solid #0000A0;padding: 1em;text-align: center\"><span style=\"color: #000000\">Pe\u0142en dost\u0119p dla <span style=\"color: #00ccff\"><a style=\"color: #00ccff\" href=\"https:\/\/wobronietradycjiiwiary.com\/en\/subskrypcje-2\/\" target=\"_blank\" rel=\"noopener\">subskrybent\u00f3w<\/a><\/span>.<\/span><br \/>\n<span style=\"color: #3366ff\"><a style=\"color: #3366ff\" href=\"https:\/\/wobronietradycjiiwiary.com\/en\/account\/login\/\" target=\"_blank\" rel=\"noopener\"><span style=\"color: #00ccff\">Zaloguj<\/span><\/a> <\/span>si\u0119 lub przejd\u017a do <a href=\"https:\/\/wobronietradycjiiwiary.com\/en\/register\/\"><span style=\"color: #3366ff\">Rejestracji<\/span><\/a>.<\/h2>\n<div>\n<p style=\"text-align: center\"><a href=\"https:\/\/wobronietradycjiiwiary.com\/en\/subskrypcje-2\/cennik\/\" target=\"_blank\" rel=\"noopener\"><span style=\"color: #000080;font-size: 24pt\"><strong>Nowe ni\u017csze ceny<\/strong><\/span><\/a><\/p>\n<p style=\"text-align: center\"><strong><span style=\"font-size: 18pt;color: #000080\">P\u0142atno\u015b\u0107 kart\u0105<\/span><\/strong><\/p>\n<\/div>\n<h3 style=\"text-align: center\"><a href=\"https:\/\/wobronietradycjiiwiary.com\/en\/subskrypcje-2\/automatyczne\/indywidualne\/\" target=\"_blank\" rel=\"noopener\"><img fetchpriority=\"high\" decoding=\"async\" class=\"alignnone size-medium wp-image-80433\" src=\"https:\/\/wobronietradycjiiwiary.com\/wp-content\/uploads\/2022\/11\/Unbenannt-1-Online-1-300x202.jpg\" alt=\"\" width=\"300\" height=\"202\" srcset=\"https:\/\/wobronietradycjiiwiary.com\/wp-content\/uploads\/2022\/11\/Unbenannt-1-Online-1-300x202.jpg 300w, https:\/\/wobronietradycjiiwiary.com\/wp-content\/uploads\/2022\/11\/Unbenannt-1-Online-1-150x101.jpg 150w, https:\/\/wobronietradycjiiwiary.com\/wp-content\/uploads\/2022\/11\/Unbenannt-1-Online-1-18x12.jpg 18w, https:\/\/wobronietradycjiiwiary.com\/wp-content\/uploads\/2022\/11\/Unbenannt-1-Online-1.jpg 446w\" sizes=\"(max-width: 300px) 100vw, 300px\" \/><\/a><\/h3>\n<p style=\"text-align: center\"><strong><span style=\"font-size: 18pt;color: #000080\">P\u0142atno\u015b\u0107 przelewem<\/span><\/strong><\/p>\n<p><a href=\"https:\/\/wobronietradycjiiwiary.com\/en\/subskrypcje-2\/automatyczne\/indywidualne\/\" target=\"_blank\" rel=\"noopener\"><img decoding=\"async\" class=\"size-medium wp-image-80434 aligncenter\" src=\"https:\/\/wobronietradycjiiwiary.com\/wp-content\/uploads\/2022\/11\/Unbenannt-1-Przelewem-300x137.jpg\" alt=\"\" width=\"300\" height=\"137\" srcset=\"https:\/\/wobronietradycjiiwiary.com\/wp-content\/uploads\/2022\/11\/Unbenannt-1-Przelewem-300x137.jpg 300w, https:\/\/wobronietradycjiiwiary.com\/wp-content\/uploads\/2022\/11\/Unbenannt-1-Przelewem-450x206.jpg 450w, https:\/\/wobronietradycjiiwiary.com\/wp-content\/uploads\/2022\/11\/Unbenannt-1-Przelewem-600x274.jpg 600w, https:\/\/wobronietradycjiiwiary.com\/wp-content\/uploads\/2022\/11\/Unbenannt-1-Przelewem-150x69.jpg 150w, https:\/\/wobronietradycjiiwiary.com\/wp-content\/uploads\/2022\/11\/Unbenannt-1-Przelewem-18x8.jpg 18w, https:\/\/wobronietradycjiiwiary.com\/wp-content\/uploads\/2022\/11\/Unbenannt-1-Przelewem.jpg 676w\" sizes=\"(max-width: 300px) 100vw, 300px\" \/><\/a><\/p>\n<p style=\"text-align: center\"><strong><span style=\"font-size: 18pt;color: #000080\">P\u0142atno\u015b\u0107 kart\u0105 do 6 os\u00f3b<\/span><\/strong><\/p>\n<p><a href=\"https:\/\/wobronietradycjiiwiary.com\/en\/rodzinne\/\" target=\"_blank\" rel=\"noopener\"><img decoding=\"async\" class=\"size-medium wp-image-80435 aligncenter\" src=\"https:\/\/wobronietradycjiiwiary.com\/wp-content\/uploads\/2022\/11\/Unbenannt-1-Rodzinna-300x208.jpg\" alt=\"\" width=\"300\" height=\"208\" srcset=\"https:\/\/wobronietradycjiiwiary.com\/wp-content\/uploads\/2022\/11\/Unbenannt-1-Rodzinna-300x208.jpg 300w, https:\/\/wobronietradycjiiwiary.com\/wp-content\/uploads\/2022\/11\/Unbenannt-1-Rodzinna-150x104.jpg 150w, https:\/\/wobronietradycjiiwiary.com\/wp-content\/uploads\/2022\/11\/Unbenannt-1-Rodzinna-18x12.jpg 18w, https:\/\/wobronietradycjiiwiary.com\/wp-content\/uploads\/2022\/11\/Unbenannt-1-Rodzinna.jpg 448w\" sizes=\"(max-width: 300px) 100vw, 300px\" \/><\/a><\/p>\n<h3 style=\"text-align: center\"><\/h3>\n<h1 style=\"text-align: center\"><\/h1>","protected":false},"excerpt":{"rendered":"<p>Poniewa\u017c Wszystkich \u015awi\u0119tych i Dzie\u0144 Zaduszny przed nami, a kochanej wiedzy o odpustach nigdy dosy\u0107, dlatego publikujemy ponownie nasz tekst&hellip; &nbsp; Pe\u0142en dost\u0119p dla subskrybent\u00f3w. Zaloguj si\u0119 lub przejd\u017a do Rejestracji. Nowe ni\u017csze ceny P\u0142atno\u015b\u0107 kart\u0105 P\u0142atno\u015b\u0107 przelewem P\u0142atno\u015b\u0107 kart\u0105 do 6 os\u00f3b<\/p>","protected":false},"author":60508433,"featured_media":7633,"comment_status":"open","ping_status":"closed","sticky":false,"template":"","format":"standard","meta":{"_bbp_topic_count":0,"_bbp_reply_count":0,"_bbp_total_topic_count":0,"_bbp_total_reply_count":0,"_bbp_voice_count":0,"_bbp_anonymous_reply_count":0,"_bbp_topic_count_hidden":0,"_bbp_reply_count_hidden":0,"_bbp_forum_subforum_count":0,"_editorskit_title_hidden":false,"_editorskit_reading_time":0,"_editorskit_is_block_options_detached":false,"_editorskit_block_options_position":"{}","_coblocks_attr":"","_coblocks_dimensions":"","_coblocks_responsive_height":"","_coblocks_accordion_ie_support":"","_exactmetrics_skip_tracking":false,"_jetpack_newsletter_access":"","_jetpack_dont_email_post_to_subs":false,"_jetpack_newsletter_tier_id":0,"_jetpack_memberships_contains_paywalled_content":false,"_wpcom_ai_launchpad_first_post":false,"_jetpack_feature_clip_id":0,"_jetpack_memberships_contains_paid_content":false,"footnotes":"","jetpack_publicize_message":"{title}\n\n{excerpt}\n\n{url}","jetpack_publicize_feature_enabled":true,"jetpack_social_post_already_shared":true,"jetpack_social_options":{"image_generator_settings":{"template":"highway","default_image_id":0,"font":"","enabled":false},"version":2},"_wpas_customize_per_network":false,"jetpack_post_was_ever_published":false},"categories":[610131294,416828696],"tags":[610131373,3157546,27101070,610132133,610130698],"class_list":["post-39435","post","type-post","status-publish","format-standard","has-post-thumbnail","hentry","category-czysciec","category-odpusty-sakramenty","tag-aktualne-wpisy","tag-czysciec","tag-odpusty","tag-restricted","tag-teologia-czyscca"],"yoast_head":"<!-- This site is optimized with the Yoast SEO plugin v28.4 - https:\/\/yoast.com\/product\/yoast-seo-wordpress\/ -->\n<title>O odpustach konkretnie - Tradycja i Wiara<\/title>\n<meta name=\"description\" content=\"O odpustach konkretnie zasady odpust\u00f3w czy\u015bciec listopad katolicyzm cmentarz komunia stan \u0142aski modlitwa\" \/>\n<meta name=\"robots\" content=\"index, follow, max-snippet:-1, max-image-preview:large, max-video-preview:-1\" \/>\n<link rel=\"canonical\" href=\"https:\/\/wobronietradycjiiwiary.com\/en\/o-odpustach-konkretnie-3\/\" \/>\n<meta property=\"og:locale\" content=\"en_US\" \/>\n<meta property=\"og:type\" content=\"article\" \/>\n<meta property=\"og:title\" content=\"O odpustach konkretnie - Tradycja i Wiara\" \/>\n<meta property=\"og:description\" content=\"O odpustach konkretnie zasady odpust\u00f3w czy\u015bciec listopad katolicyzm cmentarz komunia stan \u0142aski modlitwa\" \/>\n<meta property=\"og:url\" content=\"https:\/\/wobronietradycjiiwiary.com\/en\/o-odpustach-konkretnie-3\/\" \/>\n<meta property=\"og:site_name\" content=\"Tradycja i Wiara\" \/>\n<meta property=\"article:publisher\" content=\"https:\/\/www.facebook.com\/Tradycja-i-Wiara-108813920592249\" \/>\n<meta property=\"article:published_time\" content=\"2020-10-31T18:19:38+00:00\" \/>\n<meta property=\"article:modified_time\" content=\"2025-02-07T14:39:45+00:00\" \/>\n<meta property=\"og:image\" content=\"https:\/\/wobronietradycjiiwiary.com\/wp-content\/uploads\/2015\/11\/2980184510.jpg\" \/>\n\t<meta property=\"og:image:width\" content=\"298\" \/>\n\t<meta property=\"og:image:height\" content=\"425\" \/>\n\t<meta property=\"og:image:type\" content=\"image\/jpeg\" \/>\n<meta name=\"author\" content=\"Traditio et Fides\" \/>\n<meta name=\"twitter:card\" content=\"summary_large_image\" \/>\n<meta name=\"twitter:label1\" content=\"Written by\" \/>\n\t<meta name=\"twitter:data1\" content=\"Traditio et Fides\" \/>\n\t<meta name=\"twitter:label2\" content=\"Est. reading time\" \/>\n\t<meta name=\"twitter:data2\" content=\"21 minutes\" \/>\n<script type=\"application\/ld+json\" class=\"yoast-schema-graph\">{\"@context\":\"https:\\\/\\\/schema.org\",\"@graph\":[{\"@type\":\"Article\",\"@id\":\"https:\\\/\\\/wobronietradycjiiwiary.com\\\/o-odpustach-konkretnie-3\\\/#article\",\"isPartOf\":{\"@id\":\"https:\\\/\\\/wobronietradycjiiwiary.com\\\/o-odpustach-konkretnie-3\\\/\"},\"author\":{\"name\":\"Traditio et Fides\",\"@id\":\"https:\\\/\\\/wobronietradycjiiwiary.com\\\/pl\\\/#\\\/schema\\\/person\\\/2d6180ce6abcb681fef0daab7816e8f3\"},\"headline\":\"O odpustach konkretnie\",\"datePublished\":\"2020-10-31T18:19:38+00:00\",\"dateModified\":\"2025-02-07T14:39:45+00:00\",\"mainEntityOfPage\":{\"@id\":\"https:\\\/\\\/wobronietradycjiiwiary.com\\\/o-odpustach-konkretnie-3\\\/\"},\"wordCount\":4279,\"commentCount\":0,\"publisher\":{\"@id\":\"https:\\\/\\\/wobronietradycjiiwiary.com\\\/pl\\\/#organization\"},\"image\":{\"@id\":\"https:\\\/\\\/wobronietradycjiiwiary.com\\\/o-odpustach-konkretnie-3\\\/#primaryimage\"},\"thumbnailUrl\":\"https:\\\/\\\/wobronietradycjiiwiary.com\\\/wp-content\\\/uploads\\\/2015\\\/11\\\/2980184510.jpg\",\"keywords\":[\"Aktualne wpisy\",\"czy\u015bciec\",\"odpusty\",\"Restricted\",\"Teologia czy\u015bcca\"],\"articleSection\":[\"Czy\u015bciec\",\"Odpusty\"],\"inLanguage\":\"en-US\",\"potentialAction\":[{\"@type\":\"CommentAction\",\"name\":\"Comment\",\"target\":[\"https:\\\/\\\/wobronietradycjiiwiary.com\\\/o-odpustach-konkretnie-3\\\/#respond\"]}]},{\"@type\":\"WebPage\",\"@id\":\"https:\\\/\\\/wobronietradycjiiwiary.com\\\/o-odpustach-konkretnie-3\\\/\",\"url\":\"https:\\\/\\\/wobronietradycjiiwiary.com\\\/o-odpustach-konkretnie-3\\\/\",\"name\":\"O odpustach konkretnie - Tradycja i Wiara\",\"isPartOf\":{\"@id\":\"https:\\\/\\\/wobronietradycjiiwiary.com\\\/pl\\\/#website\"},\"primaryImageOfPage\":{\"@id\":\"https:\\\/\\\/wobronietradycjiiwiary.com\\\/o-odpustach-konkretnie-3\\\/#primaryimage\"},\"image\":{\"@id\":\"https:\\\/\\\/wobronietradycjiiwiary.com\\\/o-odpustach-konkretnie-3\\\/#primaryimage\"},\"thumbnailUrl\":\"https:\\\/\\\/wobronietradycjiiwiary.com\\\/wp-content\\\/uploads\\\/2015\\\/11\\\/2980184510.jpg\",\"datePublished\":\"2020-10-31T18:19:38+00:00\",\"dateModified\":\"2025-02-07T14:39:45+00:00\",\"description\":\"O odpustach konkretnie zasady odpust\u00f3w czy\u015bciec listopad katolicyzm cmentarz komunia stan \u0142aski modlitwa\",\"breadcrumb\":{\"@id\":\"https:\\\/\\\/wobronietradycjiiwiary.com\\\/o-odpustach-konkretnie-3\\\/#breadcrumb\"},\"inLanguage\":\"en-US\",\"potentialAction\":[{\"@type\":\"ReadAction\",\"target\":[\"https:\\\/\\\/wobronietradycjiiwiary.com\\\/o-odpustach-konkretnie-3\\\/\"]}]},{\"@type\":\"ImageObject\",\"inLanguage\":\"en-US\",\"@id\":\"https:\\\/\\\/wobronietradycjiiwiary.com\\\/o-odpustach-konkretnie-3\\\/#primaryimage\",\"url\":\"https:\\\/\\\/wobronietradycjiiwiary.com\\\/wp-content\\\/uploads\\\/2015\\\/11\\\/2980184510.jpg\",\"contentUrl\":\"https:\\\/\\\/wobronietradycjiiwiary.com\\\/wp-content\\\/uploads\\\/2015\\\/11\\\/2980184510.jpg\",\"width\":298,\"height\":425},{\"@type\":\"BreadcrumbList\",\"@id\":\"https:\\\/\\\/wobronietradycjiiwiary.com\\\/o-odpustach-konkretnie-3\\\/#breadcrumb\",\"itemListElement\":[{\"@type\":\"ListItem\",\"position\":1,\"name\":\"Strona g\u0142\u00f3wna\",\"item\":\"https:\\\/\\\/wobronietradycjiiwiary.com\\\/\"},{\"@type\":\"ListItem\",\"position\":2,\"name\":\"O odpustach konkretnie\"}]},{\"@type\":\"WebSite\",\"@id\":\"https:\\\/\\\/wobronietradycjiiwiary.com\\\/pl\\\/#website\",\"url\":\"https:\\\/\\\/wobronietradycjiiwiary.com\\\/pl\\\/\",\"name\":\"Tradycja i Wiara\",\"description\":\"Portal dla katolik\u00f3w.\",\"publisher\":{\"@id\":\"https:\\\/\\\/wobronietradycjiiwiary.com\\\/pl\\\/#organization\"},\"potentialAction\":[{\"@type\":\"SearchAction\",\"target\":{\"@type\":\"EntryPoint\",\"urlTemplate\":\"https:\\\/\\\/wobronietradycjiiwiary.com\\\/pl\\\/?s={search_term_string}\"},\"query-input\":{\"@type\":\"PropertyValueSpecification\",\"valueRequired\":true,\"valueName\":\"search_term_string\"}}],\"inLanguage\":\"en-US\"},{\"@type\":\"Organization\",\"@id\":\"https:\\\/\\\/wobronietradycjiiwiary.com\\\/pl\\\/#organization\",\"name\":\"Tradycja i Wiara\",\"url\":\"https:\\\/\\\/wobronietradycjiiwiary.com\\\/pl\\\/\",\"logo\":{\"@type\":\"ImageObject\",\"inLanguage\":\"en-US\",\"@id\":\"https:\\\/\\\/wobronietradycjiiwiary.com\\\/pl\\\/#\\\/schema\\\/logo\\\/image\\\/\",\"url\":\"https:\\\/\\\/i0.wp.com\\\/wobronietradycjiiwiary.com\\\/wp-content\\\/uploads\\\/2015\\\/10\\\/cropped-st-peters-dome-vatican.jpg?fit=940%2C198&ssl=1\",\"contentUrl\":\"https:\\\/\\\/i0.wp.com\\\/wobronietradycjiiwiary.com\\\/wp-content\\\/uploads\\\/2015\\\/10\\\/cropped-st-peters-dome-vatican.jpg?fit=940%2C198&ssl=1\",\"width\":940,\"height\":198,\"caption\":\"Tradycja i Wiara\"},\"image\":{\"@id\":\"https:\\\/\\\/wobronietradycjiiwiary.com\\\/pl\\\/#\\\/schema\\\/logo\\\/image\\\/\"},\"sameAs\":[\"https:\\\/\\\/www.facebook.com\\\/Tradycja-i-Wiara-108813920592249\"]},{\"@type\":\"Person\",\"@id\":\"https:\\\/\\\/wobronietradycjiiwiary.com\\\/pl\\\/#\\\/schema\\\/person\\\/2d6180ce6abcb681fef0daab7816e8f3\",\"name\":\"Traditio et Fides\",\"sameAs\":[\"https:\\\/\\\/traditionundglauben.com\"],\"url\":\"https:\\\/\\\/wobronietradycjiiwiary.com\\\/en\\\/author\\\/wobronietradycjiiwiary\\\/\"}]}<\/script>\n<!-- \/ Yoast SEO plugin. -->","yoast_head_json":{"title":"O odpustach konkretnie - Tradycja i Wiara","description":"O odpustach konkretnie zasady odpust\u00f3w czy\u015bciec listopad katolicyzm cmentarz komunia stan \u0142aski modlitwa","robots":{"index":"index","follow":"follow","max-snippet":"max-snippet:-1","max-image-preview":"max-image-preview:large","max-video-preview":"max-video-preview:-1"},"canonical":"https:\/\/wobronietradycjiiwiary.com\/en\/o-odpustach-konkretnie-3\/","og_locale":"en_US","og_type":"article","og_title":"O odpustach konkretnie - Tradycja i Wiara","og_description":"O odpustach konkretnie zasady odpust\u00f3w czy\u015bciec listopad katolicyzm cmentarz komunia stan \u0142aski modlitwa","og_url":"https:\/\/wobronietradycjiiwiary.com\/en\/o-odpustach-konkretnie-3\/","og_site_name":"Tradycja i Wiara","article_publisher":"https:\/\/www.facebook.com\/Tradycja-i-Wiara-108813920592249","article_published_time":"2020-10-31T18:19:38+00:00","article_modified_time":"2025-02-07T14:39:45+00:00","og_image":[{"width":298,"height":425,"url":"https:\/\/wobronietradycjiiwiary.com\/wp-content\/uploads\/2015\/11\/2980184510.jpg","type":"image\/jpeg"}],"author":"Traditio et Fides","twitter_card":"summary_large_image","twitter_misc":{"Written by":"Traditio et Fides","Est. reading time":"21 minutes"},"schema":{"@context":"https:\/\/schema.org","@graph":[{"@type":"Article","@id":"https:\/\/wobronietradycjiiwiary.com\/o-odpustach-konkretnie-3\/#article","isPartOf":{"@id":"https:\/\/wobronietradycjiiwiary.com\/o-odpustach-konkretnie-3\/"},"author":{"name":"Traditio et Fides","@id":"https:\/\/wobronietradycjiiwiary.com\/pl\/#\/schema\/person\/2d6180ce6abcb681fef0daab7816e8f3"},"headline":"O odpustach konkretnie","datePublished":"2020-10-31T18:19:38+00:00","dateModified":"2025-02-07T14:39:45+00:00","mainEntityOfPage":{"@id":"https:\/\/wobronietradycjiiwiary.com\/o-odpustach-konkretnie-3\/"},"wordCount":4279,"commentCount":0,"publisher":{"@id":"https:\/\/wobronietradycjiiwiary.com\/pl\/#organization"},"image":{"@id":"https:\/\/wobronietradycjiiwiary.com\/o-odpustach-konkretnie-3\/#primaryimage"},"thumbnailUrl":"https:\/\/wobronietradycjiiwiary.com\/wp-content\/uploads\/2015\/11\/2980184510.jpg","keywords":["Aktualne wpisy","czy\u015bciec","odpusty","Restricted","Teologia czy\u015bcca"],"articleSection":["Czy\u015bciec","Odpusty"],"inLanguage":"en-US","potentialAction":[{"@type":"CommentAction","name":"Comment","target":["https:\/\/wobronietradycjiiwiary.com\/o-odpustach-konkretnie-3\/#respond"]}]},{"@type":"WebPage","@id":"https:\/\/wobronietradycjiiwiary.com\/o-odpustach-konkretnie-3\/","url":"https:\/\/wobronietradycjiiwiary.com\/o-odpustach-konkretnie-3\/","name":"O odpustach konkretnie - Tradycja i Wiara","isPartOf":{"@id":"https:\/\/wobronietradycjiiwiary.com\/pl\/#website"},"primaryImageOfPage":{"@id":"https:\/\/wobronietradycjiiwiary.com\/o-odpustach-konkretnie-3\/#primaryimage"},"image":{"@id":"https:\/\/wobronietradycjiiwiary.com\/o-odpustach-konkretnie-3\/#primaryimage"},"thumbnailUrl":"https:\/\/wobronietradycjiiwiary.com\/wp-content\/uploads\/2015\/11\/2980184510.jpg","datePublished":"2020-10-31T18:19:38+00:00","dateModified":"2025-02-07T14:39:45+00:00","description":"O odpustach konkretnie zasady odpust\u00f3w czy\u015bciec listopad katolicyzm cmentarz komunia stan \u0142aski modlitwa","breadcrumb":{"@id":"https:\/\/wobronietradycjiiwiary.com\/o-odpustach-konkretnie-3\/#breadcrumb"},"inLanguage":"en-US","potentialAction":[{"@type":"ReadAction","target":["https:\/\/wobronietradycjiiwiary.com\/o-odpustach-konkretnie-3\/"]}]},{"@type":"ImageObject","inLanguage":"en-US","@id":"https:\/\/wobronietradycjiiwiary.com\/o-odpustach-konkretnie-3\/#primaryimage","url":"https:\/\/wobronietradycjiiwiary.com\/wp-content\/uploads\/2015\/11\/2980184510.jpg","contentUrl":"https:\/\/wobronietradycjiiwiary.com\/wp-content\/uploads\/2015\/11\/2980184510.jpg","width":298,"height":425},{"@type":"BreadcrumbList","@id":"https:\/\/wobronietradycjiiwiary.com\/o-odpustach-konkretnie-3\/#breadcrumb","itemListElement":[{"@type":"ListItem","position":1,"name":"Strona g\u0142\u00f3wna","item":"https:\/\/wobronietradycjiiwiary.com\/"},{"@type":"ListItem","position":2,"name":"O odpustach konkretnie"}]},{"@type":"WebSite","@id":"https:\/\/wobronietradycjiiwiary.com\/pl\/#website","url":"https:\/\/wobronietradycjiiwiary.com\/pl\/","name":"Tradycja i Wiara","description":"Portal dla katolik\u00f3w.","publisher":{"@id":"https:\/\/wobronietradycjiiwiary.com\/pl\/#organization"},"potentialAction":[{"@type":"SearchAction","target":{"@type":"EntryPoint","urlTemplate":"https:\/\/wobronietradycjiiwiary.com\/pl\/?s={search_term_string}"},"query-input":{"@type":"PropertyValueSpecification","valueRequired":true,"valueName":"search_term_string"}}],"inLanguage":"en-US"},{"@type":"Organization","@id":"https:\/\/wobronietradycjiiwiary.com\/pl\/#organization","name":"Tradycja i Wiara","url":"https:\/\/wobronietradycjiiwiary.com\/pl\/","logo":{"@type":"ImageObject","inLanguage":"en-US","@id":"https:\/\/wobronietradycjiiwiary.com\/pl\/#\/schema\/logo\/image\/","url":"https:\/\/i0.wp.com\/wobronietradycjiiwiary.com\/wp-content\/uploads\/2015\/10\/cropped-st-peters-dome-vatican.jpg?fit=940%2C198&ssl=1","contentUrl":"https:\/\/i0.wp.com\/wobronietradycjiiwiary.com\/wp-content\/uploads\/2015\/10\/cropped-st-peters-dome-vatican.jpg?fit=940%2C198&ssl=1","width":940,"height":198,"caption":"Tradycja i Wiara"},"image":{"@id":"https:\/\/wobronietradycjiiwiary.com\/pl\/#\/schema\/logo\/image\/"},"sameAs":["https:\/\/www.facebook.com\/Tradycja-i-Wiara-108813920592249"]},{"@type":"Person","@id":"https:\/\/wobronietradycjiiwiary.com\/pl\/#\/schema\/person\/2d6180ce6abcb681fef0daab7816e8f3","name":"Traditio et Fides","sameAs":["https:\/\/traditionundglauben.com"],"url":"https:\/\/wobronietradycjiiwiary.com\/en\/author\/wobronietradycjiiwiary\/"}]}},"jetpack_publicize_connections":[],"jetpack_sharing_enabled":true,"jetpack_likes_enabled":true,"jetpack_shortlink":"https:\/\/wp.me\/pc04Sd-ag3","jetpack-related-posts":[{"id":106663,"url":"https:\/\/wobronietradycjiiwiary.com\/en\/o-odpustach-konkretnie\/","url_meta":{"origin":39435,"position":0},"title":"O odpustach konkretnie","author":"Traditio et Fides","date":"2 November 2023","format":false,"excerpt":"Kr\u00f3tki wyk\u0142ad teologiczny na temat istoty odpust\u00f3w oraz mo\u017cliwo\u015bci ich pozyskiwania.","rel":"","context":"In &quot;Czy\u015bciec&quot;","block_context":{"text":"Czy\u015bciec","link":"https:\/\/wobronietradycjiiwiary.com\/en\/category\/doktryna\/teologia-dogmatyczna\/rzeczy-ostateczne-eschatologia\/czysciec\/"},"img":{"alt_text":"","src":"https:\/\/i0.wp.com\/wobronietradycjiiwiary.com\/wp-content\/uploads\/2015\/11\/2980184510.jpg?resize=350%2C200&ssl=1","width":350,"height":200},"classes":[]},{"id":24212,"url":"https:\/\/wobronietradycjiiwiary.com\/en\/o-odpustach-konkretnie-2\/","url_meta":{"origin":39435,"position":1},"title":"O odpustach konkretnie","author":"Traditio et Fides","date":"1 November 2019","format":false,"excerpt":"Kr\u00f3tki wyk\u0142ad teologiczny na temat istoty odpust\u00f3w oraz mo\u017cliwo\u015bci ich pozyskiwania.","rel":"","context":"In &quot;Czy\u015bciec&quot;","block_context":{"text":"Czy\u015bciec","link":"https:\/\/wobronietradycjiiwiary.com\/en\/category\/doktryna\/teologia-dogmatyczna\/rzeczy-ostateczne-eschatologia\/czysciec\/"},"img":{"alt_text":"","src":"https:\/\/i0.wp.com\/wobronietradycjiiwiary.com\/wp-content\/uploads\/2015\/11\/2980184510.jpg?resize=350%2C200&ssl=1","width":350,"height":200},"classes":[]},{"id":7632,"url":"https:\/\/wobronietradycjiiwiary.com\/en\/o-odpustach-wreszcie-konkretnie\/","url_meta":{"origin":39435,"position":2},"title":"O odpustach konkretnie","author":"Traditio et Fides","date":"2 November 2015","format":false,"excerpt":"Pytanie czytelnika Fides: Szcz\u0119\u015b\u0107 Bo\u017ce, w zwi\u0105zku z tym, i\u017c s\u0105 r\u00f3\u017cne rozbie\u017cno\u015bci na r\u00f3\u017cnych stronach czy mo\u017cecie Pa\u0144stwo napisa\u0107 o odpu\u015bcie zupe\u0142nym czy te\u017c cz\u0105stkowym jaki mo\u017cna uzyska\u0107 w dniach 1-8 listopada. Chodzi mi o szczeg\u00f3\u0142y. Czy codziennie mo\u017cna uzyska\u0107 odpust za innego zmar\u0142ego, czy cmentarz trzeba nawiedzi\u0107 codziennie.\u2026","rel":"","context":"In &quot;Czy\u015bciec&quot;","block_context":{"text":"Czy\u015bciec","link":"https:\/\/wobronietradycjiiwiary.com\/en\/category\/doktryna\/teologia-dogmatyczna\/rzeczy-ostateczne-eschatologia\/czysciec\/"},"img":{"alt_text":"","src":"https:\/\/i0.wp.com\/wobronietradycjiiwiary.com\/wp-content\/uploads\/2015\/11\/2980184510.jpg?resize=350%2C200&ssl=1","width":350,"height":200},"classes":[]},{"id":14832,"url":"https:\/\/wobronietradycjiiwiary.com\/en\/o-odpustach-konkretnie-powtorka\/","url_meta":{"origin":39435,"position":3},"title":"O odpustach konkretnie &#8211; powt\u00f3rka","author":"Traditio et Fides","date":"3 November 2017","format":false,"excerpt":"Pytanie czytelnika Fides: Szcz\u0119\u015b\u0107 Bo\u017ce, w zwi\u0105zku z tym, i\u017c s\u0105 r\u00f3\u017cne rozbie\u017cno\u015bci na r\u00f3\u017cnych stronach czy mo\u017cecie Pa\u0144stwo napisa\u0107 o odpu\u015bcie zupe\u0142nym czy te\u017c cz\u0105stkowym jaki mo\u017cna uzyska\u0107 w dniach 1-8 listopada. Chodzi mi o szczeg\u00f3\u0142y. Czy codziennie mo\u017cna uzyska\u0107 odpust za innego zmar\u0142ego, czy cmentarz trzeba nawiedzi\u0107 codziennie.\u2026","rel":"","context":"In &quot;Odpusty&quot;","block_context":{"text":"Odpusty","link":"https:\/\/wobronietradycjiiwiary.com\/en\/category\/doktryna\/teologia-dogmatyczna\/odpusty-sakramenty\/"},"img":{"alt_text":"2980184510","src":"https:\/\/i0.wp.com\/wobronietradycjiiwiary.com\/wp-content\/uploads\/2015\/11\/2980184510.jpg?resize=350%2C200&ssl=1","width":350,"height":200},"classes":[]},{"id":15931,"url":"https:\/\/wobronietradycjiiwiary.com\/en\/o-odpustach-konkretnie-powtorka-2\/","url_meta":{"origin":39435,"position":4},"title":"O odpustach konkretnie &#8211; powt\u00f3rka","author":"Traditio et Fides","date":"2 November 2017","format":false,"excerpt":"Ze wzgl\u0119du na nat\u0142ok bardzo przyziemnych spraw w tym roku niestety mniej o duszach czy\u015bccowych, kt\u00f3re i tak cierpie\u0107 musz\u0105. Pisz\u0105cy te s\u0142owa po bardzo stresuj\u0105cym dniu, kt\u00f3ry zacz\u0105\u0142 si\u0119 o 5 rano a sko\u0144czy\u0142 p\u00f3\u0142 godziny temu nie jest niestety w stanie napisa\u0107 nic sensowniejszego, wi\u0119c umieszcza po raz\u2026","rel":"","context":"In &quot;Odpusty&quot;","block_context":{"text":"Odpusty","link":"https:\/\/wobronietradycjiiwiary.com\/en\/category\/doktryna\/teologia-dogmatyczna\/odpusty-sakramenty\/"},"img":{"alt_text":"2980184510","src":"https:\/\/wobronietradycjiiwiaryblog.files.wordpress.com\/2015\/11\/2980184510.jpg?w=350&h=200&crop=1","width":350,"height":200},"classes":[]},{"id":90580,"url":"https:\/\/wobronietradycjiiwiary.com\/en\/sw-tomasz-z-akwinu-o-losach-dusz-po-smierci-20-z-27-nasza-pomoc-dla-zmarlych-10-czy-odpusty-udzielane-przez-kosciol-pomagaja-zmarlym\/","url_meta":{"origin":39435,"position":5},"title":"\u015aw. Tomasz z Akwinu, O losach dusz po \u015bmierci (22 z 29). Nasza pomoc dla zmar\u0142ych (10). Czy odpusty udzielane przez Ko\u015bci\u00f3\u0142 pomagaj\u0105 zmar\u0142ym?","author":"Traditio et Fides","date":"28 April 2023","format":false,"excerpt":"Odpusty pozyskiwa\u0107 mo\u017cna dla siebie albo dla zmar\u0142ych, ale nie mo\u017cna pozyskiwa\u0107 tego samego odpustu zar\u00f3wno dla siebie jak i dla zmar\u0142ych r\u00f3wnocze\u015bnie.","rel":"","context":"In &quot;Doktryna&quot;","block_context":{"text":"Doktryna","link":"https:\/\/wobronietradycjiiwiary.com\/en\/category\/doktryna\/"},"img":{"alt_text":"","src":"https:\/\/i0.wp.com\/wobronietradycjiiwiary.com\/wp-content\/uploads\/2023\/04\/300px-Hieronymus_Bosch_013.jpg?resize=350%2C200&ssl=1","width":350,"height":200},"classes":[]}],"amp_enabled":true,"jetpack_featured_media_url":"https:\/\/wobronietradycjiiwiary.com\/wp-content\/uploads\/2015\/11\/2980184510.jpg","_links":{"self":[{"href":"https:\/\/wobronietradycjiiwiary.com\/en\/wp-json\/wp\/v2\/posts\/39435","targetHints":{"allow":["GET"]}}],"collection":[{"href":"https:\/\/wobronietradycjiiwiary.com\/en\/wp-json\/wp\/v2\/posts"}],"about":[{"href":"https:\/\/wobronietradycjiiwiary.com\/en\/wp-json\/wp\/v2\/types\/post"}],"author":[{"embeddable":true,"href":"https:\/\/wobronietradycjiiwiary.com\/en\/wp-json\/wp\/v2\/users\/60508433"}],"replies":[{"embeddable":true,"href":"https:\/\/wobronietradycjiiwiary.com\/en\/wp-json\/wp\/v2\/comments?post=39435"}],"version-history":[{"count":1,"href":"https:\/\/wobronietradycjiiwiary.com\/en\/wp-json\/wp\/v2\/posts\/39435\/revisions"}],"predecessor-version":[{"id":56821,"href":"https:\/\/wobronietradycjiiwiary.com\/en\/wp-json\/wp\/v2\/posts\/39435\/revisions\/56821"}],"wp:featuredmedia":[{"embeddable":true,"href":"https:\/\/wobronietradycjiiwiary.com\/en\/wp-json\/wp\/v2\/media\/7633"}],"wp:attachment":[{"href":"https:\/\/wobronietradycjiiwiary.com\/en\/wp-json\/wp\/v2\/media?parent=39435"}],"wp:term":[{"taxonomy":"category","embeddable":true,"href":"https:\/\/wobronietradycjiiwiary.com\/en\/wp-json\/wp\/v2\/categories?post=39435"},{"taxonomy":"post_tag","embeddable":true,"href":"https:\/\/wobronietradycjiiwiary.com\/en\/wp-json\/wp\/v2\/tags?post=39435"}],"curies":[{"name":"wp","href":"https:\/\/api.w.org\/{rel}","templated":true}]}}