{"id":36965,"date":"2020-09-17T08:15:38","date_gmt":"2020-09-17T06:15:38","guid":{"rendered":"https:\/\/wobronietradycjiiwiary.com\/?p=36965"},"modified":"2025-02-10T11:16:45","modified_gmt":"2025-02-10T10:16:45","slug":"17-go-wrzesnia-zywot-swietej-hildegardy-ksieni","status":"publish","type":"post","link":"https:\/\/wobronietradycjiiwiary.com\/en\/17-go-wrzesnia-zywot-swietej-hildegardy-ksieni\/","title":{"rendered":"17-go Wrze\u015bnia. \u017bywot \u015bwi\u0119tej Hildegardy, Ksieni."},"content":{"rendered":"<div id=\"bsf_rt_marker\"><\/div>\n<p class=\"has-text-align-justify wp-block-paragraph\"><span class=\"has-inline-color has-vivid-purple-color\">Benedykt XVI. wyni\u00f3s\u0142 \u015bw. Hildegard\u0119 do godno\u015bci Doktora Ko\u015bcio\u0142a, co zdaniem pisz\u0105cego te s\u0142owa, nie by\u0142o dobr\u0105 decyzj\u0105. \u015aw. Hildegarda w swojej bujnej wizjonerskiej literaturze inspiruje si\u0119 nie tylko neoplatonizmem, ale niestety tak\u017ce magi\u0105 i medycyn\u0105 ludow\u0105, o czym \u015bwiadczy jej nauka o ro\u015blinach i minera\u0142ach. Nic dziwnego, \u017ce dzi\u0119ki temu sta\u0142a si\u0119 ona mimowoln\u0105 patronk\u0105 feministek, medycyny kobiecej oraz New Age. S\u0105 w jej pismach fragmenty bardzo g\u0142\u0119bokie, ale Doktora Ko\u015bcio\u0142a winno charakteryzowa\u0107 to, \u017ce jest pod ka\u017cdym wzgl\u0119dem ortodoksyjny i \u0142atwy w odbiorze, a \u015bw. Hildegarda niestety taka nie jest.<\/span><\/p>\n\n\n\n<p class=\"has-text-align-center wp-block-paragraph\">(\u017by\u0142a oko\u0142o roku Pa\u0144skiego 1179).<\/p>\n\n\n\n<figure class=\"wp-block-image\"><a href=\"https:\/\/pl.wikisource.org\/wiki\/Plik:%C5%BBywoty_%C5%9Bw._Pa%C5%84skich_na_wszystkie_dnie_roku-Inicja%C5%82-P.png\"><img decoding=\"async\" src=\"https:\/\/upload.wikimedia.org\/wikipedia\/commons\/thumb\/0\/06\/%C5%BBywoty_%C5%9Bw._Pa%C5%84skich_na_wszystkie_dnie_roku-Inicja%C5%82-P.png\/54px-%C5%BBywoty_%C5%9Bw._Pa%C5%84skich_na_wszystkie_dnie_roku-Inicja%C5%82-P.png\" alt=\"P\"\/><\/a><\/figure>\n\n\n\n<p class=\"has-text-align-justify wp-block-paragraph\">Pomi\u0119dzy \u015bwi\u0119temi Niewiastami z narodu niemieckiego i zakonu Benedykty\u0144skiego, jedno z pierwszych miejsc zajmuje Hildegarda tak z powodu cn\u00f3t, jak nadzwyczajnej m\u0105dro\u015bci i wielkich zas\u0142ug.<\/p>\n\n\n\n<p class=\"has-text-align-justify wp-block-paragraph\"><br>\u2009Pochodz\u0105c z rodu rycerskiego, ju\u017c od dzieci\u0144stwa odznacza\u0142a si\u0119 wielkimi darami umys\u0142u. W trzecim roku \u017cycia widzia\u0142a rzeczy niewidzialne i nadprzyrodzone tak jasno i wyra\u017anie, jak okiem cielesnem rzeczy zewn\u0119trzne. Nie zda\u0142o si\u0119 jej to nic osobliwego, rozumiej\u0105c, \u017ce dar ten jest wszystkim wsp\u00f3lny. Nadto przestrzega\u0142a troskliwie czysto\u015bci i oddawa\u0142a si\u0119 \u017carliwie modlitwie. Gdy liczy\u0142a lat o\u015bm, oddali j\u0105 rodzice na wychowanie pobo\u017cnej Jucie, ksieni Benedyktynek na g\u00f3rze Disiboden. Tu nauczy\u0142a si\u0119 troch\u0119 czyta\u0107, \u015bpiewa\u0107 Psalmy, o gruntownem wykszta\u0142ceniu jednak mowy nie by\u0142o. Widzenia jej powtarza\u0142y si\u0119 cz\u0119sto. W prostocie serca m\u00f3wi\u0142a o nich, dziwi\u0105c si\u0119, \u017ce Jutta i inne zakonnice nic z tego nie widz\u0105. Wstydz\u0105c si\u0119 sama przed sob\u0105, postanowi\u0142a o tych widzeniach ju\u017c wi\u0119cej nie wspomina\u0107.<\/p>\n\n\n\n<p class=\"has-text-align-justify wp-block-paragraph\"><br>\u2009Doszed\u0142szy do lat regu\u0142\u0105 przepisanych, z\u0142o\u017cy\u0142a \u015bluby zakonne i by\u0142a wzorem mi\u0142osierdzia, pos\u0142usze\u0144stwa, pokory, umartwienia i cierpliwo\u015bci. Pan B\u00f3g nawiedza\u0142 j\u0105 bolesnemi chorobami, a po \u015bmierci Jutty 1136 roku wybrano j\u0105 na ksieni\u0119. W tym czasie g\u0142os z Nieba nakaza\u0142 jej, by spisywa\u0142a wszystko, co widzi i s\u0142yszy, lecz boj\u0105c si\u0119 i b\u0119d\u0105c pokorn\u0105, nie us\u0142ucha\u0142a rozkazu. Zapad\u0142szy w ci\u0119\u017ck\u0105 niemoc, zwierzy\u0142a si\u0119 z tego spowiednikowi, kt\u00f3ry jej przykaza\u0142, aby to czyni\u0142a. Zacz\u0105wszy pisa\u0107, odzyska\u0142a zdrowie, jakby w nagrod\u0119 za pos\u0142usze\u0144stwo. Oko\u0142o tego czasu dozna\u0142a nast\u0119puj\u0105cego cudu: Ot\u00f3\u017c \u015bwiat\u0142o\u015b\u0107 jakby s\u0142oneczna przenikn\u0119\u0142a jej g\u0142ow\u0119 i serce, i odt\u0105d dok\u0142adnie zrozumia\u0142a Pismo \u015bw. Co napisa\u0142a, przed\u0142o\u017cono Biskupowi Mogunckiemu, kt\u00f3ry przeczytawszy pismo, o\u015bwiadczy\u0142, \u017ce \u015bwiadczy o duchu prorockim, jaki mia\u0142y dawne prorokinie: Debora, Anna i inne niewiasty Starego Zakonu.<\/p>\n\n\n\n<p class=\"has-text-align-justify wp-block-paragraph\"><br>\u2009G\u0142\u00f3wne jej dzie\u0142o \u201eScivias&nbsp;(Poznaj drogi Pa\u0144skie)\u201c, dowodzi, \u017ce B\u00f3g zla\u0142 na ni\u0105 w obfito\u015bci dary Swe. Ca\u0142y akt stworzenia widzia\u0142a jakby na jawie. We wszechobecnym Bogu widzia\u0142a przesz\u0142o\u015b\u0107, przysz\u0142o\u015b\u0107 i to, co ukryte, zna\u0142a u\u0142omno\u015bci wsp\u00f3\u0142czesnych i wiedzia\u0142a, jakie z nich wynikn\u0105 kary.<\/p>\n\n\n\n<p class=\"has-text-align-justify wp-block-paragraph\">\u2009S\u0142awa jej poci\u0105ga\u0142a wiele dziewic za sob\u0105 tak, \u017ce wkr\u00f3tce klasztorek jej by\u0142 za ciasnym. Za\u0142o\u017cy\u0142a tedy nowy na Rupertsbergu pod Bingen i zamieszka\u0142a go z 18 mniszkami. Na Soborze Trewirskim odbytym&nbsp;w roku 1148, kt\u00f3remu przewodniczy\u0142 sam papie\u017c Eugeniusz III, przeczytano i pochwalono jej dzie\u0142o, a Ojciec \u015bwi\u0119ty w\u0142asnor\u0119cznem pismem zach\u0119ci\u0142 j\u0105, aby spisywa\u0142a, co jej B\u00f3g objawi. \u015awi\u0119ty Bernard prosi\u0142 j\u0105 listownie, aby w chwili, gdy jej duch po\u0142\u0105czy si\u0119 z Bogiem, pami\u0119ta\u0142a o nim i pokrewnych mu w duchu przyjacio\u0142ach.<\/p>\n\n\n\n<p class=\"has-text-align-justify wp-block-paragraph\">\u2009Te i tym podobne \u015bwiadectwa roznios\u0142y po \u015bwiecie szeroko jej s\u0142aw\u0119. Papie\u017ce Anastazy IV i Adryan IV, cesarze Konrad III i Fryderyk I polecali si\u0119 jej mod\u0142om. Odpisywa\u0142a im, nie szcz\u0119dz\u0105c nagany, gdzie by\u0142o potrzeba i wzywaj\u0105c do poprawy. Biskupi, ksi\u0105\u017c\u0119ta, Opaci, Doktorowie, a nawet ca\u0142e korporacye i Stowarzyszenia radzi\u0142y si\u0119 jej w sprawach \u015bwieckich i duchownych, a nawet uczonych. Odpowiedzi jej \u015bwiadczy\u0142y o niezwyczajnej jej wiedzy i roztropno\u015bci. Schodzili si\u0119 do niej duchowni i \u015bwieccy z Francyi, Belgii i Niemiec, panowie i prostacy, chorzy ca\u0142emi gromadami, a ka\u017cdemu s\u0142u\u017cy\u0142a rad\u0105, pociech\u0105 i pomoc\u0105. Niekt\u00f3rzy, a mianowicie \u017cydzi, odwiedzali j\u0105 z ciekawo\u015bci i niejednego nawr\u00f3ci\u0142a. Na wezwanie przedsi\u0119bra\u0142a podr\u00f3\u017ce do r\u00f3\u017cnych miast, nawet do Pary\u017ca, aby kap\u0142an\u00f3w i lud wzywa\u0107 do poprawy i pobo\u017cno\u015bci, a towarzyszy\u0142y jej rozmaite cuda. Przywraca\u0142a wzrok niewidomym, zdrowie schorza\u0142ym, wyp\u0119dza\u0142a z\u0142ego ducha z op\u0119tanych. Za\u0142o\u017cy\u0142a tak\u017ce klasztor w Eibingen, nie wiedz\u0105c, gdzie ju\u017c podzia\u0107 zg\u0142aszaj\u0105ce si\u0119 nowicyuszki.<\/p>\n\n\n\n<p class=\"has-text-align-justify wp-block-paragraph\">\u2009Zako\u0144czy\u0142a \u017cycie, licz\u0105c 81 lat wieku, a pochowano j\u0105 w ko\u015bciele w Rupertsbergu. Gdy Szwedzi w r. 1632 klasztor zburzyli, przeniesiono jej zw\u0142oki do Eibingen, gdzie zachowywano jej pier\u015bcie\u0144 z napisem: \u201eCierpi\u0119 ch\u0119tnie.\u201c Pier\u015bcie\u0144 ten p\u00f3\u017aniej zagin\u0105\u0142.<\/p>\n\n\n\n<h3 class=\"wp-block-heading\"><br><strong>Nauka moralna.<\/strong><\/h3>\n\n\n\n<p class=\"wp-block-paragraph\"><\/p>\n\n\n\n<p class=\"has-text-align-justify wp-block-paragraph\">\u2009Powt\u00f3rzmy niekt\u00f3re s\u0142owa tej \u015awi\u0119tej: \u201eB\u00f3g m\u00f3wi: Cz\u0142owiecze, szukam ci\u0119 Krwi\u0105 Syna Mego, a jednak opuszczasz Mnie, Boga prawego, a idziesz za k\u0142amc\u0105. Czy\u017c nie posy\u0142a\u0142em do ciebie Prorok\u00f3w, czym dla ciebie nie po\u015bwi\u0119ci\u0142 Syna Swego i nie zes\u0142a\u0142 Aposto\u0142\u00f3w, aby ci przez Ewangeli\u0119 wskazali drog\u0119 prawdy? Wszystko dobre masz ode Mnie. Czemu si\u0119 ode Mnie odwracasz?\u201c<\/p>\n\n\n\n<p class=\"has-text-align-justify wp-block-paragraph\"><br>\u2009\u201eZwalczaj po\u017c\u0105dliwo\u015bci cia\u0142a i poddaj je pod w\u0142adz\u0119 ducha. Oprzyj si\u0119 przeto \u017c\u0105dzom i nie my\u015bl, i\u017c jeste\u015b w domu swoim, jeste\u015b bowiem tylko go\u015bciem na ziemi, a Ojciec w Niebiesiech czeka, \u017ceby\u015b przyszed\u0142. Gdy z\u0142e ch\u0119ci si\u0119 odezw\u0105, a nie wiesz, jak si\u0119 ich pozby\u0107, wo\u0142aj, m\u00f3dl si\u0119, p\u0142acz i b\u0142agaj o pomoc, pro\u015b Boga, aby odj\u0105\u0142 z\u0142e od ciebie i doda\u0142 ci si\u0142 do dobrego. Wszak\u017ce B\u00f3g podaje r\u0119k\u0119 i tym, kt\u00f3rzy czyni\u0105 pokut\u0119 z obawy przed \u015bmierci\u0105, strach ich obraca w mi\u0142o\u015b\u0107 i zniewala do czynienia pokuty z mi\u0142o\u015bci. Kto zaniedbuje pokuty, przeto, \u017ce mu to trudno, \u017ale czyni. Chod\u017acie\u017c wi\u0119c, wierni, drog\u0105 przykaza\u0144 Bo\u017cych, aby\u015bcie uszli pot\u0119pienia wiekuistej \u015bmierci. Chodz\u0105cych t\u0105 drog\u0105 czeka Niebo, dla pe\u0142zaj\u0105cych innemi drogami jest zamkni\u0119te. \u2009Cnoty na ziemi s\u0105 ros\u0105 niebiesk\u0105. \u2009Jak studni\u0119 nape\u0142nion\u0105 b\u0142otem, robactwem i cuchn\u0105c\u0105 zgnilizn\u0105 nie tak \u0142atwo oczy\u015bci\u0107, tak trudno te\u017c oczy\u015bci\u0107 z grzech\u00f3w cz\u0142owieka z\u0142ego, kt\u00f3remu z\u0142e sta\u0142o si\u0119 na\u0142ogiem i drug\u0105 natur\u0105. \u2009Rany Chrystusa s\u0105 zawsze otwarte i \u015bwie\u017ce i pozostan\u0105 takiemi, p\u00f3ki trwa\u0107 b\u0119d\u0105 rany grzechu ludzkiego.\u201c<\/p>\n\n\n\n<h3 class=\"wp-block-heading\"><br><strong>Modlitwa.<\/strong><\/h3>\n\n\n\n<blockquote class=\"wp-block-quote is-layout-flow wp-block-quote-is-layout-flow\"><p>\u2009Bo\u017ce i Panie m\u00f3j, daj nam t\u0119 \u0142ask\u0119, aby\u015bmy zdobyli w sobie si\u0142\u0119 zwalczania z\u0142ych nami\u0119tno\u015bci i pom\u00f3\u017c nam do pokonania ich. Pocieszycielu m\u00f3j w ka\u017cdem utrapieniu, do Ciebie zawsze ucieka\u0107 si\u0119 b\u0119dziemy, ilekro\u0107 troski i utrapienia nawiedza\u0107 nas b\u0119d\u0105. Wiem, \u017ce nie odepchniesz nas, lecz balsamem pokrzepisz zbola\u0142e serca nasze. Dlatego b\u0142agam Ci\u0119, nie odrzucaj pro\u015bby mojej, lecz zmi\u0142uj si\u0119 nade mn\u0105 wed\u0142ug wielkiego mi\u0142osierdzia Twego. Przez Pana naszego Jezusa Chrystusa. Amen.<\/p><\/blockquote>\n\n\n\n<p class=\"has-text-align-justify wp-block-paragraph\"><em>Opr\u00f3cz tego obchodzi Ko\u015bci\u00f3\u0142 \u015bwi\u0119ty pami\u0105tk\u0119 nast\u0119puj\u0105cych \u015awi\u0119tych Pa\u0144skich, zamieszczonych w rzymskiem martyrologium:<\/em><\/p>\n\n\n\n<p class=\"has-text-align-justify wp-block-paragraph\">\u2009<strong>Dnia 17-go wrze\u015bnia<\/strong>&nbsp;uroczysto\u015b\u0107 wspomnienia&nbsp;stygmatyzacyi \u015bw. Franciszka z Assy\u017cu, gdy na g\u00f3rze Alvernii w Toskanii za Bo\u017c\u0105 \u0142ask\u0105 otrzyma\u0142 wyci\u015bni\u0119te 5 ran na r\u0119kach, nogach i w boku. \u2014 W Rzymie przy Via Tiburtina m\u0119cze\u0144stwo \u015bw.&nbsp;Justyna, Kap\u0142ana, s\u0142awnego Wyznawcy z czas\u00f3w cesarzy Waleryana i Galliena, kt\u00f3ry pochowa\u0142 wiele cia\u0142 \u015bw. M\u0119czennik\u00f3w, mi\u0119dzy nimi tak\u017ce \u015bw. Wawrzy\u0144ca i Hipolita, a\u017c wko\u0144cu sam pod Klaudyuszem jako M\u0119czennik \u017cycie swe zako\u0144czy\u0142. \u2014 W Rzymie pami\u0105tka \u015bw.&nbsp;Narcyssa i Krescencyona, M\u0119czennik\u00f3w. \u2014 We Frygii pami\u0105tka \u015bw.&nbsp;Ariadny, M\u0119czenniczki za czas\u00f3w cesarza Hadryana. \u2014 W Anglii m\u0119cze\u0144stwo \u015bw.&nbsp;Sokratesa i Stefana. \u2014 W Nevers m\u0119ki \u015bw.&nbsp;Waleryana, Makryna i Gordyana. \u2014 W Autun we Francyi \u015bmier\u0107 m\u0119cze\u0144ska \u015bw.&nbsp;Flocella, ch\u0142opca, wielokrotnie m\u0119czonego pod cesarzem Antoninem i prezesem Waleryanem, a\u017c wko\u0144cu pod k\u0142ami dzikich zwierz\u0105t dokona\u0142 ofiary \u017cycia swego. \u2014 Pod Leodyum m\u0119cze\u0144stwo \u015bw.&nbsp;Lamberta, Biskupa z Mastrichtu, z powodu \u017ce dla gorliwo\u015bci religijnej gani\u0142 post\u0119powanie dworu kr\u00f3lewskiego, zosta\u0142 niewinnie zamordowany przez z\u0142oczy\u0144c\u00f3w, dost\u0105piwszy tym sposobem rozkoszy niebia\u0144skich. \u2014 W Saragossie w Hiszpanii \u015bmier\u0107 m\u0119cze\u0144ska \u015bw.&nbsp;Piotra z Arbues, pierwszego inkwizytora Aragonii; za Wiar\u0119 \u015bw., kt\u00f3rej broni\u0142 jak mu urz\u0105d nakazywa\u0142, zamordowany zosta\u0142 w okrutny spos\u00f3b przez odpad\u0142ych \u017cyd\u00f3w: Papie\u017c Pius IX policzy\u0142 go w poczet \u015awi\u0119tych. \u2014 Tego\u017c dnia m\u0119cze\u0144stwo \u015bw.&nbsp;Agatoklii, kt\u00f3ra by\u0142a w s\u0142u\u017cbie u pewnej poga\u0144skiej pani. Biciem i inn\u0105 poniewierk\u0105 chcia\u0142a j\u0105 pani zmusi\u0107 do odst\u0119pstwa, a w ko\u0144cu wyda\u0142a j\u0105 s\u0119dziemu, kt\u00f3ry jeszcze okrutniej kaza\u0142 j\u0105 biczowa\u0107. \u017be jednak stale wytrwa\u0142a w swej wierze, przeto wydarto jej j\u0119zyk i wrzucono j\u0105 w ogie\u0144. \u2014 W Kordowie pami\u0105tka \u015bw.&nbsp;Kolumbii, Dziewicy i M\u0119czenniczki. \u2014 W Medyolanie z\u0142o\u017cenie zw\u0142ok \u015bw.&nbsp;Satyra, Wyznawcy, kt\u00f3rego cnoty opisa\u0142 brat jego \u015bw. Ambro\u017cy. \u2014 W Rzymie uroczysto\u015b\u0107 szlachetnej \u015bw.&nbsp;Teodory, kt\u00f3ra w prze\u015bladowaniu Dyoklecya\u0144skiem udziela\u0142a M\u0119czennikom pomocy. \u2014 Pod Bingen w dyecezyi mogunckiej uroczysto\u015b\u0107 \u015bw.&nbsp;Hildegardy, Dziewicy.<\/p>\n\n\n\n<p class=\"wp-block-paragraph\"><a href=\"https:\/\/pl.wikisource.org\/wiki\/%C5%BBywot_%C5%9Bwi%C4%99tej_Hildegardy,_Ksieni\">\u0179r\u00f3d\u0142o<\/a><\/p>","protected":false},"excerpt":{"rendered":"<p>Benedykt XVI. wyni\u00f3s\u0142 \u015bw. Hildegard\u0119 do godno\u015bci Doktora Ko\u015bcio\u0142a, co zdaniem pisz\u0105cego te s\u0142owa, nie by\u0142o dobr\u0105 decyzj\u0105. \u015aw. Hildegarda w swojej bujnej wizjonerskiej literaturze inspiruje si\u0119 nie tylko neoplatonizmem, ale niestety tak\u017ce magi\u0105 i medycyn\u0105 ludow\u0105, o czym \u015bwiadczy jej nauka o ro\u015blinach i minera\u0142ach. Nic dziwnego, \u017ce dzi\u0119ki temu sta\u0142a si\u0119 ona mimowoln\u0105 [&hellip;]<\/p>\n","protected":false},"author":60508433,"featured_media":37239,"comment_status":"open","ping_status":"closed","sticky":false,"template":"","format":"standard","meta":{"_bbp_topic_count":0,"_bbp_reply_count":0,"_bbp_total_topic_count":0,"_bbp_total_reply_count":0,"_bbp_voice_count":0,"_bbp_anonymous_reply_count":0,"_bbp_topic_count_hidden":0,"_bbp_reply_count_hidden":0,"_bbp_forum_subforum_count":0,"_editorskit_title_hidden":false,"_editorskit_reading_time":0,"_editorskit_is_block_options_detached":false,"_editorskit_block_options_position":"{}","_coblocks_attr":"","_coblocks_dimensions":"","_coblocks_responsive_height":"","_coblocks_accordion_ie_support":"","_exactmetrics_skip_tracking":false,"_jetpack_newsletter_access":"","_jetpack_dont_email_post_to_subs":false,"_jetpack_newsletter_tier_id":0,"_jetpack_memberships_contains_paywalled_content":false,"_wpcom_ai_launchpad_first_post":false,"_jetpack_feature_clip_id":0,"_jetpack_memberships_contains_paid_content":false,"footnotes":"","jetpack_publicize_message":"{title}\n\n{excerpt}\n\n{url}","jetpack_publicize_feature_enabled":true,"jetpack_social_post_already_shared":true,"jetpack_social_options":{"image_generator_settings":{"template":"highway","default_image_id":0,"font":"","enabled":false},"version":2},"_wpas_customize_per_network":false,"jetpack_post_was_ever_published":false},"categories":[610131824,610131184,336375535,610131268,610131155,610134933,610132042],"tags":[610131995,610133245],"class_list":["post-36965","post","type-post","status-publish","format-standard","has-post-thumbnail","hentry","category-swieta-we-wrzesniu","category-duchowosc","category-liturgia-i-liturgika","category-rok-liturgiczny","category-rozwazania","category-zenskie-swiete","category-zywoty-swietych","tag-sw-hildegarda","tag-swiete-zenskie"],"yoast_head":"<!-- This site is optimized with the Yoast SEO plugin v28.3 - https:\/\/yoast.com\/product\/yoast-seo-wordpress\/ -->\n<title>17-go Wrze\u015bnia. \u017bywot \u015bwi\u0119tej Hildegardy, Ksieni. - Tradycja i Wiara<\/title>\n<meta name=\"robots\" content=\"index, follow, max-snippet:-1, max-image-preview:large, max-video-preview:-1\" \/>\n<link rel=\"canonical\" href=\"https:\/\/wobronietradycjiiwiary.com\/en\/17-go-wrzesnia-zywot-swietej-hildegardy-ksieni\/\" \/>\n<meta property=\"og:locale\" content=\"en_US\" \/>\n<meta property=\"og:type\" content=\"article\" \/>\n<meta property=\"og:title\" content=\"17-go Wrze\u015bnia. \u017bywot \u015bwi\u0119tej Hildegardy, Ksieni. - Tradycja i Wiara\" \/>\n<meta property=\"og:description\" content=\"Benedykt XVI. wyni\u00f3s\u0142 \u015bw. Hildegard\u0119 do godno\u015bci Doktora Ko\u015bcio\u0142a, co zdaniem pisz\u0105cego te s\u0142owa, nie by\u0142o dobr\u0105 decyzj\u0105. \u015aw. Hildegarda w swojej bujnej wizjonerskiej literaturze inspiruje si\u0119 nie tylko neoplatonizmem, ale niestety tak\u017ce magi\u0105 i medycyn\u0105 ludow\u0105, o czym \u015bwiadczy jej nauka o ro\u015blinach i minera\u0142ach. Nic dziwnego, \u017ce dzi\u0119ki temu sta\u0142a si\u0119 ona mimowoln\u0105 [&hellip;]\" \/>\n<meta property=\"og:url\" content=\"https:\/\/wobronietradycjiiwiary.com\/en\/17-go-wrzesnia-zywot-swietej-hildegardy-ksieni\/\" \/>\n<meta property=\"og:site_name\" content=\"Tradycja i Wiara\" \/>\n<meta property=\"article:publisher\" content=\"https:\/\/www.facebook.com\/Tradycja-i-Wiara-108813920592249\" \/>\n<meta property=\"article:published_time\" content=\"2020-09-17T06:15:38+00:00\" \/>\n<meta property=\"article:modified_time\" content=\"2025-02-10T10:16:45+00:00\" \/>\n<meta property=\"og:image\" content=\"https:\/\/wobronietradycjiiwiary.com\/wp-content\/uploads\/2020\/09\/Hildegarda-1.png\" \/>\n\t<meta property=\"og:image:width\" content=\"523\" \/>\n\t<meta property=\"og:image:height\" content=\"640\" \/>\n\t<meta property=\"og:image:type\" content=\"image\/png\" \/>\n<meta name=\"author\" content=\"Traditio et Fides\" \/>\n<meta name=\"twitter:card\" content=\"summary_large_image\" \/>\n<meta name=\"twitter:label1\" content=\"Written by\" \/>\n\t<meta name=\"twitter:data1\" content=\"Traditio et Fides\" \/>\n\t<meta name=\"twitter:label2\" content=\"Est. reading time\" \/>\n\t<meta name=\"twitter:data2\" content=\"8 minutes\" \/>\n<script type=\"application\/ld+json\" class=\"yoast-schema-graph\">{\"@context\":\"https:\\\/\\\/schema.org\",\"@graph\":[{\"@type\":\"Article\",\"@id\":\"https:\\\/\\\/wobronietradycjiiwiary.com\\\/17-go-wrzesnia-zywot-swietej-hildegardy-ksieni\\\/#article\",\"isPartOf\":{\"@id\":\"https:\\\/\\\/wobronietradycjiiwiary.com\\\/17-go-wrzesnia-zywot-swietej-hildegardy-ksieni\\\/\"},\"author\":{\"name\":\"Traditio et Fides\",\"@id\":\"https:\\\/\\\/wobronietradycjiiwiary.com\\\/pl\\\/#\\\/schema\\\/person\\\/2d6180ce6abcb681fef0daab7816e8f3\"},\"headline\":\"17-go Wrze\u015bnia. \u017bywot \u015bwi\u0119tej Hildegardy, Ksieni.\",\"datePublished\":\"2020-09-17T06:15:38+00:00\",\"dateModified\":\"2025-02-10T10:16:45+00:00\",\"mainEntityOfPage\":{\"@id\":\"https:\\\/\\\/wobronietradycjiiwiary.com\\\/17-go-wrzesnia-zywot-swietej-hildegardy-ksieni\\\/\"},\"wordCount\":1669,\"commentCount\":0,\"publisher\":{\"@id\":\"https:\\\/\\\/wobronietradycjiiwiary.com\\\/pl\\\/#organization\"},\"image\":{\"@id\":\"https:\\\/\\\/wobronietradycjiiwiary.com\\\/17-go-wrzesnia-zywot-swietej-hildegardy-ksieni\\\/#primaryimage\"},\"thumbnailUrl\":\"https:\\\/\\\/wobronietradycjiiwiary.com\\\/wp-content\\\/uploads\\\/2020\\\/09\\\/Hildegarda-1.png\",\"keywords\":[\"\u015bw. Hildegarda\",\"\u015bwi\u0119te \u017ce\u0144skie\"],\"articleSection\":[\"09. \u015awi\u0119ta we wrze\u015bniu\",\"Duchowo\u015b\u0107\",\"Liturgia i liturgika\",\"Rok liturgiczny\",\"Rozwa\u017cania liturgiczne\",\"\u017be\u0144skie \u015bwi\u0119te\",\"\u017bywoty \u015awi\u0119tych\"],\"inLanguage\":\"en-US\",\"potentialAction\":[{\"@type\":\"CommentAction\",\"name\":\"Comment\",\"target\":[\"https:\\\/\\\/wobronietradycjiiwiary.com\\\/17-go-wrzesnia-zywot-swietej-hildegardy-ksieni\\\/#respond\"]}]},{\"@type\":\"WebPage\",\"@id\":\"https:\\\/\\\/wobronietradycjiiwiary.com\\\/17-go-wrzesnia-zywot-swietej-hildegardy-ksieni\\\/\",\"url\":\"https:\\\/\\\/wobronietradycjiiwiary.com\\\/17-go-wrzesnia-zywot-swietej-hildegardy-ksieni\\\/\",\"name\":\"17-go Wrze\u015bnia. \u017bywot \u015bwi\u0119tej Hildegardy, Ksieni. - Tradycja i Wiara\",\"isPartOf\":{\"@id\":\"https:\\\/\\\/wobronietradycjiiwiary.com\\\/pl\\\/#website\"},\"primaryImageOfPage\":{\"@id\":\"https:\\\/\\\/wobronietradycjiiwiary.com\\\/17-go-wrzesnia-zywot-swietej-hildegardy-ksieni\\\/#primaryimage\"},\"image\":{\"@id\":\"https:\\\/\\\/wobronietradycjiiwiary.com\\\/17-go-wrzesnia-zywot-swietej-hildegardy-ksieni\\\/#primaryimage\"},\"thumbnailUrl\":\"https:\\\/\\\/wobronietradycjiiwiary.com\\\/wp-content\\\/uploads\\\/2020\\\/09\\\/Hildegarda-1.png\",\"datePublished\":\"2020-09-17T06:15:38+00:00\",\"dateModified\":\"2025-02-10T10:16:45+00:00\",\"breadcrumb\":{\"@id\":\"https:\\\/\\\/wobronietradycjiiwiary.com\\\/17-go-wrzesnia-zywot-swietej-hildegardy-ksieni\\\/#breadcrumb\"},\"inLanguage\":\"en-US\",\"potentialAction\":[{\"@type\":\"ReadAction\",\"target\":[\"https:\\\/\\\/wobronietradycjiiwiary.com\\\/17-go-wrzesnia-zywot-swietej-hildegardy-ksieni\\\/\"]}]},{\"@type\":\"ImageObject\",\"inLanguage\":\"en-US\",\"@id\":\"https:\\\/\\\/wobronietradycjiiwiary.com\\\/17-go-wrzesnia-zywot-swietej-hildegardy-ksieni\\\/#primaryimage\",\"url\":\"https:\\\/\\\/wobronietradycjiiwiary.com\\\/wp-content\\\/uploads\\\/2020\\\/09\\\/Hildegarda-1.png\",\"contentUrl\":\"https:\\\/\\\/wobronietradycjiiwiary.com\\\/wp-content\\\/uploads\\\/2020\\\/09\\\/Hildegarda-1.png\",\"width\":523,\"height\":640},{\"@type\":\"BreadcrumbList\",\"@id\":\"https:\\\/\\\/wobronietradycjiiwiary.com\\\/17-go-wrzesnia-zywot-swietej-hildegardy-ksieni\\\/#breadcrumb\",\"itemListElement\":[{\"@type\":\"ListItem\",\"position\":1,\"name\":\"Strona g\u0142\u00f3wna\",\"item\":\"https:\\\/\\\/wobronietradycjiiwiary.com\\\/\"},{\"@type\":\"ListItem\",\"position\":2,\"name\":\"17-go Wrze\u015bnia. \u017bywot \u015bwi\u0119tej Hildegardy, Ksieni.\"}]},{\"@type\":\"WebSite\",\"@id\":\"https:\\\/\\\/wobronietradycjiiwiary.com\\\/pl\\\/#website\",\"url\":\"https:\\\/\\\/wobronietradycjiiwiary.com\\\/pl\\\/\",\"name\":\"Tradycja i Wiara\",\"description\":\"Portal dla katolik\u00f3w.\",\"publisher\":{\"@id\":\"https:\\\/\\\/wobronietradycjiiwiary.com\\\/pl\\\/#organization\"},\"potentialAction\":[{\"@type\":\"SearchAction\",\"target\":{\"@type\":\"EntryPoint\",\"urlTemplate\":\"https:\\\/\\\/wobronietradycjiiwiary.com\\\/pl\\\/?s={search_term_string}\"},\"query-input\":{\"@type\":\"PropertyValueSpecification\",\"valueRequired\":true,\"valueName\":\"search_term_string\"}}],\"inLanguage\":\"en-US\"},{\"@type\":\"Organization\",\"@id\":\"https:\\\/\\\/wobronietradycjiiwiary.com\\\/pl\\\/#organization\",\"name\":\"Tradycja i Wiara\",\"url\":\"https:\\\/\\\/wobronietradycjiiwiary.com\\\/pl\\\/\",\"logo\":{\"@type\":\"ImageObject\",\"inLanguage\":\"en-US\",\"@id\":\"https:\\\/\\\/wobronietradycjiiwiary.com\\\/pl\\\/#\\\/schema\\\/logo\\\/image\\\/\",\"url\":\"https:\\\/\\\/i0.wp.com\\\/wobronietradycjiiwiary.com\\\/wp-content\\\/uploads\\\/2015\\\/10\\\/cropped-st-peters-dome-vatican.jpg?fit=940%2C198&ssl=1\",\"contentUrl\":\"https:\\\/\\\/i0.wp.com\\\/wobronietradycjiiwiary.com\\\/wp-content\\\/uploads\\\/2015\\\/10\\\/cropped-st-peters-dome-vatican.jpg?fit=940%2C198&ssl=1\",\"width\":940,\"height\":198,\"caption\":\"Tradycja i Wiara\"},\"image\":{\"@id\":\"https:\\\/\\\/wobronietradycjiiwiary.com\\\/pl\\\/#\\\/schema\\\/logo\\\/image\\\/\"},\"sameAs\":[\"https:\\\/\\\/www.facebook.com\\\/Tradycja-i-Wiara-108813920592249\"]},{\"@type\":\"Person\",\"@id\":\"https:\\\/\\\/wobronietradycjiiwiary.com\\\/pl\\\/#\\\/schema\\\/person\\\/2d6180ce6abcb681fef0daab7816e8f3\",\"name\":\"Traditio et Fides\",\"sameAs\":[\"https:\\\/\\\/traditionundglauben.com\"],\"url\":\"https:\\\/\\\/wobronietradycjiiwiary.com\\\/en\\\/author\\\/wobronietradycjiiwiary\\\/\"}]}<\/script>\n<!-- \/ Yoast SEO plugin. -->","yoast_head_json":{"title":"17-go Wrze\u015bnia. \u017bywot \u015bwi\u0119tej Hildegardy, Ksieni. - Tradycja i Wiara","robots":{"index":"index","follow":"follow","max-snippet":"max-snippet:-1","max-image-preview":"max-image-preview:large","max-video-preview":"max-video-preview:-1"},"canonical":"https:\/\/wobronietradycjiiwiary.com\/en\/17-go-wrzesnia-zywot-swietej-hildegardy-ksieni\/","og_locale":"en_US","og_type":"article","og_title":"17-go Wrze\u015bnia. \u017bywot \u015bwi\u0119tej Hildegardy, Ksieni. - Tradycja i Wiara","og_description":"Benedykt XVI. wyni\u00f3s\u0142 \u015bw. Hildegard\u0119 do godno\u015bci Doktora Ko\u015bcio\u0142a, co zdaniem pisz\u0105cego te s\u0142owa, nie by\u0142o dobr\u0105 decyzj\u0105. \u015aw. Hildegarda w swojej bujnej wizjonerskiej literaturze inspiruje si\u0119 nie tylko neoplatonizmem, ale niestety tak\u017ce magi\u0105 i medycyn\u0105 ludow\u0105, o czym \u015bwiadczy jej nauka o ro\u015blinach i minera\u0142ach. Nic dziwnego, \u017ce dzi\u0119ki temu sta\u0142a si\u0119 ona mimowoln\u0105 [&hellip;]","og_url":"https:\/\/wobronietradycjiiwiary.com\/en\/17-go-wrzesnia-zywot-swietej-hildegardy-ksieni\/","og_site_name":"Tradycja i Wiara","article_publisher":"https:\/\/www.facebook.com\/Tradycja-i-Wiara-108813920592249","article_published_time":"2020-09-17T06:15:38+00:00","article_modified_time":"2025-02-10T10:16:45+00:00","og_image":[{"width":523,"height":640,"url":"https:\/\/wobronietradycjiiwiary.com\/wp-content\/uploads\/2020\/09\/Hildegarda-1.png","type":"image\/png"}],"author":"Traditio et Fides","twitter_card":"summary_large_image","twitter_misc":{"Written by":"Traditio et Fides","Est. reading time":"8 minutes"},"schema":{"@context":"https:\/\/schema.org","@graph":[{"@type":"Article","@id":"https:\/\/wobronietradycjiiwiary.com\/17-go-wrzesnia-zywot-swietej-hildegardy-ksieni\/#article","isPartOf":{"@id":"https:\/\/wobronietradycjiiwiary.com\/17-go-wrzesnia-zywot-swietej-hildegardy-ksieni\/"},"author":{"name":"Traditio et Fides","@id":"https:\/\/wobronietradycjiiwiary.com\/pl\/#\/schema\/person\/2d6180ce6abcb681fef0daab7816e8f3"},"headline":"17-go Wrze\u015bnia. \u017bywot \u015bwi\u0119tej Hildegardy, Ksieni.","datePublished":"2020-09-17T06:15:38+00:00","dateModified":"2025-02-10T10:16:45+00:00","mainEntityOfPage":{"@id":"https:\/\/wobronietradycjiiwiary.com\/17-go-wrzesnia-zywot-swietej-hildegardy-ksieni\/"},"wordCount":1669,"commentCount":0,"publisher":{"@id":"https:\/\/wobronietradycjiiwiary.com\/pl\/#organization"},"image":{"@id":"https:\/\/wobronietradycjiiwiary.com\/17-go-wrzesnia-zywot-swietej-hildegardy-ksieni\/#primaryimage"},"thumbnailUrl":"https:\/\/wobronietradycjiiwiary.com\/wp-content\/uploads\/2020\/09\/Hildegarda-1.png","keywords":["\u015bw. Hildegarda","\u015bwi\u0119te \u017ce\u0144skie"],"articleSection":["09. \u015awi\u0119ta we wrze\u015bniu","Duchowo\u015b\u0107","Liturgia i liturgika","Rok liturgiczny","Rozwa\u017cania liturgiczne","\u017be\u0144skie \u015bwi\u0119te","\u017bywoty \u015awi\u0119tych"],"inLanguage":"en-US","potentialAction":[{"@type":"CommentAction","name":"Comment","target":["https:\/\/wobronietradycjiiwiary.com\/17-go-wrzesnia-zywot-swietej-hildegardy-ksieni\/#respond"]}]},{"@type":"WebPage","@id":"https:\/\/wobronietradycjiiwiary.com\/17-go-wrzesnia-zywot-swietej-hildegardy-ksieni\/","url":"https:\/\/wobronietradycjiiwiary.com\/17-go-wrzesnia-zywot-swietej-hildegardy-ksieni\/","name":"17-go Wrze\u015bnia. \u017bywot \u015bwi\u0119tej Hildegardy, Ksieni. - Tradycja i Wiara","isPartOf":{"@id":"https:\/\/wobronietradycjiiwiary.com\/pl\/#website"},"primaryImageOfPage":{"@id":"https:\/\/wobronietradycjiiwiary.com\/17-go-wrzesnia-zywot-swietej-hildegardy-ksieni\/#primaryimage"},"image":{"@id":"https:\/\/wobronietradycjiiwiary.com\/17-go-wrzesnia-zywot-swietej-hildegardy-ksieni\/#primaryimage"},"thumbnailUrl":"https:\/\/wobronietradycjiiwiary.com\/wp-content\/uploads\/2020\/09\/Hildegarda-1.png","datePublished":"2020-09-17T06:15:38+00:00","dateModified":"2025-02-10T10:16:45+00:00","breadcrumb":{"@id":"https:\/\/wobronietradycjiiwiary.com\/17-go-wrzesnia-zywot-swietej-hildegardy-ksieni\/#breadcrumb"},"inLanguage":"en-US","potentialAction":[{"@type":"ReadAction","target":["https:\/\/wobronietradycjiiwiary.com\/17-go-wrzesnia-zywot-swietej-hildegardy-ksieni\/"]}]},{"@type":"ImageObject","inLanguage":"en-US","@id":"https:\/\/wobronietradycjiiwiary.com\/17-go-wrzesnia-zywot-swietej-hildegardy-ksieni\/#primaryimage","url":"https:\/\/wobronietradycjiiwiary.com\/wp-content\/uploads\/2020\/09\/Hildegarda-1.png","contentUrl":"https:\/\/wobronietradycjiiwiary.com\/wp-content\/uploads\/2020\/09\/Hildegarda-1.png","width":523,"height":640},{"@type":"BreadcrumbList","@id":"https:\/\/wobronietradycjiiwiary.com\/17-go-wrzesnia-zywot-swietej-hildegardy-ksieni\/#breadcrumb","itemListElement":[{"@type":"ListItem","position":1,"name":"Strona g\u0142\u00f3wna","item":"https:\/\/wobronietradycjiiwiary.com\/"},{"@type":"ListItem","position":2,"name":"17-go Wrze\u015bnia. \u017bywot \u015bwi\u0119tej Hildegardy, Ksieni."}]},{"@type":"WebSite","@id":"https:\/\/wobronietradycjiiwiary.com\/pl\/#website","url":"https:\/\/wobronietradycjiiwiary.com\/pl\/","name":"Tradycja i Wiara","description":"Portal dla katolik\u00f3w.","publisher":{"@id":"https:\/\/wobronietradycjiiwiary.com\/pl\/#organization"},"potentialAction":[{"@type":"SearchAction","target":{"@type":"EntryPoint","urlTemplate":"https:\/\/wobronietradycjiiwiary.com\/pl\/?s={search_term_string}"},"query-input":{"@type":"PropertyValueSpecification","valueRequired":true,"valueName":"search_term_string"}}],"inLanguage":"en-US"},{"@type":"Organization","@id":"https:\/\/wobronietradycjiiwiary.com\/pl\/#organization","name":"Tradycja i Wiara","url":"https:\/\/wobronietradycjiiwiary.com\/pl\/","logo":{"@type":"ImageObject","inLanguage":"en-US","@id":"https:\/\/wobronietradycjiiwiary.com\/pl\/#\/schema\/logo\/image\/","url":"https:\/\/i0.wp.com\/wobronietradycjiiwiary.com\/wp-content\/uploads\/2015\/10\/cropped-st-peters-dome-vatican.jpg?fit=940%2C198&ssl=1","contentUrl":"https:\/\/i0.wp.com\/wobronietradycjiiwiary.com\/wp-content\/uploads\/2015\/10\/cropped-st-peters-dome-vatican.jpg?fit=940%2C198&ssl=1","width":940,"height":198,"caption":"Tradycja i Wiara"},"image":{"@id":"https:\/\/wobronietradycjiiwiary.com\/pl\/#\/schema\/logo\/image\/"},"sameAs":["https:\/\/www.facebook.com\/Tradycja-i-Wiara-108813920592249"]},{"@type":"Person","@id":"https:\/\/wobronietradycjiiwiary.com\/pl\/#\/schema\/person\/2d6180ce6abcb681fef0daab7816e8f3","name":"Traditio et Fides","sameAs":["https:\/\/traditionundglauben.com"],"url":"https:\/\/wobronietradycjiiwiary.com\/en\/author\/wobronietradycjiiwiary\/"}]}},"jetpack_publicize_connections":[],"jetpack_sharing_enabled":true,"jetpack_likes_enabled":true,"jetpack_shortlink":"https:\/\/wp.me\/pc04Sd-9Cd","jetpack-related-posts":[{"id":62816,"url":"https:\/\/wobronietradycjiiwiary.com\/en\/czy-sw-ireneusz-z-lyonu-powinien-byc-doktorem-kosciola\/","url_meta":{"origin":36965,"position":0},"title":"Czy \u015bw. Ireneusz z Lyonu powinien by\u0107 Doktorem Ko\u015bcio\u0142a?","author":"Traditio et Fides","date":"3 March 2022","format":false,"excerpt":"\u015aw. Ireneusz na tytu\u0142 Doktora Ko\u015bcio\u0142a nie zas\u0142uguje, a wyniesienie go do tej godno\u015bci to kolejne hagan lio.","rel":"","context":"In &quot;Satanizm&quot;","block_context":{"text":"Satanizm","link":"https:\/\/wobronietradycjiiwiary.com\/en\/category\/polemika\/satanizm\/"},"img":{"alt_text":"","src":"https:\/\/i0.wp.com\/wobronietradycjiiwiary.com\/wp-content\/uploads\/2022\/03\/Irenaeus_1.jpg?resize=350%2C200&ssl=1","width":350,"height":200},"classes":[]},{"id":51372,"url":"https:\/\/wobronietradycjiiwiary.com\/en\/17-go-wrzesnia-zywot-swietej-hildegardy-ksieni-3\/","url_meta":{"origin":36965,"position":1},"title":"17-go Wrze\u015bnia. \u017bywot \u015bwi\u0119tej Hildegardy, Ksieni.","author":"Traditio et Fides","date":"17 September 2021","format":false,"excerpt":"Benedykt XVI. wyni\u00f3s\u0142 \u015bw. Hildegard\u0119 do godno\u015bci Doktora Ko\u015bcio\u0142a, co zdaniem pisz\u0105cego te s\u0142owa, nie by\u0142o dobr\u0105 decyzj\u0105. \u015aw. Hildegarda w swojej bujnej wizjonerskiej literaturze inspiruje si\u0119 nie tylko neoplatonizmem, ale niestety tak\u017ce magi\u0105 i medycyn\u0105 ludow\u0105, o czym \u015bwiadczy jej nauka o ro\u015blinach i minera\u0142ach. Nic dziwnego, \u017ce dzi\u0119ki\u2026","rel":"","context":"In &quot;09. \u015awi\u0119ta we wrze\u015bniu&quot;","block_context":{"text":"09. \u015awi\u0119ta we wrze\u015bniu","link":"https:\/\/wobronietradycjiiwiary.com\/en\/category\/duchowosc\/liturgia-i-liturgika\/rozwazania\/rok-liturgiczny\/swieta-we-wrzesniu\/"},"img":{"alt_text":"","src":"https:\/\/i0.wp.com\/wobronietradycjiiwiary.com\/wp-content\/uploads\/2020\/09\/Hildegarda-1.png?resize=350%2C200&ssl=1","width":350,"height":200},"classes":[]},{"id":36969,"url":"https:\/\/wobronietradycjiiwiary.com\/en\/17-go-wrzesnia-zywot-swietej-hildegardy-ksieni-2\/","url_meta":{"origin":36965,"position":2},"title":"17-go Wrze\u015bnia. \u017bywot \u015bwi\u0119tej Hildegardy, Ksieni.","author":"Traditio et Fides","date":"17 September 2022","format":false,"excerpt":"Benedykt XVI. wyni\u00f3s\u0142 \u015bw. Hildegard\u0119 do godno\u015bci Doktora Ko\u015bcio\u0142a, co zdaniem pisz\u0105cego te s\u0142owa, nie by\u0142o dobr\u0105 decyzj\u0105. \u015aw. Hildegarda w swojej bujnej wizjonerskiej literaturze inspiruje si\u0119 nie tylko neoplatonizmem, ale niestety tak\u017ce magi\u0105 i medycyn\u0105 ludow\u0105, o czym \u015bwiadczy jej nauka o ro\u015blinach i minera\u0142ach. Nic dziwnego, \u017ce dzi\u0119ki\u2026","rel":"","context":"In &quot;09. \u015awi\u0119ta we wrze\u015bniu&quot;","block_context":{"text":"09. \u015awi\u0119ta we wrze\u015bniu","link":"https:\/\/wobronietradycjiiwiary.com\/en\/category\/duchowosc\/liturgia-i-liturgika\/rozwazania\/rok-liturgiczny\/swieta-we-wrzesniu\/"},"img":{"alt_text":"","src":"","width":0,"height":0},"classes":[]},{"id":149331,"url":"https:\/\/wobronietradycjiiwiary.com\/en\/czy-newman-powinien-zostac-doktorem-kosciola\/","url_meta":{"origin":36965,"position":3},"title":"Czy Newman powinien zosta\u0107 Doktorem Ko\u015bcio\u0142a?","author":"Traditio et Fides","date":"4 August 2025","format":false,"excerpt":"O posobo","rel":"","context":"In &quot;5. Leon XIV&quot;","block_context":{"text":"5. Leon XIV","link":"https:\/\/wobronietradycjiiwiary.com\/en\/category\/polemika\/kosciol-posoborowy\/papieze\/leon-xiv\/"},"img":{"alt_text":"","src":"https:\/\/i0.wp.com\/wobronietradycjiiwiary.com\/wp-content\/uploads\/2025\/08\/Doktorzy.jpeg?resize=350%2C200&ssl=1","width":350,"height":200,"srcset":"https:\/\/i0.wp.com\/wobronietradycjiiwiary.com\/wp-content\/uploads\/2025\/08\/Doktorzy.jpeg?resize=350%2C200&ssl=1 1x, https:\/\/i0.wp.com\/wobronietradycjiiwiary.com\/wp-content\/uploads\/2025\/08\/Doktorzy.jpeg?resize=525%2C300&ssl=1 1.5x, https:\/\/i0.wp.com\/wobronietradycjiiwiary.com\/wp-content\/uploads\/2025\/08\/Doktorzy.jpeg?resize=700%2C400&ssl=1 2x, https:\/\/i0.wp.com\/wobronietradycjiiwiary.com\/wp-content\/uploads\/2025\/08\/Doktorzy.jpeg?resize=1050%2C600&ssl=1 3x"},"classes":[]},{"id":120499,"url":"https:\/\/wobronietradycjiiwiary.com\/en\/17-go-wrzesnia-zywot-swietej-hildegardy-ksieni-2-2-2\/","url_meta":{"origin":36965,"position":4},"title":"17-go Wrze\u015bnia. \u017bywot \u015bwi\u0119tej Hildegardy, Ksieni.","author":"Traditio et Fides","date":"17 September 2024","format":false,"excerpt":"Benedykt XVI. wyni\u00f3s\u0142 \u015bw. Hildegard\u0119 do godno\u015bci Doktora Ko\u015bcio\u0142a, co zdaniem pisz\u0105cego te s\u0142owa, nie by\u0142o dobr\u0105 decyzj\u0105. \u015aw. Hildegarda w swojej bujnej wizjonerskiej literaturze inspiruje si\u0119 nie tylko neoplatonizmem, ale niestety tak\u017ce magi\u0105 i medycyn\u0105 ludow\u0105, o czym \u015bwiadczy jej nauka o ro\u015blinach i minera\u0142ach. Nic dziwnego, \u017ce dzi\u0119ki\u2026","rel":"","context":"In &quot;09. \u015awi\u0119ta we wrze\u015bniu&quot;","block_context":{"text":"09. \u015awi\u0119ta we wrze\u015bniu","link":"https:\/\/wobronietradycjiiwiary.com\/en\/category\/duchowosc\/liturgia-i-liturgika\/rozwazania\/rok-liturgiczny\/swieta-we-wrzesniu\/"},"img":{"alt_text":"","src":"","width":0,"height":0},"classes":[]},{"id":152195,"url":"https:\/\/wobronietradycjiiwiary.com\/en\/17-go-wrzesnia-zywot-swietej-hildegardy-ksieni-2-2-2-2\/","url_meta":{"origin":36965,"position":5},"title":"17-go Wrze\u015bnia. \u017bywot \u015bwi\u0119tej Hildegardy, Ksieni.","author":"Traditio et Fides","date":"17 September 2025","format":false,"excerpt":"Benedykt XVI. wyni\u00f3s\u0142 \u015bw. Hildegard\u0119 do godno\u015bci Doktora Ko\u015bcio\u0142a, co zdaniem pisz\u0105cego te s\u0142owa, nie by\u0142o dobr\u0105 decyzj\u0105. \u015aw. Hildegarda w swojej bujnej wizjonerskiej literaturze inspiruje si\u0119 nie tylko neoplatonizmem, ale niestety tak\u017ce magi\u0105 i medycyn\u0105 ludow\u0105, o czym \u015bwiadczy jej nauka o ro\u015blinach i minera\u0142ach. Nic dziwnego, \u017ce dzi\u0119ki\u2026","rel":"","context":"In &quot;09. \u015awi\u0119ta we wrze\u015bniu&quot;","block_context":{"text":"09. \u015awi\u0119ta we wrze\u015bniu","link":"https:\/\/wobronietradycjiiwiary.com\/en\/category\/duchowosc\/liturgia-i-liturgika\/rozwazania\/rok-liturgiczny\/swieta-we-wrzesniu\/"},"img":{"alt_text":"","src":"","width":0,"height":0},"classes":[]}],"amp_enabled":true,"jetpack_featured_media_url":"https:\/\/wobronietradycjiiwiary.com\/wp-content\/uploads\/2020\/09\/Hildegarda-1.png","_links":{"self":[{"href":"https:\/\/wobronietradycjiiwiary.com\/en\/wp-json\/wp\/v2\/posts\/36965","targetHints":{"allow":["GET"]}}],"collection":[{"href":"https:\/\/wobronietradycjiiwiary.com\/en\/wp-json\/wp\/v2\/posts"}],"about":[{"href":"https:\/\/wobronietradycjiiwiary.com\/en\/wp-json\/wp\/v2\/types\/post"}],"author":[{"embeddable":true,"href":"https:\/\/wobronietradycjiiwiary.com\/en\/wp-json\/wp\/v2\/users\/60508433"}],"replies":[{"embeddable":true,"href":"https:\/\/wobronietradycjiiwiary.com\/en\/wp-json\/wp\/v2\/comments?post=36965"}],"version-history":[{"count":1,"href":"https:\/\/wobronietradycjiiwiary.com\/en\/wp-json\/wp\/v2\/posts\/36965\/revisions"}],"predecessor-version":[{"id":73635,"href":"https:\/\/wobronietradycjiiwiary.com\/en\/wp-json\/wp\/v2\/posts\/36965\/revisions\/73635"}],"wp:featuredmedia":[{"embeddable":true,"href":"https:\/\/wobronietradycjiiwiary.com\/en\/wp-json\/wp\/v2\/media\/37239"}],"wp:attachment":[{"href":"https:\/\/wobronietradycjiiwiary.com\/en\/wp-json\/wp\/v2\/media?parent=36965"}],"wp:term":[{"taxonomy":"category","embeddable":true,"href":"https:\/\/wobronietradycjiiwiary.com\/en\/wp-json\/wp\/v2\/categories?post=36965"},{"taxonomy":"post_tag","embeddable":true,"href":"https:\/\/wobronietradycjiiwiary.com\/en\/wp-json\/wp\/v2\/tags?post=36965"}],"curies":[{"name":"wp","href":"https:\/\/api.w.org\/{rel}","templated":true}]}}