{"id":36400,"date":"2020-10-20T08:00:00","date_gmt":"2020-10-20T06:00:00","guid":{"rendered":"https:\/\/wobronietradycjiiwiary.com\/?p=36400"},"modified":"2025-09-27T13:22:03","modified_gmt":"2025-09-27T11:22:03","slug":"munus-ministerium-lub-raz-jeszcze-o-rezygnacji-benedykta-ratzinger-o-papiestwie-v-ratzinger-o-papiestwie-13-z-14","status":"publish","type":"post","link":"https:\/\/wobronietradycjiiwiary.com\/en\/munus-ministerium-lub-raz-jeszcze-o-rezygnacji-benedykta-ratzinger-o-papiestwie-v-ratzinger-o-papiestwie-13-z-14\/","title":{"rendered":"Munus, ministerium lub raz jeszcze o rezygnacji Benedykta. Ratzinger o papiestwie (v) Ratzinger o papiestwie (14 z 14)"},"content":{"rendered":"<div id=\"bsf_rt_marker\"><\/div><p>\u201eB\u00f3g i \u015bwiat\u201d wywiad Kardyna\u0142a z Peterem Seewaldem W ksi\u0105\u017cce-wywiadzie z Seewaldem z 2000 roku p.t \u201eB\u00f3g i \u015bwiat. Wiara&hellip;<\/p>\n<div style=\"text-align: center\">\n<p>&nbsp;<\/p>\n<\/div>\n<h2 style=\"border: 5px solid #0000A0;padding: 1em;text-align: center\"><span style=\"color: #000000\">Pe\u0142en dost\u0119p dla <span style=\"color: #00ccff\"><a style=\"color: #00ccff\" href=\"https:\/\/wobronietradycjiiwiary.com\/en\/subskrypcje-2\/\" target=\"_blank\" rel=\"noopener\">subskrybent\u00f3w<\/a><\/span>.<\/span><br \/>\n<span style=\"color: #3366ff\"><a style=\"color: #3366ff\" href=\"https:\/\/wobronietradycjiiwiary.com\/en\/account\/login\/\" target=\"_blank\" rel=\"noopener\"><span style=\"color: #00ccff\">Zaloguj<\/span><\/a> <\/span>si\u0119 lub przejd\u017a do <a href=\"https:\/\/wobronietradycjiiwiary.com\/en\/register\/\"><span style=\"color: #3366ff\">Rejestracji<\/span><\/a>.<\/h2>\n<div>\n<p style=\"text-align: center\"><a href=\"https:\/\/wobronietradycjiiwiary.com\/en\/subskrypcje-2\/cennik\/\" target=\"_blank\" rel=\"noopener\"><span style=\"color: #000080;font-size: 24pt\"><strong>Nowe ni\u017csze ceny<\/strong><\/span><\/a><\/p>\n<p style=\"text-align: center\"><strong><span style=\"font-size: 18pt;color: #000080\">P\u0142atno\u015b\u0107 kart\u0105<\/span><\/strong><\/p>\n<\/div>\n<h3 style=\"text-align: center\"><a href=\"https:\/\/wobronietradycjiiwiary.com\/en\/subskrypcje-2\/automatyczne\/indywidualne\/\" target=\"_blank\" rel=\"noopener\"><img fetchpriority=\"high\" decoding=\"async\" class=\"alignnone size-medium wp-image-80433\" src=\"https:\/\/wobronietradycjiiwiary.com\/wp-content\/uploads\/2022\/11\/Unbenannt-1-Online-1-300x202.jpg\" alt=\"\" width=\"300\" height=\"202\" srcset=\"https:\/\/wobronietradycjiiwiary.com\/wp-content\/uploads\/2022\/11\/Unbenannt-1-Online-1-300x202.jpg 300w, https:\/\/wobronietradycjiiwiary.com\/wp-content\/uploads\/2022\/11\/Unbenannt-1-Online-1-150x101.jpg 150w, https:\/\/wobronietradycjiiwiary.com\/wp-content\/uploads\/2022\/11\/Unbenannt-1-Online-1-18x12.jpg 18w, https:\/\/wobronietradycjiiwiary.com\/wp-content\/uploads\/2022\/11\/Unbenannt-1-Online-1.jpg 446w\" sizes=\"(max-width: 300px) 100vw, 300px\" \/><\/a><\/h3>\n<p style=\"text-align: center\"><strong><span style=\"font-size: 18pt;color: #000080\">P\u0142atno\u015b\u0107 przelewem<\/span><\/strong><\/p>\n<p><a href=\"https:\/\/wobronietradycjiiwiary.com\/en\/subskrypcje-2\/automatyczne\/indywidualne\/\" target=\"_blank\" rel=\"noopener\"><img decoding=\"async\" class=\"size-medium wp-image-80434 aligncenter\" src=\"https:\/\/wobronietradycjiiwiary.com\/wp-content\/uploads\/2022\/11\/Unbenannt-1-Przelewem-300x137.jpg\" alt=\"\" width=\"300\" height=\"137\" srcset=\"https:\/\/wobronietradycjiiwiary.com\/wp-content\/uploads\/2022\/11\/Unbenannt-1-Przelewem-300x137.jpg 300w, https:\/\/wobronietradycjiiwiary.com\/wp-content\/uploads\/2022\/11\/Unbenannt-1-Przelewem-450x206.jpg 450w, https:\/\/wobronietradycjiiwiary.com\/wp-content\/uploads\/2022\/11\/Unbenannt-1-Przelewem-600x274.jpg 600w, https:\/\/wobronietradycjiiwiary.com\/wp-content\/uploads\/2022\/11\/Unbenannt-1-Przelewem-150x69.jpg 150w, https:\/\/wobronietradycjiiwiary.com\/wp-content\/uploads\/2022\/11\/Unbenannt-1-Przelewem-18x8.jpg 18w, https:\/\/wobronietradycjiiwiary.com\/wp-content\/uploads\/2022\/11\/Unbenannt-1-Przelewem.jpg 676w\" sizes=\"(max-width: 300px) 100vw, 300px\" \/><\/a><\/p>\n<p style=\"text-align: center\"><strong><span style=\"font-size: 18pt;color: #000080\">P\u0142atno\u015b\u0107 kart\u0105 do 6 os\u00f3b<\/span><\/strong><\/p>\n<p><a href=\"https:\/\/wobronietradycjiiwiary.com\/en\/rodzinne\/\" target=\"_blank\" rel=\"noopener\"><img decoding=\"async\" class=\"size-medium wp-image-80435 aligncenter\" src=\"https:\/\/wobronietradycjiiwiary.com\/wp-content\/uploads\/2022\/11\/Unbenannt-1-Rodzinna-300x208.jpg\" alt=\"\" width=\"300\" height=\"208\" srcset=\"https:\/\/wobronietradycjiiwiary.com\/wp-content\/uploads\/2022\/11\/Unbenannt-1-Rodzinna-300x208.jpg 300w, https:\/\/wobronietradycjiiwiary.com\/wp-content\/uploads\/2022\/11\/Unbenannt-1-Rodzinna-150x104.jpg 150w, https:\/\/wobronietradycjiiwiary.com\/wp-content\/uploads\/2022\/11\/Unbenannt-1-Rodzinna-18x12.jpg 18w, https:\/\/wobronietradycjiiwiary.com\/wp-content\/uploads\/2022\/11\/Unbenannt-1-Rodzinna.jpg 448w\" sizes=\"(max-width: 300px) 100vw, 300px\" \/><\/a><\/p>\n<h3 style=\"text-align: center\"><\/h3>\n<h1 style=\"text-align: center\"><\/h1>","protected":false},"excerpt":{"rendered":"<p>\u201eB\u00f3g i \u015bwiat\u201d wywiad Kardyna\u0142a z Peterem Seewaldem W ksi\u0105\u017cce-wywiadzie z Seewaldem z 2000 roku p.t \u201eB\u00f3g i \u015bwiat. Wiara&hellip; &nbsp; Pe\u0142en dost\u0119p dla subskrybent\u00f3w. Zaloguj si\u0119 lub przejd\u017a do Rejestracji. Nowe ni\u017csze ceny P\u0142atno\u015b\u0107 kart\u0105 P\u0142atno\u015b\u0107 przelewem P\u0142atno\u015b\u0107 kart\u0105 do 6 os\u00f3b<\/p>","protected":false},"author":60508433,"featured_media":36341,"comment_status":"open","ping_status":"closed","sticky":false,"template":"","format":"standard","meta":{"_bbp_topic_count":0,"_bbp_reply_count":0,"_bbp_total_topic_count":0,"_bbp_total_reply_count":0,"_bbp_voice_count":0,"_bbp_anonymous_reply_count":0,"_bbp_topic_count_hidden":0,"_bbp_reply_count_hidden":0,"_bbp_forum_subforum_count":0,"_editorskit_title_hidden":false,"_editorskit_reading_time":0,"_editorskit_is_block_options_detached":false,"_editorskit_block_options_position":"{}","_coblocks_attr":"","_coblocks_dimensions":"","_coblocks_responsive_height":"","_coblocks_accordion_ie_support":"","_exactmetrics_skip_tracking":false,"_jetpack_newsletter_access":"","_jetpack_dont_email_post_to_subs":false,"_jetpack_newsletter_tier_id":0,"_jetpack_memberships_contains_paywalled_content":false,"_wpcom_ai_launchpad_first_post":false,"_jetpack_feature_clip_id":0,"_jetpack_memberships_contains_paid_content":false,"footnotes":"","jetpack_publicize_message":"{title}\n\n{excerpt}\n\n{url}","jetpack_publicize_feature_enabled":true,"jetpack_social_post_already_shared":true,"jetpack_social_options":{"image_generator_settings":{"template":"highway","default_image_id":0,"font":"","enabled":false},"version":2},"_wpas_customize_per_network":false,"jetpack_post_was_ever_published":false},"categories":[610133584,610131850],"tags":[143825880,610131498,610131486,610131849,610132133],"class_list":["post-36400","post","type-post","status-publish","format-standard","has-post-thumbnail","hentry","category-b-xvi-abdykacja","category-munus-i-ministerium","tag-abdykacja-benedykta-xvi","tag-papiestwo","tag-prymat-papieski","tag-ratzinger-o-papiestwie","tag-restricted"],"yoast_head":"<!-- This site is optimized with the Yoast SEO plugin v28.4 - https:\/\/yoast.com\/product\/yoast-seo-wordpress\/ -->\n<title>Munus, ministerium lub raz jeszcze o rezygnacji Benedykta. Ratzinger o papiestwie (v) Ratzinger o papiestwie (14 z 14) - Tradycja i Wiara<\/title>\n<meta name=\"robots\" content=\"index, follow, max-snippet:-1, max-image-preview:large, max-video-preview:-1\" \/>\n<link rel=\"canonical\" href=\"https:\/\/wobronietradycjiiwiary.com\/en\/munus-ministerium-lub-raz-jeszcze-o-rezygnacji-benedykta-ratzinger-o-papiestwie-v-ratzinger-o-papiestwie-13-z-14\/\" \/>\n<meta property=\"og:locale\" content=\"en_US\" \/>\n<meta property=\"og:type\" content=\"article\" \/>\n<meta property=\"og:title\" content=\"Munus, ministerium lub raz jeszcze o rezygnacji Benedykta. Ratzinger o papiestwie (v) Ratzinger o papiestwie (14 z 14) - Tradycja i Wiara\" \/>\n<meta property=\"og:description\" content=\"\u201eB\u00f3g i \u015bwiat\u201d wywiad Kardyna\u0142a z Peterem Seewaldem W ksi\u0105\u017cce-wywiadzie z Seewaldem z 2000 roku p.t \u201eB\u00f3g i \u015bwiat. Wiara&hellip; &nbsp; Pe\u0142en dost\u0119p dla subskrybent\u00f3w. Zaloguj si\u0119 lub przejd\u017a do Rejestracji. Nowe ni\u017csze ceny P\u0142atno\u015b\u0107 kart\u0105 P\u0142atno\u015b\u0107 przelewem P\u0142atno\u015b\u0107 kart\u0105 do 6 os\u00f3b\" \/>\n<meta property=\"og:url\" content=\"https:\/\/wobronietradycjiiwiary.com\/en\/munus-ministerium-lub-raz-jeszcze-o-rezygnacji-benedykta-ratzinger-o-papiestwie-v-ratzinger-o-papiestwie-13-z-14\/\" \/>\n<meta property=\"og:site_name\" content=\"Tradycja i Wiara\" \/>\n<meta property=\"article:publisher\" content=\"https:\/\/www.facebook.com\/Tradycja-i-Wiara-108813920592249\" \/>\n<meta property=\"article:published_time\" content=\"2020-10-20T06:00:00+00:00\" \/>\n<meta property=\"article:modified_time\" content=\"2025-09-27T11:22:03+00:00\" \/>\n<meta property=\"og:image\" content=\"https:\/\/wobronietradycjiiwiary.com\/wp-content\/uploads\/2020\/08\/55964fe89b88629484f8a2f799bb6bf9-medieval-manuscript-medieval-art.jpg\" \/>\n\t<meta property=\"og:image:width\" content=\"500\" \/>\n\t<meta property=\"og:image:height\" content=\"377\" \/>\n\t<meta property=\"og:image:type\" content=\"image\/jpeg\" \/>\n<meta name=\"author\" content=\"Traditio et Fides\" \/>\n<meta name=\"twitter:card\" content=\"summary_large_image\" \/>\n<meta name=\"twitter:label1\" content=\"Written by\" \/>\n\t<meta name=\"twitter:data1\" content=\"Traditio et Fides\" \/>\n\t<meta name=\"twitter:label2\" content=\"Est. reading time\" \/>\n\t<meta name=\"twitter:data2\" content=\"4 minutes\" \/>\n<script type=\"application\/ld+json\" class=\"yoast-schema-graph\">{\"@context\":\"https:\\\/\\\/schema.org\",\"@graph\":[{\"@type\":\"Article\",\"@id\":\"https:\\\/\\\/wobronietradycjiiwiary.com\\\/munus-ministerium-lub-raz-jeszcze-o-rezygnacji-benedykta-ratzinger-o-papiestwie-v-ratzinger-o-papiestwie-13-z-14\\\/#article\",\"isPartOf\":{\"@id\":\"https:\\\/\\\/wobronietradycjiiwiary.com\\\/munus-ministerium-lub-raz-jeszcze-o-rezygnacji-benedykta-ratzinger-o-papiestwie-v-ratzinger-o-papiestwie-13-z-14\\\/\"},\"author\":{\"name\":\"Traditio et Fides\",\"@id\":\"https:\\\/\\\/wobronietradycjiiwiary.com\\\/pl\\\/#\\\/schema\\\/person\\\/2d6180ce6abcb681fef0daab7816e8f3\"},\"headline\":\"Munus, ministerium lub raz jeszcze o rezygnacji Benedykta. Ratzinger o papiestwie (v) Ratzinger o papiestwie (14 z 14)\",\"datePublished\":\"2020-10-20T06:00:00+00:00\",\"dateModified\":\"2025-09-27T11:22:03+00:00\",\"mainEntityOfPage\":{\"@id\":\"https:\\\/\\\/wobronietradycjiiwiary.com\\\/munus-ministerium-lub-raz-jeszcze-o-rezygnacji-benedykta-ratzinger-o-papiestwie-v-ratzinger-o-papiestwie-13-z-14\\\/\"},\"wordCount\":882,\"commentCount\":0,\"publisher\":{\"@id\":\"https:\\\/\\\/wobronietradycjiiwiary.com\\\/pl\\\/#organization\"},\"image\":{\"@id\":\"https:\\\/\\\/wobronietradycjiiwiary.com\\\/munus-ministerium-lub-raz-jeszcze-o-rezygnacji-benedykta-ratzinger-o-papiestwie-v-ratzinger-o-papiestwie-13-z-14\\\/#primaryimage\"},\"thumbnailUrl\":\"https:\\\/\\\/wobronietradycjiiwiary.com\\\/wp-content\\\/uploads\\\/2020\\\/08\\\/55964fe89b88629484f8a2f799bb6bf9-medieval-manuscript-medieval-art.jpg\",\"keywords\":[\"abdykacja Benedykta XVI\",\"papiestwo\",\"prymat papieski\",\"Ratzinger o papiestwie\",\"Restricted\"],\"articleSection\":[\"B XVI abdykacja\",\"Munus i ministerium\"],\"inLanguage\":\"en-US\",\"potentialAction\":[{\"@type\":\"CommentAction\",\"name\":\"Comment\",\"target\":[\"https:\\\/\\\/wobronietradycjiiwiary.com\\\/munus-ministerium-lub-raz-jeszcze-o-rezygnacji-benedykta-ratzinger-o-papiestwie-v-ratzinger-o-papiestwie-13-z-14\\\/#respond\"]}]},{\"@type\":\"WebPage\",\"@id\":\"https:\\\/\\\/wobronietradycjiiwiary.com\\\/munus-ministerium-lub-raz-jeszcze-o-rezygnacji-benedykta-ratzinger-o-papiestwie-v-ratzinger-o-papiestwie-13-z-14\\\/\",\"url\":\"https:\\\/\\\/wobronietradycjiiwiary.com\\\/munus-ministerium-lub-raz-jeszcze-o-rezygnacji-benedykta-ratzinger-o-papiestwie-v-ratzinger-o-papiestwie-13-z-14\\\/\",\"name\":\"Munus, ministerium lub raz jeszcze o rezygnacji Benedykta. Ratzinger o papiestwie (v) Ratzinger o papiestwie (14 z 14) - Tradycja i Wiara\",\"isPartOf\":{\"@id\":\"https:\\\/\\\/wobronietradycjiiwiary.com\\\/pl\\\/#website\"},\"primaryImageOfPage\":{\"@id\":\"https:\\\/\\\/wobronietradycjiiwiary.com\\\/munus-ministerium-lub-raz-jeszcze-o-rezygnacji-benedykta-ratzinger-o-papiestwie-v-ratzinger-o-papiestwie-13-z-14\\\/#primaryimage\"},\"image\":{\"@id\":\"https:\\\/\\\/wobronietradycjiiwiary.com\\\/munus-ministerium-lub-raz-jeszcze-o-rezygnacji-benedykta-ratzinger-o-papiestwie-v-ratzinger-o-papiestwie-13-z-14\\\/#primaryimage\"},\"thumbnailUrl\":\"https:\\\/\\\/wobronietradycjiiwiary.com\\\/wp-content\\\/uploads\\\/2020\\\/08\\\/55964fe89b88629484f8a2f799bb6bf9-medieval-manuscript-medieval-art.jpg\",\"datePublished\":\"2020-10-20T06:00:00+00:00\",\"dateModified\":\"2025-09-27T11:22:03+00:00\",\"breadcrumb\":{\"@id\":\"https:\\\/\\\/wobronietradycjiiwiary.com\\\/munus-ministerium-lub-raz-jeszcze-o-rezygnacji-benedykta-ratzinger-o-papiestwie-v-ratzinger-o-papiestwie-13-z-14\\\/#breadcrumb\"},\"inLanguage\":\"en-US\",\"potentialAction\":[{\"@type\":\"ReadAction\",\"target\":[\"https:\\\/\\\/wobronietradycjiiwiary.com\\\/munus-ministerium-lub-raz-jeszcze-o-rezygnacji-benedykta-ratzinger-o-papiestwie-v-ratzinger-o-papiestwie-13-z-14\\\/\"]}]},{\"@type\":\"ImageObject\",\"inLanguage\":\"en-US\",\"@id\":\"https:\\\/\\\/wobronietradycjiiwiary.com\\\/munus-ministerium-lub-raz-jeszcze-o-rezygnacji-benedykta-ratzinger-o-papiestwie-v-ratzinger-o-papiestwie-13-z-14\\\/#primaryimage\",\"url\":\"https:\\\/\\\/wobronietradycjiiwiary.com\\\/wp-content\\\/uploads\\\/2020\\\/08\\\/55964fe89b88629484f8a2f799bb6bf9-medieval-manuscript-medieval-art.jpg\",\"contentUrl\":\"https:\\\/\\\/wobronietradycjiiwiary.com\\\/wp-content\\\/uploads\\\/2020\\\/08\\\/55964fe89b88629484f8a2f799bb6bf9-medieval-manuscript-medieval-art.jpg\",\"width\":500,\"height\":377},{\"@type\":\"BreadcrumbList\",\"@id\":\"https:\\\/\\\/wobronietradycjiiwiary.com\\\/munus-ministerium-lub-raz-jeszcze-o-rezygnacji-benedykta-ratzinger-o-papiestwie-v-ratzinger-o-papiestwie-13-z-14\\\/#breadcrumb\",\"itemListElement\":[{\"@type\":\"ListItem\",\"position\":1,\"name\":\"Strona g\u0142\u00f3wna\",\"item\":\"https:\\\/\\\/wobronietradycjiiwiary.com\\\/\"},{\"@type\":\"ListItem\",\"position\":2,\"name\":\"Munus, ministerium lub raz jeszcze o rezygnacji Benedykta. Ratzinger o papiestwie (v) Ratzinger o papiestwie (14 z 14)\"}]},{\"@type\":\"WebSite\",\"@id\":\"https:\\\/\\\/wobronietradycjiiwiary.com\\\/pl\\\/#website\",\"url\":\"https:\\\/\\\/wobronietradycjiiwiary.com\\\/pl\\\/\",\"name\":\"Tradycja i Wiara\",\"description\":\"Portal dla katolik\u00f3w.\",\"publisher\":{\"@id\":\"https:\\\/\\\/wobronietradycjiiwiary.com\\\/pl\\\/#organization\"},\"potentialAction\":[{\"@type\":\"SearchAction\",\"target\":{\"@type\":\"EntryPoint\",\"urlTemplate\":\"https:\\\/\\\/wobronietradycjiiwiary.com\\\/pl\\\/?s={search_term_string}\"},\"query-input\":{\"@type\":\"PropertyValueSpecification\",\"valueRequired\":true,\"valueName\":\"search_term_string\"}}],\"inLanguage\":\"en-US\"},{\"@type\":\"Organization\",\"@id\":\"https:\\\/\\\/wobronietradycjiiwiary.com\\\/pl\\\/#organization\",\"name\":\"Tradycja i Wiara\",\"url\":\"https:\\\/\\\/wobronietradycjiiwiary.com\\\/pl\\\/\",\"logo\":{\"@type\":\"ImageObject\",\"inLanguage\":\"en-US\",\"@id\":\"https:\\\/\\\/wobronietradycjiiwiary.com\\\/pl\\\/#\\\/schema\\\/logo\\\/image\\\/\",\"url\":\"https:\\\/\\\/i0.wp.com\\\/wobronietradycjiiwiary.com\\\/wp-content\\\/uploads\\\/2015\\\/10\\\/cropped-st-peters-dome-vatican.jpg?fit=940%2C198&ssl=1\",\"contentUrl\":\"https:\\\/\\\/i0.wp.com\\\/wobronietradycjiiwiary.com\\\/wp-content\\\/uploads\\\/2015\\\/10\\\/cropped-st-peters-dome-vatican.jpg?fit=940%2C198&ssl=1\",\"width\":940,\"height\":198,\"caption\":\"Tradycja i Wiara\"},\"image\":{\"@id\":\"https:\\\/\\\/wobronietradycjiiwiary.com\\\/pl\\\/#\\\/schema\\\/logo\\\/image\\\/\"},\"sameAs\":[\"https:\\\/\\\/www.facebook.com\\\/Tradycja-i-Wiara-108813920592249\"]},{\"@type\":\"Person\",\"@id\":\"https:\\\/\\\/wobronietradycjiiwiary.com\\\/pl\\\/#\\\/schema\\\/person\\\/2d6180ce6abcb681fef0daab7816e8f3\",\"name\":\"Traditio et Fides\",\"sameAs\":[\"https:\\\/\\\/traditionundglauben.com\"],\"url\":\"https:\\\/\\\/wobronietradycjiiwiary.com\\\/en\\\/author\\\/wobronietradycjiiwiary\\\/\"}]}<\/script>\n<!-- \/ Yoast SEO plugin. -->","yoast_head_json":{"title":"Munus, ministerium lub raz jeszcze o rezygnacji Benedykta. Ratzinger o papiestwie (v) Ratzinger o papiestwie (14 z 14) - Tradycja i Wiara","robots":{"index":"index","follow":"follow","max-snippet":"max-snippet:-1","max-image-preview":"max-image-preview:large","max-video-preview":"max-video-preview:-1"},"canonical":"https:\/\/wobronietradycjiiwiary.com\/en\/munus-ministerium-lub-raz-jeszcze-o-rezygnacji-benedykta-ratzinger-o-papiestwie-v-ratzinger-o-papiestwie-13-z-14\/","og_locale":"en_US","og_type":"article","og_title":"Munus, ministerium lub raz jeszcze o rezygnacji Benedykta. Ratzinger o papiestwie (v) Ratzinger o papiestwie (14 z 14) - Tradycja i Wiara","og_description":"\u201eB\u00f3g i \u015bwiat\u201d wywiad Kardyna\u0142a z Peterem Seewaldem W ksi\u0105\u017cce-wywiadzie z Seewaldem z 2000 roku p.t \u201eB\u00f3g i \u015bwiat. Wiara&hellip; &nbsp; Pe\u0142en dost\u0119p dla subskrybent\u00f3w. Zaloguj si\u0119 lub przejd\u017a do Rejestracji. Nowe ni\u017csze ceny P\u0142atno\u015b\u0107 kart\u0105 P\u0142atno\u015b\u0107 przelewem P\u0142atno\u015b\u0107 kart\u0105 do 6 os\u00f3b","og_url":"https:\/\/wobronietradycjiiwiary.com\/en\/munus-ministerium-lub-raz-jeszcze-o-rezygnacji-benedykta-ratzinger-o-papiestwie-v-ratzinger-o-papiestwie-13-z-14\/","og_site_name":"Tradycja i Wiara","article_publisher":"https:\/\/www.facebook.com\/Tradycja-i-Wiara-108813920592249","article_published_time":"2020-10-20T06:00:00+00:00","article_modified_time":"2025-09-27T11:22:03+00:00","og_image":[{"width":500,"height":377,"url":"https:\/\/wobronietradycjiiwiary.com\/wp-content\/uploads\/2020\/08\/55964fe89b88629484f8a2f799bb6bf9-medieval-manuscript-medieval-art.jpg","type":"image\/jpeg"}],"author":"Traditio et Fides","twitter_card":"summary_large_image","twitter_misc":{"Written by":"Traditio et Fides","Est. reading time":"4 minutes"},"schema":{"@context":"https:\/\/schema.org","@graph":[{"@type":"Article","@id":"https:\/\/wobronietradycjiiwiary.com\/munus-ministerium-lub-raz-jeszcze-o-rezygnacji-benedykta-ratzinger-o-papiestwie-v-ratzinger-o-papiestwie-13-z-14\/#article","isPartOf":{"@id":"https:\/\/wobronietradycjiiwiary.com\/munus-ministerium-lub-raz-jeszcze-o-rezygnacji-benedykta-ratzinger-o-papiestwie-v-ratzinger-o-papiestwie-13-z-14\/"},"author":{"name":"Traditio et Fides","@id":"https:\/\/wobronietradycjiiwiary.com\/pl\/#\/schema\/person\/2d6180ce6abcb681fef0daab7816e8f3"},"headline":"Munus, ministerium lub raz jeszcze o rezygnacji Benedykta. Ratzinger o papiestwie (v) Ratzinger o papiestwie (14 z 14)","datePublished":"2020-10-20T06:00:00+00:00","dateModified":"2025-09-27T11:22:03+00:00","mainEntityOfPage":{"@id":"https:\/\/wobronietradycjiiwiary.com\/munus-ministerium-lub-raz-jeszcze-o-rezygnacji-benedykta-ratzinger-o-papiestwie-v-ratzinger-o-papiestwie-13-z-14\/"},"wordCount":882,"commentCount":0,"publisher":{"@id":"https:\/\/wobronietradycjiiwiary.com\/pl\/#organization"},"image":{"@id":"https:\/\/wobronietradycjiiwiary.com\/munus-ministerium-lub-raz-jeszcze-o-rezygnacji-benedykta-ratzinger-o-papiestwie-v-ratzinger-o-papiestwie-13-z-14\/#primaryimage"},"thumbnailUrl":"https:\/\/wobronietradycjiiwiary.com\/wp-content\/uploads\/2020\/08\/55964fe89b88629484f8a2f799bb6bf9-medieval-manuscript-medieval-art.jpg","keywords":["abdykacja Benedykta XVI","papiestwo","prymat papieski","Ratzinger o papiestwie","Restricted"],"articleSection":["B XVI abdykacja","Munus i ministerium"],"inLanguage":"en-US","potentialAction":[{"@type":"CommentAction","name":"Comment","target":["https:\/\/wobronietradycjiiwiary.com\/munus-ministerium-lub-raz-jeszcze-o-rezygnacji-benedykta-ratzinger-o-papiestwie-v-ratzinger-o-papiestwie-13-z-14\/#respond"]}]},{"@type":"WebPage","@id":"https:\/\/wobronietradycjiiwiary.com\/munus-ministerium-lub-raz-jeszcze-o-rezygnacji-benedykta-ratzinger-o-papiestwie-v-ratzinger-o-papiestwie-13-z-14\/","url":"https:\/\/wobronietradycjiiwiary.com\/munus-ministerium-lub-raz-jeszcze-o-rezygnacji-benedykta-ratzinger-o-papiestwie-v-ratzinger-o-papiestwie-13-z-14\/","name":"Munus, ministerium lub raz jeszcze o rezygnacji Benedykta. Ratzinger o papiestwie (v) Ratzinger o papiestwie (14 z 14) - Tradycja i Wiara","isPartOf":{"@id":"https:\/\/wobronietradycjiiwiary.com\/pl\/#website"},"primaryImageOfPage":{"@id":"https:\/\/wobronietradycjiiwiary.com\/munus-ministerium-lub-raz-jeszcze-o-rezygnacji-benedykta-ratzinger-o-papiestwie-v-ratzinger-o-papiestwie-13-z-14\/#primaryimage"},"image":{"@id":"https:\/\/wobronietradycjiiwiary.com\/munus-ministerium-lub-raz-jeszcze-o-rezygnacji-benedykta-ratzinger-o-papiestwie-v-ratzinger-o-papiestwie-13-z-14\/#primaryimage"},"thumbnailUrl":"https:\/\/wobronietradycjiiwiary.com\/wp-content\/uploads\/2020\/08\/55964fe89b88629484f8a2f799bb6bf9-medieval-manuscript-medieval-art.jpg","datePublished":"2020-10-20T06:00:00+00:00","dateModified":"2025-09-27T11:22:03+00:00","breadcrumb":{"@id":"https:\/\/wobronietradycjiiwiary.com\/munus-ministerium-lub-raz-jeszcze-o-rezygnacji-benedykta-ratzinger-o-papiestwie-v-ratzinger-o-papiestwie-13-z-14\/#breadcrumb"},"inLanguage":"en-US","potentialAction":[{"@type":"ReadAction","target":["https:\/\/wobronietradycjiiwiary.com\/munus-ministerium-lub-raz-jeszcze-o-rezygnacji-benedykta-ratzinger-o-papiestwie-v-ratzinger-o-papiestwie-13-z-14\/"]}]},{"@type":"ImageObject","inLanguage":"en-US","@id":"https:\/\/wobronietradycjiiwiary.com\/munus-ministerium-lub-raz-jeszcze-o-rezygnacji-benedykta-ratzinger-o-papiestwie-v-ratzinger-o-papiestwie-13-z-14\/#primaryimage","url":"https:\/\/wobronietradycjiiwiary.com\/wp-content\/uploads\/2020\/08\/55964fe89b88629484f8a2f799bb6bf9-medieval-manuscript-medieval-art.jpg","contentUrl":"https:\/\/wobronietradycjiiwiary.com\/wp-content\/uploads\/2020\/08\/55964fe89b88629484f8a2f799bb6bf9-medieval-manuscript-medieval-art.jpg","width":500,"height":377},{"@type":"BreadcrumbList","@id":"https:\/\/wobronietradycjiiwiary.com\/munus-ministerium-lub-raz-jeszcze-o-rezygnacji-benedykta-ratzinger-o-papiestwie-v-ratzinger-o-papiestwie-13-z-14\/#breadcrumb","itemListElement":[{"@type":"ListItem","position":1,"name":"Strona g\u0142\u00f3wna","item":"https:\/\/wobronietradycjiiwiary.com\/"},{"@type":"ListItem","position":2,"name":"Munus, ministerium lub raz jeszcze o rezygnacji Benedykta. Ratzinger o papiestwie (v) Ratzinger o papiestwie (14 z 14)"}]},{"@type":"WebSite","@id":"https:\/\/wobronietradycjiiwiary.com\/pl\/#website","url":"https:\/\/wobronietradycjiiwiary.com\/pl\/","name":"Tradycja i Wiara","description":"Portal dla katolik\u00f3w.","publisher":{"@id":"https:\/\/wobronietradycjiiwiary.com\/pl\/#organization"},"potentialAction":[{"@type":"SearchAction","target":{"@type":"EntryPoint","urlTemplate":"https:\/\/wobronietradycjiiwiary.com\/pl\/?s={search_term_string}"},"query-input":{"@type":"PropertyValueSpecification","valueRequired":true,"valueName":"search_term_string"}}],"inLanguage":"en-US"},{"@type":"Organization","@id":"https:\/\/wobronietradycjiiwiary.com\/pl\/#organization","name":"Tradycja i Wiara","url":"https:\/\/wobronietradycjiiwiary.com\/pl\/","logo":{"@type":"ImageObject","inLanguage":"en-US","@id":"https:\/\/wobronietradycjiiwiary.com\/pl\/#\/schema\/logo\/image\/","url":"https:\/\/i0.wp.com\/wobronietradycjiiwiary.com\/wp-content\/uploads\/2015\/10\/cropped-st-peters-dome-vatican.jpg?fit=940%2C198&ssl=1","contentUrl":"https:\/\/i0.wp.com\/wobronietradycjiiwiary.com\/wp-content\/uploads\/2015\/10\/cropped-st-peters-dome-vatican.jpg?fit=940%2C198&ssl=1","width":940,"height":198,"caption":"Tradycja i Wiara"},"image":{"@id":"https:\/\/wobronietradycjiiwiary.com\/pl\/#\/schema\/logo\/image\/"},"sameAs":["https:\/\/www.facebook.com\/Tradycja-i-Wiara-108813920592249"]},{"@type":"Person","@id":"https:\/\/wobronietradycjiiwiary.com\/pl\/#\/schema\/person\/2d6180ce6abcb681fef0daab7816e8f3","name":"Traditio et Fides","sameAs":["https:\/\/traditionundglauben.com"],"url":"https:\/\/wobronietradycjiiwiary.com\/en\/author\/wobronietradycjiiwiary\/"}]}},"jetpack_publicize_connections":[],"jetpack_sharing_enabled":true,"jetpack_likes_enabled":true,"jetpack_shortlink":"https:\/\/wp.me\/pc04Sd-9t6","jetpack-related-posts":[{"id":36377,"url":"https:\/\/wobronietradycjiiwiary.com\/en\/munus-ministerium-lub-raz-jeszcze-o-rezygnacji-benedykta-nadprzyrodzona-protekcja-papiestwa-9-z-15\/","url_meta":{"origin":36400,"position":0},"title":"Munus, ministerium lub raz jeszcze o rezygnacji Benedykta. Nadprzyrodzona protekcja papiestwa (9 z 14)","author":"Traditio et Fides","date":"29 September 2020","format":false,"excerpt":"Czy Benedykt wierzy w nadprzyrodzon\u0105 protekcj\u0119 papiestwa? Oczywi\u015bcie zapyta\u0107 trzeba, jak to mo\u017cliwe, by Benedykt \u201epapie\u017c Teolog\u201d, jak okre\u015bli\u0142 go G\u00e4nswein, mia\u0142 tak mylne poj\u0119cie o papiestwie, sprzeczne z pierwszym z brzegu podr\u0119cznikiem apologetyki lub dogmatyki, by uwa\u017ca\u0107, \u017ce przekszta\u0142cenie papiestwa w \u201eurz\u0105d kolegialny\u201d jest mo\u017cliwe. Je\u015bli jednak podstawimy pod\u2026","rel":"","context":"In &quot;Munus i ministerium&quot;","block_context":{"text":"Munus i ministerium","link":"https:\/\/wobronietradycjiiwiary.com\/en\/category\/polemika\/kosciol-posoborowy\/papieze\/benedykt-xvi-abdykacja\/munus-i-ministerium\/"},"img":{"alt_text":"","src":"https:\/\/i0.wp.com\/wobronietradycjiiwiary.com\/wp-content\/uploads\/2020\/08\/55964fe89b88629484f8a2f799bb6bf9-medieval-manuscript-medieval-art.jpg?resize=350%2C200&ssl=1","width":350,"height":200},"classes":[]},{"id":36381,"url":"https:\/\/wobronietradycjiiwiary.com\/en\/munus-ministerium-lub-raz-jeszcze-o-rezygnacji-benedykta-ratzinger-o-papiestwie-i-10-z-15\/","url_meta":{"origin":36400,"position":1},"title":"Munus, ministerium lub raz jeszcze o rezygnacji Benedykta. Ratzinger o papiestwie (i) (10 z 14)","author":"Traditio et Fides","date":"1 October 2020","format":false,"excerpt":"Na podstawie lektury pism Ratzingera i Benedykta XVI nie mo\u017cna wykluczy\u0107, i\u017c wierzy on w nadprzyrodzon\u0105 protekcj\u0119 papiestwa. Przynajmniej nie twierdzi nic przeciwnego.","rel":"","context":"In &quot;Munus i ministerium&quot;","block_context":{"text":"Munus i ministerium","link":"https:\/\/wobronietradycjiiwiary.com\/en\/category\/polemika\/kosciol-posoborowy\/papieze\/benedykt-xvi-abdykacja\/munus-i-ministerium\/"},"img":{"alt_text":"","src":"https:\/\/i0.wp.com\/wobronietradycjiiwiary.com\/wp-content\/uploads\/2020\/08\/55964fe89b88629484f8a2f799bb6bf9-medieval-manuscript-medieval-art.jpg?resize=350%2C200&ssl=1","width":350,"height":200},"classes":[]},{"id":36395,"url":"https:\/\/wobronietradycjiiwiary.com\/en\/munus-ministerium-lub-raz-jeszcze-o-rezygnacji-benedykta-ratzinger-o-papiestwie-iv-ratzinger-o-papiestwie-13-z-15\/","url_meta":{"origin":36400,"position":2},"title":"Munus, ministerium lub raz jeszcze o rezygnacji Benedykta. Ratzinger o papiestwie (iv) Ratzinger o papiestwie (13 z 14)","author":"Traditio et Fides","date":"13 October 2020","format":false,"excerpt":"In diesem Zusammenhang r\u00fcckte damals ein zuvor weithin vergessener Traktat von E. Peterson \u00fcber \u201cMonotheismus als politisches Problem\u201d neu in Bewu\u00dftsein, in dem Peterson zu zeigen versucht hatte, da\u00df der Arianismus deshalb politische, von den Kaisern beg\u00fcnstigte Theologie war, weil er zur politischem Monarchie die g\u00f6ttliche Entsprechung gew\u00e4hrleistete, w\u00e4hrend das\u2026","rel":"","context":"In &quot;Munus i ministerium&quot;","block_context":{"text":"Munus i ministerium","link":"https:\/\/wobronietradycjiiwiary.com\/en\/category\/polemika\/kosciol-posoborowy\/papieze\/benedykt-xvi-abdykacja\/munus-i-ministerium\/"},"img":{"alt_text":"","src":"https:\/\/i0.wp.com\/wobronietradycjiiwiary.com\/wp-content\/uploads\/2020\/08\/55964fe89b88629484f8a2f799bb6bf9-medieval-manuscript-medieval-art.jpg?resize=350%2C200&ssl=1","width":350,"height":200},"classes":[]},{"id":36385,"url":"https:\/\/wobronietradycjiiwiary.com\/en\/munus-ministerium-lub-raz-jeszcze-o-rezygnacji-benedykta-ratzinger-o-papiestwie-ii-11-z-15\/","url_meta":{"origin":36400,"position":3},"title":"Munus, ministerium lub raz jeszcze o rezygnacji Benedykta. Ratzinger o papiestwie (ii) (11 z 14)","author":"Traditio et Fides","date":"6 October 2020","format":false,"excerpt":"\"Prymat papie\u017ca i jedno\u015b\u0107 ludu Bo\u017cego\" Kollegialit\u00e4t als Ausdruck der Wir-Struktur des Glaubens Kolegialno\u015b\u0107 wyrazem struktury My wiary Oczywi\u015bcie s\u0142owo \u201estruktura My\u201d nie brzmi po polsku dobrze, ale chodzi w tym neologizmie o to, \u017ce wiara i jej wyznanie s\u0105 wynikiem zbiorowej \u015bwiadomo\u015bci historycznej mas. Przypomina nam to co\u015b? Tak,\u2026","rel":"","context":"In &quot;Munus i ministerium&quot;","block_context":{"text":"Munus i ministerium","link":"https:\/\/wobronietradycjiiwiary.com\/en\/category\/polemika\/kosciol-posoborowy\/papieze\/benedykt-xvi-abdykacja\/munus-i-ministerium\/"},"img":{"alt_text":"","src":"https:\/\/i0.wp.com\/wobronietradycjiiwiary.com\/wp-content\/uploads\/2020\/08\/55964fe89b88629484f8a2f799bb6bf9-medieval-manuscript-medieval-art.jpg?resize=350%2C200&ssl=1","width":350,"height":200},"classes":[]},{"id":36390,"url":"https:\/\/wobronietradycjiiwiary.com\/en\/munus-ministerium-lub-raz-jeszcze-o-rezygnacji-benedykta-ratzinger-o-papiestwie-iii-12-z-15\/","url_meta":{"origin":36400,"position":4},"title":"Munus, ministerium lub raz jeszcze o rezygnacji Benedykta. Ratzinger o papiestwie (iii) (12 z 14)","author":"Traditio et Fides","date":"8 October 2020","format":false,"excerpt":"\"Prymat papie\u017ca i jedno\u015b\u0107 ludu Bo\u017cego\" Nach der anderen Seite zu zeigte sich als der tiefste Grund f\u00fcr diesen Wir-Charakter des Christlichen, da\u00df Gott selbst ein Wir ist: Der Gott, den das christliche Credo bekennt, ist nicht einsames Selbst-denken des Gedankens, ist nicht absolutes und unteilbar in sich geschlossenes Ich,\u2026","rel":"","context":"In &quot;Munus i ministerium&quot;","block_context":{"text":"Munus i ministerium","link":"https:\/\/wobronietradycjiiwiary.com\/en\/category\/polemika\/kosciol-posoborowy\/papieze\/benedykt-xvi-abdykacja\/munus-i-ministerium\/"},"img":{"alt_text":"","src":"https:\/\/i0.wp.com\/wobronietradycjiiwiary.com\/wp-content\/uploads\/2020\/08\/55964fe89b88629484f8a2f799bb6bf9-medieval-manuscript-medieval-art.jpg?resize=350%2C200&ssl=1","width":350,"height":200},"classes":[]},{"id":36340,"url":"https:\/\/wobronietradycjiiwiary.com\/en\/munus-ministerium-lub-raz-jeszcze-o-rezygnacji-benedykta-status-quo-1-z-15\/","url_meta":{"origin":36400,"position":5},"title":"Munus, ministerium lub raz jeszcze o rezygnacji Benedykta. Status quo (1 z 14)","author":"Traditio et Fides","date":"1 September 2020","format":false,"excerpt":"Status quo Je\u015bli przyj\u0105\u0107, \u017ce poprzez swoj\u0105 pozorn\u0105 rezygnacj\u0119 papa emeritus Benedykt XVI. \u00a0z tronu Piotrowego nie zrezygnowa\u0142, w\u00f3wczas za\u0142o\u017cy\u0107 trzeba, \u017ce to w\u0142a\u015bnie on, nie Franciszek, posiada nadal wszystkie prerogatywy prymatu papieskiego jak charyzmat nieomylno\u015bci i assistentia negativa. Zatem \u0142aski stanu nie mog\u0142y przej\u015b\u0107 na nowo wybranego papie\u017ca \u2013\u2026","rel":"","context":"In &quot;Munus i ministerium&quot;","block_context":{"text":"Munus i ministerium","link":"https:\/\/wobronietradycjiiwiary.com\/en\/category\/polemika\/kosciol-posoborowy\/papieze\/benedykt-xvi-abdykacja\/munus-i-ministerium\/"},"img":{"alt_text":"","src":"https:\/\/i0.wp.com\/wobronietradycjiiwiary.com\/wp-content\/uploads\/2020\/08\/55964fe89b88629484f8a2f799bb6bf9-medieval-manuscript-medieval-art.jpg?resize=350%2C200&ssl=1","width":350,"height":200},"classes":[]}],"amp_enabled":true,"jetpack_featured_media_url":"https:\/\/wobronietradycjiiwiary.com\/wp-content\/uploads\/2020\/08\/55964fe89b88629484f8a2f799bb6bf9-medieval-manuscript-medieval-art.jpg","_links":{"self":[{"href":"https:\/\/wobronietradycjiiwiary.com\/en\/wp-json\/wp\/v2\/posts\/36400","targetHints":{"allow":["GET"]}}],"collection":[{"href":"https:\/\/wobronietradycjiiwiary.com\/en\/wp-json\/wp\/v2\/posts"}],"about":[{"href":"https:\/\/wobronietradycjiiwiary.com\/en\/wp-json\/wp\/v2\/types\/post"}],"author":[{"embeddable":true,"href":"https:\/\/wobronietradycjiiwiary.com\/en\/wp-json\/wp\/v2\/users\/60508433"}],"replies":[{"embeddable":true,"href":"https:\/\/wobronietradycjiiwiary.com\/en\/wp-json\/wp\/v2\/comments?post=36400"}],"version-history":[{"count":1,"href":"https:\/\/wobronietradycjiiwiary.com\/en\/wp-json\/wp\/v2\/posts\/36400\/revisions"}],"predecessor-version":[{"id":56822,"href":"https:\/\/wobronietradycjiiwiary.com\/en\/wp-json\/wp\/v2\/posts\/36400\/revisions\/56822"}],"wp:featuredmedia":[{"embeddable":true,"href":"https:\/\/wobronietradycjiiwiary.com\/en\/wp-json\/wp\/v2\/media\/36341"}],"wp:attachment":[{"href":"https:\/\/wobronietradycjiiwiary.com\/en\/wp-json\/wp\/v2\/media?parent=36400"}],"wp:term":[{"taxonomy":"category","embeddable":true,"href":"https:\/\/wobronietradycjiiwiary.com\/en\/wp-json\/wp\/v2\/categories?post=36400"},{"taxonomy":"post_tag","embeddable":true,"href":"https:\/\/wobronietradycjiiwiary.com\/en\/wp-json\/wp\/v2\/tags?post=36400"}],"curies":[{"name":"wp","href":"https:\/\/api.w.org\/{rel}","templated":true}]}}