{"id":3459,"date":"2015-02-04T23:36:38","date_gmt":"2015-02-04T22:36:38","guid":{"rendered":"https:\/\/wobronietradycjiiwiary.com\/?p=3459"},"modified":"2025-12-23T17:50:39","modified_gmt":"2025-12-23T16:50:39","slug":"przed-nim-krocza-majestat-i-piekno-wizualne-wprowadzenie-do-mszy-trydenckiej-cz-7-z-16","status":"publish","type":"post","link":"https:\/\/wobronietradycjiiwiary.com\/en\/przed-nim-krocza-majestat-i-piekno-wizualne-wprowadzenie-do-mszy-trydenckiej-cz-7-z-16\/","title":{"rendered":"\u201ePrzed Nim krocz\u0105 majestat i pi\u0119kno\u201d. Wizualne wprowadzenie do Mszy Trydenckiej. (cz. 7 z 16). Offertorium. Suscipe."},"content":{"rendered":"<div id=\"bsf_rt_marker\"><\/div>\n<p class=\"wp-block-paragraph\"><\/p>\n\n\n\n<p class=\"wp-block-paragraph\"><strong><span style=\"color: #800080;\"><em>Przedstawiony film ukazuje pierwsze momenty Offertorium czyli Ofiarowania.\u00a0\u00a0 Jak\u017ce bogata jest symbolika oddaj\u0105ca szacunek i tajemnice tej Ofiary, kt\u00f3ra ma nast\u0105pi\u0107. Po Offertorium nast\u0119puje Kanon, kt\u00f3ry jest najwa\u017cniejszym momentem Mszy \u015awi\u0119tej, gdzie dokonuje si\u0119 Przeistoczenie. Ju\u017c teraz w s\u0142owach, gestach kap\u0142a\u0144skich widoczna si\u0119 blisko\u015b\u0107 tego momentu, wprowadzenie w\u00a0 tajemnic\u0119 ofiary krzy\u017cowej Chrystusa. Ka\u017cde s\u0142owo, ka\u017cde zdanie trydenckiego rytu jest wprowadzeniem wiernych w odczuwanie, wsp\u00f3\u0142uczestnictwo, pe\u0142ne u\u015bwiadomienie sobie Mszy \u015awi\u0119tej jako bezcennej Ofiary z\u0142o\u017conej przez Boga dla zbawienia cz\u0142owieka; ka\u017cda sekunda\u00a0 oddaje szacunek, wielko\u015b\u0107 i tajemnic\u0119, jak\u0105 jest \u015bmier\u0107 Boga po to, czy cz\u0142owiek m\u00f3g\u0142 \u017cy\u0107.<\/em> <\/span><\/strong><\/p>\n\n\n\n<p class=\"has-text-align-center wp-block-paragraph\"><span class=\"embed-youtube\" style=\"text-align:center; display: block;\"><iframe class=\"youtube-player\" width=\"420\" height=\"315\" src=\"https:\/\/www.youtube.com\/embed\/2TXDcufkwGg?version=3&#038;rel=1&#038;showsearch=0&#038;showinfo=1&#038;iv_load_policy=1&#038;fs=1&#038;hl=en-US&#038;autohide=2&#038;wmode=transparent\" allowfullscreen=\"true\" style=\"border:0;\" sandbox=\"allow-scripts allow-same-origin allow-popups allow-presentation allow-popups-to-escape-sandbox\"><\/iframe><\/span>\n\n\n\n<p class=\"has-text-align-center wp-block-paragraph\"><b><span style=\"color: #000000;\">&nbsp;Offertorium<br><\/span><\/b><\/p>\n\n\n\n<figure class=\"wp-block-table\"><table class=\"has-fixed-layout\"><tbody><tr><td><b>C.<\/b> Dominus vobiscum.<br><b>M.<\/b> Et cum spiritu tuo.<br><b>C.<\/b> Oremus<\/td><td><b>K.<\/b> Pan z wami.<br><b>W.<\/b> I z duchem twoim.<br><b>K.<\/b> Modlmy sie.<\/td><\/tr><\/tbody><\/table><\/figure>\n\n\n\n<p class=\"has-text-align-center wp-block-paragraph\"><b><span style=\"color: #000000;\">&nbsp;Ofiarowanie<br><\/span><\/b><\/p>\n\n\n\n<figure class=\"wp-block-table\"><table class=\"has-fixed-layout\"><tbody><tr><td class=\"has-text-align-left\" data-align=\"left\">Suscipe, sancte Pater, omnipotens aeterne Deus, hanc immaculatam hostiam, quam ego indignus famulus tuus offero tibi Deo meo, vivo et vero, pro innumerabilibus peccatis et offensionibus et negligentiis meis, et pro omnibus circumstantibus, sed et pro omnibus fidelibus Christianis vivis atque defunctis: ut mihi, et illis proficiat ad salutem in vitam aeternam. Amen.<\/td><td class=\"has-text-align-left\" data-align=\"left\">Przyjmij, Ojcze \u015bwi\u0119ty, wszechmocny, wiekuisty Bo\u017ce, t\u0119 hosti\u0119 niepokalan\u0105, kt\u00f3r\u0105 ja niegodny s\u0142uga Tw\u00f3j, ofiarowuje Tobie, Bogu mojemu \u017cywemu i prawdziwemu, za niezliczone grzechy, zniewagi i niedbalstwa moje, za wszystkich tu obecnych, a tak\u017ce za wszystkich wiernych Chrze\u015bcijan, \u017cywych i umar\u0142ych, aby mnie i im pos\u0142u\u017cy\u0142a do zbawienia w \u017cyciu wiekuistym. Amen.<\/td><\/tr><\/tbody><\/table><\/figure>\n\n\n\n<p class=\"has-text-align-center wp-block-paragraph\"><em>[W celu odtworzenia napis\u00f3w w j\u0119zyku polskim nale\u017cy nacisn\u0105\u0107 przycisk \u201eNapisy\u201d (czwarty na dole od prawej) lub przycisk \u201eCC\u201d w innych przegl\u0105darkach.]<\/em><\/p>\n\n\n\n<p class=\"wp-block-paragraph\">\/wotiw\/<\/p>\n\n\n<style>\r\n        .wpedon-container .wpedon-select,\r\n        .wpedon-container .wpedon-input {\r\n            width: 107px;\r\n            min-width: 107px;\r\n            max-width: 107px;\r\n        }\r\n    <\/style><div class='wpedon-container wpedon-align-left'><form target='' action='https:\/\/www.paypal.com\/cgi-bin\/webscr' method='post' class='wpedon-form'><input type='hidden' name='cmd' value='_donations' \/><input type='hidden' name='business' value='traditionandfaith2015@gmail.com' \/><input type='hidden' name='currency_code' value='PLN' \/><input type='hidden' name='notify_url' value='https:\/\/wobronietradycjiiwiary.com\/wp-admin\/admin-post.php?action=add_wpedon_button_ipn'><input type='hidden' name='lc' value='pl_PL'><input type='hidden' name='bn' value='WPPlugin_SP'><input type='hidden' name='return' value='https:\/\/wobronietradycjiiwiary.com\/' \/><input type='hidden' name='cancel_return' value='https:\/\/wobronietradycjiiwiary.com\/' \/><input class='wpedon_paypalbuttonimage' type='image' src='https:\/\/www.paypal.com\/pl_PL\/PL\/i\/btn\/btn_donate_LG.gif' border='0' name='submit' alt='Make your payments with PayPal. It is free, secure, effective.' style='border: none;'><img alt='' border='0' style='border:none;display:none;' src='https:\/\/www.paypal.com\/pl_PL\/i\/scr\/pixel.gif' width='1' height='1'><input type='hidden' name='amount' id='amount_34fb601985e83530b4c40ad37ba6995e' value='' \/><input type='hidden' name='price' id='price_34fb601985e83530b4c40ad37ba6995e' value='' \/><input type='hidden' name='item_number' value='' \/><input type='hidden' name='item_name' value='Wsparcie projektu' \/><input type='hidden' name='name' value='Wsparcie projektu' \/><input type='hidden' name='custom' value='24285'><input type='hidden' name='no_shipping' value='1'><input type='hidden' name='no_note' value='0'><input type='hidden' name='currency_code' value='PLN'><\/form><\/div>\n","protected":false},"excerpt":{"rendered":"<p>Przedstawiony film ukazuje pierwsze momenty Offertorium czyli Ofiarowania.\u00a0\u00a0 Jak\u017ce bogata jest symbolika oddaj\u0105ca szacunek i tajemnice tej Ofiary, kt\u00f3ra ma nast\u0105pi\u0107. Po Offertorium nast\u0119puje Kanon, kt\u00f3ry jest najwa\u017cniejszym momentem Mszy \u015awi\u0119tej, gdzie dokonuje si\u0119 Przeistoczenie. Ju\u017c teraz w s\u0142owach, gestach kap\u0142a\u0144skich widoczna si\u0119 blisko\u015b\u0107 tego momentu, wprowadzenie w\u00a0 tajemnic\u0119 ofiary krzy\u017cowej Chrystusa. Ka\u017cde s\u0142owo, ka\u017cde [&hellip;]<\/p>\n","protected":false},"author":60508433,"featured_media":27891,"comment_status":"closed","ping_status":"closed","sticky":false,"template":"","format":"standard","meta":{"_bbp_topic_count":0,"_bbp_reply_count":0,"_bbp_total_topic_count":0,"_bbp_total_reply_count":0,"_bbp_voice_count":0,"_bbp_anonymous_reply_count":0,"_bbp_topic_count_hidden":0,"_bbp_reply_count_hidden":0,"_bbp_forum_subforum_count":0,"_editorskit_title_hidden":false,"_editorskit_reading_time":0,"_editorskit_is_block_options_detached":false,"_editorskit_block_options_position":"{}","_coblocks_attr":"","_coblocks_dimensions":"","_coblocks_responsive_height":"","_coblocks_accordion_ie_support":"","_exactmetrics_skip_tracking":false,"_jetpack_newsletter_access":"","_jetpack_dont_email_post_to_subs":false,"_jetpack_newsletter_tier_id":0,"_jetpack_memberships_contains_paywalled_content":false,"_wpcom_ai_launchpad_first_post":false,"_jetpack_feature_clip_id":0,"_jetpack_memberships_contains_paid_content":false,"footnotes":"","jetpack_publicize_message":"{title}\n\n{excerpt}\n\n{url}","jetpack_publicize_feature_enabled":true,"jetpack_social_post_already_shared":true,"jetpack_social_options":{"image_generator_settings":{"template":"highway","default_image_id":0,"font":"","enabled":false},"version":2},"_wpas_customize_per_network":false,"jetpack_post_was_ever_published":false},"categories":[543409776],"tags":[1181,302487833,1053804,610130673,26248122,7099852,610132562,345757725,292396809],"class_list":["post-3459","post","type-post","status-publish","format-standard","has-post-thumbnail","hentry","category-tridentina-visualis","tag-dvd","tag-jak-odprawiac-msze-swieta-trydencka","tag-missa-tridentina","tag-msza-trydencka","tag-msza-wszechczasow","tag-offertorium","tag-premium","tag-suscipe-sancte-pater","tag-wizualne-wprowadzenie-do-mszy-trydenckiej"],"yoast_head":"<!-- This site is optimized with the Yoast SEO plugin v28.4 - https:\/\/yoast.com\/product\/yoast-seo-wordpress\/ -->\n<title>\u201ePrzed Nim krocz\u0105 majestat i pi\u0119kno\u201d. Wizualne wprowadzenie do Mszy Trydenckiej. (cz. 7 z 16). Offertorium. Suscipe. - Tradycja i Wiara<\/title>\n<meta name=\"description\" content=\"\u201ePrzed Nim krocz\u0105 majestat i pi\u0119kno\u201d. Wizualne wprowadzenie do Mszy Trydenckiej. (cz. 7 z 16). Offertorium. Suscipe. Msza Trydencka Ko\u015bci\u00f3\u0142 liturgia\" \/>\n<meta name=\"robots\" content=\"index, follow, max-snippet:-1, max-image-preview:large, max-video-preview:-1\" \/>\n<link rel=\"canonical\" href=\"https:\/\/wobronietradycjiiwiary.com\/en\/przed-nim-krocza-majestat-i-piekno-wizualne-wprowadzenie-do-mszy-trydenckiej-cz-7-z-16\/\" \/>\n<meta property=\"og:locale\" content=\"en_US\" \/>\n<meta property=\"og:type\" content=\"article\" \/>\n<meta property=\"og:title\" content=\"\u201ePrzed Nim krocz\u0105 majestat i pi\u0119kno\u201d. Wizualne wprowadzenie do Mszy Trydenckiej. (cz. 7 z 16). Offertorium. Suscipe. - Tradycja i Wiara\" \/>\n<meta property=\"og:description\" content=\"\u201ePrzed Nim krocz\u0105 majestat i pi\u0119kno\u201d. Wizualne wprowadzenie do Mszy Trydenckiej. (cz. 7 z 16). Offertorium. Suscipe. Msza Trydencka Ko\u015bci\u00f3\u0142 liturgia\" \/>\n<meta property=\"og:url\" content=\"https:\/\/wobronietradycjiiwiary.com\/en\/przed-nim-krocza-majestat-i-piekno-wizualne-wprowadzenie-do-mszy-trydenckiej-cz-7-z-16\/\" \/>\n<meta property=\"og:site_name\" content=\"Tradycja i Wiara\" \/>\n<meta property=\"article:publisher\" content=\"https:\/\/www.facebook.com\/Tradycja-i-Wiara-108813920592249\" \/>\n<meta property=\"article:published_time\" content=\"2015-02-04T22:36:38+00:00\" \/>\n<meta property=\"article:modified_time\" content=\"2025-12-23T16:50:39+00:00\" \/>\n<meta property=\"og:image\" content=\"https:\/\/i2.wp.com\/wobronietradycjiiwiary.com\/wp-content\/uploads\/2020\/04\/a66b8eb860630f3502c97fb29fc5de6e.jpg?fit=919%2C1280&ssl=1\" \/>\n\t<meta property=\"og:image:width\" content=\"919\" \/>\n\t<meta property=\"og:image:height\" content=\"1280\" \/>\n\t<meta property=\"og:image:type\" content=\"image\/jpeg\" \/>\n<meta name=\"author\" content=\"Traditio et Fides\" \/>\n<meta name=\"twitter:card\" content=\"summary_large_image\" \/>\n<meta name=\"twitter:label1\" content=\"Written by\" \/>\n\t<meta name=\"twitter:data1\" content=\"Traditio et Fides\" \/>\n\t<meta name=\"twitter:label2\" content=\"Est. reading time\" \/>\n\t<meta name=\"twitter:data2\" content=\"2 minutes\" \/>\n<script type=\"application\/ld+json\" class=\"yoast-schema-graph\">{\"@context\":\"https:\\\/\\\/schema.org\",\"@graph\":[{\"@type\":\"Article\",\"@id\":\"https:\\\/\\\/wobronietradycjiiwiary.com\\\/przed-nim-krocza-majestat-i-piekno-wizualne-wprowadzenie-do-mszy-trydenckiej-cz-7-z-16\\\/#article\",\"isPartOf\":{\"@id\":\"https:\\\/\\\/wobronietradycjiiwiary.com\\\/przed-nim-krocza-majestat-i-piekno-wizualne-wprowadzenie-do-mszy-trydenckiej-cz-7-z-16\\\/\"},\"author\":{\"name\":\"Traditio et Fides\",\"@id\":\"https:\\\/\\\/wobronietradycjiiwiary.com\\\/pl\\\/#\\\/schema\\\/person\\\/2d6180ce6abcb681fef0daab7816e8f3\"},\"headline\":\"\u201ePrzed Nim krocz\u0105 majestat i pi\u0119kno\u201d. Wizualne wprowadzenie do Mszy Trydenckiej. (cz. 7 z 16). Offertorium. Suscipe.\",\"datePublished\":\"2015-02-04T22:36:38+00:00\",\"dateModified\":\"2025-12-23T16:50:39+00:00\",\"mainEntityOfPage\":{\"@id\":\"https:\\\/\\\/wobronietradycjiiwiary.com\\\/przed-nim-krocza-majestat-i-piekno-wizualne-wprowadzenie-do-mszy-trydenckiej-cz-7-z-16\\\/\"},\"wordCount\":321,\"publisher\":{\"@id\":\"https:\\\/\\\/wobronietradycjiiwiary.com\\\/pl\\\/#organization\"},\"image\":{\"@id\":\"https:\\\/\\\/wobronietradycjiiwiary.com\\\/przed-nim-krocza-majestat-i-piekno-wizualne-wprowadzenie-do-mszy-trydenckiej-cz-7-z-16\\\/#primaryimage\"},\"thumbnailUrl\":\"https:\\\/\\\/wobronietradycjiiwiary.com\\\/wp-content\\\/uploads\\\/2020\\\/04\\\/a66b8eb860630f3502c97fb29fc5de6e.jpg\",\"keywords\":[\"DVD\",\"jak odprawia\u0107 Msz\u0119 \u015awi\u0119t\u0105 Trydenck\u0105\",\"Missa Tridentina\",\"Msza Trydencka\",\"Msza Wszechczas\u00f3w\",\"offertorium\",\"Premium\",\"Suscipe sancte Pater\",\"Wizualne wprowadzenie do Mszy Trydenckiej\"],\"articleSection\":[\"Tridentina visualis\"],\"inLanguage\":\"en-US\"},{\"@type\":\"WebPage\",\"@id\":\"https:\\\/\\\/wobronietradycjiiwiary.com\\\/przed-nim-krocza-majestat-i-piekno-wizualne-wprowadzenie-do-mszy-trydenckiej-cz-7-z-16\\\/\",\"url\":\"https:\\\/\\\/wobronietradycjiiwiary.com\\\/przed-nim-krocza-majestat-i-piekno-wizualne-wprowadzenie-do-mszy-trydenckiej-cz-7-z-16\\\/\",\"name\":\"\u201ePrzed Nim krocz\u0105 majestat i pi\u0119kno\u201d. Wizualne wprowadzenie do Mszy Trydenckiej. (cz. 7 z 16). Offertorium. Suscipe. - Tradycja i Wiara\",\"isPartOf\":{\"@id\":\"https:\\\/\\\/wobronietradycjiiwiary.com\\\/pl\\\/#website\"},\"primaryImageOfPage\":{\"@id\":\"https:\\\/\\\/wobronietradycjiiwiary.com\\\/przed-nim-krocza-majestat-i-piekno-wizualne-wprowadzenie-do-mszy-trydenckiej-cz-7-z-16\\\/#primaryimage\"},\"image\":{\"@id\":\"https:\\\/\\\/wobronietradycjiiwiary.com\\\/przed-nim-krocza-majestat-i-piekno-wizualne-wprowadzenie-do-mszy-trydenckiej-cz-7-z-16\\\/#primaryimage\"},\"thumbnailUrl\":\"https:\\\/\\\/wobronietradycjiiwiary.com\\\/wp-content\\\/uploads\\\/2020\\\/04\\\/a66b8eb860630f3502c97fb29fc5de6e.jpg\",\"datePublished\":\"2015-02-04T22:36:38+00:00\",\"dateModified\":\"2025-12-23T16:50:39+00:00\",\"description\":\"\u201ePrzed Nim krocz\u0105 majestat i pi\u0119kno\u201d. Wizualne wprowadzenie do Mszy Trydenckiej. (cz. 7 z 16). Offertorium. Suscipe. Msza Trydencka Ko\u015bci\u00f3\u0142 liturgia\",\"breadcrumb\":{\"@id\":\"https:\\\/\\\/wobronietradycjiiwiary.com\\\/przed-nim-krocza-majestat-i-piekno-wizualne-wprowadzenie-do-mszy-trydenckiej-cz-7-z-16\\\/#breadcrumb\"},\"inLanguage\":\"en-US\",\"potentialAction\":[{\"@type\":\"ReadAction\",\"target\":[\"https:\\\/\\\/wobronietradycjiiwiary.com\\\/przed-nim-krocza-majestat-i-piekno-wizualne-wprowadzenie-do-mszy-trydenckiej-cz-7-z-16\\\/\"]}]},{\"@type\":\"ImageObject\",\"inLanguage\":\"en-US\",\"@id\":\"https:\\\/\\\/wobronietradycjiiwiary.com\\\/przed-nim-krocza-majestat-i-piekno-wizualne-wprowadzenie-do-mszy-trydenckiej-cz-7-z-16\\\/#primaryimage\",\"url\":\"https:\\\/\\\/wobronietradycjiiwiary.com\\\/wp-content\\\/uploads\\\/2020\\\/04\\\/a66b8eb860630f3502c97fb29fc5de6e.jpg\",\"contentUrl\":\"https:\\\/\\\/wobronietradycjiiwiary.com\\\/wp-content\\\/uploads\\\/2020\\\/04\\\/a66b8eb860630f3502c97fb29fc5de6e.jpg\",\"width\":919,\"height\":1280,\"caption\":\"\u201ePrzed Nim krocz\u0105 majestat i pi\u0119kno\u201d. Wizualne wprowadzenie do Mszy Trydenckiej. (cz. 12 z 16)\"},{\"@type\":\"BreadcrumbList\",\"@id\":\"https:\\\/\\\/wobronietradycjiiwiary.com\\\/przed-nim-krocza-majestat-i-piekno-wizualne-wprowadzenie-do-mszy-trydenckiej-cz-7-z-16\\\/#breadcrumb\",\"itemListElement\":[{\"@type\":\"ListItem\",\"position\":1,\"name\":\"Strona g\u0142\u00f3wna\",\"item\":\"https:\\\/\\\/wobronietradycjiiwiary.com\\\/\"},{\"@type\":\"ListItem\",\"position\":2,\"name\":\"\u201ePrzed Nim krocz\u0105 majestat i pi\u0119kno\u201d. Wizualne wprowadzenie do Mszy Trydenckiej. (cz. 7 z 16)\"}]},{\"@type\":\"WebSite\",\"@id\":\"https:\\\/\\\/wobronietradycjiiwiary.com\\\/pl\\\/#website\",\"url\":\"https:\\\/\\\/wobronietradycjiiwiary.com\\\/pl\\\/\",\"name\":\"Tradycja i Wiara\",\"description\":\"Portal dla katolik\u00f3w.\",\"publisher\":{\"@id\":\"https:\\\/\\\/wobronietradycjiiwiary.com\\\/pl\\\/#organization\"},\"potentialAction\":[{\"@type\":\"SearchAction\",\"target\":{\"@type\":\"EntryPoint\",\"urlTemplate\":\"https:\\\/\\\/wobronietradycjiiwiary.com\\\/pl\\\/?s={search_term_string}\"},\"query-input\":{\"@type\":\"PropertyValueSpecification\",\"valueRequired\":true,\"valueName\":\"search_term_string\"}}],\"inLanguage\":\"en-US\"},{\"@type\":\"Organization\",\"@id\":\"https:\\\/\\\/wobronietradycjiiwiary.com\\\/pl\\\/#organization\",\"name\":\"Tradycja i Wiara\",\"url\":\"https:\\\/\\\/wobronietradycjiiwiary.com\\\/pl\\\/\",\"logo\":{\"@type\":\"ImageObject\",\"inLanguage\":\"en-US\",\"@id\":\"https:\\\/\\\/wobronietradycjiiwiary.com\\\/pl\\\/#\\\/schema\\\/logo\\\/image\\\/\",\"url\":\"https:\\\/\\\/i0.wp.com\\\/wobronietradycjiiwiary.com\\\/wp-content\\\/uploads\\\/2015\\\/10\\\/cropped-st-peters-dome-vatican.jpg?fit=940%2C198&ssl=1\",\"contentUrl\":\"https:\\\/\\\/i0.wp.com\\\/wobronietradycjiiwiary.com\\\/wp-content\\\/uploads\\\/2015\\\/10\\\/cropped-st-peters-dome-vatican.jpg?fit=940%2C198&ssl=1\",\"width\":940,\"height\":198,\"caption\":\"Tradycja i Wiara\"},\"image\":{\"@id\":\"https:\\\/\\\/wobronietradycjiiwiary.com\\\/pl\\\/#\\\/schema\\\/logo\\\/image\\\/\"},\"sameAs\":[\"https:\\\/\\\/www.facebook.com\\\/Tradycja-i-Wiara-108813920592249\"]},{\"@type\":\"Person\",\"@id\":\"https:\\\/\\\/wobronietradycjiiwiary.com\\\/pl\\\/#\\\/schema\\\/person\\\/2d6180ce6abcb681fef0daab7816e8f3\",\"name\":\"Traditio et Fides\",\"sameAs\":[\"https:\\\/\\\/traditionundglauben.com\"],\"url\":\"https:\\\/\\\/wobronietradycjiiwiary.com\\\/en\\\/author\\\/wobronietradycjiiwiary\\\/\"}]}<\/script>\n<!-- \/ Yoast SEO plugin. -->","yoast_head_json":{"title":"\u201ePrzed Nim krocz\u0105 majestat i pi\u0119kno\u201d. Wizualne wprowadzenie do Mszy Trydenckiej. (cz. 7 z 16). Offertorium. Suscipe. - Tradycja i Wiara","description":"\u201ePrzed Nim krocz\u0105 majestat i pi\u0119kno\u201d. Wizualne wprowadzenie do Mszy Trydenckiej. (cz. 7 z 16). Offertorium. Suscipe. Msza Trydencka Ko\u015bci\u00f3\u0142 liturgia","robots":{"index":"index","follow":"follow","max-snippet":"max-snippet:-1","max-image-preview":"max-image-preview:large","max-video-preview":"max-video-preview:-1"},"canonical":"https:\/\/wobronietradycjiiwiary.com\/en\/przed-nim-krocza-majestat-i-piekno-wizualne-wprowadzenie-do-mszy-trydenckiej-cz-7-z-16\/","og_locale":"en_US","og_type":"article","og_title":"\u201ePrzed Nim krocz\u0105 majestat i pi\u0119kno\u201d. Wizualne wprowadzenie do Mszy Trydenckiej. (cz. 7 z 16). Offertorium. Suscipe. - Tradycja i Wiara","og_description":"\u201ePrzed Nim krocz\u0105 majestat i pi\u0119kno\u201d. Wizualne wprowadzenie do Mszy Trydenckiej. (cz. 7 z 16). Offertorium. Suscipe. Msza Trydencka Ko\u015bci\u00f3\u0142 liturgia","og_url":"https:\/\/wobronietradycjiiwiary.com\/en\/przed-nim-krocza-majestat-i-piekno-wizualne-wprowadzenie-do-mszy-trydenckiej-cz-7-z-16\/","og_site_name":"Tradycja i Wiara","article_publisher":"https:\/\/www.facebook.com\/Tradycja-i-Wiara-108813920592249","article_published_time":"2015-02-04T22:36:38+00:00","article_modified_time":"2025-12-23T16:50:39+00:00","og_image":[{"width":919,"height":1280,"url":"https:\/\/i2.wp.com\/wobronietradycjiiwiary.com\/wp-content\/uploads\/2020\/04\/a66b8eb860630f3502c97fb29fc5de6e.jpg?fit=919%2C1280&ssl=1","type":"image\/jpeg"}],"author":"Traditio et Fides","twitter_card":"summary_large_image","twitter_misc":{"Written by":"Traditio et Fides","Est. reading time":"2 minutes"},"schema":{"@context":"https:\/\/schema.org","@graph":[{"@type":"Article","@id":"https:\/\/wobronietradycjiiwiary.com\/przed-nim-krocza-majestat-i-piekno-wizualne-wprowadzenie-do-mszy-trydenckiej-cz-7-z-16\/#article","isPartOf":{"@id":"https:\/\/wobronietradycjiiwiary.com\/przed-nim-krocza-majestat-i-piekno-wizualne-wprowadzenie-do-mszy-trydenckiej-cz-7-z-16\/"},"author":{"name":"Traditio et Fides","@id":"https:\/\/wobronietradycjiiwiary.com\/pl\/#\/schema\/person\/2d6180ce6abcb681fef0daab7816e8f3"},"headline":"\u201ePrzed Nim krocz\u0105 majestat i pi\u0119kno\u201d. Wizualne wprowadzenie do Mszy Trydenckiej. (cz. 7 z 16). Offertorium. Suscipe.","datePublished":"2015-02-04T22:36:38+00:00","dateModified":"2025-12-23T16:50:39+00:00","mainEntityOfPage":{"@id":"https:\/\/wobronietradycjiiwiary.com\/przed-nim-krocza-majestat-i-piekno-wizualne-wprowadzenie-do-mszy-trydenckiej-cz-7-z-16\/"},"wordCount":321,"publisher":{"@id":"https:\/\/wobronietradycjiiwiary.com\/pl\/#organization"},"image":{"@id":"https:\/\/wobronietradycjiiwiary.com\/przed-nim-krocza-majestat-i-piekno-wizualne-wprowadzenie-do-mszy-trydenckiej-cz-7-z-16\/#primaryimage"},"thumbnailUrl":"https:\/\/wobronietradycjiiwiary.com\/wp-content\/uploads\/2020\/04\/a66b8eb860630f3502c97fb29fc5de6e.jpg","keywords":["DVD","jak odprawia\u0107 Msz\u0119 \u015awi\u0119t\u0105 Trydenck\u0105","Missa Tridentina","Msza Trydencka","Msza Wszechczas\u00f3w","offertorium","Premium","Suscipe sancte Pater","Wizualne wprowadzenie do Mszy Trydenckiej"],"articleSection":["Tridentina visualis"],"inLanguage":"en-US"},{"@type":"WebPage","@id":"https:\/\/wobronietradycjiiwiary.com\/przed-nim-krocza-majestat-i-piekno-wizualne-wprowadzenie-do-mszy-trydenckiej-cz-7-z-16\/","url":"https:\/\/wobronietradycjiiwiary.com\/przed-nim-krocza-majestat-i-piekno-wizualne-wprowadzenie-do-mszy-trydenckiej-cz-7-z-16\/","name":"\u201ePrzed Nim krocz\u0105 majestat i pi\u0119kno\u201d. Wizualne wprowadzenie do Mszy Trydenckiej. (cz. 7 z 16). Offertorium. Suscipe. - Tradycja i Wiara","isPartOf":{"@id":"https:\/\/wobronietradycjiiwiary.com\/pl\/#website"},"primaryImageOfPage":{"@id":"https:\/\/wobronietradycjiiwiary.com\/przed-nim-krocza-majestat-i-piekno-wizualne-wprowadzenie-do-mszy-trydenckiej-cz-7-z-16\/#primaryimage"},"image":{"@id":"https:\/\/wobronietradycjiiwiary.com\/przed-nim-krocza-majestat-i-piekno-wizualne-wprowadzenie-do-mszy-trydenckiej-cz-7-z-16\/#primaryimage"},"thumbnailUrl":"https:\/\/wobronietradycjiiwiary.com\/wp-content\/uploads\/2020\/04\/a66b8eb860630f3502c97fb29fc5de6e.jpg","datePublished":"2015-02-04T22:36:38+00:00","dateModified":"2025-12-23T16:50:39+00:00","description":"\u201ePrzed Nim krocz\u0105 majestat i pi\u0119kno\u201d. Wizualne wprowadzenie do Mszy Trydenckiej. (cz. 7 z 16). Offertorium. Suscipe. Msza Trydencka Ko\u015bci\u00f3\u0142 liturgia","breadcrumb":{"@id":"https:\/\/wobronietradycjiiwiary.com\/przed-nim-krocza-majestat-i-piekno-wizualne-wprowadzenie-do-mszy-trydenckiej-cz-7-z-16\/#breadcrumb"},"inLanguage":"en-US","potentialAction":[{"@type":"ReadAction","target":["https:\/\/wobronietradycjiiwiary.com\/przed-nim-krocza-majestat-i-piekno-wizualne-wprowadzenie-do-mszy-trydenckiej-cz-7-z-16\/"]}]},{"@type":"ImageObject","inLanguage":"en-US","@id":"https:\/\/wobronietradycjiiwiary.com\/przed-nim-krocza-majestat-i-piekno-wizualne-wprowadzenie-do-mszy-trydenckiej-cz-7-z-16\/#primaryimage","url":"https:\/\/wobronietradycjiiwiary.com\/wp-content\/uploads\/2020\/04\/a66b8eb860630f3502c97fb29fc5de6e.jpg","contentUrl":"https:\/\/wobronietradycjiiwiary.com\/wp-content\/uploads\/2020\/04\/a66b8eb860630f3502c97fb29fc5de6e.jpg","width":919,"height":1280,"caption":"\u201ePrzed Nim krocz\u0105 majestat i pi\u0119kno\u201d. Wizualne wprowadzenie do Mszy Trydenckiej. (cz. 12 z 16)"},{"@type":"BreadcrumbList","@id":"https:\/\/wobronietradycjiiwiary.com\/przed-nim-krocza-majestat-i-piekno-wizualne-wprowadzenie-do-mszy-trydenckiej-cz-7-z-16\/#breadcrumb","itemListElement":[{"@type":"ListItem","position":1,"name":"Strona g\u0142\u00f3wna","item":"https:\/\/wobronietradycjiiwiary.com\/"},{"@type":"ListItem","position":2,"name":"\u201ePrzed Nim krocz\u0105 majestat i pi\u0119kno\u201d. Wizualne wprowadzenie do Mszy Trydenckiej. (cz. 7 z 16)"}]},{"@type":"WebSite","@id":"https:\/\/wobronietradycjiiwiary.com\/pl\/#website","url":"https:\/\/wobronietradycjiiwiary.com\/pl\/","name":"Tradycja i Wiara","description":"Portal dla katolik\u00f3w.","publisher":{"@id":"https:\/\/wobronietradycjiiwiary.com\/pl\/#organization"},"potentialAction":[{"@type":"SearchAction","target":{"@type":"EntryPoint","urlTemplate":"https:\/\/wobronietradycjiiwiary.com\/pl\/?s={search_term_string}"},"query-input":{"@type":"PropertyValueSpecification","valueRequired":true,"valueName":"search_term_string"}}],"inLanguage":"en-US"},{"@type":"Organization","@id":"https:\/\/wobronietradycjiiwiary.com\/pl\/#organization","name":"Tradycja i Wiara","url":"https:\/\/wobronietradycjiiwiary.com\/pl\/","logo":{"@type":"ImageObject","inLanguage":"en-US","@id":"https:\/\/wobronietradycjiiwiary.com\/pl\/#\/schema\/logo\/image\/","url":"https:\/\/i0.wp.com\/wobronietradycjiiwiary.com\/wp-content\/uploads\/2015\/10\/cropped-st-peters-dome-vatican.jpg?fit=940%2C198&ssl=1","contentUrl":"https:\/\/i0.wp.com\/wobronietradycjiiwiary.com\/wp-content\/uploads\/2015\/10\/cropped-st-peters-dome-vatican.jpg?fit=940%2C198&ssl=1","width":940,"height":198,"caption":"Tradycja i Wiara"},"image":{"@id":"https:\/\/wobronietradycjiiwiary.com\/pl\/#\/schema\/logo\/image\/"},"sameAs":["https:\/\/www.facebook.com\/Tradycja-i-Wiara-108813920592249"]},{"@type":"Person","@id":"https:\/\/wobronietradycjiiwiary.com\/pl\/#\/schema\/person\/2d6180ce6abcb681fef0daab7816e8f3","name":"Traditio et Fides","sameAs":["https:\/\/traditionundglauben.com"],"url":"https:\/\/wobronietradycjiiwiary.com\/en\/author\/wobronietradycjiiwiary\/"}]}},"jetpack_publicize_connections":[],"jetpack_sharing_enabled":true,"jetpack_likes_enabled":true,"jetpack_shortlink":"https:\/\/wp.me\/pc04Sd-TN","jetpack-related-posts":[{"id":2531,"url":"https:\/\/wobronietradycjiiwiary.com\/en\/przed-nim-krocza-majestat-i-piekno-wizualne-wprowadzenie-do-mszy-trydenckiej-cz-2-z-16\/","url_meta":{"origin":3459,"position":0},"title":"\u201ePrzed Nim krocz\u0105 majestat i pi\u0119kno\u201d. Wizualne wprowadzenie do Mszy Trydenckiej. (cz. 2 z 16). Wst\u0119p (2). Przygotowania w zakrystii.","author":"Traditio et Fides","date":"29 October 2014","format":false,"excerpt":"Cykl ukazuj\u0105cy tre\u015b\u0107, form\u0119 i wizualne pi\u0119kno celebry Mszy Trydenckiej.","rel":"","context":"In &quot;Tridentina visualis&quot;","block_context":{"text":"Tridentina visualis","link":"https:\/\/wobronietradycjiiwiary.com\/en\/category\/duchowosc\/liturgia-i-liturgika\/msza-trydencka\/tridentina-visualis\/"},"img":{"alt_text":"","src":"https:\/\/i0.wp.com\/wobronietradycjiiwiary.com\/wp-content\/uploads\/2020\/04\/a66b8eb860630f3502c97fb29fc5de6e.jpg?resize=350%2C200&ssl=1","width":350,"height":200,"srcset":"https:\/\/i0.wp.com\/wobronietradycjiiwiary.com\/wp-content\/uploads\/2020\/04\/a66b8eb860630f3502c97fb29fc5de6e.jpg?resize=350%2C200&ssl=1 1x, https:\/\/i0.wp.com\/wobronietradycjiiwiary.com\/wp-content\/uploads\/2020\/04\/a66b8eb860630f3502c97fb29fc5de6e.jpg?resize=525%2C300&ssl=1 1.5x, https:\/\/i0.wp.com\/wobronietradycjiiwiary.com\/wp-content\/uploads\/2020\/04\/a66b8eb860630f3502c97fb29fc5de6e.jpg?resize=700%2C400&ssl=1 2x"},"classes":[]},{"id":4020,"url":"https:\/\/wobronietradycjiiwiary.com\/en\/przed-nim-krocza-majestat-i-piekno-wizualne-wprowadzenie-do-mszy-trydenckiej-cz-8-z-16\/","url_meta":{"origin":3459,"position":1},"title":"\u201ePrzed Nim krocz\u0105 majestat i pi\u0119kno\u201d. Wizualne wprowadzenie do Mszy Trydenckiej. (cz. 8 z 16). Offertorium. Deus, qui &#8211; Veni, sanctificator.","author":"Traditio et Fides","date":"24 February 2015","format":false,"excerpt":"Poni\u017cej przedstawiony fragment filmu ukazuje Offertorium czyli ofiarowanie Bogu przygotowanego wina i wody, kt\u00f3re po Przeistoczeniu stan\u0105 si\u0119 najdoskonalsz\u0105 Ofiar\u0105 z Cia\u0142a i Krwi Jego Syna. S\u0142owa kap\u0142ana oddaj\u0105 ogromny szacunek, cze\u015b\u0107 i wyra\u017caj\u0105 doskonale obecnie zapomnian\u0105 prawd\u0119: O\u0142tarz symbolizuj\u0105cy Chrystusa, na kt\u00f3rym dokonuje si\u0119 konsekracja chleba i wina w\u2026","rel":"","context":"In &quot;Tridentina visualis&quot;","block_context":{"text":"Tridentina visualis","link":"https:\/\/wobronietradycjiiwiary.com\/en\/category\/duchowosc\/liturgia-i-liturgika\/msza-trydencka\/tridentina-visualis\/"},"img":{"alt_text":"","src":"https:\/\/i0.wp.com\/wobronietradycjiiwiary.com\/wp-content\/uploads\/2020\/04\/a66b8eb860630f3502c97fb29fc5de6e.jpg?resize=350%2C200&ssl=1","width":350,"height":200,"srcset":"https:\/\/i0.wp.com\/wobronietradycjiiwiary.com\/wp-content\/uploads\/2020\/04\/a66b8eb860630f3502c97fb29fc5de6e.jpg?resize=350%2C200&ssl=1 1x, https:\/\/i0.wp.com\/wobronietradycjiiwiary.com\/wp-content\/uploads\/2020\/04\/a66b8eb860630f3502c97fb29fc5de6e.jpg?resize=525%2C300&ssl=1 1.5x, https:\/\/i0.wp.com\/wobronietradycjiiwiary.com\/wp-content\/uploads\/2020\/04\/a66b8eb860630f3502c97fb29fc5de6e.jpg?resize=700%2C400&ssl=1 2x"},"classes":[]},{"id":2931,"url":"https:\/\/wobronietradycjiiwiary.com\/en\/przed-nim-krocza-majestat-i-piekno-wizualne-wprowadzenie-do-mszy-trydenckiej-cz-5-z-16\/","url_meta":{"origin":3459,"position":2},"title":"\u201ePrzed Nim krocz\u0105 majestat i pi\u0119kno\u201d. Wizualne wprowadzenie do Mszy Trydenckiej. (cz. 5 z 16). Gloria.","author":"Traditio et Fides","date":"10 December 2014","format":false,"excerpt":"Ukazany w poni\u017cszym\u00a0 filmie fragment Mszy \u015awi\u0119tej zawiera moment dzi\u0119kczynienia Bogu za wszystkie dary, jakie otrzymujemy od Przenaj\u015bwi\u0119tszej Tr\u00f3jcy. Zwr\u00f3\u0107my po raz kolejny uwag\u0119 na to, jak ka\u017cdy gest cia\u0142a oddaje jedno\u015b\u0107 \u015bwiata duchowego i materialnego. Cia\u0142o celebransa jest elementem duchowego porz\u0105dku, gdy poprzez ka\u017cd\u0105 czynno\u015b\u0107, bior\u0105c udzia\u0142 w prze\u017cywaniu\u2026","rel":"","context":"In &quot;Msza Trydencka&quot;","block_context":{"text":"Msza Trydencka","link":"https:\/\/wobronietradycjiiwiary.com\/en\/category\/duchowosc\/liturgia-i-liturgika\/msza-trydencka\/"},"img":{"alt_text":"","src":"https:\/\/i0.wp.com\/wobronietradycjiiwiary.com\/wp-content\/uploads\/2020\/04\/a66b8eb860630f3502c97fb29fc5de6e.jpg?resize=350%2C200&ssl=1","width":350,"height":200,"srcset":"https:\/\/i0.wp.com\/wobronietradycjiiwiary.com\/wp-content\/uploads\/2020\/04\/a66b8eb860630f3502c97fb29fc5de6e.jpg?resize=350%2C200&ssl=1 1x, https:\/\/i0.wp.com\/wobronietradycjiiwiary.com\/wp-content\/uploads\/2020\/04\/a66b8eb860630f3502c97fb29fc5de6e.jpg?resize=525%2C300&ssl=1 1.5x, https:\/\/i0.wp.com\/wobronietradycjiiwiary.com\/wp-content\/uploads\/2020\/04\/a66b8eb860630f3502c97fb29fc5de6e.jpg?resize=700%2C400&ssl=1 2x"},"classes":[]},{"id":2797,"url":"https:\/\/wobronietradycjiiwiary.com\/en\/przed-nim-krocza-majestat-i-piekno-wizualne-wprowadzenie-do-mszy-trydenckiej-cz-4-z-16\/","url_meta":{"origin":3459,"position":3},"title":"\u201ePrzed Nim krocz\u0105 majestat i pi\u0119kno\u201d. Wizualne wprowadzenie do Mszy Trydenckiej. (cz. 4 z 16). Modlitwy u stopni o\u0142tarza. Confiteor","author":"Traditio et Fides","date":"26 November 2014","format":false,"excerpt":"Kolejny fragment ukazuje ruchy, gesty i s\u0142owa modlitwy u st\u00f3p o\u0142tarza b\u0119d\u0105cej pierwsz\u0105, wprowadzaj\u0105c\u0105 cz\u0119\u015bci\u0105 tzw. Mszy Katechumen\u00f3w. Zwr\u00f3\u0107my uwag\u0119 na precyzj\u0119 i choreografi\u0119 ruch\u00f3w zar\u00f3wno kap\u0142ana jak i ministranta, kt\u00f3re oddaj\u0105 w ka\u017cdym szczeg\u00f3le cze\u015b\u0107 nale\u017cn\u0105 naj\u015bwi\u0119tszym tajemnicom naszej wiary. J\u0119zyk cia\u0142a staje si\u0119 j\u0119zykiem liturgii, a ta wyra\u017ca\u2026","rel":"","context":"In &quot;Msza Trydencka&quot;","block_context":{"text":"Msza Trydencka","link":"https:\/\/wobronietradycjiiwiary.com\/en\/category\/duchowosc\/liturgia-i-liturgika\/msza-trydencka\/"},"img":{"alt_text":"","src":"https:\/\/i0.wp.com\/wobronietradycjiiwiary.com\/wp-content\/uploads\/2020\/04\/a66b8eb860630f3502c97fb29fc5de6e.jpg?resize=350%2C200&ssl=1","width":350,"height":200,"srcset":"https:\/\/i0.wp.com\/wobronietradycjiiwiary.com\/wp-content\/uploads\/2020\/04\/a66b8eb860630f3502c97fb29fc5de6e.jpg?resize=350%2C200&ssl=1 1x, https:\/\/i0.wp.com\/wobronietradycjiiwiary.com\/wp-content\/uploads\/2020\/04\/a66b8eb860630f3502c97fb29fc5de6e.jpg?resize=525%2C300&ssl=1 1.5x, https:\/\/i0.wp.com\/wobronietradycjiiwiary.com\/wp-content\/uploads\/2020\/04\/a66b8eb860630f3502c97fb29fc5de6e.jpg?resize=700%2C400&ssl=1 2x"},"classes":[]},{"id":2667,"url":"https:\/\/wobronietradycjiiwiary.com\/en\/przed-nim-krocza-majestat-i-piekno-wizualne-wprowadzenie-do-mszy-trydenckiej-cz-3-z-16\/","url_meta":{"origin":3459,"position":4},"title":"\u201ePrzed Nim krocz\u0105 majestat i pi\u0119kno\u201d. Wizualne wprowadzenie do Mszy Trydenckiej. (3 z 16). Gesty przy o\u0142tarzu","author":"Traditio et Fides","date":"12 November 2014","format":false,"excerpt":"Poni\u017cszy film ukazuje pieczo\u0142owito\u015b\u0107, z kt\u00f3r\u0105 wszelkie detale przed rozpocz\u0119ciem Mszy \u015awi\u0119tej s\u0105 przygotowywane. Ka\u017cdy gest i przedmiot maj\u0105 w\u0142a\u015bciwe miejsce oraz podkre\u015blaj\u0105 godno\u015b\u0107 i wielko\u015b\u0107 tajemnic, kt\u00f3rych celebracja rozpocznie si\u0119 za moment. \/wotiw\/","rel":"","context":"In &quot;Tridentina visualis&quot;","block_context":{"text":"Tridentina visualis","link":"https:\/\/wobronietradycjiiwiary.com\/en\/category\/duchowosc\/liturgia-i-liturgika\/msza-trydencka\/tridentina-visualis\/"},"img":{"alt_text":"","src":"https:\/\/i0.wp.com\/wobronietradycjiiwiary.com\/wp-content\/uploads\/2020\/04\/a66b8eb860630f3502c97fb29fc5de6e.jpg?resize=350%2C200&ssl=1","width":350,"height":200,"srcset":"https:\/\/i0.wp.com\/wobronietradycjiiwiary.com\/wp-content\/uploads\/2020\/04\/a66b8eb860630f3502c97fb29fc5de6e.jpg?resize=350%2C200&ssl=1 1x, https:\/\/i0.wp.com\/wobronietradycjiiwiary.com\/wp-content\/uploads\/2020\/04\/a66b8eb860630f3502c97fb29fc5de6e.jpg?resize=525%2C300&ssl=1 1.5x, https:\/\/i0.wp.com\/wobronietradycjiiwiary.com\/wp-content\/uploads\/2020\/04\/a66b8eb860630f3502c97fb29fc5de6e.jpg?resize=700%2C400&ssl=1 2x"},"classes":[]},{"id":3027,"url":"https:\/\/wobronietradycjiiwiary.com\/en\/przed-nim-krocza-majestat-i-piekno-wizualne-wprowadzenie-do-mszy-trydenckiej-cz-6-z-16\/","url_meta":{"origin":3459,"position":5},"title":"\u201ePrzed Nim krocz\u0105 majestat i pi\u0119kno\u201d. Wizualne wprowadzenie do Mszy Trydenckiej. (cz. 6 z 16). Munda me, Ewangelia i Credo.","author":"Traditio et Fides","date":"21 December 2014","format":false,"excerpt":"Ukazany na filmie moment przedstawia obrz\u0119dy okalaj\u0105ce moment czytania Ewangelii i wyznanie wiary.\u00a0 Kap\u0142an po raz pierwszy podczas Mszy \u015awi\u0119tej ze czci\u0105 podnosi oczy ku Krzy\u017cowi, modli si\u0119 o czyste my\u015bli, czyste usta i serce, godne obcowania ze S\u0142owem Bo\u017cym i karmienia nim innych. Gesty i s\u0142owa uwidaczniaj\u0105\u00a0 bezcenn\u0105 warto\u015b\u0107\u2026","rel":"","context":"In &quot;Tridentina visualis&quot;","block_context":{"text":"Tridentina visualis","link":"https:\/\/wobronietradycjiiwiary.com\/en\/category\/duchowosc\/liturgia-i-liturgika\/msza-trydencka\/tridentina-visualis\/"},"img":{"alt_text":"","src":"https:\/\/i0.wp.com\/wobronietradycjiiwiary.com\/wp-content\/uploads\/2020\/04\/a66b8eb860630f3502c97fb29fc5de6e.jpg?resize=350%2C200&ssl=1","width":350,"height":200,"srcset":"https:\/\/i0.wp.com\/wobronietradycjiiwiary.com\/wp-content\/uploads\/2020\/04\/a66b8eb860630f3502c97fb29fc5de6e.jpg?resize=350%2C200&ssl=1 1x, https:\/\/i0.wp.com\/wobronietradycjiiwiary.com\/wp-content\/uploads\/2020\/04\/a66b8eb860630f3502c97fb29fc5de6e.jpg?resize=525%2C300&ssl=1 1.5x, https:\/\/i0.wp.com\/wobronietradycjiiwiary.com\/wp-content\/uploads\/2020\/04\/a66b8eb860630f3502c97fb29fc5de6e.jpg?resize=700%2C400&ssl=1 2x"},"classes":[]}],"amp_enabled":true,"jetpack_featured_media_url":"https:\/\/wobronietradycjiiwiary.com\/wp-content\/uploads\/2020\/04\/a66b8eb860630f3502c97fb29fc5de6e.jpg","_links":{"self":[{"href":"https:\/\/wobronietradycjiiwiary.com\/en\/wp-json\/wp\/v2\/posts\/3459","targetHints":{"allow":["GET"]}}],"collection":[{"href":"https:\/\/wobronietradycjiiwiary.com\/en\/wp-json\/wp\/v2\/posts"}],"about":[{"href":"https:\/\/wobronietradycjiiwiary.com\/en\/wp-json\/wp\/v2\/types\/post"}],"author":[{"embeddable":true,"href":"https:\/\/wobronietradycjiiwiary.com\/en\/wp-json\/wp\/v2\/users\/60508433"}],"replies":[{"embeddable":true,"href":"https:\/\/wobronietradycjiiwiary.com\/en\/wp-json\/wp\/v2\/comments?post=3459"}],"version-history":[{"count":2,"href":"https:\/\/wobronietradycjiiwiary.com\/en\/wp-json\/wp\/v2\/posts\/3459\/revisions"}],"predecessor-version":[{"id":157979,"href":"https:\/\/wobronietradycjiiwiary.com\/en\/wp-json\/wp\/v2\/posts\/3459\/revisions\/157979"}],"wp:featuredmedia":[{"embeddable":true,"href":"https:\/\/wobronietradycjiiwiary.com\/en\/wp-json\/wp\/v2\/media\/27891"}],"wp:attachment":[{"href":"https:\/\/wobronietradycjiiwiary.com\/en\/wp-json\/wp\/v2\/media?parent=3459"}],"wp:term":[{"taxonomy":"category","embeddable":true,"href":"https:\/\/wobronietradycjiiwiary.com\/en\/wp-json\/wp\/v2\/categories?post=3459"},{"taxonomy":"post_tag","embeddable":true,"href":"https:\/\/wobronietradycjiiwiary.com\/en\/wp-json\/wp\/v2\/tags?post=3459"}],"curies":[{"name":"wp","href":"https:\/\/api.w.org\/{rel}","templated":true}]}}