{"id":30281,"date":"2020-06-01T08:00:51","date_gmt":"2020-06-01T06:00:51","guid":{"rendered":"https:\/\/wobronietradycjiiwiary.com\/?p=30281"},"modified":"2025-02-07T15:48:15","modified_gmt":"2025-02-07T14:48:15","slug":"kard-bona-o-rozpoznawaniu-duchow-75-przejmowanie-sterow-i-nierobstwo","status":"publish","type":"post","link":"https:\/\/wobronietradycjiiwiary.com\/en\/kard-bona-o-rozpoznawaniu-duchow-75-przejmowanie-sterow-i-nierobstwo\/","title":{"rendered":"Kard. Bona. \u201eO rozpoznawaniu duch\u00f3w\u201d (75). Przejmowanie ster\u00f3w i nier\u00f3bstwo."},"content":{"rendered":"<div id=\"bsf_rt_marker\"><\/div><p>Z\u0142y duch dzia\u0142a jak program trackingowy przejmuj\u0105cy cudzy komputer. Udaje przyjaciela, ale jest wrogiem. Kardyna\u0142 Bona pisze w skr\u00f3cie to,&hellip;<\/p>\n<div style=\"text-align: center\">\n<p>&nbsp;<\/p>\n<\/div>\n<h2 style=\"border: 5px solid #0000A0;padding: 1em;text-align: center\"><span style=\"color: #000000\">Pe\u0142en dost\u0119p dla <span style=\"color: #00ccff\"><a style=\"color: #00ccff\" href=\"https:\/\/wobronietradycjiiwiary.com\/en\/subskrypcje-2\/\" target=\"_blank\" rel=\"noopener\">subskrybent\u00f3w<\/a><\/span>.<\/span><br \/>\n<span style=\"color: #3366ff\"><a style=\"color: #3366ff\" href=\"https:\/\/wobronietradycjiiwiary.com\/en\/account\/login\/\" target=\"_blank\" rel=\"noopener\"><span style=\"color: #00ccff\">Zaloguj<\/span><\/a> <\/span>si\u0119 lub przejd\u017a do <a href=\"https:\/\/wobronietradycjiiwiary.com\/en\/register\/\"><span style=\"color: #3366ff\">Rejestracji<\/span><\/a>.<\/h2>\n<div>\n<p style=\"text-align: center\"><a href=\"https:\/\/wobronietradycjiiwiary.com\/en\/subskrypcje-2\/cennik\/\" target=\"_blank\" rel=\"noopener\"><span style=\"color: #000080;font-size: 24pt\"><strong>Nowe ni\u017csze ceny<\/strong><\/span><\/a><\/p>\n<p style=\"text-align: center\"><strong><span style=\"font-size: 18pt;color: #000080\">P\u0142atno\u015b\u0107 kart\u0105<\/span><\/strong><\/p>\n<\/div>\n<h3 style=\"text-align: center\"><a href=\"https:\/\/wobronietradycjiiwiary.com\/en\/subskrypcje-2\/automatyczne\/indywidualne\/\" target=\"_blank\" rel=\"noopener\"><img fetchpriority=\"high\" decoding=\"async\" class=\"alignnone size-medium wp-image-80433\" src=\"https:\/\/wobronietradycjiiwiary.com\/wp-content\/uploads\/2022\/11\/Unbenannt-1-Online-1-300x202.jpg\" alt=\"\" width=\"300\" height=\"202\" srcset=\"https:\/\/wobronietradycjiiwiary.com\/wp-content\/uploads\/2022\/11\/Unbenannt-1-Online-1-300x202.jpg 300w, https:\/\/wobronietradycjiiwiary.com\/wp-content\/uploads\/2022\/11\/Unbenannt-1-Online-1-150x101.jpg 150w, https:\/\/wobronietradycjiiwiary.com\/wp-content\/uploads\/2022\/11\/Unbenannt-1-Online-1-18x12.jpg 18w, https:\/\/wobronietradycjiiwiary.com\/wp-content\/uploads\/2022\/11\/Unbenannt-1-Online-1.jpg 446w\" sizes=\"(max-width: 300px) 100vw, 300px\" \/><\/a><\/h3>\n<p style=\"text-align: center\"><strong><span style=\"font-size: 18pt;color: #000080\">P\u0142atno\u015b\u0107 przelewem<\/span><\/strong><\/p>\n<p><a href=\"https:\/\/wobronietradycjiiwiary.com\/en\/subskrypcje-2\/automatyczne\/indywidualne\/\" target=\"_blank\" rel=\"noopener\"><img decoding=\"async\" class=\"size-medium wp-image-80434 aligncenter\" src=\"https:\/\/wobronietradycjiiwiary.com\/wp-content\/uploads\/2022\/11\/Unbenannt-1-Przelewem-300x137.jpg\" alt=\"\" width=\"300\" height=\"137\" srcset=\"https:\/\/wobronietradycjiiwiary.com\/wp-content\/uploads\/2022\/11\/Unbenannt-1-Przelewem-300x137.jpg 300w, https:\/\/wobronietradycjiiwiary.com\/wp-content\/uploads\/2022\/11\/Unbenannt-1-Przelewem-450x206.jpg 450w, https:\/\/wobronietradycjiiwiary.com\/wp-content\/uploads\/2022\/11\/Unbenannt-1-Przelewem-600x274.jpg 600w, https:\/\/wobronietradycjiiwiary.com\/wp-content\/uploads\/2022\/11\/Unbenannt-1-Przelewem-150x69.jpg 150w, https:\/\/wobronietradycjiiwiary.com\/wp-content\/uploads\/2022\/11\/Unbenannt-1-Przelewem-18x8.jpg 18w, https:\/\/wobronietradycjiiwiary.com\/wp-content\/uploads\/2022\/11\/Unbenannt-1-Przelewem.jpg 676w\" sizes=\"(max-width: 300px) 100vw, 300px\" \/><\/a><\/p>\n<p style=\"text-align: center\"><strong><span style=\"font-size: 18pt;color: #000080\">P\u0142atno\u015b\u0107 kart\u0105 do 6 os\u00f3b<\/span><\/strong><\/p>\n<p><a href=\"https:\/\/wobronietradycjiiwiary.com\/en\/rodzinne\/\" target=\"_blank\" rel=\"noopener\"><img decoding=\"async\" class=\"size-medium wp-image-80435 aligncenter\" src=\"https:\/\/wobronietradycjiiwiary.com\/wp-content\/uploads\/2022\/11\/Unbenannt-1-Rodzinna-300x208.jpg\" alt=\"\" width=\"300\" height=\"208\" srcset=\"https:\/\/wobronietradycjiiwiary.com\/wp-content\/uploads\/2022\/11\/Unbenannt-1-Rodzinna-300x208.jpg 300w, https:\/\/wobronietradycjiiwiary.com\/wp-content\/uploads\/2022\/11\/Unbenannt-1-Rodzinna-150x104.jpg 150w, https:\/\/wobronietradycjiiwiary.com\/wp-content\/uploads\/2022\/11\/Unbenannt-1-Rodzinna-18x12.jpg 18w, https:\/\/wobronietradycjiiwiary.com\/wp-content\/uploads\/2022\/11\/Unbenannt-1-Rodzinna.jpg 448w\" sizes=\"(max-width: 300px) 100vw, 300px\" \/><\/a><\/p>\n<h3 style=\"text-align: center\"><\/h3>\n<h1 style=\"text-align: center\"><\/h1>","protected":false},"excerpt":{"rendered":"<p>Z\u0142y duch dzia\u0142a jak program trackingowy przejmuj\u0105cy cudzy komputer. Udaje przyjaciela, ale jest wrogiem. Kardyna\u0142 Bona pisze w skr\u00f3cie to,&hellip; &nbsp; Pe\u0142en dost\u0119p dla subskrybent\u00f3w. Zaloguj si\u0119 lub przejd\u017a do Rejestracji. Nowe ni\u017csze ceny P\u0142atno\u015b\u0107 kart\u0105 P\u0142atno\u015b\u0107 przelewem P\u0142atno\u015b\u0107 kart\u0105 do 6 os\u00f3b<\/p>","protected":false},"author":60508433,"featured_media":25528,"comment_status":"open","ping_status":"closed","sticky":false,"template":"","format":"standard","meta":{"_bbp_topic_count":0,"_bbp_reply_count":0,"_bbp_total_topic_count":0,"_bbp_total_reply_count":0,"_bbp_voice_count":0,"_bbp_anonymous_reply_count":0,"_bbp_topic_count_hidden":0,"_bbp_reply_count_hidden":0,"_bbp_forum_subforum_count":0,"_editorskit_title_hidden":false,"_editorskit_reading_time":0,"_editorskit_is_block_options_detached":false,"_editorskit_block_options_position":"{}","_coblocks_attr":"","_coblocks_dimensions":"","_coblocks_responsive_height":"","_coblocks_accordion_ie_support":"","_exactmetrics_skip_tracking":false,"_jetpack_newsletter_access":"","_jetpack_dont_email_post_to_subs":false,"_jetpack_newsletter_tier_id":0,"_jetpack_memberships_contains_paywalled_content":false,"_wpcom_ai_launchpad_first_post":false,"_jetpack_feature_clip_id":0,"_jetpack_memberships_contains_paid_content":false,"footnotes":"","jetpack_publicize_message":"{title}\n\n{excerpt}\n\n{url}","jetpack_publicize_feature_enabled":true,"jetpack_social_post_already_shared":true,"jetpack_social_options":{"image_generator_settings":{"template":"highway","default_image_id":0,"font":"","enabled":false},"version":2},"_wpas_customize_per_network":false,"jetpack_post_was_ever_published":false},"categories":[610133091,610131214,610131184,329678044],"tags":[610131761,610131762,610132133,7979397],"class_list":["post-30281","post","type-post","status-publish","format-standard","has-post-thumbnail","hentry","category-rozeznawanie-duchow","category-autorzy","category-duchowosc","category-kardynal-bona","tag-homeostaza","tag-nierobstwo","tag-restricted","tag-zly-duch"],"yoast_head":"<!-- This site is optimized with the Yoast SEO plugin v28.4 - https:\/\/yoast.com\/product\/yoast-seo-wordpress\/ -->\n<title>Kard. Bona. \u201eO rozpoznawaniu duch\u00f3w\u201d (75). Przejmowanie ster\u00f3w i nier\u00f3bstwo. - Tradycja i Wiara<\/title>\n<meta name=\"robots\" content=\"index, follow, max-snippet:-1, max-image-preview:large, max-video-preview:-1\" \/>\n<link rel=\"canonical\" href=\"https:\/\/wobronietradycjiiwiary.com\/en\/kard-bona-o-rozpoznawaniu-duchow-75-przejmowanie-sterow-i-nierobstwo\/\" \/>\n<meta property=\"og:locale\" content=\"en_US\" \/>\n<meta property=\"og:type\" content=\"article\" \/>\n<meta property=\"og:title\" content=\"Kard. Bona. \u201eO rozpoznawaniu duch\u00f3w\u201d (75). Przejmowanie ster\u00f3w i nier\u00f3bstwo. - Tradycja i Wiara\" \/>\n<meta property=\"og:description\" content=\"Z\u0142y duch dzia\u0142a jak program trackingowy przejmuj\u0105cy cudzy komputer. Udaje przyjaciela, ale jest wrogiem. Kardyna\u0142 Bona pisze w skr\u00f3cie to,&hellip; &nbsp; Pe\u0142en dost\u0119p dla subskrybent\u00f3w. Zaloguj si\u0119 lub przejd\u017a do Rejestracji. Nowe ni\u017csze ceny P\u0142atno\u015b\u0107 kart\u0105 P\u0142atno\u015b\u0107 przelewem P\u0142atno\u015b\u0107 kart\u0105 do 6 os\u00f3b\" \/>\n<meta property=\"og:url\" content=\"https:\/\/wobronietradycjiiwiary.com\/en\/kard-bona-o-rozpoznawaniu-duchow-75-przejmowanie-sterow-i-nierobstwo\/\" \/>\n<meta property=\"og:site_name\" content=\"Tradycja i Wiara\" \/>\n<meta property=\"article:publisher\" content=\"https:\/\/www.facebook.com\/Tradycja-i-Wiara-108813920592249\" \/>\n<meta property=\"article:published_time\" content=\"2020-06-01T06:00:51+00:00\" \/>\n<meta property=\"article:modified_time\" content=\"2025-02-07T14:48:15+00:00\" \/>\n<meta property=\"og:image\" content=\"https:\/\/wobronietradycjiiwiary.com\/wp-content\/uploads\/2019\/12\/29183e5c6fd59bc5a33a573a12632224.jpg\" \/>\n\t<meta property=\"og:image:width\" content=\"1280\" \/>\n\t<meta property=\"og:image:height\" content=\"1490\" \/>\n\t<meta property=\"og:image:type\" content=\"image\/jpeg\" \/>\n<meta name=\"author\" content=\"Traditio et Fides\" \/>\n<meta name=\"twitter:card\" content=\"summary_large_image\" \/>\n<meta name=\"twitter:label1\" content=\"Written by\" \/>\n\t<meta name=\"twitter:data1\" content=\"Traditio et Fides\" \/>\n\t<meta name=\"twitter:label2\" content=\"Est. reading time\" \/>\n\t<meta name=\"twitter:data2\" content=\"2 minutes\" \/>\n<script type=\"application\/ld+json\" class=\"yoast-schema-graph\">{\"@context\":\"https:\\\/\\\/schema.org\",\"@graph\":[{\"@type\":\"Article\",\"@id\":\"https:\\\/\\\/wobronietradycjiiwiary.com\\\/kard-bona-o-rozpoznawaniu-duchow-75-przejmowanie-sterow-i-nierobstwo\\\/#article\",\"isPartOf\":{\"@id\":\"https:\\\/\\\/wobronietradycjiiwiary.com\\\/kard-bona-o-rozpoznawaniu-duchow-75-przejmowanie-sterow-i-nierobstwo\\\/\"},\"author\":{\"name\":\"Traditio et Fides\",\"@id\":\"https:\\\/\\\/wobronietradycjiiwiary.com\\\/pl\\\/#\\\/schema\\\/person\\\/2d6180ce6abcb681fef0daab7816e8f3\"},\"headline\":\"Kard. Bona. \u201eO rozpoznawaniu duch\u00f3w\u201d (75). Przejmowanie ster\u00f3w i nier\u00f3bstwo.\",\"datePublished\":\"2020-06-01T06:00:51+00:00\",\"dateModified\":\"2025-02-07T14:48:15+00:00\",\"mainEntityOfPage\":{\"@id\":\"https:\\\/\\\/wobronietradycjiiwiary.com\\\/kard-bona-o-rozpoznawaniu-duchow-75-przejmowanie-sterow-i-nierobstwo\\\/\"},\"wordCount\":488,\"commentCount\":0,\"publisher\":{\"@id\":\"https:\\\/\\\/wobronietradycjiiwiary.com\\\/pl\\\/#organization\"},\"image\":{\"@id\":\"https:\\\/\\\/wobronietradycjiiwiary.com\\\/kard-bona-o-rozpoznawaniu-duchow-75-przejmowanie-sterow-i-nierobstwo\\\/#primaryimage\"},\"thumbnailUrl\":\"https:\\\/\\\/wobronietradycjiiwiary.com\\\/wp-content\\\/uploads\\\/2019\\\/12\\\/29183e5c6fd59bc5a33a573a12632224.jpg\",\"keywords\":[\"homeostaza\",\"nier\u00f3bstwo\",\"Restricted\",\"Z\u0142y duch\"],\"articleSection\":[\"\\\"Rozeznawanie duch\u00f3w\\\"\",\"Autorzy \u017cycia duchowego\",\"Duchowo\u015b\u0107\",\"Kardyna\u0142 Bona\"],\"inLanguage\":\"en-US\",\"potentialAction\":[{\"@type\":\"CommentAction\",\"name\":\"Comment\",\"target\":[\"https:\\\/\\\/wobronietradycjiiwiary.com\\\/kard-bona-o-rozpoznawaniu-duchow-75-przejmowanie-sterow-i-nierobstwo\\\/#respond\"]}]},{\"@type\":\"WebPage\",\"@id\":\"https:\\\/\\\/wobronietradycjiiwiary.com\\\/kard-bona-o-rozpoznawaniu-duchow-75-przejmowanie-sterow-i-nierobstwo\\\/\",\"url\":\"https:\\\/\\\/wobronietradycjiiwiary.com\\\/kard-bona-o-rozpoznawaniu-duchow-75-przejmowanie-sterow-i-nierobstwo\\\/\",\"name\":\"Kard. Bona. \u201eO rozpoznawaniu duch\u00f3w\u201d (75). Przejmowanie ster\u00f3w i nier\u00f3bstwo. - Tradycja i Wiara\",\"isPartOf\":{\"@id\":\"https:\\\/\\\/wobronietradycjiiwiary.com\\\/pl\\\/#website\"},\"primaryImageOfPage\":{\"@id\":\"https:\\\/\\\/wobronietradycjiiwiary.com\\\/kard-bona-o-rozpoznawaniu-duchow-75-przejmowanie-sterow-i-nierobstwo\\\/#primaryimage\"},\"image\":{\"@id\":\"https:\\\/\\\/wobronietradycjiiwiary.com\\\/kard-bona-o-rozpoznawaniu-duchow-75-przejmowanie-sterow-i-nierobstwo\\\/#primaryimage\"},\"thumbnailUrl\":\"https:\\\/\\\/wobronietradycjiiwiary.com\\\/wp-content\\\/uploads\\\/2019\\\/12\\\/29183e5c6fd59bc5a33a573a12632224.jpg\",\"datePublished\":\"2020-06-01T06:00:51+00:00\",\"dateModified\":\"2025-02-07T14:48:15+00:00\",\"breadcrumb\":{\"@id\":\"https:\\\/\\\/wobronietradycjiiwiary.com\\\/kard-bona-o-rozpoznawaniu-duchow-75-przejmowanie-sterow-i-nierobstwo\\\/#breadcrumb\"},\"inLanguage\":\"en-US\",\"potentialAction\":[{\"@type\":\"ReadAction\",\"target\":[\"https:\\\/\\\/wobronietradycjiiwiary.com\\\/kard-bona-o-rozpoznawaniu-duchow-75-przejmowanie-sterow-i-nierobstwo\\\/\"]}]},{\"@type\":\"ImageObject\",\"inLanguage\":\"en-US\",\"@id\":\"https:\\\/\\\/wobronietradycjiiwiary.com\\\/kard-bona-o-rozpoznawaniu-duchow-75-przejmowanie-sterow-i-nierobstwo\\\/#primaryimage\",\"url\":\"https:\\\/\\\/wobronietradycjiiwiary.com\\\/wp-content\\\/uploads\\\/2019\\\/12\\\/29183e5c6fd59bc5a33a573a12632224.jpg\",\"contentUrl\":\"https:\\\/\\\/wobronietradycjiiwiary.com\\\/wp-content\\\/uploads\\\/2019\\\/12\\\/29183e5c6fd59bc5a33a573a12632224.jpg\",\"width\":1280,\"height\":1490},{\"@type\":\"BreadcrumbList\",\"@id\":\"https:\\\/\\\/wobronietradycjiiwiary.com\\\/kard-bona-o-rozpoznawaniu-duchow-75-przejmowanie-sterow-i-nierobstwo\\\/#breadcrumb\",\"itemListElement\":[{\"@type\":\"ListItem\",\"position\":1,\"name\":\"Strona g\u0142\u00f3wna\",\"item\":\"https:\\\/\\\/wobronietradycjiiwiary.com\\\/\"},{\"@type\":\"ListItem\",\"position\":2,\"name\":\"Kard. Bona. \u201eO rozpoznawaniu duch\u00f3w\u201d (75). Przejmowanie ster\u00f3w i nier\u00f3bstwo.\"}]},{\"@type\":\"WebSite\",\"@id\":\"https:\\\/\\\/wobronietradycjiiwiary.com\\\/pl\\\/#website\",\"url\":\"https:\\\/\\\/wobronietradycjiiwiary.com\\\/pl\\\/\",\"name\":\"Tradycja i Wiara\",\"description\":\"Portal dla katolik\u00f3w.\",\"publisher\":{\"@id\":\"https:\\\/\\\/wobronietradycjiiwiary.com\\\/pl\\\/#organization\"},\"potentialAction\":[{\"@type\":\"SearchAction\",\"target\":{\"@type\":\"EntryPoint\",\"urlTemplate\":\"https:\\\/\\\/wobronietradycjiiwiary.com\\\/pl\\\/?s={search_term_string}\"},\"query-input\":{\"@type\":\"PropertyValueSpecification\",\"valueRequired\":true,\"valueName\":\"search_term_string\"}}],\"inLanguage\":\"en-US\"},{\"@type\":\"Organization\",\"@id\":\"https:\\\/\\\/wobronietradycjiiwiary.com\\\/pl\\\/#organization\",\"name\":\"Tradycja i Wiara\",\"url\":\"https:\\\/\\\/wobronietradycjiiwiary.com\\\/pl\\\/\",\"logo\":{\"@type\":\"ImageObject\",\"inLanguage\":\"en-US\",\"@id\":\"https:\\\/\\\/wobronietradycjiiwiary.com\\\/pl\\\/#\\\/schema\\\/logo\\\/image\\\/\",\"url\":\"https:\\\/\\\/i0.wp.com\\\/wobronietradycjiiwiary.com\\\/wp-content\\\/uploads\\\/2015\\\/10\\\/cropped-st-peters-dome-vatican.jpg?fit=940%2C198&ssl=1\",\"contentUrl\":\"https:\\\/\\\/i0.wp.com\\\/wobronietradycjiiwiary.com\\\/wp-content\\\/uploads\\\/2015\\\/10\\\/cropped-st-peters-dome-vatican.jpg?fit=940%2C198&ssl=1\",\"width\":940,\"height\":198,\"caption\":\"Tradycja i Wiara\"},\"image\":{\"@id\":\"https:\\\/\\\/wobronietradycjiiwiary.com\\\/pl\\\/#\\\/schema\\\/logo\\\/image\\\/\"},\"sameAs\":[\"https:\\\/\\\/www.facebook.com\\\/Tradycja-i-Wiara-108813920592249\"]},{\"@type\":\"Person\",\"@id\":\"https:\\\/\\\/wobronietradycjiiwiary.com\\\/pl\\\/#\\\/schema\\\/person\\\/2d6180ce6abcb681fef0daab7816e8f3\",\"name\":\"Traditio et Fides\",\"sameAs\":[\"https:\\\/\\\/traditionundglauben.com\"],\"url\":\"https:\\\/\\\/wobronietradycjiiwiary.com\\\/en\\\/author\\\/wobronietradycjiiwiary\\\/\"}]}<\/script>\n<!-- \/ Yoast SEO plugin. -->","yoast_head_json":{"title":"Kard. Bona. \u201eO rozpoznawaniu duch\u00f3w\u201d (75). Przejmowanie ster\u00f3w i nier\u00f3bstwo. - Tradycja i Wiara","robots":{"index":"index","follow":"follow","max-snippet":"max-snippet:-1","max-image-preview":"max-image-preview:large","max-video-preview":"max-video-preview:-1"},"canonical":"https:\/\/wobronietradycjiiwiary.com\/en\/kard-bona-o-rozpoznawaniu-duchow-75-przejmowanie-sterow-i-nierobstwo\/","og_locale":"en_US","og_type":"article","og_title":"Kard. Bona. \u201eO rozpoznawaniu duch\u00f3w\u201d (75). Przejmowanie ster\u00f3w i nier\u00f3bstwo. - Tradycja i Wiara","og_description":"Z\u0142y duch dzia\u0142a jak program trackingowy przejmuj\u0105cy cudzy komputer. Udaje przyjaciela, ale jest wrogiem. Kardyna\u0142 Bona pisze w skr\u00f3cie to,&hellip; &nbsp; Pe\u0142en dost\u0119p dla subskrybent\u00f3w. Zaloguj si\u0119 lub przejd\u017a do Rejestracji. Nowe ni\u017csze ceny P\u0142atno\u015b\u0107 kart\u0105 P\u0142atno\u015b\u0107 przelewem P\u0142atno\u015b\u0107 kart\u0105 do 6 os\u00f3b","og_url":"https:\/\/wobronietradycjiiwiary.com\/en\/kard-bona-o-rozpoznawaniu-duchow-75-przejmowanie-sterow-i-nierobstwo\/","og_site_name":"Tradycja i Wiara","article_publisher":"https:\/\/www.facebook.com\/Tradycja-i-Wiara-108813920592249","article_published_time":"2020-06-01T06:00:51+00:00","article_modified_time":"2025-02-07T14:48:15+00:00","og_image":[{"width":1280,"height":1490,"url":"https:\/\/wobronietradycjiiwiary.com\/wp-content\/uploads\/2019\/12\/29183e5c6fd59bc5a33a573a12632224.jpg","type":"image\/jpeg"}],"author":"Traditio et Fides","twitter_card":"summary_large_image","twitter_misc":{"Written by":"Traditio et Fides","Est. reading time":"2 minutes"},"schema":{"@context":"https:\/\/schema.org","@graph":[{"@type":"Article","@id":"https:\/\/wobronietradycjiiwiary.com\/kard-bona-o-rozpoznawaniu-duchow-75-przejmowanie-sterow-i-nierobstwo\/#article","isPartOf":{"@id":"https:\/\/wobronietradycjiiwiary.com\/kard-bona-o-rozpoznawaniu-duchow-75-przejmowanie-sterow-i-nierobstwo\/"},"author":{"name":"Traditio et Fides","@id":"https:\/\/wobronietradycjiiwiary.com\/pl\/#\/schema\/person\/2d6180ce6abcb681fef0daab7816e8f3"},"headline":"Kard. Bona. \u201eO rozpoznawaniu duch\u00f3w\u201d (75). Przejmowanie ster\u00f3w i nier\u00f3bstwo.","datePublished":"2020-06-01T06:00:51+00:00","dateModified":"2025-02-07T14:48:15+00:00","mainEntityOfPage":{"@id":"https:\/\/wobronietradycjiiwiary.com\/kard-bona-o-rozpoznawaniu-duchow-75-przejmowanie-sterow-i-nierobstwo\/"},"wordCount":488,"commentCount":0,"publisher":{"@id":"https:\/\/wobronietradycjiiwiary.com\/pl\/#organization"},"image":{"@id":"https:\/\/wobronietradycjiiwiary.com\/kard-bona-o-rozpoznawaniu-duchow-75-przejmowanie-sterow-i-nierobstwo\/#primaryimage"},"thumbnailUrl":"https:\/\/wobronietradycjiiwiary.com\/wp-content\/uploads\/2019\/12\/29183e5c6fd59bc5a33a573a12632224.jpg","keywords":["homeostaza","nier\u00f3bstwo","Restricted","Z\u0142y duch"],"articleSection":["\"Rozeznawanie duch\u00f3w\"","Autorzy \u017cycia duchowego","Duchowo\u015b\u0107","Kardyna\u0142 Bona"],"inLanguage":"en-US","potentialAction":[{"@type":"CommentAction","name":"Comment","target":["https:\/\/wobronietradycjiiwiary.com\/kard-bona-o-rozpoznawaniu-duchow-75-przejmowanie-sterow-i-nierobstwo\/#respond"]}]},{"@type":"WebPage","@id":"https:\/\/wobronietradycjiiwiary.com\/kard-bona-o-rozpoznawaniu-duchow-75-przejmowanie-sterow-i-nierobstwo\/","url":"https:\/\/wobronietradycjiiwiary.com\/kard-bona-o-rozpoznawaniu-duchow-75-przejmowanie-sterow-i-nierobstwo\/","name":"Kard. Bona. \u201eO rozpoznawaniu duch\u00f3w\u201d (75). Przejmowanie ster\u00f3w i nier\u00f3bstwo. - Tradycja i Wiara","isPartOf":{"@id":"https:\/\/wobronietradycjiiwiary.com\/pl\/#website"},"primaryImageOfPage":{"@id":"https:\/\/wobronietradycjiiwiary.com\/kard-bona-o-rozpoznawaniu-duchow-75-przejmowanie-sterow-i-nierobstwo\/#primaryimage"},"image":{"@id":"https:\/\/wobronietradycjiiwiary.com\/kard-bona-o-rozpoznawaniu-duchow-75-przejmowanie-sterow-i-nierobstwo\/#primaryimage"},"thumbnailUrl":"https:\/\/wobronietradycjiiwiary.com\/wp-content\/uploads\/2019\/12\/29183e5c6fd59bc5a33a573a12632224.jpg","datePublished":"2020-06-01T06:00:51+00:00","dateModified":"2025-02-07T14:48:15+00:00","breadcrumb":{"@id":"https:\/\/wobronietradycjiiwiary.com\/kard-bona-o-rozpoznawaniu-duchow-75-przejmowanie-sterow-i-nierobstwo\/#breadcrumb"},"inLanguage":"en-US","potentialAction":[{"@type":"ReadAction","target":["https:\/\/wobronietradycjiiwiary.com\/kard-bona-o-rozpoznawaniu-duchow-75-przejmowanie-sterow-i-nierobstwo\/"]}]},{"@type":"ImageObject","inLanguage":"en-US","@id":"https:\/\/wobronietradycjiiwiary.com\/kard-bona-o-rozpoznawaniu-duchow-75-przejmowanie-sterow-i-nierobstwo\/#primaryimage","url":"https:\/\/wobronietradycjiiwiary.com\/wp-content\/uploads\/2019\/12\/29183e5c6fd59bc5a33a573a12632224.jpg","contentUrl":"https:\/\/wobronietradycjiiwiary.com\/wp-content\/uploads\/2019\/12\/29183e5c6fd59bc5a33a573a12632224.jpg","width":1280,"height":1490},{"@type":"BreadcrumbList","@id":"https:\/\/wobronietradycjiiwiary.com\/kard-bona-o-rozpoznawaniu-duchow-75-przejmowanie-sterow-i-nierobstwo\/#breadcrumb","itemListElement":[{"@type":"ListItem","position":1,"name":"Strona g\u0142\u00f3wna","item":"https:\/\/wobronietradycjiiwiary.com\/"},{"@type":"ListItem","position":2,"name":"Kard. Bona. \u201eO rozpoznawaniu duch\u00f3w\u201d (75). Przejmowanie ster\u00f3w i nier\u00f3bstwo."}]},{"@type":"WebSite","@id":"https:\/\/wobronietradycjiiwiary.com\/pl\/#website","url":"https:\/\/wobronietradycjiiwiary.com\/pl\/","name":"Tradycja i Wiara","description":"Portal dla katolik\u00f3w.","publisher":{"@id":"https:\/\/wobronietradycjiiwiary.com\/pl\/#organization"},"potentialAction":[{"@type":"SearchAction","target":{"@type":"EntryPoint","urlTemplate":"https:\/\/wobronietradycjiiwiary.com\/pl\/?s={search_term_string}"},"query-input":{"@type":"PropertyValueSpecification","valueRequired":true,"valueName":"search_term_string"}}],"inLanguage":"en-US"},{"@type":"Organization","@id":"https:\/\/wobronietradycjiiwiary.com\/pl\/#organization","name":"Tradycja i Wiara","url":"https:\/\/wobronietradycjiiwiary.com\/pl\/","logo":{"@type":"ImageObject","inLanguage":"en-US","@id":"https:\/\/wobronietradycjiiwiary.com\/pl\/#\/schema\/logo\/image\/","url":"https:\/\/i0.wp.com\/wobronietradycjiiwiary.com\/wp-content\/uploads\/2015\/10\/cropped-st-peters-dome-vatican.jpg?fit=940%2C198&ssl=1","contentUrl":"https:\/\/i0.wp.com\/wobronietradycjiiwiary.com\/wp-content\/uploads\/2015\/10\/cropped-st-peters-dome-vatican.jpg?fit=940%2C198&ssl=1","width":940,"height":198,"caption":"Tradycja i Wiara"},"image":{"@id":"https:\/\/wobronietradycjiiwiary.com\/pl\/#\/schema\/logo\/image\/"},"sameAs":["https:\/\/www.facebook.com\/Tradycja-i-Wiara-108813920592249"]},{"@type":"Person","@id":"https:\/\/wobronietradycjiiwiary.com\/pl\/#\/schema\/person\/2d6180ce6abcb681fef0daab7816e8f3","name":"Traditio et Fides","sameAs":["https:\/\/traditionundglauben.com"],"url":"https:\/\/wobronietradycjiiwiary.com\/en\/author\/wobronietradycjiiwiary\/"}]}},"jetpack_publicize_connections":[],"jetpack_sharing_enabled":true,"jetpack_likes_enabled":true,"jetpack_shortlink":"https:\/\/wp.me\/pc04Sd-7Sp","jetpack-related-posts":[{"id":26762,"url":"https:\/\/wobronietradycjiiwiary.com\/en\/kard-bona-o-rozpoznawaniu-duchow-69-znajomosc-rzeczy-ukrytych\/","url_meta":{"origin":30281,"position":0},"title":"Kard. Bona. \u201eO rozpoznawaniu duch\u00f3w\u201d (69). Znajomo\u015b\u0107 rzeczy ukrytych.","author":"Traditio et Fides","date":"16 March 2020","format":false,"excerpt":"B\u00f3g potrafi co prawda dzia\u0142a\u0107 bezpo\u015brednio w duszy i tajniki serca przenika\u0107, ale z\u0142y duch, to jest anio\u0142 upad\u0142y, potrafi wnioskowa\u0107 o my\u015blach i tajnikach z tak subtelnych poszlak, \u017ce dla cz\u0142owieka to w sumie na jedno wychodzi, czy z\u0142y duch my\u015bli rzeczywi\u015bcie zna, czy te\u017c mo\u017ce je wydedukowa\u0107. Kardyna\u0142\u2026","rel":"","context":"In &quot;\"Rozeznawanie duch\u00f3w\"&quot;","block_context":{"text":"\"Rozeznawanie duch\u00f3w\"","link":"https:\/\/wobronietradycjiiwiary.com\/en\/category\/duchowosc\/autorzy\/kardynal-bona\/rozeznawanie-duchow\/"},"img":{"alt_text":"","src":"https:\/\/i0.wp.com\/wobronietradycjiiwiary.com\/wp-content\/uploads\/2020\/01\/29183e5c6fd59bc5a33a573a12632224.jpg?resize=350%2C200&ssl=1","width":350,"height":200,"srcset":"https:\/\/i0.wp.com\/wobronietradycjiiwiary.com\/wp-content\/uploads\/2020\/01\/29183e5c6fd59bc5a33a573a12632224.jpg?resize=350%2C200&ssl=1 1x, https:\/\/i0.wp.com\/wobronietradycjiiwiary.com\/wp-content\/uploads\/2020\/01\/29183e5c6fd59bc5a33a573a12632224.jpg?resize=525%2C300&ssl=1 1.5x, https:\/\/i0.wp.com\/wobronietradycjiiwiary.com\/wp-content\/uploads\/2020\/01\/29183e5c6fd59bc5a33a573a12632224.jpg?resize=700%2C400&ssl=1 2x, https:\/\/i0.wp.com\/wobronietradycjiiwiary.com\/wp-content\/uploads\/2020\/01\/29183e5c6fd59bc5a33a573a12632224.jpg?resize=1050%2C600&ssl=1 3x"},"classes":[]},{"id":30291,"url":"https:\/\/wobronietradycjiiwiary.com\/en\/kard-bona-o-rozpoznawaniu-duchow-76-cechy-ludzkie-a-zly-duch\/","url_meta":{"origin":30281,"position":1},"title":"Kard. Bona. \u201eO rozpoznawaniu duch\u00f3w\u201d (76). Cechy ludzkie a z\u0142y duch.","author":"Traditio et Fides","date":"8 June 2020","format":false,"excerpt":"Oczywi\u015bcie wszyscy znamy ludzi odznaczaj\u0105cych si\u0119 poni\u017cszymi cechami, niekt\u00f3rymi i wszystkimi naraz. Widzimy ich te\u017c niekiedy u siebie. I co pomaga? Zrobienie sobie listy i odhaczanie punkt\u00f3w nas dotycz\u0105cych, gdy znowu zaatakuje oraz obmy\u015blenie na ka\u017cdy atak kontrataku. Ale ju\u017c pierwszym punktem do zwyci\u0119stwa jest \u015bwiadomo\u015b\u0107, \u017ce (a) z\u0142y duch\u2026","rel":"","context":"In &quot;\"Rozeznawanie duch\u00f3w\"&quot;","block_context":{"text":"\"Rozeznawanie duch\u00f3w\"","link":"https:\/\/wobronietradycjiiwiary.com\/en\/category\/duchowosc\/autorzy\/kardynal-bona\/rozeznawanie-duchow\/"},"img":{"alt_text":"","src":"https:\/\/i0.wp.com\/wobronietradycjiiwiary.com\/wp-content\/uploads\/2020\/01\/29183e5c6fd59bc5a33a573a12632224.jpg?resize=350%2C200&ssl=1","width":350,"height":200,"srcset":"https:\/\/i0.wp.com\/wobronietradycjiiwiary.com\/wp-content\/uploads\/2020\/01\/29183e5c6fd59bc5a33a573a12632224.jpg?resize=350%2C200&ssl=1 1x, https:\/\/i0.wp.com\/wobronietradycjiiwiary.com\/wp-content\/uploads\/2020\/01\/29183e5c6fd59bc5a33a573a12632224.jpg?resize=525%2C300&ssl=1 1.5x, https:\/\/i0.wp.com\/wobronietradycjiiwiary.com\/wp-content\/uploads\/2020\/01\/29183e5c6fd59bc5a33a573a12632224.jpg?resize=700%2C400&ssl=1 2x, https:\/\/i0.wp.com\/wobronietradycjiiwiary.com\/wp-content\/uploads\/2020\/01\/29183e5c6fd59bc5a33a573a12632224.jpg?resize=1050%2C600&ssl=1 3x"},"classes":[]},{"id":6482,"url":"https:\/\/wobronietradycjiiwiary.com\/en\/kard-bona-21\/","url_meta":{"origin":30281,"position":2},"title":"Kard. Bona. &#8220;O rozpoznawaniu duch\u00f3w&#8221; (21). Duch Bo\u017cy jest jasny i ma\u0142o emocjonalny.","author":"Traditio et Fides","date":"17 July 2015","format":false,"excerpt":"\u00a0 Chyba wszyscy znamy stany ca\u0142kowitej duchowej jasno\u015bci, w kt\u00f3rych wiemy dok\u0142adnie, co robi\u0107 i czego unika\u0107. W stanach tych rozeznawanie duchowe jest bardzo \u0142atwe i jest te\u017c oznak\u0105 tego, \u017ce prowadzi nas w\u0142a\u015bnie duch Bo\u017cy. Dlatego te\u017c z\u0142y duch stara si\u0119 nas szybko z tego wyprowadzi\u0107 tak\u017ce poprzez mno\u017cenie\u2026","rel":"","context":"In &quot;\"Rozeznawanie duch\u00f3w\"&quot;","block_context":{"text":"\"Rozeznawanie duch\u00f3w\"","link":"https:\/\/wobronietradycjiiwiary.com\/en\/category\/duchowosc\/autorzy\/kardynal-bona\/rozeznawanie-duchow\/"},"img":{"alt_text":"","src":"https:\/\/i0.wp.com\/wobronietradycjiiwiary.com\/wp-content\/uploads\/2019\/12\/29183e5c6fd59bc5a33a573a12632224.jpg?resize=350%2C200&ssl=1","width":350,"height":200,"srcset":"https:\/\/i0.wp.com\/wobronietradycjiiwiary.com\/wp-content\/uploads\/2019\/12\/29183e5c6fd59bc5a33a573a12632224.jpg?resize=350%2C200&ssl=1 1x, https:\/\/i0.wp.com\/wobronietradycjiiwiary.com\/wp-content\/uploads\/2019\/12\/29183e5c6fd59bc5a33a573a12632224.jpg?resize=525%2C300&ssl=1 1.5x, https:\/\/i0.wp.com\/wobronietradycjiiwiary.com\/wp-content\/uploads\/2019\/12\/29183e5c6fd59bc5a33a573a12632224.jpg?resize=700%2C400&ssl=1 2x, https:\/\/i0.wp.com\/wobronietradycjiiwiary.com\/wp-content\/uploads\/2019\/12\/29183e5c6fd59bc5a33a573a12632224.jpg?resize=1050%2C600&ssl=1 3x"},"classes":[]},{"id":30306,"url":"https:\/\/wobronietradycjiiwiary.com\/en\/kard-bona-o-rozpoznawaniu-duchow-78-pokusy-i-pozorny-spokoj\/","url_meta":{"origin":30281,"position":3},"title":"Kard. Bona. \u201eO rozpoznawaniu duch\u00f3w\u201d (78). Pokusy i pozorny spok\u00f3j.","author":"Traditio et Fides","date":"22 June 2020","format":false,"excerpt":"Jakby na to nie patrze\u0107. Kusi i kusi, a jak nie kusi, to knuje, \u017ceby znowu kusi\u0107. I chyba zewn\u0119trzne ataki, kt\u00f3rych na w\u0142asnej sk\u00f3rze do\u015bwiadczali r\u00f3\u017cni \u015bwi\u0119ci, s\u0105 dobrym znakiem, \u017ce zd\u0105\u017camy w dobrym kierunku, skoro z\u0142y duch tak si\u0119 broni. A czy do\u015bwiadczaj\u0105c takich atak\u00f3w nie wpada si\u0119\u2026","rel":"","context":"In &quot;\"Rozeznawanie duch\u00f3w\"&quot;","block_context":{"text":"\"Rozeznawanie duch\u00f3w\"","link":"https:\/\/wobronietradycjiiwiary.com\/en\/category\/duchowosc\/autorzy\/kardynal-bona\/rozeznawanie-duchow\/"},"img":{"alt_text":"","src":"https:\/\/i0.wp.com\/wobronietradycjiiwiary.com\/wp-content\/uploads\/2020\/01\/29183e5c6fd59bc5a33a573a12632224.jpg?resize=350%2C200&ssl=1","width":350,"height":200,"srcset":"https:\/\/i0.wp.com\/wobronietradycjiiwiary.com\/wp-content\/uploads\/2020\/01\/29183e5c6fd59bc5a33a573a12632224.jpg?resize=350%2C200&ssl=1 1x, https:\/\/i0.wp.com\/wobronietradycjiiwiary.com\/wp-content\/uploads\/2020\/01\/29183e5c6fd59bc5a33a573a12632224.jpg?resize=525%2C300&ssl=1 1.5x, https:\/\/i0.wp.com\/wobronietradycjiiwiary.com\/wp-content\/uploads\/2020\/01\/29183e5c6fd59bc5a33a573a12632224.jpg?resize=700%2C400&ssl=1 2x, https:\/\/i0.wp.com\/wobronietradycjiiwiary.com\/wp-content\/uploads\/2020\/01\/29183e5c6fd59bc5a33a573a12632224.jpg?resize=1050%2C600&ssl=1 3x"},"classes":[]},{"id":39724,"url":"https:\/\/wobronietradycjiiwiary.com\/en\/kard-bona-o-rozpoznawaniu-duchow-96-pociecha-zmyslowa-pokarmem-poczatkujacych\/","url_meta":{"origin":30281,"position":4},"title":"Kard. Bona. \u201eO rozpoznawaniu duch\u00f3w\u201d (96). Pociecha zmys\u0142owa pokarmem pocz\u0105tkuj\u0105cych.","author":"Traditio et Fides","date":"16 November 2020","format":false,"excerpt":"Pociechy zmys\u0142owe rzeczywi\u015bcie wyst\u0119puj\u0105 i s\u0105 zach\u0119t\u0105 Pana Boga dla pocz\u0105tkuj\u0105cych. Gdy wyst\u0119puj\u0105 zbyt d\u0142ugo i s\u0105 zbyt intensywne zwykle od Boga nie s\u0105, kt\u00f3ry pragnie naszej duchowej doros\u0142o\u015bci.","rel":"","context":"In &quot;\"Rozeznawanie duch\u00f3w\"&quot;","block_context":{"text":"\"Rozeznawanie duch\u00f3w\"","link":"https:\/\/wobronietradycjiiwiary.com\/en\/category\/duchowosc\/autorzy\/kardynal-bona\/rozeznawanie-duchow\/"},"img":{"alt_text":"","src":"https:\/\/i0.wp.com\/wobronietradycjiiwiary.com\/wp-content\/uploads\/2020\/01\/29183e5c6fd59bc5a33a573a12632224.jpg?resize=350%2C200&ssl=1","width":350,"height":200,"srcset":"https:\/\/i0.wp.com\/wobronietradycjiiwiary.com\/wp-content\/uploads\/2020\/01\/29183e5c6fd59bc5a33a573a12632224.jpg?resize=350%2C200&ssl=1 1x, https:\/\/i0.wp.com\/wobronietradycjiiwiary.com\/wp-content\/uploads\/2020\/01\/29183e5c6fd59bc5a33a573a12632224.jpg?resize=525%2C300&ssl=1 1.5x, https:\/\/i0.wp.com\/wobronietradycjiiwiary.com\/wp-content\/uploads\/2020\/01\/29183e5c6fd59bc5a33a573a12632224.jpg?resize=700%2C400&ssl=1 2x, https:\/\/i0.wp.com\/wobronietradycjiiwiary.com\/wp-content\/uploads\/2020\/01\/29183e5c6fd59bc5a33a573a12632224.jpg?resize=1050%2C600&ssl=1 3x"},"classes":[]},{"id":26785,"url":"https:\/\/wobronietradycjiiwiary.com\/en\/kard-bona-o-rozpoznawaniu-duchow-71-dzialanie-dobrego-i-zlego-aniola\/","url_meta":{"origin":30281,"position":5},"title":"Kard. Bona. \u201eO rozpoznawaniu duch\u00f3w\u201d (67). Dzia\u0142anie dobrego i z\u0142ego anio\u0142a.","author":"Traditio et Fides","date":"30 March 2020","format":false,"excerpt":"Aby dobrze zrozumie\u0107 poni\u017cszy wpis nale\u017cy rozr\u00f3\u017cni\u0107 pomi\u0119dzy: objawieniem anio\u0142a, inspiracj\u0105 anielsk\u0105 wewn\u0105trz duszy. ad 1. Tego do\u015bwiadcza ma\u0142o kto, a o ile objawienie dobrego anio\u0142a najpierw budzi strach, a nast\u0119pnie daje ukojenie, to w przypadku objawienia anio\u0142a z\u0142ego jest dok\u0142adnie odwrotnie. Najpierw powstaje s\u0142odycz, a nast\u0119pnie niepok\u00f3j. ad 2.\u2026","rel":"","context":"In &quot;\"Rozeznawanie duch\u00f3w\"&quot;","block_context":{"text":"\"Rozeznawanie duch\u00f3w\"","link":"https:\/\/wobronietradycjiiwiary.com\/en\/category\/duchowosc\/autorzy\/kardynal-bona\/rozeznawanie-duchow\/"},"img":{"alt_text":"","src":"https:\/\/i0.wp.com\/wobronietradycjiiwiary.com\/wp-content\/uploads\/2020\/01\/29183e5c6fd59bc5a33a573a12632224.jpg?resize=350%2C200&ssl=1","width":350,"height":200,"srcset":"https:\/\/i0.wp.com\/wobronietradycjiiwiary.com\/wp-content\/uploads\/2020\/01\/29183e5c6fd59bc5a33a573a12632224.jpg?resize=350%2C200&ssl=1 1x, https:\/\/i0.wp.com\/wobronietradycjiiwiary.com\/wp-content\/uploads\/2020\/01\/29183e5c6fd59bc5a33a573a12632224.jpg?resize=525%2C300&ssl=1 1.5x, https:\/\/i0.wp.com\/wobronietradycjiiwiary.com\/wp-content\/uploads\/2020\/01\/29183e5c6fd59bc5a33a573a12632224.jpg?resize=700%2C400&ssl=1 2x, https:\/\/i0.wp.com\/wobronietradycjiiwiary.com\/wp-content\/uploads\/2020\/01\/29183e5c6fd59bc5a33a573a12632224.jpg?resize=1050%2C600&ssl=1 3x"},"classes":[]}],"amp_enabled":true,"jetpack_featured_media_url":"https:\/\/wobronietradycjiiwiary.com\/wp-content\/uploads\/2019\/12\/29183e5c6fd59bc5a33a573a12632224.jpg","_links":{"self":[{"href":"https:\/\/wobronietradycjiiwiary.com\/en\/wp-json\/wp\/v2\/posts\/30281","targetHints":{"allow":["GET"]}}],"collection":[{"href":"https:\/\/wobronietradycjiiwiary.com\/en\/wp-json\/wp\/v2\/posts"}],"about":[{"href":"https:\/\/wobronietradycjiiwiary.com\/en\/wp-json\/wp\/v2\/types\/post"}],"author":[{"embeddable":true,"href":"https:\/\/wobronietradycjiiwiary.com\/en\/wp-json\/wp\/v2\/users\/60508433"}],"replies":[{"embeddable":true,"href":"https:\/\/wobronietradycjiiwiary.com\/en\/wp-json\/wp\/v2\/comments?post=30281"}],"version-history":[{"count":1,"href":"https:\/\/wobronietradycjiiwiary.com\/en\/wp-json\/wp\/v2\/posts\/30281\/revisions"}],"predecessor-version":[{"id":69509,"href":"https:\/\/wobronietradycjiiwiary.com\/en\/wp-json\/wp\/v2\/posts\/30281\/revisions\/69509"}],"wp:featuredmedia":[{"embeddable":true,"href":"https:\/\/wobronietradycjiiwiary.com\/en\/wp-json\/wp\/v2\/media\/25528"}],"wp:attachment":[{"href":"https:\/\/wobronietradycjiiwiary.com\/en\/wp-json\/wp\/v2\/media?parent=30281"}],"wp:term":[{"taxonomy":"category","embeddable":true,"href":"https:\/\/wobronietradycjiiwiary.com\/en\/wp-json\/wp\/v2\/categories?post=30281"},{"taxonomy":"post_tag","embeddable":true,"href":"https:\/\/wobronietradycjiiwiary.com\/en\/wp-json\/wp\/v2\/tags?post=30281"}],"curies":[{"name":"wp","href":"https:\/\/api.w.org\/{rel}","templated":true}]}}