{"id":2797,"date":"2014-11-26T18:34:39","date_gmt":"2014-11-26T17:34:39","guid":{"rendered":"https:\/\/wobronietradycjiiwiary.com\/?p=2797"},"modified":"2025-12-23T17:46:46","modified_gmt":"2025-12-23T16:46:46","slug":"przed-nim-krocza-majestat-i-piekno-wizualne-wprowadzenie-do-mszy-trydenckiej-cz-4-z-16","status":"publish","type":"post","link":"https:\/\/wobronietradycjiiwiary.com\/en\/przed-nim-krocza-majestat-i-piekno-wizualne-wprowadzenie-do-mszy-trydenckiej-cz-4-z-16\/","title":{"rendered":"\u201ePrzed Nim krocz\u0105 majestat i pi\u0119kno\u201d. Wizualne wprowadzenie do Mszy Trydenckiej. (cz. 4 z 16). Modlitwy u stopni o\u0142tarza. Confiteor"},"content":{"rendered":"<div id=\"bsf_rt_marker\"><\/div><p style=\"text-align: center;\"><em><span style=\"color: #800080;\">Kolejny fragment ukazuje ruchy, gesty i s\u0142owa modlitwy u st\u00f3p o\u0142tarza b\u0119d\u0105cej pierwsz\u0105, wprowadzaj\u0105c\u0105 cz\u0119\u015bci\u0105 tzw. Mszy Katechumen\u00f3w. Zwr\u00f3\u0107my uwag\u0119 na precyzj\u0119 i choreografi\u0119 ruch\u00f3w zar\u00f3wno kap\u0142ana jak i ministranta, kt\u00f3re oddaj\u0105 w ka\u017cdym szczeg\u00f3le cze\u015b\u0107 nale\u017cn\u0105 naj\u015bwi\u0119tszym tajemnicom naszej wiary. J\u0119zyk cia\u0142a staje si\u0119 j\u0119zykiem liturgii, a ta wyra\u017ca si\u0119 tak\u017ce poprzez ka\u017cde w\u0142\u00f3kno cia\u0142a.<\/span><\/em><\/p>\n<span class=\"embed-youtube\" style=\"text-align:center; display: block;\"><iframe class=\"youtube-player\" width=\"640\" height=\"360\" src=\"https:\/\/www.youtube.com\/embed\/ZssWYjLCywI?version=3&#038;rel=1&#038;showsearch=0&#038;showinfo=1&#038;iv_load_policy=1&#038;fs=1&#038;hl=en-US&#038;autohide=2&#038;wmode=transparent\" allowfullscreen=\"true\" style=\"border:0;\" sandbox=\"allow-scripts allow-same-origin allow-popups allow-presentation allow-popups-to-escape-sandbox\"><\/iframe><\/span>\n<p><a href=\"https:\/\/wobronietradycjiiwiary.com\/wp-content\/uploads\/2014\/11\/tekstlac14.jpg\"><img fetchpriority=\"high\" decoding=\"async\" data-attachment-id=\"2821\" data-permalink=\"https:\/\/wobronietradycjiiwiary.com\/en\/przed-nim-krocza-majestat-i-piekno-wizualne-wprowadzenie-do-mszy-trydenckiej-cz-4-z-16\/tekstlac1-3\/\" data-orig-file=\"https:\/\/wobronietradycjiiwiary.com\/wp-content\/uploads\/2014\/11\/tekstlac14.jpg\" data-orig-size=\"640,666\" data-comments-opened=\"1\" data-image-meta=\"{&quot;aperture&quot;:&quot;0&quot;,&quot;credit&quot;:&quot;&quot;,&quot;camera&quot;:&quot;&quot;,&quot;caption&quot;:&quot;&quot;,&quot;created_timestamp&quot;:&quot;0&quot;,&quot;copyright&quot;:&quot;&quot;,&quot;focal_length&quot;:&quot;0&quot;,&quot;iso&quot;:&quot;0&quot;,&quot;shutter_speed&quot;:&quot;0&quot;,&quot;title&quot;:&quot;&quot;,&quot;orientation&quot;:&quot;0&quot;}\" data-image-title=\"tekstlac1\" data-image-description=\"\" data-image-caption=\"\" data-large-file=\"https:\/\/wobronietradycjiiwiary.com\/wp-content\/uploads\/2014\/11\/tekstlac14.jpg\" class=\"aligncenter wp-image-2821 size-full\" src=\"https:\/\/wobronietradycjiiwiary.com\/wp-content\/uploads\/2014\/11\/tekstlac14.jpg\" alt=\"tekstlac1\" width=\"640\" height=\"666\" srcset=\"https:\/\/wobronietradycjiiwiary.com\/wp-content\/uploads\/2014\/11\/tekstlac14.jpg 640w, https:\/\/wobronietradycjiiwiary.com\/wp-content\/uploads\/2014\/11\/tekstlac14-450x468.jpg 450w, https:\/\/wobronietradycjiiwiary.com\/wp-content\/uploads\/2014\/11\/tekstlac14-600x624.jpg 600w\" sizes=\"(max-width: 640px) 100vw, 640px\" \/><\/a><a href=\"https:\/\/wobronietradycjiiwiary.com\/wp-content\/uploads\/2014\/11\/tekstlac23.jpg\"><img decoding=\"async\" data-attachment-id=\"2816\" data-permalink=\"https:\/\/wobronietradycjiiwiary.com\/en\/przed-nim-krocza-majestat-i-piekno-wizualne-wprowadzenie-do-mszy-trydenckiej-cz-4-z-16\/tekstlac2\/\" data-orig-file=\"https:\/\/wobronietradycjiiwiary.com\/wp-content\/uploads\/2014\/11\/tekstlac23.jpg\" data-orig-size=\"622,671\" data-comments-opened=\"1\" data-image-meta=\"{&quot;aperture&quot;:&quot;0&quot;,&quot;credit&quot;:&quot;&quot;,&quot;camera&quot;:&quot;&quot;,&quot;caption&quot;:&quot;&quot;,&quot;created_timestamp&quot;:&quot;0&quot;,&quot;copyright&quot;:&quot;&quot;,&quot;focal_length&quot;:&quot;0&quot;,&quot;iso&quot;:&quot;0&quot;,&quot;shutter_speed&quot;:&quot;0&quot;,&quot;title&quot;:&quot;&quot;,&quot;orientation&quot;:&quot;0&quot;}\" data-image-title=\"tekstlac2\" data-image-description=\"\" data-image-caption=\"\" data-large-file=\"https:\/\/wobronietradycjiiwiary.com\/wp-content\/uploads\/2014\/11\/tekstlac23.jpg\" class=\"aligncenter wp-image-2816 size-full\" src=\"https:\/\/wobronietradycjiiwiary.com\/wp-content\/uploads\/2014\/11\/tekstlac23.jpg\" alt=\"tekstlac2\" width=\"622\" height=\"671\" srcset=\"https:\/\/wobronietradycjiiwiary.com\/wp-content\/uploads\/2014\/11\/tekstlac23.jpg 622w, https:\/\/wobronietradycjiiwiary.com\/wp-content\/uploads\/2014\/11\/tekstlac23-450x485.jpg 450w, https:\/\/wobronietradycjiiwiary.com\/wp-content\/uploads\/2014\/11\/tekstlac23-600x647.jpg 600w\" sizes=\"(max-width: 622px) 100vw, 622px\" \/><\/a><a href=\"https:\/\/wobronietradycjiiwiary.com\/wp-content\/uploads\/2014\/11\/tekstlac31.jpg\"><img decoding=\"async\" data-attachment-id=\"2817\" data-permalink=\"https:\/\/wobronietradycjiiwiary.com\/en\/przed-nim-krocza-majestat-i-piekno-wizualne-wprowadzenie-do-mszy-trydenckiej-cz-4-z-16\/tekstlac3-2\/\" data-orig-file=\"https:\/\/wobronietradycjiiwiary.com\/wp-content\/uploads\/2014\/11\/tekstlac31.jpg\" data-orig-size=\"637,678\" data-comments-opened=\"1\" data-image-meta=\"{&quot;aperture&quot;:&quot;0&quot;,&quot;credit&quot;:&quot;&quot;,&quot;camera&quot;:&quot;&quot;,&quot;caption&quot;:&quot;&quot;,&quot;created_timestamp&quot;:&quot;0&quot;,&quot;copyright&quot;:&quot;&quot;,&quot;focal_length&quot;:&quot;0&quot;,&quot;iso&quot;:&quot;0&quot;,&quot;shutter_speed&quot;:&quot;0&quot;,&quot;title&quot;:&quot;&quot;,&quot;orientation&quot;:&quot;0&quot;}\" data-image-title=\"tekstlac3\" data-image-description=\"\" data-image-caption=\"\" data-large-file=\"https:\/\/wobronietradycjiiwiary.com\/wp-content\/uploads\/2014\/11\/tekstlac31.jpg\" class=\"aligncenter wp-image-2817 size-full\" src=\"https:\/\/wobronietradycjiiwiary.com\/wp-content\/uploads\/2014\/11\/tekstlac31.jpg\" alt=\"tekstlac3\" width=\"637\" height=\"678\" srcset=\"https:\/\/wobronietradycjiiwiary.com\/wp-content\/uploads\/2014\/11\/tekstlac31.jpg 637w, https:\/\/wobronietradycjiiwiary.com\/wp-content\/uploads\/2014\/11\/tekstlac31-450x479.jpg 450w, https:\/\/wobronietradycjiiwiary.com\/wp-content\/uploads\/2014\/11\/tekstlac31-600x639.jpg 600w\" sizes=\"(max-width: 637px) 100vw, 637px\" \/><\/a><a href=\"https:\/\/wobronietradycjiiwiary.com\/wp-content\/uploads\/2014\/11\/tekstlac41.jpg\"><img loading=\"lazy\" decoding=\"async\" data-attachment-id=\"2818\" data-permalink=\"https:\/\/wobronietradycjiiwiary.com\/en\/przed-nim-krocza-majestat-i-piekno-wizualne-wprowadzenie-do-mszy-trydenckiej-cz-4-z-16\/tekstlac4-2\/\" data-orig-file=\"https:\/\/wobronietradycjiiwiary.com\/wp-content\/uploads\/2014\/11\/tekstlac41.jpg\" data-orig-size=\"631,634\" data-comments-opened=\"1\" data-image-meta=\"{&quot;aperture&quot;:&quot;0&quot;,&quot;credit&quot;:&quot;&quot;,&quot;camera&quot;:&quot;&quot;,&quot;caption&quot;:&quot;&quot;,&quot;created_timestamp&quot;:&quot;0&quot;,&quot;copyright&quot;:&quot;&quot;,&quot;focal_length&quot;:&quot;0&quot;,&quot;iso&quot;:&quot;0&quot;,&quot;shutter_speed&quot;:&quot;0&quot;,&quot;title&quot;:&quot;&quot;,&quot;orientation&quot;:&quot;0&quot;}\" data-image-title=\"tekstlac4\" data-image-description=\"\" data-image-caption=\"\" data-large-file=\"https:\/\/wobronietradycjiiwiary.com\/wp-content\/uploads\/2014\/11\/tekstlac41.jpg\" class=\"aligncenter wp-image-2818 size-full\" src=\"https:\/\/wobronietradycjiiwiary.com\/wp-content\/uploads\/2014\/11\/tekstlac41.jpg\" alt=\"tekstlac4\" width=\"631\" height=\"634\" srcset=\"https:\/\/wobronietradycjiiwiary.com\/wp-content\/uploads\/2014\/11\/tekstlac41.jpg 631w, https:\/\/wobronietradycjiiwiary.com\/wp-content\/uploads\/2014\/11\/tekstlac41-450x452.jpg 450w, https:\/\/wobronietradycjiiwiary.com\/wp-content\/uploads\/2014\/11\/tekstlac41-100x100.jpg?crop=1 100w, https:\/\/wobronietradycjiiwiary.com\/wp-content\/uploads\/2014\/11\/tekstlac41-600x603.jpg 600w\" sizes=\"(max-width: 631px) 100vw, 631px\" \/><\/a><\/p>\n[W celu odtworzenia napis\u00f3w w j\u0119zyku polskim nale\u017cy nacisn\u0105\u0107 przycisk &#8220;Napisy&#8221; (czwarty na dole od prawej) lub przycisk &#8220;CC&#8221; w innych przegl\u0105darkach.]\n<p>\/wotiw\/<\/p>\n<style>\r\n        .wpedon-container .wpedon-select,\r\n        .wpedon-container .wpedon-input {\r\n            width: 107px;\r\n            min-width: 107px;\r\n            max-width: 107px;\r\n        }\r\n    <\/style><div class='wpedon-container wpedon-align-left'><form target='' action='https:\/\/www.paypal.com\/cgi-bin\/webscr' method='post' class='wpedon-form'><input type='hidden' name='cmd' value='_donations' \/><input type='hidden' name='business' value='traditionandfaith2015@gmail.com' \/><input type='hidden' name='currency_code' value='PLN' \/><input type='hidden' name='notify_url' value='https:\/\/wobronietradycjiiwiary.com\/wp-admin\/admin-post.php?action=add_wpedon_button_ipn'><input type='hidden' name='lc' value='pl_PL'><input type='hidden' name='bn' value='WPPlugin_SP'><input type='hidden' name='return' value='https:\/\/wobronietradycjiiwiary.com\/' \/><input type='hidden' name='cancel_return' value='https:\/\/wobronietradycjiiwiary.com\/' \/><input class='wpedon_paypalbuttonimage' type='image' src='https:\/\/www.paypal.com\/pl_PL\/PL\/i\/btn\/btn_donate_LG.gif' border='0' name='submit' alt='Make your payments with PayPal. It is free, secure, effective.' style='border: none;'><img alt='' border='0' style='border:none;display:none;' src='https:\/\/www.paypal.com\/pl_PL\/i\/scr\/pixel.gif' width='1' height='1'><input type='hidden' name='amount' id='amount_e385a67c1efc64590ed4fb6414adcb7b' value='' \/><input type='hidden' name='price' id='price_e385a67c1efc64590ed4fb6414adcb7b' value='' \/><input type='hidden' name='item_number' value='' \/><input type='hidden' name='item_name' value='Wsparcie projektu' \/><input type='hidden' name='name' value='Wsparcie projektu' \/><input type='hidden' name='custom' value='24285'><input type='hidden' name='no_shipping' value='1'><input type='hidden' name='no_note' value='0'><input type='hidden' name='currency_code' value='PLN'><\/form><\/div>\n\n\n\n","protected":false},"excerpt":{"rendered":"<p>Kolejny fragment ukazuje ruchy, gesty i s\u0142owa modlitwy u st\u00f3p o\u0142tarza b\u0119d\u0105cej pierwsz\u0105, wprowadzaj\u0105c\u0105 cz\u0119\u015bci\u0105 tzw. Mszy Katechumen\u00f3w. Zwr\u00f3\u0107my uwag\u0119 na precyzj\u0119 i choreografi\u0119 ruch\u00f3w zar\u00f3wno kap\u0142ana jak i ministranta, kt\u00f3re oddaj\u0105 w ka\u017cdym szczeg\u00f3le cze\u015b\u0107 nale\u017cn\u0105 naj\u015bwi\u0119tszym tajemnicom naszej wiary. J\u0119zyk cia\u0142a staje si\u0119 j\u0119zykiem liturgii, a ta wyra\u017ca si\u0119 tak\u017ce poprzez ka\u017cde w\u0142\u00f3kno [&hellip;]<\/p>\n","protected":false},"author":60508433,"featured_media":27891,"comment_status":"closed","ping_status":"closed","sticky":false,"template":"","format":"standard","meta":{"_bbp_topic_count":0,"_bbp_reply_count":0,"_bbp_total_topic_count":0,"_bbp_total_reply_count":0,"_bbp_voice_count":0,"_bbp_anonymous_reply_count":0,"_bbp_topic_count_hidden":0,"_bbp_reply_count_hidden":0,"_bbp_forum_subforum_count":0,"_editorskit_title_hidden":false,"_editorskit_reading_time":0,"_editorskit_is_block_options_detached":false,"_editorskit_block_options_position":"{}","_coblocks_attr":"","_coblocks_dimensions":"","_coblocks_responsive_height":"","_coblocks_accordion_ie_support":"","_exactmetrics_skip_tracking":false,"_jetpack_newsletter_access":"","_jetpack_dont_email_post_to_subs":false,"_jetpack_newsletter_tier_id":0,"_jetpack_memberships_contains_paywalled_content":false,"_wpcom_ai_launchpad_first_post":false,"_jetpack_feature_clip_id":0,"_jetpack_memberships_contains_paid_content":false,"footnotes":"","jetpack_publicize_message":"{title}\n\n{excerpt}\n\n{url}","jetpack_publicize_feature_enabled":true,"jetpack_social_post_already_shared":true,"jetpack_social_options":{"image_generator_settings":{"template":"highway","default_image_id":0,"font":"","enabled":false},"version":2},"_wpas_customize_per_network":false,"jetpack_post_was_ever_published":false},"categories":[5647912,543409776],"tags":[1291865,1181,345757113,1053804,345757105,26248122,610132562,292396809],"class_list":["post-2797","post","type-post","status-publish","format-standard","has-post-thumbnail","hentry","category-msza-trydencka","category-tridentina-visualis","tag-confiteor","tag-dvd","tag-iudica-me","tag-missa-tridentina","tag-modlitwy-u-stop-oltarza","tag-msza-wszechczasow","tag-premium","tag-wizualne-wprowadzenie-do-mszy-trydenckiej"],"yoast_head":"<!-- This site is optimized with the Yoast SEO plugin v28.3 - https:\/\/yoast.com\/product\/yoast-seo-wordpress\/ -->\n<title>\u201ePrzed Nim krocz\u0105 majestat i pi\u0119kno\u201d. Wizualne wprowadzenie do Mszy Trydenckiej. (cz. 4 z 16). Modlitwy u stopni o\u0142tarza. Confiteor - Tradycja i Wiara<\/title>\n<meta name=\"description\" content=\"\u201ePrzed Nim krocz\u0105 majestat i pi\u0119kno\u201d. Wizualne wprowadzenie do Mszy Trydenckiej. (cz. 4 z 16). Modlitwy u stopni o\u0142tarza. Confiteor Msza Trydencka przebieg\" \/>\n<meta name=\"robots\" content=\"index, follow, max-snippet:-1, max-image-preview:large, max-video-preview:-1\" \/>\n<link rel=\"canonical\" href=\"https:\/\/wobronietradycjiiwiary.com\/en\/przed-nim-krocza-majestat-i-piekno-wizualne-wprowadzenie-do-mszy-trydenckiej-cz-4-z-16\/\" \/>\n<meta property=\"og:locale\" content=\"en_US\" \/>\n<meta property=\"og:type\" content=\"article\" \/>\n<meta property=\"og:title\" content=\"\u201ePrzed Nim krocz\u0105 majestat i pi\u0119kno\u201d. Wizualne wprowadzenie do Mszy Trydenckiej. (cz. 4 z 16). Modlitwy u stopni o\u0142tarza. Confiteor - Tradycja i Wiara\" \/>\n<meta property=\"og:description\" content=\"\u201ePrzed Nim krocz\u0105 majestat i pi\u0119kno\u201d. Wizualne wprowadzenie do Mszy Trydenckiej. (cz. 4 z 16). Modlitwy u stopni o\u0142tarza. Confiteor Msza Trydencka przebieg\" \/>\n<meta property=\"og:url\" content=\"https:\/\/wobronietradycjiiwiary.com\/en\/przed-nim-krocza-majestat-i-piekno-wizualne-wprowadzenie-do-mszy-trydenckiej-cz-4-z-16\/\" \/>\n<meta property=\"og:site_name\" content=\"Tradycja i Wiara\" \/>\n<meta property=\"article:publisher\" content=\"https:\/\/www.facebook.com\/Tradycja-i-Wiara-108813920592249\" \/>\n<meta property=\"article:published_time\" content=\"2014-11-26T17:34:39+00:00\" \/>\n<meta property=\"article:modified_time\" content=\"2025-12-23T16:46:46+00:00\" \/>\n<meta property=\"og:image\" content=\"https:\/\/i2.wp.com\/wobronietradycjiiwiary.com\/wp-content\/uploads\/2020\/04\/a66b8eb860630f3502c97fb29fc5de6e.jpg?fit=919%2C1280&ssl=1\" \/>\n\t<meta property=\"og:image:width\" content=\"919\" \/>\n\t<meta property=\"og:image:height\" content=\"1280\" \/>\n\t<meta property=\"og:image:type\" content=\"image\/jpeg\" \/>\n<meta name=\"author\" content=\"Traditio et Fides\" \/>\n<meta name=\"twitter:card\" content=\"summary_large_image\" \/>\n<meta name=\"twitter:label1\" content=\"Written by\" \/>\n\t<meta name=\"twitter:data1\" content=\"Traditio et Fides\" \/>\n\t<meta name=\"twitter:label2\" content=\"Est. reading time\" \/>\n\t<meta name=\"twitter:data2\" content=\"1 minute\" \/>\n<script type=\"application\/ld+json\" class=\"yoast-schema-graph\">{\"@context\":\"https:\\\/\\\/schema.org\",\"@graph\":[{\"@type\":\"Article\",\"@id\":\"https:\\\/\\\/wobronietradycjiiwiary.com\\\/przed-nim-krocza-majestat-i-piekno-wizualne-wprowadzenie-do-mszy-trydenckiej-cz-4-z-16\\\/#article\",\"isPartOf\":{\"@id\":\"https:\\\/\\\/wobronietradycjiiwiary.com\\\/przed-nim-krocza-majestat-i-piekno-wizualne-wprowadzenie-do-mszy-trydenckiej-cz-4-z-16\\\/\"},\"author\":{\"name\":\"Traditio et Fides\",\"@id\":\"https:\\\/\\\/wobronietradycjiiwiary.com\\\/pl\\\/#\\\/schema\\\/person\\\/2d6180ce6abcb681fef0daab7816e8f3\"},\"headline\":\"\u201ePrzed Nim krocz\u0105 majestat i pi\u0119kno\u201d. Wizualne wprowadzenie do Mszy Trydenckiej. (cz. 4 z 16). Modlitwy u stopni o\u0142tarza. Confiteor\",\"datePublished\":\"2014-11-26T17:34:39+00:00\",\"dateModified\":\"2025-12-23T16:46:46+00:00\",\"mainEntityOfPage\":{\"@id\":\"https:\\\/\\\/wobronietradycjiiwiary.com\\\/przed-nim-krocza-majestat-i-piekno-wizualne-wprowadzenie-do-mszy-trydenckiej-cz-4-z-16\\\/\"},\"wordCount\":148,\"publisher\":{\"@id\":\"https:\\\/\\\/wobronietradycjiiwiary.com\\\/pl\\\/#organization\"},\"image\":{\"@id\":\"https:\\\/\\\/wobronietradycjiiwiary.com\\\/przed-nim-krocza-majestat-i-piekno-wizualne-wprowadzenie-do-mszy-trydenckiej-cz-4-z-16\\\/#primaryimage\"},\"thumbnailUrl\":\"https:\\\/\\\/wobronietradycjiiwiary.com\\\/wp-content\\\/uploads\\\/2020\\\/04\\\/a66b8eb860630f3502c97fb29fc5de6e.jpg\",\"keywords\":[\"Confiteor\",\"DVD\",\"Iudica me\",\"Missa Tridentina\",\"Modlitwy u st\u00f3p o\u0142tarza\",\"Msza Wszechczas\u00f3w\",\"Premium\",\"Wizualne wprowadzenie do Mszy Trydenckiej\"],\"articleSection\":[\"Msza Trydencka\",\"Tridentina visualis\"],\"inLanguage\":\"en-US\"},{\"@type\":\"WebPage\",\"@id\":\"https:\\\/\\\/wobronietradycjiiwiary.com\\\/przed-nim-krocza-majestat-i-piekno-wizualne-wprowadzenie-do-mszy-trydenckiej-cz-4-z-16\\\/\",\"url\":\"https:\\\/\\\/wobronietradycjiiwiary.com\\\/przed-nim-krocza-majestat-i-piekno-wizualne-wprowadzenie-do-mszy-trydenckiej-cz-4-z-16\\\/\",\"name\":\"\u201ePrzed Nim krocz\u0105 majestat i pi\u0119kno\u201d. Wizualne wprowadzenie do Mszy Trydenckiej. (cz. 4 z 16). Modlitwy u stopni o\u0142tarza. Confiteor - Tradycja i Wiara\",\"isPartOf\":{\"@id\":\"https:\\\/\\\/wobronietradycjiiwiary.com\\\/pl\\\/#website\"},\"primaryImageOfPage\":{\"@id\":\"https:\\\/\\\/wobronietradycjiiwiary.com\\\/przed-nim-krocza-majestat-i-piekno-wizualne-wprowadzenie-do-mszy-trydenckiej-cz-4-z-16\\\/#primaryimage\"},\"image\":{\"@id\":\"https:\\\/\\\/wobronietradycjiiwiary.com\\\/przed-nim-krocza-majestat-i-piekno-wizualne-wprowadzenie-do-mszy-trydenckiej-cz-4-z-16\\\/#primaryimage\"},\"thumbnailUrl\":\"https:\\\/\\\/wobronietradycjiiwiary.com\\\/wp-content\\\/uploads\\\/2020\\\/04\\\/a66b8eb860630f3502c97fb29fc5de6e.jpg\",\"datePublished\":\"2014-11-26T17:34:39+00:00\",\"dateModified\":\"2025-12-23T16:46:46+00:00\",\"description\":\"\u201ePrzed Nim krocz\u0105 majestat i pi\u0119kno\u201d. Wizualne wprowadzenie do Mszy Trydenckiej. (cz. 4 z 16). Modlitwy u stopni o\u0142tarza. Confiteor Msza Trydencka przebieg\",\"breadcrumb\":{\"@id\":\"https:\\\/\\\/wobronietradycjiiwiary.com\\\/przed-nim-krocza-majestat-i-piekno-wizualne-wprowadzenie-do-mszy-trydenckiej-cz-4-z-16\\\/#breadcrumb\"},\"inLanguage\":\"en-US\",\"potentialAction\":[{\"@type\":\"ReadAction\",\"target\":[\"https:\\\/\\\/wobronietradycjiiwiary.com\\\/przed-nim-krocza-majestat-i-piekno-wizualne-wprowadzenie-do-mszy-trydenckiej-cz-4-z-16\\\/\"]}]},{\"@type\":\"ImageObject\",\"inLanguage\":\"en-US\",\"@id\":\"https:\\\/\\\/wobronietradycjiiwiary.com\\\/przed-nim-krocza-majestat-i-piekno-wizualne-wprowadzenie-do-mszy-trydenckiej-cz-4-z-16\\\/#primaryimage\",\"url\":\"https:\\\/\\\/wobronietradycjiiwiary.com\\\/wp-content\\\/uploads\\\/2020\\\/04\\\/a66b8eb860630f3502c97fb29fc5de6e.jpg\",\"contentUrl\":\"https:\\\/\\\/wobronietradycjiiwiary.com\\\/wp-content\\\/uploads\\\/2020\\\/04\\\/a66b8eb860630f3502c97fb29fc5de6e.jpg\",\"width\":919,\"height\":1280,\"caption\":\"\u201ePrzed Nim krocz\u0105 majestat i pi\u0119kno\u201d. Wizualne wprowadzenie do Mszy Trydenckiej. (cz. 12 z 16)\"},{\"@type\":\"BreadcrumbList\",\"@id\":\"https:\\\/\\\/wobronietradycjiiwiary.com\\\/przed-nim-krocza-majestat-i-piekno-wizualne-wprowadzenie-do-mszy-trydenckiej-cz-4-z-16\\\/#breadcrumb\",\"itemListElement\":[{\"@type\":\"ListItem\",\"position\":1,\"name\":\"Strona g\u0142\u00f3wna\",\"item\":\"https:\\\/\\\/wobronietradycjiiwiary.com\\\/\"},{\"@type\":\"ListItem\",\"position\":2,\"name\":\"\u201ePrzed Nim krocz\u0105 majestat i pi\u0119kno\u201d. Wizualne wprowadzenie do Mszy Trydenckiej. (cz. 4 z 16)\"}]},{\"@type\":\"WebSite\",\"@id\":\"https:\\\/\\\/wobronietradycjiiwiary.com\\\/pl\\\/#website\",\"url\":\"https:\\\/\\\/wobronietradycjiiwiary.com\\\/pl\\\/\",\"name\":\"Tradycja i Wiara\",\"description\":\"Portal dla katolik\u00f3w.\",\"publisher\":{\"@id\":\"https:\\\/\\\/wobronietradycjiiwiary.com\\\/pl\\\/#organization\"},\"potentialAction\":[{\"@type\":\"SearchAction\",\"target\":{\"@type\":\"EntryPoint\",\"urlTemplate\":\"https:\\\/\\\/wobronietradycjiiwiary.com\\\/pl\\\/?s={search_term_string}\"},\"query-input\":{\"@type\":\"PropertyValueSpecification\",\"valueRequired\":true,\"valueName\":\"search_term_string\"}}],\"inLanguage\":\"en-US\"},{\"@type\":\"Organization\",\"@id\":\"https:\\\/\\\/wobronietradycjiiwiary.com\\\/pl\\\/#organization\",\"name\":\"Tradycja i Wiara\",\"url\":\"https:\\\/\\\/wobronietradycjiiwiary.com\\\/pl\\\/\",\"logo\":{\"@type\":\"ImageObject\",\"inLanguage\":\"en-US\",\"@id\":\"https:\\\/\\\/wobronietradycjiiwiary.com\\\/pl\\\/#\\\/schema\\\/logo\\\/image\\\/\",\"url\":\"https:\\\/\\\/i0.wp.com\\\/wobronietradycjiiwiary.com\\\/wp-content\\\/uploads\\\/2015\\\/10\\\/cropped-st-peters-dome-vatican.jpg?fit=940%2C198&ssl=1\",\"contentUrl\":\"https:\\\/\\\/i0.wp.com\\\/wobronietradycjiiwiary.com\\\/wp-content\\\/uploads\\\/2015\\\/10\\\/cropped-st-peters-dome-vatican.jpg?fit=940%2C198&ssl=1\",\"width\":940,\"height\":198,\"caption\":\"Tradycja i Wiara\"},\"image\":{\"@id\":\"https:\\\/\\\/wobronietradycjiiwiary.com\\\/pl\\\/#\\\/schema\\\/logo\\\/image\\\/\"},\"sameAs\":[\"https:\\\/\\\/www.facebook.com\\\/Tradycja-i-Wiara-108813920592249\"]},{\"@type\":\"Person\",\"@id\":\"https:\\\/\\\/wobronietradycjiiwiary.com\\\/pl\\\/#\\\/schema\\\/person\\\/2d6180ce6abcb681fef0daab7816e8f3\",\"name\":\"Traditio et Fides\",\"sameAs\":[\"https:\\\/\\\/traditionundglauben.com\"],\"url\":\"https:\\\/\\\/wobronietradycjiiwiary.com\\\/en\\\/author\\\/wobronietradycjiiwiary\\\/\"}]}<\/script>\n<!-- \/ Yoast SEO plugin. -->","yoast_head_json":{"title":"\u201ePrzed Nim krocz\u0105 majestat i pi\u0119kno\u201d. Wizualne wprowadzenie do Mszy Trydenckiej. (cz. 4 z 16). Modlitwy u stopni o\u0142tarza. Confiteor - Tradycja i Wiara","description":"\u201ePrzed Nim krocz\u0105 majestat i pi\u0119kno\u201d. Wizualne wprowadzenie do Mszy Trydenckiej. (cz. 4 z 16). Modlitwy u stopni o\u0142tarza. Confiteor Msza Trydencka przebieg","robots":{"index":"index","follow":"follow","max-snippet":"max-snippet:-1","max-image-preview":"max-image-preview:large","max-video-preview":"max-video-preview:-1"},"canonical":"https:\/\/wobronietradycjiiwiary.com\/en\/przed-nim-krocza-majestat-i-piekno-wizualne-wprowadzenie-do-mszy-trydenckiej-cz-4-z-16\/","og_locale":"en_US","og_type":"article","og_title":"\u201ePrzed Nim krocz\u0105 majestat i pi\u0119kno\u201d. Wizualne wprowadzenie do Mszy Trydenckiej. (cz. 4 z 16). Modlitwy u stopni o\u0142tarza. Confiteor - Tradycja i Wiara","og_description":"\u201ePrzed Nim krocz\u0105 majestat i pi\u0119kno\u201d. Wizualne wprowadzenie do Mszy Trydenckiej. (cz. 4 z 16). Modlitwy u stopni o\u0142tarza. Confiteor Msza Trydencka przebieg","og_url":"https:\/\/wobronietradycjiiwiary.com\/en\/przed-nim-krocza-majestat-i-piekno-wizualne-wprowadzenie-do-mszy-trydenckiej-cz-4-z-16\/","og_site_name":"Tradycja i Wiara","article_publisher":"https:\/\/www.facebook.com\/Tradycja-i-Wiara-108813920592249","article_published_time":"2014-11-26T17:34:39+00:00","article_modified_time":"2025-12-23T16:46:46+00:00","og_image":[{"width":919,"height":1280,"url":"https:\/\/i2.wp.com\/wobronietradycjiiwiary.com\/wp-content\/uploads\/2020\/04\/a66b8eb860630f3502c97fb29fc5de6e.jpg?fit=919%2C1280&ssl=1","type":"image\/jpeg"}],"author":"Traditio et Fides","twitter_card":"summary_large_image","twitter_misc":{"Written by":"Traditio et Fides","Est. reading time":"1 minute"},"schema":{"@context":"https:\/\/schema.org","@graph":[{"@type":"Article","@id":"https:\/\/wobronietradycjiiwiary.com\/przed-nim-krocza-majestat-i-piekno-wizualne-wprowadzenie-do-mszy-trydenckiej-cz-4-z-16\/#article","isPartOf":{"@id":"https:\/\/wobronietradycjiiwiary.com\/przed-nim-krocza-majestat-i-piekno-wizualne-wprowadzenie-do-mszy-trydenckiej-cz-4-z-16\/"},"author":{"name":"Traditio et Fides","@id":"https:\/\/wobronietradycjiiwiary.com\/pl\/#\/schema\/person\/2d6180ce6abcb681fef0daab7816e8f3"},"headline":"\u201ePrzed Nim krocz\u0105 majestat i pi\u0119kno\u201d. Wizualne wprowadzenie do Mszy Trydenckiej. (cz. 4 z 16). Modlitwy u stopni o\u0142tarza. Confiteor","datePublished":"2014-11-26T17:34:39+00:00","dateModified":"2025-12-23T16:46:46+00:00","mainEntityOfPage":{"@id":"https:\/\/wobronietradycjiiwiary.com\/przed-nim-krocza-majestat-i-piekno-wizualne-wprowadzenie-do-mszy-trydenckiej-cz-4-z-16\/"},"wordCount":148,"publisher":{"@id":"https:\/\/wobronietradycjiiwiary.com\/pl\/#organization"},"image":{"@id":"https:\/\/wobronietradycjiiwiary.com\/przed-nim-krocza-majestat-i-piekno-wizualne-wprowadzenie-do-mszy-trydenckiej-cz-4-z-16\/#primaryimage"},"thumbnailUrl":"https:\/\/wobronietradycjiiwiary.com\/wp-content\/uploads\/2020\/04\/a66b8eb860630f3502c97fb29fc5de6e.jpg","keywords":["Confiteor","DVD","Iudica me","Missa Tridentina","Modlitwy u st\u00f3p o\u0142tarza","Msza Wszechczas\u00f3w","Premium","Wizualne wprowadzenie do Mszy Trydenckiej"],"articleSection":["Msza Trydencka","Tridentina visualis"],"inLanguage":"en-US"},{"@type":"WebPage","@id":"https:\/\/wobronietradycjiiwiary.com\/przed-nim-krocza-majestat-i-piekno-wizualne-wprowadzenie-do-mszy-trydenckiej-cz-4-z-16\/","url":"https:\/\/wobronietradycjiiwiary.com\/przed-nim-krocza-majestat-i-piekno-wizualne-wprowadzenie-do-mszy-trydenckiej-cz-4-z-16\/","name":"\u201ePrzed Nim krocz\u0105 majestat i pi\u0119kno\u201d. Wizualne wprowadzenie do Mszy Trydenckiej. (cz. 4 z 16). Modlitwy u stopni o\u0142tarza. Confiteor - Tradycja i Wiara","isPartOf":{"@id":"https:\/\/wobronietradycjiiwiary.com\/pl\/#website"},"primaryImageOfPage":{"@id":"https:\/\/wobronietradycjiiwiary.com\/przed-nim-krocza-majestat-i-piekno-wizualne-wprowadzenie-do-mszy-trydenckiej-cz-4-z-16\/#primaryimage"},"image":{"@id":"https:\/\/wobronietradycjiiwiary.com\/przed-nim-krocza-majestat-i-piekno-wizualne-wprowadzenie-do-mszy-trydenckiej-cz-4-z-16\/#primaryimage"},"thumbnailUrl":"https:\/\/wobronietradycjiiwiary.com\/wp-content\/uploads\/2020\/04\/a66b8eb860630f3502c97fb29fc5de6e.jpg","datePublished":"2014-11-26T17:34:39+00:00","dateModified":"2025-12-23T16:46:46+00:00","description":"\u201ePrzed Nim krocz\u0105 majestat i pi\u0119kno\u201d. Wizualne wprowadzenie do Mszy Trydenckiej. (cz. 4 z 16). Modlitwy u stopni o\u0142tarza. Confiteor Msza Trydencka przebieg","breadcrumb":{"@id":"https:\/\/wobronietradycjiiwiary.com\/przed-nim-krocza-majestat-i-piekno-wizualne-wprowadzenie-do-mszy-trydenckiej-cz-4-z-16\/#breadcrumb"},"inLanguage":"en-US","potentialAction":[{"@type":"ReadAction","target":["https:\/\/wobronietradycjiiwiary.com\/przed-nim-krocza-majestat-i-piekno-wizualne-wprowadzenie-do-mszy-trydenckiej-cz-4-z-16\/"]}]},{"@type":"ImageObject","inLanguage":"en-US","@id":"https:\/\/wobronietradycjiiwiary.com\/przed-nim-krocza-majestat-i-piekno-wizualne-wprowadzenie-do-mszy-trydenckiej-cz-4-z-16\/#primaryimage","url":"https:\/\/wobronietradycjiiwiary.com\/wp-content\/uploads\/2020\/04\/a66b8eb860630f3502c97fb29fc5de6e.jpg","contentUrl":"https:\/\/wobronietradycjiiwiary.com\/wp-content\/uploads\/2020\/04\/a66b8eb860630f3502c97fb29fc5de6e.jpg","width":919,"height":1280,"caption":"\u201ePrzed Nim krocz\u0105 majestat i pi\u0119kno\u201d. Wizualne wprowadzenie do Mszy Trydenckiej. (cz. 12 z 16)"},{"@type":"BreadcrumbList","@id":"https:\/\/wobronietradycjiiwiary.com\/przed-nim-krocza-majestat-i-piekno-wizualne-wprowadzenie-do-mszy-trydenckiej-cz-4-z-16\/#breadcrumb","itemListElement":[{"@type":"ListItem","position":1,"name":"Strona g\u0142\u00f3wna","item":"https:\/\/wobronietradycjiiwiary.com\/"},{"@type":"ListItem","position":2,"name":"\u201ePrzed Nim krocz\u0105 majestat i pi\u0119kno\u201d. Wizualne wprowadzenie do Mszy Trydenckiej. (cz. 4 z 16)"}]},{"@type":"WebSite","@id":"https:\/\/wobronietradycjiiwiary.com\/pl\/#website","url":"https:\/\/wobronietradycjiiwiary.com\/pl\/","name":"Tradycja i Wiara","description":"Portal dla katolik\u00f3w.","publisher":{"@id":"https:\/\/wobronietradycjiiwiary.com\/pl\/#organization"},"potentialAction":[{"@type":"SearchAction","target":{"@type":"EntryPoint","urlTemplate":"https:\/\/wobronietradycjiiwiary.com\/pl\/?s={search_term_string}"},"query-input":{"@type":"PropertyValueSpecification","valueRequired":true,"valueName":"search_term_string"}}],"inLanguage":"en-US"},{"@type":"Organization","@id":"https:\/\/wobronietradycjiiwiary.com\/pl\/#organization","name":"Tradycja i Wiara","url":"https:\/\/wobronietradycjiiwiary.com\/pl\/","logo":{"@type":"ImageObject","inLanguage":"en-US","@id":"https:\/\/wobronietradycjiiwiary.com\/pl\/#\/schema\/logo\/image\/","url":"https:\/\/i0.wp.com\/wobronietradycjiiwiary.com\/wp-content\/uploads\/2015\/10\/cropped-st-peters-dome-vatican.jpg?fit=940%2C198&ssl=1","contentUrl":"https:\/\/i0.wp.com\/wobronietradycjiiwiary.com\/wp-content\/uploads\/2015\/10\/cropped-st-peters-dome-vatican.jpg?fit=940%2C198&ssl=1","width":940,"height":198,"caption":"Tradycja i Wiara"},"image":{"@id":"https:\/\/wobronietradycjiiwiary.com\/pl\/#\/schema\/logo\/image\/"},"sameAs":["https:\/\/www.facebook.com\/Tradycja-i-Wiara-108813920592249"]},{"@type":"Person","@id":"https:\/\/wobronietradycjiiwiary.com\/pl\/#\/schema\/person\/2d6180ce6abcb681fef0daab7816e8f3","name":"Traditio et Fides","sameAs":["https:\/\/traditionundglauben.com"],"url":"https:\/\/wobronietradycjiiwiary.com\/en\/author\/wobronietradycjiiwiary\/"}]}},"jetpack_publicize_connections":[],"jetpack_sharing_enabled":true,"jetpack_likes_enabled":true,"jetpack_shortlink":"https:\/\/wp.me\/pc04Sd-J7","jetpack-related-posts":[{"id":2531,"url":"https:\/\/wobronietradycjiiwiary.com\/en\/przed-nim-krocza-majestat-i-piekno-wizualne-wprowadzenie-do-mszy-trydenckiej-cz-2-z-16\/","url_meta":{"origin":2797,"position":0},"title":"\u201ePrzed Nim krocz\u0105 majestat i pi\u0119kno\u201d. Wizualne wprowadzenie do Mszy Trydenckiej. (cz. 2 z 16). Wst\u0119p (2). Przygotowania w zakrystii.","author":"Traditio et Fides","date":"29 October 2014","format":false,"excerpt":"Cykl ukazuj\u0105cy tre\u015b\u0107, form\u0119 i wizualne pi\u0119kno celebry Mszy Trydenckiej.","rel":"","context":"In &quot;Tridentina visualis&quot;","block_context":{"text":"Tridentina visualis","link":"https:\/\/wobronietradycjiiwiary.com\/en\/category\/duchowosc\/liturgia-i-liturgika\/msza-trydencka\/tridentina-visualis\/"},"img":{"alt_text":"","src":"https:\/\/i0.wp.com\/wobronietradycjiiwiary.com\/wp-content\/uploads\/2020\/04\/a66b8eb860630f3502c97fb29fc5de6e.jpg?resize=350%2C200&ssl=1","width":350,"height":200,"srcset":"https:\/\/i0.wp.com\/wobronietradycjiiwiary.com\/wp-content\/uploads\/2020\/04\/a66b8eb860630f3502c97fb29fc5de6e.jpg?resize=350%2C200&ssl=1 1x, https:\/\/i0.wp.com\/wobronietradycjiiwiary.com\/wp-content\/uploads\/2020\/04\/a66b8eb860630f3502c97fb29fc5de6e.jpg?resize=525%2C300&ssl=1 1.5x, https:\/\/i0.wp.com\/wobronietradycjiiwiary.com\/wp-content\/uploads\/2020\/04\/a66b8eb860630f3502c97fb29fc5de6e.jpg?resize=700%2C400&ssl=1 2x"},"classes":[]},{"id":2667,"url":"https:\/\/wobronietradycjiiwiary.com\/en\/przed-nim-krocza-majestat-i-piekno-wizualne-wprowadzenie-do-mszy-trydenckiej-cz-3-z-16\/","url_meta":{"origin":2797,"position":1},"title":"\u201ePrzed Nim krocz\u0105 majestat i pi\u0119kno\u201d. Wizualne wprowadzenie do Mszy Trydenckiej. (3 z 16). Gesty przy o\u0142tarzu","author":"Traditio et Fides","date":"12 November 2014","format":false,"excerpt":"Poni\u017cszy film ukazuje pieczo\u0142owito\u015b\u0107, z kt\u00f3r\u0105 wszelkie detale przed rozpocz\u0119ciem Mszy \u015awi\u0119tej s\u0105 przygotowywane. Ka\u017cdy gest i przedmiot maj\u0105 w\u0142a\u015bciwe miejsce oraz podkre\u015blaj\u0105 godno\u015b\u0107 i wielko\u015b\u0107 tajemnic, kt\u00f3rych celebracja rozpocznie si\u0119 za moment. \/wotiw\/","rel":"","context":"In &quot;Tridentina visualis&quot;","block_context":{"text":"Tridentina visualis","link":"https:\/\/wobronietradycjiiwiary.com\/en\/category\/duchowosc\/liturgia-i-liturgika\/msza-trydencka\/tridentina-visualis\/"},"img":{"alt_text":"","src":"https:\/\/i0.wp.com\/wobronietradycjiiwiary.com\/wp-content\/uploads\/2020\/04\/a66b8eb860630f3502c97fb29fc5de6e.jpg?resize=350%2C200&ssl=1","width":350,"height":200,"srcset":"https:\/\/i0.wp.com\/wobronietradycjiiwiary.com\/wp-content\/uploads\/2020\/04\/a66b8eb860630f3502c97fb29fc5de6e.jpg?resize=350%2C200&ssl=1 1x, https:\/\/i0.wp.com\/wobronietradycjiiwiary.com\/wp-content\/uploads\/2020\/04\/a66b8eb860630f3502c97fb29fc5de6e.jpg?resize=525%2C300&ssl=1 1.5x, https:\/\/i0.wp.com\/wobronietradycjiiwiary.com\/wp-content\/uploads\/2020\/04\/a66b8eb860630f3502c97fb29fc5de6e.jpg?resize=700%2C400&ssl=1 2x"},"classes":[]},{"id":107594,"url":"https:\/\/wobronietradycjiiwiary.com\/en\/carol-byrne-msza-dialogowana-82-1-z-129-kanon-z-1962-r-wywolal-kryzys-ii\/","url_meta":{"origin":2797,"position":2},"title":"Carol Byrne, &#8220;Msza dialogowana&#8221;. (82.2 z 129). Kanon z 1962 r. wywo\u0142a\u0142 kryzys (ii)","author":"Traditio et Fides","date":"21 November 2023","format":false,"excerpt":"O zniesieniu Confiteor przed komuni\u0105.","rel":"","context":"In &quot;2. Stopniowe zmiany liturgii: Kanon, kalendarz, znikaj\u0105ce \u015bwi\u0119ta&quot;","block_context":{"text":"2. Stopniowe zmiany liturgii: Kanon, kalendarz, znikaj\u0105ce \u015bwi\u0119ta","link":"https:\/\/wobronietradycjiiwiary.com\/en\/category\/doktryna\/teologia-liturgii\/byrne-doktryna\/byrne\/4-jan-xxiii\/2-stopniowe-zmiany-liturgii\/"},"img":{"alt_text":"","src":"https:\/\/i0.wp.com\/wobronietradycjiiwiary.com\/wp-content\/uploads\/2019\/10\/carreno-de-miranda.jpg?resize=350%2C200&ssl=1","width":350,"height":200,"srcset":"https:\/\/i0.wp.com\/wobronietradycjiiwiary.com\/wp-content\/uploads\/2019\/10\/carreno-de-miranda.jpg?resize=350%2C200&ssl=1 1x, https:\/\/i0.wp.com\/wobronietradycjiiwiary.com\/wp-content\/uploads\/2019\/10\/carreno-de-miranda.jpg?resize=525%2C300&ssl=1 1.5x, https:\/\/i0.wp.com\/wobronietradycjiiwiary.com\/wp-content\/uploads\/2019\/10\/carreno-de-miranda.jpg?resize=700%2C400&ssl=1 2x"},"classes":[]},{"id":107096,"url":"https:\/\/wobronietradycjiiwiary.com\/en\/carol-byrne-msza-dialogowana-82-1-z-129-kanon-z-1962-r-wywolal-kryzys\/","url_meta":{"origin":2797,"position":3},"title":"Carol Byrne, &#8220;Msza dialogowana&#8221;. (82.1 z 129). Kanon z 1962 r. wywo\u0142a\u0142 kryzys (i)","author":"Traditio et Fides","date":"14 November 2023","format":false,"excerpt":"O konsekwencji zniesienia niezmienno\u015bci Kanonu.","rel":"","context":"In &quot;2. Stopniowe zmiany liturgii: Kanon, kalendarz, znikaj\u0105ce \u015bwi\u0119ta&quot;","block_context":{"text":"2. Stopniowe zmiany liturgii: Kanon, kalendarz, znikaj\u0105ce \u015bwi\u0119ta","link":"https:\/\/wobronietradycjiiwiary.com\/en\/category\/doktryna\/teologia-liturgii\/byrne-doktryna\/byrne\/4-jan-xxiii\/2-stopniowe-zmiany-liturgii\/"},"img":{"alt_text":"","src":"https:\/\/i0.wp.com\/wobronietradycjiiwiary.com\/wp-content\/uploads\/2019\/10\/carreno-de-miranda.jpg?resize=350%2C200&ssl=1","width":350,"height":200,"srcset":"https:\/\/i0.wp.com\/wobronietradycjiiwiary.com\/wp-content\/uploads\/2019\/10\/carreno-de-miranda.jpg?resize=350%2C200&ssl=1 1x, https:\/\/i0.wp.com\/wobronietradycjiiwiary.com\/wp-content\/uploads\/2019\/10\/carreno-de-miranda.jpg?resize=525%2C300&ssl=1 1.5x, https:\/\/i0.wp.com\/wobronietradycjiiwiary.com\/wp-content\/uploads\/2019\/10\/carreno-de-miranda.jpg?resize=700%2C400&ssl=1 2x"},"classes":[]},{"id":2931,"url":"https:\/\/wobronietradycjiiwiary.com\/en\/przed-nim-krocza-majestat-i-piekno-wizualne-wprowadzenie-do-mszy-trydenckiej-cz-5-z-16\/","url_meta":{"origin":2797,"position":4},"title":"\u201ePrzed Nim krocz\u0105 majestat i pi\u0119kno\u201d. Wizualne wprowadzenie do Mszy Trydenckiej. (cz. 5 z 16). Gloria.","author":"Traditio et Fides","date":"10 December 2014","format":false,"excerpt":"Ukazany w poni\u017cszym\u00a0 filmie fragment Mszy \u015awi\u0119tej zawiera moment dzi\u0119kczynienia Bogu za wszystkie dary, jakie otrzymujemy od Przenaj\u015bwi\u0119tszej Tr\u00f3jcy. Zwr\u00f3\u0107my po raz kolejny uwag\u0119 na to, jak ka\u017cdy gest cia\u0142a oddaje jedno\u015b\u0107 \u015bwiata duchowego i materialnego. Cia\u0142o celebransa jest elementem duchowego porz\u0105dku, gdy poprzez ka\u017cd\u0105 czynno\u015b\u0107, bior\u0105c udzia\u0142 w prze\u017cywaniu\u2026","rel":"","context":"In &quot;Msza Trydencka&quot;","block_context":{"text":"Msza Trydencka","link":"https:\/\/wobronietradycjiiwiary.com\/en\/category\/duchowosc\/liturgia-i-liturgika\/msza-trydencka\/"},"img":{"alt_text":"","src":"https:\/\/i0.wp.com\/wobronietradycjiiwiary.com\/wp-content\/uploads\/2020\/04\/a66b8eb860630f3502c97fb29fc5de6e.jpg?resize=350%2C200&ssl=1","width":350,"height":200,"srcset":"https:\/\/i0.wp.com\/wobronietradycjiiwiary.com\/wp-content\/uploads\/2020\/04\/a66b8eb860630f3502c97fb29fc5de6e.jpg?resize=350%2C200&ssl=1 1x, https:\/\/i0.wp.com\/wobronietradycjiiwiary.com\/wp-content\/uploads\/2020\/04\/a66b8eb860630f3502c97fb29fc5de6e.jpg?resize=525%2C300&ssl=1 1.5x, https:\/\/i0.wp.com\/wobronietradycjiiwiary.com\/wp-content\/uploads\/2020\/04\/a66b8eb860630f3502c97fb29fc5de6e.jpg?resize=700%2C400&ssl=1 2x"},"classes":[]},{"id":3027,"url":"https:\/\/wobronietradycjiiwiary.com\/en\/przed-nim-krocza-majestat-i-piekno-wizualne-wprowadzenie-do-mszy-trydenckiej-cz-6-z-16\/","url_meta":{"origin":2797,"position":5},"title":"\u201ePrzed Nim krocz\u0105 majestat i pi\u0119kno\u201d. Wizualne wprowadzenie do Mszy Trydenckiej. (cz. 6 z 16). Munda me, Ewangelia i Credo.","author":"Traditio et Fides","date":"21 December 2014","format":false,"excerpt":"Ukazany na filmie moment przedstawia obrz\u0119dy okalaj\u0105ce moment czytania Ewangelii i wyznanie wiary.\u00a0 Kap\u0142an po raz pierwszy podczas Mszy \u015awi\u0119tej ze czci\u0105 podnosi oczy ku Krzy\u017cowi, modli si\u0119 o czyste my\u015bli, czyste usta i serce, godne obcowania ze S\u0142owem Bo\u017cym i karmienia nim innych. Gesty i s\u0142owa uwidaczniaj\u0105\u00a0 bezcenn\u0105 warto\u015b\u0107\u2026","rel":"","context":"In &quot;Tridentina visualis&quot;","block_context":{"text":"Tridentina visualis","link":"https:\/\/wobronietradycjiiwiary.com\/en\/category\/duchowosc\/liturgia-i-liturgika\/msza-trydencka\/tridentina-visualis\/"},"img":{"alt_text":"","src":"https:\/\/i0.wp.com\/wobronietradycjiiwiary.com\/wp-content\/uploads\/2020\/04\/a66b8eb860630f3502c97fb29fc5de6e.jpg?resize=350%2C200&ssl=1","width":350,"height":200,"srcset":"https:\/\/i0.wp.com\/wobronietradycjiiwiary.com\/wp-content\/uploads\/2020\/04\/a66b8eb860630f3502c97fb29fc5de6e.jpg?resize=350%2C200&ssl=1 1x, https:\/\/i0.wp.com\/wobronietradycjiiwiary.com\/wp-content\/uploads\/2020\/04\/a66b8eb860630f3502c97fb29fc5de6e.jpg?resize=525%2C300&ssl=1 1.5x, https:\/\/i0.wp.com\/wobronietradycjiiwiary.com\/wp-content\/uploads\/2020\/04\/a66b8eb860630f3502c97fb29fc5de6e.jpg?resize=700%2C400&ssl=1 2x"},"classes":[]}],"amp_enabled":true,"jetpack_featured_media_url":"https:\/\/wobronietradycjiiwiary.com\/wp-content\/uploads\/2020\/04\/a66b8eb860630f3502c97fb29fc5de6e.jpg","_links":{"self":[{"href":"https:\/\/wobronietradycjiiwiary.com\/en\/wp-json\/wp\/v2\/posts\/2797","targetHints":{"allow":["GET"]}}],"collection":[{"href":"https:\/\/wobronietradycjiiwiary.com\/en\/wp-json\/wp\/v2\/posts"}],"about":[{"href":"https:\/\/wobronietradycjiiwiary.com\/en\/wp-json\/wp\/v2\/types\/post"}],"author":[{"embeddable":true,"href":"https:\/\/wobronietradycjiiwiary.com\/en\/wp-json\/wp\/v2\/users\/60508433"}],"replies":[{"embeddable":true,"href":"https:\/\/wobronietradycjiiwiary.com\/en\/wp-json\/wp\/v2\/comments?post=2797"}],"version-history":[{"count":2,"href":"https:\/\/wobronietradycjiiwiary.com\/en\/wp-json\/wp\/v2\/posts\/2797\/revisions"}],"predecessor-version":[{"id":157974,"href":"https:\/\/wobronietradycjiiwiary.com\/en\/wp-json\/wp\/v2\/posts\/2797\/revisions\/157974"}],"wp:featuredmedia":[{"embeddable":true,"href":"https:\/\/wobronietradycjiiwiary.com\/en\/wp-json\/wp\/v2\/media\/27891"}],"wp:attachment":[{"href":"https:\/\/wobronietradycjiiwiary.com\/en\/wp-json\/wp\/v2\/media?parent=2797"}],"wp:term":[{"taxonomy":"category","embeddable":true,"href":"https:\/\/wobronietradycjiiwiary.com\/en\/wp-json\/wp\/v2\/categories?post=2797"},{"taxonomy":"post_tag","embeddable":true,"href":"https:\/\/wobronietradycjiiwiary.com\/en\/wp-json\/wp\/v2\/tags?post=2797"}],"curies":[{"name":"wp","href":"https:\/\/api.w.org\/{rel}","templated":true}]}}