{"id":26335,"date":"2020-02-18T08:10:10","date_gmt":"2020-02-18T07:10:10","guid":{"rendered":"https:\/\/wobronietradycjiiwiary.com\/?p=26335"},"modified":"2025-02-07T15:39:45","modified_gmt":"2025-02-07T14:39:45","slug":"najgorszy-w-papiezy-lub-o-prymacie-5","status":"publish","type":"post","link":"https:\/\/wobronietradycjiiwiary.com\/en\/najgorszy-w-papiezy-lub-o-prymacie-5\/","title":{"rendered":"Najgorszy z papie\u017cy lub o prymacie 5"},"content":{"rendered":"<div id=\"bsf_rt_marker\"><\/div><p>Prymat Piotrowy przekazany personalnie \u015bw. Piotrowi, a nast\u0119pnie jego nast\u0119pcom zawiera tak\u017ce tre\u015bci i w\u0142adz\u0119 duchow\u0105 i \u0142ask\u0119. &nbsp; Czytaj&hellip;<\/p>\n<div style=\"text-align: center\">\n<p>&nbsp;<\/p>\n<\/div>\n<h2 style=\"border: 5px solid #0000A0;padding: 1em;text-align: center\"><span style=\"color: #000000\">Pe\u0142en dost\u0119p dla <span style=\"color: #00ccff\"><a style=\"color: #00ccff\" href=\"https:\/\/wobronietradycjiiwiary.com\/en\/subskrypcje-2\/\" target=\"_blank\" rel=\"noopener\">subskrybent\u00f3w<\/a><\/span>.<\/span><br \/>\n<span style=\"color: #3366ff\"><a style=\"color: #3366ff\" href=\"https:\/\/wobronietradycjiiwiary.com\/en\/account\/login\/\" target=\"_blank\" rel=\"noopener\"><span style=\"color: #00ccff\">Zaloguj<\/span><\/a> <\/span>si\u0119 lub przejd\u017a do <a href=\"https:\/\/wobronietradycjiiwiary.com\/en\/register\/\"><span style=\"color: #3366ff\">Rejestracji<\/span><\/a>.<\/h2>\n<div>\n<p style=\"text-align: center\"><a href=\"https:\/\/wobronietradycjiiwiary.com\/en\/subskrypcje-2\/cennik\/\" target=\"_blank\" rel=\"noopener\"><span style=\"color: #000080;font-size: 24pt\"><strong>Nowe ni\u017csze ceny<\/strong><\/span><\/a><\/p>\n<p style=\"text-align: center\"><strong><span style=\"font-size: 18pt;color: #000080\">P\u0142atno\u015b\u0107 kart\u0105<\/span><\/strong><\/p>\n<\/div>\n<h3 style=\"text-align: center\"><a href=\"https:\/\/wobronietradycjiiwiary.com\/en\/subskrypcje-2\/automatyczne\/indywidualne\/\" target=\"_blank\" rel=\"noopener\"><img fetchpriority=\"high\" decoding=\"async\" class=\"alignnone size-medium wp-image-80433\" src=\"https:\/\/wobronietradycjiiwiary.com\/wp-content\/uploads\/2022\/11\/Unbenannt-1-Online-1-300x202.jpg\" alt=\"\" width=\"300\" height=\"202\" srcset=\"https:\/\/wobronietradycjiiwiary.com\/wp-content\/uploads\/2022\/11\/Unbenannt-1-Online-1-300x202.jpg 300w, https:\/\/wobronietradycjiiwiary.com\/wp-content\/uploads\/2022\/11\/Unbenannt-1-Online-1-150x101.jpg 150w, https:\/\/wobronietradycjiiwiary.com\/wp-content\/uploads\/2022\/11\/Unbenannt-1-Online-1-18x12.jpg 18w, https:\/\/wobronietradycjiiwiary.com\/wp-content\/uploads\/2022\/11\/Unbenannt-1-Online-1.jpg 446w\" sizes=\"(max-width: 300px) 100vw, 300px\" \/><\/a><\/h3>\n<p style=\"text-align: center\"><strong><span style=\"font-size: 18pt;color: #000080\">P\u0142atno\u015b\u0107 przelewem<\/span><\/strong><\/p>\n<p><a href=\"https:\/\/wobronietradycjiiwiary.com\/en\/subskrypcje-2\/automatyczne\/indywidualne\/\" target=\"_blank\" rel=\"noopener\"><img decoding=\"async\" class=\"size-medium wp-image-80434 aligncenter\" src=\"https:\/\/wobronietradycjiiwiary.com\/wp-content\/uploads\/2022\/11\/Unbenannt-1-Przelewem-300x137.jpg\" alt=\"\" width=\"300\" height=\"137\" srcset=\"https:\/\/wobronietradycjiiwiary.com\/wp-content\/uploads\/2022\/11\/Unbenannt-1-Przelewem-300x137.jpg 300w, https:\/\/wobronietradycjiiwiary.com\/wp-content\/uploads\/2022\/11\/Unbenannt-1-Przelewem-450x206.jpg 450w, https:\/\/wobronietradycjiiwiary.com\/wp-content\/uploads\/2022\/11\/Unbenannt-1-Przelewem-600x274.jpg 600w, https:\/\/wobronietradycjiiwiary.com\/wp-content\/uploads\/2022\/11\/Unbenannt-1-Przelewem-150x69.jpg 150w, https:\/\/wobronietradycjiiwiary.com\/wp-content\/uploads\/2022\/11\/Unbenannt-1-Przelewem-18x8.jpg 18w, https:\/\/wobronietradycjiiwiary.com\/wp-content\/uploads\/2022\/11\/Unbenannt-1-Przelewem.jpg 676w\" sizes=\"(max-width: 300px) 100vw, 300px\" \/><\/a><\/p>\n<p style=\"text-align: center\"><strong><span style=\"font-size: 18pt;color: #000080\">P\u0142atno\u015b\u0107 kart\u0105 do 6 os\u00f3b<\/span><\/strong><\/p>\n<p><a href=\"https:\/\/wobronietradycjiiwiary.com\/en\/rodzinne\/\" target=\"_blank\" rel=\"noopener\"><img decoding=\"async\" class=\"size-medium wp-image-80435 aligncenter\" src=\"https:\/\/wobronietradycjiiwiary.com\/wp-content\/uploads\/2022\/11\/Unbenannt-1-Rodzinna-300x208.jpg\" alt=\"\" width=\"300\" height=\"208\" srcset=\"https:\/\/wobronietradycjiiwiary.com\/wp-content\/uploads\/2022\/11\/Unbenannt-1-Rodzinna-300x208.jpg 300w, https:\/\/wobronietradycjiiwiary.com\/wp-content\/uploads\/2022\/11\/Unbenannt-1-Rodzinna-150x104.jpg 150w, https:\/\/wobronietradycjiiwiary.com\/wp-content\/uploads\/2022\/11\/Unbenannt-1-Rodzinna-18x12.jpg 18w, https:\/\/wobronietradycjiiwiary.com\/wp-content\/uploads\/2022\/11\/Unbenannt-1-Rodzinna.jpg 448w\" sizes=\"(max-width: 300px) 100vw, 300px\" \/><\/a><\/p>\n<h3 style=\"text-align: center\"><\/h3>\n<h1 style=\"text-align: center\"><\/h1>","protected":false},"excerpt":{"rendered":"<p>Prymat Piotrowy przekazany personalnie \u015bw. Piotrowi, a nast\u0119pnie jego nast\u0119pcom zawiera tak\u017ce tre\u015bci i w\u0142adz\u0119 duchow\u0105 i \u0142ask\u0119. &nbsp; Czytaj&hellip; &nbsp; Pe\u0142en dost\u0119p dla subskrybent\u00f3w. Zaloguj si\u0119 lub przejd\u017a do Rejestracji. Nowe ni\u017csze ceny P\u0142atno\u015b\u0107 kart\u0105 P\u0142atno\u015b\u0107 przelewem P\u0142atno\u015b\u0107 kart\u0105 do 6 os\u00f3b<\/p>","protected":false},"author":60508433,"featured_media":57223,"comment_status":"closed","ping_status":"closed","sticky":false,"template":"","format":"standard","meta":{"_coblocks_attr":"","_coblocks_dimensions":"","_coblocks_responsive_height":"","_coblocks_accordion_ie_support":"","_exactmetrics_skip_tracking":false,"_jetpack_newsletter_access":"","_jetpack_dont_email_post_to_subs":false,"_jetpack_newsletter_tier_id":0,"_jetpack_memberships_contains_paywalled_content":false,"_wpcom_ai_launchpad_first_post":false,"_jetpack_feature_clip_id":0,"_jetpack_memberships_contains_paid_content":false,"footnotes":"","jetpack_publicize_message":"{title}\n\n{excerpt}\n\n{url}","jetpack_publicize_feature_enabled":true,"jetpack_social_post_already_shared":true,"jetpack_social_options":{"image_generator_settings":{"template":"highway","default_image_id":0,"font":"","enabled":false},"version":2},"_wpas_customize_per_network":false,"jetpack_post_was_ever_published":false},"categories":[610131483],"tags":[610131486,610132133,610131477,610132043],"class_list":["post-26335","post","type-post","status-publish","format-standard","has-post-thumbnail","hentry","category-charyzmat-nieomylnosci","tag-prymat-papieski","tag-restricted","tag-znaczenie-prymatu","tag-zywoty-swietych"],"yoast_head":"<!-- This site is optimized with the Yoast SEO plugin v28.3 - https:\/\/yoast.com\/product\/yoast-seo-wordpress\/ -->\n<title>Najgorszy z papie\u017cy lub o prymacie 5 - Tradycja i Wiara<\/title>\n<meta name=\"description\" content=\"Najgorszy z papie\u017cy lub o prymacie 5 prymat sukcesja \u0142aska Chrystus\" \/>\n<meta name=\"robots\" content=\"index, follow, max-snippet:-1, max-image-preview:large, max-video-preview:-1\" \/>\n<link rel=\"canonical\" href=\"https:\/\/wobronietradycjiiwiary.com\/en\/najgorszy-w-papiezy-lub-o-prymacie-5\/\" \/>\n<meta property=\"og:locale\" content=\"en_US\" \/>\n<meta property=\"og:type\" content=\"article\" \/>\n<meta property=\"og:title\" content=\"Najgorszy z papie\u017cy lub o prymacie 5 - Tradycja i Wiara\" \/>\n<meta property=\"og:description\" content=\"Najgorszy z papie\u017cy lub o prymacie 5 prymat sukcesja \u0142aska Chrystus\" \/>\n<meta property=\"og:url\" content=\"https:\/\/wobronietradycjiiwiary.com\/en\/najgorszy-w-papiezy-lub-o-prymacie-5\/\" \/>\n<meta property=\"og:site_name\" content=\"Tradycja i Wiara\" \/>\n<meta property=\"article:publisher\" content=\"https:\/\/www.facebook.com\/Tradycja-i-Wiara-108813920592249\" \/>\n<meta property=\"article:published_time\" content=\"2020-02-18T07:10:10+00:00\" \/>\n<meta property=\"article:modified_time\" content=\"2025-02-07T14:39:45+00:00\" \/>\n<meta name=\"author\" content=\"Traditio et Fides\" \/>\n<meta name=\"twitter:card\" content=\"summary_large_image\" \/>\n<meta name=\"twitter:label1\" content=\"Written by\" \/>\n\t<meta name=\"twitter:data1\" content=\"Traditio et Fides\" \/>\n<script type=\"application\/ld+json\" class=\"yoast-schema-graph\">{\"@context\":\"https:\\\/\\\/schema.org\",\"@graph\":[{\"@type\":\"Article\",\"@id\":\"https:\\\/\\\/wobronietradycjiiwiary.com\\\/najgorszy-w-papiezy-lub-o-prymacie-5\\\/#article\",\"isPartOf\":{\"@id\":\"https:\\\/\\\/wobronietradycjiiwiary.com\\\/najgorszy-w-papiezy-lub-o-prymacie-5\\\/\"},\"author\":{\"name\":\"Traditio et Fides\",\"@id\":\"https:\\\/\\\/wobronietradycjiiwiary.com\\\/pl\\\/#\\\/schema\\\/person\\\/2d6180ce6abcb681fef0daab7816e8f3\"},\"headline\":\"Najgorszy z papie\u017cy lub o prymacie 5\",\"datePublished\":\"2020-02-18T07:10:10+00:00\",\"dateModified\":\"2025-02-07T14:39:45+00:00\",\"mainEntityOfPage\":{\"@id\":\"https:\\\/\\\/wobronietradycjiiwiary.com\\\/najgorszy-w-papiezy-lub-o-prymacie-5\\\/\"},\"wordCount\":39,\"publisher\":{\"@id\":\"https:\\\/\\\/wobronietradycjiiwiary.com\\\/pl\\\/#organization\"},\"image\":{\"@id\":\"https:\\\/\\\/wobronietradycjiiwiary.com\\\/najgorszy-w-papiezy-lub-o-prymacie-5\\\/#primaryimage\"},\"thumbnailUrl\":\"https:\\\/\\\/wobronietradycjiiwiary.com\\\/wp-content\\\/uploads\\\/2021\\\/11\\\/Medieval-Pope.jpg\",\"keywords\":[\"prymat papieski\",\"Restricted\",\"znaczenie prymatu\",\"\u017bywoty \u015awi\u0119tych\"],\"articleSection\":[\"Nieomylno\u015bci charyzmat\"],\"inLanguage\":\"en-US\"},{\"@type\":\"WebPage\",\"@id\":\"https:\\\/\\\/wobronietradycjiiwiary.com\\\/najgorszy-w-papiezy-lub-o-prymacie-5\\\/\",\"url\":\"https:\\\/\\\/wobronietradycjiiwiary.com\\\/najgorszy-w-papiezy-lub-o-prymacie-5\\\/\",\"name\":\"Najgorszy z papie\u017cy lub o prymacie 5 - Tradycja i Wiara\",\"isPartOf\":{\"@id\":\"https:\\\/\\\/wobronietradycjiiwiary.com\\\/pl\\\/#website\"},\"primaryImageOfPage\":{\"@id\":\"https:\\\/\\\/wobronietradycjiiwiary.com\\\/najgorszy-w-papiezy-lub-o-prymacie-5\\\/#primaryimage\"},\"image\":{\"@id\":\"https:\\\/\\\/wobronietradycjiiwiary.com\\\/najgorszy-w-papiezy-lub-o-prymacie-5\\\/#primaryimage\"},\"thumbnailUrl\":\"https:\\\/\\\/wobronietradycjiiwiary.com\\\/wp-content\\\/uploads\\\/2021\\\/11\\\/Medieval-Pope.jpg\",\"datePublished\":\"2020-02-18T07:10:10+00:00\",\"dateModified\":\"2025-02-07T14:39:45+00:00\",\"description\":\"Najgorszy z papie\u017cy lub o prymacie 5 prymat sukcesja \u0142aska Chrystus\",\"breadcrumb\":{\"@id\":\"https:\\\/\\\/wobronietradycjiiwiary.com\\\/najgorszy-w-papiezy-lub-o-prymacie-5\\\/#breadcrumb\"},\"inLanguage\":\"en-US\",\"potentialAction\":[{\"@type\":\"ReadAction\",\"target\":[\"https:\\\/\\\/wobronietradycjiiwiary.com\\\/najgorszy-w-papiezy-lub-o-prymacie-5\\\/\"]}]},{\"@type\":\"ImageObject\",\"inLanguage\":\"en-US\",\"@id\":\"https:\\\/\\\/wobronietradycjiiwiary.com\\\/najgorszy-w-papiezy-lub-o-prymacie-5\\\/#primaryimage\",\"url\":\"https:\\\/\\\/wobronietradycjiiwiary.com\\\/wp-content\\\/uploads\\\/2021\\\/11\\\/Medieval-Pope.jpg\",\"contentUrl\":\"https:\\\/\\\/wobronietradycjiiwiary.com\\\/wp-content\\\/uploads\\\/2021\\\/11\\\/Medieval-Pope.jpg\",\"width\":960,\"height\":640},{\"@type\":\"BreadcrumbList\",\"@id\":\"https:\\\/\\\/wobronietradycjiiwiary.com\\\/najgorszy-w-papiezy-lub-o-prymacie-5\\\/#breadcrumb\",\"itemListElement\":[{\"@type\":\"ListItem\",\"position\":1,\"name\":\"Strona g\u0142\u00f3wna\",\"item\":\"https:\\\/\\\/wobronietradycjiiwiary.com\\\/\"},{\"@type\":\"ListItem\",\"position\":2,\"name\":\"Najgorszy z papie\u017cy lub o prymacie 5\"}]},{\"@type\":\"WebSite\",\"@id\":\"https:\\\/\\\/wobronietradycjiiwiary.com\\\/pl\\\/#website\",\"url\":\"https:\\\/\\\/wobronietradycjiiwiary.com\\\/pl\\\/\",\"name\":\"Tradycja i Wiara\",\"description\":\"Portal dla katolik\u00f3w.\",\"publisher\":{\"@id\":\"https:\\\/\\\/wobronietradycjiiwiary.com\\\/pl\\\/#organization\"},\"potentialAction\":[{\"@type\":\"SearchAction\",\"target\":{\"@type\":\"EntryPoint\",\"urlTemplate\":\"https:\\\/\\\/wobronietradycjiiwiary.com\\\/pl\\\/?s={search_term_string}\"},\"query-input\":{\"@type\":\"PropertyValueSpecification\",\"valueRequired\":true,\"valueName\":\"search_term_string\"}}],\"inLanguage\":\"en-US\"},{\"@type\":\"Organization\",\"@id\":\"https:\\\/\\\/wobronietradycjiiwiary.com\\\/pl\\\/#organization\",\"name\":\"Tradycja i Wiara\",\"url\":\"https:\\\/\\\/wobronietradycjiiwiary.com\\\/pl\\\/\",\"logo\":{\"@type\":\"ImageObject\",\"inLanguage\":\"en-US\",\"@id\":\"https:\\\/\\\/wobronietradycjiiwiary.com\\\/pl\\\/#\\\/schema\\\/logo\\\/image\\\/\",\"url\":\"https:\\\/\\\/i0.wp.com\\\/wobronietradycjiiwiary.com\\\/wp-content\\\/uploads\\\/2015\\\/10\\\/cropped-st-peters-dome-vatican.jpg?fit=940%2C198&ssl=1\",\"contentUrl\":\"https:\\\/\\\/i0.wp.com\\\/wobronietradycjiiwiary.com\\\/wp-content\\\/uploads\\\/2015\\\/10\\\/cropped-st-peters-dome-vatican.jpg?fit=940%2C198&ssl=1\",\"width\":940,\"height\":198,\"caption\":\"Tradycja i Wiara\"},\"image\":{\"@id\":\"https:\\\/\\\/wobronietradycjiiwiary.com\\\/pl\\\/#\\\/schema\\\/logo\\\/image\\\/\"},\"sameAs\":[\"https:\\\/\\\/www.facebook.com\\\/Tradycja-i-Wiara-108813920592249\"]},{\"@type\":\"Person\",\"@id\":\"https:\\\/\\\/wobronietradycjiiwiary.com\\\/pl\\\/#\\\/schema\\\/person\\\/2d6180ce6abcb681fef0daab7816e8f3\",\"name\":\"Traditio et Fides\",\"sameAs\":[\"https:\\\/\\\/traditionundglauben.com\"],\"url\":\"https:\\\/\\\/wobronietradycjiiwiary.com\\\/en\\\/author\\\/wobronietradycjiiwiary\\\/\"}]}<\/script>\n<!-- \/ Yoast SEO plugin. -->","yoast_head_json":{"title":"Najgorszy z papie\u017cy lub o prymacie 5 - Tradycja i Wiara","description":"Najgorszy z papie\u017cy lub o prymacie 5 prymat sukcesja \u0142aska Chrystus","robots":{"index":"index","follow":"follow","max-snippet":"max-snippet:-1","max-image-preview":"max-image-preview:large","max-video-preview":"max-video-preview:-1"},"canonical":"https:\/\/wobronietradycjiiwiary.com\/en\/najgorszy-w-papiezy-lub-o-prymacie-5\/","og_locale":"en_US","og_type":"article","og_title":"Najgorszy z papie\u017cy lub o prymacie 5 - Tradycja i Wiara","og_description":"Najgorszy z papie\u017cy lub o prymacie 5 prymat sukcesja \u0142aska Chrystus","og_url":"https:\/\/wobronietradycjiiwiary.com\/en\/najgorszy-w-papiezy-lub-o-prymacie-5\/","og_site_name":"Tradycja i Wiara","article_publisher":"https:\/\/www.facebook.com\/Tradycja-i-Wiara-108813920592249","article_published_time":"2020-02-18T07:10:10+00:00","article_modified_time":"2025-02-07T14:39:45+00:00","author":"Traditio et Fides","twitter_card":"summary_large_image","twitter_misc":{"Written by":"Traditio et Fides"},"schema":{"@context":"https:\/\/schema.org","@graph":[{"@type":"Article","@id":"https:\/\/wobronietradycjiiwiary.com\/najgorszy-w-papiezy-lub-o-prymacie-5\/#article","isPartOf":{"@id":"https:\/\/wobronietradycjiiwiary.com\/najgorszy-w-papiezy-lub-o-prymacie-5\/"},"author":{"name":"Traditio et Fides","@id":"https:\/\/wobronietradycjiiwiary.com\/pl\/#\/schema\/person\/2d6180ce6abcb681fef0daab7816e8f3"},"headline":"Najgorszy z papie\u017cy lub o prymacie 5","datePublished":"2020-02-18T07:10:10+00:00","dateModified":"2025-02-07T14:39:45+00:00","mainEntityOfPage":{"@id":"https:\/\/wobronietradycjiiwiary.com\/najgorszy-w-papiezy-lub-o-prymacie-5\/"},"wordCount":39,"publisher":{"@id":"https:\/\/wobronietradycjiiwiary.com\/pl\/#organization"},"image":{"@id":"https:\/\/wobronietradycjiiwiary.com\/najgorszy-w-papiezy-lub-o-prymacie-5\/#primaryimage"},"thumbnailUrl":"https:\/\/wobronietradycjiiwiary.com\/wp-content\/uploads\/2021\/11\/Medieval-Pope.jpg","keywords":["prymat papieski","Restricted","znaczenie prymatu","\u017bywoty \u015awi\u0119tych"],"articleSection":["Nieomylno\u015bci charyzmat"],"inLanguage":"en-US"},{"@type":"WebPage","@id":"https:\/\/wobronietradycjiiwiary.com\/najgorszy-w-papiezy-lub-o-prymacie-5\/","url":"https:\/\/wobronietradycjiiwiary.com\/najgorszy-w-papiezy-lub-o-prymacie-5\/","name":"Najgorszy z papie\u017cy lub o prymacie 5 - Tradycja i Wiara","isPartOf":{"@id":"https:\/\/wobronietradycjiiwiary.com\/pl\/#website"},"primaryImageOfPage":{"@id":"https:\/\/wobronietradycjiiwiary.com\/najgorszy-w-papiezy-lub-o-prymacie-5\/#primaryimage"},"image":{"@id":"https:\/\/wobronietradycjiiwiary.com\/najgorszy-w-papiezy-lub-o-prymacie-5\/#primaryimage"},"thumbnailUrl":"https:\/\/wobronietradycjiiwiary.com\/wp-content\/uploads\/2021\/11\/Medieval-Pope.jpg","datePublished":"2020-02-18T07:10:10+00:00","dateModified":"2025-02-07T14:39:45+00:00","description":"Najgorszy z papie\u017cy lub o prymacie 5 prymat sukcesja \u0142aska Chrystus","breadcrumb":{"@id":"https:\/\/wobronietradycjiiwiary.com\/najgorszy-w-papiezy-lub-o-prymacie-5\/#breadcrumb"},"inLanguage":"en-US","potentialAction":[{"@type":"ReadAction","target":["https:\/\/wobronietradycjiiwiary.com\/najgorszy-w-papiezy-lub-o-prymacie-5\/"]}]},{"@type":"ImageObject","inLanguage":"en-US","@id":"https:\/\/wobronietradycjiiwiary.com\/najgorszy-w-papiezy-lub-o-prymacie-5\/#primaryimage","url":"https:\/\/wobronietradycjiiwiary.com\/wp-content\/uploads\/2021\/11\/Medieval-Pope.jpg","contentUrl":"https:\/\/wobronietradycjiiwiary.com\/wp-content\/uploads\/2021\/11\/Medieval-Pope.jpg","width":960,"height":640},{"@type":"BreadcrumbList","@id":"https:\/\/wobronietradycjiiwiary.com\/najgorszy-w-papiezy-lub-o-prymacie-5\/#breadcrumb","itemListElement":[{"@type":"ListItem","position":1,"name":"Strona g\u0142\u00f3wna","item":"https:\/\/wobronietradycjiiwiary.com\/"},{"@type":"ListItem","position":2,"name":"Najgorszy z papie\u017cy lub o prymacie 5"}]},{"@type":"WebSite","@id":"https:\/\/wobronietradycjiiwiary.com\/pl\/#website","url":"https:\/\/wobronietradycjiiwiary.com\/pl\/","name":"Tradycja i Wiara","description":"Portal dla katolik\u00f3w.","publisher":{"@id":"https:\/\/wobronietradycjiiwiary.com\/pl\/#organization"},"potentialAction":[{"@type":"SearchAction","target":{"@type":"EntryPoint","urlTemplate":"https:\/\/wobronietradycjiiwiary.com\/pl\/?s={search_term_string}"},"query-input":{"@type":"PropertyValueSpecification","valueRequired":true,"valueName":"search_term_string"}}],"inLanguage":"en-US"},{"@type":"Organization","@id":"https:\/\/wobronietradycjiiwiary.com\/pl\/#organization","name":"Tradycja i Wiara","url":"https:\/\/wobronietradycjiiwiary.com\/pl\/","logo":{"@type":"ImageObject","inLanguage":"en-US","@id":"https:\/\/wobronietradycjiiwiary.com\/pl\/#\/schema\/logo\/image\/","url":"https:\/\/i0.wp.com\/wobronietradycjiiwiary.com\/wp-content\/uploads\/2015\/10\/cropped-st-peters-dome-vatican.jpg?fit=940%2C198&ssl=1","contentUrl":"https:\/\/i0.wp.com\/wobronietradycjiiwiary.com\/wp-content\/uploads\/2015\/10\/cropped-st-peters-dome-vatican.jpg?fit=940%2C198&ssl=1","width":940,"height":198,"caption":"Tradycja i Wiara"},"image":{"@id":"https:\/\/wobronietradycjiiwiary.com\/pl\/#\/schema\/logo\/image\/"},"sameAs":["https:\/\/www.facebook.com\/Tradycja-i-Wiara-108813920592249"]},{"@type":"Person","@id":"https:\/\/wobronietradycjiiwiary.com\/pl\/#\/schema\/person\/2d6180ce6abcb681fef0daab7816e8f3","name":"Traditio et Fides","sameAs":["https:\/\/traditionundglauben.com"],"url":"https:\/\/wobronietradycjiiwiary.com\/en\/author\/wobronietradycjiiwiary\/"}]}},"jetpack_publicize_connections":[],"jetpack_sharing_enabled":true,"jetpack_likes_enabled":true,"jetpack_shortlink":"https:\/\/wp.me\/pc04Sd-6QL","jetpack-related-posts":[{"id":26308,"url":"https:\/\/wobronietradycjiiwiary.com\/en\/kto-byl-najgorszym-z-papiezy-lub-o-prymacie-papieskim-5-z-7\/","url_meta":{"origin":26335,"position":0},"title":"Kto by\u0142 najgorszym z papie\u017cy lub o prymacie papieskim (5 z 7)","author":"Traditio et Fides","date":"18 February 2020","format":false,"excerpt":"Papie\u017c jako Nast\u0119pca \u015bw. Piotra jest nie tylko szczytem hierarchii Ko\u015bcio\u0142a, ale r\u00f3wnie\u017c jej fundamentem, gdy\u017c od niego, jak ju\u017c podano powy\u017cej, hierarchia biskup\u00f3w si\u0119 wywodzi. Dlatego te\u017c znaczenie papie\u017ca dla Ko\u015bcio\u0142a jest nie do przecenienia, a pogl\u0105dy niekt\u00f3rych konserwatyst\u00f3w, \u017ce papie\u017c nie jest a\u017c taki wa\u017cny i by\u0142o mn\u00f3stwo\u2026","rel":"","context":"In &quot;Nieomylno\u015bci charyzmat&quot;","block_context":{"text":"Nieomylno\u015bci charyzmat","link":"https:\/\/wobronietradycjiiwiary.com\/en\/category\/doktryna\/teologia-dogmatyczna\/papiestwo\/nieomylnosc-papieska\/charyzmat-nieomylnosci\/"},"img":{"alt_text":"","src":"https:\/\/i0.wp.com\/wobronietradycjiiwiary.com\/wp-content\/uploads\/2020\/01\/pope-gregory-ix.jpg?resize=350%2C200&ssl=1","width":350,"height":200,"srcset":"https:\/\/i0.wp.com\/wobronietradycjiiwiary.com\/wp-content\/uploads\/2020\/01\/pope-gregory-ix.jpg?resize=350%2C200&ssl=1 1x, https:\/\/i0.wp.com\/wobronietradycjiiwiary.com\/wp-content\/uploads\/2020\/01\/pope-gregory-ix.jpg?resize=525%2C300&ssl=1 1.5x, https:\/\/i0.wp.com\/wobronietradycjiiwiary.com\/wp-content\/uploads\/2020\/01\/pope-gregory-ix.jpg?resize=700%2C400&ssl=1 2x"},"classes":[]},{"id":26331,"url":"https:\/\/wobronietradycjiiwiary.com\/en\/najgorszy-w-papiezy-lub-o-prymacie-4\/","url_meta":{"origin":26335,"position":1},"title":"Najgorszy z papie\u017cy lub o prymacie 4","author":"Traditio et Fides","date":"11 February 2020","format":false,"excerpt":"Prymat papieski zwi\u0105zany jest z nauk\u0105 o niezniszczalno\u015bci (indefectibilitas) i widzialno\u015bci Ko\u015bcio\u0142a. Aby Ko\u015bci\u00f3\u0142 by\u0142 widzialny, musi mie\u0107 widzialn\u0105 hierarchi\u0119, to jest papie\u017ca. Twierdzenia sedewakantyst\u00f3w godz\u0105 w nauk\u0119 o indefectibilitas Ko\u015bcio\u0142a. Bez papie\u017ca nie ma biskup\u00f3w, bez biskup\u00f3w nie ma kap\u0142an\u00f3w, a bez kap\u0142an\u00f3w nie ma \u017cadnych sakrament\u00f3w pomijaj\u0105c chrzest.\u2026","rel":"","context":"In &quot;Nieomylno\u015bci charyzmat&quot;","block_context":{"text":"Nieomylno\u015bci charyzmat","link":"https:\/\/wobronietradycjiiwiary.com\/en\/category\/doktryna\/teologia-dogmatyczna\/papiestwo\/nieomylnosc-papieska\/charyzmat-nieomylnosci\/"},"img":{"alt_text":"","src":"https:\/\/i0.wp.com\/wobronietradycjiiwiary.com\/wp-content\/uploads\/2021\/11\/Medieval-Pope.jpg?resize=350%2C200&ssl=1","width":350,"height":200,"srcset":"https:\/\/i0.wp.com\/wobronietradycjiiwiary.com\/wp-content\/uploads\/2021\/11\/Medieval-Pope.jpg?resize=350%2C200&ssl=1 1x, https:\/\/i0.wp.com\/wobronietradycjiiwiary.com\/wp-content\/uploads\/2021\/11\/Medieval-Pope.jpg?resize=525%2C300&ssl=1 1.5x, https:\/\/i0.wp.com\/wobronietradycjiiwiary.com\/wp-content\/uploads\/2021\/11\/Medieval-Pope.jpg?resize=700%2C400&ssl=1 2x"},"classes":[]},{"id":26326,"url":"https:\/\/wobronietradycjiiwiary.com\/en\/najgorszy-w-papiezy-lub-od-prymacie-3\/","url_meta":{"origin":26335,"position":2},"title":"Najgorszy z papie\u017cy lub o prymacie 3","author":"Traditio et Fides","date":"4 February 2020","format":false,"excerpt":"Ko\u015bci\u00f3\u0142 ustanowi\u0142 Ko\u015bci\u00f3\u0142 jako instytucj\u0119 hierarchiczn\u0105, kt\u00f3ra zako\u0144czona jest jednym personalnym szczytem - papie\u017cem. Poniewa\u017c Ko\u015bci\u00f3\u0142 jest hierarchiczny z woli i ustanowienia Chrystusa, tote\u017c jego szczyt musi by\u0107 specjalnie zabezpieczony przed b\u0142\u0119dem poprzez prymat to jest Urz\u0105d Piotrowy. Niestety dokument Lumen gentium bardzo rozmy\u0142 poj\u0119cie hierarchiczno\u015bci Ko\u015bcio\u0142a wprowadzaj\u0105c nietradycyjny termin\u2026","rel":"","context":"In &quot;Nieomylno\u015bci charyzmat&quot;","block_context":{"text":"Nieomylno\u015bci charyzmat","link":"https:\/\/wobronietradycjiiwiary.com\/en\/category\/doktryna\/teologia-dogmatyczna\/papiestwo\/nieomylnosc-papieska\/charyzmat-nieomylnosci\/"},"img":{"alt_text":"","src":"https:\/\/i0.wp.com\/wobronietradycjiiwiary.com\/wp-content\/uploads\/2021\/11\/Medieval-Pope.jpg?resize=350%2C200&ssl=1","width":350,"height":200,"srcset":"https:\/\/i0.wp.com\/wobronietradycjiiwiary.com\/wp-content\/uploads\/2021\/11\/Medieval-Pope.jpg?resize=350%2C200&ssl=1 1x, https:\/\/i0.wp.com\/wobronietradycjiiwiary.com\/wp-content\/uploads\/2021\/11\/Medieval-Pope.jpg?resize=525%2C300&ssl=1 1.5x, https:\/\/i0.wp.com\/wobronietradycjiiwiary.com\/wp-content\/uploads\/2021\/11\/Medieval-Pope.jpg?resize=700%2C400&ssl=1 2x"},"classes":[]},{"id":26340,"url":"https:\/\/wobronietradycjiiwiary.com\/en\/najgorszy-z-papiezy-lub-o-prymacie-6\/","url_meta":{"origin":26335,"position":3},"title":"Najgorszy z papie\u017cy lub o prymacie 6","author":"Traditio et Fides","date":"25 February 2020","format":false,"excerpt":"Zadaniem papie\u017ca jest bycie fundamentem, pasterzowanie i umacniania braci. Jak na tle tych zada\u0144 wypada Bergoglio? \u017baden ze z\u0142ych papie\u017cy nie niszczy\u0142 tak systematycznie organizacyjnie i doktrynalnie Ko\u015bcio\u0142a jak Franciszek. O ile w przypadku z\u0142ych papie\u017cy szkody by\u0142y raczej kolateralne, to w przypadku Bergoglio maj\u0105 by\u0107 trwa\u0142e i celowe. Dotyczas\u2026","rel":"","context":"In &quot;Nieomylno\u015bci charyzmat&quot;","block_context":{"text":"Nieomylno\u015bci charyzmat","link":"https:\/\/wobronietradycjiiwiary.com\/en\/category\/doktryna\/teologia-dogmatyczna\/papiestwo\/nieomylnosc-papieska\/charyzmat-nieomylnosci\/"},"img":{"alt_text":"","src":"https:\/\/i0.wp.com\/wobronietradycjiiwiary.com\/wp-content\/uploads\/2021\/11\/Medieval-Pope.jpg?resize=350%2C200&ssl=1","width":350,"height":200,"srcset":"https:\/\/i0.wp.com\/wobronietradycjiiwiary.com\/wp-content\/uploads\/2021\/11\/Medieval-Pope.jpg?resize=350%2C200&ssl=1 1x, https:\/\/i0.wp.com\/wobronietradycjiiwiary.com\/wp-content\/uploads\/2021\/11\/Medieval-Pope.jpg?resize=525%2C300&ssl=1 1.5x, https:\/\/i0.wp.com\/wobronietradycjiiwiary.com\/wp-content\/uploads\/2021\/11\/Medieval-Pope.jpg?resize=700%2C400&ssl=1 2x"},"classes":[]},{"id":163916,"url":"https:\/\/wobronietradycjiiwiary.com\/en\/carol-byrne-msza-dialogowana-151-1-z-158-teologia-spotkania-i-prymat-milosci-i\/","url_meta":{"origin":26335,"position":4},"title":"Carol Byrne, &#8222;Msza dialogowana&#8221;. (151.1 z 158). Teologia spotkania i prymat mi\u0142o\u015bci. (i)","author":"Traditio et Fides","date":"14 April 2026","format":false,"excerpt":"O zast\u0105pieniu scholastyki przez rzekom\u0105 \"teologi\u0119 spotkania\".","rel":"","context":"In &quot;Byrne&quot;","block_context":{"text":"Byrne","link":"https:\/\/wobronietradycjiiwiary.com\/en\/category\/doktryna\/teologia-liturgii\/byrne-doktryna\/"},"img":{"alt_text":"","src":"https:\/\/i0.wp.com\/wobronietradycjiiwiary.com\/wp-content\/uploads\/2019\/10\/carreno-de-miranda.jpg?resize=350%2C200&ssl=1","width":350,"height":200,"srcset":"https:\/\/i0.wp.com\/wobronietradycjiiwiary.com\/wp-content\/uploads\/2019\/10\/carreno-de-miranda.jpg?resize=350%2C200&ssl=1 1x, https:\/\/i0.wp.com\/wobronietradycjiiwiary.com\/wp-content\/uploads\/2019\/10\/carreno-de-miranda.jpg?resize=525%2C300&ssl=1 1.5x, https:\/\/i0.wp.com\/wobronietradycjiiwiary.com\/wp-content\/uploads\/2019\/10\/carreno-de-miranda.jpg?resize=700%2C400&ssl=1 2x"},"classes":[]},{"id":36381,"url":"https:\/\/wobronietradycjiiwiary.com\/en\/munus-ministerium-lub-raz-jeszcze-o-rezygnacji-benedykta-ratzinger-o-papiestwie-i-10-z-15\/","url_meta":{"origin":26335,"position":5},"title":"Munus, ministerium lub raz jeszcze o rezygnacji Benedykta. Ratzinger o papiestwie (i) (10 z 14)","author":"Traditio et Fides","date":"1 October 2020","format":false,"excerpt":"Na podstawie lektury pism Ratzingera i Benedykta XVI nie mo\u017cna wykluczy\u0107, i\u017c wierzy on w nadprzyrodzon\u0105 protekcj\u0119 papiestwa. Przynajmniej nie twierdzi nic przeciwnego.","rel":"","context":"In &quot;Munus i ministerium&quot;","block_context":{"text":"Munus i ministerium","link":"https:\/\/wobronietradycjiiwiary.com\/en\/category\/polemika\/kosciol-posoborowy\/papieze\/benedykt-xvi-abdykacja\/munus-i-ministerium\/"},"img":{"alt_text":"","src":"https:\/\/i0.wp.com\/wobronietradycjiiwiary.com\/wp-content\/uploads\/2020\/08\/55964fe89b88629484f8a2f799bb6bf9-medieval-manuscript-medieval-art.jpg?resize=350%2C200&ssl=1","width":350,"height":200},"classes":[]}],"jetpack_featured_media_url":"https:\/\/wobronietradycjiiwiary.com\/wp-content\/uploads\/2021\/11\/Medieval-Pope.jpg","_links":{"self":[{"href":"https:\/\/wobronietradycjiiwiary.com\/en\/wp-json\/wp\/v2\/posts\/26335","targetHints":{"allow":["GET"]}}],"collection":[{"href":"https:\/\/wobronietradycjiiwiary.com\/en\/wp-json\/wp\/v2\/posts"}],"about":[{"href":"https:\/\/wobronietradycjiiwiary.com\/en\/wp-json\/wp\/v2\/types\/post"}],"author":[{"embeddable":true,"href":"https:\/\/wobronietradycjiiwiary.com\/en\/wp-json\/wp\/v2\/users\/60508433"}],"replies":[{"embeddable":true,"href":"https:\/\/wobronietradycjiiwiary.com\/en\/wp-json\/wp\/v2\/comments?post=26335"}],"version-history":[{"count":1,"href":"https:\/\/wobronietradycjiiwiary.com\/en\/wp-json\/wp\/v2\/posts\/26335\/revisions"}],"predecessor-version":[{"id":57189,"href":"https:\/\/wobronietradycjiiwiary.com\/en\/wp-json\/wp\/v2\/posts\/26335\/revisions\/57189"}],"wp:featuredmedia":[{"embeddable":true,"href":"https:\/\/wobronietradycjiiwiary.com\/en\/wp-json\/wp\/v2\/media\/57223"}],"wp:attachment":[{"href":"https:\/\/wobronietradycjiiwiary.com\/en\/wp-json\/wp\/v2\/media?parent=26335"}],"wp:term":[{"taxonomy":"category","embeddable":true,"href":"https:\/\/wobronietradycjiiwiary.com\/en\/wp-json\/wp\/v2\/categories?post=26335"},{"taxonomy":"post_tag","embeddable":true,"href":"https:\/\/wobronietradycjiiwiary.com\/en\/wp-json\/wp\/v2\/tags?post=26335"}],"curies":[{"name":"wp","href":"https:\/\/api.w.org\/{rel}","templated":true}]}}