{"id":26066,"date":"2020-01-11T19:00:11","date_gmt":"2020-01-11T18:00:11","guid":{"rendered":"https:\/\/wobronietradycjiiwiary.com\/?p=26066"},"modified":"2025-02-07T16:00:47","modified_gmt":"2025-02-07T15:00:47","slug":"proprium-missae-swietej-rodziny-jezusa-maryi-i-jozefa-sanctae-familiae-jesu-mariae-joseph-3","status":"publish","type":"post","link":"https:\/\/wobronietradycjiiwiary.com\/en\/proprium-missae-swietej-rodziny-jezusa-maryi-i-jozefa-sanctae-familiae-jesu-mariae-joseph-3\/","title":{"rendered":"Proprium missae &#8211; \u015awi\u0119tej Rodziny Jezusa, Maryi i J\u00f3zefa &#8211; Sanctae Familiae Jesu Mariae Joseph"},"content":{"rendered":"<div id=\"bsf_rt_marker\"><\/div><hr \/>\n<pre style=\"text-align: center;\"><span style=\"text-decoration: underline; color: #0000ff;\"><strong><a style=\"color: #0000ff; text-decoration: underline;\" href=\"http:\/\/divinumofficium.com\/cgi-bin\/missa\/missa.pl?date=01-13-2019&amp;lang2=Polski\">Divinum Officium - Sancta Missa<\/a>\n<a href=\"http:\/\/www.albert.pulawy.pl\/calendarium\/\"><span style=\"color: #0000ff; text-decoration: underline;\">Kalendarz Liturgiczny Zwyczajnej i Nadzwyczajnej Formy Rytu Rzymskiego<\/span><\/a><\/strong><\/span><\/pre>\n<hr \/>\n<p><\/p>\n<p><span class=\"embed-youtube\" style=\"text-align:center; display: block;\"><iframe class=\"youtube-player\" width=\"580\" height=\"327\" src=\"https:\/\/www.youtube.com\/embed\/6w9lkROepRQ?version=3&#038;rel=1&#038;showsearch=0&#038;showinfo=1&#038;iv_load_policy=1&#038;fs=1&#038;hl=en-US&#038;autohide=2&#038;wmode=transparent\" allowfullscreen=\"true\" style=\"border:0;\" sandbox=\"allow-scripts allow-same-origin allow-popups allow-presentation allow-popups-to-escape-sandbox\"><\/iframe><\/span><\/p>\n<table>\n<tbody>\n<tr>\n<td colspan=\"2\" width=\"614\"><strong><em>INTROITUS<\/em><\/strong><\/td>\n<\/tr>\n<tr>\n<td width=\"307\"><em>Prov 23:24; 23:25<\/em><br \/><strong><em>E<\/em><\/strong>xs\u00faltat g\u00e1udio pater Iusti, g\u00e1udeat Pater tuus et Mater tua, et exs\u00faltet qu\u00e6 g\u00e9nuit te.<em>Ps 83:2-3<\/em><br \/>Quam dil\u00e9cta tabern\u00e1cula tua, D\u00f3mine virt\u00fatum! concup\u00edscit et d\u00e9ficit \u00e1nima mea in \u00e1tria D\u00f3mini.<br \/><em>V.<\/em> Gl\u00f3ria Patri, et F\u00edlio, et Spir\u00edtui Sancto.<br \/><em>R.<\/em> Sicut erat in princ\u00edpio, et nunc, et semper, et in saecula saecul\u00f3rum. Amen<em>Prov 23:24; 23:25<\/em><br \/><strong><em>E<\/em><\/strong>xs\u00faltat g\u00e1udio pater Iusti, g\u00e1udeat Pater tuus et Mater tua, et exs\u00faltet qu\u00e6 g\u00e9nuit te.<\/td>\n<td width=\"307\"><em>Prz 23:24; 23:25<\/em><br \/><strong><em>R<\/em><\/strong>aduje si\u0119 bardzo Ojciec Sprawiedliwego. Niech si\u0119 weseli Ojciec Tw\u00f3j i Matka Twoja; niech si\u0119 raduje, kt\u00f3ra Ci\u0119 zrodzi\u0142a.<em>Ps 83:2-3<\/em><br \/>Jak\u017ce mi\u0142e s\u0105 przybytki Twoje, Panie zast\u0119p\u00f3w! Wzdycha i t\u0119skni ma dusza do przedsionk\u00f3w Pa\u0144skich.<br \/><em>V.<\/em> Chwa\u0142a Ojcu, i Synowi i Duchowi \u015awi\u0119temu.<br \/><em>R.<\/em> Jak by\u0142a na pocz\u0105tku, teraz i zawsze i na wieki wiek\u00f3w. Amen.<em>Prz 23:24; 23:25<\/em><br \/><strong><em>R<\/em><\/strong>aduje si\u0119 bardzo Ojciec Sprawiedliwego. Niech si\u0119 weseli Ojciec Tw\u00f3j i Matka Twoja; niech si\u0119 raduje, kt\u00f3ra Ci\u0119 zrodzi\u0142a.<\/td>\n<\/tr>\n<\/tbody>\n<\/table>\n<p><\/p>\n<p><span class=\"embed-youtube\" style=\"text-align:center; display: block;\"><iframe class=\"youtube-player\" width=\"580\" height=\"327\" src=\"https:\/\/www.youtube.com\/embed\/Bj4YWl-5dT8?version=3&#038;rel=1&#038;showsearch=0&#038;showinfo=1&#038;iv_load_policy=1&#038;fs=1&#038;hl=en-US&#038;autohide=2&#038;wmode=transparent\" allowfullscreen=\"true\" style=\"border:0;\" sandbox=\"allow-scripts allow-same-origin allow-popups allow-presentation allow-popups-to-escape-sandbox\"><\/iframe><\/span><\/p>\n<table>\n<tbody>\n<tr>\n<td colspan=\"2\" width=\"614\"><strong><em>GRADUALE<\/em><\/strong><\/td>\n<\/tr>\n<tr>\n<td width=\"307\"><em>Ps 26:4<\/em><br \/>Unam p\u00e9tii a D\u00f3mino, hanc requ\u00edram: ut inh\u00e1bitem in domo D\u00f3mini \u00f3mnibus di\u00e9bus vit\u00e6 me\u00e6.<br \/><em>Ps 83:5.<\/em><br \/>Be\u00e1ti, qui h\u00e1bitant in domo tua, D\u00f3mine: in s\u01fdcula s\u00e6cul\u00f3rum laud\u00e1bunt te.<\/td>\n<td width=\"307\"><em>Ps 26:4<\/em><br \/>O jedno prosz\u0119 Pana, jednego pragn\u0119, bym m\u00f3g\u0142 przebywa\u0107 w domu Pa\u0144skim po wszystkie dni \u017cycia mego.<br \/><em>Ps 83:5<\/em><br \/>Szcz\u0119\u015bliwi, kt\u00f3rzy mieszkaj\u0105 w domu Twoim Panie, gdy\u017c na wieki wiek\u00f3w mog\u0105 Ci\u0119 chwali\u0107.<\/td>\n<\/tr>\n<\/tbody>\n<\/table>\n<p><\/p>\n<p><span class=\"embed-youtube\" style=\"text-align:center; display: block;\"><iframe class=\"youtube-player\" width=\"580\" height=\"327\" src=\"https:\/\/www.youtube.com\/embed\/QdgH7Z5KFZ4?version=3&#038;rel=1&#038;showsearch=0&#038;showinfo=1&#038;iv_load_policy=1&#038;fs=1&#038;hl=en-US&#038;autohide=2&#038;wmode=transparent\" allowfullscreen=\"true\" style=\"border:0;\" sandbox=\"allow-scripts allow-same-origin allow-popups allow-presentation allow-popups-to-escape-sandbox\"><\/iframe><\/span><\/p>\n<table>\n<tbody>\n<tr>\n<td colspan=\"2\" width=\"614\"><strong><em>ALLELUIA<\/em><\/strong><\/td>\n<\/tr>\n<tr>\n<td width=\"307\">Allel\u00faia, allel\u00faia.<br \/><em>Isa 45:15<\/em><br \/>Vere tu es Rex absc\u00f3nditus, Deus Isra\u00ebl Salv\u00e1tor. Allel\u00faia.<\/td>\n<td width=\"307\">Alleluja, alleluja.<br \/><em>Iz 45:15<\/em><br \/>Zaprawd\u0119 Ty\u015b jest Kr\u00f3l ukryty, B\u00f3g Izraela, Zbawiciel. Alleluja.<\/td>\n<\/tr>\n<\/tbody>\n<\/table>\n<p><\/p>\n<p><span class=\"embed-youtube\" style=\"text-align:center; display: block;\"><iframe class=\"youtube-player\" width=\"580\" height=\"327\" src=\"https:\/\/www.youtube.com\/embed\/POmfLk1m_oA?version=3&#038;rel=1&#038;showsearch=0&#038;showinfo=1&#038;iv_load_policy=1&#038;fs=1&#038;hl=en-US&#038;autohide=2&#038;wmode=transparent\" allowfullscreen=\"true\" style=\"border:0;\" sandbox=\"allow-scripts allow-same-origin allow-popups allow-presentation allow-popups-to-escape-sandbox\"><\/iframe><\/span><\/p>\n<table>\n<tbody>\n<tr>\n<td colspan=\"2\" width=\"614\"><strong><em>OFFERTORIUM<\/em><\/strong><\/td>\n<\/tr>\n<tr>\n<td width=\"307\"><em>Luc 2:22<\/em><br \/>Tul\u00e9runt Iesum par\u00e9ntes eius in Ier\u00fasalem, ut s\u00edsterent eum D\u00f3mino.<\/td>\n<td width=\"307\"><em>\u0141k 2:22<\/em><br \/>Przynie\u015bli Jezusa Rodzice Jego do Jeruzalem, aby Go stawi\u0107 przed Panem.<\/td>\n<\/tr>\n<\/tbody>\n<\/table>\n<p><\/p>\n<p><span class=\"embed-youtube\" style=\"text-align:center; display: block;\"><iframe class=\"youtube-player\" width=\"580\" height=\"327\" src=\"https:\/\/www.youtube.com\/embed\/yoC-l6KEK2g?version=3&#038;rel=1&#038;showsearch=0&#038;showinfo=1&#038;iv_load_policy=1&#038;fs=1&#038;hl=en-US&#038;autohide=2&#038;wmode=transparent\" allowfullscreen=\"true\" style=\"border:0;\" sandbox=\"allow-scripts allow-same-origin allow-popups allow-presentation allow-popups-to-escape-sandbox\"><\/iframe><\/span><\/p>\n<table>\n<tbody>\n<tr>\n<td colspan=\"2\" width=\"614\"><strong><em>COMMUNIO<\/em><\/strong><\/td>\n<\/tr>\n<tr>\n<td width=\"307\"><em>Luc 2:51<\/em><br \/>Desc\u00e9ndit Iesus cum eis, et venit N\u00e1zareth, et erat s\u00fabditus illis.<\/td>\n<td width=\"307\"><em>\u0141k 2:51<\/em><br \/>Wr\u00f3ci\u0142 Jezus z Nimi, przyszed\u0142 do Nazaretu i by\u0142 im poddany.<\/td>\n<\/tr>\n<\/tbody>\n<\/table>\n\n\n<div style=\"height:100px\" aria-hidden=\"true\" class=\"wp-block-spacer\"><\/div>","protected":false},"excerpt":{"rendered":"<p>Divinum Officium &#8211; Sancta Missa Kalendarz Liturgiczny Zwyczajnej i Nadzwyczajnej Formy Rytu Rzymskiego INTROITUS Prov 23:24; 23:25Exs\u00faltat g\u00e1udio pater Iusti, g\u00e1udeat Pater tuus et Mater tua, et exs\u00faltet qu\u00e6 g\u00e9nuit te.Ps 83:2-3Quam dil\u00e9cta tabern\u00e1cula tua, D\u00f3mine virt\u00fatum! concup\u00edscit et d\u00e9ficit \u00e1nima mea in \u00e1tria D\u00f3mini.V. Gl\u00f3ria Patri, et F\u00edlio, et Spir\u00edtui Sancto.R. Sicut erat in [&hellip;]<\/p>\n","protected":false},"author":60508433,"featured_media":26068,"comment_status":"open","ping_status":"closed","sticky":false,"template":"","format":"standard","meta":{"_bbp_topic_count":0,"_bbp_reply_count":0,"_bbp_total_topic_count":0,"_bbp_total_reply_count":0,"_bbp_voice_count":0,"_bbp_anonymous_reply_count":0,"_bbp_topic_count_hidden":0,"_bbp_reply_count_hidden":0,"_bbp_forum_subforum_count":0,"_editorskit_title_hidden":false,"_editorskit_reading_time":0,"_editorskit_is_block_options_detached":false,"_editorskit_block_options_position":"{}","_coblocks_attr":"","_coblocks_dimensions":"","_coblocks_responsive_height":"","_coblocks_accordion_ie_support":"","_exactmetrics_skip_tracking":false,"_jetpack_newsletter_access":"","_jetpack_dont_email_post_to_subs":false,"_jetpack_newsletter_tier_id":0,"_jetpack_memberships_contains_paywalled_content":false,"_wpcom_ai_launchpad_first_post":false,"_jetpack_feature_clip_id":0,"_jetpack_memberships_contains_paid_content":false,"footnotes":"","jetpack_publicize_message":"{title}\n\n{excerpt}\n\n{url}","jetpack_publicize_feature_enabled":true,"jetpack_social_post_already_shared":true,"jetpack_social_options":{"image_generator_settings":{"template":"highway","default_image_id":0,"font":"","enabled":false},"version":2},"_wpas_customize_per_network":false,"jetpack_post_was_ever_published":false},"categories":[610131184,336375535,5647912,610133975,20472889],"tags":[1053804,527077037],"class_list":["post-26066","post","type-post","status-publish","format-standard","has-post-thumbnail","hentry","category-duchowosc","category-liturgia-i-liturgika","category-msza-trydencka","category-czas-bozego-narodzenia","category-proprium","tag-missa-tridentina","tag-proprium-missae"],"yoast_head":"<!-- This site is optimized with the Yoast SEO plugin v28.4 - https:\/\/yoast.com\/product\/yoast-seo-wordpress\/ -->\n<title>Proprium missae - \u015awi\u0119tej Rodziny Jezusa, Maryi i J\u00f3zefa - Sanctae Familiae Jesu Mariae Joseph - Tradycja i Wiara<\/title>\n<meta name=\"description\" content=\"Proprium missae - \u015awi\u0119tej Rodziny Jezusa, Maryi i J\u00f3zefa - Sanctae Familiae Jesu Mariae Joseph Proprium missae Msza Trydencka Chora\u0142 gregoria\u0144ski\" \/>\n<meta name=\"robots\" content=\"index, follow, max-snippet:-1, max-image-preview:large, max-video-preview:-1\" \/>\n<link rel=\"canonical\" href=\"https:\/\/wobronietradycjiiwiary.com\/en\/proprium-missae-swietej-rodziny-jezusa-maryi-i-jozefa-sanctae-familiae-jesu-mariae-joseph-3\/\" \/>\n<meta property=\"og:locale\" content=\"en_US\" \/>\n<meta property=\"og:type\" content=\"article\" \/>\n<meta property=\"og:title\" content=\"Proprium missae - \u015awi\u0119tej Rodziny Jezusa, Maryi i J\u00f3zefa - Sanctae Familiae Jesu Mariae Joseph - Tradycja i Wiara\" \/>\n<meta property=\"og:description\" content=\"Proprium missae - \u015awi\u0119tej Rodziny Jezusa, Maryi i J\u00f3zefa - Sanctae Familiae Jesu Mariae Joseph Proprium missae Msza Trydencka Chora\u0142 gregoria\u0144ski\" \/>\n<meta property=\"og:url\" content=\"https:\/\/wobronietradycjiiwiary.com\/en\/proprium-missae-swietej-rodziny-jezusa-maryi-i-jozefa-sanctae-familiae-jesu-mariae-joseph-3\/\" \/>\n<meta property=\"og:site_name\" content=\"Tradycja i Wiara\" \/>\n<meta property=\"article:publisher\" content=\"https:\/\/www.facebook.com\/Tradycja-i-Wiara-108813920592249\" \/>\n<meta property=\"article:published_time\" content=\"2020-01-11T18:00:11+00:00\" \/>\n<meta property=\"article:modified_time\" content=\"2025-02-07T15:00:47+00:00\" \/>\n<meta property=\"og:image\" content=\"https:\/\/wobronietradycjiiwiary.com\/wp-content\/uploads\/2020\/01\/Bartolom\u00e9_Esteban_Perez_Murillo_-_Holy_Family_with_the_Infant_St_John_-_WGA16368.jpg\" \/>\n\t<meta property=\"og:image:width\" content=\"1000\" \/>\n\t<meta property=\"og:image:height\" content=\"1236\" \/>\n\t<meta property=\"og:image:type\" content=\"image\/jpeg\" \/>\n<meta name=\"author\" content=\"Traditio et Fides\" \/>\n<meta name=\"twitter:card\" content=\"summary_large_image\" \/>\n<meta name=\"twitter:label1\" content=\"Written by\" \/>\n\t<meta name=\"twitter:data1\" content=\"Traditio et Fides\" \/>\n\t<meta name=\"twitter:label2\" content=\"Est. reading time\" \/>\n\t<meta name=\"twitter:data2\" content=\"2 minutes\" \/>\n<script type=\"application\/ld+json\" class=\"yoast-schema-graph\">{\"@context\":\"https:\\\/\\\/schema.org\",\"@graph\":[{\"@type\":\"Article\",\"@id\":\"https:\\\/\\\/wobronietradycjiiwiary.com\\\/proprium-missae-swietej-rodziny-jezusa-maryi-i-jozefa-sanctae-familiae-jesu-mariae-joseph-3\\\/#article\",\"isPartOf\":{\"@id\":\"https:\\\/\\\/wobronietradycjiiwiary.com\\\/proprium-missae-swietej-rodziny-jezusa-maryi-i-jozefa-sanctae-familiae-jesu-mariae-joseph-3\\\/\"},\"author\":{\"name\":\"Traditio et Fides\",\"@id\":\"https:\\\/\\\/wobronietradycjiiwiary.com\\\/pl\\\/#\\\/schema\\\/person\\\/2d6180ce6abcb681fef0daab7816e8f3\"},\"headline\":\"Proprium missae &#8211; \u015awi\u0119tej Rodziny Jezusa, Maryi i J\u00f3zefa &#8211; Sanctae Familiae Jesu Mariae Joseph\",\"datePublished\":\"2020-01-11T18:00:11+00:00\",\"dateModified\":\"2025-02-07T15:00:47+00:00\",\"mainEntityOfPage\":{\"@id\":\"https:\\\/\\\/wobronietradycjiiwiary.com\\\/proprium-missae-swietej-rodziny-jezusa-maryi-i-jozefa-sanctae-familiae-jesu-mariae-joseph-3\\\/\"},\"wordCount\":426,\"commentCount\":0,\"publisher\":{\"@id\":\"https:\\\/\\\/wobronietradycjiiwiary.com\\\/pl\\\/#organization\"},\"image\":{\"@id\":\"https:\\\/\\\/wobronietradycjiiwiary.com\\\/proprium-missae-swietej-rodziny-jezusa-maryi-i-jozefa-sanctae-familiae-jesu-mariae-joseph-3\\\/#primaryimage\"},\"thumbnailUrl\":\"https:\\\/\\\/wobronietradycjiiwiary.com\\\/wp-content\\\/uploads\\\/2020\\\/01\\\/Bartolom\u00e9_Esteban_Perez_Murillo_-_Holy_Family_with_the_Infant_St_John_-_WGA16368.jpg\",\"keywords\":[\"Missa Tridentina\",\"Proprium missae\"],\"articleSection\":[\"Duchowo\u015b\u0107\",\"Liturgia i liturgika\",\"Msza Trydencka\",\"Okres Bo\u017cego Narodzenia\",\"Proprium\"],\"inLanguage\":\"en-US\",\"potentialAction\":[{\"@type\":\"CommentAction\",\"name\":\"Comment\",\"target\":[\"https:\\\/\\\/wobronietradycjiiwiary.com\\\/proprium-missae-swietej-rodziny-jezusa-maryi-i-jozefa-sanctae-familiae-jesu-mariae-joseph-3\\\/#respond\"]}]},{\"@type\":\"WebPage\",\"@id\":\"https:\\\/\\\/wobronietradycjiiwiary.com\\\/proprium-missae-swietej-rodziny-jezusa-maryi-i-jozefa-sanctae-familiae-jesu-mariae-joseph-3\\\/\",\"url\":\"https:\\\/\\\/wobronietradycjiiwiary.com\\\/proprium-missae-swietej-rodziny-jezusa-maryi-i-jozefa-sanctae-familiae-jesu-mariae-joseph-3\\\/\",\"name\":\"Proprium missae - \u015awi\u0119tej Rodziny Jezusa, Maryi i J\u00f3zefa - Sanctae Familiae Jesu Mariae Joseph - Tradycja i Wiara\",\"isPartOf\":{\"@id\":\"https:\\\/\\\/wobronietradycjiiwiary.com\\\/pl\\\/#website\"},\"primaryImageOfPage\":{\"@id\":\"https:\\\/\\\/wobronietradycjiiwiary.com\\\/proprium-missae-swietej-rodziny-jezusa-maryi-i-jozefa-sanctae-familiae-jesu-mariae-joseph-3\\\/#primaryimage\"},\"image\":{\"@id\":\"https:\\\/\\\/wobronietradycjiiwiary.com\\\/proprium-missae-swietej-rodziny-jezusa-maryi-i-jozefa-sanctae-familiae-jesu-mariae-joseph-3\\\/#primaryimage\"},\"thumbnailUrl\":\"https:\\\/\\\/wobronietradycjiiwiary.com\\\/wp-content\\\/uploads\\\/2020\\\/01\\\/Bartolom\u00e9_Esteban_Perez_Murillo_-_Holy_Family_with_the_Infant_St_John_-_WGA16368.jpg\",\"datePublished\":\"2020-01-11T18:00:11+00:00\",\"dateModified\":\"2025-02-07T15:00:47+00:00\",\"description\":\"Proprium missae - \u015awi\u0119tej Rodziny Jezusa, Maryi i J\u00f3zefa - Sanctae Familiae Jesu Mariae Joseph Proprium missae Msza Trydencka Chora\u0142 gregoria\u0144ski\",\"breadcrumb\":{\"@id\":\"https:\\\/\\\/wobronietradycjiiwiary.com\\\/proprium-missae-swietej-rodziny-jezusa-maryi-i-jozefa-sanctae-familiae-jesu-mariae-joseph-3\\\/#breadcrumb\"},\"inLanguage\":\"en-US\",\"potentialAction\":[{\"@type\":\"ReadAction\",\"target\":[\"https:\\\/\\\/wobronietradycjiiwiary.com\\\/proprium-missae-swietej-rodziny-jezusa-maryi-i-jozefa-sanctae-familiae-jesu-mariae-joseph-3\\\/\"]}]},{\"@type\":\"ImageObject\",\"inLanguage\":\"en-US\",\"@id\":\"https:\\\/\\\/wobronietradycjiiwiary.com\\\/proprium-missae-swietej-rodziny-jezusa-maryi-i-jozefa-sanctae-familiae-jesu-mariae-joseph-3\\\/#primaryimage\",\"url\":\"https:\\\/\\\/wobronietradycjiiwiary.com\\\/wp-content\\\/uploads\\\/2020\\\/01\\\/Bartolom\u00e9_Esteban_Perez_Murillo_-_Holy_Family_with_the_Infant_St_John_-_WGA16368.jpg\",\"contentUrl\":\"https:\\\/\\\/wobronietradycjiiwiary.com\\\/wp-content\\\/uploads\\\/2020\\\/01\\\/Bartolom\u00e9_Esteban_Perez_Murillo_-_Holy_Family_with_the_Infant_St_John_-_WGA16368.jpg\",\"width\":1000,\"height\":1236},{\"@type\":\"BreadcrumbList\",\"@id\":\"https:\\\/\\\/wobronietradycjiiwiary.com\\\/proprium-missae-swietej-rodziny-jezusa-maryi-i-jozefa-sanctae-familiae-jesu-mariae-joseph-3\\\/#breadcrumb\",\"itemListElement\":[{\"@type\":\"ListItem\",\"position\":1,\"name\":\"Strona g\u0142\u00f3wna\",\"item\":\"https:\\\/\\\/wobronietradycjiiwiary.com\\\/\"},{\"@type\":\"ListItem\",\"position\":2,\"name\":\"Proprium missae &#8211; \u015awi\u0119tej Rodziny Jezusa, Maryi i J\u00f3zefa &#8211; Sanctae Familiae Jesu Mariae Joseph\"}]},{\"@type\":\"WebSite\",\"@id\":\"https:\\\/\\\/wobronietradycjiiwiary.com\\\/pl\\\/#website\",\"url\":\"https:\\\/\\\/wobronietradycjiiwiary.com\\\/pl\\\/\",\"name\":\"Tradycja i Wiara\",\"description\":\"Portal dla katolik\u00f3w.\",\"publisher\":{\"@id\":\"https:\\\/\\\/wobronietradycjiiwiary.com\\\/pl\\\/#organization\"},\"potentialAction\":[{\"@type\":\"SearchAction\",\"target\":{\"@type\":\"EntryPoint\",\"urlTemplate\":\"https:\\\/\\\/wobronietradycjiiwiary.com\\\/pl\\\/?s={search_term_string}\"},\"query-input\":{\"@type\":\"PropertyValueSpecification\",\"valueRequired\":true,\"valueName\":\"search_term_string\"}}],\"inLanguage\":\"en-US\"},{\"@type\":\"Organization\",\"@id\":\"https:\\\/\\\/wobronietradycjiiwiary.com\\\/pl\\\/#organization\",\"name\":\"Tradycja i Wiara\",\"url\":\"https:\\\/\\\/wobronietradycjiiwiary.com\\\/pl\\\/\",\"logo\":{\"@type\":\"ImageObject\",\"inLanguage\":\"en-US\",\"@id\":\"https:\\\/\\\/wobronietradycjiiwiary.com\\\/pl\\\/#\\\/schema\\\/logo\\\/image\\\/\",\"url\":\"https:\\\/\\\/i0.wp.com\\\/wobronietradycjiiwiary.com\\\/wp-content\\\/uploads\\\/2015\\\/10\\\/cropped-st-peters-dome-vatican.jpg?fit=940%2C198&ssl=1\",\"contentUrl\":\"https:\\\/\\\/i0.wp.com\\\/wobronietradycjiiwiary.com\\\/wp-content\\\/uploads\\\/2015\\\/10\\\/cropped-st-peters-dome-vatican.jpg?fit=940%2C198&ssl=1\",\"width\":940,\"height\":198,\"caption\":\"Tradycja i Wiara\"},\"image\":{\"@id\":\"https:\\\/\\\/wobronietradycjiiwiary.com\\\/pl\\\/#\\\/schema\\\/logo\\\/image\\\/\"},\"sameAs\":[\"https:\\\/\\\/www.facebook.com\\\/Tradycja-i-Wiara-108813920592249\"]},{\"@type\":\"Person\",\"@id\":\"https:\\\/\\\/wobronietradycjiiwiary.com\\\/pl\\\/#\\\/schema\\\/person\\\/2d6180ce6abcb681fef0daab7816e8f3\",\"name\":\"Traditio et Fides\",\"sameAs\":[\"https:\\\/\\\/traditionundglauben.com\"],\"url\":\"https:\\\/\\\/wobronietradycjiiwiary.com\\\/en\\\/author\\\/wobronietradycjiiwiary\\\/\"}]}<\/script>\n<!-- \/ Yoast SEO plugin. -->","yoast_head_json":{"title":"Proprium missae - \u015awi\u0119tej Rodziny Jezusa, Maryi i J\u00f3zefa - Sanctae Familiae Jesu Mariae Joseph - Tradycja i Wiara","description":"Proprium missae - \u015awi\u0119tej Rodziny Jezusa, Maryi i J\u00f3zefa - Sanctae Familiae Jesu Mariae Joseph Proprium missae Msza Trydencka Chora\u0142 gregoria\u0144ski","robots":{"index":"index","follow":"follow","max-snippet":"max-snippet:-1","max-image-preview":"max-image-preview:large","max-video-preview":"max-video-preview:-1"},"canonical":"https:\/\/wobronietradycjiiwiary.com\/en\/proprium-missae-swietej-rodziny-jezusa-maryi-i-jozefa-sanctae-familiae-jesu-mariae-joseph-3\/","og_locale":"en_US","og_type":"article","og_title":"Proprium missae - \u015awi\u0119tej Rodziny Jezusa, Maryi i J\u00f3zefa - Sanctae Familiae Jesu Mariae Joseph - Tradycja i Wiara","og_description":"Proprium missae - \u015awi\u0119tej Rodziny Jezusa, Maryi i J\u00f3zefa - Sanctae Familiae Jesu Mariae Joseph Proprium missae Msza Trydencka Chora\u0142 gregoria\u0144ski","og_url":"https:\/\/wobronietradycjiiwiary.com\/en\/proprium-missae-swietej-rodziny-jezusa-maryi-i-jozefa-sanctae-familiae-jesu-mariae-joseph-3\/","og_site_name":"Tradycja i Wiara","article_publisher":"https:\/\/www.facebook.com\/Tradycja-i-Wiara-108813920592249","article_published_time":"2020-01-11T18:00:11+00:00","article_modified_time":"2025-02-07T15:00:47+00:00","og_image":[{"width":1000,"height":1236,"url":"https:\/\/wobronietradycjiiwiary.com\/wp-content\/uploads\/2020\/01\/Bartolom\u00e9_Esteban_Perez_Murillo_-_Holy_Family_with_the_Infant_St_John_-_WGA16368.jpg","type":"image\/jpeg"}],"author":"Traditio et Fides","twitter_card":"summary_large_image","twitter_misc":{"Written by":"Traditio et Fides","Est. reading time":"2 minutes"},"schema":{"@context":"https:\/\/schema.org","@graph":[{"@type":"Article","@id":"https:\/\/wobronietradycjiiwiary.com\/proprium-missae-swietej-rodziny-jezusa-maryi-i-jozefa-sanctae-familiae-jesu-mariae-joseph-3\/#article","isPartOf":{"@id":"https:\/\/wobronietradycjiiwiary.com\/proprium-missae-swietej-rodziny-jezusa-maryi-i-jozefa-sanctae-familiae-jesu-mariae-joseph-3\/"},"author":{"name":"Traditio et Fides","@id":"https:\/\/wobronietradycjiiwiary.com\/pl\/#\/schema\/person\/2d6180ce6abcb681fef0daab7816e8f3"},"headline":"Proprium missae &#8211; \u015awi\u0119tej Rodziny Jezusa, Maryi i J\u00f3zefa &#8211; Sanctae Familiae Jesu Mariae Joseph","datePublished":"2020-01-11T18:00:11+00:00","dateModified":"2025-02-07T15:00:47+00:00","mainEntityOfPage":{"@id":"https:\/\/wobronietradycjiiwiary.com\/proprium-missae-swietej-rodziny-jezusa-maryi-i-jozefa-sanctae-familiae-jesu-mariae-joseph-3\/"},"wordCount":426,"commentCount":0,"publisher":{"@id":"https:\/\/wobronietradycjiiwiary.com\/pl\/#organization"},"image":{"@id":"https:\/\/wobronietradycjiiwiary.com\/proprium-missae-swietej-rodziny-jezusa-maryi-i-jozefa-sanctae-familiae-jesu-mariae-joseph-3\/#primaryimage"},"thumbnailUrl":"https:\/\/wobronietradycjiiwiary.com\/wp-content\/uploads\/2020\/01\/Bartolom\u00e9_Esteban_Perez_Murillo_-_Holy_Family_with_the_Infant_St_John_-_WGA16368.jpg","keywords":["Missa Tridentina","Proprium missae"],"articleSection":["Duchowo\u015b\u0107","Liturgia i liturgika","Msza Trydencka","Okres Bo\u017cego Narodzenia","Proprium"],"inLanguage":"en-US","potentialAction":[{"@type":"CommentAction","name":"Comment","target":["https:\/\/wobronietradycjiiwiary.com\/proprium-missae-swietej-rodziny-jezusa-maryi-i-jozefa-sanctae-familiae-jesu-mariae-joseph-3\/#respond"]}]},{"@type":"WebPage","@id":"https:\/\/wobronietradycjiiwiary.com\/proprium-missae-swietej-rodziny-jezusa-maryi-i-jozefa-sanctae-familiae-jesu-mariae-joseph-3\/","url":"https:\/\/wobronietradycjiiwiary.com\/proprium-missae-swietej-rodziny-jezusa-maryi-i-jozefa-sanctae-familiae-jesu-mariae-joseph-3\/","name":"Proprium missae - \u015awi\u0119tej Rodziny Jezusa, Maryi i J\u00f3zefa - Sanctae Familiae Jesu Mariae Joseph - Tradycja i Wiara","isPartOf":{"@id":"https:\/\/wobronietradycjiiwiary.com\/pl\/#website"},"primaryImageOfPage":{"@id":"https:\/\/wobronietradycjiiwiary.com\/proprium-missae-swietej-rodziny-jezusa-maryi-i-jozefa-sanctae-familiae-jesu-mariae-joseph-3\/#primaryimage"},"image":{"@id":"https:\/\/wobronietradycjiiwiary.com\/proprium-missae-swietej-rodziny-jezusa-maryi-i-jozefa-sanctae-familiae-jesu-mariae-joseph-3\/#primaryimage"},"thumbnailUrl":"https:\/\/wobronietradycjiiwiary.com\/wp-content\/uploads\/2020\/01\/Bartolom\u00e9_Esteban_Perez_Murillo_-_Holy_Family_with_the_Infant_St_John_-_WGA16368.jpg","datePublished":"2020-01-11T18:00:11+00:00","dateModified":"2025-02-07T15:00:47+00:00","description":"Proprium missae - \u015awi\u0119tej Rodziny Jezusa, Maryi i J\u00f3zefa - Sanctae Familiae Jesu Mariae Joseph Proprium missae Msza Trydencka Chora\u0142 gregoria\u0144ski","breadcrumb":{"@id":"https:\/\/wobronietradycjiiwiary.com\/proprium-missae-swietej-rodziny-jezusa-maryi-i-jozefa-sanctae-familiae-jesu-mariae-joseph-3\/#breadcrumb"},"inLanguage":"en-US","potentialAction":[{"@type":"ReadAction","target":["https:\/\/wobronietradycjiiwiary.com\/proprium-missae-swietej-rodziny-jezusa-maryi-i-jozefa-sanctae-familiae-jesu-mariae-joseph-3\/"]}]},{"@type":"ImageObject","inLanguage":"en-US","@id":"https:\/\/wobronietradycjiiwiary.com\/proprium-missae-swietej-rodziny-jezusa-maryi-i-jozefa-sanctae-familiae-jesu-mariae-joseph-3\/#primaryimage","url":"https:\/\/wobronietradycjiiwiary.com\/wp-content\/uploads\/2020\/01\/Bartolom\u00e9_Esteban_Perez_Murillo_-_Holy_Family_with_the_Infant_St_John_-_WGA16368.jpg","contentUrl":"https:\/\/wobronietradycjiiwiary.com\/wp-content\/uploads\/2020\/01\/Bartolom\u00e9_Esteban_Perez_Murillo_-_Holy_Family_with_the_Infant_St_John_-_WGA16368.jpg","width":1000,"height":1236},{"@type":"BreadcrumbList","@id":"https:\/\/wobronietradycjiiwiary.com\/proprium-missae-swietej-rodziny-jezusa-maryi-i-jozefa-sanctae-familiae-jesu-mariae-joseph-3\/#breadcrumb","itemListElement":[{"@type":"ListItem","position":1,"name":"Strona g\u0142\u00f3wna","item":"https:\/\/wobronietradycjiiwiary.com\/"},{"@type":"ListItem","position":2,"name":"Proprium missae &#8211; \u015awi\u0119tej Rodziny Jezusa, Maryi i J\u00f3zefa &#8211; Sanctae Familiae Jesu Mariae Joseph"}]},{"@type":"WebSite","@id":"https:\/\/wobronietradycjiiwiary.com\/pl\/#website","url":"https:\/\/wobronietradycjiiwiary.com\/pl\/","name":"Tradycja i Wiara","description":"Portal dla katolik\u00f3w.","publisher":{"@id":"https:\/\/wobronietradycjiiwiary.com\/pl\/#organization"},"potentialAction":[{"@type":"SearchAction","target":{"@type":"EntryPoint","urlTemplate":"https:\/\/wobronietradycjiiwiary.com\/pl\/?s={search_term_string}"},"query-input":{"@type":"PropertyValueSpecification","valueRequired":true,"valueName":"search_term_string"}}],"inLanguage":"en-US"},{"@type":"Organization","@id":"https:\/\/wobronietradycjiiwiary.com\/pl\/#organization","name":"Tradycja i Wiara","url":"https:\/\/wobronietradycjiiwiary.com\/pl\/","logo":{"@type":"ImageObject","inLanguage":"en-US","@id":"https:\/\/wobronietradycjiiwiary.com\/pl\/#\/schema\/logo\/image\/","url":"https:\/\/i0.wp.com\/wobronietradycjiiwiary.com\/wp-content\/uploads\/2015\/10\/cropped-st-peters-dome-vatican.jpg?fit=940%2C198&ssl=1","contentUrl":"https:\/\/i0.wp.com\/wobronietradycjiiwiary.com\/wp-content\/uploads\/2015\/10\/cropped-st-peters-dome-vatican.jpg?fit=940%2C198&ssl=1","width":940,"height":198,"caption":"Tradycja i Wiara"},"image":{"@id":"https:\/\/wobronietradycjiiwiary.com\/pl\/#\/schema\/logo\/image\/"},"sameAs":["https:\/\/www.facebook.com\/Tradycja-i-Wiara-108813920592249"]},{"@type":"Person","@id":"https:\/\/wobronietradycjiiwiary.com\/pl\/#\/schema\/person\/2d6180ce6abcb681fef0daab7816e8f3","name":"Traditio et Fides","sameAs":["https:\/\/traditionundglauben.com"],"url":"https:\/\/wobronietradycjiiwiary.com\/en\/author\/wobronietradycjiiwiary\/"}]}},"jetpack_publicize_connections":[],"jetpack_sharing_enabled":true,"jetpack_likes_enabled":true,"jetpack_shortlink":"https:\/\/wp.me\/pc04Sd-6Mq","jetpack-related-posts":[{"id":110423,"url":"https:\/\/wobronietradycjiiwiary.com\/en\/proprium-missae-swietej-rodziny-jezusa-maryi-i-jozefa-sanctae-familiae-jesu-mariae-joseph-5-2-2\/","url_meta":{"origin":26066,"position":0},"title":"Proprium missae &#8211; \u015awi\u0119tej Rodziny Jezusa, Maryi i J\u00f3zefa &#8211; Sanctae Familiae Jesu Mariae Joseph","author":"Traditio et Fides","date":"6 January 2024","format":false,"excerpt":"Divinum Officium - Sancta Missa Kalendarz Liturgiczny Zwyczajnej i Nadzwyczajnej Formy Rytu Rzymskiego https:\/\/www.youtube.com\/watch?v=FQaQPjuWDY4 INTROITUS Prov 23:24; 23:25 Exs\u00faltat g\u00e1udio pater Iusti, g\u00e1udeat Pater tuus et Mater tua, et exs\u00faltet qu\u00e6 g\u00e9nuit te.Ps 83:2-3 Quam dil\u00e9cta tabern\u00e1cula tua, D\u00f3mine virt\u00fatum! concup\u00edscit et d\u00e9ficit \u00e1nima mea in \u00e1tria D\u00f3mini. V. Gl\u00f3ria\u2026","rel":"","context":"In &quot;Duchowo\u015b\u0107&quot;","block_context":{"text":"Duchowo\u015b\u0107","link":"https:\/\/wobronietradycjiiwiary.com\/en\/category\/duchowosc\/"},"img":{"alt_text":"","src":"https:\/\/i0.wp.com\/wobronietradycjiiwiary.com\/wp-content\/uploads\/2020\/01\/Bartolom%C3%A9_Esteban_Perez_Murillo_-_Holy_Family_with_the_Infant_St_John_-_WGA16368.jpg?resize=350%2C200&ssl=1","width":350,"height":200,"srcset":"https:\/\/i0.wp.com\/wobronietradycjiiwiary.com\/wp-content\/uploads\/2020\/01\/Bartolom%C3%A9_Esteban_Perez_Murillo_-_Holy_Family_with_the_Infant_St_John_-_WGA16368.jpg?resize=350%2C200&ssl=1 1x, https:\/\/i0.wp.com\/wobronietradycjiiwiary.com\/wp-content\/uploads\/2020\/01\/Bartolom%C3%A9_Esteban_Perez_Murillo_-_Holy_Family_with_the_Infant_St_John_-_WGA16368.jpg?resize=525%2C300&ssl=1 1.5x, https:\/\/i0.wp.com\/wobronietradycjiiwiary.com\/wp-content\/uploads\/2020\/01\/Bartolom%C3%A9_Esteban_Perez_Murillo_-_Holy_Family_with_the_Infant_St_John_-_WGA16368.jpg?resize=700%2C400&ssl=1 2x"},"classes":[]},{"id":126615,"url":"https:\/\/wobronietradycjiiwiary.com\/en\/proprium-missae-swietej-rodziny-jezusa-maryi-i-jozefa-sanctae-familiae-jesu-mariae-joseph-6\/","url_meta":{"origin":26066,"position":1},"title":"Proprium missae &#8211; \u015awi\u0119tej Rodziny Jezusa, Maryi i J\u00f3zefa &#8211; Sanctae Familiae Jesu Mariae Joseph","author":"mariuszjerzy","date":"11 January 2025","format":false,"excerpt":"Divinum Officium - Sancta Missa Kalendarz Liturgiczny Zwyczajnej i Nadzwyczajnej Formy Rytu Rzymskiego https:\/\/www.youtube.com\/watch?v=FQaQPjuWDY4 INTROITUS Prov 23:24; 23:25 Exs\u00faltat g\u00e1udio pater Iusti, g\u00e1udeat Pater tuus et Mater tua, et exs\u00faltet qu\u00e6 g\u00e9nuit te. Ps 83:2-3 Quam dil\u00e9cta tabern\u00e1cula tua, D\u00f3mine virt\u00fatum! concup\u00edscit et d\u00e9ficit \u00e1nima mea in \u00e1tria D\u00f3mini. V.\u2026","rel":"","context":"In &quot;Duchowo\u015b\u0107&quot;","block_context":{"text":"Duchowo\u015b\u0107","link":"https:\/\/wobronietradycjiiwiary.com\/en\/category\/duchowosc\/"},"img":{"alt_text":"","src":"https:\/\/i0.wp.com\/wobronietradycjiiwiary.com\/wp-content\/uploads\/2020\/01\/Bartolom%C3%A9_Esteban_Perez_Murillo_-_Holy_Family_with_the_Infant_St_John_-_WGA16368.jpg?resize=350%2C200&ssl=1","width":350,"height":200,"srcset":"https:\/\/i0.wp.com\/wobronietradycjiiwiary.com\/wp-content\/uploads\/2020\/01\/Bartolom%C3%A9_Esteban_Perez_Murillo_-_Holy_Family_with_the_Infant_St_John_-_WGA16368.jpg?resize=350%2C200&ssl=1 1x, https:\/\/i0.wp.com\/wobronietradycjiiwiary.com\/wp-content\/uploads\/2020\/01\/Bartolom%C3%A9_Esteban_Perez_Murillo_-_Holy_Family_with_the_Infant_St_John_-_WGA16368.jpg?resize=525%2C300&ssl=1 1.5x, https:\/\/i0.wp.com\/wobronietradycjiiwiary.com\/wp-content\/uploads\/2020\/01\/Bartolom%C3%A9_Esteban_Perez_Murillo_-_Holy_Family_with_the_Infant_St_John_-_WGA16368.jpg?resize=700%2C400&ssl=1 2x"},"classes":[]},{"id":158481,"url":"https:\/\/wobronietradycjiiwiary.com\/en\/proprium-missae-swietej-rodziny-jezusa-maryi-i-jozefa-sanctae-familiae-jesu-mariae-joseph-6-2\/","url_meta":{"origin":26066,"position":2},"title":"Proprium missae &#8211; \u015awi\u0119tej Rodziny Jezusa, Maryi i J\u00f3zefa &#8211; Sanctae Familiae Jesu Mariae Joseph","author":"mariuszjerzy","date":"10 January 2026","format":false,"excerpt":"Divinum Officium - Sancta Missa Kalendarz Liturgiczny Zwyczajnej i Nadzwyczajnej Formy Rytu Rzymskiego https:\/\/www.youtube.com\/watch?v=FQaQPjuWDY4 INTROITUS Prov 23:24; 23:25 Exs\u00faltat g\u00e1udio pater Iusti, g\u00e1udeat Pater tuus et Mater tua, et exs\u00faltet qu\u00e6 g\u00e9nuit te. Ps 83:2-3 Quam dil\u00e9cta tabern\u00e1cula tua, D\u00f3mine virt\u00fatum! concup\u00edscit et d\u00e9ficit \u00e1nima mea in \u00e1tria D\u00f3mini. V.\u2026","rel":"","context":"In &quot;Duchowo\u015b\u0107&quot;","block_context":{"text":"Duchowo\u015b\u0107","link":"https:\/\/wobronietradycjiiwiary.com\/en\/category\/duchowosc\/"},"img":{"alt_text":"","src":"https:\/\/i0.wp.com\/wobronietradycjiiwiary.com\/wp-content\/uploads\/2020\/01\/Bartolom%C3%A9_Esteban_Perez_Murillo_-_Holy_Family_with_the_Infant_St_John_-_WGA16368.jpg?resize=350%2C200&ssl=1","width":350,"height":200,"srcset":"https:\/\/i0.wp.com\/wobronietradycjiiwiary.com\/wp-content\/uploads\/2020\/01\/Bartolom%C3%A9_Esteban_Perez_Murillo_-_Holy_Family_with_the_Infant_St_John_-_WGA16368.jpg?resize=350%2C200&ssl=1 1x, https:\/\/i0.wp.com\/wobronietradycjiiwiary.com\/wp-content\/uploads\/2020\/01\/Bartolom%C3%A9_Esteban_Perez_Murillo_-_Holy_Family_with_the_Infant_St_John_-_WGA16368.jpg?resize=525%2C300&ssl=1 1.5x, https:\/\/i0.wp.com\/wobronietradycjiiwiary.com\/wp-content\/uploads\/2020\/01\/Bartolom%C3%A9_Esteban_Perez_Murillo_-_Holy_Family_with_the_Infant_St_John_-_WGA16368.jpg?resize=700%2C400&ssl=1 2x"},"classes":[]},{"id":19327,"url":"https:\/\/wobronietradycjiiwiary.com\/en\/proprium-missae-swietej-rodziny-jezusa-maryi-i-jozefa-sanctae-familiae-jesu-mariae-joseph-2\/","url_meta":{"origin":26066,"position":3},"title":"Proprium missae &#8211; \u015awi\u0119tej Rodziny Jezusa, Maryi i J\u00f3zefa &#8211; Sanctae Familiae Jesu Mariae Joseph","author":"mariuszjerzy","date":"12 January 2019","format":false,"excerpt":"Divinum Officium - Sancta Missa Kalendarz Liturgiczny Zwyczajnej i Nadzwyczajnej Formy Rytu Rzymskiego https:\/\/www.youtube.com\/watch?v=FQaQPjuWDY4 INTROITUS Prov 23:24; 23:25 Exs\u00faltat g\u00e1udio pater Iusti, g\u00e1udeat Pater tuus et Mater tua, et exs\u00faltet qu\u00e6 g\u00e9nuit te. Ps 83:2-3 Quam dil\u00e9cta tabern\u00e1cula tua, D\u00f3mine virt\u00fatum! concup\u00edscit et d\u00e9ficit \u00e1nima mea in \u00e1tria D\u00f3mini. V.\u2026","rel":"","context":"In &quot;Duchowo\u015b\u0107&quot;","block_context":{"text":"Duchowo\u015b\u0107","link":"https:\/\/wobronietradycjiiwiary.com\/en\/category\/duchowosc\/"},"img":{"alt_text":"","src":"https:\/\/i0.wp.com\/wobronietradycjiiwiary.com\/wp-content\/uploads\/2020\/01\/Bartolom%C3%A9_Esteban_Perez_Murillo_-_Holy_Family_with_the_Infant_St_John_-_WGA16368.jpg?resize=350%2C200&ssl=1","width":350,"height":200,"srcset":"https:\/\/i0.wp.com\/wobronietradycjiiwiary.com\/wp-content\/uploads\/2020\/01\/Bartolom%C3%A9_Esteban_Perez_Murillo_-_Holy_Family_with_the_Infant_St_John_-_WGA16368.jpg?resize=350%2C200&ssl=1 1x, https:\/\/i0.wp.com\/wobronietradycjiiwiary.com\/wp-content\/uploads\/2020\/01\/Bartolom%C3%A9_Esteban_Perez_Murillo_-_Holy_Family_with_the_Infant_St_John_-_WGA16368.jpg?resize=525%2C300&ssl=1 1.5x, https:\/\/i0.wp.com\/wobronietradycjiiwiary.com\/wp-content\/uploads\/2020\/01\/Bartolom%C3%A9_Esteban_Perez_Murillo_-_Holy_Family_with_the_Infant_St_John_-_WGA16368.jpg?resize=700%2C400&ssl=1 2x"},"classes":[]},{"id":40745,"url":"https:\/\/wobronietradycjiiwiary.com\/en\/proprium-missae-swietej-rodziny-jezusa-maryi-i-jozefa-sanctae-familiae-jesu-mariae-joseph-4\/","url_meta":{"origin":26066,"position":4},"title":"Proprium missae &#8211; \u015awi\u0119tej Rodziny Jezusa, Maryi i J\u00f3zefa &#8211; Sanctae Familiae Jesu Mariae Joseph","author":"Traditio et Fides","date":"9 January 2021","format":false,"excerpt":"Divinum Officium - Sancta Missa Kalendarz Liturgiczny Zwyczajnej i Nadzwyczajnej Formy Rytu Rzymskiego https:\/\/www.youtube.com\/watch?v=FQaQPjuWDY4 INTROITUS Prov 23:24; 23:25 Exs\u00faltat g\u00e1udio pater Iusti, g\u00e1udeat Pater tuus et Mater tua, et exs\u00faltet qu\u00e6 g\u00e9nuit te.Ps 83:2-3 Quam dil\u00e9cta tabern\u00e1cula tua, D\u00f3mine virt\u00fatum! concup\u00edscit et d\u00e9ficit \u00e1nima mea in \u00e1tria D\u00f3mini. V. Gl\u00f3ria\u2026","rel":"","context":"In &quot;Duchowo\u015b\u0107&quot;","block_context":{"text":"Duchowo\u015b\u0107","link":"https:\/\/wobronietradycjiiwiary.com\/en\/category\/duchowosc\/"},"img":{"alt_text":"","src":"https:\/\/i0.wp.com\/wobronietradycjiiwiary.com\/wp-content\/uploads\/2020\/01\/Bartolom%C3%A9_Esteban_Perez_Murillo_-_Holy_Family_with_the_Infant_St_John_-_WGA16368.jpg?resize=350%2C200&ssl=1","width":350,"height":200,"srcset":"https:\/\/i0.wp.com\/wobronietradycjiiwiary.com\/wp-content\/uploads\/2020\/01\/Bartolom%C3%A9_Esteban_Perez_Murillo_-_Holy_Family_with_the_Infant_St_John_-_WGA16368.jpg?resize=350%2C200&ssl=1 1x, https:\/\/i0.wp.com\/wobronietradycjiiwiary.com\/wp-content\/uploads\/2020\/01\/Bartolom%C3%A9_Esteban_Perez_Murillo_-_Holy_Family_with_the_Infant_St_John_-_WGA16368.jpg?resize=525%2C300&ssl=1 1.5x, https:\/\/i0.wp.com\/wobronietradycjiiwiary.com\/wp-content\/uploads\/2020\/01\/Bartolom%C3%A9_Esteban_Perez_Murillo_-_Holy_Family_with_the_Infant_St_John_-_WGA16368.jpg?resize=700%2C400&ssl=1 2x"},"classes":[]},{"id":17414,"url":"https:\/\/wobronietradycjiiwiary.com\/en\/proprium-missae-swietej-rodziny-jezusa-maryi-i-jozefa-sanctae-familiae-jesu-mariae-joseph\/","url_meta":{"origin":26066,"position":5},"title":"Proprium missae &#8211; \u015awi\u0119tej Rodziny Jezusa, Maryi i J\u00f3zefa &#8211; Sanctae Familiae Jesu Mariae Joseph","author":"mariuszjerzy","date":"12 January 2019","format":false,"excerpt":"Divinum Officium - Sancta Missa Kalendarz Liturgiczny Zwyczajnej i Nadzwyczajnej Formy Rytu Rzymskiego https:\/\/www.youtube.com\/watch?v=FQaQPjuWDY4 INTROITUS Prov 23:24; 23:25 Exs\u00faltat g\u00e1udio pater Iusti, g\u00e1udeat Pater tuus et Mater tua, et exs\u00faltet qu\u00e6 g\u00e9nuit te. Ps 83:2-3 Quam dil\u00e9cta tabern\u00e1cula tua, D\u00f3mine virt\u00fatum! concup\u00edscit et d\u00e9ficit \u00e1nima mea in \u00e1tria D\u00f3mini. V.\u2026","rel":"","context":"In &quot;Duchowo\u015b\u0107&quot;","block_context":{"text":"Duchowo\u015b\u0107","link":"https:\/\/wobronietradycjiiwiary.com\/en\/category\/duchowosc\/"},"img":{"alt_text":"","src":"https:\/\/i0.wp.com\/wobronietradycjiiwiary.com\/wp-content\/uploads\/2020\/01\/Bartolom%C3%A9_Esteban_Perez_Murillo_-_Holy_Family_with_the_Infant_St_John_-_WGA16368.jpg?resize=350%2C200&ssl=1","width":350,"height":200,"srcset":"https:\/\/i0.wp.com\/wobronietradycjiiwiary.com\/wp-content\/uploads\/2020\/01\/Bartolom%C3%A9_Esteban_Perez_Murillo_-_Holy_Family_with_the_Infant_St_John_-_WGA16368.jpg?resize=350%2C200&ssl=1 1x, https:\/\/i0.wp.com\/wobronietradycjiiwiary.com\/wp-content\/uploads\/2020\/01\/Bartolom%C3%A9_Esteban_Perez_Murillo_-_Holy_Family_with_the_Infant_St_John_-_WGA16368.jpg?resize=525%2C300&ssl=1 1.5x, https:\/\/i0.wp.com\/wobronietradycjiiwiary.com\/wp-content\/uploads\/2020\/01\/Bartolom%C3%A9_Esteban_Perez_Murillo_-_Holy_Family_with_the_Infant_St_John_-_WGA16368.jpg?resize=700%2C400&ssl=1 2x"},"classes":[]}],"amp_enabled":true,"jetpack_featured_media_url":"https:\/\/wobronietradycjiiwiary.com\/wp-content\/uploads\/2020\/01\/Bartolom\u00e9_Esteban_Perez_Murillo_-_Holy_Family_with_the_Infant_St_John_-_WGA16368.jpg","_links":{"self":[{"href":"https:\/\/wobronietradycjiiwiary.com\/en\/wp-json\/wp\/v2\/posts\/26066","targetHints":{"allow":["GET"]}}],"collection":[{"href":"https:\/\/wobronietradycjiiwiary.com\/en\/wp-json\/wp\/v2\/posts"}],"about":[{"href":"https:\/\/wobronietradycjiiwiary.com\/en\/wp-json\/wp\/v2\/types\/post"}],"author":[{"embeddable":true,"href":"https:\/\/wobronietradycjiiwiary.com\/en\/wp-json\/wp\/v2\/users\/60508433"}],"replies":[{"embeddable":true,"href":"https:\/\/wobronietradycjiiwiary.com\/en\/wp-json\/wp\/v2\/comments?post=26066"}],"version-history":[{"count":5,"href":"https:\/\/wobronietradycjiiwiary.com\/en\/wp-json\/wp\/v2\/posts\/26066\/revisions"}],"predecessor-version":[{"id":100507,"href":"https:\/\/wobronietradycjiiwiary.com\/en\/wp-json\/wp\/v2\/posts\/26066\/revisions\/100507"}],"wp:featuredmedia":[{"embeddable":true,"href":"https:\/\/wobronietradycjiiwiary.com\/en\/wp-json\/wp\/v2\/media\/26068"}],"wp:attachment":[{"href":"https:\/\/wobronietradycjiiwiary.com\/en\/wp-json\/wp\/v2\/media?parent=26066"}],"wp:term":[{"taxonomy":"category","embeddable":true,"href":"https:\/\/wobronietradycjiiwiary.com\/en\/wp-json\/wp\/v2\/categories?post=26066"},{"taxonomy":"post_tag","embeddable":true,"href":"https:\/\/wobronietradycjiiwiary.com\/en\/wp-json\/wp\/v2\/tags?post=26066"}],"curies":[{"name":"wp","href":"https:\/\/api.w.org\/{rel}","templated":true}]}}