{"id":22224,"date":"2018-05-25T06:00:43","date_gmt":"2018-05-25T04:00:43","guid":{"rendered":"https:\/\/wobronietradycjiiwiaryblog.wordpress.com\/?p=17565"},"modified":"2025-05-31T21:51:09","modified_gmt":"2025-05-31T19:51:09","slug":"rozmyslania-na-kazdy-dzien-maja-dzien-25","status":"publish","type":"post","link":"https:\/\/wobronietradycjiiwiary.com\/en\/rozmyslania-na-kazdy-dzien-maja-dzien-25\/","title":{"rendered":"Rozmy\u015blania na ka\u017cdy dzie\u0144 maja \u2013 DZIE\u0143 25"},"content":{"rendered":"<div id=\"bsf_rt_marker\"><\/div>\n<hr class=\"wp-block-separator has-alpha-channel-opacity\"\/>\n\n\n<div class=\"wp-block-image\">\n<figure class=\"aligncenter\"><img decoding=\"async\" src=\"https:\/\/wobronietradycjiiwiary.com\/wp-content\/uploads\/2018\/04\/madonna-and-child-401x500.jpg\" alt=\"Madonna-and-Child-401x500\" class=\"wp-image-17449\"\/><\/figure>\n<\/div>\n\n\n<p class=\"wp-block-paragraph\"><\/p>\n\n\n\n<h1 class=\"wp-block-heading\">&#8220;M\u0105dro\u015b\u0107 prowadz\u0105ca do mi\u0142o\u015bci&#8221;<\/h1>\n\n\n\n<p class=\"wp-block-paragraph\">I. Zrozumie\u0107 i ukocha\u0107, to podobno ca\u0142a zagadka \u017cycia \u2013 i ca\u0142e zadanie wieczno\u015bci i to jest ta m\u0105dro\u015b\u0107, o kt\u00f3rej m\u00f3wi M\u0119drzec Pa\u0144ski; &#8220;M\u0105dro\u015b\u0107 zbudowa\u0142a sobie przybytek&#8221;. Szcz\u0119\u015bliwy ten, komu \u017cycie wystarczy na budow\u0119 tego przybytku, kto nie zmarnowa\u0142 czasu bez pracy nad t\u0105 budow\u0105. M\u0105dry mi\u0142uj\u0105cy, to z pewno\u015bci\u0105 najpi\u0119kniejszy widok na ziemi, najszcz\u0119\u015bliwsze spotkanie, najszacowniejszy towarzysz; bo kto go raz spotka, nie odejdzie go wi\u0119cej, \u2013 a je\u017celi odej\u015b\u0107 musi, nie zapomni go \u2013 i pami\u0119ci\u0105 b\u0119dzie si\u0119 do\u0144 cz\u0119sto zwraca\u0142, szukaj\u0105c w tym pokrzepienia i znajduj\u0105c je zawsze.<\/p>\n\n\n\n<p class=\"wp-block-paragraph\">Naczyniem pe\u0142nym m\u0105dro\u015bci mi\u0142uj\u0105cej, by\u0142a Naj\u015bwi\u0119tsza Panna. Oddana ca\u0142kowicie Synowi swemu Boskiemu, obj\u0119\u0142a sercem spraw\u0119, dla kt\u00f3rej On zst\u0105pi\u0142 na ziemi\u0119 i w tym oddaniu, w tym odst\u0105pieniu siebie, znalaz\u0142a spok\u00f3j \u017cycia, prowadz\u0105cy do widzenia prawdy; osi\u0105gn\u0119\u0142a ten punkt szcz\u0119\u015bliwy, gdzie si\u0119 ko\u0144cz\u0105 ma\u0142e troski i wielkie z nich powstaj\u0105ce szamotania, \u2013 gdzie si\u0119 osi\u0105ga usposobienie gotowe na przyj\u0119cie wszelkiej \u0142aski i pomocy Bo\u017cej w dzia\u0142aniu.<\/p>\n\n\n\n<p class=\"wp-block-paragraph\">Dlatego widzimy w Maryi trafno\u015b\u0107 cudown\u0105 w ka\u017cdej kolei \u017cycia, w ka\u017cdym z bli\u017anim zetkni\u0119ciu; m\u0105dro\u015b\u0107 dojrza\u0142\u0105, przebijaj\u0105c\u0105 si\u0119 w ka\u017cdym Jej czynie, w ka\u017cdym Jej s\u0142owie, spok\u00f3j i r\u00f3wnowag\u0119 w dzia\u0142aniu. Je\u017celi czyni\u0142a co skwapliwie, to i w tej skwapliwo\u015bci by\u0142a rozwaga; posz\u0142a skwapliwie do El\u017cbiety, bo obliczy\u0142a sercem, \u017ce st\u0105d b\u0119dzie po\u017cytek dla krewnej, potrzebuj\u0105cej opieki; \u017ce b\u0119dzie chwa\u0142a Bo\u017ca z wielkiego szcz\u0119\u015bcia, jakie J\u0105 sam\u0105 spotka\u0142o. Chcia\u0142a, aby z Ni\u0105 razem dzi\u0119kowa\u0142 kto\u015b rozumiej\u0105cy jak Ona, nadziej\u0119 zbawienia, \u2013 a wok\u00f3\u0142 siebie nie mia\u0142a m\u0105drych i \u017cyczliwych, wi\u0119c posz\u0142a z J\u00f3zefem przez g\u00f3ry Judei, aby si\u0119 darem wielkim podzieli\u0107 z wybranymi, co tak\u017ce w cicho\u015bci z Bogiem przestawali.<\/p>\n\n\n\n<p class=\"wp-block-paragraph\">Opowiadaj\u0105 Pisarze \u015bwi\u0119ci, \u017ce ca\u0142y czas pobytu swego u El\u017cbiety, Naj\u015bwi\u0119tsza Panna by\u0142a na pos\u0142ugach w Jej domu. Przedstawmy sobie, czym dla tego domu by\u0142 pobyt Maryi; jak si\u0119 tam wszystko do \u0142adu u\u0142o\u017cy\u0142o, jak si\u0119 u\u0142atwi\u0142o \u017cycie, jak si\u0119 na wszystkim odbi\u0142o pi\u0119tno m\u0105drej dobroci i dobrej, \u015bwi\u0119tej m\u0105dro\u015bci.<\/p>\n\n\n\n<p class=\"wp-block-paragraph\">O szcz\u0119\u015bliwa El\u017cbieto! Gdyby\u015bmy jak Ty, mieli Maryj\u0119, zarz\u0105dzaj\u0105c\u0105 chudob\u0105 nasz\u0105, \u2013 domem naszym, dusz\u0105 nasz\u0105; \u2013 gdyby\u015bmy zechcieli od Niej uczy\u0107 si\u0119, jak dalej \u017cy\u0107 mamy!<\/p>\n\n\n\n<p class=\"wp-block-paragraph\">II. M\u0105dro\u015b\u0107 Bo\u017ca, owoc boja\u017ani, pobo\u017cno\u015bci, mocy, umiej\u0119tno\u015bci, rady i rozumu, wynika z tych korzeni, jak kwiat woniej\u0105cy, mi\u0142y Bogu i ludziom. Kupi\u0105 si\u0119 ko\u0142o niej ludzie, bo ka\u017cdemu przyda si\u0119 na co\u015b; czerpi\u0105 z niej wszyscy, bo si\u0119 do ka\u017cdego nachyla. <em>M\u0105dro\u015b\u0107 kochaj\u0105ca!<\/em> Ju\u017c w tym s\u0142owie jest balsam.<\/p>\n\n\n\n<p class=\"wp-block-paragraph\">M\u0105dro\u015b\u0107 taka czuje si\u0119 obowi\u0105zan\u0105 do dobrego \u2013 i w tym le\u017cy wielka jej warto\u015b\u0107. Podczas gdy og\u00f3\u0142 ludzi szuka, jakby si\u0119 z wszystkiego co ci\u0119\u017ckie wyzwoli\u0142, m\u0105dry po Bo\u017cemu, szuka, co by m\u00f3g\u0142 zrobi\u0107; \u2013 staje si\u0119 to jego potrzeb\u0105, jego \u017cywio\u0142em, warunkiem jego bytu. Nigdy prawie niezrozumiany, cz\u0119sto wyzyskany i porzucony, nie czuje on swej krzywdy, bo mu nie idzie o siebie. Przechodzi, dobrze czyni\u0105c, jak Chrystus Pan i jak On, nie maj\u0105c cz\u0119sto, gdzie by g\u0142ow\u0119 opar\u0142; \u2013 spokojny, swobodny, ze wszystkiego zadowolony. Dobro drugich, to jego zysk, dobro\u0107 drugich to jego cel. Ale i na ten cel si\u0119 nie ogl\u0105da, powodzenie go nie zatrzymuje, zaw\u00f3d go nie dziwi; \u2013 dojrza\u0142 ju\u017c tyle, \u017ce u\u017cywa\u0107 nie potrzebuje, \u017ce si\u0119 oswoi\u0142 z n\u0119dz\u0105 natury ludzkiej.<\/p>\n\n\n\n<p class=\"wp-block-paragraph\">Kiedy\u017c dojdziemy do takiej m\u0105dro\u015bci, \u017ce nam si\u0119 wszystko dobre co by\u015bmy uczyni\u0107 mogli, stanie obowi\u0105zkiem? Kiedy\u017c bli\u017ani stanie si\u0119 dla nas przedmiotem troskliwo\u015bci, a dusza jego niesko\u0144czenie droga Panu Jezusowi, i nam przedstawi si\u0119 w swojej prawdziwej warto\u015bci? Spojrzyjmy, ile roboty przed nami, \u2013 jaki olbrzymi materia\u0142 le\u017cy od\u0142ogiem? Pola dojrza\u0142e do \u017cniwa, bo z\u0142e dojrza\u0142o w \u015bwiecie w ogromnej liczbie i sile, \u2013 a nie ma, kto by m\u0105drze gospodarzy\u0142, bo zbyt ma\u0142o m\u0105drych mi\u0142uj\u0105cych.<\/p>\n\n\n\n<p class=\"wp-block-paragraph\">O, pro\u015bmy Boga o nich. Pro\u015bmy i dla siebie o \u015bwiat\u0142o tej m\u0105dro\u015bci, o ciep\u0142o tej mi\u0142o\u015bci; pro\u015bmy przez Maryj\u0119, kt\u00f3ra by\u0142a ubogacona tymi dary i Matk\u0105 nasz\u0105 by\u0107 nie przesta\u0142a i nigdy nie przestanie.<\/p>\n\n\n\n<p class=\"wp-block-paragraph\"><strong><em>Westchnienie<\/em>.<\/strong> Stolico m\u0105dro\u015bci, przyczyno naszej rado\u015bci, \u2013 Maryjo, najukocha\u0144sza Matko nasza, zapraw nas do dobrego, kt\u00f3re\u015b umia\u0142a pe\u0142ni\u0107 tak m\u0105drze, \u2013 o\u015bwie\u0107 nas m\u0105dro\u015bci\u0105, kt\u00f3ra Ci\u0119 tak\u0105 dobr\u0105 czyni\u0142a.<\/p>\n\n\n\n<p class=\"wp-block-paragraph\"><strong><em>Praktyka:<\/em><\/strong> Zaczn\u0119 si\u0119 przygotowywa\u0107 do postanowienia, kt\u00f3re uczyni\u0119 ostatniego dnia miesi\u0105ca Maryi \u2013 i poszukam sumiennie, co ma by\u0107 tego postanowienia przedmiotem.<\/p>\n\n\n\n<p class=\"wp-block-paragraph\">\u2013\u2013\u2013\u2013\u2013\u2013\u2013\u2013\u2013\u2013\u2013<\/p>\n\n\n\n<p class=\"wp-block-paragraph\"><em>Rozmy\u015blania na ka\u017cdy dzie\u0144 maja<\/em>. Zapiski z konferencyj majowych ks. Zygmunta Goliana. Dodano najwyborniejsze modlitwy i pie\u015bni do Matki Naj\u015bwi\u0119tszej. Krak\u00f3w 1931. Wydawnictwo Ksi\u0119\u017cy Jezuit\u00f3w, ss. 140-146.<\/p>\n\n\n\n<div class=\"wp-block-kadence-infobox kt-info-box74405_787106-ce\"><a class=\"kt-blocks-info-box-link-wrap info-box-link kt-blocks-info-box-media-align-top kt-info-halign-center\" target=\"_blank\" rel=\"noopener noreferrer\" href=\"https:\/\/wobronietradycjiiwiary.com\/en\/subskrypcje-2\/\"><div class=\"kt-blocks-info-box-media-container\"><div class=\"kt-blocks-info-box-media kt-info-media-animate-none\"><div class=\"kadence-info-box-image-inner-intrisic-container\"><div class=\"kadence-info-box-image-intrisic kt-info-animate-none\"><div class=\"kadence-info-box-image-inner-intrisic\"><img decoding=\"async\" data-attachment-id=\"99768\" data-permalink=\"https:\/\/wobronietradycjiiwiary.com\/en\/cropped-cropped-st-peters-dome-vatican-1-jpg\/\" data-orig-file=\"https:\/\/wobronietradycjiiwiary.com\/wp-content\/uploads\/2015\/10\/cropped-cropped-st-peters-dome-vatican-1.jpg\" data-orig-size=\"512,512\" data-comments-opened=\"1\" data-image-meta=\"{&quot;aperture&quot;:&quot;0&quot;,&quot;credit&quot;:&quot;&quot;,&quot;camera&quot;:&quot;&quot;,&quot;caption&quot;:&quot;&quot;,&quot;created_timestamp&quot;:&quot;0&quot;,&quot;copyright&quot;:&quot;&quot;,&quot;focal_length&quot;:&quot;0&quot;,&quot;iso&quot;:&quot;0&quot;,&quot;shutter_speed&quot;:&quot;0&quot;,&quot;title&quot;:&quot;&quot;,&quot;orientation&quot;:&quot;0&quot;}\" data-image-title=\"cropped-cropped-st-peters-dome-vatican-1.jpg\" data-image-description=\"&lt;p&gt;https:\/\/wobronietradycjiiwiary.com\/wp-content\/uploads\/2015\/10\/cropped-cropped-st-peters-dome-vatican-1.jpg&lt;\/p&gt;\" data-image-caption=\"\" data-large-file=\"https:\/\/wobronietradycjiiwiary.com\/wp-content\/uploads\/2015\/10\/cropped-cropped-st-peters-dome-vatican-1.jpg\" src=\"https:\/\/wobronietradycjiiwiary.com\/wp-content\/uploads\/2015\/10\/cropped-cropped-st-peters-dome-vatican-1-150x150.jpg\" alt=\"\" width=\"150\" height=\"150\" class=\"kt-info-box-image wp-image-99768\" srcset=\"https:\/\/wobronietradycjiiwiary.com\/wp-content\/uploads\/2015\/10\/cropped-cropped-st-peters-dome-vatican-1-150x150.jpg 150w, https:\/\/wobronietradycjiiwiary.com\/wp-content\/uploads\/2015\/10\/cropped-cropped-st-peters-dome-vatican-1-300x300.jpg 300w, https:\/\/wobronietradycjiiwiary.com\/wp-content\/uploads\/2015\/10\/cropped-cropped-st-peters-dome-vatican-1-12x12.jpg 12w, https:\/\/wobronietradycjiiwiary.com\/wp-content\/uploads\/2015\/10\/cropped-cropped-st-peters-dome-vatican-1-400x400.jpg?crop=1 400w, https:\/\/wobronietradycjiiwiary.com\/wp-content\/uploads\/2015\/10\/cropped-cropped-st-peters-dome-vatican-1-200x200.jpg?crop=1 200w, https:\/\/wobronietradycjiiwiary.com\/wp-content\/uploads\/2015\/10\/cropped-cropped-st-peters-dome-vatican-1-100x100.jpg?crop=1 100w, https:\/\/wobronietradycjiiwiary.com\/wp-content\/uploads\/2015\/10\/cropped-cropped-st-peters-dome-vatican-1-270x270.jpg 270w, https:\/\/wobronietradycjiiwiary.com\/wp-content\/uploads\/2015\/10\/cropped-cropped-st-peters-dome-vatican-1-192x192.jpg 192w, https:\/\/wobronietradycjiiwiary.com\/wp-content\/uploads\/2015\/10\/cropped-cropped-st-peters-dome-vatican-1-180x180.jpg 180w, https:\/\/wobronietradycjiiwiary.com\/wp-content\/uploads\/2015\/10\/cropped-cropped-st-peters-dome-vatican-1-32x32.jpg 32w, https:\/\/wobronietradycjiiwiary.com\/wp-content\/uploads\/2015\/10\/cropped-cropped-st-peters-dome-vatican-1.jpg 512w\" sizes=\"(max-width: 150px) 100vw, 150px\" \/><\/div><\/div><\/div><\/div><\/div><div class=\"kt-infobox-textcontent\"><h2 class=\"kt-blocks-info-box-title\">Chcesz czyta\u0107 wszystko?<\/h2><p class=\"kt-blocks-info-box-text\"><strong>Wykup abonament.<\/strong><\/p><\/div><\/a><\/div>\n\n\n\n<div class=\"wp-block-cover aligncenter\" style=\"min-height:361px;aspect-ratio:unset;\"><img fetchpriority=\"high\" decoding=\"async\" width=\"524\" height=\"539\" data-attachment-id=\"115630\" data-permalink=\"https:\/\/wobronietradycjiiwiary.com\/en\/church-militant-o-naduzyciach-seksualnych-w-bractwie-sw-piusa-x-nowy-cykl\/ec48bf44892c29b895741920e0bdef09-2\/\" data-orig-file=\"https:\/\/wobronietradycjiiwiary.com\/wp-content\/uploads\/2024\/04\/ec48bf44892c29b895741920e0bdef09.jpg\" data-orig-size=\"524,539\" data-comments-opened=\"1\" data-image-meta=\"{&quot;aperture&quot;:&quot;0&quot;,&quot;credit&quot;:&quot;&quot;,&quot;camera&quot;:&quot;&quot;,&quot;caption&quot;:&quot;&quot;,&quot;created_timestamp&quot;:&quot;0&quot;,&quot;copyright&quot;:&quot;&quot;,&quot;focal_length&quot;:&quot;0&quot;,&quot;iso&quot;:&quot;0&quot;,&quot;shutter_speed&quot;:&quot;0&quot;,&quot;title&quot;:&quot;&quot;,&quot;orientation&quot;:&quot;0&quot;}\" data-image-title=\"ec48bf44892c29b895741920e0bdef09\" data-image-description=\"\" data-image-caption=\"\" data-large-file=\"https:\/\/wobronietradycjiiwiary.com\/wp-content\/uploads\/2024\/04\/ec48bf44892c29b895741920e0bdef09.jpg\" class=\"wp-block-cover__image-background wp-image-115630\" alt=\"\" src=\"https:\/\/wobronietradycjiiwiary.com\/wp-content\/uploads\/2024\/04\/ec48bf44892c29b895741920e0bdef09.jpg\" style=\"object-position:57% 0%\" data-object-fit=\"cover\" data-object-position=\"57% 0%\" srcset=\"https:\/\/wobronietradycjiiwiary.com\/wp-content\/uploads\/2024\/04\/ec48bf44892c29b895741920e0bdef09.jpg 524w, https:\/\/wobronietradycjiiwiary.com\/wp-content\/uploads\/2024\/04\/ec48bf44892c29b895741920e0bdef09-450x463.jpg 450w, https:\/\/wobronietradycjiiwiary.com\/wp-content\/uploads\/2024\/04\/ec48bf44892c29b895741920e0bdef09-292x300.jpg 292w, https:\/\/wobronietradycjiiwiary.com\/wp-content\/uploads\/2024\/04\/ec48bf44892c29b895741920e0bdef09-146x150.jpg 146w, https:\/\/wobronietradycjiiwiary.com\/wp-content\/uploads\/2024\/04\/ec48bf44892c29b895741920e0bdef09-12x12.jpg 12w, https:\/\/wobronietradycjiiwiary.com\/wp-content\/uploads\/2024\/04\/ec48bf44892c29b895741920e0bdef09-58x60.jpg 58w, https:\/\/wobronietradycjiiwiary.com\/wp-content\/uploads\/2024\/04\/ec48bf44892c29b895741920e0bdef09-87x90.jpg 87w\" sizes=\"(max-width: 524px) 100vw, 524px\" \/><span aria-hidden=\"true\" class=\"wp-block-cover__background has-background-dim\"><\/span><div class=\"wp-block-cover__inner-container is-layout-flow wp-block-cover-is-layout-flow\">\n<p class=\"has-text-align-center has-large-font-size wp-block-paragraph\"><mark style=\"background-color:rgba(0, 0, 0, 0)\" class=\"has-inline-color has-luminous-vivid-amber-color\"><strong>Spodoba\u0142o si\u0119? Wspieraj nas!<\/strong><\/mark><\/p>\n\n\n\n<p class=\"has-text-align-center wp-block-paragraph\"><strong>Kart\u0105, paypalem lub bezpo\u015brednim przelewem<\/strong>.<\/p>\n\n\n\n<p class=\"has-text-align-center wp-block-paragraph\" style=\"font-size:39px\"><a aria-label=\" (opens in a new tab)\" class=\"ek-link\" href=\"https:\/\/donate.stripe.com\/6oE7uNfHU4nXe2I7su\" target=\"_blank\" rel=\"noreferrer noopener\"><mark style=\"background-color:rgba(0, 0, 0, 0)\" class=\"has-inline-color has-white-color\"><strong>Datki<\/strong> <\/mark><\/a><\/p>\n<\/div><\/div>","protected":false},"excerpt":{"rendered":"<p>&#8220;M\u0105dro\u015b\u0107 prowadz\u0105ca do mi\u0142o\u015bci&#8221; I. Zrozumie\u0107 i ukocha\u0107, to podobno ca\u0142a zagadka \u017cycia \u2013 i ca\u0142e zadanie wieczno\u015bci i to jest ta m\u0105dro\u015b\u0107, o kt\u00f3rej m\u00f3wi M\u0119drzec Pa\u0144ski; &#8220;M\u0105dro\u015b\u0107 zbudowa\u0142a sobie przybytek&#8221;. Szcz\u0119\u015bliwy ten, komu \u017cycie wystarczy na budow\u0119 tego przybytku, kto nie zmarnowa\u0142 czasu bez pracy nad t\u0105 budow\u0105. M\u0105dry mi\u0142uj\u0105cy, to z pewno\u015bci\u0105 [&hellip;]<\/p>\n","protected":false},"author":119394841,"featured_media":116637,"comment_status":"open","ping_status":"closed","sticky":false,"template":"","format":"standard","meta":{"_bbp_topic_count":0,"_bbp_reply_count":0,"_bbp_total_topic_count":0,"_bbp_total_reply_count":0,"_bbp_voice_count":0,"_bbp_anonymous_reply_count":0,"_bbp_topic_count_hidden":0,"_bbp_reply_count_hidden":0,"_bbp_forum_subforum_count":0,"_editorskit_title_hidden":false,"_editorskit_reading_time":0,"_editorskit_is_block_options_detached":false,"_editorskit_block_options_position":"{}","_coblocks_attr":"","_coblocks_dimensions":"","_coblocks_responsive_height":"","_coblocks_accordion_ie_support":"","_exactmetrics_skip_tracking":false,"_jetpack_newsletter_access":"","_jetpack_dont_email_post_to_subs":false,"_jetpack_newsletter_tier_id":0,"_jetpack_memberships_contains_paywalled_content":false,"_wpcom_ai_launchpad_first_post":false,"_jetpack_feature_clip_id":0,"_jetpack_memberships_contains_paid_content":false,"footnotes":"","jetpack_publicize_message":"{title}\n\n{excerpt}\n\n{url}","jetpack_publicize_feature_enabled":true,"jetpack_social_post_already_shared":true,"jetpack_social_options":{"image_generator_settings":{"template":"highway","default_image_id":0,"font":"","enabled":false},"version":2},"_wpas_customize_per_network":false,"jetpack_post_was_ever_published":false},"categories":[336375535,610131047],"tags":[2039965,610130726,610132562],"class_list":["post-22224","post","type-post","status-publish","format-standard","has-post-thumbnail","hentry","category-liturgia-i-liturgika","category-rozwazania-majowe","tag-maryja","tag-poboznosc-maryjna","tag-premium"],"yoast_head":"<!-- This site is optimized with the Yoast SEO plugin v28.3 - https:\/\/yoast.com\/product\/yoast-seo-wordpress\/ -->\n<title>Rozmy\u015blania na ka\u017cdy dzie\u0144 maja \u2013 DZIE\u0143 25 - Tradycja i Wiara<\/title>\n<meta name=\"robots\" content=\"index, follow, max-snippet:-1, max-image-preview:large, max-video-preview:-1\" \/>\n<link rel=\"canonical\" href=\"https:\/\/wobronietradycjiiwiary.com\/en\/rozmyslania-na-kazdy-dzien-maja-dzien-25\/\" \/>\n<meta property=\"og:locale\" content=\"en_US\" \/>\n<meta property=\"og:type\" content=\"article\" \/>\n<meta property=\"og:title\" content=\"Rozmy\u015blania na ka\u017cdy dzie\u0144 maja \u2013 DZIE\u0143 25 - Tradycja i Wiara\" \/>\n<meta property=\"og:description\" content=\"&#8220;M\u0105dro\u015b\u0107 prowadz\u0105ca do mi\u0142o\u015bci&#8221; I. Zrozumie\u0107 i ukocha\u0107, to podobno ca\u0142a zagadka \u017cycia \u2013 i ca\u0142e zadanie wieczno\u015bci i to jest ta m\u0105dro\u015b\u0107, o kt\u00f3rej m\u00f3wi M\u0119drzec Pa\u0144ski; &#8220;M\u0105dro\u015b\u0107 zbudowa\u0142a sobie przybytek&#8221;. Szcz\u0119\u015bliwy ten, komu \u017cycie wystarczy na budow\u0119 tego przybytku, kto nie zmarnowa\u0142 czasu bez pracy nad t\u0105 budow\u0105. M\u0105dry mi\u0142uj\u0105cy, to z pewno\u015bci\u0105 [&hellip;]\" \/>\n<meta property=\"og:url\" content=\"https:\/\/wobronietradycjiiwiary.com\/en\/rozmyslania-na-kazdy-dzien-maja-dzien-25\/\" \/>\n<meta property=\"og:site_name\" content=\"Tradycja i Wiara\" \/>\n<meta property=\"article:publisher\" content=\"https:\/\/www.facebook.com\/Tradycja-i-Wiara-108813920592249\" \/>\n<meta property=\"article:published_time\" content=\"2018-05-25T04:00:43+00:00\" \/>\n<meta property=\"article:modified_time\" content=\"2025-05-31T19:51:09+00:00\" \/>\n<meta property=\"og:image\" content=\"https:\/\/wobronietradycjiiwiary.com\/wp-content\/uploads\/2024\/05\/Madonna-and-Child-401x500-1.jpg\" \/>\n\t<meta property=\"og:image:width\" content=\"401\" \/>\n\t<meta property=\"og:image:height\" content=\"500\" \/>\n\t<meta property=\"og:image:type\" content=\"image\/jpeg\" \/>\n<meta name=\"author\" content=\"mariuszjerzy\" \/>\n<meta name=\"twitter:card\" content=\"summary_large_image\" \/>\n<meta name=\"twitter:label1\" content=\"Written by\" \/>\n\t<meta name=\"twitter:data1\" content=\"mariuszjerzy\" \/>\n\t<meta name=\"twitter:label2\" content=\"Est. reading time\" \/>\n\t<meta name=\"twitter:data2\" content=\"6 minutes\" \/>\n<script type=\"application\/ld+json\" class=\"yoast-schema-graph\">{\"@context\":\"https:\\\/\\\/schema.org\",\"@graph\":[{\"@type\":\"Article\",\"@id\":\"https:\\\/\\\/wobronietradycjiiwiary.com\\\/rozmyslania-na-kazdy-dzien-maja-dzien-25\\\/#article\",\"isPartOf\":{\"@id\":\"https:\\\/\\\/wobronietradycjiiwiary.com\\\/rozmyslania-na-kazdy-dzien-maja-dzien-25\\\/\"},\"author\":{\"name\":\"mariuszjerzy\",\"@id\":\"https:\\\/\\\/wobronietradycjiiwiary.com\\\/pl\\\/#\\\/schema\\\/person\\\/595d3fb6f55eae9326175d092b63d851\"},\"headline\":\"Rozmy\u015blania na ka\u017cdy dzie\u0144 maja \u2013 DZIE\u0143 25\",\"datePublished\":\"2018-05-25T04:00:43+00:00\",\"dateModified\":\"2025-05-31T19:51:09+00:00\",\"mainEntityOfPage\":{\"@id\":\"https:\\\/\\\/wobronietradycjiiwiary.com\\\/rozmyslania-na-kazdy-dzien-maja-dzien-25\\\/\"},\"wordCount\":910,\"commentCount\":0,\"publisher\":{\"@id\":\"https:\\\/\\\/wobronietradycjiiwiary.com\\\/pl\\\/#organization\"},\"image\":{\"@id\":\"https:\\\/\\\/wobronietradycjiiwiary.com\\\/rozmyslania-na-kazdy-dzien-maja-dzien-25\\\/#primaryimage\"},\"thumbnailUrl\":\"https:\\\/\\\/wobronietradycjiiwiary.com\\\/wp-content\\\/uploads\\\/2024\\\/05\\\/Madonna-and-Child-401x500-1.jpg\",\"keywords\":[\"Maryja\",\"Pobo\u017cno\u015b\u0107 maryjna\",\"Premium\"],\"articleSection\":[\"Liturgia i liturgika\",\"Rozwa\u017cania majowe\"],\"inLanguage\":\"en-US\",\"potentialAction\":[{\"@type\":\"CommentAction\",\"name\":\"Comment\",\"target\":[\"https:\\\/\\\/wobronietradycjiiwiary.com\\\/rozmyslania-na-kazdy-dzien-maja-dzien-25\\\/#respond\"]}]},{\"@type\":\"WebPage\",\"@id\":\"https:\\\/\\\/wobronietradycjiiwiary.com\\\/rozmyslania-na-kazdy-dzien-maja-dzien-25\\\/\",\"url\":\"https:\\\/\\\/wobronietradycjiiwiary.com\\\/rozmyslania-na-kazdy-dzien-maja-dzien-25\\\/\",\"name\":\"Rozmy\u015blania na ka\u017cdy dzie\u0144 maja \u2013 DZIE\u0143 25 - Tradycja i Wiara\",\"isPartOf\":{\"@id\":\"https:\\\/\\\/wobronietradycjiiwiary.com\\\/pl\\\/#website\"},\"primaryImageOfPage\":{\"@id\":\"https:\\\/\\\/wobronietradycjiiwiary.com\\\/rozmyslania-na-kazdy-dzien-maja-dzien-25\\\/#primaryimage\"},\"image\":{\"@id\":\"https:\\\/\\\/wobronietradycjiiwiary.com\\\/rozmyslania-na-kazdy-dzien-maja-dzien-25\\\/#primaryimage\"},\"thumbnailUrl\":\"https:\\\/\\\/wobronietradycjiiwiary.com\\\/wp-content\\\/uploads\\\/2024\\\/05\\\/Madonna-and-Child-401x500-1.jpg\",\"datePublished\":\"2018-05-25T04:00:43+00:00\",\"dateModified\":\"2025-05-31T19:51:09+00:00\",\"breadcrumb\":{\"@id\":\"https:\\\/\\\/wobronietradycjiiwiary.com\\\/rozmyslania-na-kazdy-dzien-maja-dzien-25\\\/#breadcrumb\"},\"inLanguage\":\"en-US\",\"potentialAction\":[{\"@type\":\"ReadAction\",\"target\":[\"https:\\\/\\\/wobronietradycjiiwiary.com\\\/rozmyslania-na-kazdy-dzien-maja-dzien-25\\\/\"]}]},{\"@type\":\"ImageObject\",\"inLanguage\":\"en-US\",\"@id\":\"https:\\\/\\\/wobronietradycjiiwiary.com\\\/rozmyslania-na-kazdy-dzien-maja-dzien-25\\\/#primaryimage\",\"url\":\"https:\\\/\\\/wobronietradycjiiwiary.com\\\/wp-content\\\/uploads\\\/2024\\\/05\\\/Madonna-and-Child-401x500-1.jpg\",\"contentUrl\":\"https:\\\/\\\/wobronietradycjiiwiary.com\\\/wp-content\\\/uploads\\\/2024\\\/05\\\/Madonna-and-Child-401x500-1.jpg\",\"width\":401,\"height\":500},{\"@type\":\"BreadcrumbList\",\"@id\":\"https:\\\/\\\/wobronietradycjiiwiary.com\\\/rozmyslania-na-kazdy-dzien-maja-dzien-25\\\/#breadcrumb\",\"itemListElement\":[{\"@type\":\"ListItem\",\"position\":1,\"name\":\"Strona g\u0142\u00f3wna\",\"item\":\"https:\\\/\\\/wobronietradycjiiwiary.com\\\/\"},{\"@type\":\"ListItem\",\"position\":2,\"name\":\"Rozmy\u015blania na ka\u017cdy dzie\u0144 maja \u2013 DZIE\u0143 25\"}]},{\"@type\":\"WebSite\",\"@id\":\"https:\\\/\\\/wobronietradycjiiwiary.com\\\/pl\\\/#website\",\"url\":\"https:\\\/\\\/wobronietradycjiiwiary.com\\\/pl\\\/\",\"name\":\"Tradycja i Wiara\",\"description\":\"Portal dla katolik\u00f3w.\",\"publisher\":{\"@id\":\"https:\\\/\\\/wobronietradycjiiwiary.com\\\/pl\\\/#organization\"},\"potentialAction\":[{\"@type\":\"SearchAction\",\"target\":{\"@type\":\"EntryPoint\",\"urlTemplate\":\"https:\\\/\\\/wobronietradycjiiwiary.com\\\/pl\\\/?s={search_term_string}\"},\"query-input\":{\"@type\":\"PropertyValueSpecification\",\"valueRequired\":true,\"valueName\":\"search_term_string\"}}],\"inLanguage\":\"en-US\"},{\"@type\":\"Organization\",\"@id\":\"https:\\\/\\\/wobronietradycjiiwiary.com\\\/pl\\\/#organization\",\"name\":\"Tradycja i Wiara\",\"url\":\"https:\\\/\\\/wobronietradycjiiwiary.com\\\/pl\\\/\",\"logo\":{\"@type\":\"ImageObject\",\"inLanguage\":\"en-US\",\"@id\":\"https:\\\/\\\/wobronietradycjiiwiary.com\\\/pl\\\/#\\\/schema\\\/logo\\\/image\\\/\",\"url\":\"https:\\\/\\\/i0.wp.com\\\/wobronietradycjiiwiary.com\\\/wp-content\\\/uploads\\\/2015\\\/10\\\/cropped-st-peters-dome-vatican.jpg?fit=940%2C198&ssl=1\",\"contentUrl\":\"https:\\\/\\\/i0.wp.com\\\/wobronietradycjiiwiary.com\\\/wp-content\\\/uploads\\\/2015\\\/10\\\/cropped-st-peters-dome-vatican.jpg?fit=940%2C198&ssl=1\",\"width\":940,\"height\":198,\"caption\":\"Tradycja i Wiara\"},\"image\":{\"@id\":\"https:\\\/\\\/wobronietradycjiiwiary.com\\\/pl\\\/#\\\/schema\\\/logo\\\/image\\\/\"},\"sameAs\":[\"https:\\\/\\\/www.facebook.com\\\/Tradycja-i-Wiara-108813920592249\"]},{\"@type\":\"Person\",\"@id\":\"https:\\\/\\\/wobronietradycjiiwiary.com\\\/pl\\\/#\\\/schema\\\/person\\\/595d3fb6f55eae9326175d092b63d851\",\"name\":\"mariuszjerzy\",\"url\":\"https:\\\/\\\/wobronietradycjiiwiary.com\\\/en\\\/author\\\/mariuszjerzy\\\/\"}]}<\/script>\n<!-- \/ Yoast SEO plugin. -->","yoast_head_json":{"title":"Rozmy\u015blania na ka\u017cdy dzie\u0144 maja \u2013 DZIE\u0143 25 - Tradycja i Wiara","robots":{"index":"index","follow":"follow","max-snippet":"max-snippet:-1","max-image-preview":"max-image-preview:large","max-video-preview":"max-video-preview:-1"},"canonical":"https:\/\/wobronietradycjiiwiary.com\/en\/rozmyslania-na-kazdy-dzien-maja-dzien-25\/","og_locale":"en_US","og_type":"article","og_title":"Rozmy\u015blania na ka\u017cdy dzie\u0144 maja \u2013 DZIE\u0143 25 - Tradycja i Wiara","og_description":"&#8220;M\u0105dro\u015b\u0107 prowadz\u0105ca do mi\u0142o\u015bci&#8221; I. Zrozumie\u0107 i ukocha\u0107, to podobno ca\u0142a zagadka \u017cycia \u2013 i ca\u0142e zadanie wieczno\u015bci i to jest ta m\u0105dro\u015b\u0107, o kt\u00f3rej m\u00f3wi M\u0119drzec Pa\u0144ski; &#8220;M\u0105dro\u015b\u0107 zbudowa\u0142a sobie przybytek&#8221;. Szcz\u0119\u015bliwy ten, komu \u017cycie wystarczy na budow\u0119 tego przybytku, kto nie zmarnowa\u0142 czasu bez pracy nad t\u0105 budow\u0105. M\u0105dry mi\u0142uj\u0105cy, to z pewno\u015bci\u0105 [&hellip;]","og_url":"https:\/\/wobronietradycjiiwiary.com\/en\/rozmyslania-na-kazdy-dzien-maja-dzien-25\/","og_site_name":"Tradycja i Wiara","article_publisher":"https:\/\/www.facebook.com\/Tradycja-i-Wiara-108813920592249","article_published_time":"2018-05-25T04:00:43+00:00","article_modified_time":"2025-05-31T19:51:09+00:00","og_image":[{"width":401,"height":500,"url":"https:\/\/wobronietradycjiiwiary.com\/wp-content\/uploads\/2024\/05\/Madonna-and-Child-401x500-1.jpg","type":"image\/jpeg"}],"author":"mariuszjerzy","twitter_card":"summary_large_image","twitter_misc":{"Written by":"mariuszjerzy","Est. reading time":"6 minutes"},"schema":{"@context":"https:\/\/schema.org","@graph":[{"@type":"Article","@id":"https:\/\/wobronietradycjiiwiary.com\/rozmyslania-na-kazdy-dzien-maja-dzien-25\/#article","isPartOf":{"@id":"https:\/\/wobronietradycjiiwiary.com\/rozmyslania-na-kazdy-dzien-maja-dzien-25\/"},"author":{"name":"mariuszjerzy","@id":"https:\/\/wobronietradycjiiwiary.com\/pl\/#\/schema\/person\/595d3fb6f55eae9326175d092b63d851"},"headline":"Rozmy\u015blania na ka\u017cdy dzie\u0144 maja \u2013 DZIE\u0143 25","datePublished":"2018-05-25T04:00:43+00:00","dateModified":"2025-05-31T19:51:09+00:00","mainEntityOfPage":{"@id":"https:\/\/wobronietradycjiiwiary.com\/rozmyslania-na-kazdy-dzien-maja-dzien-25\/"},"wordCount":910,"commentCount":0,"publisher":{"@id":"https:\/\/wobronietradycjiiwiary.com\/pl\/#organization"},"image":{"@id":"https:\/\/wobronietradycjiiwiary.com\/rozmyslania-na-kazdy-dzien-maja-dzien-25\/#primaryimage"},"thumbnailUrl":"https:\/\/wobronietradycjiiwiary.com\/wp-content\/uploads\/2024\/05\/Madonna-and-Child-401x500-1.jpg","keywords":["Maryja","Pobo\u017cno\u015b\u0107 maryjna","Premium"],"articleSection":["Liturgia i liturgika","Rozwa\u017cania majowe"],"inLanguage":"en-US","potentialAction":[{"@type":"CommentAction","name":"Comment","target":["https:\/\/wobronietradycjiiwiary.com\/rozmyslania-na-kazdy-dzien-maja-dzien-25\/#respond"]}]},{"@type":"WebPage","@id":"https:\/\/wobronietradycjiiwiary.com\/rozmyslania-na-kazdy-dzien-maja-dzien-25\/","url":"https:\/\/wobronietradycjiiwiary.com\/rozmyslania-na-kazdy-dzien-maja-dzien-25\/","name":"Rozmy\u015blania na ka\u017cdy dzie\u0144 maja \u2013 DZIE\u0143 25 - Tradycja i Wiara","isPartOf":{"@id":"https:\/\/wobronietradycjiiwiary.com\/pl\/#website"},"primaryImageOfPage":{"@id":"https:\/\/wobronietradycjiiwiary.com\/rozmyslania-na-kazdy-dzien-maja-dzien-25\/#primaryimage"},"image":{"@id":"https:\/\/wobronietradycjiiwiary.com\/rozmyslania-na-kazdy-dzien-maja-dzien-25\/#primaryimage"},"thumbnailUrl":"https:\/\/wobronietradycjiiwiary.com\/wp-content\/uploads\/2024\/05\/Madonna-and-Child-401x500-1.jpg","datePublished":"2018-05-25T04:00:43+00:00","dateModified":"2025-05-31T19:51:09+00:00","breadcrumb":{"@id":"https:\/\/wobronietradycjiiwiary.com\/rozmyslania-na-kazdy-dzien-maja-dzien-25\/#breadcrumb"},"inLanguage":"en-US","potentialAction":[{"@type":"ReadAction","target":["https:\/\/wobronietradycjiiwiary.com\/rozmyslania-na-kazdy-dzien-maja-dzien-25\/"]}]},{"@type":"ImageObject","inLanguage":"en-US","@id":"https:\/\/wobronietradycjiiwiary.com\/rozmyslania-na-kazdy-dzien-maja-dzien-25\/#primaryimage","url":"https:\/\/wobronietradycjiiwiary.com\/wp-content\/uploads\/2024\/05\/Madonna-and-Child-401x500-1.jpg","contentUrl":"https:\/\/wobronietradycjiiwiary.com\/wp-content\/uploads\/2024\/05\/Madonna-and-Child-401x500-1.jpg","width":401,"height":500},{"@type":"BreadcrumbList","@id":"https:\/\/wobronietradycjiiwiary.com\/rozmyslania-na-kazdy-dzien-maja-dzien-25\/#breadcrumb","itemListElement":[{"@type":"ListItem","position":1,"name":"Strona g\u0142\u00f3wna","item":"https:\/\/wobronietradycjiiwiary.com\/"},{"@type":"ListItem","position":2,"name":"Rozmy\u015blania na ka\u017cdy dzie\u0144 maja \u2013 DZIE\u0143 25"}]},{"@type":"WebSite","@id":"https:\/\/wobronietradycjiiwiary.com\/pl\/#website","url":"https:\/\/wobronietradycjiiwiary.com\/pl\/","name":"Tradycja i Wiara","description":"Portal dla katolik\u00f3w.","publisher":{"@id":"https:\/\/wobronietradycjiiwiary.com\/pl\/#organization"},"potentialAction":[{"@type":"SearchAction","target":{"@type":"EntryPoint","urlTemplate":"https:\/\/wobronietradycjiiwiary.com\/pl\/?s={search_term_string}"},"query-input":{"@type":"PropertyValueSpecification","valueRequired":true,"valueName":"search_term_string"}}],"inLanguage":"en-US"},{"@type":"Organization","@id":"https:\/\/wobronietradycjiiwiary.com\/pl\/#organization","name":"Tradycja i Wiara","url":"https:\/\/wobronietradycjiiwiary.com\/pl\/","logo":{"@type":"ImageObject","inLanguage":"en-US","@id":"https:\/\/wobronietradycjiiwiary.com\/pl\/#\/schema\/logo\/image\/","url":"https:\/\/i0.wp.com\/wobronietradycjiiwiary.com\/wp-content\/uploads\/2015\/10\/cropped-st-peters-dome-vatican.jpg?fit=940%2C198&ssl=1","contentUrl":"https:\/\/i0.wp.com\/wobronietradycjiiwiary.com\/wp-content\/uploads\/2015\/10\/cropped-st-peters-dome-vatican.jpg?fit=940%2C198&ssl=1","width":940,"height":198,"caption":"Tradycja i Wiara"},"image":{"@id":"https:\/\/wobronietradycjiiwiary.com\/pl\/#\/schema\/logo\/image\/"},"sameAs":["https:\/\/www.facebook.com\/Tradycja-i-Wiara-108813920592249"]},{"@type":"Person","@id":"https:\/\/wobronietradycjiiwiary.com\/pl\/#\/schema\/person\/595d3fb6f55eae9326175d092b63d851","name":"mariuszjerzy","url":"https:\/\/wobronietradycjiiwiary.com\/en\/author\/mariuszjerzy\/"}]}},"jetpack_publicize_connections":[],"jetpack_sharing_enabled":true,"jetpack_likes_enabled":true,"jetpack_shortlink":"https:\/\/wp.me\/pc04Sd-5Ms","jetpack-related-posts":[{"id":68306,"url":"https:\/\/wobronietradycjiiwiary.com\/en\/rozmyslania-na-kazdy-dzien-maja-dzien-25-2\/","url_meta":{"origin":22224,"position":0},"title":"Rozmy\u015blania na ka\u017cdy dzie\u0144 maja \u2013 DZIE\u0143 25","author":"mariuszjerzy","date":"25 May 2022","format":false,"excerpt":"\"M\u0105dro\u015b\u0107 prowadz\u0105ca do mi\u0142o\u015bci\" I. Zrozumie\u0107 i ukocha\u0107, to podobno ca\u0142a zagadka \u017cycia \u2013 i ca\u0142e zadanie wieczno\u015bci i to jest ta m\u0105dro\u015b\u0107, o kt\u00f3rej m\u00f3wi M\u0119drzec Pa\u0144ski; \"M\u0105dro\u015b\u0107 zbudowa\u0142a sobie przybytek\". Szcz\u0119\u015bliwy ten, komu \u017cycie wystarczy na budow\u0119 tego przybytku, kto nie zmarnowa\u0142 czasu bez pracy nad t\u0105 budow\u0105.\u2026","rel":"","context":"In &quot;Liturgia i liturgika&quot;","block_context":{"text":"Liturgia i liturgika","link":"https:\/\/wobronietradycjiiwiary.com\/en\/category\/duchowosc\/liturgia-i-liturgika\/"},"img":{"alt_text":"","src":"https:\/\/i0.wp.com\/wobronietradycjiiwiary.com\/wp-content\/uploads\/2024\/05\/Madonna-and-Child-401x500-1.jpg?resize=350%2C200&ssl=1","width":350,"height":200},"classes":[]},{"id":116508,"url":"https:\/\/wobronietradycjiiwiary.com\/en\/rozmyslania-na-kazdy-dzien-maja-dzien-25-2-2\/","url_meta":{"origin":22224,"position":1},"title":"Rozmy\u015blania na ka\u017cdy dzie\u0144 maja \u2013 DZIE\u0143 25","author":"mariuszjerzy","date":"25 May 2024","format":false,"excerpt":"\"M\u0105dro\u015b\u0107 prowadz\u0105ca do mi\u0142o\u015bci\" I. Zrozumie\u0107 i ukocha\u0107, to podobno ca\u0142a zagadka \u017cycia \u2013 i ca\u0142e zadanie wieczno\u015bci i to jest ta m\u0105dro\u015b\u0107, o kt\u00f3rej m\u00f3wi M\u0119drzec Pa\u0144ski; \"M\u0105dro\u015b\u0107 zbudowa\u0142a sobie przybytek\". Szcz\u0119\u015bliwy ten, komu \u017cycie wystarczy na budow\u0119 tego przybytku, kto nie zmarnowa\u0142 czasu bez pracy nad t\u0105 budow\u0105.\u2026","rel":"","context":"In &quot;Duchowo\u015b\u0107&quot;","block_context":{"text":"Duchowo\u015b\u0107","link":"https:\/\/wobronietradycjiiwiary.com\/en\/category\/duchowosc\/"},"img":{"alt_text":"","src":"https:\/\/i0.wp.com\/wobronietradycjiiwiary.com\/wp-content\/uploads\/2024\/05\/Madonna-and-Child-401x500-1.jpg?resize=350%2C200&ssl=1","width":350,"height":200},"classes":[]},{"id":140797,"url":"https:\/\/wobronietradycjiiwiary.com\/en\/rozmyslania-na-kazdy-dzien-maja-dzien-25-2-2-2\/","url_meta":{"origin":22224,"position":2},"title":"Rozmy\u015blania na ka\u017cdy dzie\u0144 maja \u2013 DZIE\u0143 25","author":"mariuszjerzy","date":"25 May 2025","format":false,"excerpt":"\"M\u0105dro\u015b\u0107 prowadz\u0105ca do mi\u0142o\u015bci\" I. Zrozumie\u0107 i ukocha\u0107, to podobno ca\u0142a zagadka \u017cycia \u2013 i ca\u0142e zadanie wieczno\u015bci i to jest ta m\u0105dro\u015b\u0107, o kt\u00f3rej m\u00f3wi M\u0119drzec Pa\u0144ski; \"M\u0105dro\u015b\u0107 zbudowa\u0142a sobie przybytek\". Szcz\u0119\u015bliwy ten, komu \u017cycie wystarczy na budow\u0119 tego przybytku, kto nie zmarnowa\u0142 czasu bez pracy nad t\u0105 budow\u0105.\u2026","rel":"","context":"In &quot;Duchowo\u015b\u0107&quot;","block_context":{"text":"Duchowo\u015b\u0107","link":"https:\/\/wobronietradycjiiwiary.com\/en\/category\/duchowosc\/"},"img":{"alt_text":"","src":"https:\/\/i0.wp.com\/wobronietradycjiiwiary.com\/wp-content\/uploads\/2024\/05\/Madonna-and-Child-401x500-1.jpg?resize=350%2C200&ssl=1","width":350,"height":200},"classes":[]},{"id":25599,"url":"https:\/\/wobronietradycjiiwiary.com\/en\/traktat-o-bogu-o-przymiotach-bozych-14-z-18\/","url_meta":{"origin":22224,"position":3},"title":"Tylka, Traktat o Bogu: O przymiotach Bo\u017cych &#8211; (14 z 18)","author":"HieronimB","date":"1 April 2020","format":false,"excerpt":"I. Traktat O Bogu Rozdzia\u0142 III \u2013 O przymiotach Bo\u017cych DZIA\u0141 4.\u00a0O PRZYMIOTACH BOSKICH MORALNYCH Dot\u0105d m\u00f3wili\u015bmy o przymiotach nale\u017c\u0105cych do istoty Bo\u017cej. Obecnie mamy m\u00f3wi\u0107 o Jego przymiotach \u201emoralnych\u201d, czyli o tych, kt\u00f3re mo\u017cna by nazwa\u0107 inaczej Jego cnotami, a wi\u0119c o Jego m\u0105dro\u015bci, \u015bwi\u0119to\u015bci, sprawiedliwo\u015bci itd. Artyku\u0142 I.\u2026","rel":"","context":"In &quot;Przymioty Bo\u017ce&quot;","block_context":{"text":"Przymioty Bo\u017ce","link":"https:\/\/wobronietradycjiiwiary.com\/en\/category\/doktryna\/teologia-dogmatyczna\/przymioty-boze\/"},"img":{"alt_text":"","src":"https:\/\/i0.wp.com\/wobronietradycjiiwiary.com\/wp-content\/uploads\/2019\/08\/tylka2.jpg?resize=350%2C200&ssl=1","width":350,"height":200,"srcset":"https:\/\/i0.wp.com\/wobronietradycjiiwiary.com\/wp-content\/uploads\/2019\/08\/tylka2.jpg?resize=350%2C200&ssl=1 1x, https:\/\/i0.wp.com\/wobronietradycjiiwiary.com\/wp-content\/uploads\/2019\/08\/tylka2.jpg?resize=525%2C300&ssl=1 1.5x"},"classes":[]},{"id":22164,"url":"https:\/\/wobronietradycjiiwiary.com\/en\/wawrzyniec-scupoli-walka-duchowa-rozdzial-003\/","url_meta":{"origin":22224,"position":4},"title":"Wawrzyniec Scupoli &#8211; Walka Duchowa &#8211; Rozdzia\u0142 003","author":"mariuszjerzy","date":"16 April 2018","format":false,"excerpt":"https:\/\/www.youtube.com\/watch?v=EovWmc_1kCI Rozdzia\u0142 III Zaufanie do Boga Cho\u0107 w tej bitwie, jak powiedzia\u0142em, nieufno\u015b\u0107 wobec siebie jest niezb\u0119dna, to je\u015bli nie b\u0119dziemy mieli \u017cadnej innej broni \u2014 albo rzucimy si\u0119 do ucieczki, albo nieprzyjaciel pokona nas i zwyci\u0119\u017cy. Dlatego opr\u00f3cz niej potrzeba nam tak\u017ce bezgranicznego zaufania do Boga. W Nim winni\u015bmy\u2026","rel":"","context":"In &quot;Wawrzyniec Scupoli&quot;","block_context":{"text":"Wawrzyniec Scupoli","link":"https:\/\/wobronietradycjiiwiary.com\/en\/category\/duchowosc\/autorzy\/wawrzyniec-scupoli\/"},"img":{"alt_text":"","src":"https:\/\/i0.wp.com\/img.youtube.com\/vi\/EovWmc_1kCI\/0.jpg?resize=350%2C200","width":350,"height":200},"classes":[]},{"id":25412,"url":"https:\/\/wobronietradycjiiwiary.com\/en\/czy-mozna-modlic-sie-wstecz-nie-mozna-3-z-3\/","url_meta":{"origin":22224,"position":5},"title":"Czy mo\u017cna \u201emodli\u0107 si\u0119 wstecz\u201d? Nie mo\u017cna. (3 z 3)","author":"Traditio et Fides","date":"11 December 2019","format":false,"excerpt":"B\u00f3g sam ograniczy\u0142 sw\u0105 wszechmoc Teologia twierdzi, i\u017c B\u00f3g w pewien spos\u00f3b sam ograniczy\u0142 swoj\u0105 wszechmoc decyduj\u0105c si\u0119 na ten, a nie inny porz\u0105dek \u015bwiata oraz dopuszczaj\u0105c woln\u0105 wol\u0119 anio\u0142\u00f3w i ludzi. St\u0105d m\u00f3wi si\u0119, i\u017c w obecnym porz\u0105dku \u015bwiata B\u00f3g mo\u017ce, \u00a0to, co mo\u017ce za po\u015brednictwem\u00a0potentia ordinata\u00a0(lub\u00a0ordinaria) \u2013 \u201epot\u0119gi\u2026","rel":"","context":"In &quot;Traktat o przymiotach Bo\u017cych&quot;","block_context":{"text":"Traktat o przymiotach Bo\u017cych","link":"https:\/\/wobronietradycjiiwiary.com\/en\/category\/doktryna\/teologia-dogmatyczna\/traktat-o-przymiotach-bozych-2\/"},"img":{"alt_text":"","src":"https:\/\/i0.wp.com\/wobronietradycjiiwiary.com\/wp-content\/uploads\/2019\/11\/35047125861_35084b29b2_o-e1600892983626.jpg?resize=350%2C200&ssl=1","width":350,"height":200,"srcset":"https:\/\/i0.wp.com\/wobronietradycjiiwiary.com\/wp-content\/uploads\/2019\/11\/35047125861_35084b29b2_o-e1600892983626.jpg?resize=350%2C200&ssl=1 1x, https:\/\/i0.wp.com\/wobronietradycjiiwiary.com\/wp-content\/uploads\/2019\/11\/35047125861_35084b29b2_o-e1600892983626.jpg?resize=525%2C300&ssl=1 1.5x, https:\/\/i0.wp.com\/wobronietradycjiiwiary.com\/wp-content\/uploads\/2019\/11\/35047125861_35084b29b2_o-e1600892983626.jpg?resize=700%2C400&ssl=1 2x"},"classes":[]}],"amp_enabled":true,"jetpack_featured_media_url":"https:\/\/wobronietradycjiiwiary.com\/wp-content\/uploads\/2024\/05\/Madonna-and-Child-401x500-1.jpg","_links":{"self":[{"href":"https:\/\/wobronietradycjiiwiary.com\/en\/wp-json\/wp\/v2\/posts\/22224","targetHints":{"allow":["GET"]}}],"collection":[{"href":"https:\/\/wobronietradycjiiwiary.com\/en\/wp-json\/wp\/v2\/posts"}],"about":[{"href":"https:\/\/wobronietradycjiiwiary.com\/en\/wp-json\/wp\/v2\/types\/post"}],"author":[{"embeddable":true,"href":"https:\/\/wobronietradycjiiwiary.com\/en\/wp-json\/wp\/v2\/users\/119394841"}],"replies":[{"embeddable":true,"href":"https:\/\/wobronietradycjiiwiary.com\/en\/wp-json\/wp\/v2\/comments?post=22224"}],"version-history":[{"count":2,"href":"https:\/\/wobronietradycjiiwiary.com\/en\/wp-json\/wp\/v2\/posts\/22224\/revisions"}],"predecessor-version":[{"id":144128,"href":"https:\/\/wobronietradycjiiwiary.com\/en\/wp-json\/wp\/v2\/posts\/22224\/revisions\/144128"}],"wp:featuredmedia":[{"embeddable":true,"href":"https:\/\/wobronietradycjiiwiary.com\/en\/wp-json\/wp\/v2\/media\/116637"}],"wp:attachment":[{"href":"https:\/\/wobronietradycjiiwiary.com\/en\/wp-json\/wp\/v2\/media?parent=22224"}],"wp:term":[{"taxonomy":"category","embeddable":true,"href":"https:\/\/wobronietradycjiiwiary.com\/en\/wp-json\/wp\/v2\/categories?post=22224"},{"taxonomy":"post_tag","embeddable":true,"href":"https:\/\/wobronietradycjiiwiary.com\/en\/wp-json\/wp\/v2\/tags?post=22224"}],"curies":[{"name":"wp","href":"https:\/\/api.w.org\/{rel}","templated":true}]}}