{"id":21702,"date":"2019-10-26T19:00:57","date_gmt":"2019-10-26T17:00:57","guid":{"rendered":"https:\/\/wobronietradycjiiwiaryblog.wordpress.com\/?p=21702"},"modified":"2025-02-07T16:00:59","modified_gmt":"2025-02-07T15:00:59","slug":"proprium-missae-xx-niedziela-po-zeslaniu-ducha-swietego-dominica-xx-post-pentecosten-2","status":"publish","type":"post","link":"https:\/\/wobronietradycjiiwiary.com\/en\/proprium-missae-xx-niedziela-po-zeslaniu-ducha-swietego-dominica-xx-post-pentecosten-2\/","title":{"rendered":"Proprium missae &#8211; XX Niedziela po Zes\u0142aniu Ducha \u015awi\u0119tego &#8211; Dominica XX post Pentecosten"},"content":{"rendered":"<div id=\"bsf_rt_marker\"><\/div><p><\/p>\n<p><span class=\"embed-youtube\" style=\"text-align:center; display: block;\"><iframe class=\"youtube-player\" width=\"580\" height=\"327\" src=\"https:\/\/www.youtube.com\/embed\/YxrP1V6Yr8E?version=3&#038;rel=1&#038;showsearch=0&#038;showinfo=1&#038;iv_load_policy=1&#038;fs=1&#038;hl=en-US&#038;autohide=2&#038;wmode=transparent\" allowfullscreen=\"true\" style=\"border:0;\" sandbox=\"allow-scripts allow-same-origin allow-popups allow-presentation allow-popups-to-escape-sandbox\"><\/iframe><\/span><\/p>\n<table>\n<tbody>\n<tr>\n<td colspan=\"2\" width=\"614\"><strong><em>INTROITUS<\/em><\/strong><\/td>\n<\/tr>\n<tr>\n<td width=\"307\"><em>Dan 3:31; 31:29; 31:35<\/em><br>\n<strong><em>O<\/em><\/strong>mnia, qu\u00e6 fec\u00edsti nobis, D\u00f3mine, in vero iud\u00edcio fec\u00edsti, quia pecc\u00e1vimus tibi et mand\u00e1tis tuis non oboed\u00edvimus: sed da gl\u00f3riam n\u00f3mini tuo, et fac nob\u00edscum sec\u00fandum multit\u00fadinem miseric\u00f3rdi\u00e6 tu\u00e6.<em>Ps 118:1<\/em><br>\nBe\u00e1ti immacul\u00e1ti in via: qui \u00e1mbulant in lege D\u00f3mini.<br>\n<em>V.<\/em> Gl\u00f3ria Patri, et F\u00edlio, et Spir\u00edtui Sancto.<br>\n<em>R.<\/em> Sicut erat in princ\u00edpio, et nunc, et semper, et in saecula saecul\u00f3rum. Amen<em>Dan 3:31; 31:29; 31:35<\/em><br>\n<strong><em>O<\/em><\/strong>mnia, qu\u00e6 fec\u00edsti nobis, D\u00f3mine, in vero iud\u00edcio fec\u00edsti, quia pecc\u00e1vimus tibi et mand\u00e1tis tuis non oboed\u00edvimus: sed da gl\u00f3riam n\u00f3mini tuo, et fac nob\u00edscum sec\u00fandum multit\u00fadinem miseric\u00f3rdi\u00e6 tu\u00e6.<\/td>\n<td width=\"307\"><em>Dn 3:31; 31:29; 31:35<\/em><br>\n<strong><em>W<\/em><\/strong>szystko, co\u015b na nas dopu\u015bci\u0142, Panie, wed\u0142ug sprawiedliwego wyroku nas spotka\u0142o, bo\u015bmy zgrzeszyli przeciwko Tobie i przykaza\u0144 Twoich nie strzegli\u015bmy. Lecz zechciej ws\u0142awi\u0107 Twe Imi\u0119 i post\u0105p z nami wedle niezmierzonej dobroci Twojej.<br>\n<em>Ps 118:1<\/em><br>\nB\u0142ogos\u0142awieni, kt\u00f3rych \u017cycie bez skazy: kt\u00f3rzy wed\u0142ug Pa\u0144skiego prawa post\u0119puj\u0105.<br>\n<em>V.<\/em> Chwa\u0142a Ojcu, i Synowi i Duchowi \u015awi\u0119temu.<br>\n<em>R.<\/em> Jak by\u0142a na pocz\u0105tku, teraz i zawsze i na wieki wiek\u00f3w. Amen.<br>\n<em>Dn 3:31; 31:29; 31:35<\/em><br>\n<strong><em>W<\/em><\/strong>szystko, co\u015b na nas dopu\u015bci\u0142, Panie, wed\u0142ug sprawiedliwego wyroku nas spotka\u0142o, bo\u015bmy zgrzeszyli przeciwko Tobie i przykaza\u0144 Twoich nie strzegli\u015bmy. Lecz zechciej ws\u0142awi\u0107 Twe Imi\u0119 i post\u0105p z nami wedle niezmierzonej dobroci Twojej.<\/td>\n<\/tr>\n<\/tbody>\n<\/table>\n<p><\/p>\n<p><span class=\"embed-youtube\" style=\"text-align:center; display: block;\"><iframe class=\"youtube-player\" width=\"580\" height=\"327\" src=\"https:\/\/www.youtube.com\/embed\/o_DA7PQZHRo?version=3&#038;rel=1&#038;showsearch=0&#038;showinfo=1&#038;iv_load_policy=1&#038;fs=1&#038;hl=en-US&#038;autohide=2&#038;wmode=transparent\" allowfullscreen=\"true\" style=\"border:0;\" sandbox=\"allow-scripts allow-same-origin allow-popups allow-presentation allow-popups-to-escape-sandbox\"><\/iframe><\/span><\/p>\n<table>\n<tbody>\n<tr>\n<td colspan=\"2\" width=\"614\"><strong><em>GRADUALE<\/em><\/strong><\/td>\n<\/tr>\n<tr>\n<td width=\"307\"><em>Ps 144:15-16<\/em><br>\nOculi \u00f3mnium in te sperant, D\u00f3mine: et tu das illis escam in t\u00e9mpore opport\u00fano.<br>\n<em>V.<\/em> Aperis tu manum tuam: et imples omne \u00e1nimal benedicti\u00f3ne.<\/td>\n<td width=\"307\"><em>Ps 144:15-16<\/em><br>\nOczy wszystkich z ufno\u015bci\u0105 patrz\u0105 na Ciebie, Panie: Ty dajesz im pokarm we w\u0142a\u015bciwej porze.<br>\n<em>V.<\/em> Otwierasz r\u0119k\u0119 swoj\u0105 i b\u0142ogos\u0142awie\u0144stwem nape\u0142niasz wszystko co \u017cyje.<\/td>\n<\/tr>\n<\/tbody>\n<\/table>\n<p><\/p>\n<p><span class=\"embed-youtube\" style=\"text-align:center; display: block;\"><iframe class=\"youtube-player\" width=\"580\" height=\"327\" src=\"https:\/\/www.youtube.com\/embed\/GkobHRPQ-Wo?version=3&#038;rel=1&#038;showsearch=0&#038;showinfo=1&#038;iv_load_policy=1&#038;fs=1&#038;hl=en-US&#038;autohide=2&#038;wmode=transparent\" allowfullscreen=\"true\" style=\"border:0;\" sandbox=\"allow-scripts allow-same-origin allow-popups allow-presentation allow-popups-to-escape-sandbox\"><\/iframe><\/span><\/p>\n<table>\n<tbody>\n<tr>\n<td colspan=\"2\" width=\"614\"><strong><em>ALLELUIA<\/em><\/strong><\/td>\n<\/tr>\n<tr>\n<td width=\"307\">Allel\u00faia, allel\u00faia<br>\n<em>Ps 107:2<\/em><br>\nPar\u00e1tum cor meum, Deus, par\u00e1tum cor meum: cant\u00e1bo, et psallam tibi, gl\u00f3ria mea. Allel\u00faia.<\/td>\n<td width=\"307\">Alleluja, alleluja.<br>\n<em>Ps 107:2<\/em><br>\nGotowe serce moje, Bo\u017ce, gotowe serce moje: za\u015bpiewam i zagram Ci psalm, Chwa\u0142o moja.<\/td>\n<\/tr>\n<\/tbody>\n<\/table>\n<p><\/p>\n<p><span class=\"embed-youtube\" style=\"text-align:center; display: block;\"><iframe class=\"youtube-player\" width=\"580\" height=\"327\" src=\"https:\/\/www.youtube.com\/embed\/hP3schFxMQg?version=3&#038;rel=1&#038;showsearch=0&#038;showinfo=1&#038;iv_load_policy=1&#038;fs=1&#038;hl=en-US&#038;autohide=2&#038;wmode=transparent\" allowfullscreen=\"true\" style=\"border:0;\" sandbox=\"allow-scripts allow-same-origin allow-popups allow-presentation allow-popups-to-escape-sandbox\"><\/iframe><\/span><\/p>\n<table>\n<tbody>\n<tr>\n<td colspan=\"2\" width=\"614\"><strong><em>OFFERTORIUM<\/em><\/strong><\/td>\n<\/tr>\n<tr>\n<td width=\"307\"><em>Ps 136:1<\/em><br>\nSuper fl\u00famina Babyl\u00f3nis illic s\u00e9dimus et fl\u00e9vimus: dum recordar\u00e9mur tui, Sion.<\/td>\n<td width=\"307\"><em>Ps 136:1<\/em><br>\nNad rzekami Babilonu siedzieli\u015bmy i p\u0142akali\u015bmy, gdy wspominali\u015bmy Ciebie, Syjonie.<\/td>\n<\/tr>\n<\/tbody>\n<\/table>\n<p><\/p>\n<p><span class=\"embed-youtube\" style=\"text-align:center; display: block;\"><iframe class=\"youtube-player\" width=\"580\" height=\"327\" src=\"https:\/\/www.youtube.com\/embed\/t1f0spZA6Dc?version=3&#038;rel=1&#038;showsearch=0&#038;showinfo=1&#038;iv_load_policy=1&#038;fs=1&#038;hl=en-US&#038;autohide=2&#038;wmode=transparent\" allowfullscreen=\"true\" style=\"border:0;\" sandbox=\"allow-scripts allow-same-origin allow-popups allow-presentation allow-popups-to-escape-sandbox\"><\/iframe><\/span><\/p>\n<table>\n<tbody>\n<tr>\n<td colspan=\"2\" width=\"614\"><strong><em>COMMUNIO<\/em><\/strong><\/td>\n<\/tr>\n<tr>\n<td width=\"307\"><em>Ps 118:49-50<\/em><br>\nMem\u00e9nto verbi tui servo tuo, D\u00f3mine, in quo mihi spem ded\u00edsti: h\u00e6c me consol\u00e1ta est in humilit\u00e1te mea.<\/td>\n<td width=\"307\"><em>Ps 118:49-50<\/em><br>\nPomnij na obietnic\u0119 dan\u0105 s\u0142udze Twemu, Panie, w kt\u00f3r\u0105 kaza\u0142e\u015b mi wierzy\u0107. Ona mnie pociesza w mojej n\u0119dzy.<\/td>\n<\/tr>\n<\/tbody>\n<\/table>\n\n\n<div style=\"height:100px\" aria-hidden=\"true\" class=\"wp-block-spacer\"><\/div>","protected":false},"excerpt":{"rendered":"<p>INTROITUS Dan 3:31; 31:29; 31:35 Omnia, qu\u00e6 fec\u00edsti nobis, D\u00f3mine, in vero iud\u00edcio fec\u00edsti, quia pecc\u00e1vimus tibi et mand\u00e1tis tuis non oboed\u00edvimus: sed da gl\u00f3riam n\u00f3mini tuo, et fac nob\u00edscum sec\u00fandum multit\u00fadinem miseric\u00f3rdi\u00e6 tu\u00e6.Ps 118:1 Be\u00e1ti immacul\u00e1ti in via: qui \u00e1mbulant in lege D\u00f3mini. V. Gl\u00f3ria Patri, et F\u00edlio, et Spir\u00edtui Sancto. R. Sicut erat [&hellip;]<\/p>\n","protected":false},"author":60508433,"featured_media":23170,"comment_status":"open","ping_status":"closed","sticky":false,"template":"","format":"standard","meta":{"_bbp_topic_count":0,"_bbp_reply_count":0,"_bbp_total_topic_count":0,"_bbp_total_reply_count":0,"_bbp_voice_count":0,"_bbp_anonymous_reply_count":0,"_bbp_topic_count_hidden":0,"_bbp_reply_count_hidden":0,"_bbp_forum_subforum_count":0,"_editorskit_title_hidden":false,"_editorskit_reading_time":0,"_editorskit_is_block_options_detached":false,"_editorskit_block_options_position":"{}","_coblocks_attr":"","_coblocks_dimensions":"","_coblocks_responsive_height":"","_coblocks_accordion_ie_support":"","_exactmetrics_skip_tracking":false,"_jetpack_newsletter_access":"","_jetpack_dont_email_post_to_subs":false,"_jetpack_newsletter_tier_id":0,"_jetpack_memberships_contains_paywalled_content":false,"_wpcom_ai_launchpad_first_post":false,"_jetpack_feature_clip_id":0,"_jetpack_memberships_contains_paid_content":false,"footnotes":"","jetpack_publicize_message":"{title}\n\n{excerpt}\n\n{url}","jetpack_publicize_feature_enabled":true,"jetpack_social_post_already_shared":true,"jetpack_social_options":{"image_generator_settings":{"template":"highway","default_image_id":0,"font":"","enabled":false},"version":2},"_wpas_customize_per_network":false,"jetpack_post_was_ever_published":false},"categories":[5647912,20472889],"tags":[1053804,527077037],"class_list":["post-21702","post","type-post","status-publish","format-standard","has-post-thumbnail","hentry","category-msza-trydencka","category-proprium","tag-missa-tridentina","tag-proprium-missae"],"yoast_head":"<!-- This site is optimized with the Yoast SEO plugin v28.4 - https:\/\/yoast.com\/product\/yoast-seo-wordpress\/ -->\n<title>Proprium missae - XX Niedziela po Zes\u0142aniu Ducha \u015awi\u0119tego - Dominica XX post Pentecosten - Tradycja i Wiara<\/title>\n<meta name=\"robots\" content=\"index, follow, max-snippet:-1, max-image-preview:large, max-video-preview:-1\" \/>\n<link rel=\"canonical\" href=\"https:\/\/wobronietradycjiiwiary.com\/en\/proprium-missae-xx-niedziela-po-zeslaniu-ducha-swietego-dominica-xx-post-pentecosten-2\/\" \/>\n<meta property=\"og:locale\" content=\"en_US\" \/>\n<meta property=\"og:type\" content=\"article\" \/>\n<meta property=\"og:title\" content=\"Proprium missae - XX Niedziela po Zes\u0142aniu Ducha \u015awi\u0119tego - Dominica XX post Pentecosten - Tradycja i Wiara\" \/>\n<meta property=\"og:description\" content=\"INTROITUS Dan 3:31; 31:29; 31:35 Omnia, qu\u00e6 fec\u00edsti nobis, D\u00f3mine, in vero iud\u00edcio fec\u00edsti, quia pecc\u00e1vimus tibi et mand\u00e1tis tuis non oboed\u00edvimus: sed da gl\u00f3riam n\u00f3mini tuo, et fac nob\u00edscum sec\u00fandum multit\u00fadinem miseric\u00f3rdi\u00e6 tu\u00e6.Ps 118:1 Be\u00e1ti immacul\u00e1ti in via: qui \u00e1mbulant in lege D\u00f3mini. V. Gl\u00f3ria Patri, et F\u00edlio, et Spir\u00edtui Sancto. R. Sicut erat [&hellip;]\" \/>\n<meta property=\"og:url\" content=\"https:\/\/wobronietradycjiiwiary.com\/en\/proprium-missae-xx-niedziela-po-zeslaniu-ducha-swietego-dominica-xx-post-pentecosten-2\/\" \/>\n<meta property=\"og:site_name\" content=\"Tradycja i Wiara\" \/>\n<meta property=\"article:publisher\" content=\"https:\/\/www.facebook.com\/Tradycja-i-Wiara-108813920592249\" \/>\n<meta property=\"article:published_time\" content=\"2019-10-26T17:00:57+00:00\" \/>\n<meta property=\"article:modified_time\" content=\"2025-02-07T15:00:59+00:00\" \/>\n<meta property=\"og:image\" content=\"https:\/\/i0.wp.com\/wobronietradycjiiwiary.com\/wp-content\/uploads\/2019\/10\/20-Centurions-servant-875-600x438-600x438.jpg?fit=600%2C438&ssl=1\" \/>\n\t<meta property=\"og:image:width\" content=\"600\" \/>\n\t<meta property=\"og:image:height\" content=\"438\" \/>\n\t<meta property=\"og:image:type\" content=\"image\/jpeg\" \/>\n<meta name=\"author\" content=\"Traditio et Fides\" \/>\n<meta name=\"twitter:card\" content=\"summary_large_image\" \/>\n<meta name=\"twitter:label1\" content=\"Written by\" \/>\n\t<meta name=\"twitter:data1\" content=\"Traditio et Fides\" \/>\n\t<meta name=\"twitter:label2\" content=\"Est. reading time\" \/>\n\t<meta name=\"twitter:data2\" content=\"3 minutes\" \/>\n<script type=\"application\/ld+json\" class=\"yoast-schema-graph\">{\"@context\":\"https:\\\/\\\/schema.org\",\"@graph\":[{\"@type\":\"Article\",\"@id\":\"https:\\\/\\\/wobronietradycjiiwiary.com\\\/proprium-missae-xx-niedziela-po-zeslaniu-ducha-swietego-dominica-xx-post-pentecosten-2\\\/#article\",\"isPartOf\":{\"@id\":\"https:\\\/\\\/wobronietradycjiiwiary.com\\\/proprium-missae-xx-niedziela-po-zeslaniu-ducha-swietego-dominica-xx-post-pentecosten-2\\\/\"},\"author\":{\"name\":\"Traditio et Fides\",\"@id\":\"https:\\\/\\\/wobronietradycjiiwiary.com\\\/pl\\\/#\\\/schema\\\/person\\\/2d6180ce6abcb681fef0daab7816e8f3\"},\"headline\":\"Proprium missae &#8211; XX Niedziela po Zes\u0142aniu Ducha \u015awi\u0119tego &#8211; Dominica XX post Pentecosten\",\"datePublished\":\"2019-10-26T17:00:57+00:00\",\"dateModified\":\"2025-02-07T15:00:59+00:00\",\"mainEntityOfPage\":{\"@id\":\"https:\\\/\\\/wobronietradycjiiwiary.com\\\/proprium-missae-xx-niedziela-po-zeslaniu-ducha-swietego-dominica-xx-post-pentecosten-2\\\/\"},\"wordCount\":526,\"commentCount\":0,\"publisher\":{\"@id\":\"https:\\\/\\\/wobronietradycjiiwiary.com\\\/pl\\\/#organization\"},\"image\":{\"@id\":\"https:\\\/\\\/wobronietradycjiiwiary.com\\\/proprium-missae-xx-niedziela-po-zeslaniu-ducha-swietego-dominica-xx-post-pentecosten-2\\\/#primaryimage\"},\"thumbnailUrl\":\"https:\\\/\\\/wobronietradycjiiwiary.com\\\/wp-content\\\/uploads\\\/2019\\\/10\\\/20-Centurions-servant-875-600x438-600x438.jpg\",\"keywords\":[\"Missa Tridentina\",\"Proprium missae\"],\"articleSection\":[\"Msza Trydencka\",\"Proprium\"],\"inLanguage\":\"en-US\",\"potentialAction\":[{\"@type\":\"CommentAction\",\"name\":\"Comment\",\"target\":[\"https:\\\/\\\/wobronietradycjiiwiary.com\\\/proprium-missae-xx-niedziela-po-zeslaniu-ducha-swietego-dominica-xx-post-pentecosten-2\\\/#respond\"]}]},{\"@type\":\"WebPage\",\"@id\":\"https:\\\/\\\/wobronietradycjiiwiary.com\\\/proprium-missae-xx-niedziela-po-zeslaniu-ducha-swietego-dominica-xx-post-pentecosten-2\\\/\",\"url\":\"https:\\\/\\\/wobronietradycjiiwiary.com\\\/proprium-missae-xx-niedziela-po-zeslaniu-ducha-swietego-dominica-xx-post-pentecosten-2\\\/\",\"name\":\"Proprium missae - XX Niedziela po Zes\u0142aniu Ducha \u015awi\u0119tego - Dominica XX post Pentecosten - Tradycja i Wiara\",\"isPartOf\":{\"@id\":\"https:\\\/\\\/wobronietradycjiiwiary.com\\\/pl\\\/#website\"},\"primaryImageOfPage\":{\"@id\":\"https:\\\/\\\/wobronietradycjiiwiary.com\\\/proprium-missae-xx-niedziela-po-zeslaniu-ducha-swietego-dominica-xx-post-pentecosten-2\\\/#primaryimage\"},\"image\":{\"@id\":\"https:\\\/\\\/wobronietradycjiiwiary.com\\\/proprium-missae-xx-niedziela-po-zeslaniu-ducha-swietego-dominica-xx-post-pentecosten-2\\\/#primaryimage\"},\"thumbnailUrl\":\"https:\\\/\\\/wobronietradycjiiwiary.com\\\/wp-content\\\/uploads\\\/2019\\\/10\\\/20-Centurions-servant-875-600x438-600x438.jpg\",\"datePublished\":\"2019-10-26T17:00:57+00:00\",\"dateModified\":\"2025-02-07T15:00:59+00:00\",\"breadcrumb\":{\"@id\":\"https:\\\/\\\/wobronietradycjiiwiary.com\\\/proprium-missae-xx-niedziela-po-zeslaniu-ducha-swietego-dominica-xx-post-pentecosten-2\\\/#breadcrumb\"},\"inLanguage\":\"en-US\",\"potentialAction\":[{\"@type\":\"ReadAction\",\"target\":[\"https:\\\/\\\/wobronietradycjiiwiary.com\\\/proprium-missae-xx-niedziela-po-zeslaniu-ducha-swietego-dominica-xx-post-pentecosten-2\\\/\"]}]},{\"@type\":\"ImageObject\",\"inLanguage\":\"en-US\",\"@id\":\"https:\\\/\\\/wobronietradycjiiwiary.com\\\/proprium-missae-xx-niedziela-po-zeslaniu-ducha-swietego-dominica-xx-post-pentecosten-2\\\/#primaryimage\",\"url\":\"https:\\\/\\\/wobronietradycjiiwiary.com\\\/wp-content\\\/uploads\\\/2019\\\/10\\\/20-Centurions-servant-875-600x438-600x438.jpg\",\"contentUrl\":\"https:\\\/\\\/wobronietradycjiiwiary.com\\\/wp-content\\\/uploads\\\/2019\\\/10\\\/20-Centurions-servant-875-600x438-600x438.jpg\",\"width\":600,\"height\":438},{\"@type\":\"BreadcrumbList\",\"@id\":\"https:\\\/\\\/wobronietradycjiiwiary.com\\\/proprium-missae-xx-niedziela-po-zeslaniu-ducha-swietego-dominica-xx-post-pentecosten-2\\\/#breadcrumb\",\"itemListElement\":[{\"@type\":\"ListItem\",\"position\":1,\"name\":\"Strona g\u0142\u00f3wna\",\"item\":\"https:\\\/\\\/wobronietradycjiiwiary.com\\\/\"},{\"@type\":\"ListItem\",\"position\":2,\"name\":\"Proprium missae &#8211; XX Niedziela po Zes\u0142aniu Ducha \u015awi\u0119tego &#8211; Dominica XX post Pentecosten\"}]},{\"@type\":\"WebSite\",\"@id\":\"https:\\\/\\\/wobronietradycjiiwiary.com\\\/pl\\\/#website\",\"url\":\"https:\\\/\\\/wobronietradycjiiwiary.com\\\/pl\\\/\",\"name\":\"Tradycja i Wiara\",\"description\":\"Portal dla katolik\u00f3w.\",\"publisher\":{\"@id\":\"https:\\\/\\\/wobronietradycjiiwiary.com\\\/pl\\\/#organization\"},\"potentialAction\":[{\"@type\":\"SearchAction\",\"target\":{\"@type\":\"EntryPoint\",\"urlTemplate\":\"https:\\\/\\\/wobronietradycjiiwiary.com\\\/pl\\\/?s={search_term_string}\"},\"query-input\":{\"@type\":\"PropertyValueSpecification\",\"valueRequired\":true,\"valueName\":\"search_term_string\"}}],\"inLanguage\":\"en-US\"},{\"@type\":\"Organization\",\"@id\":\"https:\\\/\\\/wobronietradycjiiwiary.com\\\/pl\\\/#organization\",\"name\":\"Tradycja i Wiara\",\"url\":\"https:\\\/\\\/wobronietradycjiiwiary.com\\\/pl\\\/\",\"logo\":{\"@type\":\"ImageObject\",\"inLanguage\":\"en-US\",\"@id\":\"https:\\\/\\\/wobronietradycjiiwiary.com\\\/pl\\\/#\\\/schema\\\/logo\\\/image\\\/\",\"url\":\"https:\\\/\\\/i0.wp.com\\\/wobronietradycjiiwiary.com\\\/wp-content\\\/uploads\\\/2015\\\/10\\\/cropped-st-peters-dome-vatican.jpg?fit=940%2C198&ssl=1\",\"contentUrl\":\"https:\\\/\\\/i0.wp.com\\\/wobronietradycjiiwiary.com\\\/wp-content\\\/uploads\\\/2015\\\/10\\\/cropped-st-peters-dome-vatican.jpg?fit=940%2C198&ssl=1\",\"width\":940,\"height\":198,\"caption\":\"Tradycja i Wiara\"},\"image\":{\"@id\":\"https:\\\/\\\/wobronietradycjiiwiary.com\\\/pl\\\/#\\\/schema\\\/logo\\\/image\\\/\"},\"sameAs\":[\"https:\\\/\\\/www.facebook.com\\\/Tradycja-i-Wiara-108813920592249\"]},{\"@type\":\"Person\",\"@id\":\"https:\\\/\\\/wobronietradycjiiwiary.com\\\/pl\\\/#\\\/schema\\\/person\\\/2d6180ce6abcb681fef0daab7816e8f3\",\"name\":\"Traditio et Fides\",\"sameAs\":[\"https:\\\/\\\/traditionundglauben.com\"],\"url\":\"https:\\\/\\\/wobronietradycjiiwiary.com\\\/en\\\/author\\\/wobronietradycjiiwiary\\\/\"}]}<\/script>\n<!-- \/ Yoast SEO plugin. -->","yoast_head_json":{"title":"Proprium missae - XX Niedziela po Zes\u0142aniu Ducha \u015awi\u0119tego - Dominica XX post Pentecosten - Tradycja i Wiara","robots":{"index":"index","follow":"follow","max-snippet":"max-snippet:-1","max-image-preview":"max-image-preview:large","max-video-preview":"max-video-preview:-1"},"canonical":"https:\/\/wobronietradycjiiwiary.com\/en\/proprium-missae-xx-niedziela-po-zeslaniu-ducha-swietego-dominica-xx-post-pentecosten-2\/","og_locale":"en_US","og_type":"article","og_title":"Proprium missae - XX Niedziela po Zes\u0142aniu Ducha \u015awi\u0119tego - Dominica XX post Pentecosten - Tradycja i Wiara","og_description":"INTROITUS Dan 3:31; 31:29; 31:35 Omnia, qu\u00e6 fec\u00edsti nobis, D\u00f3mine, in vero iud\u00edcio fec\u00edsti, quia pecc\u00e1vimus tibi et mand\u00e1tis tuis non oboed\u00edvimus: sed da gl\u00f3riam n\u00f3mini tuo, et fac nob\u00edscum sec\u00fandum multit\u00fadinem miseric\u00f3rdi\u00e6 tu\u00e6.Ps 118:1 Be\u00e1ti immacul\u00e1ti in via: qui \u00e1mbulant in lege D\u00f3mini. V. Gl\u00f3ria Patri, et F\u00edlio, et Spir\u00edtui Sancto. R. Sicut erat [&hellip;]","og_url":"https:\/\/wobronietradycjiiwiary.com\/en\/proprium-missae-xx-niedziela-po-zeslaniu-ducha-swietego-dominica-xx-post-pentecosten-2\/","og_site_name":"Tradycja i Wiara","article_publisher":"https:\/\/www.facebook.com\/Tradycja-i-Wiara-108813920592249","article_published_time":"2019-10-26T17:00:57+00:00","article_modified_time":"2025-02-07T15:00:59+00:00","og_image":[{"width":600,"height":438,"url":"https:\/\/i0.wp.com\/wobronietradycjiiwiary.com\/wp-content\/uploads\/2019\/10\/20-Centurions-servant-875-600x438-600x438.jpg?fit=600%2C438&ssl=1","type":"image\/jpeg"}],"author":"Traditio et Fides","twitter_card":"summary_large_image","twitter_misc":{"Written by":"Traditio et Fides","Est. reading time":"3 minutes"},"schema":{"@context":"https:\/\/schema.org","@graph":[{"@type":"Article","@id":"https:\/\/wobronietradycjiiwiary.com\/proprium-missae-xx-niedziela-po-zeslaniu-ducha-swietego-dominica-xx-post-pentecosten-2\/#article","isPartOf":{"@id":"https:\/\/wobronietradycjiiwiary.com\/proprium-missae-xx-niedziela-po-zeslaniu-ducha-swietego-dominica-xx-post-pentecosten-2\/"},"author":{"name":"Traditio et Fides","@id":"https:\/\/wobronietradycjiiwiary.com\/pl\/#\/schema\/person\/2d6180ce6abcb681fef0daab7816e8f3"},"headline":"Proprium missae &#8211; XX Niedziela po Zes\u0142aniu Ducha \u015awi\u0119tego &#8211; Dominica XX post Pentecosten","datePublished":"2019-10-26T17:00:57+00:00","dateModified":"2025-02-07T15:00:59+00:00","mainEntityOfPage":{"@id":"https:\/\/wobronietradycjiiwiary.com\/proprium-missae-xx-niedziela-po-zeslaniu-ducha-swietego-dominica-xx-post-pentecosten-2\/"},"wordCount":526,"commentCount":0,"publisher":{"@id":"https:\/\/wobronietradycjiiwiary.com\/pl\/#organization"},"image":{"@id":"https:\/\/wobronietradycjiiwiary.com\/proprium-missae-xx-niedziela-po-zeslaniu-ducha-swietego-dominica-xx-post-pentecosten-2\/#primaryimage"},"thumbnailUrl":"https:\/\/wobronietradycjiiwiary.com\/wp-content\/uploads\/2019\/10\/20-Centurions-servant-875-600x438-600x438.jpg","keywords":["Missa Tridentina","Proprium missae"],"articleSection":["Msza Trydencka","Proprium"],"inLanguage":"en-US","potentialAction":[{"@type":"CommentAction","name":"Comment","target":["https:\/\/wobronietradycjiiwiary.com\/proprium-missae-xx-niedziela-po-zeslaniu-ducha-swietego-dominica-xx-post-pentecosten-2\/#respond"]}]},{"@type":"WebPage","@id":"https:\/\/wobronietradycjiiwiary.com\/proprium-missae-xx-niedziela-po-zeslaniu-ducha-swietego-dominica-xx-post-pentecosten-2\/","url":"https:\/\/wobronietradycjiiwiary.com\/proprium-missae-xx-niedziela-po-zeslaniu-ducha-swietego-dominica-xx-post-pentecosten-2\/","name":"Proprium missae - XX Niedziela po Zes\u0142aniu Ducha \u015awi\u0119tego - Dominica XX post Pentecosten - Tradycja i Wiara","isPartOf":{"@id":"https:\/\/wobronietradycjiiwiary.com\/pl\/#website"},"primaryImageOfPage":{"@id":"https:\/\/wobronietradycjiiwiary.com\/proprium-missae-xx-niedziela-po-zeslaniu-ducha-swietego-dominica-xx-post-pentecosten-2\/#primaryimage"},"image":{"@id":"https:\/\/wobronietradycjiiwiary.com\/proprium-missae-xx-niedziela-po-zeslaniu-ducha-swietego-dominica-xx-post-pentecosten-2\/#primaryimage"},"thumbnailUrl":"https:\/\/wobronietradycjiiwiary.com\/wp-content\/uploads\/2019\/10\/20-Centurions-servant-875-600x438-600x438.jpg","datePublished":"2019-10-26T17:00:57+00:00","dateModified":"2025-02-07T15:00:59+00:00","breadcrumb":{"@id":"https:\/\/wobronietradycjiiwiary.com\/proprium-missae-xx-niedziela-po-zeslaniu-ducha-swietego-dominica-xx-post-pentecosten-2\/#breadcrumb"},"inLanguage":"en-US","potentialAction":[{"@type":"ReadAction","target":["https:\/\/wobronietradycjiiwiary.com\/proprium-missae-xx-niedziela-po-zeslaniu-ducha-swietego-dominica-xx-post-pentecosten-2\/"]}]},{"@type":"ImageObject","inLanguage":"en-US","@id":"https:\/\/wobronietradycjiiwiary.com\/proprium-missae-xx-niedziela-po-zeslaniu-ducha-swietego-dominica-xx-post-pentecosten-2\/#primaryimage","url":"https:\/\/wobronietradycjiiwiary.com\/wp-content\/uploads\/2019\/10\/20-Centurions-servant-875-600x438-600x438.jpg","contentUrl":"https:\/\/wobronietradycjiiwiary.com\/wp-content\/uploads\/2019\/10\/20-Centurions-servant-875-600x438-600x438.jpg","width":600,"height":438},{"@type":"BreadcrumbList","@id":"https:\/\/wobronietradycjiiwiary.com\/proprium-missae-xx-niedziela-po-zeslaniu-ducha-swietego-dominica-xx-post-pentecosten-2\/#breadcrumb","itemListElement":[{"@type":"ListItem","position":1,"name":"Strona g\u0142\u00f3wna","item":"https:\/\/wobronietradycjiiwiary.com\/"},{"@type":"ListItem","position":2,"name":"Proprium missae &#8211; XX Niedziela po Zes\u0142aniu Ducha \u015awi\u0119tego &#8211; Dominica XX post Pentecosten"}]},{"@type":"WebSite","@id":"https:\/\/wobronietradycjiiwiary.com\/pl\/#website","url":"https:\/\/wobronietradycjiiwiary.com\/pl\/","name":"Tradycja i Wiara","description":"Portal dla katolik\u00f3w.","publisher":{"@id":"https:\/\/wobronietradycjiiwiary.com\/pl\/#organization"},"potentialAction":[{"@type":"SearchAction","target":{"@type":"EntryPoint","urlTemplate":"https:\/\/wobronietradycjiiwiary.com\/pl\/?s={search_term_string}"},"query-input":{"@type":"PropertyValueSpecification","valueRequired":true,"valueName":"search_term_string"}}],"inLanguage":"en-US"},{"@type":"Organization","@id":"https:\/\/wobronietradycjiiwiary.com\/pl\/#organization","name":"Tradycja i Wiara","url":"https:\/\/wobronietradycjiiwiary.com\/pl\/","logo":{"@type":"ImageObject","inLanguage":"en-US","@id":"https:\/\/wobronietradycjiiwiary.com\/pl\/#\/schema\/logo\/image\/","url":"https:\/\/i0.wp.com\/wobronietradycjiiwiary.com\/wp-content\/uploads\/2015\/10\/cropped-st-peters-dome-vatican.jpg?fit=940%2C198&ssl=1","contentUrl":"https:\/\/i0.wp.com\/wobronietradycjiiwiary.com\/wp-content\/uploads\/2015\/10\/cropped-st-peters-dome-vatican.jpg?fit=940%2C198&ssl=1","width":940,"height":198,"caption":"Tradycja i Wiara"},"image":{"@id":"https:\/\/wobronietradycjiiwiary.com\/pl\/#\/schema\/logo\/image\/"},"sameAs":["https:\/\/www.facebook.com\/Tradycja-i-Wiara-108813920592249"]},{"@type":"Person","@id":"https:\/\/wobronietradycjiiwiary.com\/pl\/#\/schema\/person\/2d6180ce6abcb681fef0daab7816e8f3","name":"Traditio et Fides","sameAs":["https:\/\/traditionundglauben.com"],"url":"https:\/\/wobronietradycjiiwiary.com\/en\/author\/wobronietradycjiiwiary\/"}]}},"jetpack_publicize_connections":[],"jetpack_sharing_enabled":true,"jetpack_likes_enabled":true,"jetpack_shortlink":"https:\/\/wp.me\/pc04Sd-5E2","jetpack-related-posts":[{"id":26659,"url":"https:\/\/wobronietradycjiiwiary.com\/en\/proprium-missae-xx-niedziela-po-zeslaniu-ducha-swietego-dominica-xx-post-pentecosten-4\/","url_meta":{"origin":21702,"position":0},"title":"Proprium missae &#8211; XX Niedziela po Zes\u0142aniu Ducha \u015awi\u0119tego &#8211; Dominica XX post Pentecosten","author":"Traditio et Fides","date":"17 October 2020","format":false,"excerpt":"https:\/\/www.youtube.com\/watch?v=YxrP1V6Yr8E INTROITUS Dan 3:31; 31:29; 31:35 Omnia, qu\u00e6 fec\u00edsti nobis, D\u00f3mine, in vero iud\u00edcio fec\u00edsti, quia pecc\u00e1vimus tibi et mand\u00e1tis tuis non oboed\u00edvimus: sed da gl\u00f3riam n\u00f3mini tuo, et fac nob\u00edscum sec\u00fandum multit\u00fadinem miseric\u00f3rdi\u00e6 tu\u00e6.Ps 118:1 Be\u00e1ti immacul\u00e1ti in via: qui \u00e1mbulant in lege D\u00f3mini. V. Gl\u00f3ria Patri, et F\u00edlio,\u2026","rel":"","context":"In &quot;Msza Trydencka&quot;","block_context":{"text":"Msza Trydencka","link":"https:\/\/wobronietradycjiiwiary.com\/en\/category\/duchowosc\/liturgia-i-liturgika\/msza-trydencka\/"},"img":{"alt_text":"","src":"https:\/\/i0.wp.com\/wobronietradycjiiwiary.com\/wp-content\/uploads\/2019\/10\/20-Centurions-servant-875-600x438-600x438.jpg?resize=350%2C200&ssl=1","width":350,"height":200,"srcset":"https:\/\/i0.wp.com\/wobronietradycjiiwiary.com\/wp-content\/uploads\/2019\/10\/20-Centurions-servant-875-600x438-600x438.jpg?resize=350%2C200&ssl=1 1x, https:\/\/i0.wp.com\/wobronietradycjiiwiary.com\/wp-content\/uploads\/2019\/10\/20-Centurions-servant-875-600x438-600x438.jpg?resize=525%2C300&ssl=1 1.5x"},"classes":[]},{"id":17345,"url":"https:\/\/wobronietradycjiiwiary.com\/en\/proprium-missae-xx-niedziela-po-zeslaniu-ducha-swietego-dominica-xx-post-pentecosten\/","url_meta":{"origin":21702,"position":1},"title":"Proprium missae &#8211; XX Niedziela po Zes\u0142aniu Ducha \u015awi\u0119tego &#8211; Dominica XX post Pentecosten","author":"mariuszjerzy","date":"6 October 2018","format":false,"excerpt":"https:\/\/www.youtube.com\/watch?v=YxrP1V6Yr8E INTROITUS Dan 3:31; 31:29; 31:35 Omnia, qu\u00e6 fec\u00edsti nobis, D\u00f3mine, in vero iud\u00edcio fec\u00edsti, quia pecc\u00e1vimus tibi et mand\u00e1tis tuis non oboed\u00edvimus: sed da gl\u00f3riam n\u00f3mini tuo, et fac nob\u00edscum sec\u00fandum multit\u00fadinem miseric\u00f3rdi\u00e6 tu\u00e6.Ps 118:1 Be\u00e1ti immacul\u00e1ti in via: qui \u00e1mbulant in lege D\u00f3mini. V. Gl\u00f3ria Patri, et F\u00edlio,\u2026","rel":"","context":"In &quot;Msza Trydencka&quot;","block_context":{"text":"Msza Trydencka","link":"https:\/\/wobronietradycjiiwiary.com\/en\/category\/duchowosc\/liturgia-i-liturgika\/msza-trydencka\/"},"img":{"alt_text":"","src":"https:\/\/i0.wp.com\/img.youtube.com\/vi\/YxrP1V6Yr8E\/0.jpg?resize=350%2C200","width":350,"height":200},"classes":[]},{"id":18541,"url":"https:\/\/wobronietradycjiiwiary.com\/en\/proprium-missae-xx-niedziela-po-zeslaniu-ducha-swietego-dominica-xx-post-pentecosten-3\/","url_meta":{"origin":21702,"position":2},"title":"Proprium missae &#8211; XX Niedziela po Zes\u0142aniu Ducha \u015awi\u0119tego &#8211; Dominica XX post Pentecosten","author":"mariuszjerzy","date":"6 October 2018","format":false,"excerpt":"https:\/\/www.youtube.com\/watch?v=YxrP1V6Yr8E INTROITUS Dan 3:31; 31:29; 31:35 Omnia, qu\u00e6 fec\u00edsti nobis, D\u00f3mine, in vero iud\u00edcio fec\u00edsti, quia pecc\u00e1vimus tibi et mand\u00e1tis tuis non oboed\u00edvimus: sed da gl\u00f3riam n\u00f3mini tuo, et fac nob\u00edscum sec\u00fandum multit\u00fadinem miseric\u00f3rdi\u00e6 tu\u00e6.Ps 118:1 Be\u00e1ti immacul\u00e1ti in via: qui \u00e1mbulant in lege D\u00f3mini. V. Gl\u00f3ria Patri, et F\u00edlio,\u2026","rel":"","context":"In &quot;Msza Trydencka&quot;","block_context":{"text":"Msza Trydencka","link":"https:\/\/wobronietradycjiiwiary.com\/en\/category\/duchowosc\/liturgia-i-liturgika\/msza-trydencka\/"},"img":{"alt_text":"","src":"https:\/\/i0.wp.com\/img.youtube.com\/vi\/YxrP1V6Yr8E\/0.jpg?resize=350%2C200","width":350,"height":200},"classes":[]},{"id":97931,"url":"https:\/\/wobronietradycjiiwiary.com\/en\/proprium-missae-xx-niedziela-po-zeslaniu-ducha-swietego-dominica-xx-post-pentecosten-4-2-2-2\/","url_meta":{"origin":21702,"position":3},"title":"Proprium missae &#8211; XX Niedziela po Zes\u0142aniu Ducha \u015awi\u0119tego &#8211; Dominica XX post Pentecosten","author":"Traditio et Fides","date":"14 October 2023","format":false,"excerpt":"https:\/\/www.youtube.com\/watch?v=YxrP1V6Yr8E INTROITUS Dan 3:31; 31:29; 31:35 Omnia, qu\u00e6 fec\u00edsti nobis, D\u00f3mine, in vero iud\u00edcio fec\u00edsti, quia pecc\u00e1vimus tibi et mand\u00e1tis tuis non oboed\u00edvimus: sed da gl\u00f3riam n\u00f3mini tuo, et fac nob\u00edscum sec\u00fandum multit\u00fadinem miseric\u00f3rdi\u00e6 tu\u00e6.Ps 118:1 Be\u00e1ti immacul\u00e1ti in via: qui \u00e1mbulant in lege D\u00f3mini. V. Gl\u00f3ria Patri, et F\u00edlio,\u2026","rel":"","context":"In &quot;Msza Trydencka&quot;","block_context":{"text":"Msza Trydencka","link":"https:\/\/wobronietradycjiiwiary.com\/en\/category\/duchowosc\/liturgia-i-liturgika\/msza-trydencka\/"},"img":{"alt_text":"","src":"https:\/\/i0.wp.com\/wobronietradycjiiwiary.com\/wp-content\/uploads\/2019\/10\/20-Centurions-servant-875-600x438-600x438.jpg?resize=350%2C200&ssl=1","width":350,"height":200,"srcset":"https:\/\/i0.wp.com\/wobronietradycjiiwiary.com\/wp-content\/uploads\/2019\/10\/20-Centurions-servant-875-600x438-600x438.jpg?resize=350%2C200&ssl=1 1x, https:\/\/i0.wp.com\/wobronietradycjiiwiary.com\/wp-content\/uploads\/2019\/10\/20-Centurions-servant-875-600x438-600x438.jpg?resize=525%2C300&ssl=1 1.5x"},"classes":[]},{"id":45042,"url":"https:\/\/wobronietradycjiiwiary.com\/en\/proprium-missae-xx-niedziela-po-zeslaniu-ducha-swietego-dominica-xx-post-pentecosten-4-2\/","url_meta":{"origin":21702,"position":4},"title":"Proprium missae &#8211; XX Niedziela po Zes\u0142aniu Ducha \u015awi\u0119tego &#8211; Dominica XX post Pentecosten","author":"Traditio et Fides","date":"9 October 2021","format":false,"excerpt":"https:\/\/www.youtube.com\/watch?v=YxrP1V6Yr8E INTROITUS Dan 3:31; 31:29; 31:35 Omnia, qu\u00e6 fec\u00edsti nobis, D\u00f3mine, in vero iud\u00edcio fec\u00edsti, quia pecc\u00e1vimus tibi et mand\u00e1tis tuis non oboed\u00edvimus: sed da gl\u00f3riam n\u00f3mini tuo, et fac nob\u00edscum sec\u00fandum multit\u00fadinem miseric\u00f3rdi\u00e6 tu\u00e6.Ps 118:1 Be\u00e1ti immacul\u00e1ti in via: qui \u00e1mbulant in lege D\u00f3mini. V. Gl\u00f3ria Patri, et F\u00edlio,\u2026","rel":"","context":"In &quot;Msza Trydencka&quot;","block_context":{"text":"Msza Trydencka","link":"https:\/\/wobronietradycjiiwiary.com\/en\/category\/duchowosc\/liturgia-i-liturgika\/msza-trydencka\/"},"img":{"alt_text":"","src":"https:\/\/i0.wp.com\/wobronietradycjiiwiary.com\/wp-content\/uploads\/2019\/10\/20-Centurions-servant-875-600x438-600x438.jpg?resize=350%2C200&ssl=1","width":350,"height":200,"srcset":"https:\/\/i0.wp.com\/wobronietradycjiiwiary.com\/wp-content\/uploads\/2019\/10\/20-Centurions-servant-875-600x438-600x438.jpg?resize=350%2C200&ssl=1 1x, https:\/\/i0.wp.com\/wobronietradycjiiwiary.com\/wp-content\/uploads\/2019\/10\/20-Centurions-servant-875-600x438-600x438.jpg?resize=525%2C300&ssl=1 1.5x"},"classes":[]},{"id":73105,"url":"https:\/\/wobronietradycjiiwiary.com\/en\/proprium-missae-xx-niedziela-po-zeslaniu-ducha-swietego-dominica-xx-post-pentecosten-4-2-2\/","url_meta":{"origin":21702,"position":5},"title":"Proprium missae &#8211; XX Niedziela po Zes\u0142aniu Ducha \u015awi\u0119tego &#8211; Dominica XX post Pentecosten","author":"Traditio et Fides","date":"22 October 2022","format":false,"excerpt":"https:\/\/www.youtube.com\/watch?v=YxrP1V6Yr8E INTROITUS Dan 3:31; 31:29; 31:35 Omnia, qu\u00e6 fec\u00edsti nobis, D\u00f3mine, in vero iud\u00edcio fec\u00edsti, quia pecc\u00e1vimus tibi et mand\u00e1tis tuis non oboed\u00edvimus: sed da gl\u00f3riam n\u00f3mini tuo, et fac nob\u00edscum sec\u00fandum multit\u00fadinem miseric\u00f3rdi\u00e6 tu\u00e6.Ps 118:1 Be\u00e1ti immacul\u00e1ti in via: qui \u00e1mbulant in lege D\u00f3mini. V. Gl\u00f3ria Patri, et F\u00edlio,\u2026","rel":"","context":"In &quot;Msza Trydencka&quot;","block_context":{"text":"Msza Trydencka","link":"https:\/\/wobronietradycjiiwiary.com\/en\/category\/duchowosc\/liturgia-i-liturgika\/msza-trydencka\/"},"img":{"alt_text":"","src":"https:\/\/i0.wp.com\/wobronietradycjiiwiary.com\/wp-content\/uploads\/2019\/10\/20-Centurions-servant-875-600x438-600x438.jpg?resize=350%2C200&ssl=1","width":350,"height":200,"srcset":"https:\/\/i0.wp.com\/wobronietradycjiiwiary.com\/wp-content\/uploads\/2019\/10\/20-Centurions-servant-875-600x438-600x438.jpg?resize=350%2C200&ssl=1 1x, https:\/\/i0.wp.com\/wobronietradycjiiwiary.com\/wp-content\/uploads\/2019\/10\/20-Centurions-servant-875-600x438-600x438.jpg?resize=525%2C300&ssl=1 1.5x"},"classes":[]}],"amp_enabled":true,"jetpack_featured_media_url":"https:\/\/wobronietradycjiiwiary.com\/wp-content\/uploads\/2019\/10\/20-Centurions-servant-875-600x438-600x438.jpg","_links":{"self":[{"href":"https:\/\/wobronietradycjiiwiary.com\/en\/wp-json\/wp\/v2\/posts\/21702","targetHints":{"allow":["GET"]}}],"collection":[{"href":"https:\/\/wobronietradycjiiwiary.com\/en\/wp-json\/wp\/v2\/posts"}],"about":[{"href":"https:\/\/wobronietradycjiiwiary.com\/en\/wp-json\/wp\/v2\/types\/post"}],"author":[{"embeddable":true,"href":"https:\/\/wobronietradycjiiwiary.com\/en\/wp-json\/wp\/v2\/users\/60508433"}],"replies":[{"embeddable":true,"href":"https:\/\/wobronietradycjiiwiary.com\/en\/wp-json\/wp\/v2\/comments?post=21702"}],"version-history":[{"count":0,"href":"https:\/\/wobronietradycjiiwiary.com\/en\/wp-json\/wp\/v2\/posts\/21702\/revisions"}],"wp:featuredmedia":[{"embeddable":true,"href":"https:\/\/wobronietradycjiiwiary.com\/en\/wp-json\/wp\/v2\/media\/23170"}],"wp:attachment":[{"href":"https:\/\/wobronietradycjiiwiary.com\/en\/wp-json\/wp\/v2\/media?parent=21702"}],"wp:term":[{"taxonomy":"category","embeddable":true,"href":"https:\/\/wobronietradycjiiwiary.com\/en\/wp-json\/wp\/v2\/categories?post=21702"},{"taxonomy":"post_tag","embeddable":true,"href":"https:\/\/wobronietradycjiiwiary.com\/en\/wp-json\/wp\/v2\/tags?post=21702"}],"curies":[{"name":"wp","href":"https:\/\/api.w.org\/{rel}","templated":true}]}}