{"id":21698,"date":"2019-10-19T19:00:08","date_gmt":"2019-10-19T17:00:08","guid":{"rendered":"https:\/\/wobronietradycjiiwiaryblog.wordpress.com\/?p=21698"},"modified":"2025-02-07T16:00:59","modified_gmt":"2025-02-07T15:00:59","slug":"proprium-missae-xix-niedziela-po-zeslaniu-ducha-swietego-dominica-xix-post-pentecosten-2","status":"publish","type":"post","link":"https:\/\/wobronietradycjiiwiary.com\/en\/proprium-missae-xix-niedziela-po-zeslaniu-ducha-swietego-dominica-xix-post-pentecosten-2\/","title":{"rendered":"Proprium missae &#8211; XIX Niedziela po Zes\u0142aniu Ducha \u015awi\u0119tego &#8211; Dominica XIX post Pentecosten"},"content":{"rendered":"<div id=\"bsf_rt_marker\"><\/div><p><\/p>\n<p><span class=\"embed-youtube\" style=\"text-align:center; display: block;\"><iframe class=\"youtube-player\" width=\"580\" height=\"327\" src=\"https:\/\/www.youtube.com\/embed\/nR7HkP554BY?version=3&#038;rel=1&#038;showsearch=0&#038;showinfo=1&#038;iv_load_policy=1&#038;fs=1&#038;hl=en-US&#038;autohide=2&#038;wmode=transparent\" allowfullscreen=\"true\" style=\"border:0;\" sandbox=\"allow-scripts allow-same-origin allow-popups allow-presentation allow-popups-to-escape-sandbox\"><\/iframe><\/span><\/p>\n<table style=\"height: 366px;\" width=\"628\">\n<tbody>\n<tr>\n<td colspan=\"2\" width=\"614\"><strong><em>INTROITUS<\/em><\/strong><\/td>\n<\/tr>\n<tr>\n<td width=\"307\"><strong><em>S<\/em><\/strong>alus p\u00f3puli ego sum, dicit D\u00f3minus: de quac\u00famque tribulati\u00f3ne clam\u00e1verint ad me, ex\u00e1udiam eos: et ero ill\u00f3rum D\u00f3minus in perp\u00e9tuum<br>\n<em>Ps 77:1<\/em><br>\nAttendite, p\u00f3pule meus, legem meam: inclin\u00e1te aurem vestram in verba oris mei.<br>\n<em>V.<\/em> Gl\u00f3ria Patri, et F\u00edlio, et Spir\u00edtui Sancto.<br>\n<em>R.<\/em> Sicut erat in princ\u00edpio, et nunc, et semper, et in saecula saecul\u00f3rum. Amen<br>\n<strong><em>S<\/em><\/strong>alus p\u00f3puli ego sum, dicit D\u00f3minus: de quac\u00famque tribulati\u00f3ne clam\u00e1verint ad me, ex\u00e1udiam eos: et ero ill\u00f3rum D\u00f3minus in perp\u00e9tuum<\/td>\n<td width=\"307\"><strong><em>J<\/em><\/strong>a jestem zbawieniem ludu, m\u00f3wi Pan: w jakimkolwiek ucisku wo\u0142a\u0107 b\u0119d\u0105 do mnie, wys\u0142ucham ich i b\u0119d\u0119 ich Panem na wieki.<br>\n<em>Ps 77:1<\/em><br>\nS\u0142uchaj m\u00f3j ludu nauki mojej, uszy swoje nak\u0142o\u0144cie.<br>\n<em>V.<\/em> Chwa\u0142a Ojcu, i Synowi i Duchowi \u015awi\u0119temu.<br>\n<em>R.<\/em> Jak by\u0142a na pocz\u0105tku, teraz i zawsze i na wieki wiek\u00f3w. Amen.<br>\n<strong><em>J<\/em><\/strong>a jestem zbawieniem ludu, m\u00f3wi Pan: w jakimkolwiek ucisku wo\u0142a\u0107 b\u0119d\u0105 do mnie, wys\u0142ucham ich i b\u0119d\u0119 ich Panem na wieki.<\/td>\n<\/tr>\n<\/tbody>\n<\/table>\n<p><\/p>\n<p><span class=\"embed-youtube\" style=\"text-align:center; display: block;\"><iframe class=\"youtube-player\" width=\"580\" height=\"327\" src=\"https:\/\/www.youtube.com\/embed\/zabxeXOZvLk?version=3&#038;rel=1&#038;showsearch=0&#038;showinfo=1&#038;iv_load_policy=1&#038;fs=1&#038;hl=en-US&#038;autohide=2&#038;wmode=transparent\" allowfullscreen=\"true\" style=\"border:0;\" sandbox=\"allow-scripts allow-same-origin allow-popups allow-presentation allow-popups-to-escape-sandbox\"><\/iframe><\/span><\/p>\n<table>\n<tbody>\n<tr>\n<td colspan=\"2\" width=\"614\"><strong><em>GRADUALE<\/em><\/strong><\/td>\n<\/tr>\n<tr>\n<td width=\"307\"><em>Ps 140:2<\/em><br>\nDirig\u00e1tur or\u00e1tio mea, sicut inc\u00e9nsum in consp\u00e9ctu tuo, D\u00f3mine.<br>\n<em>V.<\/em> Elevatio m\u00e1nuum me\u00e1rum sacrif\u00edcium vespert\u00ednum.<\/td>\n<td width=\"307\"><em>Ps 140:2<\/em><br>\nNiech si\u0119 wzbija ku Tobie modlitwa ma, Panie, niby kadzid\u0142o.<br>\n<em>V.<\/em> Wznoszenie r\u0105k moich jak ofiara wieczorna.<\/td>\n<\/tr>\n<\/tbody>\n<\/table>\n<p><\/p>\n<p><span class=\"embed-youtube\" style=\"text-align:center; display: block;\"><iframe class=\"youtube-player\" width=\"580\" height=\"327\" src=\"https:\/\/www.youtube.com\/embed\/q75uJ_a7z-4?version=3&#038;rel=1&#038;showsearch=0&#038;showinfo=1&#038;iv_load_policy=1&#038;fs=1&#038;hl=en-US&#038;autohide=2&#038;wmode=transparent\" allowfullscreen=\"true\" style=\"border:0;\" sandbox=\"allow-scripts allow-same-origin allow-popups allow-presentation allow-popups-to-escape-sandbox\"><\/iframe><\/span><\/p>\n<table>\n<tbody>\n<tr>\n<td colspan=\"2\" width=\"614\"><strong><em>ALLELUIA<\/em><\/strong><\/td>\n<\/tr>\n<tr>\n<td width=\"307\">Allel\u00faia, allel\u00faia<br>\n<em>Ps 104:1<\/em><br>\nConfit\u00e9mini D\u00f3mino, et invoc\u00e1te nomen eius: annunti\u00e1te inter gentes \u00f3pera eius. Allel\u00faia.<\/td>\n<td width=\"307\">Alleluja, alleluja.<br>\n<em>Ps 104:1<\/em><br>\nChwalcie Pana i wzywajcie Jego imienia: dzie\u0142a Jego g\u0142o\u015bcie w\u015br\u00f3d narod\u00f3w. Alleluja.<\/td>\n<\/tr>\n<\/tbody>\n<\/table>\n<p><\/p>\n<p><span class=\"embed-youtube\" style=\"text-align:center; display: block;\"><iframe class=\"youtube-player\" width=\"580\" height=\"327\" src=\"https:\/\/www.youtube.com\/embed\/3GTPuATnfiY?version=3&#038;rel=1&#038;showsearch=0&#038;showinfo=1&#038;iv_load_policy=1&#038;fs=1&#038;hl=en-US&#038;autohide=2&#038;wmode=transparent\" allowfullscreen=\"true\" style=\"border:0;\" sandbox=\"allow-scripts allow-same-origin allow-popups allow-presentation allow-popups-to-escape-sandbox\"><\/iframe><\/span><\/p>\n<table>\n<tbody>\n<tr>\n<td colspan=\"2\" width=\"614\"><strong><em>OFFERTORIUM<\/em><\/strong><\/td>\n<\/tr>\n<tr>\n<td width=\"307\"><em>Ps 137:7<\/em><br>\nSi ambul\u00e1vero in m\u00e9dio tribulati\u00f3nis, vivific\u00e1bis me, D\u00f3mine: et super iram inimic\u00f3rum me\u00f3rum ext\u00e9ndes manum tuam, et salvum me f\u00e1ciet d\u00e9xtera tua.<\/td>\n<td width=\"307\"><em>Ps 137:7<\/em><br>\nGdy chodz\u0119 w\u015br\u00f3d utrapienia, Ty mnie trzymasz przy \u017cyciu, o Panie; Sw\u0105 r\u0119k\u0119 wyci\u0105gasz na przek\u00f3r gniewowi mych nieprzyjaci\u00f3\u0142, prawica Twoja mi\u0119 zbawia.<\/td>\n<\/tr>\n<\/tbody>\n<\/table>\n<p><\/p>\n<p><span class=\"embed-youtube\" style=\"text-align:center; display: block;\"><iframe class=\"youtube-player\" width=\"580\" height=\"327\" src=\"https:\/\/www.youtube.com\/embed\/rmh1BY-aKWw?version=3&#038;rel=1&#038;showsearch=0&#038;showinfo=1&#038;iv_load_policy=1&#038;fs=1&#038;hl=en-US&#038;autohide=2&#038;wmode=transparent\" allowfullscreen=\"true\" style=\"border:0;\" sandbox=\"allow-scripts allow-same-origin allow-popups allow-presentation allow-popups-to-escape-sandbox\"><\/iframe><\/span><\/p>\n<table>\n<tbody>\n<tr>\n<td colspan=\"2\" width=\"614\"><strong><em>COMMUNIO<\/em><\/strong><\/td>\n<\/tr>\n<tr>\n<td width=\"307\"><em>Ps 118:4-5<\/em><br>\nTu mand\u00e1sti mand\u00e1ta tua custod\u00edri nimis: \u00fatinam dirig\u00e1ntur vi\u00e6 me\u00e6, ad custodi\u00e9ndas iustificati\u00f3nes tuas.<\/td>\n<td width=\"307\"><em>Ps 118:4-5<\/em><br>\nTy wyda\u0142e\u015b Swoje przykazania, by pilnie ich przestrzegano. Oby me drogi by\u0142y niezawodne ku przestrzeganiu Twych ustaw.<\/td>\n<\/tr>\n<\/tbody>\n<\/table>\n\n\n<div style=\"height:100px\" aria-hidden=\"true\" class=\"wp-block-spacer\"><\/div>","protected":false},"excerpt":{"rendered":"<p>INTROITUS Salus p\u00f3puli ego sum, dicit D\u00f3minus: de quac\u00famque tribulati\u00f3ne clam\u00e1verint ad me, ex\u00e1udiam eos: et ero ill\u00f3rum D\u00f3minus in perp\u00e9tuum Ps 77:1 Attendite, p\u00f3pule meus, legem meam: inclin\u00e1te aurem vestram in verba oris mei. V. Gl\u00f3ria Patri, et F\u00edlio, et Spir\u00edtui Sancto. R. Sicut erat in princ\u00edpio, et nunc, et semper, et in saecula [&hellip;]<\/p>\n","protected":false},"author":60508433,"featured_media":23172,"comment_status":"open","ping_status":"closed","sticky":false,"template":"","format":"standard","meta":{"_bbp_topic_count":0,"_bbp_reply_count":0,"_bbp_total_topic_count":0,"_bbp_total_reply_count":0,"_bbp_voice_count":0,"_bbp_anonymous_reply_count":0,"_bbp_topic_count_hidden":0,"_bbp_reply_count_hidden":0,"_bbp_forum_subforum_count":0,"_editorskit_title_hidden":false,"_editorskit_reading_time":0,"_editorskit_is_block_options_detached":false,"_editorskit_block_options_position":"{}","_coblocks_attr":"","_coblocks_dimensions":"","_coblocks_responsive_height":"","_coblocks_accordion_ie_support":"","_exactmetrics_skip_tracking":false,"_jetpack_newsletter_access":"","_jetpack_dont_email_post_to_subs":false,"_jetpack_newsletter_tier_id":0,"_jetpack_memberships_contains_paywalled_content":false,"_wpcom_ai_launchpad_first_post":false,"_jetpack_feature_clip_id":0,"_jetpack_memberships_contains_paid_content":false,"footnotes":"","jetpack_publicize_message":"{title}\n\n{excerpt}\n\n{url}","jetpack_publicize_feature_enabled":true,"jetpack_social_post_already_shared":true,"jetpack_social_options":{"image_generator_settings":{"template":"highway","default_image_id":0,"font":"","enabled":false},"version":2},"_wpas_customize_per_network":false,"jetpack_post_was_ever_published":false},"categories":[5647912,20472889],"tags":[1053804,527077037],"class_list":["post-21698","post","type-post","status-publish","format-standard","has-post-thumbnail","hentry","category-msza-trydencka","category-proprium","tag-missa-tridentina","tag-proprium-missae"],"yoast_head":"<!-- This site is optimized with the Yoast SEO plugin v28.4 - https:\/\/yoast.com\/product\/yoast-seo-wordpress\/ -->\n<title>Proprium missae - XIX Niedziela po Zes\u0142aniu Ducha \u015awi\u0119tego - Dominica XIX post Pentecosten - Tradycja i Wiara<\/title>\n<meta name=\"description\" content=\"Proprium missae - XIX Niedziela po Zes\u0142aniu Ducha \u015awi\u0119tego - Dominica XIX post Pentecosten Proprium missae Msza Trydencka katolicyzm\" \/>\n<meta name=\"robots\" content=\"index, follow, max-snippet:-1, max-image-preview:large, max-video-preview:-1\" \/>\n<link rel=\"canonical\" href=\"https:\/\/wobronietradycjiiwiary.com\/en\/proprium-missae-xix-niedziela-po-zeslaniu-ducha-swietego-dominica-xix-post-pentecosten-2\/\" \/>\n<meta property=\"og:locale\" content=\"en_US\" \/>\n<meta property=\"og:type\" content=\"article\" \/>\n<meta property=\"og:title\" content=\"Proprium missae - XIX Niedziela po Zes\u0142aniu Ducha \u015awi\u0119tego - Dominica XIX post Pentecosten - Tradycja i Wiara\" \/>\n<meta property=\"og:description\" content=\"Proprium missae - XIX Niedziela po Zes\u0142aniu Ducha \u015awi\u0119tego - Dominica XIX post Pentecosten Proprium missae Msza Trydencka katolicyzm\" \/>\n<meta property=\"og:url\" content=\"https:\/\/wobronietradycjiiwiary.com\/en\/proprium-missae-xix-niedziela-po-zeslaniu-ducha-swietego-dominica-xix-post-pentecosten-2\/\" \/>\n<meta property=\"og:site_name\" content=\"Tradycja i Wiara\" \/>\n<meta property=\"article:publisher\" content=\"https:\/\/www.facebook.com\/Tradycja-i-Wiara-108813920592249\" \/>\n<meta property=\"article:published_time\" content=\"2019-10-19T17:00:08+00:00\" \/>\n<meta property=\"article:modified_time\" content=\"2025-02-07T15:00:59+00:00\" \/>\n<meta property=\"og:image\" content=\"https:\/\/i1.wp.com\/wobronietradycjiiwiary.com\/wp-content\/uploads\/2019\/10\/19-Tintoretto_TheWeddingFeast-1024x722.jpg?fit=1024%2C722&ssl=1\" \/>\n\t<meta property=\"og:image:width\" content=\"1024\" \/>\n\t<meta property=\"og:image:height\" content=\"722\" \/>\n\t<meta property=\"og:image:type\" content=\"image\/jpeg\" \/>\n<meta name=\"author\" content=\"Traditio et Fides\" \/>\n<meta name=\"twitter:card\" content=\"summary_large_image\" \/>\n<meta name=\"twitter:label1\" content=\"Written by\" \/>\n\t<meta name=\"twitter:data1\" content=\"Traditio et Fides\" \/>\n\t<meta name=\"twitter:label2\" content=\"Est. reading time\" \/>\n\t<meta name=\"twitter:data2\" content=\"2 minutes\" \/>\n<script type=\"application\/ld+json\" class=\"yoast-schema-graph\">{\"@context\":\"https:\\\/\\\/schema.org\",\"@graph\":[{\"@type\":\"Article\",\"@id\":\"https:\\\/\\\/wobronietradycjiiwiary.com\\\/proprium-missae-xix-niedziela-po-zeslaniu-ducha-swietego-dominica-xix-post-pentecosten-2\\\/#article\",\"isPartOf\":{\"@id\":\"https:\\\/\\\/wobronietradycjiiwiary.com\\\/proprium-missae-xix-niedziela-po-zeslaniu-ducha-swietego-dominica-xix-post-pentecosten-2\\\/\"},\"author\":{\"name\":\"Traditio et Fides\",\"@id\":\"https:\\\/\\\/wobronietradycjiiwiary.com\\\/pl\\\/#\\\/schema\\\/person\\\/2d6180ce6abcb681fef0daab7816e8f3\"},\"headline\":\"Proprium missae &#8211; XIX Niedziela po Zes\u0142aniu Ducha \u015awi\u0119tego &#8211; Dominica XIX post Pentecosten\",\"datePublished\":\"2019-10-19T17:00:08+00:00\",\"dateModified\":\"2025-02-07T15:00:59+00:00\",\"mainEntityOfPage\":{\"@id\":\"https:\\\/\\\/wobronietradycjiiwiary.com\\\/proprium-missae-xix-niedziela-po-zeslaniu-ducha-swietego-dominica-xix-post-pentecosten-2\\\/\"},\"wordCount\":465,\"commentCount\":0,\"publisher\":{\"@id\":\"https:\\\/\\\/wobronietradycjiiwiary.com\\\/pl\\\/#organization\"},\"image\":{\"@id\":\"https:\\\/\\\/wobronietradycjiiwiary.com\\\/proprium-missae-xix-niedziela-po-zeslaniu-ducha-swietego-dominica-xix-post-pentecosten-2\\\/#primaryimage\"},\"thumbnailUrl\":\"https:\\\/\\\/wobronietradycjiiwiary.com\\\/wp-content\\\/uploads\\\/2019\\\/10\\\/19-Tintoretto_TheWeddingFeast-1024x722.jpg\",\"keywords\":[\"Missa Tridentina\",\"Proprium missae\"],\"articleSection\":[\"Msza Trydencka\",\"Proprium\"],\"inLanguage\":\"en-US\",\"potentialAction\":[{\"@type\":\"CommentAction\",\"name\":\"Comment\",\"target\":[\"https:\\\/\\\/wobronietradycjiiwiary.com\\\/proprium-missae-xix-niedziela-po-zeslaniu-ducha-swietego-dominica-xix-post-pentecosten-2\\\/#respond\"]}]},{\"@type\":\"WebPage\",\"@id\":\"https:\\\/\\\/wobronietradycjiiwiary.com\\\/proprium-missae-xix-niedziela-po-zeslaniu-ducha-swietego-dominica-xix-post-pentecosten-2\\\/\",\"url\":\"https:\\\/\\\/wobronietradycjiiwiary.com\\\/proprium-missae-xix-niedziela-po-zeslaniu-ducha-swietego-dominica-xix-post-pentecosten-2\\\/\",\"name\":\"Proprium missae - XIX Niedziela po Zes\u0142aniu Ducha \u015awi\u0119tego - Dominica XIX post Pentecosten - Tradycja i Wiara\",\"isPartOf\":{\"@id\":\"https:\\\/\\\/wobronietradycjiiwiary.com\\\/pl\\\/#website\"},\"primaryImageOfPage\":{\"@id\":\"https:\\\/\\\/wobronietradycjiiwiary.com\\\/proprium-missae-xix-niedziela-po-zeslaniu-ducha-swietego-dominica-xix-post-pentecosten-2\\\/#primaryimage\"},\"image\":{\"@id\":\"https:\\\/\\\/wobronietradycjiiwiary.com\\\/proprium-missae-xix-niedziela-po-zeslaniu-ducha-swietego-dominica-xix-post-pentecosten-2\\\/#primaryimage\"},\"thumbnailUrl\":\"https:\\\/\\\/wobronietradycjiiwiary.com\\\/wp-content\\\/uploads\\\/2019\\\/10\\\/19-Tintoretto_TheWeddingFeast-1024x722.jpg\",\"datePublished\":\"2019-10-19T17:00:08+00:00\",\"dateModified\":\"2025-02-07T15:00:59+00:00\",\"description\":\"Proprium missae - XIX Niedziela po Zes\u0142aniu Ducha \u015awi\u0119tego - Dominica XIX post Pentecosten Proprium missae Msza Trydencka katolicyzm\",\"breadcrumb\":{\"@id\":\"https:\\\/\\\/wobronietradycjiiwiary.com\\\/proprium-missae-xix-niedziela-po-zeslaniu-ducha-swietego-dominica-xix-post-pentecosten-2\\\/#breadcrumb\"},\"inLanguage\":\"en-US\",\"potentialAction\":[{\"@type\":\"ReadAction\",\"target\":[\"https:\\\/\\\/wobronietradycjiiwiary.com\\\/proprium-missae-xix-niedziela-po-zeslaniu-ducha-swietego-dominica-xix-post-pentecosten-2\\\/\"]}]},{\"@type\":\"ImageObject\",\"inLanguage\":\"en-US\",\"@id\":\"https:\\\/\\\/wobronietradycjiiwiary.com\\\/proprium-missae-xix-niedziela-po-zeslaniu-ducha-swietego-dominica-xix-post-pentecosten-2\\\/#primaryimage\",\"url\":\"https:\\\/\\\/wobronietradycjiiwiary.com\\\/wp-content\\\/uploads\\\/2019\\\/10\\\/19-Tintoretto_TheWeddingFeast-1024x722.jpg\",\"contentUrl\":\"https:\\\/\\\/wobronietradycjiiwiary.com\\\/wp-content\\\/uploads\\\/2019\\\/10\\\/19-Tintoretto_TheWeddingFeast-1024x722.jpg\",\"width\":1024,\"height\":722},{\"@type\":\"BreadcrumbList\",\"@id\":\"https:\\\/\\\/wobronietradycjiiwiary.com\\\/proprium-missae-xix-niedziela-po-zeslaniu-ducha-swietego-dominica-xix-post-pentecosten-2\\\/#breadcrumb\",\"itemListElement\":[{\"@type\":\"ListItem\",\"position\":1,\"name\":\"Strona g\u0142\u00f3wna\",\"item\":\"https:\\\/\\\/wobronietradycjiiwiary.com\\\/\"},{\"@type\":\"ListItem\",\"position\":2,\"name\":\"Proprium missae &#8211; XIX Niedziela po Zes\u0142aniu Ducha \u015awi\u0119tego &#8211; Dominica XIX post Pentecosten\"}]},{\"@type\":\"WebSite\",\"@id\":\"https:\\\/\\\/wobronietradycjiiwiary.com\\\/pl\\\/#website\",\"url\":\"https:\\\/\\\/wobronietradycjiiwiary.com\\\/pl\\\/\",\"name\":\"Tradycja i Wiara\",\"description\":\"Portal dla katolik\u00f3w.\",\"publisher\":{\"@id\":\"https:\\\/\\\/wobronietradycjiiwiary.com\\\/pl\\\/#organization\"},\"potentialAction\":[{\"@type\":\"SearchAction\",\"target\":{\"@type\":\"EntryPoint\",\"urlTemplate\":\"https:\\\/\\\/wobronietradycjiiwiary.com\\\/pl\\\/?s={search_term_string}\"},\"query-input\":{\"@type\":\"PropertyValueSpecification\",\"valueRequired\":true,\"valueName\":\"search_term_string\"}}],\"inLanguage\":\"en-US\"},{\"@type\":\"Organization\",\"@id\":\"https:\\\/\\\/wobronietradycjiiwiary.com\\\/pl\\\/#organization\",\"name\":\"Tradycja i Wiara\",\"url\":\"https:\\\/\\\/wobronietradycjiiwiary.com\\\/pl\\\/\",\"logo\":{\"@type\":\"ImageObject\",\"inLanguage\":\"en-US\",\"@id\":\"https:\\\/\\\/wobronietradycjiiwiary.com\\\/pl\\\/#\\\/schema\\\/logo\\\/image\\\/\",\"url\":\"https:\\\/\\\/i0.wp.com\\\/wobronietradycjiiwiary.com\\\/wp-content\\\/uploads\\\/2015\\\/10\\\/cropped-st-peters-dome-vatican.jpg?fit=940%2C198&ssl=1\",\"contentUrl\":\"https:\\\/\\\/i0.wp.com\\\/wobronietradycjiiwiary.com\\\/wp-content\\\/uploads\\\/2015\\\/10\\\/cropped-st-peters-dome-vatican.jpg?fit=940%2C198&ssl=1\",\"width\":940,\"height\":198,\"caption\":\"Tradycja i Wiara\"},\"image\":{\"@id\":\"https:\\\/\\\/wobronietradycjiiwiary.com\\\/pl\\\/#\\\/schema\\\/logo\\\/image\\\/\"},\"sameAs\":[\"https:\\\/\\\/www.facebook.com\\\/Tradycja-i-Wiara-108813920592249\"]},{\"@type\":\"Person\",\"@id\":\"https:\\\/\\\/wobronietradycjiiwiary.com\\\/pl\\\/#\\\/schema\\\/person\\\/2d6180ce6abcb681fef0daab7816e8f3\",\"name\":\"Traditio et Fides\",\"sameAs\":[\"https:\\\/\\\/traditionundglauben.com\"],\"url\":\"https:\\\/\\\/wobronietradycjiiwiary.com\\\/en\\\/author\\\/wobronietradycjiiwiary\\\/\"}]}<\/script>\n<!-- \/ Yoast SEO plugin. -->","yoast_head_json":{"title":"Proprium missae - XIX Niedziela po Zes\u0142aniu Ducha \u015awi\u0119tego - Dominica XIX post Pentecosten - Tradycja i Wiara","description":"Proprium missae - XIX Niedziela po Zes\u0142aniu Ducha \u015awi\u0119tego - Dominica XIX post Pentecosten Proprium missae Msza Trydencka katolicyzm","robots":{"index":"index","follow":"follow","max-snippet":"max-snippet:-1","max-image-preview":"max-image-preview:large","max-video-preview":"max-video-preview:-1"},"canonical":"https:\/\/wobronietradycjiiwiary.com\/en\/proprium-missae-xix-niedziela-po-zeslaniu-ducha-swietego-dominica-xix-post-pentecosten-2\/","og_locale":"en_US","og_type":"article","og_title":"Proprium missae - XIX Niedziela po Zes\u0142aniu Ducha \u015awi\u0119tego - Dominica XIX post Pentecosten - Tradycja i Wiara","og_description":"Proprium missae - XIX Niedziela po Zes\u0142aniu Ducha \u015awi\u0119tego - Dominica XIX post Pentecosten Proprium missae Msza Trydencka katolicyzm","og_url":"https:\/\/wobronietradycjiiwiary.com\/en\/proprium-missae-xix-niedziela-po-zeslaniu-ducha-swietego-dominica-xix-post-pentecosten-2\/","og_site_name":"Tradycja i Wiara","article_publisher":"https:\/\/www.facebook.com\/Tradycja-i-Wiara-108813920592249","article_published_time":"2019-10-19T17:00:08+00:00","article_modified_time":"2025-02-07T15:00:59+00:00","og_image":[{"width":1024,"height":722,"url":"https:\/\/i1.wp.com\/wobronietradycjiiwiary.com\/wp-content\/uploads\/2019\/10\/19-Tintoretto_TheWeddingFeast-1024x722.jpg?fit=1024%2C722&ssl=1","type":"image\/jpeg"}],"author":"Traditio et Fides","twitter_card":"summary_large_image","twitter_misc":{"Written by":"Traditio et Fides","Est. reading time":"2 minutes"},"schema":{"@context":"https:\/\/schema.org","@graph":[{"@type":"Article","@id":"https:\/\/wobronietradycjiiwiary.com\/proprium-missae-xix-niedziela-po-zeslaniu-ducha-swietego-dominica-xix-post-pentecosten-2\/#article","isPartOf":{"@id":"https:\/\/wobronietradycjiiwiary.com\/proprium-missae-xix-niedziela-po-zeslaniu-ducha-swietego-dominica-xix-post-pentecosten-2\/"},"author":{"name":"Traditio et Fides","@id":"https:\/\/wobronietradycjiiwiary.com\/pl\/#\/schema\/person\/2d6180ce6abcb681fef0daab7816e8f3"},"headline":"Proprium missae &#8211; XIX Niedziela po Zes\u0142aniu Ducha \u015awi\u0119tego &#8211; Dominica XIX post Pentecosten","datePublished":"2019-10-19T17:00:08+00:00","dateModified":"2025-02-07T15:00:59+00:00","mainEntityOfPage":{"@id":"https:\/\/wobronietradycjiiwiary.com\/proprium-missae-xix-niedziela-po-zeslaniu-ducha-swietego-dominica-xix-post-pentecosten-2\/"},"wordCount":465,"commentCount":0,"publisher":{"@id":"https:\/\/wobronietradycjiiwiary.com\/pl\/#organization"},"image":{"@id":"https:\/\/wobronietradycjiiwiary.com\/proprium-missae-xix-niedziela-po-zeslaniu-ducha-swietego-dominica-xix-post-pentecosten-2\/#primaryimage"},"thumbnailUrl":"https:\/\/wobronietradycjiiwiary.com\/wp-content\/uploads\/2019\/10\/19-Tintoretto_TheWeddingFeast-1024x722.jpg","keywords":["Missa Tridentina","Proprium missae"],"articleSection":["Msza Trydencka","Proprium"],"inLanguage":"en-US","potentialAction":[{"@type":"CommentAction","name":"Comment","target":["https:\/\/wobronietradycjiiwiary.com\/proprium-missae-xix-niedziela-po-zeslaniu-ducha-swietego-dominica-xix-post-pentecosten-2\/#respond"]}]},{"@type":"WebPage","@id":"https:\/\/wobronietradycjiiwiary.com\/proprium-missae-xix-niedziela-po-zeslaniu-ducha-swietego-dominica-xix-post-pentecosten-2\/","url":"https:\/\/wobronietradycjiiwiary.com\/proprium-missae-xix-niedziela-po-zeslaniu-ducha-swietego-dominica-xix-post-pentecosten-2\/","name":"Proprium missae - XIX Niedziela po Zes\u0142aniu Ducha \u015awi\u0119tego - Dominica XIX post Pentecosten - Tradycja i Wiara","isPartOf":{"@id":"https:\/\/wobronietradycjiiwiary.com\/pl\/#website"},"primaryImageOfPage":{"@id":"https:\/\/wobronietradycjiiwiary.com\/proprium-missae-xix-niedziela-po-zeslaniu-ducha-swietego-dominica-xix-post-pentecosten-2\/#primaryimage"},"image":{"@id":"https:\/\/wobronietradycjiiwiary.com\/proprium-missae-xix-niedziela-po-zeslaniu-ducha-swietego-dominica-xix-post-pentecosten-2\/#primaryimage"},"thumbnailUrl":"https:\/\/wobronietradycjiiwiary.com\/wp-content\/uploads\/2019\/10\/19-Tintoretto_TheWeddingFeast-1024x722.jpg","datePublished":"2019-10-19T17:00:08+00:00","dateModified":"2025-02-07T15:00:59+00:00","description":"Proprium missae - XIX Niedziela po Zes\u0142aniu Ducha \u015awi\u0119tego - Dominica XIX post Pentecosten Proprium missae Msza Trydencka katolicyzm","breadcrumb":{"@id":"https:\/\/wobronietradycjiiwiary.com\/proprium-missae-xix-niedziela-po-zeslaniu-ducha-swietego-dominica-xix-post-pentecosten-2\/#breadcrumb"},"inLanguage":"en-US","potentialAction":[{"@type":"ReadAction","target":["https:\/\/wobronietradycjiiwiary.com\/proprium-missae-xix-niedziela-po-zeslaniu-ducha-swietego-dominica-xix-post-pentecosten-2\/"]}]},{"@type":"ImageObject","inLanguage":"en-US","@id":"https:\/\/wobronietradycjiiwiary.com\/proprium-missae-xix-niedziela-po-zeslaniu-ducha-swietego-dominica-xix-post-pentecosten-2\/#primaryimage","url":"https:\/\/wobronietradycjiiwiary.com\/wp-content\/uploads\/2019\/10\/19-Tintoretto_TheWeddingFeast-1024x722.jpg","contentUrl":"https:\/\/wobronietradycjiiwiary.com\/wp-content\/uploads\/2019\/10\/19-Tintoretto_TheWeddingFeast-1024x722.jpg","width":1024,"height":722},{"@type":"BreadcrumbList","@id":"https:\/\/wobronietradycjiiwiary.com\/proprium-missae-xix-niedziela-po-zeslaniu-ducha-swietego-dominica-xix-post-pentecosten-2\/#breadcrumb","itemListElement":[{"@type":"ListItem","position":1,"name":"Strona g\u0142\u00f3wna","item":"https:\/\/wobronietradycjiiwiary.com\/"},{"@type":"ListItem","position":2,"name":"Proprium missae &#8211; XIX Niedziela po Zes\u0142aniu Ducha \u015awi\u0119tego &#8211; Dominica XIX post Pentecosten"}]},{"@type":"WebSite","@id":"https:\/\/wobronietradycjiiwiary.com\/pl\/#website","url":"https:\/\/wobronietradycjiiwiary.com\/pl\/","name":"Tradycja i Wiara","description":"Portal dla katolik\u00f3w.","publisher":{"@id":"https:\/\/wobronietradycjiiwiary.com\/pl\/#organization"},"potentialAction":[{"@type":"SearchAction","target":{"@type":"EntryPoint","urlTemplate":"https:\/\/wobronietradycjiiwiary.com\/pl\/?s={search_term_string}"},"query-input":{"@type":"PropertyValueSpecification","valueRequired":true,"valueName":"search_term_string"}}],"inLanguage":"en-US"},{"@type":"Organization","@id":"https:\/\/wobronietradycjiiwiary.com\/pl\/#organization","name":"Tradycja i Wiara","url":"https:\/\/wobronietradycjiiwiary.com\/pl\/","logo":{"@type":"ImageObject","inLanguage":"en-US","@id":"https:\/\/wobronietradycjiiwiary.com\/pl\/#\/schema\/logo\/image\/","url":"https:\/\/i0.wp.com\/wobronietradycjiiwiary.com\/wp-content\/uploads\/2015\/10\/cropped-st-peters-dome-vatican.jpg?fit=940%2C198&ssl=1","contentUrl":"https:\/\/i0.wp.com\/wobronietradycjiiwiary.com\/wp-content\/uploads\/2015\/10\/cropped-st-peters-dome-vatican.jpg?fit=940%2C198&ssl=1","width":940,"height":198,"caption":"Tradycja i Wiara"},"image":{"@id":"https:\/\/wobronietradycjiiwiary.com\/pl\/#\/schema\/logo\/image\/"},"sameAs":["https:\/\/www.facebook.com\/Tradycja-i-Wiara-108813920592249"]},{"@type":"Person","@id":"https:\/\/wobronietradycjiiwiary.com\/pl\/#\/schema\/person\/2d6180ce6abcb681fef0daab7816e8f3","name":"Traditio et Fides","sameAs":["https:\/\/traditionundglauben.com"],"url":"https:\/\/wobronietradycjiiwiary.com\/en\/author\/wobronietradycjiiwiary\/"}]}},"jetpack_publicize_connections":[],"jetpack_sharing_enabled":true,"jetpack_likes_enabled":true,"jetpack_shortlink":"https:\/\/wp.me\/pc04Sd-5DY","jetpack-related-posts":[{"id":148842,"url":"https:\/\/wobronietradycjiiwiary.com\/en\/proprium-missae-xix-niedziela-po-zeslaniu-ducha-swietego-dominica-xix-post-pentecosten-4-3-2-2\/","url_meta":{"origin":21698,"position":0},"title":"Proprium missae &#8211; XIX Niedziela po Zes\u0142aniu Ducha \u015awi\u0119tego &#8211; Dominica XIX post Pentecosten","author":"Traditio et Fides","date":"18 October 2025","format":false,"excerpt":"https:\/\/www.youtube.com\/watch?v=nR7HkP554BY INTROITUS Salus p\u00f3puli ego sum, dicit D\u00f3minus: de quac\u00famque tribulati\u00f3ne clam\u00e1verint ad me, ex\u00e1udiam eos: et ero ill\u00f3rum D\u00f3minus in perp\u00e9tuum Ps 77:1 Attendite, p\u00f3pule meus, legem meam: inclin\u00e1te aurem vestram in verba oris mei. V. Gl\u00f3ria Patri, et F\u00edlio, et Spir\u00edtui Sancto. R. Sicut erat in princ\u00edpio, et\u2026","rel":"","context":"In &quot;Duchowo\u015b\u0107&quot;","block_context":{"text":"Duchowo\u015b\u0107","link":"https:\/\/wobronietradycjiiwiary.com\/en\/category\/duchowosc\/"},"img":{"alt_text":"","src":"https:\/\/i0.wp.com\/wobronietradycjiiwiary.com\/wp-content\/uploads\/2019\/10\/19-Tintoretto_TheWeddingFeast-1024x722.jpg?resize=350%2C200&ssl=1","width":350,"height":200,"srcset":"https:\/\/i0.wp.com\/wobronietradycjiiwiary.com\/wp-content\/uploads\/2019\/10\/19-Tintoretto_TheWeddingFeast-1024x722.jpg?resize=350%2C200&ssl=1 1x, https:\/\/i0.wp.com\/wobronietradycjiiwiary.com\/wp-content\/uploads\/2019\/10\/19-Tintoretto_TheWeddingFeast-1024x722.jpg?resize=525%2C300&ssl=1 1.5x, https:\/\/i0.wp.com\/wobronietradycjiiwiary.com\/wp-content\/uploads\/2019\/10\/19-Tintoretto_TheWeddingFeast-1024x722.jpg?resize=700%2C400&ssl=1 2x"},"classes":[]},{"id":26658,"url":"https:\/\/wobronietradycjiiwiary.com\/en\/proprium-missae-xix-niedziela-po-zeslaniu-ducha-swietego-dominica-xix-post-pentecosten-4\/","url_meta":{"origin":21698,"position":1},"title":"Proprium missae &#8211; XIX Niedziela po Zes\u0142aniu Ducha \u015awi\u0119tego &#8211; Dominica XIX post Pentecosten","author":"Traditio et Fides","date":"10 October 2020","format":false,"excerpt":"https:\/\/www.youtube.com\/watch?v=nR7HkP554BY INTROITUS Salus p\u00f3puli ego sum, dicit D\u00f3minus: de quac\u00famque tribulati\u00f3ne clam\u00e1verint ad me, ex\u00e1udiam eos: et ero ill\u00f3rum D\u00f3minus in perp\u00e9tuum Ps 77:1 Attendite, p\u00f3pule meus, legem meam: inclin\u00e1te aurem vestram in verba oris mei. V. Gl\u00f3ria Patri, et F\u00edlio, et Spir\u00edtui Sancto. R. Sicut erat in princ\u00edpio, et\u2026","rel":"","context":"In &quot;Msza Trydencka&quot;","block_context":{"text":"Msza Trydencka","link":"https:\/\/wobronietradycjiiwiary.com\/en\/category\/duchowosc\/liturgia-i-liturgika\/msza-trydencka\/"},"img":{"alt_text":"","src":"https:\/\/i0.wp.com\/wobronietradycjiiwiary.com\/wp-content\/uploads\/2019\/10\/19-Tintoretto_TheWeddingFeast-1024x722.jpg?resize=350%2C200&ssl=1","width":350,"height":200,"srcset":"https:\/\/i0.wp.com\/wobronietradycjiiwiary.com\/wp-content\/uploads\/2019\/10\/19-Tintoretto_TheWeddingFeast-1024x722.jpg?resize=350%2C200&ssl=1 1x, https:\/\/i0.wp.com\/wobronietradycjiiwiary.com\/wp-content\/uploads\/2019\/10\/19-Tintoretto_TheWeddingFeast-1024x722.jpg?resize=525%2C300&ssl=1 1.5x, https:\/\/i0.wp.com\/wobronietradycjiiwiary.com\/wp-content\/uploads\/2019\/10\/19-Tintoretto_TheWeddingFeast-1024x722.jpg?resize=700%2C400&ssl=1 2x"},"classes":[]},{"id":17299,"url":"https:\/\/wobronietradycjiiwiary.com\/en\/proprium-missae-xix-niedziela-po-zeslaniu-ducha-swietego-dominica-xix-post-pentecosten\/","url_meta":{"origin":21698,"position":2},"title":"Proprium missae &#8211; XIX Niedziela po Zes\u0142aniu Ducha \u015awi\u0119tego &#8211; Dominica XIX post Pentecosten","author":"mariuszjerzy","date":"29 September 2018","format":false,"excerpt":"https:\/\/www.youtube.com\/watch?v=nR7HkP554BY INTROITUS Salus p\u00f3puli ego sum, dicit D\u00f3minus: de quac\u00famque tribulati\u00f3ne clam\u00e1verint ad me, ex\u00e1udiam eos: et ero ill\u00f3rum D\u00f3minus in perp\u00e9tuum Ps 77:1 Attendite, p\u00f3pule meus, legem meam: inclin\u00e1te aurem vestram in verba oris mei. V. Gl\u00f3ria Patri, et F\u00edlio, et Spir\u00edtui Sancto. R. Sicut erat in princ\u00edpio, et\u2026","rel":"","context":"In &quot;Msza Trydencka&quot;","block_context":{"text":"Msza Trydencka","link":"https:\/\/wobronietradycjiiwiary.com\/en\/category\/duchowosc\/liturgia-i-liturgika\/msza-trydencka\/"},"img":{"alt_text":"","src":"https:\/\/i0.wp.com\/img.youtube.com\/vi\/nR7HkP554BY\/0.jpg?resize=350%2C200","width":350,"height":200},"classes":[]},{"id":18298,"url":"https:\/\/wobronietradycjiiwiary.com\/en\/proprium-missae-xix-niedziela-po-zeslaniu-ducha-swietego-dominica-xix-post-pentecosten-3\/","url_meta":{"origin":21698,"position":3},"title":"Proprium missae &#8211; XIX Niedziela po Zes\u0142aniu Ducha \u015awi\u0119tego &#8211; Dominica XIX post Pentecosten","author":"mariuszjerzy","date":"29 September 2018","format":false,"excerpt":"https:\/\/www.youtube.com\/watch?v=nR7HkP554BY INTROITUS Salus p\u00f3puli ego sum, dicit D\u00f3minus: de quac\u00famque tribulati\u00f3ne clam\u00e1verint ad me, ex\u00e1udiam eos: et ero ill\u00f3rum D\u00f3minus in perp\u00e9tuum Ps 77:1 Attendite, p\u00f3pule meus, legem meam: inclin\u00e1te aurem vestram in verba oris mei. V. Gl\u00f3ria Patri, et F\u00edlio, et Spir\u00edtui Sancto. R. Sicut erat in princ\u00edpio, et\u2026","rel":"","context":"In &quot;Msza Trydencka&quot;","block_context":{"text":"Msza Trydencka","link":"https:\/\/wobronietradycjiiwiary.com\/en\/category\/duchowosc\/liturgia-i-liturgika\/msza-trydencka\/"},"img":{"alt_text":"","src":"https:\/\/i0.wp.com\/img.youtube.com\/vi\/nR7HkP554BY\/0.jpg?resize=350%2C200","width":350,"height":200},"classes":[]},{"id":97932,"url":"https:\/\/wobronietradycjiiwiary.com\/en\/proprium-missae-xix-niedziela-po-zeslaniu-ducha-swietego-dominica-xix-post-pentecosten-4-3-2\/","url_meta":{"origin":21698,"position":4},"title":"Proprium missae &#8211; XIX Niedziela po Zes\u0142aniu Ducha \u015awi\u0119tego &#8211; Dominica XIX post Pentecosten","author":"Traditio et Fides","date":"28 September 2024","format":false,"excerpt":"https:\/\/www.youtube.com\/watch?v=nR7HkP554BY INTROITUS Salus p\u00f3puli ego sum, dicit D\u00f3minus: de quac\u00famque tribulati\u00f3ne clam\u00e1verint ad me, ex\u00e1udiam eos: et ero ill\u00f3rum D\u00f3minus in perp\u00e9tuum Ps 77:1 Attendite, p\u00f3pule meus, legem meam: inclin\u00e1te aurem vestram in verba oris mei. V. Gl\u00f3ria Patri, et F\u00edlio, et Spir\u00edtui Sancto. R. Sicut erat in princ\u00edpio, et\u2026","rel":"","context":"In &quot;Duchowo\u015b\u0107&quot;","block_context":{"text":"Duchowo\u015b\u0107","link":"https:\/\/wobronietradycjiiwiary.com\/en\/category\/duchowosc\/"},"img":{"alt_text":"","src":"https:\/\/i0.wp.com\/wobronietradycjiiwiary.com\/wp-content\/uploads\/2019\/10\/19-Tintoretto_TheWeddingFeast-1024x722.jpg?resize=350%2C200&ssl=1","width":350,"height":200,"srcset":"https:\/\/i0.wp.com\/wobronietradycjiiwiary.com\/wp-content\/uploads\/2019\/10\/19-Tintoretto_TheWeddingFeast-1024x722.jpg?resize=350%2C200&ssl=1 1x, https:\/\/i0.wp.com\/wobronietradycjiiwiary.com\/wp-content\/uploads\/2019\/10\/19-Tintoretto_TheWeddingFeast-1024x722.jpg?resize=525%2C300&ssl=1 1.5x, https:\/\/i0.wp.com\/wobronietradycjiiwiary.com\/wp-content\/uploads\/2019\/10\/19-Tintoretto_TheWeddingFeast-1024x722.jpg?resize=700%2C400&ssl=1 2x"},"classes":[]},{"id":45043,"url":"https:\/\/wobronietradycjiiwiary.com\/en\/proprium-missae-xix-niedziela-po-zeslaniu-ducha-swietego-dominica-xix-post-pentecosten-4-2\/","url_meta":{"origin":21698,"position":5},"title":"Proprium missae &#8211; XIX Niedziela po Zes\u0142aniu Ducha \u015awi\u0119tego &#8211; Dominica XIX post Pentecosten","author":"Traditio et Fides","date":"2 October 2021","format":false,"excerpt":"https:\/\/www.youtube.com\/watch?v=nR7HkP554BY INTROITUS Salus p\u00f3puli ego sum, dicit D\u00f3minus: de quac\u00famque tribulati\u00f3ne clam\u00e1verint ad me, ex\u00e1udiam eos: et ero ill\u00f3rum D\u00f3minus in perp\u00e9tuum Ps 77:1 Attendite, p\u00f3pule meus, legem meam: inclin\u00e1te aurem vestram in verba oris mei. V. Gl\u00f3ria Patri, et F\u00edlio, et Spir\u00edtui Sancto. R. Sicut erat in princ\u00edpio, et\u2026","rel":"","context":"In &quot;Msza Trydencka&quot;","block_context":{"text":"Msza Trydencka","link":"https:\/\/wobronietradycjiiwiary.com\/en\/category\/duchowosc\/liturgia-i-liturgika\/msza-trydencka\/"},"img":{"alt_text":"","src":"https:\/\/i0.wp.com\/wobronietradycjiiwiary.com\/wp-content\/uploads\/2019\/10\/19-Tintoretto_TheWeddingFeast-1024x722.jpg?resize=350%2C200&ssl=1","width":350,"height":200,"srcset":"https:\/\/i0.wp.com\/wobronietradycjiiwiary.com\/wp-content\/uploads\/2019\/10\/19-Tintoretto_TheWeddingFeast-1024x722.jpg?resize=350%2C200&ssl=1 1x, https:\/\/i0.wp.com\/wobronietradycjiiwiary.com\/wp-content\/uploads\/2019\/10\/19-Tintoretto_TheWeddingFeast-1024x722.jpg?resize=525%2C300&ssl=1 1.5x, https:\/\/i0.wp.com\/wobronietradycjiiwiary.com\/wp-content\/uploads\/2019\/10\/19-Tintoretto_TheWeddingFeast-1024x722.jpg?resize=700%2C400&ssl=1 2x"},"classes":[]}],"amp_enabled":true,"jetpack_featured_media_url":"https:\/\/wobronietradycjiiwiary.com\/wp-content\/uploads\/2019\/10\/19-Tintoretto_TheWeddingFeast-1024x722.jpg","_links":{"self":[{"href":"https:\/\/wobronietradycjiiwiary.com\/en\/wp-json\/wp\/v2\/posts\/21698","targetHints":{"allow":["GET"]}}],"collection":[{"href":"https:\/\/wobronietradycjiiwiary.com\/en\/wp-json\/wp\/v2\/posts"}],"about":[{"href":"https:\/\/wobronietradycjiiwiary.com\/en\/wp-json\/wp\/v2\/types\/post"}],"author":[{"embeddable":true,"href":"https:\/\/wobronietradycjiiwiary.com\/en\/wp-json\/wp\/v2\/users\/60508433"}],"replies":[{"embeddable":true,"href":"https:\/\/wobronietradycjiiwiary.com\/en\/wp-json\/wp\/v2\/comments?post=21698"}],"version-history":[{"count":0,"href":"https:\/\/wobronietradycjiiwiary.com\/en\/wp-json\/wp\/v2\/posts\/21698\/revisions"}],"wp:featuredmedia":[{"embeddable":true,"href":"https:\/\/wobronietradycjiiwiary.com\/en\/wp-json\/wp\/v2\/media\/23172"}],"wp:attachment":[{"href":"https:\/\/wobronietradycjiiwiary.com\/en\/wp-json\/wp\/v2\/media?parent=21698"}],"wp:term":[{"taxonomy":"category","embeddable":true,"href":"https:\/\/wobronietradycjiiwiary.com\/en\/wp-json\/wp\/v2\/categories?post=21698"},{"taxonomy":"post_tag","embeddable":true,"href":"https:\/\/wobronietradycjiiwiary.com\/en\/wp-json\/wp\/v2\/tags?post=21698"}],"curies":[{"name":"wp","href":"https:\/\/api.w.org\/{rel}","templated":true}]}}