{"id":21689,"date":"2019-10-05T19:00:15","date_gmt":"2019-10-05T17:00:15","guid":{"rendered":"https:\/\/wobronietradycjiiwiaryblog.wordpress.com\/?p=21689"},"modified":"2025-02-07T16:00:59","modified_gmt":"2025-02-07T15:00:59","slug":"proprium-missae-xvii-niedziela-po-zeslaniu-ducha-swietego-dominica-xvii-post-pentecosten-2","status":"publish","type":"post","link":"https:\/\/wobronietradycjiiwiary.com\/en\/proprium-missae-xvii-niedziela-po-zeslaniu-ducha-swietego-dominica-xvii-post-pentecosten-2\/","title":{"rendered":"Proprium missae &#8211; XVII Niedziela po Zes\u0142aniu Ducha \u015awi\u0119tego &#8211; Dominica XVII post Pentecosten"},"content":{"rendered":"<div id=\"bsf_rt_marker\"><\/div><hr \/>\n<pre style=\"text-align: center;\"><span style=\"text-decoration: underline; color: #0000ff;\"><strong><span style=\"color: #ff0000; text-decoration: underline;\"><a style=\"color: #ff0000; text-decoration: underline;\" href=\"http:\/\/divinumofficium.com\/cgi-bin\/missa\/missa.pl?date=10-06-2019&amp;lang2=Polski\">Divinum Officium - Sancta Missa<\/a><\/span>\n<\/strong><\/span><span style=\"text-decoration: underline;\"><span style=\"color: #339966; text-decoration: underline;\"><strong><a style=\"color: #339966; text-decoration: underline;\" href=\"http:\/\/www.mszatrydencka.waw.pl\/images\/stories\/pdf\/rubrycela2019.pdf\">Rubrycela Mszalna na Rok Pa\u0144ski 2019<\/a><\/strong><\/span><\/span><span style=\"text-decoration: underline; color: #0000ff;\"><strong>\n<a href=\"http:\/\/www.albert.pulawy.pl\/calendarium\/\"><span style=\"color: #0000ff; text-decoration: underline;\">Kalendarz Liturgiczny Zwyczajnej i Nadzwyczajnej Formy Rytu Rzymskiego<\/span><\/a>\n<\/strong><\/span><\/pre>\n<hr \/>\n<p><\/p>\n<p><span class=\"embed-youtube\" style=\"text-align:center; display: block;\"><iframe class=\"youtube-player\" width=\"580\" height=\"327\" src=\"https:\/\/www.youtube.com\/embed\/S2k1keMtzXs?version=3&#038;rel=1&#038;showsearch=0&#038;showinfo=1&#038;iv_load_policy=1&#038;fs=1&#038;hl=en-US&#038;autohide=2&#038;wmode=transparent\" allowfullscreen=\"true\" style=\"border:0;\" sandbox=\"allow-scripts allow-same-origin allow-popups allow-presentation allow-popups-to-escape-sandbox\"><\/iframe><\/span><\/p>\n<table>\n<tbody>\n<tr>\n<td colspan=\"2\" width=\"614\"><strong><em>INTROITUS<\/em><\/strong><\/td>\n<\/tr>\n<tr>\n<td width=\"307\"><em>Ps 118:137; 118:124<\/em><br \/><strong><em>I<\/em><\/strong>ustus es, D\u00f3mine, et rectum iudicium tuum: fac cum servo tuo sec\u00fandum miseric\u00f3rdiam tuam.\n<p>\u00a0<\/p>\n<p><em>Ps 118:1<\/em><br \/>Be\u00e1ti immacul\u00e1ti in via: qui \u00e1mbulant in lege D\u00f3mini.<br \/><em>V.<\/em> Gl\u00f3ria Patri, et F\u00edlio, et Spir\u00edtui Sancto.<br \/><em>R.<\/em> Sicut erat in princ\u00edpio, et nunc, et semper, et in saecula saecul\u00f3rum. Amen<\/p>\n<p><em>Ps 118:137; 118:124<\/em><br \/><strong><em>I<\/em><\/strong>ustus es, D\u00f3mine, et rectum iudicium tuum: fac cum servo tuo sec\u00fandum miseric\u00f3rdiam tuam.<\/p>\n<\/td>\n<td width=\"307\"><em>Ps 118:137; 118:124<\/em><br \/><strong><em>S<\/em><\/strong>prawiedliwy jeste\u015b, Panie, i s\u0142uszne s\u0105 wyroki Twoje. Post\u0105p ze s\u0142ug\u0105 Twoim, wedle Twej lito\u015bci.\n<p>\u00a0<\/p>\n<p><em>Ps 118:1<\/em><br \/>B\u0142ogos\u0142awieni, wiod\u0105cy \u017cycie bez skazy, kt\u00f3rzy wedle Pa\u0144skiego prawa post\u0119puj\u0105.<br \/><em>V.<\/em> Chwa\u0142a Ojcu, i Synowi i Duchowi \u015awi\u0119temu.<br \/><em>R.<\/em> Jak by\u0142a na pocz\u0105tku, teraz i zawsze i na wieki wiek\u00f3w. Amen.<\/p>\n<p><em>Ps 118:137; 118:124<\/em><br \/><strong><em>S<\/em><\/strong>prawiedliwy jeste\u015b, Panie, i s\u0142uszne s\u0105 wyroki Twoje. Post\u0105p ze s\u0142ug\u0105 Twoim, wedle Twej lito\u015bci.<\/p>\n<\/td>\n<\/tr>\n<\/tbody>\n<\/table>\n<p><\/p>\n<p><span class=\"embed-youtube\" style=\"text-align:center; display: block;\"><iframe class=\"youtube-player\" width=\"580\" height=\"327\" src=\"https:\/\/www.youtube.com\/embed\/k04noeEF7Tk?version=3&#038;rel=1&#038;showsearch=0&#038;showinfo=1&#038;iv_load_policy=1&#038;fs=1&#038;hl=en-US&#038;autohide=2&#038;wmode=transparent\" allowfullscreen=\"true\" style=\"border:0;\" sandbox=\"allow-scripts allow-same-origin allow-popups allow-presentation allow-popups-to-escape-sandbox\"><\/iframe><\/span><\/p>\n<table>\n<tbody>\n<tr>\n<td colspan=\"2\" width=\"614\"><strong><em>GRADUALE<\/em><\/strong><\/td>\n<\/tr>\n<tr>\n<td width=\"307\"><em>Ps 32:12; 32:6<\/em><br \/>Be\u00e1ta gens, cuius est D\u00f3minus Deus e\u00f3rum: p\u00f3pulus, quem el\u00e9git D\u00f3minus in heredit\u00e1tem sibi.<br \/><em>V.<\/em> Verbo D\u00f3mini coeli firm\u00e1ti sunt: et sp\u00edritu oris eius omnis virtus e\u00f3rum.<\/td>\n<td width=\"307\"><em>Ps 32:12; 32:6<\/em><br \/>Szcz\u0119\u015bliwy nar\u00f3d, kt\u00f3rego Bogiem jest Pan, ten lud, kt\u00f3ry Pan sobie na dziedzictwo wybra\u0142.<br \/><em>V.<\/em> S\u0142owem Pa\u0144skim niebiosa wzniesione i tchnieniem ust Jego wszystkich gwiazd zast\u0119py.<\/td>\n<\/tr>\n<\/tbody>\n<\/table>\n<p><\/p>\n<p><span class=\"embed-youtube\" style=\"text-align:center; display: block;\"><iframe class=\"youtube-player\" width=\"580\" height=\"327\" src=\"https:\/\/www.youtube.com\/embed\/FLV5LXoRxQ0?version=3&#038;rel=1&#038;showsearch=0&#038;showinfo=1&#038;iv_load_policy=1&#038;fs=1&#038;hl=en-US&#038;autohide=2&#038;wmode=transparent\" allowfullscreen=\"true\" style=\"border:0;\" sandbox=\"allow-scripts allow-same-origin allow-popups allow-presentation allow-popups-to-escape-sandbox\"><\/iframe><\/span><\/p>\n<table>\n<tbody>\n<tr>\n<td colspan=\"2\" width=\"614\"><strong><em>ALLELUIA<\/em><\/strong><\/td>\n<\/tr>\n<tr>\n<td width=\"307\">Allel\u00faia, allel\u00faia<br \/><em>Ps 101:2<\/em><br \/>D\u00f3mine, ex\u00e1udi orati\u00f3nem meam, et clamor meus ad te perv\u00e9niat. Allel\u00faia.<\/td>\n<td width=\"307\">Alleluja, alleluja.<br \/><em>Ps 101:2<\/em><br \/>Panie, wys\u0142uchaj modlitw\u0119 moj\u0105, a wo\u0142anie moje niech do Ciebie przyjdzie. Alleluja.<\/td>\n<\/tr>\n<\/tbody>\n<\/table>\n<p><\/p>\n<p><span class=\"embed-youtube\" style=\"text-align:center; display: block;\"><iframe class=\"youtube-player\" width=\"580\" height=\"327\" src=\"https:\/\/www.youtube.com\/embed\/-YIpH5eZBuI?version=3&#038;rel=1&#038;showsearch=0&#038;showinfo=1&#038;iv_load_policy=1&#038;fs=1&#038;hl=en-US&#038;autohide=2&#038;wmode=transparent\" allowfullscreen=\"true\" style=\"border:0;\" sandbox=\"allow-scripts allow-same-origin allow-popups allow-presentation allow-popups-to-escape-sandbox\"><\/iframe><\/span><\/p>\n<table>\n<tbody>\n<tr>\n<td colspan=\"2\" width=\"614\"><strong><em>OFFERTORIUM<\/em><\/strong><\/td>\n<\/tr>\n<tr>\n<td width=\"307\"><em>Dan 9:17; 9:18; 9:19<\/em><br \/>Or\u00e1vi Deum meum ego D\u00e1niel, dicens: Ex\u00e1udi, D\u00f3mine, preces servi tui: ill\u00famina f\u00e1ciem tuam super sanctu\u00e1rium tuum: et prop\u00edtius int\u00e9nde p\u00f3pulum istum, super quem invoc\u00e1tum est nomen tuum, Deus.<\/td>\n<td width=\"307\"><em>Dn 9:17; 9:18; 9:19<\/em><br \/>Modli\u0142em si\u0119 do Boga mego ja, Daniel, m\u00f3wi\u0105c: Wys\u0142uchaj, Panie, modlitwy s\u0142ugi Twego, rozja\u015bnij oblicze nad \u015bwi\u0105tyni\u0105 swoj\u0105 i wejrzyj \u0142askawie na ten lud, nad kt\u00f3rym wezwane jest Imi\u0119 Twoje Bo\u017ce.<\/td>\n<\/tr>\n<\/tbody>\n<\/table>\n<p><\/p>\n<p><span class=\"embed-youtube\" style=\"text-align:center; display: block;\"><iframe class=\"youtube-player\" width=\"580\" height=\"327\" src=\"https:\/\/www.youtube.com\/embed\/1VmLiNKGY5I?version=3&#038;rel=1&#038;showsearch=0&#038;showinfo=1&#038;iv_load_policy=1&#038;fs=1&#038;hl=en-US&#038;autohide=2&#038;wmode=transparent\" allowfullscreen=\"true\" style=\"border:0;\" sandbox=\"allow-scripts allow-same-origin allow-popups allow-presentation allow-popups-to-escape-sandbox\"><\/iframe><\/span><\/p>\n<table>\n<tbody>\n<tr>\n<td colspan=\"2\" width=\"614\"><strong><em>COMMUNIO<\/em><\/strong><\/td>\n<\/tr>\n<tr>\n<td width=\"307\"><em>Ps 75:12-13<\/em><br \/>Vov\u00e9te et r\u00e9ddite D\u00f3mino, Deo vestro, omnes, qui in circ\u00faitu eius aff\u00e9rtis m\u00fanera: terr\u00edbili, et ei qui aufert sp\u00edritum pr\u00edncipum: terr\u00edbili apud omnes reges terr\u00e6.<\/td>\n<td width=\"307\"><em>Ps 75:12-13<\/em><br \/>Czy\u0144cie \u015bluby i wype\u0142niajcie Panu, Bogu waszemu. Wszyscy woko\u0142o dary przyno\u015bcie straszliwemu, kt\u00f3ry dum\u0119 ksi\u0105\u017c\u0105t ukraca, straszliwemu dla wszystkich kr\u00f3l\u00f3w tej ziemi.<\/td>\n<\/tr>\n<\/tbody>\n<\/table>","protected":false},"excerpt":{"rendered":"<p>Divinum Officium &#8211; Sancta Missa Rubrycela Mszalna na Rok Pa\u0144ski 2019 Kalendarz Liturgiczny Zwyczajnej i Nadzwyczajnej Formy Rytu Rzymskiego INTROITUS Ps 118:137; 118:124Iustus es, D\u00f3mine, et rectum iudicium tuum: fac cum servo tuo sec\u00fandum miseric\u00f3rdiam tuam. \u00a0 Ps 118:1Be\u00e1ti immacul\u00e1ti in via: qui \u00e1mbulant in lege D\u00f3mini.V. Gl\u00f3ria Patri, et F\u00edlio, et Spir\u00edtui Sancto.R. Sicut [&hellip;]<\/p>\n","protected":false},"author":60508433,"featured_media":23176,"comment_status":"open","ping_status":"closed","sticky":false,"template":"","format":"standard","meta":{"_bbp_topic_count":0,"_bbp_reply_count":0,"_bbp_total_topic_count":0,"_bbp_total_reply_count":0,"_bbp_voice_count":0,"_bbp_anonymous_reply_count":0,"_bbp_topic_count_hidden":0,"_bbp_reply_count_hidden":0,"_bbp_forum_subforum_count":0,"_editorskit_title_hidden":false,"_editorskit_reading_time":0,"_editorskit_is_block_options_detached":false,"_editorskit_block_options_position":"{}","_coblocks_attr":"","_coblocks_dimensions":"","_coblocks_responsive_height":"","_coblocks_accordion_ie_support":"","_exactmetrics_skip_tracking":false,"_jetpack_newsletter_access":"","_jetpack_dont_email_post_to_subs":false,"_jetpack_newsletter_tier_id":0,"_jetpack_memberships_contains_paywalled_content":false,"_wpcom_ai_launchpad_first_post":false,"_jetpack_feature_clip_id":0,"_jetpack_memberships_contains_paid_content":false,"footnotes":"","jetpack_publicize_message":"{title}\n\n{excerpt}\n\n{url}","jetpack_publicize_feature_enabled":true,"jetpack_social_post_already_shared":true,"jetpack_social_options":{"image_generator_settings":{"template":"highway","default_image_id":0,"font":"","enabled":false},"version":2},"_wpas_customize_per_network":false,"jetpack_post_was_ever_published":false},"categories":[5647912,20472889],"tags":[1053804,527077037],"class_list":["post-21689","post","type-post","status-publish","format-standard","has-post-thumbnail","hentry","category-msza-trydencka","category-proprium","tag-missa-tridentina","tag-proprium-missae"],"yoast_head":"<!-- This site is optimized with the Yoast SEO plugin v28.4 - https:\/\/yoast.com\/product\/yoast-seo-wordpress\/ -->\n<title>Proprium missae - XVII Niedziela po Zes\u0142aniu Ducha \u015awi\u0119tego - Dominica XVII post Pentecosten - Tradycja i Wiara<\/title>\n<meta name=\"robots\" content=\"index, follow, max-snippet:-1, max-image-preview:large, max-video-preview:-1\" \/>\n<link rel=\"canonical\" href=\"https:\/\/wobronietradycjiiwiary.com\/en\/proprium-missae-xvii-niedziela-po-zeslaniu-ducha-swietego-dominica-xvii-post-pentecosten-2\/\" \/>\n<meta property=\"og:locale\" content=\"en_US\" \/>\n<meta property=\"og:type\" content=\"article\" \/>\n<meta property=\"og:title\" content=\"Proprium missae - XVII Niedziela po Zes\u0142aniu Ducha \u015awi\u0119tego - Dominica XVII post Pentecosten - Tradycja i Wiara\" \/>\n<meta property=\"og:description\" content=\"Divinum Officium - Sancta Missa Rubrycela Mszalna na Rok Pa\u0144ski 2019 Kalendarz Liturgiczny Zwyczajnej i Nadzwyczajnej Formy Rytu Rzymskiego INTROITUS Ps 118:137; 118:124Iustus es, D\u00f3mine, et rectum iudicium tuum: fac cum servo tuo sec\u00fandum miseric\u00f3rdiam tuam. \u00a0 Ps 118:1Be\u00e1ti immacul\u00e1ti in via: qui \u00e1mbulant in lege D\u00f3mini.V. Gl\u00f3ria Patri, et F\u00edlio, et Spir\u00edtui Sancto.R. Sicut [&hellip;]\" \/>\n<meta property=\"og:url\" content=\"https:\/\/wobronietradycjiiwiary.com\/en\/proprium-missae-xvii-niedziela-po-zeslaniu-ducha-swietego-dominica-xvii-post-pentecosten-2\/\" \/>\n<meta property=\"og:site_name\" content=\"Tradycja i Wiara\" \/>\n<meta property=\"article:publisher\" content=\"https:\/\/www.facebook.com\/Tradycja-i-Wiara-108813920592249\" \/>\n<meta property=\"article:published_time\" content=\"2019-10-05T17:00:15+00:00\" \/>\n<meta property=\"article:modified_time\" content=\"2025-02-07T15:00:59+00:00\" \/>\n<meta property=\"og:image\" content=\"https:\/\/i0.wp.com\/wobronietradycjiiwiary.com\/wp-content\/uploads\/2019\/10\/17-Jesus3.jpg?fit=1000%2C551&ssl=1\" \/>\n\t<meta property=\"og:image:width\" content=\"1000\" \/>\n\t<meta property=\"og:image:height\" content=\"551\" \/>\n\t<meta property=\"og:image:type\" content=\"image\/jpeg\" \/>\n<meta name=\"author\" content=\"Traditio et Fides\" \/>\n<meta name=\"twitter:card\" content=\"summary_large_image\" \/>\n<meta name=\"twitter:label1\" content=\"Written by\" \/>\n\t<meta name=\"twitter:data1\" content=\"Traditio et Fides\" \/>\n\t<meta name=\"twitter:label2\" content=\"Est. reading time\" \/>\n\t<meta name=\"twitter:data2\" content=\"3 minutes\" \/>\n<script type=\"application\/ld+json\" class=\"yoast-schema-graph\">{\"@context\":\"https:\\\/\\\/schema.org\",\"@graph\":[{\"@type\":\"Article\",\"@id\":\"https:\\\/\\\/wobronietradycjiiwiary.com\\\/proprium-missae-xvii-niedziela-po-zeslaniu-ducha-swietego-dominica-xvii-post-pentecosten-2\\\/#article\",\"isPartOf\":{\"@id\":\"https:\\\/\\\/wobronietradycjiiwiary.com\\\/proprium-missae-xvii-niedziela-po-zeslaniu-ducha-swietego-dominica-xvii-post-pentecosten-2\\\/\"},\"author\":{\"name\":\"Traditio et Fides\",\"@id\":\"https:\\\/\\\/wobronietradycjiiwiary.com\\\/pl\\\/#\\\/schema\\\/person\\\/2d6180ce6abcb681fef0daab7816e8f3\"},\"headline\":\"Proprium missae &#8211; XVII Niedziela po Zes\u0142aniu Ducha \u015awi\u0119tego &#8211; Dominica XVII post Pentecosten\",\"datePublished\":\"2019-10-05T17:00:15+00:00\",\"dateModified\":\"2025-02-07T15:00:59+00:00\",\"mainEntityOfPage\":{\"@id\":\"https:\\\/\\\/wobronietradycjiiwiary.com\\\/proprium-missae-xvii-niedziela-po-zeslaniu-ducha-swietego-dominica-xvii-post-pentecosten-2\\\/\"},\"wordCount\":503,\"commentCount\":1,\"publisher\":{\"@id\":\"https:\\\/\\\/wobronietradycjiiwiary.com\\\/pl\\\/#organization\"},\"image\":{\"@id\":\"https:\\\/\\\/wobronietradycjiiwiary.com\\\/proprium-missae-xvii-niedziela-po-zeslaniu-ducha-swietego-dominica-xvii-post-pentecosten-2\\\/#primaryimage\"},\"thumbnailUrl\":\"https:\\\/\\\/wobronietradycjiiwiary.com\\\/wp-content\\\/uploads\\\/2019\\\/10\\\/17-Jesus3.jpg\",\"keywords\":[\"Missa Tridentina\",\"Proprium missae\"],\"articleSection\":[\"Msza Trydencka\",\"Proprium\"],\"inLanguage\":\"en-US\",\"potentialAction\":[{\"@type\":\"CommentAction\",\"name\":\"Comment\",\"target\":[\"https:\\\/\\\/wobronietradycjiiwiary.com\\\/proprium-missae-xvii-niedziela-po-zeslaniu-ducha-swietego-dominica-xvii-post-pentecosten-2\\\/#respond\"]}]},{\"@type\":\"WebPage\",\"@id\":\"https:\\\/\\\/wobronietradycjiiwiary.com\\\/proprium-missae-xvii-niedziela-po-zeslaniu-ducha-swietego-dominica-xvii-post-pentecosten-2\\\/\",\"url\":\"https:\\\/\\\/wobronietradycjiiwiary.com\\\/proprium-missae-xvii-niedziela-po-zeslaniu-ducha-swietego-dominica-xvii-post-pentecosten-2\\\/\",\"name\":\"Proprium missae - XVII Niedziela po Zes\u0142aniu Ducha \u015awi\u0119tego - Dominica XVII post Pentecosten - Tradycja i Wiara\",\"isPartOf\":{\"@id\":\"https:\\\/\\\/wobronietradycjiiwiary.com\\\/pl\\\/#website\"},\"primaryImageOfPage\":{\"@id\":\"https:\\\/\\\/wobronietradycjiiwiary.com\\\/proprium-missae-xvii-niedziela-po-zeslaniu-ducha-swietego-dominica-xvii-post-pentecosten-2\\\/#primaryimage\"},\"image\":{\"@id\":\"https:\\\/\\\/wobronietradycjiiwiary.com\\\/proprium-missae-xvii-niedziela-po-zeslaniu-ducha-swietego-dominica-xvii-post-pentecosten-2\\\/#primaryimage\"},\"thumbnailUrl\":\"https:\\\/\\\/wobronietradycjiiwiary.com\\\/wp-content\\\/uploads\\\/2019\\\/10\\\/17-Jesus3.jpg\",\"datePublished\":\"2019-10-05T17:00:15+00:00\",\"dateModified\":\"2025-02-07T15:00:59+00:00\",\"breadcrumb\":{\"@id\":\"https:\\\/\\\/wobronietradycjiiwiary.com\\\/proprium-missae-xvii-niedziela-po-zeslaniu-ducha-swietego-dominica-xvii-post-pentecosten-2\\\/#breadcrumb\"},\"inLanguage\":\"en-US\",\"potentialAction\":[{\"@type\":\"ReadAction\",\"target\":[\"https:\\\/\\\/wobronietradycjiiwiary.com\\\/proprium-missae-xvii-niedziela-po-zeslaniu-ducha-swietego-dominica-xvii-post-pentecosten-2\\\/\"]}]},{\"@type\":\"ImageObject\",\"inLanguage\":\"en-US\",\"@id\":\"https:\\\/\\\/wobronietradycjiiwiary.com\\\/proprium-missae-xvii-niedziela-po-zeslaniu-ducha-swietego-dominica-xvii-post-pentecosten-2\\\/#primaryimage\",\"url\":\"https:\\\/\\\/wobronietradycjiiwiary.com\\\/wp-content\\\/uploads\\\/2019\\\/10\\\/17-Jesus3.jpg\",\"contentUrl\":\"https:\\\/\\\/wobronietradycjiiwiary.com\\\/wp-content\\\/uploads\\\/2019\\\/10\\\/17-Jesus3.jpg\",\"width\":1000,\"height\":551},{\"@type\":\"BreadcrumbList\",\"@id\":\"https:\\\/\\\/wobronietradycjiiwiary.com\\\/proprium-missae-xvii-niedziela-po-zeslaniu-ducha-swietego-dominica-xvii-post-pentecosten-2\\\/#breadcrumb\",\"itemListElement\":[{\"@type\":\"ListItem\",\"position\":1,\"name\":\"Strona g\u0142\u00f3wna\",\"item\":\"https:\\\/\\\/wobronietradycjiiwiary.com\\\/\"},{\"@type\":\"ListItem\",\"position\":2,\"name\":\"Proprium missae &#8211; XVII Niedziela po Zes\u0142aniu Ducha \u015awi\u0119tego &#8211; Dominica XVII post Pentecosten\"}]},{\"@type\":\"WebSite\",\"@id\":\"https:\\\/\\\/wobronietradycjiiwiary.com\\\/pl\\\/#website\",\"url\":\"https:\\\/\\\/wobronietradycjiiwiary.com\\\/pl\\\/\",\"name\":\"Tradycja i Wiara\",\"description\":\"Portal dla katolik\u00f3w.\",\"publisher\":{\"@id\":\"https:\\\/\\\/wobronietradycjiiwiary.com\\\/pl\\\/#organization\"},\"potentialAction\":[{\"@type\":\"SearchAction\",\"target\":{\"@type\":\"EntryPoint\",\"urlTemplate\":\"https:\\\/\\\/wobronietradycjiiwiary.com\\\/pl\\\/?s={search_term_string}\"},\"query-input\":{\"@type\":\"PropertyValueSpecification\",\"valueRequired\":true,\"valueName\":\"search_term_string\"}}],\"inLanguage\":\"en-US\"},{\"@type\":\"Organization\",\"@id\":\"https:\\\/\\\/wobronietradycjiiwiary.com\\\/pl\\\/#organization\",\"name\":\"Tradycja i Wiara\",\"url\":\"https:\\\/\\\/wobronietradycjiiwiary.com\\\/pl\\\/\",\"logo\":{\"@type\":\"ImageObject\",\"inLanguage\":\"en-US\",\"@id\":\"https:\\\/\\\/wobronietradycjiiwiary.com\\\/pl\\\/#\\\/schema\\\/logo\\\/image\\\/\",\"url\":\"https:\\\/\\\/i0.wp.com\\\/wobronietradycjiiwiary.com\\\/wp-content\\\/uploads\\\/2015\\\/10\\\/cropped-st-peters-dome-vatican.jpg?fit=940%2C198&ssl=1\",\"contentUrl\":\"https:\\\/\\\/i0.wp.com\\\/wobronietradycjiiwiary.com\\\/wp-content\\\/uploads\\\/2015\\\/10\\\/cropped-st-peters-dome-vatican.jpg?fit=940%2C198&ssl=1\",\"width\":940,\"height\":198,\"caption\":\"Tradycja i Wiara\"},\"image\":{\"@id\":\"https:\\\/\\\/wobronietradycjiiwiary.com\\\/pl\\\/#\\\/schema\\\/logo\\\/image\\\/\"},\"sameAs\":[\"https:\\\/\\\/www.facebook.com\\\/Tradycja-i-Wiara-108813920592249\"]},{\"@type\":\"Person\",\"@id\":\"https:\\\/\\\/wobronietradycjiiwiary.com\\\/pl\\\/#\\\/schema\\\/person\\\/2d6180ce6abcb681fef0daab7816e8f3\",\"name\":\"Traditio et Fides\",\"sameAs\":[\"https:\\\/\\\/traditionundglauben.com\"],\"url\":\"https:\\\/\\\/wobronietradycjiiwiary.com\\\/en\\\/author\\\/wobronietradycjiiwiary\\\/\"}]}<\/script>\n<!-- \/ Yoast SEO plugin. -->","yoast_head_json":{"title":"Proprium missae - XVII Niedziela po Zes\u0142aniu Ducha \u015awi\u0119tego - Dominica XVII post Pentecosten - Tradycja i Wiara","robots":{"index":"index","follow":"follow","max-snippet":"max-snippet:-1","max-image-preview":"max-image-preview:large","max-video-preview":"max-video-preview:-1"},"canonical":"https:\/\/wobronietradycjiiwiary.com\/en\/proprium-missae-xvii-niedziela-po-zeslaniu-ducha-swietego-dominica-xvii-post-pentecosten-2\/","og_locale":"en_US","og_type":"article","og_title":"Proprium missae - XVII Niedziela po Zes\u0142aniu Ducha \u015awi\u0119tego - Dominica XVII post Pentecosten - Tradycja i Wiara","og_description":"Divinum Officium - Sancta Missa Rubrycela Mszalna na Rok Pa\u0144ski 2019 Kalendarz Liturgiczny Zwyczajnej i Nadzwyczajnej Formy Rytu Rzymskiego INTROITUS Ps 118:137; 118:124Iustus es, D\u00f3mine, et rectum iudicium tuum: fac cum servo tuo sec\u00fandum miseric\u00f3rdiam tuam. \u00a0 Ps 118:1Be\u00e1ti immacul\u00e1ti in via: qui \u00e1mbulant in lege D\u00f3mini.V. Gl\u00f3ria Patri, et F\u00edlio, et Spir\u00edtui Sancto.R. Sicut [&hellip;]","og_url":"https:\/\/wobronietradycjiiwiary.com\/en\/proprium-missae-xvii-niedziela-po-zeslaniu-ducha-swietego-dominica-xvii-post-pentecosten-2\/","og_site_name":"Tradycja i Wiara","article_publisher":"https:\/\/www.facebook.com\/Tradycja-i-Wiara-108813920592249","article_published_time":"2019-10-05T17:00:15+00:00","article_modified_time":"2025-02-07T15:00:59+00:00","og_image":[{"width":1000,"height":551,"url":"https:\/\/i0.wp.com\/wobronietradycjiiwiary.com\/wp-content\/uploads\/2019\/10\/17-Jesus3.jpg?fit=1000%2C551&ssl=1","type":"image\/jpeg"}],"author":"Traditio et Fides","twitter_card":"summary_large_image","twitter_misc":{"Written by":"Traditio et Fides","Est. reading time":"3 minutes"},"schema":{"@context":"https:\/\/schema.org","@graph":[{"@type":"Article","@id":"https:\/\/wobronietradycjiiwiary.com\/proprium-missae-xvii-niedziela-po-zeslaniu-ducha-swietego-dominica-xvii-post-pentecosten-2\/#article","isPartOf":{"@id":"https:\/\/wobronietradycjiiwiary.com\/proprium-missae-xvii-niedziela-po-zeslaniu-ducha-swietego-dominica-xvii-post-pentecosten-2\/"},"author":{"name":"Traditio et Fides","@id":"https:\/\/wobronietradycjiiwiary.com\/pl\/#\/schema\/person\/2d6180ce6abcb681fef0daab7816e8f3"},"headline":"Proprium missae &#8211; XVII Niedziela po Zes\u0142aniu Ducha \u015awi\u0119tego &#8211; Dominica XVII post Pentecosten","datePublished":"2019-10-05T17:00:15+00:00","dateModified":"2025-02-07T15:00:59+00:00","mainEntityOfPage":{"@id":"https:\/\/wobronietradycjiiwiary.com\/proprium-missae-xvii-niedziela-po-zeslaniu-ducha-swietego-dominica-xvii-post-pentecosten-2\/"},"wordCount":503,"commentCount":1,"publisher":{"@id":"https:\/\/wobronietradycjiiwiary.com\/pl\/#organization"},"image":{"@id":"https:\/\/wobronietradycjiiwiary.com\/proprium-missae-xvii-niedziela-po-zeslaniu-ducha-swietego-dominica-xvii-post-pentecosten-2\/#primaryimage"},"thumbnailUrl":"https:\/\/wobronietradycjiiwiary.com\/wp-content\/uploads\/2019\/10\/17-Jesus3.jpg","keywords":["Missa Tridentina","Proprium missae"],"articleSection":["Msza Trydencka","Proprium"],"inLanguage":"en-US","potentialAction":[{"@type":"CommentAction","name":"Comment","target":["https:\/\/wobronietradycjiiwiary.com\/proprium-missae-xvii-niedziela-po-zeslaniu-ducha-swietego-dominica-xvii-post-pentecosten-2\/#respond"]}]},{"@type":"WebPage","@id":"https:\/\/wobronietradycjiiwiary.com\/proprium-missae-xvii-niedziela-po-zeslaniu-ducha-swietego-dominica-xvii-post-pentecosten-2\/","url":"https:\/\/wobronietradycjiiwiary.com\/proprium-missae-xvii-niedziela-po-zeslaniu-ducha-swietego-dominica-xvii-post-pentecosten-2\/","name":"Proprium missae - XVII Niedziela po Zes\u0142aniu Ducha \u015awi\u0119tego - Dominica XVII post Pentecosten - Tradycja i Wiara","isPartOf":{"@id":"https:\/\/wobronietradycjiiwiary.com\/pl\/#website"},"primaryImageOfPage":{"@id":"https:\/\/wobronietradycjiiwiary.com\/proprium-missae-xvii-niedziela-po-zeslaniu-ducha-swietego-dominica-xvii-post-pentecosten-2\/#primaryimage"},"image":{"@id":"https:\/\/wobronietradycjiiwiary.com\/proprium-missae-xvii-niedziela-po-zeslaniu-ducha-swietego-dominica-xvii-post-pentecosten-2\/#primaryimage"},"thumbnailUrl":"https:\/\/wobronietradycjiiwiary.com\/wp-content\/uploads\/2019\/10\/17-Jesus3.jpg","datePublished":"2019-10-05T17:00:15+00:00","dateModified":"2025-02-07T15:00:59+00:00","breadcrumb":{"@id":"https:\/\/wobronietradycjiiwiary.com\/proprium-missae-xvii-niedziela-po-zeslaniu-ducha-swietego-dominica-xvii-post-pentecosten-2\/#breadcrumb"},"inLanguage":"en-US","potentialAction":[{"@type":"ReadAction","target":["https:\/\/wobronietradycjiiwiary.com\/proprium-missae-xvii-niedziela-po-zeslaniu-ducha-swietego-dominica-xvii-post-pentecosten-2\/"]}]},{"@type":"ImageObject","inLanguage":"en-US","@id":"https:\/\/wobronietradycjiiwiary.com\/proprium-missae-xvii-niedziela-po-zeslaniu-ducha-swietego-dominica-xvii-post-pentecosten-2\/#primaryimage","url":"https:\/\/wobronietradycjiiwiary.com\/wp-content\/uploads\/2019\/10\/17-Jesus3.jpg","contentUrl":"https:\/\/wobronietradycjiiwiary.com\/wp-content\/uploads\/2019\/10\/17-Jesus3.jpg","width":1000,"height":551},{"@type":"BreadcrumbList","@id":"https:\/\/wobronietradycjiiwiary.com\/proprium-missae-xvii-niedziela-po-zeslaniu-ducha-swietego-dominica-xvii-post-pentecosten-2\/#breadcrumb","itemListElement":[{"@type":"ListItem","position":1,"name":"Strona g\u0142\u00f3wna","item":"https:\/\/wobronietradycjiiwiary.com\/"},{"@type":"ListItem","position":2,"name":"Proprium missae &#8211; XVII Niedziela po Zes\u0142aniu Ducha \u015awi\u0119tego &#8211; Dominica XVII post Pentecosten"}]},{"@type":"WebSite","@id":"https:\/\/wobronietradycjiiwiary.com\/pl\/#website","url":"https:\/\/wobronietradycjiiwiary.com\/pl\/","name":"Tradycja i Wiara","description":"Portal dla katolik\u00f3w.","publisher":{"@id":"https:\/\/wobronietradycjiiwiary.com\/pl\/#organization"},"potentialAction":[{"@type":"SearchAction","target":{"@type":"EntryPoint","urlTemplate":"https:\/\/wobronietradycjiiwiary.com\/pl\/?s={search_term_string}"},"query-input":{"@type":"PropertyValueSpecification","valueRequired":true,"valueName":"search_term_string"}}],"inLanguage":"en-US"},{"@type":"Organization","@id":"https:\/\/wobronietradycjiiwiary.com\/pl\/#organization","name":"Tradycja i Wiara","url":"https:\/\/wobronietradycjiiwiary.com\/pl\/","logo":{"@type":"ImageObject","inLanguage":"en-US","@id":"https:\/\/wobronietradycjiiwiary.com\/pl\/#\/schema\/logo\/image\/","url":"https:\/\/i0.wp.com\/wobronietradycjiiwiary.com\/wp-content\/uploads\/2015\/10\/cropped-st-peters-dome-vatican.jpg?fit=940%2C198&ssl=1","contentUrl":"https:\/\/i0.wp.com\/wobronietradycjiiwiary.com\/wp-content\/uploads\/2015\/10\/cropped-st-peters-dome-vatican.jpg?fit=940%2C198&ssl=1","width":940,"height":198,"caption":"Tradycja i Wiara"},"image":{"@id":"https:\/\/wobronietradycjiiwiary.com\/pl\/#\/schema\/logo\/image\/"},"sameAs":["https:\/\/www.facebook.com\/Tradycja-i-Wiara-108813920592249"]},{"@type":"Person","@id":"https:\/\/wobronietradycjiiwiary.com\/pl\/#\/schema\/person\/2d6180ce6abcb681fef0daab7816e8f3","name":"Traditio et Fides","sameAs":["https:\/\/traditionundglauben.com"],"url":"https:\/\/wobronietradycjiiwiary.com\/en\/author\/wobronietradycjiiwiary\/"}]}},"jetpack_publicize_connections":[],"jetpack_sharing_enabled":true,"jetpack_likes_enabled":true,"jetpack_shortlink":"https:\/\/wp.me\/pc04Sd-5DP","jetpack-related-posts":[{"id":148836,"url":"https:\/\/wobronietradycjiiwiary.com\/en\/proprium-missae-xvii-niedziela-po-zeslaniu-ducha-swietego-dominica-xvii-post-pentecosten-4-2-2-2-2-2\/","url_meta":{"origin":21689,"position":0},"title":"Proprium missae &#8211; XVII Niedziela po Zes\u0142aniu Ducha \u015awi\u0119tego &#8211; Dominica XVII post Pentecosten","author":"Traditio et Fides","date":"4 October 2025","format":false,"excerpt":"Divinum Officium - Sancta Missa Rubrycela Mszalna na Rok Pa\u0144ski 2019 Kalendarz Liturgiczny Zwyczajnej i Nadzwyczajnej Formy Rytu Rzymskiego https:\/\/www.youtube.com\/watch?v=S2k1keMtzXs INTROITUS Ps 118:137; 118:124 Iustus es, D\u00f3mine, et rectum iudicium tuum: fac cum servo tuo sec\u00fandum miseric\u00f3rdiam tuam. Ps 118:1 Be\u00e1ti immacul\u00e1ti in via: qui \u00e1mbulant in lege D\u00f3mini. V.\u2026","rel":"","context":"In &quot;Duchowo\u015b\u0107&quot;","block_context":{"text":"Duchowo\u015b\u0107","link":"https:\/\/wobronietradycjiiwiary.com\/en\/category\/duchowosc\/"},"img":{"alt_text":"","src":"https:\/\/i0.wp.com\/wobronietradycjiiwiary.com\/wp-content\/uploads\/2019\/10\/17-Jesus3.jpg?resize=350%2C200&ssl=1","width":350,"height":200,"srcset":"https:\/\/i0.wp.com\/wobronietradycjiiwiary.com\/wp-content\/uploads\/2019\/10\/17-Jesus3.jpg?resize=350%2C200&ssl=1 1x, https:\/\/i0.wp.com\/wobronietradycjiiwiary.com\/wp-content\/uploads\/2019\/10\/17-Jesus3.jpg?resize=525%2C300&ssl=1 1.5x, https:\/\/i0.wp.com\/wobronietradycjiiwiary.com\/wp-content\/uploads\/2019\/10\/17-Jesus3.jpg?resize=700%2C400&ssl=1 2x"},"classes":[]},{"id":121406,"url":"https:\/\/wobronietradycjiiwiary.com\/en\/proprium-missae-xvii-niedziela-po-zeslaniu-ducha-swietego-dominica-xvii-post-pentecosten-4-2-2-2-2\/","url_meta":{"origin":21689,"position":1},"title":"Proprium missae &#8211; XVII Niedziela po Zes\u0142aniu Ducha \u015awi\u0119tego &#8211; Dominica XVII post Pentecosten","author":"Traditio et Fides","date":"15 September 2024","format":false,"excerpt":"Divinum Officium - Sancta Missa Rubrycela Mszalna na Rok Pa\u0144ski 2019 Kalendarz Liturgiczny Zwyczajnej i Nadzwyczajnej Formy Rytu Rzymskiego https:\/\/www.youtube.com\/watch?v=S2k1keMtzXs INTROITUS Ps 118:137; 118:124 Iustus es, D\u00f3mine, et rectum iudicium tuum: fac cum servo tuo sec\u00fandum miseric\u00f3rdiam tuam. Ps 118:1 Be\u00e1ti immacul\u00e1ti in via: qui \u00e1mbulant in lege D\u00f3mini. V.\u2026","rel":"","context":"In &quot;Duchowo\u015b\u0107&quot;","block_context":{"text":"Duchowo\u015b\u0107","link":"https:\/\/wobronietradycjiiwiary.com\/en\/category\/duchowosc\/"},"img":{"alt_text":"","src":"https:\/\/i0.wp.com\/wobronietradycjiiwiary.com\/wp-content\/uploads\/2019\/10\/17-Jesus3.jpg?resize=350%2C200&ssl=1","width":350,"height":200,"srcset":"https:\/\/i0.wp.com\/wobronietradycjiiwiary.com\/wp-content\/uploads\/2019\/10\/17-Jesus3.jpg?resize=350%2C200&ssl=1 1x, https:\/\/i0.wp.com\/wobronietradycjiiwiary.com\/wp-content\/uploads\/2019\/10\/17-Jesus3.jpg?resize=525%2C300&ssl=1 1.5x, https:\/\/i0.wp.com\/wobronietradycjiiwiary.com\/wp-content\/uploads\/2019\/10\/17-Jesus3.jpg?resize=700%2C400&ssl=1 2x"},"classes":[]},{"id":26656,"url":"https:\/\/wobronietradycjiiwiary.com\/en\/proprium-missae-xvii-niedziela-po-zeslaniu-ducha-swietego-dominica-xvii-post-pentecosten-4\/","url_meta":{"origin":21689,"position":2},"title":"Proprium missae &#8211; XVII Niedziela po Zes\u0142aniu Ducha \u015awi\u0119tego &#8211; Dominica XVII post Pentecosten","author":"Traditio et Fides","date":"26 September 2020","format":false,"excerpt":"Divinum Officium - Sancta Missa Rubrycela Mszalna na Rok Pa\u0144ski 2019 Kalendarz Liturgiczny Zwyczajnej i Nadzwyczajnej Formy Rytu Rzymskiego https:\/\/www.youtube.com\/watch?v=S2k1keMtzXs INTROITUS Ps 118:137; 118:124 Iustus es, D\u00f3mine, et rectum iudicium tuum: fac cum servo tuo sec\u00fandum miseric\u00f3rdiam tuam. Ps 118:1 Be\u00e1ti immacul\u00e1ti in via: qui \u00e1mbulant in lege D\u00f3mini. V.\u2026","rel":"","context":"In &quot;Msza Trydencka&quot;","block_context":{"text":"Msza Trydencka","link":"https:\/\/wobronietradycjiiwiary.com\/en\/category\/duchowosc\/liturgia-i-liturgika\/msza-trydencka\/"},"img":{"alt_text":"","src":"https:\/\/i0.wp.com\/wobronietradycjiiwiary.com\/wp-content\/uploads\/2019\/10\/17-Jesus3.jpg?resize=350%2C200&ssl=1","width":350,"height":200,"srcset":"https:\/\/i0.wp.com\/wobronietradycjiiwiary.com\/wp-content\/uploads\/2019\/10\/17-Jesus3.jpg?resize=350%2C200&ssl=1 1x, https:\/\/i0.wp.com\/wobronietradycjiiwiary.com\/wp-content\/uploads\/2019\/10\/17-Jesus3.jpg?resize=525%2C300&ssl=1 1.5x, https:\/\/i0.wp.com\/wobronietradycjiiwiary.com\/wp-content\/uploads\/2019\/10\/17-Jesus3.jpg?resize=700%2C400&ssl=1 2x"},"classes":[]},{"id":17293,"url":"https:\/\/wobronietradycjiiwiary.com\/en\/proprium-missae-xvii-niedziela-po-zeslaniu-ducha-swietego-dominica-xvii-post-pentecosten\/","url_meta":{"origin":21689,"position":3},"title":"Proprium missae &#8211; XVII Niedziela po Zes\u0142aniu Ducha \u015awi\u0119tego &#8211; Dominica XVII post Pentecosten","author":"mariuszjerzy","date":"15 September 2018","format":false,"excerpt":"https:\/\/www.youtube.com\/watch?v=S2k1keMtzXs INTROITUS Ps 118:137; 118:124 Iustus es, D\u00f3mine, et rectum iudicium tuum: fac cum servo tuo sec\u00fandum miseric\u00f3rdiam tuam. Ps 118:1 Be\u00e1ti immacul\u00e1ti in via: qui \u00e1mbulant in lege D\u00f3mini. V. Gl\u00f3ria Patri, et F\u00edlio, et Spir\u00edtui Sancto. R. Sicut erat in princ\u00edpio, et nunc, et semper, et in saecula\u2026","rel":"","context":"In &quot;Msza Trydencka&quot;","block_context":{"text":"Msza Trydencka","link":"https:\/\/wobronietradycjiiwiary.com\/en\/category\/duchowosc\/liturgia-i-liturgika\/msza-trydencka\/"},"img":{"alt_text":"","src":"https:\/\/i0.wp.com\/img.youtube.com\/vi\/S2k1keMtzXs\/0.jpg?resize=350%2C200","width":350,"height":200},"classes":[]},{"id":18294,"url":"https:\/\/wobronietradycjiiwiary.com\/en\/proprium-missae-xvii-niedziela-po-zeslaniu-ducha-swietego-dominica-xvii-post-pentecosten-3\/","url_meta":{"origin":21689,"position":4},"title":"Proprium missae &#8211; XVII Niedziela po Zes\u0142aniu Ducha \u015awi\u0119tego &#8211; Dominica XVII post Pentecosten","author":"mariuszjerzy","date":"15 September 2018","format":false,"excerpt":"https:\/\/www.youtube.com\/watch?v=S2k1keMtzXs INTROITUS Ps 118:137; 118:124 Iustus es, D\u00f3mine, et rectum iudicium tuum: fac cum servo tuo sec\u00fandum miseric\u00f3rdiam tuam. Ps 118:1 Be\u00e1ti immacul\u00e1ti in via: qui \u00e1mbulant in lege D\u00f3mini. V. Gl\u00f3ria Patri, et F\u00edlio, et Spir\u00edtui Sancto. R. Sicut erat in princ\u00edpio, et nunc, et semper, et in saecula\u2026","rel":"","context":"In &quot;Msza Trydencka&quot;","block_context":{"text":"Msza Trydencka","link":"https:\/\/wobronietradycjiiwiary.com\/en\/category\/duchowosc\/liturgia-i-liturgika\/msza-trydencka\/"},"img":{"alt_text":"","src":"https:\/\/i0.wp.com\/img.youtube.com\/vi\/S2k1keMtzXs\/0.jpg?resize=350%2C200","width":350,"height":200},"classes":[]},{"id":77352,"url":"https:\/\/wobronietradycjiiwiary.com\/en\/proprium-missae-xvii-niedziela-po-zeslaniu-ducha-swietego-dominica-xvii-post-pentecosten-4-2-3\/","url_meta":{"origin":21689,"position":5},"title":"Proprium missae &#8211; XVII Niedziela po Zes\u0142aniu Ducha \u015awi\u0119tego &#8211; Dominica XVII post Pentecosten #3","author":"Traditio et Fides","date":"2 October 2025","format":false,"excerpt":"Divinum Officium - Sancta Missa Rubrycela Mszalna na Rok Pa\u0144ski 2019 Kalendarz Liturgiczny Zwyczajnej i Nadzwyczajnej Formy Rytu Rzymskiego https:\/\/www.youtube.com\/watch?v=S2k1keMtzXs INTROITUS Ps 118:137; 118:124 Iustus es, D\u00f3mine, et rectum iudicium tuum: fac cum servo tuo sec\u00fandum miseric\u00f3rdiam tuam. Ps 118:1 Be\u00e1ti immacul\u00e1ti in via: qui \u00e1mbulant in lege D\u00f3mini. V.\u2026","rel":"","context":"In &quot;Msza Trydencka&quot;","block_context":{"text":"Msza Trydencka","link":"https:\/\/wobronietradycjiiwiary.com\/en\/category\/duchowosc\/liturgia-i-liturgika\/msza-trydencka\/"},"img":{"alt_text":"","src":"https:\/\/i0.wp.com\/wobronietradycjiiwiary.com\/wp-content\/uploads\/2019\/10\/17-Jesus3.jpg?resize=350%2C200&ssl=1","width":350,"height":200,"srcset":"https:\/\/i0.wp.com\/wobronietradycjiiwiary.com\/wp-content\/uploads\/2019\/10\/17-Jesus3.jpg?resize=350%2C200&ssl=1 1x, https:\/\/i0.wp.com\/wobronietradycjiiwiary.com\/wp-content\/uploads\/2019\/10\/17-Jesus3.jpg?resize=525%2C300&ssl=1 1.5x, https:\/\/i0.wp.com\/wobronietradycjiiwiary.com\/wp-content\/uploads\/2019\/10\/17-Jesus3.jpg?resize=700%2C400&ssl=1 2x"},"classes":[]}],"amp_enabled":true,"jetpack_featured_media_url":"https:\/\/wobronietradycjiiwiary.com\/wp-content\/uploads\/2019\/10\/17-Jesus3.jpg","_links":{"self":[{"href":"https:\/\/wobronietradycjiiwiary.com\/en\/wp-json\/wp\/v2\/posts\/21689","targetHints":{"allow":["GET"]}}],"collection":[{"href":"https:\/\/wobronietradycjiiwiary.com\/en\/wp-json\/wp\/v2\/posts"}],"about":[{"href":"https:\/\/wobronietradycjiiwiary.com\/en\/wp-json\/wp\/v2\/types\/post"}],"author":[{"embeddable":true,"href":"https:\/\/wobronietradycjiiwiary.com\/en\/wp-json\/wp\/v2\/users\/60508433"}],"replies":[{"embeddable":true,"href":"https:\/\/wobronietradycjiiwiary.com\/en\/wp-json\/wp\/v2\/comments?post=21689"}],"version-history":[{"count":0,"href":"https:\/\/wobronietradycjiiwiary.com\/en\/wp-json\/wp\/v2\/posts\/21689\/revisions"}],"wp:featuredmedia":[{"embeddable":true,"href":"https:\/\/wobronietradycjiiwiary.com\/en\/wp-json\/wp\/v2\/media\/23176"}],"wp:attachment":[{"href":"https:\/\/wobronietradycjiiwiary.com\/en\/wp-json\/wp\/v2\/media?parent=21689"}],"wp:term":[{"taxonomy":"category","embeddable":true,"href":"https:\/\/wobronietradycjiiwiary.com\/en\/wp-json\/wp\/v2\/categories?post=21689"},{"taxonomy":"post_tag","embeddable":true,"href":"https:\/\/wobronietradycjiiwiary.com\/en\/wp-json\/wp\/v2\/tags?post=21689"}],"curies":[{"name":"wp","href":"https:\/\/api.w.org\/{rel}","templated":true}]}}