{"id":19612,"date":"2019-02-19T09:09:14","date_gmt":"2019-02-19T08:09:14","guid":{"rendered":"https:\/\/wobronietradycjiiwiaryblog.wordpress.com\/?p=19612"},"modified":"2025-02-07T15:48:53","modified_gmt":"2025-02-07T14:48:53","slug":"sw-bernard-z-clairvaux-o-stopniach-pychy-3-z-19","status":"publish","type":"post","link":"https:\/\/wobronietradycjiiwiary.com\/en\/sw-bernard-z-clairvaux-o-stopniach-pychy-3-z-19\/","title":{"rendered":"\u015aw. Bernard z Clairvaux &#8211; O stopniach pychy (3 z 19)"},"content":{"rendered":"<div id=\"bsf_rt_marker\"><\/div><p>Osobisty pogl\u0105d Bernarda o buncie Serafina (1 z 3) 31. R\u00f3wnie\u017c i ty, \u201epiecz\u0119ci podobie\u0144stwa\u201d (Ez 28, 11-13), umieszczony zosta\u0142e\u015b&hellip;<\/p>\n<div style=\"text-align: center\">\n<p>&nbsp;<\/p>\n<\/div>\n<h2 style=\"border: 5px solid #0000A0;padding: 1em;text-align: center\"><span style=\"color: #000000\">Pe\u0142en dost\u0119p dla <span style=\"color: #00ccff\"><a style=\"color: #00ccff\" href=\"https:\/\/wobronietradycjiiwiary.com\/en\/subskrypcje-2\/\" target=\"_blank\" rel=\"noopener\">subskrybent\u00f3w<\/a><\/span>.<\/span><br \/>\n<span style=\"color: #3366ff\"><a style=\"color: #3366ff\" href=\"https:\/\/wobronietradycjiiwiary.com\/en\/account\/login\/\" target=\"_blank\" rel=\"noopener\"><span style=\"color: #00ccff\">Zaloguj<\/span><\/a> <\/span>si\u0119 lub przejd\u017a do <a href=\"https:\/\/wobronietradycjiiwiary.com\/en\/register\/\"><span style=\"color: #3366ff\">Rejestracji<\/span><\/a>.<\/h2>\n<div>\n<p style=\"text-align: center\"><a href=\"https:\/\/wobronietradycjiiwiary.com\/en\/subskrypcje-2\/cennik\/\" target=\"_blank\" rel=\"noopener\"><span style=\"color: #000080;font-size: 24pt\"><strong>Nowe ni\u017csze ceny<\/strong><\/span><\/a><\/p>\n<p style=\"text-align: center\"><strong><span style=\"font-size: 18pt;color: #000080\">P\u0142atno\u015b\u0107 kart\u0105<\/span><\/strong><\/p>\n<\/div>\n<h3 style=\"text-align: center\"><a href=\"https:\/\/wobronietradycjiiwiary.com\/en\/subskrypcje-2\/automatyczne\/indywidualne\/\" target=\"_blank\" rel=\"noopener\"><img fetchpriority=\"high\" decoding=\"async\" class=\"alignnone size-medium wp-image-80433\" src=\"https:\/\/wobronietradycjiiwiary.com\/wp-content\/uploads\/2022\/11\/Unbenannt-1-Online-1-300x202.jpg\" alt=\"\" width=\"300\" height=\"202\" srcset=\"https:\/\/wobronietradycjiiwiary.com\/wp-content\/uploads\/2022\/11\/Unbenannt-1-Online-1-300x202.jpg 300w, https:\/\/wobronietradycjiiwiary.com\/wp-content\/uploads\/2022\/11\/Unbenannt-1-Online-1-150x101.jpg 150w, https:\/\/wobronietradycjiiwiary.com\/wp-content\/uploads\/2022\/11\/Unbenannt-1-Online-1-18x12.jpg 18w, https:\/\/wobronietradycjiiwiary.com\/wp-content\/uploads\/2022\/11\/Unbenannt-1-Online-1.jpg 446w\" sizes=\"(max-width: 300px) 100vw, 300px\" \/><\/a><\/h3>\n<p style=\"text-align: center\"><strong><span style=\"font-size: 18pt;color: #000080\">P\u0142atno\u015b\u0107 przelewem<\/span><\/strong><\/p>\n<p><a href=\"https:\/\/wobronietradycjiiwiary.com\/en\/subskrypcje-2\/automatyczne\/indywidualne\/\" target=\"_blank\" rel=\"noopener\"><img decoding=\"async\" class=\"size-medium wp-image-80434 aligncenter\" src=\"https:\/\/wobronietradycjiiwiary.com\/wp-content\/uploads\/2022\/11\/Unbenannt-1-Przelewem-300x137.jpg\" alt=\"\" width=\"300\" height=\"137\" srcset=\"https:\/\/wobronietradycjiiwiary.com\/wp-content\/uploads\/2022\/11\/Unbenannt-1-Przelewem-300x137.jpg 300w, https:\/\/wobronietradycjiiwiary.com\/wp-content\/uploads\/2022\/11\/Unbenannt-1-Przelewem-450x206.jpg 450w, https:\/\/wobronietradycjiiwiary.com\/wp-content\/uploads\/2022\/11\/Unbenannt-1-Przelewem-600x274.jpg 600w, https:\/\/wobronietradycjiiwiary.com\/wp-content\/uploads\/2022\/11\/Unbenannt-1-Przelewem-150x69.jpg 150w, https:\/\/wobronietradycjiiwiary.com\/wp-content\/uploads\/2022\/11\/Unbenannt-1-Przelewem-18x8.jpg 18w, https:\/\/wobronietradycjiiwiary.com\/wp-content\/uploads\/2022\/11\/Unbenannt-1-Przelewem.jpg 676w\" sizes=\"(max-width: 300px) 100vw, 300px\" \/><\/a><\/p>\n<p style=\"text-align: center\"><strong><span style=\"font-size: 18pt;color: #000080\">P\u0142atno\u015b\u0107 kart\u0105 do 6 os\u00f3b<\/span><\/strong><\/p>\n<p><a href=\"https:\/\/wobronietradycjiiwiary.com\/en\/rodzinne\/\" target=\"_blank\" rel=\"noopener\"><img decoding=\"async\" class=\"size-medium wp-image-80435 aligncenter\" src=\"https:\/\/wobronietradycjiiwiary.com\/wp-content\/uploads\/2022\/11\/Unbenannt-1-Rodzinna-300x208.jpg\" alt=\"\" width=\"300\" height=\"208\" srcset=\"https:\/\/wobronietradycjiiwiary.com\/wp-content\/uploads\/2022\/11\/Unbenannt-1-Rodzinna-300x208.jpg 300w, https:\/\/wobronietradycjiiwiary.com\/wp-content\/uploads\/2022\/11\/Unbenannt-1-Rodzinna-150x104.jpg 150w, https:\/\/wobronietradycjiiwiary.com\/wp-content\/uploads\/2022\/11\/Unbenannt-1-Rodzinna-18x12.jpg 18w, https:\/\/wobronietradycjiiwiary.com\/wp-content\/uploads\/2022\/11\/Unbenannt-1-Rodzinna.jpg 448w\" sizes=\"(max-width: 300px) 100vw, 300px\" \/><\/a><\/p>\n<h3 style=\"text-align: center\"><\/h3>\n<h1 style=\"text-align: center\"><\/h1>","protected":false},"excerpt":{"rendered":"<p>Osobisty pogl\u0105d Bernarda o buncie Serafina (1 z 3) 31. R\u00f3wnie\u017c i ty, \u201epiecz\u0119ci podobie\u0144stwa\u201d (Ez 28, 11-13), umieszczony zosta\u0142e\u015b&hellip; &nbsp; Pe\u0142en dost\u0119p dla subskrybent\u00f3w. Zaloguj si\u0119 lub przejd\u017a do Rejestracji. Nowe ni\u017csze ceny P\u0142atno\u015b\u0107 kart\u0105 P\u0142atno\u015b\u0107 przelewem P\u0142atno\u015b\u0107 kart\u0105 do 6 os\u00f3b<\/p>","protected":false},"author":60508433,"featured_media":18239,"comment_status":"open","ping_status":"closed","sticky":false,"template":"","format":"standard","meta":{"_bbp_topic_count":0,"_bbp_reply_count":0,"_bbp_total_topic_count":0,"_bbp_total_reply_count":0,"_bbp_voice_count":0,"_bbp_anonymous_reply_count":0,"_bbp_topic_count_hidden":0,"_bbp_reply_count_hidden":0,"_bbp_forum_subforum_count":0,"_editorskit_title_hidden":false,"_editorskit_reading_time":0,"_editorskit_is_block_options_detached":false,"_editorskit_block_options_position":"{}","_coblocks_attr":"","_coblocks_dimensions":"","_coblocks_responsive_height":"","_coblocks_accordion_ie_support":"","_exactmetrics_skip_tracking":false,"_jetpack_newsletter_access":"","_jetpack_dont_email_post_to_subs":false,"_jetpack_newsletter_tier_id":0,"_jetpack_memberships_contains_paywalled_content":false,"_wpcom_ai_launchpad_first_post":false,"_jetpack_feature_clip_id":0,"_jetpack_memberships_contains_paid_content":false,"footnotes":"","jetpack_publicize_message":"{title}\n\n{excerpt}\n\n{url}","jetpack_publicize_feature_enabled":true,"jetpack_social_post_already_shared":true,"jetpack_social_options":{"image_generator_settings":{"template":"highway","default_image_id":0,"font":"","enabled":false},"version":2},"_wpas_customize_per_network":false,"jetpack_post_was_ever_published":false},"categories":[610130735,610130736],"tags":[610132133],"class_list":["post-19612","post","type-post","status-publish","format-standard","has-post-thumbnail","hentry","category-o-stopniach-pokory","category-sw-bernard-z-clairvaux","tag-restricted"],"yoast_head":"<!-- This site is optimized with the Yoast SEO plugin v28.4 - https:\/\/yoast.com\/product\/yoast-seo-wordpress\/ -->\n<title>\u015aw. Bernard z Clairvaux - O stopniach pychy (3 z 19) - Tradycja i Wiara<\/title>\n<meta name=\"robots\" content=\"index, follow, max-snippet:-1, max-image-preview:large, max-video-preview:-1\" \/>\n<link rel=\"canonical\" href=\"https:\/\/wobronietradycjiiwiary.com\/en\/sw-bernard-z-clairvaux-o-stopniach-pychy-3-z-19\/\" \/>\n<meta property=\"og:locale\" content=\"en_US\" \/>\n<meta property=\"og:type\" content=\"article\" \/>\n<meta property=\"og:title\" content=\"\u015aw. Bernard z Clairvaux - O stopniach pychy (3 z 19) - Tradycja i Wiara\" \/>\n<meta property=\"og:description\" content=\"Osobisty pogl\u0105d Bernarda o buncie Serafina (1 z 3) 31. R\u00f3wnie\u017c i ty, \u201epiecz\u0119ci podobie\u0144stwa\u201d (Ez 28, 11-13), umieszczony zosta\u0142e\u015b&hellip; &nbsp; Pe\u0142en dost\u0119p dla subskrybent\u00f3w. Zaloguj si\u0119 lub przejd\u017a do Rejestracji. Nowe ni\u017csze ceny P\u0142atno\u015b\u0107 kart\u0105 P\u0142atno\u015b\u0107 przelewem P\u0142atno\u015b\u0107 kart\u0105 do 6 os\u00f3b\" \/>\n<meta property=\"og:url\" content=\"https:\/\/wobronietradycjiiwiary.com\/en\/sw-bernard-z-clairvaux-o-stopniach-pychy-3-z-19\/\" \/>\n<meta property=\"og:site_name\" content=\"Tradycja i Wiara\" \/>\n<meta property=\"article:publisher\" content=\"https:\/\/www.facebook.com\/Tradycja-i-Wiara-108813920592249\" \/>\n<meta property=\"article:published_time\" content=\"2019-02-19T08:09:14+00:00\" \/>\n<meta property=\"article:modified_time\" content=\"2025-02-07T14:48:53+00:00\" \/>\n<meta property=\"og:image\" content=\"https:\/\/wobronietradycjiiwiaryblog.files.wordpress.com\/2018\/08\/bernard-z-clairvaux.jpg\" \/>\n<meta name=\"author\" content=\"Traditio et Fides\" \/>\n<meta name=\"twitter:card\" content=\"summary_large_image\" \/>\n<meta name=\"twitter:label1\" content=\"Written by\" \/>\n\t<meta name=\"twitter:data1\" content=\"Traditio et Fides\" \/>\n\t<meta name=\"twitter:label2\" content=\"Est. reading time\" \/>\n\t<meta name=\"twitter:data2\" content=\"4 minutes\" \/>\n<script type=\"application\/ld+json\" class=\"yoast-schema-graph\">{\"@context\":\"https:\\\/\\\/schema.org\",\"@graph\":[{\"@type\":\"Article\",\"@id\":\"https:\\\/\\\/wobronietradycjiiwiary.com\\\/sw-bernard-z-clairvaux-o-stopniach-pychy-3-z-19\\\/#article\",\"isPartOf\":{\"@id\":\"https:\\\/\\\/wobronietradycjiiwiary.com\\\/sw-bernard-z-clairvaux-o-stopniach-pychy-3-z-19\\\/\"},\"author\":{\"name\":\"Traditio et Fides\",\"@id\":\"https:\\\/\\\/wobronietradycjiiwiary.com\\\/pl\\\/#\\\/schema\\\/person\\\/2d6180ce6abcb681fef0daab7816e8f3\"},\"headline\":\"\u015aw. Bernard z Clairvaux &#8211; O stopniach pychy (3 z 19)\",\"datePublished\":\"2019-02-19T08:09:14+00:00\",\"dateModified\":\"2025-02-07T14:48:53+00:00\",\"mainEntityOfPage\":{\"@id\":\"https:\\\/\\\/wobronietradycjiiwiary.com\\\/sw-bernard-z-clairvaux-o-stopniach-pychy-3-z-19\\\/\"},\"wordCount\":804,\"commentCount\":0,\"publisher\":{\"@id\":\"https:\\\/\\\/wobronietradycjiiwiary.com\\\/pl\\\/#organization\"},\"image\":{\"@id\":\"https:\\\/\\\/wobronietradycjiiwiary.com\\\/sw-bernard-z-clairvaux-o-stopniach-pychy-3-z-19\\\/#primaryimage\"},\"thumbnailUrl\":\"https:\\\/\\\/wobronietradycjiiwiary.com\\\/wp-content\\\/uploads\\\/2018\\\/08\\\/bernard-z-clairvaux.jpg\",\"keywords\":[\"Restricted\"],\"articleSection\":[\"O stopniach pokory o pychy\",\"\u015bw. Bernard z Clairvaux\"],\"inLanguage\":\"en-US\",\"potentialAction\":[{\"@type\":\"CommentAction\",\"name\":\"Comment\",\"target\":[\"https:\\\/\\\/wobronietradycjiiwiary.com\\\/sw-bernard-z-clairvaux-o-stopniach-pychy-3-z-19\\\/#respond\"]}]},{\"@type\":\"WebPage\",\"@id\":\"https:\\\/\\\/wobronietradycjiiwiary.com\\\/sw-bernard-z-clairvaux-o-stopniach-pychy-3-z-19\\\/\",\"url\":\"https:\\\/\\\/wobronietradycjiiwiary.com\\\/sw-bernard-z-clairvaux-o-stopniach-pychy-3-z-19\\\/\",\"name\":\"\u015aw. Bernard z Clairvaux - O stopniach pychy (3 z 19) - Tradycja i Wiara\",\"isPartOf\":{\"@id\":\"https:\\\/\\\/wobronietradycjiiwiary.com\\\/pl\\\/#website\"},\"primaryImageOfPage\":{\"@id\":\"https:\\\/\\\/wobronietradycjiiwiary.com\\\/sw-bernard-z-clairvaux-o-stopniach-pychy-3-z-19\\\/#primaryimage\"},\"image\":{\"@id\":\"https:\\\/\\\/wobronietradycjiiwiary.com\\\/sw-bernard-z-clairvaux-o-stopniach-pychy-3-z-19\\\/#primaryimage\"},\"thumbnailUrl\":\"https:\\\/\\\/wobronietradycjiiwiary.com\\\/wp-content\\\/uploads\\\/2018\\\/08\\\/bernard-z-clairvaux.jpg\",\"datePublished\":\"2019-02-19T08:09:14+00:00\",\"dateModified\":\"2025-02-07T14:48:53+00:00\",\"breadcrumb\":{\"@id\":\"https:\\\/\\\/wobronietradycjiiwiary.com\\\/sw-bernard-z-clairvaux-o-stopniach-pychy-3-z-19\\\/#breadcrumb\"},\"inLanguage\":\"en-US\",\"potentialAction\":[{\"@type\":\"ReadAction\",\"target\":[\"https:\\\/\\\/wobronietradycjiiwiary.com\\\/sw-bernard-z-clairvaux-o-stopniach-pychy-3-z-19\\\/\"]}]},{\"@type\":\"ImageObject\",\"inLanguage\":\"en-US\",\"@id\":\"https:\\\/\\\/wobronietradycjiiwiary.com\\\/sw-bernard-z-clairvaux-o-stopniach-pychy-3-z-19\\\/#primaryimage\",\"url\":\"https:\\\/\\\/wobronietradycjiiwiary.com\\\/wp-content\\\/uploads\\\/2018\\\/08\\\/bernard-z-clairvaux.jpg\",\"contentUrl\":\"https:\\\/\\\/wobronietradycjiiwiary.com\\\/wp-content\\\/uploads\\\/2018\\\/08\\\/bernard-z-clairvaux.jpg\",\"width\":750,\"height\":1084},{\"@type\":\"BreadcrumbList\",\"@id\":\"https:\\\/\\\/wobronietradycjiiwiary.com\\\/sw-bernard-z-clairvaux-o-stopniach-pychy-3-z-19\\\/#breadcrumb\",\"itemListElement\":[{\"@type\":\"ListItem\",\"position\":1,\"name\":\"Strona g\u0142\u00f3wna\",\"item\":\"https:\\\/\\\/wobronietradycjiiwiary.com\\\/\"},{\"@type\":\"ListItem\",\"position\":2,\"name\":\"\u015aw. Bernard z Clairvaux &#8211; O stopniach pychy (3 z 19)\"}]},{\"@type\":\"WebSite\",\"@id\":\"https:\\\/\\\/wobronietradycjiiwiary.com\\\/pl\\\/#website\",\"url\":\"https:\\\/\\\/wobronietradycjiiwiary.com\\\/pl\\\/\",\"name\":\"Tradycja i Wiara\",\"description\":\"Portal dla katolik\u00f3w.\",\"publisher\":{\"@id\":\"https:\\\/\\\/wobronietradycjiiwiary.com\\\/pl\\\/#organization\"},\"potentialAction\":[{\"@type\":\"SearchAction\",\"target\":{\"@type\":\"EntryPoint\",\"urlTemplate\":\"https:\\\/\\\/wobronietradycjiiwiary.com\\\/pl\\\/?s={search_term_string}\"},\"query-input\":{\"@type\":\"PropertyValueSpecification\",\"valueRequired\":true,\"valueName\":\"search_term_string\"}}],\"inLanguage\":\"en-US\"},{\"@type\":\"Organization\",\"@id\":\"https:\\\/\\\/wobronietradycjiiwiary.com\\\/pl\\\/#organization\",\"name\":\"Tradycja i Wiara\",\"url\":\"https:\\\/\\\/wobronietradycjiiwiary.com\\\/pl\\\/\",\"logo\":{\"@type\":\"ImageObject\",\"inLanguage\":\"en-US\",\"@id\":\"https:\\\/\\\/wobronietradycjiiwiary.com\\\/pl\\\/#\\\/schema\\\/logo\\\/image\\\/\",\"url\":\"https:\\\/\\\/i0.wp.com\\\/wobronietradycjiiwiary.com\\\/wp-content\\\/uploads\\\/2015\\\/10\\\/cropped-st-peters-dome-vatican.jpg?fit=940%2C198&ssl=1\",\"contentUrl\":\"https:\\\/\\\/i0.wp.com\\\/wobronietradycjiiwiary.com\\\/wp-content\\\/uploads\\\/2015\\\/10\\\/cropped-st-peters-dome-vatican.jpg?fit=940%2C198&ssl=1\",\"width\":940,\"height\":198,\"caption\":\"Tradycja i Wiara\"},\"image\":{\"@id\":\"https:\\\/\\\/wobronietradycjiiwiary.com\\\/pl\\\/#\\\/schema\\\/logo\\\/image\\\/\"},\"sameAs\":[\"https:\\\/\\\/www.facebook.com\\\/Tradycja-i-Wiara-108813920592249\"]},{\"@type\":\"Person\",\"@id\":\"https:\\\/\\\/wobronietradycjiiwiary.com\\\/pl\\\/#\\\/schema\\\/person\\\/2d6180ce6abcb681fef0daab7816e8f3\",\"name\":\"Traditio et Fides\",\"sameAs\":[\"https:\\\/\\\/traditionundglauben.com\"],\"url\":\"https:\\\/\\\/wobronietradycjiiwiary.com\\\/en\\\/author\\\/wobronietradycjiiwiary\\\/\"}]}<\/script>\n<!-- \/ Yoast SEO plugin. -->","yoast_head_json":{"title":"\u015aw. Bernard z Clairvaux - O stopniach pychy (3 z 19) - Tradycja i Wiara","robots":{"index":"index","follow":"follow","max-snippet":"max-snippet:-1","max-image-preview":"max-image-preview:large","max-video-preview":"max-video-preview:-1"},"canonical":"https:\/\/wobronietradycjiiwiary.com\/en\/sw-bernard-z-clairvaux-o-stopniach-pychy-3-z-19\/","og_locale":"en_US","og_type":"article","og_title":"\u015aw. Bernard z Clairvaux - O stopniach pychy (3 z 19) - Tradycja i Wiara","og_description":"Osobisty pogl\u0105d Bernarda o buncie Serafina (1 z 3) 31. R\u00f3wnie\u017c i ty, \u201epiecz\u0119ci podobie\u0144stwa\u201d (Ez 28, 11-13), umieszczony zosta\u0142e\u015b&hellip; &nbsp; Pe\u0142en dost\u0119p dla subskrybent\u00f3w. Zaloguj si\u0119 lub przejd\u017a do Rejestracji. Nowe ni\u017csze ceny P\u0142atno\u015b\u0107 kart\u0105 P\u0142atno\u015b\u0107 przelewem P\u0142atno\u015b\u0107 kart\u0105 do 6 os\u00f3b","og_url":"https:\/\/wobronietradycjiiwiary.com\/en\/sw-bernard-z-clairvaux-o-stopniach-pychy-3-z-19\/","og_site_name":"Tradycja i Wiara","article_publisher":"https:\/\/www.facebook.com\/Tradycja-i-Wiara-108813920592249","article_published_time":"2019-02-19T08:09:14+00:00","article_modified_time":"2025-02-07T14:48:53+00:00","og_image":[{"url":"https:\/\/wobronietradycjiiwiaryblog.files.wordpress.com\/2018\/08\/bernard-z-clairvaux.jpg","type":"","width":"","height":""}],"author":"Traditio et Fides","twitter_card":"summary_large_image","twitter_misc":{"Written by":"Traditio et Fides","Est. reading time":"4 minutes"},"schema":{"@context":"https:\/\/schema.org","@graph":[{"@type":"Article","@id":"https:\/\/wobronietradycjiiwiary.com\/sw-bernard-z-clairvaux-o-stopniach-pychy-3-z-19\/#article","isPartOf":{"@id":"https:\/\/wobronietradycjiiwiary.com\/sw-bernard-z-clairvaux-o-stopniach-pychy-3-z-19\/"},"author":{"name":"Traditio et Fides","@id":"https:\/\/wobronietradycjiiwiary.com\/pl\/#\/schema\/person\/2d6180ce6abcb681fef0daab7816e8f3"},"headline":"\u015aw. Bernard z Clairvaux &#8211; O stopniach pychy (3 z 19)","datePublished":"2019-02-19T08:09:14+00:00","dateModified":"2025-02-07T14:48:53+00:00","mainEntityOfPage":{"@id":"https:\/\/wobronietradycjiiwiary.com\/sw-bernard-z-clairvaux-o-stopniach-pychy-3-z-19\/"},"wordCount":804,"commentCount":0,"publisher":{"@id":"https:\/\/wobronietradycjiiwiary.com\/pl\/#organization"},"image":{"@id":"https:\/\/wobronietradycjiiwiary.com\/sw-bernard-z-clairvaux-o-stopniach-pychy-3-z-19\/#primaryimage"},"thumbnailUrl":"https:\/\/wobronietradycjiiwiary.com\/wp-content\/uploads\/2018\/08\/bernard-z-clairvaux.jpg","keywords":["Restricted"],"articleSection":["O stopniach pokory o pychy","\u015bw. Bernard z Clairvaux"],"inLanguage":"en-US","potentialAction":[{"@type":"CommentAction","name":"Comment","target":["https:\/\/wobronietradycjiiwiary.com\/sw-bernard-z-clairvaux-o-stopniach-pychy-3-z-19\/#respond"]}]},{"@type":"WebPage","@id":"https:\/\/wobronietradycjiiwiary.com\/sw-bernard-z-clairvaux-o-stopniach-pychy-3-z-19\/","url":"https:\/\/wobronietradycjiiwiary.com\/sw-bernard-z-clairvaux-o-stopniach-pychy-3-z-19\/","name":"\u015aw. Bernard z Clairvaux - O stopniach pychy (3 z 19) - Tradycja i Wiara","isPartOf":{"@id":"https:\/\/wobronietradycjiiwiary.com\/pl\/#website"},"primaryImageOfPage":{"@id":"https:\/\/wobronietradycjiiwiary.com\/sw-bernard-z-clairvaux-o-stopniach-pychy-3-z-19\/#primaryimage"},"image":{"@id":"https:\/\/wobronietradycjiiwiary.com\/sw-bernard-z-clairvaux-o-stopniach-pychy-3-z-19\/#primaryimage"},"thumbnailUrl":"https:\/\/wobronietradycjiiwiary.com\/wp-content\/uploads\/2018\/08\/bernard-z-clairvaux.jpg","datePublished":"2019-02-19T08:09:14+00:00","dateModified":"2025-02-07T14:48:53+00:00","breadcrumb":{"@id":"https:\/\/wobronietradycjiiwiary.com\/sw-bernard-z-clairvaux-o-stopniach-pychy-3-z-19\/#breadcrumb"},"inLanguage":"en-US","potentialAction":[{"@type":"ReadAction","target":["https:\/\/wobronietradycjiiwiary.com\/sw-bernard-z-clairvaux-o-stopniach-pychy-3-z-19\/"]}]},{"@type":"ImageObject","inLanguage":"en-US","@id":"https:\/\/wobronietradycjiiwiary.com\/sw-bernard-z-clairvaux-o-stopniach-pychy-3-z-19\/#primaryimage","url":"https:\/\/wobronietradycjiiwiary.com\/wp-content\/uploads\/2018\/08\/bernard-z-clairvaux.jpg","contentUrl":"https:\/\/wobronietradycjiiwiary.com\/wp-content\/uploads\/2018\/08\/bernard-z-clairvaux.jpg","width":750,"height":1084},{"@type":"BreadcrumbList","@id":"https:\/\/wobronietradycjiiwiary.com\/sw-bernard-z-clairvaux-o-stopniach-pychy-3-z-19\/#breadcrumb","itemListElement":[{"@type":"ListItem","position":1,"name":"Strona g\u0142\u00f3wna","item":"https:\/\/wobronietradycjiiwiary.com\/"},{"@type":"ListItem","position":2,"name":"\u015aw. Bernard z Clairvaux &#8211; O stopniach pychy (3 z 19)"}]},{"@type":"WebSite","@id":"https:\/\/wobronietradycjiiwiary.com\/pl\/#website","url":"https:\/\/wobronietradycjiiwiary.com\/pl\/","name":"Tradycja i Wiara","description":"Portal dla katolik\u00f3w.","publisher":{"@id":"https:\/\/wobronietradycjiiwiary.com\/pl\/#organization"},"potentialAction":[{"@type":"SearchAction","target":{"@type":"EntryPoint","urlTemplate":"https:\/\/wobronietradycjiiwiary.com\/pl\/?s={search_term_string}"},"query-input":{"@type":"PropertyValueSpecification","valueRequired":true,"valueName":"search_term_string"}}],"inLanguage":"en-US"},{"@type":"Organization","@id":"https:\/\/wobronietradycjiiwiary.com\/pl\/#organization","name":"Tradycja i Wiara","url":"https:\/\/wobronietradycjiiwiary.com\/pl\/","logo":{"@type":"ImageObject","inLanguage":"en-US","@id":"https:\/\/wobronietradycjiiwiary.com\/pl\/#\/schema\/logo\/image\/","url":"https:\/\/i0.wp.com\/wobronietradycjiiwiary.com\/wp-content\/uploads\/2015\/10\/cropped-st-peters-dome-vatican.jpg?fit=940%2C198&ssl=1","contentUrl":"https:\/\/i0.wp.com\/wobronietradycjiiwiary.com\/wp-content\/uploads\/2015\/10\/cropped-st-peters-dome-vatican.jpg?fit=940%2C198&ssl=1","width":940,"height":198,"caption":"Tradycja i Wiara"},"image":{"@id":"https:\/\/wobronietradycjiiwiary.com\/pl\/#\/schema\/logo\/image\/"},"sameAs":["https:\/\/www.facebook.com\/Tradycja-i-Wiara-108813920592249"]},{"@type":"Person","@id":"https:\/\/wobronietradycjiiwiary.com\/pl\/#\/schema\/person\/2d6180ce6abcb681fef0daab7816e8f3","name":"Traditio et Fides","sameAs":["https:\/\/traditionundglauben.com"],"url":"https:\/\/wobronietradycjiiwiary.com\/en\/author\/wobronietradycjiiwiary\/"}]}},"jetpack_publicize_connections":[],"jetpack_sharing_enabled":true,"jetpack_likes_enabled":true,"jetpack_shortlink":"https:\/\/wp.me\/pc04Sd-56k","jetpack-related-posts":[{"id":19603,"url":"https:\/\/wobronietradycjiiwiary.com\/en\/sw-bernard-z-clairvaux-o-stopniach-pychy-2-z-19\/","url_meta":{"origin":19612,"position":0},"title":"\u015aw. Bernard z Clairvaux &#8211; O stopniach pychy (2 z 19)","author":"Traditio et Fides","date":"15 February 2019","format":false,"excerpt":"Pierwszy stopie\u0144 pychy: ciekawo\u015b\u0107 (2 z 2) 30. Podobnie i ty, Ewo! Umieszczona zosta\u0142a\u015b w raju, aby\u015b go razem z m\u0119\u017cem uprawia\u0142a i strzeg\u0142a. Je\u015bli spe\u0142nisz sw\u00f3j obowi\u0105zek, wejdziesz kiedy\u015b do pi\u0119kniejszego raju, gdzie zupe\u0142nie wolna b\u0119dziesz od pracy i od pilnowania. \u201eZ wszelkiego drzewa tego ogrodu mo\u017cesz spo\u017cywa\u0107 wed\u0142ug\u2026","rel":"","context":"In &quot;O stopniach pokory o pychy&quot;","block_context":{"text":"O stopniach pokory o pychy","link":"https:\/\/wobronietradycjiiwiary.com\/en\/category\/duchowosc\/autorzy\/sw-bernard-z-clairvaux\/o-stopniach-pokory\/"},"img":{"alt_text":"","src":"https:\/\/i0.wp.com\/wobronietradycjiiwiary.com\/wp-content\/uploads\/2018\/08\/bernard-z-clairvaux.jpg?resize=350%2C200&ssl=1","width":350,"height":200,"srcset":"https:\/\/i0.wp.com\/wobronietradycjiiwiary.com\/wp-content\/uploads\/2018\/08\/bernard-z-clairvaux.jpg?resize=350%2C200&ssl=1 1x, https:\/\/i0.wp.com\/wobronietradycjiiwiary.com\/wp-content\/uploads\/2018\/08\/bernard-z-clairvaux.jpg?resize=525%2C300&ssl=1 1.5x, https:\/\/i0.wp.com\/wobronietradycjiiwiary.com\/wp-content\/uploads\/2018\/08\/bernard-z-clairvaux.jpg?resize=700%2C400&ssl=1 2x"},"classes":[]},{"id":19605,"url":"https:\/\/wobronietradycjiiwiary.com\/en\/sw-bernard-z-clairvaux-o-stopniach-pychy-1-z-19\/","url_meta":{"origin":19612,"position":1},"title":"\u015aw. Bernard z Clairvaux &#8211; O stopniach pychy (1 z 19)","author":"Traditio et Fides","date":"12 February 2019","format":false,"excerpt":"Pierwszy stopie\u0144 pychy: ciekawo\u015b\u0107 (1 z 2) Pierwszym stopniem pychy jest ciekawo\u015b\u0107. Mo\u017cesz j\u0105 rozpozna\u0107 z nast\u0119puj\u0105cych objaw\u00f3w: gdziekolwiek spotkasz zakonnika, o kt\u00f3rym mia\u0142e\u015b dot\u0105d dobre mniemanie, a kt\u00f3ry gdziekolwiek stoj\u0105c, id\u0105c czy siedz\u0105c, zaczyna natychmiast wyci\u0105ga\u0107 g\u0142ow\u0119, nadstawia\u0107 ucha, wodzi\u0107 doko\u0142a oczyma \u2014 to z takich zewn\u0119trznych oznak poznasz\u2026","rel":"","context":"In &quot;O stopniach pokory o pychy&quot;","block_context":{"text":"O stopniach pokory o pychy","link":"https:\/\/wobronietradycjiiwiary.com\/en\/category\/duchowosc\/autorzy\/sw-bernard-z-clairvaux\/o-stopniach-pokory\/"},"img":{"alt_text":"","src":"https:\/\/i0.wp.com\/wobronietradycjiiwiary.com\/wp-content\/uploads\/2018\/08\/bernard-z-clairvaux.jpg?resize=350%2C200&ssl=1","width":350,"height":200,"srcset":"https:\/\/i0.wp.com\/wobronietradycjiiwiary.com\/wp-content\/uploads\/2018\/08\/bernard-z-clairvaux.jpg?resize=350%2C200&ssl=1 1x, https:\/\/i0.wp.com\/wobronietradycjiiwiary.com\/wp-content\/uploads\/2018\/08\/bernard-z-clairvaux.jpg?resize=525%2C300&ssl=1 1.5x, https:\/\/i0.wp.com\/wobronietradycjiiwiary.com\/wp-content\/uploads\/2018\/08\/bernard-z-clairvaux.jpg?resize=700%2C400&ssl=1 2x"},"classes":[]},{"id":19627,"url":"https:\/\/wobronietradycjiiwiary.com\/en\/sw-bernard-z-clairvaux-o-stopniach-pychy-14-z-19\/","url_meta":{"origin":19612,"position":2},"title":"\u015aw. Bernard z Clairvaux &#8211; O stopniach pychy (14 z 19)","author":"Traditio et Fides","date":"29 March 2019","format":false,"excerpt":"Dziesi\u0105ty stopie\u0144 pychy: bunt 48. Taki cz\u0142owiek, je\u015bli nie wejrzy na\u0144 mi\u0142osierdzie Bo\u017ce (kt\u00f3rego podobni nie dost\u0119puj\u0105 \u0142atwo) i w milczeniu nie podda si\u0119 s\u0105dowi innych, wnet stanie si\u0119 nies\u0142ychanie zuchwa\u0142y, bezczelny, a co gorsza \u2014 pe\u0142en rozpaczliwego buntu spada na dziesi\u0105ty stopie\u0144 pychy. I jak przedtem z wewn\u0119trzn\u0105 zarozumia\u0142o\u015bci\u0105\u2026","rel":"","context":"In &quot;O stopniach pokory o pychy&quot;","block_context":{"text":"O stopniach pokory o pychy","link":"https:\/\/wobronietradycjiiwiary.com\/en\/category\/duchowosc\/autorzy\/sw-bernard-z-clairvaux\/o-stopniach-pokory\/"},"img":{"alt_text":"","src":"https:\/\/i0.wp.com\/wobronietradycjiiwiary.com\/wp-content\/uploads\/2018\/08\/bernard-z-clairvaux.jpg?resize=350%2C200&ssl=1","width":350,"height":200,"srcset":"https:\/\/i0.wp.com\/wobronietradycjiiwiary.com\/wp-content\/uploads\/2018\/08\/bernard-z-clairvaux.jpg?resize=350%2C200&ssl=1 1x, https:\/\/i0.wp.com\/wobronietradycjiiwiary.com\/wp-content\/uploads\/2018\/08\/bernard-z-clairvaux.jpg?resize=525%2C300&ssl=1 1.5x, https:\/\/i0.wp.com\/wobronietradycjiiwiary.com\/wp-content\/uploads\/2018\/08\/bernard-z-clairvaux.jpg?resize=700%2C400&ssl=1 2x"},"classes":[]},{"id":19622,"url":"https:\/\/wobronietradycjiiwiary.com\/en\/sw-bernard-z-clairvaux-o-stopniach-pychy-11-z-19\/","url_meta":{"origin":19612,"position":3},"title":"\u015aw. Bernard z Clairvaux &#8211; O stopniach pychy (11 z 19)","author":"Traditio et Fides","date":"19 March 2019","format":false,"excerpt":"Si\u00f3dmy stopie\u0144 pychy: zuchwa\u0142o\u015b\u0107 44. Jak\u017ce cz\u0142owiek przekonany o swej wy\u017cszo\u015bci mo\u017ce bar- dziej ceni\u0107 innych ni\u017c siebie? Na zebraniach zajmuje pierwsze miejsce, w naradach pierwszy zabiera g\u0142os. Zjawia si\u0119 nieproszony, wtr\u0105ca si\u0119 bez przyczyny, poprawia porz\u0105dek, kwestionuje decyzje. Czego sam nie przeprowadzi\u0142 i nie uporz\u0105dkowa\u0142, nie uwa\u017ca za s\u0142uszne\u2026","rel":"","context":"In &quot;O stopniach pokory o pychy&quot;","block_context":{"text":"O stopniach pokory o pychy","link":"https:\/\/wobronietradycjiiwiary.com\/en\/category\/duchowosc\/autorzy\/sw-bernard-z-clairvaux\/o-stopniach-pokory\/"},"img":{"alt_text":"","src":"https:\/\/i0.wp.com\/wobronietradycjiiwiary.com\/wp-content\/uploads\/2018\/08\/bernard-z-clairvaux.jpg?resize=350%2C200&ssl=1","width":350,"height":200,"srcset":"https:\/\/i0.wp.com\/wobronietradycjiiwiary.com\/wp-content\/uploads\/2018\/08\/bernard-z-clairvaux.jpg?resize=350%2C200&ssl=1 1x, https:\/\/i0.wp.com\/wobronietradycjiiwiary.com\/wp-content\/uploads\/2018\/08\/bernard-z-clairvaux.jpg?resize=525%2C300&ssl=1 1.5x, https:\/\/i0.wp.com\/wobronietradycjiiwiary.com\/wp-content\/uploads\/2018\/08\/bernard-z-clairvaux.jpg?resize=700%2C400&ssl=1 2x"},"classes":[]},{"id":19629,"url":"https:\/\/wobronietradycjiiwiary.com\/en\/sw-bernard-z-clairvaux-o-stopniach-pychy-15-z-19\/","url_meta":{"origin":19612,"position":4},"title":"\u015aw. Bernard z Clairvaux &#8211; O stopniach pychy (15 z 19)","author":"Traditio et Fides","date":"2 April 2019","format":false,"excerpt":"Jedenasty stopie\u0144 pychy: swoboda grzeszenia 50. Po dziesi\u0105tym stopniu pychy, kt\u00f3ry nazwali\u015bmy buntem, zakonnik, kt\u00f3ry zosta\u0142 usuni\u0119ty ze wsp\u00f3lnoty albo sam j\u0105 opu\u015bci\u0142, natychmiast spada na stopie\u0144 jedenasty. Wtedy to wchodzi na drogi, kt\u00f3re ludziom wydaj\u0105 si\u0119 dobre, ale kt\u00f3re, je\u015bli B\u00f3g nie postawi na nich tamy, doprowadz\u0105 go do\u2026","rel":"","context":"In &quot;O stopniach pokory o pychy&quot;","block_context":{"text":"O stopniach pokory o pychy","link":"https:\/\/wobronietradycjiiwiary.com\/en\/category\/duchowosc\/autorzy\/sw-bernard-z-clairvaux\/o-stopniach-pokory\/"},"img":{"alt_text":"","src":"https:\/\/i0.wp.com\/wobronietradycjiiwiary.com\/wp-content\/uploads\/2018\/08\/bernard-z-clairvaux.jpg?resize=350%2C200&ssl=1","width":350,"height":200,"srcset":"https:\/\/i0.wp.com\/wobronietradycjiiwiary.com\/wp-content\/uploads\/2018\/08\/bernard-z-clairvaux.jpg?resize=350%2C200&ssl=1 1x, https:\/\/i0.wp.com\/wobronietradycjiiwiary.com\/wp-content\/uploads\/2018\/08\/bernard-z-clairvaux.jpg?resize=525%2C300&ssl=1 1.5x, https:\/\/i0.wp.com\/wobronietradycjiiwiary.com\/wp-content\/uploads\/2018\/08\/bernard-z-clairvaux.jpg?resize=700%2C400&ssl=1 2x"},"classes":[]},{"id":19621,"url":"https:\/\/wobronietradycjiiwiary.com\/en\/sw-bernard-z-clairvaux-o-stopniach-pychy-10-z-19\/","url_meta":{"origin":19612,"position":5},"title":"\u015aw. Bernard z Clairvaux &#8211; O stopniach pychy (10 z 19)","author":"Traditio et Fides","date":"15 March 2019","format":false,"excerpt":"Sz\u00f3sty stopie\u0144 pychy: zarozumia\u0142o\u015b\u0107 43. Wierzy w to, co s\u0142yszy, chwali, co sam czyni, nie zwa\u017ca na to, do czego zmierza. Nie my\u015bli o intencji dzia\u0142ania, uzale\u017cnia si\u0119 od ludzkiej opinii. I ten sam, kt\u00f3ry we wszystkim bardziej dowierza sobie ni\u017c komukolwiek \u2014 gdy chodzi o sprawy osobiste, wi\u0119cej wierzy\u2026","rel":"","context":"In &quot;O stopniach pokory o pychy&quot;","block_context":{"text":"O stopniach pokory o pychy","link":"https:\/\/wobronietradycjiiwiary.com\/en\/category\/duchowosc\/autorzy\/sw-bernard-z-clairvaux\/o-stopniach-pokory\/"},"img":{"alt_text":"","src":"https:\/\/i0.wp.com\/wobronietradycjiiwiary.com\/wp-content\/uploads\/2018\/08\/bernard-z-clairvaux.jpg?resize=350%2C200&ssl=1","width":350,"height":200,"srcset":"https:\/\/i0.wp.com\/wobronietradycjiiwiary.com\/wp-content\/uploads\/2018\/08\/bernard-z-clairvaux.jpg?resize=350%2C200&ssl=1 1x, https:\/\/i0.wp.com\/wobronietradycjiiwiary.com\/wp-content\/uploads\/2018\/08\/bernard-z-clairvaux.jpg?resize=525%2C300&ssl=1 1.5x, https:\/\/i0.wp.com\/wobronietradycjiiwiary.com\/wp-content\/uploads\/2018\/08\/bernard-z-clairvaux.jpg?resize=700%2C400&ssl=1 2x"},"classes":[]}],"amp_enabled":true,"jetpack_featured_media_url":"https:\/\/wobronietradycjiiwiary.com\/wp-content\/uploads\/2018\/08\/bernard-z-clairvaux.jpg","_links":{"self":[{"href":"https:\/\/wobronietradycjiiwiary.com\/en\/wp-json\/wp\/v2\/posts\/19612","targetHints":{"allow":["GET"]}}],"collection":[{"href":"https:\/\/wobronietradycjiiwiary.com\/en\/wp-json\/wp\/v2\/posts"}],"about":[{"href":"https:\/\/wobronietradycjiiwiary.com\/en\/wp-json\/wp\/v2\/types\/post"}],"author":[{"embeddable":true,"href":"https:\/\/wobronietradycjiiwiary.com\/en\/wp-json\/wp\/v2\/users\/60508433"}],"replies":[{"embeddable":true,"href":"https:\/\/wobronietradycjiiwiary.com\/en\/wp-json\/wp\/v2\/comments?post=19612"}],"version-history":[{"count":0,"href":"https:\/\/wobronietradycjiiwiary.com\/en\/wp-json\/wp\/v2\/posts\/19612\/revisions"}],"wp:featuredmedia":[{"embeddable":true,"href":"https:\/\/wobronietradycjiiwiary.com\/en\/wp-json\/wp\/v2\/media\/18239"}],"wp:attachment":[{"href":"https:\/\/wobronietradycjiiwiary.com\/en\/wp-json\/wp\/v2\/media?parent=19612"}],"wp:term":[{"taxonomy":"category","embeddable":true,"href":"https:\/\/wobronietradycjiiwiary.com\/en\/wp-json\/wp\/v2\/categories?post=19612"},{"taxonomy":"post_tag","embeddable":true,"href":"https:\/\/wobronietradycjiiwiary.com\/en\/wp-json\/wp\/v2\/tags?post=19612"}],"curies":[{"name":"wp","href":"https:\/\/api.w.org\/{rel}","templated":true}]}}